{"id":16605,"date":"2022-02-08T16:01:05","date_gmt":"2022-02-08T16:01:05","guid":{"rendered":"https:\/\/www.humanium.org\/es\/?p=16605"},"modified":"2025-12-13T21:47:39","modified_gmt":"2025-12-13T21:47:39","slug":"el-destino-de-los-ninos-inmigrantes-en-la-frontera-entre-bielorrusia-y-polonia","status":"publish","type":"post","link":"https:\/\/www.humanium.org\/es\/el-destino-de-los-ninos-inmigrantes-en-la-frontera-entre-bielorrusia-y-polonia\/","title":{"rendered":"El destino de los ni\u00f1os inmigrantes en la frontera entre Bielorrusia y Polonia"},"content":{"rendered":"\n<p><strong>En agosto de 2021, Bielorrusia organiz\u00f3 el trasladode miles de migrantes a las fronteras de la Uni\u00f3n Europea, provocando una crisis migratoria de una escala sin precedentes. Cientos de <\/strong><a href=\"https:\/\/www.humanium.org\/es\/enfoques-tematicos\/aislamiento-desarraigo\/ninos-desplazados\/\"><strong>ni\u00f1os inmigrantes<\/strong><\/a><strong> se encontraron varados en la frontera polaca, en circunstancias deplorables, enfrent\u00e1ndosea condiciones clim\u00e1ticas extremas.&nbsp;<\/strong><\/p>\n\n\n\n<h2 class=\"wp-block-heading\"><strong>Los or\u00edgenes de la crisis: un \u201cataque migratorio\u201d sin precedentes<\/strong><\/h2>\n\n\n\n<h3 class=\"wp-block-heading\"><strong>La respuesta bielorrusa a las sanciones europeas<\/strong><\/h3>\n\n\n\n<p>Mucho antes de convertirse enuna crisis migratoria, la crisis que enfrenta a Bielorrusia con Europa tiene todos los elementos de una crisis diplom\u00e1tica. De hecho, las tensiones entre <a href=\"https:\/\/www.humanium.org\/es\/bielorrusia\/\">Bielorrusia<\/a> y la Uni\u00f3n Europea no son recientes y se remontan a la reelecci\u00f3n del presidente bielorruso Alexander Lukashenko en agosto de 2020. Al considerar que las elecciones se vieron empa\u00f1adas por irregularidades, la Uni\u00f3n Europea se neg\u00f3 a reconocer la legitimidad del presidente y conden\u00f3 estas elecciones \u00abni libres ni justas\u00bb, con resultados falsificados (Consejo de la Uni\u00f3n Europea, 2020).<\/p>\n\n\n\n<p>En octubre de 2020, tras una violenta represi\u00f3n contramanifestantes pac\u00edficos, miembros de la oposici\u00f3n y periodistas en <a href=\"https:\/\/www.humanium.org\/es\/bielorrusia\/\">Bielorrusia<\/a>, la Uni\u00f3n Europea impuso sanciones a unas 40 personas. Estas medidas se basaban en la prohibici\u00f3n de entrada al territorio de la Uni\u00f3n Europea y la congelaci\u00f3n de activos. Alexander Lukashenko y su hijo, Viktor Lukashenko, han sido sometidos a estas restricciones (Consejo de la Uni\u00f3n Europea, 2020).<\/p>\n\n\n\n<p>En mayo de 2021, <a href=\"https:\/\/www.humanium.org\/es\/bielorrusia\/\">Bielorrusia<\/a> oblig\u00f3 a un avi\u00f3n de pasajeros de Ryanair a aterrizar en Minsk con un periodista y un activista de la oposici\u00f3n a bordo. Este acto fue fuertemente sancionado por la Uni\u00f3n Europea, que prohibi\u00f3 sobrevolar del espacio a\u00e9reo europeo y el acceso a sus aeropuertos a los transportistas bielorrusos (Consejo de la Uni\u00f3n Europea, 2021).<\/p>\n\n\n\n<h3 class=\"wp-block-heading\"><strong>La instrumentalizaci\u00f3n de los migrantes con fines pol\u00edticos<\/strong><\/h3>\n\n\n\n<p>Es en medio de este contexto de tensiones diplom\u00e1ticas que Bielorrusia comenz\u00f3, en junio de 2021, a organizar vuelos y viajes internos destinados a facilitar la entrada de <a href=\"https:\/\/www.humanium.org\/es\/enfoques-tematicos\/aislamiento-desarraigo\/ninos-desplazados\/\">migrantes<\/a> en la Uni\u00f3n Europea (Consejo de la Uni\u00f3n Europea, 2021). En estrecha colaboraci\u00f3n con algunas aerol\u00edneas, Bielorrusia ha transportado a miles de migrantes a <a href=\"https:\/\/www.humanium.org\/es\/lituania\/\">Lituania<\/a>, <a href=\"https:\/\/www.humanium.org\/es\/ninos-de-letonia\/\">Letonia<\/a> y <a href=\"https:\/\/www.humanium.org\/es\/polonia\/\">Polonia<\/a> (Laure Stephan, 2021). Un aut\u00e9ntico \u201c<a href=\"https:\/\/www.humanium.org\/es\/enfoques-tematicos\/explotacion\/trata-ninos\/\">tr\u00e1fico de personas<\/a>\u201d en palabras del secretario de Estado de Asuntos Europeos, Cl\u00e9ment BEAUNE, quien deplor\u00f3 el \u201cataque migratorio\u201d previsto por el r\u00e9gimen bielorruso (BFMTV, 2021).<\/p>\n\n\n\n<p>La llegada de miles de migrantes a <a href=\"https:\/\/www.humanium.org\/es\/bielorrusia\/\">Bielorrusia<\/a> tambi\u00e9n es el resultado del arduo trabajo de las redes de contrabandistas bielorrusos. Por unos pocos miles de d\u00f3lares, los contrabandistas prometen a los solicitantes una visa y una nueva vida en Europa. Varias agencias de viajes participan en este tr\u00e1fico y proporcionan billetes en aviones tur\u00edsticos a Bielorrusia. Sin embargo, el resultado rara vez es el esperado y para la mayor\u00eda de las <a href=\"https:\/\/www.humanium.org\/es\/familia-derecho-nino\/\">familias<\/a> el coste de un viaje de este tipo ha requerido que vendan de su casa y sus pertenencias, imposibilitando cualquier vuelta atr\u00e1s. (Czarnecki, 2021)<\/p>\n\n\n\n<p>A su llegada al aeropuerto de Minsk, los inmigrantes creen que finalmente est\u00e1n acariciandoel sue\u00f1o europeo. Pero, r\u00e1pidamente, la realidad se vuelve bastante diferente. Despu\u00e9s de pasar una o dos noches en un hotel de la capital bielorrusa, las familias son empujadas, a veces con violencia, por las autoridades bielorrusas hacia la frontera polaca (C dans l&#8217;air, 2021). Pero a ambos lados de la frontera, las autoridades son intransigentes: ni <a href=\"https:\/\/www.humanium.org\/es\/polonia\/\">Polonia<\/a> ni <a href=\"https:\/\/www.humanium.org\/es\/bielorrusia\/\">Bielorrusia<\/a> quieren darles la bienvenida.<\/p>\n\n\n\n<h2 class=\"wp-block-heading\"><strong>En el centro de la crisis: la dif\u00edcil situaci\u00f3n de los ni\u00f1os migrantes y sus familias<\/strong><\/h2>\n\n\n\n<h3 class=\"wp-block-heading\"><strong>Condiciones de (super)vivencia desastrosas<\/strong><\/h3>\n\n\n\n<p>Si los m\u00e1s afortunados pudieron encontrar refugio en un hangar reconvertido en centro de acogida en el que se hacinan cerca de mil <a href=\"https:\/\/www.humanium.org\/es\/enfoques-tematicos\/aislamiento-desarraigo\/ninos-desplazados\/\">inmigrantes<\/a>, la mayor\u00eda vive en condiciones desastrosas en el bosque que bordea la frontera con Bielorrusia. Es en el coraz\u00f3n de este bosque donde miles de <a href=\"https:\/\/www.humanium.org\/es\/familia-derecho-nino\/\">familias<\/a>, mujeres y ni\u00f1os, algunos muy j\u00f3venes, aguardan con la esperanza de cruzar la frontera europea. Durante varias semanas, cientos de ni\u00f1os viven sin techo, en temperaturas bajo cero, cercanas a los -10 grados, sin o con acceso limitado a agua potable y alimentos (ONU, 2021).<\/p>\n\n\n\n<figure class=\"wp-block-image size-large\"><img loading=\"lazy\" decoding=\"async\" width=\"1024\" height=\"683\" src=\"https:\/\/www.humanium.org\/es\/wp-content\/uploads\/2022\/02\/shutterstock_2085122605-1024x683.jpg\" alt=\"\" class=\"wp-image-16606\" srcset=\"https:\/\/www.humanium.org\/es\/wp-content\/uploads\/2022\/02\/shutterstock_2085122605-1024x683.jpg 1024w, https:\/\/www.humanium.org\/es\/wp-content\/uploads\/2022\/02\/shutterstock_2085122605-300x200.jpg 300w, https:\/\/www.humanium.org\/es\/wp-content\/uploads\/2022\/02\/shutterstock_2085122605-768x512.jpg 768w, https:\/\/www.humanium.org\/es\/wp-content\/uploads\/2022\/02\/shutterstock_2085122605-1536x1024.jpg 1536w, https:\/\/www.humanium.org\/es\/wp-content\/uploads\/2022\/02\/shutterstock_2085122605-2048x1365.jpg 2048w, https:\/\/www.humanium.org\/es\/wp-content\/uploads\/2022\/02\/shutterstock_2085122605-830x553.jpg 830w, https:\/\/www.humanium.org\/es\/wp-content\/uploads\/2022\/02\/shutterstock_2085122605-230x153.jpg 230w, https:\/\/www.humanium.org\/es\/wp-content\/uploads\/2022\/02\/shutterstock_2085122605-350x233.jpg 350w, https:\/\/www.humanium.org\/es\/wp-content\/uploads\/2022\/02\/shutterstock_2085122605-480x320.jpg 480w, https:\/\/www.humanium.org\/es\/wp-content\/uploads\/2022\/02\/shutterstock_2085122605-272x182.jpg 272w\" sizes=\"auto, (max-width: 1024px) 100vw, 1024px\" \/><\/figure>\n\n\n\n<p>A las puertas de la Uni\u00f3n Europea, tambi\u00e9n hay familias con <a href=\"https:\/\/www.humanium.org\/es\/enfoques-tematicos\/discriminacion\/ninos-discapacitados\/\">ni\u00f1os discapacitados<\/a> que esperan tener acceso a la calidad de los cuidadosque se ofrece en Europa. De hecho, se han registrado varios casos de ni\u00f1os discapacitados presentes en el bosque. Entre ellos, Azhi, de 4 a\u00f1os, que vino de <a href=\"https:\/\/www.humanium.org\/es\/irak\/\">Irak<\/a> con su madre con la esperanza de someterse a una operaci\u00f3nde espalda (Qiblawi, 2021). Sin embargo, a pesar de su inminente necesidad de atenci\u00f3n m\u00e9dica, varios de ellos fueron rechazados por los guardias fronterizos polacos. Este fue en concretoel caso de una familia <a href=\"https:\/\/www.humanium.org\/es\/siria\/\">siria<\/a>, uno de cuyos hijos, de 7 a\u00f1os, sufre de par\u00e1lisis cerebral, que fue rechazada tres veces en la frontera polaca (Cincurova, 2021).<\/p>\n\n\n\n<p>Desde el comienzo de la crisis, m\u00e1s de una veintena de <a href=\"https:\/\/www.humanium.org\/es\/enfoques-tematicos\/aislamiento-desarraigo\/ninos-desplazados\/\">inmigrantes<\/a> han muerto en el bosque que bordea la frontera con Bielorrusia (M\u00e9decins sans fronti\u00e8res, 2021). Entre las v\u00edctimas, un beb\u00e9 de un a\u00f1o y un <a href=\"https:\/\/www.humanium.org\/es\/definicion\/#:~:text=Los%20derechos%20del%20ni%C3%B1o%20son%20derechos%20humanos%2C%20es,constituidos%20por%20garant%C3%ADas%20fundamentales%20y%20derechos%20humanos%20esenciales.\">ni\u00f1o<\/a> de catorce a\u00f1os fueron encontrados muertos el pasado noviembre (Info Migrantes, 2021). Sin embargo, al haberse bloqueado el acceso a la zona a organizaciones internacionales y humanitarias, es dif\u00edcil evaluar el n\u00famero exacto de v\u00edctimas. Sin embargo, la hipotermia parece ser la principal causa de fallecimiento. Este hallazgo es preocupante dado el persistente descenso de las temperaturas en esta \u00e9poca del a\u00f1o en esta regi\u00f3n.<\/p>\n\n\n\n<h3 class=\"wp-block-heading\"><strong>Aambos lados de la frontera: violencia, arrestos y detenciones<\/strong><\/h3>\n\n\n\n<p>En flagrante violaci\u00f3n del principio de no devoluci\u00f3n establecido por el derecho internacional que proh\u00edbe a cualquier Estado devolver a un refugiado a un pa\u00eds donde su vida o su libertad estar\u00edan amenazadas, <a href=\"https:\/\/www.humanium.org\/es\/bielorrusia\/\">Bielorrusia<\/a> y <a href=\"https:\/\/www.humanium.org\/es\/polonia\/\">Polonia<\/a> devuelven sistem\u00e1ticamente a migrantes a ambos lados de la frontera, sin ning\u00fan examen previo de sus solicitudes de asilo. Atrapadas en un vicio en este interminable y violento \u201cjuego de ping-pong\u201d, las familias tambi\u00e9n se enfrentan a abusos por parte de las autoridades: violencia f\u00edsica, privaci\u00f3n de agua y alimentos. Los <a href=\"https:\/\/www.humanium.org\/es\/definicion\/#:~:text=Los%20derechos%20del%20ni%C3%B1o%20son%20derechos%20humanos%2C%20es,constituidos%20por%20garant%C3%ADas%20fundamentales%20y%20derechos%20humanos%20esenciales.\">ni\u00f1os<\/a> tambi\u00e9n suelen ser separados de uno de sus padres o hermanos (Human Rights Watch, 2021).<\/p>\n\n\n\n<p>Atrapados en este juego de ida y vuelta entre Bielorrusia y Polonia, los <a href=\"https:\/\/www.humanium.org\/es\/enfoques-tematicos\/aislamiento-desarraigo\/ninos-desplazados\/\">ni\u00f1os inmigrantes<\/a> a menudo son maltratados y no reciben un trato especial. En la parte polaca, cuando no son devueltos directamente a Bielorrusia, los servicios de inmigraci\u00f3n detienen sistem\u00e1ticamente a los ni\u00f1os y a sus <a href=\"https:\/\/www.humanium.org\/es\/familia-derecho-nino\/\">familias<\/a>. Estas acciones fueron denunciadaspor la ONU, que record\u00f3 que \u201c<em>la detenci\u00f3n debe ser una medida excepcional de \u00faltimo recurso y solo debe utilizarse durante un per\u00edodo limitado, si es que se utiliza<\/em>\u201d (ONU, 2021).<\/p>\n\n\n\n<p>Del lado bielorruso, las <a href=\"https:\/\/www.humanium.org\/es\/familia-derecho-nino\/\">familias <\/a>se ven sometidas a la constante ansiedad de ser devueltas a su pa\u00eds de origen. A la fecha, varios miles de migrantes ya han sido repatriados a sus pa\u00edses. Condiciones de vida que corren el riesgo de tener graves repercusiones en la salud f\u00edsica y mental de los ni\u00f1os cuyo trauma es inevitable.<\/p>\n\n\n\n<h2 class=\"wp-block-heading\"><strong>\u00bfCu\u00e1l es el resultado posible para los derechos del ni\u00f1o?<\/strong><\/h2>\n\n\n\n<p>Desde el incumplimiento del derecho de asilo hasta la violaci\u00f3n de los derechos humanos, la crisis migratoria orquestada por Bielorrusia est\u00e1 privando a cientos de <a href=\"https:\/\/www.humanium.org\/es\/definicion\/#:~:text=Los%20derechos%20del%20ni%C3%B1o%20son%20derechos%20humanos%2C%20es,constituidos%20por%20garant%C3%ADas%20fundamentales%20y%20derechos%20humanos%20esenciales.\">ni\u00f1os<\/a> de sus derechos m\u00e1s fundamentales. El derecho a tener un refugio y a vivir en condiciones dignas, <a href=\"https:\/\/www.humanium.org\/es\/derecho-alimentacion\/\">el derecho a una alimentaci\u00f3n<\/a> suficiente y equilibrada, el derecho a ser protegido de la violencia, el derecho al <a href=\"https:\/\/www.humanium.org\/es\/derecho-salud\/\">cuidado<\/a> y la <a href=\"https:\/\/www.humanium.org\/es\/derecho-educacion\/\">educaci\u00f3n<\/a> son todos derechos protegidos por la <a href=\"https:\/\/www.humanium.org\/es\/convencion\/\">Convenci\u00f3n Internacional sobre los Derechos del Ni\u00f1o<\/a>. Sin embargo, varios meses despu\u00e9s de que empezarala crisis, cientos de ni\u00f1os siguen varados a las puertas de la Uni\u00f3n Europea, donde sus derechos son ignorados y violados descaradamente.<\/p>\n\n\n\n<figure class=\"wp-block-image size-large\"><img loading=\"lazy\" decoding=\"async\" width=\"1024\" height=\"683\" src=\"https:\/\/www.humanium.org\/es\/wp-content\/uploads\/2022\/02\/shutterstock_2085122596-1024x683.jpg\" alt=\"\" class=\"wp-image-16607\" srcset=\"https:\/\/www.humanium.org\/es\/wp-content\/uploads\/2022\/02\/shutterstock_2085122596-1024x683.jpg 1024w, https:\/\/www.humanium.org\/es\/wp-content\/uploads\/2022\/02\/shutterstock_2085122596-300x200.jpg 300w, https:\/\/www.humanium.org\/es\/wp-content\/uploads\/2022\/02\/shutterstock_2085122596-768x512.jpg 768w, https:\/\/www.humanium.org\/es\/wp-content\/uploads\/2022\/02\/shutterstock_2085122596-1536x1024.jpg 1536w, https:\/\/www.humanium.org\/es\/wp-content\/uploads\/2022\/02\/shutterstock_2085122596-2048x1365.jpg 2048w, https:\/\/www.humanium.org\/es\/wp-content\/uploads\/2022\/02\/shutterstock_2085122596-830x553.jpg 830w, https:\/\/www.humanium.org\/es\/wp-content\/uploads\/2022\/02\/shutterstock_2085122596-230x153.jpg 230w, https:\/\/www.humanium.org\/es\/wp-content\/uploads\/2022\/02\/shutterstock_2085122596-350x233.jpg 350w, https:\/\/www.humanium.org\/es\/wp-content\/uploads\/2022\/02\/shutterstock_2085122596-480x320.jpg 480w, https:\/\/www.humanium.org\/es\/wp-content\/uploads\/2022\/02\/shutterstock_2085122596-272x182.jpg 272w\" sizes=\"auto, (max-width: 1024px) 100vw, 1024px\" \/><\/figure>\n\n\n\n<p><a href=\"https:\/\/www.humanium.org\/es\/presentacion-humanium\/\">Humanium<\/a>, como organizaci\u00f3n, condena el trato injusto de los ni\u00f1os migrantes y trabaja d\u00eda a d\u00eda por la creaci\u00f3n de un mundo en el que se respeten y protejan los derechos de todos los ni\u00f1os. Te ofrecemos la oportunidad de contribuir a la promoci\u00f3n de los derechos de los ni\u00f1os en todo el mundo <a href=\"https:\/\/www.humanium.org\/es\/apadrinar-a-un-nino\/\">apadrinando a un ni\u00f1o<\/a>, <a href=\"https:\/\/www.humanium.org\/es\/donacion\/\">haciendo una donaci\u00f3n<\/a>, haci\u00e9ndote voluntario o haci\u00e9ndote miembro.<\/p>\n\n\n\n<p><strong><em>Escrito por Manon Lanselle<\/em><\/strong><\/p>\n\n\n\n<p><strong><em>Revisado internamente por Aditi Partha<\/em><\/strong><\/p>\n\n\n\n<p><strong><em>Traducido por Khalid Aada<\/em><\/strong><\/p>\n\n\n\n<p><strong><em>Revisado por Nieves Carazo<\/em><\/strong><\/p>\n\n\n\n<h4 class=\"wp-block-heading\"><strong>Bibliograf\u00eda:<\/strong><\/h4>\n\n\n\n<p class=\"has-small-font-size\"><a href=\"https:\/\/www.bfmtv.com\/politique\/gouvernement\/clement-beaune-sur-le-conflit-entre-la-bielorussie-et-la-pologne-ce-n-est-pas-une-crise-migratoire-c-est-une-attaque-migratoire_VN-202111110073.html\" target=\"_blank\" rel=\"noreferrer noopener\">BFM TV. (2021, Novembre 11). <em>Cl\u00e9ment Beaune sur le conflit entre la Bi\u00e9lorussie et la Pologne: \u00abCe n&#8217;est pas une crise migratoire, c&#8217;est une attaque migratoire\u00bb<\/em>. R\u00e9cup\u00e9r\u00e9 sur BFM TV: https:\/\/www.bfmtv.com\/politique\/gouvernement\/clement-beaune-sur-le-conflit-entre-la-bielorussie-et-la-pologne-ce-n-est-pas-une-crise-migratoire-c-est-une-attaque-migratoire_VN-202111110073.html, acc\u00e9d\u00e9 le 05\/01\/2022.<\/a><\/p>\n\n\n\n<p class=\"has-small-font-size\">C dans l&#8217;air. (2021, Novembre 11). <em>C dans l&#8217;air<\/em>. R\u00e9cup\u00e9r\u00e9 sur BI\u00c9LORUSSIE : \u00abL\u2019ATTAQUE MIGRATOIRE\u00bb CONTRE L\u2019EUROPE \u2013 11\/11\/21: https:\/\/podcasts-francais.fr\/podcast\/c-dans-l-air\/bielorussie-l-attaque-migratoire-contre-l-europe-1, acc\u00e9d\u00e9 le 05\/01\/2022.<\/p>\n\n\n\n<p class=\"has-small-font-size\"><a href=\"https:\/\/www.aljazeera.com\/news\/2021\/11\/11\/we-are-dying-here-despair-on-the-belarus-poland-border\" target=\"_blank\" rel=\"noreferrer noopener\">Cincurova, S. (2021, Novembre 11). <em>Fears grow for child refugees stranded on Belarus-Poland border<\/em>. R\u00e9cup\u00e9r\u00e9 sur Aljazeera: https:\/\/www.aljazeera.com\/news\/2021\/11\/11\/we-are-dying-here-despair-on-the-belarus-poland-border, acc\u00e9d\u00e9 le 05\/01\/2022.<\/a><\/p>\n\n\n\n<p class=\"has-small-font-size\"><a href=\"https:\/\/www.consilium.europa.eu\/fr\/press\/press-releases\/2020\/08\/11\/belarus-declaration-by-the-high-representative-on-behalf-of-the-european-union-on-the-presidential-elections\/\" target=\"_blank\" rel=\"noreferrer noopener\">Conseil de l&#8217;Union europ\u00e9enne. (2020, Ao\u00fbt 11). <em>Bi\u00e9lorussie: d\u00e9claration du haut repr\u00e9sentant, au nom de l&#8217;Union europ\u00e9enne, sur l&#8217;\u00e9lection pr\u00e9sidentielle.<\/em> R\u00e9cup\u00e9r\u00e9 sur Conseil de l&#8217;Union europ\u00e9enne: https:\/\/www.consilium.europa.eu\/fr\/press\/press-releases\/2020\/08\/11\/belarus-declaration-by-the-high-representative-on-behalf-of-the-european-union-on-the-presidential-elections\/, acc\u00e9d\u00e9 le 05\/01\/2022.<\/a><\/p>\n\n\n\n<p class=\"has-small-font-size\"><a href=\"https:\/\/www.consilium.europa.eu\/fr\/press\/press-releases\/2020\/10\/02\/belarus-eu-imposes-sanctions-for-repression-and-election-falsification\/\" target=\"_blank\" rel=\"noreferrer noopener\">Conseil de l&#8217;Union europ\u00e9enne. (2020, Octobre 2). <em>Bi\u00e9lorussie: l&#8217;UE institue des sanctions pour r\u00e9pression et falsification des r\u00e9sultats \u00e9lectoraux.<\/em> R\u00e9cup\u00e9r\u00e9 sur Conseil de l&#8217;Union Europ\u00e9enne: https:\/\/www.consilium.europa.eu\/fr\/press\/press-releases\/2020\/10\/02\/belarus-eu-imposes-sanctions-for-repression-and-election-falsification\/, acc\u00e9d\u00e9 le 05\/01\/2022.<\/a><\/p>\n\n\n\n<p class=\"has-small-font-size\"><a href=\"https:\/\/www.consilium.europa.eu\/fr\/press\/press-releases\/2021\/11\/09\/belarus-council-suspends-visa-facilitation-provisions-for-officials-of-the-belarus-regime\/\" target=\"_blank\" rel=\"noreferrer noopener\">Conseil de l&#8217;Union europ\u00e9enne. (2021, Novembre 9). <em>Bi\u00e9lorussie: le Conseil suspend des dispositions visant \u00e0 faciliter la d\u00e9livrance de visas pour ce qui est des fonctionnaires du r\u00e9gime bi\u00e9lorusse<\/em>. R\u00e9cup\u00e9r\u00e9 sur Conseil de l&#8217;Union europ\u00e9enne: https:\/\/www.consilium.europa.eu\/fr\/press\/press-releases\/2021\/11\/09\/belarus-council-suspends-visa-facilitation-provisions-for-officials-of-the-belarus-regime\/, acc\u00e9d\u00e9 le 05\/01\/2022.<\/a><\/p>\n\n\n\n<p class=\"has-small-font-size\"><a href=\"https:\/\/www.consilium.europa.eu\/fr\/press\/press-releases\/2021\/06\/04\/eu-bans-belarusian-carriers-from-its-airspace-and-airports\/\" target=\"_blank\" rel=\"noreferrer noopener\">Conseil de l&#8217;Union europ\u00e9enne. (2021, Juin 4). <em>L&#8217;UE interdit aux transporteurs bi\u00e9lorusses l&#8217;acc\u00e8s \u00e0 son espace a\u00e9rien et \u00e0 ses a\u00e9roports.<\/em> R\u00e9cup\u00e9r\u00e9 sur Conseil de l&#8217;Union Europ\u00e9enne: https:\/\/www.consilium.europa.eu\/fr\/press\/press-releases\/2021\/06\/04\/eu-bans-belarusian-carriers-from-its-airspace-and-airports\/, acc\u00e9d\u00e9 le 05\/01\/2022.<\/a><\/p>\n\n\n\n<p class=\"has-small-font-size\"><a href=\"https:\/\/www.courrierinternational.com\/article\/reportage-comment-la-bielorussie-organise-les-voyages-de-migrants-depuis-lirak\" target=\"_blank\" rel=\"noreferrer noopener\">Czarnecki, M. (2021, Novembre 12). <em>Reportage.Comment la Bi\u00e9lorussie organise les voyages de migrants depuis l\u2019Irak<\/em>. R\u00e9cup\u00e9r\u00e9 sur Courrier International: https:\/\/www.courrierinternational.com\/article\/reportage-comment-la-bielorussie-organise-les-voyages-de-migrants-depuis-lirak, acc\u00e9d\u00e9 le 05\/01\/2022.<\/a><\/p>\n\n\n\n<p class=\"has-small-font-size\"><a href=\"https:\/\/www.hrw.org\/sites\/default\/files\/media_2021\/11\/eca_migrant1121_web_0.pdf\" target=\"_blank\" rel=\"noreferrer noopener\">Human Rights Watch. (2021). <em>\u201cDie Here or Go to Poland\u201d Belarus\u2019 and Poland\u2019s Shared Responsibility for Border Abuses.<\/em> R\u00e9cup\u00e9r\u00e9 sur Human Rights Watch: https:\/\/www.hrw.org\/sites\/default\/files\/media_2021\/11\/eca_migrant1121_web_0.pdf, acc\u00e9d\u00e9 le 05\/01\/2022.<\/a><\/p>\n\n\n\n<p class=\"has-small-font-size\"><a href=\"https:\/\/www.infomigrants.net\/fr\/post\/36601\/un-bebe-dun-an-meurt-a-la-frontiere-polonobielorusse\" target=\"_blank\" rel=\"noreferrer noopener\">Info Migrants. (2021, Novembre 19). <em>Un b\u00e9b\u00e9 d\u2019un an meurt \u00e0 la fronti\u00e8re polono-bi\u00e9lorusse<\/em>. R\u00e9cup\u00e9r\u00e9 sur Info Migrants: https:\/\/www.infomigrants.net\/fr\/post\/36601\/un-bebe-dun-an-meurt-a-la-frontiere-polonobielorusse, acc\u00e9d\u00e9 le 05\/01\/2022.<\/a><\/p>\n\n\n\n<p class=\"has-small-font-size\"><a href=\"https:\/\/www.lemonde.fr\/international\/article\/2021\/11\/10\/comment-la-bielorussie-fait-venir-des-charters-de-migrants-pour-mettre-la-pression-sur-l-union-europeenne_6101625_3210.html\" target=\"_blank\" rel=\"noreferrer noopener\">Laure Stephan, J. I. (2021, Novembre 10). <em>La Bi\u00e9lorussie orchestre l\u2019arriv\u00e9e de migrants par charters pour faire pression sur l\u2019Europe<\/em>. R\u00e9cup\u00e9r\u00e9 sur Le Monde: https:\/\/www.lemonde.fr\/international\/article\/2021\/11\/10\/comment-la-bielorussie-fait-venir-des-charters-de-migrants-pour-mettre-la-pression-sur-l-union-europeenne_6101625_3210.html, acc\u00e9d\u00e9 le 05\/01\/2022.<\/a><\/p>\n\n\n\n<p class=\"has-small-font-size\"><a href=\"https:\/\/www.msf.org\/8-things-know-about-eubelarus-border-crisis\" target=\"_blank\" rel=\"noreferrer noopener\">M\u00e9decins sans fronti\u00e8res. (2021, D\u00e9cembre 31). <em>8 things to know about the EU\/Belarus border crisis<\/em>. R\u00e9cup\u00e9r\u00e9 sur M\u00e9decins sans fronti\u00e8res: https:\/\/www.msf.org\/8-things-know-about-eubelarus-border-crisis, acc\u00e9d\u00e9 le 05\/01\/2022.<\/a><\/p>\n\n\n\n<p class=\"has-small-font-size\"><a href=\"https:\/\/news.un.org\/fr\/story\/2021\/12\/1111112\" target=\"_blank\" rel=\"noreferrer noopener\">ONU. (2021, D\u00e9cembre 21). <em>B\u00e9larus et la Pologne accus\u00e9s de refoulement et de violence brutale \u00e0 l\u2019encontre des r\u00e9fugi\u00e9s en route vers l\u2019Union Europ\u00e9enne<\/em>. R\u00e9cup\u00e9r\u00e9 sur ONU: https:\/\/news.un.org\/fr\/story\/2021\/12\/1111112, acc\u00e9d\u00e9 le 05\/01\/2022.<\/a><\/p>\n\n\n\n<p class=\"has-small-font-size\"><a href=\"https:\/\/edition.cnn.com\/2021\/12\/12\/middleeast\/migration-iraq-syria-middle-east-cmd-intl\/index.html\" target=\"_blank\" rel=\"noreferrer noopener\">Qiblawi, T. (2021, D\u00e9cembre 12). <em>The trip could have killed them. But people fleeing economic wreckage in the Middle East say they&#8217;d do it 100 times over<\/em>. R\u00e9cup\u00e9r\u00e9 sur CNN: https:\/\/edition.cnn.com\/2021\/12\/12\/middleeast\/migration-iraq-syria-middle-east-cmd-intl\/index.html, acc\u00e9d\u00e9 le 05\/01\/2022.<\/a><\/p>\n","protected":false},"excerpt":{"rendered":"<p>En agosto de 2021, Bielorrusia organiz\u00f3 el trasladode miles de migrantes a las fronteras de la Uni\u00f3n Europea, provocando una crisis migratoria de una escala sin precedentes. Cientos de ni\u00f1os inmigrantes se encontraron varados en la frontera polaca, en circunstancias deplorables, enfrent\u00e1ndosea condiciones clim\u00e1ticas extremas.&nbsp; Los or\u00edgenes de la crisis: un \u201cataque migratorio\u201d sin precedentes [&hellip;]<\/p>\n","protected":false},"author":51,"featured_media":16608,"comment_status":"closed","ping_status":"closed","sticky":false,"template":"","format":"standard","meta":{"footnotes":""},"categories":[148,159,161,157,144,145],"tags":[],"class_list":["post-16605","post","type-post","status-publish","format-standard","has-post-thumbnail","hentry","category-derechos-del-nino","category-explotacion","category-migracion","category-pobreza","category-refugiados","category-violencia"],"yoast_head":"<!-- This site is optimized with the Yoast SEO plugin v26.5 - https:\/\/yoast.com\/wordpress\/plugins\/seo\/ -->\n<title>El destino de los ni\u00f1os inmigrantes en la frontera entre Bielorrusia y Polonia - Humanium<\/title>\n<meta name=\"description\" content=\"En una crisis migratoria de proporciones sin precedentes, cientos de ni\u00f1os migrantes quedaron varados en terribles circunstancias.\" \/>\n<meta name=\"robots\" content=\"index, follow, max-snippet:-1, max-image-preview:large, max-video-preview:-1\" \/>\n<link rel=\"canonical\" href=\"https:\/\/www.humanium.org\/es\/el-destino-de-los-ninos-inmigrantes-en-la-frontera-entre-bielorrusia-y-polonia\/\" \/>\n<meta property=\"og:locale\" content=\"es_ES\" \/>\n<meta property=\"og:type\" content=\"article\" \/>\n<meta property=\"og:title\" content=\"El destino de los ni\u00f1os inmigrantes en la frontera entre Bielorrusia y Polonia - Humanium\" \/>\n<meta property=\"og:description\" content=\"En una crisis migratoria de proporciones sin precedentes, cientos de ni\u00f1os migrantes quedaron varados en terribles circunstancias.\" \/>\n<meta property=\"og:url\" content=\"https:\/\/www.humanium.org\/es\/el-destino-de-los-ninos-inmigrantes-en-la-frontera-entre-bielorrusia-y-polonia\/\" \/>\n<meta property=\"og:site_name\" content=\"Humanium\" \/>\n<meta property=\"article:published_time\" content=\"2022-02-08T16:01:05+00:00\" \/>\n<meta property=\"article:modified_time\" content=\"2025-12-13T21:47:39+00:00\" \/>\n<meta property=\"og:image\" content=\"https:\/\/www.humanium.org\/es\/wp-content\/uploads\/2022\/02\/shutterstock_413099851-scaled.jpg\" \/>\n\t<meta property=\"og:image:width\" content=\"2560\" \/>\n\t<meta property=\"og:image:height\" content=\"1707\" \/>\n\t<meta property=\"og:image:type\" content=\"image\/jpeg\" \/>\n<meta name=\"author\" content=\"Manon Lanselle\" \/>\n<meta name=\"twitter:card\" content=\"summary_large_image\" \/>\n<meta name=\"twitter:label1\" content=\"Escrito por\" \/>\n\t<meta name=\"twitter:data1\" content=\"Manon Lanselle\" \/>\n\t<meta name=\"twitter:label2\" content=\"Tiempo de lectura\" \/>\n\t<meta name=\"twitter:data2\" content=\"8 minutos\" \/>\n<script type=\"application\/ld+json\" class=\"yoast-schema-graph\">{\"@context\":\"https:\/\/schema.org\",\"@graph\":[{\"@type\":\"WebPage\",\"@id\":\"https:\/\/www.humanium.org\/es\/el-destino-de-los-ninos-inmigrantes-en-la-frontera-entre-bielorrusia-y-polonia\/\",\"url\":\"https:\/\/www.humanium.org\/es\/el-destino-de-los-ninos-inmigrantes-en-la-frontera-entre-bielorrusia-y-polonia\/\",\"name\":\"El destino de los ni\u00f1os inmigrantes en la frontera entre Bielorrusia y Polonia - Humanium\",\"isPartOf\":{\"@id\":\"https:\/\/www.humanium.org\/es\/#website\"},\"primaryImageOfPage\":{\"@id\":\"https:\/\/www.humanium.org\/es\/el-destino-de-los-ninos-inmigrantes-en-la-frontera-entre-bielorrusia-y-polonia\/#primaryimage\"},\"image\":{\"@id\":\"https:\/\/www.humanium.org\/es\/el-destino-de-los-ninos-inmigrantes-en-la-frontera-entre-bielorrusia-y-polonia\/#primaryimage\"},\"thumbnailUrl\":\"https:\/\/www.humanium.org\/es\/wp-content\/uploads\/2022\/02\/shutterstock_413099851-scaled.jpg\",\"datePublished\":\"2022-02-08T16:01:05+00:00\",\"dateModified\":\"2025-12-13T21:47:39+00:00\",\"author\":{\"@id\":\"https:\/\/www.humanium.org\/es\/#\/schema\/person\/080a37a18a2e139421e1b84cb5ee53b7\"},\"description\":\"En una crisis migratoria de proporciones sin precedentes, cientos de ni\u00f1os migrantes quedaron varados en terribles circunstancias.\",\"breadcrumb\":{\"@id\":\"https:\/\/www.humanium.org\/es\/el-destino-de-los-ninos-inmigrantes-en-la-frontera-entre-bielorrusia-y-polonia\/#breadcrumb\"},\"inLanguage\":\"es\",\"potentialAction\":[{\"@type\":\"ReadAction\",\"target\":[\"https:\/\/www.humanium.org\/es\/el-destino-de-los-ninos-inmigrantes-en-la-frontera-entre-bielorrusia-y-polonia\/\"]}]},{\"@type\":\"ImageObject\",\"inLanguage\":\"es\",\"@id\":\"https:\/\/www.humanium.org\/es\/el-destino-de-los-ninos-inmigrantes-en-la-frontera-entre-bielorrusia-y-polonia\/#primaryimage\",\"url\":\"https:\/\/www.humanium.org\/es\/wp-content\/uploads\/2022\/02\/shutterstock_413099851-scaled.jpg\",\"contentUrl\":\"https:\/\/www.humanium.org\/es\/wp-content\/uploads\/2022\/02\/shutterstock_413099851-scaled.jpg\",\"width\":2560,\"height\":1707},{\"@type\":\"BreadcrumbList\",\"@id\":\"https:\/\/www.humanium.org\/es\/el-destino-de-los-ninos-inmigrantes-en-la-frontera-entre-bielorrusia-y-polonia\/#breadcrumb\",\"itemListElement\":[{\"@type\":\"ListItem\",\"position\":1,\"name\":\"Home\",\"item\":\"https:\/\/www.humanium.org\/es\/\"},{\"@type\":\"ListItem\",\"position\":2,\"name\":\"El destino de los ni\u00f1os inmigrantes en la frontera entre Bielorrusia y Polonia\"}]},{\"@type\":\"WebSite\",\"@id\":\"https:\/\/www.humanium.org\/es\/#website\",\"url\":\"https:\/\/www.humanium.org\/es\/\",\"name\":\"Humanium\",\"description\":\"\u00a1Los ni\u00f1os primero!\",\"potentialAction\":[{\"@type\":\"SearchAction\",\"target\":{\"@type\":\"EntryPoint\",\"urlTemplate\":\"https:\/\/www.humanium.org\/es\/?s={search_term_string}\"},\"query-input\":{\"@type\":\"PropertyValueSpecification\",\"valueRequired\":true,\"valueName\":\"search_term_string\"}}],\"inLanguage\":\"es\"},{\"@type\":\"Person\",\"@id\":\"https:\/\/www.humanium.org\/es\/#\/schema\/person\/080a37a18a2e139421e1b84cb5ee53b7\",\"name\":\"Manon Lanselle\",\"image\":{\"@type\":\"ImageObject\",\"inLanguage\":\"es\",\"@id\":\"https:\/\/www.humanium.org\/es\/#\/schema\/person\/image\/\",\"url\":\"https:\/\/secure.gravatar.com\/avatar\/26171a454af61a26f336d2d625fbded03c959b907999f0ce15f704f21083c1af?s=96&d=mm&r=g\",\"contentUrl\":\"https:\/\/secure.gravatar.com\/avatar\/26171a454af61a26f336d2d625fbded03c959b907999f0ce15f704f21083c1af?s=96&d=mm&r=g\",\"caption\":\"Manon Lanselle\"},\"sameAs\":[\"https:\/\/www.linkedin.com\/in\/manon-lanselle-797995197\/\"],\"url\":\"https:\/\/www.humanium.org\/es\/author\/autor_manonlanselle\/\"}]}<\/script>\n<!-- \/ Yoast SEO plugin. -->","yoast_head_json":{"title":"El destino de los ni\u00f1os inmigrantes en la frontera entre Bielorrusia y Polonia - Humanium","description":"En una crisis migratoria de proporciones sin precedentes, cientos de ni\u00f1os migrantes quedaron varados en terribles circunstancias.","robots":{"index":"index","follow":"follow","max-snippet":"max-snippet:-1","max-image-preview":"max-image-preview:large","max-video-preview":"max-video-preview:-1"},"canonical":"https:\/\/www.humanium.org\/es\/el-destino-de-los-ninos-inmigrantes-en-la-frontera-entre-bielorrusia-y-polonia\/","og_locale":"es_ES","og_type":"article","og_title":"El destino de los ni\u00f1os inmigrantes en la frontera entre Bielorrusia y Polonia - Humanium","og_description":"En una crisis migratoria de proporciones sin precedentes, cientos de ni\u00f1os migrantes quedaron varados en terribles circunstancias.","og_url":"https:\/\/www.humanium.org\/es\/el-destino-de-los-ninos-inmigrantes-en-la-frontera-entre-bielorrusia-y-polonia\/","og_site_name":"Humanium","article_published_time":"2022-02-08T16:01:05+00:00","article_modified_time":"2025-12-13T21:47:39+00:00","og_image":[{"width":2560,"height":1707,"url":"https:\/\/www.humanium.org\/es\/wp-content\/uploads\/2022\/02\/shutterstock_413099851-scaled.jpg","type":"image\/jpeg"}],"author":"Manon Lanselle","twitter_card":"summary_large_image","twitter_misc":{"Escrito por":"Manon Lanselle","Tiempo de lectura":"8 minutos"},"schema":{"@context":"https:\/\/schema.org","@graph":[{"@type":"WebPage","@id":"https:\/\/www.humanium.org\/es\/el-destino-de-los-ninos-inmigrantes-en-la-frontera-entre-bielorrusia-y-polonia\/","url":"https:\/\/www.humanium.org\/es\/el-destino-de-los-ninos-inmigrantes-en-la-frontera-entre-bielorrusia-y-polonia\/","name":"El destino de los ni\u00f1os inmigrantes en la frontera entre Bielorrusia y Polonia - Humanium","isPartOf":{"@id":"https:\/\/www.humanium.org\/es\/#website"},"primaryImageOfPage":{"@id":"https:\/\/www.humanium.org\/es\/el-destino-de-los-ninos-inmigrantes-en-la-frontera-entre-bielorrusia-y-polonia\/#primaryimage"},"image":{"@id":"https:\/\/www.humanium.org\/es\/el-destino-de-los-ninos-inmigrantes-en-la-frontera-entre-bielorrusia-y-polonia\/#primaryimage"},"thumbnailUrl":"https:\/\/www.humanium.org\/es\/wp-content\/uploads\/2022\/02\/shutterstock_413099851-scaled.jpg","datePublished":"2022-02-08T16:01:05+00:00","dateModified":"2025-12-13T21:47:39+00:00","author":{"@id":"https:\/\/www.humanium.org\/es\/#\/schema\/person\/080a37a18a2e139421e1b84cb5ee53b7"},"description":"En una crisis migratoria de proporciones sin precedentes, cientos de ni\u00f1os migrantes quedaron varados en terribles circunstancias.","breadcrumb":{"@id":"https:\/\/www.humanium.org\/es\/el-destino-de-los-ninos-inmigrantes-en-la-frontera-entre-bielorrusia-y-polonia\/#breadcrumb"},"inLanguage":"es","potentialAction":[{"@type":"ReadAction","target":["https:\/\/www.humanium.org\/es\/el-destino-de-los-ninos-inmigrantes-en-la-frontera-entre-bielorrusia-y-polonia\/"]}]},{"@type":"ImageObject","inLanguage":"es","@id":"https:\/\/www.humanium.org\/es\/el-destino-de-los-ninos-inmigrantes-en-la-frontera-entre-bielorrusia-y-polonia\/#primaryimage","url":"https:\/\/www.humanium.org\/es\/wp-content\/uploads\/2022\/02\/shutterstock_413099851-scaled.jpg","contentUrl":"https:\/\/www.humanium.org\/es\/wp-content\/uploads\/2022\/02\/shutterstock_413099851-scaled.jpg","width":2560,"height":1707},{"@type":"BreadcrumbList","@id":"https:\/\/www.humanium.org\/es\/el-destino-de-los-ninos-inmigrantes-en-la-frontera-entre-bielorrusia-y-polonia\/#breadcrumb","itemListElement":[{"@type":"ListItem","position":1,"name":"Home","item":"https:\/\/www.humanium.org\/es\/"},{"@type":"ListItem","position":2,"name":"El destino de los ni\u00f1os inmigrantes en la frontera entre Bielorrusia y Polonia"}]},{"@type":"WebSite","@id":"https:\/\/www.humanium.org\/es\/#website","url":"https:\/\/www.humanium.org\/es\/","name":"Humanium","description":"\u00a1Los ni\u00f1os primero!","potentialAction":[{"@type":"SearchAction","target":{"@type":"EntryPoint","urlTemplate":"https:\/\/www.humanium.org\/es\/?s={search_term_string}"},"query-input":{"@type":"PropertyValueSpecification","valueRequired":true,"valueName":"search_term_string"}}],"inLanguage":"es"},{"@type":"Person","@id":"https:\/\/www.humanium.org\/es\/#\/schema\/person\/080a37a18a2e139421e1b84cb5ee53b7","name":"Manon Lanselle","image":{"@type":"ImageObject","inLanguage":"es","@id":"https:\/\/www.humanium.org\/es\/#\/schema\/person\/image\/","url":"https:\/\/secure.gravatar.com\/avatar\/26171a454af61a26f336d2d625fbded03c959b907999f0ce15f704f21083c1af?s=96&d=mm&r=g","contentUrl":"https:\/\/secure.gravatar.com\/avatar\/26171a454af61a26f336d2d625fbded03c959b907999f0ce15f704f21083c1af?s=96&d=mm&r=g","caption":"Manon Lanselle"},"sameAs":["https:\/\/www.linkedin.com\/in\/manon-lanselle-797995197\/"],"url":"https:\/\/www.humanium.org\/es\/author\/autor_manonlanselle\/"}]}},"_links":{"self":[{"href":"https:\/\/www.humanium.org\/es\/wp-json\/wp\/v2\/posts\/16605","targetHints":{"allow":["GET"]}}],"collection":[{"href":"https:\/\/www.humanium.org\/es\/wp-json\/wp\/v2\/posts"}],"about":[{"href":"https:\/\/www.humanium.org\/es\/wp-json\/wp\/v2\/types\/post"}],"author":[{"embeddable":true,"href":"https:\/\/www.humanium.org\/es\/wp-json\/wp\/v2\/users\/51"}],"replies":[{"embeddable":true,"href":"https:\/\/www.humanium.org\/es\/wp-json\/wp\/v2\/comments?post=16605"}],"version-history":[{"count":6,"href":"https:\/\/www.humanium.org\/es\/wp-json\/wp\/v2\/posts\/16605\/revisions"}],"predecessor-version":[{"id":21846,"href":"https:\/\/www.humanium.org\/es\/wp-json\/wp\/v2\/posts\/16605\/revisions\/21846"}],"wp:featuredmedia":[{"embeddable":true,"href":"https:\/\/www.humanium.org\/es\/wp-json\/wp\/v2\/media\/16608"}],"wp:attachment":[{"href":"https:\/\/www.humanium.org\/es\/wp-json\/wp\/v2\/media?parent=16605"}],"wp:term":[{"taxonomy":"category","embeddable":true,"href":"https:\/\/www.humanium.org\/es\/wp-json\/wp\/v2\/categories?post=16605"},{"taxonomy":"post_tag","embeddable":true,"href":"https:\/\/www.humanium.org\/es\/wp-json\/wp\/v2\/tags?post=16605"}],"curies":[{"name":"wp","href":"https:\/\/api.w.org\/{rel}","templated":true}]}}