{"id":16812,"date":"2022-04-26T15:39:46","date_gmt":"2022-04-26T15:39:46","guid":{"rendered":"https:\/\/www.humanium.org\/es\/?p=16812"},"modified":"2025-12-13T21:49:34","modified_gmt":"2025-12-13T21:49:34","slug":"la-falta-de-acceso-a-los-cuidados-intensivos-pediatricos-en-las-zonas-rurales-amenaza-el-derecho-a-la-vida-de-la-infancia","status":"publish","type":"post","link":"https:\/\/www.humanium.org\/es\/la-falta-de-acceso-a-los-cuidados-intensivos-pediatricos-en-las-zonas-rurales-amenaza-el-derecho-a-la-vida-de-la-infancia\/","title":{"rendered":"La falta de acceso a los cuidados intensivos pedi\u00e1tricos en las zonas rurales amenaza el derecho a la vida de la infancia"},"content":{"rendered":"\n<p><strong>Los cuidados intensivos pedi\u00e1tricos son fundamentales para reducir la morbilidad y la <\/strong><a href=\"https:\/\/www.humanium.org\/es\/enfoques-tematicos\/salud\/mortalidad-infantil\/\"><strong>mortalidad<\/strong><\/a><strong> a nivel mundial. En las zonas rurales, la mayor\u00eda de los hospitales no disponen de unidades de cuidados intensivos, de personal sanitario formado para atender a los ni\u00f1os en estado cr\u00edtico, ni de un acceso r\u00e1pido a los medicamentos, suministros y equipos necesarios. En consecuencia, la infancia de las zonas rurales y otros entornos con recursos limitados se enfrenta a crecientes obst\u00e1culos para la atenci\u00f3n pedi\u00e1trica y a constantes riesgos para su vida.&nbsp;<\/strong><\/p>\n\n\n\n<h2 class=\"wp-block-heading\"><strong>\u00bfQu\u00e9 son los cuidados intensivos pedi\u00e1tricos?<\/strong><\/h2>\n\n\n\n<p>Los ni\u00f1os y ni\u00f1as que requieren cuidados de urgencia tienen necesidades especiales, sobre todo cuando las urgencias son graves o ponen en peligro la vida. Los cuidados intensivos pedi\u00e1tricos representan una disciplina altamente especializada con un papel destacado en el tratamiento de los <a href=\"https:\/\/www.humanium.org\/es\/enfoques-tematicos\/salud\/ninos-enfermos\/\">ni\u00f1os gravemente enfermos<\/a> (Springer Open, 2018).<\/p>\n\n\n\n<p>El concepto de cuidados cr\u00edticos naci\u00f3 durante la epidemia de poliomielitis entre los a\u00f1os 1920 y 1950, cuando el n\u00famero de <a href=\"https:\/\/www.humanium.org\/es\/enfoques-tematicos\/salud\/ninos-enfermos\/\">pacientes en estado cr\u00edtico<\/a> llev\u00f3 a la creaci\u00f3n de \u00e1reas especializadas, las \u00abunidades de cuidados intensivos\u00bb, que proporcionaban atenci\u00f3n y monitorizaci\u00f3n continuas (Frontiers in Pediatrics, 2016). La primera unidad de cuidados intensivos pedi\u00e1tricos (UCIP) se abri\u00f3 en el Hospital Infantil de Gotemburgo, en el oeste de <a href=\"https:\/\/www.humanium.org\/es\/suecia\/\">Suecia<\/a> (Frontiers in Pediatrics, 2016).<\/p>\n\n\n\n<p>Poco a poco, surgieron m\u00faltiples innovaciones t\u00e9cnicas con sofisticadas posibilidades terap\u00e9uticas y diagn\u00f3sticas, como la ventilaci\u00f3n mec\u00e1nica para los reci\u00e9n nacidos con s\u00edndrome de dificultad respiratoria, la asistencia postoperatoria a ni\u00f1os con sepsis o casos de neumon\u00eda grave, la oxigenaci\u00f3n por membrana extracorp\u00f3rea (ECMO), la di\u00e1lisis o la plasmaf\u00e9resis, lo que ha dado lugar a una rama de la medicina que ha reducido en gran medida la <a href=\"https:\/\/www.humanium.org\/es\/enfoques-tematicos\/salud\/mortalidad-infantil\/\">mortalidad infantil<\/a> (American Academy of Pediatrics, 2013).&nbsp;<\/p>\n\n\n\n<p>De hecho, la <a href=\"https:\/\/www.humanium.org\/es\/enfoques-tematicos\/salud\/mortalidad-infantil\/\">mortalidad<\/a> est\u00e1 inversamente correlacionada con la disponibilidad de unidades de cuidados intensivos pedi\u00e1tricos, con el n\u00famero de intensivistas pedi\u00e1tricos, con el n\u00famero de camas y con el n\u00famero de centros pedi\u00e1tricos especializados (Medicina Intensiva, 2004).<\/p>\n\n\n\n<p>As\u00ed, las limitaciones log\u00edsticas y financieras, las deficiencias en las disciplinas de apoyo \u2014laboratorio, t\u00e9cnicas de imagen, cirug\u00eda y otras subespecialidades\u2014, el precario estado general del paciente como consecuencia de una <a href=\"https:\/\/www.humanium.org\/es\/enfoques-tematicos\/salud\/ninos-enfermos\/\">enfermedad<\/a> avanzada o de <a href=\"https:\/\/www.humanium.org\/es\/derecho-alimentacion\/\">desnutrici\u00f3n<\/a>, los retrasos en el ingreso y la inadecuaci\u00f3n de los primeros tratamientos dispensados, as\u00ed como la insuficiente formaci\u00f3n profesional en determinadas \u00e1reas, pueden contribuir significativamente a la <a href=\"https:\/\/www.humanium.org\/es\/enfoques-tematicos\/salud\/mortalidad-infantil\/\">mortalidad infantil<\/a> (Medicina Intensiva, 2004).<\/p>\n\n\n\n<h2 class=\"wp-block-heading\"><strong>Las unidades de cuidados intensivos pedi\u00e1tricos en las zonas rurales<\/strong><\/h2>\n\n\n\n<p>Lamentablemente, la distribuci\u00f3n de las unidades de cuidados intensivos pedi\u00e1tricos en el mundo es desigual. La falta de recursos suficientes \u2014 todos concentrados en zonas espec\u00edficas\u2014 y de una firme voluntad pol\u00edtica en las zonas rurales podr\u00eda afectar la capacidad de los hospitales para garantizar una atenci\u00f3n que salve la vida de los <a href=\"https:\/\/www.humanium.org\/es\/enfoques-tematicos\/salud\/ninos-enfermos\/\">ni\u00f1os<\/a> y ni\u00f1as (Pediatric Emergency Care, 2020).<\/p>\n\n\n\n<p>Ciertamente, los hospitales rurales han recortado varios servicios, como la enfermer\u00eda especializada, la obstetricia y la pediatr\u00eda, trasladando estas secciones desde los hospitales comunitarios generales hacia los hospitales <a href=\"https:\/\/www.humanium.org\/es\/enfoques-tematicos\/salud\/ninos-enfermos\/\">infantiles<\/a> m\u00e1s especializados y los centros acad\u00e9micos de las grandes ciudades, en un proceso denominado \u00abregionalizaci\u00f3n\u00bb (STAT, 2021). Aunque la regionalizaci\u00f3n permite ofrecer una atenci\u00f3n m\u00e1s experta a la infancia con trastornos espec\u00edficos, concentra los recursos en \u00e1reas determinadas, dejando fuera muchas zonas rurales (STAT, 2021).<\/p>\n\n\n\n<p>De hecho, especialmente durante la \u00faltima d\u00e9cada, el acceso a los servicios sanitarios prestados por los hospitales rurales ha cambiado de dos maneras importantes. En primer lugar, ha aumentado considerablemente el n\u00famero de hospitales rurales que han cerrado o se han reconvertido (Rural Health Research Gateway, 2021). En segundo lugar, muchos hospitales rurales han reducido o eliminado servicios que hist\u00f3ricamente se consideraban esenciales, como los cuidados intensivos neonatales y los cuidados de traumatolog\u00eda infantil (Rural Health Research Gateway, 2021).<\/p>\n\n\n\n<p>Por lo tanto, la coincidencia de varios factores ha provocado una brecha creciente en el nivel de atenci\u00f3n disponible en las unidades de cuidados intensivos pedi\u00e1tricos del mundo. Como muestran diferentes investigaciones, entre ellas el estudio sobre la carga mundial de morbilidad (GBD, por sus siglas en ingl\u00e9s), la mayor\u00eda de las <a href=\"https:\/\/www.humanium.org\/es\/enfoques-tematicos\/salud\/mortalidad-infantil\/\">muertes infantiles<\/a> en estos entornos se deben a causas prevenibles y reversibles (The Lancet, 2015). Se ha demostrado que <strong>las primeras 24 horas<\/strong> de hospitalizaci\u00f3n representan el momento m\u00e1s vulnerable, ya que un tercio de las muertes de pacientes se producen durante este periodo, que con demasiada frecuencia no se previene por el retraso en la detecci\u00f3n, la consulta tard\u00eda y la falta de recursos (Molyneux E, 2006).<\/p>\n\n\n\n<p>En efecto, los entornos con recursos limitados o las zonas en las que la capacidad de atender las <a href=\"https:\/\/www.humanium.org\/es\/enfoques-tematicos\/salud\/ninos-enfermos\/\">enfermedades<\/a> potencialmente mortales se limita a los recursos sanitarios b\u00e1sicos, suponen un reto espec\u00edfico para el desarrollo y la sostenibilidad de los servicios de cuidados cr\u00edticos (Critical Care Medicine, 2006). As\u00ed, se ha demostrado que la creaci\u00f3n de servicios eficaces de urgencias pedi\u00e1tricas y de cuidados cr\u00edticos en pa\u00edses con recursos limitados puede reducir sustancialmente la <a href=\"https:\/\/www.humanium.org\/es\/enfoques-tematicos\/salud\/mortalidad-infantil\/\">mortalidad global en ni\u00f1os<\/a> menores de 5 a\u00f1os (Pediatric Anesthesia, 2009).<\/p>\n\n\n\n<h2 class=\"wp-block-heading\"><strong>Atenci\u00f3n pedi\u00e1trica durante la pandemia de COVID-19<\/strong><\/h2>\n\n\n\n<p>La COVID-19 ha supuesto una llamada de atenci\u00f3n para todo el mundo que manifiesta la urgencia de aumentar el n\u00famero de unidades de cuidados intensivos pedi\u00e1tricos. La pandemia mostr\u00f3 las consecuencias de a\u00f1os y a\u00f1os de recortes en la atenci\u00f3n sanitaria, de pol\u00edticas inadecuadas y de decisiones tard\u00edas y el mayor coste lo han pagado, en demasiados casos, los ni\u00f1os y ni\u00f1as que no han tenido acceso a los cuidados intensivos pedi\u00e1tricos y han fallecido como consecuencia de estos fallos (La Repubblica, 2022).<\/p>\n\n\n\n<figure class=\"wp-block-image size-large\"><img loading=\"lazy\" decoding=\"async\" width=\"1024\" height=\"683\" src=\"https:\/\/www.humanium.org\/es\/wp-content\/uploads\/2022\/04\/shutterstock_1754964980-1024x683.jpg\" alt=\"\" class=\"wp-image-16814\" srcset=\"https:\/\/www.humanium.org\/es\/wp-content\/uploads\/2022\/04\/shutterstock_1754964980-1024x683.jpg 1024w, https:\/\/www.humanium.org\/es\/wp-content\/uploads\/2022\/04\/shutterstock_1754964980-300x200.jpg 300w, https:\/\/www.humanium.org\/es\/wp-content\/uploads\/2022\/04\/shutterstock_1754964980-768x512.jpg 768w, https:\/\/www.humanium.org\/es\/wp-content\/uploads\/2022\/04\/shutterstock_1754964980-1536x1024.jpg 1536w, https:\/\/www.humanium.org\/es\/wp-content\/uploads\/2022\/04\/shutterstock_1754964980-2048x1365.jpg 2048w, https:\/\/www.humanium.org\/es\/wp-content\/uploads\/2022\/04\/shutterstock_1754964980-830x553.jpg 830w, https:\/\/www.humanium.org\/es\/wp-content\/uploads\/2022\/04\/shutterstock_1754964980-230x153.jpg 230w, https:\/\/www.humanium.org\/es\/wp-content\/uploads\/2022\/04\/shutterstock_1754964980-350x233.jpg 350w, https:\/\/www.humanium.org\/es\/wp-content\/uploads\/2022\/04\/shutterstock_1754964980-480x320.jpg 480w, https:\/\/www.humanium.org\/es\/wp-content\/uploads\/2022\/04\/shutterstock_1754964980-272x182.jpg 272w\" sizes=\"auto, (max-width: 1024px) 100vw, 1024px\" \/><\/figure>\n\n\n\n<p>De hecho, aunque las pruebas parecen indicar que los <a href=\"https:\/\/www.humanium.org\/es\/enfoques-tematicos\/salud\/ninos-enfermos\/\">ni\u00f1os<\/a> son menos susceptibles de infectarse por el coronavirus de tipo 2 causante del s\u00edndrome respiratorio agudo severo (SARS-CoV-2) que los adultos, un n\u00famero constante de casos pedi\u00e1tricos ha requerido el ingreso en la unidad de cuidados intensivos pedi\u00e1tricos, asistencia respiratoria con ventilaci\u00f3n mec\u00e1nica e intervenciones adicionales para salvar la vida (Italian Journal of Pediatrics, 2021).<\/p>\n\n\n\n<p>Como las zonas rurales no suelen disponer de UCIP, los <a href=\"https:\/\/www.humanium.org\/es\/enfoques-tematicos\/salud\/ninos-enfermos\/\">ni\u00f1os<\/a> con insuficiencia respiratoria y deterioro de las funciones vitales ingresan en unidades de cuidados intensivos para adultos. Sin embargo, el <a href=\"https:\/\/www.humanium.org\/es\/enfoques-tematicos\/salud\/ninos-enfermos\/\">ni\u00f1o<\/a> es un paciente con caracter\u00edsticas y necesidades propias, que debe ser tratado con cuidados y conocimientos espec\u00edficos. Por este motivo, en casos extremos se traslada a los <a href=\"https:\/\/www.humanium.org\/es\/enfoques-tematicos\/salud\/ninos-enfermos\/\">ni\u00f1os<\/a> a centros equipados con UCIP, exponi\u00e9ndolos a largos y complejos desplazamientos, perdiendo un tiempo vital para la supervivencia del <a href=\"https:\/\/www.humanium.org\/es\/enfoques-tematicos\/salud\/ninos-enfermos\/\">ni\u00f1o<\/a> (Pediatric Research, 2021).<\/p>\n\n\n\n<h2 class=\"wp-block-heading\"><strong>Cuando se pierde una vida infantil por falta de cuidados intensivos pedi\u00e1tricos<\/strong><\/h2>\n\n\n\n<p>En enero de 2022, la COVID-19 y los fallos del sistema sanitario acabaron, en menos de 48 horas, con la vida de una ni\u00f1a de dos a\u00f1os en <a href=\"https:\/\/www.humanium.org\/es\/italia\/\">Italia<\/a>. La ni\u00f1a ten\u00eda fiebre cuando su estado empez\u00f3 a agravarse. La llevaron al hospital m\u00e1s cercano, a una hora de distancia de su casa, donde dio positivo en la prueba de COVID-19 y fue hospitalizada inmediatamente. El diagn\u00f3stico fue neumon\u00eda intersticial bilateral. Hora tras hora, su estado de salud sigui\u00f3 empeorando (La Repubblica, 2022).<\/p>\n\n\n\n<p>Por ello, se decidi\u00f3 trasladarla a la unidad de cuidados intensivos de otro hospital, a otra hora de distancia en ambulancia, donde lleg\u00f3 en un estado muy grave. Sus pulmones corr\u00edan peligro, ten\u00eda serias dificultades para respirar y su saturaci\u00f3n de ox\u00edgeno estaba en el nivel m\u00e1s bajo tolerable. La pusieron inmediatamente en ventilaci\u00f3n asistida y la estabilizaron. Pero la unidad de cuidados intensivos del hospital era para adultos, inadecuada para manejar las complicaciones y vulnerabilidades de salud de una ni\u00f1a de dos a\u00f1os (Corriere della Calabria, 2022).<\/p>\n\n\n\n<p>Por lo tanto, se decidi\u00f3 trasladarla a la unidad de cuidados intensivos pedi\u00e1tricos m\u00e1s cercana, en la capital de Italia, a m\u00e1s de 600 kil\u00f3metros de distancia. Un veh\u00edculo de la Fuerza A\u00e9rea llev\u00f3 la ambulancia con la ni\u00f1a a bordo hacia la atenci\u00f3n primaria necesaria. Cuando lleg\u00f3, ya era demasiado tarde; su estado se hab\u00eda deteriorado demasiado y la ni\u00f1a muri\u00f3. Esas 48 horas de retraso en proporcionarle la atenci\u00f3n adecuada fueron fatales (La Repubblica, 2022).<\/p>\n\n\n\n<p>No es posible saber con certeza si la ni\u00f1a se habr\u00eda salvado de haber existido una unidad de cuidados intensivos pedi\u00e1tricos en su regi\u00f3n, pero seguramente la total falta de la asistencia <a href=\"https:\/\/www.humanium.org\/es\/enfoques-tematicos\/salud\/\">sanitaria<\/a> necesaria implica una negaci\u00f3n dram\u00e1tica del <a href=\"https:\/\/www.humanium.org\/es\/derecho-salud\/\">derecho a la salud<\/a> y del <a href=\"https:\/\/www.humanium.org\/es\/derecho-vida\/\">derecho a la vida<\/a> de la ni\u00f1a. La muerte de esta menor es de una gravedad que hay que recordar y que no puede pasar por alto, ni permanecer indiferente.<\/p>\n\n\n\n<p>El hecho de que en algunas regiones de Italia el n\u00famero de camas de cuidados intensivos pedi\u00e1tricos por mill\u00f3n de habitantes sea igual a cero requiere una intervenci\u00f3n inmediata, con acciones decisivas coordinadas a m\u00faltiples niveles. S\u00f3lo entonces se podr\u00e1n hacer efectivos <a href=\"https:\/\/www.humanium.org\/es\/derechos-ninos\/\">los derechos del ni\u00f1o<\/a> garantizados por la Constituci\u00f3n y por los convenios internacionales m\u00e1s importantes.<\/p>\n\n\n\n<h2 class=\"wp-block-heading\"><strong>Garant\u00edas internacionales para proporcionar una atenci\u00f3n pedi\u00e1trica adecuada<\/strong><\/h2>\n\n\n\n<p>En 2000 y 2015, los l\u00edderes mundiales establecieron objetivos clave para apoyar un desarrollo centrado en los derechos. En lo que respecta a la pediatr\u00eda, el Objetivo de Desarrollo del Milenio 4 y el Objetivo de Desarrollo Sostenible 3 pretend\u00edan reducir dr\u00e1sticamente las tasas de <a href=\"https:\/\/www.humanium.org\/es\/enfoques-tematicos\/salud\/mortalidad-infantil\/\">mortalidad<\/a> de los menores de 5 a\u00f1os (Frontiers in Pediatrics, 2016). A pesar de la r\u00e1pida reducci\u00f3n de la <a href=\"https:\/\/www.humanium.org\/es\/enfoques-tematicos\/salud\/mortalidad-infantil\/\">mortalidad<\/a> infantil en algunos pa\u00edses, los avances en las zonas rurales siguieron siendo insuficientes para alcanzar el objetivo (Pediatric Research, 2021). Promover la activaci\u00f3n efectiva de las unidades de cuidados intensivos pedi\u00e1tricos en las zonas rurales del mundo contribuir\u00eda significativamente a conseguirlo.<\/p>\n\n\n\n<p>Garantizar una atenci\u00f3n r\u00e1pida y eficaz a los <a href=\"https:\/\/www.humanium.org\/es\/enfoques-tematicos\/salud\/ninos-enfermos\/\">ni\u00f1os gravemente enfermos<\/a> es un requisito previo esencial para cumplir con los requerimientos internacionales fundamentales, incluido el <a href=\"https:\/\/www.humanium.org\/es\/enfoques-tematicos\/salud\/\">derecho a una salud adecuada<\/a>, tal como se establece en el art\u00edculo 25 de la Declaraci\u00f3n Universal de los Derechos Humanos, el <a href=\"https:\/\/www.humanium.org\/es\/derecho-vida\/\">derecho a la vida<\/a> en virtud del art\u00edculo 2 del CEDH y el <a href=\"https:\/\/www.humanium.org\/es\/enfoques-tematicos\/salud\/\">derecho a la salud<\/a> recogido en el art\u00edculo 24 de la <a href=\"https:\/\/www.humanium.org\/es\/convencion\/\">Convenci\u00f3n sobre los Derechos del Ni\u00f1o.<\/a><\/p>\n\n\n\n<p>Tal como se define en el art\u00edculo 24,el <a href=\"https:\/\/www.humanium.org\/es\/convencion\/\">Comit\u00e9<\/a> interpreta <a href=\"https:\/\/www.humanium.org\/es\/enfoques-tematicos\/salud\/\">el derecho del ni\u00f1o a la salud<\/a> como un derecho inclusivo, que se extiende a la prevenci\u00f3n oportuna y adecuada, la promoci\u00f3n de la <a href=\"https:\/\/www.humanium.org\/es\/enfoques-tematicos\/salud\/\">salud<\/a> y los servicios de rehabilitaci\u00f3n, curativos y paliativos destinados a satisfacer tambi\u00e9n el derecho de la infancia a crecer y desarrollarse plenamente y a vivir en condiciones que les permitan alcanzar las mejores condiciones de <a href=\"https:\/\/www.humanium.org\/es\/enfoques-tematicos\/salud\/\">salud<\/a> mediante la aplicaci\u00f3n de programas que aborden los factores subyacentes de la salud (Comit\u00e9 de los Derechos del Ni\u00f1o, 2013).<\/p>\n\n\n\n<blockquote class=\"wp-block-quote is-layout-flow wp-block-quote-is-layout-flow\"><p><em>\u201cLos Estados Partes se esforzar\u00e1n por asegurar que ning\u00fan ni\u00f1o sea privado de su derecho al disfrute de esos servicios sanitarios.\u201d <\/em><\/p><cite>\u2013 art\u00edculo 24, p\u00e1rrafo 1, Convenci\u00f3n sobre los Derechos del Ni\u00f1o<\/cite><\/blockquote>\n\n\n\n<p>Los Estados Partes tienen la obligaci\u00f3n de respetar, proteger y cumplir con los <a href=\"https:\/\/www.humanium.org\/es\/derechos-ninos\/\">derechos humanos<\/a>, incluido el derecho de los ni\u00f1os a la <a href=\"https:\/\/www.humanium.org\/es\/enfoques-tematicos\/salud\/\">salud<\/a>. De hecho, de acuerdo con el art\u00edculo 4 de la misma <a href=\"https:\/\/www.humanium.org\/es\/convencion\/\">Convenci\u00f3n<\/a>, los Estados Partes deben cumplir con los derechos contenidos en el derecho del ni\u00f1o a la <a href=\"https:\/\/www.humanium.org\/es\/enfoques-tematicos\/salud\/\">salud<\/a> en la medida en que los recursos disponibles lo permitan y, cuando sea necesario, en el marco de la cooperaci\u00f3n internacional. Todos los Estados, independientemente de su nivel de desarrollo, deben adoptar medidas inmediatas para cumplir estas obligaciones con car\u00e1cter prioritario (Comit\u00e9 de los Derechos del Ni\u00f1o, 2013).<\/p>\n\n\n\n<h2 class=\"wp-block-heading\"><strong>No hay tiempo que perder para garantizar el derecho a la vida y a la salud<\/strong><\/h2>\n\n\n\n<p>Aumentar el n\u00famero de unidades de cuidados intensivos pedi\u00e1tricos para responder a las emergencias y servir de salvavidas tambi\u00e9n en las zonas rurales del mundo es un deber que no se puede retrasar m\u00e1s. El momento es ahora y los Estados deben actuar con responsabilidad para satisfacer plenamente los <a href=\"https:\/\/www.humanium.org\/es\/derechos-ninos\/\">derechos del ni\u00f1o<\/a>.&nbsp;<\/p>\n\n\n\n<p>Proporcionar una atenci\u00f3n pedi\u00e1trica de alta calidad a la comunidad mundial es una obligaci\u00f3n legal y moral. Los Estados, las organizaciones internacionales y todas las dem\u00e1s partes interesadas del mundo deben trabajar conjuntamente. Aprovechando las experiencias pasadas y las lecciones aprendidas, as\u00ed como invirtiendo en investigaci\u00f3n, educaci\u00f3n, fondos, intercambio de informaci\u00f3n e innovaciones tecnol\u00f3gicas continuas, la atenci\u00f3n pedi\u00e1trica debe y puede avanzar mediante acciones sin\u00e9rgicas. Estas acciones deben concienciar sobre <a href=\"https:\/\/www.humanium.org\/es\/derechos-ninos\/\">los derechos del ni\u00f1o<\/a> y de sus necesidades cl\u00ednicas \u00fanicas, y aplicar procedimientos espec\u00edficos para evitar que la infancia que vive en zonas rurales se vea privada de una <a href=\"https:\/\/www.humanium.org\/es\/enfoques-tematicos\/salud\/\">atenci\u00f3n sanitaria<\/a> adecuada.<\/p>\n\n\n\n<p>Humanium lanza un llamamiento urgente a la acci\u00f3n para la creaci\u00f3n efectiva de unidades de cuidados intensivos pedi\u00e1tricos en las zonas rurales y en los pa\u00edses de renta baja, para que el <a href=\"https:\/\/www.humanium.org\/es\/enfoques-tematicos\/salud\/\">derecho a la salud<\/a> y el <a href=\"https:\/\/www.humanium.org\/es\/derecho-vida\/\">derecho a la vida<\/a> de todos los ni\u00f1os y ni\u00f1as sean respetados, aplicados y salvaguardados, sin <a href=\"https:\/\/www.humanium.org\/es\/enfoques-tematicos\/discriminacion\/\">discriminaciones<\/a> de ning\u00fan tipo.<\/p>\n\n\n\n<figure class=\"wp-block-image size-large\"><img loading=\"lazy\" decoding=\"async\" width=\"1024\" height=\"683\" src=\"https:\/\/www.humanium.org\/es\/wp-content\/uploads\/2022\/04\/shutterstock_96137972-1024x683.jpg\" alt=\"\" class=\"wp-image-16813\" srcset=\"https:\/\/www.humanium.org\/es\/wp-content\/uploads\/2022\/04\/shutterstock_96137972-1024x683.jpg 1024w, https:\/\/www.humanium.org\/es\/wp-content\/uploads\/2022\/04\/shutterstock_96137972-300x200.jpg 300w, https:\/\/www.humanium.org\/es\/wp-content\/uploads\/2022\/04\/shutterstock_96137972-768x512.jpg 768w, https:\/\/www.humanium.org\/es\/wp-content\/uploads\/2022\/04\/shutterstock_96137972-1536x1024.jpg 1536w, https:\/\/www.humanium.org\/es\/wp-content\/uploads\/2022\/04\/shutterstock_96137972-2048x1365.jpg 2048w, https:\/\/www.humanium.org\/es\/wp-content\/uploads\/2022\/04\/shutterstock_96137972-830x553.jpg 830w, https:\/\/www.humanium.org\/es\/wp-content\/uploads\/2022\/04\/shutterstock_96137972-230x153.jpg 230w, https:\/\/www.humanium.org\/es\/wp-content\/uploads\/2022\/04\/shutterstock_96137972-350x233.jpg 350w, https:\/\/www.humanium.org\/es\/wp-content\/uploads\/2022\/04\/shutterstock_96137972-480x320.jpg 480w, https:\/\/www.humanium.org\/es\/wp-content\/uploads\/2022\/04\/shutterstock_96137972-272x182.jpg 272w\" sizes=\"auto, (max-width: 1024px) 100vw, 1024px\" \/><\/figure>\n\n\n\n<p>\u00a1\u00danase a nosotros para hacer realidad el <a href=\"https:\/\/www.humanium.org\/es\/derecho-vida\/\">derecho a la vida<\/a> de todos los ni\u00f1os y ni\u00f1as del mundo <a href=\"https:\/\/www.humanium.org\/es\/apadrinar-a-un-nino\/\">apadrinando a un ni\u00f1o<\/a>,&nbsp;<a href=\"https:\/\/www.humanium.org\/es\/donacion\/\">haciendo una donaci\u00f3n<\/a>&nbsp;o&nbsp;<a href=\"https:\/\/www.humanium.org\/es\/voluntariado\/\">haci\u00e9ndose voluntario<\/a>!<\/p>\n\n\n\n<p><strong><em>Escrito por Federica Versea<\/em><\/strong><\/p>\n\n\n\n<p><strong><em>Traducido por Kyle Estment-Shah<\/em><\/strong><\/p>\n\n\n\n<p><em><strong>Revisado por In\u00e9s M\u00aa Campillo<\/strong><\/em><\/p>\n\n\n\n<h4 class=\"wp-block-heading\">Bibliograf\u00eda:<\/h4>\n\n\n\n<p class=\"has-small-font-size\">American Academy of Pediatrics. (2013). <em>Joint policy statement\u2014Guidelines for care of children in the Emergency Department<\/em>. Retrieved from Journal of Emergency Nursing: <a href=\"https:\/\/www.jenonline.org\/article\/S0099-1767(13)00005-6\/pdf,\">https:\/\/www.jenonline.org\/article\/S0099-<\/a><a href=\"https:\/\/www.jenonline.org\/article\/S0099-1767(13)00005-6\/pdf,\" target=\"_blank\" rel=\"noreferrer noopener\">1767(13)00005-6\/pdf,<\/a> accessed on March 25, 2022.<\/p>\n\n\n\n<p class=\"has-small-font-size\">Committee on the Rights of the Child. (2013). <em>General comment No. 15 (2013) on the right of the child to the enjoyment of the highest attainable standard of health (art. 24)*<\/em>. Retrieved from United Nations &#8211; Convention on the Rights of the Child: https:\/\/docstore.ohchr.org\/SelfServices\/FilesHandler.ashx?enc=6QkG1d%2FPPRiCAqhKb7yhsqIkirKQZLK2M58RF%2F5F0vHCIs1B9k1r3x0aA7FYrehlNUfw4dHmlOxmFtmhaiMOkH80ywS3uq6Q3bqZ3A3yQ0%2B4u6214CSatnrBlZT8nZmj#:~:text=The%20Committee%20interprets%20children&#8217;s%20right,and%20live%20in%20conditions%20that, accessed on March 27, 2022.<\/p>\n\n\n\n<p class=\"has-small-font-size\">Corriere della Calabria. (2022). <em>Bimba morta di Covid, Minasi: \u00abMai usati i fondi per l\u2019unit\u00e0 di terapia intensiva pediatrica\u00bb<\/em>. Retrieved from Corriere della Calabria: <a href=\"https:\/\/www.corrieredellacalabria.it\/2022\/01\/30\/bimba-morta-di-covid-minasi-mai-usati-i-fondi-per-lunita-di-terapia-intensiva-pediatrica\/\" target=\"_blank\" rel=\"noreferrer noopener\">https:\/\/www.corrieredellacalabria.it\/2022\/01\/30\/bimba-morta-di-covid-minasi-mai-usati-i-fondi-per-lunita-di-terapia-intensiva-pediatrica\/<\/a><\/p>\n\n\n\n<p class=\"has-small-font-size\">Critical Care Medicine. (2006). <em>A review and analysis of intensive care medicine in the least developed countries<\/em>. Retrieved from Critical Care Medicine: <a href=\"https:\/\/journals.lww.com\/ccmjournal\/Abstract\/2006\/04000\/A_review_and_analysis_of_intensive_care_medicine.43.aspx\" target=\"_blank\" rel=\"noreferrer noopener\">https:\/\/journals.lww.com\/ccmjournal\/Abstract\/2006\/04000\/A_review_and_analysis_of_intensive_care_medicine.43.aspx<\/a>, accessed on March 25, 2022.<\/p>\n\n\n\n<p class=\"has-small-font-size\">Frontiers in Pediatrics. (2016). <em>A Review of Pediatric Critical Care in Resource-Limited Settings: A Look at Past, Present, and Future Directions<\/em>. Retrieved from Frontiers in Pediatrics &#8211; Pediatric Critical Care: <a href=\"https:\/\/www.frontiersin.org\/articles\/10.3389\/fped.2016.00005\/full\" target=\"_blank\" rel=\"noreferrer noopener\">https:\/\/www.frontiersin.org\/articles\/10.3389\/fped.2016.00005\/full<\/a>, accessed on March 27, 2022.<\/p>\n\n\n\n<p class=\"has-small-font-size\">Frontiers in Pediatrics. (2016). <em>Pediatric Critical Care in Resource-Limited Settings\u2014Overview and Lessons Learned<\/em>. Retrieved from NIH &#8211; National Library of Medicine : <a href=\"https:\/\/www.ncbi.nlm.nih.gov\/pmc\/articles\/PMC5864848\/#B13\" target=\"_blank\" rel=\"noreferrer noopener\">https:\/\/www.ncbi.nlm.nih.gov\/pmc\/articles\/PMC5864848\/#B13<\/a>, accessed on March 25, 2022.<\/p>\n\n\n\n<p class=\"has-small-font-size\">Italian Journal of Pediatrics. (2021). <em>What are the risk factors for admission to the pediatric intensive unit among pediatric patients with COVID-19?<\/em>Retrieved from Italian Journal of Pediatrics: <a href=\"https:\/\/ijponline.biomedcentral.com\/articles\/10.1186\/s13052-021-01057-w\" target=\"_blank\" rel=\"noreferrer noopener\">https:\/\/ijponline.biomedcentral.com\/articles\/10.1186\/s13052-021-01057-w<\/a>, accessed on March 24, 2022.<\/p>\n\n\n\n<p class=\"has-small-font-size\">La Repubblica . (2022). <em>L&#8217;ultimo viaggio di Ginevra dalla Calabria senza terapie intensive<\/em>. Retrieved from La Repubblica : <a href=\"https:\/\/www.repubblica.it\/cronaca\/2022\/01\/31\/news\/l_ultimo_viaggio_di_ginevra_dalla_calabria_senza_terapie_intensive-335832316\/\" target=\"_blank\" rel=\"noreferrer noopener\">https:\/\/www.repubblica.it\/cronaca\/2022\/01\/31\/news\/l_ultimo_viaggio_di_ginevra_dalla_calabria_senza_terapie_intensive-335832316\/<\/a>, accessed on March 28, 2022.<\/p>\n\n\n\n<p class=\"has-small-font-size\">Medicina Intensiva. (2004). <em>Pediatric intensive care in Latin America<\/em>. Retrieved from Medicina Intensiva: <a href=\"https:\/\/www.medintensiva.org\/es-pediatric-intensive-care-in-latin-articulo-S2173572712000276\" target=\"_blank\" rel=\"noreferrer noopener\">https:\/\/www.medintensiva.org\/es-pediatric-intensive-care-in-latin-articulo-S2173572712000276<\/a>, accessed on March 28, 2022.<\/p>\n\n\n\n<p class=\"has-small-font-size\">Molyneux E, A. S. (2006). <em>Improved triage and emergency care for children reduces inpatient mortality in a resource-constrained setting<\/em>. Retrieved from World Health Organization: https:\/\/www.who.int\/bulletin\/volumes\/84\/4\/314.pdf, accessed on March 23, 2022.<\/p>\n\n\n\n<p class=\"has-small-font-size\">Pediatric Anesthesia. (2009). <em>Pediatric emergency and critical care in low-income countries<\/em>. Retrieved from Pediatric Anesthesia: <a href=\"https:\/\/onlinelibrary.wiley.com\/doi\/full\/10.1111\/j.1460-9592.2008.02868.x\" target=\"_blank\" rel=\"noreferrer noopener\">https:\/\/onlinelibrary.wiley.com\/doi\/full\/10.1111\/j.1460-9592.2008.02868.x<\/a>, accessed on March 23, 2022.<\/p>\n\n\n\n<p class=\"has-small-font-size\">Pediatric Emergency Care. (2020). <em>Pediatric Critical Care Transport: Survey of Current State in Latin America. Latin American Society of Pediatric Intensive Care Transport Committee<\/em>. Retrieved from Research Gate: <a href=\"https:\/\/www.researchgate.net\/publication\/345015301_Pediatric_Critical_Care_Transport_Survey_of_Current_State_in_Latin_America_Latin_American_Society_of_Pediatric_Intensive_Care_Transport_Committee\" target=\"_blank\" rel=\"noreferrer noopener\">https:\/\/www.researchgate.net\/publication\/345015301_Pediatric_Critical_Care_Transport_Survey_of_Current_State_in_Latin_America_Latin_American_Society_of_Pediatric_Intensive_Care_Transport_Committee<\/a>, accessed on March 27, 2022.<\/p>\n\n\n\n<p class=\"has-small-font-size\">Pediatric Research. (2021). <em>European consensus recommendations for neonatal and paediatric retrievals of positive or suspected COVID-19 patients<\/em>. Retrieved from Pediatric Research: <a href=\"https:\/\/www.nature.com\/articles\/s41390-020-1050-z\" target=\"_blank\" rel=\"noreferrer noopener\">https:\/\/www.nature.com\/articles\/s41390-020-1050-z<\/a>, accessed on March 24, 2022.<\/p>\n\n\n\n<p class=\"has-small-font-size\">Rural Health Research Gateway. (2021). <em>Research Alert: April 19, 2021 Changes in Provision of Selected Services by Rural and Urban Hospitals Between 2009 and 2017<\/em>. Retrieved from Rural Health Research Gateway: https:\/\/www.ruralhealthresearch.org\/alerts\/409, accessed on March 23, 2022.<\/p>\n\n\n\n<p class=\"has-small-font-size\">Springer Open. (2018). <em>A multinational survey on the infrastructural quality of paediatric intensive care units<\/em>. Retrieved from Springer Open: <a href=\"https:\/\/annalsofintensivecare.springeropen.com\/articles\/10.1186\/s13613-018-0451-1\" target=\"_blank\" rel=\"noreferrer noopener\">https:\/\/annalsofintensivecare.springeropen.com\/articles\/10.1186\/s13613-018-0451-1<\/a>, accessed on March 24, 2022.<\/p>\n\n\n\n<p class=\"has-small-font-size\">STAT. (2021). <em>Children in rural areas face increasing barriers to pediatric care, study finds<\/em>. Retrieved from STAT: <a href=\"https:\/\/www.statnews.com\/2021\/06\/14\/children-in-rural-areas-face-increasing-barriers-to-pediatric-care-study-finds\/\" target=\"_blank\" rel=\"noreferrer noopener\">https:\/\/www.statnews.com\/2021\/06\/14\/children-in-rural-areas-face-increasing-barriers-to-pediatric-care-study-finds\/<\/a>, accessed on March 27, 2022.<\/p>\n\n\n\n<p class=\"has-small-font-size\">The Lancet. (2014). <em>Global, regional, and national levels of neonatal, infant, and under-5 mortality during 1990\u20132013: a systematic analysis for the Global Burden of Disease Study 2013<\/em>. Retrieved from The Lancet: <a href=\"https:\/\/www.thelancet.com\/journals\/lancet\/article\/PIIS0140-6736(14)60497-9\/fulltext\" target=\"_blank\" rel=\"noreferrer noopener\">https:\/\/www.thelancet.com\/journals\/lancet\/article\/PIIS0140-6736(14)60497-9\/fulltext<\/a>, accessed on March 29, 2022.<\/p>\n\n\n\n<p class=\"has-small-font-size\">The Lancet. (2015). <em>Global, regional, and national age\u2013sex specific all-cause and cause-specific mortality for 240 causes of death, 1990\u20132013: a systematic analysis for the Global Burden of Disease Study 2013<\/em>. Retrieved from The Lancet:<a href=\"https:\/\/www.thelancet.com\/journals\/lancet\/article\/PIIS0140-6736(14)61682-2\/fulltext\" target=\"_blank\" rel=\"noreferrer noopener\"> https:\/\/www.thelancet.com\/journals\/lancet\/article\/PIIS0140-6736(14)61682-2\/fulltext<\/a>, accessed on March 28, 2022<\/p>\n\n\n\n<p class=\"has-small-font-size\">Unicef. (2021). <em>Child survival and the SDGs<\/em>. Retrieved from Unicef: <a href=\"https:\/\/data.unicef.org\/topic\/child-survival\/child-survival-sdgs\/#:~:text=The%20proposed%20SDG%20target%20for,deaths%20per%201%2C000%20live%20births\" target=\"_blank\" rel=\"noreferrer noopener\">https:\/\/data.unicef.org\/topic\/child-survival\/child-survival-sdgs\/#:~:text=The%20proposed%20SDG%20target%20for,deaths%20per%201%2C000%20live%20births<\/a>,&nbsp; accessed on March 28, 2022.<\/p>\n","protected":false},"excerpt":{"rendered":"<p>Los cuidados intensivos pedi\u00e1tricos son fundamentales para reducir la morbilidad y la mortalidad a nivel mundial. En las zonas rurales, la mayor\u00eda de los hospitales no disponen de unidades de cuidados intensivos, de personal sanitario formado para atender a los ni\u00f1os en estado cr\u00edtico, ni de un acceso r\u00e1pido a los medicamentos, suministros y equipos [&hellip;]<\/p>\n","protected":false},"author":35,"featured_media":16815,"comment_status":"closed","ping_status":"closed","sticky":false,"template":"","format":"standard","meta":{"footnotes":""},"categories":[157,8],"tags":[],"class_list":["post-16812","post","type-post","status-publish","format-standard","has-post-thumbnail","hentry","category-pobreza","category-salud"],"yoast_head":"<!-- This site is optimized with the Yoast SEO plugin v26.5 - https:\/\/yoast.com\/wordpress\/plugins\/seo\/ -->\n<title>La falta de acceso a los cuidados intensivos pedi\u00e1tricos en las zonas rurales amenaza el derecho a la vida de la infancia - Humanium<\/title>\n<meta name=\"description\" content=\"Los ni\u00f1os de las zonas rurales se enfrentan a crecientes barreras para la atenci\u00f3n pedi\u00e1trica y a constantes riesgos para su vida.\" \/>\n<meta name=\"robots\" content=\"index, follow, max-snippet:-1, max-image-preview:large, max-video-preview:-1\" \/>\n<link rel=\"canonical\" href=\"https:\/\/www.humanium.org\/es\/la-falta-de-acceso-a-los-cuidados-intensivos-pediatricos-en-las-zonas-rurales-amenaza-el-derecho-a-la-vida-de-la-infancia\/\" \/>\n<meta property=\"og:locale\" content=\"es_ES\" \/>\n<meta property=\"og:type\" content=\"article\" \/>\n<meta property=\"og:title\" content=\"La falta de acceso a los cuidados intensivos pedi\u00e1tricos en las zonas rurales amenaza el derecho a la vida de la infancia - Humanium\" \/>\n<meta property=\"og:description\" content=\"Los ni\u00f1os de las zonas rurales se enfrentan a crecientes barreras para la atenci\u00f3n pedi\u00e1trica y a constantes riesgos para su vida.\" \/>\n<meta property=\"og:url\" content=\"https:\/\/www.humanium.org\/es\/la-falta-de-acceso-a-los-cuidados-intensivos-pediatricos-en-las-zonas-rurales-amenaza-el-derecho-a-la-vida-de-la-infancia\/\" \/>\n<meta property=\"og:site_name\" content=\"Humanium\" \/>\n<meta property=\"article:published_time\" content=\"2022-04-26T15:39:46+00:00\" \/>\n<meta property=\"article:modified_time\" content=\"2025-12-13T21:49:34+00:00\" \/>\n<meta property=\"og:image\" content=\"https:\/\/www.humanium.org\/es\/wp-content\/uploads\/2022\/04\/shutterstock_92883559-scaled.jpg\" \/>\n\t<meta property=\"og:image:width\" content=\"2560\" \/>\n\t<meta property=\"og:image:height\" content=\"1707\" \/>\n\t<meta property=\"og:image:type\" content=\"image\/jpeg\" \/>\n<meta name=\"author\" content=\"Federica Versea\" \/>\n<meta name=\"twitter:card\" content=\"summary_large_image\" \/>\n<meta name=\"twitter:label1\" content=\"Escrito por\" \/>\n\t<meta name=\"twitter:data1\" content=\"Federica Versea\" \/>\n\t<meta name=\"twitter:label2\" content=\"Tiempo de lectura\" \/>\n\t<meta name=\"twitter:data2\" content=\"13 minutos\" \/>\n<script type=\"application\/ld+json\" class=\"yoast-schema-graph\">{\"@context\":\"https:\/\/schema.org\",\"@graph\":[{\"@type\":\"WebPage\",\"@id\":\"https:\/\/www.humanium.org\/es\/la-falta-de-acceso-a-los-cuidados-intensivos-pediatricos-en-las-zonas-rurales-amenaza-el-derecho-a-la-vida-de-la-infancia\/\",\"url\":\"https:\/\/www.humanium.org\/es\/la-falta-de-acceso-a-los-cuidados-intensivos-pediatricos-en-las-zonas-rurales-amenaza-el-derecho-a-la-vida-de-la-infancia\/\",\"name\":\"La falta de acceso a los cuidados intensivos pedi\u00e1tricos en las zonas rurales amenaza el derecho a la vida de la infancia - Humanium\",\"isPartOf\":{\"@id\":\"https:\/\/www.humanium.org\/es\/#website\"},\"primaryImageOfPage\":{\"@id\":\"https:\/\/www.humanium.org\/es\/la-falta-de-acceso-a-los-cuidados-intensivos-pediatricos-en-las-zonas-rurales-amenaza-el-derecho-a-la-vida-de-la-infancia\/#primaryimage\"},\"image\":{\"@id\":\"https:\/\/www.humanium.org\/es\/la-falta-de-acceso-a-los-cuidados-intensivos-pediatricos-en-las-zonas-rurales-amenaza-el-derecho-a-la-vida-de-la-infancia\/#primaryimage\"},\"thumbnailUrl\":\"https:\/\/www.humanium.org\/es\/wp-content\/uploads\/2022\/04\/shutterstock_92883559-scaled.jpg\",\"datePublished\":\"2022-04-26T15:39:46+00:00\",\"dateModified\":\"2025-12-13T21:49:34+00:00\",\"author\":{\"@id\":\"https:\/\/www.humanium.org\/es\/#\/schema\/person\/0bd9569f30ff720425ca1a3a8a68cad9\"},\"description\":\"Los ni\u00f1os de las zonas rurales se enfrentan a crecientes barreras para la atenci\u00f3n pedi\u00e1trica y a constantes riesgos para su vida.\",\"breadcrumb\":{\"@id\":\"https:\/\/www.humanium.org\/es\/la-falta-de-acceso-a-los-cuidados-intensivos-pediatricos-en-las-zonas-rurales-amenaza-el-derecho-a-la-vida-de-la-infancia\/#breadcrumb\"},\"inLanguage\":\"es\",\"potentialAction\":[{\"@type\":\"ReadAction\",\"target\":[\"https:\/\/www.humanium.org\/es\/la-falta-de-acceso-a-los-cuidados-intensivos-pediatricos-en-las-zonas-rurales-amenaza-el-derecho-a-la-vida-de-la-infancia\/\"]}]},{\"@type\":\"ImageObject\",\"inLanguage\":\"es\",\"@id\":\"https:\/\/www.humanium.org\/es\/la-falta-de-acceso-a-los-cuidados-intensivos-pediatricos-en-las-zonas-rurales-amenaza-el-derecho-a-la-vida-de-la-infancia\/#primaryimage\",\"url\":\"https:\/\/www.humanium.org\/es\/wp-content\/uploads\/2022\/04\/shutterstock_92883559-scaled.jpg\",\"contentUrl\":\"https:\/\/www.humanium.org\/es\/wp-content\/uploads\/2022\/04\/shutterstock_92883559-scaled.jpg\",\"width\":2560,\"height\":1707},{\"@type\":\"BreadcrumbList\",\"@id\":\"https:\/\/www.humanium.org\/es\/la-falta-de-acceso-a-los-cuidados-intensivos-pediatricos-en-las-zonas-rurales-amenaza-el-derecho-a-la-vida-de-la-infancia\/#breadcrumb\",\"itemListElement\":[{\"@type\":\"ListItem\",\"position\":1,\"name\":\"Home\",\"item\":\"https:\/\/www.humanium.org\/es\/\"},{\"@type\":\"ListItem\",\"position\":2,\"name\":\"La falta de acceso a los cuidados intensivos pedi\u00e1tricos en las zonas rurales amenaza el derecho a la vida de la infancia\"}]},{\"@type\":\"WebSite\",\"@id\":\"https:\/\/www.humanium.org\/es\/#website\",\"url\":\"https:\/\/www.humanium.org\/es\/\",\"name\":\"Humanium\",\"description\":\"\u00a1Los ni\u00f1os primero!\",\"potentialAction\":[{\"@type\":\"SearchAction\",\"target\":{\"@type\":\"EntryPoint\",\"urlTemplate\":\"https:\/\/www.humanium.org\/es\/?s={search_term_string}\"},\"query-input\":{\"@type\":\"PropertyValueSpecification\",\"valueRequired\":true,\"valueName\":\"search_term_string\"}}],\"inLanguage\":\"es\"},{\"@type\":\"Person\",\"@id\":\"https:\/\/www.humanium.org\/es\/#\/schema\/person\/0bd9569f30ff720425ca1a3a8a68cad9\",\"name\":\"Federica Versea\",\"image\":{\"@type\":\"ImageObject\",\"inLanguage\":\"es\",\"@id\":\"https:\/\/www.humanium.org\/es\/#\/schema\/person\/image\/\",\"url\":\"https:\/\/secure.gravatar.com\/avatar\/1e1890e2c1c195a1b0a69d6e566791d35f7bc8e8b35c66576fb1bc68ea9d51d9?s=96&d=mm&r=g\",\"contentUrl\":\"https:\/\/secure.gravatar.com\/avatar\/1e1890e2c1c195a1b0a69d6e566791d35f7bc8e8b35c66576fb1bc68ea9d51d9?s=96&d=mm&r=g\",\"caption\":\"Federica Versea\"},\"sameAs\":[\"https:\/\/www.linkedin.com\/in\/federica-versea-a579911a8\/\"],\"url\":\"https:\/\/www.humanium.org\/es\/author\/autor_federicaversea\/\"}]}<\/script>\n<!-- \/ Yoast SEO plugin. -->","yoast_head_json":{"title":"La falta de acceso a los cuidados intensivos pedi\u00e1tricos en las zonas rurales amenaza el derecho a la vida de la infancia - Humanium","description":"Los ni\u00f1os de las zonas rurales se enfrentan a crecientes barreras para la atenci\u00f3n pedi\u00e1trica y a constantes riesgos para su vida.","robots":{"index":"index","follow":"follow","max-snippet":"max-snippet:-1","max-image-preview":"max-image-preview:large","max-video-preview":"max-video-preview:-1"},"canonical":"https:\/\/www.humanium.org\/es\/la-falta-de-acceso-a-los-cuidados-intensivos-pediatricos-en-las-zonas-rurales-amenaza-el-derecho-a-la-vida-de-la-infancia\/","og_locale":"es_ES","og_type":"article","og_title":"La falta de acceso a los cuidados intensivos pedi\u00e1tricos en las zonas rurales amenaza el derecho a la vida de la infancia - Humanium","og_description":"Los ni\u00f1os de las zonas rurales se enfrentan a crecientes barreras para la atenci\u00f3n pedi\u00e1trica y a constantes riesgos para su vida.","og_url":"https:\/\/www.humanium.org\/es\/la-falta-de-acceso-a-los-cuidados-intensivos-pediatricos-en-las-zonas-rurales-amenaza-el-derecho-a-la-vida-de-la-infancia\/","og_site_name":"Humanium","article_published_time":"2022-04-26T15:39:46+00:00","article_modified_time":"2025-12-13T21:49:34+00:00","og_image":[{"width":2560,"height":1707,"url":"https:\/\/www.humanium.org\/es\/wp-content\/uploads\/2022\/04\/shutterstock_92883559-scaled.jpg","type":"image\/jpeg"}],"author":"Federica Versea","twitter_card":"summary_large_image","twitter_misc":{"Escrito por":"Federica Versea","Tiempo de lectura":"13 minutos"},"schema":{"@context":"https:\/\/schema.org","@graph":[{"@type":"WebPage","@id":"https:\/\/www.humanium.org\/es\/la-falta-de-acceso-a-los-cuidados-intensivos-pediatricos-en-las-zonas-rurales-amenaza-el-derecho-a-la-vida-de-la-infancia\/","url":"https:\/\/www.humanium.org\/es\/la-falta-de-acceso-a-los-cuidados-intensivos-pediatricos-en-las-zonas-rurales-amenaza-el-derecho-a-la-vida-de-la-infancia\/","name":"La falta de acceso a los cuidados intensivos pedi\u00e1tricos en las zonas rurales amenaza el derecho a la vida de la infancia - Humanium","isPartOf":{"@id":"https:\/\/www.humanium.org\/es\/#website"},"primaryImageOfPage":{"@id":"https:\/\/www.humanium.org\/es\/la-falta-de-acceso-a-los-cuidados-intensivos-pediatricos-en-las-zonas-rurales-amenaza-el-derecho-a-la-vida-de-la-infancia\/#primaryimage"},"image":{"@id":"https:\/\/www.humanium.org\/es\/la-falta-de-acceso-a-los-cuidados-intensivos-pediatricos-en-las-zonas-rurales-amenaza-el-derecho-a-la-vida-de-la-infancia\/#primaryimage"},"thumbnailUrl":"https:\/\/www.humanium.org\/es\/wp-content\/uploads\/2022\/04\/shutterstock_92883559-scaled.jpg","datePublished":"2022-04-26T15:39:46+00:00","dateModified":"2025-12-13T21:49:34+00:00","author":{"@id":"https:\/\/www.humanium.org\/es\/#\/schema\/person\/0bd9569f30ff720425ca1a3a8a68cad9"},"description":"Los ni\u00f1os de las zonas rurales se enfrentan a crecientes barreras para la atenci\u00f3n pedi\u00e1trica y a constantes riesgos para su vida.","breadcrumb":{"@id":"https:\/\/www.humanium.org\/es\/la-falta-de-acceso-a-los-cuidados-intensivos-pediatricos-en-las-zonas-rurales-amenaza-el-derecho-a-la-vida-de-la-infancia\/#breadcrumb"},"inLanguage":"es","potentialAction":[{"@type":"ReadAction","target":["https:\/\/www.humanium.org\/es\/la-falta-de-acceso-a-los-cuidados-intensivos-pediatricos-en-las-zonas-rurales-amenaza-el-derecho-a-la-vida-de-la-infancia\/"]}]},{"@type":"ImageObject","inLanguage":"es","@id":"https:\/\/www.humanium.org\/es\/la-falta-de-acceso-a-los-cuidados-intensivos-pediatricos-en-las-zonas-rurales-amenaza-el-derecho-a-la-vida-de-la-infancia\/#primaryimage","url":"https:\/\/www.humanium.org\/es\/wp-content\/uploads\/2022\/04\/shutterstock_92883559-scaled.jpg","contentUrl":"https:\/\/www.humanium.org\/es\/wp-content\/uploads\/2022\/04\/shutterstock_92883559-scaled.jpg","width":2560,"height":1707},{"@type":"BreadcrumbList","@id":"https:\/\/www.humanium.org\/es\/la-falta-de-acceso-a-los-cuidados-intensivos-pediatricos-en-las-zonas-rurales-amenaza-el-derecho-a-la-vida-de-la-infancia\/#breadcrumb","itemListElement":[{"@type":"ListItem","position":1,"name":"Home","item":"https:\/\/www.humanium.org\/es\/"},{"@type":"ListItem","position":2,"name":"La falta de acceso a los cuidados intensivos pedi\u00e1tricos en las zonas rurales amenaza el derecho a la vida de la infancia"}]},{"@type":"WebSite","@id":"https:\/\/www.humanium.org\/es\/#website","url":"https:\/\/www.humanium.org\/es\/","name":"Humanium","description":"\u00a1Los ni\u00f1os primero!","potentialAction":[{"@type":"SearchAction","target":{"@type":"EntryPoint","urlTemplate":"https:\/\/www.humanium.org\/es\/?s={search_term_string}"},"query-input":{"@type":"PropertyValueSpecification","valueRequired":true,"valueName":"search_term_string"}}],"inLanguage":"es"},{"@type":"Person","@id":"https:\/\/www.humanium.org\/es\/#\/schema\/person\/0bd9569f30ff720425ca1a3a8a68cad9","name":"Federica Versea","image":{"@type":"ImageObject","inLanguage":"es","@id":"https:\/\/www.humanium.org\/es\/#\/schema\/person\/image\/","url":"https:\/\/secure.gravatar.com\/avatar\/1e1890e2c1c195a1b0a69d6e566791d35f7bc8e8b35c66576fb1bc68ea9d51d9?s=96&d=mm&r=g","contentUrl":"https:\/\/secure.gravatar.com\/avatar\/1e1890e2c1c195a1b0a69d6e566791d35f7bc8e8b35c66576fb1bc68ea9d51d9?s=96&d=mm&r=g","caption":"Federica Versea"},"sameAs":["https:\/\/www.linkedin.com\/in\/federica-versea-a579911a8\/"],"url":"https:\/\/www.humanium.org\/es\/author\/autor_federicaversea\/"}]}},"_links":{"self":[{"href":"https:\/\/www.humanium.org\/es\/wp-json\/wp\/v2\/posts\/16812","targetHints":{"allow":["GET"]}}],"collection":[{"href":"https:\/\/www.humanium.org\/es\/wp-json\/wp\/v2\/posts"}],"about":[{"href":"https:\/\/www.humanium.org\/es\/wp-json\/wp\/v2\/types\/post"}],"author":[{"embeddable":true,"href":"https:\/\/www.humanium.org\/es\/wp-json\/wp\/v2\/users\/35"}],"replies":[{"embeddable":true,"href":"https:\/\/www.humanium.org\/es\/wp-json\/wp\/v2\/comments?post=16812"}],"version-history":[{"count":4,"href":"https:\/\/www.humanium.org\/es\/wp-json\/wp\/v2\/posts\/16812\/revisions"}],"predecessor-version":[{"id":21854,"href":"https:\/\/www.humanium.org\/es\/wp-json\/wp\/v2\/posts\/16812\/revisions\/21854"}],"wp:featuredmedia":[{"embeddable":true,"href":"https:\/\/www.humanium.org\/es\/wp-json\/wp\/v2\/media\/16815"}],"wp:attachment":[{"href":"https:\/\/www.humanium.org\/es\/wp-json\/wp\/v2\/media?parent=16812"}],"wp:term":[{"taxonomy":"category","embeddable":true,"href":"https:\/\/www.humanium.org\/es\/wp-json\/wp\/v2\/categories?post=16812"},{"taxonomy":"post_tag","embeddable":true,"href":"https:\/\/www.humanium.org\/es\/wp-json\/wp\/v2\/tags?post=16812"}],"curies":[{"name":"wp","href":"https:\/\/api.w.org\/{rel}","templated":true}]}}