{"id":17102,"date":"2022-08-30T09:22:48","date_gmt":"2022-08-30T09:22:48","guid":{"rendered":"https:\/\/www.humanium.org\/es\/?p=17102"},"modified":"2025-12-13T21:50:46","modified_gmt":"2025-12-13T21:50:46","slug":"humanium-se-hace-oir-para-abogar-por-la-erradicacion-del-trabajo-infantil-y-la-trata-de-personas","status":"publish","type":"post","link":"https:\/\/www.humanium.org\/es\/humanium-se-hace-oir-para-abogar-por-la-erradicacion-del-trabajo-infantil-y-la-trata-de-personas\/","title":{"rendered":"Humanium se hace o\u00edr para abogar por la erradicaci\u00f3n del trabajo infantil y la trata de personas"},"content":{"rendered":"\n<p><strong>Humanium est\u00e1 comprometida con la lucha contra el <\/strong><a href=\"https:\/\/www.humanium.org\/es\/enfoques-tematicos\/explotacion\/trabajo-infantil\/\"><strong>trabajo<\/strong><\/a><strong> infantil y la trata de menores y trabaja activamente en varios proyectos de diferentes niveles destinados a eliminar estas pr\u00e1cticas y garantizar el pleno respeto de los derechos de los ni\u00f1os. Humanium, en efecto, act\u00faa en estrecha colaboraci\u00f3n con la sociedad civil para entablar alianzas s\u00f3lidas con el fin de hacer efectivos los derechos de los ni\u00f1os y plantear recomendaciones y propuestas en el marco de las Naciones Unidas.<\/strong><\/p>\n\n\n\n<h2 class=\"wp-block-heading\"><strong>El trabajo infantil: una clara violaci\u00f3n de los derechos del ni\u00f1o<\/strong><\/h2>\n\n\n\n<p>La Organizaci\u00f3n Internacional del Trabajo (OIT) define el <a href=\"https:\/\/www.humanium.org\/es\/enfoques-tematicos\/explotacion\/trabajo-infantil\/\">trabajo infantil<\/a> como una violaci\u00f3n flagrante de los <a href=\"https:\/\/www.humanium.org\/es\/derechos-ninos\/\">derechos de los ni\u00f1os<\/a>. As\u00ed se encuentra estipulado en el art\u00edculo 32 de la Convenci\u00f3n sobre los Derechos del Ni\u00f1o, que especifica que se trata de todo \u00abtrabajo que es peligroso y prejudicial para el bienestar f\u00edsico, mental o moral del ni\u00f1o e interfiere con su escolarizaci\u00f3n puesto que: le priva de la posibilidad de asistir a clases; le obliga a abandonar la escuela de forma prematura o le exige combinar el estudio con un trabajo pesado y que demanda mucho tiempo\u00bb (OIT, 2017). <\/p>\n\n\n\n<p>Adem\u00e1s, define el <a href=\"https:\/\/www.humanium.org\/es\/enfoques-tematicos\/explotacion\/trabajo-infantil\/\">trabajo infantil<\/a> como \u00abtodo trabajo que priva a los ni\u00f1os de su ni\u00f1ez, su potencial y su dignidad\u00bb (OIT, 2017).&nbsp;Seg\u00fan un informe publicado recientemente por la OIT y la agencia de la ONU para la infancia, UNICEF, m\u00e1s de 160 millones de ni\u00f1os est\u00e1n sometidos al <a href=\"https:\/\/www.humanium.org\/es\/enfoques-tematicos\/explotacion\/trabajo-infantil\/\">trabajo infantil<\/a> en todo el mundo.&nbsp;<\/p>\n\n\n\n<p>Humanium respalda el llamamiento mundial para tomar medidas urgentes con el fin de abordar esta triste realidad y se preocupa por la posibilidad de que millones de ni\u00f1os pronto sean obligados a <a href=\"https:\/\/www.humanium.org\/es\/enfoques-tematicos\/explotacion\/trabajo-infantil\/\">trabajar<\/a>, lo que puede poner en riesgo su <a href=\"https:\/\/www.humanium.org\/es\/enfoques-tematicos\/salud\/\">salud<\/a> f\u00edsica y mental (UNICEF, 2022). De hecho, el <a href=\"https:\/\/www.humanium.org\/es\/enfoques-tematicos\/explotacion\/trabajo-infantil\/\">trabajo infantil<\/a> tambi\u00e9n tiene un impacto estructural en el disfrute de otros <a href=\"https:\/\/www.humanium.org\/es\/derechos-ninos\/\">derechos humanos<\/a>, como el derecho a una vivienda digna, a la <a href=\"https:\/\/www.humanium.org\/es\/derecho-educacion\/\">educaci\u00f3n<\/a>, al m\u00e1ximo nivel&nbsp;posible de <a href=\"https:\/\/www.humanium.org\/es\/enfoques-tematicos\/salud\/\">salud<\/a> y a un <a href=\"https:\/\/www.humanium.org\/es\/enfoques-tematicos\/ambiente\/\">entorno saludable<\/a> y suele tener su origen en diversas formas de <a href=\"https:\/\/www.humanium.org\/es\/enfoques-tematicos\/discriminacion\/\">discriminaci\u00f3n<\/a>, como la estructural y la racial.&nbsp;<\/p>\n\n\n\n<h2 class=\"wp-block-heading\"><strong>Las causas subyacentes del aumento de casos de trabajo infantil<\/strong><\/h2>\n\n\n\n<p>La <a href=\"https:\/\/www.humanium.org\/es\/el-impacto-de-la-pandemia-de-covid-19-en-la-mortalidad-infantil-y-sus-danos-colaterales\/\">pandemia de COVID-19<\/a> y los <a href=\"https:\/\/www.humanium.org\/es\/ninos-en-conflicto-armado-la-crisis-de-ucrania\/\">conflictos armados<\/a>, junto con las crisis <a href=\"https:\/\/www.humanium.org\/es\/derecho-alimentacion\/\">alimentarias<\/a> y humanitarias y el <a href=\"https:\/\/www.humanium.org\/es\/enfoques-tematicos\/ambiente\/emergencia-climatica\/\">cambio clim\u00e1tico<\/a>, amenazan con revertir a\u00f1os de progreso contra el <a href=\"https:\/\/www.humanium.org\/es\/enfoques-tematicos\/explotacion\/trabajo-infantil\/\">trabajo infantil<\/a>. Para invertir esta tendencia, es necesario que los representantes de los gobiernos, las organizaciones de trabajadores y patronales, las agencias de la ONU, la sociedad civil y las organizaciones regionales tomen medidas y act\u00faen urgentemente (ACNUDH, 2022).<\/p>\n\n\n\n<p>De hecho, el impacto mundial de la pandemia y los <a href=\"https:\/\/www.humanium.org\/es\/ninos-en-conflicto-armado-la-crisis-de-ucrania\/\">conflictos armados actuales<\/a> sobre los ni\u00f1os y sus familias afecta a muchos aspectos de su vida, algo que confirma el Informe sobre Trabajo Infantil 2022 de Terre des Hommes International Federation (Terre des Hommes International Federation, 2022). Para millones de ni\u00f1os, la inestabilidad ocasionada por las crisis actuales supone <a href=\"https:\/\/www.humanium.org\/es\/derecho-alimentacion\/\">hambre<\/a>, <a href=\"https:\/\/www.humanium.org\/es\/enfoques-tematicos\/pobreza\/pobreza-infantil\/\">pobreza<\/a> y el fin de las oportunidades <a href=\"https:\/\/www.humanium.org\/es\/derecho-educacion\/\">educativas<\/a>.&nbsp;<\/p>\n\n\n\n<p>Los estudios de campo llevados a cabo por Terre des Hommes en India y <a href=\"https:\/\/www.humanium.org\/es\/peru\/\">Per\u00fa<\/a> indicaron que muchos ni\u00f1os hab\u00edan comenzado a trabajar como consecuencia de la pandemia para garantizar la supervivencia de sus familias y, por primera vez en 20 a\u00f1os, el <a href=\"https:\/\/www.humanium.org\/es\/enfoques-tematicos\/explotacion\/trabajo-infantil\/\">trabajo infantil<\/a> est\u00e1 aumentando en todo el mundo (Terre des Hommes International Federation, 2022).<\/p>\n\n\n\n<figure class=\"wp-block-image size-large\"><img loading=\"lazy\" decoding=\"async\" width=\"1024\" height=\"683\" src=\"https:\/\/www.humanium.org\/es\/wp-content\/uploads\/2022\/08\/shutterstock_1075538627-1024x683.jpg\" alt=\"\" class=\"wp-image-17104\" srcset=\"https:\/\/www.humanium.org\/es\/wp-content\/uploads\/2022\/08\/shutterstock_1075538627-1024x683.jpg 1024w, https:\/\/www.humanium.org\/es\/wp-content\/uploads\/2022\/08\/shutterstock_1075538627-300x200.jpg 300w, https:\/\/www.humanium.org\/es\/wp-content\/uploads\/2022\/08\/shutterstock_1075538627-768x512.jpg 768w, https:\/\/www.humanium.org\/es\/wp-content\/uploads\/2022\/08\/shutterstock_1075538627-1536x1024.jpg 1536w, https:\/\/www.humanium.org\/es\/wp-content\/uploads\/2022\/08\/shutterstock_1075538627-2048x1365.jpg 2048w, https:\/\/www.humanium.org\/es\/wp-content\/uploads\/2022\/08\/shutterstock_1075538627-830x553.jpg 830w, https:\/\/www.humanium.org\/es\/wp-content\/uploads\/2022\/08\/shutterstock_1075538627-230x153.jpg 230w, https:\/\/www.humanium.org\/es\/wp-content\/uploads\/2022\/08\/shutterstock_1075538627-350x233.jpg 350w, https:\/\/www.humanium.org\/es\/wp-content\/uploads\/2022\/08\/shutterstock_1075538627-480x320.jpg 480w, https:\/\/www.humanium.org\/es\/wp-content\/uploads\/2022\/08\/shutterstock_1075538627-272x182.jpg 272w\" sizes=\"auto, (max-width: 1024px) 100vw, 1024px\" \/><\/figure>\n\n\n\n<p>Los Gobiernos deben actuar de manera r\u00e1pida, efectiva y continua para eliminar el <a href=\"https:\/\/www.humanium.org\/es\/enfoques-tematicos\/explotacion\/trabajo-infantil\/\">trabajo infantil<\/a>. Adem\u00e1s, las empresas deben contar con protocolos de diligencia debida para garantizar que no haya trabajo infantil en ning\u00fan eslab\u00f3n de las cadenas de suministro y, en caso de encontrarlo, exigir responsabilidades a todas las empresas subsidiarias, contratistas y subcontratistas de acuerdo con los Principios Rectores sobre las Empresas y los Derechos Humanos de las Naciones Unidas. Asimismo, los Gobiernos deben asegurarse de que todos los involucrados en el empleo de <a href=\"https:\/\/www.humanium.org\/es\/enfoques-tematicos\/explotacion\/trabajo-infantil\/\">trabajo infantil<\/a> respondan por ello.<\/p>\n\n\n\n<p>De modo m\u00e1s general, la comunidad internacional debe adoptar medidas que permitan que los m\u00e1s pobres vuelvan a tener acceso a los recursos econ\u00f3micos y a los servicios sociales. Esto incluye, sobre todo, la protecci\u00f3n contra la violencia y el acceso a la <a href=\"https:\/\/www.humanium.org\/es\/derecho-educacion\/\">educaci\u00f3n<\/a> que permite que los ni\u00f1os no sean explotados como trabajadores.<\/p>\n\n\n\n<h2 class=\"wp-block-heading\"><strong>La lucha de Humanium para combatir el trabajo y la trata infantiles<\/strong><\/h2>\n\n\n\n<p>Humanium se enorgullece de su compromiso para contribuir a la lucha por un mundo donde el <a href=\"https:\/\/www.humanium.org\/es\/enfoques-tematicos\/explotacion\/trabajo-infantil\/\">trabajo infantil<\/a> y la <a href=\"https:\/\/www.humanium.org\/es\/enfoques-tematicos\/explotacion\/trata-ninos\/\">trata de personas<\/a> se combatan de forma eficaz y los ni\u00f1os ya no sufran <a href=\"https:\/\/www.humanium.org\/es\/enfoques-tematicos\/explotacion\/\">explotaci\u00f3n<\/a>.&nbsp;<\/p>\n\n\n\n<p>La labor de Humanium contra el <a href=\"https:\/\/www.humanium.org\/es\/enfoques-tematicos\/explotacion\/trabajo-infantil\/\">trabajo infantil<\/a> prosigue desde hace a\u00f1os y es multidimensional. De hecho, Humanium ha participado en varios grupos de trabajo en los que se est\u00e1n desarrollando estrategias para luchar contra el <a href=\"https:\/\/www.humanium.org\/es\/enfoques-tematicos\/explotacion\/trabajo-infantil\/\">trabajo infantil<\/a> proponiendo soluciones y alternativas a las pr\u00e1cticas actuales. <\/p>\n\n\n\n<p>Como parte de estos grupos de trabajo, el 19 de mayo de 2022, Humanium asisti\u00f3 a la Conferencia Mundial sobre la Eliminaci\u00f3n del Trabajo Infantil, donde cuatro delegados de los comit\u00e9s asesores formados por ni\u00f1os tomaron la palabra y declararon: \u00abEsc\u00fachennos. Enti\u00e9ndannos. Adopten leyes que respeten nuestros derechos\u00bb (Comit\u00e9s asesores, V Conferencia Mundial sobre la Eliminaci\u00f3n del Trabajo Infantil).<\/p>\n\n\n\n<p>Durante este evento, se reiter\u00f3 el concepto de <em>building back better<\/em> (reconstruir mejor) despu\u00e9s del COVID-19 y de empoderamiento de los diferentes actores para revertir las cifras en aumento del <a href=\"https:\/\/www.humanium.org\/es\/enfoques-tematicos\/explotacion\/trabajo-infantil\/\">trabajo infantil<\/a>. Esto significa que es necesario reconocer los problemas end\u00e9micos y las crisis que exist\u00edan antes de la pandemia, considerar su evoluci\u00f3n actual e intentar reconstruir de modo m\u00e1s consciente un mundo en el que los derechos de los ni\u00f1os est\u00e9n garantizados.<\/p>\n\n\n\n<p>Humanium tambi\u00e9n acogi\u00f3 con agrado la <a href=\"https:\/\/www.humanium.org\/es\/humanium-presenta-a-la-onu-propuestas-contra-la-trata-de-menores-en-la-agricultura\/\">petici\u00f3n de aportaciones<\/a> emitida por el Relator especial sobre la <a href=\"https:\/\/www.humanium.org\/es\/enfoques-tematicos\/explotacion\/trata-ninos\/\">trata de personas<\/a>, en especial las mujeres y los ni\u00f1os. Su informe se present\u00f3 en la sesi\u00f3n n\u00famero 50 del Consejo de Derechos Humanos en junio de 2022 para combatir la <a href=\"https:\/\/www.humanium.org\/es\/enfoques-tematicos\/explotacion\/\">explotaci\u00f3n<\/a> de ni\u00f1os en el sector agr\u00edcola. De hecho, alrededor del 59&nbsp;% de todos los ni\u00f1os de entre 5 y 17&nbsp;a\u00f1os que son v\u00edctimas de <a href=\"https:\/\/www.humanium.org\/es\/enfoques-tematicos\/explotacion\/trata-ninos\/\">trata<\/a> trabajan en el sector agr\u00edcola y son particularmente propensos a correr riesgos y estar en condiciones inseguras que pongan en peligro su <a href=\"https:\/\/www.humanium.org\/es\/enfoques-tematicos\/salud\/\">salud<\/a> y su desarrollo tanto f\u00edsico como mental (OIT, 2017).<\/p>\n\n\n\n<p>En enero de 2022, Humanium present\u00f3 una serie de propuestas para mejorar la prestaci\u00f3n de servicios b\u00e1sicos como la <a href=\"https:\/\/www.humanium.org\/es\/derecho-educacion\/\">educaci\u00f3n<\/a>, la protecci\u00f3n social, el empleo, las garant\u00edas laborales y el acceso a la <a href=\"https:\/\/www.humanium.org\/es\/enfoques-tematicos\/salud\/\">salud<\/a> y a la justicia. Humanium tambi\u00e9n fue un paso m\u00e1s all\u00e1 al incluir la correlaci\u00f3n entre el aumento del <a href=\"https:\/\/www.humanium.org\/es\/enfoques-tematicos\/explotacion\/trabajo-infantil\/\">trabajo infantil<\/a> y el <a href=\"https:\/\/www.humanium.org\/es\/enfoques-tematicos\/ambiente\/emergencia-climatica\/\">cambio clim\u00e1tico<\/a>. <\/p>\n\n\n\n<p>De hecho, la trata de personas es una consecuencia involuntaria pero directa del cambio clim\u00e1tico (Center for Biological Diversity, 2018). Se ha denunciado que los impactos tanto del lento deterioro ambiental como de los desastres repentinos contribuyen a la movilidad y, tan solo en 2020, hubo alrededor de 9,8&nbsp;millones de <a href=\"https:\/\/www.humanium.org\/es\/enfoques-tematicos\/ambiente\/ninos-refugiados-climaticos\/\">ni\u00f1os desplazados<\/a> por el cambio clim\u00e1tico expuestos totalmente al peligro de sufrir <a href=\"https:\/\/www.humanium.org\/es\/enfoques-tematicos\/explotacion\/\">explotaci\u00f3n<\/a> y <a href=\"https:\/\/www.humanium.org\/es\/enfoques-tematicos\/explotacion\/trabajo-infantil\/\">trabajo infantil<\/a> (UNICEF, 2021).<\/p>\n\n\n\n<p>Humanium, como organizaci\u00f3n, tambi\u00e9n est\u00e1 colaborando activamente en trabajos de campo que buscan eliminar el <a href=\"https:\/\/www.humanium.org\/es\/enfoques-tematicos\/explotacion\/trabajo-infantil\/\">trabajo infantil<\/a>. Junto con Hand in Hand India, Humanium obra para erradicar el <a href=\"https:\/\/www.humanium.org\/es\/enfoques-tematicos\/explotacion\/trabajo-infantil\/\">trabajo infantil<\/a> a trav\u00e9s de la educaci\u00f3n al ofrecer a ni\u00f1os que trabajaban del Centro Residencial de Capacitaci\u00f3n Especial de Madhya Pradesh, en India, apoyo educativo, f\u00edsico, mental y emocional personalizado para, en \u00faltima instancia, reintegrarlos en escuelas p\u00fablicas.&nbsp;<\/p>\n\n\n\n<p>Por \u00faltimo, Humanium se enorgullece de continuar su labor por un mundo donde el <a href=\"https:\/\/www.humanium.org\/es\/enfoques-tematicos\/explotacion\/trabajo-infantil\/\">trabajo infantil<\/a> se haya erradicado eficazmente y en el que se proteja a los ni\u00f1os y familias vulnerables para que no vuelvan a ser sometidos a <a href=\"https:\/\/www.humanium.org\/es\/enfoques-tematicos\/explotacion\/trabajo-infantil\/\">explotaci\u00f3n<\/a>.&nbsp;<\/p>\n\n\n\n<figure class=\"wp-block-image size-full\"><img loading=\"lazy\" decoding=\"async\" width=\"940\" height=\"788\" src=\"https:\/\/www.humanium.org\/es\/wp-content\/uploads\/2022\/08\/280549150_5316643761732589_3730063192201363656_n.png\" alt=\"\" class=\"wp-image-17103\" srcset=\"https:\/\/www.humanium.org\/es\/wp-content\/uploads\/2022\/08\/280549150_5316643761732589_3730063192201363656_n.png 940w, https:\/\/www.humanium.org\/es\/wp-content\/uploads\/2022\/08\/280549150_5316643761732589_3730063192201363656_n-300x251.png 300w, https:\/\/www.humanium.org\/es\/wp-content\/uploads\/2022\/08\/280549150_5316643761732589_3730063192201363656_n-768x644.png 768w, https:\/\/www.humanium.org\/es\/wp-content\/uploads\/2022\/08\/280549150_5316643761732589_3730063192201363656_n-830x696.png 830w, https:\/\/www.humanium.org\/es\/wp-content\/uploads\/2022\/08\/280549150_5316643761732589_3730063192201363656_n-230x193.png 230w, https:\/\/www.humanium.org\/es\/wp-content\/uploads\/2022\/08\/280549150_5316643761732589_3730063192201363656_n-350x293.png 350w, https:\/\/www.humanium.org\/es\/wp-content\/uploads\/2022\/08\/280549150_5316643761732589_3730063192201363656_n-480x402.png 480w\" sizes=\"auto, (max-width: 940px) 100vw, 940px\" \/><\/figure>\n\n\n\n<p>Si quiere contribuir a la defensa de los <a href=\"https:\/\/www.humanium.org\/es\/derechos\/\">derechos del ni\u00f1o<\/a> en todo el mundo, puede hacer una <a href=\"https:\/\/www.humanium.org\/es\/donacion\/\">donaci\u00f3n<\/a>, convertirse en miembro de Humanium o unirse a la comunidad de Humanium como <a href=\"https:\/\/www.humanium.org\/es\/voluntariado\/\">voluntario<\/a>.<\/p>\n\n\n\n<p><em><strong>Escrito por Federica Versea<\/strong><\/em><\/p>\n\n\n\n<p><em><strong>Traducido por Clara Roncoroni<\/strong><\/em><\/p>\n\n\n\n<p><em><strong>Revisado por Eva Milla<\/strong><\/em><\/p>\n\n\n\n<h4 class=\"wp-block-heading\"><strong>Bibliograf\u00eda<\/strong>:<\/h4>\n\n\n\n<p class=\"has-small-font-size\">ILO. (2017). <em>Global Estimates of Child Labour: Results and trends, 2012-2016<\/em>. Taken from International Labor Organization: <a href=\"https:\/\/www.ilo.org\/wcmsp5\/groups\/public\/---dgreports\/---dcomm\/documents\/publication\/wcms_575499.pdf\" target=\"_blank\" rel=\"noreferrer noopener\">https:\/\/www.ilo.org\/wcmsp5\/groups\/public\/&#8212;dgreports\/&#8212;dcomm\/documents\/publication\/wcms_575499.pdf<\/a>, accessed on August 1, 2022.<\/p>\n\n\n\n<p class=\"has-small-font-size\">OHCHR. (2022). <em>UN experts urge action to address alarming increase of child labour in agriculture sector<\/em>. Taken from United Nations Human Rights Office of the High Commissioner: <a href=\"https:\/\/www.ohchr.org\/en\/press-releases\/2022\/05\/un-experts-urge-action-address-alarming-increase-child-labour-agriculture\" target=\"_blank\" rel=\"noreferrer noopener\">https:\/\/www.ohchr.org\/en\/press-releases\/2022\/05\/un-experts-urge-action-address-alarming-increase-child-labour-agriculture<\/a>, accessed on July 27, 2022.<\/p>\n\n\n\n<p class=\"has-small-font-size\">Terre des Hommes International Federation. (2022). <em>Terre des Hommes International Federation<\/em>. Taken from NEW CHILD LABOUR REPORT AHEAD OF THE ILO WORLD CONFERENCE ON THE ELIMINATION OF CHILD LABOUR: https:\/\/www.terredeshommes.org\/new-child-labour-report-2022-ahead-of-the-ilo-world-conference-on-the-elimination-of-labour\/, accessed on August 1, 2022.<\/p>\n\n\n\n<p class=\"has-small-font-size\">Unicef. (2022). <em>Child labour rises to 160 million \u2013 first increase in two decades<\/em>. Taken from Unicef: <a href=\"https:\/\/www.unicef.org\/press-releases\/child-labour-rises-160-million-first-increase-two-decades\" target=\"_blank\" rel=\"noreferrer noopener\">https:\/\/www.unicef.org\/press-releases\/child-labour-rises-160-million-first-increase-two-decades<\/a>, accessed on July 26, 2022.<\/p>\n","protected":false},"excerpt":{"rendered":"<p>Humanium est\u00e1 comprometida con la lucha contra el trabajo infantil y la trata de menores y trabaja activamente en varios proyectos de diferentes niveles destinados a eliminar estas pr\u00e1cticas y garantizar el pleno respeto de los derechos de los ni\u00f1os. Humanium, en efecto, act\u00faa en estrecha colaboraci\u00f3n con la sociedad civil para entablar alianzas s\u00f3lidas [&hellip;]<\/p>\n","protected":false},"author":35,"featured_media":17105,"comment_status":"closed","ping_status":"closed","sticky":false,"template":"","format":"standard","meta":{"footnotes":""},"categories":[148,159,160],"tags":[],"class_list":["post-17102","post","type-post","status-publish","format-standard","has-post-thumbnail","hentry","category-derechos-del-nino","category-explotacion","category-trabajo-infantil"],"yoast_head":"<!-- This site is optimized with the Yoast SEO plugin v26.5 - https:\/\/yoast.com\/wordpress\/plugins\/seo\/ -->\n<title>Humanium se hace o\u00edr para abogar por la erradicaci\u00f3n del trabajo infantil y la trata de personas - Humanium<\/title>\n<meta name=\"description\" content=\"Humanium participa activamente en varios proyectos a varios niveles destinados a garantizar el pleno respeto de los derechos de los ni\u00f1os.\" \/>\n<meta name=\"robots\" content=\"index, follow, max-snippet:-1, max-image-preview:large, max-video-preview:-1\" \/>\n<link rel=\"canonical\" href=\"https:\/\/www.humanium.org\/es\/humanium-se-hace-oir-para-abogar-por-la-erradicacion-del-trabajo-infantil-y-la-trata-de-personas\/\" \/>\n<meta property=\"og:locale\" content=\"es_ES\" \/>\n<meta property=\"og:type\" content=\"article\" \/>\n<meta property=\"og:title\" content=\"Humanium se hace o\u00edr para abogar por la erradicaci\u00f3n del trabajo infantil y la trata de personas - Humanium\" \/>\n<meta property=\"og:description\" content=\"Humanium participa activamente en varios proyectos a varios niveles destinados a garantizar el pleno respeto de los derechos de los ni\u00f1os.\" \/>\n<meta property=\"og:url\" content=\"https:\/\/www.humanium.org\/es\/humanium-se-hace-oir-para-abogar-por-la-erradicacion-del-trabajo-infantil-y-la-trata-de-personas\/\" \/>\n<meta property=\"og:site_name\" content=\"Humanium\" \/>\n<meta property=\"article:published_time\" content=\"2022-08-30T09:22:48+00:00\" \/>\n<meta property=\"article:modified_time\" content=\"2025-12-13T21:50:46+00:00\" \/>\n<meta property=\"og:image\" content=\"https:\/\/www.humanium.org\/es\/wp-content\/uploads\/2022\/08\/shutterstock_656833669-scaled.jpg\" \/>\n\t<meta property=\"og:image:width\" content=\"2560\" \/>\n\t<meta property=\"og:image:height\" content=\"1577\" \/>\n\t<meta property=\"og:image:type\" content=\"image\/jpeg\" \/>\n<meta name=\"author\" content=\"Federica Versea\" \/>\n<meta name=\"twitter:card\" content=\"summary_large_image\" \/>\n<meta name=\"twitter:label1\" content=\"Escrito por\" \/>\n\t<meta name=\"twitter:data1\" content=\"Federica Versea\" \/>\n\t<meta name=\"twitter:label2\" content=\"Tiempo de lectura\" \/>\n\t<meta name=\"twitter:data2\" content=\"7 minutos\" \/>\n<script type=\"application\/ld+json\" class=\"yoast-schema-graph\">{\"@context\":\"https:\/\/schema.org\",\"@graph\":[{\"@type\":\"WebPage\",\"@id\":\"https:\/\/www.humanium.org\/es\/humanium-se-hace-oir-para-abogar-por-la-erradicacion-del-trabajo-infantil-y-la-trata-de-personas\/\",\"url\":\"https:\/\/www.humanium.org\/es\/humanium-se-hace-oir-para-abogar-por-la-erradicacion-del-trabajo-infantil-y-la-trata-de-personas\/\",\"name\":\"Humanium se hace o\u00edr para abogar por la erradicaci\u00f3n del trabajo infantil y la trata de personas - Humanium\",\"isPartOf\":{\"@id\":\"https:\/\/www.humanium.org\/es\/#website\"},\"primaryImageOfPage\":{\"@id\":\"https:\/\/www.humanium.org\/es\/humanium-se-hace-oir-para-abogar-por-la-erradicacion-del-trabajo-infantil-y-la-trata-de-personas\/#primaryimage\"},\"image\":{\"@id\":\"https:\/\/www.humanium.org\/es\/humanium-se-hace-oir-para-abogar-por-la-erradicacion-del-trabajo-infantil-y-la-trata-de-personas\/#primaryimage\"},\"thumbnailUrl\":\"https:\/\/www.humanium.org\/es\/wp-content\/uploads\/2022\/08\/shutterstock_656833669-scaled.jpg\",\"datePublished\":\"2022-08-30T09:22:48+00:00\",\"dateModified\":\"2025-12-13T21:50:46+00:00\",\"author\":{\"@id\":\"https:\/\/www.humanium.org\/es\/#\/schema\/person\/0bd9569f30ff720425ca1a3a8a68cad9\"},\"description\":\"Humanium participa activamente en varios proyectos a varios niveles destinados a garantizar el pleno respeto de los derechos de los ni\u00f1os.\",\"breadcrumb\":{\"@id\":\"https:\/\/www.humanium.org\/es\/humanium-se-hace-oir-para-abogar-por-la-erradicacion-del-trabajo-infantil-y-la-trata-de-personas\/#breadcrumb\"},\"inLanguage\":\"es\",\"potentialAction\":[{\"@type\":\"ReadAction\",\"target\":[\"https:\/\/www.humanium.org\/es\/humanium-se-hace-oir-para-abogar-por-la-erradicacion-del-trabajo-infantil-y-la-trata-de-personas\/\"]}]},{\"@type\":\"ImageObject\",\"inLanguage\":\"es\",\"@id\":\"https:\/\/www.humanium.org\/es\/humanium-se-hace-oir-para-abogar-por-la-erradicacion-del-trabajo-infantil-y-la-trata-de-personas\/#primaryimage\",\"url\":\"https:\/\/www.humanium.org\/es\/wp-content\/uploads\/2022\/08\/shutterstock_656833669-scaled.jpg\",\"contentUrl\":\"https:\/\/www.humanium.org\/es\/wp-content\/uploads\/2022\/08\/shutterstock_656833669-scaled.jpg\",\"width\":2560,\"height\":1577},{\"@type\":\"BreadcrumbList\",\"@id\":\"https:\/\/www.humanium.org\/es\/humanium-se-hace-oir-para-abogar-por-la-erradicacion-del-trabajo-infantil-y-la-trata-de-personas\/#breadcrumb\",\"itemListElement\":[{\"@type\":\"ListItem\",\"position\":1,\"name\":\"Home\",\"item\":\"https:\/\/www.humanium.org\/es\/\"},{\"@type\":\"ListItem\",\"position\":2,\"name\":\"Humanium se hace o\u00edr para abogar por la erradicaci\u00f3n del trabajo infantil y la trata de personas\"}]},{\"@type\":\"WebSite\",\"@id\":\"https:\/\/www.humanium.org\/es\/#website\",\"url\":\"https:\/\/www.humanium.org\/es\/\",\"name\":\"Humanium\",\"description\":\"\u00a1Los ni\u00f1os primero!\",\"potentialAction\":[{\"@type\":\"SearchAction\",\"target\":{\"@type\":\"EntryPoint\",\"urlTemplate\":\"https:\/\/www.humanium.org\/es\/?s={search_term_string}\"},\"query-input\":{\"@type\":\"PropertyValueSpecification\",\"valueRequired\":true,\"valueName\":\"search_term_string\"}}],\"inLanguage\":\"es\"},{\"@type\":\"Person\",\"@id\":\"https:\/\/www.humanium.org\/es\/#\/schema\/person\/0bd9569f30ff720425ca1a3a8a68cad9\",\"name\":\"Federica Versea\",\"image\":{\"@type\":\"ImageObject\",\"inLanguage\":\"es\",\"@id\":\"https:\/\/www.humanium.org\/es\/#\/schema\/person\/image\/\",\"url\":\"https:\/\/secure.gravatar.com\/avatar\/1e1890e2c1c195a1b0a69d6e566791d35f7bc8e8b35c66576fb1bc68ea9d51d9?s=96&d=mm&r=g\",\"contentUrl\":\"https:\/\/secure.gravatar.com\/avatar\/1e1890e2c1c195a1b0a69d6e566791d35f7bc8e8b35c66576fb1bc68ea9d51d9?s=96&d=mm&r=g\",\"caption\":\"Federica Versea\"},\"sameAs\":[\"https:\/\/www.linkedin.com\/in\/federica-versea-a579911a8\/\"],\"url\":\"https:\/\/www.humanium.org\/es\/author\/autor_federicaversea\/\"}]}<\/script>\n<!-- \/ Yoast SEO plugin. -->","yoast_head_json":{"title":"Humanium se hace o\u00edr para abogar por la erradicaci\u00f3n del trabajo infantil y la trata de personas - Humanium","description":"Humanium participa activamente en varios proyectos a varios niveles destinados a garantizar el pleno respeto de los derechos de los ni\u00f1os.","robots":{"index":"index","follow":"follow","max-snippet":"max-snippet:-1","max-image-preview":"max-image-preview:large","max-video-preview":"max-video-preview:-1"},"canonical":"https:\/\/www.humanium.org\/es\/humanium-se-hace-oir-para-abogar-por-la-erradicacion-del-trabajo-infantil-y-la-trata-de-personas\/","og_locale":"es_ES","og_type":"article","og_title":"Humanium se hace o\u00edr para abogar por la erradicaci\u00f3n del trabajo infantil y la trata de personas - Humanium","og_description":"Humanium participa activamente en varios proyectos a varios niveles destinados a garantizar el pleno respeto de los derechos de los ni\u00f1os.","og_url":"https:\/\/www.humanium.org\/es\/humanium-se-hace-oir-para-abogar-por-la-erradicacion-del-trabajo-infantil-y-la-trata-de-personas\/","og_site_name":"Humanium","article_published_time":"2022-08-30T09:22:48+00:00","article_modified_time":"2025-12-13T21:50:46+00:00","og_image":[{"width":2560,"height":1577,"url":"https:\/\/www.humanium.org\/es\/wp-content\/uploads\/2022\/08\/shutterstock_656833669-scaled.jpg","type":"image\/jpeg"}],"author":"Federica Versea","twitter_card":"summary_large_image","twitter_misc":{"Escrito por":"Federica Versea","Tiempo de lectura":"7 minutos"},"schema":{"@context":"https:\/\/schema.org","@graph":[{"@type":"WebPage","@id":"https:\/\/www.humanium.org\/es\/humanium-se-hace-oir-para-abogar-por-la-erradicacion-del-trabajo-infantil-y-la-trata-de-personas\/","url":"https:\/\/www.humanium.org\/es\/humanium-se-hace-oir-para-abogar-por-la-erradicacion-del-trabajo-infantil-y-la-trata-de-personas\/","name":"Humanium se hace o\u00edr para abogar por la erradicaci\u00f3n del trabajo infantil y la trata de personas - Humanium","isPartOf":{"@id":"https:\/\/www.humanium.org\/es\/#website"},"primaryImageOfPage":{"@id":"https:\/\/www.humanium.org\/es\/humanium-se-hace-oir-para-abogar-por-la-erradicacion-del-trabajo-infantil-y-la-trata-de-personas\/#primaryimage"},"image":{"@id":"https:\/\/www.humanium.org\/es\/humanium-se-hace-oir-para-abogar-por-la-erradicacion-del-trabajo-infantil-y-la-trata-de-personas\/#primaryimage"},"thumbnailUrl":"https:\/\/www.humanium.org\/es\/wp-content\/uploads\/2022\/08\/shutterstock_656833669-scaled.jpg","datePublished":"2022-08-30T09:22:48+00:00","dateModified":"2025-12-13T21:50:46+00:00","author":{"@id":"https:\/\/www.humanium.org\/es\/#\/schema\/person\/0bd9569f30ff720425ca1a3a8a68cad9"},"description":"Humanium participa activamente en varios proyectos a varios niveles destinados a garantizar el pleno respeto de los derechos de los ni\u00f1os.","breadcrumb":{"@id":"https:\/\/www.humanium.org\/es\/humanium-se-hace-oir-para-abogar-por-la-erradicacion-del-trabajo-infantil-y-la-trata-de-personas\/#breadcrumb"},"inLanguage":"es","potentialAction":[{"@type":"ReadAction","target":["https:\/\/www.humanium.org\/es\/humanium-se-hace-oir-para-abogar-por-la-erradicacion-del-trabajo-infantil-y-la-trata-de-personas\/"]}]},{"@type":"ImageObject","inLanguage":"es","@id":"https:\/\/www.humanium.org\/es\/humanium-se-hace-oir-para-abogar-por-la-erradicacion-del-trabajo-infantil-y-la-trata-de-personas\/#primaryimage","url":"https:\/\/www.humanium.org\/es\/wp-content\/uploads\/2022\/08\/shutterstock_656833669-scaled.jpg","contentUrl":"https:\/\/www.humanium.org\/es\/wp-content\/uploads\/2022\/08\/shutterstock_656833669-scaled.jpg","width":2560,"height":1577},{"@type":"BreadcrumbList","@id":"https:\/\/www.humanium.org\/es\/humanium-se-hace-oir-para-abogar-por-la-erradicacion-del-trabajo-infantil-y-la-trata-de-personas\/#breadcrumb","itemListElement":[{"@type":"ListItem","position":1,"name":"Home","item":"https:\/\/www.humanium.org\/es\/"},{"@type":"ListItem","position":2,"name":"Humanium se hace o\u00edr para abogar por la erradicaci\u00f3n del trabajo infantil y la trata de personas"}]},{"@type":"WebSite","@id":"https:\/\/www.humanium.org\/es\/#website","url":"https:\/\/www.humanium.org\/es\/","name":"Humanium","description":"\u00a1Los ni\u00f1os primero!","potentialAction":[{"@type":"SearchAction","target":{"@type":"EntryPoint","urlTemplate":"https:\/\/www.humanium.org\/es\/?s={search_term_string}"},"query-input":{"@type":"PropertyValueSpecification","valueRequired":true,"valueName":"search_term_string"}}],"inLanguage":"es"},{"@type":"Person","@id":"https:\/\/www.humanium.org\/es\/#\/schema\/person\/0bd9569f30ff720425ca1a3a8a68cad9","name":"Federica Versea","image":{"@type":"ImageObject","inLanguage":"es","@id":"https:\/\/www.humanium.org\/es\/#\/schema\/person\/image\/","url":"https:\/\/secure.gravatar.com\/avatar\/1e1890e2c1c195a1b0a69d6e566791d35f7bc8e8b35c66576fb1bc68ea9d51d9?s=96&d=mm&r=g","contentUrl":"https:\/\/secure.gravatar.com\/avatar\/1e1890e2c1c195a1b0a69d6e566791d35f7bc8e8b35c66576fb1bc68ea9d51d9?s=96&d=mm&r=g","caption":"Federica Versea"},"sameAs":["https:\/\/www.linkedin.com\/in\/federica-versea-a579911a8\/"],"url":"https:\/\/www.humanium.org\/es\/author\/autor_federicaversea\/"}]}},"_links":{"self":[{"href":"https:\/\/www.humanium.org\/es\/wp-json\/wp\/v2\/posts\/17102","targetHints":{"allow":["GET"]}}],"collection":[{"href":"https:\/\/www.humanium.org\/es\/wp-json\/wp\/v2\/posts"}],"about":[{"href":"https:\/\/www.humanium.org\/es\/wp-json\/wp\/v2\/types\/post"}],"author":[{"embeddable":true,"href":"https:\/\/www.humanium.org\/es\/wp-json\/wp\/v2\/users\/35"}],"replies":[{"embeddable":true,"href":"https:\/\/www.humanium.org\/es\/wp-json\/wp\/v2\/comments?post=17102"}],"version-history":[{"count":8,"href":"https:\/\/www.humanium.org\/es\/wp-json\/wp\/v2\/posts\/17102\/revisions"}],"predecessor-version":[{"id":21878,"href":"https:\/\/www.humanium.org\/es\/wp-json\/wp\/v2\/posts\/17102\/revisions\/21878"}],"wp:featuredmedia":[{"embeddable":true,"href":"https:\/\/www.humanium.org\/es\/wp-json\/wp\/v2\/media\/17105"}],"wp:attachment":[{"href":"https:\/\/www.humanium.org\/es\/wp-json\/wp\/v2\/media?parent=17102"}],"wp:term":[{"taxonomy":"category","embeddable":true,"href":"https:\/\/www.humanium.org\/es\/wp-json\/wp\/v2\/categories?post=17102"},{"taxonomy":"post_tag","embeddable":true,"href":"https:\/\/www.humanium.org\/es\/wp-json\/wp\/v2\/tags?post=17102"}],"curies":[{"name":"wp","href":"https:\/\/api.w.org\/{rel}","templated":true}]}}