{"id":17370,"date":"2022-12-13T18:43:16","date_gmt":"2022-12-13T18:43:16","guid":{"rendered":"https:\/\/www.humanium.org\/es\/?p=17370"},"modified":"2025-12-13T21:51:52","modified_gmt":"2025-12-13T21:51:52","slug":"una-pandemia-por-encima-de-una-pandemia-la-creciente-crisis-de-salud-mental-entre-los-adolescentes-de-estados-unidos","status":"publish","type":"post","link":"https:\/\/www.humanium.org\/es\/una-pandemia-por-encima-de-una-pandemia-la-creciente-crisis-de-salud-mental-entre-los-adolescentes-de-estados-unidos\/","title":{"rendered":"Una pandemia por encima de una pandemia: la creciente crisis de salud mental entre los adolescentes de Estados Unidos"},"content":{"rendered":"\n<p><strong>Los <a href=\"https:\/\/www.humanium.org\/es\/estados-unidos\/\">Estados Unidos de Am\u00e9rica<\/a> (EE. UU.) han visto un aumento dram\u00e1tico en los casos registrados de ansiedad y depresi\u00f3n entre su poblaci\u00f3n juvenil (Horowitz, 2019). Estos problemas de salud mental afectan a los j\u00f3venes, y en particular a los adolescentes, en todo el pa\u00eds con proporciones aproximadamente iguales a pesar de la raza, el origen econ\u00f3mico o el g\u00e9nero del joven en cuesti\u00f3n (Horowitz, 2019). A pesar de la gravedad de la crisis de salud mental, su naturaleza invisible hace que rara vez se le preste tanta atenci\u00f3n como a otras crisis nacionales y mundiales que compiten con ella, como la <a href=\"https:\/\/www.humanium.org\/es\/la-salud-mental-de-los-ninos-durante-la-pandemia-una-realidad-angustiante\/\">pandemia del COVID-19<\/a>.<\/strong><\/p>\n\n\n\n<h2 class=\"wp-block-heading\"><strong>Las causas y los impulsores de la crisis de salud mental<\/strong><\/h2>\n\n\n\n<p>Los desaf\u00edos de <a href=\"https:\/\/www.humanium.org\/es\/el-bienestar-mental-de-los-ninos\/\">salud mental<\/a> son una consecuencia de una serie de factores. A nivel biol\u00f3gico, la composici\u00f3n gen\u00e9tica y la qu\u00edmica del cerebro pueden predisponer a determinados adolescentes a sufrir problemas de salud mental (U.S. Surgeon General Advisory, 2021). Sin embargo, la influencia de estos factores innatos se ve eclipsada por el papel de las relaciones, la educaci\u00f3n y las condiciones sociales que dan forma a las experiencias vitales de los ni\u00f1os y a su autopercepci\u00f3n, creando angustia.&nbsp;<\/p>\n\n\n\n<p>Estos factores comunitarios pueden desglosarse en algunos grupos principales, como una mayor concienciaci\u00f3n en torno a la salud mental, el uso de los medios digitales y sociales, el acceso limitado al apoyo en materia de salud mental, etc. Desgraciadamente, la ausencia de medidas preventivas y de tratamientos adecuados est\u00e1 impidiendo que los adolescentes accedan al apoyo que necesitan para navegar por la imprevisibilidad de la vida. Esto est\u00e1 obstaculizando la capacidad de los adolescentes para <a href=\"https:\/\/www.humanium.org\/es\/el-desarrollo-de-la-primera-infancia-la-base-de-una-sociedad-duradera-y-prospera\/\">desarrollarse<\/a> de manera plena y saludable (U.S. Surgeon General Advisory, 2021).<\/p>\n\n\n\n<h2 class=\"wp-block-heading\"><strong>Una mirada m\u00e1s atenta al estado actual<\/strong><\/h2>\n\n\n\n<p>En los \u00faltimos 15 a\u00f1os, las estad\u00edsticas sobre la <a href=\"https:\/\/www.humanium.org\/es\/el-bienestar-mental-de-los-ninos\/\">salud mental<\/a> de los adolescentes en los <a href=\"https:\/\/www.humanium.org\/es\/estados-unidos\/\">Estados Unidos<\/a> han mostrado un fuerte aumento de los diagn\u00f3sticos de trastornos mentales. Un estudio prepand\u00e9mico del U.S. Surgeon General Advisory afirmaba que el 20% de los ni\u00f1os de 3 a 17 a\u00f1os ten\u00edan un trastorno mental declarado (U.S. Surgeon General Advisory, 2021). Sin embargo, dentro de esta estad\u00edstica, e incluyendo la amplia gama de trastornos de <a href=\"https:\/\/www.humanium.org\/es\/el-bienestar-mental-de-los-ninos\/\">salud mental<\/a>, los principales problemas del pa\u00eds pueden desglosarse en una serie de tendencias espec\u00edficas.<\/p>\n\n\n\n<p>Al frente de estas tendencias se encuentra el aumento de la depresi\u00f3n entre los adolescentes y los ni\u00f1os. Entre 2009 y 2019, un 40% m\u00e1s de estudiantes de secundaria informaron de sentimientos persistentes de tristeza (U.S. Surgeon General Advisory, 2021). Seg\u00fan un estudio de 2021 del Centro para el Control y la Prevenci\u00f3n de Enfermedades (CDC), esta cifra ha aumentado al 44% (Thompson, 2022). Estos retos pueden desglosarse en numerosos aspectos de la vida de los adolescentes.&nbsp;<\/p>\n\n\n\n<p>Ya en 2016, la Encuesta Nacional de Salud Infantil mostr\u00f3 que el 20% de los ni\u00f1os (de 6 a 17 a\u00f1os) hab\u00eda tenido problemas para hacer amigos, mientras que m\u00e1s del 30% hab\u00eda sufrido <a href=\"https:\/\/www.humanium.org\/es\/acoso-escolar-bullying\/\">acoso escolar<\/a> (Annie Casey Foundation, 2022). Otros estudios del Centro de Investigaci\u00f3n Pew mostraron que el 61% de los adolescentes se sienten presionados para obtener altas calificaciones en la <a href=\"https:\/\/www.humanium.org\/es\/derecho-educacion\/\">escuela<\/a> y aproximadamente el 30% se sienten presionados para verse bien y encajar socialmente (Horowitz, 2019). De forma acumulativa, los adolescentes modernos se enfrentan a mayores presiones sociales en la <a href=\"https:\/\/www.humanium.org\/es\/derecho-educacion\/\">educaci\u00f3n<\/a> permanente y fuera de ella, lo que conduce a una mir\u00edada de desaf\u00edos basados en la depresi\u00f3n.&nbsp;<\/p>\n\n\n\n<p>La tendencia anterior suele estar relacionada con la creciente accesibilidad de los <a href=\"https:\/\/www.humanium.org\/es\/se-apropian-las-pantallas-de-la-capacidad-de-atencion-de-los-ninos-entendiendo-el-impacto-del-tiempo-en-pantalla-en-el-desarrollo-de-los-ninos\/\">medios<\/a> sociales y de otro tipo. Los adolescentes pasan una media de m\u00e1s de cinco horas al d\u00eda en los medios sociales, lo que ha provocado una disminuci\u00f3n del 30% del sue\u00f1o entre 2007 y 2019 (Thompson, 2022). La escasa regulaci\u00f3n de las plataformas de los medios sociales ha permitido adem\u00e1s a las grandes empresas recopilar todos los datos posibles sobre los j\u00f3venes para informar sobre los contenidos y \u00abmantenerlos pinchado\u00bb (The White House, 2022). <\/p>\n\n\n\n<p>Debido al r\u00e1pido ritmo de desarrollo de la tecnolog\u00eda, los reguladores no han podido seguir el ritmo y han dejado a una generaci\u00f3n de ni\u00f1os expuestos a los da\u00f1os de la gran cantidad de medios de comunicaci\u00f3n que tienen a su alcance. Estos <a href=\"https:\/\/www.humanium.org\/es\/se-apropian-las-pantallas-de-la-capacidad-de-atencion-de-los-ninos-entendiendo-el-impacto-del-tiempo-en-pantalla-en-el-desarrollo-de-los-ninos\/\">medios<\/a> afectan a su autopercepci\u00f3n, alimentan mayores temores sobre cuestiones sociales m\u00e1s amplias y les alejan de los buenos h\u00e1bitos.&nbsp;<\/p>\n\n\n\n<p>Una tercera tendencia identificada es la creciente desigualdad en las categor\u00edas de adolescentes afectados por trastornos mentales espec\u00edficos. Los problemas de <a href=\"https:\/\/www.humanium.org\/es\/el-bienestar-mental-de-los-ninos\/\">salud mental<\/a> individuales, aunque son universalmente perjudiciales para todos los ni\u00f1os de EE. UU., afectan desproporcionadamente a ciertos subgrupos. <\/p>\n\n\n\n<p>El suicidio y el trastorno por d\u00e9ficit de atenci\u00f3n, por ejemplo, son m\u00e1s frecuentes entre los adolescentes varones, mientras que la ansiedad, la depresi\u00f3n y los trastornos alimentarios afectan predominantemente a las chicas (U.S Surgeon General Advisory, 2021). Las chicas tambi\u00e9n son m\u00e1s propensas a sentirse presionadas para tener un buen aspecto y a sentir ansiedad y nerviosismo general por su d\u00eda (Horowitz, 2019).<\/p>\n\n\n\n<h2 class=\"wp-block-heading\"><strong>Un mayor riesgo de problemas de salud mental entre las minor\u00edas raciales, \u00e9tnicas y de g\u00e9nero<\/strong><\/h2>\n\n\n\n<p>Dejando a un lado el g\u00e9nero, los ni\u00f1os <a href=\"https:\/\/www.humanium.org\/es\/la-crianza-de-ninos-afroamericanos-en-estados-unidos-en-la-actualidad\/\">afroamericanos<\/a> tienen casi el doble de probabilidades de morir por suicidio que sus equivalentes blancos, mientras que los que viven en comunidades empobrecidas tienen casi el triple de probabilidades de desarrollar problemas generales de salud mental (U.S. Surgeon General Advisory, 2021). Tras la pandemia del <a href=\"https:\/\/www.humanium.org\/es\/la-salud-mental-de-los-ninos-durante-la-pandemia-una-realidad-angustiante\/\">COVID-19<\/a>, se demostr\u00f3 que los Ind\u00edgenas Americanos o Ind\u00edgenas de Alaska experimentaban ansiedad en niveles m\u00e1s altos que otras razas y etnias (The White House, 2022). <\/p>\n\n\n\n<p>Un estudio de 2022 sobre adolescentes <a href=\"https:\/\/www.humanium.org\/es\/enfoques-tematicos\/discriminacion\/derechos-nino-lgbtq\/\">LGBTQ<\/a> tambi\u00e9n demostr\u00f3 que es menos probable que busquen apoyo de salud mental por razones que incluyen: preocupaci\u00f3n por ser juzgados, miedo a la discusi\u00f3n y a ser malinterpretados, y desaf\u00edos log\u00edsticos (costo, acceso y transporte) (The White House, 2022).\u00a0<\/p>\n\n\n\n<figure class=\"wp-block-image size-large\"><img loading=\"lazy\" decoding=\"async\" width=\"1024\" height=\"683\" src=\"https:\/\/www.humanium.org\/es\/wp-content\/uploads\/2022\/12\/shutterstock_551803330-1024x683.jpg\" alt=\"\" class=\"wp-image-17372\" srcset=\"https:\/\/www.humanium.org\/es\/wp-content\/uploads\/2022\/12\/shutterstock_551803330-1024x683.jpg 1024w, https:\/\/www.humanium.org\/es\/wp-content\/uploads\/2022\/12\/shutterstock_551803330-300x200.jpg 300w, https:\/\/www.humanium.org\/es\/wp-content\/uploads\/2022\/12\/shutterstock_551803330-768x512.jpg 768w, https:\/\/www.humanium.org\/es\/wp-content\/uploads\/2022\/12\/shutterstock_551803330-1536x1024.jpg 1536w, https:\/\/www.humanium.org\/es\/wp-content\/uploads\/2022\/12\/shutterstock_551803330-2048x1365.jpg 2048w, https:\/\/www.humanium.org\/es\/wp-content\/uploads\/2022\/12\/shutterstock_551803330-830x553.jpg 830w, https:\/\/www.humanium.org\/es\/wp-content\/uploads\/2022\/12\/shutterstock_551803330-230x153.jpg 230w, https:\/\/www.humanium.org\/es\/wp-content\/uploads\/2022\/12\/shutterstock_551803330-350x233.jpg 350w, https:\/\/www.humanium.org\/es\/wp-content\/uploads\/2022\/12\/shutterstock_551803330-480x320.jpg 480w, https:\/\/www.humanium.org\/es\/wp-content\/uploads\/2022\/12\/shutterstock_551803330-272x182.jpg 272w\" sizes=\"auto, (max-width: 1024px) 100vw, 1024px\" \/><\/figure>\n\n\n\n<p>El <a href=\"https:\/\/www.humanium.org\/es\/enfoques-tematicos\/salud\/suicidio-infantil\/\">suicidio<\/a> ha surgido como una amenaza particular para la vida de los adolescentes en los <a href=\"https:\/\/www.humanium.org\/es\/estados-unidos\/\">EE. UU.<\/a> y ahora es la segunda causa principal de muerte entre las personas de 10 a 34 a\u00f1os (Stone, Jones &amp; Mack, 2021). Entre 1999 y 2019, alrededor de 800.000 muertes en Estados Unidos fueron catalogadas como suicidios (Stone, Jones &amp; Mack, 2021). <\/p>\n\n\n\n<p>Solo en 2016, m\u00e1s de 2500 ni\u00f1os de 10 a 19 a\u00f1os murieron por suicidio (Annie Casey Foundation, 2022). Estados Unidos tiene la tasa de suicidio m\u00e1s alta entre las naciones ricas del mundo y m\u00e1s del 20% de las mujeres j\u00f3venes y el 10% de los hombres j\u00f3venes experimentan una depresi\u00f3n cl\u00ednica mayor antes de cumplir los 25 a\u00f1os (Prinstein, 2022).&nbsp;<\/p>\n\n\n\n<p>Los intentos de <a href=\"https:\/\/www.humanium.org\/es\/enfoques-tematicos\/salud\/suicidio-infantil\/\">suicidio<\/a> tambi\u00e9n son preocupantes, y las visitas a los servicios de urgencias aumentan en un 51% entre las adolescentes (The White House, 2022). Las estimaciones econ\u00f3micas del coste \u00ablaboral\u00bb del suicidio se sit\u00faan en m\u00e1s de 70.000 millones de d\u00f3lares, a pesar de que las investigaciones evidencian que el suicidio es prevenible y requiere una respuesta multidimensional que abarque tanto los factores comunitarios como la educaci\u00f3n personal (Stone, 2021).<\/p>\n\n\n\n<h2 class=\"wp-block-heading\"><strong>Actuar para combatir la actual crisis de salud mental<\/strong><\/h2>\n\n\n\n<p>Resulta alarmante que, a pesar de los graves aumentos en el volumen de ni\u00f1os que experimentan problemas de salud mental, haya pocos indicios de tratamiento adecuado o acci\u00f3n preventiva. Un estudio de 2016 mostr\u00f3 que casi 8 millones de ni\u00f1os con trastornos de salud mental tratables no hab\u00edan recibido el apoyo necesario (U.S. Surgeon General Advisory, 2021).&nbsp;<\/p>\n\n\n\n<p>En el Estado de la Uni\u00f3n de 2022, el presidente Biden hizo un llamamiento al Congreso para que ponga en marcha una nueva estrategia nacional de <a href=\"https:\/\/www.humanium.org\/es\/el-bienestar-mental-de-los-ninos\/\">salud mental<\/a> que proporcione un apoyo m\u00e1s hol\u00edstico a los adolescentes y ni\u00f1os que lo necesiten. En general, este plan pretende alcanzar una serie de objetivos multisectoriales (The White House, 2022). <\/p>\n\n\n\n<p>En primer lugar, el plan pretende presionar a las empresas privadas para que protejan la privacidad de los adolescentes, proh\u00edban la publicidad infantil y eliminen la recopilaci\u00f3n intrusiva de datos. Esto incluye trabajar con los proveedores de tecnolog\u00eda para acabar con los algoritmos discriminatorios, como los motores de b\u00fasqueda que producen resultados negativos cuando se introducen ciertos subgrupos.&nbsp;<\/p>\n\n\n\n<p>El plan promete adem\u00e1s una inversi\u00f3n de 700 millones de d\u00f3lares en programas de salud conductual y cl\u00ednicos de salud mental, y una mayor financiaci\u00f3n para programas de salud mental infantil y de la primera infancia. En cuanto a la respuesta de emergencia, se ha creado una l\u00ednea telef\u00f3nica de crisis \u00ab988\u00bb para ofrecer un apoyo fiable y m\u00f3vil a nivel comunitario. <\/p>\n\n\n\n<p>Tambi\u00e9n se institucionalizar\u00e1 el apoyo a la salud mental en los centros de atenci\u00f3n primaria para aumentar su accesibilidad. Por \u00faltimo, el plan promete invertir en la investigaci\u00f3n de los da\u00f1os de los medios de comunicaci\u00f3n social que conectan las causas con los resultados espec\u00edficos de la salud mental.&nbsp;<\/p>\n\n\n\n<p>Los gobernadores de 33 estados del pa\u00eds han citado los problemas de salud mental como una de sus principales preocupaciones (Annie Casey Foundation, 2022). Con la financiaci\u00f3n prometida y el apoyo recibido a nivel estatal, ha llegado el momento de que Estados Unidos revise su marco de protecci\u00f3n para el apoyo espec\u00edfico a la salud mental de adolescentes y ni\u00f1os.&nbsp;<\/p>\n\n\n\n<figure class=\"wp-block-image size-large\"><img loading=\"lazy\" decoding=\"async\" width=\"1024\" height=\"683\" src=\"https:\/\/www.humanium.org\/es\/wp-content\/uploads\/2022\/12\/shutterstock_736962454-1024x683.jpg\" alt=\"\" class=\"wp-image-17371\" srcset=\"https:\/\/www.humanium.org\/es\/wp-content\/uploads\/2022\/12\/shutterstock_736962454-1024x683.jpg 1024w, https:\/\/www.humanium.org\/es\/wp-content\/uploads\/2022\/12\/shutterstock_736962454-300x200.jpg 300w, https:\/\/www.humanium.org\/es\/wp-content\/uploads\/2022\/12\/shutterstock_736962454-768x512.jpg 768w, https:\/\/www.humanium.org\/es\/wp-content\/uploads\/2022\/12\/shutterstock_736962454-1536x1024.jpg 1536w, https:\/\/www.humanium.org\/es\/wp-content\/uploads\/2022\/12\/shutterstock_736962454-2048x1365.jpg 2048w, https:\/\/www.humanium.org\/es\/wp-content\/uploads\/2022\/12\/shutterstock_736962454-830x553.jpg 830w, https:\/\/www.humanium.org\/es\/wp-content\/uploads\/2022\/12\/shutterstock_736962454-230x153.jpg 230w, https:\/\/www.humanium.org\/es\/wp-content\/uploads\/2022\/12\/shutterstock_736962454-350x233.jpg 350w, https:\/\/www.humanium.org\/es\/wp-content\/uploads\/2022\/12\/shutterstock_736962454-480x320.jpg 480w, https:\/\/www.humanium.org\/es\/wp-content\/uploads\/2022\/12\/shutterstock_736962454-272x182.jpg 272w\" sizes=\"auto, (max-width: 1024px) 100vw, 1024px\" \/><\/figure>\n\n\n\n<p>Humanium entiende que los retos de salud mental est\u00e1n afectando a los j\u00f3venes y adolescentes de todo el mundo y est\u00e1 implementando activamente acciones para combatir la actual crisis de salud mental. Mediante la realizaci\u00f3n de diferentes proyectos y <a href=\"https:\/\/m.facebook.com\/media\/set\/?set=a.5317641364966162&amp;type=3&amp;_rdr\">talleres<\/a> y la puesta en pr\u00e1ctica de nuestra metodolog\u00eda, Humanium est\u00e1 apoyando continuamente a los ni\u00f1os que han pasado por abusos, traumas, trabajo infantil, pobreza o falta de acceso a la educaci\u00f3n para que consigan un futuro mejor. Ay\u00fadanos a conseguir ese objetivo <a href=\"https:\/\/www.humanium.org\/es\/apadrinar-a-un-nino\/\">apadrinando a un ni\u00f1o<\/a>, <a href=\"https:\/\/www.humanium.org\/es\/donacion\/\">haciendo una donaci\u00f3n<\/a> o haci\u00e9ndote socio.<\/p>\n\n\n\n<p><em><strong>Escrito por Vanessa Cezarita Cordeiro<\/strong><\/em><\/p>\n\n\n\n<p><em><strong>Traducido por Kyle Estment<\/strong><\/em><\/p>\n\n\n\n<p><em><strong>Revisado por Lorraine Valarino<\/strong><\/em><\/p>\n\n\n\n<h4 class=\"wp-block-heading\"><strong>Para m\u00e1s informaci\u00f3n:&nbsp;<\/strong><\/h4>\n\n\n\n<p class=\"has-small-font-size\"><a href=\"https:\/\/www.healthychildren.org\/English\/Pages\/default.aspx\" target=\"_blank\" rel=\"noreferrer noopener\">American Academy of Pediatrics: Healthychildren.org&nbsp;<\/a><\/p>\n\n\n\n<p class=\"has-small-font-size\">Centers for Disease Control and Prevention: COVID-19 Parental Resources Kit \u2013 Childhood Social, Emotional, and Mental Well-being of Children during COVID-19<\/p>\n\n\n\n<p class=\"has-small-font-size\"><a href=\"https:\/\/childmind.org\/resources\/\" target=\"_blank\" rel=\"noreferrer noopener\">Child Mind Institute: Family Resource Center<\/a><\/p>\n\n\n\n<p class=\"has-small-font-size\"><a href=\"https:\/\/www.unicef.org\/parenting\/mental-health\" target=\"_blank\" rel=\"noreferrer noopener\">UNICEF: What\u2019s on your mind? Mental health and well-being&nbsp;<\/a><\/p>\n\n\n\n<h4 class=\"wp-block-heading\"><strong>Fuentes:<\/strong><\/h4>\n\n\n\n<p class=\"has-small-font-size\">Annie Casey Foundation. (2022). <a href=\"https:\/\/assets.aecf.org\/m\/resourcedoc\/aecf-2022kidscountdatabook-2022.pdf\" target=\"_blank\" rel=\"noreferrer noopener\">\u201c2022 kids count data book: State trends in child well-being.\u201d<\/a> Retrieved from The Annie E. Casey Foundation, accessed on 17 October 2022.&nbsp;<\/p>\n\n\n\n<p class=\"has-small-font-size\">Horowitz Menasce, J., and Graf, N. (2019, February 20). <a href=\"https:\/\/www.pewresearch.org\/social-trends\/2019\/02\/20\/most-u-s-teens-see-anxiety-and-depression-as-a-major-problem-among-their-peers\/\" target=\"_blank\" rel=\"noreferrer noopener\">\u201cMost U.S teens see anxiety and depression as a major problem among their peers.\u201d<\/a> Retrieved from Pew Research Center, accessed on 17 October 2022.&nbsp;<\/p>\n\n\n\n<p class=\"has-small-font-size\">Prinstein, M.J. PhD. (2022, February 7). <a href=\"https:\/\/www.apa.org\/news\/press\/op-eds\/youth-mental-health-crisis\" target=\"_blank\" rel=\"noreferrer noopener\">\u201cUS youth are in a mental health crisis \u2013 we must invest in their care.\u201d<\/a> Retrieved from American Psychological Association, accessed on 19 October 2022.&nbsp;<\/p>\n\n\n\n<p class=\"has-small-font-size\">Stone, D.M., Jones, C.M., Mack, K.A. (2021, February 26). <a href=\"https:\/\/www.cdc.gov\/mmwr\/volumes\/70\/wr\/pdfs\/mm7008a1-H.pdf\" target=\"_blank\" rel=\"noreferrer noopener\">\u201cChanges in suicide rates \u2013 United states, 2018-2019.\u201d<\/a> Retrieved from Centers for Disease Control and Prevention Morbidity and Mortality Weekly Report, accessed on 19 October 2022.&nbsp;<\/p>\n\n\n\n<p class=\"has-small-font-size\">The White House. (2022, March 1). \u201cFact Sheet: President Biden to announce strategy to address our national mental health crisis, as part of unity agenda in his first state of the union.\u201d Retrieved from The White House Briefing Room, accessed on 17 October 2022.&nbsp;<\/p>\n\n\n\n<p class=\"has-small-font-size\">Thompson, D. (2022, April 11). <a href=\"https:\/\/www.theatlantic.com\/newsletters\/archive\/2022\/04\/american-teens-sadness-depression-anxiety\/629524\/\" target=\"_blank\" rel=\"noreferrer noopener\">\u201cWhy American teens are so sad.\u201d<\/a> Retrieved from The Atlantic, accessed on 17 October 2022.&nbsp;<\/p>\n\n\n\n<p class=\"has-small-font-size\">U.S. Surgeon General Advisory. (2021). <a href=\"https:\/\/www.hhs.gov\/sites\/default\/files\/surgeon-general-youth-mental-health-advisory.pdf\" target=\"_blank\" rel=\"noreferrer noopener\">\u201cProtecting youth mental health.\u201d<\/a> Retrieved from The U.S. Surgeon General\u2019s Advisory, accessed on 19 October 2022.&nbsp;<\/p>\n","protected":false},"excerpt":{"rendered":"<p>Los Estados Unidos de Am\u00e9rica (EE. UU.) han visto un aumento dram\u00e1tico en los casos registrados de ansiedad y depresi\u00f3n entre su poblaci\u00f3n juvenil (Horowitz, 2019). Estos problemas de salud mental afectan a los j\u00f3venes, y en particular a los adolescentes, en todo el pa\u00eds con proporciones aproximadamente iguales a pesar de la raza, el [&hellip;]<\/p>\n","protected":false},"author":39,"featured_media":17373,"comment_status":"closed","ping_status":"closed","sticky":false,"template":"","format":"standard","meta":{"footnotes":""},"categories":[8],"tags":[],"class_list":["post-17370","post","type-post","status-publish","format-standard","has-post-thumbnail","hentry","category-salud"],"yoast_head":"<!-- This site is optimized with the Yoast SEO plugin v26.5 - https:\/\/yoast.com\/wordpress\/plugins\/seo\/ -->\n<title>Una pandemia por encima de una pandemia: la creciente crisis de salud mental entre los adolescentes de Estados Unidos - Humanium<\/title>\n<meta name=\"description\" content=\"Los Estados Unidos de Am\u00e9rica (EE. UU.) han visto un aumento en los casos registrados de ansiedad y depresi\u00f3n entre su poblaci\u00f3n juvenil.\" \/>\n<meta name=\"robots\" content=\"index, follow, max-snippet:-1, max-image-preview:large, max-video-preview:-1\" \/>\n<link rel=\"canonical\" href=\"https:\/\/www.humanium.org\/es\/una-pandemia-por-encima-de-una-pandemia-la-creciente-crisis-de-salud-mental-entre-los-adolescentes-de-estados-unidos\/\" \/>\n<meta property=\"og:locale\" content=\"es_ES\" \/>\n<meta property=\"og:type\" content=\"article\" \/>\n<meta property=\"og:title\" content=\"Una pandemia por encima de una pandemia: la creciente crisis de salud mental entre los adolescentes de Estados Unidos - Humanium\" \/>\n<meta property=\"og:description\" content=\"Los Estados Unidos de Am\u00e9rica (EE. UU.) han visto un aumento en los casos registrados de ansiedad y depresi\u00f3n entre su poblaci\u00f3n juvenil.\" \/>\n<meta property=\"og:url\" content=\"https:\/\/www.humanium.org\/es\/una-pandemia-por-encima-de-una-pandemia-la-creciente-crisis-de-salud-mental-entre-los-adolescentes-de-estados-unidos\/\" \/>\n<meta property=\"og:site_name\" content=\"Humanium\" \/>\n<meta property=\"article:published_time\" content=\"2022-12-13T18:43:16+00:00\" \/>\n<meta property=\"article:modified_time\" content=\"2025-12-13T21:51:52+00:00\" \/>\n<meta property=\"og:image\" content=\"https:\/\/www.humanium.org\/es\/wp-content\/uploads\/2022\/12\/shutterstock_2212515795-scaled.jpg\" \/>\n\t<meta property=\"og:image:width\" content=\"2560\" \/>\n\t<meta property=\"og:image:height\" content=\"1707\" \/>\n\t<meta property=\"og:image:type\" content=\"image\/jpeg\" \/>\n<meta name=\"author\" content=\"Vanessa Cezarita Cordeiro\" \/>\n<meta name=\"twitter:card\" content=\"summary_large_image\" \/>\n<meta name=\"twitter:label1\" content=\"Escrito por\" \/>\n\t<meta name=\"twitter:data1\" content=\"Vanessa Cezarita Cordeiro\" \/>\n\t<meta name=\"twitter:label2\" content=\"Tiempo de lectura\" \/>\n\t<meta name=\"twitter:data2\" content=\"9 minutos\" \/>\n<script type=\"application\/ld+json\" class=\"yoast-schema-graph\">{\"@context\":\"https:\/\/schema.org\",\"@graph\":[{\"@type\":\"WebPage\",\"@id\":\"https:\/\/www.humanium.org\/es\/una-pandemia-por-encima-de-una-pandemia-la-creciente-crisis-de-salud-mental-entre-los-adolescentes-de-estados-unidos\/\",\"url\":\"https:\/\/www.humanium.org\/es\/una-pandemia-por-encima-de-una-pandemia-la-creciente-crisis-de-salud-mental-entre-los-adolescentes-de-estados-unidos\/\",\"name\":\"Una pandemia por encima de una pandemia: la creciente crisis de salud mental entre los adolescentes de Estados Unidos - Humanium\",\"isPartOf\":{\"@id\":\"https:\/\/www.humanium.org\/es\/#website\"},\"primaryImageOfPage\":{\"@id\":\"https:\/\/www.humanium.org\/es\/una-pandemia-por-encima-de-una-pandemia-la-creciente-crisis-de-salud-mental-entre-los-adolescentes-de-estados-unidos\/#primaryimage\"},\"image\":{\"@id\":\"https:\/\/www.humanium.org\/es\/una-pandemia-por-encima-de-una-pandemia-la-creciente-crisis-de-salud-mental-entre-los-adolescentes-de-estados-unidos\/#primaryimage\"},\"thumbnailUrl\":\"https:\/\/www.humanium.org\/es\/wp-content\/uploads\/2022\/12\/shutterstock_2212515795-scaled.jpg\",\"datePublished\":\"2022-12-13T18:43:16+00:00\",\"dateModified\":\"2025-12-13T21:51:52+00:00\",\"author\":{\"@id\":\"https:\/\/www.humanium.org\/es\/#\/schema\/person\/e72db8a951d9d04534a379fdd4d3e059\"},\"description\":\"Los Estados Unidos de Am\u00e9rica (EE. UU.) han visto un aumento en los casos registrados de ansiedad y depresi\u00f3n entre su poblaci\u00f3n juvenil.\",\"breadcrumb\":{\"@id\":\"https:\/\/www.humanium.org\/es\/una-pandemia-por-encima-de-una-pandemia-la-creciente-crisis-de-salud-mental-entre-los-adolescentes-de-estados-unidos\/#breadcrumb\"},\"inLanguage\":\"es\",\"potentialAction\":[{\"@type\":\"ReadAction\",\"target\":[\"https:\/\/www.humanium.org\/es\/una-pandemia-por-encima-de-una-pandemia-la-creciente-crisis-de-salud-mental-entre-los-adolescentes-de-estados-unidos\/\"]}]},{\"@type\":\"ImageObject\",\"inLanguage\":\"es\",\"@id\":\"https:\/\/www.humanium.org\/es\/una-pandemia-por-encima-de-una-pandemia-la-creciente-crisis-de-salud-mental-entre-los-adolescentes-de-estados-unidos\/#primaryimage\",\"url\":\"https:\/\/www.humanium.org\/es\/wp-content\/uploads\/2022\/12\/shutterstock_2212515795-scaled.jpg\",\"contentUrl\":\"https:\/\/www.humanium.org\/es\/wp-content\/uploads\/2022\/12\/shutterstock_2212515795-scaled.jpg\",\"width\":2560,\"height\":1707},{\"@type\":\"BreadcrumbList\",\"@id\":\"https:\/\/www.humanium.org\/es\/una-pandemia-por-encima-de-una-pandemia-la-creciente-crisis-de-salud-mental-entre-los-adolescentes-de-estados-unidos\/#breadcrumb\",\"itemListElement\":[{\"@type\":\"ListItem\",\"position\":1,\"name\":\"Home\",\"item\":\"https:\/\/www.humanium.org\/es\/\"},{\"@type\":\"ListItem\",\"position\":2,\"name\":\"Una pandemia por encima de una pandemia: la creciente crisis de salud mental entre los adolescentes de Estados Unidos\"}]},{\"@type\":\"WebSite\",\"@id\":\"https:\/\/www.humanium.org\/es\/#website\",\"url\":\"https:\/\/www.humanium.org\/es\/\",\"name\":\"Humanium\",\"description\":\"\u00a1Los ni\u00f1os primero!\",\"potentialAction\":[{\"@type\":\"SearchAction\",\"target\":{\"@type\":\"EntryPoint\",\"urlTemplate\":\"https:\/\/www.humanium.org\/es\/?s={search_term_string}\"},\"query-input\":{\"@type\":\"PropertyValueSpecification\",\"valueRequired\":true,\"valueName\":\"search_term_string\"}}],\"inLanguage\":\"es\"},{\"@type\":\"Person\",\"@id\":\"https:\/\/www.humanium.org\/es\/#\/schema\/person\/e72db8a951d9d04534a379fdd4d3e059\",\"name\":\"Vanessa Cezarita Cordeiro\",\"image\":{\"@type\":\"ImageObject\",\"inLanguage\":\"es\",\"@id\":\"https:\/\/www.humanium.org\/es\/#\/schema\/person\/image\/\",\"url\":\"https:\/\/secure.gravatar.com\/avatar\/0559163422e9f090cc60171463e5a5933678243c9f96d5af50a11619682439d4?s=96&d=mm&r=g\",\"contentUrl\":\"https:\/\/secure.gravatar.com\/avatar\/0559163422e9f090cc60171463e5a5933678243c9f96d5af50a11619682439d4?s=96&d=mm&r=g\",\"caption\":\"Vanessa Cezarita Cordeiro\"},\"sameAs\":[\"https:\/\/www.linkedin.com\/in\/vanessa-cezarita-cordeiro-5655aa123\/\"],\"url\":\"https:\/\/www.humanium.org\/es\/author\/autor_vanessacezaritacordeiro\/\"}]}<\/script>\n<!-- \/ Yoast SEO plugin. -->","yoast_head_json":{"title":"Una pandemia por encima de una pandemia: la creciente crisis de salud mental entre los adolescentes de Estados Unidos - Humanium","description":"Los Estados Unidos de Am\u00e9rica (EE. UU.) han visto un aumento en los casos registrados de ansiedad y depresi\u00f3n entre su poblaci\u00f3n juvenil.","robots":{"index":"index","follow":"follow","max-snippet":"max-snippet:-1","max-image-preview":"max-image-preview:large","max-video-preview":"max-video-preview:-1"},"canonical":"https:\/\/www.humanium.org\/es\/una-pandemia-por-encima-de-una-pandemia-la-creciente-crisis-de-salud-mental-entre-los-adolescentes-de-estados-unidos\/","og_locale":"es_ES","og_type":"article","og_title":"Una pandemia por encima de una pandemia: la creciente crisis de salud mental entre los adolescentes de Estados Unidos - Humanium","og_description":"Los Estados Unidos de Am\u00e9rica (EE. UU.) han visto un aumento en los casos registrados de ansiedad y depresi\u00f3n entre su poblaci\u00f3n juvenil.","og_url":"https:\/\/www.humanium.org\/es\/una-pandemia-por-encima-de-una-pandemia-la-creciente-crisis-de-salud-mental-entre-los-adolescentes-de-estados-unidos\/","og_site_name":"Humanium","article_published_time":"2022-12-13T18:43:16+00:00","article_modified_time":"2025-12-13T21:51:52+00:00","og_image":[{"width":2560,"height":1707,"url":"https:\/\/www.humanium.org\/es\/wp-content\/uploads\/2022\/12\/shutterstock_2212515795-scaled.jpg","type":"image\/jpeg"}],"author":"Vanessa Cezarita Cordeiro","twitter_card":"summary_large_image","twitter_misc":{"Escrito por":"Vanessa Cezarita Cordeiro","Tiempo de lectura":"9 minutos"},"schema":{"@context":"https:\/\/schema.org","@graph":[{"@type":"WebPage","@id":"https:\/\/www.humanium.org\/es\/una-pandemia-por-encima-de-una-pandemia-la-creciente-crisis-de-salud-mental-entre-los-adolescentes-de-estados-unidos\/","url":"https:\/\/www.humanium.org\/es\/una-pandemia-por-encima-de-una-pandemia-la-creciente-crisis-de-salud-mental-entre-los-adolescentes-de-estados-unidos\/","name":"Una pandemia por encima de una pandemia: la creciente crisis de salud mental entre los adolescentes de Estados Unidos - Humanium","isPartOf":{"@id":"https:\/\/www.humanium.org\/es\/#website"},"primaryImageOfPage":{"@id":"https:\/\/www.humanium.org\/es\/una-pandemia-por-encima-de-una-pandemia-la-creciente-crisis-de-salud-mental-entre-los-adolescentes-de-estados-unidos\/#primaryimage"},"image":{"@id":"https:\/\/www.humanium.org\/es\/una-pandemia-por-encima-de-una-pandemia-la-creciente-crisis-de-salud-mental-entre-los-adolescentes-de-estados-unidos\/#primaryimage"},"thumbnailUrl":"https:\/\/www.humanium.org\/es\/wp-content\/uploads\/2022\/12\/shutterstock_2212515795-scaled.jpg","datePublished":"2022-12-13T18:43:16+00:00","dateModified":"2025-12-13T21:51:52+00:00","author":{"@id":"https:\/\/www.humanium.org\/es\/#\/schema\/person\/e72db8a951d9d04534a379fdd4d3e059"},"description":"Los Estados Unidos de Am\u00e9rica (EE. UU.) han visto un aumento en los casos registrados de ansiedad y depresi\u00f3n entre su poblaci\u00f3n juvenil.","breadcrumb":{"@id":"https:\/\/www.humanium.org\/es\/una-pandemia-por-encima-de-una-pandemia-la-creciente-crisis-de-salud-mental-entre-los-adolescentes-de-estados-unidos\/#breadcrumb"},"inLanguage":"es","potentialAction":[{"@type":"ReadAction","target":["https:\/\/www.humanium.org\/es\/una-pandemia-por-encima-de-una-pandemia-la-creciente-crisis-de-salud-mental-entre-los-adolescentes-de-estados-unidos\/"]}]},{"@type":"ImageObject","inLanguage":"es","@id":"https:\/\/www.humanium.org\/es\/una-pandemia-por-encima-de-una-pandemia-la-creciente-crisis-de-salud-mental-entre-los-adolescentes-de-estados-unidos\/#primaryimage","url":"https:\/\/www.humanium.org\/es\/wp-content\/uploads\/2022\/12\/shutterstock_2212515795-scaled.jpg","contentUrl":"https:\/\/www.humanium.org\/es\/wp-content\/uploads\/2022\/12\/shutterstock_2212515795-scaled.jpg","width":2560,"height":1707},{"@type":"BreadcrumbList","@id":"https:\/\/www.humanium.org\/es\/una-pandemia-por-encima-de-una-pandemia-la-creciente-crisis-de-salud-mental-entre-los-adolescentes-de-estados-unidos\/#breadcrumb","itemListElement":[{"@type":"ListItem","position":1,"name":"Home","item":"https:\/\/www.humanium.org\/es\/"},{"@type":"ListItem","position":2,"name":"Una pandemia por encima de una pandemia: la creciente crisis de salud mental entre los adolescentes de Estados Unidos"}]},{"@type":"WebSite","@id":"https:\/\/www.humanium.org\/es\/#website","url":"https:\/\/www.humanium.org\/es\/","name":"Humanium","description":"\u00a1Los ni\u00f1os primero!","potentialAction":[{"@type":"SearchAction","target":{"@type":"EntryPoint","urlTemplate":"https:\/\/www.humanium.org\/es\/?s={search_term_string}"},"query-input":{"@type":"PropertyValueSpecification","valueRequired":true,"valueName":"search_term_string"}}],"inLanguage":"es"},{"@type":"Person","@id":"https:\/\/www.humanium.org\/es\/#\/schema\/person\/e72db8a951d9d04534a379fdd4d3e059","name":"Vanessa Cezarita Cordeiro","image":{"@type":"ImageObject","inLanguage":"es","@id":"https:\/\/www.humanium.org\/es\/#\/schema\/person\/image\/","url":"https:\/\/secure.gravatar.com\/avatar\/0559163422e9f090cc60171463e5a5933678243c9f96d5af50a11619682439d4?s=96&d=mm&r=g","contentUrl":"https:\/\/secure.gravatar.com\/avatar\/0559163422e9f090cc60171463e5a5933678243c9f96d5af50a11619682439d4?s=96&d=mm&r=g","caption":"Vanessa Cezarita Cordeiro"},"sameAs":["https:\/\/www.linkedin.com\/in\/vanessa-cezarita-cordeiro-5655aa123\/"],"url":"https:\/\/www.humanium.org\/es\/author\/autor_vanessacezaritacordeiro\/"}]}},"_links":{"self":[{"href":"https:\/\/www.humanium.org\/es\/wp-json\/wp\/v2\/posts\/17370","targetHints":{"allow":["GET"]}}],"collection":[{"href":"https:\/\/www.humanium.org\/es\/wp-json\/wp\/v2\/posts"}],"about":[{"href":"https:\/\/www.humanium.org\/es\/wp-json\/wp\/v2\/types\/post"}],"author":[{"embeddable":true,"href":"https:\/\/www.humanium.org\/es\/wp-json\/wp\/v2\/users\/39"}],"replies":[{"embeddable":true,"href":"https:\/\/www.humanium.org\/es\/wp-json\/wp\/v2\/comments?post=17370"}],"version-history":[{"count":7,"href":"https:\/\/www.humanium.org\/es\/wp-json\/wp\/v2\/posts\/17370\/revisions"}],"predecessor-version":[{"id":21897,"href":"https:\/\/www.humanium.org\/es\/wp-json\/wp\/v2\/posts\/17370\/revisions\/21897"}],"wp:featuredmedia":[{"embeddable":true,"href":"https:\/\/www.humanium.org\/es\/wp-json\/wp\/v2\/media\/17373"}],"wp:attachment":[{"href":"https:\/\/www.humanium.org\/es\/wp-json\/wp\/v2\/media?parent=17370"}],"wp:term":[{"taxonomy":"category","embeddable":true,"href":"https:\/\/www.humanium.org\/es\/wp-json\/wp\/v2\/categories?post=17370"},{"taxonomy":"post_tag","embeddable":true,"href":"https:\/\/www.humanium.org\/es\/wp-json\/wp\/v2\/tags?post=17370"}],"curies":[{"name":"wp","href":"https:\/\/api.w.org\/{rel}","templated":true}]}}