{"id":17390,"date":"2022-12-27T14:00:08","date_gmt":"2022-12-27T14:00:08","guid":{"rendered":"https:\/\/www.humanium.org\/es\/?p=17390"},"modified":"2025-12-06T16:28:46","modified_gmt":"2025-12-06T16:28:46","slug":"otro-ano-de-desafios-para-los-derechos-del-nino-a-nivel-mundial","status":"publish","type":"post","link":"https:\/\/www.humanium.org\/es\/otro-ano-de-desafios-para-los-derechos-del-nino-a-nivel-mundial\/","title":{"rendered":"Otro a\u00f1o de desaf\u00edos para los derechos del ni\u00f1o a nivel mundial"},"content":{"rendered":"\n<p><strong>Cada a\u00f1o presenta un cierto desaf\u00edo para las personas alrededor del mundo, pero es particularmente desafiante cuando aquellos afectados por los acontecimientos mundiales son <\/strong><a href=\"https:\/\/www.humanium.org\/es\/derechos-ninos\/\"><strong>ni\u00f1os<\/strong><\/a><strong>. Desafortunadamente, el 2022 no fue favorable para los ni\u00f1os en muchos sentidos, y la \u00fanica esperanza es que el a\u00f1o nuevo pueda traer m\u00e1s estabilidad, especialmente a los ni\u00f1os y sus familias que sufren en conflictos armados. A lo largo de todo el a\u00f1o, Humanium se comprometi\u00f3 a asegurar que los ni\u00f1os fueran protegidos contra la violencia y <\/strong><a href=\"https:\/\/www.humanium.org\/es\/enfoques-tematicos\/explotacion\/\"><strong>explotaci\u00f3n<\/strong><\/a><strong>, as\u00ed tambi\u00e9n contra los desaf\u00edos planteados por el Covid-19, el <\/strong><a href=\"https:\/\/www.humanium.org\/es\/cambio-climatico\/\"><strong>cambio clim\u00e1tico<\/strong><\/a><strong> y otros conflictos en curso, que son enfrentados desde un <\/strong><strong>enfoque basado en los derechos. <\/strong><strong>\u00a0<\/strong><\/p>\n\n\n\n<h2 class=\"wp-block-heading\"><strong>Ni\u00f1os en medio del conflicto armado Rusia-Ucrania<\/strong><\/h2>\n\n\n\n<p>A comienzos de febrero de 2022, el Ministro de Justicia de <a href=\"https:\/\/www.humanium.org\/es\/rusia\/\">Rusia<\/a> present\u00f3 una demanda para liquidar la Esfera de Fundaci\u00f3n Ben\u00e9fica (Charitable Foundation Sphere, o CF Sphere en ingl\u00e9s), una importante organizaci\u00f3n que defiende los derechos de las personas LGBTQI+ en Rusia (Lockshina 2022). Dos meses m\u00e1s tarde, un tribunal de distrito de San Petersburgo dictamin\u00f3 cerrar la fundaci\u00f3n. En consecuencia, el hecho de haber liquidado la organizaci\u00f3n legitima actualmente m\u00e1s actos homof\u00f3bicos, y los derechos de las personas <a href=\"https:\/\/www.humanium.org\/es\/derecho-de-la-infancia-a-la-identidad-orientacion-sexual-identidad-de-genero-y-expresion-de-genero-osig\/\">LGBTQIA+<\/a> en Rusia son particularmente vulnerables en estos momentos.&nbsp;<\/p>\n\n\n\n<p>No obstante, en relaci\u00f3n a Rusia, lo que ocurri\u00f3 tambi\u00e9n en febrero del 2022 tuvo un impacto incluso mayor en los derechos del ni\u00f1o. Ese mismo mes, las fuerzas rusas ingresaron en <a href=\"https:\/\/www.humanium.org\/es\/ucrania\/\">Ucrania<\/a>, marcando el comienzo de una invasi\u00f3n a\u00e9rea, marina y terrestre a gran escala de los activos militares y ciudades ucranianas a lo largo del pa\u00eds. El vigente conflicto en Ucrania a\u00fan representa una inmediata y creciente amenaza a las vidas y bienestar de los 7.5 millones de ni\u00f1os del pa\u00eds (UNICEF, 2022).&nbsp;&nbsp;<\/p>\n\n\n\n<figure class=\"wp-block-image size-large\"><img loading=\"lazy\" decoding=\"async\" width=\"1024\" height=\"647\" src=\"https:\/\/www.humanium.org\/es\/wp-content\/uploads\/2022\/12\/shutterstock_2095910923-1024x647.jpg\" alt=\"\" class=\"wp-image-17391\" srcset=\"https:\/\/www.humanium.org\/es\/wp-content\/uploads\/2022\/12\/shutterstock_2095910923-1024x647.jpg 1024w, https:\/\/www.humanium.org\/es\/wp-content\/uploads\/2022\/12\/shutterstock_2095910923-300x189.jpg 300w, https:\/\/www.humanium.org\/es\/wp-content\/uploads\/2022\/12\/shutterstock_2095910923-768x485.jpg 768w, https:\/\/www.humanium.org\/es\/wp-content\/uploads\/2022\/12\/shutterstock_2095910923-1536x970.jpg 1536w, https:\/\/www.humanium.org\/es\/wp-content\/uploads\/2022\/12\/shutterstock_2095910923-2048x1293.jpg 2048w, https:\/\/www.humanium.org\/es\/wp-content\/uploads\/2022\/12\/shutterstock_2095910923-830x524.jpg 830w, https:\/\/www.humanium.org\/es\/wp-content\/uploads\/2022\/12\/shutterstock_2095910923-230x145.jpg 230w, https:\/\/www.humanium.org\/es\/wp-content\/uploads\/2022\/12\/shutterstock_2095910923-350x221.jpg 350w, https:\/\/www.humanium.org\/es\/wp-content\/uploads\/2022\/12\/shutterstock_2095910923-480x303.jpg 480w\" sizes=\"auto, (max-width: 1024px) 100vw, 1024px\" \/><\/figure>\n\n\n\n<p>Los ni\u00f1os han sido <a href=\"https:\/\/www.humanium.org\/es\/derecho-vida\/\">asesinados<\/a>, heridos y severamente afectados por la creciente violencia que los rodea (Denton, 2022). A su vez, cientos de miles de ni\u00f1os y sus familias han sido <a href=\"https:\/\/www.humanium.org\/es\/enfoques-tematicos\/aislamiento-desarraigo\/ninos-desplazados\/\">desplazados<\/a> internamente y m\u00e1s de dos millones de refugiados han huido del pa\u00eds en busca de seguridad \u2013 en su gran mayor\u00eda mujeres y <a href=\"https:\/\/www.humanium.org\/es\/derechos-ninos\/\">ni\u00f1os<\/a> (Council on Foreign Relations, 2022).&nbsp;<\/p>\n\n\n\n<h2 class=\"wp-block-heading\"><strong>La importancia del derecho del ni\u00f1o a la educaci\u00f3n en conflictos armados&nbsp;<\/strong><\/h2>\n\n\n\n<p>El derecho a la <a href=\"https:\/\/www.humanium.org\/es\/derecho-educacion\/\">educaci\u00f3n<\/a> infantil es consagrado por los Art\u00edculos 28 y 29 de la <a href=\"https:\/\/www.humanium.org\/es\/convencion\/\">Convenci\u00f3n de los Derechos del Ni\u00f1o<\/a> (CDN). Adicionalmente, el objeto del Comentario General N\u00ba 13, que fue adoptado en 1999 por el Comit\u00e9 de Derechos Econ\u00f3micos, Sociales y Culturales con el prop\u00f3sito de proveer una interpretaci\u00f3n y clarificaci\u00f3n del art\u00edculo 13 del Pacto Internacional de Derechos Econ\u00f3micos, Sociales y Culturales (ICESCR por sus siglas en ingl\u00e9s), es precisamente el derecho a la educaci\u00f3n (UN Human Rights (n.d.)).<\/p>\n\n\n\n<p>Alrededor del mundo, los ni\u00f1os son privados de&nbsp; <a href=\"https:\/\/www.humanium.org\/es\/derecho-educacion\/\">educaci\u00f3n<\/a> y aprendizaje por diversos motivos. Aunque la <a href=\"https:\/\/www.humanium.org\/es\/enfoques-tematicos\/pobreza\/\">pobreza<\/a> contin\u00faa siendo una de las barreras m\u00e1s obstinadas, los ni\u00f1os que atraviesan inseguridades econ\u00f3micas, inestabilidad pol\u00edtica, <a href=\"https:\/\/www.humanium.org\/es\/enfoques-tematicos\/violencia\/ninos-soldado\/\">conflictos armados<\/a>, o <a href=\"https:\/\/www.humanium.org\/es\/enfoques-tematicos\/ambiente\/\">desastres naturales<\/a>, as\u00ed como tambi\u00e9n aquellos con <a href=\"https:\/\/www.humanium.org\/es\/infancia-con-discapacidades\/\">discapacidades<\/a>, o pertenecientes a minor\u00edas \u00e9tnicas, son menos propensos a asistir a la escuela.<\/p>\n\n\n\n<p>Adem\u00e1s, durante <a href=\"https:\/\/www.humanium.org\/es\/enfoques-tematicos\/violencia\/ninos-guerra\/\">conflictos armados<\/a>, con frecuencia la <a href=\"https:\/\/www.humanium.org\/es\/derecho-educacion\/\">educaci\u00f3n<\/a> no es considerada tan importante como otros derechos y es a menudo relegada. Adem\u00e1s de esto, los <a href=\"https:\/\/www.humanium.org\/es\/enfoques-tematicos\/violencia\/ninos-guerra\/\">conflictos armados<\/a> tienen un serio impacto <a href=\"https:\/\/www.humanium.org\/es\/el-bienestar-mental-de-los-ninos\/\">psicol\u00f3gico<\/a> en los <a href=\"https:\/\/www.humanium.org\/es\/derechos-ninos\/\">ni\u00f1os<\/a> debido a diversas razones, como el estr\u00e9s b\u00e9lico, la muerte de sus padres o parientes cercanos, o separaciones a largo plazo de sus <a href=\"https:\/\/www.humanium.org\/es\/familia-derecho-nino\/\">familias<\/a>. <\/p>\n\n\n\n<p>Estas situaciones destruyen, en un corto per\u00edodo de tiempo las instalaciones educativas, de cuidado y de vida, lo que eventualmente interrumpe, niega y obstaculiza el cumplimiento del <a href=\"https:\/\/www.humanium.org\/es\/derecho-educacion\/\">derecho a la educaci\u00f3n<\/a> (Instituto Brit\u00e1nico de Ley Internacional y Comparativa, 2020). Asimismo, muchos ni\u00f1os son altamente expuestos a combate o incluso participan activamente de los <a href=\"https:\/\/www.humanium.org\/es\/enfoques-tematicos\/violencia\/ninos-guerra\/\">conflictos.<\/a> Es evidente que sufren de <a href=\"https:\/\/www.humanium.org\/es\/humanium-aboga-por-prevenir-la-violencia-contra-los-ninos-con-el-grupo-de-trabajo-sobre-ninos-y-violencia\/\">violencia<\/a> constante, ya sea como v\u00edctimas o como testigos.<\/p>\n\n\n\n<figure class=\"wp-block-image size-large\"><img loading=\"lazy\" decoding=\"async\" width=\"1024\" height=\"734\" src=\"https:\/\/www.humanium.org\/es\/wp-content\/uploads\/2022\/12\/shutterstock_1829115641-1024x734.jpg\" alt=\"\" class=\"wp-image-17394\" srcset=\"https:\/\/www.humanium.org\/es\/wp-content\/uploads\/2022\/12\/shutterstock_1829115641-1024x734.jpg 1024w, https:\/\/www.humanium.org\/es\/wp-content\/uploads\/2022\/12\/shutterstock_1829115641-300x215.jpg 300w, https:\/\/www.humanium.org\/es\/wp-content\/uploads\/2022\/12\/shutterstock_1829115641-768x550.jpg 768w, https:\/\/www.humanium.org\/es\/wp-content\/uploads\/2022\/12\/shutterstock_1829115641-1536x1101.jpg 1536w, https:\/\/www.humanium.org\/es\/wp-content\/uploads\/2022\/12\/shutterstock_1829115641-2048x1468.jpg 2048w, https:\/\/www.humanium.org\/es\/wp-content\/uploads\/2022\/12\/shutterstock_1829115641-830x595.jpg 830w, https:\/\/www.humanium.org\/es\/wp-content\/uploads\/2022\/12\/shutterstock_1829115641-230x165.jpg 230w, https:\/\/www.humanium.org\/es\/wp-content\/uploads\/2022\/12\/shutterstock_1829115641-350x251.jpg 350w, https:\/\/www.humanium.org\/es\/wp-content\/uploads\/2022\/12\/shutterstock_1829115641-480x344.jpg 480w\" sizes=\"auto, (max-width: 1024px) 100vw, 1024px\" \/><\/figure>\n\n\n\n<p>No obstante, la educaci\u00f3n en estas situaciones deber\u00eda ser considerada una prioridad ya que brinda a los ni\u00f1os mucho m\u00e1s que el derecho a aprender. En efecto, la educaci\u00f3n en emergencias es de vital importancia para su progreso y bienestar <a href=\"https:\/\/www.humanium.org\/es\/el-bienestar-mental-de-los-ninos\/\">psicol\u00f3gico<\/a> y f\u00edsico. Adicionalmente, el prop\u00f3sito y beneficio de educaci\u00f3n de emergencia es proporcionar a los <a href=\"https:\/\/www.humanium.org\/es\/derechos-ninos\/\">ni\u00f1os<\/a> la tan necesitada <a href=\"https:\/\/www.humanium.org\/es\/derecho-proteccion\/\">protecci\u00f3n<\/a> social.&nbsp;<\/p>\n\n\n\n<h2 class=\"wp-block-heading\"><strong>La destrucci\u00f3n clim\u00e1tica es abuso infantil<\/strong><\/h2>\n\n\n\n<p>Al margen de las situaciones de conflictos armados a las que los ni\u00f1os est\u00e1n expuestos, de acuerdo al \u00cdndice de Riesgo Clim\u00e1tico Infantil (IRCI), cerca de la mitad de los ni\u00f1os del mundo est\u00e1n a su vez en un riesgo extremadamente alto a causa de los impactos negativos del cambio clim\u00e1tico, que est\u00e1 ocurriendo en este momento (UNICEF, 2021). A pesar de que la <a href=\"https:\/\/www.humanium.org\/es\/enfoques-tematicos\/ambiente\/emergencia-climatica\/\">crisis clim\u00e1tica<\/a> est\u00e9 siendo abordada a nivel nacional, regional y global, a trav\u00e9s de diversos tratados pol\u00edticos de alto nivel, resoluciones, pol\u00edticas, acuerdos y compromisos, los ni\u00f1os a\u00fan son dejados de lado en las iniciativas de abordaje de la crisis clim\u00e1tica.&nbsp;<\/p>\n\n\n\n<blockquote class=\"wp-block-quote is-layout-flow wp-block-quote-is-layout-flow\"><p>&nbsp;\u201cLa crisis clim\u00e1tica es una crisis de los derechos del ni\u00f1o.\u201d<\/p><cite>&#8211; UNICEF, 2021<\/cite><\/blockquote>\n\n\n\n<p>Los n\u00fameros actuales son bastante sombr\u00edos. A nivel global, se reporta que uno de cada cinco ni\u00f1os a nivel mundial no tiene actualmente acceso a suficiente agua para satisfacer sus necesidades diarias. De hecho, se asume que 1 bill\u00f3n de ni\u00f1os corren gran riesgo de ser afectados por la <a href=\"https:\/\/www.humanium.org\/es\/enfoques-tematicos\/ambiente\/emergencia-climatica\/\">crisis clim\u00e1tica,<\/a> de los cuales 820 millones (m\u00e1s de un tercio de los ni\u00f1os del mundo) est\u00e1n en la actualidad altamente expuestos a olas de calor, 400 millones (alrededor de 1 cada 6) a ciclones, 330 millones (1 cada 7) a inundaciones ribere\u00f1as, 240 millones (1 cada 10) a inundaciones costeras y 920 millones (m\u00e1s de un tercio) a escasez de agua (EEAS, 2022).&nbsp;<\/p>\n\n\n\n<p>Adem\u00e1s, es probable que dentro de 20 a\u00f1os uno de cada cuatro ni\u00f1os viva en \u00e1reas de estr\u00e9s h\u00eddrico extremo (Child Rights Connect, 2022). Adicionalmente, los <a href=\"https:\/\/www.humanium.org\/es\/enfoques-tematicos\/ambiente\/ninos-refugiados-climaticos\/\">ni\u00f1os<\/a> ser\u00e1n cada vez m\u00e1s propensos a experimentar eventos clim\u00e1ticos tales como inundaciones devastadoras, ciclones, contaminaci\u00f3n atmosf\u00e9rica, calentamiento global, eventos clim\u00e1ticos extremos como por ejemplo desertificaci\u00f3n, deforestaci\u00f3n, sequ\u00edas catastr\u00f3ficas, olas de calor, incendios, tormentas, y las consecuencias relacionadas. Dicho esto, el fracaso de los gobiernos para prevenir el cambio clim\u00e1tico y mitigar sus prejuicios es una forma de <a href=\"https:\/\/www.humanium.org\/es\/enfoques-tematicos\/violencia\/abuso-infantil\/\">violencia<\/a> contra los ni\u00f1os y, por lo tanto, puede ser definida como <a href=\"https:\/\/www.humanium.org\/es\/enfoques-tematicos\/violencia\/abuso-infantil\/\">abuso infantil<\/a>.<\/p>\n\n\n\n<h2 class=\"wp-block-heading\"><strong>Humanium aboga por los derechos de los ni\u00f1os a escala global<\/strong><\/h2>\n\n\n\n<p>Durante todo el a\u00f1o, Humanium ha trabajado duro para cumplir los<a href=\"https:\/\/www.humanium.org\/es\/derechos-ninos\/\"> derechos<\/a> reconocidos por la <a href=\"https:\/\/www.humanium.org\/es\/convencion\/\">Convenci\u00f3n de los Derechos del Ni\u00f1o de la ONU<\/a> (CDN). Al comienzo del a\u00f1o, Humanium present\u00f3 recomendaciones al Relator Especial sobre la trata de personas, especialmente de mujeres y ni\u00f1os. Este documento de propuestas buscaba poner fin a la <a href=\"https:\/\/www.humanium.org\/es\/enfoques-tematicos\/explotacion\/trata-ninos\/\">trata<\/a> de personas en la agricultura, al elaborar estrategias de prevenci\u00f3n y protecci\u00f3n, as\u00ed como tambi\u00e9n consideraba especialmente las vulnerabilidades inherentes de los propios ni\u00f1os.<\/p>\n\n\n\n<p>En marzo 2022, Humanium asisti\u00f3 a un decisivo evento paralelo a la 49a sesi\u00f3n del Consejo de Derechos Humanos. El prop\u00f3sito de este evento paralelo, organizado por el Representante Especial de la Secretar\u00eda General de Violencia contra los Ni\u00f1os y los miembros del Grupo de Trabajo sobre Ni\u00f1os y Violencia \u201cChild Rights Connect\u201d, fue&nbsp; fortalecer el compromiso de las partes interesadas para terminar con la violencia contra los ni\u00f1os exacerbada por los impactos del <a href=\"https:\/\/www.humanium.org\/es\/cambio-climatico\/\">cambio clim\u00e1tico<\/a>, la pandemia Covid-19 y la amenazadora crisis de Ucrania.&nbsp;<\/p>\n\n\n\n<p>En abril, implementamos 3 <a href=\"https:\/\/www.facebook.com\/media\/set\/?set=a.5317641364966162&amp;type=3\">proyectos Humanium<\/a> en cooperaci\u00f3n con Hand in Hand India, nuestro socio local, y efectuamos 7 talleres adicionales. Debido a que Hand India tambi\u00e9n est\u00e1 llevando a cabo otros proyectos con el apoyo financiero de otras ONGs comprometidas, alrededor de 20 talleres fueron impartidos, gracias a la amable ayuda de nuestro co-coach y entrenador Vicdan Merter de Estambul.&nbsp;<\/p>\n\n\n\n<figure class=\"wp-block-image size-full\"><img loading=\"lazy\" decoding=\"async\" width=\"940\" height=\"788\" src=\"https:\/\/www.humanium.org\/es\/wp-content\/uploads\/2022\/12\/280321333_5316642348399397_1402011192425189114_n.jpeg\" alt=\"\" class=\"wp-image-17393\" srcset=\"https:\/\/www.humanium.org\/es\/wp-content\/uploads\/2022\/12\/280321333_5316642348399397_1402011192425189114_n.jpeg 940w, https:\/\/www.humanium.org\/es\/wp-content\/uploads\/2022\/12\/280321333_5316642348399397_1402011192425189114_n-300x251.jpeg 300w, https:\/\/www.humanium.org\/es\/wp-content\/uploads\/2022\/12\/280321333_5316642348399397_1402011192425189114_n-768x644.jpeg 768w, https:\/\/www.humanium.org\/es\/wp-content\/uploads\/2022\/12\/280321333_5316642348399397_1402011192425189114_n-830x696.jpeg 830w, https:\/\/www.humanium.org\/es\/wp-content\/uploads\/2022\/12\/280321333_5316642348399397_1402011192425189114_n-230x193.jpeg 230w, https:\/\/www.humanium.org\/es\/wp-content\/uploads\/2022\/12\/280321333_5316642348399397_1402011192425189114_n-350x293.jpeg 350w, https:\/\/www.humanium.org\/es\/wp-content\/uploads\/2022\/12\/280321333_5316642348399397_1402011192425189114_n-480x402.jpeg 480w\" sizes=\"auto, (max-width: 940px) 100vw, 940px\" \/><\/figure>\n\n\n\n<p>Cada ma\u00f1ana, nuestros talleres reun\u00edan entre 25 y 35 personas, entre adolescentes, docentes o entrenadores de desarrollo social y psicol\u00f3gico de diferentes ciudades, en los estados indios de Tamil Nadu y Madhya Pradesh, donde hemos estado presentes con nuestros proyectos desde los \u00faltimos 15 a\u00f1os. Los entrenadores que conocimos durante nuestra \u00faltima visita en el 2019 nos mostraron c\u00f3mo implementan nuestras t\u00e9cnicas y ejercicios de coaching diariamente contra la violencia y logran el progreso y desarrollo del ni\u00f1o.&nbsp;<\/p>\n\n\n\n<blockquote class=\"wp-block-quote is-layout-flow wp-block-quote-is-layout-flow\"><p>\u201cHemos pasado un momento maravilloso juntos y alcanzado un enorme impacto. Podemos decirlo feliz y honestamente \u2013 \u00a1volveremos!\u201d<\/p><cite>&#8211; Arndt Soret, Director y Co-Fundador de Humanium<\/cite><\/blockquote>\n\n\n\n<h2 class=\"wp-block-heading\"><strong>Esperanza por un Nuevo A\u00f1o pac\u00edfico<\/strong><\/h2>\n\n\n\n<p>A su vez, Humanium se comprometi\u00f3 a luchar contra el <a href=\"https:\/\/www.humanium.org\/es\/enfoques-tematicos\/explotacion\/trabajo-infantil\/\">trabajo<\/a> y la <a href=\"https:\/\/www.humanium.org\/es\/enfoques-tematicos\/explotacion\/trata-ninos\/\">trata infantil<\/a> y estuvo activamente involucrado en diversos proyectos multi-nivel destinados a eliminar estas pr\u00e1cticas y asegurar el respeto total por los derechos del ni\u00f1o. Humanium estuvo y contin\u00faa estando en efecto comprometida en una profunda cooperaci\u00f3n con la sociedad civil para construir alianzas fuertes para implementar los derechos del ni\u00f1o, y continuamos luchando por proponer recomendaciones y propuestas al nivel de las Naciones Unidas.<\/p>\n\n\n\n<figure class=\"wp-block-image size-large\"><img loading=\"lazy\" decoding=\"async\" width=\"1024\" height=\"683\" src=\"https:\/\/www.humanium.org\/es\/wp-content\/uploads\/2022\/12\/shutterstock_2208979847-1024x683.jpg\" alt=\"\" class=\"wp-image-17392\" srcset=\"https:\/\/www.humanium.org\/es\/wp-content\/uploads\/2022\/12\/shutterstock_2208979847-1024x683.jpg 1024w, https:\/\/www.humanium.org\/es\/wp-content\/uploads\/2022\/12\/shutterstock_2208979847-300x200.jpg 300w, https:\/\/www.humanium.org\/es\/wp-content\/uploads\/2022\/12\/shutterstock_2208979847-768x512.jpg 768w, https:\/\/www.humanium.org\/es\/wp-content\/uploads\/2022\/12\/shutterstock_2208979847-1536x1024.jpg 1536w, https:\/\/www.humanium.org\/es\/wp-content\/uploads\/2022\/12\/shutterstock_2208979847-2048x1365.jpg 2048w, https:\/\/www.humanium.org\/es\/wp-content\/uploads\/2022\/12\/shutterstock_2208979847-830x553.jpg 830w, https:\/\/www.humanium.org\/es\/wp-content\/uploads\/2022\/12\/shutterstock_2208979847-230x153.jpg 230w, https:\/\/www.humanium.org\/es\/wp-content\/uploads\/2022\/12\/shutterstock_2208979847-350x233.jpg 350w, https:\/\/www.humanium.org\/es\/wp-content\/uploads\/2022\/12\/shutterstock_2208979847-480x320.jpg 480w, https:\/\/www.humanium.org\/es\/wp-content\/uploads\/2022\/12\/shutterstock_2208979847-272x182.jpg 272w\" sizes=\"auto, (max-width: 1024px) 100vw, 1024px\" \/><\/figure>\n\n\n\n<p>Nunca dejaremos de abogar por un mundo en el que los ni\u00f1os est\u00e9n rodeados de educaci\u00f3n y progreso en lugar de <a href=\"https:\/\/www.humanium.org\/es\/enfoques-tematicos\/violencia\/ninos-guerra\/\"><strong>conflictos armados<\/strong><\/a> y miedo. Incluso al enfrentarnos a desaf\u00edos, persistiremos en proporcionar diferentes tipos de entrenamiento para poder lograr crecimiento y comunidades pac\u00edficas, donde todos tengan los mismos derechos, sin importar si se trata de un ni\u00f1o o adulto, sin importar su g\u00e9nero, color de su piel o nacionalidad. <strong>Si te gustar\u00eda apoyarnos en nuestra misi\u00f3n por favor considera <\/strong><a href=\"https:\/\/www.humanium.org\/es\/apadrinar-a-un-nino\/\"><strong>apadrinar a un ni\u00f1o<\/strong><\/a><strong>, hacer una<\/strong><a href=\"https:\/\/www.humanium.org\/es\/donacion\/\"><strong> donaci\u00f3n<\/strong><\/a><strong> o volverte <\/strong><a href=\"https:\/\/www.humanium.org\/es\/voluntariado\/\"><strong>voluntario<\/strong><\/a><strong> el a\u00f1o entrante.&nbsp;<\/strong><\/p>\n\n\n\n<p class=\"has-text-align-center\"><strong><em>\u00a1En el nombre de todo el equipo de Humanium, deseamos que t\u00fa y tus seres queridos pasen un A\u00f1o Nuevo seguro, feliz y gratificante!<\/em><\/strong><\/p>\n\n\n\n<p><em><strong>Escrito por Ivana Ka\u0107unko<\/strong><\/em><\/p>\n\n\n\n<p><em><strong>Traducido por Maria Eugenia Lodeiro<\/strong><\/em><\/p>\n\n\n\n<p><em><strong>Revisado por Gabriela Pacheco<\/strong><\/em><\/p>\n\n\n\n<h4 class=\"wp-block-heading\"><strong>Bibliograf\u00eda<\/strong>:<\/h4>\n\n\n\n<p class=\"has-small-font-size\">British Institute of International and Comparative Law (2020). <em>Protecting Education in Insecurity and Armed Conflict, An International Law Handbook, second edition<\/em>. Retrieved from the British Institute of International and Comparative Law at <a href=\"https:\/\/www.right-to-education.org\/sites\/right-to-education.org\/files\/resource-attachments\/PEIC_BIICL_international_law_handbook_2020_en.pdf\" target=\"_blank\" rel=\"noreferrer noopener\">https:\/\/www.right-to-education.org\/sites\/right-to-education.org\/files\/resource-attachments\/PEIC_BIICL_international_law_handbook_2020_en.pdf<\/a>, accessed on November 24, 2022.&nbsp;<\/p>\n\n\n\n<p class=\"has-small-font-size\">Child Rights Connect (2022). <em>Saving the planet is saving children: Voices of Children for COP27 and beyond<\/em>. Retrieved from Child Rights Connect at <a href=\"https:\/\/childrightsconnect.org\/saving-the-planet-is-saving-children-voices-of-children-for-cop27-and-beyond\/\" target=\"_blank\" rel=\"noreferrer noopener\">https:\/\/childrightsconnect.org\/saving-the-planet-is-saving-children-voices-of-children-for-cop27-and-beyond\/<\/a>, accessed on November 24, 2022.<\/p>\n\n\n\n<p class=\"has-small-font-size\">Council on Foreign Relations (2022). <em>Conflict in Ukraine, Global Conflict Tracker<\/em>. Retrieved from the Council on Foreign Relations at <a href=\"https:\/\/www.cfr.org\/global-conflict-tracker\/conflict\/conflict-ukraine\" target=\"_blank\" rel=\"noreferrer noopener\">https:\/\/www.cfr.org\/global-conflict-tracker\/conflict\/conflict-ukraine<\/a>, accessed on November 24, 2022.<\/p>\n\n\n\n<p class=\"has-small-font-size\">Denton, J. W. (2022). <em>Ukraine crisis: What can business do for children and their families?<\/em> Retrieved from the International Chamber of Commerce at <a href=\"https:\/\/iccwbo.org\/publication\/ukraine-crisis-what-can-business-do-for-children-and-their-families\/\" target=\"_blank\" rel=\"noreferrer noopener\">https:\/\/iccwbo.org\/publication\/ukraine-crisis-what-can-business-do-for-children-and-their-families\/<\/a>, accessed on November 24, 2022.<\/p>\n\n\n\n<p class=\"has-small-font-size\">EEAS (2022). <em>The Climate Crisis: a Threat Multiplier for Violence against Children<\/em>. Retrieved from the Delegation of the European Union to the United Nations in New York at <a href=\"https:\/\/www.eeas.europa.eu\/delegations\/un-new-york\/climate-crisis-threat-multiplier-violence-against-children_en\" target=\"_blank\" rel=\"noreferrer noopener\">https:\/\/www.eeas.europa.eu\/delegations\/un-new-york\/climate-crisis-threat-multiplier-violence-against-children_en<\/a>, accessed on November 23, 2022.<\/p>\n\n\n\n<p class=\"has-small-font-size\">Lokshina, Tanya (2022). <em>Russian Government Seeks Closure of LGBT Rights Group<\/em>.&nbsp; Retrieved from Human Rights Watch at <a href=\"https:\/\/www.hrw.org\/news\/2022\/02\/09\/russian-government-seeks-closure-lgbt-rights-group\" target=\"_blank\" rel=\"noreferrer noopener\">https:\/\/www.hrw.org\/news\/2022\/02\/09\/russian-government-seeks-closure-lgbt-rights-group<\/a>, accessed on November 23, 2022.<\/p>\n\n\n\n<p class=\"has-small-font-size\"><a href=\"https:\/\/www.unicef.org\/media\/105536\/file\/UNICEF_climate%20crisis_child_rights_crisis-summary-FR.pdf\">UNICEF (2021). <em>The climate crisis is a child rights crisis.<\/em> Retrieved from UNICEF<\/a> at <a href=\"https:\/\/www.unicef.org\/media\/105376\/file\/UNICEF-climate-crisis-child-rights-crisis.pdf\" target=\"_blank\" rel=\"noreferrer noopener\">https:\/\/www.unicef.org\/media\/105376\/file\/UNICEF-climate-crisis-child-rights-crisis.pd<\/a>f, accessed on November 23, 2022.<\/p>\n\n\n\n<p class=\"has-small-font-size\">UNICEF (2022). <em>War in Ukraine: Support for children and families<\/em>. <a href=\"https:\/\/www.unicef.org\/media\/105536\/file\/UNICEF_climate%20crisis_child_rights_crisis-summary-FR.pdf\">Retrieved from<\/a> UNICEF at <a href=\"https:\/\/www.unicef.org\/emergencies\/conflict-ukraine-pose-immediate-threat-children\" target=\"_blank\" rel=\"noreferrer noopener\">https:\/\/www.unicef.org\/emergencies\/conflict-ukraine-pose-immediate-threat-children<\/a>, accessed on November 23, 2022.<\/p>\n\n\n\n<p class=\"has-small-font-size\">UN Human Rights (n.d.). <em>d) General Comment No. 13: The right to education (article 13) (1999)<\/em>. Retrieved from the Office of the High Commissioner for Human Rights (UN Human Rights) at <a href=\"https:\/\/www.ohchr.org\/en\/resources\/educators\/human-rights-education-training\/d-general-comment-no-13-right-education-article-13-1999#:~:text=For%20the%20most%20part%2C%20they,effectively%20in%20a%20free%20society%22%2C\" target=\"_blank\" rel=\"noreferrer noopener\">https:\/\/www.ohchr.org\/en\/resources\/educators\/human-rights-education-training\/d-general-comment-no-13-right-education-article-13-1999#:~:text=For%20the%20most%20part%2C%20they,effectively%20in%20a%20free%20society%22%2C<\/a>, accessed on November 23, 2022.<\/p>\n","protected":false},"excerpt":{"rendered":"<p>Cada a\u00f1o presenta un cierto desaf\u00edo para las personas alrededor del mundo, pero es particularmente desafiante cuando aquellos afectados por los acontecimientos mundiales son ni\u00f1os. Desafortunadamente, el 2022 no fue favorable para los ni\u00f1os en muchos sentidos, y la \u00fanica esperanza es que el a\u00f1o nuevo pueda traer m\u00e1s estabilidad, especialmente a los ni\u00f1os y [&hellip;]<\/p>\n","protected":false},"author":21,"featured_media":17395,"comment_status":"closed","ping_status":"closed","sticky":false,"template":"","format":"standard","meta":{"footnotes":""},"categories":[148,3,4,5,159,6,149,157,8,9,145],"tags":[],"class_list":["post-17390","post","type-post","status-publish","format-standard","has-post-thumbnail","hentry","category-derechos-del-nino","category-derechos-humanos","category-descubrir-india","category-educacion","category-explotacion","category-medioambiente","category-paz","category-pobreza","category-salud","category-vida-de-la-asociacion","category-violencia"],"yoast_head":"<!-- This site is optimized with the Yoast SEO plugin v26.5 - https:\/\/yoast.com\/wordpress\/plugins\/seo\/ -->\n<title>Otro a\u00f1o de desaf\u00edos para los derechos del ni\u00f1o a nivel mundial - Humanium<\/title>\n<meta name=\"description\" content=\"Durante todo el a\u00f1o, Humanium se comprometi\u00f3 a garantizar la protecci\u00f3n de los ni\u00f1os frente a las violaci\u00f3nes de sus derechos fundamentales.\" \/>\n<meta name=\"robots\" content=\"index, follow, max-snippet:-1, max-image-preview:large, max-video-preview:-1\" \/>\n<link rel=\"canonical\" href=\"https:\/\/www.humanium.org\/es\/otro-ano-de-desafios-para-los-derechos-del-nino-a-nivel-mundial\/\" \/>\n<meta property=\"og:locale\" content=\"es_ES\" \/>\n<meta property=\"og:type\" content=\"article\" \/>\n<meta property=\"og:title\" content=\"Otro a\u00f1o de desaf\u00edos para los derechos del ni\u00f1o a nivel mundial - Humanium\" \/>\n<meta property=\"og:description\" content=\"Durante todo el a\u00f1o, Humanium se comprometi\u00f3 a garantizar la protecci\u00f3n de los ni\u00f1os frente a las violaci\u00f3nes de sus derechos fundamentales.\" \/>\n<meta property=\"og:url\" content=\"https:\/\/www.humanium.org\/es\/otro-ano-de-desafios-para-los-derechos-del-nino-a-nivel-mundial\/\" \/>\n<meta property=\"og:site_name\" content=\"Humanium\" \/>\n<meta property=\"article:published_time\" content=\"2022-12-27T14:00:08+00:00\" \/>\n<meta property=\"article:modified_time\" content=\"2025-12-06T16:28:46+00:00\" \/>\n<meta property=\"og:image\" content=\"https:\/\/www.humanium.org\/es\/wp-content\/uploads\/2022\/12\/shutterstock_2182668129-scaled.jpg\" \/>\n\t<meta property=\"og:image:width\" content=\"2560\" \/>\n\t<meta property=\"og:image:height\" content=\"1709\" \/>\n\t<meta property=\"og:image:type\" content=\"image\/jpeg\" \/>\n<meta name=\"author\" content=\"ivana kacunko\" \/>\n<meta name=\"twitter:card\" content=\"summary_large_image\" \/>\n<meta name=\"twitter:label1\" content=\"Escrito por\" \/>\n\t<meta name=\"twitter:data1\" content=\"ivana kacunko\" \/>\n\t<meta name=\"twitter:label2\" content=\"Tiempo de lectura\" \/>\n\t<meta name=\"twitter:data2\" content=\"10 minutos\" \/>\n<script type=\"application\/ld+json\" class=\"yoast-schema-graph\">{\"@context\":\"https:\/\/schema.org\",\"@graph\":[{\"@type\":\"WebPage\",\"@id\":\"https:\/\/www.humanium.org\/es\/otro-ano-de-desafios-para-los-derechos-del-nino-a-nivel-mundial\/\",\"url\":\"https:\/\/www.humanium.org\/es\/otro-ano-de-desafios-para-los-derechos-del-nino-a-nivel-mundial\/\",\"name\":\"Otro a\u00f1o de desaf\u00edos para los derechos del ni\u00f1o a nivel mundial - Humanium\",\"isPartOf\":{\"@id\":\"https:\/\/www.humanium.org\/es\/#website\"},\"primaryImageOfPage\":{\"@id\":\"https:\/\/www.humanium.org\/es\/otro-ano-de-desafios-para-los-derechos-del-nino-a-nivel-mundial\/#primaryimage\"},\"image\":{\"@id\":\"https:\/\/www.humanium.org\/es\/otro-ano-de-desafios-para-los-derechos-del-nino-a-nivel-mundial\/#primaryimage\"},\"thumbnailUrl\":\"https:\/\/www.humanium.org\/es\/wp-content\/uploads\/2022\/12\/shutterstock_2182668129-scaled.jpg\",\"datePublished\":\"2022-12-27T14:00:08+00:00\",\"dateModified\":\"2025-12-06T16:28:46+00:00\",\"author\":{\"@id\":\"https:\/\/www.humanium.org\/es\/#\/schema\/person\/7e09e5fb9ff9c13237e229258cdef567\"},\"description\":\"Durante todo el a\u00f1o, Humanium se comprometi\u00f3 a garantizar la protecci\u00f3n de los ni\u00f1os frente a las violaci\u00f3nes de sus derechos fundamentales.\",\"breadcrumb\":{\"@id\":\"https:\/\/www.humanium.org\/es\/otro-ano-de-desafios-para-los-derechos-del-nino-a-nivel-mundial\/#breadcrumb\"},\"inLanguage\":\"es\",\"potentialAction\":[{\"@type\":\"ReadAction\",\"target\":[\"https:\/\/www.humanium.org\/es\/otro-ano-de-desafios-para-los-derechos-del-nino-a-nivel-mundial\/\"]}]},{\"@type\":\"ImageObject\",\"inLanguage\":\"es\",\"@id\":\"https:\/\/www.humanium.org\/es\/otro-ano-de-desafios-para-los-derechos-del-nino-a-nivel-mundial\/#primaryimage\",\"url\":\"https:\/\/www.humanium.org\/es\/wp-content\/uploads\/2022\/12\/shutterstock_2182668129-scaled.jpg\",\"contentUrl\":\"https:\/\/www.humanium.org\/es\/wp-content\/uploads\/2022\/12\/shutterstock_2182668129-scaled.jpg\",\"width\":2560,\"height\":1709},{\"@type\":\"BreadcrumbList\",\"@id\":\"https:\/\/www.humanium.org\/es\/otro-ano-de-desafios-para-los-derechos-del-nino-a-nivel-mundial\/#breadcrumb\",\"itemListElement\":[{\"@type\":\"ListItem\",\"position\":1,\"name\":\"Home\",\"item\":\"https:\/\/www.humanium.org\/es\/\"},{\"@type\":\"ListItem\",\"position\":2,\"name\":\"Otro a\u00f1o de desaf\u00edos para los derechos del ni\u00f1o a nivel mundial\"}]},{\"@type\":\"WebSite\",\"@id\":\"https:\/\/www.humanium.org\/es\/#website\",\"url\":\"https:\/\/www.humanium.org\/es\/\",\"name\":\"Humanium\",\"description\":\"\u00a1Los ni\u00f1os primero!\",\"potentialAction\":[{\"@type\":\"SearchAction\",\"target\":{\"@type\":\"EntryPoint\",\"urlTemplate\":\"https:\/\/www.humanium.org\/es\/?s={search_term_string}\"},\"query-input\":{\"@type\":\"PropertyValueSpecification\",\"valueRequired\":true,\"valueName\":\"search_term_string\"}}],\"inLanguage\":\"es\"},{\"@type\":\"Person\",\"@id\":\"https:\/\/www.humanium.org\/es\/#\/schema\/person\/7e09e5fb9ff9c13237e229258cdef567\",\"name\":\"ivana kacunko\",\"image\":{\"@type\":\"ImageObject\",\"inLanguage\":\"es\",\"@id\":\"https:\/\/www.humanium.org\/es\/#\/schema\/person\/image\/\",\"url\":\"https:\/\/secure.gravatar.com\/avatar\/742fb74b41932fd8f13d04dad50bea47f5e3de2a645c548d1b801c6f3aef77e6?s=96&d=mm&r=g\",\"contentUrl\":\"https:\/\/secure.gravatar.com\/avatar\/742fb74b41932fd8f13d04dad50bea47f5e3de2a645c548d1b801c6f3aef77e6?s=96&d=mm&r=g\",\"caption\":\"ivana kacunko\"},\"sameAs\":[\"https:\/\/www.linkedin.com\/in\/ivana-ka%C4%87unko-8934b692\/\"],\"url\":\"https:\/\/www.humanium.org\/es\/author\/ivana\/\"}]}<\/script>\n<!-- \/ Yoast SEO plugin. -->","yoast_head_json":{"title":"Otro a\u00f1o de desaf\u00edos para los derechos del ni\u00f1o a nivel mundial - Humanium","description":"Durante todo el a\u00f1o, Humanium se comprometi\u00f3 a garantizar la protecci\u00f3n de los ni\u00f1os frente a las violaci\u00f3nes de sus derechos fundamentales.","robots":{"index":"index","follow":"follow","max-snippet":"max-snippet:-1","max-image-preview":"max-image-preview:large","max-video-preview":"max-video-preview:-1"},"canonical":"https:\/\/www.humanium.org\/es\/otro-ano-de-desafios-para-los-derechos-del-nino-a-nivel-mundial\/","og_locale":"es_ES","og_type":"article","og_title":"Otro a\u00f1o de desaf\u00edos para los derechos del ni\u00f1o a nivel mundial - Humanium","og_description":"Durante todo el a\u00f1o, Humanium se comprometi\u00f3 a garantizar la protecci\u00f3n de los ni\u00f1os frente a las violaci\u00f3nes de sus derechos fundamentales.","og_url":"https:\/\/www.humanium.org\/es\/otro-ano-de-desafios-para-los-derechos-del-nino-a-nivel-mundial\/","og_site_name":"Humanium","article_published_time":"2022-12-27T14:00:08+00:00","article_modified_time":"2025-12-06T16:28:46+00:00","og_image":[{"width":2560,"height":1709,"url":"https:\/\/www.humanium.org\/es\/wp-content\/uploads\/2022\/12\/shutterstock_2182668129-scaled.jpg","type":"image\/jpeg"}],"author":"ivana kacunko","twitter_card":"summary_large_image","twitter_misc":{"Escrito por":"ivana kacunko","Tiempo de lectura":"10 minutos"},"schema":{"@context":"https:\/\/schema.org","@graph":[{"@type":"WebPage","@id":"https:\/\/www.humanium.org\/es\/otro-ano-de-desafios-para-los-derechos-del-nino-a-nivel-mundial\/","url":"https:\/\/www.humanium.org\/es\/otro-ano-de-desafios-para-los-derechos-del-nino-a-nivel-mundial\/","name":"Otro a\u00f1o de desaf\u00edos para los derechos del ni\u00f1o a nivel mundial - Humanium","isPartOf":{"@id":"https:\/\/www.humanium.org\/es\/#website"},"primaryImageOfPage":{"@id":"https:\/\/www.humanium.org\/es\/otro-ano-de-desafios-para-los-derechos-del-nino-a-nivel-mundial\/#primaryimage"},"image":{"@id":"https:\/\/www.humanium.org\/es\/otro-ano-de-desafios-para-los-derechos-del-nino-a-nivel-mundial\/#primaryimage"},"thumbnailUrl":"https:\/\/www.humanium.org\/es\/wp-content\/uploads\/2022\/12\/shutterstock_2182668129-scaled.jpg","datePublished":"2022-12-27T14:00:08+00:00","dateModified":"2025-12-06T16:28:46+00:00","author":{"@id":"https:\/\/www.humanium.org\/es\/#\/schema\/person\/7e09e5fb9ff9c13237e229258cdef567"},"description":"Durante todo el a\u00f1o, Humanium se comprometi\u00f3 a garantizar la protecci\u00f3n de los ni\u00f1os frente a las violaci\u00f3nes de sus derechos fundamentales.","breadcrumb":{"@id":"https:\/\/www.humanium.org\/es\/otro-ano-de-desafios-para-los-derechos-del-nino-a-nivel-mundial\/#breadcrumb"},"inLanguage":"es","potentialAction":[{"@type":"ReadAction","target":["https:\/\/www.humanium.org\/es\/otro-ano-de-desafios-para-los-derechos-del-nino-a-nivel-mundial\/"]}]},{"@type":"ImageObject","inLanguage":"es","@id":"https:\/\/www.humanium.org\/es\/otro-ano-de-desafios-para-los-derechos-del-nino-a-nivel-mundial\/#primaryimage","url":"https:\/\/www.humanium.org\/es\/wp-content\/uploads\/2022\/12\/shutterstock_2182668129-scaled.jpg","contentUrl":"https:\/\/www.humanium.org\/es\/wp-content\/uploads\/2022\/12\/shutterstock_2182668129-scaled.jpg","width":2560,"height":1709},{"@type":"BreadcrumbList","@id":"https:\/\/www.humanium.org\/es\/otro-ano-de-desafios-para-los-derechos-del-nino-a-nivel-mundial\/#breadcrumb","itemListElement":[{"@type":"ListItem","position":1,"name":"Home","item":"https:\/\/www.humanium.org\/es\/"},{"@type":"ListItem","position":2,"name":"Otro a\u00f1o de desaf\u00edos para los derechos del ni\u00f1o a nivel mundial"}]},{"@type":"WebSite","@id":"https:\/\/www.humanium.org\/es\/#website","url":"https:\/\/www.humanium.org\/es\/","name":"Humanium","description":"\u00a1Los ni\u00f1os primero!","potentialAction":[{"@type":"SearchAction","target":{"@type":"EntryPoint","urlTemplate":"https:\/\/www.humanium.org\/es\/?s={search_term_string}"},"query-input":{"@type":"PropertyValueSpecification","valueRequired":true,"valueName":"search_term_string"}}],"inLanguage":"es"},{"@type":"Person","@id":"https:\/\/www.humanium.org\/es\/#\/schema\/person\/7e09e5fb9ff9c13237e229258cdef567","name":"ivana kacunko","image":{"@type":"ImageObject","inLanguage":"es","@id":"https:\/\/www.humanium.org\/es\/#\/schema\/person\/image\/","url":"https:\/\/secure.gravatar.com\/avatar\/742fb74b41932fd8f13d04dad50bea47f5e3de2a645c548d1b801c6f3aef77e6?s=96&d=mm&r=g","contentUrl":"https:\/\/secure.gravatar.com\/avatar\/742fb74b41932fd8f13d04dad50bea47f5e3de2a645c548d1b801c6f3aef77e6?s=96&d=mm&r=g","caption":"ivana kacunko"},"sameAs":["https:\/\/www.linkedin.com\/in\/ivana-ka%C4%87unko-8934b692\/"],"url":"https:\/\/www.humanium.org\/es\/author\/ivana\/"}]}},"_links":{"self":[{"href":"https:\/\/www.humanium.org\/es\/wp-json\/wp\/v2\/posts\/17390","targetHints":{"allow":["GET"]}}],"collection":[{"href":"https:\/\/www.humanium.org\/es\/wp-json\/wp\/v2\/posts"}],"about":[{"href":"https:\/\/www.humanium.org\/es\/wp-json\/wp\/v2\/types\/post"}],"author":[{"embeddable":true,"href":"https:\/\/www.humanium.org\/es\/wp-json\/wp\/v2\/users\/21"}],"replies":[{"embeddable":true,"href":"https:\/\/www.humanium.org\/es\/wp-json\/wp\/v2\/comments?post=17390"}],"version-history":[{"count":9,"href":"https:\/\/www.humanium.org\/es\/wp-json\/wp\/v2\/posts\/17390\/revisions"}],"predecessor-version":[{"id":20879,"href":"https:\/\/www.humanium.org\/es\/wp-json\/wp\/v2\/posts\/17390\/revisions\/20879"}],"wp:featuredmedia":[{"embeddable":true,"href":"https:\/\/www.humanium.org\/es\/wp-json\/wp\/v2\/media\/17395"}],"wp:attachment":[{"href":"https:\/\/www.humanium.org\/es\/wp-json\/wp\/v2\/media?parent=17390"}],"wp:term":[{"taxonomy":"category","embeddable":true,"href":"https:\/\/www.humanium.org\/es\/wp-json\/wp\/v2\/categories?post=17390"},{"taxonomy":"post_tag","embeddable":true,"href":"https:\/\/www.humanium.org\/es\/wp-json\/wp\/v2\/tags?post=17390"}],"curies":[{"name":"wp","href":"https:\/\/api.w.org\/{rel}","templated":true}]}}