{"id":17515,"date":"2023-02-14T14:35:35","date_gmt":"2023-02-14T14:35:35","guid":{"rendered":"https:\/\/www.humanium.org\/es\/?p=17515"},"modified":"2025-12-13T21:45:02","modified_gmt":"2025-12-13T21:45:02","slug":"levantamiento-nacional-en-iran-el-tratamiento-alarmante-y-profundamente-preocupante-de-la-infancia-irani","status":"publish","type":"post","link":"https:\/\/www.humanium.org\/es\/levantamiento-nacional-en-iran-el-tratamiento-alarmante-y-profundamente-preocupante-de-la-infancia-irani\/","title":{"rendered":"<strong>Levantamiento nacional en Ir\u00e1n &#8211; el tratamiento alarmante y profundamente preocupante de la infancia iran\u00ed<\/strong>"},"content":{"rendered":"\n<p><strong>El actual r\u00e9gimen en <\/strong><a href=\"https:\/\/www.humanium.org\/es\/iran\/\"><strong>Ir\u00e1n<\/strong><\/a><strong> faculta a un l\u00edder para poseer control absoluto en los poderes judicial, ejecutivo y legislativo. Por esta raz\u00f3n, y a pesar de las diversas obligaciones de Ir\u00e1n en virtud del derecho internacional y como miembro de las Naciones Unidas, las protestas pasadas y presentes se est\u00e1n reprimiendo con la mayor maldad. Esto ha dado lugar a varias atrocidades y asesinatos, y el conocido maltrato ha sido narrado, sobre todo, por varias ONG y las Naciones Unidas. Un grupo que ha sido objetivo espec\u00edfico de este clima pol\u00edtico represivo en <\/strong><a href=\"https:\/\/www.humanium.org\/es\/iran\/\"><strong>Ir\u00e1n<\/strong><\/a><strong> es precisamente la propia infancia.<\/strong><\/p>\n\n\n\n<h2 class=\"wp-block-heading\"><strong>El r\u00e9gimen actual en <\/strong><a href=\"https:\/\/www.humanium.org\/es\/iran\/\"><strong>Ir\u00e1n<\/strong><\/a><strong><\/strong><\/h2>\n\n\n\n<p>El gobierno constituido en <a href=\"https:\/\/www.humanium.org\/es\/iran\/\">Ir\u00e1n<\/a> consolida la \u201cautoridad ejecutiva, legislativa y judicial en el cargo de L\u00edder Supremo\u201d (Relator Especial sobre la situaci\u00f3n de los derechos humanos en la Rep\u00fablica Isl\u00e1mica de Ir\u00e1n, 2022). Esto significa que el actual L\u00edder Supremo de <a href=\"https:\/\/www.humanium.org\/es\/iran\/\">Ir\u00e1n<\/a>, Ali Khamenei, posee control absoluto dado que no existe separaci\u00f3n de poderes entre los \u00f3rganos ejecutivo, legislativo y judicial.<\/p>\n\n\n<div class=\"wp-block-image\">\n<figure class=\"alignleft size-large is-resized\"><img loading=\"lazy\" decoding=\"async\" src=\"https:\/\/www.humanium.org\/es\/wp-content\/uploads\/2023\/02\/shutterstock_1621002841-1024x683.jpg\" alt=\"\" class=\"wp-image-17518\" width=\"430\" height=\"287\" srcset=\"https:\/\/www.humanium.org\/es\/wp-content\/uploads\/2023\/02\/shutterstock_1621002841-1024x683.jpg 1024w, https:\/\/www.humanium.org\/es\/wp-content\/uploads\/2023\/02\/shutterstock_1621002841-300x200.jpg 300w, https:\/\/www.humanium.org\/es\/wp-content\/uploads\/2023\/02\/shutterstock_1621002841-768x512.jpg 768w, https:\/\/www.humanium.org\/es\/wp-content\/uploads\/2023\/02\/shutterstock_1621002841-1536x1024.jpg 1536w, https:\/\/www.humanium.org\/es\/wp-content\/uploads\/2023\/02\/shutterstock_1621002841-2048x1365.jpg 2048w, https:\/\/www.humanium.org\/es\/wp-content\/uploads\/2023\/02\/shutterstock_1621002841-830x553.jpg 830w, https:\/\/www.humanium.org\/es\/wp-content\/uploads\/2023\/02\/shutterstock_1621002841-230x153.jpg 230w, https:\/\/www.humanium.org\/es\/wp-content\/uploads\/2023\/02\/shutterstock_1621002841-350x233.jpg 350w, https:\/\/www.humanium.org\/es\/wp-content\/uploads\/2023\/02\/shutterstock_1621002841-480x320.jpg 480w, https:\/\/www.humanium.org\/es\/wp-content\/uploads\/2023\/02\/shutterstock_1621002841-272x182.jpg 272w\" sizes=\"auto, (max-width: 430px) 100vw, 430px\" \/><\/figure>\n<\/div>\n\n\n<p>En consecuencia, el \u00f3rgano judicial en <a href=\"https:\/\/www.humanium.org\/es\/iran\/\">Ir\u00e1n<\/a> carece de independencia. Adem\u00e1s, \u201csu politizaci\u00f3n es un factor importante que contribuye al fracaso de la rendici\u00f3n de cuentas\u201d (Relator Especial sobre la situaci\u00f3n de los derechos humanos en la Rep\u00fablica Isl\u00e1mica de Ir\u00e1n, 2022). Un ejemplo de esta falta de garant\u00edas en la rendici\u00f3n de cuentas se relaciona con el \u201cuso a gran escala de fuerza letal por parte de agentes de seguridad, fuerzas del orden y otros agentes del Estado contra manifestantes pac\u00edficos en protestas en todo el pa\u00eds\u201d, lo que provoc\u00f3 \u201cun n\u00famero alarmantemente alto de lesiones y muertes, junto con arrestos , desapariciones forzadas, detenciones, procesamientos y ejecuciones\u201d (<a>Relator Especial sobre la situaci\u00f3n de los derechos humanos en la Rep\u00fablica Isl\u00e1mica de Ir\u00e1n, 2022).<\/a> &nbsp;<\/p>\n\n\n\n<h2 class=\"wp-block-heading\"><strong>Las obligaciones de <\/strong><a href=\"https:\/\/www.humanium.org\/es\/iran\/\"><strong>Ir\u00e1n<\/strong><\/a> <strong>bajo la ley internacional<\/strong><\/h2>\n\n\n\n<p>En 1945, <a href=\"https:\/\/www.humanium.org\/es\/iran\/\">Ir\u00e1n<\/a> se uni\u00f3 a las Naciones Unidas y desde entonces, <a href=\"https:\/\/www.humanium.org\/es\/iran\/\">Ir\u00e1n<\/a> ha sido miembro activo de las Naciones Unidas (United Nations, n.d). <a href=\"https:\/\/www.humanium.org\/es\/iran\/\">Ir\u00e1n<\/a><a href=\"https:\/\/www.humanium.org\/en\/iran\/\"><\/a> se ha adherido a varios tratados de las Naciones Unidas, como el Pacto Internacional de Derechos Civiles y Pol\u00edticos (ICCPR por sus siglas en ingl\u00e9s) y la Convenci\u00f3n sobre los Derechos del Ni\u00f1o (CDN) (United Nations, n.d). <\/p>\n\n\n\n<p>Como tal,<a href=\"https:\/\/www.humanium.org\/en\/iran\/\"><\/a> <a href=\"https:\/\/www.humanium.org\/es\/iran\/\">Ir\u00e1n<\/a> tiene obligaciones en virtud del derecho internacional y los tratados de las Naciones Unidas de defender los derechos humanos de sus nacionales. As\u00ed pues, <a href=\"https:\/\/www.humanium.org\/es\/iran\/\">Ir\u00e1n<\/a> \u201ctiene la obligaci\u00f3n de proteger el derecho de los ni\u00f1os a la vida en cualquier circunstancia, y de respetar y proteger su derecho a la libertad de expresi\u00f3n y manifestaci\u00f3n pac\u00edfica\u201d. (Portavoz del Alto Comisionado de las Naciones Unidas para los Derechos Humanos, 2022).<\/p>\n\n\n\n<h2 class=\"wp-block-heading\"><strong>La situaci\u00f3n actual de los derechos humanos en <\/strong><a href=\"https:\/\/www.humanium.org\/es\/iran\/\"><strong>Ir\u00e1n<\/strong><\/a><strong><\/strong><\/h2>\n\n\n\n<p>Un Relator Especial sobre la situaci\u00f3n de los derechos humanos en la Rep\u00fablica Isl\u00e1mica de <a href=\"https:\/\/www.humanium.org\/es\/iran\/\">Ir\u00e1n<\/a>, &nbsp;Javaid Rehman, ha sido designado para \u201csupervisar e investigar las violaciones de los derechos humanos\u201d en <a href=\"https:\/\/www.humanium.org\/es\/iran\/\">Ir\u00e1n<\/a> y presentar informes sobre la situaci\u00f3n en la Rep\u00fablica Isl\u00e1mica de <a href=\"https:\/\/www.humanium.org\/en\/iran\/\"><\/a><a href=\"https:\/\/www.humanium.org\/es\/iran\/\">Ir\u00e1n<\/a> (Naciones Unidas \u2013 Oficina del Alto Comisionado, n.d.).<\/p>\n\n\n\n<p>Esto ha llevado, recientemente, la elaboraci\u00f3n de informes por temas (A\/HRC\/49\/75) y por pa\u00edses (A\/77\/181). Si bien, en lo que concierne a Ir\u00e1n, ambos informes se centran en las protestas anteriores a la de 2022, el Relator Especial contin\u00faa, como parte de su mandato, ocup\u00e1ndose de temas preocupantes como las actuales violaciones de derechos humanos que condujeron a la muerte de Jina Mahsa Amini y las que se han producido desde este hecho (Naciones Unidas \u2013 Oficina del Alto Comisionado, 2022).<\/p>\n\n\n\n<h2 class=\"wp-block-heading\"><strong>Protestas anteriores para subsanar el maltrato a la infancia<\/strong><\/h2>\n\n\n\n<p>El informe tem\u00e1tico mencionado anteriormente enumera las protestas de 2009, 2019, 2020 y 2021 en <a href=\"https:\/\/www.humanium.org\/es\/iran\/\">Ir\u00e1n<\/a> que han provocado \u201cun n\u00famero alarmante de heridos y muertos, junto con arrestos, desapariciones forzadas, detenciones, procesamientos y ejecuciones\u201d. (Relator Especial sobre la situaci\u00f3n de los derechos humanos en la Rep\u00fablica Isl\u00e1mica de Ir\u00e1n, 2022).<\/p>\n\n\n\n<p>En particular, el Relator Especial hab\u00eda constatado que, durante las protestas de 2019, 22 ni\u00f1os fueron asesinados, y que durante las protestas de 2021, al menos 9 ni\u00f1os de entre 12 y 18 a\u00f1os fueron arrestados. (Relator Especial sobre la situaci\u00f3n de los derechos humanos en la Rep\u00fablica Isl\u00e1mica de Ir\u00e1n, 2022).<\/p>\n\n\n\n<h2 class=\"wp-block-heading\"><strong>Protestas actuales y posteriores violaciones de los derechos del ni\u00f1o<\/strong><\/h2>\n\n\n<div class=\"wp-block-image\">\n<figure class=\"alignright size-large is-resized\"><img loading=\"lazy\" decoding=\"async\" src=\"https:\/\/www.humanium.org\/es\/wp-content\/uploads\/2023\/02\/shutterstock_2205708733-1024x683.jpg\" alt=\"\" class=\"wp-image-17517\" width=\"393\" height=\"261\" srcset=\"https:\/\/www.humanium.org\/es\/wp-content\/uploads\/2023\/02\/shutterstock_2205708733-1024x683.jpg 1024w, https:\/\/www.humanium.org\/es\/wp-content\/uploads\/2023\/02\/shutterstock_2205708733-300x200.jpg 300w, https:\/\/www.humanium.org\/es\/wp-content\/uploads\/2023\/02\/shutterstock_2205708733-768x512.jpg 768w, https:\/\/www.humanium.org\/es\/wp-content\/uploads\/2023\/02\/shutterstock_2205708733-1536x1024.jpg 1536w, https:\/\/www.humanium.org\/es\/wp-content\/uploads\/2023\/02\/shutterstock_2205708733-2048x1365.jpg 2048w, https:\/\/www.humanium.org\/es\/wp-content\/uploads\/2023\/02\/shutterstock_2205708733-830x553.jpg 830w, https:\/\/www.humanium.org\/es\/wp-content\/uploads\/2023\/02\/shutterstock_2205708733-230x153.jpg 230w, https:\/\/www.humanium.org\/es\/wp-content\/uploads\/2023\/02\/shutterstock_2205708733-350x233.jpg 350w, https:\/\/www.humanium.org\/es\/wp-content\/uploads\/2023\/02\/shutterstock_2205708733-480x320.jpg 480w, https:\/\/www.humanium.org\/es\/wp-content\/uploads\/2023\/02\/shutterstock_2205708733-272x182.jpg 272w\" sizes=\"auto, (max-width: 393px) 100vw, 393px\" \/><\/figure>\n<\/div>\n\n\n<p>La noticia de la muerte de Jina Mahsa Amini, de 22 a\u00f1os, ha provocado olas de indignaci\u00f3n en Ir\u00e1n y en todo el mundo. El 16 de septiembre de 2022, Jina Mahsa Amini, inicialmente arrestada por presunto incumplimiento del c\u00f3digo de vestimenta de Ir\u00e1n (Aljazeera &#8211; Maziar Motamedi, 2022), muri\u00f3 a causa de las heridas sufridas tras su detenci\u00f3n por parte de la Polic\u00eda de la Moral, que se emple\u00f3 para hacer cumplir las reglas obligatorias del hiyab en <a href=\"https:\/\/www.humanium.org\/es\/iran\/\">Ir\u00e1n<\/a> (Aljazeera, 2022). <\/p>\n\n\n\n<p>Y desde esa fecha, \u201cmiles de personas han participado en manifestaciones en todo el pa\u00eds en las que, seg\u00fan informes, decenas de ni\u00f1os resultaron muertos, heridos y detenidos\u201d(Save the Children, 2022). Las protestas en <a href=\"https:\/\/www.humanium.org\/es\/iran\/\">Ir\u00e1n<\/a> detonaron una respuesta violenta por parte del Estado, desencadenando patrones y pr\u00e1cticas de opresi\u00f3n que se han venido repitiendo durante d\u00e9cadas.<\/p>\n\n\n\n<p>El Relator Especial ha denunciado la actual represi\u00f3n de las protestas por parte de las fuerzas de seguridad iran\u00edes. Expres\u00f3 \u201calarma por la situaci\u00f3n de los ni\u00f1os que se han visto afectados de manera desproporcionada por las \u00faltimas protestas\u201d y preocupaci\u00f3n \u201cpor los informes de que se han allanado escuelas y arrestado a ni\u00f1os por su supuesta participaci\u00f3n en protestas\u201d (Naciones Unidas \u2013 Oficina del Alto Comisionado, 2022).<\/p>\n\n\n\n<blockquote class=\"wp-block-quote is-layout-flow wp-block-quote-is-layout-flow\">\n<p>\u201cA<em>lgunos directores de escuela tambi\u00e9n han sido arrestados por no cooperar con las fuerzas de seguridad. Esto infunde una atm\u00f3sfera de miedo en estas escuelas con graves consecuencias en el bienestar y la educaci\u00f3n de estos ni\u00f1os<\/em>.\u201d<\/p>\n<cite>&#8211; Javaid Rehman, Relator Especial para Ir\u00e1n (Naciones Unidas \u2013 Oficina del Alto Comisionado, 2022)<\/cite><\/blockquote>\n\n\n\n<p>Ante la r\u00e1pida escalada de los acontecimientos en <a href=\"https:\/\/www.humanium.org\/es\/iran\/\">Ir\u00e1n<\/a>, el Consejo de Derechos Humanos decidi\u00f3 establecer una misi\u00f3n internacional independiente para determinar&nbsp; los hechos e \u201cinvestigar de manera exhaustiva e independiente las presuntas violaciones de los derechos humanos en <a href=\"https:\/\/www.humanium.org\/es\/iran\/\">Ir\u00e1n<\/a> &nbsp;relacionadas con las protestas que comenzaron el 16 de septiembre de 2022, en lo que concierne &nbsp;a mujeres y ni\u00f1os\u201d y \u201cestablecer los hechos y circunstancias que rodearon las presuntas violaciones\u201d Naciones Unidas \u2013 Oficina del Alto Comisionado, 2022).<\/p>\n\n\n\n<h2 class=\"wp-block-heading\"><strong>Maltrato y asesinato de ni\u00f1os en <\/strong><a href=\"https:\/\/www.humanium.org\/es\/iran\/\"><strong>Ir\u00e1n<\/strong><\/a><strong> &#8211; una evaluaci\u00f3n alarmante pero incierta<\/strong><\/h2>\n\n\n\n<p>En medio de las protestas, los ni\u00f1os iran\u00edes se convirtieron r\u00e1pidamente en blanco de la violencia de las fuerzas de seguridad iran\u00edes. Varios informes han indicado que las fuerzas de seguridad est\u00e1n matando a ni\u00f1os, que los ni\u00f1os est\u00e1n sufriendo heridas por munici\u00f3n real, perdigones met\u00e1licos o palizas mortales, que se allanan escuelas, que las fuerzas de seguridad arrestan y <a href=\"https:\/\/www.humanium.org\/es\/enfoques-tematicos\/justicia\/ninos-detenidos\/\">detienen<\/a> a ni\u00f1os, y que algunos ni\u00f1os est\u00e1n siendo enviado a <a href=\"https:\/\/www.humanium.org\/es\/enfoques-tematicos\/justicia\/ninos-detenidos\/\">&#8216;centros psicol\u00f3gicos&#8217;<\/a> tras ser detenidos (Portavoz del Alto Comisionado de las Naciones Unidas para los Derechos Humanos, 2022).<\/p>\n\n\n\n<blockquote class=\"wp-block-quote is-layout-flow wp-block-quote-is-layout-flow\">\n<p><em>\u201cLas autoridades han estado matando a ni\u00f1os en un intento por aplastar el esp\u00edritu de resistencia entre los j\u00f3venes del pa\u00eds y mantener su f\u00e9rreo control del poder a cualquier precio. Y, sin embargo, a pesar de eso, muchos ni\u00f1os han seguido saliendo valientemente a las calles en busca de un futuro sin opresi\u00f3n pol\u00edtica ni desigualdad.\u201d<\/em><\/p>\n<cite>&#8211; Heba Morayef, Directora Regional de Amnist\u00eda Internacional para Medio Oriente y el Norte de \u00c1frica (Amnesty International, 2022)<\/cite><\/blockquote>\n\n\n\n<p>El n\u00famero de muertes de ni\u00f1os iran\u00edes sigue sin estar claro. No obstante, Naciones Unidas y diversas ONG ya han indicado un n\u00famero estimado y un n\u00famero m\u00ednimo de ni\u00f1os afectados, y es el siguiente:<\/p>\n\n\n\n<ul class=\"wp-block-list\">\n<li>Se registraron 23 muertes en octubre de 2022 (Portavoz del Alto Comisionado de las Naciones Unidas para los Derechos Humanos, 2022).<\/li>\n\n\n\n<li>Se registraron 58 muertes en noviembre de 2022 (The Guardian, 2022);<\/li>\n\n\n\n<li>Se registraron 63 muertes en diciembre de 2022 (Iran Human Rights, 2022).&nbsp;<\/li>\n<\/ul>\n\n\n\n<p>Adem\u00e1s, en un intento de encubrir los delitos cometidos, se han aplicado los siguientes m\u00e9todos contra las familias de los ni\u00f1os v\u00edctimas: angustia mental, restricci\u00f3n de entierros y conmemoraciones de acuerdo con las tradiciones religiosas y culturales (incluyendo amenazas de \u201cno devolver los cuerpos de ni\u00f1os v\u00edctimas para enterrarlos a menos que las familias se comprometan, por escrito, a permanecer en silencio\u201d), intimidaci\u00f3n, coacci\u00f3n (desde \u201carresto y detenci\u00f3n arbitrarios\u201d hasta \u201camenazas de enterrar los cuerpos de sus seres queridos en un lugar no identificado, y amenazas de matar, violar, detener o hacer da\u00f1o de otro modo a los padres en duelo y a sus hijos sobrevivientes\u201d), el acoso y las narrativas forzadas que absuelven a las autoridades nacionales de cualquier responsabilidad (Amnesty International, 2022).<\/p>\n\n\n\n<p>Adem\u00e1s, los ni\u00f1os que se convirtieron en el objetivo prioritario por las fuerzas de seguridad iran\u00edes forman parte de las minor\u00edas perseguidas en <a href=\"https:\/\/www.humanium.org\/es\/iran\/\">Ir\u00e1n<\/a>. De hecho, \u201cm\u00e1s del 60 % de los ni\u00f1os muertos pertenec\u00edan a las minor\u00edas oprimidas baluchi y kurda de Ir\u00e1n\u201d (Amnesty International, 2022). Esto representa una continuaci\u00f3n de la prolongada discriminaci\u00f3n y persecuci\u00f3n sist\u00e9mica por parte de las autoridades iran\u00edes, que sufren las comunidades baluchi y kurda en <a href=\"https:\/\/www.humanium.org\/es\/iran\/\">Ir\u00e1n<\/a>, en las que los ni\u00f1os son uno de los grupos m\u00e1s vulnerables y afectados.<\/p>\n\n\n\n<h2 class=\"wp-block-heading\"><strong>El camino a seguir &#8211; se necesitan acciones inmediatas por parte de <\/strong><a href=\"https:\/\/www.humanium.org\/es\/iran\/\"><strong>Ir\u00e1n<\/strong><\/a><strong> y de la comunidad internacional<\/strong><\/h2>\n\n\n\n<p>Las protestas y las represiones violentas han estado ocurriendo desde septiembre de 2022. Aunque Humanium acoge con satisfacci\u00f3n la disoluci\u00f3n de la polic\u00eda de la moral en <a href=\"https:\/\/www.humanium.org\/es\/iran\/\">Ir\u00e1n<\/a> y el establecimiento de la misi\u00f3n de investigaci\u00f3n de las Naciones Unidas para investigar la actual crisis de derechos humanos en <a href=\"https:\/\/www.humanium.org\/es\/iran\/\">Ir\u00e1n<\/a>, Humanium observa con pesar que persiste un panorama alarmante en el \u00e1mbito de los derechos humanos, y que los ni\u00f1os se ven igualmente afectados y quedan desprotegidos. Con este fin, Humanium desea destacar ciertas recomendaciones clave del Relator Especial sobre <a href=\"https:\/\/www.humanium.org\/es\/iran\/\">Ir\u00e1n<\/a> y llama a:<\/p>\n\n\n\n<p><em>La Rep\u00fablica Isl\u00e1mica de<\/em> <a href=\"https:\/\/www.humanium.org\/es\/iran\/\">Ir\u00e1n<\/a><em>:<\/em><em><\/em><\/p>\n\n\n\n<ul class=\"wp-block-list\">\n<li>Emprender reformas para establecer un sistema de rendici\u00f3n de cuentas acorde con el derecho internacional y garantizar la independencia del <a href=\"https:\/\/www.humanium.org\/es\/iran\/\">poder judicial<\/a>.(Relator Especial sobre la situaci\u00f3n de los derechos humanos en la Rep\u00fablica Isl\u00e1mica de Ir\u00e1n, 2022);<\/li>\n\n\n\n<li>Liberar a todas las personas detenidas en ejercicio de sus <a href=\"https:\/\/www.humanium.org\/es\/derechos\/\">derechos<\/a> a la libertad de opini\u00f3n, expresi\u00f3n, asociaci\u00f3n y reuni\u00f3n pac\u00edfica, y garantizar estos derechos por ley. (Relator Especial sobre la situaci\u00f3n de los derechos humanos en la Rep\u00fablica Isl\u00e1mica de Ir\u00e1n, 2022).<\/li>\n<\/ul>\n\n\n\n<p><em>La Comunidad Internacional:<\/em><\/p>\n\n\n\n<ul class=\"wp-block-list\">\n<li>Dar prioridad a las cuestiones de derechos humanos y a la implementaci\u00f3n de las obligaciones internacionales de derechos humanos en todas las negociaciones y acuerdos con la Rep\u00fablica Isl\u00e1mica de <a href=\"https:\/\/www.humanium.org\/es\/iran\/\">Ir\u00e1n<\/a> (Relator Especial sobre la situaci\u00f3n de los derechos humanos en la Rep\u00fablica Isl\u00e1mica de Ir\u00e1n, 2022);<\/li>\n\n\n\n<li>Pedir rendici\u00f3n de cuentas con respecto a los eventos acaecidos en el pasado mencionados anteriormente (Relator Especial sobre la situaci\u00f3n de los derechos humanos en la Rep\u00fablica Isl\u00e1mica de Ir\u00e1n, 2022)<\/li>\n<\/ul>\n\n\n\n<figure class=\"wp-block-image size-large\"><img loading=\"lazy\" decoding=\"async\" width=\"1024\" height=\"683\" src=\"https:\/\/www.humanium.org\/es\/wp-content\/uploads\/2023\/04\/shutterstock_1023391525-1024x683.jpg\" alt=\"\" class=\"wp-image-17714\" srcset=\"https:\/\/www.humanium.org\/es\/wp-content\/uploads\/2023\/04\/shutterstock_1023391525-1024x683.jpg 1024w, https:\/\/www.humanium.org\/es\/wp-content\/uploads\/2023\/04\/shutterstock_1023391525-300x200.jpg 300w, https:\/\/www.humanium.org\/es\/wp-content\/uploads\/2023\/04\/shutterstock_1023391525-768x512.jpg 768w, https:\/\/www.humanium.org\/es\/wp-content\/uploads\/2023\/04\/shutterstock_1023391525-1536x1024.jpg 1536w, https:\/\/www.humanium.org\/es\/wp-content\/uploads\/2023\/04\/shutterstock_1023391525-2048x1365.jpg 2048w, https:\/\/www.humanium.org\/es\/wp-content\/uploads\/2023\/04\/shutterstock_1023391525-830x553.jpg 830w, https:\/\/www.humanium.org\/es\/wp-content\/uploads\/2023\/04\/shutterstock_1023391525-230x153.jpg 230w, https:\/\/www.humanium.org\/es\/wp-content\/uploads\/2023\/04\/shutterstock_1023391525-350x233.jpg 350w, https:\/\/www.humanium.org\/es\/wp-content\/uploads\/2023\/04\/shutterstock_1023391525-480x320.jpg 480w, https:\/\/www.humanium.org\/es\/wp-content\/uploads\/2023\/04\/shutterstock_1023391525-272x182.jpg 272w\" sizes=\"auto, (max-width: 1024px) 100vw, 1024px\" \/><\/figure>\n\n\n\n<p>Humanium, como actor internacional, condena en\u00e9rgicamente la represi\u00f3n en curso de las protestas de los ciudadanos iran\u00edes, y m\u00e1s a\u00fan cuando las repercusiones de tal opresi\u00f3n gubernamental afectan, de manera desproporcionada, a los ni\u00f1os y las familias de los ni\u00f1os v\u00edctimas. Humanium mantiene su compromiso de salvaguardar los derechos humanos de los ni\u00f1os, incluido su <a href=\"https:\/\/www.humanium.org\/es\/derecho-vida\/\">derecho a la vida<\/a>, al <a href=\"https:\/\/www.humanium.org\/es\/derecho-libertad\/\">trato<\/a> humano y al &nbsp;<a href=\"https:\/\/www.humanium.org\/es\/derecho-proteccion\/\">juicio justo<\/a>. Si desea contribuir a la causa de Humanium, considere hacer una&nbsp;<a href=\"https:\/\/www.humanium.org\/es\/donacion\/\">donaci\u00f3n<\/a>,&nbsp;hacerse <a href=\"https:\/\/www.humanium.org\/es\/voluntariado\/\">voluntario<\/a> o convertirse en socio.<\/p>\n\n\n\n<p><em><strong>Escrito por Mo\u00efra Phu\u00f6ng Van de Po\u00ebl<\/strong><\/em><\/p>\n\n\n\n<p><em><strong>Traducido por Gabriela Pacheco M\u00fcjica<\/strong><\/em><\/p>\n\n\n\n<p><em><strong>Revisado por Esperanza Escalona<\/strong><\/em><\/p>\n\n\n\n<h3 class=\"wp-block-heading\">Bibliograf\u00eda::<\/h3>\n\n\n\n<p class=\"has-small-font-size\">Aljazeera. (2022, September 23). <em>News &#8211; Mahsa Amini\u2019s death sparks anger towards Iran\u2019s morality police<\/em>. Accessed on 16 January 2023, from Aljazeera: <a href=\"https:\/\/www.aljazeera.com\/news\/2022\/9\/23\/iran-morality-police-root-cause-iranian-protest-anger-explainer\" target=\"_blank\" rel=\"noreferrer noopener\">https:\/\/www.aljazeera.com\/news\/2022\/9\/23\/iran-morality-police-root-cause-iranian-protest-anger-explainer<\/a><\/p>\n\n\n\n<p class=\"has-small-font-size\">Aljazeera &#8211; Maziar Motamedi. (2022, December 4). <em>News &#8211; Iran suspends morality police. What does it mean?<\/em> Retrieved Accessed on 16 January 2023, from Aljazeera: <a href=\"https:\/\/www.aljazeera.com\/news\/2022\/12\/4\/iran-suspends-morality-police-what-does-it-mean\" target=\"_blank\" rel=\"noreferrer noopener\">https:\/\/www.aljazeera.com\/news\/2022\/12\/4\/iran-suspends-morality-police-what-does-it-mean<\/a><\/p>\n\n\n\n<p class=\"has-small-font-size\">Amnesty International. (2022, December 9). <em>News &#8211; Iran: Authorities covering up their crimes of child killings by coercing families into silence<\/em>. Accessed on 16 January 2023, from Amnesty International: <a href=\"https:\/\/www.amnesty.org\/en\/latest\/news\/2022\/12\/iran-authorities-covering-up-their-crimes-of-child-killings-by-coercing-families-into-silence\/\" target=\"_blank\" rel=\"noreferrer noopener\">https:\/\/www.amnesty.org\/en\/latest\/news\/2022\/12\/iran-authorities-covering-up-their-crimes-of-child-killings-by-coercing-families-into-silence\/<\/a><\/p>\n\n\n\n<p class=\"has-small-font-size\">Iran Human Rights. (2022, December 7). <em>News and articles &#8211; Iran Protests: at Least 458 People Killed\/11 Officially Sentenced to Death<\/em>. Accessed on 13 January 2023, from Iran Human Rights: <a href=\"https:\/\/iranhr.net\/en\/articles\/5623\/\" target=\"_blank\" rel=\"noreferrer noopener\">https:\/\/iranhr.net\/en\/articles\/5623\/<\/a><\/p>\n\n\n\n<p class=\"has-small-font-size\">Save the Children. (2022, November 7). <em>New &amp; Stories &#8211; Global News<\/em>. Accessed on 9 January 2023, from Save the Children: <a href=\"https:\/\/www.savethechildren.net\/news\/investigation-needed-treatment-children-during-iran-protests-save-children\" target=\"_blank\" rel=\"noreferrer noopener\">https:\/\/www.savethechildren.net\/news\/investigation-needed-treatment-children-during-iran-protests-save-children<\/a><\/p>\n\n\n\n<p class=\"has-small-font-size\">Special Rapporteur on the situation of human rights in the Islamic Republic of Iran, J. R. (2022, January 13). <em>Documents &#8211; Country reports.<\/em> Accessed on 9 January 2023, from United Nations Human Rights: <a href=\"https:\/\/www.ohchr.org\/en\/documents\/country-reports\/ahrc4975-situation-human-rights-islamic-republic-iran-report-special\" target=\"_blank\" rel=\"noreferrer noopener\">https:\/\/www.ohchr.org\/en\/documents\/country-reports\/ahrc4975-situation-human-rights-islamic-republic-iran-report-special<\/a><\/p>\n\n\n\n<p class=\"has-small-font-size\">Special Rapporteur on the situation of human rights in the Islamic Republic of Iran, J. R. (2022, July 18). <em>Documents &#8211; Country reports.<\/em> Accessed on 9 January 2023, from United Nations Human Rights: <a href=\"https:\/\/documents-dds-ny.un.org\/doc\/UNDOC\/GEN\/N22\/429\/30\/PDF\/N2242930.pdf?OpenElement\" target=\"_blank\" rel=\"noreferrer noopener\">https:\/\/documents-dds-ny.un.org\/doc\/UNDOC\/GEN\/N22\/429\/30\/PDF\/N2242930.pdf?OpenElement<\/a><\/p>\n\n\n\n<p class=\"has-small-font-size\">Spokesperson for the UN High Commissioner for Human Rights, R. S. (2022, October 18). <em>Press briefing notes &#8211; Iran protests: Reports of child deaths, detentions are deeply worrying <\/em>. Accessed on 9 January 2023, from United Nations Human Rights: <a href=\"https:\/\/www.ohchr.org\/en\/press-briefing-notes\/2022\/10\/iran-protests-reports-child-deaths-detentions-are-deeply-worrying\" target=\"_blank\" rel=\"noreferrer noopener\">https:\/\/www.ohchr.org\/en\/press-briefing-notes\/2022\/10\/iran-protests-reports-child-deaths-detentions-are-deeply-worrying<\/a><\/p>\n\n\n\n<p class=\"has-small-font-size\">The Guardian. (2022, November 20). <em>News \u2013 Middle East \u2013 At least 58 Iranian children reportedly killed since anti-regime protests began<\/em>. Accessed on 13 January 2023, from The Guardian: <a href=\"https:\/\/www.theguardian.com\/global-development\/2022\/nov\/20\/iran-protests-children-killed-reports-mahsa-amini\" target=\"_blank\" rel=\"noreferrer noopener\">https:\/\/www.theguardian.com\/global-development\/2022\/nov\/20\/iran-protests-children-killed-reports-mahsa-amini<\/a><\/p>\n\n\n\n<p class=\"has-small-font-size\">United Nations. (n.d). <em>UN Treaty Body Database<\/em>. Accessed on 12 January 2023, from United Nations Human Rights Treaty Bodies: <a href=\"https:\/\/tbinternet.ohchr.org\/_layouts\/15\/TreatyBodyExternal\/Treaty.aspx?CountryID=81&amp;Lang=en\" target=\"_blank\" rel=\"noreferrer noopener\">https:\/\/tbinternet.ohchr.org\/_layouts\/15\/TreatyBodyExternal\/Treaty.aspx?CountryID=81&amp;Lang=en<\/a><\/p>\n\n\n\n<p class=\"has-small-font-size\">United Nations. (n.d). <em>About &#8211; The UN in I.R. Iran<\/em>. Accessed on 12 January 2023, from United Nations: <a href=\"https:\/\/iran.un.org\/en\/about\/about-the-un#:~:text=Iran%20joined%20the%20United%20Nations,first%20UN%20Information%20Centres%20worldwide\" target=\"_blank\" rel=\"noreferrer noopener\">https:\/\/iran.un.org\/en\/about\/about-the-un#:~:text=Iran%20joined%20the%20United%20Nations,first%20UN%20Information%20Centres%20worldwide<\/a><\/p>\n\n\n\n<p class=\"has-small-font-size\">United Nations &#8211; Office of the High Commissioner. (n.d.). <em>Topics &#8211; Special Rapporteur on the situation of human rights in the Islamic Republic of Iran<\/em>. Accessed on 9 January 2023, from United Nations Human Rights: <a href=\"https:\/\/www.ohchr.org\/en\/special-procedures\/sr-iran\" target=\"_blank\" rel=\"noreferrer noopener\">https:\/\/www.ohchr.org\/en\/special-procedures\/sr-iran<\/a><\/p>\n\n\n\n<p class=\"has-small-font-size\">United Nations &#8211; Office of the High Commissioner. (2022, October 26). <em>Media Center &#8211; Press release &#8211; Iran: Special Rapporteur calls for effective accountability for deaths in recent protests<\/em>. Accessed on 9 January 2023, from United Nations Human Rights: <a href=\"https:\/\/www.ohchr.org\/en\/press-releases\/2022\/10\/iran-special-rapporteur-calls-effective-accountability-deaths-recent\" target=\"_blank\" rel=\"noreferrer noopener\">https:\/\/www.ohchr.org\/en\/press-releases\/2022\/10\/iran-special-rapporteur-calls-effective-accountability-deaths-recent<\/a><\/p>\n\n\n\n<p class=\"has-small-font-size\">United Nations &#8211; Office of the High Commissioner. (2022, November 24). <em>News &#8211; Human Rights Council<\/em>. Accessed on 12 January 2023, from United Nations Human Rights: <a href=\"https:\/\/www.ohchr.org\/en\/news\/2022\/11\/human-rights-council-establishes-fact-finding-mission-investigate-alleged-human-rights\" target=\"_blank\" rel=\"noreferrer noopener\">https:\/\/www.ohchr.org\/en\/news\/2022\/11\/human-rights-council-establishes-fact-finding-mission-investigate-alleged-human-rights<\/a><\/p>\n","protected":false},"excerpt":{"rendered":"<p>El actual r\u00e9gimen en Ir\u00e1n faculta a un l\u00edder para poseer control absoluto en los poderes judicial, ejecutivo y legislativo. Por esta raz\u00f3n, y a pesar de las diversas obligaciones de Ir\u00e1n en virtud del derecho internacional y como miembro de las Naciones Unidas, las protestas pasadas y presentes se est\u00e1n reprimiendo con la mayor [&hellip;]<\/p>\n","protected":false},"author":59,"featured_media":17519,"comment_status":"closed","ping_status":"closed","sticky":false,"template":"","format":"standard","meta":{"footnotes":""},"categories":[148,3,155,149,145],"tags":[],"class_list":["post-17515","post","type-post","status-publish","format-standard","has-post-thumbnail","hentry","category-derechos-del-nino","category-derechos-humanos","category-libertad","category-paz","category-violencia"],"yoast_head":"<!-- This site is optimized with the Yoast SEO plugin v26.5 - https:\/\/yoast.com\/wordpress\/plugins\/seo\/ -->\n<title>Levantamiento nacional en Ir\u00e1n - el tratamiento alarmante y profundamente preocupante de la infancia iran\u00ed - Humanium<\/title>\n<meta name=\"description\" content=\"Un grupo que ha sido objetivo espec\u00edfico de este clima pol\u00edtico represivo en Ir\u00e1n es precisamente la propia infancia.\" \/>\n<meta name=\"robots\" content=\"index, follow, max-snippet:-1, max-image-preview:large, max-video-preview:-1\" \/>\n<link rel=\"canonical\" href=\"https:\/\/www.humanium.org\/es\/levantamiento-nacional-en-iran-el-tratamiento-alarmante-y-profundamente-preocupante-de-la-infancia-irani\/\" \/>\n<meta property=\"og:locale\" content=\"es_ES\" \/>\n<meta property=\"og:type\" content=\"article\" \/>\n<meta property=\"og:title\" content=\"Levantamiento nacional en Ir\u00e1n - el tratamiento alarmante y profundamente preocupante de la infancia iran\u00ed - Humanium\" \/>\n<meta property=\"og:description\" content=\"Un grupo que ha sido objetivo espec\u00edfico de este clima pol\u00edtico represivo en Ir\u00e1n es precisamente la propia infancia.\" \/>\n<meta property=\"og:url\" content=\"https:\/\/www.humanium.org\/es\/levantamiento-nacional-en-iran-el-tratamiento-alarmante-y-profundamente-preocupante-de-la-infancia-irani\/\" \/>\n<meta property=\"og:site_name\" content=\"Humanium\" \/>\n<meta property=\"article:published_time\" content=\"2023-02-14T14:35:35+00:00\" \/>\n<meta property=\"article:modified_time\" content=\"2025-12-13T21:45:02+00:00\" \/>\n<meta property=\"og:image\" content=\"https:\/\/www.humanium.org\/es\/wp-content\/uploads\/2023\/02\/shutterstock_1779012590-scaled.jpg\" \/>\n\t<meta property=\"og:image:width\" content=\"2560\" \/>\n\t<meta property=\"og:image:height\" content=\"1707\" \/>\n\t<meta property=\"og:image:type\" content=\"image\/jpeg\" \/>\n<meta name=\"author\" content=\"Mo\u00efra Van de Po\u00ebl\" \/>\n<meta name=\"twitter:card\" content=\"summary_large_image\" \/>\n<meta name=\"twitter:label1\" content=\"Escrito por\" \/>\n\t<meta name=\"twitter:data1\" content=\"Mo\u00efra Van de Po\u00ebl\" \/>\n\t<meta name=\"twitter:label2\" content=\"Tiempo de lectura\" \/>\n\t<meta name=\"twitter:data2\" content=\"11 minutos\" \/>\n<script type=\"application\/ld+json\" class=\"yoast-schema-graph\">{\"@context\":\"https:\/\/schema.org\",\"@graph\":[{\"@type\":\"WebPage\",\"@id\":\"https:\/\/www.humanium.org\/es\/levantamiento-nacional-en-iran-el-tratamiento-alarmante-y-profundamente-preocupante-de-la-infancia-irani\/\",\"url\":\"https:\/\/www.humanium.org\/es\/levantamiento-nacional-en-iran-el-tratamiento-alarmante-y-profundamente-preocupante-de-la-infancia-irani\/\",\"name\":\"Levantamiento nacional en Ir\u00e1n - el tratamiento alarmante y profundamente preocupante de la infancia iran\u00ed - Humanium\",\"isPartOf\":{\"@id\":\"https:\/\/www.humanium.org\/es\/#website\"},\"primaryImageOfPage\":{\"@id\":\"https:\/\/www.humanium.org\/es\/levantamiento-nacional-en-iran-el-tratamiento-alarmante-y-profundamente-preocupante-de-la-infancia-irani\/#primaryimage\"},\"image\":{\"@id\":\"https:\/\/www.humanium.org\/es\/levantamiento-nacional-en-iran-el-tratamiento-alarmante-y-profundamente-preocupante-de-la-infancia-irani\/#primaryimage\"},\"thumbnailUrl\":\"https:\/\/www.humanium.org\/es\/wp-content\/uploads\/2023\/02\/shutterstock_1779012590-scaled.jpg\",\"datePublished\":\"2023-02-14T14:35:35+00:00\",\"dateModified\":\"2025-12-13T21:45:02+00:00\",\"author\":{\"@id\":\"https:\/\/www.humanium.org\/es\/#\/schema\/person\/6159270fca5cd9bca127c1870d725490\"},\"description\":\"Un grupo que ha sido objetivo espec\u00edfico de este clima pol\u00edtico represivo en Ir\u00e1n es precisamente la propia infancia.\",\"breadcrumb\":{\"@id\":\"https:\/\/www.humanium.org\/es\/levantamiento-nacional-en-iran-el-tratamiento-alarmante-y-profundamente-preocupante-de-la-infancia-irani\/#breadcrumb\"},\"inLanguage\":\"es\",\"potentialAction\":[{\"@type\":\"ReadAction\",\"target\":[\"https:\/\/www.humanium.org\/es\/levantamiento-nacional-en-iran-el-tratamiento-alarmante-y-profundamente-preocupante-de-la-infancia-irani\/\"]}]},{\"@type\":\"ImageObject\",\"inLanguage\":\"es\",\"@id\":\"https:\/\/www.humanium.org\/es\/levantamiento-nacional-en-iran-el-tratamiento-alarmante-y-profundamente-preocupante-de-la-infancia-irani\/#primaryimage\",\"url\":\"https:\/\/www.humanium.org\/es\/wp-content\/uploads\/2023\/02\/shutterstock_1779012590-scaled.jpg\",\"contentUrl\":\"https:\/\/www.humanium.org\/es\/wp-content\/uploads\/2023\/02\/shutterstock_1779012590-scaled.jpg\",\"width\":2560,\"height\":1707},{\"@type\":\"BreadcrumbList\",\"@id\":\"https:\/\/www.humanium.org\/es\/levantamiento-nacional-en-iran-el-tratamiento-alarmante-y-profundamente-preocupante-de-la-infancia-irani\/#breadcrumb\",\"itemListElement\":[{\"@type\":\"ListItem\",\"position\":1,\"name\":\"Home\",\"item\":\"https:\/\/www.humanium.org\/es\/\"},{\"@type\":\"ListItem\",\"position\":2,\"name\":\"Levantamiento nacional en Ir\u00e1n &#8211; el tratamiento alarmante y profundamente preocupante de la infancia iran\u00ed\"}]},{\"@type\":\"WebSite\",\"@id\":\"https:\/\/www.humanium.org\/es\/#website\",\"url\":\"https:\/\/www.humanium.org\/es\/\",\"name\":\"Humanium\",\"description\":\"\u00a1Los ni\u00f1os primero!\",\"potentialAction\":[{\"@type\":\"SearchAction\",\"target\":{\"@type\":\"EntryPoint\",\"urlTemplate\":\"https:\/\/www.humanium.org\/es\/?s={search_term_string}\"},\"query-input\":{\"@type\":\"PropertyValueSpecification\",\"valueRequired\":true,\"valueName\":\"search_term_string\"}}],\"inLanguage\":\"es\"},{\"@type\":\"Person\",\"@id\":\"https:\/\/www.humanium.org\/es\/#\/schema\/person\/6159270fca5cd9bca127c1870d725490\",\"name\":\"Mo\u00efra Van de Po\u00ebl\",\"image\":{\"@type\":\"ImageObject\",\"inLanguage\":\"es\",\"@id\":\"https:\/\/www.humanium.org\/es\/#\/schema\/person\/image\/\",\"url\":\"https:\/\/secure.gravatar.com\/avatar\/daad11ae4313438c55d8231d6c521dda901fda2ae85e80de3691cb8a7a3835e3?s=96&d=mm&r=g\",\"contentUrl\":\"https:\/\/secure.gravatar.com\/avatar\/daad11ae4313438c55d8231d6c521dda901fda2ae85e80de3691cb8a7a3835e3?s=96&d=mm&r=g\",\"caption\":\"Mo\u00efra Van de Po\u00ebl\"},\"sameAs\":[\"https:\/\/www.linkedin.com\/in\/mo%C3%AFra-van-de-po%C3%ABl-54436015a\/\"],\"url\":\"https:\/\/www.humanium.org\/es\/author\/autor_moiravandepoel\/\"}]}<\/script>\n<!-- \/ Yoast SEO plugin. -->","yoast_head_json":{"title":"Levantamiento nacional en Ir\u00e1n - el tratamiento alarmante y profundamente preocupante de la infancia iran\u00ed - Humanium","description":"Un grupo que ha sido objetivo espec\u00edfico de este clima pol\u00edtico represivo en Ir\u00e1n es precisamente la propia infancia.","robots":{"index":"index","follow":"follow","max-snippet":"max-snippet:-1","max-image-preview":"max-image-preview:large","max-video-preview":"max-video-preview:-1"},"canonical":"https:\/\/www.humanium.org\/es\/levantamiento-nacional-en-iran-el-tratamiento-alarmante-y-profundamente-preocupante-de-la-infancia-irani\/","og_locale":"es_ES","og_type":"article","og_title":"Levantamiento nacional en Ir\u00e1n - el tratamiento alarmante y profundamente preocupante de la infancia iran\u00ed - Humanium","og_description":"Un grupo que ha sido objetivo espec\u00edfico de este clima pol\u00edtico represivo en Ir\u00e1n es precisamente la propia infancia.","og_url":"https:\/\/www.humanium.org\/es\/levantamiento-nacional-en-iran-el-tratamiento-alarmante-y-profundamente-preocupante-de-la-infancia-irani\/","og_site_name":"Humanium","article_published_time":"2023-02-14T14:35:35+00:00","article_modified_time":"2025-12-13T21:45:02+00:00","og_image":[{"width":2560,"height":1707,"url":"https:\/\/www.humanium.org\/es\/wp-content\/uploads\/2023\/02\/shutterstock_1779012590-scaled.jpg","type":"image\/jpeg"}],"author":"Mo\u00efra Van de Po\u00ebl","twitter_card":"summary_large_image","twitter_misc":{"Escrito por":"Mo\u00efra Van de Po\u00ebl","Tiempo de lectura":"11 minutos"},"schema":{"@context":"https:\/\/schema.org","@graph":[{"@type":"WebPage","@id":"https:\/\/www.humanium.org\/es\/levantamiento-nacional-en-iran-el-tratamiento-alarmante-y-profundamente-preocupante-de-la-infancia-irani\/","url":"https:\/\/www.humanium.org\/es\/levantamiento-nacional-en-iran-el-tratamiento-alarmante-y-profundamente-preocupante-de-la-infancia-irani\/","name":"Levantamiento nacional en Ir\u00e1n - el tratamiento alarmante y profundamente preocupante de la infancia iran\u00ed - Humanium","isPartOf":{"@id":"https:\/\/www.humanium.org\/es\/#website"},"primaryImageOfPage":{"@id":"https:\/\/www.humanium.org\/es\/levantamiento-nacional-en-iran-el-tratamiento-alarmante-y-profundamente-preocupante-de-la-infancia-irani\/#primaryimage"},"image":{"@id":"https:\/\/www.humanium.org\/es\/levantamiento-nacional-en-iran-el-tratamiento-alarmante-y-profundamente-preocupante-de-la-infancia-irani\/#primaryimage"},"thumbnailUrl":"https:\/\/www.humanium.org\/es\/wp-content\/uploads\/2023\/02\/shutterstock_1779012590-scaled.jpg","datePublished":"2023-02-14T14:35:35+00:00","dateModified":"2025-12-13T21:45:02+00:00","author":{"@id":"https:\/\/www.humanium.org\/es\/#\/schema\/person\/6159270fca5cd9bca127c1870d725490"},"description":"Un grupo que ha sido objetivo espec\u00edfico de este clima pol\u00edtico represivo en Ir\u00e1n es precisamente la propia infancia.","breadcrumb":{"@id":"https:\/\/www.humanium.org\/es\/levantamiento-nacional-en-iran-el-tratamiento-alarmante-y-profundamente-preocupante-de-la-infancia-irani\/#breadcrumb"},"inLanguage":"es","potentialAction":[{"@type":"ReadAction","target":["https:\/\/www.humanium.org\/es\/levantamiento-nacional-en-iran-el-tratamiento-alarmante-y-profundamente-preocupante-de-la-infancia-irani\/"]}]},{"@type":"ImageObject","inLanguage":"es","@id":"https:\/\/www.humanium.org\/es\/levantamiento-nacional-en-iran-el-tratamiento-alarmante-y-profundamente-preocupante-de-la-infancia-irani\/#primaryimage","url":"https:\/\/www.humanium.org\/es\/wp-content\/uploads\/2023\/02\/shutterstock_1779012590-scaled.jpg","contentUrl":"https:\/\/www.humanium.org\/es\/wp-content\/uploads\/2023\/02\/shutterstock_1779012590-scaled.jpg","width":2560,"height":1707},{"@type":"BreadcrumbList","@id":"https:\/\/www.humanium.org\/es\/levantamiento-nacional-en-iran-el-tratamiento-alarmante-y-profundamente-preocupante-de-la-infancia-irani\/#breadcrumb","itemListElement":[{"@type":"ListItem","position":1,"name":"Home","item":"https:\/\/www.humanium.org\/es\/"},{"@type":"ListItem","position":2,"name":"Levantamiento nacional en Ir\u00e1n &#8211; el tratamiento alarmante y profundamente preocupante de la infancia iran\u00ed"}]},{"@type":"WebSite","@id":"https:\/\/www.humanium.org\/es\/#website","url":"https:\/\/www.humanium.org\/es\/","name":"Humanium","description":"\u00a1Los ni\u00f1os primero!","potentialAction":[{"@type":"SearchAction","target":{"@type":"EntryPoint","urlTemplate":"https:\/\/www.humanium.org\/es\/?s={search_term_string}"},"query-input":{"@type":"PropertyValueSpecification","valueRequired":true,"valueName":"search_term_string"}}],"inLanguage":"es"},{"@type":"Person","@id":"https:\/\/www.humanium.org\/es\/#\/schema\/person\/6159270fca5cd9bca127c1870d725490","name":"Mo\u00efra Van de Po\u00ebl","image":{"@type":"ImageObject","inLanguage":"es","@id":"https:\/\/www.humanium.org\/es\/#\/schema\/person\/image\/","url":"https:\/\/secure.gravatar.com\/avatar\/daad11ae4313438c55d8231d6c521dda901fda2ae85e80de3691cb8a7a3835e3?s=96&d=mm&r=g","contentUrl":"https:\/\/secure.gravatar.com\/avatar\/daad11ae4313438c55d8231d6c521dda901fda2ae85e80de3691cb8a7a3835e3?s=96&d=mm&r=g","caption":"Mo\u00efra Van de Po\u00ebl"},"sameAs":["https:\/\/www.linkedin.com\/in\/mo%C3%AFra-van-de-po%C3%ABl-54436015a\/"],"url":"https:\/\/www.humanium.org\/es\/author\/autor_moiravandepoel\/"}]}},"_links":{"self":[{"href":"https:\/\/www.humanium.org\/es\/wp-json\/wp\/v2\/posts\/17515","targetHints":{"allow":["GET"]}}],"collection":[{"href":"https:\/\/www.humanium.org\/es\/wp-json\/wp\/v2\/posts"}],"about":[{"href":"https:\/\/www.humanium.org\/es\/wp-json\/wp\/v2\/types\/post"}],"author":[{"embeddable":true,"href":"https:\/\/www.humanium.org\/es\/wp-json\/wp\/v2\/users\/59"}],"replies":[{"embeddable":true,"href":"https:\/\/www.humanium.org\/es\/wp-json\/wp\/v2\/comments?post=17515"}],"version-history":[{"count":9,"href":"https:\/\/www.humanium.org\/es\/wp-json\/wp\/v2\/posts\/17515\/revisions"}],"predecessor-version":[{"id":21810,"href":"https:\/\/www.humanium.org\/es\/wp-json\/wp\/v2\/posts\/17515\/revisions\/21810"}],"wp:featuredmedia":[{"embeddable":true,"href":"https:\/\/www.humanium.org\/es\/wp-json\/wp\/v2\/media\/17519"}],"wp:attachment":[{"href":"https:\/\/www.humanium.org\/es\/wp-json\/wp\/v2\/media?parent=17515"}],"wp:term":[{"taxonomy":"category","embeddable":true,"href":"https:\/\/www.humanium.org\/es\/wp-json\/wp\/v2\/categories?post=17515"},{"taxonomy":"post_tag","embeddable":true,"href":"https:\/\/www.humanium.org\/es\/wp-json\/wp\/v2\/tags?post=17515"}],"curies":[{"name":"wp","href":"https:\/\/api.w.org\/{rel}","templated":true}]}}