{"id":17565,"date":"2023-02-28T10:05:49","date_gmt":"2023-02-28T10:05:49","guid":{"rendered":"https:\/\/www.humanium.org\/es\/?p=17565"},"modified":"2025-12-13T21:45:08","modified_gmt":"2025-12-13T21:45:08","slug":"ropa-y-productos-quimicos-una-amenaza-para-la-salud-infantil","status":"publish","type":"post","link":"https:\/\/www.humanium.org\/es\/ropa-y-productos-quimicos-una-amenaza-para-la-salud-infantil\/","title":{"rendered":"<strong>Ropa y productos qu\u00edmicos: una amenaza para la salud infantil<\/strong>"},"content":{"rendered":"\n<p><strong>Como ocurre en muchas industrias que fabrican productos de consumo diario, la utilizaci\u00f3n masiva de productos qu\u00edmicos en procesos industriales del sector textil ha llamado la atenci\u00f3n de organismos de regulaci\u00f3n internacional. Ellos representan un peligro para la <\/strong><a href=\"https:\/\/www.humanium.org\/es\/derecho-salud\/\"><strong>salud<\/strong><\/a><strong> y el <\/strong><a href=\"https:\/\/www.humanium.org\/es\/enfoques-tematicos\/ambiente\/derechos-medioambientales\/\"><strong>medioambiente<\/strong><\/a><strong> de muchas poblaciones del mundo, lo que afecta particularmente a los ni\u00f1os.\u00a0<\/strong><\/p>\n\n\n\n<h2 class=\"wp-block-heading\"><strong>La industria textil &#8211; una amenaza para los derechos de los ni\u00f1os&nbsp;<\/strong><\/h2>\n\n\n\n<p>Durante estos \u00faltimos a\u00f1os, han salido a la luz los efectos nocivos de la industria textil moderna, los cuales violan una multitud de derechos humanos fundamentales, especialmente aplicables a los <a href=\"https:\/\/www.humanium.org\/es\/derechos-ninos\/\"><strong>derechos de los ni\u00f1os<\/strong><\/a> (Baruta, 2021).<\/p>\n\n\n\n<p>De forma m\u00e1s precisa, otro de los motivos de preocupaci\u00f3n relacionado con la industria textil ha llamado la atenci\u00f3n de gobiernos y organismos internacionales: la utilizaci\u00f3n de sustancias qu\u00edmicas durante la fabricaci\u00f3n de nuestra ropa, lo que constituye una violaci\u00f3n del <a href=\"https:\/\/www.humanium.org\/es\/derecho-salud\/\"><strong>derecho a la salud<\/strong><\/a>, as\u00ed como de los <a href=\"https:\/\/www.humanium.org\/es\/enfoques-tematicos\/ambiente\/derechos-medioambientales\/\"><strong>derechos medioambientales<\/strong><\/a> de los ni\u00f1os.<\/p>\n\n\n\n<h2 class=\"wp-block-heading\"><strong>El origen de nuestra ropa t\u00f3xica<\/strong><\/h2>\n\n\n\n<p>Con el fin de seguir los ritmos de producci\u00f3n modernos y de ofrecer cada vez m\u00e1s ropa a un precio atractivo, la industria textil busca reducir sus costes de producci\u00f3n. La utilizaci\u00f3n masiva de productos qu\u00edmicos a lo largo del proceso de fabricaci\u00f3n de nuestra ropa constituye uno de los principales factores de la reducci\u00f3n de costes. Se trata de la utilizaci\u00f3n de m\u00e1s de 8 000 substancias qu\u00edmicas dentro de la industria textil (Kant, 2012). Por ejemplo, se estima que la producci\u00f3n de 1 kg de camisetas necesita 4 kg de productos qu\u00edmicos (Council of the European Union, 2012).<\/p>\n\n\n\n<figure class=\"wp-block-image size-large\"><img loading=\"lazy\" decoding=\"async\" width=\"1024\" height=\"777\" src=\"https:\/\/www.humanium.org\/es\/wp-content\/uploads\/2023\/02\/shutterstock_418194466-1024x777.jpg\" alt=\"\" class=\"wp-image-17567\" srcset=\"https:\/\/www.humanium.org\/es\/wp-content\/uploads\/2023\/02\/shutterstock_418194466-1024x777.jpg 1024w, https:\/\/www.humanium.org\/es\/wp-content\/uploads\/2023\/02\/shutterstock_418194466-300x228.jpg 300w, https:\/\/www.humanium.org\/es\/wp-content\/uploads\/2023\/02\/shutterstock_418194466-768x583.jpg 768w, https:\/\/www.humanium.org\/es\/wp-content\/uploads\/2023\/02\/shutterstock_418194466-1536x1165.jpg 1536w, https:\/\/www.humanium.org\/es\/wp-content\/uploads\/2023\/02\/shutterstock_418194466-2048x1554.jpg 2048w, https:\/\/www.humanium.org\/es\/wp-content\/uploads\/2023\/02\/shutterstock_418194466-830x630.jpg 830w, https:\/\/www.humanium.org\/es\/wp-content\/uploads\/2023\/02\/shutterstock_418194466-230x175.jpg 230w, https:\/\/www.humanium.org\/es\/wp-content\/uploads\/2023\/02\/shutterstock_418194466-350x266.jpg 350w, https:\/\/www.humanium.org\/es\/wp-content\/uploads\/2023\/02\/shutterstock_418194466-480x364.jpg 480w\" sizes=\"auto, (max-width: 1024px) 100vw, 1024px\" \/><\/figure>\n\n\n\n<h2 class=\"wp-block-heading\"><strong>Consecuencias sanitarias alarmantes<\/strong><\/h2>\n\n\n\n<p>Lo m\u00e1s preocupante es el n\u00famero considerable de productos qu\u00edmicos utilizados por la industria textil, los cuales tienen unos efectos nocivos a la vez para nuestra <a href=\"https:\/\/www.humanium.org\/es\/derecho-salud\/\"><strong>salud<\/strong><\/a> y para <a href=\"https:\/\/www.humanium.org\/es\/enfoques-tematicos\/ambiente\/derechos-medioambientales\/\"><strong>el medioambiente<\/strong><\/a>. En 2014, la Agencia Sueca de Productos Qu\u00edmicos avis\u00f3 de estas consecuencias. De 2 4520 sustancias qu\u00edmicas evaluadas, clasifica 750 como peligrosas para la salud humana y 440 como peligrosas para el medioambiente (KEMI, 2014).<\/p>\n\n\n\n<h3 class=\"wp-block-heading\"><strong>Nuestros ni\u00f1os, poblaci\u00f3n de riesgo&nbsp;<\/strong><\/h3>\n\n\n\n<p>En primer lugar, se encuentran nuestros ni\u00f1os, que son particularmente sensibles a esta exposici\u00f3n y son considerados como poblaci\u00f3n de riesgo, al mismo nivel que las mujeres embarazadas. De hecho, el feto en desarrollo, los lactantes y los ni\u00f1os son poblaciones mucho m\u00e1s sensibles, ya que la exposici\u00f3n a sustancias qu\u00edmicas puede tener repercusiones en su salud a lo largo de toda su vida.&nbsp;<\/p>\n\n\n\n<p>Despu\u00e9s de medio siglo, se ha constatado un aumento de enfermedades que afectan a los ni\u00f1os o que se desarrollan durante la infancia y est\u00e1n relacionadas espec\u00edficamente con la acumulaci\u00f3n de productos qu\u00edmicos en el cuerpo humano: abortos espont\u00e1neos, defectos cong\u00e9nitos, c\u00e1ncer, asma, trastornos del sistema inmunitario, del desarrollo, reproductivos y del sistema nervioso (WECF, 2013).&nbsp;<\/p>\n\n\n\n<h3 class=\"wp-block-heading\"><strong>Consecuencias sanitarias globales<\/strong><\/h3>\n\n\n<div class=\"wp-block-image\">\n<figure class=\"alignright size-large is-resized\"><img loading=\"lazy\" decoding=\"async\" src=\"https:\/\/www.humanium.org\/es\/wp-content\/uploads\/2023\/02\/shutterstock_2054327006-1024x683.jpg\" alt=\"\" class=\"wp-image-17568\" width=\"365\" height=\"243\" srcset=\"https:\/\/www.humanium.org\/es\/wp-content\/uploads\/2023\/02\/shutterstock_2054327006-1024x683.jpg 1024w, https:\/\/www.humanium.org\/es\/wp-content\/uploads\/2023\/02\/shutterstock_2054327006-300x200.jpg 300w, https:\/\/www.humanium.org\/es\/wp-content\/uploads\/2023\/02\/shutterstock_2054327006-768x512.jpg 768w, https:\/\/www.humanium.org\/es\/wp-content\/uploads\/2023\/02\/shutterstock_2054327006-1536x1024.jpg 1536w, https:\/\/www.humanium.org\/es\/wp-content\/uploads\/2023\/02\/shutterstock_2054327006-2048x1366.jpg 2048w, https:\/\/www.humanium.org\/es\/wp-content\/uploads\/2023\/02\/shutterstock_2054327006-830x554.jpg 830w, https:\/\/www.humanium.org\/es\/wp-content\/uploads\/2023\/02\/shutterstock_2054327006-230x153.jpg 230w, https:\/\/www.humanium.org\/es\/wp-content\/uploads\/2023\/02\/shutterstock_2054327006-350x233.jpg 350w, https:\/\/www.humanium.org\/es\/wp-content\/uploads\/2023\/02\/shutterstock_2054327006-480x320.jpg 480w, https:\/\/www.humanium.org\/es\/wp-content\/uploads\/2023\/02\/shutterstock_2054327006-272x182.jpg 272w\" sizes=\"auto, (max-width: 365px) 100vw, 365px\" \/><\/figure>\n<\/div>\n\n\n<p>En particular, las poblaciones de ni\u00f1os expuestos a los productos qu\u00edmicos utilizados por la industria textil son de dos tipos: los ni\u00f1os que llevan los productos fabricados, as\u00ed como los ni\u00f1os que viven cerca de f\u00e1bricas textiles como en <a href=\"https:\/\/www.humanium.org\/es\/china\/\"><strong>China<\/strong><\/a>, <a href=\"https:\/\/www.humanium.org\/es\/bangladesh\/\"><strong>Bangladesh<\/strong><\/a>, <a href=\"https:\/\/www.humanium.org\/es\/turquia\/\"><strong>Turqu\u00eda<\/strong><\/a> e <a href=\"https:\/\/www.humanium.org\/es\/india\/\"><strong>India<\/strong><\/a>. Los primeros pueden ingerir directamente las sustancias qu\u00edmicas residuales de la ropa al met\u00e9rsela en la boca, mientras que los segundos est\u00e1n mucho m\u00e1s expuestos a la contaminaci\u00f3n del medioambiente, particularmente a los residuos de las f\u00e1bricas textiles que se desechan en lugares naturales como los cursos de <a href=\"https:\/\/www.humanium.org\/es\/derecho-agua\/\"><strong>agua<\/strong><\/a><strong> <\/strong>(NRDC, 2021).<\/p>\n\n\n\n<h3 class=\"wp-block-heading\"><strong>El caso del r\u00edo Citarum&nbsp; de la industria textil<\/strong><\/h3>\n\n\n\n<p>En <a href=\"https:\/\/www.humanium.org\/fr\/indonesie\/\"><strong>Indonesia<\/strong><\/a>, el r\u00edo Citarum se encuentra clasificado entre los r\u00edos m\u00e1s contaminados del mundo. Las 400 f\u00e1bricas textiles cercanas contribuyen en gran medida a la contaminaci\u00f3n del r\u00edo al liberar sus aguas usadas, repletas de colorantes y metales pesados: cromo, cobre, ars\u00e9nico, plomo y cobalto (Toxics Link, 2021), cambiando as\u00ed el color del agua del r\u00edo Citarum con frecuencia. A falta de acceso a otra fuente de agua, la poblaci\u00f3n utiliza el agua del r\u00edo a menudo, lo que aumenta la probabilidad de que desarrollen enfermedades (Carrubba, 2020).&nbsp;<\/p>\n\n\n\n<p>Estos fen\u00f3menos magnifican el problema del <a href=\"https:\/\/www.humanium.org\/es\/derecho-agua\/\"><strong>acceso al agua potable<\/strong><\/a> en <a href=\"https:\/\/www.humanium.org\/fr\/indonesie\/\"><strong>Indonesia<\/strong><\/a>, donde cerca de un cuarto de los fallecimientos entre los ni\u00f1os menores de cinco a\u00f1os se producen a causa de enfermedades diarreicas, vinculadas directamente a la salubridad del agua (Citarum, 2012). Aunque mejorar de manera general el acceso al agua potable y tambi\u00e9n las condiciones de higiene y saneamiento sean necesarias para abordar el problema, es esencial que la industria textil, la responsable seg\u00fan el Banco Mundial del 17-20% de la contaminaci\u00f3n mundial del agua (Ambert, 2021), reduzca el impacto negativo a nivel medio ambiental y humano.<\/p>\n\n\n\n<h2 class=\"wp-block-heading\"><strong>Las partes implicadas se unen para resolver el problema<\/strong><\/h2>\n\n\n\n<p>A pesar de que existen normas sobre el uso de productos qu\u00edmicos, se ha se\u00f1alado la ausencia de normas acordadas a nivel internacional y de herramientas eficaces como factores importantes de la pasividad del sector textil en esta cuesti\u00f3n (WECF, 2013).<\/p>\n\n\n\n<p>Con el fin de velar por los <a href=\"https:\/\/www.humanium.org\/es\/enfoques-tematicos\/ambiente\/derechos-medioambientales\/\"><strong>derechos medioambientales<\/strong><\/a> y por el <a href=\"https:\/\/www.humanium.org\/es\/derecho-salud\/\"><strong>derecho a la sanidad<\/strong><\/a> aplicable a los derechos de los ni\u00f1os, el 14 de octubre de 2022, los gobiernos de <a href=\"https:\/\/www.humanium.org\/es\/bangladesh\/\"><strong>Bangladesh<\/strong><\/a>, <a href=\"https:\/\/www.humanium.org\/es\/indonesia\/\"><strong>Indonesia<\/strong><\/a>, <a href=\"https:\/\/www.humanium.org\/es\/pakistan\/\"><strong>Pakist\u00e1n<\/strong><\/a> y <a href=\"https:\/\/www.humanium.org\/es\/vietnam\/\"><strong>Vietnam<\/strong><\/a> se comprometieron a gestionar y reducir los productos qu\u00edmicos peligrosos en sus industrias textiles mediante la puesta en marcha de un programa de 43 millones de d\u00f3lares dirigido por el Programa de las Naciones Unidas para el Medioambiente (UNEP, 2022).<\/p>\n\n\n\n<figure class=\"wp-block-image size-large\"><img loading=\"lazy\" decoding=\"async\" width=\"1024\" height=\"683\" src=\"https:\/\/www.humanium.org\/es\/wp-content\/uploads\/2023\/02\/shutterstock_1655705089-1024x683.jpg\" alt=\"\" class=\"wp-image-17566\" srcset=\"https:\/\/www.humanium.org\/es\/wp-content\/uploads\/2023\/02\/shutterstock_1655705089-1024x683.jpg 1024w, https:\/\/www.humanium.org\/es\/wp-content\/uploads\/2023\/02\/shutterstock_1655705089-300x200.jpg 300w, https:\/\/www.humanium.org\/es\/wp-content\/uploads\/2023\/02\/shutterstock_1655705089-768x512.jpg 768w, https:\/\/www.humanium.org\/es\/wp-content\/uploads\/2023\/02\/shutterstock_1655705089-1536x1024.jpg 1536w, https:\/\/www.humanium.org\/es\/wp-content\/uploads\/2023\/02\/shutterstock_1655705089-2048x1365.jpg 2048w, https:\/\/www.humanium.org\/es\/wp-content\/uploads\/2023\/02\/shutterstock_1655705089-830x553.jpg 830w, https:\/\/www.humanium.org\/es\/wp-content\/uploads\/2023\/02\/shutterstock_1655705089-230x153.jpg 230w, https:\/\/www.humanium.org\/es\/wp-content\/uploads\/2023\/02\/shutterstock_1655705089-350x233.jpg 350w, https:\/\/www.humanium.org\/es\/wp-content\/uploads\/2023\/02\/shutterstock_1655705089-480x320.jpg 480w, https:\/\/www.humanium.org\/es\/wp-content\/uploads\/2023\/02\/shutterstock_1655705089-272x182.jpg 272w\" sizes=\"auto, (max-width: 1024px) 100vw, 1024px\" \/><\/figure>\n\n\n\n<p>En Humanium, velamos cada d\u00eda por la protecci\u00f3n de los ni\u00f1os y su bienestar, particularmente para defender su <a href=\"https:\/\/www.humanium.org\/es\/derecho-salud\/\"><strong>derecho a la sanidad<\/strong><\/a> y sus <a href=\"https:\/\/www.humanium.org\/es\/enfoques-tematicos\/ambiente\/derechos-medioambientales\/\"><strong>derechos medioambientales<\/strong><\/a>. Nuestros principales medios de acci\u00f3n se centran en alertar al p\u00fablico de las violaciones de los derechos de los ni\u00f1os y dar apoyo a <strong>proyectos<\/strong> que ayudan a los ni\u00f1os de todo el mundo.&nbsp; Si quieres apoyar nuestra misi\u00f3n, puedes hacer un <strong><a href=\"https:\/\/www.humanium.org\/es\/donacion\/\">donativo<\/a> <\/strong>o convertirte en <strong><a href=\"https:\/\/www.humanium.org\/es\/voluntariado\/\">voluntario<\/a> <\/strong>o<strong> socio<\/strong>.&nbsp;<\/p>\n\n\n\n<p><em><strong>Escrito por Marie Cuvelier<\/strong><\/em><\/p>\n\n\n\n<p><em><strong>Traducido por Desir\u00e9e Ri\u00f1\u00e9 Prados<\/strong><\/em><\/p>\n\n\n\n<p><em><strong>Revisado por Nieves Carazo<\/strong><\/em><\/p>\n\n\n\n<h4 class=\"wp-block-heading\"><strong>Bibliograf\u00eda:<\/strong><\/h4>\n\n\n\n<p class=\"has-small-font-size\">Baruta, C. (2021, Septembre 21). <em>Les effets n\u00e9fastes de la fast fashion sur les droits des enfants<\/em>. Consult\u00e9 le 02 Janvier 2023, sur Humanium: <a href=\"https:\/\/www.humanium.org\/fr\/les-effets-nefastes-de-la-fast-fashion-sur-les-droits-de-lenfant\/\" target=\"_blank\" rel=\"noreferrer noopener\">https:\/\/www.humanium.org\/fr\/les-effets-nefastes-de-la-fast-fashion-sur-les-droits-de-lenfant\/<\/a>.<\/p>\n\n\n\n<p class=\"has-small-font-size\">Council of the European Union. (2012, Octobre). <em>Need for coherent Union legislation on hazardous in textiles, Information from the Swedish delegation to the Council of the European Union.<\/em> Consult\u00e9 le 2 janvier 2023, sur register.consilium.europa.eu: <a href=\"http:\/\/register.consilium.europa.eu\/pdf\/en\/12\/ st14\/st14905.en12.pdf\" target=\"_blank\" rel=\"noreferrer noopener\">http:\/\/register.consilium.europa.eu\/pdf\/en\/12\/ st14\/st14905.en12.pdf<\/a>.<\/p>\n\n\n\n<p class=\"has-small-font-size\">Kant, R. (2012, Janvier 2012). <em>Textile Dyeing Industry an Environment Hazard.<\/em> Consult\u00e9 le 2 janvier 2023, sur scirp.org: <a href=\"https:\/\/www.scirp.org\/pdf\/NS20120100003_72866800.pdf\" target=\"_blank\" rel=\"noreferrer noopener\">https:\/\/www.scirp.org\/pdf\/NS20120100003_72866800.pdf<\/a>.<\/p>\n\n\n\n<p class=\"has-small-font-size\">KEMI. (2014). <em>Chemicals in Textiles &#8211; Risks to Human Health and the Environment.<\/em> Consult\u00e9 le 2 janvier 2023, sur kemi.se: <a href=\"https:\/\/www.kemi.se\/download\/18.6df1d3df171c243fb23a98f3\/1591454110491\/rapport-6-14-chemicals-in-textiles.pdf\" target=\"_blank\" rel=\"noreferrer noopener\">https:\/\/www.kemi.se\/download\/18.6df1d3df171c243fb23a98f3\/1591454110491\/rapport-6-14-chemicals-in-textiles.pdf<\/a>.<\/p>\n\n\n\n<p class=\"has-small-font-size\">NRDC. (2021). <em>Engaging the textile industry as a key sector in SAICM &#8211; A review of PFAS as a chemical class in the textile sector.<\/em> Consult\u00e9 le 2 janvier 2023, sur saicnknowledge.org: <a href=\"https:\/\/saicmknowledge.org\/sites\/default\/files\/publications\/SAICM%20report_PFAS%20in%20Textile_final_May%202021.pdf\" target=\"_blank\" rel=\"noreferrer noopener\">https:\/\/saicmknowledge.org\/sites\/default\/files\/publications\/SAICM%20report_PFAS%20in%20Textile_final_May%202021.pdf<\/a>.<\/p>\n\n\n\n<p class=\"has-small-font-size\">UNEP. (2022, Octobre 14). <em>Textile-producing nations unite to reduce chemical waste<\/em>. Consult\u00e9 le 2 Janvier 2023, sur Unep.org: <a href=\"https:\/\/www.unep.org\/news-and-stories\/press-release\/textile-producing-nations-unite-reduce-chemical-waste\" target=\"_blank\" rel=\"noreferrer noopener\">https:\/\/www.unep.org\/news-and-stories\/press-release\/textile-producing-nations-unite-reduce-chemical-waste<\/a>.<\/p>\n\n\n\n<p class=\"has-small-font-size\">WECF. (2013). <em>Textile: Stop the chemical overdose!<\/em> Consult\u00e9 le 2 janvier 2023, sur <a href=\"https:\/\/ipen.org\/sites\/default\/files\/documents\/WECF%20Executive%20Summery%20Textile%20Report.pdf\" target=\"_blank\" rel=\"noreferrer noopener\">https:\/\/ipen.org\/sites\/default\/files\/documents\/WECF%20Executive%20Summery%20Textile%20Report.pdf<\/a>.<\/p>\n\n\n\n<p class=\"has-small-font-size\">WECF. (2013). <em>Textiles: Stop the Chemical overdose!<\/em> Consult\u00e9 le 2 janvier 2023, sur ipen.org: <a href=\"https:\/\/ipen.org\/sites\/default\/files\/documents\/WECF%20Executive%20Summery%20Textile%20Report.pdf\" target=\"_blank\" rel=\"noreferrer noopener\">https:\/\/ipen.org\/sites\/default\/files\/documents\/WECF%20Executive%20Summery%20Textile%20Report.pdf<\/a>.<\/p>\n","protected":false},"excerpt":{"rendered":"<p>Como ocurre en muchas industrias que fabrican productos de consumo diario, la utilizaci\u00f3n masiva de productos qu\u00edmicos en procesos industriales del sector textil ha llamado la atenci\u00f3n de organismos de regulaci\u00f3n internacional. Ellos representan un peligro para la salud y el medioambiente de muchas poblaciones del mundo, lo que afecta particularmente a los ni\u00f1os.\u00a0 La [&hellip;]<\/p>\n","protected":false},"author":60,"featured_media":17569,"comment_status":"closed","ping_status":"closed","sticky":false,"template":"","format":"standard","meta":{"footnotes":""},"categories":[148,3,159,6,8,160],"tags":[],"class_list":["post-17565","post","type-post","status-publish","format-standard","has-post-thumbnail","hentry","category-derechos-del-nino","category-derechos-humanos","category-explotacion","category-medioambiente","category-salud","category-trabajo-infantil"],"yoast_head":"<!-- This site is optimized with the Yoast SEO plugin v26.5 - https:\/\/yoast.com\/wordpress\/plugins\/seo\/ -->\n<title>Ropa y productos qu\u00edmicos: una amenaza para la salud infantil - Humanium<\/title>\n<meta name=\"description\" content=\"El uso de sustancias qu\u00edmicas en la producci\u00f3n de nuestra ropa es una violaci\u00f3n de los derechos medioambientales de los ni\u00f1os.\" \/>\n<meta name=\"robots\" content=\"index, follow, max-snippet:-1, max-image-preview:large, max-video-preview:-1\" \/>\n<link rel=\"canonical\" href=\"https:\/\/www.humanium.org\/es\/ropa-y-productos-quimicos-una-amenaza-para-la-salud-infantil\/\" \/>\n<meta property=\"og:locale\" content=\"es_ES\" \/>\n<meta property=\"og:type\" content=\"article\" \/>\n<meta property=\"og:title\" content=\"Ropa y productos qu\u00edmicos: una amenaza para la salud infantil - Humanium\" \/>\n<meta property=\"og:description\" content=\"El uso de sustancias qu\u00edmicas en la producci\u00f3n de nuestra ropa es una violaci\u00f3n de los derechos medioambientales de los ni\u00f1os.\" \/>\n<meta property=\"og:url\" content=\"https:\/\/www.humanium.org\/es\/ropa-y-productos-quimicos-una-amenaza-para-la-salud-infantil\/\" \/>\n<meta property=\"og:site_name\" content=\"Humanium\" \/>\n<meta property=\"article:published_time\" content=\"2023-02-28T10:05:49+00:00\" \/>\n<meta property=\"article:modified_time\" content=\"2025-12-13T21:45:08+00:00\" \/>\n<meta property=\"og:image\" content=\"https:\/\/www.humanium.org\/es\/wp-content\/uploads\/2023\/02\/shutterstock_1044580621-scaled.jpg\" \/>\n\t<meta property=\"og:image:width\" content=\"2560\" \/>\n\t<meta property=\"og:image:height\" content=\"1707\" \/>\n\t<meta property=\"og:image:type\" content=\"image\/jpeg\" \/>\n<meta name=\"author\" content=\"Marie Cuvelier\" \/>\n<meta name=\"twitter:card\" content=\"summary_large_image\" \/>\n<meta name=\"twitter:label1\" content=\"Escrito por\" \/>\n\t<meta name=\"twitter:data1\" content=\"Marie Cuvelier\" \/>\n\t<meta name=\"twitter:label2\" content=\"Tiempo de lectura\" \/>\n\t<meta name=\"twitter:data2\" content=\"6 minutos\" \/>\n<script type=\"application\/ld+json\" class=\"yoast-schema-graph\">{\"@context\":\"https:\/\/schema.org\",\"@graph\":[{\"@type\":\"WebPage\",\"@id\":\"https:\/\/www.humanium.org\/es\/ropa-y-productos-quimicos-una-amenaza-para-la-salud-infantil\/\",\"url\":\"https:\/\/www.humanium.org\/es\/ropa-y-productos-quimicos-una-amenaza-para-la-salud-infantil\/\",\"name\":\"Ropa y productos qu\u00edmicos: una amenaza para la salud infantil - Humanium\",\"isPartOf\":{\"@id\":\"https:\/\/www.humanium.org\/es\/#website\"},\"primaryImageOfPage\":{\"@id\":\"https:\/\/www.humanium.org\/es\/ropa-y-productos-quimicos-una-amenaza-para-la-salud-infantil\/#primaryimage\"},\"image\":{\"@id\":\"https:\/\/www.humanium.org\/es\/ropa-y-productos-quimicos-una-amenaza-para-la-salud-infantil\/#primaryimage\"},\"thumbnailUrl\":\"https:\/\/www.humanium.org\/es\/wp-content\/uploads\/2023\/02\/shutterstock_1044580621-scaled.jpg\",\"datePublished\":\"2023-02-28T10:05:49+00:00\",\"dateModified\":\"2025-12-13T21:45:08+00:00\",\"author\":{\"@id\":\"https:\/\/www.humanium.org\/es\/#\/schema\/person\/1bb5b2a4256787a1a4987877caa06cb0\"},\"description\":\"El uso de sustancias qu\u00edmicas en la producci\u00f3n de nuestra ropa es una violaci\u00f3n de los derechos medioambientales de los ni\u00f1os.\",\"breadcrumb\":{\"@id\":\"https:\/\/www.humanium.org\/es\/ropa-y-productos-quimicos-una-amenaza-para-la-salud-infantil\/#breadcrumb\"},\"inLanguage\":\"es\",\"potentialAction\":[{\"@type\":\"ReadAction\",\"target\":[\"https:\/\/www.humanium.org\/es\/ropa-y-productos-quimicos-una-amenaza-para-la-salud-infantil\/\"]}]},{\"@type\":\"ImageObject\",\"inLanguage\":\"es\",\"@id\":\"https:\/\/www.humanium.org\/es\/ropa-y-productos-quimicos-una-amenaza-para-la-salud-infantil\/#primaryimage\",\"url\":\"https:\/\/www.humanium.org\/es\/wp-content\/uploads\/2023\/02\/shutterstock_1044580621-scaled.jpg\",\"contentUrl\":\"https:\/\/www.humanium.org\/es\/wp-content\/uploads\/2023\/02\/shutterstock_1044580621-scaled.jpg\",\"width\":2560,\"height\":1707},{\"@type\":\"BreadcrumbList\",\"@id\":\"https:\/\/www.humanium.org\/es\/ropa-y-productos-quimicos-una-amenaza-para-la-salud-infantil\/#breadcrumb\",\"itemListElement\":[{\"@type\":\"ListItem\",\"position\":1,\"name\":\"Home\",\"item\":\"https:\/\/www.humanium.org\/es\/\"},{\"@type\":\"ListItem\",\"position\":2,\"name\":\"Ropa y productos qu\u00edmicos: una amenaza para la salud infantil\"}]},{\"@type\":\"WebSite\",\"@id\":\"https:\/\/www.humanium.org\/es\/#website\",\"url\":\"https:\/\/www.humanium.org\/es\/\",\"name\":\"Humanium\",\"description\":\"\u00a1Los ni\u00f1os primero!\",\"potentialAction\":[{\"@type\":\"SearchAction\",\"target\":{\"@type\":\"EntryPoint\",\"urlTemplate\":\"https:\/\/www.humanium.org\/es\/?s={search_term_string}\"},\"query-input\":{\"@type\":\"PropertyValueSpecification\",\"valueRequired\":true,\"valueName\":\"search_term_string\"}}],\"inLanguage\":\"es\"},{\"@type\":\"Person\",\"@id\":\"https:\/\/www.humanium.org\/es\/#\/schema\/person\/1bb5b2a4256787a1a4987877caa06cb0\",\"name\":\"Marie Cuvelier\",\"image\":{\"@type\":\"ImageObject\",\"inLanguage\":\"es\",\"@id\":\"https:\/\/www.humanium.org\/es\/#\/schema\/person\/image\/\",\"url\":\"https:\/\/secure.gravatar.com\/avatar\/0fff110819ae912f50a732eab2e2c36e81c998d12196285ffc4730464342084d?s=96&d=mm&r=g\",\"contentUrl\":\"https:\/\/secure.gravatar.com\/avatar\/0fff110819ae912f50a732eab2e2c36e81c998d12196285ffc4730464342084d?s=96&d=mm&r=g\",\"caption\":\"Marie Cuvelier\"},\"sameAs\":[\"https:\/\/www.linkedin.com\/in\/marie-cuvelier\/1\"],\"url\":\"https:\/\/www.humanium.org\/es\/author\/autor_mariecuvelier\/\"}]}<\/script>\n<!-- \/ Yoast SEO plugin. -->","yoast_head_json":{"title":"Ropa y productos qu\u00edmicos: una amenaza para la salud infantil - Humanium","description":"El uso de sustancias qu\u00edmicas en la producci\u00f3n de nuestra ropa es una violaci\u00f3n de los derechos medioambientales de los ni\u00f1os.","robots":{"index":"index","follow":"follow","max-snippet":"max-snippet:-1","max-image-preview":"max-image-preview:large","max-video-preview":"max-video-preview:-1"},"canonical":"https:\/\/www.humanium.org\/es\/ropa-y-productos-quimicos-una-amenaza-para-la-salud-infantil\/","og_locale":"es_ES","og_type":"article","og_title":"Ropa y productos qu\u00edmicos: una amenaza para la salud infantil - Humanium","og_description":"El uso de sustancias qu\u00edmicas en la producci\u00f3n de nuestra ropa es una violaci\u00f3n de los derechos medioambientales de los ni\u00f1os.","og_url":"https:\/\/www.humanium.org\/es\/ropa-y-productos-quimicos-una-amenaza-para-la-salud-infantil\/","og_site_name":"Humanium","article_published_time":"2023-02-28T10:05:49+00:00","article_modified_time":"2025-12-13T21:45:08+00:00","og_image":[{"width":2560,"height":1707,"url":"https:\/\/www.humanium.org\/es\/wp-content\/uploads\/2023\/02\/shutterstock_1044580621-scaled.jpg","type":"image\/jpeg"}],"author":"Marie Cuvelier","twitter_card":"summary_large_image","twitter_misc":{"Escrito por":"Marie Cuvelier","Tiempo de lectura":"6 minutos"},"schema":{"@context":"https:\/\/schema.org","@graph":[{"@type":"WebPage","@id":"https:\/\/www.humanium.org\/es\/ropa-y-productos-quimicos-una-amenaza-para-la-salud-infantil\/","url":"https:\/\/www.humanium.org\/es\/ropa-y-productos-quimicos-una-amenaza-para-la-salud-infantil\/","name":"Ropa y productos qu\u00edmicos: una amenaza para la salud infantil - Humanium","isPartOf":{"@id":"https:\/\/www.humanium.org\/es\/#website"},"primaryImageOfPage":{"@id":"https:\/\/www.humanium.org\/es\/ropa-y-productos-quimicos-una-amenaza-para-la-salud-infantil\/#primaryimage"},"image":{"@id":"https:\/\/www.humanium.org\/es\/ropa-y-productos-quimicos-una-amenaza-para-la-salud-infantil\/#primaryimage"},"thumbnailUrl":"https:\/\/www.humanium.org\/es\/wp-content\/uploads\/2023\/02\/shutterstock_1044580621-scaled.jpg","datePublished":"2023-02-28T10:05:49+00:00","dateModified":"2025-12-13T21:45:08+00:00","author":{"@id":"https:\/\/www.humanium.org\/es\/#\/schema\/person\/1bb5b2a4256787a1a4987877caa06cb0"},"description":"El uso de sustancias qu\u00edmicas en la producci\u00f3n de nuestra ropa es una violaci\u00f3n de los derechos medioambientales de los ni\u00f1os.","breadcrumb":{"@id":"https:\/\/www.humanium.org\/es\/ropa-y-productos-quimicos-una-amenaza-para-la-salud-infantil\/#breadcrumb"},"inLanguage":"es","potentialAction":[{"@type":"ReadAction","target":["https:\/\/www.humanium.org\/es\/ropa-y-productos-quimicos-una-amenaza-para-la-salud-infantil\/"]}]},{"@type":"ImageObject","inLanguage":"es","@id":"https:\/\/www.humanium.org\/es\/ropa-y-productos-quimicos-una-amenaza-para-la-salud-infantil\/#primaryimage","url":"https:\/\/www.humanium.org\/es\/wp-content\/uploads\/2023\/02\/shutterstock_1044580621-scaled.jpg","contentUrl":"https:\/\/www.humanium.org\/es\/wp-content\/uploads\/2023\/02\/shutterstock_1044580621-scaled.jpg","width":2560,"height":1707},{"@type":"BreadcrumbList","@id":"https:\/\/www.humanium.org\/es\/ropa-y-productos-quimicos-una-amenaza-para-la-salud-infantil\/#breadcrumb","itemListElement":[{"@type":"ListItem","position":1,"name":"Home","item":"https:\/\/www.humanium.org\/es\/"},{"@type":"ListItem","position":2,"name":"Ropa y productos qu\u00edmicos: una amenaza para la salud infantil"}]},{"@type":"WebSite","@id":"https:\/\/www.humanium.org\/es\/#website","url":"https:\/\/www.humanium.org\/es\/","name":"Humanium","description":"\u00a1Los ni\u00f1os primero!","potentialAction":[{"@type":"SearchAction","target":{"@type":"EntryPoint","urlTemplate":"https:\/\/www.humanium.org\/es\/?s={search_term_string}"},"query-input":{"@type":"PropertyValueSpecification","valueRequired":true,"valueName":"search_term_string"}}],"inLanguage":"es"},{"@type":"Person","@id":"https:\/\/www.humanium.org\/es\/#\/schema\/person\/1bb5b2a4256787a1a4987877caa06cb0","name":"Marie Cuvelier","image":{"@type":"ImageObject","inLanguage":"es","@id":"https:\/\/www.humanium.org\/es\/#\/schema\/person\/image\/","url":"https:\/\/secure.gravatar.com\/avatar\/0fff110819ae912f50a732eab2e2c36e81c998d12196285ffc4730464342084d?s=96&d=mm&r=g","contentUrl":"https:\/\/secure.gravatar.com\/avatar\/0fff110819ae912f50a732eab2e2c36e81c998d12196285ffc4730464342084d?s=96&d=mm&r=g","caption":"Marie Cuvelier"},"sameAs":["https:\/\/www.linkedin.com\/in\/marie-cuvelier\/1"],"url":"https:\/\/www.humanium.org\/es\/author\/autor_mariecuvelier\/"}]}},"_links":{"self":[{"href":"https:\/\/www.humanium.org\/es\/wp-json\/wp\/v2\/posts\/17565","targetHints":{"allow":["GET"]}}],"collection":[{"href":"https:\/\/www.humanium.org\/es\/wp-json\/wp\/v2\/posts"}],"about":[{"href":"https:\/\/www.humanium.org\/es\/wp-json\/wp\/v2\/types\/post"}],"author":[{"embeddable":true,"href":"https:\/\/www.humanium.org\/es\/wp-json\/wp\/v2\/users\/60"}],"replies":[{"embeddable":true,"href":"https:\/\/www.humanium.org\/es\/wp-json\/wp\/v2\/comments?post=17565"}],"version-history":[{"count":7,"href":"https:\/\/www.humanium.org\/es\/wp-json\/wp\/v2\/posts\/17565\/revisions"}],"predecessor-version":[{"id":21824,"href":"https:\/\/www.humanium.org\/es\/wp-json\/wp\/v2\/posts\/17565\/revisions\/21824"}],"wp:featuredmedia":[{"embeddable":true,"href":"https:\/\/www.humanium.org\/es\/wp-json\/wp\/v2\/media\/17569"}],"wp:attachment":[{"href":"https:\/\/www.humanium.org\/es\/wp-json\/wp\/v2\/media?parent=17565"}],"wp:term":[{"taxonomy":"category","embeddable":true,"href":"https:\/\/www.humanium.org\/es\/wp-json\/wp\/v2\/categories?post=17565"},{"taxonomy":"post_tag","embeddable":true,"href":"https:\/\/www.humanium.org\/es\/wp-json\/wp\/v2\/tags?post=17565"}],"curies":[{"name":"wp","href":"https:\/\/api.w.org\/{rel}","templated":true}]}}