{"id":17836,"date":"2023-06-13T15:02:35","date_gmt":"2023-06-13T15:02:35","guid":{"rendered":"https:\/\/www.humanium.org\/es\/?p=17836"},"modified":"2023-06-13T15:02:36","modified_gmt":"2023-06-13T15:02:36","slug":"la-deportacion-y-traslado-forzado-de-los-ninos-ucranianos","status":"publish","type":"post","link":"https:\/\/www.humanium.org\/es\/la-deportacion-y-traslado-forzado-de-los-ninos-ucranianos\/","title":{"rendered":"La deportaci\u00f3n y traslado forzado de los ni\u00f1os ucranianos"},"content":{"rendered":"\n<p><strong>La situaci\u00f3n actual de <\/strong><a href=\"https:\/\/www.humanium.org\/es\/ucrania\/\"><strong>Ucrania<\/strong><\/a><strong> tiene en vilo a la comunidad internacional. En m\u00e1s de un a\u00f1o, varias ONG, \u00f3rganos de la ONU y medios de prensa internacionales han podido documentar una cantidad creciente de violaciones de las leyes internacionales humanitarias y de los derechos humanos. Una de las acusaciones que m\u00e1s firmemente resuenan en nuestros d\u00edas tiene que ver con la <\/strong><a href=\"https:\/\/www.humanium.org\/es\/enfoques-tematicos\/violencia\/ninos-guerra\/\"><strong>deportaci\u00f3n<\/strong><\/a><strong> y traslado forzado de <\/strong><a href=\"https:\/\/www.humanium.org\/es\/ucrania\/\"><strong>ni\u00f1os ucranianos<\/strong><\/a><strong> por militares rusos como parte de una pol\u00edtica sistem\u00e1tica del gobierno de Rusia, que viola las disposiciones y los principios fundamentales de la ley internacional.&nbsp;<\/strong><\/p>\n\n\n\n<h2 class=\"wp-block-heading\"><strong>La deportaci\u00f3n y traslado forzado en el marco del conflicto entre Rusia y Ucrania.<\/strong><\/h2>\n\n\n\n<p>El 24 de febrero de 2022, tras el reconocimiento de dos regiones prorrusas de Ucrania (Donetsk y Lugansk), el presidente de la Federaci\u00f3n Rusa, Vladimir Vladimirovich&nbsp;Putin, autoriz\u00f3 el lanzamiento de una \u00aboperaci\u00f3n militar especial\u00bb para \u00abdesmilitarizar y desnazificar\u00bb <a href=\"https:\/\/www.humanium.org\/es\/ucrania\/\">Ucrania<\/a>, seg\u00fan las palabras del representante permanente de la Federaci\u00f3n Rusa para las Naciones Unidas en una carta oficial dirigida a la Secretar\u00eda General en la misma fecha (Consejo de Seguridad de la Organizaci\u00f3n de las Naciones Unidas [CSONU], 2022).<\/p>\n\n\n\n<p>A m\u00e1s de un a\u00f1o de la invasi\u00f3n, son muchas las violaciones de los principios y las disposiciones de la ley internacional por parte de las autoridades rusas que han sido sacadas a la luz por varias ONG y \u00f3rganos de la ONU. Un ejemplo de ello es el informe emitido por la organizaci\u00f3n Human Rights Watch (HRW) que intenta mostrar lo que a toda luz es la existencia de un sistema de traslado forzado de civiles a territorios rusos y a territorios controlados por Rusia. <\/p>\n\n\n\n<p>HRW documenta la experiencia de un voluntario a quien las autoridades regionales de Ucrania le pidieron que rescatara a ni\u00f1os de entre 2 y 17 a\u00f1os, cuyas familias no los hab\u00edan retirado de una particular instituci\u00f3n m\u00e9dica (HRW, 2022, p. 54).\u00a0<\/p>\n\n\n\n<p>Seg\u00fan se inform\u00f3, el voluntario fue interceptado en el puesto de control de Manhush tanto por un oficial militar como por un ministro de Pol\u00edtica Social de la Rep\u00fablica Popular de Donetsk (HRW, 2022, p. 54). Los ni\u00f1os que iba a rescatar fueron trasladados a un sitio alejado y, posteriormente, fueron enviados a varios destinos (el rastro de 11 de ellos <a href=\"https:\/\/www.humanium.org\/es\/enfoques-tematicos\/aislamiento-desarraigo\/ninos-desaparecidos\/#:~:text=La%20desaparici%C3%B3n%20de%20los%20ni%C3%B1os,consecuencias%20para%20los%20menores%20afectados.\">sigui\u00f3 sin conocerse<\/a> hasta la publicaci\u00f3n del informe) (HRW, 2022, p. 55).&nbsp;<\/p>\n\n\n\n<p>Esta informaci\u00f3n coincid\u00eda con el contenido que se public\u00f3 m\u00e1s tarde en el sitio web oficial de la Comisi\u00f3n Rusa sobre los Derechos de los Ni\u00f1os, titulado \u00ab<em>Respuestas a las preguntas sobre la reubicaci\u00f3n de hu\u00e9rfanos de la RPD y la RPL en los hogares de las familias rusas\u00bb<\/em> (Comisionado para los derechos del ni\u00f1o bajo la presidencia de la Federaci\u00f3n Rusa, 2022).<\/p>\n\n\n\n<h2 class=\"wp-block-heading\"><strong>Evidencia adicional <\/strong><strong><em>prima facie <\/em><\/strong><strong>de la deportaci\u00f3n y traslado forzado<\/strong><\/h2>\n\n\n\n<p>Otro informe digno de menci\u00f3n emitido por el Laboratorio de Investigaci\u00f3n Humanitaria de la Escuela de Salud P\u00fablica de Yale (HRL de Yale) pretende demostrar a primera vista la existencia de una red de campamentos e instalaciones ubicados en <a href=\"https:\/\/www.humanium.org\/es\/rusia\/\">Rusia<\/a> continental y de aquellos ocupados por <a href=\"https:\/\/www.humanium.org\/es\/rusia\/\">Rusia<\/a>, donde, presuntamente, se retienen a los menores por varios motivos, como la \u00abreeducaci\u00f3n\u00bb pol\u00edtica en un intento de lavarles el cerebro (HRL de Yale, 2023, p. 14).&nbsp;<\/p>\n\n\n\n<figure class=\"wp-block-image size-large\"><img loading=\"lazy\" decoding=\"async\" width=\"1024\" height=\"683\" src=\"https:\/\/www.humanium.org\/es\/wp-content\/uploads\/2023\/06\/shutterstock_179930666-1024x683.jpg\" alt=\"\" class=\"wp-image-17838\" srcset=\"https:\/\/www.humanium.org\/es\/wp-content\/uploads\/2023\/06\/shutterstock_179930666-1024x683.jpg 1024w, https:\/\/www.humanium.org\/es\/wp-content\/uploads\/2023\/06\/shutterstock_179930666-300x200.jpg 300w, https:\/\/www.humanium.org\/es\/wp-content\/uploads\/2023\/06\/shutterstock_179930666-768x512.jpg 768w, https:\/\/www.humanium.org\/es\/wp-content\/uploads\/2023\/06\/shutterstock_179930666-1536x1024.jpg 1536w, https:\/\/www.humanium.org\/es\/wp-content\/uploads\/2023\/06\/shutterstock_179930666-2048x1365.jpg 2048w, https:\/\/www.humanium.org\/es\/wp-content\/uploads\/2023\/06\/shutterstock_179930666-830x553.jpg 830w, https:\/\/www.humanium.org\/es\/wp-content\/uploads\/2023\/06\/shutterstock_179930666-230x153.jpg 230w, https:\/\/www.humanium.org\/es\/wp-content\/uploads\/2023\/06\/shutterstock_179930666-350x233.jpg 350w, https:\/\/www.humanium.org\/es\/wp-content\/uploads\/2023\/06\/shutterstock_179930666-480x320.jpg 480w, https:\/\/www.humanium.org\/es\/wp-content\/uploads\/2023\/06\/shutterstock_179930666-272x182.jpg 272w\" sizes=\"auto, (max-width: 1024px) 100vw, 1024px\" \/><\/figure>\n\n\n\n<p>Seg\u00fan este informe, cuatro categor\u00edas principales de menores son el objetivo del sistema de reeducaci\u00f3n rusa: los ni\u00f1os con <a href=\"https:\/\/www.humanium.org\/es\/familia-derecho-nino\/\">padres<\/a> o tutores legales, los ni\u00f1os que las autoridades de <a href=\"https:\/\/www.humanium.org\/es\/rusia\/\">Rusia<\/a> consideran <a href=\"https:\/\/www.humanium.org\/es\/enfoques-tematicos\/aislamiento-desarraigo\/ninos-huerfanos\/\">hu\u00e9rfanos<\/a> y los ni\u00f1os que estuvieron bajo el cuidado de las instituciones ucranianas antes de la invasi\u00f3n de febrero de 2022 (HRL de Yale, 2023, p. 4).&nbsp;<\/p>\n\n\n\n<p>La cantidad aproximada de menores secuestrados sigue siendo imprecisa (HRL de Yale, 2023, p. 10). Los relatos acerca de los motivos por los que los ni\u00f1os son secuestrados, sin embargo, parecen ser bastante claros, como la evacuaci\u00f3n presunta de los orfanatos y de las trincheras, el traslado&nbsp; para recibir cuidado m\u00e9dico, la adopci\u00f3n, la reubicaci\u00f3n en <a href=\"https:\/\/www.humanium.org\/es\/familia-derecho-nino\/\">familias<\/a> de acogida y el traslado con el consentimiento (manipulado) de los padres con las promesa de llevarlos a campamentos recreativos (HRL de Yale, 2023, p. 10).&nbsp;<\/p>\n\n\n\n<p>La desesperaci\u00f3n es tanta que los agentes rusos evitan de manera vergonzosa el consentimiento de los padres y, en muchos casos, los hacen firmar documentos en blanco (HRL de Yale, 2023, p. 13); una distracci\u00f3n que ser\u00e1 utilizada m\u00e1s tarde para darle una apariencia de legalidad a todo el proceso. En otros casos, los rusos incluso retienen a los menores lejos de sus padres y suspenden unilateralmente su devoluci\u00f3n (HRL de Yale, 2023, p. 16).&nbsp;<\/p>\n\n\n\n<p>La evidencia recopilada por la Comisi\u00f3n Internacional Independiente de Investigaci\u00f3n sobre Ucrania (en adelante, La Comisi\u00f3n) demuestra un patr\u00f3n extendido de <a href=\"https:\/\/www.humanium.org\/es\/enfoques-tematicos\/violencia\/ninos-guerra\/\">traslados<\/a> y de <a href=\"https:\/\/www.humanium.org\/es\/enfoques-tematicos\/violencia\/ninos-guerra\/\">deportaci\u00f3n<\/a> de menores. Esta evidencia pone de relieve los cambios en la pol\u00edtica del gobierno actual de <a href=\"https:\/\/www.humanium.org\/es\/rusia\/\">Rusia<\/a>, que decret\u00f3 la posibilidad de que una categor\u00eda determinada de menores pueda beneficiarse con la obtenci\u00f3n de la ciudadan\u00eda rusa, lo que acelera y facilita de manera ostensible el proceso de tutela permanente (Decreto del presidente de la Federaci\u00f3n Rusa, 2022; ACNUR, 2023, p\u00e1rr. 96). De hecho, la primera concesi\u00f3n de ciudadan\u00eda a favor de los ni\u00f1os originarios de RPD se confirm\u00f3 en julio de 2022 (Amnist\u00eda Internacional, 2022, p. 28).<\/p>\n\n\n\n<p>Una f\u00f3rmula similar a la mencionada en el informe del HRL de Yale se destaca en el informe de La Comisi\u00f3n: traslados que afectan a los ni\u00f1os que perdieron a sus padres o que perdieron temporalmente el contacto con ellos durante las hostilidades; traslados de ni\u00f1os de las instituciones; traslados prolongados; <a href=\"https:\/\/www.humanium.org\/es\/familia-derecho-nino\/\">reubicaci\u00f3n en familias de acogida<\/a> y adopciones (ACNUR, 2023, p\u00e1rr. 97-100).&nbsp;<\/p>\n\n\n\n<h2 class=\"wp-block-heading\"><strong>\u00bfC\u00f3mo pretende repeler estos actos la comunidad internacional?&nbsp;<\/strong><\/h2>\n\n\n\n<p>El sistema de campamentos, de acogidas y de adopci\u00f3n parece ser un r\u00e9gimen bien fundamentado y planificado con dirigentes federales y regionales al mando que ocultan su gesti\u00f3n con el lenguaje de los derechos humanos (HRL de Yale, 2023, p. 17 y 18). En este sentido, la reacci\u00f3n de la comunidad internacional no tard\u00f3 en llegar con respecto a las principales figuras: a ellos se les aplicaron varias sanciones junto con el inicio de procesos penales a nivel internacional.&nbsp;<\/p>\n\n\n\n<p>El 22 de febrero de 2023, el fiscal de la corte penal internacional permanente, Karim Khan, tras haber reunido la evidencia y como implementaci\u00f3n del Estatuto de Roma, present\u00f3 una demanda contra el presidente de la Federaci\u00f3n Rusa, Vladimir Vladimirovich Putin, y contra la comisionada para los derechos del ni\u00f1o bajo la presidencia de la Federaci\u00f3n Rusa, Maria Alekseyevna Lvova-Belova (Comunicado de prensa del CPI, 2023).&nbsp;<\/p>\n\n\n\n<p>El 17 de marzo de 2023, la solicitud deriv\u00f3 en la emisi\u00f3n de una orden de arresto contra los dos a causa de un crimen de guerra por la <a href=\"https:\/\/www.humanium.org\/es\/enfoques-tematicos\/violencia\/ninos-guerra\/\">deportaci\u00f3n<\/a> ileg\u00edtima de la poblaci\u00f3n (ni\u00f1os) y el <a href=\"https:\/\/www.humanium.org\/es\/enfoques-tematicos\/violencia\/ninos-guerra\/\">traslado<\/a> ileg\u00edtimo de la poblaci\u00f3n (ni\u00f1os) de las zonas de <a href=\"https:\/\/www.humanium.org\/es\/ucrania\/\">Ucrania<\/a> ocupadas por la <a href=\"https:\/\/www.humanium.org\/es\/rusia\/\">Federaci\u00f3n Rusa<\/a> (Comunicado de prensa del CPI, 2023). A la comunidad internacional le sorprendi\u00f3 enormemente que el delito de genocidio (Art\u00edculo 6 del Estatuto de Roma) no se haya incluido en los cargos.&nbsp;<\/p>\n\n\n\n<p>En abril de 2023, la direcci\u00f3n del CSONU se reserv\u00f3 para la representaci\u00f3n rusa (CSONU, Presidencia del Consejo de Seguridad). Con esta prerrogativa, la representaci\u00f3n rusa convoc\u00f3 a una reuni\u00f3n informal para abordar la problem\u00e1tica de los <a href=\"https:\/\/www.humanium.org\/es\/ucrania\/\">ni\u00f1os de Ucrania<\/a>, dirigida en la pr\u00e1ctica por la comisionada Maria Lvova-Belova (Diario brit\u00e1nico The Guardian, 2023). <\/p>\n\n\n\n<p>Como muestra de repudio hacia las acciones rusas, los Estados ignoraron a la oradora y se retiraron de la reuni\u00f3n (Diario brit\u00e1nico The Guardian, 2023). Estados Unidos y Reino Unido, por su parte, bloquearon la transmisi\u00f3n en l\u00ednea de la ONU para evitar la difusi\u00f3n de informaci\u00f3n err\u00f3nea (Diario brit\u00e1nico The Guardian, 2023).<\/p>\n\n\n\n<p>Las sanciones internacionales se han convertido en un elemento clave en las relaciones internacionales. Con frecuencia, se aplican a individuos, Estados y agencias no estatales que atentan contra la paz y seguridad internacional. <\/p>\n\n\n\n<p>Los Estados y las organizaciones internacionales han estado imponiendo sanciones a individuos y a entidades que, de cierta manera, han ido agravando la <a href=\"https:\/\/www.humanium.org\/es\/enfoques-tematicos\/violencia\/ninos-guerra\/\">guerra<\/a> en <a href=\"https:\/\/www.humanium.org\/es\/ucrania\/\">Ucrania<\/a>. Los gobiernos de Reino Unido y Nueva Zelanda, por ejemplo, han incluido a Vladimir Putin y a Maria Lvova-Belova en su lista de sanciones en un intento de ejercer presi\u00f3n contra Rusia (Comunicado de prensa de Reino Unido, 2023; Relaciones Exteriores y Comerciales de Nueva Zelanda, 2023).&nbsp;<\/p>\n\n\n\n<p>Un gran bloque econ\u00f3mico como la Uni\u00f3n Europea tambi\u00e9n ha incluido a ambos en su lista de individuos sancionados, a modo de colaboraci\u00f3n con los esfuerzos de la comunidad internacional para detener los actos de <a href=\"https:\/\/www.humanium.org\/es\/enfoques-tematicos\/violencia\/\">violencia<\/a> de una vez por todas (Consejo Europeo, 2023; Diario Oficial de la Uni\u00f3n Europea, 2023).&nbsp;<\/p>\n\n\n\n<h2 class=\"wp-block-heading\"><strong>Algunas posibles v\u00edas a considerar<\/strong><\/h2>\n\n\n\n<p>Los sucesos que han tenido lugar desde el comienzo de la invasi\u00f3n tienen un impacto devastador en los <a href=\"https:\/\/www.humanium.org\/es\/definicion\/\">derechos de los ni\u00f1os<\/a>. No se considera hu\u00e9rfanos a los ni\u00f1os separados de sus padres durante una emergencia humanitaria, por tanto, no pueden ser sometidos a adopci\u00f3n (o \u00abtutela\u00bb, como lo denominan las autoridades rusas). Hasta que la <a href=\"https:\/\/www.humanium.org\/es\/familia-derecho-nino\/\">situaci\u00f3n parental<\/a> se verifique, se debe considerar que todav\u00eda tienen <a href=\"https:\/\/www.humanium.org\/es\/familia-derecho-nino\/\">padres vivos<\/a> o tutores legales.&nbsp;<\/p>\n\n\n\n<p>La <a href=\"https:\/\/www.humanium.org\/es\/enfoques-tematicos\/violencia\/ninos-guerra\/\">deportaci\u00f3n<\/a> y el traslado forzado de los menores ucranianos por parte de las autoridades rusas constituyen violaciones graves de la ley internacional humanitaria y de la ley internacional de derechos humanos. Aunque no existe una soluci\u00f3n \u00fanica para esta compleja problem\u00e1tica, es vital que la comunidad internacional contin\u00fae centr\u00e1ndose, ante todo, en evitar que estos delitos ocurran: una combinaci\u00f3n de presi\u00f3n diplom\u00e1tica y de apoyo humanitario pueden ofrecer grandes soluciones a corto plazo para proteger y respetar los <a href=\"https:\/\/www.humanium.org\/es\/definicion\/\">derechos de los ni\u00f1os<\/a>. Aun as\u00ed, abordar el tema conforme a la responsabilidad penal sigue siendo un proceso de larga duraci\u00f3n debido a las complejidades con las que hay que lidiar desde el principio.&nbsp;&nbsp;<\/p>\n\n\n\n<figure class=\"wp-block-image size-large\"><img loading=\"lazy\" decoding=\"async\" width=\"1024\" height=\"683\" src=\"https:\/\/www.humanium.org\/es\/wp-content\/uploads\/2023\/06\/shutterstock_2141171311-1024x683.jpg\" alt=\"\" class=\"wp-image-17837\" srcset=\"https:\/\/www.humanium.org\/es\/wp-content\/uploads\/2023\/06\/shutterstock_2141171311-1024x683.jpg 1024w, https:\/\/www.humanium.org\/es\/wp-content\/uploads\/2023\/06\/shutterstock_2141171311-300x200.jpg 300w, https:\/\/www.humanium.org\/es\/wp-content\/uploads\/2023\/06\/shutterstock_2141171311-768x512.jpg 768w, https:\/\/www.humanium.org\/es\/wp-content\/uploads\/2023\/06\/shutterstock_2141171311-1536x1024.jpg 1536w, https:\/\/www.humanium.org\/es\/wp-content\/uploads\/2023\/06\/shutterstock_2141171311-2048x1365.jpg 2048w, https:\/\/www.humanium.org\/es\/wp-content\/uploads\/2023\/06\/shutterstock_2141171311-830x553.jpg 830w, https:\/\/www.humanium.org\/es\/wp-content\/uploads\/2023\/06\/shutterstock_2141171311-230x153.jpg 230w, https:\/\/www.humanium.org\/es\/wp-content\/uploads\/2023\/06\/shutterstock_2141171311-350x233.jpg 350w, https:\/\/www.humanium.org\/es\/wp-content\/uploads\/2023\/06\/shutterstock_2141171311-480x320.jpg 480w, https:\/\/www.humanium.org\/es\/wp-content\/uploads\/2023\/06\/shutterstock_2141171311-272x182.jpg 272w\" sizes=\"auto, (max-width: 1024px) 100vw, 1024px\" \/><\/figure>\n\n\n\n<p>Como una ONG centrada en el bienestar de los ni\u00f1os a nivel mundial, Humanium condena firmemente la <a href=\"https:\/\/www.humanium.org\/es\/enfoques-tematicos\/violencia\/ninos-guerra\/\">deportaci\u00f3n<\/a>, el traslado forzado y la <a href=\"https:\/\/www.humanium.org\/es\/enfoques-tematicos\/violencia\/\">violencia contra los ni\u00f1os<\/a>. Humanium sigue trabajando para concientizar sobre los <a href=\"https:\/\/www.humanium.org\/es\/definicion\/\">derechos de los ni\u00f1os<\/a>. Por este motivo, apelamos a la colaboraci\u00f3n de aquellos que se identifican con esta causa. Si quisieras apoyar esta causa, considera <a href=\"https:\/\/www.humanium.org\/es\/donacion\/\">donar<\/a>, <a href=\"https:\/\/www.humanium.org\/es\/apadrinar-a-un-nino\/\">apadrinar a un ni\u00f1o<\/a> o contribuir como <a href=\"https:\/\/www.humanium.org\/es\/voluntariado\/\">voluntario<\/a> en los proyectos que Humanium est\u00e1 implementando en la actualidad.<\/p>\n\n\n\n<p><em><strong>Redactado por Camila Ortiz Britez<\/strong><\/em><\/p>\n\n\n\n<p><em><strong>Traducido por Marianella Bergami Mansilla<\/strong><\/em><\/p>\n\n\n\n<p><em><strong>Revisado por Gisela E. Vald\u00e9s<\/strong><\/em><\/p>\n\n\n\n<h4 class=\"wp-block-heading\"><strong>Referencias bibliogr\u00e1ficas:<\/strong><\/h4>\n\n\n\n<p class=\"has-small-font-size\">Amnesty International (2022) \u2018Like a prison convoy\u2019: Russia\u2019s unlawful transfer and abuse of civilians in Ukraine during \u2018filtration\u2019. Obtained from Amnesty International\u00a0at <a href=\"https:\/\/www.amnesty.org\/en\/documents\/eur50\/6136\/2022\/en\/\" target=\"_blank\" rel=\"noreferrer noopener\">https:\/\/www.amnesty.org\/en\/documents\/eur50\/6136\/2022\/en\/<\/a>, accessed on 28 February 2023.\u00a0<\/p>\n\n\n\n<p class=\"has-small-font-size\">Commissioner for Children\u2019s Rights under the President of the Russian Federation (2022) Answers to the questions on family placement of orphans from the DNR and LNR in Russian families. Obtained from the Commissioner for Children\u2019s Rights under the President of the Russian Federation at <a href=\"http:\/\/deti.gov.ru\/articles\/news\/otvety-po-voprosam-semejnogo-ustrojstva-detej-sirot-iz-dnr-i-lnr-v-rossijskie-sem-i\" target=\"_blank\" rel=\"noreferrer noopener\">http:\/\/deti.gov.ru\/articles\/news\/otvety-po-voprosam-semejnogo-ustrojstva-detej-sirot-iz-dnr-i-lnr-v-rossijskie-sem-i<\/a>, accessed on 28 February 2023.<\/p>\n\n\n\n<p class=\"has-small-font-size\">Decree of the President of the Russian Federation of 30 May 2022 No. 330 on Amendments to the Decree of the President of the Russian Federation dated 24 April 2019, No. 183. On Determining for Humanitarian Purposes, the Categories of Persons Entitled to Apply for Citizenship of the Russian Federation in a Simplified Manner. Obtained from the Official Internet Portal of Legal Information at <a href=\"http:\/\/publication.pravo.gov.ru\/Document\/View\/0001202205300008\" target=\"_blank\" rel=\"noreferrer noopener\">http:\/\/publication.pravo.gov.ru\/Document\/View\/0001202205300008<\/a>, accessed on 1 March 2023.&nbsp;&nbsp;<\/p>\n\n\n\n<p class=\"has-small-font-size\">European Council of the European Union (2023) EU restrictive measures Against Russia over Ukraine (since 2014). Obtained from the European Council of the European Union at<a href=\"https:\/\/www.consilium.europa.eu\/en\/policies\/sanctions\/restrictive-measures-against-russia-over-ukraine\/#individual\" target=\"_blank\" rel=\"noreferrer noopener\">https:\/\/www.consilium.europa.eu\/en\/policies\/sanctions\/restrictive-measures-against-russia-over-ukraine\/#individual<\/a>, accessed on 8 April 2023.&nbsp;<\/p>\n\n\n\n<p class=\"has-small-font-size\">Human Rights Watch (2022) \u201cWe had no choice\u201d \u201cFiltration\u201d and the Crime of Forcibly Transferring Ukrainian Civilians to Russia. Obtained from Human Rights Watch\u00a0at <a href=\"https:\/\/www.hrw.org\/report\/2022\/09\/01\/we-had-no-choice\/filtration-and-crime-forcibly-transferring-ukrainian-civilians\" target=\"_blank\" rel=\"noreferrer noopener\">https:\/\/www.hrw.org\/report\/2022\/09\/01\/we-had-no-choice\/filtration-and-crime-forcibly-transferring-ukrainian-civilians<\/a>, accessed on 1 March 2023.\u00a0<\/p>\n\n\n\n<p class=\"has-small-font-size\">International Criminal Court Press Release (2023) Situation in Ukraine: ICC judges issue arrest warrants against Vladimir Vladimirovich Putin and Maria Alekseyevna Lvova-Bellova. Obtained from the International Criminal Court at <a href=\"https:\/\/www.icc-cpi.int\/news\/situation-ukraine-icc-judges-issue-arrest-warrants-against-vladimir-vladimirovich-putin-and\" target=\"_blank\" rel=\"noreferrer noopener\">https:\/\/www.icc-cpi.int\/news\/situation-ukraine-icc-judges-issue-arrest-warrants-against-vladimir-vladimirovich-putin-and<\/a>, accessed on 18 March 2023.&nbsp;<\/p>\n\n\n\n<p class=\"has-small-font-size\">New Zealand Foreign Affairs &amp; Trade (2023) New Zealand has imposed sanctions on Russia in response to their illegal invasion of Ukraine. Obtained from New Zealand Foreign Affairs &amp; Trade at <a href=\"https:\/\/www.mfat.govt.nz\/en\/countries-and-regions\/europe\/ukraine\/russian-invasion-of-ukraine\/sanctions\" target=\"_blank\" rel=\"noreferrer noopener\">https:\/\/www.mfat.govt.nz\/en\/countries-and-regions\/europe\/ukraine\/russian-invasion-of-ukraine\/sanctions<\/a>, accessed on 1 April 2023.&nbsp;<\/p>\n\n\n\n<p class=\"has-small-font-size\">New Zealand Foreign Affairs &amp; Trade (2023) Russia-Sanctions Register. Obtained from New Zealand Foreign Affairs &amp; Trade at <a href=\"https:\/\/view.officeapps.live.com\/op\/view.aspx?src=https%3A%2F%2Fwww.mfat.govt.nz%2Fassets%2FCountries-and-Regions%2FEurope%2FUkraine%2FRussia-Sanctions-Register.xlsx&amp;wdOrigin=BROWSELINK\" target=\"_blank\" rel=\"noreferrer noopener\">https:\/\/view.officeapps.live.com\/op\/view.aspx?src=https%3A%2F%2Fwww.mfat.govt.nz%2Fassets%2FCountries-and-Regions%2FEurope%2FUkraine%2FRussia-Sanctions-Register.xlsx&amp;wdOrigin=BROWSELINK<\/a>, accessed on 1 April 2023.&nbsp;&nbsp;<\/p>\n\n\n\n<p class=\"has-small-font-size\">Official Journal of the European Union (2023) Council Implementing Regulation (EU) 2023\/571 of 13 March 2023. Obtained from the Official Journal of the European Union at <a href=\"https:\/\/eur-lex.europa.eu\/legal-content\/EN\/TXT\/PDF\/?uri=CELEX:32023R0571&amp;from=EN\" target=\"_blank\" rel=\"noreferrer noopener\">https:\/\/eur-lex.europa.eu\/legal-content\/EN\/TXT\/PDF\/?uri=CELEX:32023R0571&amp;from=EN<\/a>, accessed on 1 April 2023.&nbsp;&nbsp;<\/p>\n\n\n\n<p class=\"has-small-font-size\">Rome Statute of the International Criminal Court (1998) Obtained from the International Criminal Court at <a href=\"https:\/\/www.icc-cpi.int\/sites\/default\/files\/RS-Eng.pdf\" target=\"_blank\" rel=\"noreferrer noopener\">https:\/\/www.icc-cpi.int\/sites\/default\/files\/RS-Eng.pdf<\/a>, accessed on 1 April 2023.&nbsp;&nbsp;<\/p>\n\n\n\n<p class=\"has-small-font-size\">The Guardian (2023) UN blocks UN webcast featuring Russia children\u2019s commissioner, wanted on war crimes charges. Obtained from The Guardian at <a href=\"https:\/\/www.theguardian.com\/world\/2023\/apr\/05\/uk-blocks-un-webcast-featuring-russia-childrens-commissioner-wanted-on-war-crimes-charges\" target=\"_blank\" rel=\"noreferrer noopener\">https:\/\/www.theguardian.com\/world\/2023\/apr\/05\/uk-blocks-un-webcast-featuring-russia-childrens-commissioner-wanted-on-war-crimes-charges<\/a>, accessed on 6 April 2023.&nbsp;&nbsp;<\/p>\n\n\n\n<p class=\"has-small-font-size\">UK Press release (2022) UK sanctions Russian linked to forced transfers and adoptions. Obtained from GOV.UK at <a href=\"https:\/\/www.gov.uk\/government\/news\/uk-sanctions-russian-linked-to-forced-transfers-and-adoptions\" target=\"_blank\" rel=\"noreferrer noopener\">https:\/\/www.gov.uk\/government\/news\/uk-sanctions-russian-linked-to-forced-transfers-and-adoptions<\/a>, accessed on 1 April 2023.&nbsp;&nbsp;<\/p>\n\n\n\n<p class=\"has-small-font-size\">UNHRC (2023) \u2018Report of the Independent International Commission of Inquiry on Ukraine\u2019. UN Doc A\/HRC\/52\/62. Obtained from UNHRC at <a href=\"https:\/\/www.ohchr.org\/sites\/default\/files\/documents\/hrbodies\/hrcouncil\/coiukraine\/A_HRC_52_62_AUV_EN.pdf\" target=\"_blank\" rel=\"noreferrer noopener\">https:\/\/www.ohchr.org\/sites\/default\/files\/documents\/hrbodies\/hrcouncil\/coiukraine\/A_HRC_52_62_AUV_EN.pdf<\/a>, accessed on 20 March 2023.&nbsp;<\/p>\n\n\n\n<p class=\"has-small-font-size\">UNSC (2022) Letter dated 24 February 2022 from the Permanent Representative of the Russian Federation to the United Nations addressed to the Secretary-General. Obtained from the United Nations Digital Library at <a href=\"https:\/\/digitallibrary.un.org\/record\/3959647\" target=\"_blank\" rel=\"noreferrer noopener\">https:\/\/digitallibrary.un.org\/record\/3959647<\/a>, accessed on 11 March 2023.&nbsp;<\/p>\n\n\n\n<p class=\"has-small-font-size\">UNSC (2023) Security Council Presidency 2023. Obtained from the United Nations Digital Library at <a href=\"https:\/\/www.un.org\/securitycouncil\/content\/presidency\" target=\"_blank\" rel=\"noreferrer noopener\">https:\/\/www.un.org\/securitycouncil\/content\/presidency<\/a>, accessed on 10 April 2023.&nbsp;<\/p>\n\n\n\n<p class=\"has-small-font-size\">Yale School of Public Health, Humanitarian Research Lab (2023) Russia\u2019s systematic program for the re-education &amp; adoption of Ukraine\u2019s children. Obtained from the Yale School of Public Health at <a href=\"https:\/\/hub.conflictobservatory.org\/portal\/sharing\/rest\/content\/items\/97f919ccfe524d31a241b53ca44076b8\/data#:~:text=More%20than%206%2C000%20children%20in,Ukraine%20on%2024%20February%202022\" target=\"_blank\" rel=\"noreferrer noopener\">https:\/\/hub.conflictobservatory.org\/portal\/sharing\/rest\/content\/items\/97f919ccfe524d31a241b53ca44076b8\/data#:~:text=More%20than%206%2C000%20children%20in,Ukraine%20on%2024%20February%202022<\/a>, accessed on 8 March 2023.&nbsp;<\/p>\n","protected":false},"excerpt":{"rendered":"<p>La situaci\u00f3n actual de Ucrania tiene en vilo a la comunidad internacional. En m\u00e1s de un a\u00f1o, varias ONG, \u00f3rganos de la ONU y medios de prensa internacionales han podido documentar una cantidad creciente de violaciones de las leyes internacionales humanitarias y de los derechos humanos. Una de las acusaciones que m\u00e1s firmemente resuenan en [&hellip;]<\/p>\n","protected":false},"author":58,"featured_media":17839,"comment_status":"closed","ping_status":"closed","sticky":false,"template":"","format":"standard","meta":{"footnotes":""},"categories":[148,3,159,155,145],"tags":[],"class_list":["post-17836","post","type-post","status-publish","format-standard","has-post-thumbnail","hentry","category-derechos-del-nino","category-derechos-humanos","category-explotacion","category-libertad","category-violencia"],"yoast_head":"<!-- This site is optimized with the Yoast SEO plugin v26.5 - https:\/\/yoast.com\/wordpress\/plugins\/seo\/ -->\n<title>La deportaci\u00f3n y traslado forzado de los ni\u00f1os ucranianos - Humanium<\/title>\n<meta name=\"description\" content=\"La deportaci\u00f3n y el traslado forzoso de ni\u00f1os ucranianos por agentes rusos viola principios fundamentales del derecho internacional.\" \/>\n<meta name=\"robots\" content=\"index, follow, max-snippet:-1, max-image-preview:large, max-video-preview:-1\" \/>\n<link rel=\"canonical\" href=\"https:\/\/www.humanium.org\/es\/la-deportacion-y-traslado-forzado-de-los-ninos-ucranianos\/\" \/>\n<meta property=\"og:locale\" content=\"es_ES\" \/>\n<meta property=\"og:type\" content=\"article\" \/>\n<meta property=\"og:title\" content=\"La deportaci\u00f3n y traslado forzado de los ni\u00f1os ucranianos - Humanium\" \/>\n<meta property=\"og:description\" content=\"La deportaci\u00f3n y el traslado forzoso de ni\u00f1os ucranianos por agentes rusos viola principios fundamentales del derecho internacional.\" \/>\n<meta property=\"og:url\" content=\"https:\/\/www.humanium.org\/es\/la-deportacion-y-traslado-forzado-de-los-ninos-ucranianos\/\" \/>\n<meta property=\"og:site_name\" content=\"Humanium\" \/>\n<meta property=\"article:published_time\" content=\"2023-06-13T15:02:35+00:00\" \/>\n<meta property=\"article:modified_time\" content=\"2023-06-13T15:02:36+00:00\" \/>\n<meta property=\"og:image\" content=\"https:\/\/www.humanium.org\/es\/wp-content\/uploads\/2023\/06\/shutterstock_2157945629-scaled.jpg\" \/>\n\t<meta property=\"og:image:width\" content=\"2560\" \/>\n\t<meta property=\"og:image:height\" content=\"1696\" \/>\n\t<meta property=\"og:image:type\" content=\"image\/jpeg\" \/>\n<meta name=\"author\" content=\"Camila Ortiz\" \/>\n<meta name=\"twitter:card\" content=\"summary_large_image\" \/>\n<meta name=\"twitter:label1\" content=\"Escrito por\" \/>\n\t<meta name=\"twitter:data1\" content=\"Camila Ortiz\" \/>\n\t<meta name=\"twitter:label2\" content=\"Tiempo de lectura\" \/>\n\t<meta name=\"twitter:data2\" content=\"11 minutos\" \/>\n<script type=\"application\/ld+json\" class=\"yoast-schema-graph\">{\"@context\":\"https:\/\/schema.org\",\"@graph\":[{\"@type\":\"WebPage\",\"@id\":\"https:\/\/www.humanium.org\/es\/la-deportacion-y-traslado-forzado-de-los-ninos-ucranianos\/\",\"url\":\"https:\/\/www.humanium.org\/es\/la-deportacion-y-traslado-forzado-de-los-ninos-ucranianos\/\",\"name\":\"La deportaci\u00f3n y traslado forzado de los ni\u00f1os ucranianos - Humanium\",\"isPartOf\":{\"@id\":\"https:\/\/www.humanium.org\/es\/#website\"},\"primaryImageOfPage\":{\"@id\":\"https:\/\/www.humanium.org\/es\/la-deportacion-y-traslado-forzado-de-los-ninos-ucranianos\/#primaryimage\"},\"image\":{\"@id\":\"https:\/\/www.humanium.org\/es\/la-deportacion-y-traslado-forzado-de-los-ninos-ucranianos\/#primaryimage\"},\"thumbnailUrl\":\"https:\/\/www.humanium.org\/es\/wp-content\/uploads\/2023\/06\/shutterstock_2157945629-scaled.jpg\",\"datePublished\":\"2023-06-13T15:02:35+00:00\",\"dateModified\":\"2023-06-13T15:02:36+00:00\",\"author\":{\"@id\":\"https:\/\/www.humanium.org\/es\/#\/schema\/person\/a5e5d832c10cdee3e984d49666a59131\"},\"description\":\"La deportaci\u00f3n y el traslado forzoso de ni\u00f1os ucranianos por agentes rusos viola principios fundamentales del derecho internacional.\",\"breadcrumb\":{\"@id\":\"https:\/\/www.humanium.org\/es\/la-deportacion-y-traslado-forzado-de-los-ninos-ucranianos\/#breadcrumb\"},\"inLanguage\":\"es\",\"potentialAction\":[{\"@type\":\"ReadAction\",\"target\":[\"https:\/\/www.humanium.org\/es\/la-deportacion-y-traslado-forzado-de-los-ninos-ucranianos\/\"]}]},{\"@type\":\"ImageObject\",\"inLanguage\":\"es\",\"@id\":\"https:\/\/www.humanium.org\/es\/la-deportacion-y-traslado-forzado-de-los-ninos-ucranianos\/#primaryimage\",\"url\":\"https:\/\/www.humanium.org\/es\/wp-content\/uploads\/2023\/06\/shutterstock_2157945629-scaled.jpg\",\"contentUrl\":\"https:\/\/www.humanium.org\/es\/wp-content\/uploads\/2023\/06\/shutterstock_2157945629-scaled.jpg\",\"width\":2560,\"height\":1696},{\"@type\":\"BreadcrumbList\",\"@id\":\"https:\/\/www.humanium.org\/es\/la-deportacion-y-traslado-forzado-de-los-ninos-ucranianos\/#breadcrumb\",\"itemListElement\":[{\"@type\":\"ListItem\",\"position\":1,\"name\":\"Home\",\"item\":\"https:\/\/www.humanium.org\/es\/\"},{\"@type\":\"ListItem\",\"position\":2,\"name\":\"La deportaci\u00f3n y traslado forzado de los ni\u00f1os ucranianos\"}]},{\"@type\":\"WebSite\",\"@id\":\"https:\/\/www.humanium.org\/es\/#website\",\"url\":\"https:\/\/www.humanium.org\/es\/\",\"name\":\"Humanium\",\"description\":\"\u00a1Los ni\u00f1os primero!\",\"potentialAction\":[{\"@type\":\"SearchAction\",\"target\":{\"@type\":\"EntryPoint\",\"urlTemplate\":\"https:\/\/www.humanium.org\/es\/?s={search_term_string}\"},\"query-input\":{\"@type\":\"PropertyValueSpecification\",\"valueRequired\":true,\"valueName\":\"search_term_string\"}}],\"inLanguage\":\"es\"},{\"@type\":\"Person\",\"@id\":\"https:\/\/www.humanium.org\/es\/#\/schema\/person\/a5e5d832c10cdee3e984d49666a59131\",\"name\":\"Camila Ortiz\",\"image\":{\"@type\":\"ImageObject\",\"inLanguage\":\"es\",\"@id\":\"https:\/\/www.humanium.org\/es\/#\/schema\/person\/image\/\",\"url\":\"https:\/\/secure.gravatar.com\/avatar\/62d96c6000266ac9b9c25a2e0f7e0d239a308f28d2282bb504c6d8e1574a75e9?s=96&d=mm&r=g\",\"contentUrl\":\"https:\/\/secure.gravatar.com\/avatar\/62d96c6000266ac9b9c25a2e0f7e0d239a308f28d2282bb504c6d8e1574a75e9?s=96&d=mm&r=g\",\"caption\":\"Camila Ortiz\"},\"sameAs\":[\"https:\/\/www.linkedin.com\/in\/camila-ortiz-623b2415b\/\"],\"url\":\"https:\/\/www.humanium.org\/es\/author\/autor_camilaortiz\/\"}]}<\/script>\n<!-- \/ Yoast SEO plugin. -->","yoast_head_json":{"title":"La deportaci\u00f3n y traslado forzado de los ni\u00f1os ucranianos - Humanium","description":"La deportaci\u00f3n y el traslado forzoso de ni\u00f1os ucranianos por agentes rusos viola principios fundamentales del derecho internacional.","robots":{"index":"index","follow":"follow","max-snippet":"max-snippet:-1","max-image-preview":"max-image-preview:large","max-video-preview":"max-video-preview:-1"},"canonical":"https:\/\/www.humanium.org\/es\/la-deportacion-y-traslado-forzado-de-los-ninos-ucranianos\/","og_locale":"es_ES","og_type":"article","og_title":"La deportaci\u00f3n y traslado forzado de los ni\u00f1os ucranianos - Humanium","og_description":"La deportaci\u00f3n y el traslado forzoso de ni\u00f1os ucranianos por agentes rusos viola principios fundamentales del derecho internacional.","og_url":"https:\/\/www.humanium.org\/es\/la-deportacion-y-traslado-forzado-de-los-ninos-ucranianos\/","og_site_name":"Humanium","article_published_time":"2023-06-13T15:02:35+00:00","article_modified_time":"2023-06-13T15:02:36+00:00","og_image":[{"width":2560,"height":1696,"url":"https:\/\/www.humanium.org\/es\/wp-content\/uploads\/2023\/06\/shutterstock_2157945629-scaled.jpg","type":"image\/jpeg"}],"author":"Camila Ortiz","twitter_card":"summary_large_image","twitter_misc":{"Escrito por":"Camila Ortiz","Tiempo de lectura":"11 minutos"},"schema":{"@context":"https:\/\/schema.org","@graph":[{"@type":"WebPage","@id":"https:\/\/www.humanium.org\/es\/la-deportacion-y-traslado-forzado-de-los-ninos-ucranianos\/","url":"https:\/\/www.humanium.org\/es\/la-deportacion-y-traslado-forzado-de-los-ninos-ucranianos\/","name":"La deportaci\u00f3n y traslado forzado de los ni\u00f1os ucranianos - Humanium","isPartOf":{"@id":"https:\/\/www.humanium.org\/es\/#website"},"primaryImageOfPage":{"@id":"https:\/\/www.humanium.org\/es\/la-deportacion-y-traslado-forzado-de-los-ninos-ucranianos\/#primaryimage"},"image":{"@id":"https:\/\/www.humanium.org\/es\/la-deportacion-y-traslado-forzado-de-los-ninos-ucranianos\/#primaryimage"},"thumbnailUrl":"https:\/\/www.humanium.org\/es\/wp-content\/uploads\/2023\/06\/shutterstock_2157945629-scaled.jpg","datePublished":"2023-06-13T15:02:35+00:00","dateModified":"2023-06-13T15:02:36+00:00","author":{"@id":"https:\/\/www.humanium.org\/es\/#\/schema\/person\/a5e5d832c10cdee3e984d49666a59131"},"description":"La deportaci\u00f3n y el traslado forzoso de ni\u00f1os ucranianos por agentes rusos viola principios fundamentales del derecho internacional.","breadcrumb":{"@id":"https:\/\/www.humanium.org\/es\/la-deportacion-y-traslado-forzado-de-los-ninos-ucranianos\/#breadcrumb"},"inLanguage":"es","potentialAction":[{"@type":"ReadAction","target":["https:\/\/www.humanium.org\/es\/la-deportacion-y-traslado-forzado-de-los-ninos-ucranianos\/"]}]},{"@type":"ImageObject","inLanguage":"es","@id":"https:\/\/www.humanium.org\/es\/la-deportacion-y-traslado-forzado-de-los-ninos-ucranianos\/#primaryimage","url":"https:\/\/www.humanium.org\/es\/wp-content\/uploads\/2023\/06\/shutterstock_2157945629-scaled.jpg","contentUrl":"https:\/\/www.humanium.org\/es\/wp-content\/uploads\/2023\/06\/shutterstock_2157945629-scaled.jpg","width":2560,"height":1696},{"@type":"BreadcrumbList","@id":"https:\/\/www.humanium.org\/es\/la-deportacion-y-traslado-forzado-de-los-ninos-ucranianos\/#breadcrumb","itemListElement":[{"@type":"ListItem","position":1,"name":"Home","item":"https:\/\/www.humanium.org\/es\/"},{"@type":"ListItem","position":2,"name":"La deportaci\u00f3n y traslado forzado de los ni\u00f1os ucranianos"}]},{"@type":"WebSite","@id":"https:\/\/www.humanium.org\/es\/#website","url":"https:\/\/www.humanium.org\/es\/","name":"Humanium","description":"\u00a1Los ni\u00f1os primero!","potentialAction":[{"@type":"SearchAction","target":{"@type":"EntryPoint","urlTemplate":"https:\/\/www.humanium.org\/es\/?s={search_term_string}"},"query-input":{"@type":"PropertyValueSpecification","valueRequired":true,"valueName":"search_term_string"}}],"inLanguage":"es"},{"@type":"Person","@id":"https:\/\/www.humanium.org\/es\/#\/schema\/person\/a5e5d832c10cdee3e984d49666a59131","name":"Camila Ortiz","image":{"@type":"ImageObject","inLanguage":"es","@id":"https:\/\/www.humanium.org\/es\/#\/schema\/person\/image\/","url":"https:\/\/secure.gravatar.com\/avatar\/62d96c6000266ac9b9c25a2e0f7e0d239a308f28d2282bb504c6d8e1574a75e9?s=96&d=mm&r=g","contentUrl":"https:\/\/secure.gravatar.com\/avatar\/62d96c6000266ac9b9c25a2e0f7e0d239a308f28d2282bb504c6d8e1574a75e9?s=96&d=mm&r=g","caption":"Camila Ortiz"},"sameAs":["https:\/\/www.linkedin.com\/in\/camila-ortiz-623b2415b\/"],"url":"https:\/\/www.humanium.org\/es\/author\/autor_camilaortiz\/"}]}},"_links":{"self":[{"href":"https:\/\/www.humanium.org\/es\/wp-json\/wp\/v2\/posts\/17836","targetHints":{"allow":["GET"]}}],"collection":[{"href":"https:\/\/www.humanium.org\/es\/wp-json\/wp\/v2\/posts"}],"about":[{"href":"https:\/\/www.humanium.org\/es\/wp-json\/wp\/v2\/types\/post"}],"author":[{"embeddable":true,"href":"https:\/\/www.humanium.org\/es\/wp-json\/wp\/v2\/users\/58"}],"replies":[{"embeddable":true,"href":"https:\/\/www.humanium.org\/es\/wp-json\/wp\/v2\/comments?post=17836"}],"version-history":[{"count":2,"href":"https:\/\/www.humanium.org\/es\/wp-json\/wp\/v2\/posts\/17836\/revisions"}],"predecessor-version":[{"id":17842,"href":"https:\/\/www.humanium.org\/es\/wp-json\/wp\/v2\/posts\/17836\/revisions\/17842"}],"wp:featuredmedia":[{"embeddable":true,"href":"https:\/\/www.humanium.org\/es\/wp-json\/wp\/v2\/media\/17839"}],"wp:attachment":[{"href":"https:\/\/www.humanium.org\/es\/wp-json\/wp\/v2\/media?parent=17836"}],"wp:term":[{"taxonomy":"category","embeddable":true,"href":"https:\/\/www.humanium.org\/es\/wp-json\/wp\/v2\/categories?post=17836"},{"taxonomy":"post_tag","embeddable":true,"href":"https:\/\/www.humanium.org\/es\/wp-json\/wp\/v2\/tags?post=17836"}],"curies":[{"name":"wp","href":"https:\/\/api.w.org\/{rel}","templated":true}]}}