{"id":18481,"date":"2024-01-23T18:31:55","date_gmt":"2024-01-23T18:31:55","guid":{"rendered":"https:\/\/www.humanium.org\/es\/?p=18481"},"modified":"2025-12-13T21:56:22","modified_gmt":"2025-12-13T21:56:22","slug":"criticas-a-los-servicios-suecos-por-la-separacion-prolongada-de-familias-refugiadas","status":"publish","type":"post","link":"https:\/\/www.humanium.org\/es\/criticas-a-los-servicios-suecos-por-la-separacion-prolongada-de-familias-refugiadas\/","title":{"rendered":"Cr\u00edticas a los servicios suecos por la separaci\u00f3n prolongada de familias refugiadas"},"content":{"rendered":"\n<p><strong>La prolongada crisis derivada de la <\/strong><a href=\"https:\/\/www.humanium.org\/es\/enfoques-tematicos\/violencia\/ninos-guerra\/\"><strong>guerra civil<\/strong><\/a><strong> en Siria ha generado un <\/strong><a href=\"https:\/\/www.humanium.org\/es\/enfoques-tematicos\/aislamiento-desarraigo\/ninos-desplazados\/\"><strong>desplazamiento<\/strong><\/a><strong> masivo de personas a nivel mundial. Esta situaci\u00f3n ha afectado sensibleblemente a\u00a0<\/strong><a href=\"https:\/\/www.humanium.org\/es\/suecia\/\"><strong>Suecia<\/strong><\/a><strong>, pa\u00eds que ha acogido a un n\u00famero considerable de <\/strong><a href=\"https:\/\/www.humanium.org\/en\/convention-relating-to-the-status-of-refugees\/\"><strong>refugiados<\/strong><\/a><strong>. Sin embargo, los informes sobre la <\/strong><a href=\"https:\/\/www.humanium.org\/en\/family-and-childrensrights\/\"><strong>separaci\u00f3n prolongada de familias<\/strong><\/a><strong> por parte de los servicios sociales de Suecia han hecho saltar las alarmas en relaci\u00f3n con la adhesi\u00f3n de este pa\u00eds a la <\/strong><a href=\"https:\/\/www.humanium.org\/es\/convencion\/\"><strong>Convenci\u00f3n de las Naciones Unidas sobre los Derechos del Ni\u00f1o<\/strong><\/a><strong>, dado que el incumplimiento de las regulaciones sobre la reunificaci\u00f3n r\u00e1pida afecta el bienestar <\/strong><a href=\"https:\/\/www.humanium.org\/en\/convention-relating-to-the-status-of-refugees\/\"><strong>de las familias<\/strong><\/a><strong> refugiadas<\/strong><a href=\"https:\/\/www.humanium.org\/en\/childrens-mental-wellbeing\/\"><strong> y sus hijos<\/strong><\/a><strong> y genera un problema humanitario.<\/strong><\/p>\n\n\n\n<h2 class=\"wp-block-heading\"><strong>El impacto de la <\/strong><a href=\"https:\/\/www.humanium.org\/es\/enfoques-tematicos\/violencia\/ninos-guerra\/\"><strong>guerra<\/strong><\/a><strong> de Siria en <\/strong><a href=\"https:\/\/www.humanium.org\/es\/suecia\/\"><strong>Suecia<\/strong><\/a><\/h2>\n\n\n\n<p>La actual <a href=\"https:\/\/www.humanium.org\/es\/enfoques-tematicos\/violencia\/ninos-guerra\/\">guerra civil<\/a> siria, que estall\u00f3 hace 13 a\u00f1os, ha desencadenado una crisis de <a href=\"https:\/\/www.humanium.org\/es\/enfoques-tematicos\/aislamiento-desarraigo\/ninos-desplazados\/\">desplazamientos<\/a> sin precedentes. El resultado ha sido el \u00e9xodo masivo hacia todo el mundo: m\u00e1s de 65 millones de personas que el implacable caos provocado por la guerra y los conflictos ha forzado a huir. Esta crisis ha infligido graves consecuencias humanitarias, ha desplazado a innumerables familias y comunidades, y las ha sometido a una necesidad permanente de seguridad y refugio lejos de sus hogares (ACNUR, 2023).<\/p>\n\n\n\n<p>Adem\u00e1s, esta lamentable situaci\u00f3n se ha visto agravada por los devastadores terremotos de febrero de 2023. Se estima que estos fen\u00f3menos s\u00edsmicos afectaron a unos 8,8 millones de personas en la <a href=\"https:\/\/www.humanium.org\/es\/siria\/\">Rep\u00fablica \u00c1rabe de Siria<\/a> y caus\u00f3 una destrucci\u00f3n masiva de viviendas e infraestructuras b\u00e1sicas que empeor\u00f3 a\u00fan m\u00e1s las ya terribles circunstancias a las que se enfrentan las personas atrapadas en el caos del conflicto y el <a href=\"https:\/\/www.humanium.org\/es\/enfoques-tematicos\/aislamiento-desarraigo\/ninos-desplazados\/\">desplazamiento<\/a> (ACNUR, 2023).<\/p>\n\n\n\n<p>En medio de este complejo escenario, <a href=\"https:\/\/www.humanium.org\/es\/suecia\/\">Suecia<\/a> se ha visto afectada de manera significativa con dicha emergencia humanitaria. Entre 2010 y 2018, los <a href=\"https:\/\/www.humanium.org\/es\/convencion-sobre-el-estatuto-de-los-refugiados\/\">refugiados<\/a> sirios representaban el 40% de los solicitantes de asilo en el pa\u00eds (Wessels J, 2023). Con el aumento sustancial de la poblaci\u00f3n de <a href=\"https:\/\/www.humanium.org\/es\/convencion-sobre-el-estatuto-de-los-refugiados\/\">refugiados<\/a>, el n\u00famero de <a href=\"https:\/\/www.humanium.org\/es\/siria\/\">sirios<\/a> nacidos en Suecia alcanz\u00f3 los 185,991 individuos en 2018, una cifra significativa que consolida su posici\u00f3n como uno de los mayores grupos de reci\u00e9n llegados. (Balikci Z, 2020).<\/p>\n\n\n\n<h2 class=\"wp-block-heading\"><strong>Evoluci\u00f3n de la <\/strong><a href=\"https:\/\/www.humanium.org\/es\/convencion-sobre-el-estatuto-de-los-refugiados\/\"><strong>separaci\u00f3n de familias refugiadas<\/strong><\/a><\/h2>\n\n\n\n<p>Se espera que, como signatario de la <a href=\"https:\/\/www.humanium.org\/es\/convencion\/\">Convenci\u00f3n de las Naciones Unidas sobre los Derechos del Ni\u00f1o<\/a>, <a href=\"https:\/\/www.humanium.org\/es\/suecia\/\">Suecia<\/a> d\u00e9 prioridad a las necesidades de los ni\u00f1os independientemente de su status, ya sea la de ciudadano sueco, residente temporal o solicitante de asilo. Adem\u00e1s de proporcionar <a href=\"https:\/\/www.humanium.org\/es\/derecho-educacion\/#:~:text=El%20derecho%20a%20la%20educaci%C3%B3n,cultural%20de%20todas%20las%20sociedades.\">acceso a la educaci\u00f3n<\/a> y a la <a href=\"https:\/\/www.humanium.org\/es\/la-salud-como-un-derecho-y-una-realidad-para-todos-con-la-cobertura-sanitaria-universal\/\">atenci\u00f3n m\u00e9dica<\/a>, los ni\u00f1os deben tener derecho a mantener la <a href=\"https:\/\/www.humanium.org\/es\/familia-derecho-nino\/\">unidad familiar<\/a>. Los servicios municipales de apoyo solo pueden intervenir en caso de que los padres no puedan cumplir con sus responsabilidades o supongan un riesgo para el <a href=\"https:\/\/www.humanium.org\/es\/el-bienestar-mental-de-los-ninos\/\">bienestar<\/a> del ni\u00f1o (Migrationsverket, 2023).<\/p>\n\n\n\n<p>Sin embargo, se han manifestado inquietudes sobre el cumplimiento de la ley por parte de los servicios sociales. El sistema <a href=\"https:\/\/www.humanium.org\/es\/suecia\/\">sueco<\/a> para dar parte de abusos a menores permite a cualquier persona o instituci\u00f3n informar sospechas a los servicios sociales, lo que conduce a largas investigaciones, que pueden ponerse en marcha a partir de quejas de terceros o miembros de la familia. (Muhammad H. L. A. et al.).&nbsp;<\/p>\n\n\n\n<p>Durante las investigaciones, los servicios sociales suecos <a href=\"https:\/\/www.humanium.org\/es\/separacion-de-familias\/\">separan a madres e hijos<\/a> a veces durante largos periodos; los informes sostienen que los servicios de apoyo pueden incluso incentivar a los ni\u00f1os a mantenerse alejados de sus familias. A pesar de las regulaciones que hacen hincapi\u00e9 en la r\u00e1pida reagrupaci\u00f3n de los ni\u00f1os con sus familias, s\u00f3lo una de cada diez familias se reencuentra, dejando separada a la mayor\u00eda hasta que los ni\u00f1os cumplen los 18 a\u00f1os (Muhammad H. L. A. et al.).&nbsp;<\/p>\n\n\n\n<figure class=\"wp-block-image size-large\"><img loading=\"lazy\" decoding=\"async\" width=\"1024\" height=\"720\" src=\"https:\/\/www.humanium.org\/es\/wp-content\/uploads\/2024\/01\/shutterstock_200304518-1024x720.jpg\" alt=\"\" class=\"wp-image-18483\" srcset=\"https:\/\/www.humanium.org\/es\/wp-content\/uploads\/2024\/01\/shutterstock_200304518-1024x720.jpg 1024w, https:\/\/www.humanium.org\/es\/wp-content\/uploads\/2024\/01\/shutterstock_200304518-300x211.jpg 300w, https:\/\/www.humanium.org\/es\/wp-content\/uploads\/2024\/01\/shutterstock_200304518-768x540.jpg 768w, https:\/\/www.humanium.org\/es\/wp-content\/uploads\/2024\/01\/shutterstock_200304518-1536x1079.jpg 1536w, https:\/\/www.humanium.org\/es\/wp-content\/uploads\/2024\/01\/shutterstock_200304518-2048x1439.jpg 2048w, https:\/\/www.humanium.org\/es\/wp-content\/uploads\/2024\/01\/shutterstock_200304518-830x583.jpg 830w, https:\/\/www.humanium.org\/es\/wp-content\/uploads\/2024\/01\/shutterstock_200304518-230x162.jpg 230w, https:\/\/www.humanium.org\/es\/wp-content\/uploads\/2024\/01\/shutterstock_200304518-350x246.jpg 350w, https:\/\/www.humanium.org\/es\/wp-content\/uploads\/2024\/01\/shutterstock_200304518-480x337.jpg 480w\" sizes=\"auto, (max-width: 1024px) 100vw, 1024px\" \/><\/figure>\n\n\n\n<h2 class=\"wp-block-heading\"><strong>Implicaciones de las leyes de disciplina infantil<\/strong><\/h2>\n\n\n\n<p>En <a href=\"https:\/\/www.humanium.org\/es\/siria\/\">Siria<\/a>, el castigo f\u00edsico infantil est\u00e1 prohibido como sentencia judicial, pero est\u00e1 permitido en otros \u00e1mbitos, especialmente en el hogar (Owen S, 2016). Por el contrario, en <a href=\"https:\/\/www.humanium.org\/es\/suecia\/\">Suecia<\/a>, los padres tienen prohibido utilizar <a href=\"https:\/\/www.humanium.org\/es\/enfoques-tematicos\/violencia\/abuso-infantil\/\">el castigo f\u00edsico<\/a> hacia sus hijos conforme a una ley aprobada en 1979, siendo as\u00ed el primer pa\u00eds en prohibir por completo el castigo f\u00edsico (End Corporal Punishment, 2020).&nbsp;<\/p>\n\n\n\n<p>Infringir la ley sueca puede conllevar el encarcelamiento de los padres, pero eso no significa que el ni\u00f1o sea separado de su familia y del resto de los parientes y mantenido aparte. (End Corporal Punishment, 2020). Esto supone un acto de malabarismo entre hacer cumplir las ramificaciones legales para ciertas acciones y al mismo tiempo tratar de preservar la <a href=\"https:\/\/www.humanium.org\/es\/familia-derecho-nino\/\">unidad familiar<\/a> y evitar su separaci\u00f3n a menos que sea absolutamente necesario, como defienden los principios de la asistencia social y el bienestar infantil (Chak M. F, 2022).<\/p>\n\n\n\n<p>Asimismo, algunos casos incluyen pr\u00e1cticas como la retirada inmediata de los beb\u00e9s del hospital despu\u00e9s del nacimiento, as\u00ed como sacar forzadamente a los ni\u00f1os de la escuela durante las clases sin el conocimiento de los padres para ponerlos bajo la custodia de trabajadores sociales que los trasladan de un municipio a otro hasta que consiguen un hogar de acogida y en cuyos casos se mantiene deliberadamente oculta a los padres la identidad y ubicaci\u00f3n de la familia de acogida (Uddin R, 2022).<\/p>\n\n\n\n<p>Se dan casos en los que ni\u00f1os han huido de las casas de acogida para regresar con sus familias biol\u00f3gicas, enfrent\u00e1ndose, en el proceso, a detenciones y malos tratos por parte de guardias de seguridad privados suecos (Daldorph B, 2015). Adem\u00e1s, se han registrado al menos dos incidentes en que <a href=\"https:\/\/www.humanium.org\/es\/siria\/\">ni\u00f1os sirios<\/a> fueron <a href=\"https:\/\/www.humanium.org\/es\/separacion-de-familias\/\">separados de sus familias<\/a> a la fuerza y terminaron tr\u00e1gicamente con sus vidas debido a la imposibilidad de apelar o volver a casa (Chak M. F, 2022).<\/p>\n\n\n\n<p>Estas angustiosas circunstancias ponen de manifiesto la profunda agitaci\u00f3n emocional y las consecuencias adversas que sufren los ni\u00f1os cuando son <a href=\"https:\/\/www.humanium.org\/es\/separacion-de-familias\/\">separados forzosamente de sus familias<\/a>&nbsp; y refuerzan la posici\u00f3n contra tales acciones defendida por el Comit\u00e9 de Naciones Unidas sobre los Derechos del Ni\u00f1o y respaldada tanto por estudios especializados como por la experiencia del trabajo social (Chak M. F, 2022).<\/p>\n\n\n\n<h2 class=\"wp-block-heading\"><strong>La comunidad reacciona ante la separaci\u00f3n de familias&nbsp;<\/strong><\/h2>\n\n\n\n<p>El Consejo Nacional de Asuntos Sociales ya ha iniciado una campa\u00f1a para concienciar a la poblaci\u00f3n a nivel municipal, asoci\u00e1ndose con escuelas para acoger a los <a href=\"https:\/\/www.humanium.org\/es\/convencion-sobre-el-estatuto-de-los-refugiados\/\">ni\u00f1os refugiados<\/a> reci\u00e9n llegados y teniendo en cuenta varios factores econ\u00f3micos, sociales, \u00e9tnicos y culturales. Sin embargo, para mejorar aun m\u00e1s estos esfuerzos, es crucial intensificar los programas de apoyo centrados en educar a los reci\u00e9n llegados sobre sus derechos, responsabilidades y las leyes suecas, especialmente en aspectos relacionados con la protecci\u00f3n infantil. (Basem S, 2022).<\/p>\n\n\n\n<p>Las recomendaciones de Human Rights Watch insta a no <a href=\"https:\/\/www.humanium.org\/es\/separacion-de-familias\/\">separar a madres y ni\u00f1os<\/a> en <a href=\"https:\/\/www.humanium.org\/es\/suecia\/\">Suecia<\/a> a menos que sea esencial para el <a href=\"https:\/\/www.humanium.org\/es\/el-bienestar-mental-de-los-ninos\/\">bienestar del ni\u00f1o<\/a>. Se recomienda fomentar el contacto inmediato entre el ni\u00f1o y el resto de miembros de la familia, incluidas las visitas supervisadas, involucr\u00e1ndolos en las decisiones relativas al cuidado de los ni\u00f1os (Human Rights Watch, 2022). <\/p>\n\n\n\n<p>Adem\u00e1s, es crucial que los padres reciban una orientaci\u00f3n clara sobre c\u00f3mo apelar decisiones y que est\u00e9n bien documentados sobre el proceso. Deben estar informados permanentemente sobre el paradero de sus hijos y garantizar su seguridad y <a href=\"https:\/\/www.humanium.org\/es\/el-bienestar-mental-de-los-ninos\/\">bienestar<\/a> en todo momento.<\/p>\n\n\n\n<p>En caso de que la separaci\u00f3n de las madres sea inevitable y el cuidado por parte del resto de la familia no sea posible, es fundamental planificar de manera proactiva un albergue a largo plazo despu\u00e9s de la repatriaci\u00f3n para minimizar las transiciones innecesarias y la angustia emocional de los ni\u00f1os. (Human Rights Watch, 2022).<\/p>\n\n\n\n<figure class=\"wp-block-image size-large\"><img loading=\"lazy\" decoding=\"async\" width=\"1024\" height=\"681\" src=\"https:\/\/www.humanium.org\/es\/wp-content\/uploads\/2024\/01\/shutterstock_335990606-1024x681.jpg\" alt=\"\" class=\"wp-image-18482\" srcset=\"https:\/\/www.humanium.org\/es\/wp-content\/uploads\/2024\/01\/shutterstock_335990606-1024x681.jpg 1024w, https:\/\/www.humanium.org\/es\/wp-content\/uploads\/2024\/01\/shutterstock_335990606-300x200.jpg 300w, https:\/\/www.humanium.org\/es\/wp-content\/uploads\/2024\/01\/shutterstock_335990606-768x511.jpg 768w, https:\/\/www.humanium.org\/es\/wp-content\/uploads\/2024\/01\/shutterstock_335990606-1536x1022.jpg 1536w, https:\/\/www.humanium.org\/es\/wp-content\/uploads\/2024\/01\/shutterstock_335990606-2048x1363.jpg 2048w, https:\/\/www.humanium.org\/es\/wp-content\/uploads\/2024\/01\/shutterstock_335990606-830x552.jpg 830w, https:\/\/www.humanium.org\/es\/wp-content\/uploads\/2024\/01\/shutterstock_335990606-230x153.jpg 230w, https:\/\/www.humanium.org\/es\/wp-content\/uploads\/2024\/01\/shutterstock_335990606-350x233.jpg 350w, https:\/\/www.humanium.org\/es\/wp-content\/uploads\/2024\/01\/shutterstock_335990606-480x319.jpg 480w, https:\/\/www.humanium.org\/es\/wp-content\/uploads\/2024\/01\/shutterstock_335990606-272x182.jpg 272w\" sizes=\"auto, (max-width: 1024px) 100vw, 1024px\" \/><\/figure>\n\n\n\n<p>En Humanium, nos dedicamos a defender los <a href=\"https:\/\/www.humanium.org\/es\/derechos-ninos\/\">derechos de cada ni\u00f1o<\/a>, especialmente durante crisis como la <a href=\"https:\/\/www.humanium.org\/es\/enfoques-tematicos\/violencia\/ninos-guerra\/\">guerra civil<\/a> de Siria, que afecta gravemente a millones de familias. Tu apoyo a trav\u00e9s del <a href=\"https:\/\/www.humanium.org\/es\/apadrinar-a-un-nino\/\">apadrinamiento de un ni\u00f1o<\/a>, <a href=\"https:\/\/www.humanium.org\/es\/donacion\/\">una donaci\u00f3n<\/a> o el <a href=\"https:\/\/www.humanium.org\/es\/voluntariado\/\">voluntariado<\/a> puede marcar la diferencia. \u00danete a nosotros para garantizar que cada ni\u00f1o, independientemente de sus circunstancias, reciba la atenci\u00f3n que merece.<\/p>\n\n\n\n<p><em><strong>Escrito por Lidija Misic<\/strong><\/em><\/p>\n\n\n\n<p><em><strong>Traducido por Sandra Contreras<\/strong><\/em><\/p>\n\n\n\n<p><em><strong>Revisado por Gisela E. Vald\u00e9s<\/strong><\/em><\/p>\n\n\n\n<h4 class=\"wp-block-heading\"><strong>Bibliograf\u00eda:<\/strong><\/h4>\n\n\n\n<p class=\"has-small-font-size\">Balikci Zana (2020), Identity and sense of belonging among Syrian refugees in Sweden. Retrieved from Malmo University, International Migration, and Ethnic Relations Master Programme at <a href=\"https:\/\/www.diva-portal.org\/smash\/get\/diva2:1481918\/FULLTEXT01.pdf\" target=\"_blank\" rel=\"noreferrer noopener\">https:\/\/www.diva-portal.org\/smash\/get\/diva2:1481918\/FULLTEXT01.pdf<\/a>. Accessed on December 26, 2023.<\/p>\n\n\n\n<p class=\"has-small-font-size\">Basem Sarhan (2022), Sweden: Taking Syrian children away from parents for protection? Retrieved from Brussels Morning at <a href=\"https:\/\/brusselsmorning.com\/sweden-taking-syrian-children-away-from-parents-for-protection\/21363\/\" target=\"_blank\" rel=\"noreferrer noopener\">https:\/\/brusselsmorning.com\/sweden-taking-syrian-children-away-from-parents-for-protection\/21363\/<\/a>. Accessed on December 26, 2023.<\/p>\n\n\n\n<p class=\"has-small-font-size\">Brenna Daldorph (2015), Video shows Swedish security guards &#8216;assaulting&#8217; a child. Retrieved from The Observers France 24 at <a href=\"https:\/\/observers.france24.com\/en\/20150211-video-sweden-guard-boy-malmo-security\" target=\"_blank\" rel=\"noreferrer noopener\">https:\/\/observers.france24.com\/en\/20150211-video-sweden-guard-boy-malmo-security<\/a>. Accessed on December 26, 2023.<\/p>\n\n\n\n<p class=\"has-small-font-size\">End Corporal Punishment (2020), Corporal punishment of children in Sweden. Retrieved from End Corporal Punishment at <a href=\"http:\/\/www.endcorporalpunishment.org\/wp-content\/uploads\/country-reports\/Sweden.pdf\" target=\"_blank\" rel=\"noreferrer noopener\">http:\/\/www.endcorporalpunishment.org\/wp-content\/uploads\/country-reports\/Sweden.pdf<\/a>. Accessed on December 26, 2023.<\/p>\n\n\n\n<p class=\"has-small-font-size\">Chak Mujahid Farhan (2022), Stealing Innocence: The Theft of Refugee Children in Sweden. Retrieved from Politics Today at <a href=\"https:\/\/politicstoday.org\/stealing-innocence-the-theft-of-refugee-children-in-sweden\/\" target=\"_blank\" rel=\"noreferrer noopener\">https:\/\/politicstoday.org\/stealing-innocence-the-theft-of-refugee-children-in-sweden\/<\/a>. Accessed on December 26, 2023.<\/p>\n\n\n\n<p class=\"has-small-font-size\">Human Rights Watch (2022), Sweden: Submission to the UN Committee on the Rights of the Child. Retrieved from HRW at <a href=\"https:\/\/www.hrw.org\/news\/2022\/12\/16\/sweden-submission-un-committee-rights-child\" target=\"_blank\" rel=\"noreferrer noopener\">https:\/\/www.hrw.org\/news\/2022\/12\/16\/sweden-submission-un-committee-rights-child<\/a>. Accessed on December 26, 2023.<\/p>\n\n\n\n<p class=\"has-small-font-size\">Migrationsverket (2023), Children in the asylum process. Retrieved from Migrationsverket at https:\/\/www.migrationsverket.se\/English\/Private-individuals\/Protection-and-asylum-in-Sweden\/Applying-for-asylum\/Children-in-the-asylum-process.html. Accessed on December 26, 2023.<\/p>\n\n\n\n<p class=\"has-small-font-size\">Muhammad Haj Latif Abdul et al. (2019), Sweden: Taking Syrian Children away from their Families. Retrieved from The Syrian Investigative Reporting for Accountability Journalism (SIRAJ) at <a href=\"https:\/\/sirajsy.net\/sweden-taking-syrian-children-away-from-their-families\/\" target=\"_blank\" rel=\"noreferrer noopener\">https:\/\/sirajsy.net\/sweden-taking-syrian-children-away-from-their-families\/<\/a>. Accessed on December 26, 2023.<\/p>\n\n\n\n<p class=\"has-small-font-size\">Owen Sharon (2016), Corporal punishment of children in the Syrian Arab Republic: Briefing for the Universal Periodic Review, 26th session, 2016. Retrieved from OHCHR at <a href=\"https:\/\/www.ohchr.org\/en\/stories\/2013\/01\/ending-corporal-punishment-children\" target=\"_blank\" rel=\"noreferrer noopener\">https:\/\/www.ohchr.org\/en\/stories\/2013\/01\/ending-corporal-punishment-children<\/a>. Accessed on December 26, 2023.<\/p>\n\n\n\n<p class=\"has-small-font-size\">Uddin Rayhan (2022), Sweden: Syrian parents plead to be reunited with children taken by authorities. Retrieved from Middle East Eye at <a href=\"https:\/\/www.middleeasteye.net\/news\/sweden-syrian-parents-children-plead-reunited\" target=\"_blank\" rel=\"noreferrer noopener\">https:\/\/www.middleeasteye.net\/news\/sweden-syrian-parents-children-plead-reunited<\/a>. Accessed on December 26, 2023.<\/p>\n\n\n\n<p class=\"has-small-font-size\">UNCHR (2023), Syria situation. Retrieved from UNCHR at <a href=\"https:\/\/reporting.unhcr.org\/operational\/situations\/syria-situation\" target=\"_blank\" rel=\"noreferrer noopener\">https:\/\/reporting.unhcr.org\/operational\/situations\/syria-situation<\/a>. Accessed on December 26, 2023.<\/p>\n\n\n\n<p class=\"has-small-font-size\">Wessels Josepha (2023), \u00abBut you do not &#8216;look&#8217; Syrian?\u00bb Experiences of Syrians in urban areas of Sweden. Retrieved from Social Institutions Political Governance &amp; Integration at <a href=\"https:\/\/www.gu.se\/sites\/default\/files\/2023-03\/Wessels%20Working%20Paper%20No.%204%202023.pdf\" target=\"_blank\" rel=\"noreferrer noopener\">https:\/\/www.gu.se\/sites\/default\/files\/2023-03\/Wessels%20Working%20Paper%20No.%204%202023.pdf<\/a>. Accessed on December 26, 2023.<\/p>\n","protected":false},"excerpt":{"rendered":"<p>La prolongada crisis derivada de la guerra civil en Siria ha generado un desplazamiento masivo de personas a nivel mundial. Esta situaci\u00f3n ha afectado sensibleblemente a\u00a0Suecia, pa\u00eds que ha acogido a un n\u00famero considerable de refugiados. Sin embargo, los informes sobre la separaci\u00f3n prolongada de familias por parte de los servicios sociales de Suecia han [&hellip;]<\/p>\n","protected":false},"author":56,"featured_media":18488,"comment_status":"closed","ping_status":"closed","sticky":false,"template":"","format":"standard","meta":{"footnotes":""},"categories":[148,3,159,161,144],"tags":[],"class_list":["post-18481","post","type-post","status-publish","format-standard","has-post-thumbnail","hentry","category-derechos-del-nino","category-derechos-humanos","category-explotacion","category-migracion","category-refugiados"],"yoast_head":"<!-- This site is optimized with the Yoast SEO plugin v26.5 - https:\/\/yoast.com\/wordpress\/plugins\/seo\/ -->\n<title>Cr\u00edticas a los servicios suecos por la separaci\u00f3n prolongada de familias refugiadas - Humanium<\/title>\n<meta name=\"description\" content=\"La crisis derivada de la guerra civil en Siria ha generado un desplazamiento masivo de personas y ha afectado sensibleblemente a Suecia.\" \/>\n<meta name=\"robots\" content=\"index, follow, max-snippet:-1, max-image-preview:large, max-video-preview:-1\" \/>\n<link rel=\"canonical\" href=\"https:\/\/www.humanium.org\/es\/criticas-a-los-servicios-suecos-por-la-separacion-prolongada-de-familias-refugiadas\/\" \/>\n<meta property=\"og:locale\" content=\"es_ES\" \/>\n<meta property=\"og:type\" content=\"article\" \/>\n<meta property=\"og:title\" content=\"Cr\u00edticas a los servicios suecos por la separaci\u00f3n prolongada de familias refugiadas - Humanium\" \/>\n<meta property=\"og:description\" content=\"La crisis derivada de la guerra civil en Siria ha generado un desplazamiento masivo de personas y ha afectado sensibleblemente a Suecia.\" \/>\n<meta property=\"og:url\" content=\"https:\/\/www.humanium.org\/es\/criticas-a-los-servicios-suecos-por-la-separacion-prolongada-de-familias-refugiadas\/\" \/>\n<meta property=\"og:site_name\" content=\"Humanium\" \/>\n<meta property=\"article:published_time\" content=\"2024-01-23T18:31:55+00:00\" \/>\n<meta property=\"article:modified_time\" content=\"2025-12-13T21:56:22+00:00\" \/>\n<meta property=\"og:image\" content=\"https:\/\/www.humanium.org\/es\/wp-content\/uploads\/2024\/01\/shutterstock_1702616413-scaled.jpg\" \/>\n\t<meta property=\"og:image:width\" content=\"2560\" \/>\n\t<meta property=\"og:image:height\" content=\"1710\" \/>\n\t<meta property=\"og:image:type\" content=\"image\/jpeg\" \/>\n<meta name=\"author\" content=\"Lidija Misic\" \/>\n<meta name=\"twitter:card\" content=\"summary_large_image\" \/>\n<meta name=\"twitter:label1\" content=\"Escrito por\" \/>\n\t<meta name=\"twitter:data1\" content=\"Lidija Misic\" \/>\n\t<meta name=\"twitter:label2\" content=\"Tiempo de lectura\" \/>\n\t<meta name=\"twitter:data2\" content=\"8 minutos\" \/>\n<script type=\"application\/ld+json\" class=\"yoast-schema-graph\">{\"@context\":\"https:\/\/schema.org\",\"@graph\":[{\"@type\":\"WebPage\",\"@id\":\"https:\/\/www.humanium.org\/es\/criticas-a-los-servicios-suecos-por-la-separacion-prolongada-de-familias-refugiadas\/\",\"url\":\"https:\/\/www.humanium.org\/es\/criticas-a-los-servicios-suecos-por-la-separacion-prolongada-de-familias-refugiadas\/\",\"name\":\"Cr\u00edticas a los servicios suecos por la separaci\u00f3n prolongada de familias refugiadas - Humanium\",\"isPartOf\":{\"@id\":\"https:\/\/www.humanium.org\/es\/#website\"},\"primaryImageOfPage\":{\"@id\":\"https:\/\/www.humanium.org\/es\/criticas-a-los-servicios-suecos-por-la-separacion-prolongada-de-familias-refugiadas\/#primaryimage\"},\"image\":{\"@id\":\"https:\/\/www.humanium.org\/es\/criticas-a-los-servicios-suecos-por-la-separacion-prolongada-de-familias-refugiadas\/#primaryimage\"},\"thumbnailUrl\":\"https:\/\/www.humanium.org\/es\/wp-content\/uploads\/2024\/01\/shutterstock_1702616413-scaled.jpg\",\"datePublished\":\"2024-01-23T18:31:55+00:00\",\"dateModified\":\"2025-12-13T21:56:22+00:00\",\"author\":{\"@id\":\"https:\/\/www.humanium.org\/es\/#\/schema\/person\/2604516ad538b905f156fd8132a03f2b\"},\"description\":\"La crisis derivada de la guerra civil en Siria ha generado un desplazamiento masivo de personas y ha afectado sensibleblemente a Suecia.\",\"breadcrumb\":{\"@id\":\"https:\/\/www.humanium.org\/es\/criticas-a-los-servicios-suecos-por-la-separacion-prolongada-de-familias-refugiadas\/#breadcrumb\"},\"inLanguage\":\"es\",\"potentialAction\":[{\"@type\":\"ReadAction\",\"target\":[\"https:\/\/www.humanium.org\/es\/criticas-a-los-servicios-suecos-por-la-separacion-prolongada-de-familias-refugiadas\/\"]}]},{\"@type\":\"ImageObject\",\"inLanguage\":\"es\",\"@id\":\"https:\/\/www.humanium.org\/es\/criticas-a-los-servicios-suecos-por-la-separacion-prolongada-de-familias-refugiadas\/#primaryimage\",\"url\":\"https:\/\/www.humanium.org\/es\/wp-content\/uploads\/2024\/01\/shutterstock_1702616413-scaled.jpg\",\"contentUrl\":\"https:\/\/www.humanium.org\/es\/wp-content\/uploads\/2024\/01\/shutterstock_1702616413-scaled.jpg\",\"width\":2560,\"height\":1710},{\"@type\":\"BreadcrumbList\",\"@id\":\"https:\/\/www.humanium.org\/es\/criticas-a-los-servicios-suecos-por-la-separacion-prolongada-de-familias-refugiadas\/#breadcrumb\",\"itemListElement\":[{\"@type\":\"ListItem\",\"position\":1,\"name\":\"Home\",\"item\":\"https:\/\/www.humanium.org\/es\/\"},{\"@type\":\"ListItem\",\"position\":2,\"name\":\"Cr\u00edticas a los servicios suecos por la separaci\u00f3n prolongada de familias refugiadas\"}]},{\"@type\":\"WebSite\",\"@id\":\"https:\/\/www.humanium.org\/es\/#website\",\"url\":\"https:\/\/www.humanium.org\/es\/\",\"name\":\"Humanium\",\"description\":\"\u00a1Los ni\u00f1os primero!\",\"potentialAction\":[{\"@type\":\"SearchAction\",\"target\":{\"@type\":\"EntryPoint\",\"urlTemplate\":\"https:\/\/www.humanium.org\/es\/?s={search_term_string}\"},\"query-input\":{\"@type\":\"PropertyValueSpecification\",\"valueRequired\":true,\"valueName\":\"search_term_string\"}}],\"inLanguage\":\"es\"},{\"@type\":\"Person\",\"@id\":\"https:\/\/www.humanium.org\/es\/#\/schema\/person\/2604516ad538b905f156fd8132a03f2b\",\"name\":\"Lidija Misic\",\"image\":{\"@type\":\"ImageObject\",\"inLanguage\":\"es\",\"@id\":\"https:\/\/www.humanium.org\/es\/#\/schema\/person\/image\/\",\"url\":\"https:\/\/secure.gravatar.com\/avatar\/691df8ac4519726e8c2a1bcfae6266ac632c00f4d291f52209e06f8ff5be2bdd?s=96&d=mm&r=g\",\"contentUrl\":\"https:\/\/secure.gravatar.com\/avatar\/691df8ac4519726e8c2a1bcfae6266ac632c00f4d291f52209e06f8ff5be2bdd?s=96&d=mm&r=g\",\"caption\":\"Lidija Misic\"},\"sameAs\":[\"https:\/\/www.linkedin.com\/in\/lidija-misic-abb274202\/\"],\"url\":\"https:\/\/www.humanium.org\/es\/author\/autor_lidijamisic\/\"}]}<\/script>\n<!-- \/ Yoast SEO plugin. -->","yoast_head_json":{"title":"Cr\u00edticas a los servicios suecos por la separaci\u00f3n prolongada de familias refugiadas - Humanium","description":"La crisis derivada de la guerra civil en Siria ha generado un desplazamiento masivo de personas y ha afectado sensibleblemente a Suecia.","robots":{"index":"index","follow":"follow","max-snippet":"max-snippet:-1","max-image-preview":"max-image-preview:large","max-video-preview":"max-video-preview:-1"},"canonical":"https:\/\/www.humanium.org\/es\/criticas-a-los-servicios-suecos-por-la-separacion-prolongada-de-familias-refugiadas\/","og_locale":"es_ES","og_type":"article","og_title":"Cr\u00edticas a los servicios suecos por la separaci\u00f3n prolongada de familias refugiadas - Humanium","og_description":"La crisis derivada de la guerra civil en Siria ha generado un desplazamiento masivo de personas y ha afectado sensibleblemente a Suecia.","og_url":"https:\/\/www.humanium.org\/es\/criticas-a-los-servicios-suecos-por-la-separacion-prolongada-de-familias-refugiadas\/","og_site_name":"Humanium","article_published_time":"2024-01-23T18:31:55+00:00","article_modified_time":"2025-12-13T21:56:22+00:00","og_image":[{"width":2560,"height":1710,"url":"https:\/\/www.humanium.org\/es\/wp-content\/uploads\/2024\/01\/shutterstock_1702616413-scaled.jpg","type":"image\/jpeg"}],"author":"Lidija Misic","twitter_card":"summary_large_image","twitter_misc":{"Escrito por":"Lidija Misic","Tiempo de lectura":"8 minutos"},"schema":{"@context":"https:\/\/schema.org","@graph":[{"@type":"WebPage","@id":"https:\/\/www.humanium.org\/es\/criticas-a-los-servicios-suecos-por-la-separacion-prolongada-de-familias-refugiadas\/","url":"https:\/\/www.humanium.org\/es\/criticas-a-los-servicios-suecos-por-la-separacion-prolongada-de-familias-refugiadas\/","name":"Cr\u00edticas a los servicios suecos por la separaci\u00f3n prolongada de familias refugiadas - Humanium","isPartOf":{"@id":"https:\/\/www.humanium.org\/es\/#website"},"primaryImageOfPage":{"@id":"https:\/\/www.humanium.org\/es\/criticas-a-los-servicios-suecos-por-la-separacion-prolongada-de-familias-refugiadas\/#primaryimage"},"image":{"@id":"https:\/\/www.humanium.org\/es\/criticas-a-los-servicios-suecos-por-la-separacion-prolongada-de-familias-refugiadas\/#primaryimage"},"thumbnailUrl":"https:\/\/www.humanium.org\/es\/wp-content\/uploads\/2024\/01\/shutterstock_1702616413-scaled.jpg","datePublished":"2024-01-23T18:31:55+00:00","dateModified":"2025-12-13T21:56:22+00:00","author":{"@id":"https:\/\/www.humanium.org\/es\/#\/schema\/person\/2604516ad538b905f156fd8132a03f2b"},"description":"La crisis derivada de la guerra civil en Siria ha generado un desplazamiento masivo de personas y ha afectado sensibleblemente a Suecia.","breadcrumb":{"@id":"https:\/\/www.humanium.org\/es\/criticas-a-los-servicios-suecos-por-la-separacion-prolongada-de-familias-refugiadas\/#breadcrumb"},"inLanguage":"es","potentialAction":[{"@type":"ReadAction","target":["https:\/\/www.humanium.org\/es\/criticas-a-los-servicios-suecos-por-la-separacion-prolongada-de-familias-refugiadas\/"]}]},{"@type":"ImageObject","inLanguage":"es","@id":"https:\/\/www.humanium.org\/es\/criticas-a-los-servicios-suecos-por-la-separacion-prolongada-de-familias-refugiadas\/#primaryimage","url":"https:\/\/www.humanium.org\/es\/wp-content\/uploads\/2024\/01\/shutterstock_1702616413-scaled.jpg","contentUrl":"https:\/\/www.humanium.org\/es\/wp-content\/uploads\/2024\/01\/shutterstock_1702616413-scaled.jpg","width":2560,"height":1710},{"@type":"BreadcrumbList","@id":"https:\/\/www.humanium.org\/es\/criticas-a-los-servicios-suecos-por-la-separacion-prolongada-de-familias-refugiadas\/#breadcrumb","itemListElement":[{"@type":"ListItem","position":1,"name":"Home","item":"https:\/\/www.humanium.org\/es\/"},{"@type":"ListItem","position":2,"name":"Cr\u00edticas a los servicios suecos por la separaci\u00f3n prolongada de familias refugiadas"}]},{"@type":"WebSite","@id":"https:\/\/www.humanium.org\/es\/#website","url":"https:\/\/www.humanium.org\/es\/","name":"Humanium","description":"\u00a1Los ni\u00f1os primero!","potentialAction":[{"@type":"SearchAction","target":{"@type":"EntryPoint","urlTemplate":"https:\/\/www.humanium.org\/es\/?s={search_term_string}"},"query-input":{"@type":"PropertyValueSpecification","valueRequired":true,"valueName":"search_term_string"}}],"inLanguage":"es"},{"@type":"Person","@id":"https:\/\/www.humanium.org\/es\/#\/schema\/person\/2604516ad538b905f156fd8132a03f2b","name":"Lidija Misic","image":{"@type":"ImageObject","inLanguage":"es","@id":"https:\/\/www.humanium.org\/es\/#\/schema\/person\/image\/","url":"https:\/\/secure.gravatar.com\/avatar\/691df8ac4519726e8c2a1bcfae6266ac632c00f4d291f52209e06f8ff5be2bdd?s=96&d=mm&r=g","contentUrl":"https:\/\/secure.gravatar.com\/avatar\/691df8ac4519726e8c2a1bcfae6266ac632c00f4d291f52209e06f8ff5be2bdd?s=96&d=mm&r=g","caption":"Lidija Misic"},"sameAs":["https:\/\/www.linkedin.com\/in\/lidija-misic-abb274202\/"],"url":"https:\/\/www.humanium.org\/es\/author\/autor_lidijamisic\/"}]}},"_links":{"self":[{"href":"https:\/\/www.humanium.org\/es\/wp-json\/wp\/v2\/posts\/18481","targetHints":{"allow":["GET"]}}],"collection":[{"href":"https:\/\/www.humanium.org\/es\/wp-json\/wp\/v2\/posts"}],"about":[{"href":"https:\/\/www.humanium.org\/es\/wp-json\/wp\/v2\/types\/post"}],"author":[{"embeddable":true,"href":"https:\/\/www.humanium.org\/es\/wp-json\/wp\/v2\/users\/56"}],"replies":[{"embeddable":true,"href":"https:\/\/www.humanium.org\/es\/wp-json\/wp\/v2\/comments?post=18481"}],"version-history":[{"count":5,"href":"https:\/\/www.humanium.org\/es\/wp-json\/wp\/v2\/posts\/18481\/revisions"}],"predecessor-version":[{"id":21935,"href":"https:\/\/www.humanium.org\/es\/wp-json\/wp\/v2\/posts\/18481\/revisions\/21935"}],"wp:featuredmedia":[{"embeddable":true,"href":"https:\/\/www.humanium.org\/es\/wp-json\/wp\/v2\/media\/18488"}],"wp:attachment":[{"href":"https:\/\/www.humanium.org\/es\/wp-json\/wp\/v2\/media?parent=18481"}],"wp:term":[{"taxonomy":"category","embeddable":true,"href":"https:\/\/www.humanium.org\/es\/wp-json\/wp\/v2\/categories?post=18481"},{"taxonomy":"post_tag","embeddable":true,"href":"https:\/\/www.humanium.org\/es\/wp-json\/wp\/v2\/tags?post=18481"}],"curies":[{"name":"wp","href":"https:\/\/api.w.org\/{rel}","templated":true}]}}