{"id":18940,"date":"2024-07-02T18:24:01","date_gmt":"2024-07-02T18:24:01","guid":{"rendered":"https:\/\/www.humanium.org\/es\/?p=18940"},"modified":"2025-12-13T21:44:49","modified_gmt":"2025-12-13T21:44:49","slug":"la-detencion-de-ninos-migrantes-en-campamentos-a-lo-largo-del-desierto-de-la-frontera-entre-mexico-y-estados-unidos","status":"publish","type":"post","link":"https:\/\/www.humanium.org\/es\/la-detencion-de-ninos-migrantes-en-campamentos-a-lo-largo-del-desierto-de-la-frontera-entre-mexico-y-estados-unidos\/","title":{"rendered":"La detenci\u00f3n de ni\u00f1os migrantes en campamentos a lo largo del desierto de la frontera entre M\u00e9xico y Estados Unidos"},"content":{"rendered":"\n<p><strong>Aumenta la cantidad de familias con ni\u00f1os que han estado realizando viajes peligrosos en busca de la seguridad en los <\/strong><a href=\"https:\/\/www.humanium.org\/es\/estados-unidos\/\"><strong>Estados Unidos<\/strong><\/a><strong>, y con frecuencia sus solicitudes se procesan en circunstancias complejas. Se ha generado una preocupaci\u00f3n significativa alrededor del trato que reciben los ni\u00f1os en los campamentos por parte del control fronterizo de Estados Unidos, con informes que indican <\/strong><a href=\"https:\/\/www.humanium.org\/es\/derechos-ninos\/\"><strong>violaciones de sus derechos<\/strong><\/a><strong>. Como resultado de estas condiciones adversas, estos ni\u00f1os est\u00e1n experimentando un deterioro de su bienestar mental y f\u00edsico.<\/strong><\/p>\n\n\n\n<h2 class=\"wp-block-heading\"><strong>Deficiencias en las instalaciones fronterizas estadounidenses<\/strong><\/h2>\n\n\n\n<p>A lo largo de la historia, la mayor\u00eda de los ingresantes no autorizados a los EEUU eran hombres adultos que ven\u00edan de <a href=\"https:\/\/www.humanium.org\/es\/mexico\/#:~:text=Seg%C3%BAn%20una%20encuesta%20realizada%20por,UNICEF%20Country%20Report%2C%202021).\">M\u00e9xico<\/a> en busca de trabajo. Sin embargo, en la actualidad se encuentra en aumento el n\u00famero de familias que, en busca de protecci\u00f3n y seguridad, realizan cruces fronterizos peligrosos para huir de la violencia, la <a href=\"https:\/\/www.humanium.org\/es\/enfoques-tematicos\/pobreza\/\">pobreza<\/a> y la opresi\u00f3n. Asimismo, son frecuentes los casos de ni\u00f1os que realizan estos viajes sin acompa\u00f1amiento (Associated Press, 2024).<\/p>\n\n\n\n<p>Desde la primavera del 2023, miles de personas en busca de asilo provenientes de diversos pa\u00edses se han reunido en campamentos improvisados en zonas remotas del desierto de California. Entre ellos, docenas de ni\u00f1os. Seg\u00fan la legislaci\u00f3n estadounidense, los menores no deben ser enviados a lugares al aire libre, salvo durante el tiempo necesario para que la patrulla fronteriza los prepare y organice su transporte a una instalaci\u00f3n m\u00e1s adecuada. No obstante, las autoridades de inmigraci\u00f3n llevaron a los migrantes a estos campamentos sin proveerles suficiente comida, <a href=\"https:\/\/www.humanium.org\/es\/derecho-agua\/\">agua<\/a>, refugio o asistencia sanitaria (\u00c1lvarez, 2024).<\/p>\n\n\n\n<p>Las zonas de retenci\u00f3n, que funcionan b\u00e1sicamente como campamentos al aire libre, carecen tambi\u00e9n de servicios fundamentales como sistemas de alcantarillado y agua corriente. Los voluntarios de estas instalaciones han reportado condiciones precarias, destacando cuadros de fiebre, diarrea, v\u00f3mitos y convulsiones en los ni\u00f1os y j\u00f3venes migrantes. Aunque suene impactante, algunos de estos migrantes se vieron obligados a comer hojas luego de soportar d\u00edas sin alimento, lo que resalta el incumplimiento de las autoridades fronterizas en proveerles las necesidades b\u00e1sicas. (Conway, 2024).<\/p>\n\n\n\n<h2 class=\"wp-block-heading\"><strong>El rol del gobierno en la defensa de los <\/strong><a href=\"https:\/\/www.humanium.org\/es\/derechos-ninos\/\"><strong>derechos de los ni\u00f1os<\/strong><\/a><strong> en la frontera<\/strong><\/h2>\n\n\n\n<p>Los ni\u00f1os que esperan en campamentos temporarios en la frontera entre M\u00e9xico y Estados Unidos se encuentran a cargo de las autoridades fronterizas. Seg\u00fan el Tribunal Federal, el Departamento de Seguridad Nacional de los Estados Unidos (comparable a los ministerios del Interior de otros pa\u00edses) est\u00e1 obligado a procesar r\u00e1pidamente a los ni\u00f1os y ubicarlos en instalaciones que sean seguras y sanitarias. Tambi\u00e9n est\u00e1n completamente a cargo de determinar cu\u00e1nto tiempo se puede retener a los ni\u00f1os y de proporcionarles servicios como ba\u00f1os, lavabos y controles de temperatura (Associated Press, 2024).<\/p>\n\n\n\n<p>Sin embargo, la Oficina de Aduanas y Protecci\u00f3n Fronteriza de Estados Unidos (CBP, por sus siglas en ingl\u00e9s) viola flagrantemente el Acuerdo Flores de 1997, que proh\u00edbe la detenci\u00f3n de <a href=\"https:\/\/www.humanium.org\/es\/migracion-infantil\/\">menores no acompa\u00f1ados<\/a> en centros de detenci\u00f3n de inmigrantes durante m\u00e1s de 20 d\u00edas. El Acuerdo Flores surgi\u00f3 de una demanda civil colectiva presentada por los grupos de defensa de las libertades civiles y los derechos de los inmigrantes, en nombre de menores indocumentados y sus familias, que denunciaron un trato inadecuado durante su detenci\u00f3n (Lisette Flores, n.d.).<\/p>\n\n\n\n<p>Seg\u00fan el acuerdo, es una obligaci\u00f3n administrativa entregar r\u00e1pidamente a los ni\u00f1os en detenci\u00f3n a sus padres, parientes adultos, o programas de menores registrados que est\u00e9n dispuestos a custodiarlos. En caso de que sea necesaria una detenci\u00f3n temporaria, el acuerdo establece que el gobierno debe proveer un ambiente adecuado para la edad, con restricciones m\u00ednimas y posibilidad de contactar a la familia, adem\u00e1s de los est\u00e1ndares de cuidado pertinentes, como el <a href=\"https:\/\/www.humanium.org\/es\/derecho-alimentacion\/\">acceso al alimento<\/a>, agua y asistencia sanitaria (Lisette Flores, n.d.).<\/p>\n\n\n\n<p>Adem\u00e1s, <a href=\"https:\/\/www.humanium.org\/es\/convencion\/\">La Convenci\u00f3n Internacional sobre los Derechos del Ni\u00f1o<\/a>, instaurada en 1989, hace hincapi\u00e9 en las obligaciones que tienen los pa\u00edses para con los ni\u00f1os migrantes. La Convenci\u00f3n establece que los pa\u00edses deben abstenerse de separar a las familias y que deben detener a los ni\u00f1os \u00fanicamente cuando es estrictamente necesario, y que dicha detenci\u00f3n debe tener la menor duraci\u00f3n posible. A pesar de que los Estados Unidos ha suscrito la Convenci\u00f3n, es el \u00fanico pa\u00eds del mundo que no la ha ratificado, por lo que no est\u00e1 obligado legalmente a adherirse a sus disposiciones (Cheatham &amp; Roy, 2023).<\/p>\n\n\n\n<h2 class=\"wp-block-heading\"><strong>Los efectos de las pol\u00edticas fronterizas en los ni\u00f1os<\/strong><\/h2>\n\n\n\n<figure class=\"wp-block-image size-large\"><img loading=\"lazy\" decoding=\"async\" width=\"1024\" height=\"683\" src=\"https:\/\/www.humanium.org\/es\/wp-content\/uploads\/2024\/07\/shutterstock_2229659657-1024x683.jpg\" alt=\"\" class=\"wp-image-18942\" srcset=\"https:\/\/www.humanium.org\/es\/wp-content\/uploads\/2024\/07\/shutterstock_2229659657-1024x683.jpg 1024w, https:\/\/www.humanium.org\/es\/wp-content\/uploads\/2024\/07\/shutterstock_2229659657-300x200.jpg 300w, https:\/\/www.humanium.org\/es\/wp-content\/uploads\/2024\/07\/shutterstock_2229659657-768x512.jpg 768w, https:\/\/www.humanium.org\/es\/wp-content\/uploads\/2024\/07\/shutterstock_2229659657-1536x1024.jpg 1536w, https:\/\/www.humanium.org\/es\/wp-content\/uploads\/2024\/07\/shutterstock_2229659657-2048x1365.jpg 2048w, https:\/\/www.humanium.org\/es\/wp-content\/uploads\/2024\/07\/shutterstock_2229659657-830x553.jpg 830w, https:\/\/www.humanium.org\/es\/wp-content\/uploads\/2024\/07\/shutterstock_2229659657-230x153.jpg 230w, https:\/\/www.humanium.org\/es\/wp-content\/uploads\/2024\/07\/shutterstock_2229659657-350x233.jpg 350w, https:\/\/www.humanium.org\/es\/wp-content\/uploads\/2024\/07\/shutterstock_2229659657-480x320.jpg 480w, https:\/\/www.humanium.org\/es\/wp-content\/uploads\/2024\/07\/shutterstock_2229659657-272x182.jpg 272w\" sizes=\"auto, (max-width: 1024px) 100vw, 1024px\" \/><\/figure>\n\n\n\n<p>La infraestructura de las fuerzas fronterizas se dise\u00f1\u00f3 inicialmente para una \u00e9poca diferente, con especial atenci\u00f3n a hombres solteros que buscaban trabajo en Estados Unidos. No obstante, el aumento de las medidas de fuerza ha dificultado considerablemente la posibilidad de cruzar sin ser detectados. <\/p>\n\n\n\n<p>Asimismo, existen limitadas v\u00edas legales para el empleo y la <a href=\"https:\/\/www.humanium.org\/es\/separacion-de-familias\/\">reunificaci\u00f3n familiar<\/a>, agravadas por la ineficiencia que existe en el sistema de asilo de los Estados Unidos. Esta insuficiencia del sistema de inmigraci\u00f3n actual para satisfacer las necesidades del siglo XXI, especialmente en el caso de los ni\u00f1os, los expone a condiciones peligrosas (Hendricks, n.d.).<\/p>\n\n\n\n<p>A lo largo de la frontera de California han surgido varios lugares para retener a los migrantes, entre ellos una zona des\u00e9rtica junto a una autopista y una meseta en terreno monta\u00f1oso. Aunque no sean instalaciones oficiales de las autoridades migratorias, se han convertido en lugares importantes para sus operaciones (Baumgaertner, 2024). <\/p>\n\n\n\n<p>En estos campamentos, los j\u00f3venes son escoltados por el personal, vistiendo atuendos id\u00e9nticos prove\u00eddos por el gobierno. En una de las ciudades de acampada, hay m\u00e1s personas detenidas que en todas menos una de las 204 prisiones federales del pa\u00eds (Burke y Mendoza, 2018).<\/p>\n\n\n\n<p>Los psic\u00f3logos cuestionan la capacidad de los centros de identificar a los <a href=\"https:\/\/www.humanium.org\/es\/infancia-con-discapacidades\/\">ni\u00f1os con necesidades de salud mental especiales<\/a>, a ra\u00edz del gran n\u00famero de ni\u00f1os en ellos, y su tendencia a reprimir la angustia emocional. Aunque los ni\u00f1os logren sobrellevar la situaci\u00f3n dentro de las instalaciones, las estancias prolongadas pueden llevar a mayores consecuencias. <\/p>\n\n\n\n<p>Seg\u00fan la pol\u00edtica federal, los refugios para j\u00f3venes migrantes generalmente requieren un profesional de salud mental por cada 12 ni\u00f1os. Sin embargo, los funcionarios de las instalaciones revelaron que solo tienen un profesional por cada 50 ni\u00f1os (Burke y Mendoza, 2018).<\/p>\n\n\n\n<h2 class=\"wp-block-heading\"><strong>Abordaje de la crisis humanitaria en la frontera entre M\u00e9xico y Estados Unidos<\/strong><\/h2>\n\n\n\n<p>Como respuesta a las graves crisis humanitarias en la frontera entre M\u00e9xico y Estados Unidos en el 2024, varias organizaciones de defensa, grupos de ayuda mutua y personas particulares han tomado grandes medidas para ofrecer asistencia inmediata y documentar los abusos cometidos por la Oficina de Aduanas y Protecci\u00f3n Fronteriza de los Estados Unidos (CBP) contra los migrantes. El Tribunal Federal afirm\u00f3 que se espera que la CBP cumpla prontamente con los t\u00e9rminos del Acuerdo Flores y que, adem\u00e1s, garantice la seguridad y <a href=\"https:\/\/www.humanium.org\/es\/el-bienestar-mental-de-los-ninos\/\">el bienestar de todos los ni\u00f1os<\/a> bajo su cuidado (Mullett, 2024).<\/p>\n\n\n\n<p>Para abordar la presi\u00f3n acumulada en la frontera, un analista de pol\u00edticas del Instituto de Pol\u00edtica Migratoria recomienda que el Congreso reforme el sistema de inmigraci\u00f3n legal e implemente un proceso de asilo m\u00e1s eficiente (Hendricks, n.d.). Esto implicar\u00eda mejorar el apoyo y los recursos para las agencias de control fronterizo para gestionar los flujos migratorios de manera efectiva, con respeto a los est\u00e1ndares humanitarios y protecci\u00f3n de los derechos de los migrantes vulnerables.<\/p>\n\n\n\n<p>El gobierno deber\u00eda, adem\u00e1s, aumentar el n\u00famero de visas a los trabajadores invitados para los centroamericanos y otorgarles el Estatus de Protecci\u00f3n Temporal para gestionar la migraci\u00f3n econ\u00f3mica y proporcionar una alternativa legal a la inmigraci\u00f3n ilegal. Adicionalmente, en lugar de concentrar los esfuerzos en reducir la migraci\u00f3n de familias y ni\u00f1os, el gobierno actual debe facilitar la migraci\u00f3n legal. Ante todo, las pol\u00edticas estadounidenses relacionadas con la migraci\u00f3n infantil deben priorizar el <a href=\"https:\/\/www.humanium.org\/es\/principio-del-interes-superior-del-nino\/#:~:text=En%20la%20evaluaci%C3%B3n%20del%20%C2%ABinter%C3%A9s,el%20mantenimiento%20de%20las%20relaciones.\">inter\u00e9s superior del ni\u00f1o<\/a> (Bier, 2017).<\/p>\n\n\n\n<figure class=\"wp-block-image size-large\"><img loading=\"lazy\" decoding=\"async\" width=\"1024\" height=\"683\" src=\"https:\/\/www.humanium.org\/es\/wp-content\/uploads\/2024\/07\/shutterstock_2118679676-1024x683.jpg\" alt=\"\" class=\"wp-image-18941\" srcset=\"https:\/\/www.humanium.org\/es\/wp-content\/uploads\/2024\/07\/shutterstock_2118679676-1024x683.jpg 1024w, https:\/\/www.humanium.org\/es\/wp-content\/uploads\/2024\/07\/shutterstock_2118679676-300x200.jpg 300w, https:\/\/www.humanium.org\/es\/wp-content\/uploads\/2024\/07\/shutterstock_2118679676-768x512.jpg 768w, https:\/\/www.humanium.org\/es\/wp-content\/uploads\/2024\/07\/shutterstock_2118679676-1536x1024.jpg 1536w, https:\/\/www.humanium.org\/es\/wp-content\/uploads\/2024\/07\/shutterstock_2118679676-2048x1365.jpg 2048w, https:\/\/www.humanium.org\/es\/wp-content\/uploads\/2024\/07\/shutterstock_2118679676-830x553.jpg 830w, https:\/\/www.humanium.org\/es\/wp-content\/uploads\/2024\/07\/shutterstock_2118679676-230x153.jpg 230w, https:\/\/www.humanium.org\/es\/wp-content\/uploads\/2024\/07\/shutterstock_2118679676-350x233.jpg 350w, https:\/\/www.humanium.org\/es\/wp-content\/uploads\/2024\/07\/shutterstock_2118679676-480x320.jpg 480w, https:\/\/www.humanium.org\/es\/wp-content\/uploads\/2024\/07\/shutterstock_2118679676-272x182.jpg 272w\" sizes=\"auto, (max-width: 1024px) 100vw, 1024px\" \/><\/figure>\n\n\n\n<p>En Humanium, abogamos por los <a href=\"https:\/\/www.humanium.org\/es\/derecho-proteccion\/\">derechos a la seguridad<\/a>, a la educaci\u00f3n y al bienestar de todos los ni\u00f1os. Nuestra misi\u00f3n es proteger los derechos de los ni\u00f1os de todo el mundo, incluidos aquellos que se ven afectados por las problem\u00e1ticas fronterizas y migratorias. Con tu apoyo, podemos seguir actuando en defensa de los ni\u00f1os vulnerables, proveer asistencia legal, y mejorar las condiciones de vida en las zonas de acogida de inmigrantes. Convi\u00e9rtete en parte de nuestra misi\u00f3n como <a href=\"https:\/\/www.humanium.org\/es\/voluntariado\/\">voluntario<\/a>,&nbsp; haciendo una <a href=\"https:\/\/www.humanium.org\/es\/donacion\/\">donaci\u00f3n<\/a>, o haci\u00e9ndote socio.<\/p>\n\n\n\n<p><em><strong>Escrito por Lidija Misic<\/strong><\/em><\/p>\n\n\n\n<p><em><strong>Traducido por Gracielita Escobar<\/strong><\/em><\/p>\n\n\n\n<p><em><strong>Revisado por Lorraine Valarino<\/strong><\/em><\/p>\n\n\n\n<h4 class=\"wp-block-heading\"><strong>Bibliograf\u00eda:<\/strong><\/h4>\n\n\n\n<p class=\"has-small-font-size\">Alvarez Priscilla (2024), Federal judge rules that migrant children in desert camps need to be in safe and clean facilities. Retrieved from CNN at <a href=\"https:\/\/edition.cnn.com\/2024\/04\/04\/politics\/migrant-children-desert-camps\/index.html\" target=\"_blank\" rel=\"noreferrer noopener\">https:\/\/edition.cnn.com\/2024\/04\/04\/politics\/migrant-children-desert-camps\/index.html<\/a>, accessed on May 26, 2024.<\/p>\n\n\n\n<p class=\"has-small-font-size\">Associated Press (2024), US border patrol is responsible for safety of children in migrant camps, judge says. Retrieved from The Guardian at <a href=\"https:\/\/www.theguardian.com\/us-news\/2024\/apr\/04\/border-patrol-safety-migrant-children-mexico\" target=\"_blank\" rel=\"noreferrer noopener\">https:\/\/www.theguardian.com\/us-news\/2024\/apr\/04\/border-patrol-safety-migrant-children-mexico<\/a>, accessed on May 26, 2024.<\/p>\n\n\n\n<p class=\"has-small-font-size\">Baumgaertner Emily (2024), Health Concerns Mount for Migrant Children at Outdoor Waiting Sites. Retrieved from The New York Times at <a href=\"https:\/\/www.nytimes.com\/2024\/03\/28\/health\/children-migrants-border-health.html\" target=\"_blank\" rel=\"noreferrer noopener\">https:\/\/www.nytimes.com\/2024\/03\/28\/health\/children-migrants-border-health.html<\/a>, accessed on May 26, 2024.<\/p>\n\n\n\n<p class=\"has-small-font-size\">Bier J. David (2021), Immediate Solutions for Migrant Children. Retrieved from The Cato Institute at <a href=\"https:\/\/www.cato.org\/publications\/immediate-solutions-migrant-children\" target=\"_blank\" rel=\"noreferrer noopener\">https:\/\/www.cato.org\/publications\/immediate-solutions-migrant-children<\/a>, accessed on May 26, 2024.<\/p>\n\n\n\n<p class=\"has-small-font-size\">Burke Garance &amp; Mendoza Martha (2018), Desert detention camp for migrant kids still growing. Retrieved from WHYY at <a href=\"https:\/\/whyy.org\/articles\/desert-detention-camp-for-migrant-kids-still-growing\/\" target=\"_blank\" rel=\"noreferrer noopener\">https:\/\/whyy.org\/articles\/desert-detention-camp-for-migrant-kids-still-growing\/<\/a>, accessed on May 26, 2024.<\/p>\n\n\n\n<p class=\"has-small-font-size\">Cheatham Amelia &amp; Roy Diana (2023), U.S. Detention of Child Migrants. Retrieved from The Council on Foreign Relations (CFR) at <a href=\"https:\/\/www.cfr.org\/backgrounder\/us-detention-child-migrants\" target=\"_blank\" rel=\"noreferrer noopener\">https:\/\/www.cfr.org\/backgrounder\/us-detention-child-migrants<\/a>, accessed on May 26, 2024.<\/p>\n\n\n\n<p class=\"has-small-font-size\">Conway Dan (2024), Migrant children held in fetid open-air encampments near Southern California-Mexico border. Retrieved from The World Socialist Web Site (WSWS) at <a href=\"https:\/\/www.wsws.org\/en\/articles\/2024\/04\/02\/cfoy-a02.html\" target=\"_blank\" rel=\"noreferrer noopener\">https:\/\/www.wsws.org\/en\/articles\/2024\/04\/02\/cfoy-a02.html<\/a>, accessed on May 26, 2024.<\/p>\n\n\n\n<p class=\"has-small-font-size\">Lisette Flores Jenny (n.d.), The Flores Settlement. Retrieved from the United States District Court Central District of California at <a href=\"https:\/\/immigrationhistory.org\/item\/the-flores-settlement\/\" target=\"_blank\" rel=\"noreferrer noopener\">https:\/\/immigrationhistory.org\/item\/the-flores-settlement\/<\/a>, accessed on May 26, 2024.<\/p>\n\n\n\n<p class=\"has-small-font-size\">Hendricks Tyche (n.d.), Judge Rules Border Patrol Must Care for Migrant Children Waiting in Camps. Retrieved from KQED at <a href=\"https:\/\/www.kqed.org\/news\/11982020\/judge-rules-border-patrol-must-care-for-migrant-children-waiting-in-open-air-camps\" target=\"_blank\" rel=\"noreferrer noopener\">https:\/\/www.kqed.org\/news\/11982020\/judge-rules-border-patrol-must-care-for-migrant-children-waiting-in-open-air-camps<\/a>, accessed on May 26, 2024.<\/p>\n\n\n\n<p class=\"has-small-font-size\">Mullett Layne (2024), Federal Court affirms that children held in open air detention sites are in CBP custody. Retrieved from American Friends Service Committee at <a href=\"https:\/\/afsc.org\/newsroom\/federal-court-affirms-children-held-open-air-detention-sites-are-cbp-custody\" target=\"_blank\" rel=\"noreferrer noopener\">https:\/\/afsc.org\/newsroom\/federal-court-affirms-children-held-open-air<\/a><a href=\"https:\/\/afsc.org\/newsroom\/federal-court-affirms-children-held-open-air-detention-sites-are-cbp-custody\">-detention-sites-are-cbp-custody<\/a>, accessed on May 26, 2024.<\/p>\n","protected":false},"excerpt":{"rendered":"<p>Aumenta la cantidad de familias con ni\u00f1os que han estado realizando viajes peligrosos en busca de la seguridad en los Estados Unidos, y con frecuencia sus solicitudes se procesan en circunstancias complejas. Se ha generado una preocupaci\u00f3n significativa alrededor del trato que reciben los ni\u00f1os en los campamentos por parte del control fronterizo de Estados [&hellip;]<\/p>\n","protected":false},"author":56,"featured_media":18943,"comment_status":"closed","ping_status":"closed","sticky":false,"template":"","format":"standard","meta":{"footnotes":""},"categories":[148,3,161,157,144],"tags":[],"class_list":["post-18940","post","type-post","status-publish","format-standard","has-post-thumbnail","hentry","category-derechos-del-nino","category-derechos-humanos","category-migracion","category-pobreza","category-refugiados"],"yoast_head":"<!-- This site is optimized with the Yoast SEO plugin v26.5 - https:\/\/yoast.com\/wordpress\/plugins\/seo\/ -->\n<title>La detenci\u00f3n de ni\u00f1os migrantes en campamentos a lo largo del desierto de la frontera entre M\u00e9xico y Estados Unidos - Humanium<\/title>\n<meta name=\"description\" content=\"Cada vez son m\u00e1s las familias con hijos que emprenden peligrosos viajes a EE.UU., enfrent\u00e1ndose a tiempos dif\u00edciles con sus solicitudes.\" \/>\n<meta name=\"robots\" content=\"index, follow, max-snippet:-1, max-image-preview:large, max-video-preview:-1\" \/>\n<link rel=\"canonical\" href=\"https:\/\/www.humanium.org\/es\/la-detencion-de-ninos-migrantes-en-campamentos-a-lo-largo-del-desierto-de-la-frontera-entre-mexico-y-estados-unidos\/\" \/>\n<meta property=\"og:locale\" content=\"es_ES\" \/>\n<meta property=\"og:type\" content=\"article\" \/>\n<meta property=\"og:title\" content=\"La detenci\u00f3n de ni\u00f1os migrantes en campamentos a lo largo del desierto de la frontera entre M\u00e9xico y Estados Unidos - Humanium\" \/>\n<meta property=\"og:description\" content=\"Cada vez son m\u00e1s las familias con hijos que emprenden peligrosos viajes a EE.UU., enfrent\u00e1ndose a tiempos dif\u00edciles con sus solicitudes.\" \/>\n<meta property=\"og:url\" content=\"https:\/\/www.humanium.org\/es\/la-detencion-de-ninos-migrantes-en-campamentos-a-lo-largo-del-desierto-de-la-frontera-entre-mexico-y-estados-unidos\/\" \/>\n<meta property=\"og:site_name\" content=\"Humanium\" \/>\n<meta property=\"article:published_time\" content=\"2024-07-02T18:24:01+00:00\" \/>\n<meta property=\"article:modified_time\" content=\"2025-12-13T21:44:49+00:00\" \/>\n<meta property=\"og:image\" content=\"https:\/\/www.humanium.org\/es\/wp-content\/uploads\/2024\/07\/shutterstock_2230368789-scaled.jpg\" \/>\n\t<meta property=\"og:image:width\" content=\"2560\" \/>\n\t<meta property=\"og:image:height\" content=\"1707\" \/>\n\t<meta property=\"og:image:type\" content=\"image\/jpeg\" \/>\n<meta name=\"author\" content=\"Lidija Misic\" \/>\n<meta name=\"twitter:card\" content=\"summary_large_image\" \/>\n<meta name=\"twitter:label1\" content=\"Escrito por\" \/>\n\t<meta name=\"twitter:data1\" content=\"Lidija Misic\" \/>\n\t<meta name=\"twitter:label2\" content=\"Tiempo de lectura\" \/>\n\t<meta name=\"twitter:data2\" content=\"9 minutos\" \/>\n<script type=\"application\/ld+json\" class=\"yoast-schema-graph\">{\"@context\":\"https:\/\/schema.org\",\"@graph\":[{\"@type\":\"WebPage\",\"@id\":\"https:\/\/www.humanium.org\/es\/la-detencion-de-ninos-migrantes-en-campamentos-a-lo-largo-del-desierto-de-la-frontera-entre-mexico-y-estados-unidos\/\",\"url\":\"https:\/\/www.humanium.org\/es\/la-detencion-de-ninos-migrantes-en-campamentos-a-lo-largo-del-desierto-de-la-frontera-entre-mexico-y-estados-unidos\/\",\"name\":\"La detenci\u00f3n de ni\u00f1os migrantes en campamentos a lo largo del desierto de la frontera entre M\u00e9xico y Estados Unidos - Humanium\",\"isPartOf\":{\"@id\":\"https:\/\/www.humanium.org\/es\/#website\"},\"primaryImageOfPage\":{\"@id\":\"https:\/\/www.humanium.org\/es\/la-detencion-de-ninos-migrantes-en-campamentos-a-lo-largo-del-desierto-de-la-frontera-entre-mexico-y-estados-unidos\/#primaryimage\"},\"image\":{\"@id\":\"https:\/\/www.humanium.org\/es\/la-detencion-de-ninos-migrantes-en-campamentos-a-lo-largo-del-desierto-de-la-frontera-entre-mexico-y-estados-unidos\/#primaryimage\"},\"thumbnailUrl\":\"https:\/\/www.humanium.org\/es\/wp-content\/uploads\/2024\/07\/shutterstock_2230368789-scaled.jpg\",\"datePublished\":\"2024-07-02T18:24:01+00:00\",\"dateModified\":\"2025-12-13T21:44:49+00:00\",\"author\":{\"@id\":\"https:\/\/www.humanium.org\/es\/#\/schema\/person\/2604516ad538b905f156fd8132a03f2b\"},\"description\":\"Cada vez son m\u00e1s las familias con hijos que emprenden peligrosos viajes a EE.UU., enfrent\u00e1ndose a tiempos dif\u00edciles con sus solicitudes.\",\"breadcrumb\":{\"@id\":\"https:\/\/www.humanium.org\/es\/la-detencion-de-ninos-migrantes-en-campamentos-a-lo-largo-del-desierto-de-la-frontera-entre-mexico-y-estados-unidos\/#breadcrumb\"},\"inLanguage\":\"es\",\"potentialAction\":[{\"@type\":\"ReadAction\",\"target\":[\"https:\/\/www.humanium.org\/es\/la-detencion-de-ninos-migrantes-en-campamentos-a-lo-largo-del-desierto-de-la-frontera-entre-mexico-y-estados-unidos\/\"]}]},{\"@type\":\"ImageObject\",\"inLanguage\":\"es\",\"@id\":\"https:\/\/www.humanium.org\/es\/la-detencion-de-ninos-migrantes-en-campamentos-a-lo-largo-del-desierto-de-la-frontera-entre-mexico-y-estados-unidos\/#primaryimage\",\"url\":\"https:\/\/www.humanium.org\/es\/wp-content\/uploads\/2024\/07\/shutterstock_2230368789-scaled.jpg\",\"contentUrl\":\"https:\/\/www.humanium.org\/es\/wp-content\/uploads\/2024\/07\/shutterstock_2230368789-scaled.jpg\",\"width\":2560,\"height\":1707},{\"@type\":\"BreadcrumbList\",\"@id\":\"https:\/\/www.humanium.org\/es\/la-detencion-de-ninos-migrantes-en-campamentos-a-lo-largo-del-desierto-de-la-frontera-entre-mexico-y-estados-unidos\/#breadcrumb\",\"itemListElement\":[{\"@type\":\"ListItem\",\"position\":1,\"name\":\"Home\",\"item\":\"https:\/\/www.humanium.org\/es\/\"},{\"@type\":\"ListItem\",\"position\":2,\"name\":\"La detenci\u00f3n de ni\u00f1os migrantes en campamentos a lo largo del desierto de la frontera entre M\u00e9xico y Estados Unidos\"}]},{\"@type\":\"WebSite\",\"@id\":\"https:\/\/www.humanium.org\/es\/#website\",\"url\":\"https:\/\/www.humanium.org\/es\/\",\"name\":\"Humanium\",\"description\":\"\u00a1Los ni\u00f1os primero!\",\"potentialAction\":[{\"@type\":\"SearchAction\",\"target\":{\"@type\":\"EntryPoint\",\"urlTemplate\":\"https:\/\/www.humanium.org\/es\/?s={search_term_string}\"},\"query-input\":{\"@type\":\"PropertyValueSpecification\",\"valueRequired\":true,\"valueName\":\"search_term_string\"}}],\"inLanguage\":\"es\"},{\"@type\":\"Person\",\"@id\":\"https:\/\/www.humanium.org\/es\/#\/schema\/person\/2604516ad538b905f156fd8132a03f2b\",\"name\":\"Lidija Misic\",\"image\":{\"@type\":\"ImageObject\",\"inLanguage\":\"es\",\"@id\":\"https:\/\/www.humanium.org\/es\/#\/schema\/person\/image\/\",\"url\":\"https:\/\/secure.gravatar.com\/avatar\/691df8ac4519726e8c2a1bcfae6266ac632c00f4d291f52209e06f8ff5be2bdd?s=96&d=mm&r=g\",\"contentUrl\":\"https:\/\/secure.gravatar.com\/avatar\/691df8ac4519726e8c2a1bcfae6266ac632c00f4d291f52209e06f8ff5be2bdd?s=96&d=mm&r=g\",\"caption\":\"Lidija Misic\"},\"sameAs\":[\"https:\/\/www.linkedin.com\/in\/lidija-misic-abb274202\/\"],\"url\":\"https:\/\/www.humanium.org\/es\/author\/autor_lidijamisic\/\"}]}<\/script>\n<!-- \/ Yoast SEO plugin. -->","yoast_head_json":{"title":"La detenci\u00f3n de ni\u00f1os migrantes en campamentos a lo largo del desierto de la frontera entre M\u00e9xico y Estados Unidos - Humanium","description":"Cada vez son m\u00e1s las familias con hijos que emprenden peligrosos viajes a EE.UU., enfrent\u00e1ndose a tiempos dif\u00edciles con sus solicitudes.","robots":{"index":"index","follow":"follow","max-snippet":"max-snippet:-1","max-image-preview":"max-image-preview:large","max-video-preview":"max-video-preview:-1"},"canonical":"https:\/\/www.humanium.org\/es\/la-detencion-de-ninos-migrantes-en-campamentos-a-lo-largo-del-desierto-de-la-frontera-entre-mexico-y-estados-unidos\/","og_locale":"es_ES","og_type":"article","og_title":"La detenci\u00f3n de ni\u00f1os migrantes en campamentos a lo largo del desierto de la frontera entre M\u00e9xico y Estados Unidos - Humanium","og_description":"Cada vez son m\u00e1s las familias con hijos que emprenden peligrosos viajes a EE.UU., enfrent\u00e1ndose a tiempos dif\u00edciles con sus solicitudes.","og_url":"https:\/\/www.humanium.org\/es\/la-detencion-de-ninos-migrantes-en-campamentos-a-lo-largo-del-desierto-de-la-frontera-entre-mexico-y-estados-unidos\/","og_site_name":"Humanium","article_published_time":"2024-07-02T18:24:01+00:00","article_modified_time":"2025-12-13T21:44:49+00:00","og_image":[{"width":2560,"height":1707,"url":"https:\/\/www.humanium.org\/es\/wp-content\/uploads\/2024\/07\/shutterstock_2230368789-scaled.jpg","type":"image\/jpeg"}],"author":"Lidija Misic","twitter_card":"summary_large_image","twitter_misc":{"Escrito por":"Lidija Misic","Tiempo de lectura":"9 minutos"},"schema":{"@context":"https:\/\/schema.org","@graph":[{"@type":"WebPage","@id":"https:\/\/www.humanium.org\/es\/la-detencion-de-ninos-migrantes-en-campamentos-a-lo-largo-del-desierto-de-la-frontera-entre-mexico-y-estados-unidos\/","url":"https:\/\/www.humanium.org\/es\/la-detencion-de-ninos-migrantes-en-campamentos-a-lo-largo-del-desierto-de-la-frontera-entre-mexico-y-estados-unidos\/","name":"La detenci\u00f3n de ni\u00f1os migrantes en campamentos a lo largo del desierto de la frontera entre M\u00e9xico y Estados Unidos - Humanium","isPartOf":{"@id":"https:\/\/www.humanium.org\/es\/#website"},"primaryImageOfPage":{"@id":"https:\/\/www.humanium.org\/es\/la-detencion-de-ninos-migrantes-en-campamentos-a-lo-largo-del-desierto-de-la-frontera-entre-mexico-y-estados-unidos\/#primaryimage"},"image":{"@id":"https:\/\/www.humanium.org\/es\/la-detencion-de-ninos-migrantes-en-campamentos-a-lo-largo-del-desierto-de-la-frontera-entre-mexico-y-estados-unidos\/#primaryimage"},"thumbnailUrl":"https:\/\/www.humanium.org\/es\/wp-content\/uploads\/2024\/07\/shutterstock_2230368789-scaled.jpg","datePublished":"2024-07-02T18:24:01+00:00","dateModified":"2025-12-13T21:44:49+00:00","author":{"@id":"https:\/\/www.humanium.org\/es\/#\/schema\/person\/2604516ad538b905f156fd8132a03f2b"},"description":"Cada vez son m\u00e1s las familias con hijos que emprenden peligrosos viajes a EE.UU., enfrent\u00e1ndose a tiempos dif\u00edciles con sus solicitudes.","breadcrumb":{"@id":"https:\/\/www.humanium.org\/es\/la-detencion-de-ninos-migrantes-en-campamentos-a-lo-largo-del-desierto-de-la-frontera-entre-mexico-y-estados-unidos\/#breadcrumb"},"inLanguage":"es","potentialAction":[{"@type":"ReadAction","target":["https:\/\/www.humanium.org\/es\/la-detencion-de-ninos-migrantes-en-campamentos-a-lo-largo-del-desierto-de-la-frontera-entre-mexico-y-estados-unidos\/"]}]},{"@type":"ImageObject","inLanguage":"es","@id":"https:\/\/www.humanium.org\/es\/la-detencion-de-ninos-migrantes-en-campamentos-a-lo-largo-del-desierto-de-la-frontera-entre-mexico-y-estados-unidos\/#primaryimage","url":"https:\/\/www.humanium.org\/es\/wp-content\/uploads\/2024\/07\/shutterstock_2230368789-scaled.jpg","contentUrl":"https:\/\/www.humanium.org\/es\/wp-content\/uploads\/2024\/07\/shutterstock_2230368789-scaled.jpg","width":2560,"height":1707},{"@type":"BreadcrumbList","@id":"https:\/\/www.humanium.org\/es\/la-detencion-de-ninos-migrantes-en-campamentos-a-lo-largo-del-desierto-de-la-frontera-entre-mexico-y-estados-unidos\/#breadcrumb","itemListElement":[{"@type":"ListItem","position":1,"name":"Home","item":"https:\/\/www.humanium.org\/es\/"},{"@type":"ListItem","position":2,"name":"La detenci\u00f3n de ni\u00f1os migrantes en campamentos a lo largo del desierto de la frontera entre M\u00e9xico y Estados Unidos"}]},{"@type":"WebSite","@id":"https:\/\/www.humanium.org\/es\/#website","url":"https:\/\/www.humanium.org\/es\/","name":"Humanium","description":"\u00a1Los ni\u00f1os primero!","potentialAction":[{"@type":"SearchAction","target":{"@type":"EntryPoint","urlTemplate":"https:\/\/www.humanium.org\/es\/?s={search_term_string}"},"query-input":{"@type":"PropertyValueSpecification","valueRequired":true,"valueName":"search_term_string"}}],"inLanguage":"es"},{"@type":"Person","@id":"https:\/\/www.humanium.org\/es\/#\/schema\/person\/2604516ad538b905f156fd8132a03f2b","name":"Lidija Misic","image":{"@type":"ImageObject","inLanguage":"es","@id":"https:\/\/www.humanium.org\/es\/#\/schema\/person\/image\/","url":"https:\/\/secure.gravatar.com\/avatar\/691df8ac4519726e8c2a1bcfae6266ac632c00f4d291f52209e06f8ff5be2bdd?s=96&d=mm&r=g","contentUrl":"https:\/\/secure.gravatar.com\/avatar\/691df8ac4519726e8c2a1bcfae6266ac632c00f4d291f52209e06f8ff5be2bdd?s=96&d=mm&r=g","caption":"Lidija Misic"},"sameAs":["https:\/\/www.linkedin.com\/in\/lidija-misic-abb274202\/"],"url":"https:\/\/www.humanium.org\/es\/author\/autor_lidijamisic\/"}]}},"_links":{"self":[{"href":"https:\/\/www.humanium.org\/es\/wp-json\/wp\/v2\/posts\/18940","targetHints":{"allow":["GET"]}}],"collection":[{"href":"https:\/\/www.humanium.org\/es\/wp-json\/wp\/v2\/posts"}],"about":[{"href":"https:\/\/www.humanium.org\/es\/wp-json\/wp\/v2\/types\/post"}],"author":[{"embeddable":true,"href":"https:\/\/www.humanium.org\/es\/wp-json\/wp\/v2\/users\/56"}],"replies":[{"embeddable":true,"href":"https:\/\/www.humanium.org\/es\/wp-json\/wp\/v2\/comments?post=18940"}],"version-history":[{"count":3,"href":"https:\/\/www.humanium.org\/es\/wp-json\/wp\/v2\/posts\/18940\/revisions"}],"predecessor-version":[{"id":21769,"href":"https:\/\/www.humanium.org\/es\/wp-json\/wp\/v2\/posts\/18940\/revisions\/21769"}],"wp:featuredmedia":[{"embeddable":true,"href":"https:\/\/www.humanium.org\/es\/wp-json\/wp\/v2\/media\/18943"}],"wp:attachment":[{"href":"https:\/\/www.humanium.org\/es\/wp-json\/wp\/v2\/media?parent=18940"}],"wp:term":[{"taxonomy":"category","embeddable":true,"href":"https:\/\/www.humanium.org\/es\/wp-json\/wp\/v2\/categories?post=18940"},{"taxonomy":"post_tag","embeddable":true,"href":"https:\/\/www.humanium.org\/es\/wp-json\/wp\/v2\/tags?post=18940"}],"curies":[{"name":"wp","href":"https:\/\/api.w.org\/{rel}","templated":true}]}}