{"id":19021,"date":"2024-08-06T18:52:12","date_gmt":"2024-08-06T18:52:12","guid":{"rendered":"https:\/\/www.humanium.org\/es\/?p=19021"},"modified":"2024-08-06T18:52:13","modified_gmt":"2024-08-06T18:52:13","slug":"como-el-mito-del-albinismo-pone-en-riesgo-a-los-ninos-de-tanzania","status":"publish","type":"post","link":"https:\/\/www.humanium.org\/es\/como-el-mito-del-albinismo-pone-en-riesgo-a-los-ninos-de-tanzania\/","title":{"rendered":"C\u00f3mo el mito del albinismo pone en riesgo a los ni\u00f1os de Tanzania\u00a0"},"content":{"rendered":"\n<p><strong>En algunas partes de <\/strong><a href=\"https:\/\/www.humanium.org\/es\/africa\/?gad_source=1&amp;gclid=Cj0KCQjwhb60BhClARIsABGGtw8ELRjQFZXZ47nCdpbbIqI3mjiiSLukNttwY9RlTc2dqXiNtXcQSZcaArWYEALw_wcB\"><strong>\u00c1frica<\/strong><\/a><strong>, existe un comercio alarmante impulsado por la creencia de que las partes del cuerpo de los albinos tienen poderes sobrenaturales. Por desgracia, los ni\u00f1os, especialmente vulnerables, son objeto <\/strong><strong>de sacrificios humanos. <\/strong><strong>Lamentablemente, la respuesta de Tanzania ante esta crisis no ha estado a la altura, pues tan solo una peque\u00f1a parte de los casos notificados han sido <\/strong><strong>perseguidos <\/strong><strong>con \u00e9xito. La preocupaciones recientes de la ONU ponen de relieve la constante inacci\u00f3n del Gobierno, lo que constituye una grave violaci\u00f3n de <\/strong><a href=\"https:\/\/www.humanium.org\/es\/infancia-con-discapacidades\/?gad_source=1&amp;gclid=Cj0KCQjwhb60BhClARIsABGGtw8pp8rSYkjfOyvtySdC19q9akZ1XmB3gjD1xnUZVfzg1Tr_kypCDbAaAmgAEALw_wcB\"><strong>los derechos de los ni\u00f1os con discapacidad.<\/strong><\/a><strong>&nbsp;<\/strong><\/p>\n\n\n\n<h2 class=\"wp-block-heading\"><a href=\"https:\/\/www.humanium.org\/es\/enfoques-tematicos\/explotacion\/explotacion-sexual-infantil\/\"><strong>Explotaci\u00f3n<\/strong><\/a><strong> de los ni\u00f1os albinos&nbsp;<\/strong><\/h2>\n\n\n\n<p>El albinismo, del lat\u00edn \u201calbus\u201d que significa \u201cblanco\u201d, es una condici\u00f3n gen\u00e9tica que se caracteriza por la escasez o ausencia de melanina en la piel, el cabello y los ojos. El tipo m\u00e1s com\u00fan, el albinismo oculocut\u00e1neo (AOC), afecta a la visi\u00f3n y a la pigmentaci\u00f3n de la piel. El albinismo surge como consecuencia de mutaciones gen\u00e9ticas e incrementa el riesgo de padecer un c\u00e1ncer de piel, especialmente en \u00e1reas con elevada exposici\u00f3n al sol. Actualmente, no existe cura para este trastorno gen\u00e9tico (Federico &amp; Krishnamurthy, 2023).<\/p>\n\n\n\n<p>Se estima que el albinismo afecta a aproximadamente 1 de cada 20,000 personas en el mundo. Su prevalencia es notablemente mayor en el \u00c1frica subsahariana, sobre todo en Tanzania, donde se ve afectada aproximadamente 1 de cada 1,400 personas (Reuters, 2017). La mayor prevalencia de casos de albinismo en \u00c1frica ayuda a disponer de datos, dado que es m\u00e1s visible en las poblaciones de piel m\u00e1s oscura en comparaci\u00f3n con las de piel m\u00e1s clara en otros lugares (Kromberg et al., 2023).<\/p>\n\n\n\n<p>En algunas regiones de \u00c1frica, existe la creencia de que las partes del cuerpo de las personas con albinismo poseen poderes especiales, incluida la habilidad para curar enfermedades como el SIDA. De acuerdo con la ONU, las personas que persiguen a los albinos pueden recibir hasta $75,000 d\u00f3lares por un cuerpo completo; con partes individuales del cuerpo alcanzando los $2,000 d\u00f3lares. <\/p>\n\n\n\n<p>Tr\u00e1gicamente, los agresores convierten a los ni\u00f1os albinos en su presa, y despu\u00e9s venden las partes de su cuerpo a los curanderos a cambio de sumas significativas de dinero. Los ni\u00f1os se convierten en el blanco perfecto debido a su vulnerabilidad, a que son f\u00e1cilmente accesibles y a que carecen de fuerza f\u00edsica para defenderse por ellos mismos (Bever, 2015).&nbsp;<\/p>\n\n\n\n<h2 class=\"wp-block-heading\"><strong>Desaf\u00edos a los que se enfrentan los ni\u00f1os albinos de Tanzania&nbsp;<\/strong><\/h2>\n\n\n\n<figure class=\"wp-block-image size-large\"><img loading=\"lazy\" decoding=\"async\" width=\"1024\" height=\"683\" src=\"https:\/\/www.humanium.org\/es\/wp-content\/uploads\/2024\/08\/shutterstock_1963486696-1024x683.jpg\" alt=\"\" class=\"wp-image-19023\" srcset=\"https:\/\/www.humanium.org\/es\/wp-content\/uploads\/2024\/08\/shutterstock_1963486696-1024x683.jpg 1024w, https:\/\/www.humanium.org\/es\/wp-content\/uploads\/2024\/08\/shutterstock_1963486696-300x200.jpg 300w, https:\/\/www.humanium.org\/es\/wp-content\/uploads\/2024\/08\/shutterstock_1963486696-768x512.jpg 768w, https:\/\/www.humanium.org\/es\/wp-content\/uploads\/2024\/08\/shutterstock_1963486696-1536x1024.jpg 1536w, https:\/\/www.humanium.org\/es\/wp-content\/uploads\/2024\/08\/shutterstock_1963486696-2048x1365.jpg 2048w, https:\/\/www.humanium.org\/es\/wp-content\/uploads\/2024\/08\/shutterstock_1963486696-830x553.jpg 830w, https:\/\/www.humanium.org\/es\/wp-content\/uploads\/2024\/08\/shutterstock_1963486696-230x153.jpg 230w, https:\/\/www.humanium.org\/es\/wp-content\/uploads\/2024\/08\/shutterstock_1963486696-350x233.jpg 350w, https:\/\/www.humanium.org\/es\/wp-content\/uploads\/2024\/08\/shutterstock_1963486696-480x320.jpg 480w, https:\/\/www.humanium.org\/es\/wp-content\/uploads\/2024\/08\/shutterstock_1963486696-272x182.jpg 272w\" sizes=\"auto, (max-width: 1024px) 100vw, 1024px\" \/><\/figure>\n\n\n\n<p><a href=\"https:\/\/www.humanium.org\/es\/tanzania\/?gad_source=1&amp;gclid=Cj0KCQjwhb60BhClARIsABGGtw_bVxDy9dDNlR0jiIZdOK2xHaMB5Ca0a0ZB6p42njvA2ecgILnU4NMaAk_tEALw_wcB\">Tanzania<\/a> destaca por ser uno de los pa\u00edses m\u00e1s afectados, con aproximadamente 75 sacrificios de albinos registrados entre 2000 y 2016 (Rao, 2018). La falta de comprensi\u00f3n entre los ni\u00f1os de Tanzania con respecto al albinismo los vuelve vulnerables a las ideas err\u00f3neas; muchas de ellas que atribuyen su condici\u00f3n a causas sobrenaturales influidas por creencias en la brujer\u00eda.&nbsp;&nbsp;<\/p>\n\n\n\n<p>La desinformaci\u00f3n expone a los ni\u00f1os a la explotaci\u00f3n y al da\u00f1o, al mismo tiempo que los empuja a la marginaci\u00f3n social. Los ni\u00f1os con albinismo se enfrentan a la burla, la <a href=\"https:\/\/www.humanium.org\/es\/enfoques-tematicos\/violencia\/abuso-infantil\/\">violencia f\u00edsica<\/a>, la exclusi\u00f3n social e incluso al rechazo por parte de sus familiares debido a creencias sin fundamento, como la idea equivocada de que el albinismo es contagioso (Chi, 2015).&nbsp;<\/p>\n\n\n\n<p>Algunos creen que los rituales de brujer\u00eda son m\u00e1s efectivos cuando la v\u00edctima grita durante la amputaci\u00f3n, lo que conduce a la horripilante pr\u00e1ctica de cortar partes del cuerpo de personas vivas, especialmente de ni\u00f1os. Se considera que esta horrible pr\u00e1ctica est\u00e1 vinculada a la creencia de que la inocencia de los ni\u00f1os mejora la efectividad del ritual.&nbsp;<\/p>\n\n\n\n<h2 class=\"wp-block-heading\"><strong>Esfuerzos fallidos de Tanzania para hacer frente a los ataques contra el albinismo<\/strong><\/h2>\n\n\n\n<p>Como respuesta a la ola de <a href=\"https:\/\/www.humanium.org\/es\/derecho-vida\/?gad_source=1&amp;gclid=Cj0KCQjwhb60BhClARIsABGGtw87ycRjmXUAqODIXSLPgzLKGSqBSR9wKb3zFg6QZCFJ7lbJR0FaqXQaAntOEALw_wcB\">sacrificios<\/a> humanos y amputaciones que sufren las personas con albinismo, en especial los ni\u00f1os, el pa\u00eds implement\u00f3 medidas que aspiran a salvaguardar su bienestar f\u00edsico. El Gobierno tanzano emprendi\u00f3 acciones tales como la creaci\u00f3n de centros de acogida para los ni\u00f1os albinos y la formaci\u00f3n de grupos de trabajo encargados de investigar los sacrificios (Gilgoff, 2013).<\/p>\n\n\n\n<p>Actualmente, hay 32 centros de acogida en todo el pa\u00eds (The Citizen, 2021). Estos centros alojan a aproximadamente 200 residentes que se dedican a la agricultura, la jardiner\u00eda, la producci\u00f3n textil y las actividades comunitarias como cocinas y aulas. Estos centros de acogida se encuentran entre los pocos espacios que ofrecen un apoyo esencial a los ni\u00f1os con albinismo, incluidas las visitas al dermat\u00f3logo, que les ense\u00f1a a protegerse del sol debido a su extrema vulnerabilidad (Dunn, 2016).&nbsp;<\/p>\n\n\n\n<p>Pese a todo, UNICEF, que trabaja con uno de los centros de acogida del pa\u00eds, denunci\u00f3 casos de abuso f\u00edsico, sexual y psicol\u00f3gico, lo que pone de manifiesto la constante preocupaci\u00f3n por la protecci\u00f3n (The Citizen, 2021). Adicionalmente, el centro se enfrenta a problemas de espacio, ya que cada vez llegan m\u00e1s personas con albinismo m\u00e1s regularmente. Tambi\u00e9n hay <a href=\"https:\/\/www.humanium.org\/es\/derecho-agua\/?gad_source=1&amp;gclid=Cj0KCQjwhb60BhClARIsABGGtw8IuDQQW7EN2WN56ii6vYB1wGxWtsyhU2-a5-SoNeee2x9XSu6DmZcaAsU1EALw_wcB\">escasez de agua<\/a>, lo que a menudo obliga a los residentes a ir a buscar agua al pozo del hospital una vez se han agotado las reservas de agua de lluvia (Dunn, 2016).<\/p>\n\n\n\n<h2 class=\"wp-block-heading\"><strong>Respuestas a nivel internacional y medidas de promoci\u00f3n<\/strong><\/h2>\n\n\n\n<p>UNICEF inform\u00f3 sobre la existencia de centros de acogida abarrotados con enfermedades generalizadas, actividades educativas limitadas y malos resultados educativos para los ni\u00f1os con albinismo. Como consecuencia, el Comit\u00e9 Africano de Expertos sobre los Derechos y el Bienestar del Ni\u00f1o (ACERWC, por sus siglas en ingl\u00e9s) determin\u00f3 que el Gobierno hab\u00eda descuidado en gran medida sus responsabilidades conforme a la Carta Africana sobre los Derechos y el Bienestar del Ni\u00f1o en lo que respecta a los derechos y la protecci\u00f3n de los ni\u00f1os con albinismo (The Citizen, 2021).&nbsp;<\/p>\n\n\n\n<p>La comunidad albina, los grupos de defensa de los derechos humanos y las Naciones Unidas tambi\u00e9n han criticado al Gobierno tanzano por su fracaso a la hora de perseguir a los responsables de los sacrificios de albinos y por el lento avance de los casos que han llegado a los tribunales. De los 72 sacrifcios de albinos denunciados en Tanzania por la ONU, solo 5 han sido juzgados con \u00e9xito (Gilgoff, 2013).&nbsp;<\/p>\n\n\n\n<p>En 2024, algunos expertos de la ONU reiteraron su preocupaci\u00f3n por el continuo fracaso de Tanzania a la hora de afrontar los ataques contra las personas con albinismo, y declararon que este problema continuo viola su obligaci\u00f3n de <a href=\"https:\/\/www.humanium.org\/es\/infancia-con-discapacidades\/?gad_source=1&amp;gclid=Cj0KCQjwhb60BhClARIsABGGtw_TSD85hMUrSkLxCr_NXAisGB2OJQ-rw3S6g1Yfs_Rghvve8AFjDu4aArDcEALw_wcB\">proteger a los ni\u00f1os con discapacidad<\/a>. El Comit\u00e9 sobre los Derechos de las Personas con Discapacidad subray\u00f3 la necesidad que tiene Tanzania de adoptar medidas inmediatas e inequ\u00edvocas contra estos <a href=\"https:\/\/www.humanium.org\/es\/enfoques-tematicos\/violencia\/abuso-infantil\/\">abusos<\/a>. Recalc\u00f3 que el hecho de no actuar supondr\u00eda la aprobaci\u00f3n de los sacrificios humanos, lo que constituye una violaci\u00f3n de la Convenci\u00f3n sobre los Derechos de las Personas con Discapacidad (United Nations, 2024).&nbsp;<\/p>\n\n\n\n<h2 class=\"wp-block-heading\"><strong>Mejora de las condiciones de las personas con albinismo en \u00c1frica&nbsp;<\/strong><\/h2>\n\n\n\n<p>De ahora en adelante, el Gobierno tanzano debe priorizar la reintegraci\u00f3n de los ni\u00f1os con albinismo en sus comunidades y garantizar la <a href=\"https:\/\/www.humanium.org\/es\/derecho-proteccion\/\">provisi\u00f3n de espacios de vida seguros<\/a>. Asimismo, deber\u00eda continuar invirtiendo y persiguiendo a los responsables de los ataques contra este grupo vulnerable. De esta manera, Tanzania puede reforzar su compromiso con la justicia y la dignidad de los ni\u00f1os con albinismo, lo que se ajusta al Plan de Acci\u00f3n Regional sobre el albinismo en \u00c1frica aprobado en 2017 (Human Rights Watch, 2019).<\/p>\n\n\n\n<p>Para mejorar la situaci\u00f3n de las personas con albinismo en \u00c1frica, es esencial un enfoque colaborativo. Este incluye a profesionales de la medicina, como dermat\u00f3logos, adem\u00e1s de defensores de la salud p\u00fablica, educadores, trabajadores sociales, activistas de derechos humanos, las fuerzas del orden y grupos de apoyo gubernamentales. Algunas \u00e1reas en las que resulta esencial actuar incluyen educar a las personas en la lucha contra los estigmas y la <a href=\"https:\/\/www.humanium.org\/es\/enfoques-tematicos\/discriminacion\/\">discriminaci\u00f3n<\/a>, as\u00ed como garantizar el acceso a la atenci\u00f3n m\u00e9dica, la protecci\u00f3n legal y las oportunidades educativas inclusivas (Cruz-Inigo et al.,2011).&nbsp;<\/p>\n\n\n\n<figure class=\"wp-block-image size-large\"><img loading=\"lazy\" decoding=\"async\" width=\"1024\" height=\"683\" src=\"https:\/\/www.humanium.org\/es\/wp-content\/uploads\/2024\/08\/shutterstock_320720648-1024x683.jpg\" alt=\"\" class=\"wp-image-19022\" srcset=\"https:\/\/www.humanium.org\/es\/wp-content\/uploads\/2024\/08\/shutterstock_320720648-1024x683.jpg 1024w, https:\/\/www.humanium.org\/es\/wp-content\/uploads\/2024\/08\/shutterstock_320720648-300x200.jpg 300w, https:\/\/www.humanium.org\/es\/wp-content\/uploads\/2024\/08\/shutterstock_320720648-768x512.jpg 768w, https:\/\/www.humanium.org\/es\/wp-content\/uploads\/2024\/08\/shutterstock_320720648-1536x1024.jpg 1536w, https:\/\/www.humanium.org\/es\/wp-content\/uploads\/2024\/08\/shutterstock_320720648-2048x1365.jpg 2048w, https:\/\/www.humanium.org\/es\/wp-content\/uploads\/2024\/08\/shutterstock_320720648-830x553.jpg 830w, https:\/\/www.humanium.org\/es\/wp-content\/uploads\/2024\/08\/shutterstock_320720648-230x153.jpg 230w, https:\/\/www.humanium.org\/es\/wp-content\/uploads\/2024\/08\/shutterstock_320720648-350x233.jpg 350w, https:\/\/www.humanium.org\/es\/wp-content\/uploads\/2024\/08\/shutterstock_320720648-480x320.jpg 480w, https:\/\/www.humanium.org\/es\/wp-content\/uploads\/2024\/08\/shutterstock_320720648-272x182.jpg 272w\" sizes=\"auto, (max-width: 1024px) 100vw, 1024px\" \/><\/figure>\n\n\n\n<p>En Humanium, defendemos los derechos y el bienestar de los ni\u00f1os de todo el mundo, con especial atenci\u00f3n a los grupos marginados, como los ni\u00f1os albinos en Tanzania y en \u00c1frica en general. Puede contribuir a la causa <a href=\"https:\/\/www.humanium.org\/es\/donacion\/\">donando<\/a>, <a href=\"https:\/\/www.humanium.org\/es\/voluntariado\/\">haciendo voluntariado<\/a> o <a href=\"https:\/\/www.humanium.org\/es\/apadrinar-a-un-nino\/\">apadrinando a un ni\u00f1o<\/a>. Su apoyo nos ayuda a ofrecer a los ni\u00f1os vulnerables la oportunidad de recibir una educaci\u00f3n, atenci\u00f3n m\u00e9dica y tener un futuro mejor.<\/p>\n\n\n\n<p><em><strong>Escrito por Lidija Misic<\/strong><\/em><\/p>\n\n\n\n<p><em><strong>Traducido por Patricia Curto Guti\u00e9rrez<\/strong><\/em><\/p>\n\n\n\n<p><em><strong>Revisado por Gabriela Pacheco<\/strong><\/em><\/p>\n\n\n\n<h4 class=\"wp-block-heading\"><strong>Bibliograf\u00eda:<\/strong><\/h4>\n\n\n\n<p class=\"has-small-font-size\">Bever Lindsey (2015), Where albino body parts fetch big money, albinos still get butchered. Retrieved from Washington Post at <a href=\"https:\/\/www.washingtonpost.com\/news\/morning-mix\/wp\/2015\/03\/13\/how-tanzanias-upcoming-election-could-put-albinos-at-risk-for-attack\/\" target=\"_blank\" rel=\"noreferrer noopener\">https:\/\/www.washingtonpost.com\/news\/morning-mix\/wp\/2015\/03\/13\/how-tanzanias-upcoming-election-could-put-albinos-at-risk-for-attack\/<\/a>, accessed on June 25, 2024.<\/p>\n\n\n\n<p class=\"has-small-font-size\">Chu Christopher (2015), Past and contemporary myths and misconceptions of oculocutaneous albinism in Africa. Retrieved from Journal of the American Academy of Dermatology at <a href=\"https:\/\/www.jaad.org\/article\/S0190-9622(15)00237-6\/abstract\" target=\"_blank\" rel=\"noreferrer noopener\">https:\/\/www.jaad.org\/article\/S0190-9622(15)00237-6\/abstract<\/a>, accessed on June 25, 2024.<\/p>\n\n\n\n<p class=\"has-small-font-size\">Cruz-Inigo E Andres et al. (2011), Albinism in Africa: stigma, slaughter and awareness campaigns. Retrieved from National Library of Medicine at <a href=\"https:\/\/pubmed.ncbi.nlm.nih.gov\/21095532\/#:~:text=Albinism%20is%20caused%20by%20defective,as%20a%20result%20of%20consanguinity\" target=\"_blank\" rel=\"noreferrer noopener\">https:\/\/pubmed.ncbi.nlm.nih.gov\/21095532\/#:~:text=Albinism%20is%20caused%20by%20defective,as%20a%20result%20of%20consanguinity<\/a>, accessed on June 25, 2024.<\/p>\n\n\n\n<p class=\"has-small-font-size\">Dunn James (2016), Village of the damned: Rescue \u2018fortress\u2019 in Tanzania protects albinos from human hunters who want to sell their body parts to witch doctors. Retrieved from Daily Mail at <a href=\"https:\/\/www.dailymail.co.uk\/news\/article-3815938\/Village-damned-Rescue-fortress-Tanzania-protects-albinos-human-hunters-want-sell-body-parts-witch-doctors.html\" target=\"_blank\" rel=\"noreferrer noopener\">https:\/\/www.dailymail.co.uk\/news\/article-3815938\/Village-damned-Rescue-fortress-Tanzania-protects-albinos-human-hunters-want-sell-body-parts-witch-doctors.html<\/a>, accessed on June 29, 2024.<\/p>\n\n\n\n<p class=\"has-small-font-size\">Federico R. Justin &amp; Krishnamurthy Karthik (2023), Albinism. Retrieved from National Library of Medicine at <a href=\"https:\/\/www.ncbi.nlm.nih.gov\/books\/NBK519018\/\" target=\"_blank\" rel=\"noreferrer noopener\">https:\/\/www.ncbi.nlm.nih.gov\/books\/NBK519018\/<\/a>, accessed on June 29, 2024.<\/p>\n\n\n\n<p class=\"has-small-font-size\">Gilgoff Dan (2013), As Tanzania&#8217;s Albino Killings Continue, Unanswered Questions Raise Fears. Retrieved from National Geographic at <a href=\"https:\/\/www.nationalgeographic.com\/history\/article\/131011-albino-killings-witch-doctors-tanzania-superstition\" target=\"_blank\" rel=\"noreferrer noopener\">https:\/\/www.nationalgeographic.com\/history\/article\/131011-albino-killings-witch-doctors-tanzania-superstition<\/a>, accessed on June 25, 2024.&nbsp;<\/p>\n\n\n\n<p class=\"has-small-font-size\">Human Rights Watch (2019), \u201cIt Felt Like A Punishment\u201d: Growing Up with Albinism in Tanzania. Retrieved from Human Rights Watch at <a href=\"https:\/\/www.hrw.org\/news\/2019\/02\/09\/it-felt-punishment-growing-albinism-tanzania\" target=\"_blank\" rel=\"noreferrer noopener\">https:\/\/www.hrw.org\/news\/2019\/02\/09\/it-felt-punishment-growing-albinism-tanzania<\/a>, accessed on June 25, 2024.<\/p>\n\n\n\n<p class=\"has-small-font-size\">Kromberg R. G. Jennifer et al. (2023), Determining a Worldwide Prevalence of Oculocutaneous Albinism: A Systematic Review. Retrieved from National Library of Medicine at <a href=\"https:\/\/www.ncbi.nlm.nih.gov\/pmc\/articles\/PMC10353740\/\" target=\"_blank\" rel=\"noreferrer noopener\">https:\/\/www.ncbi.nlm.nih.gov\/pmc\/articles\/PMC10353740\/<\/a>, accessed on June 25, 2024.<\/p>\n\n\n\n<p class=\"has-small-font-size\">Rao Pavithra (2018), Ending albino persecution in Africa. Retrieved from United Nations digital magazine Africa Renewal at <a href=\"https:\/\/www.un.org\/africarenewal\/magazine\/december-2017-march-2018\/ending-albino-persecution-africa\" target=\"_blank\" rel=\"noreferrer noopener\">https:\/\/www.un.org\/africarenewal\/magazine\/december-2017-march-2018\/ending-albino-persecution-africa<\/a>, accessed on June 25, 2024.<\/p>\n\n\n\n<p class=\"has-small-font-size\">Reuters (2017), Attacked for Body Parts, Tanzanian Albino Children Get New Limbs in US. Retrieved from Voice of America at <a href=\"https:\/\/www.voanews.com\/a\/tanzanian-albino-children-new-limbs-united-states\/3882145.html\" target=\"_blank\" rel=\"noreferrer noopener\">https:\/\/www.voanews.com\/a\/tanzanian-albino-children-new-limbs-united-states\/3882145.html<\/a>, accessed on June 25, 2024.<\/p>\n\n\n\n<p class=\"has-small-font-size\">The Citizen (2021), Safe houses for children with albinism not safe anymore. Retrieved from The Citizen at <a href=\"https:\/\/www.thecitizen.co.tz\/tanzania\/news\/national\/safe-houses-for-children-with-albinism-not-safe-anymore-2554898\">https:\/\/www.thecitizen.co.tz\/<\/a><a href=\"https:\/\/www.thecitizen.co.tz\/tanzania\/news\/national\/safe-houses-for-children-with-albinism-not-safe-anymore-2554898\" target=\"_blank\" rel=\"noreferrer noopener\">tanzania<\/a><a href=\"https:\/\/www.thecitizen.co.tz\/tanzania\/news\/national\/safe-houses-for-children-with-albinism-not-safe-anymore-2554898\">\/news\/national\/safe-houses-for-children-with-albinism-not-safe-anymore-2554898<\/a>, accessed on June 29, 2024.<\/p>\n\n\n\n<p class=\"has-small-font-size\">United Nations (2024), Tanzania\u2019s lack of investigation and action equivalent to condoning ritual killings and mutilations of people with albinism, UN committee says. Retrieved from United Nations at <a href=\"https:\/\/www.ohchr.org\/en\/press-releases\/2024\/04\/tanzanias-lack-investigation-and-action-equivalent-condoning-ritual-killings\">https:\/\/www.ohchr.org\/en\/press-<\/a><a href=\"https:\/\/www.ohchr.org\/en\/press-releases\/2024\/04\/tanzanias-lack-investigation-and-action-equivalent-condoning-ritual-killings\" target=\"_blank\" rel=\"noreferrer noopener\">releases<\/a><a href=\"https:\/\/www.ohchr.org\/en\/press-releases\/2024\/04\/tanzanias-lack-investigation-and-action-equivalent-condoning-ritual-killings\">\/2024\/04\/tanzanias-lack-investigation-and-action-equivalent-condoning-ritual-killings<\/a>, accessed on June 25, 2024.<\/p>\n","protected":false},"excerpt":{"rendered":"<p>En algunas partes de \u00c1frica, existe un comercio alarmante impulsado por la creencia de que las partes del cuerpo de los albinos tienen poderes sobrenaturales. Por desgracia, los ni\u00f1os, especialmente vulnerables, son objeto de sacrificios humanos. Lamentablemente, la respuesta de Tanzania ante esta crisis no ha estado a la altura, pues tan solo una peque\u00f1a [&hellip;]<\/p>\n","protected":false},"author":56,"featured_media":19024,"comment_status":"closed","ping_status":"closed","sticky":false,"template":"","format":"standard","meta":{"footnotes":""},"categories":[148,159,145],"tags":[],"class_list":["post-19021","post","type-post","status-publish","format-standard","has-post-thumbnail","hentry","category-derechos-del-nino","category-explotacion","category-violencia"],"yoast_head":"<!-- This site is optimized with the Yoast SEO plugin v26.5 - https:\/\/yoast.com\/wordpress\/plugins\/seo\/ -->\n<title>C\u00f3mo el mito del albinismo pone en riesgo a los ni\u00f1os de Tanzania\u00a0 - Humanium<\/title>\n<meta name=\"description\" content=\"En algunas partes de \u00c1frica, los ni\u00f1os albinos, especialmente vulnerables, son objeto de asesinatos rituales.\" \/>\n<meta name=\"robots\" content=\"index, follow, max-snippet:-1, max-image-preview:large, max-video-preview:-1\" \/>\n<link rel=\"canonical\" href=\"https:\/\/www.humanium.org\/es\/como-el-mito-del-albinismo-pone-en-riesgo-a-los-ninos-de-tanzania\/\" \/>\n<meta property=\"og:locale\" content=\"es_ES\" \/>\n<meta property=\"og:type\" content=\"article\" \/>\n<meta property=\"og:title\" content=\"C\u00f3mo el mito del albinismo pone en riesgo a los ni\u00f1os de Tanzania\u00a0 - Humanium\" \/>\n<meta property=\"og:description\" content=\"En algunas partes de \u00c1frica, los ni\u00f1os albinos, especialmente vulnerables, son objeto de asesinatos rituales.\" \/>\n<meta property=\"og:url\" content=\"https:\/\/www.humanium.org\/es\/como-el-mito-del-albinismo-pone-en-riesgo-a-los-ninos-de-tanzania\/\" \/>\n<meta property=\"og:site_name\" content=\"Humanium\" \/>\n<meta property=\"article:published_time\" content=\"2024-08-06T18:52:12+00:00\" \/>\n<meta property=\"article:modified_time\" content=\"2024-08-06T18:52:13+00:00\" \/>\n<meta property=\"og:image\" content=\"https:\/\/www.humanium.org\/es\/wp-content\/uploads\/2024\/08\/shutterstock_2287143183-scaled.jpg\" \/>\n\t<meta property=\"og:image:width\" content=\"2560\" \/>\n\t<meta property=\"og:image:height\" content=\"1706\" \/>\n\t<meta property=\"og:image:type\" content=\"image\/jpeg\" \/>\n<meta name=\"author\" content=\"Lidija Misic\" \/>\n<meta name=\"twitter:card\" content=\"summary_large_image\" \/>\n<meta name=\"twitter:label1\" content=\"Escrito por\" \/>\n\t<meta name=\"twitter:data1\" content=\"Lidija Misic\" \/>\n\t<meta name=\"twitter:label2\" content=\"Tiempo de lectura\" \/>\n\t<meta name=\"twitter:data2\" content=\"9 minutos\" \/>\n<script type=\"application\/ld+json\" class=\"yoast-schema-graph\">{\"@context\":\"https:\/\/schema.org\",\"@graph\":[{\"@type\":\"WebPage\",\"@id\":\"https:\/\/www.humanium.org\/es\/como-el-mito-del-albinismo-pone-en-riesgo-a-los-ninos-de-tanzania\/\",\"url\":\"https:\/\/www.humanium.org\/es\/como-el-mito-del-albinismo-pone-en-riesgo-a-los-ninos-de-tanzania\/\",\"name\":\"C\u00f3mo el mito del albinismo pone en riesgo a los ni\u00f1os de Tanzania\u00a0 - Humanium\",\"isPartOf\":{\"@id\":\"https:\/\/www.humanium.org\/es\/#website\"},\"primaryImageOfPage\":{\"@id\":\"https:\/\/www.humanium.org\/es\/como-el-mito-del-albinismo-pone-en-riesgo-a-los-ninos-de-tanzania\/#primaryimage\"},\"image\":{\"@id\":\"https:\/\/www.humanium.org\/es\/como-el-mito-del-albinismo-pone-en-riesgo-a-los-ninos-de-tanzania\/#primaryimage\"},\"thumbnailUrl\":\"https:\/\/www.humanium.org\/es\/wp-content\/uploads\/2024\/08\/shutterstock_2287143183-scaled.jpg\",\"datePublished\":\"2024-08-06T18:52:12+00:00\",\"dateModified\":\"2024-08-06T18:52:13+00:00\",\"author\":{\"@id\":\"https:\/\/www.humanium.org\/es\/#\/schema\/person\/2604516ad538b905f156fd8132a03f2b\"},\"description\":\"En algunas partes de \u00c1frica, los ni\u00f1os albinos, especialmente vulnerables, son objeto de asesinatos rituales.\",\"breadcrumb\":{\"@id\":\"https:\/\/www.humanium.org\/es\/como-el-mito-del-albinismo-pone-en-riesgo-a-los-ninos-de-tanzania\/#breadcrumb\"},\"inLanguage\":\"es\",\"potentialAction\":[{\"@type\":\"ReadAction\",\"target\":[\"https:\/\/www.humanium.org\/es\/como-el-mito-del-albinismo-pone-en-riesgo-a-los-ninos-de-tanzania\/\"]}]},{\"@type\":\"ImageObject\",\"inLanguage\":\"es\",\"@id\":\"https:\/\/www.humanium.org\/es\/como-el-mito-del-albinismo-pone-en-riesgo-a-los-ninos-de-tanzania\/#primaryimage\",\"url\":\"https:\/\/www.humanium.org\/es\/wp-content\/uploads\/2024\/08\/shutterstock_2287143183-scaled.jpg\",\"contentUrl\":\"https:\/\/www.humanium.org\/es\/wp-content\/uploads\/2024\/08\/shutterstock_2287143183-scaled.jpg\",\"width\":2560,\"height\":1706},{\"@type\":\"BreadcrumbList\",\"@id\":\"https:\/\/www.humanium.org\/es\/como-el-mito-del-albinismo-pone-en-riesgo-a-los-ninos-de-tanzania\/#breadcrumb\",\"itemListElement\":[{\"@type\":\"ListItem\",\"position\":1,\"name\":\"Home\",\"item\":\"https:\/\/www.humanium.org\/es\/\"},{\"@type\":\"ListItem\",\"position\":2,\"name\":\"C\u00f3mo el mito del albinismo pone en riesgo a los ni\u00f1os de Tanzania\u00a0\"}]},{\"@type\":\"WebSite\",\"@id\":\"https:\/\/www.humanium.org\/es\/#website\",\"url\":\"https:\/\/www.humanium.org\/es\/\",\"name\":\"Humanium\",\"description\":\"\u00a1Los ni\u00f1os primero!\",\"potentialAction\":[{\"@type\":\"SearchAction\",\"target\":{\"@type\":\"EntryPoint\",\"urlTemplate\":\"https:\/\/www.humanium.org\/es\/?s={search_term_string}\"},\"query-input\":{\"@type\":\"PropertyValueSpecification\",\"valueRequired\":true,\"valueName\":\"search_term_string\"}}],\"inLanguage\":\"es\"},{\"@type\":\"Person\",\"@id\":\"https:\/\/www.humanium.org\/es\/#\/schema\/person\/2604516ad538b905f156fd8132a03f2b\",\"name\":\"Lidija Misic\",\"image\":{\"@type\":\"ImageObject\",\"inLanguage\":\"es\",\"@id\":\"https:\/\/www.humanium.org\/es\/#\/schema\/person\/image\/\",\"url\":\"https:\/\/secure.gravatar.com\/avatar\/691df8ac4519726e8c2a1bcfae6266ac632c00f4d291f52209e06f8ff5be2bdd?s=96&d=mm&r=g\",\"contentUrl\":\"https:\/\/secure.gravatar.com\/avatar\/691df8ac4519726e8c2a1bcfae6266ac632c00f4d291f52209e06f8ff5be2bdd?s=96&d=mm&r=g\",\"caption\":\"Lidija Misic\"},\"sameAs\":[\"https:\/\/www.linkedin.com\/in\/lidija-misic-abb274202\/\"],\"url\":\"https:\/\/www.humanium.org\/es\/author\/autor_lidijamisic\/\"}]}<\/script>\n<!-- \/ Yoast SEO plugin. -->","yoast_head_json":{"title":"C\u00f3mo el mito del albinismo pone en riesgo a los ni\u00f1os de Tanzania\u00a0 - Humanium","description":"En algunas partes de \u00c1frica, los ni\u00f1os albinos, especialmente vulnerables, son objeto de asesinatos rituales.","robots":{"index":"index","follow":"follow","max-snippet":"max-snippet:-1","max-image-preview":"max-image-preview:large","max-video-preview":"max-video-preview:-1"},"canonical":"https:\/\/www.humanium.org\/es\/como-el-mito-del-albinismo-pone-en-riesgo-a-los-ninos-de-tanzania\/","og_locale":"es_ES","og_type":"article","og_title":"C\u00f3mo el mito del albinismo pone en riesgo a los ni\u00f1os de Tanzania\u00a0 - Humanium","og_description":"En algunas partes de \u00c1frica, los ni\u00f1os albinos, especialmente vulnerables, son objeto de asesinatos rituales.","og_url":"https:\/\/www.humanium.org\/es\/como-el-mito-del-albinismo-pone-en-riesgo-a-los-ninos-de-tanzania\/","og_site_name":"Humanium","article_published_time":"2024-08-06T18:52:12+00:00","article_modified_time":"2024-08-06T18:52:13+00:00","og_image":[{"width":2560,"height":1706,"url":"https:\/\/www.humanium.org\/es\/wp-content\/uploads\/2024\/08\/shutterstock_2287143183-scaled.jpg","type":"image\/jpeg"}],"author":"Lidija Misic","twitter_card":"summary_large_image","twitter_misc":{"Escrito por":"Lidija Misic","Tiempo de lectura":"9 minutos"},"schema":{"@context":"https:\/\/schema.org","@graph":[{"@type":"WebPage","@id":"https:\/\/www.humanium.org\/es\/como-el-mito-del-albinismo-pone-en-riesgo-a-los-ninos-de-tanzania\/","url":"https:\/\/www.humanium.org\/es\/como-el-mito-del-albinismo-pone-en-riesgo-a-los-ninos-de-tanzania\/","name":"C\u00f3mo el mito del albinismo pone en riesgo a los ni\u00f1os de Tanzania\u00a0 - Humanium","isPartOf":{"@id":"https:\/\/www.humanium.org\/es\/#website"},"primaryImageOfPage":{"@id":"https:\/\/www.humanium.org\/es\/como-el-mito-del-albinismo-pone-en-riesgo-a-los-ninos-de-tanzania\/#primaryimage"},"image":{"@id":"https:\/\/www.humanium.org\/es\/como-el-mito-del-albinismo-pone-en-riesgo-a-los-ninos-de-tanzania\/#primaryimage"},"thumbnailUrl":"https:\/\/www.humanium.org\/es\/wp-content\/uploads\/2024\/08\/shutterstock_2287143183-scaled.jpg","datePublished":"2024-08-06T18:52:12+00:00","dateModified":"2024-08-06T18:52:13+00:00","author":{"@id":"https:\/\/www.humanium.org\/es\/#\/schema\/person\/2604516ad538b905f156fd8132a03f2b"},"description":"En algunas partes de \u00c1frica, los ni\u00f1os albinos, especialmente vulnerables, son objeto de asesinatos rituales.","breadcrumb":{"@id":"https:\/\/www.humanium.org\/es\/como-el-mito-del-albinismo-pone-en-riesgo-a-los-ninos-de-tanzania\/#breadcrumb"},"inLanguage":"es","potentialAction":[{"@type":"ReadAction","target":["https:\/\/www.humanium.org\/es\/como-el-mito-del-albinismo-pone-en-riesgo-a-los-ninos-de-tanzania\/"]}]},{"@type":"ImageObject","inLanguage":"es","@id":"https:\/\/www.humanium.org\/es\/como-el-mito-del-albinismo-pone-en-riesgo-a-los-ninos-de-tanzania\/#primaryimage","url":"https:\/\/www.humanium.org\/es\/wp-content\/uploads\/2024\/08\/shutterstock_2287143183-scaled.jpg","contentUrl":"https:\/\/www.humanium.org\/es\/wp-content\/uploads\/2024\/08\/shutterstock_2287143183-scaled.jpg","width":2560,"height":1706},{"@type":"BreadcrumbList","@id":"https:\/\/www.humanium.org\/es\/como-el-mito-del-albinismo-pone-en-riesgo-a-los-ninos-de-tanzania\/#breadcrumb","itemListElement":[{"@type":"ListItem","position":1,"name":"Home","item":"https:\/\/www.humanium.org\/es\/"},{"@type":"ListItem","position":2,"name":"C\u00f3mo el mito del albinismo pone en riesgo a los ni\u00f1os de Tanzania\u00a0"}]},{"@type":"WebSite","@id":"https:\/\/www.humanium.org\/es\/#website","url":"https:\/\/www.humanium.org\/es\/","name":"Humanium","description":"\u00a1Los ni\u00f1os primero!","potentialAction":[{"@type":"SearchAction","target":{"@type":"EntryPoint","urlTemplate":"https:\/\/www.humanium.org\/es\/?s={search_term_string}"},"query-input":{"@type":"PropertyValueSpecification","valueRequired":true,"valueName":"search_term_string"}}],"inLanguage":"es"},{"@type":"Person","@id":"https:\/\/www.humanium.org\/es\/#\/schema\/person\/2604516ad538b905f156fd8132a03f2b","name":"Lidija Misic","image":{"@type":"ImageObject","inLanguage":"es","@id":"https:\/\/www.humanium.org\/es\/#\/schema\/person\/image\/","url":"https:\/\/secure.gravatar.com\/avatar\/691df8ac4519726e8c2a1bcfae6266ac632c00f4d291f52209e06f8ff5be2bdd?s=96&d=mm&r=g","contentUrl":"https:\/\/secure.gravatar.com\/avatar\/691df8ac4519726e8c2a1bcfae6266ac632c00f4d291f52209e06f8ff5be2bdd?s=96&d=mm&r=g","caption":"Lidija Misic"},"sameAs":["https:\/\/www.linkedin.com\/in\/lidija-misic-abb274202\/"],"url":"https:\/\/www.humanium.org\/es\/author\/autor_lidijamisic\/"}]}},"_links":{"self":[{"href":"https:\/\/www.humanium.org\/es\/wp-json\/wp\/v2\/posts\/19021","targetHints":{"allow":["GET"]}}],"collection":[{"href":"https:\/\/www.humanium.org\/es\/wp-json\/wp\/v2\/posts"}],"about":[{"href":"https:\/\/www.humanium.org\/es\/wp-json\/wp\/v2\/types\/post"}],"author":[{"embeddable":true,"href":"https:\/\/www.humanium.org\/es\/wp-json\/wp\/v2\/users\/56"}],"replies":[{"embeddable":true,"href":"https:\/\/www.humanium.org\/es\/wp-json\/wp\/v2\/comments?post=19021"}],"version-history":[{"count":3,"href":"https:\/\/www.humanium.org\/es\/wp-json\/wp\/v2\/posts\/19021\/revisions"}],"predecessor-version":[{"id":19027,"href":"https:\/\/www.humanium.org\/es\/wp-json\/wp\/v2\/posts\/19021\/revisions\/19027"}],"wp:featuredmedia":[{"embeddable":true,"href":"https:\/\/www.humanium.org\/es\/wp-json\/wp\/v2\/media\/19024"}],"wp:attachment":[{"href":"https:\/\/www.humanium.org\/es\/wp-json\/wp\/v2\/media?parent=19021"}],"wp:term":[{"taxonomy":"category","embeddable":true,"href":"https:\/\/www.humanium.org\/es\/wp-json\/wp\/v2\/categories?post=19021"},{"taxonomy":"post_tag","embeddable":true,"href":"https:\/\/www.humanium.org\/es\/wp-json\/wp\/v2\/tags?post=19021"}],"curies":[{"name":"wp","href":"https:\/\/api.w.org\/{rel}","templated":true}]}}