{"id":19128,"date":"2024-09-17T17:27:42","date_gmt":"2024-09-17T17:27:42","guid":{"rendered":"https:\/\/www.humanium.org\/es\/?p=19128"},"modified":"2025-12-13T21:44:51","modified_gmt":"2025-12-13T21:44:51","slug":"la-proteccion-de-la-privacidad-de-los-ninos-en-francia-una-reforma-legislativa-sobre-los-derechos-de-imagen","status":"publish","type":"post","link":"https:\/\/www.humanium.org\/es\/la-proteccion-de-la-privacidad-de-los-ninos-en-francia-una-reforma-legislativa-sobre-los-derechos-de-imagen\/","title":{"rendered":"La protecci\u00f3n de la privacidad de los ni\u00f1os en Francia: una reforma legislativa sobre los derechos de imagen"},"content":{"rendered":"\n<p><strong>Ante el auge de las redes sociales y el fen\u00f3meno del <\/strong><a href=\"https:\/\/www.humanium.org\/es\/derechos-de-la-infancia-y-tecnologias-digitales-la-privacidad-de-la-infancia-en-la-era-de-las-redes-sociales-los-peligros-del-sharenting\/\"><strong><em>sharenting<\/em><\/strong><\/a><strong>, la ley francesa del 19 de febrero de 2024 supone un avance significativo en materia de <\/strong><a href=\"https:\/\/www.humanium.org\/es\/derecho-proteccion\/#:~:text=Marco%20de%20protecci%C3%B3n%20para%20los%20ni%C3%B1os\"><strong>protecci\u00f3n<\/strong><\/a><strong> de los derechos del ni\u00f1o. Al introducir expl\u00edcitamente el derecho a la imagen de los menores en el C\u00f3digo Civil, esta reforma tiene como objetivo enmarcar las pr\u00e1cticas parentales a menudo inconscientes de los peligros relacionados con la difusi\u00f3n de im\u00e1genes de ni\u00f1os en l\u00ednea.&nbsp;<\/strong><\/p>\n\n\n\n<h2 class=\"wp-block-heading\"><strong>Una evoluci\u00f3n legislativa muy esperada<\/strong><\/h2>\n\n\n\n<p>En febrero de 2024, <a href=\"https:\/\/www.humanium.org\/es\/francia\/\">Francia<\/a> dio un nuevo paso en el terreno de la protecci\u00f3n de los derechos de los ni\u00f1os con la aprobaci\u00f3n de la Ley n\u00fam. 2024-120. Este texto marca un punto de inflexi\u00f3n al introducir expl\u00edcitamente el derecho a la imagen del ni\u00f1o en el C\u00f3digo Civil, dentro de las disposiciones relativas a la autoridad parental. <\/p>\n\n\n\n<p>Si bien el fen\u00f3meno del <em>sharenting<\/em> (la pr\u00e1ctica de compartir im\u00e1genes de los hijos en las redes sociales) se ha intensificado con el auge digital, esta legislaci\u00f3n pretende enmarcar una pr\u00e1ctica que, aunque a menudo se perciba como inofensiva, puede tener graves consecuencias para <a href=\"https:\/\/www.humanium.org\/es\/derechos-de-la-infancia-y-tecnologias-digitales-la-privacidad-de-la-infancia-en-la-era-de-las-redes-sociales-los-peligros-del-sharenting\/\">la privacidad<\/a> de los menores (Le Monde, 2024).<\/p>\n\n\n\n<p>Antes de esta ley, el derecho a la imagen del ni\u00f1o solo estaba protegido indirectamente por la jurisprudencia. Los padres eran los defensores por defecto de la imagen de sus hijos, pero no hab\u00eda ninguna legislaci\u00f3n espec\u00edfica en el C\u00f3digo Civil que regulara esta responsabilidad. <\/p>\n\n\n\n<p>Con esta reforma, el legislador ha dejado claro que la protecci\u00f3n de <a href=\"https:\/\/www.humanium.org\/es\/derechos-de-la-infancia-y-tecnologias-digitales-la-privacidad-de-la-infancia-en-la-era-de-las-redes-sociales-los-peligros-del-sharenting\/\">la privacidad del ni\u00f1o<\/a> y de su imagen debe ser una prioridad para los tutores legales. A los padres, a menudo inconscientes de los peligros asociados con la distribuci\u00f3n de im\u00e1genes de sus hijos en Internet, se les recuerda ahora que no tienen el derecho absoluto sobre este aspecto de la vida de sus hijos. (Mallevaey, 2024).<\/p>\n\n\n\n<h2 class=\"wp-block-heading\"><strong>Una respuesta a los desaf\u00edos digitales<\/strong><\/h2>\n\n\n\n<figure class=\"wp-block-image size-large\"><img loading=\"lazy\" decoding=\"async\" width=\"1024\" height=\"683\" src=\"https:\/\/www.humanium.org\/es\/wp-content\/uploads\/2024\/09\/shutterstock_1309145149-1024x683.jpg\" alt=\"\" class=\"wp-image-19130\" srcset=\"https:\/\/www.humanium.org\/es\/wp-content\/uploads\/2024\/09\/shutterstock_1309145149-1024x683.jpg 1024w, https:\/\/www.humanium.org\/es\/wp-content\/uploads\/2024\/09\/shutterstock_1309145149-300x200.jpg 300w, https:\/\/www.humanium.org\/es\/wp-content\/uploads\/2024\/09\/shutterstock_1309145149-768x512.jpg 768w, https:\/\/www.humanium.org\/es\/wp-content\/uploads\/2024\/09\/shutterstock_1309145149-1536x1024.jpg 1536w, https:\/\/www.humanium.org\/es\/wp-content\/uploads\/2024\/09\/shutterstock_1309145149-2048x1365.jpg 2048w, https:\/\/www.humanium.org\/es\/wp-content\/uploads\/2024\/09\/shutterstock_1309145149-830x553.jpg 830w, https:\/\/www.humanium.org\/es\/wp-content\/uploads\/2024\/09\/shutterstock_1309145149-230x153.jpg 230w, https:\/\/www.humanium.org\/es\/wp-content\/uploads\/2024\/09\/shutterstock_1309145149-350x233.jpg 350w, https:\/\/www.humanium.org\/es\/wp-content\/uploads\/2024\/09\/shutterstock_1309145149-480x320.jpg 480w, https:\/\/www.humanium.org\/es\/wp-content\/uploads\/2024\/09\/shutterstock_1309145149-272x182.jpg 272w\" sizes=\"auto, (max-width: 1024px) 100vw, 1024px\" \/><\/figure>\n\n\n\n<p>La tecnolog\u00eda digital ha transformado la sociedad y, por extensi\u00f3n, las relaciones familiares. De media, el 53% de los padres franceses publican im\u00e1genes de sus hijos en Internet y un ni\u00f1o aparece en 1300 fotograf\u00edas publicadas en Internet antes de los 13 a\u00f1os, seg\u00fan el Observatorio de la Paternidad y la Educaci\u00f3n Digital (Baillon-Wirtz, 2024).<\/p>\n\n\n\n<p>El legislador subraya que estas fotograf\u00edas podr\u00edan, en el futuro, da\u00f1ar al ni\u00f1o y ser utilizadas indebidamente con fines maliciosos, especialmente en casos de ciberacoso. Otro peligro radica en <a href=\"https:\/\/www.humanium.org\/es\/los-peligros-de-navegar-por-internet-para-los-ninos\">publicar im\u00e1genes de desnudos<\/a> o en traje de ba\u00f1o. Los eurodiputados advierten: la mitad de las fotograf\u00edas que circulan en foros de pornograf\u00eda infantil proceden de contenidos inicialmente <a href=\"https:\/\/www.humanium.org\/es\/derechos-de-la-infancia-y-tecnologias-digitales-la-privacidad-de-la-infancia-en-la-era-de-las-redes-sociales-los-peligros-del-sharenting\/\">compartidos por los padres<\/a> o los propios ni\u00f1os (France Culture, 2024).<\/p>\n\n\n\n<p>En este sentido, la ley de 2024 no solo declara intenciones: ofrece herramientas concretas para proteger a los ni\u00f1os. A partir de ahora, ambos padres deber\u00e1n consultarse y actuar conjuntamente para cualquier difusi\u00f3n de im\u00e1genes de su hijo, teniendo en cuenta la opini\u00f3n de este \u00faltimo. En caso de desacuerdo, el juez puede intervenir y prohibir a uno de los padres publicar contenidos sin el acuerdo del otro. Este sistema se acompa\u00f1a de la posibilidad de que el juez ordene la delegaci\u00f3n forzosa de la patria potestad en caso de da\u00f1o grave a la dignidad o integridad moral del ni\u00f1o (Le Monde, 2024).<\/p>\n\n\n\n<h2 class=\"wp-block-heading\"><strong>Protecci\u00f3n reforzada, pero \u00bfes suficiente?<\/strong><\/h2>\n\n\n\n<p>Si bien esta legislaci\u00f3n marca un innegable paso adelante, tambi\u00e9n plantea dudas sobre su eficacia real. Voces cr\u00edticas, como la de la presidenta de La Voix de l&#8217;Enfant, Martine Brousse, consideran que la ley carece de ambici\u00f3n, aunque aplauden la iniciativa pol\u00edtica. Brousse pide una reflexi\u00f3n m\u00e1s profunda y la elaboraci\u00f3n de una legislaci\u00f3n m\u00e1s ambiciosa sobre <a href=\"https:\/\/www.humanium.org\/es\/los-peligros-de-navegar-por-internet-para-los-ninos\/#:~:text=Al%20navegar%20por%20Internet%2C%20los,suicidio%20(UNICEF%2C%202023).\">el entorno digital.<\/a>&nbsp;<\/p>\n\n\n\n<p>Otros, como el diputado <em>rebelde<\/em> de Loire-Atlantique, Andy Kerbrat, ven esta ley como respuesta parcial a un vac\u00edo legal, pero insisten en la necesidad de medidas m\u00e1s amplias, como el establecimiento de equipos especializados para detectar mejor los <a href=\"https:\/\/www.humanium.org\/es\/enfoques-tematicos\/violencia\/abuso-infantil\">malos tratos<\/a> y fortalecer los mecanismos de control. (Alfonsi, 2024).<\/p>\n\n\n\n<p>Para algunos observadores, esta ley es m\u00e1s un simbolismo que una transformaci\u00f3n real de las pr\u00e1cticas parentales. De hecho, a pesar de este marco m\u00e1s estricto, los medios concretos para hacer cumplir esta nueva legislaci\u00f3n siguen siendo limitados. Un ni\u00f1o menor de edad no tiene capacidad para emprender acciones legales contra sus propios padres para proteger su imagen, lo que muchas veces lo deja sin recursos ante una exposici\u00f3n no deseada (Mallevaey, 2024).<\/p>\n\n\n\n<p>Por tanto, esta ley no puede pretender resolver todos los problemas relacionados con la protecci\u00f3n de los derechos de imagen de los ni\u00f1os. Por ejemplo, no cubre la distribuci\u00f3n de fotograf\u00edas por parte de familiares o amigos, porque limita la protecci\u00f3n de los derechos de imagen a los tutores legales, por lo que la responsabilidad recae \u00fanicamente en los padres (Baillon-Wirtz, 2024).<\/p>\n\n\n\n<h2 class=\"wp-block-heading\"><strong>Una evoluci\u00f3n positiva&nbsp;<\/strong><\/h2>\n\n\n\n<p>La ley de 2024 es parte de una serie de <a href=\"https:\/\/www.humanium.org\/es\/aprobacion-historica-del-comite-de-los-derechos-del-nino-de-la-observacion-general-sobre-los-derechos-de-los-ninos-en-el-entorno-digital\/\">reformas legislativas<\/a> recientes destinadas a regular mejor el uso de im\u00e1genes infantiles en el entorno digital. Complementa otros avances como la regulaci\u00f3n de la explotaci\u00f3n comercial de la imagen de menores o el establecimiento de una mayor\u00eda de edad digital fijada en los 15 a\u00f1os, edad a partir de la cual un menor puede consentir en solitario el tratamiento de sus datos de car\u00e1cter personal (D\u00e9fenseur des droits, 2022).<\/p>\n\n\n\n<p>La ley del 19 de febrero de 2024 es una respuesta significativa a los desaf\u00edos que plantean los entornos digitales en la vida privada de los ni\u00f1os. Si no revoluciona las costumbres, esta ley env\u00eda una fuerte se\u00f1al a los padres sobre la importancia de proteger la imagen de sus hijos. El respeto a la <a href=\"https:\/\/www.humanium.org\/es\/derechos-de-la-infancia-y-tecnologias-digitales-la-privacidad-de-la-infancia-en-la-era-de-las-redes-sociales-los-peligros-del-sharenting\/\">privacidad<\/a> de los ni\u00f1os es ahora una prioridad legal, pero corresponde a la sociedad en su conjunto garantizar que esta prioridad se traduzca en acciones concretas y efectivas.&nbsp;<\/p>\n\n\n\n<h2 class=\"wp-block-heading\"><strong>Hacia la necesaria concienciaci\u00f3n entre los padres<\/strong><\/h2>\n\n\n\n<p>Para que esta ley alcance plenamente sus objetivos debe ir acompa\u00f1ada de una amplia campa\u00f1a de sensibilizaci\u00f3n entre los padres. El desaf\u00edo no es solo legal, sino tambi\u00e9n <a href=\"https:\/\/www.humanium.org\/es\/derecho-educacion\">educativo.<\/a> Comprender los riesgos asociados con la publicaci\u00f3n de im\u00e1genes de ni\u00f1os en las redes sociales es esencial para prevenir situaciones da\u00f1inas. Las campa\u00f1as de informaci\u00f3n, como las sugeridas por los expertos, podr\u00edan incluir videos educativos, emitidos por televisi\u00f3n o por internet, que ilustren los peligros potenciales y las buenas pr\u00e1cticas a adoptar. (Alfonsi, 2024).<\/p>\n\n\n\n<p>Tambi\u00e9n es crucial fortalecer las herramientas de control parental y proporcionar herramientas que permitan a los padres proteger eficazmente a sus hijos cuando est\u00e1n <a href=\"https:\/\/www.humanium.org\/es\/los-peligros-de-navegar-por-internet-para-los-ninos\">conectados<\/a>. La generalizaci\u00f3n del control parental sobre los medios de acceso a Internet, incluido en leyes anteriores, debe verse como un complemento imprescindible de esta legislaci\u00f3n. (Baillon-Wirtz, 2024).<\/p>\n\n\n\n<figure class=\"wp-block-image size-large\"><img loading=\"lazy\" decoding=\"async\" width=\"1024\" height=\"683\" src=\"https:\/\/www.humanium.org\/es\/wp-content\/uploads\/2024\/09\/shutterstock_491274799-1024x683.jpg\" alt=\"\" class=\"wp-image-19129\" srcset=\"https:\/\/www.humanium.org\/es\/wp-content\/uploads\/2024\/09\/shutterstock_491274799-1024x683.jpg 1024w, https:\/\/www.humanium.org\/es\/wp-content\/uploads\/2024\/09\/shutterstock_491274799-300x200.jpg 300w, https:\/\/www.humanium.org\/es\/wp-content\/uploads\/2024\/09\/shutterstock_491274799-768x512.jpg 768w, https:\/\/www.humanium.org\/es\/wp-content\/uploads\/2024\/09\/shutterstock_491274799-1536x1024.jpg 1536w, https:\/\/www.humanium.org\/es\/wp-content\/uploads\/2024\/09\/shutterstock_491274799-2048x1365.jpg 2048w, https:\/\/www.humanium.org\/es\/wp-content\/uploads\/2024\/09\/shutterstock_491274799-830x553.jpg 830w, https:\/\/www.humanium.org\/es\/wp-content\/uploads\/2024\/09\/shutterstock_491274799-230x153.jpg 230w, https:\/\/www.humanium.org\/es\/wp-content\/uploads\/2024\/09\/shutterstock_491274799-350x233.jpg 350w, https:\/\/www.humanium.org\/es\/wp-content\/uploads\/2024\/09\/shutterstock_491274799-480x320.jpg 480w, https:\/\/www.humanium.org\/es\/wp-content\/uploads\/2024\/09\/shutterstock_491274799-272x182.jpg 272w\" sizes=\"auto, (max-width: 1024px) 100vw, 1024px\" \/><\/figure>\n\n\n\n<p>Humanium se dedica a proteger los derechos de los ni\u00f1os, lo que incluye garantizar que se respete su derecho a la privacidad manteniendo a los ni\u00f1os seguros en el mundo digital. Por ejemplo, en 2021, Humanium propuso una <a href=\"https:\/\/www.humanium.org\/es\/aprobacion-historica-del-comite-de-los-derechos-del-nino-de-la-observacion-general-sobre-los-derechos-de-los-ninos-en-el-entorno-digital\/\">contribuci\u00f3n<\/a> a la Observaci\u00f3n general n.\u00b0 25, en respuesta a la llamada de las Naciones Unidas para involucrar a las ONG en el desarrollo de directrices sobre la protecci\u00f3n de los derechos de los ni\u00f1os en los entornos digitales. Su participaci\u00f3n es importante. Considere <a href=\"https:\/\/www.humanium.org\/es\/voluntariado\/\">ser voluntario<\/a>, convertirse en miembro o <a href=\"https:\/\/www.humanium.org\/es\/donacion\/\">hacer una donaci\u00f3n<\/a> si nuestra misi\u00f3n es importante para usted.<\/p>\n\n\n\n<p><em><strong>Escrito por Jeanne-Marie Quashie<\/strong><\/em><\/p>\n\n\n\n<p><em><strong>Traducido por Sandra Contreras<\/strong><\/em><\/p>\n\n\n\n<p><em><strong>Revisado por Nieves Carazo<\/strong><\/em><\/p>\n\n\n\n<h4 class=\"wp-block-heading\"><strong>Bibliograf\u00eda:<\/strong><\/h4>\n\n\n\n<p class=\"has-small-font-size\">Alfonsi Mathieu, Droit \u00e0 l\u2019image des enfants sur les r\u00e9seaux sociaux&nbsp;: cette nouvelle loi est une avanc\u00e9e, mais elle ne suffit pas (2024), r\u00e9cup\u00e9r\u00e9 du site Huffpost \u00e0 <a href=\"https:\/\/www.huffingtonpost.fr\/life\/article\/droit-a-l-image-des-enfants-sur-les-reseaux-sociaux-cette-nouvelle-loi-est-une-avancee-mais-elle-ne-suffit-pas_229446.html\" target=\"_blank\" rel=\"noreferrer noopener\">https:\/\/www.huffingtonpost.fr\/life\/article\/droit-a-l-image-des-enfants-sur-les-reseaux-sociaux-cette-nouvelle-loi-est-une-avancee-mais-elle-ne-suffit-pas_229446.html<\/a> , consult\u00e9 le 9 Ao\u00fbt 2024.<\/p>\n\n\n\n<p class=\"has-small-font-size\">Baillon-Wirtz Nathalie, L\u2019enfant aussi a une vie priv\u00e9e et un droit \u00e0 l\u2019image (2024), r\u00e9cup\u00e9r\u00e9 du site le club des juristes \u00e0 <a href=\"https:\/\/www.leclubdesjuristes.com\/justice\/lenfant-aussi-a-une-vie-privee-et-un-droit-a-limage-5145\/\" target=\"_blank\" rel=\"noreferrer noopener\">https:\/\/www.leclubdesjuristes.com\/justice\/lenfant-aussi-a-une-vie-privee-et-un-droit-a-limage-5145\/<\/a> , consult\u00e9 le 9 Ao\u00fbt 2024.&nbsp;<\/p>\n\n\n\n<p class=\"has-small-font-size\">France Culture, Droit \u00e0 l&#8217;image des enfants&nbsp;: quels objectifs pour la nouvelle loi adopt\u00e9e \u00e0 l&#8217;Assembl\u00e9e&nbsp;? (2024) r\u00e9cup\u00e9r\u00e9 du site Radio France \u00e0 <a href=\"https:\/\/www.radiofrance.fr\/franceculture\/podcasts\/un-monde-connecte\/droit-a-l-image-des-enfants-quels-objectifs-pour-la-nouvelle-loi-adoptee-a-l-assemblee-4481021\">https:\/\/www.radiofrance.fr\/franceculture\/podcasts\/un-monde-connecte\/droit-a-l-image-des-<\/a><a href=\"https:\/\/www.radiofrance.fr\/franceculture\/podcasts\/un-monde-connecte\/droit-a-l-image-des-enfants-quels-objectifs-pour-la-nouvelle-loi-adoptee-a-l-assemblee-4481021\" target=\"_blank\" rel=\"noreferrer noopener\">enfants-quels-objectifs-pour-la-nouvelle-loi-adoptee-a-l-assemblee-4481021<\/a> , consult\u00e9 le 09 ao\u00fbt 2024.&nbsp;<\/p>\n\n\n\n<p class=\"has-small-font-size\">Le D\u00e9fenseur des Droits, Rapport 2022 La vie priv\u00e9e : un droit pour l\u2019enfant (2022), r\u00e9cup\u00e9r\u00e9 du site le D\u00e9fenseur des Droits \u00e0 <a href=\"https:\/\/www.defenseurdesdroits.fr\/rapport-annuel-sur-les-droits-de-lenfant-2022-la-vie-privee-un-droit-pour-lenfant-262\" target=\"_blank\" rel=\"noreferrer noopener\">https:\/\/www.defenseurdesdroits.fr\/rapport-annuel-sur-les-droits-de-lenfant-2022-la-vie-privee-un-droit-pour-lenfant-262<\/a> , consult\u00e9 le 9 Ao\u00fbt 2024.<\/p>\n\n\n\n<p class=\"has-small-font-size\">Le Monde, Une loi pour mieux prot\u00e9ger le droit \u00e0 l\u2019image des enfants face aux comportements de certains parents adopt\u00e9e par l\u2019Assembl\u00e9e nationale (2024), r\u00e9cup\u00e9r\u00e9 du site Le Monde \u00e0 <a href=\"https:\/\/www.lemonde.fr\/pixels\/article\/2024\/02\/06\/l-assemblee-nationale-adopte-definitivement-une-loi-pour-proteger-le-droit-a-l-image-des-enfants_6215094_4408996.html\">https:\/\/www.lemonde.fr\/pixels\/<\/a><a href=\"https:\/\/www.lemonde.fr\/pixels\/article\/2024\/02\/06\/l-assemblee-nationale-adopte-definitivement-une-loi-pour-proteger-le-droit-a-l-image-des-enfants_6215094_4408996.html\" target=\"_blank\" rel=\"noreferrer noopener\">article\/2024\/02\/06\/l-assemblee-nationale-adopte-definitivement-une-loi-pour-proteger-le-droit-a-l-image-des-enfants_6215094_4408996.html<\/a> , consult\u00e9 le 9 Ao\u00fbt 2024.&nbsp;<\/p>\n\n\n\n<p class=\"has-small-font-size\">Mallevaey Blandine, Loi du 19 f\u00e9vrier 2024 sur le droit des enfants au respect de leur image : l\u2019illustration parfaite d\u2019un texte incoh\u00e9rent, inutile et incomplet ? (2024), r\u00e9cup\u00e9r\u00e9 du site Actu juridiques \u00e0 <a href=\"https:\/\/www.actu-juridique.fr\/civil\/personnes-famille\/loi-du-19-fevrier-2024-sur-le-droit-des-enfants-au-respect-de-leur-image-lillustration-parfaite-dun-texte-incoherent-inutile-et-incomplet\/\" target=\"_blank\" rel=\"noreferrer noopener\">https:\/\/www.actu-juridique.fr\/civil\/personnes-famille\/loi-du-19-fevrier-2024-sur-le-droit-des-enfants-au-respect-de-leur-image-lillustration-parfaite-dun-texte-incoherent-inutile-et-incomplet\/<\/a> , consult\u00e9 le 9 Ao\u00fbt 2024.<\/p>\n","protected":false},"excerpt":{"rendered":"<p>Ante el auge de las redes sociales y el fen\u00f3meno del sharenting, la ley francesa del 19 de febrero de 2024 supone un avance significativo en materia de protecci\u00f3n de los derechos del ni\u00f1o. Al introducir expl\u00edcitamente el derecho a la imagen de los menores en el C\u00f3digo Civil, esta reforma tiene como objetivo enmarcar [&hellip;]<\/p>\n","protected":false},"author":64,"featured_media":19131,"comment_status":"closed","ping_status":"closed","sticky":false,"template":"","format":"standard","meta":{"footnotes":""},"categories":[148,3,163],"tags":[],"class_list":["post-19128","post","type-post","status-publish","format-standard","has-post-thumbnail","hentry","category-derechos-del-nino","category-derechos-humanos","category-entorno-digital"],"yoast_head":"<!-- This site is optimized with the Yoast SEO plugin v26.5 - https:\/\/yoast.com\/wordpress\/plugins\/seo\/ -->\n<title>La protecci\u00f3n de la privacidad de los ni\u00f1os en Francia: una reforma legislativa sobre los derechos de imagen - Humanium<\/title>\n<meta name=\"description\" content=\"Ante el auge de las redes sociales y el \u00absharenting\u00bb, una nueva ley francesa supone un importante paso adelante en la protecci\u00f3n de los derechos del menor.\" \/>\n<meta name=\"robots\" content=\"index, follow, max-snippet:-1, max-image-preview:large, max-video-preview:-1\" \/>\n<link rel=\"canonical\" href=\"https:\/\/www.humanium.org\/es\/la-proteccion-de-la-privacidad-de-los-ninos-en-francia-una-reforma-legislativa-sobre-los-derechos-de-imagen\/\" \/>\n<meta property=\"og:locale\" content=\"es_ES\" \/>\n<meta property=\"og:type\" content=\"article\" \/>\n<meta property=\"og:title\" content=\"La protecci\u00f3n de la privacidad de los ni\u00f1os en Francia: una reforma legislativa sobre los derechos de imagen - Humanium\" \/>\n<meta property=\"og:description\" content=\"Ante el auge de las redes sociales y el \u00absharenting\u00bb, una nueva ley francesa supone un importante paso adelante en la protecci\u00f3n de los derechos del menor.\" \/>\n<meta property=\"og:url\" content=\"https:\/\/www.humanium.org\/es\/la-proteccion-de-la-privacidad-de-los-ninos-en-francia-una-reforma-legislativa-sobre-los-derechos-de-imagen\/\" \/>\n<meta property=\"og:site_name\" content=\"Humanium\" \/>\n<meta property=\"article:published_time\" content=\"2024-09-17T17:27:42+00:00\" \/>\n<meta property=\"article:modified_time\" content=\"2025-12-13T21:44:51+00:00\" \/>\n<meta property=\"og:image\" content=\"https:\/\/www.humanium.org\/es\/wp-content\/uploads\/2024\/09\/shutterstock_2409449761-scaled.jpg\" \/>\n\t<meta property=\"og:image:width\" content=\"2560\" \/>\n\t<meta property=\"og:image:height\" content=\"1708\" \/>\n\t<meta property=\"og:image:type\" content=\"image\/jpeg\" \/>\n<meta name=\"author\" content=\"Jeanne-Marie Quashie\" \/>\n<meta name=\"twitter:card\" content=\"summary_large_image\" \/>\n<meta name=\"twitter:label1\" content=\"Escrito por\" \/>\n\t<meta name=\"twitter:data1\" content=\"Jeanne-Marie Quashie\" \/>\n\t<meta name=\"twitter:label2\" content=\"Tiempo de lectura\" \/>\n\t<meta name=\"twitter:data2\" content=\"8 minutos\" \/>\n<script type=\"application\/ld+json\" class=\"yoast-schema-graph\">{\"@context\":\"https:\/\/schema.org\",\"@graph\":[{\"@type\":\"WebPage\",\"@id\":\"https:\/\/www.humanium.org\/es\/la-proteccion-de-la-privacidad-de-los-ninos-en-francia-una-reforma-legislativa-sobre-los-derechos-de-imagen\/\",\"url\":\"https:\/\/www.humanium.org\/es\/la-proteccion-de-la-privacidad-de-los-ninos-en-francia-una-reforma-legislativa-sobre-los-derechos-de-imagen\/\",\"name\":\"La protecci\u00f3n de la privacidad de los ni\u00f1os en Francia: una reforma legislativa sobre los derechos de imagen - Humanium\",\"isPartOf\":{\"@id\":\"https:\/\/www.humanium.org\/es\/#website\"},\"primaryImageOfPage\":{\"@id\":\"https:\/\/www.humanium.org\/es\/la-proteccion-de-la-privacidad-de-los-ninos-en-francia-una-reforma-legislativa-sobre-los-derechos-de-imagen\/#primaryimage\"},\"image\":{\"@id\":\"https:\/\/www.humanium.org\/es\/la-proteccion-de-la-privacidad-de-los-ninos-en-francia-una-reforma-legislativa-sobre-los-derechos-de-imagen\/#primaryimage\"},\"thumbnailUrl\":\"https:\/\/www.humanium.org\/es\/wp-content\/uploads\/2024\/09\/shutterstock_2409449761-scaled.jpg\",\"datePublished\":\"2024-09-17T17:27:42+00:00\",\"dateModified\":\"2025-12-13T21:44:51+00:00\",\"author\":{\"@id\":\"https:\/\/www.humanium.org\/es\/#\/schema\/person\/5f5bd679777ee7c049b0803821f2a08c\"},\"description\":\"Ante el auge de las redes sociales y el \u00absharenting\u00bb, una nueva ley francesa supone un importante paso adelante en la protecci\u00f3n de los derechos del menor.\",\"breadcrumb\":{\"@id\":\"https:\/\/www.humanium.org\/es\/la-proteccion-de-la-privacidad-de-los-ninos-en-francia-una-reforma-legislativa-sobre-los-derechos-de-imagen\/#breadcrumb\"},\"inLanguage\":\"es\",\"potentialAction\":[{\"@type\":\"ReadAction\",\"target\":[\"https:\/\/www.humanium.org\/es\/la-proteccion-de-la-privacidad-de-los-ninos-en-francia-una-reforma-legislativa-sobre-los-derechos-de-imagen\/\"]}]},{\"@type\":\"ImageObject\",\"inLanguage\":\"es\",\"@id\":\"https:\/\/www.humanium.org\/es\/la-proteccion-de-la-privacidad-de-los-ninos-en-francia-una-reforma-legislativa-sobre-los-derechos-de-imagen\/#primaryimage\",\"url\":\"https:\/\/www.humanium.org\/es\/wp-content\/uploads\/2024\/09\/shutterstock_2409449761-scaled.jpg\",\"contentUrl\":\"https:\/\/www.humanium.org\/es\/wp-content\/uploads\/2024\/09\/shutterstock_2409449761-scaled.jpg\",\"width\":2560,\"height\":1708},{\"@type\":\"BreadcrumbList\",\"@id\":\"https:\/\/www.humanium.org\/es\/la-proteccion-de-la-privacidad-de-los-ninos-en-francia-una-reforma-legislativa-sobre-los-derechos-de-imagen\/#breadcrumb\",\"itemListElement\":[{\"@type\":\"ListItem\",\"position\":1,\"name\":\"Home\",\"item\":\"https:\/\/www.humanium.org\/es\/\"},{\"@type\":\"ListItem\",\"position\":2,\"name\":\"La protecci\u00f3n de la privacidad de los ni\u00f1os en Francia: una reforma legislativa sobre los derechos de imagen\"}]},{\"@type\":\"WebSite\",\"@id\":\"https:\/\/www.humanium.org\/es\/#website\",\"url\":\"https:\/\/www.humanium.org\/es\/\",\"name\":\"Humanium\",\"description\":\"\u00a1Los ni\u00f1os primero!\",\"potentialAction\":[{\"@type\":\"SearchAction\",\"target\":{\"@type\":\"EntryPoint\",\"urlTemplate\":\"https:\/\/www.humanium.org\/es\/?s={search_term_string}\"},\"query-input\":{\"@type\":\"PropertyValueSpecification\",\"valueRequired\":true,\"valueName\":\"search_term_string\"}}],\"inLanguage\":\"es\"},{\"@type\":\"Person\",\"@id\":\"https:\/\/www.humanium.org\/es\/#\/schema\/person\/5f5bd679777ee7c049b0803821f2a08c\",\"name\":\"Jeanne-Marie Quashie\",\"image\":{\"@type\":\"ImageObject\",\"inLanguage\":\"es\",\"@id\":\"https:\/\/www.humanium.org\/es\/#\/schema\/person\/image\/\",\"url\":\"https:\/\/secure.gravatar.com\/avatar\/d04696461b76b11e3c3d1c49435d7f4ec141053fa1579854dc869d4813fe61fc?s=96&d=mm&r=g\",\"contentUrl\":\"https:\/\/secure.gravatar.com\/avatar\/d04696461b76b11e3c3d1c49435d7f4ec141053fa1579854dc869d4813fe61fc?s=96&d=mm&r=g\",\"caption\":\"Jeanne-Marie Quashie\"},\"sameAs\":[\"https:\/\/www.linkedin.com\/in\/jeanne-marie-quashie-28ba9828b\/\"],\"url\":\"https:\/\/www.humanium.org\/es\/author\/autor_jeannemariequashie\/\"}]}<\/script>\n<!-- \/ Yoast SEO plugin. -->","yoast_head_json":{"title":"La protecci\u00f3n de la privacidad de los ni\u00f1os en Francia: una reforma legislativa sobre los derechos de imagen - Humanium","description":"Ante el auge de las redes sociales y el \u00absharenting\u00bb, una nueva ley francesa supone un importante paso adelante en la protecci\u00f3n de los derechos del menor.","robots":{"index":"index","follow":"follow","max-snippet":"max-snippet:-1","max-image-preview":"max-image-preview:large","max-video-preview":"max-video-preview:-1"},"canonical":"https:\/\/www.humanium.org\/es\/la-proteccion-de-la-privacidad-de-los-ninos-en-francia-una-reforma-legislativa-sobre-los-derechos-de-imagen\/","og_locale":"es_ES","og_type":"article","og_title":"La protecci\u00f3n de la privacidad de los ni\u00f1os en Francia: una reforma legislativa sobre los derechos de imagen - Humanium","og_description":"Ante el auge de las redes sociales y el \u00absharenting\u00bb, una nueva ley francesa supone un importante paso adelante en la protecci\u00f3n de los derechos del menor.","og_url":"https:\/\/www.humanium.org\/es\/la-proteccion-de-la-privacidad-de-los-ninos-en-francia-una-reforma-legislativa-sobre-los-derechos-de-imagen\/","og_site_name":"Humanium","article_published_time":"2024-09-17T17:27:42+00:00","article_modified_time":"2025-12-13T21:44:51+00:00","og_image":[{"width":2560,"height":1708,"url":"https:\/\/www.humanium.org\/es\/wp-content\/uploads\/2024\/09\/shutterstock_2409449761-scaled.jpg","type":"image\/jpeg"}],"author":"Jeanne-Marie Quashie","twitter_card":"summary_large_image","twitter_misc":{"Escrito por":"Jeanne-Marie Quashie","Tiempo de lectura":"8 minutos"},"schema":{"@context":"https:\/\/schema.org","@graph":[{"@type":"WebPage","@id":"https:\/\/www.humanium.org\/es\/la-proteccion-de-la-privacidad-de-los-ninos-en-francia-una-reforma-legislativa-sobre-los-derechos-de-imagen\/","url":"https:\/\/www.humanium.org\/es\/la-proteccion-de-la-privacidad-de-los-ninos-en-francia-una-reforma-legislativa-sobre-los-derechos-de-imagen\/","name":"La protecci\u00f3n de la privacidad de los ni\u00f1os en Francia: una reforma legislativa sobre los derechos de imagen - Humanium","isPartOf":{"@id":"https:\/\/www.humanium.org\/es\/#website"},"primaryImageOfPage":{"@id":"https:\/\/www.humanium.org\/es\/la-proteccion-de-la-privacidad-de-los-ninos-en-francia-una-reforma-legislativa-sobre-los-derechos-de-imagen\/#primaryimage"},"image":{"@id":"https:\/\/www.humanium.org\/es\/la-proteccion-de-la-privacidad-de-los-ninos-en-francia-una-reforma-legislativa-sobre-los-derechos-de-imagen\/#primaryimage"},"thumbnailUrl":"https:\/\/www.humanium.org\/es\/wp-content\/uploads\/2024\/09\/shutterstock_2409449761-scaled.jpg","datePublished":"2024-09-17T17:27:42+00:00","dateModified":"2025-12-13T21:44:51+00:00","author":{"@id":"https:\/\/www.humanium.org\/es\/#\/schema\/person\/5f5bd679777ee7c049b0803821f2a08c"},"description":"Ante el auge de las redes sociales y el \u00absharenting\u00bb, una nueva ley francesa supone un importante paso adelante en la protecci\u00f3n de los derechos del menor.","breadcrumb":{"@id":"https:\/\/www.humanium.org\/es\/la-proteccion-de-la-privacidad-de-los-ninos-en-francia-una-reforma-legislativa-sobre-los-derechos-de-imagen\/#breadcrumb"},"inLanguage":"es","potentialAction":[{"@type":"ReadAction","target":["https:\/\/www.humanium.org\/es\/la-proteccion-de-la-privacidad-de-los-ninos-en-francia-una-reforma-legislativa-sobre-los-derechos-de-imagen\/"]}]},{"@type":"ImageObject","inLanguage":"es","@id":"https:\/\/www.humanium.org\/es\/la-proteccion-de-la-privacidad-de-los-ninos-en-francia-una-reforma-legislativa-sobre-los-derechos-de-imagen\/#primaryimage","url":"https:\/\/www.humanium.org\/es\/wp-content\/uploads\/2024\/09\/shutterstock_2409449761-scaled.jpg","contentUrl":"https:\/\/www.humanium.org\/es\/wp-content\/uploads\/2024\/09\/shutterstock_2409449761-scaled.jpg","width":2560,"height":1708},{"@type":"BreadcrumbList","@id":"https:\/\/www.humanium.org\/es\/la-proteccion-de-la-privacidad-de-los-ninos-en-francia-una-reforma-legislativa-sobre-los-derechos-de-imagen\/#breadcrumb","itemListElement":[{"@type":"ListItem","position":1,"name":"Home","item":"https:\/\/www.humanium.org\/es\/"},{"@type":"ListItem","position":2,"name":"La protecci\u00f3n de la privacidad de los ni\u00f1os en Francia: una reforma legislativa sobre los derechos de imagen"}]},{"@type":"WebSite","@id":"https:\/\/www.humanium.org\/es\/#website","url":"https:\/\/www.humanium.org\/es\/","name":"Humanium","description":"\u00a1Los ni\u00f1os primero!","potentialAction":[{"@type":"SearchAction","target":{"@type":"EntryPoint","urlTemplate":"https:\/\/www.humanium.org\/es\/?s={search_term_string}"},"query-input":{"@type":"PropertyValueSpecification","valueRequired":true,"valueName":"search_term_string"}}],"inLanguage":"es"},{"@type":"Person","@id":"https:\/\/www.humanium.org\/es\/#\/schema\/person\/5f5bd679777ee7c049b0803821f2a08c","name":"Jeanne-Marie Quashie","image":{"@type":"ImageObject","inLanguage":"es","@id":"https:\/\/www.humanium.org\/es\/#\/schema\/person\/image\/","url":"https:\/\/secure.gravatar.com\/avatar\/d04696461b76b11e3c3d1c49435d7f4ec141053fa1579854dc869d4813fe61fc?s=96&d=mm&r=g","contentUrl":"https:\/\/secure.gravatar.com\/avatar\/d04696461b76b11e3c3d1c49435d7f4ec141053fa1579854dc869d4813fe61fc?s=96&d=mm&r=g","caption":"Jeanne-Marie Quashie"},"sameAs":["https:\/\/www.linkedin.com\/in\/jeanne-marie-quashie-28ba9828b\/"],"url":"https:\/\/www.humanium.org\/es\/author\/autor_jeannemariequashie\/"}]}},"_links":{"self":[{"href":"https:\/\/www.humanium.org\/es\/wp-json\/wp\/v2\/posts\/19128","targetHints":{"allow":["GET"]}}],"collection":[{"href":"https:\/\/www.humanium.org\/es\/wp-json\/wp\/v2\/posts"}],"about":[{"href":"https:\/\/www.humanium.org\/es\/wp-json\/wp\/v2\/types\/post"}],"author":[{"embeddable":true,"href":"https:\/\/www.humanium.org\/es\/wp-json\/wp\/v2\/users\/64"}],"replies":[{"embeddable":true,"href":"https:\/\/www.humanium.org\/es\/wp-json\/wp\/v2\/comments?post=19128"}],"version-history":[{"count":4,"href":"https:\/\/www.humanium.org\/es\/wp-json\/wp\/v2\/posts\/19128\/revisions"}],"predecessor-version":[{"id":21775,"href":"https:\/\/www.humanium.org\/es\/wp-json\/wp\/v2\/posts\/19128\/revisions\/21775"}],"wp:featuredmedia":[{"embeddable":true,"href":"https:\/\/www.humanium.org\/es\/wp-json\/wp\/v2\/media\/19131"}],"wp:attachment":[{"href":"https:\/\/www.humanium.org\/es\/wp-json\/wp\/v2\/media?parent=19128"}],"wp:term":[{"taxonomy":"category","embeddable":true,"href":"https:\/\/www.humanium.org\/es\/wp-json\/wp\/v2\/categories?post=19128"},{"taxonomy":"post_tag","embeddable":true,"href":"https:\/\/www.humanium.org\/es\/wp-json\/wp\/v2\/tags?post=19128"}],"curies":[{"name":"wp","href":"https:\/\/api.w.org\/{rel}","templated":true}]}}