{"id":19200,"date":"2024-10-15T17:22:12","date_gmt":"2024-10-15T17:22:12","guid":{"rendered":"https:\/\/www.humanium.org\/es\/?p=19200"},"modified":"2025-12-13T21:44:51","modified_gmt":"2025-12-13T21:44:51","slug":"examen-de-las-repercusiones-del-pacto-de-migracion-y-asilo-de-la-ue-en-los-derechos-de-los-ninos","status":"publish","type":"post","link":"https:\/\/www.humanium.org\/es\/examen-de-las-repercusiones-del-pacto-de-migracion-y-asilo-de-la-ue-en-los-derechos-de-los-ninos\/","title":{"rendered":"Examen de las repercusiones del Pacto de Migraci\u00f3n y Asilo de la UE en los derechos de los ni\u00f1os"},"content":{"rendered":"\n<p><strong>El Pacto de Migraci\u00f3n y Asilo de la UE, adoptado en mayo de 2024, tiene como objetivo mejorar la gesti\u00f3n de los <\/strong><a href=\"https:\/\/www.humanium.org\/es\/ninos-en-procedimientos-fronterizos-y-de-asilo-invisibilidad-y-tratamiento-como-adultos\/\"><strong>solicitantes de asilo<\/strong><\/a><strong> y migraci\u00f3n en los Estados miembros. Aunque este nuevo marco promete una gesti\u00f3n m\u00e1s coordinada de la migraci\u00f3n, ha suscitado preocupaci\u00f3n por su posible impacto negativo sobre los derechos de los ni\u00f1os. La aceleraci\u00f3n de los procedimientos de asilo, la detenci\u00f3n en las fronteras, y los riesgos de separaci\u00f3n familiar plantean dificultades significativas con respecto a la protecci\u00f3n y el bienestar de los ni\u00f1os migrantes.&nbsp;<\/strong><\/p>\n\n\n\n<h2 class=\"wp-block-heading\"><strong>Visi\u00f3n general del Pacto de Migraci\u00f3n y Asilo de la UE<\/strong><\/h2>\n\n\n\n<p>El Pacto Europeo de Migraci\u00f3n y Asilo, adoptado en mayo de 2024, cuenta con diez medidas legales: nueve reglamentos y una directiva, con el objetivo de intensificar la lucha contra la inmigraci\u00f3n ilegal y facilitar la deportaci\u00f3n de personas sin estatus legal. Se les ha dado un per\u00edodo de dos a\u00f1os a los Estados miembros de la UE para implementar por completo esas provisiones (Toute l\u2019Europe, 2024).&nbsp;<\/p>\n\n\n\n<p>Uno de los aspectos centrales del Pacto es la introducci\u00f3n de un proceso de control fronterizo. Este sistema determinar\u00e1 en un plazo de siete d\u00edas si un solicitante re\u00fane los requisitos para un retorno inmediato, como en el caso de las personas con solicitudes rechazadas previamente, o si su solicitud de <a href=\"https:\/\/www.humanium.org\/es\/ninos-en-procedimientos-fronterizos-y-de-asilo-invisibilidad-y-tratamiento-como-adultos\/\">asilo<\/a> debe seguir un procedimiento acelerado o est\u00e1ndar, que depender\u00e1 de los \u00edndices de aprobaci\u00f3n de asilo de su pa\u00eds de origen. En la pr\u00e1ctica, los Estados miembros van a establecer centros de detenci\u00f3n cerca de las fronteras externas de la UE y en los aeropuertos, con una capacidad colectiva de al menos 30.000 plazas en toda la Uni\u00f3n (Toute l\u2019Europe, 2024).<\/p>\n\n\n\n<p>Adem\u00e1s, el Pacto fomenta una mayor solidaridad entre las naciones de la UE para evitar la sobrecarga de solicitantes de asilo en algunos pa\u00edses, como Italia y Grecia. Los Estados miembros con menos solicitudes de asilo pueden optar por recibir a algunos de los solicitantes y prestar ayuda en los estados fronterizos de otras maneras. <\/p>\n\n\n\n<p>El Pacto tambi\u00e9n incluye un mecanismo de reacci\u00f3n en caso de crisis para los eventos de migraci\u00f3n masiva, la armonizaci\u00f3n de los est\u00e1ndares de recepci\u00f3n en los Estados miembros y una expansi\u00f3n de la base de datos de Eurodac, que se utiliza para gestionar las solicitudes de asilo y realizar un seguimiento de las migraciones irregulares en toda la UE (Toute l\u2019Europe, 2024).<\/p>\n\n\n\n<h2 class=\"wp-block-heading\"><strong>Inquietudes sobre la protecci\u00f3n de la infancia en el marco del Pacto<\/strong><\/h2>\n\n\n\n<p>No obstante, las organizaciones de defensa de los derechos de los ni\u00f1os han expresado su preocupaci\u00f3n con respecto a que la introducci\u00f3n de un proceso de control fronterizo pueda negat a los ni\u00f1os una protecci\u00f3n adecuada al no tener en consideraci\u00f3n sus circunstancias individuales. El pacto permite la detenci\u00f3n de ni\u00f1os en las fronteras exteriores, hecho que viola los principios clave de la protecci\u00f3n de la infancia recogidos en la Convenci\u00f3n de las Naciones Unidas sobre los Derechos del Ni\u00f1o (CDN).<\/p>\n\n\n\n<p>En concreto, el art\u00edculo 37 establece que la detenci\u00f3n de menores solo debe utilizarse como medida de \u00faltimo recurso y durante el per\u00edodo de tiempo m\u00e1s breve que proceda. Adem\u00e1s, esta detenci\u00f3n podr\u00eda privar a los ni\u00f1os de servicios esenciales como la <a href=\"https:\/\/www.humanium.org\/es\/derecho-educacion\/\">educaci\u00f3n<\/a> y la <a href=\"https:\/\/www.humanium.org\/es\/enfoques-tematicos\/salud\/\">atenci\u00f3n sanitaria<\/a>, exacerbando su vulnerabilidad. (Eurochild).<\/p>\n\n\n\n<h2 class=\"wp-block-heading\"><strong>La detenci\u00f3n de menores y sus consecuencias<\/strong><\/h2>\n\n\n\n<p>Una de las provisiones m\u00e1s alarmantes del nuevo pacto es la detenci\u00f3n de menores en las fronteras de la UE con fines de control. La crisis migratoria pasada y la actual demuestran que los ni\u00f1os sufren una violencia atroz a manos de los contrabandistas y los guardias fronterizos estacionados en las fronteras externas de la UE. El nuevo Pacto corre el riesgo de convertir la detenci\u00f3n sistem\u00e1tica de familias con ni\u00f1os en una pr\u00e1ctica rutinaria, sin mejorar su seguridad.<\/p>\n\n\n\n<p>En particular, esto resulta preocupante para los <a href=\"https:\/\/www.humanium.org\/es\/migracion-infantil\/\">menores no acompa\u00f1ados<\/a>, ya que el Pacto no prioriza la reagrupaci\u00f3n familiar, ni siquiera con sus hermanos, lo que pone a\u00fan m\u00e1s en peligro su bienestar. La detenci\u00f3n tambi\u00e9n menoscaba el acceso a la <a href=\"https:\/\/www.humanium.org\/es\/derecho-educacion\/\">educaci\u00f3n<\/a> y a la <a href=\"https:\/\/www.humanium.org\/es\/enfoques-tematicos\/salud\/\">atenci\u00f3n sanitaria<\/a>, ya que esos ni\u00f1os est\u00e1n retenidos en instalaciones donde estos servicios son limitados o inexistentes. (Save the Children, 2023).<\/p>\n\n\n\n<h2 class=\"wp-block-heading\"><strong>Cuestiones \u00e9ticas y legales relacionadas con la detenci\u00f3n de menores<\/strong><\/h2>\n\n\n\n<figure class=\"wp-block-image size-large\"><img loading=\"lazy\" decoding=\"async\" width=\"1024\" height=\"678\" src=\"https:\/\/www.humanium.org\/es\/wp-content\/uploads\/2024\/10\/shutterstock_2440692261-1024x678.jpg\" alt=\"\" class=\"wp-image-19201\" srcset=\"https:\/\/www.humanium.org\/es\/wp-content\/uploads\/2024\/10\/shutterstock_2440692261-1024x678.jpg 1024w, https:\/\/www.humanium.org\/es\/wp-content\/uploads\/2024\/10\/shutterstock_2440692261-300x199.jpg 300w, https:\/\/www.humanium.org\/es\/wp-content\/uploads\/2024\/10\/shutterstock_2440692261-768x509.jpg 768w, https:\/\/www.humanium.org\/es\/wp-content\/uploads\/2024\/10\/shutterstock_2440692261-1536x1017.jpg 1536w, https:\/\/www.humanium.org\/es\/wp-content\/uploads\/2024\/10\/shutterstock_2440692261-2048x1356.jpg 2048w, https:\/\/www.humanium.org\/es\/wp-content\/uploads\/2024\/10\/shutterstock_2440692261-830x550.jpg 830w, https:\/\/www.humanium.org\/es\/wp-content\/uploads\/2024\/10\/shutterstock_2440692261-230x152.jpg 230w, https:\/\/www.humanium.org\/es\/wp-content\/uploads\/2024\/10\/shutterstock_2440692261-350x232.jpg 350w, https:\/\/www.humanium.org\/es\/wp-content\/uploads\/2024\/10\/shutterstock_2440692261-480x318.jpg 480w\" sizes=\"auto, (max-width: 1024px) 100vw, 1024px\" \/><\/figure>\n\n\n\n<p>La detenci\u00f3n de los ni\u00f1os por razones de control tambi\u00e9n plantea problemas de equidad, especialmente en el caso de los menores no acompa\u00f1ados, que pueden no contar con la documentaci\u00f3n requerida para demostrar su edad o que podr\u00edan tener que enfrentarse a barreras ling\u00fc\u00edsticas. Muchos ni\u00f1os tienen que someterse a ex\u00e1menes o entrevistas invasivas sin la asistencia jur\u00eddica adecuada, aumentando as\u00ed el riesgo de errores en sus solicitudes de asilo, que podr\u00edan tener repercusiones duraderas en su seguridad y su futuro (Eurochild, 2024).<\/p>\n\n\n\n<p>La detenci\u00f3n de los ni\u00f1os solicitantes de <a href=\"https:\/\/www.humanium.org\/es\/ninos-en-procedimientos-fronterizos-y-de-asilo-invisibilidad-y-tratamiento-como-adultos\/\">asilo y migraci\u00f3n<\/a>, ya sea debido al estado de migraci\u00f3n con el que ellos mismos cuentan o al de sus padres, es fundamentalmente contraria a su inter\u00e9s superior y constituye una violaci\u00f3n de sus derechos. Los expertos internacionales han instado a la Comisi\u00f3n Europea para establecer directrices claras con respecto al tratamiento y el cuidado de los migrantes acompa\u00f1ados y no acompa\u00f1ados menores de 18 a\u00f1os. (OHCHR, 2024).<\/p>\n\n\n\n<p>La implementaci\u00f3n del Pacto debe centrarse en el inter\u00e9s superior de los ni\u00f1os, asegurando que cualquier restricci\u00f3n en su movimiento no conlleve la detenci\u00f3n en las instalaciones de inmigraci\u00f3n durante los procesos de control, asilo o retorno. Incluso la detenci\u00f3n a corto plazo puede tener repercusiones negativas para la <a href=\"https:\/\/www.humanium.org\/es\/el-bienestar-mental-de-los-ninos\/\">salud mental<\/a> y f\u00edsica, el desarrollo, y el bienestar en general del menor. Es crucial desarrollar alternativas a la detenci\u00f3n que respeten por completo los derechos de los ni\u00f1os y proporcionen un entorno propicio durante el proceso de migraci\u00f3n. (UNICEF, 2024).<\/p>\n\n\n\n<h2 class=\"wp-block-heading\"><strong>Protecci\u00f3n de menores y reagrupaci\u00f3n familiar<\/strong><\/h2>\n\n\n\n<p>El Pacto sigue siendo objeto de cr\u00edticas por su forma de gestionar la reagrupaci\u00f3n familiar, en particular con respecto a la falta de provisiones espec\u00edficas para los hermanos. A menudo, los <a href=\"https:\/\/www.humanium.org\/es\/migracion-infantil\/\">ni\u00f1os no acompa\u00f1ados<\/a> suelen quedarse sin mecanismos para reencontrarse con sus hermanos o los miembros de la familia extendida, lo que les expone en un mayor riesgo de explotaci\u00f3n y abusos (Save the Children, 2023).<\/p>\n\n\n\n<p>Seg\u00fan la Convenci\u00f3n de las Naciones Unidas sobre los Derechos del Ni\u00f1o, la unidad familiar es un derecho fundamental, y los ni\u00f1os deben disponer de todas las oportunidades posibles de quedarse o reencontrarse con sus familias. Del mismo modo, en virtud del CEDH y de la legislaci\u00f3n de la UE, se requiere que las autoridades mantengan a las familias solicitantes de asilo unidas en los centros de acogida. <\/p>\n\n\n\n<p>El art\u00edculo 8 del CEDH, que consagra el derecho al respeto de la vida privada y familiar, impone a los Estados una obligaci\u00f3n positiva de garantizar el contacto habitual entre hermanos refugiados ubicados en diferentes lugares. Las autoridades deben actuar para mantener y fortalecer los lazos familiares, facilitando su reagrupaci\u00f3n y velando por que se garantice la unidad familiar durante todo el proceso <a href=\"https:\/\/www.humanium.org\/es\/ninos-en-procedimientos-fronterizos-y-de-asilo-invisibilidad-y-tratamiento-como-adultos\/\">de asilo<\/a> (Council of Europe-FRA, 2023).<\/p>\n\n\n\n<p>No obstante, las provisiones limitadas del pacto para la reagrupaci\u00f3n familiar ponen en peligro este derecho, dejando a los ni\u00f1os aislados y m\u00e1s vulnerables. Adem\u00e1s, el nuevo pacto introduce provisiones que permiten a los Estados miembros clasificar a algunos ni\u00f1os no acompa\u00f1ados como riesgos para la seguridad, lo que podr\u00eda someterlos a medidas coercitivas como la recopilaci\u00f3n de datos biom\u00e9tricos. <\/p>\n\n\n\n<p>Adem\u00e1s, la edad m\u00ednima para la recopilaci\u00f3n de datos se ha rebajado de los 14 a 6 a\u00f1os. Esto plantea preocupaciones relativas a la seguridad y el bienestar de los ni\u00f1os, ya que estos procedimientos podr\u00edan involucrar el uso de la fuerza, as\u00ed como otros m\u00e9todos invasivos que suponen una violaci\u00f3n de los derechos de los ni\u00f1os desde una edad temprana (UNICEF, 2024).<\/p>\n\n\n\n<h2 class=\"wp-block-heading\"><strong>Mejorar el acceso a los servicios fundamentales para los ni\u00f1os migrantes<\/strong><\/h2>\n\n\n\n<p>Seg\u00fan el Convenio Europeo de Derechos Humanos (CEDH), las condiciones de recepci\u00f3n para los ni\u00f1os solicitantes de asilo tienen que estar adaptadas a su edad, incluso cuando est\u00e1n con sus padres, para evitar crear niveles de estr\u00e9s y ansiedad que podr\u00edan tener efectos especialmente traum\u00e1ticos. Es crucial que estas condiciones proporcionen un entorno propicio, que asegure el bienestar y la protecci\u00f3n del ni\u00f1o y, al mismo tiempo, minimice cualquier efecto psicol\u00f3gico negativo durante el proceso de asilo (Council of Europe FRA, 2023).<\/p>\n\n\n\n<p>La agilizaci\u00f3n de los procedimientos de asilo para menores prevista en el Pacto de Migraci\u00f3n y Asilo de la UE podr\u00eda dar lugar a la denegaci\u00f3n de los derechos b\u00e1sicos del ni\u00f1o. La naturaleza r\u00e1pida de estos procesos puede impedir que los ni\u00f1os accedan a servicios cr\u00edticos, tales como la <a href=\"https:\/\/www.humanium.org\/es\/derecho-educacion\/\">educaci\u00f3n<\/a>, la asistencia sanitaria y el apoyo psicosocial, que son fundamentales en el marco de la Convenci\u00f3n de las Naciones Unidas sobre los Derechos del Ni\u00f1o y la Carta de Derechos Fundamentales de la Uni\u00f3n Europea. <\/p>\n\n\n\n<p>Para el desarrollo y la recuperaci\u00f3n de los ni\u00f1os que huyen de conflictos, es vital el acceso a los servicios de <a href=\"https:\/\/www.humanium.org\/es\/el-bienestar-mental-de-los-ninos\/\">salud mental<\/a> y la educaci\u00f3n consistente para su recuperaci\u00f3n y desarrollo, pero el marco actual arriesga con privarlos de estos derechos esenciales (Eurochild, 2024).<\/p>\n\n\n\n<p>Es esencial establecer procedimientos adaptados a las necesidades de los ni\u00f1os para asegurar que los m\u00e1s peque\u00f1os tengan pleno acceso a sus derechos durante el proceso de migraci\u00f3n. Esto incluye la inversi\u00f3n en sistemas de acogimiento familiar y el empleo de trabajadores sociales especializados en proporcionar apoyo personalizado a los ni\u00f1os y sus familias.<\/p>\n\n\n\n<p>Los Estados miembros de la UE deber\u00edan respaldar sistemas de supervisi\u00f3n independientes para garantizar el respeto de los derechos del ni\u00f1o, as\u00ed como el conjunto de los derechos de sus familias, en todas las fases de los <a href=\"https:\/\/www.humanium.org\/es\/ninos-en-procedimientos-fronterizos-y-de-asilo-invisibilidad-y-tratamiento-como-adultos\/\">procedimientos de asilo<\/a> y migraci\u00f3n. Esto se alinear\u00eda con la Convenci\u00f3n de los Derechos del Ni\u00f1o y otros tratados sobre los derechos humanos, asegurando que est\u00e9n establecidas las medidas apropiadas para ofrecer soluciones cuando se produzcan violaciones de los derechos (UNICEF, 2024).<\/p>\n\n\n\n<h2 class=\"wp-block-heading\"><strong>El camino hacia un sistema con un nivel de protecci\u00f3n mayor<\/strong><\/h2>\n\n\n\n<p>Para alinear el Pacto de Migraci\u00f3n y Asilo de la UE con las normas internacionales, algunos cambios clave son fundamentales. Los Estados miembros deben evitar la detenci\u00f3n de los ni\u00f1os en las fronteras y, en vez de eso, optar por alternativas basadas en la comunidad que garanticen el bienestar de los m\u00e1s peque\u00f1os y su acceso a los servicios esenciales. Los procesos de asilo tienen que estar adaptados a las necesidades de los ni\u00f1os, prestando asistencia jur\u00eddica, servicios de traducci\u00f3n, y evaluaciones de protecci\u00f3n adaptadas, de manera que se respete el inter\u00e9s superior de los ni\u00f1os.<\/p>\n\n\n\n<p>Es fundamental mejorar los procedimientos de reagrupaci\u00f3n familiar de forma que incluyan a los hermanos y a los miembros de la familia extendida con el fin de prevenir el aislamiento de los <a href=\"https:\/\/www.humanium.org\/es\/migracion-infantil\/\">menores no acompa\u00f1ados<\/a>. Es crucial invertir en trabajadores sociales y en tutores legales para la atenci\u00f3n adecuada de estos ni\u00f1os, adem\u00e1s de establecer mecanismos de supervisi\u00f3n eficaces para salvaguardar sus derechos. <\/p>\n\n\n\n<p>Aunque el marco actual cuenta con dificultades, implementar esas recomendaciones va a promover un sistema que resultar\u00e1 m\u00e1s acogedor y protector para los ni\u00f1os, abriendo paso a una pol\u00edtica de migraci\u00f3n m\u00e1s eficaz y compasiva.\u00a0\u00a0<\/p>\n\n\n\n<figure class=\"wp-block-image size-large\"><img loading=\"lazy\" decoding=\"async\" width=\"1024\" height=\"551\" src=\"https:\/\/www.humanium.org\/es\/wp-content\/uploads\/2024\/10\/shutterstock_1981568369-1024x551.jpg\" alt=\"\" class=\"wp-image-19202\" srcset=\"https:\/\/www.humanium.org\/es\/wp-content\/uploads\/2024\/10\/shutterstock_1981568369-1024x551.jpg 1024w, https:\/\/www.humanium.org\/es\/wp-content\/uploads\/2024\/10\/shutterstock_1981568369-300x161.jpg 300w, https:\/\/www.humanium.org\/es\/wp-content\/uploads\/2024\/10\/shutterstock_1981568369-768x413.jpg 768w, https:\/\/www.humanium.org\/es\/wp-content\/uploads\/2024\/10\/shutterstock_1981568369-1536x826.jpg 1536w, https:\/\/www.humanium.org\/es\/wp-content\/uploads\/2024\/10\/shutterstock_1981568369-2048x1101.jpg 2048w, https:\/\/www.humanium.org\/es\/wp-content\/uploads\/2024\/10\/shutterstock_1981568369-830x446.jpg 830w, https:\/\/www.humanium.org\/es\/wp-content\/uploads\/2024\/10\/shutterstock_1981568369-230x124.jpg 230w, https:\/\/www.humanium.org\/es\/wp-content\/uploads\/2024\/10\/shutterstock_1981568369-350x188.jpg 350w, https:\/\/www.humanium.org\/es\/wp-content\/uploads\/2024\/10\/shutterstock_1981568369-480x258.jpg 480w\" sizes=\"auto, (max-width: 1024px) 100vw, 1024px\" \/><\/figure>\n\n\n\n<p>Humanium tiene como objetivo concienciar sobre el respeto y la realizaci\u00f3n de los derechos de los ni\u00f1os en todo el mundo, en especial en el contexto de la crisis migratoria. Con tu apoyo, podemos seguir trabajando para defender a los ni\u00f1os vulnerables, prestar asistencia jur\u00eddica, y mejorar las condiciones de vida en las \u00e1reas migratorias. \u00danete a nuestra misi\u00f3n como <a href=\"https:\/\/www.humanium.org\/es\/voluntariado\/\">voluntario<\/a>, <a href=\"https:\/\/www.humanium.org\/es\/donacion\/\">donando<\/a> o haci\u00e9ndote socio.<\/p>\n\n\n\n<p><em><strong>Escrito por Jeanne-Marie Quashie<\/strong><\/em><\/p>\n\n\n\n<p><em><strong>Traducido por J.R.<\/strong><\/em><\/p>\n\n\n\n<p><em><strong>Revisado por Lorraine Valarino<\/strong><\/em><\/p>\n\n\n\n<h4 class=\"wp-block-heading\"><strong>Bibliograf\u00eda:<\/strong><\/h4>\n\n\n\n<p class=\"has-small-font-size\">Council of Europe (2023), Protecting children at Europe\u2019s borders \u2013 new guidance for border officials and other authorities, retrieved from Council of Europe at <a href=\"https:\/\/www.coe.int\/en\/web\/portal\/-\/protecting-children-at-europe-s-borders-new-guidance-for-border-officials-and-other-authorities\" target=\"_blank\" rel=\"noreferrer noopener\">https:\/\/www.coe.int\/en\/web\/portal\/-\/protecting-children-at-europe-s-borders-new-guidance-for-border-officials-and-other-authorities<\/a>, accessed on September 13, 2024.&nbsp;<\/p>\n\n\n\n<p class=\"has-small-font-size\">Council of Europe FRA &#8211; EU Agency for Fundamental Rights (2023), Children in migration: fundamental rights at European borders, retrieved from the Council of Europe at <a href=\"https:\/\/www.coe.int\/en\/web\/portal\/-\/protecting-children-at-europe-s-borders-new-guidance-for-border-officials-and-other-authorities\">https:\/\/www.coe.int\/en\/web\/portal\/<\/a><a href=\"https:\/\/www.coe.int\/en\/web\/portal\/-\/protecting-children-at-europe-s-borders-new-guidance-for-border-officials-and-other-authorities\" target=\"_blank\" rel=\"noreferrer noopener\">&#8211;<\/a><a href=\"https:\/\/www.coe.int\/en\/web\/portal\/-\/protecting-children-at-europe-s-borders-new-guidance-for-border-officials-and-other-authorities\">\/protecting-children-at-europe-s-borders-new-guidance-for-border-officials-and-other-authorities<\/a>, accessed on September 13, 2024.&nbsp;<\/p>\n\n\n\n<p class=\"has-small-font-size\">Eurochild (2024), The EU Migration and Asylum Pact will put children in danger, retrieved from Eurochild at <a href=\"https:\/\/eurochild.org\/news\/the-eu-migration-and-asylum-pact-will-put-children-in-danger\/\" target=\"_blank\" rel=\"noreferrer noopener\">https:\/\/eurochild.org\/news\/the-eu-migration-and-asylum-pact-will-put-children-in-danger\/<\/a> , accessed on September 13, 2024.&nbsp;<\/p>\n\n\n\n<p class=\"has-small-font-size\">Gaillard Barth\u00e9l\u00e9my (2024), Qu\u2019est-ce que le Pacte europ\u00e9en sur la migration et l\u2019asile&nbsp;?, retrieved from Toute l\u2019Europe at <a href=\"https:\/\/www.touteleurope.eu\/l-ue-dans-le-monde\/que-contient-le-pacte-europeen-sur-la-migration-et-l-asile\/\">https:\/\/www.<\/a><a href=\"https:\/\/www.touteleurope.eu\/l-ue-dans-le-monde\/que-contient-le-pacte-europeen-sur-la-migration-et-l-asile\/\" target=\"_blank\" rel=\"noreferrer noopener\">touteleurope<\/a><a href=\"https:\/\/www.touteleurope.eu\/l-ue-dans-le-monde\/que-contient-le-pacte-europeen-sur-la-migration-et-l-asile\/\">.eu\/l-ue-dans-le-monde\/que-contient-le-pacte-europeen-sur-la-migration-et-l-asile\/<\/a> , accessed on September 13, 2024.&nbsp;<\/p>\n\n\n\n<p class=\"has-small-font-size\">Office of the High Commissioner for Human Rights [OHCHR] (2024), Child immigration detention must be prohibited following adoption of EU migration and asylum pact, retrieved from the United Nations at <a href=\"https:\/\/www.ohchr.org\/en\/press-releases\/2024\/05\/child-immigration-detention-must-be-prohibited-following-adoption-eu\" target=\"_blank\" rel=\"noreferrer noopener\">https:\/\/www.ohchr.org\/en\/press-releases\/2024\/05\/child-immigration-detention-must-be-prohibited-following-adoption-eu<\/a>, accessed on September 13, 2024.&nbsp;<\/p>\n\n\n\n<p class=\"has-small-font-size\">Save the Children (2023), Historically bad: New EU pact on migration and asylum normalises rights violation and endangers children, retrieved from Save the Children at <a href=\"https:\/\/www.savethechildren.net\/news\/historically-bad-new-eu-pact-migration-and-asylum-normalises-rights-violations-and-endangers\">https:\/\/www.savethechildren.<\/a><a href=\"https:\/\/www.savethechildren.net\/news\/historically-bad-new-eu-pact-migration-and-asylum-normalises-rights-violations-and-endangers\" target=\"_blank\" rel=\"noreferrer noopener\">net<\/a><a href=\"https:\/\/www.savethechildren.net\/news\/historically-bad-new-eu-pact-migration-and-asylum-normalises-rights-violations-and-endangers\">\/news\/historically-bad-new-eu-pact-migration-and-asylum-normalises-rights-violations-and-endangers<\/a> , accessed on September 13, 2024.<\/p>\n\n\n\n<p class=\"has-small-font-size\">UNICEF (2024), EU migration and asylum deal must uphold our collective responsibility to protect children Statement by Regina De Dominicis, Regional Director for UNICEF Europe and Central Asia Regional and Special Coordinator for the Refugee and Migrant Response in Europe, retrieved from UNICEF at <a href=\"https:\/\/www.unicef.org\/eca\/press-releases\/eu-migration-and-asylum-deal-must-uphold-our-collective-responsibility-protect\" target=\"_blank\" rel=\"noreferrer noopener\">https:\/\/www.unicef.org\/eca\/press-releases\/eu-migration-and-asylum-deal-must-uphold-our-collective-responsibility-protect<\/a> , accessed on September 13, 2024.<\/p>\n","protected":false},"excerpt":{"rendered":"<p>El Pacto de Migraci\u00f3n y Asilo de la UE, adoptado en mayo de 2024, tiene como objetivo mejorar la gesti\u00f3n de los solicitantes de asilo y migraci\u00f3n en los Estados miembros. Aunque este nuevo marco promete una gesti\u00f3n m\u00e1s coordinada de la migraci\u00f3n, ha suscitado preocupaci\u00f3n por su posible impacto negativo sobre los derechos de [&hellip;]<\/p>\n","protected":false},"author":64,"featured_media":19203,"comment_status":"closed","ping_status":"closed","sticky":false,"template":"","format":"standard","meta":{"footnotes":""},"categories":[148,3,161,144],"tags":[],"class_list":["post-19200","post","type-post","status-publish","format-standard","has-post-thumbnail","hentry","category-derechos-del-nino","category-derechos-humanos","category-migracion","category-refugiados"],"yoast_head":"<!-- This site is optimized with the Yoast SEO plugin v26.5 - https:\/\/yoast.com\/wordpress\/plugins\/seo\/ -->\n<title>Examen de las repercusiones del Pacto de Migraci\u00f3n y Asilo de la UE en los derechos de los ni\u00f1os - Humanium<\/title>\n<meta name=\"description\" content=\"El Pacto de Migraci\u00f3n y Asilo de la UE, adoptado en mayo de 2024, ha suscitado preocupaci\u00f3n por su posible impacto negativo en los derechos de los ni\u00f1os.\" \/>\n<meta name=\"robots\" content=\"index, follow, max-snippet:-1, max-image-preview:large, max-video-preview:-1\" \/>\n<link rel=\"canonical\" href=\"https:\/\/www.humanium.org\/es\/examen-de-las-repercusiones-del-pacto-de-migracion-y-asilo-de-la-ue-en-los-derechos-de-los-ninos\/\" \/>\n<meta property=\"og:locale\" content=\"es_ES\" \/>\n<meta property=\"og:type\" content=\"article\" \/>\n<meta property=\"og:title\" content=\"Examen de las repercusiones del Pacto de Migraci\u00f3n y Asilo de la UE en los derechos de los ni\u00f1os - Humanium\" \/>\n<meta property=\"og:description\" content=\"El Pacto de Migraci\u00f3n y Asilo de la UE, adoptado en mayo de 2024, ha suscitado preocupaci\u00f3n por su posible impacto negativo en los derechos de los ni\u00f1os.\" \/>\n<meta property=\"og:url\" content=\"https:\/\/www.humanium.org\/es\/examen-de-las-repercusiones-del-pacto-de-migracion-y-asilo-de-la-ue-en-los-derechos-de-los-ninos\/\" \/>\n<meta property=\"og:site_name\" content=\"Humanium\" \/>\n<meta property=\"article:published_time\" content=\"2024-10-15T17:22:12+00:00\" \/>\n<meta property=\"article:modified_time\" content=\"2025-12-13T21:44:51+00:00\" \/>\n<meta property=\"og:image\" content=\"https:\/\/www.humanium.org\/es\/wp-content\/uploads\/2024\/10\/shutterstock_331912505-scaled.jpg\" \/>\n\t<meta property=\"og:image:width\" content=\"2560\" \/>\n\t<meta property=\"og:image:height\" content=\"1707\" \/>\n\t<meta property=\"og:image:type\" content=\"image\/jpeg\" \/>\n<meta name=\"author\" content=\"Jeanne-Marie Quashie\" \/>\n<meta name=\"twitter:card\" content=\"summary_large_image\" \/>\n<meta name=\"twitter:label1\" content=\"Escrito por\" \/>\n\t<meta name=\"twitter:data1\" content=\"Jeanne-Marie Quashie\" \/>\n\t<meta name=\"twitter:label2\" content=\"Tiempo de lectura\" \/>\n\t<meta name=\"twitter:data2\" content=\"11 minutos\" \/>\n<script type=\"application\/ld+json\" class=\"yoast-schema-graph\">{\"@context\":\"https:\/\/schema.org\",\"@graph\":[{\"@type\":\"WebPage\",\"@id\":\"https:\/\/www.humanium.org\/es\/examen-de-las-repercusiones-del-pacto-de-migracion-y-asilo-de-la-ue-en-los-derechos-de-los-ninos\/\",\"url\":\"https:\/\/www.humanium.org\/es\/examen-de-las-repercusiones-del-pacto-de-migracion-y-asilo-de-la-ue-en-los-derechos-de-los-ninos\/\",\"name\":\"Examen de las repercusiones del Pacto de Migraci\u00f3n y Asilo de la UE en los derechos de los ni\u00f1os - Humanium\",\"isPartOf\":{\"@id\":\"https:\/\/www.humanium.org\/es\/#website\"},\"primaryImageOfPage\":{\"@id\":\"https:\/\/www.humanium.org\/es\/examen-de-las-repercusiones-del-pacto-de-migracion-y-asilo-de-la-ue-en-los-derechos-de-los-ninos\/#primaryimage\"},\"image\":{\"@id\":\"https:\/\/www.humanium.org\/es\/examen-de-las-repercusiones-del-pacto-de-migracion-y-asilo-de-la-ue-en-los-derechos-de-los-ninos\/#primaryimage\"},\"thumbnailUrl\":\"https:\/\/www.humanium.org\/es\/wp-content\/uploads\/2024\/10\/shutterstock_331912505-scaled.jpg\",\"datePublished\":\"2024-10-15T17:22:12+00:00\",\"dateModified\":\"2025-12-13T21:44:51+00:00\",\"author\":{\"@id\":\"https:\/\/www.humanium.org\/es\/#\/schema\/person\/5f5bd679777ee7c049b0803821f2a08c\"},\"description\":\"El Pacto de Migraci\u00f3n y Asilo de la UE, adoptado en mayo de 2024, ha suscitado preocupaci\u00f3n por su posible impacto negativo en los derechos de los ni\u00f1os.\",\"breadcrumb\":{\"@id\":\"https:\/\/www.humanium.org\/es\/examen-de-las-repercusiones-del-pacto-de-migracion-y-asilo-de-la-ue-en-los-derechos-de-los-ninos\/#breadcrumb\"},\"inLanguage\":\"es\",\"potentialAction\":[{\"@type\":\"ReadAction\",\"target\":[\"https:\/\/www.humanium.org\/es\/examen-de-las-repercusiones-del-pacto-de-migracion-y-asilo-de-la-ue-en-los-derechos-de-los-ninos\/\"]}]},{\"@type\":\"ImageObject\",\"inLanguage\":\"es\",\"@id\":\"https:\/\/www.humanium.org\/es\/examen-de-las-repercusiones-del-pacto-de-migracion-y-asilo-de-la-ue-en-los-derechos-de-los-ninos\/#primaryimage\",\"url\":\"https:\/\/www.humanium.org\/es\/wp-content\/uploads\/2024\/10\/shutterstock_331912505-scaled.jpg\",\"contentUrl\":\"https:\/\/www.humanium.org\/es\/wp-content\/uploads\/2024\/10\/shutterstock_331912505-scaled.jpg\",\"width\":2560,\"height\":1707},{\"@type\":\"BreadcrumbList\",\"@id\":\"https:\/\/www.humanium.org\/es\/examen-de-las-repercusiones-del-pacto-de-migracion-y-asilo-de-la-ue-en-los-derechos-de-los-ninos\/#breadcrumb\",\"itemListElement\":[{\"@type\":\"ListItem\",\"position\":1,\"name\":\"Home\",\"item\":\"https:\/\/www.humanium.org\/es\/\"},{\"@type\":\"ListItem\",\"position\":2,\"name\":\"Examen de las repercusiones del Pacto de Migraci\u00f3n y Asilo de la UE en los derechos de los ni\u00f1os\"}]},{\"@type\":\"WebSite\",\"@id\":\"https:\/\/www.humanium.org\/es\/#website\",\"url\":\"https:\/\/www.humanium.org\/es\/\",\"name\":\"Humanium\",\"description\":\"\u00a1Los ni\u00f1os primero!\",\"potentialAction\":[{\"@type\":\"SearchAction\",\"target\":{\"@type\":\"EntryPoint\",\"urlTemplate\":\"https:\/\/www.humanium.org\/es\/?s={search_term_string}\"},\"query-input\":{\"@type\":\"PropertyValueSpecification\",\"valueRequired\":true,\"valueName\":\"search_term_string\"}}],\"inLanguage\":\"es\"},{\"@type\":\"Person\",\"@id\":\"https:\/\/www.humanium.org\/es\/#\/schema\/person\/5f5bd679777ee7c049b0803821f2a08c\",\"name\":\"Jeanne-Marie Quashie\",\"image\":{\"@type\":\"ImageObject\",\"inLanguage\":\"es\",\"@id\":\"https:\/\/www.humanium.org\/es\/#\/schema\/person\/image\/\",\"url\":\"https:\/\/secure.gravatar.com\/avatar\/d04696461b76b11e3c3d1c49435d7f4ec141053fa1579854dc869d4813fe61fc?s=96&d=mm&r=g\",\"contentUrl\":\"https:\/\/secure.gravatar.com\/avatar\/d04696461b76b11e3c3d1c49435d7f4ec141053fa1579854dc869d4813fe61fc?s=96&d=mm&r=g\",\"caption\":\"Jeanne-Marie Quashie\"},\"sameAs\":[\"https:\/\/www.linkedin.com\/in\/jeanne-marie-quashie-28ba9828b\/\"],\"url\":\"https:\/\/www.humanium.org\/es\/author\/autor_jeannemariequashie\/\"}]}<\/script>\n<!-- \/ Yoast SEO plugin. -->","yoast_head_json":{"title":"Examen de las repercusiones del Pacto de Migraci\u00f3n y Asilo de la UE en los derechos de los ni\u00f1os - Humanium","description":"El Pacto de Migraci\u00f3n y Asilo de la UE, adoptado en mayo de 2024, ha suscitado preocupaci\u00f3n por su posible impacto negativo en los derechos de los ni\u00f1os.","robots":{"index":"index","follow":"follow","max-snippet":"max-snippet:-1","max-image-preview":"max-image-preview:large","max-video-preview":"max-video-preview:-1"},"canonical":"https:\/\/www.humanium.org\/es\/examen-de-las-repercusiones-del-pacto-de-migracion-y-asilo-de-la-ue-en-los-derechos-de-los-ninos\/","og_locale":"es_ES","og_type":"article","og_title":"Examen de las repercusiones del Pacto de Migraci\u00f3n y Asilo de la UE en los derechos de los ni\u00f1os - Humanium","og_description":"El Pacto de Migraci\u00f3n y Asilo de la UE, adoptado en mayo de 2024, ha suscitado preocupaci\u00f3n por su posible impacto negativo en los derechos de los ni\u00f1os.","og_url":"https:\/\/www.humanium.org\/es\/examen-de-las-repercusiones-del-pacto-de-migracion-y-asilo-de-la-ue-en-los-derechos-de-los-ninos\/","og_site_name":"Humanium","article_published_time":"2024-10-15T17:22:12+00:00","article_modified_time":"2025-12-13T21:44:51+00:00","og_image":[{"width":2560,"height":1707,"url":"https:\/\/www.humanium.org\/es\/wp-content\/uploads\/2024\/10\/shutterstock_331912505-scaled.jpg","type":"image\/jpeg"}],"author":"Jeanne-Marie Quashie","twitter_card":"summary_large_image","twitter_misc":{"Escrito por":"Jeanne-Marie Quashie","Tiempo de lectura":"11 minutos"},"schema":{"@context":"https:\/\/schema.org","@graph":[{"@type":"WebPage","@id":"https:\/\/www.humanium.org\/es\/examen-de-las-repercusiones-del-pacto-de-migracion-y-asilo-de-la-ue-en-los-derechos-de-los-ninos\/","url":"https:\/\/www.humanium.org\/es\/examen-de-las-repercusiones-del-pacto-de-migracion-y-asilo-de-la-ue-en-los-derechos-de-los-ninos\/","name":"Examen de las repercusiones del Pacto de Migraci\u00f3n y Asilo de la UE en los derechos de los ni\u00f1os - Humanium","isPartOf":{"@id":"https:\/\/www.humanium.org\/es\/#website"},"primaryImageOfPage":{"@id":"https:\/\/www.humanium.org\/es\/examen-de-las-repercusiones-del-pacto-de-migracion-y-asilo-de-la-ue-en-los-derechos-de-los-ninos\/#primaryimage"},"image":{"@id":"https:\/\/www.humanium.org\/es\/examen-de-las-repercusiones-del-pacto-de-migracion-y-asilo-de-la-ue-en-los-derechos-de-los-ninos\/#primaryimage"},"thumbnailUrl":"https:\/\/www.humanium.org\/es\/wp-content\/uploads\/2024\/10\/shutterstock_331912505-scaled.jpg","datePublished":"2024-10-15T17:22:12+00:00","dateModified":"2025-12-13T21:44:51+00:00","author":{"@id":"https:\/\/www.humanium.org\/es\/#\/schema\/person\/5f5bd679777ee7c049b0803821f2a08c"},"description":"El Pacto de Migraci\u00f3n y Asilo de la UE, adoptado en mayo de 2024, ha suscitado preocupaci\u00f3n por su posible impacto negativo en los derechos de los ni\u00f1os.","breadcrumb":{"@id":"https:\/\/www.humanium.org\/es\/examen-de-las-repercusiones-del-pacto-de-migracion-y-asilo-de-la-ue-en-los-derechos-de-los-ninos\/#breadcrumb"},"inLanguage":"es","potentialAction":[{"@type":"ReadAction","target":["https:\/\/www.humanium.org\/es\/examen-de-las-repercusiones-del-pacto-de-migracion-y-asilo-de-la-ue-en-los-derechos-de-los-ninos\/"]}]},{"@type":"ImageObject","inLanguage":"es","@id":"https:\/\/www.humanium.org\/es\/examen-de-las-repercusiones-del-pacto-de-migracion-y-asilo-de-la-ue-en-los-derechos-de-los-ninos\/#primaryimage","url":"https:\/\/www.humanium.org\/es\/wp-content\/uploads\/2024\/10\/shutterstock_331912505-scaled.jpg","contentUrl":"https:\/\/www.humanium.org\/es\/wp-content\/uploads\/2024\/10\/shutterstock_331912505-scaled.jpg","width":2560,"height":1707},{"@type":"BreadcrumbList","@id":"https:\/\/www.humanium.org\/es\/examen-de-las-repercusiones-del-pacto-de-migracion-y-asilo-de-la-ue-en-los-derechos-de-los-ninos\/#breadcrumb","itemListElement":[{"@type":"ListItem","position":1,"name":"Home","item":"https:\/\/www.humanium.org\/es\/"},{"@type":"ListItem","position":2,"name":"Examen de las repercusiones del Pacto de Migraci\u00f3n y Asilo de la UE en los derechos de los ni\u00f1os"}]},{"@type":"WebSite","@id":"https:\/\/www.humanium.org\/es\/#website","url":"https:\/\/www.humanium.org\/es\/","name":"Humanium","description":"\u00a1Los ni\u00f1os primero!","potentialAction":[{"@type":"SearchAction","target":{"@type":"EntryPoint","urlTemplate":"https:\/\/www.humanium.org\/es\/?s={search_term_string}"},"query-input":{"@type":"PropertyValueSpecification","valueRequired":true,"valueName":"search_term_string"}}],"inLanguage":"es"},{"@type":"Person","@id":"https:\/\/www.humanium.org\/es\/#\/schema\/person\/5f5bd679777ee7c049b0803821f2a08c","name":"Jeanne-Marie Quashie","image":{"@type":"ImageObject","inLanguage":"es","@id":"https:\/\/www.humanium.org\/es\/#\/schema\/person\/image\/","url":"https:\/\/secure.gravatar.com\/avatar\/d04696461b76b11e3c3d1c49435d7f4ec141053fa1579854dc869d4813fe61fc?s=96&d=mm&r=g","contentUrl":"https:\/\/secure.gravatar.com\/avatar\/d04696461b76b11e3c3d1c49435d7f4ec141053fa1579854dc869d4813fe61fc?s=96&d=mm&r=g","caption":"Jeanne-Marie Quashie"},"sameAs":["https:\/\/www.linkedin.com\/in\/jeanne-marie-quashie-28ba9828b\/"],"url":"https:\/\/www.humanium.org\/es\/author\/autor_jeannemariequashie\/"}]}},"_links":{"self":[{"href":"https:\/\/www.humanium.org\/es\/wp-json\/wp\/v2\/posts\/19200","targetHints":{"allow":["GET"]}}],"collection":[{"href":"https:\/\/www.humanium.org\/es\/wp-json\/wp\/v2\/posts"}],"about":[{"href":"https:\/\/www.humanium.org\/es\/wp-json\/wp\/v2\/types\/post"}],"author":[{"embeddable":true,"href":"https:\/\/www.humanium.org\/es\/wp-json\/wp\/v2\/users\/64"}],"replies":[{"embeddable":true,"href":"https:\/\/www.humanium.org\/es\/wp-json\/wp\/v2\/comments?post=19200"}],"version-history":[{"count":3,"href":"https:\/\/www.humanium.org\/es\/wp-json\/wp\/v2\/posts\/19200\/revisions"}],"predecessor-version":[{"id":21777,"href":"https:\/\/www.humanium.org\/es\/wp-json\/wp\/v2\/posts\/19200\/revisions\/21777"}],"wp:featuredmedia":[{"embeddable":true,"href":"https:\/\/www.humanium.org\/es\/wp-json\/wp\/v2\/media\/19203"}],"wp:attachment":[{"href":"https:\/\/www.humanium.org\/es\/wp-json\/wp\/v2\/media?parent=19200"}],"wp:term":[{"taxonomy":"category","embeddable":true,"href":"https:\/\/www.humanium.org\/es\/wp-json\/wp\/v2\/categories?post=19200"},{"taxonomy":"post_tag","embeddable":true,"href":"https:\/\/www.humanium.org\/es\/wp-json\/wp\/v2\/tags?post=19200"}],"curies":[{"name":"wp","href":"https:\/\/api.w.org\/{rel}","templated":true}]}}