{"id":19225,"date":"2024-10-29T19:16:54","date_gmt":"2024-10-29T19:16:54","guid":{"rendered":"https:\/\/www.humanium.org\/es\/?p=19225"},"modified":"2024-10-29T19:29:00","modified_gmt":"2024-10-29T19:29:00","slug":"la-lucha-actual-de-los-ninos-migrantes-en-espana","status":"publish","type":"post","link":"https:\/\/www.humanium.org\/es\/la-lucha-actual-de-los-ninos-migrantes-en-espana\/","title":{"rendered":"La lucha actual de los ni\u00f1os migrantes en Espa\u00f1a\u00a0"},"content":{"rendered":"\n<p><strong>En 2024, Espa\u00f1a sigue enfrent\u00e1ndose a importantes retos en relaci\u00f3n con la afluencia de ni\u00f1os migrantes, ya sean acompa\u00f1ados o no, que llegan al pa\u00eds en busca de asilo, refugio o mejores condiciones de vida. Debido a su estrat\u00e9gica situaci\u00f3n\u00a0 geogr\u00e1fica, Espa\u00f1a se ha consolidado como uno de los principales puntos de entrada a Europa, lo que la convierte en un pa\u00eds de tr\u00e1nsito clave para los migrantes. Dentro de estos flujos migratorios, los ni\u00f1os se encuentran entre los m\u00e1s vulnerables, ya que a menudo se enfrentan a graves riesgos, tales como la explotaci\u00f3n, la trata de personas y la privaci\u00f3n de derechos b\u00e1sicos.<\/strong><\/p>\n\n\n\n<h2 class=\"wp-block-heading\"><strong>Contexto general de la migraci\u00f3n a Espa\u00f1a<\/strong><\/h2>\n\n\n\n<p><a href=\"https:\/\/www.humanium.org\/es\/espana\/\">Espa\u00f1a<\/a>, situada en el extremo suroccidental de Europa, se ha convertido en una puerta de entrada para los migrantes, especialmente aquellos procedentes del norte y el oeste de <a href=\"https:\/\/www.humanium.org\/es\/africa\/\">\u00c1frica<\/a>, que huyen de la guerra, la <a href=\"https:\/\/www.humanium.org\/es\/enfoques-tematicos\/pobreza\/pobreza-infantil\/\">pobreza<\/a> y la inestabilidad. <\/p>\n\n\n\n<p>Muchos de ellos intentan cruzar el Mediterr\u00e1neo o llegar a las Islas Canarias, mientras que otros llegan por tierra a trav\u00e9s de los enclaves espa\u00f1oles de Ceuta y Melilla, situados en la costa norte de \u00c1frica (Departamento de Investigaci\u00f3n de Statista, 2024). En los \u00faltimos a\u00f1os, ha oscilado el n\u00famero de migrantes que entran en Espa\u00f1a de forma irregular; pero, el n\u00famero de menores <a href=\"https:\/\/www.humanium.org\/es\/migracion-infantil\/\">no acompa\u00f1ados<\/a> ha aumentado notablemente.&nbsp;<\/p>\n\n\n\n<p>Estos ni\u00f1os suelen enfrentarse a viajes largos y peligrosos, a menudo, llegan a territorio espa\u00f1ol tras soportar dificultades extremas como traves\u00edas mar\u00edtimas llenas de riesgos, caminatas largas por desiertos y, en algunos casos, son v\u00edctimas de <a href=\"https:\/\/www.humanium.org\/es\/enfoques-tematicos\/explotacion\/trata-ninos\/\">trata de personas<\/a> (Departamento de Investigaci\u00f3n de Statista, 2024). Una vez llegados a territorio espa\u00f1ol, se enfrentan a una serie de desaf\u00edos como el acceso inadecuado a la <a href=\"https:\/\/www.humanium.org\/es\/derecho-educacion\/\">educaci\u00f3n<\/a> y a la <a href=\"https:\/\/www.humanium.org\/es\/derecho-salud\/\">atenci\u00f3n sanitaria<\/a> y, adem\u00e1s, enfrentan dificultades para navegar por los complejos sistemas espa\u00f1oles de asilo y protecci\u00f3n de menores (PBS News, 2024).<\/p>\n\n\n\n<h2 class=\"wp-block-heading\"><strong>La zona m\u00e1s afectada y el aumento de las cifras&nbsp;<\/strong><\/h2>\n\n\n\n<p>31.155 migrantes irregulares llegaron a <a href=\"https:\/\/www.humanium.org\/es\/espana\/\">Espa\u00f1a<\/a> entre enero y agosto de 2024, un 66,2% m\u00e1s en comparaci\u00f3n con el mismo periodo en 2023 (Ministerio del Interior espa\u00f1ol, 2024). Debido a este aumento general, y aunque se desconoce el n\u00famero exacto de menores entre ellos,&nbsp; se teme que la cifra de menores migrantes irregulares supere la de los 5.100 que llegaron a Espa\u00f1a en 2023, sobre todo si se tienen en cuenta que ya han llegado 1.500 ni\u00f1os en los primeros cuatro meses de 2024. (ReliefWeb, 2024)<\/p>\n\n\n\n<p>A fecha de mediados de agosto de 2024, m\u00e1s de 22.000 de los 31.155 migrantes irregulares mencionados hab\u00edan llegado al pa\u00eds por las Islas Canarias, lo que supone un aumento del 126% en comparaci\u00f3n con el mismo periodo del a\u00f1o anterior (Spain in English, 2024). La elevada concentraci\u00f3n de llegadas de inmigrantes a las Islas Canarias, m\u00e1s del 80% del total de Espa\u00f1a, ha ejercido y ejerce una inmensa presi\u00f3n sobre los recursos y servicios locales, especialmente cuando se trata de atender a menores <a href=\"https:\/\/www.humanium.org\/es\/migracion-infantil\/\">no acompa\u00f1ados<\/a>.&nbsp;<\/p>\n\n\n\n<p>El mencionado flujo migratorio ha desbordado las instalaciones de acogida de la regi\u00f3n, dise\u00f1adas para albergar a unos 2.000 menores. A principios de agosto de 2024, las Islas Canarias acog\u00edan a casi 6000 inmigrantes menores de edad. Y se espera que la cifra va aumentear (InfoMigrantes, 2024).<\/p>\n\n\n\n<h2 class=\"wp-block-heading\"><strong>Desaf\u00edos en la atenci\u00f3n y el apoyo a los menores migrantes<\/strong><\/h2>\n\n\n\n<p>Muchos menores inmigrantes irregulares no est\u00e1n acompa\u00f1ados y necesitan ser atendidos sistem\u00e1ticamente por las autoridades locales. Sin embargo, como las capacidades locales de alojamiento y atenci\u00f3n se han visto ampliamente superadas, estos ni\u00f1os no pueden gozar de la <a href=\"https:\/\/www.humanium.org\/es\/derecho-proteccion\/\">protecci\u00f3n<\/a> y de todos los derechos que les corresponden.&nbsp;<\/p>\n\n\n\n<p>Las regiones afectadas no s\u00f3lo carecen de espacio f\u00edsico, sino que la contrataci\u00f3n de profesionales capacitados para trabajar con los j\u00f3venes migrantes tambi\u00e9n ha resultado ser un desaf\u00edo, especialmente cuando se trata de encontrar profesionales dispuestos a trabajar en las islas situadas a unos 1.300 kil\u00f3metros de la Espa\u00f1a peninsular (Africanews, 2024). <\/p>\n\n\n\n<p>Como consecuencia de esto, los ni\u00f1os y adolescentes que llegan a las islas despu\u00e9s del viaje que ha costado la vida a miles de personas no reciben la <a href=\"https:\/\/www.humanium.org\/es\/derecho-proteccion\/\">protecci\u00f3n<\/a> a la que tienen derecho, seg\u00fan la legislaci\u00f3n espa\u00f1ola y europea. Esta protecci\u00f3n incluye su derecho b\u00e1sico a la <a href=\"https:\/\/www.humanium.org\/es\/derecho-salud\/\">atenci\u00f3n sanitaria<\/a>.<\/p>\n\n\n\n<h2 class=\"wp-block-heading\"><strong>Condiciones de vida e impacto psicol\u00f3gico<\/strong><\/h2>\n\n\n\n<figure class=\"wp-block-image size-large\"><img loading=\"lazy\" decoding=\"async\" width=\"1024\" height=\"683\" src=\"https:\/\/www.humanium.org\/es\/wp-content\/uploads\/2024\/10\/shutterstock_1353145055-1024x683.jpg\" alt=\"\" class=\"wp-image-19226\" srcset=\"https:\/\/www.humanium.org\/es\/wp-content\/uploads\/2024\/10\/shutterstock_1353145055-1024x683.jpg 1024w, https:\/\/www.humanium.org\/es\/wp-content\/uploads\/2024\/10\/shutterstock_1353145055-300x200.jpg 300w, https:\/\/www.humanium.org\/es\/wp-content\/uploads\/2024\/10\/shutterstock_1353145055-768x512.jpg 768w, https:\/\/www.humanium.org\/es\/wp-content\/uploads\/2024\/10\/shutterstock_1353145055-1536x1024.jpg 1536w, https:\/\/www.humanium.org\/es\/wp-content\/uploads\/2024\/10\/shutterstock_1353145055-2048x1365.jpg 2048w, https:\/\/www.humanium.org\/es\/wp-content\/uploads\/2024\/10\/shutterstock_1353145055-830x553.jpg 830w, https:\/\/www.humanium.org\/es\/wp-content\/uploads\/2024\/10\/shutterstock_1353145055-230x153.jpg 230w, https:\/\/www.humanium.org\/es\/wp-content\/uploads\/2024\/10\/shutterstock_1353145055-350x233.jpg 350w, https:\/\/www.humanium.org\/es\/wp-content\/uploads\/2024\/10\/shutterstock_1353145055-480x320.jpg 480w, https:\/\/www.humanium.org\/es\/wp-content\/uploads\/2024\/10\/shutterstock_1353145055-272x182.jpg 272w\" sizes=\"auto, (max-width: 1024px) 100vw, 1024px\" \/><\/figure>\n\n\n\n<p>La salud de muchos de estos ni\u00f1os est\u00e1 directamente en peligro debido a las condiciones insalubres y la superpoblaci\u00f3n de los centros donde viven. En la isla de Lanzarote, las autoridades han instalado tiendas de campa\u00f1a provisionales para alojar a los reci\u00e9n llegados, lo cual est\u00e1 muy lejos de ser una calidad de vida digna a la que los ni\u00f1os tienen derecho. En este contexto, tambi\u00e9n se han denunciado casos de <a href=\"https:\/\/www.humanium.org\/es\/enfoques-tematicos\/violencia\/abuso-infantil\/\">abusos<\/a> y maltrato. Por su parte, representantes de las autoridades locales afirman que la situaci\u00f3n en las Islas Canarias es una aut\u00e9ntica cat\u00e1strofe humanitaria (Africanews, 2024).<\/p>\n\n\n\n<p>A causa de los <a href=\"https:\/\/www.humanium.org\/es\/tept-en-ninos-y-adolescentes\/\">traumas<\/a> graves, a menudo provocados por haber sido separados o por haber presenciado la muerte de sus cuidadores y hermanos, estos ni\u00f1os necesitan asistencia <a href=\"https:\/\/www.humanium.org\/es\/el-bienestar-mental-de-los-ninos\/\">psicol\u00f3gica<\/a> y cuidados intensivos. No obstante, una vez que alcanzan la supuesta seguridad, se encuentran inmersos en el caos, rodeados de decenas de otros ni\u00f1os llorando, en condiciones insalubres y con profesionales sobrecargados.&nbsp;<\/p>\n\n\n\n<p>El sufrimiento y el trauma que enfrentan estos ni\u00f1os se evidencian claramente con el caso de un ni\u00f1o de Senegal que se desmayaba continuamente tras presenciar c\u00f3mo arrojaban por la borda los cuerpos de sus&nbsp; padres, fallecidos mientras intentaban llegar&nbsp; a las Islas Canarias. Esta situaci\u00f3n tambi\u00e9n pone de relieve las dif\u00edciles condiciones que deben afrontar los profesionales que trabajan con ellos (PBSNews, 2024).<\/p>\n\n\n\n<h2 class=\"wp-block-heading\"><strong>Protecci\u00f3n jur\u00eddica de la UE para los menores migrantes irregulares<\/strong><\/h2>\n\n\n\n<p>La grave situaci\u00f3n de la regi\u00f3n no puede tratarse como un problema exclusivamente nacional. En este sentido, en la Uni\u00f3n Europea (UE), los menores en situaci\u00f3n irregular, o sin estatuto legal de residencia, gozan de protecci\u00f3n en virtud de varios instrumentos jur\u00eddicos clave, como la Carta de los Derechos Fundamentales de la UE, la Convenci\u00f3n de las Naciones Unidas sobre los Derechos del Ni\u00f1o (CDN), as\u00ed como las leyes nacionales de protecci\u00f3n de la infancia de cada pa\u00eds (Diario Oficial de las Comunidades Europeas, 2000).&nbsp;<\/p>\n\n\n\n<p>Estas normativas hacen hincapi\u00e9 en que los derechos del ni\u00f1o, incluido el acceso a la educaci\u00f3n, la atenci\u00f3n sanitaria y unas condiciones de vida adecuadas, deben respetarse independientemente de la situaci\u00f3n de inmigraci\u00f3n. La UE en su conjunto debe esforzarse por encontrar soluciones integrales que aseguren que la situaci\u00f3n sobre el terreno se ajuste al marco legal vigente.<\/p>\n\n\n\n<h2 class=\"wp-block-heading\"><strong>Esfuerzos legislativos espa\u00f1oles y tensiones locales<\/strong><\/h2>\n\n\n\n<p>El gobierno regional canario, desbordado por la afluencia, busc\u00f3 apoyo nacional a trav\u00e9s de un proyecto de ley que propon\u00eda la distribuci\u00f3n obligatoria de estos menores a otras regiones de Espa\u00f1a. Con todo, el sistema voluntario existente resultaba insuficiente, ya que las Islas se hab\u00edan hecho cargo de m\u00e1s de 6.000 de los citados menores no acompa\u00f1ados, superando con creces su capacidad. Por ello, el proyecto de ley ten\u00eda como objetivo garantizar un reparto m\u00e1s equitativo de las responsabilidades en toda Espa\u00f1a, lo que, a su vez, contribuir\u00eda a aliviar la saturaci\u00f3n de los centros canarios (InfoMigrantes, 2024).<\/p>\n\n\n\n<p>A pesar de los esfuerzos, el proyecto de ley fue rechazado en el Congreso espa\u00f1ol, lo que dej\u00f3 a la Espa\u00f1a peninsular obligada a distribuir \u00fanicamente a los inmigrantes irregulares adultos por su territorio. Mientras tanto, las Islas Canarias deben encontrar la manera de gestionar la creciente afluencia de menores en sus costas. Por tanto, las autoridades locales y los ciudadanos contin\u00faan insatisfechos con la situaci\u00f3n, esto genera crecientes tensiones entre la poblaci\u00f3n local y los <a href=\"https:\/\/www.humanium.org\/es\/la-detencion-de-ninos-migrantes-en-campamentos-a-lo-largo-del-desierto-de-la-frontera-entre-mexico-y-estados-unidos\/\">j\u00f3venes inmigrantes.<\/a><\/p>\n\n\n\n<p>Existe un problema persistente relacionado con ciudadanos descontentos que acusan a los menores inmigrantes de delitos, muchos de los cuales no han cometido. De hecho, en una ocasi\u00f3n, se produjo un intento por parte de los ciudadanos locales de entrar en el centro de acogida de menores extranjeros con el fin de confrontar a los j\u00f3venes, a quienes acusaban de haber cometido una agresi\u00f3n. (Morel, 2024).<\/p>\n\n\n\n<h2 class=\"wp-block-heading\"><strong>Urgen soluciones integrales&nbsp;<\/strong><\/h2>\n\n\n\n<p>La situaci\u00f3n en Espa\u00f1a sigue siendo grave, no obstante, se han dado algunos pasos positivos, como, por ejemplo, la asignaci\u00f3n de 14 millones de euros por parte de la UE a las Islas Canarias en 2024 para apoyar sus esfuerzos en la gesti\u00f3n de la crisis (Pawlowski, 2024). Aunque la ayuda financiera es fundamental, es igualmente necesario implementar estrategias de gesti\u00f3n de la inmigraci\u00f3n m\u00e1s globales.<\/p>\n\n\n\n<p>En este sentido, Espa\u00f1a podr\u00eda modificar sus leyes de inmigraci\u00f3n para ofrecer criterios de regularizaci\u00f3n m\u00e1s claros y accesibles, lo que permitir\u00eda reducir las barreras burocr\u00e1ticas que, en muchas ocasiones, dejan a los menores en un prolongado limbo legal. Asimismo, ser\u00eda crucial mejorar la cooperaci\u00f3n entre las comunidades aut\u00f3nomas, ya que las pr\u00e1cticas regionales incoherentes y la distribuci\u00f3n injusta de los menores dentro del pa\u00eds les impiden acceder a los derechos y servicios a los que todos los ni\u00f1os tienen derecho, independientemente de su situaci\u00f3n migratoria.<\/p>\n\n\n\n<p>Por tanto, un enfoque nacional unificado, articulado a trav\u00e9s de un marco centralizado o mediante mecanismos de coordinaci\u00f3n m\u00e1s s\u00f3lidos, junto con el apoyo jur\u00eddico, financiero y operativo de los estados miembros de la UE, podr\u00eda garantizar que todas las regiones se adhieran a unas normas comunes. La concienciaci\u00f3n sobre la situaci\u00f3n en <a href=\"https:\/\/www.humanium.org\/es\/espana\/\">Espa\u00f1a<\/a> y la importancia de una acci\u00f3n urgente en la zona tambi\u00e9n es importante, ya que puede ayudar a instar a las autoridades internacionales a trabajar para responder a la situaci\u00f3n de una manera eficaz.&nbsp;<\/p>\n\n\n\n<figure class=\"wp-block-image size-large\"><img loading=\"lazy\" decoding=\"async\" width=\"1024\" height=\"665\" src=\"https:\/\/www.humanium.org\/es\/wp-content\/uploads\/2024\/10\/shutterstock_283034996-1024x665.jpg\" alt=\"\" class=\"wp-image-19227\" srcset=\"https:\/\/www.humanium.org\/es\/wp-content\/uploads\/2024\/10\/shutterstock_283034996-1024x665.jpg 1024w, https:\/\/www.humanium.org\/es\/wp-content\/uploads\/2024\/10\/shutterstock_283034996-300x195.jpg 300w, https:\/\/www.humanium.org\/es\/wp-content\/uploads\/2024\/10\/shutterstock_283034996-768x499.jpg 768w, https:\/\/www.humanium.org\/es\/wp-content\/uploads\/2024\/10\/shutterstock_283034996-1536x998.jpg 1536w, https:\/\/www.humanium.org\/es\/wp-content\/uploads\/2024\/10\/shutterstock_283034996-2048x1330.jpg 2048w, https:\/\/www.humanium.org\/es\/wp-content\/uploads\/2024\/10\/shutterstock_283034996-830x539.jpg 830w, https:\/\/www.humanium.org\/es\/wp-content\/uploads\/2024\/10\/shutterstock_283034996-230x149.jpg 230w, https:\/\/www.humanium.org\/es\/wp-content\/uploads\/2024\/10\/shutterstock_283034996-350x227.jpg 350w, https:\/\/www.humanium.org\/es\/wp-content\/uploads\/2024\/10\/shutterstock_283034996-480x312.jpg 480w\" sizes=\"auto, (max-width: 1024px) 100vw, 1024px\" \/><\/figure>\n\n\n\n<p>En Humanium, abogamos por el bienestar de los ni\u00f1os de todo el mundo, incluidos los que se han visto inmersos en los peligrosos flujos migratorios. Puedes contribuir a nuestra causa haciendo un <a href=\"https:\/\/www.humanium.org\/es\/donacion\/\">donativo<\/a>, como <a href=\"https:\/\/www.humanium.org\/es\/voluntariado\/\">voluntario<\/a> o <a href=\"https:\/\/www.humanium.org\/es\/apadrinar-a-un-nino\/\">apadrinando<\/a> a un ni\u00f1o. Tu apoyo nos ayuda a dar a los ni\u00f1os vulnerables la oportunidad de recibir educaci\u00f3n, atenci\u00f3n sanitaria y un ma\u00f1ana mejor.<\/p>\n\n\n\n<p><em><strong>Escrito por Zeljka Mazinjanin<\/strong><\/em><\/p>\n\n\n\n<p><em><strong>Traducido por Maira Castro<\/strong><\/em><\/p>\n\n\n\n<p><em><strong>Revisado por Esperanza Escalona Reyes<\/strong><\/em><\/p>\n\n\n\n<h4 class=\"wp-block-heading\"><strong>Bibliograf\u00eda<\/strong>:<\/h4>\n\n\n\n<p class=\"has-small-font-size\">Africanews (2024), Spain&#8217;s parliament to vote on relocation bill for young migrants. Retrieved from Africanews, available at <a href=\"https:\/\/www.africanews.com\/2024\/07\/23\/spains-parliament-to-vote-on-relocation-bill-for-young-migrants\/\" target=\"_blank\" rel=\"noreferrer noopener\">https:\/\/www.africanews.com\/2024\/07\/23\/spains-parliament-to-vote-on-relocation-bill-for-young-migrants\/<\/a>, accessed on September 26, 2024.<\/p>\n\n\n\n<p class=\"has-small-font-size\">InfoMigrants (2024), Canary Islands preparing to care for up to 16,000 migrant minors. Retrieved from InfoMigrants, available at <a href=\"https:\/\/www.infomigrants.net\/en\/post\/58848\/canary-islands-preparing-to-care-for-up-to-16000-migrant-minors\" target=\"_blank\" rel=\"noreferrer noopener\">https:\/\/www.infomigrants.net\/en\/post\/58848\/canary-islands-preparing-to-care-for-up-to-16000-migrant-minors<\/a>, accessed on September 26, 2024.<\/p>\n\n\n\n<p class=\"has-small-font-size\">InfoMigrants (2024), Spain: Canaries renew call for broader distribution of unaccompanied minors. Retrieved from InfoMigrants, available at <a href=\"https:\/\/www.infomigrants.net\/en\/post\/58385\/spain-canaries-renew-call-for-broader-distribution-of-unaccompanied-minors\" target=\"_blank\" rel=\"noreferrer noopener\">https:\/\/www.infomigrants.net\/en\/post\/58385\/spain-canaries-renew-call-for-broader-distribution-of-unaccompanied-minors<\/a>, accessed on September 26, 2024.<\/p>\n\n\n\n<p class=\"has-small-font-size\">Morel Sandrine (2024), Fate of unaccompanied foreign minors fuels tensions in Spain. Retrieved from LeMonde, available at <a href=\"https:\/\/www.lemonde.fr\/en\/international\/article\/2024\/08\/18\/immigration-in-spain-the-fate-of-unaccompanied-minors-fuels-tensions_6717995_4.html\">https:\/\/www.lemonde.fr\/en\/international\/article\/2024\/08\/18\/immigration-in-spain-the-fate-of-unaccompanied-<\/a><a href=\"https:\/\/www.lemonde.fr\/en\/international\/article\/2024\/08\/18\/immigration-in-spain-the-fate-of-unaccompanied-minors-fuels-tensions_6717995_4.html\" target=\"_blank\" rel=\"noreferrer noopener\">minors<\/a><a href=\"https:\/\/www.lemonde.fr\/en\/international\/article\/2024\/08\/18\/immigration-in-spain-the-fate-of-unaccompanied-minors-fuels-tensions_6717995_4.html\">-fuels-tensions_6717995_4.html<\/a>, accessed on September 26, 2024.<\/p>\n\n\n\n<p class=\"has-small-font-size\">Official Journal of the European Communities (2000), Charter Of Fundamental Rights Of The European Union. Retrieved from European Parliament, available at <a href=\"https:\/\/www.europarl.europa.eu\/charter\/pdf\/text_en.pdf\" target=\"_blank\" rel=\"noreferrer noopener\">https:\/\/www.europarl.europa.eu\/charter\/pdf\/text_en.pdf<\/a>, accessed on September 28, 2024.<\/p>\n\n\n\n<p class=\"has-small-font-size\">Pawlowski Ben (2024), Spain\u2019s Canary Islands receive \u20ac14 million boost from EU fund to support handling of migrant crisis. Retrieved from The Olive press, available at <a href=\"https:\/\/www.theolivepress.es\/spain-news\/2024\/09\/23\/spains-canary-islands-receive-e14-million-boost-from-eu-fund-to-support-handling-of-migrant-crisis\/\" target=\"_blank\" rel=\"noreferrer noopener\">https:\/\/www.theolivepress.es\/spain-news\/2024\/09\/23\/spains-canary-islands-receive-e14-million-boost-from-eu-fund-to-support-handling-of-migrant-crisis\/<\/a>, accessed on Septeber 26, 2024.<\/p>\n\n\n\n<p class=\"has-small-font-size\">PBS News (2024), The Canary Islands are overwhelmed with thousands of unaccompanied migrant children, and are asking Spain for help. Retrieved from PBS News, available on <a href=\"https:\/\/www.pbs.org\/newshour\/world\/the-canary-islands-are-overwhelemed-with-thousands-of-unaccompanied-migrant-children-and-are-asking-spain-for-help\">https:\/\/www.pbs.org\/newshour\/world\/the-canary-islands-are-overwhelemed-with-thousands-of-unaccompanied-migrant-children<\/a><a href=\"https:\/\/www.pbs.org\/newshour\/world\/the-canary-islands-are-overwhelemed-with-thousands-of-unaccompanied-migrant-children-and-are-asking-spain-for-help\" target=\"_blank\" rel=\"noreferrer noopener\">&#8211;<\/a><a href=\"https:\/\/www.pbs.org\/newshour\/world\/the-canary-islands-are-overwhelemed-with-thousands-of-unaccompanied-migrant-children-and-are-asking-spain-for-help\">and-are-asking-spain-for-help<\/a>, accessed on September 25, 2024.<\/p>\n\n\n\n<p class=\"has-small-font-size\">ReliefWeb (2024), Number of Migrants Arriving In Spain Nearly Triples so far this Year. Retrieved from ReliefWeb, available at <a href=\"https:\/\/reliefweb.int\/report\/canary-islands-spain\/number-migrants-arriving-spain-nearly-triples-so-far-year\" target=\"_blank\" rel=\"noreferrer noopener\">https:\/\/reliefweb.int\/report\/canary-islands-spain\/number-migrants-arriving-spain-nearly-triples-so-far-year<\/a>, accessed on September 25, 2024.<\/p>\n\n\n\n<p class=\"has-small-font-size\">Spain in English (2024), Canary Islands migrant arrivals up 126% year-on-year, as S\u00e1nchez plans west Africa trip. retrieved from Spain in English, available at <a href=\"https:\/\/www.spainenglish.com\/2024\/08\/19\/canary-islands-migrant-arrivals-up-126-year-on-year-as-sanchez-plans-west-africa-trip\/#google_vignette\">https:\/\/www.spainenglish.com\/2024\/08\/19\/canary-islands-migrant-arrivals-up-126-<\/a><a href=\"https:\/\/www.spainenglish.com\/2024\/08\/19\/canary-islands-migrant-arrivals-up-126-year-on-year-as-sanchez-plans-west-africa-trip\/#google_vignette\" target=\"_blank\" rel=\"noreferrer noopener\">year<\/a><a href=\"https:\/\/www.spainenglish.com\/2024\/08\/19\/canary-islands-migrant-arrivals-up-126-year-on-year-as-sanchez-plans-west-africa-trip\/#google_vignette\">-on-year-as-sanchez-plans-west-africa-trip\/#google_vignette<\/a>, accessed on September 26, 2024.<\/p>\n\n\n\n<p class=\"has-small-font-size\">Statista Research Department (2024), Unaccompanied foreign minors in Spain &#8211; Statistics &amp; Facts. retrieved from Startista, available at <a href=\"https:\/\/www.statista.com\/topics\/8907\/unaccompanied-foreign-minors-in-spain\/#topFacts\" target=\"_blank\" rel=\"noreferrer noopener\">https:\/\/www.statista.com\/topics\/8907\/unaccompanied-foreign-minors-in-spain\/#topFacts<\/a>, accessed on September 25, 2024.<\/p>\n","protected":false},"excerpt":{"rendered":"<p>En 2024, Espa\u00f1a sigue enfrent\u00e1ndose a importantes retos en relaci\u00f3n con la afluencia de ni\u00f1os migrantes, ya sean acompa\u00f1ados o no, que llegan al pa\u00eds en busca de asilo, refugio o mejores condiciones de vida. Debido a su estrat\u00e9gica situaci\u00f3n\u00a0 geogr\u00e1fica, Espa\u00f1a se ha consolidado como uno de los principales puntos de entrada a Europa, [&hellip;]<\/p>\n","protected":false},"author":62,"featured_media":19231,"comment_status":"closed","ping_status":"closed","sticky":false,"template":"","format":"standard","meta":{"footnotes":""},"categories":[3,4,161,144],"tags":[],"class_list":["post-19225","post","type-post","status-publish","format-standard","has-post-thumbnail","hentry","category-derechos-humanos","category-descubrir-india","category-migracion","category-refugiados"],"yoast_head":"<!-- This site is optimized with the Yoast SEO plugin v26.5 - https:\/\/yoast.com\/wordpress\/plugins\/seo\/ -->\n<title>La lucha actual de los ni\u00f1os migrantes en Espa\u00f1a\u00a0 - Humanium<\/title>\n<meta name=\"description\" content=\"En 2024, Espa\u00f1a sigue enfrent\u00e1ndose a importantes retos en relaci\u00f3n con la afluencia de ni\u00f1os inmigrantes.\" \/>\n<meta name=\"robots\" content=\"index, follow, max-snippet:-1, max-image-preview:large, max-video-preview:-1\" \/>\n<link rel=\"canonical\" href=\"https:\/\/www.humanium.org\/es\/la-lucha-actual-de-los-ninos-migrantes-en-espana\/\" \/>\n<meta property=\"og:locale\" content=\"es_ES\" \/>\n<meta property=\"og:type\" content=\"article\" \/>\n<meta property=\"og:title\" content=\"La lucha actual de los ni\u00f1os migrantes en Espa\u00f1a\u00a0 - Humanium\" \/>\n<meta property=\"og:description\" content=\"En 2024, Espa\u00f1a sigue enfrent\u00e1ndose a importantes retos en relaci\u00f3n con la afluencia de ni\u00f1os inmigrantes.\" \/>\n<meta property=\"og:url\" content=\"https:\/\/www.humanium.org\/es\/la-lucha-actual-de-los-ninos-migrantes-en-espana\/\" \/>\n<meta property=\"og:site_name\" content=\"Humanium\" \/>\n<meta property=\"article:published_time\" content=\"2024-10-29T19:16:54+00:00\" \/>\n<meta property=\"article:modified_time\" content=\"2024-10-29T19:29:00+00:00\" \/>\n<meta property=\"og:image\" content=\"https:\/\/www.humanium.org\/es\/wp-content\/uploads\/2024\/10\/shutterstock_2059553285.jpg\" \/>\n\t<meta property=\"og:image:width\" content=\"1000\" \/>\n\t<meta property=\"og:image:height\" content=\"667\" \/>\n\t<meta property=\"og:image:type\" content=\"image\/jpeg\" \/>\n<meta name=\"author\" content=\"Zeljka Mazinjanin\" \/>\n<meta name=\"twitter:card\" content=\"summary_large_image\" \/>\n<meta name=\"twitter:label1\" content=\"Escrito por\" \/>\n\t<meta name=\"twitter:data1\" content=\"Zeljka Mazinjanin\" \/>\n\t<meta name=\"twitter:label2\" content=\"Tiempo de lectura\" \/>\n\t<meta name=\"twitter:data2\" content=\"10 minutos\" \/>\n<script type=\"application\/ld+json\" class=\"yoast-schema-graph\">{\"@context\":\"https:\/\/schema.org\",\"@graph\":[{\"@type\":\"WebPage\",\"@id\":\"https:\/\/www.humanium.org\/es\/la-lucha-actual-de-los-ninos-migrantes-en-espana\/\",\"url\":\"https:\/\/www.humanium.org\/es\/la-lucha-actual-de-los-ninos-migrantes-en-espana\/\",\"name\":\"La lucha actual de los ni\u00f1os migrantes en Espa\u00f1a\u00a0 - Humanium\",\"isPartOf\":{\"@id\":\"https:\/\/www.humanium.org\/es\/#website\"},\"primaryImageOfPage\":{\"@id\":\"https:\/\/www.humanium.org\/es\/la-lucha-actual-de-los-ninos-migrantes-en-espana\/#primaryimage\"},\"image\":{\"@id\":\"https:\/\/www.humanium.org\/es\/la-lucha-actual-de-los-ninos-migrantes-en-espana\/#primaryimage\"},\"thumbnailUrl\":\"https:\/\/www.humanium.org\/es\/wp-content\/uploads\/2024\/10\/shutterstock_2059553285.jpg\",\"datePublished\":\"2024-10-29T19:16:54+00:00\",\"dateModified\":\"2024-10-29T19:29:00+00:00\",\"author\":{\"@id\":\"https:\/\/www.humanium.org\/es\/#\/schema\/person\/677738e5120564f02e3015e2b2d79443\"},\"description\":\"En 2024, Espa\u00f1a sigue enfrent\u00e1ndose a importantes retos en relaci\u00f3n con la afluencia de ni\u00f1os inmigrantes.\",\"breadcrumb\":{\"@id\":\"https:\/\/www.humanium.org\/es\/la-lucha-actual-de-los-ninos-migrantes-en-espana\/#breadcrumb\"},\"inLanguage\":\"es\",\"potentialAction\":[{\"@type\":\"ReadAction\",\"target\":[\"https:\/\/www.humanium.org\/es\/la-lucha-actual-de-los-ninos-migrantes-en-espana\/\"]}]},{\"@type\":\"ImageObject\",\"inLanguage\":\"es\",\"@id\":\"https:\/\/www.humanium.org\/es\/la-lucha-actual-de-los-ninos-migrantes-en-espana\/#primaryimage\",\"url\":\"https:\/\/www.humanium.org\/es\/wp-content\/uploads\/2024\/10\/shutterstock_2059553285.jpg\",\"contentUrl\":\"https:\/\/www.humanium.org\/es\/wp-content\/uploads\/2024\/10\/shutterstock_2059553285.jpg\",\"width\":1000,\"height\":667},{\"@type\":\"BreadcrumbList\",\"@id\":\"https:\/\/www.humanium.org\/es\/la-lucha-actual-de-los-ninos-migrantes-en-espana\/#breadcrumb\",\"itemListElement\":[{\"@type\":\"ListItem\",\"position\":1,\"name\":\"Home\",\"item\":\"https:\/\/www.humanium.org\/es\/\"},{\"@type\":\"ListItem\",\"position\":2,\"name\":\"La lucha actual de los ni\u00f1os migrantes en Espa\u00f1a\u00a0\"}]},{\"@type\":\"WebSite\",\"@id\":\"https:\/\/www.humanium.org\/es\/#website\",\"url\":\"https:\/\/www.humanium.org\/es\/\",\"name\":\"Humanium\",\"description\":\"\u00a1Los ni\u00f1os primero!\",\"potentialAction\":[{\"@type\":\"SearchAction\",\"target\":{\"@type\":\"EntryPoint\",\"urlTemplate\":\"https:\/\/www.humanium.org\/es\/?s={search_term_string}\"},\"query-input\":{\"@type\":\"PropertyValueSpecification\",\"valueRequired\":true,\"valueName\":\"search_term_string\"}}],\"inLanguage\":\"es\"},{\"@type\":\"Person\",\"@id\":\"https:\/\/www.humanium.org\/es\/#\/schema\/person\/677738e5120564f02e3015e2b2d79443\",\"name\":\"Zeljka Mazinjanin\",\"image\":{\"@type\":\"ImageObject\",\"inLanguage\":\"es\",\"@id\":\"https:\/\/www.humanium.org\/es\/#\/schema\/person\/image\/\",\"url\":\"https:\/\/secure.gravatar.com\/avatar\/41c54f866d18f72dbdba34486b963c77576f5cd9c0229712bb35fab505a006a4?s=96&d=mm&r=g\",\"contentUrl\":\"https:\/\/secure.gravatar.com\/avatar\/41c54f866d18f72dbdba34486b963c77576f5cd9c0229712bb35fab505a006a4?s=96&d=mm&r=g\",\"caption\":\"Zeljka Mazinjanin\"},\"sameAs\":[\"https:\/\/www.linkedin.com\/in\/%C5%BEeljka-mazinjanin-89208a146\/\"],\"url\":\"https:\/\/www.humanium.org\/es\/author\/autor_zeljkamazinjanin\/\"}]}<\/script>\n<!-- \/ Yoast SEO plugin. -->","yoast_head_json":{"title":"La lucha actual de los ni\u00f1os migrantes en Espa\u00f1a\u00a0 - Humanium","description":"En 2024, Espa\u00f1a sigue enfrent\u00e1ndose a importantes retos en relaci\u00f3n con la afluencia de ni\u00f1os inmigrantes.","robots":{"index":"index","follow":"follow","max-snippet":"max-snippet:-1","max-image-preview":"max-image-preview:large","max-video-preview":"max-video-preview:-1"},"canonical":"https:\/\/www.humanium.org\/es\/la-lucha-actual-de-los-ninos-migrantes-en-espana\/","og_locale":"es_ES","og_type":"article","og_title":"La lucha actual de los ni\u00f1os migrantes en Espa\u00f1a\u00a0 - Humanium","og_description":"En 2024, Espa\u00f1a sigue enfrent\u00e1ndose a importantes retos en relaci\u00f3n con la afluencia de ni\u00f1os inmigrantes.","og_url":"https:\/\/www.humanium.org\/es\/la-lucha-actual-de-los-ninos-migrantes-en-espana\/","og_site_name":"Humanium","article_published_time":"2024-10-29T19:16:54+00:00","article_modified_time":"2024-10-29T19:29:00+00:00","og_image":[{"width":1000,"height":667,"url":"https:\/\/www.humanium.org\/es\/wp-content\/uploads\/2024\/10\/shutterstock_2059553285.jpg","type":"image\/jpeg"}],"author":"Zeljka Mazinjanin","twitter_card":"summary_large_image","twitter_misc":{"Escrito por":"Zeljka Mazinjanin","Tiempo de lectura":"10 minutos"},"schema":{"@context":"https:\/\/schema.org","@graph":[{"@type":"WebPage","@id":"https:\/\/www.humanium.org\/es\/la-lucha-actual-de-los-ninos-migrantes-en-espana\/","url":"https:\/\/www.humanium.org\/es\/la-lucha-actual-de-los-ninos-migrantes-en-espana\/","name":"La lucha actual de los ni\u00f1os migrantes en Espa\u00f1a\u00a0 - Humanium","isPartOf":{"@id":"https:\/\/www.humanium.org\/es\/#website"},"primaryImageOfPage":{"@id":"https:\/\/www.humanium.org\/es\/la-lucha-actual-de-los-ninos-migrantes-en-espana\/#primaryimage"},"image":{"@id":"https:\/\/www.humanium.org\/es\/la-lucha-actual-de-los-ninos-migrantes-en-espana\/#primaryimage"},"thumbnailUrl":"https:\/\/www.humanium.org\/es\/wp-content\/uploads\/2024\/10\/shutterstock_2059553285.jpg","datePublished":"2024-10-29T19:16:54+00:00","dateModified":"2024-10-29T19:29:00+00:00","author":{"@id":"https:\/\/www.humanium.org\/es\/#\/schema\/person\/677738e5120564f02e3015e2b2d79443"},"description":"En 2024, Espa\u00f1a sigue enfrent\u00e1ndose a importantes retos en relaci\u00f3n con la afluencia de ni\u00f1os inmigrantes.","breadcrumb":{"@id":"https:\/\/www.humanium.org\/es\/la-lucha-actual-de-los-ninos-migrantes-en-espana\/#breadcrumb"},"inLanguage":"es","potentialAction":[{"@type":"ReadAction","target":["https:\/\/www.humanium.org\/es\/la-lucha-actual-de-los-ninos-migrantes-en-espana\/"]}]},{"@type":"ImageObject","inLanguage":"es","@id":"https:\/\/www.humanium.org\/es\/la-lucha-actual-de-los-ninos-migrantes-en-espana\/#primaryimage","url":"https:\/\/www.humanium.org\/es\/wp-content\/uploads\/2024\/10\/shutterstock_2059553285.jpg","contentUrl":"https:\/\/www.humanium.org\/es\/wp-content\/uploads\/2024\/10\/shutterstock_2059553285.jpg","width":1000,"height":667},{"@type":"BreadcrumbList","@id":"https:\/\/www.humanium.org\/es\/la-lucha-actual-de-los-ninos-migrantes-en-espana\/#breadcrumb","itemListElement":[{"@type":"ListItem","position":1,"name":"Home","item":"https:\/\/www.humanium.org\/es\/"},{"@type":"ListItem","position":2,"name":"La lucha actual de los ni\u00f1os migrantes en Espa\u00f1a\u00a0"}]},{"@type":"WebSite","@id":"https:\/\/www.humanium.org\/es\/#website","url":"https:\/\/www.humanium.org\/es\/","name":"Humanium","description":"\u00a1Los ni\u00f1os primero!","potentialAction":[{"@type":"SearchAction","target":{"@type":"EntryPoint","urlTemplate":"https:\/\/www.humanium.org\/es\/?s={search_term_string}"},"query-input":{"@type":"PropertyValueSpecification","valueRequired":true,"valueName":"search_term_string"}}],"inLanguage":"es"},{"@type":"Person","@id":"https:\/\/www.humanium.org\/es\/#\/schema\/person\/677738e5120564f02e3015e2b2d79443","name":"Zeljka Mazinjanin","image":{"@type":"ImageObject","inLanguage":"es","@id":"https:\/\/www.humanium.org\/es\/#\/schema\/person\/image\/","url":"https:\/\/secure.gravatar.com\/avatar\/41c54f866d18f72dbdba34486b963c77576f5cd9c0229712bb35fab505a006a4?s=96&d=mm&r=g","contentUrl":"https:\/\/secure.gravatar.com\/avatar\/41c54f866d18f72dbdba34486b963c77576f5cd9c0229712bb35fab505a006a4?s=96&d=mm&r=g","caption":"Zeljka Mazinjanin"},"sameAs":["https:\/\/www.linkedin.com\/in\/%C5%BEeljka-mazinjanin-89208a146\/"],"url":"https:\/\/www.humanium.org\/es\/author\/autor_zeljkamazinjanin\/"}]}},"_links":{"self":[{"href":"https:\/\/www.humanium.org\/es\/wp-json\/wp\/v2\/posts\/19225","targetHints":{"allow":["GET"]}}],"collection":[{"href":"https:\/\/www.humanium.org\/es\/wp-json\/wp\/v2\/posts"}],"about":[{"href":"https:\/\/www.humanium.org\/es\/wp-json\/wp\/v2\/types\/post"}],"author":[{"embeddable":true,"href":"https:\/\/www.humanium.org\/es\/wp-json\/wp\/v2\/users\/62"}],"replies":[{"embeddable":true,"href":"https:\/\/www.humanium.org\/es\/wp-json\/wp\/v2\/comments?post=19225"}],"version-history":[{"count":3,"href":"https:\/\/www.humanium.org\/es\/wp-json\/wp\/v2\/posts\/19225\/revisions"}],"predecessor-version":[{"id":19234,"href":"https:\/\/www.humanium.org\/es\/wp-json\/wp\/v2\/posts\/19225\/revisions\/19234"}],"wp:featuredmedia":[{"embeddable":true,"href":"https:\/\/www.humanium.org\/es\/wp-json\/wp\/v2\/media\/19231"}],"wp:attachment":[{"href":"https:\/\/www.humanium.org\/es\/wp-json\/wp\/v2\/media?parent=19225"}],"wp:term":[{"taxonomy":"category","embeddable":true,"href":"https:\/\/www.humanium.org\/es\/wp-json\/wp\/v2\/categories?post=19225"},{"taxonomy":"post_tag","embeddable":true,"href":"https:\/\/www.humanium.org\/es\/wp-json\/wp\/v2\/tags?post=19225"}],"curies":[{"name":"wp","href":"https:\/\/api.w.org\/{rel}","templated":true}]}}