{"id":19511,"date":"2025-02-25T19:03:36","date_gmt":"2025-02-25T19:03:36","guid":{"rendered":"https:\/\/www.humanium.org\/es\/?p=19511"},"modified":"2025-12-13T21:59:04","modified_gmt":"2025-12-13T21:59:04","slug":"observacion-general-n-o-27-promocion-de-los-derechos-del-nino-a-la-justicia-y-a-recursos-efectivos","status":"publish","type":"post","link":"https:\/\/www.humanium.org\/es\/observacion-general-n-o-27-promocion-de-los-derechos-del-nino-a-la-justicia-y-a-recursos-efectivos\/","title":{"rendered":"Observaci\u00f3n General n.\u00ba 27: Promoci\u00f3n de los derechos del ni\u00f1o a la justicia y a recursos efectivos"},"content":{"rendered":"\n<p><strong>En enero de 2024, durante su 95.\u00aa sesi\u00f3n, el <\/strong><a href=\"https:\/\/www.humanium.org\/es\/que-como\/\"><strong>Comit\u00e9 de los Derechos del Ni\u00f1o de las Naciones Unidas<\/strong><\/a><strong> decidi\u00f3 redactar su 27.\u00aa Observaci\u00f3n General, una iniciativa hist\u00f3rica que aborda uno de los aspectos m\u00e1s cr\u00edticos, aunque a menudo ignorado, de los <\/strong><a href=\"https:\/\/www.humanium.org\/es\/definicion\/\"><strong>derechos del ni\u00f1o<\/strong><\/a><strong>: el acceso a la <\/strong><a href=\"https:\/\/www.humanium.org\/es\/enfoques-tematicos\/justicia\/que-es-justicia\/\"><strong>justicia<\/strong><\/a><strong> y a recursos efectivos. <\/strong><\/p>\n\n\n\n<p><strong>Esta Observaci\u00f3n General supone un paso importante para garantizar que los ni\u00f1os, especialmente los que se encuentran en situaciones vulnerables, puedan ejercer plenamente sus derechos dentro de los sistemas jur\u00eddicos. Su objetivo es transformar los <\/strong><a href=\"https:\/\/www.humanium.org\/es\/enfoques-tematicos\/justicia\/ninos-sistema-judicial\/\"><strong>sistemas de justicia<\/strong><\/a><strong> abordando los retos y promoviendo un enfoque centrado en el ni\u00f1o, que defienda su dignidad, su autonom\u00eda y la igualdad de acceso a los recursos.<\/strong><\/p>\n\n\n\n<h2 class=\"wp-block-heading\"><strong>\u00bfQu\u00e9 significa el acceso a la justicia?<\/strong><\/h2>\n\n\n\n<p>El <a href=\"https:\/\/www.humanium.org\/es\/acceso-de-los-ninos-a-la-justicia\/\">acceso a la justicia<\/a> es fundamental para los derechos humanos y central para el Objetivo 16 de los Objetivos de Desarrollo Sostenible de las Naciones Unidas, que pretende promover sociedades pac\u00edficas e inclusivas y garantizar la justicia para todos (Arain, 2024). Para los ni\u00f1os, el acceso a la justicia significa garantizar la rendici\u00f3n de cuentas, abordar la desigualdad y restablecer los derechos que les han sido negados.&nbsp;<\/p>\n\n\n\n<p>Este concepto no se limita a los procedimientos judiciales, sino que requiere el establecimiento de sistemas de empoderamiento adaptados a los ni\u00f1os que eliminen las barreras jur\u00eddicas, culturales o sociales que dificultan el acceso a la justicia. Finalmente, el acceso de los ni\u00f1os a la justicia es un imperativo tanto legal como moral, ya que la justicia para los ni\u00f1os es justicia para todos.<\/p>\n\n\n\n<h2 class=\"wp-block-heading\"><strong>\u00bfQu\u00e9 es la Observaci\u00f3n General n.\u00ba 27?<\/strong><\/h2>\n\n\n\n<p>La Observaci\u00f3n General n.\u00ba 27 sobre el Derecho del Ni\u00f1o al Acceso a la Justicia y a Recursos Efectivos ofrece orientaci\u00f3n a los <a href=\"https:\/\/www.humanium.org\/es\/signatarios-convencion\/\">Estados Partes<\/a> (pa\u00edses que han ratificado la <a href=\"https:\/\/www.humanium.org\/es\/convencion-definicion\/\">Convenci\u00f3n sobre los Derechos del Ni\u00f1o (CDN)<\/a>) sobre la creaci\u00f3n de sistemas de justicia inclusivos, adaptados a los ni\u00f1os y eficaces. Aborda las barreras que impiden a los ni\u00f1os, especialmente a los que se encuentran en situaciones vulnerables, acceder a la justicia y destaca su derecho a participar en estos sistemas de justicia (Comit\u00e9 de los Derechos del Ni\u00f1o de las Naciones Unidas, 2024).<\/p>\n\n\n\n<h3 class=\"wp-block-heading\">Objetivos y principios clave<\/h3>\n\n\n\n<p>La Observaci\u00f3n General n.\u00ba 27 pretende que los sistemas de justicia sean accesibles y eficaces para los ni\u00f1os promoviendo la <a href=\"https:\/\/www.humanium.org\/es\/derecho-educacion\/\">educaci\u00f3n<\/a>, el asesoramiento y la asistencia jur\u00eddica especializada. Resalta la necesidad de recursos, profesionales formados y mecanismos de denuncia eficaces, que aborden tanto las v\u00edas judiciales (como los procedimientos legales formales) como las v\u00edas no judiciales (como los sistemas de justicia informal y reparadora). Adem\u00e1s, subraya los derechos procesales de los ni\u00f1os, como la capacidad legal, la asistencia jur\u00eddica gratuita y el derecho a ser escuchado.&nbsp;<\/p>\n\n\n\n<p>La Observaci\u00f3n General n.\u00ba 27 se basa en varios principios rectores:<\/p>\n\n\n\n<ul class=\"wp-block-list\">\n<li><strong>Los ni\u00f1os son titulares de derechos<\/strong>; no son meros receptores pasivos de la protecci\u00f3n de los adultos.<\/li>\n\n\n\n<li>La <a href=\"https:\/\/www.humanium.org\/es\/enfoques-tematicos\/discriminacion\/no-discriminacion\/\"><strong>no discriminaci\u00f3n<\/strong><\/a> garantiza que los sistemas judiciales sean inclusivos y accesibles para todos los ni\u00f1os.<\/li>\n\n\n\n<li>El <a href=\"https:\/\/www.humanium.org\/es\/principio-del-interes-superior-del-nino\"><strong>inter\u00e9s superior del ni\u00f1o<\/strong><\/a> debe ser la consideraci\u00f3n primordial en todas las decisiones que le afecten dentro del sistema judicial.<\/li>\n\n\n\n<li><strong>Los ni\u00f1os deben tener <\/strong><a href=\"https:\/\/www.humanium.org\/es\/principio-de-inclusion-y-participacion\/\"><strong>derecho a participar y expresar su opini\u00f3n<\/strong><\/a> libremente en todos los asuntos que les afecten.<\/li>\n\n\n\n<li>Los <strong>recursos efectivos<\/strong> deben ser oportunos, accesibles y aplicables (Comit\u00e9 de los Derechos del Ni\u00f1o de las Naciones Unidas, 2024).<\/li>\n<\/ul>\n\n\n\n<h2 class=\"wp-block-heading\"><strong>Disposiciones fundamentales de la Observaci\u00f3n General n.\u00ba 27<\/strong><\/h2>\n\n\n\n<h3 class=\"wp-block-heading\">Asistencia jur\u00eddica y representaci\u00f3n<\/h3>\n\n\n\n<p>La Observaci\u00f3n General n.\u00ba 27 hace hincapi\u00e9 en el derecho de los ni\u00f1os a la asistencia jur\u00eddica y a la representaci\u00f3n legal en todas las fases de los procedimientos judiciales o administrativos. Esto incluye proporcionar informaci\u00f3n adaptada a los ni\u00f1os, asistencia jur\u00eddica accesible y garantizar que los abogados reciban formaci\u00f3n sobre los <a href=\"https:\/\/www.humanium.org\/es\/derechos\/\">derechos de los ni\u00f1os<\/a> y enfoques sensibles (Comit\u00e9 de los Derechos del Ni\u00f1o de las Naciones Unidas, 2024).<\/p>\n\n\n\n<h3 class=\"wp-block-heading\">Protecci\u00f3n contra la <a href=\"https:\/\/www.humanium.org\/es\/enfoques-tematicos\/discriminacion\/\">discriminaci\u00f3n<\/a><\/h3>\n\n\n\n<p>La Observaci\u00f3n pide medidas proactivas para abordar las disparidades a las que se enfrentan los ni\u00f1os vulnerables, como los <a href=\"https:\/\/www.humanium.org\/es\/enfoques-tematicos\/discriminacion\/ninos-discapacitados\/\">discapacitados<\/a>, los que viven en la <a href=\"https:\/\/www.humanium.org\/es\/enfoques-tematicos\/pobreza\/\">pobreza<\/a> o los que pertenecen a <a href=\"https:\/\/www.humanium.org\/es\/enfoques-tematicos\/discriminacion\/ninos-minoritarios\/\">grupos minoritarios<\/a> (Comit\u00e9 de los Derechos del Ni\u00f1o de las Naciones Unidas, 2024). Las medidas incluyen la creaci\u00f3n de mecanismos especializados, la realizaci\u00f3n de programas de divulgaci\u00f3n en zonas desatendidas y la lucha contra los prejuicios sist\u00e9micos.<\/p>\n\n\n\n<h3 class=\"wp-block-heading\">Sistemas de justicia adaptados a los ni\u00f1os<\/h3>\n\n\n\n<p>La Observaci\u00f3n aboga por sistemas de justicia adaptados para los ni\u00f1os, que incluyan entornos judiciales menos intimidatorios, procedimientos para minimizar la retraumatizaci\u00f3n y formaci\u00f3n especializada para que los profesionales trabajen con sensibilidad con los ni\u00f1os (Comit\u00e9 de los Derechos del Ni\u00f1o de las Naciones Unidas, 2024).&nbsp;<\/p>\n\n\n\n<h2 class=\"wp-block-heading\"><strong>Consecuencias pr\u00e1cticas de la Observaci\u00f3n General n.\u00ba 27<\/strong><\/h2>\n\n\n\n<p>El Comentario puede inspirar reformas jur\u00eddicas nacionales, como la adaptaci\u00f3n de leyes como la Ley de <a href=\"https:\/\/www.humanium.org\/es\/enfoques-tematicos\/justicia\/justicia-juvenil\/\">Justicia Juvenil<\/a> de la <a href=\"https:\/\/www.humanium.org\/es\/india\/\">India<\/a> a las normas internacionales (Malhotra &amp; Malhotra, 2024; Pooja &amp; Dixit, 2023). Adem\u00e1s, la implementaci\u00f3n efectiva requiere que los gobiernos sancionen leyes y asignen recursos, que los poderes judiciales defiendan la dignidad de los ni\u00f1os y que la sociedad civil sensibilice y preste apoyo. Por \u00faltimo, los ni\u00f1os deben participar en la elaboraci\u00f3n de las pol\u00edticas que les afectan (OCDE, 2023a).&nbsp;<\/p>\n\n\n\n<h2 class=\"wp-block-heading\"><strong>\u00c9xitos de la justicia adaptada a los ni\u00f1os a nivel mundial<\/strong><\/h2>\n\n\n\n<p>Varios pa\u00edses han realizado esfuerzos significativos para adoptar pr\u00e1cticas de justicia adaptadas a los ni\u00f1os con el fin de mejorar su experiencia jur\u00eddica.<\/p>\n\n\n\n<p>En primer lugar, <a href=\"https:\/\/www.humanium.org\/es\/nueva-zelanda\/\">Nueva Zelanda<\/a> es reconocida internacionalmente por su sistema de justicia juvenil en virtud de la Ley Oranga Tamariki de 1989, que hace hincapi\u00e9 en la rehabilitaci\u00f3n por encima del castigo (Watt, 2003). El sistema de justicia de menores utiliza conferencias de grupos familiares, que re\u00fanen a delincuentes, v\u00edctimas, <a href=\"https:\/\/www.humanium.org\/es\/familia-derecho-nino\/\">familias<\/a> y profesionales para colaborar en las respuestas a los delitos cometidos por j\u00f3venes. Estas conferencias suelen evitar llevar a cabo procedimientos judiciales formales (O&#8217;Driscoll, s.f.).<\/p>\n\n\n\n<p>Adem\u00e1s, <a href=\"https:\/\/www.humanium.org\/es\/islandia\/\">Islandia<\/a> introdujo el modelo Barnahus en 1998, creando un entorno amigable con los ni\u00f1os para las entrevistas forenses y los servicios de apoyo. Este modelo fomenta la colaboraci\u00f3n entre las fuerzas del orden, los servicios de protecci\u00f3n infantil y los profesionales de la salud (Nordic Welfare Centre, 2024). En 2022, Islandia concedi\u00f3 a los ni\u00f1os el derecho a impugnar los acuerdos de custodia, potenciando su participaci\u00f3n en los asuntos legales que les afectan (Oficina del Alto Comisionado de las Naciones Unidas para los Derechos Humanos, 2022).<\/p>\n\n\n\n<p>Del mismo modo, <a href=\"https:\/\/www.humanium.org\/es\/ninos-de-letonia\/\">Letonia<\/a> adopt\u00f3 el modelo Barnahus, un centro integral colaborativo y adaptado a los ni\u00f1os que presta apoyo a quienes han sufrido <a href=\"https:\/\/www.humanium.org\/es\/enfoques-tematicos\/violencia\/\">violencia<\/a> infantil (OCDE, 2023b; Mjell, 2022). El pa\u00eds tambi\u00e9n cre\u00f3 instalaciones especializadas dentro de los juzgados e implement\u00f3 salas de entrevistas judiciales para minimizar la retraumatizaci\u00f3n, ofreciendo un entorno seguro y c\u00f3modo para que los ni\u00f1os presten testimonio (OCDE, 2023b).&nbsp;<\/p>\n\n\n\n<p>Mientras tanto, <a href=\"https:\/\/www.humanium.org\/es\/turquia\/\">Turqu\u00eda<\/a> estableci\u00f3 90 salas de interrogatorio judicial en 70 provincias y 86 juzgados para 2020, proporcionando as\u00ed un entorno c\u00f3modo para los interrogatorios de menores y reduciendo el estr\u00e9s en los tribunales (Sheahan, 2021).&nbsp;<\/p>\n\n\n\n<p>Adem\u00e1s, <a href=\"https:\/\/www.humanium.org\/es\/belgica\/\">B\u00e9lgica<\/a> desarroll\u00f3 un marco para una justicia adaptada a los ni\u00f1os con el Tribunal de Menores, que se centra en casos que implican a menores sospechosos, v\u00edctimas y testigos (Uni\u00f3n Europea, 2013). Este marco garantiza que los ni\u00f1os reciban representaci\u00f3n legal experta mediante la asignaci\u00f3n autom\u00e1tica de abogados especializados y asistencia jur\u00eddica gratuita (Child Rights International Network, s.f.).<\/p>\n\n\n\n<p>Por \u00faltimo, <a href=\"https:\/\/www.humanium.org\/es\/ucrania\/\">Ucrania<\/a> present\u00f3 en 2024 su \u00abEvaluaci\u00f3n integral del sistema de justicia adaptado a los ni\u00f1os\u00bb para evaluar la <a href=\"https:\/\/www.humanium.org\/es\/derecho-proteccion\/#:~:text=Children%20deserve%20a%20particular%20attention&amp;text=This%20principle%20involves%20two%20important%20rules%20%3A&amp;text=All%20the%20decisions%20regarding%20children,immediate%20and%20future%20well%20being.&amp;text=All%20the%20decisions%20and%20acts%20m\">protecci\u00f3n<\/a> de los ni\u00f1os implicados en diversos procedimientos judiciales, incluidos los que son v\u00edctimas o testigos de delitos, los que est\u00e1n en <a href=\"https:\/\/www.humanium.org\/es\/enfoques-tematicos\/justicia\/ninos-sistema-judicial\/\">conflicto con la ley<\/a> y los implicados en casos civiles y administrativos (Consejo de Europa, 2024).<\/p>\n\n\n\n<h2 class=\"wp-block-heading\"><strong>Desaf\u00edos actuales en todo el mundo<\/strong><\/h2>\n\n\n\n<p>A pesar del importante progreso, sigue habiendo desaf\u00edos significativos a la hora de garantizar un acceso equitativo a una justicia adaptada a los ni\u00f1os en todo el mundo.<\/p>\n\n\n\n<p><a href=\"https:\/\/www.humanium.org\/es\/australia\/\">Australia<\/a> sigue lidiando con la cuesti\u00f3n de la edad m\u00ednima de <a href=\"https:\/\/www.humanium.org\/es\/ley-de-menores\/\">responsabilidad penal<\/a> (EMRP), que sigue siendo de 10 a\u00f1os en la mayor\u00eda de los estados, por debajo de las normas internacionales (Asociaci\u00f3n M\u00e9dica Australiana, 2024; Parlamento de Victoria, 2024; Singh, 2023).<\/p>\n\n\n\n<p>Adem\u00e1s, en <a href=\"https:\/\/www.humanium.org\/es\/grecia\/\">Grecia<\/a>, los ni\u00f1os migrantes son <a href=\"https:\/\/www.humanium.org\/es\/enfoques-tematicos\/justicia\/ninos-detenidos\/#:~:text=Conditions%20of%20Detention&amp;text=Studies%20show%20that%20children%20who,psychological%2C%20physical%2C%20and%20judicial.\">detenidos<\/a> sin acceso a representaci\u00f3n legal (Global Initiative on Justice with Children, s.f.). Los ni\u00f1os, en particular los <a href=\"https:\/\/www.humanium.org\/es\/enfoques-tematicos\/aislamiento-desarraigo\/ninos-desplazados\/\">refugiados<\/a> y los migrantes, se enfrentan a obst\u00e1culos sist\u00e9micos para acceder a la justicia, como las dificultades ling\u00fc\u00edsticas, la falta de conocimientos jur\u00eddicos, la complejidad de los procedimientos y la discriminaci\u00f3n (Global Initiative on Justice with Children, s.f.; Nowak, 2019; Stubley, 2023).<\/p>\n\n\n\n<figure class=\"wp-block-image size-large\"><img loading=\"lazy\" decoding=\"async\" width=\"1024\" height=\"683\" src=\"https:\/\/www.humanium.org\/es\/wp-content\/uploads\/2025\/02\/shutterstock_496623757-1024x683.jpg\" alt=\"\" class=\"wp-image-19513\" srcset=\"https:\/\/www.humanium.org\/es\/wp-content\/uploads\/2025\/02\/shutterstock_496623757-1024x683.jpg 1024w, https:\/\/www.humanium.org\/es\/wp-content\/uploads\/2025\/02\/shutterstock_496623757-300x200.jpg 300w, https:\/\/www.humanium.org\/es\/wp-content\/uploads\/2025\/02\/shutterstock_496623757-768x512.jpg 768w, https:\/\/www.humanium.org\/es\/wp-content\/uploads\/2025\/02\/shutterstock_496623757-1536x1024.jpg 1536w, https:\/\/www.humanium.org\/es\/wp-content\/uploads\/2025\/02\/shutterstock_496623757-2048x1365.jpg 2048w, https:\/\/www.humanium.org\/es\/wp-content\/uploads\/2025\/02\/shutterstock_496623757-830x553.jpg 830w, https:\/\/www.humanium.org\/es\/wp-content\/uploads\/2025\/02\/shutterstock_496623757-230x153.jpg 230w, https:\/\/www.humanium.org\/es\/wp-content\/uploads\/2025\/02\/shutterstock_496623757-350x233.jpg 350w, https:\/\/www.humanium.org\/es\/wp-content\/uploads\/2025\/02\/shutterstock_496623757-480x320.jpg 480w, https:\/\/www.humanium.org\/es\/wp-content\/uploads\/2025\/02\/shutterstock_496623757-272x182.jpg 272w\" sizes=\"auto, (max-width: 1024px) 100vw, 1024px\" \/><\/figure>\n\n\n\n<p>Adem\u00e1s, a pesar de la incorporaci\u00f3n de la <a href=\"https:\/\/www.humanium.org\/es\/convencion-texto\/\">CDN<\/a> a la legislaci\u00f3n escocesa, muchos ni\u00f1os y familias de <a href=\"https:\/\/www.humanium.org\/es\/reino-unido\/\">Escocia<\/a> tienen dificultades para acceder a una representaci\u00f3n legal b\u00e1sica cuando se vulneran sus derechos, lo que les impide comprender y ejercer plenamente sus derechos (Scottish Child Law Centre, 2024, s.f.).<\/p>\n\n\n\n<blockquote class=\"wp-block-quote is-layout-flow wp-block-quote-is-layout-flow\">\n<p>\u00abLos ni\u00f1os y los j\u00f3venes deben saber que tienen derechos. Deben ser capaces de reconocer cu\u00e1ndo se han vulnerado esos derechos y saber d\u00f3nde acudir y qu\u00e9 hacer para acceder a la justicia\u00bb.<\/p>\n<cite> &#8211; Juliet Harris, Directora de Together, the Scottish Alliance for Children&#8217;s Rights (Scottish Child Law Centre, s.f., p. 5).<\/cite><\/blockquote>\n\n\n\n<h2 class=\"wp-block-heading\"><strong>Hacer realidad el acceso a la justicia para todos los ni\u00f1os<\/strong><\/h2>\n\n\n\n<p>Lograr el acceso a la justicia para todos los ni\u00f1os depende de la acci\u00f3n colectiva de los gobiernos, las organizaciones de la sociedad civil, los profesionales del derecho y las comunidades. Requiere un compromiso compartido para desmantelar las desigualdades estructurales, invertir en marcos jur\u00eddicos adaptados a la infancia y promover la sensibilizaci\u00f3n sobre los derechos de los ni\u00f1os.<\/p>\n\n\n\n<blockquote class=\"wp-block-quote is-layout-flow wp-block-quote-is-layout-flow\">\n<p>\u00abLa privaci\u00f3n de libertad de los ni\u00f1os puede y debe evitarse. No es solo responsabilidad de los Estados Miembros, sino de la sociedad en general\u00bb. <\/p>\n<cite>&#8211; Najat Maalla M&#8217;jid, Representante Especial del Secretario General de las Naciones Unidas sobre la violencia contra los ni\u00f1os (Nowak, 2019, p. VIII).<\/cite><\/blockquote>\n\n\n\n<p>Esta responsabilidad colectiva encuentra eco en el poderoso recordatorio de Nelson Mandela: \u00abNo puede haber revelaci\u00f3n m\u00e1s aguda del alma de una sociedad que la forma en que trata a sus ni\u00f1os\u00bb. Estas palabras nos animan a reflexionar sobre nuestras acciones y a garantizar que todos los ni\u00f1os, independientemente de sus antecedentes o circunstancias, puedan acceder a la justicia. Actuando de inmediato \u2014ya sea mediante la defensa o la participaci\u00f3n directa\u2014 podemos construir un mundo en el que la justicia sea accesible a todos los ni\u00f1os.<\/p>\n\n\n\n<figure class=\"wp-block-image size-large\"><img loading=\"lazy\" decoding=\"async\" width=\"1024\" height=\"683\" src=\"https:\/\/www.humanium.org\/es\/wp-content\/uploads\/2025\/02\/shutterstock_1184816926-1024x683.jpg\" alt=\"\" class=\"wp-image-19512\" srcset=\"https:\/\/www.humanium.org\/es\/wp-content\/uploads\/2025\/02\/shutterstock_1184816926-1024x683.jpg 1024w, https:\/\/www.humanium.org\/es\/wp-content\/uploads\/2025\/02\/shutterstock_1184816926-300x200.jpg 300w, https:\/\/www.humanium.org\/es\/wp-content\/uploads\/2025\/02\/shutterstock_1184816926-768x512.jpg 768w, https:\/\/www.humanium.org\/es\/wp-content\/uploads\/2025\/02\/shutterstock_1184816926-1536x1024.jpg 1536w, https:\/\/www.humanium.org\/es\/wp-content\/uploads\/2025\/02\/shutterstock_1184816926-2048x1366.jpg 2048w, https:\/\/www.humanium.org\/es\/wp-content\/uploads\/2025\/02\/shutterstock_1184816926-830x553.jpg 830w, https:\/\/www.humanium.org\/es\/wp-content\/uploads\/2025\/02\/shutterstock_1184816926-230x153.jpg 230w, https:\/\/www.humanium.org\/es\/wp-content\/uploads\/2025\/02\/shutterstock_1184816926-350x233.jpg 350w, https:\/\/www.humanium.org\/es\/wp-content\/uploads\/2025\/02\/shutterstock_1184816926-480x320.jpg 480w, https:\/\/www.humanium.org\/es\/wp-content\/uploads\/2025\/02\/shutterstock_1184816926-272x182.jpg 272w\" sizes=\"auto, (max-width: 1024px) 100vw, 1024px\" \/><\/figure>\n\n\n\n<p>En <a href=\"https:\/\/www.humanium.org\/es\/presentacion-humanium\/\">Humanium<\/a> nos comprometemos a apoyar la implementaci\u00f3n de la Observaci\u00f3n General n.\u00ba 27 promoviendo sistemas de justicia adaptados a los ni\u00f1os y motivando a los ni\u00f1os a defender sus derechos. A trav\u00e9s de nuestra <a href=\"https:\/\/www.humanium.org\/es\/helpline\/\">L\u00ednea de Asistencia Jur\u00eddica<\/a>, ofrecemos orientaci\u00f3n y ayuda a los menores que se enfrentan a problemas legales. \u00a1\u00danete a nosotros como <a href=\"https:\/\/www.humanium.org\/es\/voluntariado\/\">voluntario<\/a>, <a href=\"https:\/\/www.humanium.org\/es\/donacion\/\">donante <\/a>o socio!&nbsp;<\/p>\n\n\n\n<p><em><strong>Escrito por Or Salama<\/strong><\/em><\/p>\n\n\n\n<p><em><strong>Traducido por Kelly Berm\u00fadez L\u00f3pez<\/strong><\/em><\/p>\n\n\n\n<p><em><strong>Revisado por Ivana Kacunko<\/strong><\/em><\/p>\n\n\n\n<h4 class=\"wp-block-heading\"><strong>Referencias:<\/strong><\/h4>\n\n\n\n<p class=\"has-small-font-size\">Arain, S. (2024, November 30). Empowering the voice of children: Understanding the right of children to access justice and effective remedies. Retrieved from ASA International Law at&nbsp;<a href=\"https:\/\/www.asainternationallaw.nl\/post\/empowering-the-voice-of-children-understanding-the-right-of-children-to-access-justice-and-effectiv\" target=\"_blank\" rel=\"noreferrer noopener\">https:\/\/www.asainternationallaw.nl\/post\/empowering-the-voice-of-children-understanding-the-right-of-children-to-access-justice-and-effectiv<\/a>, accessed on January 15, 2025.&nbsp;<\/p>\n\n\n\n<p class=\"has-small-font-size\">Australian Medical Association. (2024, August 23). Recommendation to raise minimum age of criminal responsibility welcomed. Retrieved from Australian Medical Association at <a href=\"https:\/\/www.ama.com.au\/media\/recommendation-raise-minimum-age-criminal-responsibility-welcomed\" target=\"_blank\" rel=\"noreferrer noopener\">https:\/\/www.ama.com.au\/media\/recommendation-raise-minimum-age-criminal-responsibility-welcomed<\/a>, accessed on January 11, 2025.<\/p>\n\n\n\n<p class=\"has-small-font-size\">Child Rights International Network. (n.d.). Belgium: Access to justice for children. Retrieved from Child Rights International Network at&nbsp;<a href=\"https:\/\/archive.crin.org\/en\/library\/publications\/belgium-access-justice-children.html\" target=\"_blank\" rel=\"noreferrer noopener\">https:\/\/archive.crin.org\/en\/library\/publications\/belgium-access-justice-children.html<\/a>, accessed on January 11, 2025.<\/p>\n\n\n\n<p class=\"has-small-font-size\">Council of Europe. (2024, April 8). Council of Europe launches the first \u201cComprehensive Assessment of Child-Friendly Justice System in Ukraine.\u201d&nbsp;Retrieved from the Council of Europe at <a href=\"https:\/\/www.coe.int\/en\/web\/kyiv\/-\/council-of-europe-launches-the-first-%C2%ABcomprehensive-assessment-of-child-friendly-justice-system-in-ukraine%C2%BB\" target=\"_blank\" rel=\"noreferrer noopener\">https:\/\/www.coe.int\/en\/web\/kyiv\/-\/council-of-europe-launches-the-first-%C2%ABcomprehensive-assessment-of-child-friendly-justice-system-in-ukraine%C2%BB<\/a>, accessed on January 11, 2025.<\/p>\n\n\n\n<p class=\"has-small-font-size\">European Union. (2013, June). Study on children\u2019s involvement in judicial proceedings \u2013 contextual overview for the criminal justice phase \u2013 Belgium. Retrieved from the European Union at&nbsp;<a href=\"https:\/\/data.europa.eu\/euodp\/repository\/ec\/dg-justi\/criminal-justice\/contextual-overviews\/Belgium.pdf\" target=\"_blank\" rel=\"noreferrer noopener\">https:\/\/data.europa.eu\/euodp\/repository\/ec\/dg-justi\/criminal-justice\/contextual-overviews\/Belgium.pdf<\/a>, accessed on January 11, 2025.<\/p>\n\n\n\n<p class=\"has-small-font-size\">Global Initiative on Justice with Children. (n.d.). Discrimination experienced by children and young people affected by migration, including refugees, unaccompanied foreign children, and children of foreign parents. Retrieved from Global Initiative on Justice with Children at&nbsp;<a href=\"https:\/\/justicewithchildren.org\/en\/discrimination-experienced-children-and-young-people-affected-migration-including-refugees\" target=\"_blank\" rel=\"noreferrer noopener\">https:\/\/justicewithchildren.org\/en\/discrimination-experienced-children-and-young-people-affected-migration-including-refugees<\/a>, accessed on January 13, 2025.<\/p>\n\n\n\n<p class=\"has-small-font-size\">Malhotra, A., &amp; Malhotra, A. (2024, November 13). Enhancing access to justice for children in India. Retrieved from Anil Malhotra at&nbsp;<a href=\"https:\/\/www.anilmalhotra.co.in\/post\/enhancing-access-to-justice-for-children-in-india-by-anil-and-ankit-malhotra\" target=\"_blank\" rel=\"noreferrer noopener\">https:\/\/www.anilmalhotra.co.in\/post\/enhancing-access-to-justice-for-children-in-india-by-anil-and-ankit-malhotra<\/a>, accessed on January 19, 2025.<\/p>\n\n\n\n<p class=\"has-small-font-size\">Mjell, F. (2022, April 11). Together against child abuse \u2013 the Latvian Barnahus. Retrieved from EEA Grants at&nbsp;<a href=\"https:\/\/eeagrants.org\/news\/together-against-child-abuse-latvian-barnahus\" target=\"_blank\" rel=\"noreferrer noopener\">https:\/\/eeagrants.org\/news\/together-against-child-abuse-latvian-barnahus<\/a>, accessed on January 7, 2025.<\/p>\n\n\n\n<p class=\"has-small-font-size\">Nordic Welfare Centre. (2024, May 22). The Nordic Barnahus model examined in new book. Retrieved from Nordic Welfare Centre at <a href=\"https:\/\/nordicwelfare.org\/en\/nyheter\/the-nordic-barnahus-model-examined-in-new-book\/\" target=\"_blank\" rel=\"noreferrer noopener\">https:\/\/nordicwelfare.org\/en\/nyheter\/the-nordic-barnahus-model-examined-in-new-book\/<\/a>, accessed on January 7, 2025.<\/p>\n\n\n\n<p class=\"has-small-font-size\">Nowak, M. (2019, November). The United Nations Global Study on Children Deprived of Liberty.&nbsp;Retrieved from the Centre for Human Rights, University of Pretoria at <a href=\"https:\/\/www.chr.up.ac.za\/images\/publications\/UN_Global_Study\/United%20Nations%20Global%20Study%20on%20Children%20Deprived%20of%20Liberty%202019.pdf\">https:\/\/www.chr.up.ac.za\/<\/a><a href=\"https:\/\/www.chr.up.ac.za\/images\/publications\/UN_Global_Study\/United%20Nations%20Global%20Study%20on%20Children%20Deprived%20of%20Liberty%202019.pdf\" target=\"_blank\" rel=\"noreferrer noopener\">images\/publications\/UN_Global_Study\/United%20Nations%20Global%20Study%20on%20Children%20Deprived%20of%20Liberty%202019.pdf<\/a>, accessed on January 9, 2025.<\/p>\n\n\n\n<p class=\"has-small-font-size\">O\u2019Driscoll, D. (n.d.). Youth justice in New Zealand: A restorative justice approach to reduce youth offending.&nbsp;Retrieved from the United Nations Asia and Far East Institute for the Prevention of Crime and the Treatment of Offenders (UNAFEI)&nbsp; at <a href=\"https:\/\/www.unafei.or.jp\/publications\/pdf\/RS_No75\/No75_10VE_O'Driscoll.pdf\" target=\"_blank\" rel=\"noreferrer noopener\">https:\/\/www.unafei.or.jp\/publications\/pdf\/RS_No75\/No75_10VE_O&#8217;Driscoll.pdf<\/a>, accessed on January 11, 2025.<\/p>\n\n\n\n<p class=\"has-small-font-size\">OECD. (2023a). OECD Child-Friendly Justice Framework. Retrieved from OECD at <a href=\"https:\/\/www.oecd.org\/content\/dam\/oecd\/en\/publications\/reports\/2023\/11\/oecd-child-friendly-justice-framework_40b81cd7\/6a60970e-en.pdf\" target=\"_blank\" rel=\"noreferrer noopener\">https:\/\/www.oecd.org\/content\/dam\/oecd\/en\/publications\/reports\/2023\/11\/oecd-child-friendly-justice-framework_40b81cd7\/6a60970e-en.pdf<\/a>, accessed on January 11, 2025.<\/p>\n\n\n\n<p class=\"has-small-font-size\">OECD. (2023b, April 13). Towards a Child-friendly Justice System in Latvia. Retrieved from OECD Publishing at <a href=\"https:\/\/www.oecd.org\/en\/publications\/towards-a-child-friendly-justice-system-in-latvia_83ab7bf5-en.html\" target=\"_blank\" rel=\"noreferrer noopener\">https:\/\/www.oecd.org\/en\/publications\/towards-a-child-friendly-justice-system-in-latvia_83ab7bf5-en.html<\/a>, accessed on January 11, 2025.<\/p>\n\n\n\n<p class=\"has-small-font-size\">Office of the United Nations High Commissioner for Human Rights (OHCHR). (2022, May 5). Experts of the Committee on the Rights of the Child praise Iceland for allowing children to challenge custody cases, ask about violence against children and waiting lists for mental health treatment. Retrieved from the OHCHR at <a href=\"https:\/\/www.ohchr.org\/en\/press-releases\/2022\/05\/experts-committee-rights-child-praise-iceland-allowing-children-challenge\" target=\"_blank\" rel=\"noreferrer noopener\">https:\/\/www.ohchr.org\/en\/press-releases\/2022\/05\/experts-committee-rights-child-praise-iceland-allowing-children-challenge<\/a>, accessed on January 6, 2025.<\/p>\n\n\n\n<p class=\"has-small-font-size\">Parliament of Victoria. (2024, August 8). Parliament debates raising age of criminal responsibility. Retrieved from Parliament of Victoria at <a href=\"https:\/\/www.parliament.vic.gov.au\/news\/justice\/criminal-responsibility\/\" target=\"_blank\" rel=\"noreferrer noopener\">https:\/\/www.parliament.vic.gov.au\/news\/justice\/criminal-responsibility\/<\/a>, accessed on January 12, 2025.<\/p>\n\n\n\n<p class=\"has-small-font-size\">Pooja, &amp; Dixit, A. (2023). The evolving landscape of juvenile justice: A comprehensive examination of policies, practices, and reform initiatives. Retrieved from International Journal for Multidisciplinary Research (IJFMR) at <a href=\"https:\/\/www.ijfmr.com\/papers\/2023\/6\/10885.pdf\" target=\"_blank\" rel=\"noreferrer noopener\">https:\/\/www.ijfmr.com\/papers\/2023\/6\/10885.pdf<\/a>, accessed on January 14, 2025.&nbsp;<\/p>\n\n\n\n<p class=\"has-small-font-size\">Scottish Child Law Centre. (2024, June 21). Do children in Scotland have access to justice? Retrieved from Scottish Child Law Centre at <a href=\"https:\/\/sclc.org.uk\/do-children-in-scotland-have-access-to-justice\/\" target=\"_blank\" rel=\"noreferrer noopener\">https:\/\/sclc.org.uk\/do-children-in-scotland-have-access-to-justice\/<\/a>, accessed on January 11, 2025.<\/p>\n\n\n\n<p class=\"has-small-font-size\">Scottish Child Law Centre. (n.d.). Report: Access to justice. How do we ensure that children\u2019s rights are realised? Retrieved from Scottish Child Law Centre at <a href=\"https:\/\/sclc.org.uk\/wp-content\/uploads\/2024\/10\/ATJ-Report.pdf\" target=\"_blank\" rel=\"noreferrer noopener\">https:\/\/sclc.org.uk\/wp-content\/uploads\/2024\/10\/ATJ-Report.pdf<\/a>, accessed on January 11, 2025.<\/p>\n\n\n\n<p class=\"has-small-font-size\">Sheahan, F. (2021). Child-friendly courthouses in Turkey: Guidance on international and regional law, standards and implementation. Retrieved from the United Nations Children\u2019s Fund (UNICEF) at <a href=\"https:\/\/www.unicef.org\/turkiye\/media\/12836\/file\/CHILD-FRIENDLY%20COURTHOUSES%20IN%20TURKEY.pdf\" target=\"_blank\" rel=\"noreferrer noopener\">https:\/\/www.unicef.org\/turkiye\/media\/12836\/file\/CHILD-FRIENDLY%20COURTHOUSES%20IN%20TURKEY.pdf<\/a>, accessed on January 11, 2025.<\/p>\n\n\n\n<p class=\"has-small-font-size\">Singh, S. (2023, January 17). Old enough to offend but not to buy a hamster: the argument for raising the minimum age of criminal responsibility. Retrieved from National Library of Medicine at <a href=\"https:\/\/pmc.ncbi.nlm.nih.gov\/articles\/PMC9848384\/\" target=\"_blank\" rel=\"noreferrer noopener\">https:\/\/pmc.ncbi.nlm.nih.gov\/articles\/PMC9848384\/<\/a>, accessed on January 15, 2025.&nbsp;<\/p>\n\n\n\n<p class=\"has-small-font-size\">Stubley, E. (2023, March 27). Access to justice: A continuing issue for refugees. Retrieved from BizGuees at <a href=\"https:\/\/www.bizgees.org\/eleanor-stubley\/access-to-justice-a-continuing-issue-for-refugees\">https:\/\/www.<\/a><a href=\"https:\/\/www.bizgees.org\/eleanor-stubley\/access-to-justice-a-continuing-issue-for-refugees\" target=\"_blank\" rel=\"noreferrer noopener\">bizgees.org\/eleanor-stubley\/access-to-justice-a-continuing-issue-for-refugees<\/a>, accessed on January 11, 2025.<\/p>\n\n\n\n<p class=\"has-small-font-size\">United Nations Committee on the Rights of the Child. (2024). Concept Note: General Comment on Children\u2019s Rights to Access to Justice and Effective Remedies.&nbsp;Retrieved from the OHCHR at <a href=\"https:\/\/www.ohchr.org\/sites\/default\/files\/documents\/hrbodies\/crc\/gcomments\/gc27\/gc27-concept-note.pdf\" target=\"_blank\" rel=\"noreferrer noopener\">https:\/\/www.ohchr.org\/sites\/default\/files\/documents\/hrbodies\/crc\/gcomments\/gc27\/gc27-concept-note.pdf<\/a>, accessed on January 7, 2025.<\/p>\n\n\n\n<p class=\"has-small-font-size\">Watt, E. (2003). A history of youth justice in New Zealand. Retrieved from Abuse in Care at https:\/\/www.abuseincare.org.nz\/assets\/Evidence-library\/Part-7\/Watt-E-A-history-of-youth-justice-in-New-Zealand-research-paper-commissioned-by-the-Principal-Youth-Court-Judge-2003-2.pdf, accessed on January 6, 2025.<\/p>\n","protected":false},"excerpt":{"rendered":"<p>En enero de 2024, durante su 95.\u00aa sesi\u00f3n, el Comit\u00e9 de los Derechos del Ni\u00f1o de las Naciones Unidas decidi\u00f3 redactar su 27.\u00aa Observaci\u00f3n General, una iniciativa hist\u00f3rica que aborda uno de los aspectos m\u00e1s cr\u00edticos, aunque a menudo ignorado, de los derechos del ni\u00f1o: el acceso a la justicia y a recursos efectivos. Esta [&hellip;]<\/p>\n","protected":false},"author":65,"featured_media":19514,"comment_status":"closed","ping_status":"closed","sticky":false,"template":"","format":"standard","meta":{"footnotes":""},"categories":[148,3],"tags":[],"class_list":["post-19511","post","type-post","status-publish","format-standard","has-post-thumbnail","hentry","category-derechos-del-nino","category-derechos-humanos"],"yoast_head":"<!-- This site is optimized with the Yoast SEO plugin v26.5 - https:\/\/yoast.com\/wordpress\/plugins\/seo\/ -->\n<title>Observaci\u00f3n General n.\u00ba 27: Promoci\u00f3n de los derechos del ni\u00f1o a la justicia y a recursos efectivos - Humanium<\/title>\n<meta name=\"description\" content=\"En enero de 2024 se present\u00f3 una iniciativa hist\u00f3rica sobre el acceso de los ni\u00f1os a la justicia y a recursos efectivos.\" \/>\n<meta name=\"robots\" content=\"index, follow, max-snippet:-1, max-image-preview:large, max-video-preview:-1\" \/>\n<link rel=\"canonical\" href=\"https:\/\/www.humanium.org\/es\/observacion-general-n-o-27-promocion-de-los-derechos-del-nino-a-la-justicia-y-a-recursos-efectivos\/\" \/>\n<meta property=\"og:locale\" content=\"es_ES\" \/>\n<meta property=\"og:type\" content=\"article\" \/>\n<meta property=\"og:title\" content=\"Observaci\u00f3n General n.\u00ba 27: Promoci\u00f3n de los derechos del ni\u00f1o a la justicia y a recursos efectivos - Humanium\" \/>\n<meta property=\"og:description\" content=\"En enero de 2024 se present\u00f3 una iniciativa hist\u00f3rica sobre el acceso de los ni\u00f1os a la justicia y a recursos efectivos.\" \/>\n<meta property=\"og:url\" content=\"https:\/\/www.humanium.org\/es\/observacion-general-n-o-27-promocion-de-los-derechos-del-nino-a-la-justicia-y-a-recursos-efectivos\/\" \/>\n<meta property=\"og:site_name\" content=\"Humanium\" \/>\n<meta property=\"article:published_time\" content=\"2025-02-25T19:03:36+00:00\" \/>\n<meta property=\"article:modified_time\" content=\"2025-12-13T21:59:04+00:00\" \/>\n<meta property=\"og:image\" content=\"https:\/\/www.humanium.org\/es\/wp-content\/uploads\/2025\/02\/shutterstock_283034996-1-scaled.jpg\" \/>\n\t<meta property=\"og:image:width\" content=\"2560\" \/>\n\t<meta property=\"og:image:height\" content=\"1663\" \/>\n\t<meta property=\"og:image:type\" content=\"image\/jpeg\" \/>\n<meta name=\"author\" content=\"Or Salama\" \/>\n<meta name=\"twitter:card\" content=\"summary_large_image\" \/>\n<meta name=\"twitter:label1\" content=\"Escrito por\" \/>\n\t<meta name=\"twitter:data1\" content=\"Or Salama\" \/>\n\t<meta name=\"twitter:label2\" content=\"Tiempo de lectura\" \/>\n\t<meta name=\"twitter:data2\" content=\"12 minutos\" \/>\n<script type=\"application\/ld+json\" class=\"yoast-schema-graph\">{\"@context\":\"https:\/\/schema.org\",\"@graph\":[{\"@type\":\"WebPage\",\"@id\":\"https:\/\/www.humanium.org\/es\/observacion-general-n-o-27-promocion-de-los-derechos-del-nino-a-la-justicia-y-a-recursos-efectivos\/\",\"url\":\"https:\/\/www.humanium.org\/es\/observacion-general-n-o-27-promocion-de-los-derechos-del-nino-a-la-justicia-y-a-recursos-efectivos\/\",\"name\":\"Observaci\u00f3n General n.\u00ba 27: Promoci\u00f3n de los derechos del ni\u00f1o a la justicia y a recursos efectivos - Humanium\",\"isPartOf\":{\"@id\":\"https:\/\/www.humanium.org\/es\/#website\"},\"primaryImageOfPage\":{\"@id\":\"https:\/\/www.humanium.org\/es\/observacion-general-n-o-27-promocion-de-los-derechos-del-nino-a-la-justicia-y-a-recursos-efectivos\/#primaryimage\"},\"image\":{\"@id\":\"https:\/\/www.humanium.org\/es\/observacion-general-n-o-27-promocion-de-los-derechos-del-nino-a-la-justicia-y-a-recursos-efectivos\/#primaryimage\"},\"thumbnailUrl\":\"https:\/\/www.humanium.org\/es\/wp-content\/uploads\/2025\/02\/shutterstock_283034996-1-scaled.jpg\",\"datePublished\":\"2025-02-25T19:03:36+00:00\",\"dateModified\":\"2025-12-13T21:59:04+00:00\",\"author\":{\"@id\":\"https:\/\/www.humanium.org\/es\/#\/schema\/person\/f54f6d16f751e70a9af158cc12c5e408\"},\"description\":\"En enero de 2024 se present\u00f3 una iniciativa hist\u00f3rica sobre el acceso de los ni\u00f1os a la justicia y a recursos efectivos.\",\"breadcrumb\":{\"@id\":\"https:\/\/www.humanium.org\/es\/observacion-general-n-o-27-promocion-de-los-derechos-del-nino-a-la-justicia-y-a-recursos-efectivos\/#breadcrumb\"},\"inLanguage\":\"es\",\"potentialAction\":[{\"@type\":\"ReadAction\",\"target\":[\"https:\/\/www.humanium.org\/es\/observacion-general-n-o-27-promocion-de-los-derechos-del-nino-a-la-justicia-y-a-recursos-efectivos\/\"]}]},{\"@type\":\"ImageObject\",\"inLanguage\":\"es\",\"@id\":\"https:\/\/www.humanium.org\/es\/observacion-general-n-o-27-promocion-de-los-derechos-del-nino-a-la-justicia-y-a-recursos-efectivos\/#primaryimage\",\"url\":\"https:\/\/www.humanium.org\/es\/wp-content\/uploads\/2025\/02\/shutterstock_283034996-1-scaled.jpg\",\"contentUrl\":\"https:\/\/www.humanium.org\/es\/wp-content\/uploads\/2025\/02\/shutterstock_283034996-1-scaled.jpg\",\"width\":2560,\"height\":1663},{\"@type\":\"BreadcrumbList\",\"@id\":\"https:\/\/www.humanium.org\/es\/observacion-general-n-o-27-promocion-de-los-derechos-del-nino-a-la-justicia-y-a-recursos-efectivos\/#breadcrumb\",\"itemListElement\":[{\"@type\":\"ListItem\",\"position\":1,\"name\":\"Home\",\"item\":\"https:\/\/www.humanium.org\/es\/\"},{\"@type\":\"ListItem\",\"position\":2,\"name\":\"Observaci\u00f3n General n.\u00ba 27: Promoci\u00f3n de los derechos del ni\u00f1o a la justicia y a recursos efectivos\"}]},{\"@type\":\"WebSite\",\"@id\":\"https:\/\/www.humanium.org\/es\/#website\",\"url\":\"https:\/\/www.humanium.org\/es\/\",\"name\":\"Humanium\",\"description\":\"\u00a1Los ni\u00f1os primero!\",\"potentialAction\":[{\"@type\":\"SearchAction\",\"target\":{\"@type\":\"EntryPoint\",\"urlTemplate\":\"https:\/\/www.humanium.org\/es\/?s={search_term_string}\"},\"query-input\":{\"@type\":\"PropertyValueSpecification\",\"valueRequired\":true,\"valueName\":\"search_term_string\"}}],\"inLanguage\":\"es\"},{\"@type\":\"Person\",\"@id\":\"https:\/\/www.humanium.org\/es\/#\/schema\/person\/f54f6d16f751e70a9af158cc12c5e408\",\"name\":\"Or Salama\",\"image\":{\"@type\":\"ImageObject\",\"inLanguage\":\"es\",\"@id\":\"https:\/\/www.humanium.org\/es\/#\/schema\/person\/image\/\",\"url\":\"https:\/\/secure.gravatar.com\/avatar\/d375209ee29f7b238a8fd88712f819e0f3f6a5a3ebf143921b854c44d4cb17b3?s=96&d=mm&r=g\",\"contentUrl\":\"https:\/\/secure.gravatar.com\/avatar\/d375209ee29f7b238a8fd88712f819e0f3f6a5a3ebf143921b854c44d4cb17b3?s=96&d=mm&r=g\",\"caption\":\"Or Salama\"},\"sameAs\":[\"https:\/\/www.linkedin.com\/in\/or-salama-81068b1b3\/\"],\"url\":\"https:\/\/www.humanium.org\/es\/author\/autor_orsalama\/\"}]}<\/script>\n<!-- \/ Yoast SEO plugin. -->","yoast_head_json":{"title":"Observaci\u00f3n General n.\u00ba 27: Promoci\u00f3n de los derechos del ni\u00f1o a la justicia y a recursos efectivos - Humanium","description":"En enero de 2024 se present\u00f3 una iniciativa hist\u00f3rica sobre el acceso de los ni\u00f1os a la justicia y a recursos efectivos.","robots":{"index":"index","follow":"follow","max-snippet":"max-snippet:-1","max-image-preview":"max-image-preview:large","max-video-preview":"max-video-preview:-1"},"canonical":"https:\/\/www.humanium.org\/es\/observacion-general-n-o-27-promocion-de-los-derechos-del-nino-a-la-justicia-y-a-recursos-efectivos\/","og_locale":"es_ES","og_type":"article","og_title":"Observaci\u00f3n General n.\u00ba 27: Promoci\u00f3n de los derechos del ni\u00f1o a la justicia y a recursos efectivos - Humanium","og_description":"En enero de 2024 se present\u00f3 una iniciativa hist\u00f3rica sobre el acceso de los ni\u00f1os a la justicia y a recursos efectivos.","og_url":"https:\/\/www.humanium.org\/es\/observacion-general-n-o-27-promocion-de-los-derechos-del-nino-a-la-justicia-y-a-recursos-efectivos\/","og_site_name":"Humanium","article_published_time":"2025-02-25T19:03:36+00:00","article_modified_time":"2025-12-13T21:59:04+00:00","og_image":[{"width":2560,"height":1663,"url":"https:\/\/www.humanium.org\/es\/wp-content\/uploads\/2025\/02\/shutterstock_283034996-1-scaled.jpg","type":"image\/jpeg"}],"author":"Or Salama","twitter_card":"summary_large_image","twitter_misc":{"Escrito por":"Or Salama","Tiempo de lectura":"12 minutos"},"schema":{"@context":"https:\/\/schema.org","@graph":[{"@type":"WebPage","@id":"https:\/\/www.humanium.org\/es\/observacion-general-n-o-27-promocion-de-los-derechos-del-nino-a-la-justicia-y-a-recursos-efectivos\/","url":"https:\/\/www.humanium.org\/es\/observacion-general-n-o-27-promocion-de-los-derechos-del-nino-a-la-justicia-y-a-recursos-efectivos\/","name":"Observaci\u00f3n General n.\u00ba 27: Promoci\u00f3n de los derechos del ni\u00f1o a la justicia y a recursos efectivos - Humanium","isPartOf":{"@id":"https:\/\/www.humanium.org\/es\/#website"},"primaryImageOfPage":{"@id":"https:\/\/www.humanium.org\/es\/observacion-general-n-o-27-promocion-de-los-derechos-del-nino-a-la-justicia-y-a-recursos-efectivos\/#primaryimage"},"image":{"@id":"https:\/\/www.humanium.org\/es\/observacion-general-n-o-27-promocion-de-los-derechos-del-nino-a-la-justicia-y-a-recursos-efectivos\/#primaryimage"},"thumbnailUrl":"https:\/\/www.humanium.org\/es\/wp-content\/uploads\/2025\/02\/shutterstock_283034996-1-scaled.jpg","datePublished":"2025-02-25T19:03:36+00:00","dateModified":"2025-12-13T21:59:04+00:00","author":{"@id":"https:\/\/www.humanium.org\/es\/#\/schema\/person\/f54f6d16f751e70a9af158cc12c5e408"},"description":"En enero de 2024 se present\u00f3 una iniciativa hist\u00f3rica sobre el acceso de los ni\u00f1os a la justicia y a recursos efectivos.","breadcrumb":{"@id":"https:\/\/www.humanium.org\/es\/observacion-general-n-o-27-promocion-de-los-derechos-del-nino-a-la-justicia-y-a-recursos-efectivos\/#breadcrumb"},"inLanguage":"es","potentialAction":[{"@type":"ReadAction","target":["https:\/\/www.humanium.org\/es\/observacion-general-n-o-27-promocion-de-los-derechos-del-nino-a-la-justicia-y-a-recursos-efectivos\/"]}]},{"@type":"ImageObject","inLanguage":"es","@id":"https:\/\/www.humanium.org\/es\/observacion-general-n-o-27-promocion-de-los-derechos-del-nino-a-la-justicia-y-a-recursos-efectivos\/#primaryimage","url":"https:\/\/www.humanium.org\/es\/wp-content\/uploads\/2025\/02\/shutterstock_283034996-1-scaled.jpg","contentUrl":"https:\/\/www.humanium.org\/es\/wp-content\/uploads\/2025\/02\/shutterstock_283034996-1-scaled.jpg","width":2560,"height":1663},{"@type":"BreadcrumbList","@id":"https:\/\/www.humanium.org\/es\/observacion-general-n-o-27-promocion-de-los-derechos-del-nino-a-la-justicia-y-a-recursos-efectivos\/#breadcrumb","itemListElement":[{"@type":"ListItem","position":1,"name":"Home","item":"https:\/\/www.humanium.org\/es\/"},{"@type":"ListItem","position":2,"name":"Observaci\u00f3n General n.\u00ba 27: Promoci\u00f3n de los derechos del ni\u00f1o a la justicia y a recursos efectivos"}]},{"@type":"WebSite","@id":"https:\/\/www.humanium.org\/es\/#website","url":"https:\/\/www.humanium.org\/es\/","name":"Humanium","description":"\u00a1Los ni\u00f1os primero!","potentialAction":[{"@type":"SearchAction","target":{"@type":"EntryPoint","urlTemplate":"https:\/\/www.humanium.org\/es\/?s={search_term_string}"},"query-input":{"@type":"PropertyValueSpecification","valueRequired":true,"valueName":"search_term_string"}}],"inLanguage":"es"},{"@type":"Person","@id":"https:\/\/www.humanium.org\/es\/#\/schema\/person\/f54f6d16f751e70a9af158cc12c5e408","name":"Or Salama","image":{"@type":"ImageObject","inLanguage":"es","@id":"https:\/\/www.humanium.org\/es\/#\/schema\/person\/image\/","url":"https:\/\/secure.gravatar.com\/avatar\/d375209ee29f7b238a8fd88712f819e0f3f6a5a3ebf143921b854c44d4cb17b3?s=96&d=mm&r=g","contentUrl":"https:\/\/secure.gravatar.com\/avatar\/d375209ee29f7b238a8fd88712f819e0f3f6a5a3ebf143921b854c44d4cb17b3?s=96&d=mm&r=g","caption":"Or Salama"},"sameAs":["https:\/\/www.linkedin.com\/in\/or-salama-81068b1b3\/"],"url":"https:\/\/www.humanium.org\/es\/author\/autor_orsalama\/"}]}},"_links":{"self":[{"href":"https:\/\/www.humanium.org\/es\/wp-json\/wp\/v2\/posts\/19511","targetHints":{"allow":["GET"]}}],"collection":[{"href":"https:\/\/www.humanium.org\/es\/wp-json\/wp\/v2\/posts"}],"about":[{"href":"https:\/\/www.humanium.org\/es\/wp-json\/wp\/v2\/types\/post"}],"author":[{"embeddable":true,"href":"https:\/\/www.humanium.org\/es\/wp-json\/wp\/v2\/users\/65"}],"replies":[{"embeddable":true,"href":"https:\/\/www.humanium.org\/es\/wp-json\/wp\/v2\/comments?post=19511"}],"version-history":[{"count":6,"href":"https:\/\/www.humanium.org\/es\/wp-json\/wp\/v2\/posts\/19511\/revisions"}],"predecessor-version":[{"id":21957,"href":"https:\/\/www.humanium.org\/es\/wp-json\/wp\/v2\/posts\/19511\/revisions\/21957"}],"wp:featuredmedia":[{"embeddable":true,"href":"https:\/\/www.humanium.org\/es\/wp-json\/wp\/v2\/media\/19514"}],"wp:attachment":[{"href":"https:\/\/www.humanium.org\/es\/wp-json\/wp\/v2\/media?parent=19511"}],"wp:term":[{"taxonomy":"category","embeddable":true,"href":"https:\/\/www.humanium.org\/es\/wp-json\/wp\/v2\/categories?post=19511"},{"taxonomy":"post_tag","embeddable":true,"href":"https:\/\/www.humanium.org\/es\/wp-json\/wp\/v2\/tags?post=19511"}],"curies":[{"name":"wp","href":"https:\/\/api.w.org\/{rel}","templated":true}]}}