{"id":9093,"date":"2016-05-11T17:36:01","date_gmt":"2016-05-11T17:36:01","guid":{"rendered":"http:\/\/www.humanium.org\/es\/?p=9093"},"modified":"2025-12-13T21:31:09","modified_gmt":"2025-12-13T21:31:09","slug":"2015-un-ano-decisivo","status":"publish","type":"post","link":"https:\/\/www.humanium.org\/es\/2015-un-ano-decisivo\/","title":{"rendered":"2015 : un a\u00f1o decisivo"},"content":{"rendered":"<p><img loading=\"lazy\" decoding=\"async\" class=\"alignright wp-image-37499\" src=\"https:\/\/www.humanium.org\/fr\/wp-content\/uploads\/2016\/05\/FB_IMG_1439199821766.jpg\" alt=\"FB_IMG_1439199821766\" width=\"200\" height=\"364\" \/>Desde su fundaci\u00f3n en Ginebra el 20 de noviembre del 2008, D\u00eda Mundial de los Derechos del Ni\u00f1o, y su desarrollo en Francia y Alemania, la red de tres asociaciones Humanium ha evolucionado y multiplicado su impacto en la vida de los ni\u00f1os en todo el mundo.<\/p>\n<p>A nivel mundial, Humanium ha sido capaz de utilizar la fuerza de las nuevas tecnolog\u00edas para que los derechos de los ni\u00f1os sean accesibles y comprensibles para m\u00e1s personas. 5 millones de personas se alcanzaron en 2015 gracias a nuestro contenido educativo sobre los derechos de los ni\u00f1os disponible de forma gratuita en l\u00ednea.<\/p>\n<p>A nivel local, Humanium implementa los derechos de los ni\u00f1os en Bolivia, India, Madagascar, Uganda, Burkina Faso y Ruanda. Este \u00faltimo representa un punto de inflexi\u00f3n en las actividades de Humanium, ya que desarrollamos un proyecto piloto particularmente prometedor utilizando una combinaci\u00f3n interdisciplinaria \u00fanica de herramientas legales y de t\u00e9cnicas psicosociales.<\/p>\n<p>La vigilancia de Humanium sobre la situaci\u00f3n de los ni\u00f1os ha establecido un nuevo mapa de los derechos de la infancia en el mundo, ampliamente distribuido en l\u00ednea, tambi\u00e9n a nivel local a trav\u00e9s de las ONG y los maestros. Tambi\u00e9n se ha publicado en varios libros de texto.<\/p>\n<p>Se realizaron casi un centenar de demandas en nuestra l\u00ednea de ayuda para el asesoramiento jur\u00eddico en relaci\u00f3n con violaciones de los derechos del ni\u00f1o.<\/p>\n<p>Todo esto fue posible gracias a nuestros donantes y colaboradores, socios y los cientos de voluntarios que est\u00e1n comprometidos todos los d\u00edas con nosotros.<\/p>\n<p>Gracias de todo coraz\u00f3n por el cambio co-creado en la vida de los ni\u00f1os.<\/p>\n<p>Olivier Soret, Presidente de Humanium<\/p>\n<p>&gt; Memoria de actividades 2015 (pdf)<\/p>\n","protected":false},"excerpt":{"rendered":"<p>Desde su fundaci\u00f3n en Ginebra el 20 de noviembre del 2008, D\u00eda Mundial de los Derechos del Ni\u00f1o, y su desarrollo en Francia y Alemania, la red de tres asociaciones Humanium ha evolucionado y multiplicado su impacto en la vida de los ni\u00f1os en todo el mundo. A nivel mundial, Humanium ha sido capaz de [&hellip;]<\/p>\n","protected":false},"author":1,"featured_media":0,"comment_status":"closed","ping_status":"closed","sticky":false,"template":"","format":"standard","meta":{"footnotes":""},"categories":[1,9],"tags":[],"class_list":["post-9093","post","type-post","status-publish","format-standard","hentry","category-uncategorized","category-vida-de-la-asociacion"],"yoast_head":"<!-- This site is optimized with the Yoast SEO plugin v26.5 - https:\/\/yoast.com\/wordpress\/plugins\/seo\/ -->\n<title>2015 : un a\u00f1o decisivo - Humanium<\/title>\n<meta name=\"robots\" content=\"index, follow, max-snippet:-1, max-image-preview:large, max-video-preview:-1\" \/>\n<link rel=\"canonical\" href=\"https:\/\/www.humanium.org\/es\/2015-un-ano-decisivo\/\" \/>\n<meta property=\"og:locale\" content=\"es_ES\" \/>\n<meta property=\"og:type\" content=\"article\" \/>\n<meta property=\"og:title\" content=\"2015 : un a\u00f1o decisivo - Humanium\" \/>\n<meta property=\"og:description\" content=\"Desde su fundaci\u00f3n en Ginebra el 20 de noviembre del 2008, D\u00eda Mundial de los Derechos del Ni\u00f1o, y su desarrollo en Francia y Alemania, la red de tres asociaciones Humanium ha evolucionado y multiplicado su impacto en la vida de los ni\u00f1os en todo el mundo. A nivel mundial, Humanium ha sido capaz de [&hellip;]\" \/>\n<meta property=\"og:url\" content=\"https:\/\/www.humanium.org\/es\/2015-un-ano-decisivo\/\" \/>\n<meta property=\"og:site_name\" content=\"Humanium\" \/>\n<meta property=\"article:published_time\" content=\"2016-05-11T17:36:01+00:00\" \/>\n<meta property=\"article:modified_time\" content=\"2025-12-13T21:31:09+00:00\" \/>\n<meta name=\"author\" content=\"Olivier\" \/>\n<meta name=\"twitter:card\" content=\"summary_large_image\" \/>\n<meta name=\"twitter:label1\" content=\"Escrito por\" \/>\n\t<meta name=\"twitter:data1\" content=\"Olivier\" \/>\n\t<meta name=\"twitter:label2\" content=\"Tiempo de lectura\" \/>\n\t<meta name=\"twitter:data2\" content=\"1 minuto\" \/>\n<script type=\"application\/ld+json\" class=\"yoast-schema-graph\">{\"@context\":\"https:\/\/schema.org\",\"@graph\":[{\"@type\":\"WebPage\",\"@id\":\"https:\/\/www.humanium.org\/es\/2015-un-ano-decisivo\/\",\"url\":\"https:\/\/www.humanium.org\/es\/2015-un-ano-decisivo\/\",\"name\":\"2015 : un a\u00f1o decisivo - Humanium\",\"isPartOf\":{\"@id\":\"https:\/\/www.humanium.org\/es\/#website\"},\"primaryImageOfPage\":{\"@id\":\"https:\/\/www.humanium.org\/es\/2015-un-ano-decisivo\/#primaryimage\"},\"image\":{\"@id\":\"https:\/\/www.humanium.org\/es\/2015-un-ano-decisivo\/#primaryimage\"},\"thumbnailUrl\":\"https:\/\/www.humanium.org\/fr\/wp-content\/uploads\/2016\/05\/FB_IMG_1439199821766.jpg\",\"datePublished\":\"2016-05-11T17:36:01+00:00\",\"dateModified\":\"2025-12-13T21:31:09+00:00\",\"author\":{\"@id\":\"https:\/\/www.humanium.org\/es\/#\/schema\/person\/a7bc4047fa1a59491b84b14abef018a7\"},\"breadcrumb\":{\"@id\":\"https:\/\/www.humanium.org\/es\/2015-un-ano-decisivo\/#breadcrumb\"},\"inLanguage\":\"es\",\"potentialAction\":[{\"@type\":\"ReadAction\",\"target\":[\"https:\/\/www.humanium.org\/es\/2015-un-ano-decisivo\/\"]}]},{\"@type\":\"ImageObject\",\"inLanguage\":\"es\",\"@id\":\"https:\/\/www.humanium.org\/es\/2015-un-ano-decisivo\/#primaryimage\",\"url\":\"https:\/\/www.humanium.org\/fr\/wp-content\/uploads\/2016\/05\/FB_IMG_1439199821766.jpg\",\"contentUrl\":\"https:\/\/www.humanium.org\/fr\/wp-content\/uploads\/2016\/05\/FB_IMG_1439199821766.jpg\"},{\"@type\":\"BreadcrumbList\",\"@id\":\"https:\/\/www.humanium.org\/es\/2015-un-ano-decisivo\/#breadcrumb\",\"itemListElement\":[{\"@type\":\"ListItem\",\"position\":1,\"name\":\"Home\",\"item\":\"https:\/\/www.humanium.org\/es\/\"},{\"@type\":\"ListItem\",\"position\":2,\"name\":\"2015 : un a\u00f1o decisivo\"}]},{\"@type\":\"WebSite\",\"@id\":\"https:\/\/www.humanium.org\/es\/#website\",\"url\":\"https:\/\/www.humanium.org\/es\/\",\"name\":\"Humanium\",\"description\":\"\u00a1Los ni\u00f1os primero!\",\"potentialAction\":[{\"@type\":\"SearchAction\",\"target\":{\"@type\":\"EntryPoint\",\"urlTemplate\":\"https:\/\/www.humanium.org\/es\/?s={search_term_string}\"},\"query-input\":{\"@type\":\"PropertyValueSpecification\",\"valueRequired\":true,\"valueName\":\"search_term_string\"}}],\"inLanguage\":\"es\"},{\"@type\":\"Person\",\"@id\":\"https:\/\/www.humanium.org\/es\/#\/schema\/person\/a7bc4047fa1a59491b84b14abef018a7\",\"name\":\"Olivier\",\"image\":{\"@type\":\"ImageObject\",\"inLanguage\":\"es\",\"@id\":\"https:\/\/www.humanium.org\/es\/#\/schema\/person\/image\/\",\"url\":\"https:\/\/secure.gravatar.com\/avatar\/945a9bb4662b83cabc6e1483b64823d58adf8c47dcbb3a834cd5df54a5f60495?s=96&d=mm&r=g\",\"contentUrl\":\"https:\/\/secure.gravatar.com\/avatar\/945a9bb4662b83cabc6e1483b64823d58adf8c47dcbb3a834cd5df54a5f60495?s=96&d=mm&r=g\",\"caption\":\"Olivier\"},\"url\":\"https:\/\/www.humanium.org\/es\/author\/olivier\/\"}]}<\/script>\n<!-- \/ Yoast SEO plugin. -->","yoast_head_json":{"title":"2015 : un a\u00f1o decisivo - Humanium","robots":{"index":"index","follow":"follow","max-snippet":"max-snippet:-1","max-image-preview":"max-image-preview:large","max-video-preview":"max-video-preview:-1"},"canonical":"https:\/\/www.humanium.org\/es\/2015-un-ano-decisivo\/","og_locale":"es_ES","og_type":"article","og_title":"2015 : un a\u00f1o decisivo - Humanium","og_description":"Desde su fundaci\u00f3n en Ginebra el 20 de noviembre del 2008, D\u00eda Mundial de los Derechos del Ni\u00f1o, y su desarrollo en Francia y Alemania, la red de tres asociaciones Humanium ha evolucionado y multiplicado su impacto en la vida de los ni\u00f1os en todo el mundo. A nivel mundial, Humanium ha sido capaz de [&hellip;]","og_url":"https:\/\/www.humanium.org\/es\/2015-un-ano-decisivo\/","og_site_name":"Humanium","article_published_time":"2016-05-11T17:36:01+00:00","article_modified_time":"2025-12-13T21:31:09+00:00","author":"Olivier","twitter_card":"summary_large_image","twitter_misc":{"Escrito por":"Olivier","Tiempo de lectura":"1 minuto"},"schema":{"@context":"https:\/\/schema.org","@graph":[{"@type":"WebPage","@id":"https:\/\/www.humanium.org\/es\/2015-un-ano-decisivo\/","url":"https:\/\/www.humanium.org\/es\/2015-un-ano-decisivo\/","name":"2015 : un a\u00f1o decisivo - Humanium","isPartOf":{"@id":"https:\/\/www.humanium.org\/es\/#website"},"primaryImageOfPage":{"@id":"https:\/\/www.humanium.org\/es\/2015-un-ano-decisivo\/#primaryimage"},"image":{"@id":"https:\/\/www.humanium.org\/es\/2015-un-ano-decisivo\/#primaryimage"},"thumbnailUrl":"https:\/\/www.humanium.org\/fr\/wp-content\/uploads\/2016\/05\/FB_IMG_1439199821766.jpg","datePublished":"2016-05-11T17:36:01+00:00","dateModified":"2025-12-13T21:31:09+00:00","author":{"@id":"https:\/\/www.humanium.org\/es\/#\/schema\/person\/a7bc4047fa1a59491b84b14abef018a7"},"breadcrumb":{"@id":"https:\/\/www.humanium.org\/es\/2015-un-ano-decisivo\/#breadcrumb"},"inLanguage":"es","potentialAction":[{"@type":"ReadAction","target":["https:\/\/www.humanium.org\/es\/2015-un-ano-decisivo\/"]}]},{"@type":"ImageObject","inLanguage":"es","@id":"https:\/\/www.humanium.org\/es\/2015-un-ano-decisivo\/#primaryimage","url":"https:\/\/www.humanium.org\/fr\/wp-content\/uploads\/2016\/05\/FB_IMG_1439199821766.jpg","contentUrl":"https:\/\/www.humanium.org\/fr\/wp-content\/uploads\/2016\/05\/FB_IMG_1439199821766.jpg"},{"@type":"BreadcrumbList","@id":"https:\/\/www.humanium.org\/es\/2015-un-ano-decisivo\/#breadcrumb","itemListElement":[{"@type":"ListItem","position":1,"name":"Home","item":"https:\/\/www.humanium.org\/es\/"},{"@type":"ListItem","position":2,"name":"2015 : un a\u00f1o decisivo"}]},{"@type":"WebSite","@id":"https:\/\/www.humanium.org\/es\/#website","url":"https:\/\/www.humanium.org\/es\/","name":"Humanium","description":"\u00a1Los ni\u00f1os primero!","potentialAction":[{"@type":"SearchAction","target":{"@type":"EntryPoint","urlTemplate":"https:\/\/www.humanium.org\/es\/?s={search_term_string}"},"query-input":{"@type":"PropertyValueSpecification","valueRequired":true,"valueName":"search_term_string"}}],"inLanguage":"es"},{"@type":"Person","@id":"https:\/\/www.humanium.org\/es\/#\/schema\/person\/a7bc4047fa1a59491b84b14abef018a7","name":"Olivier","image":{"@type":"ImageObject","inLanguage":"es","@id":"https:\/\/www.humanium.org\/es\/#\/schema\/person\/image\/","url":"https:\/\/secure.gravatar.com\/avatar\/945a9bb4662b83cabc6e1483b64823d58adf8c47dcbb3a834cd5df54a5f60495?s=96&d=mm&r=g","contentUrl":"https:\/\/secure.gravatar.com\/avatar\/945a9bb4662b83cabc6e1483b64823d58adf8c47dcbb3a834cd5df54a5f60495?s=96&d=mm&r=g","caption":"Olivier"},"url":"https:\/\/www.humanium.org\/es\/author\/olivier\/"}]}},"_links":{"self":[{"href":"https:\/\/www.humanium.org\/es\/wp-json\/wp\/v2\/posts\/9093","targetHints":{"allow":["GET"]}}],"collection":[{"href":"https:\/\/www.humanium.org\/es\/wp-json\/wp\/v2\/posts"}],"about":[{"href":"https:\/\/www.humanium.org\/es\/wp-json\/wp\/v2\/types\/post"}],"author":[{"embeddable":true,"href":"https:\/\/www.humanium.org\/es\/wp-json\/wp\/v2\/users\/1"}],"replies":[{"embeddable":true,"href":"https:\/\/www.humanium.org\/es\/wp-json\/wp\/v2\/comments?post=9093"}],"version-history":[{"count":1,"href":"https:\/\/www.humanium.org\/es\/wp-json\/wp\/v2\/posts\/9093\/revisions"}],"predecessor-version":[{"id":21388,"href":"https:\/\/www.humanium.org\/es\/wp-json\/wp\/v2\/posts\/9093\/revisions\/21388"}],"wp:attachment":[{"href":"https:\/\/www.humanium.org\/es\/wp-json\/wp\/v2\/media?parent=9093"}],"wp:term":[{"taxonomy":"category","embeddable":true,"href":"https:\/\/www.humanium.org\/es\/wp-json\/wp\/v2\/categories?post=9093"},{"taxonomy":"post_tag","embeddable":true,"href":"https:\/\/www.humanium.org\/es\/wp-json\/wp\/v2\/tags?post=9093"}],"curies":[{"name":"wp","href":"https:\/\/api.w.org\/{rel}","templated":true}]}}