{"id":37648,"date":"2016-08-08T08:00:32","date_gmt":"2016-08-08T08:00:32","guid":{"rendered":"http:\/\/www.humanium.org\/fr\/?p=37648"},"modified":"2026-08-20T18:18:54","modified_gmt":"2026-08-20T18:18:54","slug":"le-conflit-oublie-au-yemen","status":"publish","type":"post","link":"https:\/\/www.humanium.org\/fr\/le-conflit-oublie-au-yemen\/","title":{"rendered":"Y\u00e9men : le conflit oubli\u00e9 et ses enfants d\u00e9laiss\u00e9s"},"content":{"rendered":"<p><strong>Depuis 2014, le Y\u00e9men est en proie \u00e0 une crise humanitaire sans pr\u00e9c\u00e9dent due aux attaques aveugles et aux bombardements commis par les forces gouvernementales, les rebelles houthistes et la coalition saoudienne, ce qui affecte quotidiennement et de mani\u00e8re disproportionn\u00e9e le pays et ses civils.<\/strong><\/p>\n<p><strong>Avec plus de 5564 personnes tu\u00e9es depuis le d\u00e9clenchement de la crise, dont plus de la moiti\u00e9 sont des civils, et 26 568 bless\u00e9s, la crise humanitaire au Y\u00e9men a atteint des proportions \u00e9piques. Le chef du Comit\u00e9 international de la Croix-Rouge, Peter Maurer, a d\u00e9clar\u00e9 que le Y\u00e9men ressemblait, apr\u00e8s cinq mois de guerre civile, \u00e0 la Syrie apr\u00e8s cinq ans de guerre.<\/strong><\/p>\n<figure id=\"attachment_19469\" aria-describedby=\"caption-attachment-19469\" style=\"width: 300px\" class=\"wp-caption aligncenter\"><a href=\"https:\/\/www.humanium.org\/en\/wp-content\/uploads\/2016\/06\/800px-Akhdam_children_Taizz-Mathieu-Ge\u0301non.jpg\"><img loading=\"lazy\" decoding=\"async\" class=\"wp-image-19469 size-medium\" src=\"https:\/\/www.humanium.org\/en\/wp-content\/uploads\/2016\/06\/800px-Akhdam_children_Taizz-Mathieu-Ge\u0301non-300x200.jpg\" alt=\"Cr\u00e9dits photos: Mathieu G\u00e9non\" width=\"300\" height=\"200\" \/><\/a><figcaption id=\"caption-attachment-19469\" class=\"wp-caption-text\">Cr\u00e9dits photos: Mathieu G\u00e9non<\/figcaption><\/figure>\n<p><b>Comprendre le conflit<\/b><\/p>\n<p>La R\u00e9publique du Y\u00e9men est un pays jeune, r\u00e9sultat de l&rsquo;unification en 1990 de la <em>R\u00e9publique arabe du Y\u00e9men<\/em> et de la <em>R\u00e9publique d\u00e9mocratique et populaire du Y\u00e9men<\/em>. Au fil des ans, l&rsquo;histoire du Y\u00e9men a \u00e9t\u00e9 troubl\u00e9e par des rivalit\u00e9s entre tribus locales, la mont\u00e9e des mouvements s\u00e9cessionnistes, l&rsquo;ing\u00e9rence \u00e9trang\u00e8re et la pr\u00e9sence d&rsquo;Al-Qaeda sur son territoire. Mais depuis 2011, la situation dans le pays a empir\u00e9.<\/p>\n<p>L&rsquo;unit\u00e9 dans le pays a \u00e9t\u00e9 difficile \u00e0 maintenir, diff\u00e9rents groupes ayant commenc\u00e9 \u00e0 se soulever contre le gouvernement; en particulier le mouvement houthiste qui a conduit l&rsquo;ancien\u00a0 pr\u00e9sident Ali Abdallah Saleh \u00e0 quitter le pays et \u00e0 abandonner ses fonctions en 2011.<br \/>\n<a href=\"https:\/\/www.humanium.org\/en\/wp-content\/uploads\/2016\/06\/airstrike-IRIN.jpg\"><img loading=\"lazy\" decoding=\"async\" class=\"size-medium wp-image-19471 alignright\" src=\"https:\/\/www.humanium.org\/en\/wp-content\/uploads\/2016\/06\/airstrike-IRIN-300x200.jpg\" alt=\"airstrike-IRIN\" width=\"300\" height=\"200\" \/><\/a><\/p>\n<p>En 2012, il a \u00e9t\u00e9 remplac\u00e9 par le pr\u00e9sident Abd Rabbo Mansour Hadi qui envisage alors de remanier la constitution et de diviser le pays en six r\u00e9gions. Le mouvement houthiste exige cependant une plus grande autonomie et s\u2019oppose donc \u00e0 son projet.<\/p>\n<p>Au d\u00e9but de 2014, le mouvement houthiste lance diff\u00e9rentes insurrections sur la c\u00f4te ouest et dans le sud du pays. Il prend finalement possession de la capitale en septembre 2014 et renverse le gouvernement en janvier 2015. Depuis 2015, le mouvement houthiste contr\u00f4le l&rsquo;ensemble de la partie occidentale du Y\u00e9men, la r\u00e9gion la plus peupl\u00e9e du pays.<\/p>\n<p>Lorsque les Houthis ont renvers\u00e9 le gouvernement, le pr\u00e9sident Mansour Hadi a fui vers l&rsquo;Arabie Saoudite. Le lendemain, l&rsquo;Arabie Saoudite lance une op\u00e9ration militaire appel\u00e9e <em>Temp\u00eate<\/em> <em>d\u00e9cisive<\/em> dirig\u00e9e par une coalition compos\u00e9e de neuf \u00c9tats arabes\u00a0: l&rsquo;Arabie Saoudite, l&rsquo;\u00c9gypte, la Jordanie, le Soudan, le Qatar, le Bahre\u00efn, le Kowe\u00eft, les \u00c9mirats arabes unis et le Maroc.<\/p>\n<p>L&rsquo;intervention de l&rsquo;Arabie Saoudite pourrait \u00eatre interpr\u00e9t\u00e9e comme une tentative pour prot\u00e9ger sa fronti\u00e8re sud avec le Y\u00e9men. Mais son intervention doit \u00eatre envisag\u00e9e dans une perspective globale. Le Y\u00e9men est en effet un moyen de pression au sein d&rsquo;une sorte de \u00ab\u00a0zone de guerre froide\u00a0\u00bb qui oppose l&rsquo;Arabie Saoudite et la R\u00e9publique islamique d&rsquo;Iran. L&rsquo;Iran est accus\u00e9 de fournir du mat\u00e9riel et de soutenir le mouvement houthiste alors que l&rsquo;Arabie Saoudite et l&rsquo;Iran s&rsquo;opposent depuis des ann\u00e9es. Le Y\u00e9men semble \u00eatre le terrain id\u00e9al pour mettre un terme \u00e0 l&rsquo;influence de l&rsquo;Iran dans ce domaine.<\/p>\n<p>Tous les acteurs de ce conflit ont lanc\u00e9 des attaques aveugles contre des civils et contre des infrastructures civiles. La situation s&rsquo;est transform\u00e9e en grave crise humanitaire qui a conduit l&rsquo;ONU \u00e0 demander aux parties de s&rsquo;abstenir \u00ab\u00a0<em>de toute action unilat\u00e9rale qui pourrait compromettre la transition politique et la s\u00e9curit\u00e9 du Y\u00e9men<\/em>\u00a0\u00bb.<\/p>\n<p><b>La crise humanitaire oubli\u00e9e<\/b><\/p>\n<p>Le Y\u00e9men, l&rsquo;un des pays les plus pauvres du Moyen-Orient et aussi l&rsquo;un des plus pauvres du monde, est touch\u00e9 depuis les deux derni\u00e8res ann\u00e9es par une grave crise humanitaire. Malheureusement, la crise y\u00e9m\u00e9nite re\u00e7oit tr\u00e8s peu d&rsquo;attention de la part des m\u00e9dias. La destruction de villes et d&rsquo;infrastructures de base ainsi que les diverses restrictions et sanctions impos\u00e9es par la coalition dirig\u00e9e par l&rsquo;Arabie Saoudite ont priv\u00e9 plus de 21 millions de personnes de ressources essentielles.<\/p>\n<p><span style=\"font-weight: 400;\"><a href=\"https:\/\/www.humanium.org\/en\/wp-content\/uploads\/2016\/06\/Yemen-IRIN.jpg\"><img loading=\"lazy\" decoding=\"async\" class=\"size-medium wp-image-19472 alignleft\" src=\"https:\/\/www.humanium.org\/en\/wp-content\/uploads\/2016\/06\/Yemen-IRIN-300x225.jpg\" alt=\"Yemen- IRIN\" width=\"300\" height=\"225\" \/><\/a><\/span><\/p>\n<p>Le Y\u00e9men compte 26,7 millions d&rsquo;habitants. Parmi eux, 21 millions de personnes ont besoin d&rsquo;aide humanitaire, un chiffre qui a augment\u00e9 de 33\u00a0% depuis 2014. Le pays importe habituellement plus de 90\u00a0% de sa nourriture; avec l&#8217;embargo naval et les diff\u00e9rentes sanctions, seulement une fraction des importations arrivent \u00e0 destination, ce qui a entra\u00een\u00e9 de graves p\u00e9nuries alimentaires et des hausses de prix.<\/p>\n<p>En outre, les p\u00e9nuries de carburant et les dommages faits aux march\u00e9s et aux routes ont rendu l&rsquo;approvisionnement alimentaire difficile. Depuis le d\u00e9but de la guerre civile l&rsquo;an dernier, plus de 12,9 millions de personnes souffrent d&rsquo;ins\u00e9curit\u00e9 alimentaire; une augmentation de 52\u00a0% du nombre de personnes n\u2019ayant pas acc\u00e8s \u00e0 l&rsquo;eau potable ou \u00e0 l&rsquo;assainissement a \u00e9t\u00e9 constat\u00e9e avec plus de 20 millions de personnes touch\u00e9es. Cela a conduit \u00e0 une augmentation de la propagation des maladies d&rsquo;origine hydrique telles que le chol\u00e9ra. De plus, les usines de traitement des eaux us\u00e9es et la collecte des d\u00e9chets solides dans de nombreuses r\u00e9gions ont cess\u00e9 de fonctionner, ce qui expose plus de 2,5 millions d&rsquo;enfants \u00e0 des risques de maladies diarrh\u00e9iques.<\/p>\n<p>L&rsquo;Agence des Nations Unies pour les r\u00e9fugi\u00e9s, le HCR, a d\u00e9clar\u00e9 que plus de 100\u00a0000 personnes ont fui le Y\u00e9men depuis la fin mars 2015; 40\u00a0000 d&rsquo;entre eux sont des citoyens y\u00e9m\u00e9nites, les autres sont des citoyens de divers pays de la Corne de l&rsquo;Afrique qui \u00e9taient des migrants et des r\u00e9fugi\u00e9s au Y\u00e9men. Les principaux pays qui accueillent actuellement les r\u00e9fugi\u00e9s y\u00e9m\u00e9nites sont la Somalie, o\u00f9 plus de 28\u00a0000 personnes sont arriv\u00e9es, le Djibouti, l&rsquo;Arabie Saoudite et l&rsquo;\u00c9thiopie.<\/p>\n<p><b>Les enfants font les frais des combats des adultes au Y\u00e9men<\/b><\/p>\n<figure id=\"attachment_37649\" aria-describedby=\"caption-attachment-37649\" style=\"width: 300px\" class=\"wp-caption aligncenter\"><a href=\"https:\/\/www.humanium.org\/fr\/wp-content\/uploads\/2016\/08\/Infographie-Save-The-Children.jpg\"><img loading=\"lazy\" decoding=\"async\" class=\"wp-image-37649 size-medium\" src=\"https:\/\/www.humanium.org\/fr\/wp-content\/uploads\/2016\/08\/Infographie-Save-The-Children-300x192.jpg\" alt=\"Infographie Save The Children 2015\" width=\"300\" height=\"192\" srcset=\"https:\/\/www.humanium.org\/fr\/wp-content\/uploads\/2016\/08\/Infographie-Save-The-Children-300x192.jpg 300w, https:\/\/www.humanium.org\/fr\/wp-content\/uploads\/2016\/08\/Infographie-Save-The-Children-768x492.jpg 768w, https:\/\/www.humanium.org\/fr\/wp-content\/uploads\/2016\/08\/Infographie-Save-The-Children-1024x657.jpg 1024w, https:\/\/www.humanium.org\/fr\/wp-content\/uploads\/2016\/08\/Infographie-Save-The-Children-830x532.jpg 830w, https:\/\/www.humanium.org\/fr\/wp-content\/uploads\/2016\/08\/Infographie-Save-The-Children-230x147.jpg 230w, https:\/\/www.humanium.org\/fr\/wp-content\/uploads\/2016\/08\/Infographie-Save-The-Children-350x224.jpg 350w, https:\/\/www.humanium.org\/fr\/wp-content\/uploads\/2016\/08\/Infographie-Save-The-Children-480x308.jpg 480w\" sizes=\"auto, (max-width: 300px) 100vw, 300px\" \/><\/a><figcaption id=\"caption-attachment-37649\" class=\"wp-caption-text\">Infographie Save the Children 2015<\/figcaption><\/figure>\n<p>Dans le contexte du conflit arm\u00e9 au Y\u00e9men, les victimes sont beaucoup plus susceptibles d&rsquo;\u00eatre des civils, la plupart des femmes et des enfants, que des soldats. Depuis l&rsquo;escalade des combats en mars 2015, les enfants sont les principales victimes du conflit arm\u00e9. D&rsquo;apr\u00e8s l&rsquo;ONU, 73\u00a0% des d\u00e9c\u00e8s d&rsquo;enfants et des blessures du deuxi\u00e8me trimestre de 2015 ont \u00e9t\u00e9 caus\u00e9s par les frappes a\u00e9riennes de la coalition dirig\u00e9e par l&rsquo;Arabie Saoudite, alors que 18\u00a0% des d\u00e9c\u00e8s et 17\u00a0% des blessures d&rsquo;enfants ont \u00e9t\u00e9 attribu\u00e9s aux forces houthistes. L&rsquo;ONU estime que pr\u00e8s de 747 enfants ont \u00e9t\u00e9 tu\u00e9s, 1108 ont \u00e9t\u00e9 bless\u00e9s et plus de 724 ont \u00e9t\u00e9 recrut\u00e9s par les forces arm\u00e9es et les groupes rebelles pendant le conflit arm\u00e9 au Y\u00e9men.<\/p>\n<p>\u00c0 l&rsquo;heure actuelle, pr\u00e8s de 10 millions d&rsquo;enfants, soit 80\u00a0% de la population des moins de 18 ans, ont un urgent besoin d&rsquo;aide humanitaire. Le syst\u00e8me de sant\u00e9 au Y\u00e9men a toujours \u00e9t\u00e9 fragile, mais les p\u00e9nuries actuelles de m\u00e9dicaments et de fournitures m\u00e9dicales ont laiss\u00e9 plus de 15 millions de personnes dans le besoin de soins de sant\u00e9 de base.<\/p>\n<p>Selon un rapport de l&rsquo;UNICEF publi\u00e9 en ao\u00fbt 2015, environ 590\u00a0000 femmes enceintes vivant dans les zones de conflit les plus durement touch\u00e9es sont en grand danger de d\u00e9velopper des complications pendant leur grossesse ou leur accouchement, car elles n&rsquo;ont pas acc\u00e8s \u00e0 des installations m\u00e9dicales. De plus, \u00e0 travers le Y\u00e9men, les h\u00f4pitaux et les cliniques ont \u00e9t\u00e9 vis\u00e9s\u00a0 par une s\u00e9rie d&rsquo;attaques qui violent les r\u00e8gles du droit international humanitaire.<\/p>\n<p>\u00c0 l&rsquo;heure actuelle, 1,8 millions d&rsquo;enfants sont en train de manquer leur \u00e9ducation. Depuis 2014, au moins 3600 \u00e9coles ont \u00e9t\u00e9 ferm\u00e9es et plus de 400 \u00e9coles ont \u00e9t\u00e9 endommag\u00e9es. De plus, 346 autres \u00e9coles sont inutilisables\u00a0: 23 ont \u00e9t\u00e9 occup\u00e9es par des groupes arm\u00e9s et 317 logent des familles d\u00e9plac\u00e9es.<\/p>\n<p><b>La r\u00e9ponse de la communaut\u00e9 internationale<\/b><\/p>\n<p>Le 15 f\u00e9vrier 2015, le Conseil de s\u00e9curit\u00e9 des Nations Unies a adopt\u00e9 la r\u00e9solution 2201, qui condamne la prise de contr\u00f4le, en septembre 2014, de la capitale Sanaa par les Houthis, exige le retrait de leurs forces des institutions gouvernementales, et leur demande de coop\u00e9rer avec l&rsquo;ONU pour soutenir la transition politique de mani\u00e8re pacifique.<\/p>\n<p>L&rsquo;ONU a ensuite publi\u00e9, le 14 Avril 2015, la r\u00e9solution 2216 du Conseil de s\u00e9curit\u00e9 exigeant de mettre un terme \u00e0 la violence au Y\u00e9men et imposant des sanctions aux Houthis et aux forces loyales \u00e0 l&rsquo;ancien pr\u00e9sident Saleh, dont un embargo sur les armes.<\/p>\n<p>L&rsquo;intervention de l&rsquo;ONU au Y\u00e9men a \u00e9t\u00e9 critiqu\u00e9e \u00e0 plusieurs niveaux. Tout d&rsquo;abord, aucune des r\u00e9solutions du Conseil de s\u00e9curit\u00e9 n\u2019a \u00e9t\u00e9 mise en \u0153uvre dans le pays, ni par les Houthis, ni par les autres parties impliqu\u00e9es dans le conflit. Aucun n&rsquo;a pris de mesures pour mettre fin aux attaques contre des zones civiles ou pour fournir une assistance humanitaire aux populations vuln\u00e9rables.<\/p>\n<p>Par ailleurs, les sanctions impos\u00e9es aux dirigeants houthistes, incluant un embargo sur les armes et une interdiction de voyager, n&rsquo;ont pas \u00e9t\u00e9 mises en vigueur. L&#8217;embargo sur les armes a conduit \u00e0 la prise de contr\u00f4le de l&rsquo;importante ville portuaire d&rsquo;Aden par les Houthis qui contr\u00f4lent maintenant l&rsquo;entr\u00e9e des marchandises, dont les fournitures m\u00e9dicales, la nourriture et autres ressources n\u00e9cessaires. L&rsquo;International Crisis Group a not\u00e9, dans un rapport de mars 2015, que l&rsquo;ONU n&rsquo;a plus \u00ab\u00a0<em>l&rsquo;effet de levier suffisant pour encourager ou faire respecter les accords<\/em>\u00a0\u00bb.<\/p>\n<p>De plus, l&rsquo;intervention de l&rsquo;ONU a \u00e9t\u00e9 dirig\u00e9e seulement contre les Houthis; l&rsquo;ONU n&rsquo;a pas pris de mesures contre les actions des forces de la coalition qui lancent r\u00e9guli\u00e8rement des attaques dans les zones peupl\u00e9es et contre les b\u00e2timents prot\u00e9g\u00e9s. Aucune mesure n&rsquo;a enfin \u00e9t\u00e9 prise pour garantir l&rsquo;aide humanitaire pour les civils touch\u00e9s.<\/p>\n<p><a href=\"https:\/\/www.humanium.org\/en\/wp-content\/uploads\/2016\/06\/Photo-UNICEFMohammed-Hamoud.jpg\"><img loading=\"lazy\" decoding=\"async\" class=\"size-medium wp-image-19473 aligncenter\" src=\"https:\/\/www.humanium.org\/en\/wp-content\/uploads\/2016\/06\/Photo-UNICEFMohammed-Hamoud-300x200.jpg\" alt=\"Photo UNICEF:Mohammed Hamoud\" width=\"300\" height=\"200\" \/><\/a><\/p>\n<p><b>Les principaux d\u00e9fis<\/b><\/p>\n<p>Le conflit arm\u00e9 au Y\u00e9men risque de devenir une autre guerre par procuration entre l&rsquo;Arabie Saoudite et l&rsquo;Iran. Les combats entre les rebelles houthistes et le gouvernement du pr\u00e9sident Hadi menacent par ailleurs de diviser la soci\u00e9t\u00e9 y\u00e9m\u00e9nite le long des lignes tribales et sectaires.<\/p>\n<p>Les probl\u00e8mes de manque de financement et d&rsquo;acc\u00e8s ont affect\u00e9 le travail de plus de 70 organisations humanitaires au Y\u00e9men. En avril, l&rsquo;Arabie Saoudite a promis de soutenir l&rsquo;appel de l&rsquo;ONU pour 274 millions de dollars, mais aucun argent n&rsquo;a \u00e9t\u00e9 re\u00e7u. En juin 2015, l&rsquo;ONU a lanc\u00e9 un nouvel appel pour 1,6 milliards de dollars afin de fournir une aide humanitaire \u00e0 11,7 millions de personnes. Le 19 ao\u00fbt 2015, seulement 18\u00a0% de ce montant avait \u00e9t\u00e9 r\u00e9colt\u00e9, ce qui a contraint les agences des Nations Unies \u00e0 emprunter environ 160 millions de dollars en fonds internes et \u00e0 r\u00e9duire leurs op\u00e9rations.<\/p>\n<p>Le mois dernier (d\u00e9cembre 2015), les Nations Unies ont n\u00e9goci\u00e9 des pourparlers de paix visant \u00e0 mettre fin \u00e0 la guerre entre les rebelles houthistes et le gouvernement du pr\u00e9sident Hadi. Les n\u00e9gociations se sont toutefois termin\u00e9es sans aucun signe de r\u00e9solution du conflit. Ismail Ould Cheikh Ahmed, l\u2019envoy\u00e9 sp\u00e9cial des Nations Unies, a d\u00e9clar\u00e9 que les n\u00e9gociations devraient reprendre d&rsquo;ici le 14 janvier 2016.<\/p>\n<p>En mars 2016, l&rsquo;UNICEF a d\u00e9clar\u00e9 que chaque jour, six enfants sont tu\u00e9s ou bless\u00e9s au Y\u00e9men \u00e0 cause du conflit. Compte tenu de l&rsquo;ampleur des combats et du fait qu&rsquo;il n&rsquo;y ait aucun signe d&rsquo;une quelconque action en provenance de la communaut\u00e9 internationale, la crise humanitaire au Y\u00e9men ne peut qu&#8217;empirer, alors que des milliers d&rsquo;enfants ont d\u00e9j\u00e0 \u00e9t\u00e9 victimes de ce conflit.<\/p>\n<table style=\"height: 61px;\" width=\"639\">\n<tbody style=\"background: #f9f9f9;\">\n<tr>\n<td>\n<div style=\"float: left; width: 50%;\">\u00c9crit par : Priyanka Sinha &amp; Claire Endberg mars\u00a02016<\/div>\n<p><span style=\"font-weight: 400;\">Relu par : Hannah Brigit Maley<\/span><\/p>\n<p>Traduit par : Val\u00e9rie \u00a0\u00a0 \u00a0 \u00a0 \u00a0 \u00a0 \u00a0 \u00a0 \u00a0 Relu par :\u00a0Pierre Bourgeois<\/td>\n<\/tr>\n<\/tbody>\n<\/table>\n<p><a><\/a><\/p>\n<p>http:\/\/www.ibtimes.com\/yemen-crisis-death-toll-rises-saudi-arabias-allies-intensify-ground-operation-2150040<\/p>\n<p>http:\/\/www.theguardian.com\/world\/2015\/sep\/03\/banned-cluster-bombs-syria-ukraine-yemen-sudan-libya<\/p>\n<p>https:\/\/www.rt.com\/news\/312891-yemen-syria-red-cross\/<\/p>\n<p>http:\/\/www.unhcr.org\/55c0d5c09.html<\/p>\n<p>http:\/\/www.un.org\/press\/en\/2015\/sc11781.doc.htm<\/p>\n<p>http:\/\/english.alarabiya.net\/en\/News\/middle-east\/2015\/03\/23\/Yemen-s-Hadi-calls-for-GCC-military-intervention.html<\/p>\n<p>http:\/\/www.un.org\/press\/en\/2015\/sc11859.doc.htm<\/p>\n<p>http:\/\/www.crisisgroup.org\/~\/media\/Files\/Middle%20East%20North%20Africa\/Iran%20Gulf\/Yemen\/b045-yemen-at-war.pdf<\/p>\n<p>http:\/\/www.irinnews.org\/report\/102010\/is-yemen-europe-s-next-migration-crisis<\/p>\n<p>http:\/\/www.yemenpost.net\/Detail123456789.aspx?ID=3&#038;SubID=8354&#038;MainCat=3<\/p>\n<p>http:\/\/www.bbc.com\/news\/world-middle-east-34011187<\/p>\n<p>http:\/\/www.unicef.org\/media\/files\/CHILD_ALERT_YEMEN-UNICEF_AUG_2015_ENG_FINAL.pdf<\/p>\n<p>http:\/\/reliefweb.int\/sites\/reliefweb.int\/files\/resources\/Nowhere_Safe_for_Yemens_Children.pdf<\/p>\n<p>http:\/\/www.aljazeera.com\/news\/2015\/12\/yemen-peace-talks-called-clashes-151220141116705.html<\/p>\n<p>http:\/\/www.savethechildren.org\/site\/c.8rKLIXMGIpI4E\/b.6153153\/k.BDE3\/Yemen.htm<\/p>\n<p><iframe loading=\"lazy\" width=\"1170\" height=\"658\" src=\"https:\/\/www.youtube.com\/embed\/LJAFrtsgO9M?feature=oembed\" frameborder=\"0\" allowfullscreen><\/iframe><\/p>\n<p>http:\/\/www.unicef.org\/french\/media\/media_82940.htmlhttps:\/\/www.unicef.fr\/contenu\/espace-medias\/yemen-les-enfants-au-bord-du-chaos-face-au-risque-d-effondrement-du-pays<\/p>\n","protected":false},"excerpt":{"rendered":"<p>Depuis 2014, le Y\u00e9men est en proie \u00e0 une crise humanitaire sans pr\u00e9c\u00e9dent due aux attaques aveugles et aux bombardements commis par les forces gouvernementales, les rebelles houthistes et la coalition saoudienne, ce qui affecte quotidiennement et de mani\u00e8re disproportionn\u00e9e le pays et ses civils. Avec plus de 5564 personnes tu\u00e9es depuis le d\u00e9clenchement de [&hellip;]<\/p>\n","protected":false},"author":69,"featured_media":0,"comment_status":"closed","ping_status":"closed","sticky":false,"template":"","format":"standard","meta":{"footnotes":""},"categories":[9],"tags":[],"class_list":["post-37648","post","type-post","status-publish","format-standard","hentry","category-paix"],"yoast_head":"<!-- This site is optimized with the Yoast SEO plugin v28.3 - https:\/\/yoast.com\/product\/yoast-seo-wordpress\/ -->\n<title>Y\u00e9men : le conflit oubli\u00e9 et ses enfants d\u00e9laiss\u00e9s - Humanium<\/title>\n<meta name=\"robots\" content=\"index, follow, max-snippet:-1, max-image-preview:large, max-video-preview:-1\" \/>\n<link rel=\"canonical\" href=\"https:\/\/www.humanium.org\/fr\/le-conflit-oublie-au-yemen\/\" \/>\n<meta property=\"og:locale\" content=\"fr_FR\" \/>\n<meta property=\"og:type\" content=\"article\" \/>\n<meta property=\"og:title\" content=\"Y\u00e9men : le conflit oubli\u00e9 et ses enfants d\u00e9laiss\u00e9s - Humanium\" \/>\n<meta property=\"og:description\" content=\"Depuis 2014, le Y\u00e9men est en proie \u00e0 une crise humanitaire sans pr\u00e9c\u00e9dent due aux attaques aveugles et aux bombardements commis par les forces gouvernementales, les rebelles houthistes et la coalition saoudienne, ce qui affecte quotidiennement et de mani\u00e8re disproportionn\u00e9e le pays et ses civils. Avec plus de 5564 personnes tu\u00e9es depuis le d\u00e9clenchement de [&hellip;]\" \/>\n<meta property=\"og:url\" content=\"https:\/\/www.humanium.org\/fr\/le-conflit-oublie-au-yemen\/\" \/>\n<meta property=\"og:site_name\" content=\"Humanium\" \/>\n<meta property=\"article:published_time\" content=\"2016-08-08T08:00:32+00:00\" \/>\n<meta property=\"article:modified_time\" content=\"2026-08-20T18:18:54+00:00\" \/>\n<meta property=\"og:image\" content=\"https:\/\/www.humanium.org\/en\/wp-content\/uploads\/2016\/06\/airstrike-IRIN-300x200.jpg\" \/>\n<meta name=\"author\" content=\"Humanium\" \/>\n<meta name=\"twitter:card\" content=\"summary_large_image\" \/>\n<meta name=\"twitter:label1\" content=\"\u00c9crit par\" \/>\n\t<meta name=\"twitter:data1\" content=\"Humanium\" \/>\n\t<meta name=\"twitter:label2\" content=\"Dur\u00e9e de lecture estim\u00e9e\" \/>\n\t<meta name=\"twitter:data2\" content=\"11 minutes\" \/>\n<script type=\"application\/ld+json\" class=\"yoast-schema-graph\">{\"@context\":\"https:\\\/\\\/schema.org\",\"@graph\":[{\"@type\":\"Article\",\"@id\":\"https:\\\/\\\/www.humanium.org\\\/fr\\\/le-conflit-oublie-au-yemen\\\/#article\",\"isPartOf\":{\"@id\":\"https:\\\/\\\/www.humanium.org\\\/fr\\\/le-conflit-oublie-au-yemen\\\/\"},\"author\":{\"name\":\"Humanium\",\"@id\":\"https:\\\/\\\/www.humanium.org\\\/fr\\\/#\\\/schema\\\/person\\\/d798d6c7d59ba2307e0877f61a20ce3e\"},\"headline\":\"Y\u00e9men : le conflit oubli\u00e9 et ses enfants d\u00e9laiss\u00e9s\",\"datePublished\":\"2016-08-08T08:00:32+00:00\",\"dateModified\":\"2026-08-20T18:18:54+00:00\",\"mainEntityOfPage\":{\"@id\":\"https:\\\/\\\/www.humanium.org\\\/fr\\\/le-conflit-oublie-au-yemen\\\/\"},\"wordCount\":2112,\"image\":{\"@id\":\"https:\\\/\\\/www.humanium.org\\\/fr\\\/le-conflit-oublie-au-yemen\\\/#primaryimage\"},\"thumbnailUrl\":\"https:\\\/\\\/www.humanium.org\\\/en\\\/wp-content\\\/uploads\\\/2016\\\/06\\\/airstrike-IRIN-300x200.jpg\",\"articleSection\":[\"Paix\"],\"inLanguage\":\"fr-FR\"},{\"@type\":\"WebPage\",\"@id\":\"https:\\\/\\\/www.humanium.org\\\/fr\\\/le-conflit-oublie-au-yemen\\\/\",\"url\":\"https:\\\/\\\/www.humanium.org\\\/fr\\\/le-conflit-oublie-au-yemen\\\/\",\"name\":\"Y\u00e9men : le conflit oubli\u00e9 et ses enfants d\u00e9laiss\u00e9s - Humanium\",\"isPartOf\":{\"@id\":\"https:\\\/\\\/www.humanium.org\\\/fr\\\/#website\"},\"primaryImageOfPage\":{\"@id\":\"https:\\\/\\\/www.humanium.org\\\/fr\\\/le-conflit-oublie-au-yemen\\\/#primaryimage\"},\"image\":{\"@id\":\"https:\\\/\\\/www.humanium.org\\\/fr\\\/le-conflit-oublie-au-yemen\\\/#primaryimage\"},\"thumbnailUrl\":\"https:\\\/\\\/www.humanium.org\\\/en\\\/wp-content\\\/uploads\\\/2016\\\/06\\\/airstrike-IRIN-300x200.jpg\",\"datePublished\":\"2016-08-08T08:00:32+00:00\",\"dateModified\":\"2026-08-20T18:18:54+00:00\",\"author\":{\"@id\":\"https:\\\/\\\/www.humanium.org\\\/fr\\\/#\\\/schema\\\/person\\\/d798d6c7d59ba2307e0877f61a20ce3e\"},\"breadcrumb\":{\"@id\":\"https:\\\/\\\/www.humanium.org\\\/fr\\\/le-conflit-oublie-au-yemen\\\/#breadcrumb\"},\"inLanguage\":\"fr-FR\",\"potentialAction\":[{\"@type\":\"ReadAction\",\"target\":[\"https:\\\/\\\/www.humanium.org\\\/fr\\\/le-conflit-oublie-au-yemen\\\/\"]}]},{\"@type\":\"ImageObject\",\"inLanguage\":\"fr-FR\",\"@id\":\"https:\\\/\\\/www.humanium.org\\\/fr\\\/le-conflit-oublie-au-yemen\\\/#primaryimage\",\"url\":\"https:\\\/\\\/www.humanium.org\\\/en\\\/wp-content\\\/uploads\\\/2016\\\/06\\\/airstrike-IRIN-300x200.jpg\",\"contentUrl\":\"https:\\\/\\\/www.humanium.org\\\/en\\\/wp-content\\\/uploads\\\/2016\\\/06\\\/airstrike-IRIN-300x200.jpg\"},{\"@type\":\"BreadcrumbList\",\"@id\":\"https:\\\/\\\/www.humanium.org\\\/fr\\\/le-conflit-oublie-au-yemen\\\/#breadcrumb\",\"itemListElement\":[{\"@type\":\"ListItem\",\"position\":1,\"name\":\"Home\",\"item\":\"https:\\\/\\\/www.humanium.org\\\/fr\\\/\"},{\"@type\":\"ListItem\",\"position\":2,\"name\":\"Y\u00e9men : le conflit oubli\u00e9 et ses enfants d\u00e9laiss\u00e9s\"}]},{\"@type\":\"WebSite\",\"@id\":\"https:\\\/\\\/www.humanium.org\\\/fr\\\/#website\",\"url\":\"https:\\\/\\\/www.humanium.org\\\/fr\\\/\",\"name\":\"Humanium\",\"description\":\"Les enfants d\u2019abord !\",\"potentialAction\":[{\"@type\":\"SearchAction\",\"target\":{\"@type\":\"EntryPoint\",\"urlTemplate\":\"https:\\\/\\\/www.humanium.org\\\/fr\\\/?s={search_term_string}\"},\"query-input\":{\"@type\":\"PropertyValueSpecification\",\"valueRequired\":true,\"valueName\":\"search_term_string\"}}],\"inLanguage\":\"fr-FR\"},{\"@type\":\"Person\",\"@id\":\"https:\\\/\\\/www.humanium.org\\\/fr\\\/#\\\/schema\\\/person\\\/d798d6c7d59ba2307e0877f61a20ce3e\",\"name\":\"Humanium\",\"image\":{\"@type\":\"ImageObject\",\"inLanguage\":\"fr-FR\",\"@id\":\"https:\\\/\\\/secure.gravatar.com\\\/avatar\\\/22715e338d2fcc547e3a431c4738360d33fea2a4af458f865b2c3b22f1eaa51f?s=96&d=mm&r=g\",\"url\":\"https:\\\/\\\/secure.gravatar.com\\\/avatar\\\/22715e338d2fcc547e3a431c4738360d33fea2a4af458f865b2c3b22f1eaa51f?s=96&d=mm&r=g\",\"contentUrl\":\"https:\\\/\\\/secure.gravatar.com\\\/avatar\\\/22715e338d2fcc547e3a431c4738360d33fea2a4af458f865b2c3b22f1eaa51f?s=96&d=mm&r=g\",\"caption\":\"Humanium\"},\"url\":\"https:\\\/\\\/www.humanium.org\\\/fr\\\/author\\\/humanium\\\/\"}]}<\/script>\n<!-- \/ Yoast SEO plugin. -->","yoast_head_json":{"title":"Y\u00e9men : le conflit oubli\u00e9 et ses enfants d\u00e9laiss\u00e9s - Humanium","robots":{"index":"index","follow":"follow","max-snippet":"max-snippet:-1","max-image-preview":"max-image-preview:large","max-video-preview":"max-video-preview:-1"},"canonical":"https:\/\/www.humanium.org\/fr\/le-conflit-oublie-au-yemen\/","og_locale":"fr_FR","og_type":"article","og_title":"Y\u00e9men : le conflit oubli\u00e9 et ses enfants d\u00e9laiss\u00e9s - Humanium","og_description":"Depuis 2014, le Y\u00e9men est en proie \u00e0 une crise humanitaire sans pr\u00e9c\u00e9dent due aux attaques aveugles et aux bombardements commis par les forces gouvernementales, les rebelles houthistes et la coalition saoudienne, ce qui affecte quotidiennement et de mani\u00e8re disproportionn\u00e9e le pays et ses civils. Avec plus de 5564 personnes tu\u00e9es depuis le d\u00e9clenchement de [&hellip;]","og_url":"https:\/\/www.humanium.org\/fr\/le-conflit-oublie-au-yemen\/","og_site_name":"Humanium","article_published_time":"2016-08-08T08:00:32+00:00","article_modified_time":"2026-08-20T18:18:54+00:00","og_image":[{"url":"https:\/\/www.humanium.org\/en\/wp-content\/uploads\/2016\/06\/airstrike-IRIN-300x200.jpg","type":"","width":"","height":""}],"author":"Humanium","twitter_card":"summary_large_image","twitter_misc":{"\u00c9crit par":"Humanium","Dur\u00e9e de lecture estim\u00e9e":"11 minutes"},"schema":{"@context":"https:\/\/schema.org","@graph":[{"@type":"Article","@id":"https:\/\/www.humanium.org\/fr\/le-conflit-oublie-au-yemen\/#article","isPartOf":{"@id":"https:\/\/www.humanium.org\/fr\/le-conflit-oublie-au-yemen\/"},"author":{"name":"Humanium","@id":"https:\/\/www.humanium.org\/fr\/#\/schema\/person\/d798d6c7d59ba2307e0877f61a20ce3e"},"headline":"Y\u00e9men : le conflit oubli\u00e9 et ses enfants d\u00e9laiss\u00e9s","datePublished":"2016-08-08T08:00:32+00:00","dateModified":"2026-08-20T18:18:54+00:00","mainEntityOfPage":{"@id":"https:\/\/www.humanium.org\/fr\/le-conflit-oublie-au-yemen\/"},"wordCount":2112,"image":{"@id":"https:\/\/www.humanium.org\/fr\/le-conflit-oublie-au-yemen\/#primaryimage"},"thumbnailUrl":"https:\/\/www.humanium.org\/en\/wp-content\/uploads\/2016\/06\/airstrike-IRIN-300x200.jpg","articleSection":["Paix"],"inLanguage":"fr-FR"},{"@type":"WebPage","@id":"https:\/\/www.humanium.org\/fr\/le-conflit-oublie-au-yemen\/","url":"https:\/\/www.humanium.org\/fr\/le-conflit-oublie-au-yemen\/","name":"Y\u00e9men : le conflit oubli\u00e9 et ses enfants d\u00e9laiss\u00e9s - Humanium","isPartOf":{"@id":"https:\/\/www.humanium.org\/fr\/#website"},"primaryImageOfPage":{"@id":"https:\/\/www.humanium.org\/fr\/le-conflit-oublie-au-yemen\/#primaryimage"},"image":{"@id":"https:\/\/www.humanium.org\/fr\/le-conflit-oublie-au-yemen\/#primaryimage"},"thumbnailUrl":"https:\/\/www.humanium.org\/en\/wp-content\/uploads\/2016\/06\/airstrike-IRIN-300x200.jpg","datePublished":"2016-08-08T08:00:32+00:00","dateModified":"2026-08-20T18:18:54+00:00","author":{"@id":"https:\/\/www.humanium.org\/fr\/#\/schema\/person\/d798d6c7d59ba2307e0877f61a20ce3e"},"breadcrumb":{"@id":"https:\/\/www.humanium.org\/fr\/le-conflit-oublie-au-yemen\/#breadcrumb"},"inLanguage":"fr-FR","potentialAction":[{"@type":"ReadAction","target":["https:\/\/www.humanium.org\/fr\/le-conflit-oublie-au-yemen\/"]}]},{"@type":"ImageObject","inLanguage":"fr-FR","@id":"https:\/\/www.humanium.org\/fr\/le-conflit-oublie-au-yemen\/#primaryimage","url":"https:\/\/www.humanium.org\/en\/wp-content\/uploads\/2016\/06\/airstrike-IRIN-300x200.jpg","contentUrl":"https:\/\/www.humanium.org\/en\/wp-content\/uploads\/2016\/06\/airstrike-IRIN-300x200.jpg"},{"@type":"BreadcrumbList","@id":"https:\/\/www.humanium.org\/fr\/le-conflit-oublie-au-yemen\/#breadcrumb","itemListElement":[{"@type":"ListItem","position":1,"name":"Home","item":"https:\/\/www.humanium.org\/fr\/"},{"@type":"ListItem","position":2,"name":"Y\u00e9men : le conflit oubli\u00e9 et ses enfants d\u00e9laiss\u00e9s"}]},{"@type":"WebSite","@id":"https:\/\/www.humanium.org\/fr\/#website","url":"https:\/\/www.humanium.org\/fr\/","name":"Humanium","description":"Les enfants d\u2019abord !","potentialAction":[{"@type":"SearchAction","target":{"@type":"EntryPoint","urlTemplate":"https:\/\/www.humanium.org\/fr\/?s={search_term_string}"},"query-input":{"@type":"PropertyValueSpecification","valueRequired":true,"valueName":"search_term_string"}}],"inLanguage":"fr-FR"},{"@type":"Person","@id":"https:\/\/www.humanium.org\/fr\/#\/schema\/person\/d798d6c7d59ba2307e0877f61a20ce3e","name":"Humanium","image":{"@type":"ImageObject","inLanguage":"fr-FR","@id":"https:\/\/secure.gravatar.com\/avatar\/22715e338d2fcc547e3a431c4738360d33fea2a4af458f865b2c3b22f1eaa51f?s=96&d=mm&r=g","url":"https:\/\/secure.gravatar.com\/avatar\/22715e338d2fcc547e3a431c4738360d33fea2a4af458f865b2c3b22f1eaa51f?s=96&d=mm&r=g","contentUrl":"https:\/\/secure.gravatar.com\/avatar\/22715e338d2fcc547e3a431c4738360d33fea2a4af458f865b2c3b22f1eaa51f?s=96&d=mm&r=g","caption":"Humanium"},"url":"https:\/\/www.humanium.org\/fr\/author\/humanium\/"}]}},"_links":{"self":[{"href":"https:\/\/www.humanium.org\/fr\/wp-json\/wp\/v2\/posts\/37648","targetHints":{"allow":["GET"]}}],"collection":[{"href":"https:\/\/www.humanium.org\/fr\/wp-json\/wp\/v2\/posts"}],"about":[{"href":"https:\/\/www.humanium.org\/fr\/wp-json\/wp\/v2\/types\/post"}],"author":[{"embeddable":true,"href":"https:\/\/www.humanium.org\/fr\/wp-json\/wp\/v2\/users\/69"}],"replies":[{"embeddable":true,"href":"https:\/\/www.humanium.org\/fr\/wp-json\/wp\/v2\/comments?post=37648"}],"version-history":[{"count":1,"href":"https:\/\/www.humanium.org\/fr\/wp-json\/wp\/v2\/posts\/37648\/revisions"}],"predecessor-version":[{"id":59628,"href":"https:\/\/www.humanium.org\/fr\/wp-json\/wp\/v2\/posts\/37648\/revisions\/59628"}],"wp:attachment":[{"href":"https:\/\/www.humanium.org\/fr\/wp-json\/wp\/v2\/media?parent=37648"}],"wp:term":[{"taxonomy":"category","embeddable":true,"href":"https:\/\/www.humanium.org\/fr\/wp-json\/wp\/v2\/categories?post=37648"},{"taxonomy":"post_tag","embeddable":true,"href":"https:\/\/www.humanium.org\/fr\/wp-json\/wp\/v2\/tags?post=37648"}],"curies":[{"name":"wp","href":"https:\/\/api.w.org\/{rel}","templated":true}]}}