{"id":37696,"date":"2016-10-03T08:00:27","date_gmt":"2016-10-03T08:00:27","guid":{"rendered":"http:\/\/www.humanium.org\/fr\/?p=37696"},"modified":"2026-08-20T18:18:53","modified_gmt":"2026-08-20T18:18:53","slug":"les-enfants-roms-en-france","status":"publish","type":"post","link":"https:\/\/www.humanium.org\/fr\/les-enfants-roms-en-france\/","title":{"rendered":"Les enfants Roms en France"},"content":{"rendered":"<h1 style=\"text-align: center;\"><b>Les enfants Roms en France : des enfants pauvres dans un pays riche<\/b><\/h1>\n<p><span style=\"font-weight: 400;\">Arrivant d\u2019Europe de l\u2019Est, notamment de <a href=\"https:\/\/www.humanium.org\/fr\/europe-caucase\/roumanie\/\">Roumanie<\/a> et de <a href=\"https:\/\/www.humanium.org\/fr\/europe-caucase\/bulgarie\/\">Bulgarie<\/a>, ils sont environ 15000 en<a href=\"https:\/\/www.humanium.org\/fr\/europe-caucase\/france\/\"> France<\/a> \u00e0 vivre principalement dans des bidonvilles situ\u00e9s pr\u00e8s des villes. En marge de la soci\u00e9t\u00e9, les Roms, et surtout les enfants, rencontrent de grandes difficult\u00e9s \u00e0 s\u2019int\u00e9grer et \u00e0 acc\u00e9der au syst\u00e8me \u00e9ducatif. <\/span><\/p>\n<p><b>La situation des enfants Roms : des conditions sanitaires d\u00e9plorables<\/b><\/p>\n<p><span style=\"font-weight: 400;\"><a href=\"https:\/\/www.humanium.org\/fr\/wp-content\/uploads\/2016\/09\/image00.jpg\"><img loading=\"lazy\" decoding=\"async\" class=\"wp-image-37698 size-medium alignright\" src=\"https:\/\/www.humanium.org\/fr\/wp-content\/uploads\/2016\/09\/image00-300x200.jpg\" width=\"300\" height=\"200\" srcset=\"https:\/\/www.humanium.org\/fr\/wp-content\/uploads\/2016\/09\/image00-300x200.jpg 300w, https:\/\/www.humanium.org\/fr\/wp-content\/uploads\/2016\/09\/image00-768x512.jpg 768w, https:\/\/www.humanium.org\/fr\/wp-content\/uploads\/2016\/09\/image00-830x554.jpg 830w, https:\/\/www.humanium.org\/fr\/wp-content\/uploads\/2016\/09\/image00-230x153.jpg 230w, https:\/\/www.humanium.org\/fr\/wp-content\/uploads\/2016\/09\/image00-350x233.jpg 350w, https:\/\/www.humanium.org\/fr\/wp-content\/uploads\/2016\/09\/image00-480x320.jpg 480w, https:\/\/www.humanium.org\/fr\/wp-content\/uploads\/2016\/09\/image00-272x182.jpg 272w, https:\/\/www.humanium.org\/fr\/wp-content\/uploads\/2016\/09\/image00.jpg 1000w\" sizes=\"auto, (max-width: 300px) 100vw, 300px\" \/><\/a>Les Roms ne jouissent gu\u00e8re d\u2019une bonne r\u00e9putation en\u00a0France.<\/span><span style=\"font-weight: 400;\"> Accus\u00e9s <\/span><span style=\"font-weight: 400;\">de nombreux\u00a0maux sociaux, tels que les vols ou la mendicit\u00e9, la communaut\u00e9 Rom n\u2019en reste pas moins plut\u00f4t amicale et accueillante dans laquelle les enfants respirent la joie de vivre.<\/span><\/p>\n<p>Cependant, derri\u00e8re le sourire de ces enfants se cache une <a href=\"https:\/\/www.humanium.org\/fr\/pauvrete\/\">mis\u00e8re<\/a> incontestable. Ils vivent dans des conditions extr\u00eamement pr\u00e9caires et parfois de mani\u00e8re clandestine. Leurs caravanes situ\u00e9es dans des champs leur servent de logement quotidien. Pr\u00e8s de ces \u00ab\u00a0maisons\u00a0\u00bb, les fils \u00e9lectriques baignent dans la boue, voire m\u00eame dans de v\u00e9ritables mares d\u2019eau.<\/p>\n<p><b>Un droit \u00e0 l\u2019\u00e9ducation souvent bafou\u00e9<\/b><\/p>\n<p><span style=\"font-weight: 400;\">Souvent pieds-nus et habill\u00e9s de v\u00eatements de r\u00e9cup\u00e9ration, les enfants ont parfois du mal \u00e0 s\u2019int\u00e9grer \u00e0 la soci\u00e9t\u00e9 fran\u00e7aise. L\u2019acc\u00e8s \u00e0 l\u2019\u00e9ducation pour les plus jeunes est parfois un vrai calvaire et ce du fait des difficult\u00e9s financi\u00e8res et administratives auxquelles sont confront\u00e9s les parents qui, en plus de ne pas savoir s\u2019exprimer en langue fran\u00e7aise, font eux-m\u00eames l\u2019objet de propos et mesures discriminatoires. Ainsi, chaque ann\u00e9e des familles se voient refuser le droit de scolariser leurs enfants sous divers pr\u00e9textes comme l\u2019impossibilit\u00e9 de produire un justificatif de domicile. Or, le droit \u00e0 l\u2019\u00e9ducation est un droit fondamental, rappel\u00e9 par la <a href=\"https:\/\/www.humanium.org\/fr\/convention\/\">Convention internationale des Droits de l\u2019Enfant<\/a> en son article 28 qui dispose que : <\/span><\/p>\n<p><span style=\"font-weight: 400;\">\u00ab\u00a0<\/span><i><span style=\"font-weight: 400;\">1. Les Etats parties reconnaissent le droit de l&rsquo;enfant \u00e0 l&rsquo;\u00e9ducation, et en particulier, en vue d&rsquo;assurer l&rsquo;exercice de ce droit progressivement et sur la base de l&rsquo;\u00e9galit\u00e9 des chances :<\/span><\/i><\/p>\n<p><i><span style=\"font-weight: 400;\">\u00a0 \u00a0 \u00a0 \u00a0 a) Ils rendent l&rsquo;enseignement primaire obligatoire et gratuit pour tous;<\/span><\/i><\/p>\n<p style=\"text-align: left;\"><i><span style=\"font-weight: 400;\">\u00a0 \u00a0 \u00a0 \u00a0 \u00a0b) Ils encouragent l&rsquo;organisation de diff\u00e9rentes formes d&rsquo;enseignement secondaire, tant g\u00e9n\u00e9ral que professionnel, les rendent ouvertes et accessibles \u00e0 tout enfant, et prennent des mesures appropri\u00e9es, telles que l&rsquo;instauration de la gratuit\u00e9 de l&rsquo;enseignement et l&rsquo;offre d&rsquo;une aide financi\u00e8re en cas de besoin ; (\u2026) \u00bb<\/span><\/i><\/p>\n<p><span style=\"font-weight: 400;\">De plus, l\u2019article 131-1 du Code de l\u2019\u00e9ducation fran\u00e7ais dispose que :<\/span><\/p>\n<p><i><span style=\"font-weight: 400;\">\u00ab\u00a0L&rsquo;instruction est obligatoire pour les enfants des deux sexes, fran\u00e7ais et \u00e9trangers, entre six ans et seize ans. (\u2026)\u00a0\u00bb<\/span><\/i><\/p>\n<p><span style=\"font-weight: 400;\">Heureusement, gr\u00e2ce \u00e0 l\u2019engagement et l\u2019aide de comit\u00e9s et d\u2019associations, le taux de scolarisation des enfants de la communaut\u00e9 Rom en France est en nette progression. A Saint-Ouen, en r\u00e9gion parisienne, quelques 45 enfants apprennent leurs le\u00e7ons dans des \u00ab\u00a0\u00e9coles-camions\u00a0\u00bb dans lesquels des enseignantes y font cours deux fois par semaine. <\/span><\/p>\n<p><b>L\u2019engagement actif de la soci\u00e9t\u00e9 civile<\/b><\/p>\n<p><span style=\"font-weight: 400;\"><a href=\"https:\/\/www.humanium.org\/fr\/wp-content\/uploads\/2016\/09\/image01-1-1.jpg\"><img loading=\"lazy\" decoding=\"async\" class=\"size-medium wp-image-37752 alignright\" src=\"https:\/\/www.humanium.org\/fr\/wp-content\/uploads\/2016\/09\/image01-1-1-300x200.jpg\" alt=\"\" width=\"300\" height=\"200\" \/><\/a>Un certain nombre d&rsquo;acteurs : associations, groupement d&rsquo;individus, \u00e9tudiants,<\/span><span style=\"font-weight: 400;\">\u00a0r\u00e9alise un travail remarquable pour la communaut\u00e9 Rom en assistant chaque individu dans les d\u00e9marches administratives, juridiques ou juridictionnelles, ainsi qu\u2019en lui offrant des formations ou encore du soutien scolaire pour les plus jeunes. Les associations aident \u00e9galement les familles \u00e0 trouver un logement \u00a0d\u00e9cent et ce afin d\u2019offrir une plus importante stabilit\u00e9 sociale aux enfants. En effet, les campements de Rom sont souvent ill\u00e9gaux, et un certain nombre de pr\u00e9fectures choisissent d\u2019ordonner l\u2019\u00e9vacuation de ces camps malgr\u00e9 la circulaire interminist\u00e9rielle du 26 ao\u00fbt 2012 relative \u00e0 l\u2019anticipation et \u00e0 l\u2019accompagnement des op\u00e9rations d\u2019\u00e9vacuation des campements illicites. Cette circulaire encourage les autorit\u00e9s comp\u00e9tentes \u00e0 prendre un certain nombre de mesures afin de favoriser la stabilisation sociale de la communaut\u00e9 Rom.<\/span><\/p>\n<p><span style=\"font-weight: 400;\">M\u00eame si depuis le 1er janvier 2014, les roumains et bulgares \u2014 nationalit\u00e9s majoritaires dans les communaut\u00e9s Roms \u2014 ont le droit de \u00ab\u00a0s\u00e9journer et de travailler dans les m\u00eames conditions que les autres ressortissants communautaires\u00a0\u00bb<\/span><span style=\"font-weight: 400;\">, ils demeurent n\u00e9anmoins victimes de discriminations \u00e0 l\u2019embauche. Pour autant, les r\u00e9centes \u00e9volutions nous laissent esp\u00e9rer un avenir meilleur pour les enfants Rom dans les prochaines ann\u00e9es.<\/span><\/p>\n<p><a><\/a><\/p>\n<p>&nbsp;<\/p>\n<p><i><span style=\"font-weight: 400;\">Saint-Ouen-l\u2019Aum\u00f4ne : le tribunal saisi pour la scolarisation d&rsquo;un enfant Rom<\/span><\/i><span style=\"font-weight: 400;\">, <\/span><span style=\"font-weight: 400;\">leparisien.fr<\/span><span style=\"font-weight: 400;\">, date de publication : 21 octobre 2015, date de mise \u00e0 jour : 20 ao\u00fbt 2016, acc\u00e8s libre.<\/span><\/p>\n<p><span style=\"font-weight: 400;\">FLORIANE LOUISON<\/span><span style=\"font-weight: 400;\">, S<\/span><i><span style=\"font-weight: 400;\">aint-Ouen : les enfants roms apprennent l\u2019\u00e9cole dans un camion<\/span><\/i><span style=\"font-weight: 400;\">, <\/span><span style=\"font-weight: 400;\">leparisien.fr<\/span><span style=\"font-weight: 400;\">, date de publication : 25 mai 2016, Date de mise \u00e0 jour : 20 ao\u00fbt 2016, acc\u00e8s libre. <\/span><\/p>\n<p><i><span style=\"font-weight: 400;\">Campements illicites : un cadre d\u2019action pour les services d\u2019Etat<\/span><\/i><span style=\"font-weight: 400;\">, <\/span><a href=\"http:\/\/www.vie-publique.fr\/\"><span style=\"font-weight: 400;\">http:\/\/www.vie-publique.fr\/<\/span><\/a><span style=\"font-weight: 400;\">, Date de publication : 7 septembre 2012, date de mise \u00e0 jour : 20 ao\u00fbt 2016, acc\u00e8s libre.<\/span><\/p>\n<p><i><span style=\"font-weight: 400;\">L\u2019acc\u00e8s au travail salari\u00e9<\/span><\/i><span style=\"font-weight: 400;\">, <\/span><span style=\"font-weight: 400;\">http:\/\/www.droitsdesroms.org\/<\/span><span style=\"font-weight: 400;\">, date de consultation : 20 ao\u00fbt 2016, acc\u00e8s libre.<\/span><\/p>\n<p><span style=\"font-weight: 400;\">DIDIER DUBASQUE, <\/span><i><span style=\"font-weight: 400;\">les \u00ab\u00a0roms\u00a0\u00bb pourront-ils vraiment travailler l\u00e9galement en France? (sans tracasseries administratives)<\/span><\/i><span style=\"font-weight: 400;\">, Mediapart, date de publication : 6 janvier 2014, date de mise \u00e0 jour : 19 ao\u00fbt 2016, acc\u00e8s libre.<\/span><\/p>\n<table style=\"height: 61px;\" width=\"639\">\n<tbody style=\"background: #f9f9f9;\">\n<tr>\n<td>\n<div style=\"float: left; width: 50%;\">\u00c9crit par\u00a0: Myriam Allory<\/div>\n<div style=\"float: right; width: 50%;\">Relu par :\u00a0Diane BE et Emilie P.<\/div>\n<\/td>\n<\/tr>\n<\/tbody>\n<\/table>\n<p>&nbsp;<\/p>\n<p>&nbsp;<\/p>\n","protected":false},"excerpt":{"rendered":"<p>Les enfants Roms en France : des enfants pauvres dans un pays riche Arrivant d\u2019Europe de l\u2019Est, notamment de Roumanie et de Bulgarie, ils sont environ 15000 en France \u00e0 vivre principalement dans des bidonvilles situ\u00e9s pr\u00e8s des villes. En marge de la soci\u00e9t\u00e9, les Roms, et surtout les enfants, rencontrent de grandes difficult\u00e9s \u00e0 [&hellip;]<\/p>\n","protected":false},"author":69,"featured_media":0,"comment_status":"closed","ping_status":"closed","sticky":false,"template":"","format":"standard","meta":{"footnotes":""},"categories":[8],"tags":[],"class_list":["post-37696","post","type-post","status-publish","format-standard","hentry","category-non-classe"],"yoast_head":"<!-- This site is optimized with the Yoast SEO plugin v28.3 - https:\/\/yoast.com\/product\/yoast-seo-wordpress\/ -->\n<title>Les enfants Roms en France - Humanium<\/title>\n<meta name=\"robots\" content=\"index, follow, max-snippet:-1, max-image-preview:large, max-video-preview:-1\" \/>\n<link rel=\"canonical\" href=\"https:\/\/www.humanium.org\/fr\/les-enfants-roms-en-france\/\" \/>\n<meta property=\"og:locale\" content=\"fr_FR\" \/>\n<meta property=\"og:type\" content=\"article\" \/>\n<meta property=\"og:title\" content=\"Les enfants Roms en France - Humanium\" \/>\n<meta property=\"og:description\" content=\"Les enfants Roms en France : des enfants pauvres dans un pays riche Arrivant d\u2019Europe de l\u2019Est, notamment de Roumanie et de Bulgarie, ils sont environ 15000 en France \u00e0 vivre principalement dans des bidonvilles situ\u00e9s pr\u00e8s des villes. En marge de la soci\u00e9t\u00e9, les Roms, et surtout les enfants, rencontrent de grandes difficult\u00e9s \u00e0 [&hellip;]\" \/>\n<meta property=\"og:url\" content=\"https:\/\/www.humanium.org\/fr\/les-enfants-roms-en-france\/\" \/>\n<meta property=\"og:site_name\" content=\"Humanium\" \/>\n<meta property=\"article:published_time\" content=\"2016-10-03T08:00:27+00:00\" \/>\n<meta property=\"article:modified_time\" content=\"2026-08-20T18:18:53+00:00\" \/>\n<meta property=\"og:image\" content=\"https:\/\/www.humanium.org\/fr\/wp-content\/uploads\/2016\/09\/image00.jpg\" \/>\n\t<meta property=\"og:image:width\" content=\"1000\" \/>\n\t<meta property=\"og:image:height\" content=\"667\" \/>\n\t<meta property=\"og:image:type\" content=\"image\/jpeg\" \/>\n<meta name=\"author\" content=\"Humanium\" \/>\n<meta name=\"twitter:card\" content=\"summary_large_image\" \/>\n<meta name=\"twitter:label1\" content=\"\u00c9crit par\" \/>\n\t<meta name=\"twitter:data1\" content=\"Humanium\" \/>\n\t<meta name=\"twitter:label2\" content=\"Dur\u00e9e de lecture estim\u00e9e\" \/>\n\t<meta name=\"twitter:data2\" content=\"4 minutes\" \/>\n<script type=\"application\/ld+json\" class=\"yoast-schema-graph\">{\"@context\":\"https:\\\/\\\/schema.org\",\"@graph\":[{\"@type\":\"Article\",\"@id\":\"https:\\\/\\\/www.humanium.org\\\/fr\\\/les-enfants-roms-en-france\\\/#article\",\"isPartOf\":{\"@id\":\"https:\\\/\\\/www.humanium.org\\\/fr\\\/les-enfants-roms-en-france\\\/\"},\"author\":{\"name\":\"Humanium\",\"@id\":\"https:\\\/\\\/www.humanium.org\\\/fr\\\/#\\\/schema\\\/person\\\/d798d6c7d59ba2307e0877f61a20ce3e\"},\"headline\":\"Les enfants Roms en France\",\"datePublished\":\"2016-10-03T08:00:27+00:00\",\"dateModified\":\"2026-08-20T18:18:53+00:00\",\"mainEntityOfPage\":{\"@id\":\"https:\\\/\\\/www.humanium.org\\\/fr\\\/les-enfants-roms-en-france\\\/\"},\"wordCount\":867,\"image\":{\"@id\":\"https:\\\/\\\/www.humanium.org\\\/fr\\\/les-enfants-roms-en-france\\\/#primaryimage\"},\"thumbnailUrl\":\"https:\\\/\\\/www.humanium.org\\\/fr\\\/wp-content\\\/uploads\\\/2016\\\/09\\\/image00-300x200.jpg\",\"inLanguage\":\"fr-FR\"},{\"@type\":\"WebPage\",\"@id\":\"https:\\\/\\\/www.humanium.org\\\/fr\\\/les-enfants-roms-en-france\\\/\",\"url\":\"https:\\\/\\\/www.humanium.org\\\/fr\\\/les-enfants-roms-en-france\\\/\",\"name\":\"Les enfants Roms en France - Humanium\",\"isPartOf\":{\"@id\":\"https:\\\/\\\/www.humanium.org\\\/fr\\\/#website\"},\"primaryImageOfPage\":{\"@id\":\"https:\\\/\\\/www.humanium.org\\\/fr\\\/les-enfants-roms-en-france\\\/#primaryimage\"},\"image\":{\"@id\":\"https:\\\/\\\/www.humanium.org\\\/fr\\\/les-enfants-roms-en-france\\\/#primaryimage\"},\"thumbnailUrl\":\"https:\\\/\\\/www.humanium.org\\\/fr\\\/wp-content\\\/uploads\\\/2016\\\/09\\\/image00-300x200.jpg\",\"datePublished\":\"2016-10-03T08:00:27+00:00\",\"dateModified\":\"2026-08-20T18:18:53+00:00\",\"author\":{\"@id\":\"https:\\\/\\\/www.humanium.org\\\/fr\\\/#\\\/schema\\\/person\\\/d798d6c7d59ba2307e0877f61a20ce3e\"},\"breadcrumb\":{\"@id\":\"https:\\\/\\\/www.humanium.org\\\/fr\\\/les-enfants-roms-en-france\\\/#breadcrumb\"},\"inLanguage\":\"fr-FR\",\"potentialAction\":[{\"@type\":\"ReadAction\",\"target\":[\"https:\\\/\\\/www.humanium.org\\\/fr\\\/les-enfants-roms-en-france\\\/\"]}]},{\"@type\":\"ImageObject\",\"inLanguage\":\"fr-FR\",\"@id\":\"https:\\\/\\\/www.humanium.org\\\/fr\\\/les-enfants-roms-en-france\\\/#primaryimage\",\"url\":\"https:\\\/\\\/www.humanium.org\\\/fr\\\/wp-content\\\/uploads\\\/2016\\\/09\\\/image00.jpg\",\"contentUrl\":\"https:\\\/\\\/www.humanium.org\\\/fr\\\/wp-content\\\/uploads\\\/2016\\\/09\\\/image00.jpg\",\"width\":1000,\"height\":667},{\"@type\":\"BreadcrumbList\",\"@id\":\"https:\\\/\\\/www.humanium.org\\\/fr\\\/les-enfants-roms-en-france\\\/#breadcrumb\",\"itemListElement\":[{\"@type\":\"ListItem\",\"position\":1,\"name\":\"Home\",\"item\":\"https:\\\/\\\/www.humanium.org\\\/fr\\\/\"},{\"@type\":\"ListItem\",\"position\":2,\"name\":\"Les enfants Roms en France\"}]},{\"@type\":\"WebSite\",\"@id\":\"https:\\\/\\\/www.humanium.org\\\/fr\\\/#website\",\"url\":\"https:\\\/\\\/www.humanium.org\\\/fr\\\/\",\"name\":\"Humanium\",\"description\":\"Les enfants d\u2019abord !\",\"potentialAction\":[{\"@type\":\"SearchAction\",\"target\":{\"@type\":\"EntryPoint\",\"urlTemplate\":\"https:\\\/\\\/www.humanium.org\\\/fr\\\/?s={search_term_string}\"},\"query-input\":{\"@type\":\"PropertyValueSpecification\",\"valueRequired\":true,\"valueName\":\"search_term_string\"}}],\"inLanguage\":\"fr-FR\"},{\"@type\":\"Person\",\"@id\":\"https:\\\/\\\/www.humanium.org\\\/fr\\\/#\\\/schema\\\/person\\\/d798d6c7d59ba2307e0877f61a20ce3e\",\"name\":\"Humanium\",\"image\":{\"@type\":\"ImageObject\",\"inLanguage\":\"fr-FR\",\"@id\":\"https:\\\/\\\/secure.gravatar.com\\\/avatar\\\/22715e338d2fcc547e3a431c4738360d33fea2a4af458f865b2c3b22f1eaa51f?s=96&d=mm&r=g\",\"url\":\"https:\\\/\\\/secure.gravatar.com\\\/avatar\\\/22715e338d2fcc547e3a431c4738360d33fea2a4af458f865b2c3b22f1eaa51f?s=96&d=mm&r=g\",\"contentUrl\":\"https:\\\/\\\/secure.gravatar.com\\\/avatar\\\/22715e338d2fcc547e3a431c4738360d33fea2a4af458f865b2c3b22f1eaa51f?s=96&d=mm&r=g\",\"caption\":\"Humanium\"},\"url\":\"https:\\\/\\\/www.humanium.org\\\/fr\\\/author\\\/humanium\\\/\"}]}<\/script>\n<!-- \/ Yoast SEO plugin. -->","yoast_head_json":{"title":"Les enfants Roms en France - Humanium","robots":{"index":"index","follow":"follow","max-snippet":"max-snippet:-1","max-image-preview":"max-image-preview:large","max-video-preview":"max-video-preview:-1"},"canonical":"https:\/\/www.humanium.org\/fr\/les-enfants-roms-en-france\/","og_locale":"fr_FR","og_type":"article","og_title":"Les enfants Roms en France - Humanium","og_description":"Les enfants Roms en France : des enfants pauvres dans un pays riche Arrivant d\u2019Europe de l\u2019Est, notamment de Roumanie et de Bulgarie, ils sont environ 15000 en France \u00e0 vivre principalement dans des bidonvilles situ\u00e9s pr\u00e8s des villes. En marge de la soci\u00e9t\u00e9, les Roms, et surtout les enfants, rencontrent de grandes difficult\u00e9s \u00e0 [&hellip;]","og_url":"https:\/\/www.humanium.org\/fr\/les-enfants-roms-en-france\/","og_site_name":"Humanium","article_published_time":"2016-10-03T08:00:27+00:00","article_modified_time":"2026-08-20T18:18:53+00:00","og_image":[{"width":1000,"height":667,"url":"https:\/\/www.humanium.org\/fr\/wp-content\/uploads\/2016\/09\/image00.jpg","type":"image\/jpeg"}],"author":"Humanium","twitter_card":"summary_large_image","twitter_misc":{"\u00c9crit par":"Humanium","Dur\u00e9e de lecture estim\u00e9e":"4 minutes"},"schema":{"@context":"https:\/\/schema.org","@graph":[{"@type":"Article","@id":"https:\/\/www.humanium.org\/fr\/les-enfants-roms-en-france\/#article","isPartOf":{"@id":"https:\/\/www.humanium.org\/fr\/les-enfants-roms-en-france\/"},"author":{"name":"Humanium","@id":"https:\/\/www.humanium.org\/fr\/#\/schema\/person\/d798d6c7d59ba2307e0877f61a20ce3e"},"headline":"Les enfants Roms en France","datePublished":"2016-10-03T08:00:27+00:00","dateModified":"2026-08-20T18:18:53+00:00","mainEntityOfPage":{"@id":"https:\/\/www.humanium.org\/fr\/les-enfants-roms-en-france\/"},"wordCount":867,"image":{"@id":"https:\/\/www.humanium.org\/fr\/les-enfants-roms-en-france\/#primaryimage"},"thumbnailUrl":"https:\/\/www.humanium.org\/fr\/wp-content\/uploads\/2016\/09\/image00-300x200.jpg","inLanguage":"fr-FR"},{"@type":"WebPage","@id":"https:\/\/www.humanium.org\/fr\/les-enfants-roms-en-france\/","url":"https:\/\/www.humanium.org\/fr\/les-enfants-roms-en-france\/","name":"Les enfants Roms en France - Humanium","isPartOf":{"@id":"https:\/\/www.humanium.org\/fr\/#website"},"primaryImageOfPage":{"@id":"https:\/\/www.humanium.org\/fr\/les-enfants-roms-en-france\/#primaryimage"},"image":{"@id":"https:\/\/www.humanium.org\/fr\/les-enfants-roms-en-france\/#primaryimage"},"thumbnailUrl":"https:\/\/www.humanium.org\/fr\/wp-content\/uploads\/2016\/09\/image00-300x200.jpg","datePublished":"2016-10-03T08:00:27+00:00","dateModified":"2026-08-20T18:18:53+00:00","author":{"@id":"https:\/\/www.humanium.org\/fr\/#\/schema\/person\/d798d6c7d59ba2307e0877f61a20ce3e"},"breadcrumb":{"@id":"https:\/\/www.humanium.org\/fr\/les-enfants-roms-en-france\/#breadcrumb"},"inLanguage":"fr-FR","potentialAction":[{"@type":"ReadAction","target":["https:\/\/www.humanium.org\/fr\/les-enfants-roms-en-france\/"]}]},{"@type":"ImageObject","inLanguage":"fr-FR","@id":"https:\/\/www.humanium.org\/fr\/les-enfants-roms-en-france\/#primaryimage","url":"https:\/\/www.humanium.org\/fr\/wp-content\/uploads\/2016\/09\/image00.jpg","contentUrl":"https:\/\/www.humanium.org\/fr\/wp-content\/uploads\/2016\/09\/image00.jpg","width":1000,"height":667},{"@type":"BreadcrumbList","@id":"https:\/\/www.humanium.org\/fr\/les-enfants-roms-en-france\/#breadcrumb","itemListElement":[{"@type":"ListItem","position":1,"name":"Home","item":"https:\/\/www.humanium.org\/fr\/"},{"@type":"ListItem","position":2,"name":"Les enfants Roms en France"}]},{"@type":"WebSite","@id":"https:\/\/www.humanium.org\/fr\/#website","url":"https:\/\/www.humanium.org\/fr\/","name":"Humanium","description":"Les enfants d\u2019abord !","potentialAction":[{"@type":"SearchAction","target":{"@type":"EntryPoint","urlTemplate":"https:\/\/www.humanium.org\/fr\/?s={search_term_string}"},"query-input":{"@type":"PropertyValueSpecification","valueRequired":true,"valueName":"search_term_string"}}],"inLanguage":"fr-FR"},{"@type":"Person","@id":"https:\/\/www.humanium.org\/fr\/#\/schema\/person\/d798d6c7d59ba2307e0877f61a20ce3e","name":"Humanium","image":{"@type":"ImageObject","inLanguage":"fr-FR","@id":"https:\/\/secure.gravatar.com\/avatar\/22715e338d2fcc547e3a431c4738360d33fea2a4af458f865b2c3b22f1eaa51f?s=96&d=mm&r=g","url":"https:\/\/secure.gravatar.com\/avatar\/22715e338d2fcc547e3a431c4738360d33fea2a4af458f865b2c3b22f1eaa51f?s=96&d=mm&r=g","contentUrl":"https:\/\/secure.gravatar.com\/avatar\/22715e338d2fcc547e3a431c4738360d33fea2a4af458f865b2c3b22f1eaa51f?s=96&d=mm&r=g","caption":"Humanium"},"url":"https:\/\/www.humanium.org\/fr\/author\/humanium\/"}]}},"_links":{"self":[{"href":"https:\/\/www.humanium.org\/fr\/wp-json\/wp\/v2\/posts\/37696","targetHints":{"allow":["GET"]}}],"collection":[{"href":"https:\/\/www.humanium.org\/fr\/wp-json\/wp\/v2\/posts"}],"about":[{"href":"https:\/\/www.humanium.org\/fr\/wp-json\/wp\/v2\/types\/post"}],"author":[{"embeddable":true,"href":"https:\/\/www.humanium.org\/fr\/wp-json\/wp\/v2\/users\/69"}],"replies":[{"embeddable":true,"href":"https:\/\/www.humanium.org\/fr\/wp-json\/wp\/v2\/comments?post=37696"}],"version-history":[{"count":5,"href":"https:\/\/www.humanium.org\/fr\/wp-json\/wp\/v2\/posts\/37696\/revisions"}],"predecessor-version":[{"id":62170,"href":"https:\/\/www.humanium.org\/fr\/wp-json\/wp\/v2\/posts\/37696\/revisions\/62170"}],"wp:attachment":[{"href":"https:\/\/www.humanium.org\/fr\/wp-json\/wp\/v2\/media?parent=37696"}],"wp:term":[{"taxonomy":"category","embeddable":true,"href":"https:\/\/www.humanium.org\/fr\/wp-json\/wp\/v2\/categories?post=37696"},{"taxonomy":"post_tag","embeddable":true,"href":"https:\/\/www.humanium.org\/fr\/wp-json\/wp\/v2\/tags?post=37696"}],"curies":[{"name":"wp","href":"https:\/\/api.w.org\/{rel}","templated":true}]}}