{"id":39713,"date":"2017-02-27T08:00:12","date_gmt":"2017-02-27T08:00:12","guid":{"rendered":"https:\/\/www.humanium.gives\/fr\/?p=39713"},"modified":"2026-08-20T18:18:40","modified_gmt":"2026-08-20T18:18:40","slug":"le-suicide-des-enfants-cause-principale-de-deces-chez-les-jeunes-au-japon","status":"publish","type":"post","link":"https:\/\/www.humanium.org\/fr\/le-suicide-des-enfants-cause-principale-de-deces-chez-les-jeunes-au-japon\/","title":{"rendered":"Le suicide des enfants : cause principale de d\u00e9c\u00e8s chez les jeunes au Japon"},"content":{"rendered":"<p><span style=\"font-weight: 400;\">Le taux de suicide au Japon est l\u2019un des plus \u00e9lev\u00e9s au monde. Selon un rapport de l\u2019Organisation Mondiale de la sant\u00e9, ce taux serait soixante pour cent plus \u00e9lev\u00e9 que la moyenne mondiale (Lu, 2015). En moyenne, soixante-dix personnes par jour intentent \u00e0 leur vie et les enfants sont, d\u2019une mani\u00e8re inqui\u00e9tante, tout autant touch\u00e9s par ce probl\u00e8me que les adultes (ibid.). Depuis 2014, le suicide est devenu la cause principale de d\u00e9c\u00e8s chez les jeunes de 10 \u00e0 19 ans (Oi, 2015) et le taux de <a href=\"https:\/\/www.humanium.org\/fr\/suicide-enfants\/\">suicide des enfants<\/a> continue d\u2019augmenter<a href=\"https:\/\/www.humanium.org\/en\/wp-content\/uploads\/2017\/02\/shutterstock_185497313.jpg\"><img loading=\"lazy\" decoding=\"async\" class=\"size-medium wp-image-20166 alignleft\" src=\"https:\/\/www.humanium.org\/en\/wp-content\/uploads\/2017\/02\/shutterstock_185497313-300x201.jpg\" alt=\"\" width=\"300\" height=\"201\" \/><\/a> malgr\u00e9 la baisse du taux de suicide g\u00e9n\u00e9ral (Whitman, 2015) !<\/span><\/p>\n<p><span style=\"font-weight: 400;\">Les raisons principales du suicide chez les enfants se trouvent principalement dans le domaine scolaire o\u00f9 le travail demand\u00e9 est intensif et les intimidations, harc\u00e8lements nombreux. Ces probl\u00e8mes entrainent en effet des d\u00e9pressions chez les jeunes. Selon Kenzo Denda, professeur \u00e0 l\u2019Universit\u00e9 d\u2019Hokkaido, au Japon, un enfant sur douze au primaire et un sur quatre au secondaire souffre de d\u00e9pression, ce qui pousse un grand nombre d\u2019entre eux \u00e0 mettre fin \u00e0 leurs jours (Lu, 2015). Un pic de suicide apparait en septembre lorsque les enfants retournent \u00e0 l\u2019\u00e9cole apr\u00e8s les vacances d\u2019\u00e9t\u00e9 ; Les enfants japonais sont plus susceptibles de se suicider le 1er septembre que n\u2019importe quel autre jour de l\u2019ann\u00e9e. Le pic des suicides se r\u00e9p\u00e8te lorsque la nouvelle ann\u00e9e scolaire reprend en avril et que les enfants retournent \u00e0 l\u2019\u00e9cole (Oi, 2015). Les probl\u00e8mes scolaires et la tendance au suicide font partie de la culture japonaise.<\/span><\/p>\n<p><b>Comment les enfants sont-ils affect\u00e9s ? La culture du groupe et les pressions sociales, pour \u00eatre toujours plus performants.<\/b><\/p>\n<p><span style=\"font-weight: 400;\">Au <a href=\"https:\/\/www.humanium.org\/fr\/asie-pacifique\/japon\/\">Japon<\/a>, la culture du groupe est importante. Chaque individu se doit d\u2019appartenir \u00e0 un groupe, de suivre les r\u00e8gles et d\u2019avoir la m\u00eame opinion que les autres membres de ce groupe. Cela signifie que toute personne diff\u00e9rente ou ne se conformant pas aux r\u00e8gles sera exclue et deviendra la cible de harc\u00e8lements. Cela explique la passivit\u00e9 de certaines personnes qui pr\u00e9f\u00e8rent regarder plut\u00f4t qu\u2019agir ; ne pas \u00eatre la victime des intimidations ne signifie pas que vous ne pouvez pas le devenir. Cette attitude se retrouve \u00e9galement chez certains enseignants qui, en toute connaissance de cause, pr\u00e9f\u00e8re fermer les yeux ou m\u00eame, parfois, participer \u00e0 ces intimidations en vue de ne pas avoir de probl\u00e8mes.<br \/>\n<\/span><\/p>\n<p><a href=\"https:\/\/www.humanium.org\/en\/wp-content\/uploads\/2017\/02\/shutterstock_178888616.jpg\"><img loading=\"lazy\" decoding=\"async\" class=\"alignright size-medium wp-image-20177\" src=\"https:\/\/www.humanium.org\/en\/wp-content\/uploads\/2017\/02\/shutterstock_178888616-300x200.jpg\" alt=\"\" width=\"300\" height=\"200\" \/><\/a><span style=\"font-weight: 400;\">La culture du groupe est \u00e9galement li\u00e9e aux pressions scolaires puisqu\u2019on attend des \u00e9tudiants qu\u2019ils r\u00e9ussissent et obtiennent les meilleurs r\u00e9sultats. Ceux ayant des difficult\u00e9s ne b\u00e9n\u00e9ficient d\u2019aucune aide et doivent r\u00e9ussir \u00e0 rentrer dans le moule avec le reste de la classe. Cet aspect de la culture japonaise explique en partie les probl\u00e8mes rencontr\u00e9s \u00e0 l\u2019\u00e9cole et auxquels doivent faire face les enfants ; probl\u00e8mes qui peuvent entrainer les jeunes \u00e0 mettre fin \u00e0 leurs jours (Oi, 2015).<\/span><\/p>\n<p><b>La perception du suicide au <a href=\"https:\/\/www.humanium.org\/fr\/asie-pacifique\/japon\/\">Japon<\/a><\/b><\/p>\n<p><span style=\"font-weight: 400;\">Contrairement aux Occidentaux, les Japonais tendent plus \u00e0 opter pour le suicide lorsqu\u2019ils se trouvent face \u00e0 une situation difficile. Au Japon, le suicide n\u2019a pas le m\u00eame sens et n\u2019est pas vu de la m\u00eame fa\u00e7on qu\u2019en Occident. A l\u2019inverse des pays de tradition chr\u00e9tienne, au Japon, le suicide n\u2019est pas per\u00e7u comme \u00e9tant un p\u00e9ch\u00e9. Il s\u2019agit plut\u00f4t d\u2019une fa\u00e7on de prendre ses responsabilit\u00e9s, et de demander le pardon. Le suicide est profond\u00e9ment ancr\u00e9 dans l\u2019histoire du pays ; on se souvient des <em>Samoura\u00efs<\/em> qui avaient recourt au <em>Harakiri<\/em> (1) pour retrouver l\u2019honneur, ou encore des pilotes Kamikazes pendant la Seconde Guerre mondiale (Wingfield-Hayes, 2015).<\/span><\/p>\n<p><b>Des solutions peu satisfaisantes<\/b><\/p>\n<p><span style=\"font-weight: 400;\">Depuis 2012, le gouvernement japonais a d\u00e9cid\u00e9 de prendre au s\u00e9rieux le probl\u00e8me du suicide en mettant en place des mesures visant \u00e0 r\u00e9duire de 20% le taux de suicide d\u2019ici 2025 (Lu, 2015). Il semblerait que ces mesures portent leurs fruits puisque le taux de suicide g\u00e9n\u00e9ral est en baisse. N\u00e9anmoins, il s\u2019agit de mesures se centrant principalement sur les adultes et ne sont pas appropri\u00e9s pour les enfants. En fait, alors que le Japon tente de trouver un moyen efficace pour r\u00e9duire le taux de suicide chez les jeunes, celui-ci ne cesse d\u2019augmenter. Le Japon peut essayer de r\u00e9duire le taux de suicide \u00e0 l\u2019aide de mesures politiques mais il s\u2019agit d\u2019une pratique historique et ancestrale, li\u00e9e \u00e0 l\u2019\u00e9volution de la soci\u00e9t\u00e9 au sein<a href=\"https:\/\/www.humanium.org\/en\/wp-content\/uploads\/2017\/02\/shutterstock_404470723.jpg\"><img loading=\"lazy\" decoding=\"async\" class=\"alignleft size-medium wp-image-20178\" src=\"https:\/\/www.humanium.org\/en\/wp-content\/uploads\/2017\/02\/shutterstock_404470723-300x200.jpg\" alt=\"\" width=\"300\" height=\"200\" \/><\/a> du syst\u00e8me scolaire. De ce fait, \u00e0 moins de r\u00e9ussir \u00e0 changer la mentalit\u00e9 de chacun, le probl\u00e8me subsistera.<\/span><\/p>\n<p><span style=\"font-weight: 400;\">Les enfants pensent qu\u2019il n\u2019existe que deux possibilit\u00e9s : aller \u00e0 l\u2019\u00e9cole ou se suicider. Parce qu\u2019ils ne supportent pas l\u2019id\u00e9e de retourner \u00e0 l\u2019\u00e9cole, certains enfants choisissent la seconde option. Les associations caritatives veulent leur faire comprendre qu\u2019il existe d\u2019autres alternatives et leur conseillent de rester faire l\u2019\u00e9cole \u00e0 la maison (Lu, 2015). Les enfants ayant \u00e9t\u00e9 autoris\u00e9s par leurs parents \u00e0 rester chez eux ont \u00e9t\u00e9 capables d\u2019\u00e9chapper \u00e0 cette situation. Nanae a eu l\u2019aide de sa m\u00e8re lorsqu\u2019elle a arr\u00eat\u00e9 d\u2019aller \u00e0 l\u2019\u00e9cole pendant un an. Elle est d\u00e9sormais retourn\u00e9e en cours et fait partie d\u2019un groupe en tant que chanteuse. Nanae a r\u00e9ussi \u00e0 surmonter cette \u00e9preuve en parlant de ses probl\u00e8mes sur internet. Elle tente d\u00e9sormais de venir en aide \u00e0 d\u2019autres enfants victimes d\u2019intimidations et d\u2019harc\u00e8lement scolaire en racontant ce qu\u2019elle a travers\u00e9 sur un blog (Wright, 2015). Il s\u2019agit, actuellement, de la seule solution offerte aux enfants dans ce genre de situation : arr\u00eater l\u2019\u00e9cole et essayer de se reconstruire. Cependant, il ne s\u2019agit ici que d\u2019une solution temporaire ; les enfants ont le droit d\u2019aller \u00e0 l\u2019\u00e9cole et devrait \u00eatre en mesure de pouvoir jouir de ce droit sans craintes ou peur d\u2019\u00eatre ridiculis\u00e9s. Le gouvernement essaie de mettre en \u0153uvre des strat\u00e9gies visant \u00e0 augmenter les discussions concernant les probl\u00e8mes de sant\u00e9 mentale li\u00e9s \u00e0 cette situation dans le pays. On ne peut qu\u2019esp\u00e9rer que cela aidera les personnes concern\u00e9es par ces probl\u00e8mes, y compris les enfants.<\/span><\/p>\n<p><span style=\"font-weight: 400;\">(1) Rituel par lequel les Samoura\u00efs qui ne voulaient pas \u00eatre captur\u00e9s par l\u2019ennemi ou qui avaient \u00e9t\u00e9 d\u00e9shonor\u00e9s du fait de leur action s\u2019\u00e9ventraient afin de recevoir une mort honorifique.<\/span><\/p>\n<table style=\"height: 61px;\" width=\"639\">\n<tbody style=\"background: #f9f9f9;\">\n<tr>\n<td>\n<div style=\"float: left; width: 50%;\">Ecrit par : Lucy Autin<\/div>\n<div style=\"float: left; width: 50%;\">Traduit par : Emilie Puza<\/div>\n<div style=\"float: left; width: 50%;\">Relu par : Wessalle Momtaz<\/div>\n<\/td>\n<\/tr>\n<\/tbody>\n<\/table>\n<p><a><\/a><\/p>\n<p>&nbsp;<\/p>\n<p>&nbsp;<\/p>\n<p><span style=\"font-weight: 400;\">Kuchikomi. (21\/11\/2009). <em>Children&rsquo;s depression and suicide a worsening problem<\/em>. [article de jounal en ligne] Consult\u00e9 sur Japan Today: <a href=\"https:\/\/www.japantoday.com\/category\/kuchikomi\/view\/childrens-depression-and-suicide-a-worsening-problem\">https:\/\/www.japantoday.com\/category\/kuchikomi\/view\/childrens-depression-and-suicide-a-worsening-problem<\/a><\/span><\/p>\n<p><span style=\"font-weight: 400;\">Lu, S. (22\/10\/2015). <\/span><i><span style=\"font-weight: 400;\">The mystery behind Japan\u2019s high suicide rates among kids.<\/span><\/i><span style=\"font-weight: 400;\"> [article de jounal en ligne]. Consult\u00e9 sur Wilson Quaterly: <a href=\"http:\/\/wilsonquarterly.com\/stories\/the-mystery-behind-japans-high-suicide-rates-among-kids\/\">http:\/\/wilsonquarterly.com\/stories\/the-mystery-behind-japans-high-suicide-rates-among-kids\/<\/a><\/span><\/p>\n<p><span style=\"font-weight: 400;\">Oi, M. (31\/08\/2015). <\/span><i><span style=\"font-weight: 400;\">Tackling the deadliest day for Japanese teenagers.<\/span><\/i><span style=\"font-weight: 400;\">[article de jounal en ligne] Consult\u00e9 sur BBC: <a href=\"http:\/\/www.bbc.com\/news\/world-asia-34105044\">http:\/\/www.bbc.com\/news\/world-asia-34105044<\/a><\/span><\/p>\n<p><span style=\"font-weight: 400;\">Whitman, E. (19\/08\/2015). <\/span><i><span style=\"font-weight: 400;\">Japan School Children Suicides: After Vacation, Many Young Students Kill Themselves, Study Finds<\/span><\/i><span style=\"font-weight: 400;\">. [article de jounal en ligne] Consult\u00e9 sur IBTimes: <a href=\"http:\/\/www.ibtimes.com\/japan-school-children-suicides-after-vacation-many-young-students-kill-themselves-2059931\">http:\/\/www.ibtimes.com\/japan-school-children-suicides-after-vacation-many-young-students-kill-themselves-2059931 <\/a><\/span><\/p>\n<p><span style=\"font-weight: 400;\">Wingfield-Hayes, R. (3\/07\/2015). <\/span><i><span style=\"font-weight: 400;\">Why does Japan have such a high suicide rate?<\/span><\/i><span style=\"font-weight: 400;\"> [article de jounal en ligne] Consult\u00e9 sur BBC: <a href=\"http:\/\/www.bbc.com\/news\/world-33362387\">http:\/\/www.bbc.com\/news\/world-33362387<\/a><\/span><\/p>\n<p><span style=\"font-weight: 400;\">Wright, R. (1\/09\/2015). <\/span><i><span style=\"font-weight: 400;\">Japan&rsquo;s worst day for teen suicides<\/span><\/i><span style=\"font-weight: 400;\"> [article de jounal en ligne] Consult\u00e9 sur CNN: <a href=\"http:\/\/edition.cnn.com\/2015\/09\/01\/asia\/japan-teen-suicides\/\">http:\/\/edition.cnn.com\/2015\/09\/01\/asia\/japan-teen-suicides\/ <\/a><\/span><\/p>\n","protected":false},"excerpt":{"rendered":"<p>Le taux de suicide au Japon est l\u2019un des plus \u00e9lev\u00e9s au monde. Selon un rapport de l\u2019Organisation Mondiale de la sant\u00e9, ce taux serait soixante pour cent plus \u00e9lev\u00e9 que la moyenne mondiale (Lu, 2015). En moyenne, soixante-dix personnes par jour intentent \u00e0 leur vie et les enfants sont, d\u2019une mani\u00e8re inqui\u00e9tante, tout autant [&hellip;]<\/p>\n","protected":false},"author":69,"featured_media":0,"comment_status":"closed","ping_status":"closed","sticky":false,"template":"","format":"standard","meta":{"footnotes":""},"categories":[1],"tags":[],"class_list":["post-39713","post","type-post","status-publish","format-standard","hentry","category-uncategorized"],"yoast_head":"<!-- This site is optimized with the Yoast SEO plugin v28.3 - https:\/\/yoast.com\/product\/yoast-seo-wordpress\/ -->\n<title>Le suicide des enfants : cause principale de d\u00e9c\u00e8s chez les jeunes au Japon - Humanium<\/title>\n<meta name=\"robots\" content=\"index, follow, max-snippet:-1, max-image-preview:large, max-video-preview:-1\" \/>\n<link rel=\"canonical\" href=\"https:\/\/www.humanium.org\/fr\/le-suicide-des-enfants-cause-principale-de-deces-chez-les-jeunes-au-japon\/\" \/>\n<meta property=\"og:locale\" content=\"fr_FR\" \/>\n<meta property=\"og:type\" content=\"article\" \/>\n<meta property=\"og:title\" content=\"Le suicide des enfants : cause principale de d\u00e9c\u00e8s chez les jeunes au Japon - Humanium\" \/>\n<meta property=\"og:description\" content=\"Le taux de suicide au Japon est l\u2019un des plus \u00e9lev\u00e9s au monde. Selon un rapport de l\u2019Organisation Mondiale de la sant\u00e9, ce taux serait soixante pour cent plus \u00e9lev\u00e9 que la moyenne mondiale (Lu, 2015). En moyenne, soixante-dix personnes par jour intentent \u00e0 leur vie et les enfants sont, d\u2019une mani\u00e8re inqui\u00e9tante, tout autant [&hellip;]\" \/>\n<meta property=\"og:url\" content=\"https:\/\/www.humanium.org\/fr\/le-suicide-des-enfants-cause-principale-de-deces-chez-les-jeunes-au-japon\/\" \/>\n<meta property=\"og:site_name\" content=\"Humanium\" \/>\n<meta property=\"article:published_time\" content=\"2017-02-27T08:00:12+00:00\" \/>\n<meta property=\"article:modified_time\" content=\"2026-08-20T18:18:40+00:00\" \/>\n<meta name=\"author\" content=\"Humanium\" \/>\n<meta name=\"twitter:card\" content=\"summary_large_image\" \/>\n<meta name=\"twitter:label1\" content=\"\u00c9crit par\" \/>\n\t<meta name=\"twitter:data1\" content=\"Humanium\" \/>\n\t<meta name=\"twitter:label2\" content=\"Dur\u00e9e de lecture estim\u00e9e\" \/>\n\t<meta name=\"twitter:data2\" content=\"6 minutes\" \/>\n<script type=\"application\/ld+json\" class=\"yoast-schema-graph\">{\"@context\":\"https:\\\/\\\/schema.org\",\"@graph\":[{\"@type\":\"Article\",\"@id\":\"https:\\\/\\\/www.humanium.org\\\/fr\\\/le-suicide-des-enfants-cause-principale-de-deces-chez-les-jeunes-au-japon\\\/#article\",\"isPartOf\":{\"@id\":\"https:\\\/\\\/www.humanium.org\\\/fr\\\/le-suicide-des-enfants-cause-principale-de-deces-chez-les-jeunes-au-japon\\\/\"},\"author\":{\"name\":\"Humanium\",\"@id\":\"https:\\\/\\\/www.humanium.org\\\/fr\\\/#\\\/schema\\\/person\\\/d798d6c7d59ba2307e0877f61a20ce3e\"},\"headline\":\"Le suicide des enfants : cause principale de d\u00e9c\u00e8s chez les jeunes au Japon\",\"datePublished\":\"2017-02-27T08:00:12+00:00\",\"dateModified\":\"2026-08-20T18:18:40+00:00\",\"mainEntityOfPage\":{\"@id\":\"https:\\\/\\\/www.humanium.org\\\/fr\\\/le-suicide-des-enfants-cause-principale-de-deces-chez-les-jeunes-au-japon\\\/\"},\"wordCount\":1283,\"image\":{\"@id\":\"https:\\\/\\\/www.humanium.org\\\/fr\\\/le-suicide-des-enfants-cause-principale-de-deces-chez-les-jeunes-au-japon\\\/#primaryimage\"},\"thumbnailUrl\":\"https:\\\/\\\/www.humanium.org\\\/en\\\/wp-content\\\/uploads\\\/2017\\\/02\\\/shutterstock_185497313-300x201.jpg\",\"articleSection\":[\"Uncategorized\"],\"inLanguage\":\"fr-FR\"},{\"@type\":\"WebPage\",\"@id\":\"https:\\\/\\\/www.humanium.org\\\/fr\\\/le-suicide-des-enfants-cause-principale-de-deces-chez-les-jeunes-au-japon\\\/\",\"url\":\"https:\\\/\\\/www.humanium.org\\\/fr\\\/le-suicide-des-enfants-cause-principale-de-deces-chez-les-jeunes-au-japon\\\/\",\"name\":\"Le suicide des enfants : cause principale de d\u00e9c\u00e8s chez les jeunes au Japon - Humanium\",\"isPartOf\":{\"@id\":\"https:\\\/\\\/www.humanium.org\\\/fr\\\/#website\"},\"primaryImageOfPage\":{\"@id\":\"https:\\\/\\\/www.humanium.org\\\/fr\\\/le-suicide-des-enfants-cause-principale-de-deces-chez-les-jeunes-au-japon\\\/#primaryimage\"},\"image\":{\"@id\":\"https:\\\/\\\/www.humanium.org\\\/fr\\\/le-suicide-des-enfants-cause-principale-de-deces-chez-les-jeunes-au-japon\\\/#primaryimage\"},\"thumbnailUrl\":\"https:\\\/\\\/www.humanium.org\\\/en\\\/wp-content\\\/uploads\\\/2017\\\/02\\\/shutterstock_185497313-300x201.jpg\",\"datePublished\":\"2017-02-27T08:00:12+00:00\",\"dateModified\":\"2026-08-20T18:18:40+00:00\",\"author\":{\"@id\":\"https:\\\/\\\/www.humanium.org\\\/fr\\\/#\\\/schema\\\/person\\\/d798d6c7d59ba2307e0877f61a20ce3e\"},\"breadcrumb\":{\"@id\":\"https:\\\/\\\/www.humanium.org\\\/fr\\\/le-suicide-des-enfants-cause-principale-de-deces-chez-les-jeunes-au-japon\\\/#breadcrumb\"},\"inLanguage\":\"fr-FR\",\"potentialAction\":[{\"@type\":\"ReadAction\",\"target\":[\"https:\\\/\\\/www.humanium.org\\\/fr\\\/le-suicide-des-enfants-cause-principale-de-deces-chez-les-jeunes-au-japon\\\/\"]}]},{\"@type\":\"ImageObject\",\"inLanguage\":\"fr-FR\",\"@id\":\"https:\\\/\\\/www.humanium.org\\\/fr\\\/le-suicide-des-enfants-cause-principale-de-deces-chez-les-jeunes-au-japon\\\/#primaryimage\",\"url\":\"https:\\\/\\\/www.humanium.org\\\/en\\\/wp-content\\\/uploads\\\/2017\\\/02\\\/shutterstock_185497313-300x201.jpg\",\"contentUrl\":\"https:\\\/\\\/www.humanium.org\\\/en\\\/wp-content\\\/uploads\\\/2017\\\/02\\\/shutterstock_185497313-300x201.jpg\"},{\"@type\":\"BreadcrumbList\",\"@id\":\"https:\\\/\\\/www.humanium.org\\\/fr\\\/le-suicide-des-enfants-cause-principale-de-deces-chez-les-jeunes-au-japon\\\/#breadcrumb\",\"itemListElement\":[{\"@type\":\"ListItem\",\"position\":1,\"name\":\"Home\",\"item\":\"https:\\\/\\\/www.humanium.org\\\/fr\\\/\"},{\"@type\":\"ListItem\",\"position\":2,\"name\":\"Le suicide des enfants : cause principale de d\u00e9c\u00e8s chez les jeunes au Japon\"}]},{\"@type\":\"WebSite\",\"@id\":\"https:\\\/\\\/www.humanium.org\\\/fr\\\/#website\",\"url\":\"https:\\\/\\\/www.humanium.org\\\/fr\\\/\",\"name\":\"Humanium\",\"description\":\"Les enfants d\u2019abord !\",\"potentialAction\":[{\"@type\":\"SearchAction\",\"target\":{\"@type\":\"EntryPoint\",\"urlTemplate\":\"https:\\\/\\\/www.humanium.org\\\/fr\\\/?s={search_term_string}\"},\"query-input\":{\"@type\":\"PropertyValueSpecification\",\"valueRequired\":true,\"valueName\":\"search_term_string\"}}],\"inLanguage\":\"fr-FR\"},{\"@type\":\"Person\",\"@id\":\"https:\\\/\\\/www.humanium.org\\\/fr\\\/#\\\/schema\\\/person\\\/d798d6c7d59ba2307e0877f61a20ce3e\",\"name\":\"Humanium\",\"image\":{\"@type\":\"ImageObject\",\"inLanguage\":\"fr-FR\",\"@id\":\"https:\\\/\\\/secure.gravatar.com\\\/avatar\\\/22715e338d2fcc547e3a431c4738360d33fea2a4af458f865b2c3b22f1eaa51f?s=96&d=mm&r=g\",\"url\":\"https:\\\/\\\/secure.gravatar.com\\\/avatar\\\/22715e338d2fcc547e3a431c4738360d33fea2a4af458f865b2c3b22f1eaa51f?s=96&d=mm&r=g\",\"contentUrl\":\"https:\\\/\\\/secure.gravatar.com\\\/avatar\\\/22715e338d2fcc547e3a431c4738360d33fea2a4af458f865b2c3b22f1eaa51f?s=96&d=mm&r=g\",\"caption\":\"Humanium\"},\"url\":\"https:\\\/\\\/www.humanium.org\\\/fr\\\/author\\\/humanium\\\/\"}]}<\/script>\n<!-- \/ Yoast SEO plugin. -->","yoast_head_json":{"title":"Le suicide des enfants : cause principale de d\u00e9c\u00e8s chez les jeunes au Japon - Humanium","robots":{"index":"index","follow":"follow","max-snippet":"max-snippet:-1","max-image-preview":"max-image-preview:large","max-video-preview":"max-video-preview:-1"},"canonical":"https:\/\/www.humanium.org\/fr\/le-suicide-des-enfants-cause-principale-de-deces-chez-les-jeunes-au-japon\/","og_locale":"fr_FR","og_type":"article","og_title":"Le suicide des enfants : cause principale de d\u00e9c\u00e8s chez les jeunes au Japon - Humanium","og_description":"Le taux de suicide au Japon est l\u2019un des plus \u00e9lev\u00e9s au monde. Selon un rapport de l\u2019Organisation Mondiale de la sant\u00e9, ce taux serait soixante pour cent plus \u00e9lev\u00e9 que la moyenne mondiale (Lu, 2015). En moyenne, soixante-dix personnes par jour intentent \u00e0 leur vie et les enfants sont, d\u2019une mani\u00e8re inqui\u00e9tante, tout autant [&hellip;]","og_url":"https:\/\/www.humanium.org\/fr\/le-suicide-des-enfants-cause-principale-de-deces-chez-les-jeunes-au-japon\/","og_site_name":"Humanium","article_published_time":"2017-02-27T08:00:12+00:00","article_modified_time":"2026-08-20T18:18:40+00:00","author":"Humanium","twitter_card":"summary_large_image","twitter_misc":{"\u00c9crit par":"Humanium","Dur\u00e9e de lecture estim\u00e9e":"6 minutes"},"schema":{"@context":"https:\/\/schema.org","@graph":[{"@type":"Article","@id":"https:\/\/www.humanium.org\/fr\/le-suicide-des-enfants-cause-principale-de-deces-chez-les-jeunes-au-japon\/#article","isPartOf":{"@id":"https:\/\/www.humanium.org\/fr\/le-suicide-des-enfants-cause-principale-de-deces-chez-les-jeunes-au-japon\/"},"author":{"name":"Humanium","@id":"https:\/\/www.humanium.org\/fr\/#\/schema\/person\/d798d6c7d59ba2307e0877f61a20ce3e"},"headline":"Le suicide des enfants : cause principale de d\u00e9c\u00e8s chez les jeunes au Japon","datePublished":"2017-02-27T08:00:12+00:00","dateModified":"2026-08-20T18:18:40+00:00","mainEntityOfPage":{"@id":"https:\/\/www.humanium.org\/fr\/le-suicide-des-enfants-cause-principale-de-deces-chez-les-jeunes-au-japon\/"},"wordCount":1283,"image":{"@id":"https:\/\/www.humanium.org\/fr\/le-suicide-des-enfants-cause-principale-de-deces-chez-les-jeunes-au-japon\/#primaryimage"},"thumbnailUrl":"https:\/\/www.humanium.org\/en\/wp-content\/uploads\/2017\/02\/shutterstock_185497313-300x201.jpg","articleSection":["Uncategorized"],"inLanguage":"fr-FR"},{"@type":"WebPage","@id":"https:\/\/www.humanium.org\/fr\/le-suicide-des-enfants-cause-principale-de-deces-chez-les-jeunes-au-japon\/","url":"https:\/\/www.humanium.org\/fr\/le-suicide-des-enfants-cause-principale-de-deces-chez-les-jeunes-au-japon\/","name":"Le suicide des enfants : cause principale de d\u00e9c\u00e8s chez les jeunes au Japon - Humanium","isPartOf":{"@id":"https:\/\/www.humanium.org\/fr\/#website"},"primaryImageOfPage":{"@id":"https:\/\/www.humanium.org\/fr\/le-suicide-des-enfants-cause-principale-de-deces-chez-les-jeunes-au-japon\/#primaryimage"},"image":{"@id":"https:\/\/www.humanium.org\/fr\/le-suicide-des-enfants-cause-principale-de-deces-chez-les-jeunes-au-japon\/#primaryimage"},"thumbnailUrl":"https:\/\/www.humanium.org\/en\/wp-content\/uploads\/2017\/02\/shutterstock_185497313-300x201.jpg","datePublished":"2017-02-27T08:00:12+00:00","dateModified":"2026-08-20T18:18:40+00:00","author":{"@id":"https:\/\/www.humanium.org\/fr\/#\/schema\/person\/d798d6c7d59ba2307e0877f61a20ce3e"},"breadcrumb":{"@id":"https:\/\/www.humanium.org\/fr\/le-suicide-des-enfants-cause-principale-de-deces-chez-les-jeunes-au-japon\/#breadcrumb"},"inLanguage":"fr-FR","potentialAction":[{"@type":"ReadAction","target":["https:\/\/www.humanium.org\/fr\/le-suicide-des-enfants-cause-principale-de-deces-chez-les-jeunes-au-japon\/"]}]},{"@type":"ImageObject","inLanguage":"fr-FR","@id":"https:\/\/www.humanium.org\/fr\/le-suicide-des-enfants-cause-principale-de-deces-chez-les-jeunes-au-japon\/#primaryimage","url":"https:\/\/www.humanium.org\/en\/wp-content\/uploads\/2017\/02\/shutterstock_185497313-300x201.jpg","contentUrl":"https:\/\/www.humanium.org\/en\/wp-content\/uploads\/2017\/02\/shutterstock_185497313-300x201.jpg"},{"@type":"BreadcrumbList","@id":"https:\/\/www.humanium.org\/fr\/le-suicide-des-enfants-cause-principale-de-deces-chez-les-jeunes-au-japon\/#breadcrumb","itemListElement":[{"@type":"ListItem","position":1,"name":"Home","item":"https:\/\/www.humanium.org\/fr\/"},{"@type":"ListItem","position":2,"name":"Le suicide des enfants : cause principale de d\u00e9c\u00e8s chez les jeunes au Japon"}]},{"@type":"WebSite","@id":"https:\/\/www.humanium.org\/fr\/#website","url":"https:\/\/www.humanium.org\/fr\/","name":"Humanium","description":"Les enfants d\u2019abord !","potentialAction":[{"@type":"SearchAction","target":{"@type":"EntryPoint","urlTemplate":"https:\/\/www.humanium.org\/fr\/?s={search_term_string}"},"query-input":{"@type":"PropertyValueSpecification","valueRequired":true,"valueName":"search_term_string"}}],"inLanguage":"fr-FR"},{"@type":"Person","@id":"https:\/\/www.humanium.org\/fr\/#\/schema\/person\/d798d6c7d59ba2307e0877f61a20ce3e","name":"Humanium","image":{"@type":"ImageObject","inLanguage":"fr-FR","@id":"https:\/\/secure.gravatar.com\/avatar\/22715e338d2fcc547e3a431c4738360d33fea2a4af458f865b2c3b22f1eaa51f?s=96&d=mm&r=g","url":"https:\/\/secure.gravatar.com\/avatar\/22715e338d2fcc547e3a431c4738360d33fea2a4af458f865b2c3b22f1eaa51f?s=96&d=mm&r=g","contentUrl":"https:\/\/secure.gravatar.com\/avatar\/22715e338d2fcc547e3a431c4738360d33fea2a4af458f865b2c3b22f1eaa51f?s=96&d=mm&r=g","caption":"Humanium"},"url":"https:\/\/www.humanium.org\/fr\/author\/humanium\/"}]}},"_links":{"self":[{"href":"https:\/\/www.humanium.org\/fr\/wp-json\/wp\/v2\/posts\/39713","targetHints":{"allow":["GET"]}}],"collection":[{"href":"https:\/\/www.humanium.org\/fr\/wp-json\/wp\/v2\/posts"}],"about":[{"href":"https:\/\/www.humanium.org\/fr\/wp-json\/wp\/v2\/types\/post"}],"author":[{"embeddable":true,"href":"https:\/\/www.humanium.org\/fr\/wp-json\/wp\/v2\/users\/69"}],"replies":[{"embeddable":true,"href":"https:\/\/www.humanium.org\/fr\/wp-json\/wp\/v2\/comments?post=39713"}],"version-history":[{"count":5,"href":"https:\/\/www.humanium.org\/fr\/wp-json\/wp\/v2\/posts\/39713\/revisions"}],"predecessor-version":[{"id":59643,"href":"https:\/\/www.humanium.org\/fr\/wp-json\/wp\/v2\/posts\/39713\/revisions\/59643"}],"wp:attachment":[{"href":"https:\/\/www.humanium.org\/fr\/wp-json\/wp\/v2\/media?parent=39713"}],"wp:term":[{"taxonomy":"category","embeddable":true,"href":"https:\/\/www.humanium.org\/fr\/wp-json\/wp\/v2\/categories?post=39713"},{"taxonomy":"post_tag","embeddable":true,"href":"https:\/\/www.humanium.org\/fr\/wp-json\/wp\/v2\/tags?post=39713"}],"curies":[{"name":"wp","href":"https:\/\/api.w.org\/{rel}","templated":true}]}}