{"id":40089,"date":"2017-03-15T08:00:55","date_gmt":"2017-03-15T08:00:55","guid":{"rendered":"https:\/\/www.humanium.gives\/fr\/?p=40089"},"modified":"2026-08-20T18:18:40","modified_gmt":"2026-08-20T18:18:40","slug":"des-enfants-victimes-des-attaques-chimiques-a-alep","status":"publish","type":"post","link":"https:\/\/www.humanium.org\/fr\/des-enfants-victimes-des-attaques-chimiques-a-alep\/","title":{"rendered":"Des enfants victimes des attaques chimiques \u00e0 ALEP."},"content":{"rendered":"<p><strong>Le non-respect de droits de l\u2019Homme et du droit international humanitaire s\u2019aggrave en Syrie: apr\u00e8s bient\u00f4t six ans de guerre, les enfants sont \u00e0 bout de forces. Ils dorment dans des ruines, ils ont froid et souffrent de la faim, ils ont \u00e9t\u00e9 t\u00e9moins de l\u2019inconcevable. Tous les enfants d&rsquo;Alep vivent des traumatismes psychologiques en raison des violences meurtri\u00e8res qui ensanglantent cette grande ville du nord de la Syrie. Ils sont victimes de bombardements indiscrimin\u00e9s contre les civils. La guerre, les bombes, les attaques chimiques font partie de leur quotidien. Selon un rapport r\u00e9cent de Human Rights Watch, une nouvelle attaque chimique aurait \u00e9t\u00e9 commise dans la ville d\u2019Alep en Novembre 2016, tuant au moins neuf civils, dont quatre enfants, et faisant environ 200 bless\u00e9s (HRW, 2017).<\/strong><\/p>\n<p><a href=\"https:\/\/www.humanium.org\/fr\/wp-content\/uploads\/2017\/03\/15768572-1.jpg\"><img loading=\"lazy\" decoding=\"async\" class=\"size-medium wp-image-38118 aligncenter\" src=\"https:\/\/www.humanium.org\/fr\/wp-content\/uploads\/2017\/03\/15768572-1-300x225.jpg\" alt=\"\" width=\"300\" height=\"225\" \/><\/a><\/p>\n<h2><strong>Situations insoutenables et r\u00e9currentes.<\/strong><\/h2>\n<p>Pendant des si\u00e8cles, Alep a \u00e9t\u00e9 l\u2019une des villes les plus grandes de la Syrie, avec une population de 2,1 millions d\u2019habitants en 2004 &#8211; presque autant que Damas, la capitale (Durand &amp; Dagorn, 2016). Pourtant, cinq ans apr\u00e8s le mouvement de contestation de 2011 auquel le r\u00e9gime de Bachar el-Assad a r\u00e9pondu par la voie des armes, la guerre a d\u00e9vast\u00e9 la ville. Selon l\u2019organisation de protection civile des casques blancs, les frappes a\u00e9riennes russes contre la ville d&rsquo;Alep en 2016 ont \u00e0 elles seules tu\u00e9 1207 civils, dont 380 enfants (Radio-Canada &amp; Agence France-Presse &amp; Reuters, 2016).<\/p>\n<p>Human Rights Watch (HRW) a fait un rapport accusant le gouvernement syrien et ses alli\u00e9s d&rsquo;avoir lanc\u00e9 au moins huit attaques chimiques au gaz chloreux contre des quartiers r\u00e9sidentiels de l&rsquo;est de la ville d&rsquo;Alep pour en reprendre le contr\u00f4le, entre le mois de Novembre et D\u00e9cembre 2016, apr\u00e8s une p\u00e9riode de calme relatif (HRW, 2017). L\u2019offensive s&rsquo;est poursuivie jusqu\u2019au 13 d\u00e9cembre, date \u00e0 laquelle les parties ont convenu un cessez-le-feu, a affirm\u00e9 Human Rights Watch (2017).<\/p>\n<p>Ces attaques ont caus\u00e9 la mort de 9 civils dont quatre enfants et a aussi fait des bless\u00e9s (Ibid.). L&rsquo;une des attaques les plus meurtri\u00e8res a frapp\u00e9 le quartier d&rsquo;Al-Sakhour le 20 novembre, tuant six membres de la m\u00eame famille (HRW, 2017).<\/p>\n<p>Selon un secouriste pr\u00e9sent sur les lieux: \u00ables personnes touch\u00e9es \u00e9prouvaient des<a href=\"https:\/\/www.humanium.org\/fr\/wp-content\/uploads\/2017\/03\/15768596.jpg\"><img loading=\"lazy\" decoding=\"async\" class=\"size-medium wp-image-38119 alignright\" src=\"https:\/\/www.humanium.org\/fr\/wp-content\/uploads\/2017\/03\/15768596-300x225.jpg\" alt=\"\" width=\"300\" height=\"225\" \/><\/a>difficult\u00e9s \u00e0 respirer, elles toussaient violemment, \u00e9taient prises de naus\u00e9es, certaines s\u2019\u00e9vanouissaient, d\u2019autres avaient de la mousse leur sortant de leur bouche, a d\u00e9clar\u00e9 un premier intervenant apr\u00e8s plusieurs attaques. Les enfants sont les plus gravement affect\u00e9s par ces produits chimiques\u2026 Ils inhalent ces odeurs et finissent par suffoquer\u00bb (HRW, 2017).<\/p>\n<p>Le Conseil de S\u00e9curit\u00e9 de l&rsquo;ONU, dont la Russie, a condamn\u00e9 l\u2019utilisation de tout produit chimique toxique, y compris le chlore, comme arme en Syrie, soulignant que les responsables doivent rendre des comptes. Le 7 ao\u00fbt 2015, le Conseil de S\u00e9curit\u00e9 avait adopt\u00e9 \u00e0 l&rsquo;unanimit\u00e9 la R\u00e9solution 2235 \u00e9tablissant l&rsquo;enqu\u00eate pour \u00ab identifier dans toute la mesure possible les personnes, entit\u00e9s, groupes ou gouvernements qui ont perp\u00e9tr\u00e9, organis\u00e9 ou commandit\u00e9 l\u2019utilisation comme armes, en R\u00e9publique arabe syrienne, de produits chimiques, y compris le chlore ou tout autre produit chimique toxique \u00bb(HRW, 2017).<\/p>\n<h2><strong>L\u2019Alep au c\u0153ur d\u2019une catastrophe humanitaire.<\/strong><\/h2>\n<p><strong><a href=\"https:\/\/www.humanium.org\/fr\/wp-content\/uploads\/2017\/03\/15768600.jpg\"><img loading=\"lazy\" decoding=\"async\" class=\"size-medium wp-image-38120 alignleft\" src=\"https:\/\/www.humanium.org\/fr\/wp-content\/uploads\/2017\/03\/15768600-300x225.jpg\" alt=\"\" width=\"300\" height=\"225\" \/><\/a>\u00a0<\/strong>Le d\u00e9sespoir r\u00e8gne \u00e0 Alep. Les enfants \u00e9prouvent des traumatismes psychiques en raison des violences meurtri\u00e8res qui ensanglantent cette grande ville du nord de la Syrie, o\u00f9 le r\u00e9gime et les rebelles se livrent une guerre sans merci. \u00ab\u00a0Tous les enfants d&rsquo;Alep souffrent. Tous sont traumatis\u00e9s\u00a0\u00bb, a d\u00e9clar\u00e9 \u00e0 l&rsquo;AFP Radoslaw Rzehak, chef du bureau du Fond des Nations Unies pour l&rsquo;Enfance (AFP, 2016).<\/p>\n<p>Des vies an\u00e9anties par un conflit dont elles ne sont en rien responsables, mais dont elles en payent le prix comme la malnutrition et la d\u00e9shydratation, le non-acc\u00e8s \u00e0 l&rsquo;\u00e9ducation et \u00e0 des \u00a0soins m\u00e9dicaux appropri\u00e9s, les d\u00e9placements forc\u00e9s, en tout une v\u00e9ritable crise humanitaire.Rien ne justifie de telles attaques sur les enfants et un tel manque de respect pour la vie humaine.<\/p>\n<h2><strong>Des grains d\u2019espoir<\/strong><\/h2>\n<p>Alep a subi des destructions incalculables qui ont vis\u00e9 tant sa population que son histoire. Le quartier Est d&rsquo;Alep est d\u00e9sormais aux mains de l&rsquo;arm\u00e9e syrienne et les anciens habitants r\u00e9investissent peu \u00e0 peu leurs anciens lieux de vie.<\/p>\n<p><img loading=\"lazy\" decoding=\"async\" class=\"size-medium wp-image-38121 aligncenter\" src=\"https:\/\/www.humanium.org\/fr\/wp-content\/uploads\/2017\/03\/15768570-300x225.jpg\" alt=\"\" width=\"300\" height=\"225\" \/><\/p>\n<p>Le 23 f\u00e9vrier dernier, une session extraordinaire du Conseil des Droits de l&rsquo;Homme des Nations Unies sur la situation en Syrie s\u2019est tenue \u00e0 Gen\u00e8ve afin de mettre un terme aux attaques ill\u00e9gales, de garantir un acc\u00e8s \u00e0 l\u2019aide humanitaire ainsi qu\u2019un passage sans danger pour les civils en fuite, mais aussi pour d\u00e9fendre les droits des d\u00e9tenus, et assurer la justice et la r\u00e9forme du secteur de la s\u00e9curit\u00e9 (Human Rights Watch, 2017).<\/p>\n<p>Actuellement, 59 pays sont engag\u00e9s \u00e0 approuver l\u2019engagement politique international connu sous le nom de \u00a0D\u00e9claration sur la s\u00e9curit\u00e9 dans les \u00e9coles. En approuvant la D\u00e9claration, les pays s&rsquo;engagent \u00e0 r\u00e9tablir l&rsquo;acc\u00e8s \u00e0 l&rsquo;\u00e9ducation lorsque les \u00e9coles sont bombard\u00e9es, br\u00fbl\u00e9es et d\u00e9truites pendant les conflits arm\u00e9s, et ils s&rsquo;engagent \u00e0 assurer la s\u00e9curit\u00e9 des \u00e9l\u00e8ves, enseignants et \u00e9cole. Ils conviennent de dissuader cette violence en promettant d&rsquo;enqu\u00eater et de poursuivre les crimes de guerre impliquant des \u00e9coles et de r\u00e9duire au minimum l&rsquo;utilisation des \u00e9coles \u00e0 des fins militaires afin qu&rsquo;elles ne deviennent pas des cibles d&rsquo;attaque (Human Rights Watch, 2017).<\/p>\n<p>Humanium s\u2019engage aussi pour le respect des droits de l\u2019enfant dans le monde. Nous soutenons un d\u00e9veloppement durable et \u00e9quitable, en privil\u00e9giant une approche globale, centr\u00e9e sur l\u2019entraide, la participation et l\u2019autonomie des plus vuln\u00e9rables. Actuellement, nous examinons des options pour collaborer avec une ONG syrienne afin de soutenir les enfants sur place. D\u2019autres options de partenariat avec l\u2019ONU sont aussi envisag\u00e9es.<\/p>\n<p>&nbsp;<\/p>\n<table style=\"height: 61px;\" width=\"639\">\n<tbody style=\"background: #f9f9f9;\">\n<tr>\n<td>\n<div style=\"float: left; width: 50%;\">Ecrit par : Mahaliana RAJAONARIVO<\/div>\n<div style=\"float: left; width: 50%;\">Relu par : Arndt Soret, Salom\u00e9 Guibreteau et Lucy Autin<\/div>\n<\/td>\n<\/tr>\n<\/tbody>\n<\/table>\n<p>&nbsp;<\/p>\n<p><a><\/a><\/p>\n<p>AFP. (2016, D\u00e9cembre 12). <em>\u00ab\u00a0Tous les enfants d&rsquo;Alep sont traumatis\u00e9s\u00a0\u00bb, selon l&rsquo;Unicef<\/em>. R\u00e9cup\u00e9r\u00e9 sur Le Parisien: http:\/\/www.leparisien.fr\/laparisienne\/sante\/tous-les-enfants-d-alep-sont-traumatises-selon-l-unicef-12-12-2016-6446382.php<\/p>\n<p>Durand, A.-A., &amp; Dagorn, G. (2016, D\u00e9cembre 15). <em>Syrie : \u00e0 quoi ressemblait la ville d\u2019Alep avant la guerre ?<\/em> R\u00e9cup\u00e9r\u00e9 sur Le Monde: http:\/\/www.lemonde.fr\/les-decodeurs\/article\/2016\/12\/15\/a-quoi-ressemblait-la-ville-d-alep-avant-la-guerre_5049471_4355770.html<\/p>\n<p>HRW. (2017, F\u00e9vrier 21). <em>La France et le Canada sont les 58\u00e8me et 59\u00e8me pays \u00e0 approuver la D\u00e9claration sur la s\u00e9curit\u00e9 dans les \u00e9coles<\/em>. R\u00e9cup\u00e9r\u00e9 sur Human Rights Watch : https:\/\/www.hrw.org\/fr\/news\/2017\/02\/21\/la-france-et-le-canada-sont-les-58eme-et-59eme-pays-approuver-la-declaration-sur-la<\/p>\n<p>HRW. (2017, F\u00e9vrier 13). <em>Syrie : Des attaques chimiques ont \u00e9t\u00e9 men\u00e9es de mani\u00e8re coordonn\u00e9e contre Alep<\/em>. R\u00e9cup\u00e9r\u00e9 sur Human Rights Watch: https:\/\/www.hrw.org\/fr\/news\/2017\/02\/13\/syrie-des-attaques-chimiques-ont-ete-menees-de-maniere-coordonnee-contre-alep<\/p>\n<p>HRW. (2017, F\u00e9vrier 21). <em>Syrie : Faire des droits humains une priorit\u00e9 des pourparlers de Gen\u00e8ve<\/em>. R\u00e9cup\u00e9r\u00e9 sur Human Rights Watch: https:\/\/www.hrw.org\/fr\/news\/2017\/02\/21\/syrie-faire-des-droits-humains-une-priorite-des-pourparlers-de-geneve<\/p>\n<p>Radio-Canada &amp; Agence France-Presse &amp; Reuters. (2016, D\u00e9cembre 15). <em>Premi\u00e8res \u00e9vacuations \u00e0 Alep-Est<\/em>. R\u00e9cup\u00e9r\u00e9 sur radio-canada.ca: http:\/\/ici.radio-canada.ca\/nouvelle\/1006033\/cessez-le-feu-alep-syrie-guerre-evacuation-treve<\/p>\n<p>&nbsp;<\/p>\n","protected":false},"excerpt":{"rendered":"<p>Le non-respect de droits de l\u2019Homme et du droit international humanitaire s\u2019aggrave en Syrie: apr\u00e8s bient\u00f4t six ans de guerre, les enfants sont \u00e0 bout de forces. Ils dorment dans des ruines, ils ont froid et souffrent de la faim, ils ont \u00e9t\u00e9 t\u00e9moins de l\u2019inconcevable. Tous les enfants d&rsquo;Alep vivent des traumatismes psychologiques en [&hellip;]<\/p>\n","protected":false},"author":69,"featured_media":0,"comment_status":"closed","ping_status":"closed","sticky":false,"template":"","format":"standard","meta":{"footnotes":""},"categories":[8],"tags":[],"class_list":["post-40089","post","type-post","status-publish","format-standard","hentry","category-non-classe"],"yoast_head":"<!-- This site is optimized with the Yoast SEO plugin v28.3 - https:\/\/yoast.com\/product\/yoast-seo-wordpress\/ -->\n<title>Des enfants victimes des attaques chimiques \u00e0 ALEP. - Humanium<\/title>\n<meta name=\"robots\" content=\"index, follow, max-snippet:-1, max-image-preview:large, max-video-preview:-1\" \/>\n<link rel=\"canonical\" href=\"https:\/\/www.humanium.org\/fr\/des-enfants-victimes-des-attaques-chimiques-a-alep\/\" \/>\n<meta property=\"og:locale\" content=\"fr_FR\" \/>\n<meta property=\"og:type\" content=\"article\" \/>\n<meta property=\"og:title\" content=\"Des enfants victimes des attaques chimiques \u00e0 ALEP. - Humanium\" \/>\n<meta property=\"og:description\" content=\"Le non-respect de droits de l\u2019Homme et du droit international humanitaire s\u2019aggrave en Syrie: apr\u00e8s bient\u00f4t six ans de guerre, les enfants sont \u00e0 bout de forces. Ils dorment dans des ruines, ils ont froid et souffrent de la faim, ils ont \u00e9t\u00e9 t\u00e9moins de l\u2019inconcevable. Tous les enfants d&rsquo;Alep vivent des traumatismes psychologiques en [&hellip;]\" \/>\n<meta property=\"og:url\" content=\"https:\/\/www.humanium.org\/fr\/des-enfants-victimes-des-attaques-chimiques-a-alep\/\" \/>\n<meta property=\"og:site_name\" content=\"Humanium\" \/>\n<meta property=\"article:published_time\" content=\"2017-03-15T08:00:55+00:00\" \/>\n<meta property=\"article:modified_time\" content=\"2026-08-20T18:18:40+00:00\" \/>\n<meta name=\"author\" content=\"Humanium\" \/>\n<meta name=\"twitter:card\" content=\"summary_large_image\" \/>\n<meta name=\"twitter:label1\" content=\"\u00c9crit par\" \/>\n\t<meta name=\"twitter:data1\" content=\"Humanium\" \/>\n\t<meta name=\"twitter:label2\" content=\"Dur\u00e9e de lecture estim\u00e9e\" \/>\n\t<meta name=\"twitter:data2\" content=\"6 minutes\" \/>\n<script type=\"application\/ld+json\" class=\"yoast-schema-graph\">{\"@context\":\"https:\\\/\\\/schema.org\",\"@graph\":[{\"@type\":\"Article\",\"@id\":\"https:\\\/\\\/www.humanium.org\\\/fr\\\/des-enfants-victimes-des-attaques-chimiques-a-alep\\\/#article\",\"isPartOf\":{\"@id\":\"https:\\\/\\\/www.humanium.org\\\/fr\\\/des-enfants-victimes-des-attaques-chimiques-a-alep\\\/\"},\"author\":{\"name\":\"Humanium\",\"@id\":\"https:\\\/\\\/www.humanium.org\\\/fr\\\/#\\\/schema\\\/person\\\/d798d6c7d59ba2307e0877f61a20ce3e\"},\"headline\":\"Des enfants victimes des attaques chimiques \u00e0 ALEP.\",\"datePublished\":\"2017-03-15T08:00:55+00:00\",\"dateModified\":\"2026-08-20T18:18:40+00:00\",\"mainEntityOfPage\":{\"@id\":\"https:\\\/\\\/www.humanium.org\\\/fr\\\/des-enfants-victimes-des-attaques-chimiques-a-alep\\\/\"},\"wordCount\":1194,\"image\":{\"@id\":\"https:\\\/\\\/www.humanium.org\\\/fr\\\/des-enfants-victimes-des-attaques-chimiques-a-alep\\\/#primaryimage\"},\"thumbnailUrl\":\"https:\\\/\\\/www.humanium.org\\\/fr\\\/wp-content\\\/uploads\\\/2017\\\/03\\\/15768572-1-300x225.jpg\",\"inLanguage\":\"fr-FR\"},{\"@type\":\"WebPage\",\"@id\":\"https:\\\/\\\/www.humanium.org\\\/fr\\\/des-enfants-victimes-des-attaques-chimiques-a-alep\\\/\",\"url\":\"https:\\\/\\\/www.humanium.org\\\/fr\\\/des-enfants-victimes-des-attaques-chimiques-a-alep\\\/\",\"name\":\"Des enfants victimes des attaques chimiques \u00e0 ALEP. - Humanium\",\"isPartOf\":{\"@id\":\"https:\\\/\\\/www.humanium.org\\\/fr\\\/#website\"},\"primaryImageOfPage\":{\"@id\":\"https:\\\/\\\/www.humanium.org\\\/fr\\\/des-enfants-victimes-des-attaques-chimiques-a-alep\\\/#primaryimage\"},\"image\":{\"@id\":\"https:\\\/\\\/www.humanium.org\\\/fr\\\/des-enfants-victimes-des-attaques-chimiques-a-alep\\\/#primaryimage\"},\"thumbnailUrl\":\"https:\\\/\\\/www.humanium.org\\\/fr\\\/wp-content\\\/uploads\\\/2017\\\/03\\\/15768572-1-300x225.jpg\",\"datePublished\":\"2017-03-15T08:00:55+00:00\",\"dateModified\":\"2026-08-20T18:18:40+00:00\",\"author\":{\"@id\":\"https:\\\/\\\/www.humanium.org\\\/fr\\\/#\\\/schema\\\/person\\\/d798d6c7d59ba2307e0877f61a20ce3e\"},\"breadcrumb\":{\"@id\":\"https:\\\/\\\/www.humanium.org\\\/fr\\\/des-enfants-victimes-des-attaques-chimiques-a-alep\\\/#breadcrumb\"},\"inLanguage\":\"fr-FR\",\"potentialAction\":[{\"@type\":\"ReadAction\",\"target\":[\"https:\\\/\\\/www.humanium.org\\\/fr\\\/des-enfants-victimes-des-attaques-chimiques-a-alep\\\/\"]}]},{\"@type\":\"ImageObject\",\"inLanguage\":\"fr-FR\",\"@id\":\"https:\\\/\\\/www.humanium.org\\\/fr\\\/des-enfants-victimes-des-attaques-chimiques-a-alep\\\/#primaryimage\",\"url\":\"https:\\\/\\\/www.humanium.org\\\/fr\\\/wp-content\\\/uploads\\\/2017\\\/03\\\/15768572-1-300x225.jpg\",\"contentUrl\":\"https:\\\/\\\/www.humanium.org\\\/fr\\\/wp-content\\\/uploads\\\/2017\\\/03\\\/15768572-1-300x225.jpg\"},{\"@type\":\"BreadcrumbList\",\"@id\":\"https:\\\/\\\/www.humanium.org\\\/fr\\\/des-enfants-victimes-des-attaques-chimiques-a-alep\\\/#breadcrumb\",\"itemListElement\":[{\"@type\":\"ListItem\",\"position\":1,\"name\":\"Home\",\"item\":\"https:\\\/\\\/www.humanium.org\\\/fr\\\/\"},{\"@type\":\"ListItem\",\"position\":2,\"name\":\"Des enfants victimes des attaques chimiques \u00e0 ALEP.\"}]},{\"@type\":\"WebSite\",\"@id\":\"https:\\\/\\\/www.humanium.org\\\/fr\\\/#website\",\"url\":\"https:\\\/\\\/www.humanium.org\\\/fr\\\/\",\"name\":\"Humanium\",\"description\":\"Les enfants d\u2019abord !\",\"potentialAction\":[{\"@type\":\"SearchAction\",\"target\":{\"@type\":\"EntryPoint\",\"urlTemplate\":\"https:\\\/\\\/www.humanium.org\\\/fr\\\/?s={search_term_string}\"},\"query-input\":{\"@type\":\"PropertyValueSpecification\",\"valueRequired\":true,\"valueName\":\"search_term_string\"}}],\"inLanguage\":\"fr-FR\"},{\"@type\":\"Person\",\"@id\":\"https:\\\/\\\/www.humanium.org\\\/fr\\\/#\\\/schema\\\/person\\\/d798d6c7d59ba2307e0877f61a20ce3e\",\"name\":\"Humanium\",\"image\":{\"@type\":\"ImageObject\",\"inLanguage\":\"fr-FR\",\"@id\":\"https:\\\/\\\/secure.gravatar.com\\\/avatar\\\/22715e338d2fcc547e3a431c4738360d33fea2a4af458f865b2c3b22f1eaa51f?s=96&d=mm&r=g\",\"url\":\"https:\\\/\\\/secure.gravatar.com\\\/avatar\\\/22715e338d2fcc547e3a431c4738360d33fea2a4af458f865b2c3b22f1eaa51f?s=96&d=mm&r=g\",\"contentUrl\":\"https:\\\/\\\/secure.gravatar.com\\\/avatar\\\/22715e338d2fcc547e3a431c4738360d33fea2a4af458f865b2c3b22f1eaa51f?s=96&d=mm&r=g\",\"caption\":\"Humanium\"},\"url\":\"https:\\\/\\\/www.humanium.org\\\/fr\\\/author\\\/humanium\\\/\"}]}<\/script>\n<!-- \/ Yoast SEO plugin. -->","yoast_head_json":{"title":"Des enfants victimes des attaques chimiques \u00e0 ALEP. - Humanium","robots":{"index":"index","follow":"follow","max-snippet":"max-snippet:-1","max-image-preview":"max-image-preview:large","max-video-preview":"max-video-preview:-1"},"canonical":"https:\/\/www.humanium.org\/fr\/des-enfants-victimes-des-attaques-chimiques-a-alep\/","og_locale":"fr_FR","og_type":"article","og_title":"Des enfants victimes des attaques chimiques \u00e0 ALEP. - Humanium","og_description":"Le non-respect de droits de l\u2019Homme et du droit international humanitaire s\u2019aggrave en Syrie: apr\u00e8s bient\u00f4t six ans de guerre, les enfants sont \u00e0 bout de forces. Ils dorment dans des ruines, ils ont froid et souffrent de la faim, ils ont \u00e9t\u00e9 t\u00e9moins de l\u2019inconcevable. Tous les enfants d&rsquo;Alep vivent des traumatismes psychologiques en [&hellip;]","og_url":"https:\/\/www.humanium.org\/fr\/des-enfants-victimes-des-attaques-chimiques-a-alep\/","og_site_name":"Humanium","article_published_time":"2017-03-15T08:00:55+00:00","article_modified_time":"2026-08-20T18:18:40+00:00","author":"Humanium","twitter_card":"summary_large_image","twitter_misc":{"\u00c9crit par":"Humanium","Dur\u00e9e de lecture estim\u00e9e":"6 minutes"},"schema":{"@context":"https:\/\/schema.org","@graph":[{"@type":"Article","@id":"https:\/\/www.humanium.org\/fr\/des-enfants-victimes-des-attaques-chimiques-a-alep\/#article","isPartOf":{"@id":"https:\/\/www.humanium.org\/fr\/des-enfants-victimes-des-attaques-chimiques-a-alep\/"},"author":{"name":"Humanium","@id":"https:\/\/www.humanium.org\/fr\/#\/schema\/person\/d798d6c7d59ba2307e0877f61a20ce3e"},"headline":"Des enfants victimes des attaques chimiques \u00e0 ALEP.","datePublished":"2017-03-15T08:00:55+00:00","dateModified":"2026-08-20T18:18:40+00:00","mainEntityOfPage":{"@id":"https:\/\/www.humanium.org\/fr\/des-enfants-victimes-des-attaques-chimiques-a-alep\/"},"wordCount":1194,"image":{"@id":"https:\/\/www.humanium.org\/fr\/des-enfants-victimes-des-attaques-chimiques-a-alep\/#primaryimage"},"thumbnailUrl":"https:\/\/www.humanium.org\/fr\/wp-content\/uploads\/2017\/03\/15768572-1-300x225.jpg","inLanguage":"fr-FR"},{"@type":"WebPage","@id":"https:\/\/www.humanium.org\/fr\/des-enfants-victimes-des-attaques-chimiques-a-alep\/","url":"https:\/\/www.humanium.org\/fr\/des-enfants-victimes-des-attaques-chimiques-a-alep\/","name":"Des enfants victimes des attaques chimiques \u00e0 ALEP. - Humanium","isPartOf":{"@id":"https:\/\/www.humanium.org\/fr\/#website"},"primaryImageOfPage":{"@id":"https:\/\/www.humanium.org\/fr\/des-enfants-victimes-des-attaques-chimiques-a-alep\/#primaryimage"},"image":{"@id":"https:\/\/www.humanium.org\/fr\/des-enfants-victimes-des-attaques-chimiques-a-alep\/#primaryimage"},"thumbnailUrl":"https:\/\/www.humanium.org\/fr\/wp-content\/uploads\/2017\/03\/15768572-1-300x225.jpg","datePublished":"2017-03-15T08:00:55+00:00","dateModified":"2026-08-20T18:18:40+00:00","author":{"@id":"https:\/\/www.humanium.org\/fr\/#\/schema\/person\/d798d6c7d59ba2307e0877f61a20ce3e"},"breadcrumb":{"@id":"https:\/\/www.humanium.org\/fr\/des-enfants-victimes-des-attaques-chimiques-a-alep\/#breadcrumb"},"inLanguage":"fr-FR","potentialAction":[{"@type":"ReadAction","target":["https:\/\/www.humanium.org\/fr\/des-enfants-victimes-des-attaques-chimiques-a-alep\/"]}]},{"@type":"ImageObject","inLanguage":"fr-FR","@id":"https:\/\/www.humanium.org\/fr\/des-enfants-victimes-des-attaques-chimiques-a-alep\/#primaryimage","url":"https:\/\/www.humanium.org\/fr\/wp-content\/uploads\/2017\/03\/15768572-1-300x225.jpg","contentUrl":"https:\/\/www.humanium.org\/fr\/wp-content\/uploads\/2017\/03\/15768572-1-300x225.jpg"},{"@type":"BreadcrumbList","@id":"https:\/\/www.humanium.org\/fr\/des-enfants-victimes-des-attaques-chimiques-a-alep\/#breadcrumb","itemListElement":[{"@type":"ListItem","position":1,"name":"Home","item":"https:\/\/www.humanium.org\/fr\/"},{"@type":"ListItem","position":2,"name":"Des enfants victimes des attaques chimiques \u00e0 ALEP."}]},{"@type":"WebSite","@id":"https:\/\/www.humanium.org\/fr\/#website","url":"https:\/\/www.humanium.org\/fr\/","name":"Humanium","description":"Les enfants d\u2019abord !","potentialAction":[{"@type":"SearchAction","target":{"@type":"EntryPoint","urlTemplate":"https:\/\/www.humanium.org\/fr\/?s={search_term_string}"},"query-input":{"@type":"PropertyValueSpecification","valueRequired":true,"valueName":"search_term_string"}}],"inLanguage":"fr-FR"},{"@type":"Person","@id":"https:\/\/www.humanium.org\/fr\/#\/schema\/person\/d798d6c7d59ba2307e0877f61a20ce3e","name":"Humanium","image":{"@type":"ImageObject","inLanguage":"fr-FR","@id":"https:\/\/secure.gravatar.com\/avatar\/22715e338d2fcc547e3a431c4738360d33fea2a4af458f865b2c3b22f1eaa51f?s=96&d=mm&r=g","url":"https:\/\/secure.gravatar.com\/avatar\/22715e338d2fcc547e3a431c4738360d33fea2a4af458f865b2c3b22f1eaa51f?s=96&d=mm&r=g","contentUrl":"https:\/\/secure.gravatar.com\/avatar\/22715e338d2fcc547e3a431c4738360d33fea2a4af458f865b2c3b22f1eaa51f?s=96&d=mm&r=g","caption":"Humanium"},"url":"https:\/\/www.humanium.org\/fr\/author\/humanium\/"}]}},"_links":{"self":[{"href":"https:\/\/www.humanium.org\/fr\/wp-json\/wp\/v2\/posts\/40089","targetHints":{"allow":["GET"]}}],"collection":[{"href":"https:\/\/www.humanium.org\/fr\/wp-json\/wp\/v2\/posts"}],"about":[{"href":"https:\/\/www.humanium.org\/fr\/wp-json\/wp\/v2\/types\/post"}],"author":[{"embeddable":true,"href":"https:\/\/www.humanium.org\/fr\/wp-json\/wp\/v2\/users\/69"}],"replies":[{"embeddable":true,"href":"https:\/\/www.humanium.org\/fr\/wp-json\/wp\/v2\/comments?post=40089"}],"version-history":[{"count":2,"href":"https:\/\/www.humanium.org\/fr\/wp-json\/wp\/v2\/posts\/40089\/revisions"}],"predecessor-version":[{"id":59645,"href":"https:\/\/www.humanium.org\/fr\/wp-json\/wp\/v2\/posts\/40089\/revisions\/59645"}],"wp:attachment":[{"href":"https:\/\/www.humanium.org\/fr\/wp-json\/wp\/v2\/media?parent=40089"}],"wp:term":[{"taxonomy":"category","embeddable":true,"href":"https:\/\/www.humanium.org\/fr\/wp-json\/wp\/v2\/categories?post=40089"},{"taxonomy":"post_tag","embeddable":true,"href":"https:\/\/www.humanium.org\/fr\/wp-json\/wp\/v2\/tags?post=40089"}],"curies":[{"name":"wp","href":"https:\/\/api.w.org\/{rel}","templated":true}]}}