{"id":40091,"date":"2017-03-27T08:00:34","date_gmt":"2017-03-27T08:00:34","guid":{"rendered":"https:\/\/www.humanium.gives\/fr\/?p=40091"},"modified":"2026-08-20T18:18:40","modified_gmt":"2026-08-20T18:18:40","slug":"la-mendicite-des-enfants-au-senegal-une-entrave-aux-droits-fondamentaux","status":"publish","type":"post","link":"https:\/\/www.humanium.org\/fr\/la-mendicite-des-enfants-au-senegal-une-entrave-aux-droits-fondamentaux\/","title":{"rendered":"La mendicit\u00e9 des enfants au S\u00e9n\u00e9gal: une entrave aux droits fondamentaux"},"content":{"rendered":"<p><span style=\"font-weight: 400;\">Ancr\u00e9s dans une certaine <a href=\"https:\/\/www.humanium.org\/fr\/enfants-religions\/\">religiosit\u00e9<\/a>, les S\u00e9n\u00e9galais musulmans accordent une place importante \u00e0 l\u2019enseignement coranique pour leurs enfants. Si certains parents envoient ces derniers dans des \u00e9coles coraniques (daaras) pendant la p\u00e9riode des vacances scolaires, d\u2019autres optent pour un enseignement \u00e0 temps plein, sous la forme d\u2019internat.<\/span><\/p>\n<figure id=\"attachment_38131\" aria-describedby=\"caption-attachment-38131\" style=\"width: 275px\" class=\"wp-caption alignright\"><a href=\"https:\/\/www.humanium.org\/fr\/wp-content\/uploads\/2017\/03\/5760157193_f124d92374_z.jpg\"><img loading=\"lazy\" decoding=\"async\" class=\" wp-image-38131\" src=\"https:\/\/www.humanium.org\/fr\/wp-content\/uploads\/2017\/03\/5760157193_f124d92374_z-300x256.jpg\" alt=\"\" width=\"275\" height=\"235\" \/><\/a><figcaption id=\"caption-attachment-38131\" class=\"wp-caption-text\">credit: Dave Dyet https:\/\/www.flickr.com\/photos\/dyet\/5760157193<\/figcaption><\/figure>\n<p><span style=\"font-weight: 400;\">Mais le revers de cette option est que beaucoup de ces jeunes sont convertis en mendiants par leur enseignant, appel\u00e9 \u00ab s\u00e9rign daara \u00bb ou marabout. L\u2019enfant, ou talib\u00e9 dans le langage s\u00e9n\u00e9galais, est l\u2019apprenant. Il est plac\u00e9 sous la tutelle de l\u2019enseignant par son p\u00e8re. Environ 60\u2019000 enfants talib\u00e9s sont r\u00e9partis dans des milliers de daaras \u00e0 Dakar, selon la cartographie des \u00e9coles coraniques de Dakar (Moussa, 2014).<\/span><\/p>\n<p><span style=\"font-weight: 400;\">Ces enfants ne vont pas \u00e0 l\u2019\u00e9cole, sont souvent tr\u00e8s mal habill\u00e9s et certains d\u2019entre eux ont des plaies et des maladies qui restent non soign\u00e9es. Ils se nourrissent d\u2019aliments qu\u00e9mand\u00e9s \u00e7\u00e0 et l\u00e0 dans diff\u00e9rentes maisons, dorment parfois dans la rue et sont oblig\u00e9s de rapporter quotidiennement une somme d\u2019argent fix\u00e9e par leur marabout. Ce spectacle, d\u2019une banalit\u00e9 d\u00e9concertante, bafoue pourtant les droits fondamentaux les plus \u00e9l\u00e9mentaires de ces enfants.<\/span><\/p>\n<p><span style=\"font-weight: 400;\">En effet, l\u2019article 4 de la D\u00e9claration des Droits de l\u2019Enfant de 1959 stipule que \u00ab l\u2019enfant doit b\u00e9n\u00e9ficier de la s\u00e9curit\u00e9 sociale, il doit pouvoir grandir et se d\u00e9velopper d\u2019une fa\u00e7on saine (\u2026) l\u2019enfant a droit \u00e0 une alimentation, \u00e0 un logement, \u00e0 des loisirs et \u00e0 des soins m\u00e9dicaux ad\u00e9quats \u00bb (Assembl\u00e9e G\u00e9n\u00e9rale des Nations Unies). La mendicit\u00e9 met \u00e0 mal tous ces droits, qui sont indispensables pour le d\u00e9veloppement physique et mental d\u2019un enfant.<\/span><\/p>\n<p><b>Une m\u00e9connaissance cruelle des droits de l\u2019enfant<\/b><\/p>\n<p><span style=\"font-weight: 400;\">Dans toutes les soci\u00e9t\u00e9s du monde, l\u2019\u00e9ducation des enfants rel\u00e8ve de la responsabilit\u00e9 des adultes (parents, famille, communaut\u00e9 et Etat). Ainsi, le <a href=\"https:\/\/www.humanium.org\/fr\/afrique\/senegal\/\">S\u00e9n\u00e9gal<\/a> consent largement \u00e0 cette charge et la reconna\u00eet comme un droit. Dans sa Constitution de 2001, modifi\u00e9e plusieurs fois, le constituant s\u00e9n\u00e9galais stipule que \u00ab tous les enfants, gar\u00e7ons et filles, en tous lieux du territoire national, ont le droit d&rsquo;acc\u00e9der \u00e0 l&rsquo;\u00e9cole \u00bb (art. 22, al. 2.).<\/span><\/p>\n<p><span style=\"font-weight: 400;\">Pourtant, le ph\u00e9nom\u00e8ne de mendicit\u00e9 reste tr\u00e8s pr\u00e9sent au S\u00e9n\u00e9gal et constitue une entrave \u00e0 l\u2019\u00e9cole, malgr\u00e9 l\u2019existence d\u2019une multitude d\u2019\u00e9coles, publiques comme priv\u00e9es, destin\u00e9es \u00e0 satisfaire le droit \u00e0 la scolarit\u00e9.<\/span><\/p>\n<p><span style=\"font-weight: 400;\">Les enfants mendiants<a href=\"https:\/\/www.humanium.org\/fr\/wp-content\/uploads\/2017\/03\/shutterstock_531009799.jpg\"><img loading=\"lazy\" decoding=\"async\" class=\"alignleft size-medium wp-image-38132\" src=\"https:\/\/www.humanium.org\/fr\/wp-content\/uploads\/2017\/03\/shutterstock_531009799-300x200.jpg\" alt=\"\" width=\"300\" height=\"200\" \/><\/a> sont par ailleurs expos\u00e9s \u00e0 toutes formes d\u2019atteintes \u00e0 leur int\u00e9grit\u00e9 physique et morale (Seneweb News, 2015), sans parler des soins et d\u2019une bonne alimentation dont ils ne peuvent jouir. Ils sont en permanence en situation de vuln\u00e9rabilit\u00e9 (Metrodakar, 2016), en d\u00e9pit de toutes les mesures \u00e9tatiques prises par la Cellule d\u2019Appui \u00e0 la Protection de l\u2019Enfance (C.A.P.E) bas\u00e9e \u00e0 Dakar, et des initiatives sociales mises en place pour \u00e9radiquer la mendicit\u00e9 chez les enfants.<\/span><\/p>\n<p><b>Une forme de <a href=\"https:\/\/www.humanium.org\/fr\/trafic-enfants\/\">traite des enfants<\/a><\/b><\/p>\n<p><span style=\"font-weight: 400;\">La mendicit\u00e9 est justifi\u00e9e selon certaines personnes, en particulier celles qui en profitent. En effet, les petits mendiants sont envoy\u00e9s dans la rue soit par leur marabout, soit par leurs parents ou gardiens. N\u2019ayant pas les moyens de les nourrir, la pauvret\u00e9 serait donc la cause premi\u00e8re de cette situation. Ceux qui sont cens\u00e9s les prot\u00e9ger et subvenir \u00e0 leurs besoins les exploitent en r\u00e9alit\u00e9.<\/span><\/p>\n<p><span style=\"font-weight: 400;\">La mendicit\u00e9 est une forme nouvelle d\u2019esclavage humain que la soci\u00e9t\u00e9 semble admettre et tol\u00e8rer au nom d\u2019une religion en principe tr\u00e8s protectrice des droits fondamentaux de l\u2019\u00eatre humain.<\/span><\/p>\n<table style=\"height: 61px;\" width=\"639\">\n<tbody style=\"background: #f9f9f9;\">\n<tr>\n<td>\n<div style=\"float: left; width: 50%;\">Ecrit par : Khady Ngom<\/div>\n<div style=\"float: left; width: 50%;\">Relu par : Petra Friedmann, Olivier Soret et Muriel Delucinge<\/div>\n<\/td>\n<\/tr>\n<\/tbody>\n<\/table>\n<p><a><\/a><\/p>\n<p>&nbsp;<\/p>\n<p>&nbsp;<\/p>\n<p>Assembl\u00e9e G\u00e9n\u00e9rale des Nations Unies, D\u00e9claration des Droits de l\u2019Enfant, 20 nov. 1959, principe 4.<\/p>\n<p>Constitution du S\u00e9n\u00e9gal, 2001, art. 22, al. 2.<\/p>\n<p>Metrodakar (20 avril 2016). Le S\u00e9n\u00e9gal face aux probl\u00e8mes de la mendicit\u00e9 : P\u00e9dophilie, maltraitance, maladie, meurtre\u2026 A qui la faute?. Consult\u00e9 sur Metrodakar.<\/p>\n<p>Moussa keita (13 mars 2014). CARTOGRAPHIE DES DAARAS DANS LA REGION DE DAKAR \u2013 \u00abPlus de 53% des enfants pratiquent la mendicit\u00e9 entre 13h et 17h\u00bb. Consult\u00e9 sur Rewmi.<\/p>\n<p>Seneweb News (10 ao\u00fbt 2015).<a href=\"http:\/\/www.seneweb.com\/news\/Societe\/thies-un-homme-egorge-un-talibe-et-event_n_161173.html\"> Thi\u00e8s: Un homme \u00e9gorge un talib\u00e9 et \u00e9ventre 2 autres.<\/a> Consult\u00e9 sur Seneweb .<\/p>\n","protected":false},"excerpt":{"rendered":"<p>Ancr\u00e9s dans une certaine religiosit\u00e9, les S\u00e9n\u00e9galais musulmans accordent une place importante \u00e0 l\u2019enseignement coranique pour leurs enfants. Si certains parents envoient ces derniers dans des \u00e9coles coraniques (daaras) pendant la p\u00e9riode des vacances scolaires, d\u2019autres optent pour un enseignement \u00e0 temps plein, sous la forme d\u2019internat. Mais le revers de cette option est que [&hellip;]<\/p>\n","protected":false},"author":69,"featured_media":0,"comment_status":"closed","ping_status":"closed","sticky":false,"template":"","format":"standard","meta":{"footnotes":""},"categories":[4],"tags":[],"class_list":["post-40091","post","type-post","status-publish","format-standard","hentry","category-droits-humains"],"yoast_head":"<!-- This site is optimized with the Yoast SEO plugin v28.3 - https:\/\/yoast.com\/product\/yoast-seo-wordpress\/ -->\n<title>La mendicit\u00e9 des enfants au S\u00e9n\u00e9gal: une entrave aux droits fondamentaux - Humanium<\/title>\n<meta name=\"robots\" content=\"index, follow, max-snippet:-1, max-image-preview:large, max-video-preview:-1\" \/>\n<link rel=\"canonical\" href=\"https:\/\/www.humanium.org\/fr\/la-mendicite-des-enfants-au-senegal-une-entrave-aux-droits-fondamentaux\/\" \/>\n<meta property=\"og:locale\" content=\"fr_FR\" \/>\n<meta property=\"og:type\" content=\"article\" \/>\n<meta property=\"og:title\" content=\"La mendicit\u00e9 des enfants au S\u00e9n\u00e9gal: une entrave aux droits fondamentaux - Humanium\" \/>\n<meta property=\"og:description\" content=\"Ancr\u00e9s dans une certaine religiosit\u00e9, les S\u00e9n\u00e9galais musulmans accordent une place importante \u00e0 l\u2019enseignement coranique pour leurs enfants. Si certains parents envoient ces derniers dans des \u00e9coles coraniques (daaras) pendant la p\u00e9riode des vacances scolaires, d\u2019autres optent pour un enseignement \u00e0 temps plein, sous la forme d\u2019internat. Mais le revers de cette option est que [&hellip;]\" \/>\n<meta property=\"og:url\" content=\"https:\/\/www.humanium.org\/fr\/la-mendicite-des-enfants-au-senegal-une-entrave-aux-droits-fondamentaux\/\" \/>\n<meta property=\"og:site_name\" content=\"Humanium\" \/>\n<meta property=\"article:published_time\" content=\"2017-03-27T08:00:34+00:00\" \/>\n<meta property=\"article:modified_time\" content=\"2026-08-20T18:18:40+00:00\" \/>\n<meta name=\"author\" content=\"Humanium\" \/>\n<meta name=\"twitter:card\" content=\"summary_large_image\" \/>\n<meta name=\"twitter:label1\" content=\"\u00c9crit par\" \/>\n\t<meta name=\"twitter:data1\" content=\"Humanium\" \/>\n\t<meta name=\"twitter:label2\" content=\"Dur\u00e9e de lecture estim\u00e9e\" \/>\n\t<meta name=\"twitter:data2\" content=\"4 minutes\" \/>\n<script type=\"application\/ld+json\" class=\"yoast-schema-graph\">{\"@context\":\"https:\\\/\\\/schema.org\",\"@graph\":[{\"@type\":\"Article\",\"@id\":\"https:\\\/\\\/www.humanium.org\\\/fr\\\/la-mendicite-des-enfants-au-senegal-une-entrave-aux-droits-fondamentaux\\\/#article\",\"isPartOf\":{\"@id\":\"https:\\\/\\\/www.humanium.org\\\/fr\\\/la-mendicite-des-enfants-au-senegal-une-entrave-aux-droits-fondamentaux\\\/\"},\"author\":{\"name\":\"Humanium\",\"@id\":\"https:\\\/\\\/www.humanium.org\\\/fr\\\/#\\\/schema\\\/person\\\/d798d6c7d59ba2307e0877f61a20ce3e\"},\"headline\":\"La mendicit\u00e9 des enfants au S\u00e9n\u00e9gal: une entrave aux droits fondamentaux\",\"datePublished\":\"2017-03-27T08:00:34+00:00\",\"dateModified\":\"2026-08-20T18:18:40+00:00\",\"mainEntityOfPage\":{\"@id\":\"https:\\\/\\\/www.humanium.org\\\/fr\\\/la-mendicite-des-enfants-au-senegal-une-entrave-aux-droits-fondamentaux\\\/\"},\"wordCount\":752,\"image\":{\"@id\":\"https:\\\/\\\/www.humanium.org\\\/fr\\\/la-mendicite-des-enfants-au-senegal-une-entrave-aux-droits-fondamentaux\\\/#primaryimage\"},\"thumbnailUrl\":\"https:\\\/\\\/www.humanium.org\\\/fr\\\/wp-content\\\/uploads\\\/2017\\\/03\\\/5760157193_f124d92374_z-300x256.jpg\",\"articleSection\":[\"Droits humains\"],\"inLanguage\":\"fr-FR\"},{\"@type\":\"WebPage\",\"@id\":\"https:\\\/\\\/www.humanium.org\\\/fr\\\/la-mendicite-des-enfants-au-senegal-une-entrave-aux-droits-fondamentaux\\\/\",\"url\":\"https:\\\/\\\/www.humanium.org\\\/fr\\\/la-mendicite-des-enfants-au-senegal-une-entrave-aux-droits-fondamentaux\\\/\",\"name\":\"La mendicit\u00e9 des enfants au S\u00e9n\u00e9gal: une entrave aux droits fondamentaux - Humanium\",\"isPartOf\":{\"@id\":\"https:\\\/\\\/www.humanium.org\\\/fr\\\/#website\"},\"primaryImageOfPage\":{\"@id\":\"https:\\\/\\\/www.humanium.org\\\/fr\\\/la-mendicite-des-enfants-au-senegal-une-entrave-aux-droits-fondamentaux\\\/#primaryimage\"},\"image\":{\"@id\":\"https:\\\/\\\/www.humanium.org\\\/fr\\\/la-mendicite-des-enfants-au-senegal-une-entrave-aux-droits-fondamentaux\\\/#primaryimage\"},\"thumbnailUrl\":\"https:\\\/\\\/www.humanium.org\\\/fr\\\/wp-content\\\/uploads\\\/2017\\\/03\\\/5760157193_f124d92374_z-300x256.jpg\",\"datePublished\":\"2017-03-27T08:00:34+00:00\",\"dateModified\":\"2026-08-20T18:18:40+00:00\",\"author\":{\"@id\":\"https:\\\/\\\/www.humanium.org\\\/fr\\\/#\\\/schema\\\/person\\\/d798d6c7d59ba2307e0877f61a20ce3e\"},\"breadcrumb\":{\"@id\":\"https:\\\/\\\/www.humanium.org\\\/fr\\\/la-mendicite-des-enfants-au-senegal-une-entrave-aux-droits-fondamentaux\\\/#breadcrumb\"},\"inLanguage\":\"fr-FR\",\"potentialAction\":[{\"@type\":\"ReadAction\",\"target\":[\"https:\\\/\\\/www.humanium.org\\\/fr\\\/la-mendicite-des-enfants-au-senegal-une-entrave-aux-droits-fondamentaux\\\/\"]}]},{\"@type\":\"ImageObject\",\"inLanguage\":\"fr-FR\",\"@id\":\"https:\\\/\\\/www.humanium.org\\\/fr\\\/la-mendicite-des-enfants-au-senegal-une-entrave-aux-droits-fondamentaux\\\/#primaryimage\",\"url\":\"https:\\\/\\\/www.humanium.org\\\/fr\\\/wp-content\\\/uploads\\\/2017\\\/03\\\/5760157193_f124d92374_z-300x256.jpg\",\"contentUrl\":\"https:\\\/\\\/www.humanium.org\\\/fr\\\/wp-content\\\/uploads\\\/2017\\\/03\\\/5760157193_f124d92374_z-300x256.jpg\"},{\"@type\":\"BreadcrumbList\",\"@id\":\"https:\\\/\\\/www.humanium.org\\\/fr\\\/la-mendicite-des-enfants-au-senegal-une-entrave-aux-droits-fondamentaux\\\/#breadcrumb\",\"itemListElement\":[{\"@type\":\"ListItem\",\"position\":1,\"name\":\"Home\",\"item\":\"https:\\\/\\\/www.humanium.org\\\/fr\\\/\"},{\"@type\":\"ListItem\",\"position\":2,\"name\":\"La mendicit\u00e9 des enfants au S\u00e9n\u00e9gal: une entrave aux droits fondamentaux\"}]},{\"@type\":\"WebSite\",\"@id\":\"https:\\\/\\\/www.humanium.org\\\/fr\\\/#website\",\"url\":\"https:\\\/\\\/www.humanium.org\\\/fr\\\/\",\"name\":\"Humanium\",\"description\":\"Les enfants d\u2019abord !\",\"potentialAction\":[{\"@type\":\"SearchAction\",\"target\":{\"@type\":\"EntryPoint\",\"urlTemplate\":\"https:\\\/\\\/www.humanium.org\\\/fr\\\/?s={search_term_string}\"},\"query-input\":{\"@type\":\"PropertyValueSpecification\",\"valueRequired\":true,\"valueName\":\"search_term_string\"}}],\"inLanguage\":\"fr-FR\"},{\"@type\":\"Person\",\"@id\":\"https:\\\/\\\/www.humanium.org\\\/fr\\\/#\\\/schema\\\/person\\\/d798d6c7d59ba2307e0877f61a20ce3e\",\"name\":\"Humanium\",\"image\":{\"@type\":\"ImageObject\",\"inLanguage\":\"fr-FR\",\"@id\":\"https:\\\/\\\/secure.gravatar.com\\\/avatar\\\/22715e338d2fcc547e3a431c4738360d33fea2a4af458f865b2c3b22f1eaa51f?s=96&d=mm&r=g\",\"url\":\"https:\\\/\\\/secure.gravatar.com\\\/avatar\\\/22715e338d2fcc547e3a431c4738360d33fea2a4af458f865b2c3b22f1eaa51f?s=96&d=mm&r=g\",\"contentUrl\":\"https:\\\/\\\/secure.gravatar.com\\\/avatar\\\/22715e338d2fcc547e3a431c4738360d33fea2a4af458f865b2c3b22f1eaa51f?s=96&d=mm&r=g\",\"caption\":\"Humanium\"},\"url\":\"https:\\\/\\\/www.humanium.org\\\/fr\\\/author\\\/humanium\\\/\"}]}<\/script>\n<!-- \/ Yoast SEO plugin. -->","yoast_head_json":{"title":"La mendicit\u00e9 des enfants au S\u00e9n\u00e9gal: une entrave aux droits fondamentaux - Humanium","robots":{"index":"index","follow":"follow","max-snippet":"max-snippet:-1","max-image-preview":"max-image-preview:large","max-video-preview":"max-video-preview:-1"},"canonical":"https:\/\/www.humanium.org\/fr\/la-mendicite-des-enfants-au-senegal-une-entrave-aux-droits-fondamentaux\/","og_locale":"fr_FR","og_type":"article","og_title":"La mendicit\u00e9 des enfants au S\u00e9n\u00e9gal: une entrave aux droits fondamentaux - Humanium","og_description":"Ancr\u00e9s dans une certaine religiosit\u00e9, les S\u00e9n\u00e9galais musulmans accordent une place importante \u00e0 l\u2019enseignement coranique pour leurs enfants. Si certains parents envoient ces derniers dans des \u00e9coles coraniques (daaras) pendant la p\u00e9riode des vacances scolaires, d\u2019autres optent pour un enseignement \u00e0 temps plein, sous la forme d\u2019internat. Mais le revers de cette option est que [&hellip;]","og_url":"https:\/\/www.humanium.org\/fr\/la-mendicite-des-enfants-au-senegal-une-entrave-aux-droits-fondamentaux\/","og_site_name":"Humanium","article_published_time":"2017-03-27T08:00:34+00:00","article_modified_time":"2026-08-20T18:18:40+00:00","author":"Humanium","twitter_card":"summary_large_image","twitter_misc":{"\u00c9crit par":"Humanium","Dur\u00e9e de lecture estim\u00e9e":"4 minutes"},"schema":{"@context":"https:\/\/schema.org","@graph":[{"@type":"Article","@id":"https:\/\/www.humanium.org\/fr\/la-mendicite-des-enfants-au-senegal-une-entrave-aux-droits-fondamentaux\/#article","isPartOf":{"@id":"https:\/\/www.humanium.org\/fr\/la-mendicite-des-enfants-au-senegal-une-entrave-aux-droits-fondamentaux\/"},"author":{"name":"Humanium","@id":"https:\/\/www.humanium.org\/fr\/#\/schema\/person\/d798d6c7d59ba2307e0877f61a20ce3e"},"headline":"La mendicit\u00e9 des enfants au S\u00e9n\u00e9gal: une entrave aux droits fondamentaux","datePublished":"2017-03-27T08:00:34+00:00","dateModified":"2026-08-20T18:18:40+00:00","mainEntityOfPage":{"@id":"https:\/\/www.humanium.org\/fr\/la-mendicite-des-enfants-au-senegal-une-entrave-aux-droits-fondamentaux\/"},"wordCount":752,"image":{"@id":"https:\/\/www.humanium.org\/fr\/la-mendicite-des-enfants-au-senegal-une-entrave-aux-droits-fondamentaux\/#primaryimage"},"thumbnailUrl":"https:\/\/www.humanium.org\/fr\/wp-content\/uploads\/2017\/03\/5760157193_f124d92374_z-300x256.jpg","articleSection":["Droits humains"],"inLanguage":"fr-FR"},{"@type":"WebPage","@id":"https:\/\/www.humanium.org\/fr\/la-mendicite-des-enfants-au-senegal-une-entrave-aux-droits-fondamentaux\/","url":"https:\/\/www.humanium.org\/fr\/la-mendicite-des-enfants-au-senegal-une-entrave-aux-droits-fondamentaux\/","name":"La mendicit\u00e9 des enfants au S\u00e9n\u00e9gal: une entrave aux droits fondamentaux - Humanium","isPartOf":{"@id":"https:\/\/www.humanium.org\/fr\/#website"},"primaryImageOfPage":{"@id":"https:\/\/www.humanium.org\/fr\/la-mendicite-des-enfants-au-senegal-une-entrave-aux-droits-fondamentaux\/#primaryimage"},"image":{"@id":"https:\/\/www.humanium.org\/fr\/la-mendicite-des-enfants-au-senegal-une-entrave-aux-droits-fondamentaux\/#primaryimage"},"thumbnailUrl":"https:\/\/www.humanium.org\/fr\/wp-content\/uploads\/2017\/03\/5760157193_f124d92374_z-300x256.jpg","datePublished":"2017-03-27T08:00:34+00:00","dateModified":"2026-08-20T18:18:40+00:00","author":{"@id":"https:\/\/www.humanium.org\/fr\/#\/schema\/person\/d798d6c7d59ba2307e0877f61a20ce3e"},"breadcrumb":{"@id":"https:\/\/www.humanium.org\/fr\/la-mendicite-des-enfants-au-senegal-une-entrave-aux-droits-fondamentaux\/#breadcrumb"},"inLanguage":"fr-FR","potentialAction":[{"@type":"ReadAction","target":["https:\/\/www.humanium.org\/fr\/la-mendicite-des-enfants-au-senegal-une-entrave-aux-droits-fondamentaux\/"]}]},{"@type":"ImageObject","inLanguage":"fr-FR","@id":"https:\/\/www.humanium.org\/fr\/la-mendicite-des-enfants-au-senegal-une-entrave-aux-droits-fondamentaux\/#primaryimage","url":"https:\/\/www.humanium.org\/fr\/wp-content\/uploads\/2017\/03\/5760157193_f124d92374_z-300x256.jpg","contentUrl":"https:\/\/www.humanium.org\/fr\/wp-content\/uploads\/2017\/03\/5760157193_f124d92374_z-300x256.jpg"},{"@type":"BreadcrumbList","@id":"https:\/\/www.humanium.org\/fr\/la-mendicite-des-enfants-au-senegal-une-entrave-aux-droits-fondamentaux\/#breadcrumb","itemListElement":[{"@type":"ListItem","position":1,"name":"Home","item":"https:\/\/www.humanium.org\/fr\/"},{"@type":"ListItem","position":2,"name":"La mendicit\u00e9 des enfants au S\u00e9n\u00e9gal: une entrave aux droits fondamentaux"}]},{"@type":"WebSite","@id":"https:\/\/www.humanium.org\/fr\/#website","url":"https:\/\/www.humanium.org\/fr\/","name":"Humanium","description":"Les enfants d\u2019abord !","potentialAction":[{"@type":"SearchAction","target":{"@type":"EntryPoint","urlTemplate":"https:\/\/www.humanium.org\/fr\/?s={search_term_string}"},"query-input":{"@type":"PropertyValueSpecification","valueRequired":true,"valueName":"search_term_string"}}],"inLanguage":"fr-FR"},{"@type":"Person","@id":"https:\/\/www.humanium.org\/fr\/#\/schema\/person\/d798d6c7d59ba2307e0877f61a20ce3e","name":"Humanium","image":{"@type":"ImageObject","inLanguage":"fr-FR","@id":"https:\/\/secure.gravatar.com\/avatar\/22715e338d2fcc547e3a431c4738360d33fea2a4af458f865b2c3b22f1eaa51f?s=96&d=mm&r=g","url":"https:\/\/secure.gravatar.com\/avatar\/22715e338d2fcc547e3a431c4738360d33fea2a4af458f865b2c3b22f1eaa51f?s=96&d=mm&r=g","contentUrl":"https:\/\/secure.gravatar.com\/avatar\/22715e338d2fcc547e3a431c4738360d33fea2a4af458f865b2c3b22f1eaa51f?s=96&d=mm&r=g","caption":"Humanium"},"url":"https:\/\/www.humanium.org\/fr\/author\/humanium\/"}]}},"_links":{"self":[{"href":"https:\/\/www.humanium.org\/fr\/wp-json\/wp\/v2\/posts\/40091","targetHints":{"allow":["GET"]}}],"collection":[{"href":"https:\/\/www.humanium.org\/fr\/wp-json\/wp\/v2\/posts"}],"about":[{"href":"https:\/\/www.humanium.org\/fr\/wp-json\/wp\/v2\/types\/post"}],"author":[{"embeddable":true,"href":"https:\/\/www.humanium.org\/fr\/wp-json\/wp\/v2\/users\/69"}],"replies":[{"embeddable":true,"href":"https:\/\/www.humanium.org\/fr\/wp-json\/wp\/v2\/comments?post=40091"}],"version-history":[{"count":5,"href":"https:\/\/www.humanium.org\/fr\/wp-json\/wp\/v2\/posts\/40091\/revisions"}],"predecessor-version":[{"id":61277,"href":"https:\/\/www.humanium.org\/fr\/wp-json\/wp\/v2\/posts\/40091\/revisions\/61277"}],"wp:attachment":[{"href":"https:\/\/www.humanium.org\/fr\/wp-json\/wp\/v2\/media?parent=40091"}],"wp:term":[{"taxonomy":"category","embeddable":true,"href":"https:\/\/www.humanium.org\/fr\/wp-json\/wp\/v2\/categories?post=40091"},{"taxonomy":"post_tag","embeddable":true,"href":"https:\/\/www.humanium.org\/fr\/wp-json\/wp\/v2\/tags?post=40091"}],"curies":[{"name":"wp","href":"https:\/\/api.w.org\/{rel}","templated":true}]}}