{"id":40093,"date":"2017-04-03T08:00:02","date_gmt":"2017-04-03T08:00:02","guid":{"rendered":"https:\/\/www.humanium.gives\/fr\/?p=40093"},"modified":"2026-08-20T18:18:39","modified_gmt":"2026-08-20T18:18:39","slug":"les-mefaits-de-la-violence-educative-ordinaire-en-france","status":"publish","type":"post","link":"https:\/\/www.humanium.org\/fr\/les-mefaits-de-la-violence-educative-ordinaire-en-france\/","title":{"rendered":"Les m\u00e9faits de la violence \u00e9ducative ordinaire en France"},"content":{"rendered":"<p><span style=\"font-weight: 400;\">La violence \u00e9ducative ordinaire, ou VEO, recense tous les pouvoirs abusifs de l&rsquo;adulte lorsqu&rsquo;il est dans une position dominante face \u00e0 l&rsquo;enfant. Elle regroupe coups, fess\u00e9es, gifles, punitions, humiliations physiques et psychiques. Elle englobe aussi les promesses non tenues, les chantages, les manipulations, les absences\u2026(OVEO, 2008) La VEO a des cons\u00e9quences n\u00e9fastes sur le d\u00e9veloppement de l&rsquo;enfant. Et elle est, dans une large mesure, autoris\u00e9e par la loi fran\u00e7aise.<\/span><\/p>\n<p><b>Un pas en avant, trois pas en arri\u00e8re&#8230;<\/b><\/p>\n<p><span style=\"font-weight: 400;\">Le 22 d\u00e9cembre 2016, le Parlement avait vot\u00e9, dans le cadre du projet Loi Egalit\u00e9 et Citoyennet\u00e9, l&rsquo;interdiction des violences dites \u00ab \u00e9ducatives ordinaires \u00bb. L\u2019article 222 du nouveau texte l\u00e9gislatif excluait \u00ab tout traitement cruel, d\u00e9gradant ou humiliant, y compris tout recours aux violences corporelles \u00bb, englobant, ce qui n&rsquo;\u00e9tait pas le cas jusque-l\u00e0, celles dites \u00ab \u00e9ducatives \u00bb.<\/span><\/p>\n<p><span style=\"font-weight: 400;\">Avec cette interdiction, la <a href=\"https:\/\/www.humanium.org\/fr\/europe-caucase\/france\/\">France<\/a> rejoignait enfin les 51 pays dans le monde, dont 32 en Europe, ayant adopt\u00e9 une telle loi. Elle rem\u00e9diait ainsi, partiellement du moins (car ne pr\u00e9voyant pour l&rsquo;instant aucune sanction) \u00e0 sa condamnation en mars 2015 par le Conseil de l&rsquo;Europe. Cette condamnation stipule que la France ne \u00ab pr\u00e9voit pas d&rsquo;interdiction suffisamment claire, contraignante et pr\u00e9cise, <a href=\"https:\/\/www.humanium.org\/fr\/wp-content\/uploads\/2017\/03\/shutterstock_129767900.jpg\"><img loading=\"lazy\" decoding=\"async\" class=\"alignright size-medium wp-image-38147\" src=\"https:\/\/www.humanium.org\/fr\/wp-content\/uploads\/2017\/03\/shutterstock_129767900-300x200.jpg\" alt=\"\" width=\"300\" height=\"200\" \/><\/a>des ch\u00e2timents corporels \u00bb, violant ainsi l&rsquo;article 17 de la Charte Europ\u00e9enne des droits sociaux, qui pr\u00e9cise que ses signataires doivent \u00ab prot\u00e9ger les enfants et les adolescents contre la n\u00e9gligence, la violence ou l&rsquo;exploitation \u00bb (Durand, 2016).<\/span><\/p>\n<p><span style=\"font-weight: 400;\">C&rsquo;\u00e9tait l\u00e0, m\u00eame symboliquement, une belle avanc\u00e9e pour les droits des enfants. Mais elle n&rsquo;aura pas dur\u00e9 longtemps, car un mois plus tard, le Conseil Constitutionnel est revenu sur l&rsquo;amendement, le consid\u00e9rant comme \u00ab un cavalier l\u00e9gislatif, c&rsquo;est-\u00e0-dire sans rapport avec l&rsquo;objet principal de la loi (Battaglia, Dupont, Jacquin, Rey-Lefebvre, 2017)\u00bb.<\/span><\/p>\n<p><span style=\"font-weight: 400;\">En France, seules les graves maltraitances sont punies par la loi. Pour nombre de parents, une fess\u00e9e ne peut \u00eatre consid\u00e9r\u00e9e comme un ch\u00e2timent corporel : 50% des parents commencent \u00e0 frapper leur enfant avant l&rsquo;\u00e2ge de 2 ans, 85% avant l&rsquo;\u00e2ge de 5 ans (Peyrach, 2016). Pourtant, la VEO est non seulement contre-productive, mais porte aussi atteinte, parfois profond\u00e9ment, au bon d\u00e9veloppement psycho-corporel de l&rsquo;enfant.<\/span><\/p>\n<p><b>Des cons\u00e9quences physiques&#8230;<\/b><\/p>\n<p><span style=\"font-weight: 400;\">Cette <a href=\"https:\/\/www.humanium.org\/fr\/la-maltraitance-des-enfants\/\">violence<\/a> \u00e9ducative est dite ordinaire car \u00ab consid\u00e9r\u00e9e comme banale, souvent quotidienne, normale, tol\u00e9r\u00e9e, parfois encourag\u00e9e par la soci\u00e9t\u00e9\u201d (Gueguen, 2014).<br \/>\nLe Dr Catherine Gueguen, p\u00e9diatre \u00e0 l&rsquo;Institut Franco-Britannique de Levallois-Perret, est sp\u00e9cialis\u00e9e en communication non violente et dans le soutien \u00e0 la parentalit\u00e9. Elle est l&rsquo;auteure de l&rsquo;ouvrage \u00ab Pour une enfance heureuse, repenser l&rsquo;\u00e9ducation \u00e0 la lumi\u00e8re des derni\u00e8res d\u00e9couvertes sur le cerveau \u00bb, qui explique en quoi la VEO emp\u00eache le cerveau d&rsquo;\u00e9voluer de mani\u00e8re optimale. On y apprend que les enfants recevant r\u00e9guli\u00e8rement des fess\u00e9es sont plus violents que ceux n&rsquo;en recevant jamais.<\/span><\/p>\n<p><span style=\"font-weight: 400;\">Plusieurs \u00e9tudes ont <a href=\"https:\/\/www.humanium.org\/fr\/wp-content\/uploads\/2017\/03\/shutterstock_360896174.jpg\"><img loading=\"lazy\" decoding=\"async\" class=\"size-medium wp-image-38149 alignleft\" src=\"https:\/\/www.humanium.org\/fr\/wp-content\/uploads\/2017\/03\/shutterstock_360896174-300x199.jpg\" alt=\"\" width=\"300\" height=\"199\" \/><\/a>prouv\u00e9 le lien entre VEO et syndromes d&rsquo;hyperactivit\u00e9, agressivit\u00e9, conduites anti-sociales, d\u00e9linquances&#8230;Ces \u00e9tudes se sont concentr\u00e9es sur des familles consid\u00e9r\u00e9es comme \u00ab normales \u00bb, excluant celles avec des parents toxicomanes, d\u00e9pressifs ou ayant un comportement \u00e0 risques. Elles d\u00e9montrent clairement que plus l&rsquo;enfant est agress\u00e9 violemment, plus il sera violent (Taylor, Manganello, Lee, Rice, 2010). Les corrections plus dures, avec ceinture, lani\u00e8res ou autres objets, ont des r\u00e9percussions dommageables, mesurables scientifiquement. Une \u00e9tude de 2009, men\u00e9e \u00e0 Harvard, a r\u00e9v\u00e9l\u00e9 que le cerveau d&rsquo;une personne frapp\u00e9e \u00e0 coups de ceinture pendant l&rsquo;enfance pr\u00e9sente une r\u00e9duction du volume de zone grise dans la r\u00e9gion pr\u00e9frontale, impliqu\u00e9e dans l&#8217;empathie, la capacit\u00e9 de r\u00e9fl\u00e9chir \u00e0 ses actes, l&rsquo;attention et la m\u00e9moire.(Tomoda et al., 2009)<\/span><\/p>\n<p><b>Et psychologiques&#8230;<\/b><\/p>\n<p><span style=\"font-weight: 400;\">La VEO entra\u00eene une foule de troubles psychologiques, certains se d\u00e9clarant bien plus tard, \u00e0 l&rsquo;\u00e2ge adulte : d\u00e9pressions, troubles anxieux et dissociatifs, d\u00e9pendance \u00e0 l&rsquo;alcool, aux drogues, manque de confiance en soi, manies etc\u2026 Une \u00e9ducation bas\u00e9e sur la peur ne peut aboutir aux r\u00e9sultats esp\u00e9r\u00e9s. Un enfant voit d&rsquo;abord en ses parents des guides et base toute confiance en eux. Mais lorsque ceux-ci expriment leur m\u00e9contentement ou leur d\u00e9ception par la col\u00e8re et la violence, le message est flout\u00e9 : l&rsquo;enfant se sent en ins\u00e9curit\u00e9, il angoisse et doute. Il se produit alors des distorsions de la r\u00e9alit\u00e9 et une confusion des sentiments. Les personnes qui l&rsquo;aiment, qui l&rsquo;encouragent, qui le prot\u00e8gent, sont aussi celles qui le frappent, l&rsquo;humilient, le rabaissent. Les fess\u00e9es, bien s\u00fbr, ne sont pas les seules responsables. Toutes les menaces, les insultes, les chantages, sont n\u00e9fastes <a href=\"https:\/\/www.humanium.org\/fr\/wp-content\/uploads\/2017\/03\/shutterstock_366387608.jpg\"><img loading=\"lazy\" decoding=\"async\" class=\"alignright size-medium wp-image-38150\" src=\"https:\/\/www.humanium.org\/fr\/wp-content\/uploads\/2017\/03\/shutterstock_366387608-300x200.jpg\" alt=\"\" width=\"300\" height=\"200\" \/><\/a>au bon d\u00e9veloppement d&rsquo;un enfant, et ne lui apprendront que la l\u00e2chet\u00e9 et l&rsquo;hypocrisie, car l&rsquo;enfant frapp\u00e9 ou humili\u00e9 n&rsquo;ob\u00e9it aux ordres que parce qu&rsquo;il a peur et recommence souvent ses b\u00eatises en cachette.<\/span><\/p>\n<p><b>Un changement n\u00e9cessaire<\/b><\/p>\n<p><span style=\"font-weight: 400;\">Nos enfants apprennent par l&rsquo;exemple. Il est admis largement, dans le monde entier, que frapper un enfant fait partie de son \u00e9ducation. 14% des Fran\u00e7ais disent avoir \u00e9t\u00e9 victimes de diff\u00e9rentes formes de maltraitances durant leur enfance (Enfant Bleu, 2015), tandis que 70% se disent contre une loi \u00ab anti-fess\u00e9e \u00bb (Kovacs, 2015). Pourtant, en France entre 600 et 700 enfants meurent chaque ann\u00e9e de mauvais traitements au sein m\u00eame de la famille, soit 2 enfants par jour (L\u2019Enfant bleu Toulouse, n.d.). M\u00eame si \u00ab on ne parle plus de fess\u00e9e \u00e0 ce stade-l\u00e0 \u00bb, ne pas l\u00e9gif\u00e9rer sur la VEO autorise la violence familiale, que chacun consid\u00e8re comme personnelle, et qui s&rsquo;av\u00e8re massive dans certains cas. Contrairement \u00e0 l&rsquo;id\u00e9e r\u00e9pandue, \u00e9lever ses enfants sans violence ne les rend pas ing\u00e9rables. Au contraire, les enfants respect\u00e9s s&rsquo;av\u00e8rent en moyenne plus respectueux, plus empathiques, plus confiants.<\/span><\/p>\n<p><span style=\"font-weight: 400;\"><br \/>\nParce que l&rsquo;avenir est \u00e0 nos enfants et qu&rsquo;il nous appartient de leur donner toutes les chances d&rsquo;\u00eatre des adultes \u00e9quilibr\u00e9s et heureux, nous devons prendre conscience des m\u00e9faits de la VEO et de son inutilit\u00e9. Une p\u00e9tition demandant \u00e0 r\u00e9tablir l&rsquo;article 222 de la loi Egalit\u00e9 et Citoyennet\u00e9, initi\u00e9e par le Dr Catherine Gueguen, L&rsquo;observatoire de la violence \u00e9ducative ordinaire et Stop Veo, Enfance sans violence, est actuellement en ligne sur Change.org.<\/span><\/p>\n<p>Pour aller plus loin :<br \/>\n<a href=\"http:\/\/www.oveo.org\/\">www.oveo.org<\/a><br \/>\n<a href=\"http:\/\/www.alice-miller.com\/\">www.alice-miller.com<\/a><br \/>\n<a href=\"http:\/\/stopveo.org\/\">stopveo.org\/<\/a><\/p>\n<table style=\"height: 61px;\" width=\"639\">\n<tbody style=\"background: #f9f9f9;\">\n<tr>\n<td>\n<div style=\"float: left; width: 50%;\">Ecrit par : Ena\u00eblle Deschamps<\/div>\n<div style=\"float: left; width: 50%;\">Relu par : Lucy Autin &amp; Salom\u00e9 Guibreteau<\/div>\n<\/td>\n<\/tr>\n<\/tbody>\n<\/table>\n<p><a><\/a><\/p>\n<p>&nbsp;<\/p>\n<p>&nbsp;<\/p>\n<p>Battaglia, M., Dupont, G., Jacquin J. B., Rey-Lefebvre, I. (26\/01\/2017). l&rsquo;amendement contre la fess\u00e9e censur\u00e9e par le Conseil Constitutionnel. [article de journal en ligne] R\u00e9cup\u00e9r\u00e9 sur Le Monde: <a href=\"http:\/\/www.lemonde.fr\/politique\/article\/2017\/01\/26\/fessee-ecole-hors-contrat-hlm-le-conseil-constitutionnel-censure-des-dispositions-du-texte-egalite-et-citoyennete_5069736_823448.html\">http:\/\/www.lemonde.fr\/politique\/article\/2017\/01\/26\/fessee-ecole-hors-contrat-hlm-le-conseil-constitutionnel-censure-des-dispositions-du-texte-egalite-et-citoyennete_5069736_823448.html<\/a><\/p>\n<p>Durand, A.-A. (13\/07\/2016). La fess\u00e9e est interdite dans 51 pays&#8230;mais pas en France. [article de journal en ligne] R\u00e9cup\u00e9r\u00e9 sur Le Monde: <a href=\"http:\/\/www.lemonde.fr\/les-decodeurs\/article\/2016\/07\/13\/la-fessee-bientot-interdite-en-france-elle-l-est-deja-dans-49-pays_4968864_4355770.html\">http:\/\/www.lemonde.fr\/les-decodeurs\/article\/2016\/07\/13\/la-fessee-bientot-interdite-en-france-elle-l-est-deja-dans-49-pays_4968864_4355770.html<\/a><\/p>\n<p>Enfant Bleu (3\/02\/2015) Grand sondage Harris-L&rsquo;Enfant Bleu sur la maltraitance en France. [en ligne] R\u00e9cup\u00e9r\u00e9 sur Enfant Bleu: http:\/\/www.enfantbleu.org\/actualites\/grand-sondage-harris-lenfant-bleu-sur-la-maltraitance-en-france<\/p>\n<p>Gueguen, C. (2014). Pour une enfance heureuse. Paris: Robert LAFFONT.<\/p>\n<p>Kovacs, S. (13\/03\/2015) Interdiction de la fess\u00e9e : 70% des Fran\u00e7ais disent non. r\u00e9cup\u00e9r\u00e9 sur Le Figaro: <a href=\"http:\/\/www.lefigaro.fr\/actualite-france\/2015\/03\/13\/01016-20150313ARTFIG00402-interdiction-de-la-fessee-70-des-francais-disent-non.php\">http:\/\/www.lefigaro.fr\/actualite-france\/2015\/03\/13\/01016-20150313ARTFIG00402-interdiction-de-la-fessee-70-des-francais-disent-non.php<\/a><\/p>\n<p>L\u2019Enfant bleu Toulouse (n.d.) Quelques chiffres sur la Maltraitance en France. R\u00e9cup\u00e9r\u00e9 sur L\u2019enfant bleu Toulouse: http:\/\/www.lenfantbleutoulouse.fr\/quelques-chiffres-sur-la.html<\/p>\n<p>OVEO (2008) La Violence Educative Ordinaire, qu\u2019est-ce que c\u2019est ? [en ligne] R\u00e9cup\u00e9r\u00e9 sur le site d\u2019OVEO: <a href=\"http:\/\/www.oveo.org\/la-violence-educative-ordinaire-quest-ce-que-cest\/\">http:\/\/www.oveo.org\/la-violence-educative-ordinaire-quest-ce-que-cest\/<\/a><\/p>\n<p>Peyrach, A. (02\/07\/2016). La France pourrait finalement interdire la fess\u00e9e. [article de journal en ligne] R\u00e9cup\u00e9r\u00e9 sur Le Figaro: <a href=\"http:\/\/www.lefigaro.fr\/actualite-france\/2016\/07\/02\/01016-20160702ARTFIG00107-la-france-pourrait-finalement-interdire-la-fessee.php\">http:\/\/www.lefigaro.fr\/actualite-france\/2016\/07\/02\/01016-20160702ARTFIG00107-la-france-pourrait-finalement-interdire-la-fessee.php<\/a><\/p>\n<p>Taylor, C. A., Manganello, J., Lee, S. J., Rice, J, C, (2010). Mother&rsquo;s spanking of 3-year-old children and subsequent risk of children&rsquo;s agressive behavior. Pediatrics, 125, pp. 1057-1065<\/p>\n<p>Tomoda, A.,.Suzuki, H., Rabi, K., Sheu, Y-S., Polcari, A., Teicher, M., (08\/2009) Reduced prefrontal cortical gray matter volume in young adults exposed to harsh corporal punishment. Neuroimage, 47(suppl. 2), pT66-T71<\/p>\n","protected":false},"excerpt":{"rendered":"<p>La violence \u00e9ducative ordinaire, ou VEO, recense tous les pouvoirs abusifs de l&rsquo;adulte lorsqu&rsquo;il est dans une position dominante face \u00e0 l&rsquo;enfant. Elle regroupe coups, fess\u00e9es, gifles, punitions, humiliations physiques et psychiques. Elle englobe aussi les promesses non tenues, les chantages, les manipulations, les absences\u2026(OVEO, 2008) La VEO a des cons\u00e9quences n\u00e9fastes sur le d\u00e9veloppement [&hellip;]<\/p>\n","protected":false},"author":69,"featured_media":0,"comment_status":"closed","ping_status":"closed","sticky":false,"template":"","format":"standard","meta":{"footnotes":""},"categories":[214],"tags":[],"class_list":["post-40093","post","type-post","status-publish","format-standard","hentry","category-violence"],"yoast_head":"<!-- This site is optimized with the Yoast SEO plugin v28.3 - https:\/\/yoast.com\/product\/yoast-seo-wordpress\/ -->\n<title>Les m\u00e9faits de la violence \u00e9ducative ordinaire en France - Humanium<\/title>\n<meta name=\"robots\" content=\"index, follow, max-snippet:-1, max-image-preview:large, max-video-preview:-1\" \/>\n<link rel=\"canonical\" href=\"https:\/\/www.humanium.org\/fr\/les-mefaits-de-la-violence-educative-ordinaire-en-france\/\" \/>\n<meta property=\"og:locale\" content=\"fr_FR\" \/>\n<meta property=\"og:type\" content=\"article\" \/>\n<meta property=\"og:title\" content=\"Les m\u00e9faits de la violence \u00e9ducative ordinaire en France - Humanium\" \/>\n<meta property=\"og:description\" content=\"La violence \u00e9ducative ordinaire, ou VEO, recense tous les pouvoirs abusifs de l&rsquo;adulte lorsqu&rsquo;il est dans une position dominante face \u00e0 l&rsquo;enfant. Elle regroupe coups, fess\u00e9es, gifles, punitions, humiliations physiques et psychiques. Elle englobe aussi les promesses non tenues, les chantages, les manipulations, les absences\u2026(OVEO, 2008) La VEO a des cons\u00e9quences n\u00e9fastes sur le d\u00e9veloppement [&hellip;]\" \/>\n<meta property=\"og:url\" content=\"https:\/\/www.humanium.org\/fr\/les-mefaits-de-la-violence-educative-ordinaire-en-france\/\" \/>\n<meta property=\"og:site_name\" content=\"Humanium\" \/>\n<meta property=\"article:published_time\" content=\"2017-04-03T08:00:02+00:00\" \/>\n<meta property=\"article:modified_time\" content=\"2026-08-20T18:18:39+00:00\" \/>\n<meta name=\"author\" content=\"Humanium\" \/>\n<meta name=\"twitter:card\" content=\"summary_large_image\" \/>\n<meta name=\"twitter:label1\" content=\"\u00c9crit par\" \/>\n\t<meta name=\"twitter:data1\" content=\"Humanium\" \/>\n\t<meta name=\"twitter:label2\" content=\"Dur\u00e9e de lecture estim\u00e9e\" \/>\n\t<meta name=\"twitter:data2\" content=\"7 minutes\" \/>\n<script type=\"application\/ld+json\" class=\"yoast-schema-graph\">{\"@context\":\"https:\\\/\\\/schema.org\",\"@graph\":[{\"@type\":\"Article\",\"@id\":\"https:\\\/\\\/www.humanium.org\\\/fr\\\/les-mefaits-de-la-violence-educative-ordinaire-en-france\\\/#article\",\"isPartOf\":{\"@id\":\"https:\\\/\\\/www.humanium.org\\\/fr\\\/les-mefaits-de-la-violence-educative-ordinaire-en-france\\\/\"},\"author\":{\"name\":\"Humanium\",\"@id\":\"https:\\\/\\\/www.humanium.org\\\/fr\\\/#\\\/schema\\\/person\\\/d798d6c7d59ba2307e0877f61a20ce3e\"},\"headline\":\"Les m\u00e9faits de la violence \u00e9ducative ordinaire en France\",\"datePublished\":\"2017-04-03T08:00:02+00:00\",\"dateModified\":\"2026-08-20T18:18:39+00:00\",\"mainEntityOfPage\":{\"@id\":\"https:\\\/\\\/www.humanium.org\\\/fr\\\/les-mefaits-de-la-violence-educative-ordinaire-en-france\\\/\"},\"wordCount\":1347,\"image\":{\"@id\":\"https:\\\/\\\/www.humanium.org\\\/fr\\\/les-mefaits-de-la-violence-educative-ordinaire-en-france\\\/#primaryimage\"},\"thumbnailUrl\":\"https:\\\/\\\/www.humanium.org\\\/fr\\\/wp-content\\\/uploads\\\/2017\\\/03\\\/shutterstock_129767900-300x200.jpg\",\"articleSection\":[\"violence\"],\"inLanguage\":\"fr-FR\"},{\"@type\":\"WebPage\",\"@id\":\"https:\\\/\\\/www.humanium.org\\\/fr\\\/les-mefaits-de-la-violence-educative-ordinaire-en-france\\\/\",\"url\":\"https:\\\/\\\/www.humanium.org\\\/fr\\\/les-mefaits-de-la-violence-educative-ordinaire-en-france\\\/\",\"name\":\"Les m\u00e9faits de la violence \u00e9ducative ordinaire en France - Humanium\",\"isPartOf\":{\"@id\":\"https:\\\/\\\/www.humanium.org\\\/fr\\\/#website\"},\"primaryImageOfPage\":{\"@id\":\"https:\\\/\\\/www.humanium.org\\\/fr\\\/les-mefaits-de-la-violence-educative-ordinaire-en-france\\\/#primaryimage\"},\"image\":{\"@id\":\"https:\\\/\\\/www.humanium.org\\\/fr\\\/les-mefaits-de-la-violence-educative-ordinaire-en-france\\\/#primaryimage\"},\"thumbnailUrl\":\"https:\\\/\\\/www.humanium.org\\\/fr\\\/wp-content\\\/uploads\\\/2017\\\/03\\\/shutterstock_129767900-300x200.jpg\",\"datePublished\":\"2017-04-03T08:00:02+00:00\",\"dateModified\":\"2026-08-20T18:18:39+00:00\",\"author\":{\"@id\":\"https:\\\/\\\/www.humanium.org\\\/fr\\\/#\\\/schema\\\/person\\\/d798d6c7d59ba2307e0877f61a20ce3e\"},\"breadcrumb\":{\"@id\":\"https:\\\/\\\/www.humanium.org\\\/fr\\\/les-mefaits-de-la-violence-educative-ordinaire-en-france\\\/#breadcrumb\"},\"inLanguage\":\"fr-FR\",\"potentialAction\":[{\"@type\":\"ReadAction\",\"target\":[\"https:\\\/\\\/www.humanium.org\\\/fr\\\/les-mefaits-de-la-violence-educative-ordinaire-en-france\\\/\"]}]},{\"@type\":\"ImageObject\",\"inLanguage\":\"fr-FR\",\"@id\":\"https:\\\/\\\/www.humanium.org\\\/fr\\\/les-mefaits-de-la-violence-educative-ordinaire-en-france\\\/#primaryimage\",\"url\":\"https:\\\/\\\/www.humanium.org\\\/fr\\\/wp-content\\\/uploads\\\/2017\\\/03\\\/shutterstock_129767900-300x200.jpg\",\"contentUrl\":\"https:\\\/\\\/www.humanium.org\\\/fr\\\/wp-content\\\/uploads\\\/2017\\\/03\\\/shutterstock_129767900-300x200.jpg\"},{\"@type\":\"BreadcrumbList\",\"@id\":\"https:\\\/\\\/www.humanium.org\\\/fr\\\/les-mefaits-de-la-violence-educative-ordinaire-en-france\\\/#breadcrumb\",\"itemListElement\":[{\"@type\":\"ListItem\",\"position\":1,\"name\":\"Home\",\"item\":\"https:\\\/\\\/www.humanium.org\\\/fr\\\/\"},{\"@type\":\"ListItem\",\"position\":2,\"name\":\"Les m\u00e9faits de la violence \u00e9ducative ordinaire en France\"}]},{\"@type\":\"WebSite\",\"@id\":\"https:\\\/\\\/www.humanium.org\\\/fr\\\/#website\",\"url\":\"https:\\\/\\\/www.humanium.org\\\/fr\\\/\",\"name\":\"Humanium\",\"description\":\"Les enfants d\u2019abord !\",\"potentialAction\":[{\"@type\":\"SearchAction\",\"target\":{\"@type\":\"EntryPoint\",\"urlTemplate\":\"https:\\\/\\\/www.humanium.org\\\/fr\\\/?s={search_term_string}\"},\"query-input\":{\"@type\":\"PropertyValueSpecification\",\"valueRequired\":true,\"valueName\":\"search_term_string\"}}],\"inLanguage\":\"fr-FR\"},{\"@type\":\"Person\",\"@id\":\"https:\\\/\\\/www.humanium.org\\\/fr\\\/#\\\/schema\\\/person\\\/d798d6c7d59ba2307e0877f61a20ce3e\",\"name\":\"Humanium\",\"image\":{\"@type\":\"ImageObject\",\"inLanguage\":\"fr-FR\",\"@id\":\"https:\\\/\\\/secure.gravatar.com\\\/avatar\\\/22715e338d2fcc547e3a431c4738360d33fea2a4af458f865b2c3b22f1eaa51f?s=96&d=mm&r=g\",\"url\":\"https:\\\/\\\/secure.gravatar.com\\\/avatar\\\/22715e338d2fcc547e3a431c4738360d33fea2a4af458f865b2c3b22f1eaa51f?s=96&d=mm&r=g\",\"contentUrl\":\"https:\\\/\\\/secure.gravatar.com\\\/avatar\\\/22715e338d2fcc547e3a431c4738360d33fea2a4af458f865b2c3b22f1eaa51f?s=96&d=mm&r=g\",\"caption\":\"Humanium\"},\"url\":\"https:\\\/\\\/www.humanium.org\\\/fr\\\/author\\\/humanium\\\/\"}]}<\/script>\n<!-- \/ Yoast SEO plugin. -->","yoast_head_json":{"title":"Les m\u00e9faits de la violence \u00e9ducative ordinaire en France - Humanium","robots":{"index":"index","follow":"follow","max-snippet":"max-snippet:-1","max-image-preview":"max-image-preview:large","max-video-preview":"max-video-preview:-1"},"canonical":"https:\/\/www.humanium.org\/fr\/les-mefaits-de-la-violence-educative-ordinaire-en-france\/","og_locale":"fr_FR","og_type":"article","og_title":"Les m\u00e9faits de la violence \u00e9ducative ordinaire en France - Humanium","og_description":"La violence \u00e9ducative ordinaire, ou VEO, recense tous les pouvoirs abusifs de l&rsquo;adulte lorsqu&rsquo;il est dans une position dominante face \u00e0 l&rsquo;enfant. Elle regroupe coups, fess\u00e9es, gifles, punitions, humiliations physiques et psychiques. Elle englobe aussi les promesses non tenues, les chantages, les manipulations, les absences\u2026(OVEO, 2008) La VEO a des cons\u00e9quences n\u00e9fastes sur le d\u00e9veloppement [&hellip;]","og_url":"https:\/\/www.humanium.org\/fr\/les-mefaits-de-la-violence-educative-ordinaire-en-france\/","og_site_name":"Humanium","article_published_time":"2017-04-03T08:00:02+00:00","article_modified_time":"2026-08-20T18:18:39+00:00","author":"Humanium","twitter_card":"summary_large_image","twitter_misc":{"\u00c9crit par":"Humanium","Dur\u00e9e de lecture estim\u00e9e":"7 minutes"},"schema":{"@context":"https:\/\/schema.org","@graph":[{"@type":"Article","@id":"https:\/\/www.humanium.org\/fr\/les-mefaits-de-la-violence-educative-ordinaire-en-france\/#article","isPartOf":{"@id":"https:\/\/www.humanium.org\/fr\/les-mefaits-de-la-violence-educative-ordinaire-en-france\/"},"author":{"name":"Humanium","@id":"https:\/\/www.humanium.org\/fr\/#\/schema\/person\/d798d6c7d59ba2307e0877f61a20ce3e"},"headline":"Les m\u00e9faits de la violence \u00e9ducative ordinaire en France","datePublished":"2017-04-03T08:00:02+00:00","dateModified":"2026-08-20T18:18:39+00:00","mainEntityOfPage":{"@id":"https:\/\/www.humanium.org\/fr\/les-mefaits-de-la-violence-educative-ordinaire-en-france\/"},"wordCount":1347,"image":{"@id":"https:\/\/www.humanium.org\/fr\/les-mefaits-de-la-violence-educative-ordinaire-en-france\/#primaryimage"},"thumbnailUrl":"https:\/\/www.humanium.org\/fr\/wp-content\/uploads\/2017\/03\/shutterstock_129767900-300x200.jpg","articleSection":["violence"],"inLanguage":"fr-FR"},{"@type":"WebPage","@id":"https:\/\/www.humanium.org\/fr\/les-mefaits-de-la-violence-educative-ordinaire-en-france\/","url":"https:\/\/www.humanium.org\/fr\/les-mefaits-de-la-violence-educative-ordinaire-en-france\/","name":"Les m\u00e9faits de la violence \u00e9ducative ordinaire en France - Humanium","isPartOf":{"@id":"https:\/\/www.humanium.org\/fr\/#website"},"primaryImageOfPage":{"@id":"https:\/\/www.humanium.org\/fr\/les-mefaits-de-la-violence-educative-ordinaire-en-france\/#primaryimage"},"image":{"@id":"https:\/\/www.humanium.org\/fr\/les-mefaits-de-la-violence-educative-ordinaire-en-france\/#primaryimage"},"thumbnailUrl":"https:\/\/www.humanium.org\/fr\/wp-content\/uploads\/2017\/03\/shutterstock_129767900-300x200.jpg","datePublished":"2017-04-03T08:00:02+00:00","dateModified":"2026-08-20T18:18:39+00:00","author":{"@id":"https:\/\/www.humanium.org\/fr\/#\/schema\/person\/d798d6c7d59ba2307e0877f61a20ce3e"},"breadcrumb":{"@id":"https:\/\/www.humanium.org\/fr\/les-mefaits-de-la-violence-educative-ordinaire-en-france\/#breadcrumb"},"inLanguage":"fr-FR","potentialAction":[{"@type":"ReadAction","target":["https:\/\/www.humanium.org\/fr\/les-mefaits-de-la-violence-educative-ordinaire-en-france\/"]}]},{"@type":"ImageObject","inLanguage":"fr-FR","@id":"https:\/\/www.humanium.org\/fr\/les-mefaits-de-la-violence-educative-ordinaire-en-france\/#primaryimage","url":"https:\/\/www.humanium.org\/fr\/wp-content\/uploads\/2017\/03\/shutterstock_129767900-300x200.jpg","contentUrl":"https:\/\/www.humanium.org\/fr\/wp-content\/uploads\/2017\/03\/shutterstock_129767900-300x200.jpg"},{"@type":"BreadcrumbList","@id":"https:\/\/www.humanium.org\/fr\/les-mefaits-de-la-violence-educative-ordinaire-en-france\/#breadcrumb","itemListElement":[{"@type":"ListItem","position":1,"name":"Home","item":"https:\/\/www.humanium.org\/fr\/"},{"@type":"ListItem","position":2,"name":"Les m\u00e9faits de la violence \u00e9ducative ordinaire en France"}]},{"@type":"WebSite","@id":"https:\/\/www.humanium.org\/fr\/#website","url":"https:\/\/www.humanium.org\/fr\/","name":"Humanium","description":"Les enfants d\u2019abord !","potentialAction":[{"@type":"SearchAction","target":{"@type":"EntryPoint","urlTemplate":"https:\/\/www.humanium.org\/fr\/?s={search_term_string}"},"query-input":{"@type":"PropertyValueSpecification","valueRequired":true,"valueName":"search_term_string"}}],"inLanguage":"fr-FR"},{"@type":"Person","@id":"https:\/\/www.humanium.org\/fr\/#\/schema\/person\/d798d6c7d59ba2307e0877f61a20ce3e","name":"Humanium","image":{"@type":"ImageObject","inLanguage":"fr-FR","@id":"https:\/\/secure.gravatar.com\/avatar\/22715e338d2fcc547e3a431c4738360d33fea2a4af458f865b2c3b22f1eaa51f?s=96&d=mm&r=g","url":"https:\/\/secure.gravatar.com\/avatar\/22715e338d2fcc547e3a431c4738360d33fea2a4af458f865b2c3b22f1eaa51f?s=96&d=mm&r=g","contentUrl":"https:\/\/secure.gravatar.com\/avatar\/22715e338d2fcc547e3a431c4738360d33fea2a4af458f865b2c3b22f1eaa51f?s=96&d=mm&r=g","caption":"Humanium"},"url":"https:\/\/www.humanium.org\/fr\/author\/humanium\/"}]}},"_links":{"self":[{"href":"https:\/\/www.humanium.org\/fr\/wp-json\/wp\/v2\/posts\/40093","targetHints":{"allow":["GET"]}}],"collection":[{"href":"https:\/\/www.humanium.org\/fr\/wp-json\/wp\/v2\/posts"}],"about":[{"href":"https:\/\/www.humanium.org\/fr\/wp-json\/wp\/v2\/types\/post"}],"author":[{"embeddable":true,"href":"https:\/\/www.humanium.org\/fr\/wp-json\/wp\/v2\/users\/69"}],"replies":[{"embeddable":true,"href":"https:\/\/www.humanium.org\/fr\/wp-json\/wp\/v2\/comments?post=40093"}],"version-history":[{"count":4,"href":"https:\/\/www.humanium.org\/fr\/wp-json\/wp\/v2\/posts\/40093\/revisions"}],"predecessor-version":[{"id":61278,"href":"https:\/\/www.humanium.org\/fr\/wp-json\/wp\/v2\/posts\/40093\/revisions\/61278"}],"wp:attachment":[{"href":"https:\/\/www.humanium.org\/fr\/wp-json\/wp\/v2\/media?parent=40093"}],"wp:term":[{"taxonomy":"category","embeddable":true,"href":"https:\/\/www.humanium.org\/fr\/wp-json\/wp\/v2\/categories?post=40093"},{"taxonomy":"post_tag","embeddable":true,"href":"https:\/\/www.humanium.org\/fr\/wp-json\/wp\/v2\/tags?post=40093"}],"curies":[{"name":"wp","href":"https:\/\/api.w.org\/{rel}","templated":true}]}}