{"id":40097,"date":"2017-04-17T08:00:45","date_gmt":"2017-04-17T08:00:45","guid":{"rendered":"https:\/\/www.humanium.gives\/fr\/?p=40097"},"modified":"2026-08-20T18:18:39","modified_gmt":"2026-08-20T18:18:39","slug":"en-italie-la-tragedie-dans-la-tragedie-les-mineurs-non-accompagnes","status":"publish","type":"post","link":"https:\/\/www.humanium.org\/fr\/en-italie-la-tragedie-dans-la-tragedie-les-mineurs-non-accompagnes\/","title":{"rendered":"En Italie, la trag\u00e9die dans la trag\u00e9die : les mineurs non accompagn\u00e9s."},"content":{"rendered":"<p><span style=\"font-weight: 400;\">En 2016, parmi les 20 000 enfants migrants non accompagn\u00e9s qui sont arriv\u00e9s en <a href=\"https:\/\/www.humanium.org\/fr\/europe-caucase\/italie\/\">Italie<\/a>, 6 000 ont disparu des radars des autorit\u00e9s italiennes. (Repubblica, 2016) Il s\u2019agit surtout de mineurs \u00e9rythr\u00e9ens, somaliens et \u00e9gyptiens, \u00e2g\u00e9s de 10 \u00e0 16 ans. Malheureusement, l\u2019Italie n\u2019arrive pas \u00e0 trouver de solution efficace \u00e0 ce grave probl\u00e8me.<\/span><\/p>\n<p><b>Une arriv\u00e9e difficile en Italie pour les mineurs<\/b><\/p>\n<p><span style=\"font-weight: 400;\">Quand les mineurs arrivent en<a href=\"https:\/\/www.humanium.org\/fr\/wp-content\/uploads\/2017\/04\/shutterstock_314211323.jpg\"><img loading=\"lazy\" decoding=\"async\" class=\"alignleft size-medium wp-image-38187\" src=\"https:\/\/www.humanium.org\/fr\/wp-content\/uploads\/2017\/04\/shutterstock_314211323-300x200.jpg\" alt=\"\" width=\"300\" height=\"200\" \/><\/a> Italie, ils trouvent une situation bien diff\u00e9rente de leurs attentes: de nombreux obstacles se dressent face \u00e0 eux. Tout d\u2019abord, ils se retrouvent dans des centres d\u2019accueil souvent insalubres et surpeupl\u00e9s (Rodini, 2017). De plus, \u00e0 cause de leur statut pr\u00e9caire et de l\u2019irr\u00e9gularit\u00e9 de leur situation sur le territoire, ils ne peuvent ni \u00e9tudier, ni travailler pour rembourser les personnes qui ont pay\u00e9 pour leur voyage \u00e0 travers la M\u00e9diterran\u00e9e. Il faut ajouter \u00e0 cela que les proc\u00e9dures pour le regroupement familial sont tr\u00e8s longues et complexes. C\u2019est pour ces raisons qu\u2019un tr\u00e8s grand nombre de mineurs (en 2016, 6 000 mineurs de moins de 16 ans !) d\u00e9cident de fuir les centres et deviennent des migrants clandestins (Save the children, 2017).<\/span><\/p>\n<p><span style=\"font-weight: 400;\">Ils vivent dans la rue, \u00e9ventuellement avec des adultes de la m\u00eame nationalit\u00e9, aid\u00e9s, s&rsquo;ils ont de la chance, par des volontaires d\u2019associations qui travaillent sur le territoire. La majorit\u00e9 d\u2019entre eux essayeront de trouver de l\u2019argent pour quitter l\u2019Italie et rejoindre des membres de leur famille dans un autre pays europ\u00e9en ou, tout simplement, de pr\u00e9senter une demande d\u2019asile dans un pays autre que celui d\u2019entr\u00e9e. <\/span><\/p>\n<p><b>La grande vuln\u00e9rabilit\u00e9 des mineurs non accompagn\u00e9s<\/b><\/p>\n<p><span style=\"font-weight: 400;\">Il faut se rendre <a href=\"https:\/\/www.humanium.org\/fr\/wp-content\/uploads\/2017\/04\/shutterstock_565583509.jpg\"><img loading=\"lazy\" decoding=\"async\" class=\"alignright size-medium wp-image-38188\" src=\"https:\/\/www.humanium.org\/fr\/wp-content\/uploads\/2017\/04\/shutterstock_565583509-300x200.jpg\" alt=\"\" width=\"300\" height=\"200\" \/><\/a>compte que tous ces mineurs sont vuln\u00e9rables \u00e0 cause de probl\u00e8mes psychologiques, trafiquants d\u2019\u00eatres humains, qui peuvent facilement les manipuler. (Repubblica, 2016) Il s\u2019agit d\u2019une exploitation clandestine et r\u00e9pandue, avec dans la plupart des cas par des abus sexuels sur les mineurs.<\/span><\/p>\n<p><span style=\"font-weight: 400;\">Au final, le sort des mineurs, leur survie, leur voyage \u00e0 travers l\u2019Europe, est une question d\u2019argent. Dans le meilleur des cas, ce sont les parents ou la famille qui envoient la somme requise pour continuer le voyage \u00e0 travers l\u2019Italie et au-del\u00e0 de ses fronti\u00e8res. Dans d\u2019autres cas, ces mineurs essayent de gagner de l\u2019argent gr\u00e2ce au travail au noir, \u00e0 des activit\u00e9s de petite d\u00e9linquance, au trafic de drogue, \u00e0 la prostitution (Repubblica, 2016).<\/span><\/p>\n<p><b>L\u2019insuffisance du syst\u00e8me l\u00e9gislatif italien<\/b><\/p>\n<p><span style=\"font-weight: 400;\">La premi\u00e8re cause de cette situation d\u00e9sesp\u00e9r\u00e9e est l&rsquo;absence d\u2019une loi sp\u00e9cifique pour la protection des mineurs migrants. Actuellement, les normes en vigueur en Italie sont d&rsquo;une part la Convention de New York relative aux Droits de l\u2019Enfant de 1989, selon laquelle les mineurs non accompagn\u00e9s ont quand m\u00eame le droit \u00e0 un permis de s\u00e9jour, et d&rsquo;autre partle d\u00e9cret l\u00e9gislatif 268\/1998 sur l\u2019immigration, qui pr\u00e9voit une discipline g\u00e9n\u00e9rale sur ce th\u00e8me. <a href=\"https:\/\/www.humanium.org\/fr\/wp-content\/uploads\/2017\/04\/syrian-1682296_640.jpg\"><img loading=\"lazy\" decoding=\"async\" class=\"alignleft size-medium wp-image-38189\" src=\"https:\/\/www.humanium.org\/fr\/wp-content\/uploads\/2017\/04\/syrian-1682296_640-300x169.jpg\" alt=\"\" width=\"300\" height=\"169\" \/><\/a>Ces mesures sont insuffisantes pour faire face \u00e0 ce probl\u00e8me (Camilli, 2017), puisque aucune des deux ne prescrit de solutions pour les mineurs migrants qui sortent du syst\u00e8me d\u2019accueil.<\/span><\/p>\n<p><span style=\"font-weight: 400;\">Le projet de loi Zampa, qui introduit une r\u00e8gle sp\u00e9cifique pour la tutelle des <a href=\"https:\/\/www.humanium.org\/fr\/enfants-deplaces\/\">mineurs migrants<\/a>, est cens\u00e9 rem\u00e9dier \u00e0 ces probl\u00e8mes. Mais ce projet de loi est en attente d\u2019approbation en Parlement depuis 2013 \u2013 pr\u00e8s de 4 ans ! Son contenu peut \u00eatre r\u00e9sum\u00e9 en cinq points:<br \/>\n1. Une proc\u00e9dure uniforme au niveau national pour la v\u00e9rification de l\u2019\u00e2ge et l\u2019identification des mineurs<br \/>\n2. Un syst\u00e8me structur\u00e9 d\u2019accueil en Italie avec des structures organis\u00e9es<br \/>\n3. Le respect de l\u2019int\u00e9r\u00eat sup\u00e9rieur du mineur<br \/>\n4. Le droit \u00e0 l\u2019instruction et \u00e0 la sant\u00e9<br \/>\n5. Le droit \u00e0 une aide juridique et d&rsquo;\u00eatre \u00e9cout\u00e9 dans les proc\u00e9dures judiciaires et administratives o\u00f9 ils sont impliqu\u00e9s. (Save the children, 2017).<br \/>\nCombien de temps faudra-t-il encore attendre pour son entr\u00e9e en vigueur?<br \/>\n<\/span><\/p>\n<p><b>Les ONG se tournent vers les autorit\u00e9s nationales et internationales<\/b><\/p>\n<p><span style=\"font-weight: 400;\">Fatigu\u00e9e de cette situation d\u00e9sastreuse, Oxfam demande aux autorit\u00e9s italiennes et europ\u00e9ennes d\u2019intervenir rapidement, pour garantir \u00e0 ces mineurs des logements adapt\u00e9s et le support ad\u00e9quat dont ils ont besoin pour une vie digne (Oxfam Italia, n.d), position qui est \u00e9galement soutenue par Save the children (Save the children, 2017). Esp\u00e9rons que leur appel soit \u00e9cout\u00e9 !<\/span><\/p>\n<table style=\"height: 61px;\" width=\"639\">\n<tbody style=\"background: #f9f9f9;\">\n<tr>\n<td>\n<div style=\"float: left; width: 50%;\">Ecrit par : Francesca Corsetti<\/div>\n<div style=\"float: left; width: 50%;\">Relu par : Lucy Autin, Petra Friedmann et Ania Beznia<\/div>\n<\/td>\n<\/tr>\n<\/tbody>\n<\/table>\n<p><a><\/a><\/p>\n<p>&nbsp;<\/p>\n<p>&nbsp;<\/p>\n<p>Camilli, A. (2017, 02 13). <em>Internazionale<\/em>. Consult\u00e9 le 03 3, 2017, sur internazionale.it: <a href=\"http:\/\/www.internazionale.it\/notizie\/annalisa-camilli\/2017\/02\/13\/migranti-minori-non-accompagnati-legge-zampa\">http:\/\/www.internazionale.it\/notizie\/annalisa-camilli\/2017\/02\/13\/migranti-minori-non-accompagnati-legge-zampa<\/a><\/p>\n<p>Oxfam Italia. (n.d). Consult\u00e9 le 02 11, 2017, sur oxfamitalia.org: <a href=\"https:\/\/www.oxfamitalia.org\/ogni-giorno-28-bambini-scompaiono-dal-sistema-di-accoglienza-italiano\/\">https:\/\/www.oxfamitalia.org\/ogni-giorno-28-bambini-scompaiono-dal-sistema-di-accoglienza-italiano\/<\/a><\/p>\n<p>Repubblica. (2016, 10 26). Consult\u00e9 le 02 10, 2017, sur Repubblica.it: <a href=\"http:\/\/www.repubblica.it\/esteri\/2016\/10\/26\/news\/migranti_minori_inchiesta_lena_repubblica_el_pais_welt_le_soir_die_welt-150581936\/\">http:\/\/www.repubblica.it\/esteri\/2016\/10\/26\/news\/migranti_minori_inchiesta_lena_repubblica_el_pais_welt_le_soir_die_welt-150581936\/\/<\/a><\/p>\n<p>Rodini, G. (2017, 01 4). <em>il fatto quotidiano&gt;. Consult\u00e9 le 03 3, 2017, sur ilfattoquotidiano.it: <a href=\"http:\/\/www.ilfattoquotidiano.it\/2017\/01\/04\/centri-daccoglienza-il-racconto-in-italia-condizioni-disastrose-la-struttura-di-cona-una-delle-peggiori\/3294706\/\">http:\/\/www.ilfattoquotidiano.it\/2017\/01\/04\/centri-daccoglienza-il-racconto-in-italia-condizioni-disastrose-la-struttura-di-cona-una-delle-peggiori\/3294706\/<\/a><\/em><\/p>\n<p>Save the children. (2017, 02 10). Consult\u00e9 le 02 10, 2017, sur : <a href=\"https:\/\/www.savethechildren.it\/blog-notizie\/minori-migranti-cosa-si-intende-quando-si-parla-di-vie-sicure \">https:\/\/www.savethechildren.it\/blog-notizie\/minori-migranti-cosa-si-intende-quando-si-parla-di-vie-sicure<\/a><\/p>\n","protected":false},"excerpt":{"rendered":"<p>En 2016, parmi les 20 000 enfants migrants non accompagn\u00e9s qui sont arriv\u00e9s en Italie, 6 000 ont disparu des radars des autorit\u00e9s italiennes. (Repubblica, 2016) Il s\u2019agit surtout de mineurs \u00e9rythr\u00e9ens, somaliens et \u00e9gyptiens, \u00e2g\u00e9s de 10 \u00e0 16 ans. Malheureusement, l\u2019Italie n\u2019arrive pas \u00e0 trouver de solution efficace \u00e0 ce grave probl\u00e8me. Une [&hellip;]<\/p>\n","protected":false},"author":69,"featured_media":0,"comment_status":"closed","ping_status":"closed","sticky":false,"template":"","format":"standard","meta":{"footnotes":""},"categories":[4,215],"tags":[],"class_list":["post-40097","post","type-post","status-publish","format-standard","hentry","category-droits-humains","category-refugies"],"yoast_head":"<!-- This site is optimized with the Yoast SEO plugin v28.3 - https:\/\/yoast.com\/product\/yoast-seo-wordpress\/ -->\n<title>En Italie, la trag\u00e9die dans la trag\u00e9die : les mineurs non accompagn\u00e9s. - Humanium<\/title>\n<meta name=\"robots\" content=\"index, follow, max-snippet:-1, max-image-preview:large, max-video-preview:-1\" \/>\n<link rel=\"canonical\" href=\"https:\/\/www.humanium.org\/fr\/en-italie-la-tragedie-dans-la-tragedie-les-mineurs-non-accompagnes\/\" \/>\n<meta property=\"og:locale\" content=\"fr_FR\" \/>\n<meta property=\"og:type\" content=\"article\" \/>\n<meta property=\"og:title\" content=\"En Italie, la trag\u00e9die dans la trag\u00e9die : les mineurs non accompagn\u00e9s. - Humanium\" \/>\n<meta property=\"og:description\" content=\"En 2016, parmi les 20 000 enfants migrants non accompagn\u00e9s qui sont arriv\u00e9s en Italie, 6 000 ont disparu des radars des autorit\u00e9s italiennes. (Repubblica, 2016) Il s\u2019agit surtout de mineurs \u00e9rythr\u00e9ens, somaliens et \u00e9gyptiens, \u00e2g\u00e9s de 10 \u00e0 16 ans. Malheureusement, l\u2019Italie n\u2019arrive pas \u00e0 trouver de solution efficace \u00e0 ce grave probl\u00e8me. Une [&hellip;]\" \/>\n<meta property=\"og:url\" content=\"https:\/\/www.humanium.org\/fr\/en-italie-la-tragedie-dans-la-tragedie-les-mineurs-non-accompagnes\/\" \/>\n<meta property=\"og:site_name\" content=\"Humanium\" \/>\n<meta property=\"article:published_time\" content=\"2017-04-17T08:00:45+00:00\" \/>\n<meta property=\"article:modified_time\" content=\"2026-08-20T18:18:39+00:00\" \/>\n<meta name=\"author\" content=\"Humanium\" \/>\n<meta name=\"twitter:card\" content=\"summary_large_image\" \/>\n<meta name=\"twitter:label1\" content=\"\u00c9crit par\" \/>\n\t<meta name=\"twitter:data1\" content=\"Humanium\" \/>\n\t<meta name=\"twitter:label2\" content=\"Dur\u00e9e de lecture estim\u00e9e\" \/>\n\t<meta name=\"twitter:data2\" content=\"4 minutes\" \/>\n<script type=\"application\/ld+json\" class=\"yoast-schema-graph\">{\"@context\":\"https:\\\/\\\/schema.org\",\"@graph\":[{\"@type\":\"Article\",\"@id\":\"https:\\\/\\\/www.humanium.org\\\/fr\\\/en-italie-la-tragedie-dans-la-tragedie-les-mineurs-non-accompagnes\\\/#article\",\"isPartOf\":{\"@id\":\"https:\\\/\\\/www.humanium.org\\\/fr\\\/en-italie-la-tragedie-dans-la-tragedie-les-mineurs-non-accompagnes\\\/\"},\"author\":{\"name\":\"Humanium\",\"@id\":\"https:\\\/\\\/www.humanium.org\\\/fr\\\/#\\\/schema\\\/person\\\/d798d6c7d59ba2307e0877f61a20ce3e\"},\"headline\":\"En Italie, la trag\u00e9die dans la trag\u00e9die : les mineurs non accompagn\u00e9s.\",\"datePublished\":\"2017-04-17T08:00:45+00:00\",\"dateModified\":\"2026-08-20T18:18:39+00:00\",\"mainEntityOfPage\":{\"@id\":\"https:\\\/\\\/www.humanium.org\\\/fr\\\/en-italie-la-tragedie-dans-la-tragedie-les-mineurs-non-accompagnes\\\/\"},\"wordCount\":856,\"image\":{\"@id\":\"https:\\\/\\\/www.humanium.org\\\/fr\\\/en-italie-la-tragedie-dans-la-tragedie-les-mineurs-non-accompagnes\\\/#primaryimage\"},\"thumbnailUrl\":\"https:\\\/\\\/www.humanium.org\\\/fr\\\/wp-content\\\/uploads\\\/2017\\\/04\\\/shutterstock_314211323-300x200.jpg\",\"articleSection\":[\"Droits humains\",\"R\u00e9fugi\u00e9s\"],\"inLanguage\":\"fr-FR\"},{\"@type\":\"WebPage\",\"@id\":\"https:\\\/\\\/www.humanium.org\\\/fr\\\/en-italie-la-tragedie-dans-la-tragedie-les-mineurs-non-accompagnes\\\/\",\"url\":\"https:\\\/\\\/www.humanium.org\\\/fr\\\/en-italie-la-tragedie-dans-la-tragedie-les-mineurs-non-accompagnes\\\/\",\"name\":\"En Italie, la trag\u00e9die dans la trag\u00e9die : les mineurs non accompagn\u00e9s. - Humanium\",\"isPartOf\":{\"@id\":\"https:\\\/\\\/www.humanium.org\\\/fr\\\/#website\"},\"primaryImageOfPage\":{\"@id\":\"https:\\\/\\\/www.humanium.org\\\/fr\\\/en-italie-la-tragedie-dans-la-tragedie-les-mineurs-non-accompagnes\\\/#primaryimage\"},\"image\":{\"@id\":\"https:\\\/\\\/www.humanium.org\\\/fr\\\/en-italie-la-tragedie-dans-la-tragedie-les-mineurs-non-accompagnes\\\/#primaryimage\"},\"thumbnailUrl\":\"https:\\\/\\\/www.humanium.org\\\/fr\\\/wp-content\\\/uploads\\\/2017\\\/04\\\/shutterstock_314211323-300x200.jpg\",\"datePublished\":\"2017-04-17T08:00:45+00:00\",\"dateModified\":\"2026-08-20T18:18:39+00:00\",\"author\":{\"@id\":\"https:\\\/\\\/www.humanium.org\\\/fr\\\/#\\\/schema\\\/person\\\/d798d6c7d59ba2307e0877f61a20ce3e\"},\"breadcrumb\":{\"@id\":\"https:\\\/\\\/www.humanium.org\\\/fr\\\/en-italie-la-tragedie-dans-la-tragedie-les-mineurs-non-accompagnes\\\/#breadcrumb\"},\"inLanguage\":\"fr-FR\",\"potentialAction\":[{\"@type\":\"ReadAction\",\"target\":[\"https:\\\/\\\/www.humanium.org\\\/fr\\\/en-italie-la-tragedie-dans-la-tragedie-les-mineurs-non-accompagnes\\\/\"]}]},{\"@type\":\"ImageObject\",\"inLanguage\":\"fr-FR\",\"@id\":\"https:\\\/\\\/www.humanium.org\\\/fr\\\/en-italie-la-tragedie-dans-la-tragedie-les-mineurs-non-accompagnes\\\/#primaryimage\",\"url\":\"https:\\\/\\\/www.humanium.org\\\/fr\\\/wp-content\\\/uploads\\\/2017\\\/04\\\/shutterstock_314211323-300x200.jpg\",\"contentUrl\":\"https:\\\/\\\/www.humanium.org\\\/fr\\\/wp-content\\\/uploads\\\/2017\\\/04\\\/shutterstock_314211323-300x200.jpg\"},{\"@type\":\"BreadcrumbList\",\"@id\":\"https:\\\/\\\/www.humanium.org\\\/fr\\\/en-italie-la-tragedie-dans-la-tragedie-les-mineurs-non-accompagnes\\\/#breadcrumb\",\"itemListElement\":[{\"@type\":\"ListItem\",\"position\":1,\"name\":\"Home\",\"item\":\"https:\\\/\\\/www.humanium.org\\\/fr\\\/\"},{\"@type\":\"ListItem\",\"position\":2,\"name\":\"En Italie, la trag\u00e9die dans la trag\u00e9die : les mineurs non accompagn\u00e9s.\"}]},{\"@type\":\"WebSite\",\"@id\":\"https:\\\/\\\/www.humanium.org\\\/fr\\\/#website\",\"url\":\"https:\\\/\\\/www.humanium.org\\\/fr\\\/\",\"name\":\"Humanium\",\"description\":\"Les enfants d\u2019abord !\",\"potentialAction\":[{\"@type\":\"SearchAction\",\"target\":{\"@type\":\"EntryPoint\",\"urlTemplate\":\"https:\\\/\\\/www.humanium.org\\\/fr\\\/?s={search_term_string}\"},\"query-input\":{\"@type\":\"PropertyValueSpecification\",\"valueRequired\":true,\"valueName\":\"search_term_string\"}}],\"inLanguage\":\"fr-FR\"},{\"@type\":\"Person\",\"@id\":\"https:\\\/\\\/www.humanium.org\\\/fr\\\/#\\\/schema\\\/person\\\/d798d6c7d59ba2307e0877f61a20ce3e\",\"name\":\"Humanium\",\"image\":{\"@type\":\"ImageObject\",\"inLanguage\":\"fr-FR\",\"@id\":\"https:\\\/\\\/secure.gravatar.com\\\/avatar\\\/22715e338d2fcc547e3a431c4738360d33fea2a4af458f865b2c3b22f1eaa51f?s=96&d=mm&r=g\",\"url\":\"https:\\\/\\\/secure.gravatar.com\\\/avatar\\\/22715e338d2fcc547e3a431c4738360d33fea2a4af458f865b2c3b22f1eaa51f?s=96&d=mm&r=g\",\"contentUrl\":\"https:\\\/\\\/secure.gravatar.com\\\/avatar\\\/22715e338d2fcc547e3a431c4738360d33fea2a4af458f865b2c3b22f1eaa51f?s=96&d=mm&r=g\",\"caption\":\"Humanium\"},\"url\":\"https:\\\/\\\/www.humanium.org\\\/fr\\\/author\\\/humanium\\\/\"}]}<\/script>\n<!-- \/ Yoast SEO plugin. -->","yoast_head_json":{"title":"En Italie, la trag\u00e9die dans la trag\u00e9die : les mineurs non accompagn\u00e9s. - Humanium","robots":{"index":"index","follow":"follow","max-snippet":"max-snippet:-1","max-image-preview":"max-image-preview:large","max-video-preview":"max-video-preview:-1"},"canonical":"https:\/\/www.humanium.org\/fr\/en-italie-la-tragedie-dans-la-tragedie-les-mineurs-non-accompagnes\/","og_locale":"fr_FR","og_type":"article","og_title":"En Italie, la trag\u00e9die dans la trag\u00e9die : les mineurs non accompagn\u00e9s. - Humanium","og_description":"En 2016, parmi les 20 000 enfants migrants non accompagn\u00e9s qui sont arriv\u00e9s en Italie, 6 000 ont disparu des radars des autorit\u00e9s italiennes. (Repubblica, 2016) Il s\u2019agit surtout de mineurs \u00e9rythr\u00e9ens, somaliens et \u00e9gyptiens, \u00e2g\u00e9s de 10 \u00e0 16 ans. Malheureusement, l\u2019Italie n\u2019arrive pas \u00e0 trouver de solution efficace \u00e0 ce grave probl\u00e8me. Une [&hellip;]","og_url":"https:\/\/www.humanium.org\/fr\/en-italie-la-tragedie-dans-la-tragedie-les-mineurs-non-accompagnes\/","og_site_name":"Humanium","article_published_time":"2017-04-17T08:00:45+00:00","article_modified_time":"2026-08-20T18:18:39+00:00","author":"Humanium","twitter_card":"summary_large_image","twitter_misc":{"\u00c9crit par":"Humanium","Dur\u00e9e de lecture estim\u00e9e":"4 minutes"},"schema":{"@context":"https:\/\/schema.org","@graph":[{"@type":"Article","@id":"https:\/\/www.humanium.org\/fr\/en-italie-la-tragedie-dans-la-tragedie-les-mineurs-non-accompagnes\/#article","isPartOf":{"@id":"https:\/\/www.humanium.org\/fr\/en-italie-la-tragedie-dans-la-tragedie-les-mineurs-non-accompagnes\/"},"author":{"name":"Humanium","@id":"https:\/\/www.humanium.org\/fr\/#\/schema\/person\/d798d6c7d59ba2307e0877f61a20ce3e"},"headline":"En Italie, la trag\u00e9die dans la trag\u00e9die : les mineurs non accompagn\u00e9s.","datePublished":"2017-04-17T08:00:45+00:00","dateModified":"2026-08-20T18:18:39+00:00","mainEntityOfPage":{"@id":"https:\/\/www.humanium.org\/fr\/en-italie-la-tragedie-dans-la-tragedie-les-mineurs-non-accompagnes\/"},"wordCount":856,"image":{"@id":"https:\/\/www.humanium.org\/fr\/en-italie-la-tragedie-dans-la-tragedie-les-mineurs-non-accompagnes\/#primaryimage"},"thumbnailUrl":"https:\/\/www.humanium.org\/fr\/wp-content\/uploads\/2017\/04\/shutterstock_314211323-300x200.jpg","articleSection":["Droits humains","R\u00e9fugi\u00e9s"],"inLanguage":"fr-FR"},{"@type":"WebPage","@id":"https:\/\/www.humanium.org\/fr\/en-italie-la-tragedie-dans-la-tragedie-les-mineurs-non-accompagnes\/","url":"https:\/\/www.humanium.org\/fr\/en-italie-la-tragedie-dans-la-tragedie-les-mineurs-non-accompagnes\/","name":"En Italie, la trag\u00e9die dans la trag\u00e9die : les mineurs non accompagn\u00e9s. - Humanium","isPartOf":{"@id":"https:\/\/www.humanium.org\/fr\/#website"},"primaryImageOfPage":{"@id":"https:\/\/www.humanium.org\/fr\/en-italie-la-tragedie-dans-la-tragedie-les-mineurs-non-accompagnes\/#primaryimage"},"image":{"@id":"https:\/\/www.humanium.org\/fr\/en-italie-la-tragedie-dans-la-tragedie-les-mineurs-non-accompagnes\/#primaryimage"},"thumbnailUrl":"https:\/\/www.humanium.org\/fr\/wp-content\/uploads\/2017\/04\/shutterstock_314211323-300x200.jpg","datePublished":"2017-04-17T08:00:45+00:00","dateModified":"2026-08-20T18:18:39+00:00","author":{"@id":"https:\/\/www.humanium.org\/fr\/#\/schema\/person\/d798d6c7d59ba2307e0877f61a20ce3e"},"breadcrumb":{"@id":"https:\/\/www.humanium.org\/fr\/en-italie-la-tragedie-dans-la-tragedie-les-mineurs-non-accompagnes\/#breadcrumb"},"inLanguage":"fr-FR","potentialAction":[{"@type":"ReadAction","target":["https:\/\/www.humanium.org\/fr\/en-italie-la-tragedie-dans-la-tragedie-les-mineurs-non-accompagnes\/"]}]},{"@type":"ImageObject","inLanguage":"fr-FR","@id":"https:\/\/www.humanium.org\/fr\/en-italie-la-tragedie-dans-la-tragedie-les-mineurs-non-accompagnes\/#primaryimage","url":"https:\/\/www.humanium.org\/fr\/wp-content\/uploads\/2017\/04\/shutterstock_314211323-300x200.jpg","contentUrl":"https:\/\/www.humanium.org\/fr\/wp-content\/uploads\/2017\/04\/shutterstock_314211323-300x200.jpg"},{"@type":"BreadcrumbList","@id":"https:\/\/www.humanium.org\/fr\/en-italie-la-tragedie-dans-la-tragedie-les-mineurs-non-accompagnes\/#breadcrumb","itemListElement":[{"@type":"ListItem","position":1,"name":"Home","item":"https:\/\/www.humanium.org\/fr\/"},{"@type":"ListItem","position":2,"name":"En Italie, la trag\u00e9die dans la trag\u00e9die : les mineurs non accompagn\u00e9s."}]},{"@type":"WebSite","@id":"https:\/\/www.humanium.org\/fr\/#website","url":"https:\/\/www.humanium.org\/fr\/","name":"Humanium","description":"Les enfants d\u2019abord !","potentialAction":[{"@type":"SearchAction","target":{"@type":"EntryPoint","urlTemplate":"https:\/\/www.humanium.org\/fr\/?s={search_term_string}"},"query-input":{"@type":"PropertyValueSpecification","valueRequired":true,"valueName":"search_term_string"}}],"inLanguage":"fr-FR"},{"@type":"Person","@id":"https:\/\/www.humanium.org\/fr\/#\/schema\/person\/d798d6c7d59ba2307e0877f61a20ce3e","name":"Humanium","image":{"@type":"ImageObject","inLanguage":"fr-FR","@id":"https:\/\/secure.gravatar.com\/avatar\/22715e338d2fcc547e3a431c4738360d33fea2a4af458f865b2c3b22f1eaa51f?s=96&d=mm&r=g","url":"https:\/\/secure.gravatar.com\/avatar\/22715e338d2fcc547e3a431c4738360d33fea2a4af458f865b2c3b22f1eaa51f?s=96&d=mm&r=g","contentUrl":"https:\/\/secure.gravatar.com\/avatar\/22715e338d2fcc547e3a431c4738360d33fea2a4af458f865b2c3b22f1eaa51f?s=96&d=mm&r=g","caption":"Humanium"},"url":"https:\/\/www.humanium.org\/fr\/author\/humanium\/"}]}},"_links":{"self":[{"href":"https:\/\/www.humanium.org\/fr\/wp-json\/wp\/v2\/posts\/40097","targetHints":{"allow":["GET"]}}],"collection":[{"href":"https:\/\/www.humanium.org\/fr\/wp-json\/wp\/v2\/posts"}],"about":[{"href":"https:\/\/www.humanium.org\/fr\/wp-json\/wp\/v2\/types\/post"}],"author":[{"embeddable":true,"href":"https:\/\/www.humanium.org\/fr\/wp-json\/wp\/v2\/users\/69"}],"replies":[{"embeddable":true,"href":"https:\/\/www.humanium.org\/fr\/wp-json\/wp\/v2\/comments?post=40097"}],"version-history":[{"count":3,"href":"https:\/\/www.humanium.org\/fr\/wp-json\/wp\/v2\/posts\/40097\/revisions"}],"predecessor-version":[{"id":59649,"href":"https:\/\/www.humanium.org\/fr\/wp-json\/wp\/v2\/posts\/40097\/revisions\/59649"}],"wp:attachment":[{"href":"https:\/\/www.humanium.org\/fr\/wp-json\/wp\/v2\/media?parent=40097"}],"wp:term":[{"taxonomy":"category","embeddable":true,"href":"https:\/\/www.humanium.org\/fr\/wp-json\/wp\/v2\/categories?post=40097"},{"taxonomy":"post_tag","embeddable":true,"href":"https:\/\/www.humanium.org\/fr\/wp-json\/wp\/v2\/tags?post=40097"}],"curies":[{"name":"wp","href":"https:\/\/api.w.org\/{rel}","templated":true}]}}