{"id":40138,"date":"2017-05-23T18:13:03","date_gmt":"2017-05-23T18:13:03","guid":{"rendered":"https:\/\/www.humanium.gives\/fr\/?p=40138"},"modified":"2026-08-20T18:18:39","modified_gmt":"2026-08-20T18:18:39","slug":"la-crise-des-refugies-les-enfants-en-sont-les-premieres-victimes","status":"publish","type":"post","link":"https:\/\/www.humanium.org\/fr\/la-crise-des-refugies-les-enfants-en-sont-les-premieres-victimes\/","title":{"rendered":"La crise des r\u00e9fugi\u00e9s : les enfants en sont les premi\u00e8res victimes"},"content":{"rendered":"<p><span style=\"font-weight: 400;\">La guerre et les divers troubles des pays d\u2019<a href=\"https:\/\/www.humanium.org\/fr\/afrique\/\">Afrique<\/a>, d\u2019<a href=\"https:\/\/www.humanium.org\/fr\/asie-pacifique\/\">Asie<\/a> et du <a href=\"https:\/\/www.humanium.org\/fr\/moyen-orient-afrique-du-nord\/\">Moyen-Orient<\/a> ont entra\u00een\u00e9 le d\u00e9placement et la mise en danger de millions d\u2019enfants. Ceux-ci se d\u00e9placent de leur pays d\u2019origine jusqu\u2019aux c\u00f4tes europ\u00e9ennes afin de trouver un endroit s\u00fbr. Les familles sont fr\u00e9quemment s\u00e9par\u00e9es durant ces d\u00e9placements et les conditions de vie sont plus que pr\u00e9caires. Nombreux sont les enfants qui deviennent orphelins et doivent ensuite tenter de s\u2019en sortir seuls.<\/span><\/p>\n<p><b>Quelques chiffres sur la place des enfants dans cette crise des r\u00e9fugi\u00e9s<\/b><\/p>\n<p><span style=\"font-weight: 400;\">En 2015, environ 4,5 millions d\u2019enfants ont fui leur pays d\u2019origine et ont fait partie de la vague de migrants qui ont tent\u00e9 de rejoindre l\u2019Europe par la M\u00e9diterran\u00e9e. Les enfants repr\u00e9senteraient environ un cinqui\u00e8me du nombre de r\u00e9fugi\u00e9s dans la crise europ\u00e9enne. (Alameddine, 2015)<br \/>\nEn 2015, environ 337 000 demandes d\u2019asile concernant des personnes mineures ont \u00e9t\u00e9 d\u00e9pos\u00e9es, dont 88 300 \u00e9taient non-accompagn\u00e9s. (Conseil de l&rsquo;Europe, 2017).  Ces enfants fuient les pays en guerre dans lesquels l\u2019instabilit\u00e9 ne leur permet plus de vivre en s\u00e9curit\u00e9. Ils viennent principalement d\u2019<a href=\"https:\/\/www.humanium.org\/fr\/asie-pacifique\/afghanistan\/\">Afghanistan<\/a>, de <a href=\"https:\/\/www.humanium.org\/fr\/moyen-orient-afrique-du-nord\/syrie\/\">Syrie<\/a>, d\u2019<a href=\"https:\/\/www.humanium.org\/fr\/moyen-orient-afrique-du-nord\/irak\/\">Irak<\/a> mais \u00e9galement de pays d\u2019Afrique et d\u2019Asie. Ceux-ci ont \u00e9t\u00e9 victimes de nombreuses souffrances psychologiques, au sein de leur pays, auxquelles s\u2019ajoutent les violences qu&rsquo;ils subissent durant la migration entre leur pays d\u2019origine et le pays dans lequel ils vont tenter de trouver refuge.<br \/>\nDurant ces migrations subies, de nombreux enfants sont contraints de passer par la Mer pour rejoindre le continent europ\u00e9en, ils font donc partie des victimes des naufrages. Ainsi, de novembre 2016 \u00e0 janvier 2017, environ 190 enfants r\u00e9fugi\u00e9s ont p\u00e9ri dans les eaux de la M\u00e9diterran\u00e9e. (UNICEF, 2017) Ce nombre est en constante augmentation. Le cas d\u2019Aylan, un enfant syrien \u00e2g\u00e9 de quelques ann\u00e9es retrouv\u00e9 mort sur une plage turque en 2015 apr\u00e8s un naufrage, n\u2019en est qu\u2019un exemple. <\/p>\n<p><a href=\"https:\/\/www.humanium.org\/fr\/wp-content\/uploads\/2017\/05\/o-ALAN-KURDI-570.jpg\"><img loading=\"lazy\" decoding=\"async\" src=\"https:\/\/www.humanium.org\/fr\/wp-content\/uploads\/2017\/05\/o-ALAN-KURDI-570-300x210.jpg\" alt=\"\" width=\"300\" height=\"210\" class=\"alignleft size-medium wp-image-38247\" \/><\/a><\/p>\n<p><\/span><\/p>\n<p><b>Des conditions de vie pr\u00e9caires et dangereuses<\/b><\/p>\n<p><span style=\"font-weight: 400;\">Les enfants forment une grande partie des habitants des camps de r\u00e9fugi\u00e9s des pays du Sud de l\u2019Europe, principalement en Turquie mais \u00e9galement en Italie et en Gr\u00e8ce. Leurs conditions de vie sont tr\u00e8s dures. Tout comme les r\u00e9fugi\u00e9s adultes, les enfants manquent de nourriture, d\u2019eau, de v\u00eatements et d\u2019infrastructures correctes, notamment les infrastructures sanitaires.<br \/>\nDe nombreux enfants sont maintenus dans des camps pendant les processus de demande d\u2019asiles et de r\u00e9gularisation. Cette d\u00e9tention a un impact n\u00e9gatif sur le d\u00e9veloppement psychologique et physique de l\u2019enfant, or ceux-ci b\u00e9n\u00e9ficient rarement d\u2019un accompagnement ou d\u2019un soutien psychologique ou juridique.<br \/>\nL\u2019ONG Humanium est une ONG qui lutte pour le respect du droit des enfants dans le monde et pour leur accompagnement psycho-social, afin de les aider \u00e0 se reconstruire apr\u00e8s avoir travers\u00e9 de telles \u00e9preuves. Ici se trouvent les liens d\u2019une vid\u00e9o cr\u00e9\u00e9e par Humanium qui montre son approche et son travail pour le droit des enfants :<br \/>\nEn fran\u00e7ais : <a href=\"https:\/\/www.youtube.com\/watch?v=YaDJUfNOoas\">https:\/\/www.youtube.com\/watch?v=YaDJUfNOoas<\/a><br \/>\nEn anglais : <a href=\"https:\/\/www.youtube.com\/watch?v=GrPI48YM9Ms\">https:\/\/www.youtube.com\/watch?v=GrPI48YM9Ms<\/a><br \/>\nEn espagnol : <a href=\"https:\/\/www.youtube.com\/watch?v=e1D6mDnQAiw\">https:\/\/www.youtube.com\/watch?v=e1D6mDnQAiw<\/a><br \/>\nEn allemand : <a href=\"https:\/\/www.youtube.com\/watch?v=7ZOX_utVGE0\">https:\/\/www.youtube.com\/watch?v=7ZOX_utVGE0<\/a><br \/>\n<\/span><\/p>\n<p><b>La disparition d\u2019enfants<\/b><\/p>\n<p><span style=\"font-weight: 400;\">Parmi tous les enfants qui entrent sur le continent europ\u00e9en, une majorit\u00e9 d\u2019entre eux sont non accompagn\u00e9s, ce qui favorise leur disparition. Il existe \u00e9galement de nombreuses familles qui sont s\u00e9par\u00e9es lorsqu\u2019elles atteignent les fronti\u00e8res europ\u00e9ennes. C\u2019est le cas d\u2019environ 3500 enfants en 2013. Ainsi, l\u2019organisation Missing Children Europe compte 89 000 enfants non accompagn\u00e9s en 2015 dont 10 000 ont disparu. (Boissieu, 2017)<br \/>\nDe plus, nombreux sont les enfants qui ne sont m\u00eame pas enregistr\u00e9s ou signal\u00e9s puisqu\u2019ils circulent seuls, ce qui signifie que leur parcours ne laisse aucune trace, aucun suivi. Les enfants r\u00e9fugi\u00e9s peuvent rapidement devenir <a href=\"https:\/\/www.humanium.org\/fr\/focus\/exploitation\/\">victimes d\u2019organisation de traite humaine ou de crimes<\/a>, dans la mesure o\u00f9 ils sont souvent abandonn\u00e9s \u00e0 leur sort et livr\u00e9s \u00e0 eux-m\u00eames. Ce sont des victimes faciles puisqu\u2019elles sont d\u00e9pourvues de rep\u00e8res, par cons\u00e9quent, les enfants sont la cible des trafiquants qui peuvent rapidement gagner leur confiance en leur offrant un semblant de protection pour ensuite en faire des travailleurs forc\u00e9s. (Diffalah, 2016)<\/p>\n<p><a href=\"https:\/\/www.humanium.org\/fr\/wp-content\/uploads\/2017\/05\/enfant.jpg\"><img loading=\"lazy\" decoding=\"async\" src=\"https:\/\/www.humanium.org\/fr\/wp-content\/uploads\/2017\/05\/enfant-300x166.jpg\" alt=\"\" width=\"300\" height=\"166\" class=\"alignleft size-medium wp-image-38249\" \/><\/a><\/p>\n<p> <\/span><\/p>\n<p><b>La protection des enfants r\u00e9fugi\u00e9s<\/b><\/p>\n<p><span style=\"font-weight: 400;\">L\u2019UNICEF a enjoint l\u2019Union Europ\u00e9enne \u00e0 agir afin de prot\u00e9ger ces enfants r\u00e9fugi\u00e9s et de leur assurer de meilleures conditions de vie. Il s\u2019agit de rem\u00e9dier aux dangers auxquels sont confront\u00e9s ces enfants : risques de noyade, exploitation, violation des droits. C\u2019est pourquoi des op\u00e9rations d\u2019assistance ont \u00e9t\u00e9 mises en place par l\u2019UNICEF afin de fournir des aides humanitaires aux r\u00e9fugi\u00e9s, offrant ainsi de quoi r\u00e9pondre aux besoins vitaux. Ainsi, en f\u00e9vrier, environ 300 enfants ont pu \u00eatre sauv\u00e9s gr\u00e2ce \u00e0 ces actions. (UNICEF, 2017)<br \/>\nDe plus, la Commission Europ\u00e9enne a investi environ 270 millions d\u2019euros afin de permettre la construction et l\u2019am\u00e9nagement de structures \u00e9ducatives destin\u00e9es aux enfants r\u00e9fugi\u00e9s syriens.  En effet, ces enfants r\u00e9fugi\u00e9s se retrouvent tr\u00e8s souvent exclus du syst\u00e8me \u00e9ducatif : environ 400 000 sont actuellement d\u00e9scolaris\u00e9s. (EU Logos, 2017). Le but de cette d\u00e9marche est de permettre l\u2019\u00e9ducation de ces enfants r\u00e9fugi\u00e9s afin de permettre leur int\u00e9gration et adaptation au sein du pays dans lequel ils arrivent. <\/span><br \/>\n<a href=\"https:\/\/www.humanium.org\/fr\/wp-content\/uploads\/2017\/05\/6922731.jpg\"><img loading=\"lazy\" decoding=\"async\" src=\"https:\/\/www.humanium.org\/fr\/wp-content\/uploads\/2017\/05\/6922731-300x113.jpg\" alt=\"\" width=\"300\" height=\"113\" class=\"alignleft size-medium wp-image-38250\" \/><\/a><\/p>\n<table style=\"height: 61px;\" width=\"639\">\n<tbody style=\"background: #f9f9f9;\">\n<tr>\n<td>\n<div style=\"float: left; width: 50%;\">\u00e9crit par : Capucine Le Tarnec<\/div>\n<div style=\"float: left; width: 50%;\">relu par : Arndt Soret<\/div>\n<\/td>\n<\/tr>\n<\/tbody>\n<\/table>\n<p><a><\/a><\/p>\n<p>&nbsp;<\/p>\n<p>&nbsp;<\/p>\n<p>Alameddine, A. (2015, Septembre). Les enfants r\u00e9fugi\u00e9s sur les c\u00f4tes de l\u2019Europe. R\u00e9cup\u00e9r\u00e9 sur UNICEF: https:\/\/www.unicef.org\/french\/emergencies\/index_86057.html<\/p>\n<p>Boissieu, P. d. (2017). 10 000 enfants migrants disparus en Europe : des ONG alertent. Lib\u00e9ration.<\/p>\n<p>Conseil de l&rsquo;Europe. (2017, Mars 6). Luxembourg. R\u00e9cup\u00e9r\u00e9 sur http:\/\/asile.ch\/2017\/03\/08\/conseil-de-leurope-rapport-protection-enfants-refugies\/<\/p>\n<p>Diffalah, S. (2016, F\u00e9vrier 1er). Comment 10.000 enfants r\u00e9fugi\u00e9s peuvent dispara\u00eetre des radars ? R\u00e9cup\u00e9r\u00e9 sur L&rsquo;Obs: http:\/\/tempsreel.nouvelobs.com\/monde\/migrants\/20160201.OBS3811\/comment-10-000-enfants-refugies-peuvent-disparaitre-des-radars.html<\/p>\n<p>EU Logos. (2017, 01 8). L\u2019Europe un projet qui ne s\u2019assume pas jusqu\u2019au bout ? Les enfants r\u00e9fugi\u00e9s syriens en Turquie. R\u00e9cup\u00e9r\u00e9 sur EU Logos: https:\/\/eulogos.blogactiv.eu\/2017\/01\/08\/leurope-un-projet-qui-ne-sassume-pas-jusquau-bout-les-enfants-refugies-syriens-en-turquie\/<\/p>\n<p>UNICEF. (2017, F\u00e9vrier 3). L&rsquo;UNICEF demande \u00e0 l&rsquo;Europe des mesures pour assurer la s\u00e9curit\u00e9 des enfants r\u00e9fugi\u00e9s et migrants. R\u00e9cup\u00e9r\u00e9 sur UNICEF: https:\/\/refugeesmigrants.un.org\/fr\/lunicef-demande-%C3%A0-leurope-des-mesures-pour-assurer-la-s%C3%A9curit%C3%A9-des-enfants-r%C3%A9fugi%C3%A9s-et-migrants<\/p>\n","protected":false},"excerpt":{"rendered":"<p>La guerre et les divers troubles des pays d\u2019Afrique, d\u2019Asie et du Moyen-Orient ont entra\u00een\u00e9 le d\u00e9placement et la mise en danger de millions d\u2019enfants. Ceux-ci se d\u00e9placent de leur pays d\u2019origine jusqu\u2019aux c\u00f4tes europ\u00e9ennes afin de trouver un endroit s\u00fbr. Les familles sont fr\u00e9quemment s\u00e9par\u00e9es durant ces d\u00e9placements et les conditions de vie sont [&hellip;]<\/p>\n","protected":false},"author":69,"featured_media":0,"comment_status":"closed","ping_status":"closed","sticky":false,"template":"","format":"standard","meta":{"footnotes":""},"categories":[215],"tags":[],"class_list":["post-40138","post","type-post","status-publish","format-standard","hentry","category-refugies"],"yoast_head":"<!-- This site is optimized with the Yoast SEO plugin v28.3 - https:\/\/yoast.com\/product\/yoast-seo-wordpress\/ -->\n<title>La crise des r\u00e9fugi\u00e9s : les enfants en sont les premi\u00e8res victimes - Humanium<\/title>\n<meta name=\"robots\" content=\"index, follow, max-snippet:-1, max-image-preview:large, max-video-preview:-1\" \/>\n<link rel=\"canonical\" href=\"https:\/\/www.humanium.org\/fr\/la-crise-des-refugies-les-enfants-en-sont-les-premieres-victimes\/\" \/>\n<meta property=\"og:locale\" content=\"fr_FR\" \/>\n<meta property=\"og:type\" content=\"article\" \/>\n<meta property=\"og:title\" content=\"La crise des r\u00e9fugi\u00e9s : les enfants en sont les premi\u00e8res victimes - Humanium\" \/>\n<meta property=\"og:description\" content=\"La guerre et les divers troubles des pays d\u2019Afrique, d\u2019Asie et du Moyen-Orient ont entra\u00een\u00e9 le d\u00e9placement et la mise en danger de millions d\u2019enfants. Ceux-ci se d\u00e9placent de leur pays d\u2019origine jusqu\u2019aux c\u00f4tes europ\u00e9ennes afin de trouver un endroit s\u00fbr. Les familles sont fr\u00e9quemment s\u00e9par\u00e9es durant ces d\u00e9placements et les conditions de vie sont [&hellip;]\" \/>\n<meta property=\"og:url\" content=\"https:\/\/www.humanium.org\/fr\/la-crise-des-refugies-les-enfants-en-sont-les-premieres-victimes\/\" \/>\n<meta property=\"og:site_name\" content=\"Humanium\" \/>\n<meta property=\"article:published_time\" content=\"2017-05-23T18:13:03+00:00\" \/>\n<meta property=\"article:modified_time\" content=\"2026-08-20T18:18:39+00:00\" \/>\n<meta name=\"author\" content=\"Humanium\" \/>\n<meta name=\"twitter:card\" content=\"summary_large_image\" \/>\n<meta name=\"twitter:label1\" content=\"\u00c9crit par\" \/>\n\t<meta name=\"twitter:data1\" content=\"Humanium\" \/>\n\t<meta name=\"twitter:label2\" content=\"Dur\u00e9e de lecture estim\u00e9e\" \/>\n\t<meta name=\"twitter:data2\" content=\"6 minutes\" \/>\n<script type=\"application\/ld+json\" class=\"yoast-schema-graph\">{\"@context\":\"https:\\\/\\\/schema.org\",\"@graph\":[{\"@type\":\"Article\",\"@id\":\"https:\\\/\\\/www.humanium.org\\\/fr\\\/la-crise-des-refugies-les-enfants-en-sont-les-premieres-victimes\\\/#article\",\"isPartOf\":{\"@id\":\"https:\\\/\\\/www.humanium.org\\\/fr\\\/la-crise-des-refugies-les-enfants-en-sont-les-premieres-victimes\\\/\"},\"author\":{\"name\":\"Humanium\",\"@id\":\"https:\\\/\\\/www.humanium.org\\\/fr\\\/#\\\/schema\\\/person\\\/d798d6c7d59ba2307e0877f61a20ce3e\"},\"headline\":\"La crise des r\u00e9fugi\u00e9s : les enfants en sont les premi\u00e8res victimes\",\"datePublished\":\"2017-05-23T18:13:03+00:00\",\"dateModified\":\"2026-08-20T18:18:39+00:00\",\"mainEntityOfPage\":{\"@id\":\"https:\\\/\\\/www.humanium.org\\\/fr\\\/la-crise-des-refugies-les-enfants-en-sont-les-premieres-victimes\\\/\"},\"wordCount\":1135,\"image\":{\"@id\":\"https:\\\/\\\/www.humanium.org\\\/fr\\\/la-crise-des-refugies-les-enfants-en-sont-les-premieres-victimes\\\/#primaryimage\"},\"thumbnailUrl\":\"https:\\\/\\\/www.humanium.org\\\/fr\\\/wp-content\\\/uploads\\\/2017\\\/05\\\/o-ALAN-KURDI-570-300x210.jpg\",\"articleSection\":[\"R\u00e9fugi\u00e9s\"],\"inLanguage\":\"fr-FR\"},{\"@type\":\"WebPage\",\"@id\":\"https:\\\/\\\/www.humanium.org\\\/fr\\\/la-crise-des-refugies-les-enfants-en-sont-les-premieres-victimes\\\/\",\"url\":\"https:\\\/\\\/www.humanium.org\\\/fr\\\/la-crise-des-refugies-les-enfants-en-sont-les-premieres-victimes\\\/\",\"name\":\"La crise des r\u00e9fugi\u00e9s : les enfants en sont les premi\u00e8res victimes - Humanium\",\"isPartOf\":{\"@id\":\"https:\\\/\\\/www.humanium.org\\\/fr\\\/#website\"},\"primaryImageOfPage\":{\"@id\":\"https:\\\/\\\/www.humanium.org\\\/fr\\\/la-crise-des-refugies-les-enfants-en-sont-les-premieres-victimes\\\/#primaryimage\"},\"image\":{\"@id\":\"https:\\\/\\\/www.humanium.org\\\/fr\\\/la-crise-des-refugies-les-enfants-en-sont-les-premieres-victimes\\\/#primaryimage\"},\"thumbnailUrl\":\"https:\\\/\\\/www.humanium.org\\\/fr\\\/wp-content\\\/uploads\\\/2017\\\/05\\\/o-ALAN-KURDI-570-300x210.jpg\",\"datePublished\":\"2017-05-23T18:13:03+00:00\",\"dateModified\":\"2026-08-20T18:18:39+00:00\",\"author\":{\"@id\":\"https:\\\/\\\/www.humanium.org\\\/fr\\\/#\\\/schema\\\/person\\\/d798d6c7d59ba2307e0877f61a20ce3e\"},\"breadcrumb\":{\"@id\":\"https:\\\/\\\/www.humanium.org\\\/fr\\\/la-crise-des-refugies-les-enfants-en-sont-les-premieres-victimes\\\/#breadcrumb\"},\"inLanguage\":\"fr-FR\",\"potentialAction\":[{\"@type\":\"ReadAction\",\"target\":[\"https:\\\/\\\/www.humanium.org\\\/fr\\\/la-crise-des-refugies-les-enfants-en-sont-les-premieres-victimes\\\/\"]}]},{\"@type\":\"ImageObject\",\"inLanguage\":\"fr-FR\",\"@id\":\"https:\\\/\\\/www.humanium.org\\\/fr\\\/la-crise-des-refugies-les-enfants-en-sont-les-premieres-victimes\\\/#primaryimage\",\"url\":\"https:\\\/\\\/www.humanium.org\\\/fr\\\/wp-content\\\/uploads\\\/2017\\\/05\\\/o-ALAN-KURDI-570-300x210.jpg\",\"contentUrl\":\"https:\\\/\\\/www.humanium.org\\\/fr\\\/wp-content\\\/uploads\\\/2017\\\/05\\\/o-ALAN-KURDI-570-300x210.jpg\"},{\"@type\":\"BreadcrumbList\",\"@id\":\"https:\\\/\\\/www.humanium.org\\\/fr\\\/la-crise-des-refugies-les-enfants-en-sont-les-premieres-victimes\\\/#breadcrumb\",\"itemListElement\":[{\"@type\":\"ListItem\",\"position\":1,\"name\":\"Home\",\"item\":\"https:\\\/\\\/www.humanium.org\\\/fr\\\/\"},{\"@type\":\"ListItem\",\"position\":2,\"name\":\"La crise des r\u00e9fugi\u00e9s : les enfants en sont les premi\u00e8res victimes\"}]},{\"@type\":\"WebSite\",\"@id\":\"https:\\\/\\\/www.humanium.org\\\/fr\\\/#website\",\"url\":\"https:\\\/\\\/www.humanium.org\\\/fr\\\/\",\"name\":\"Humanium\",\"description\":\"Les enfants d\u2019abord !\",\"potentialAction\":[{\"@type\":\"SearchAction\",\"target\":{\"@type\":\"EntryPoint\",\"urlTemplate\":\"https:\\\/\\\/www.humanium.org\\\/fr\\\/?s={search_term_string}\"},\"query-input\":{\"@type\":\"PropertyValueSpecification\",\"valueRequired\":true,\"valueName\":\"search_term_string\"}}],\"inLanguage\":\"fr-FR\"},{\"@type\":\"Person\",\"@id\":\"https:\\\/\\\/www.humanium.org\\\/fr\\\/#\\\/schema\\\/person\\\/d798d6c7d59ba2307e0877f61a20ce3e\",\"name\":\"Humanium\",\"image\":{\"@type\":\"ImageObject\",\"inLanguage\":\"fr-FR\",\"@id\":\"https:\\\/\\\/secure.gravatar.com\\\/avatar\\\/22715e338d2fcc547e3a431c4738360d33fea2a4af458f865b2c3b22f1eaa51f?s=96&d=mm&r=g\",\"url\":\"https:\\\/\\\/secure.gravatar.com\\\/avatar\\\/22715e338d2fcc547e3a431c4738360d33fea2a4af458f865b2c3b22f1eaa51f?s=96&d=mm&r=g\",\"contentUrl\":\"https:\\\/\\\/secure.gravatar.com\\\/avatar\\\/22715e338d2fcc547e3a431c4738360d33fea2a4af458f865b2c3b22f1eaa51f?s=96&d=mm&r=g\",\"caption\":\"Humanium\"},\"url\":\"https:\\\/\\\/www.humanium.org\\\/fr\\\/author\\\/humanium\\\/\"}]}<\/script>\n<!-- \/ Yoast SEO plugin. -->","yoast_head_json":{"title":"La crise des r\u00e9fugi\u00e9s : les enfants en sont les premi\u00e8res victimes - Humanium","robots":{"index":"index","follow":"follow","max-snippet":"max-snippet:-1","max-image-preview":"max-image-preview:large","max-video-preview":"max-video-preview:-1"},"canonical":"https:\/\/www.humanium.org\/fr\/la-crise-des-refugies-les-enfants-en-sont-les-premieres-victimes\/","og_locale":"fr_FR","og_type":"article","og_title":"La crise des r\u00e9fugi\u00e9s : les enfants en sont les premi\u00e8res victimes - Humanium","og_description":"La guerre et les divers troubles des pays d\u2019Afrique, d\u2019Asie et du Moyen-Orient ont entra\u00een\u00e9 le d\u00e9placement et la mise en danger de millions d\u2019enfants. Ceux-ci se d\u00e9placent de leur pays d\u2019origine jusqu\u2019aux c\u00f4tes europ\u00e9ennes afin de trouver un endroit s\u00fbr. Les familles sont fr\u00e9quemment s\u00e9par\u00e9es durant ces d\u00e9placements et les conditions de vie sont [&hellip;]","og_url":"https:\/\/www.humanium.org\/fr\/la-crise-des-refugies-les-enfants-en-sont-les-premieres-victimes\/","og_site_name":"Humanium","article_published_time":"2017-05-23T18:13:03+00:00","article_modified_time":"2026-08-20T18:18:39+00:00","author":"Humanium","twitter_card":"summary_large_image","twitter_misc":{"\u00c9crit par":"Humanium","Dur\u00e9e de lecture estim\u00e9e":"6 minutes"},"schema":{"@context":"https:\/\/schema.org","@graph":[{"@type":"Article","@id":"https:\/\/www.humanium.org\/fr\/la-crise-des-refugies-les-enfants-en-sont-les-premieres-victimes\/#article","isPartOf":{"@id":"https:\/\/www.humanium.org\/fr\/la-crise-des-refugies-les-enfants-en-sont-les-premieres-victimes\/"},"author":{"name":"Humanium","@id":"https:\/\/www.humanium.org\/fr\/#\/schema\/person\/d798d6c7d59ba2307e0877f61a20ce3e"},"headline":"La crise des r\u00e9fugi\u00e9s : les enfants en sont les premi\u00e8res victimes","datePublished":"2017-05-23T18:13:03+00:00","dateModified":"2026-08-20T18:18:39+00:00","mainEntityOfPage":{"@id":"https:\/\/www.humanium.org\/fr\/la-crise-des-refugies-les-enfants-en-sont-les-premieres-victimes\/"},"wordCount":1135,"image":{"@id":"https:\/\/www.humanium.org\/fr\/la-crise-des-refugies-les-enfants-en-sont-les-premieres-victimes\/#primaryimage"},"thumbnailUrl":"https:\/\/www.humanium.org\/fr\/wp-content\/uploads\/2017\/05\/o-ALAN-KURDI-570-300x210.jpg","articleSection":["R\u00e9fugi\u00e9s"],"inLanguage":"fr-FR"},{"@type":"WebPage","@id":"https:\/\/www.humanium.org\/fr\/la-crise-des-refugies-les-enfants-en-sont-les-premieres-victimes\/","url":"https:\/\/www.humanium.org\/fr\/la-crise-des-refugies-les-enfants-en-sont-les-premieres-victimes\/","name":"La crise des r\u00e9fugi\u00e9s : les enfants en sont les premi\u00e8res victimes - Humanium","isPartOf":{"@id":"https:\/\/www.humanium.org\/fr\/#website"},"primaryImageOfPage":{"@id":"https:\/\/www.humanium.org\/fr\/la-crise-des-refugies-les-enfants-en-sont-les-premieres-victimes\/#primaryimage"},"image":{"@id":"https:\/\/www.humanium.org\/fr\/la-crise-des-refugies-les-enfants-en-sont-les-premieres-victimes\/#primaryimage"},"thumbnailUrl":"https:\/\/www.humanium.org\/fr\/wp-content\/uploads\/2017\/05\/o-ALAN-KURDI-570-300x210.jpg","datePublished":"2017-05-23T18:13:03+00:00","dateModified":"2026-08-20T18:18:39+00:00","author":{"@id":"https:\/\/www.humanium.org\/fr\/#\/schema\/person\/d798d6c7d59ba2307e0877f61a20ce3e"},"breadcrumb":{"@id":"https:\/\/www.humanium.org\/fr\/la-crise-des-refugies-les-enfants-en-sont-les-premieres-victimes\/#breadcrumb"},"inLanguage":"fr-FR","potentialAction":[{"@type":"ReadAction","target":["https:\/\/www.humanium.org\/fr\/la-crise-des-refugies-les-enfants-en-sont-les-premieres-victimes\/"]}]},{"@type":"ImageObject","inLanguage":"fr-FR","@id":"https:\/\/www.humanium.org\/fr\/la-crise-des-refugies-les-enfants-en-sont-les-premieres-victimes\/#primaryimage","url":"https:\/\/www.humanium.org\/fr\/wp-content\/uploads\/2017\/05\/o-ALAN-KURDI-570-300x210.jpg","contentUrl":"https:\/\/www.humanium.org\/fr\/wp-content\/uploads\/2017\/05\/o-ALAN-KURDI-570-300x210.jpg"},{"@type":"BreadcrumbList","@id":"https:\/\/www.humanium.org\/fr\/la-crise-des-refugies-les-enfants-en-sont-les-premieres-victimes\/#breadcrumb","itemListElement":[{"@type":"ListItem","position":1,"name":"Home","item":"https:\/\/www.humanium.org\/fr\/"},{"@type":"ListItem","position":2,"name":"La crise des r\u00e9fugi\u00e9s : les enfants en sont les premi\u00e8res victimes"}]},{"@type":"WebSite","@id":"https:\/\/www.humanium.org\/fr\/#website","url":"https:\/\/www.humanium.org\/fr\/","name":"Humanium","description":"Les enfants d\u2019abord !","potentialAction":[{"@type":"SearchAction","target":{"@type":"EntryPoint","urlTemplate":"https:\/\/www.humanium.org\/fr\/?s={search_term_string}"},"query-input":{"@type":"PropertyValueSpecification","valueRequired":true,"valueName":"search_term_string"}}],"inLanguage":"fr-FR"},{"@type":"Person","@id":"https:\/\/www.humanium.org\/fr\/#\/schema\/person\/d798d6c7d59ba2307e0877f61a20ce3e","name":"Humanium","image":{"@type":"ImageObject","inLanguage":"fr-FR","@id":"https:\/\/secure.gravatar.com\/avatar\/22715e338d2fcc547e3a431c4738360d33fea2a4af458f865b2c3b22f1eaa51f?s=96&d=mm&r=g","url":"https:\/\/secure.gravatar.com\/avatar\/22715e338d2fcc547e3a431c4738360d33fea2a4af458f865b2c3b22f1eaa51f?s=96&d=mm&r=g","contentUrl":"https:\/\/secure.gravatar.com\/avatar\/22715e338d2fcc547e3a431c4738360d33fea2a4af458f865b2c3b22f1eaa51f?s=96&d=mm&r=g","caption":"Humanium"},"url":"https:\/\/www.humanium.org\/fr\/author\/humanium\/"}]}},"_links":{"self":[{"href":"https:\/\/www.humanium.org\/fr\/wp-json\/wp\/v2\/posts\/40138","targetHints":{"allow":["GET"]}}],"collection":[{"href":"https:\/\/www.humanium.org\/fr\/wp-json\/wp\/v2\/posts"}],"about":[{"href":"https:\/\/www.humanium.org\/fr\/wp-json\/wp\/v2\/types\/post"}],"author":[{"embeddable":true,"href":"https:\/\/www.humanium.org\/fr\/wp-json\/wp\/v2\/users\/69"}],"replies":[{"embeddable":true,"href":"https:\/\/www.humanium.org\/fr\/wp-json\/wp\/v2\/comments?post=40138"}],"version-history":[{"count":2,"href":"https:\/\/www.humanium.org\/fr\/wp-json\/wp\/v2\/posts\/40138\/revisions"}],"predecessor-version":[{"id":59653,"href":"https:\/\/www.humanium.org\/fr\/wp-json\/wp\/v2\/posts\/40138\/revisions\/59653"}],"wp:attachment":[{"href":"https:\/\/www.humanium.org\/fr\/wp-json\/wp\/v2\/media?parent=40138"}],"wp:term":[{"taxonomy":"category","embeddable":true,"href":"https:\/\/www.humanium.org\/fr\/wp-json\/wp\/v2\/categories?post=40138"},{"taxonomy":"post_tag","embeddable":true,"href":"https:\/\/www.humanium.org\/fr\/wp-json\/wp\/v2\/tags?post=40138"}],"curies":[{"name":"wp","href":"https:\/\/api.w.org\/{rel}","templated":true}]}}