{"id":40354,"date":"2017-07-05T19:42:26","date_gmt":"2017-07-05T19:42:26","guid":{"rendered":"https:\/\/www.humanium.gives\/fr\/?p=40354"},"modified":"2026-08-20T18:18:30","modified_gmt":"2026-08-20T18:18:30","slug":"lenregistrement-a-la-naissance-au-senegal-un-droit-de-lenfant-souvent-meconnu","status":"publish","type":"post","link":"https:\/\/www.humanium.org\/fr\/lenregistrement-a-la-naissance-au-senegal-un-droit-de-lenfant-souvent-meconnu\/","title":{"rendered":"L\u2019enregistrement \u00e0 la naissance au S\u00e9n\u00e9gal : un droit de l\u2019enfant souvent m\u00e9connu"},"content":{"rendered":"<p><span style=\"font-weight: 400;\">L\u2019enregistrement \u00e0 la naissance est un droit pour un enfant ; il incombe aux parents de le respecter. En effet, selon les dispositions de l\u2019article 51 du Code de la famille\u00a0<a href=\"https:\/\/www.humanium.org\/fr\/afrique\/senegal\/\">s\u00e9n\u00e9galais<\/a>, \u00ab Toute naissance doit \u00eatre d\u00e9clar\u00e9e \u00e0 l\u2019officier de l\u2019\u00e9tat civil dans le d\u00e9lai franc d\u2019un mois (\u2026) \u00bb (Extrait du Code de la famille s\u00e9n\u00e9galais, Section 2, 1972). Le paradoxe de cette l\u00e9gislation est que des milliers d\u2019enfants en \u00e2ge d\u2019aller \u00e0 l\u2019\u00e9cole sont confront\u00e9s \u00e0 un d\u00e9faut d\u2019acte d\u2019\u00e9tat civil en raison d\u2019une non-d\u00e9claration \u00e0 la naissance. Il arrive aussi que certains enfants soient victimes d\u2019escrocs qui se font passer pour des agents de l\u2019\u00e9tat civil et se voient attribuer un faux num\u00e9ro de registre d\u2019\u00e9tat civil en \u00e9change d\u2019une somme d\u2019argent (africatime). De ce fait, certains de ces enfants n\u2019arrivent m\u00eame pas \u00e0 s&rsquo;inscrire \u00e0 l\u2019\u00e9cole, d\u2019autres, bien qu\u2019ils soient inscrits, sont oblig\u00e9s d\u2019abandonner l\u2019\u00e9cole et ne peuvent pas se pr\u00e9senter aux examens car ils ne disposent pas de papier l\u00e9gal permettant de constituer un dossier d\u2019examen.<\/span><\/p>\n<p><a href=\"https:\/\/www.humanium.org\/fr\/wp-content\/uploads\/2017\/06\/shutterstock_375038782.jpg\"><img loading=\"lazy\" decoding=\"async\" class=\"alignleft size-medium wp-image-38308\" src=\"https:\/\/www.humanium.org\/fr\/wp-content\/uploads\/2017\/06\/shutterstock_375038782-300x200.jpg\" alt=\"\" width=\"300\" height=\"200\" \/><\/a><span style=\"font-weight: 400;\">En plus d\u2019\u00eatre priv\u00e9s de leur\u00a0<a href=\"https:\/\/www.humanium.org\/fr\/comprendre-2\/droit-a-l-identite\/\">droit \u00e0 une identit\u00e9<\/a>\u00a0civile par le biais de la d\u00e9claration \u00e0 la naissance, ces enfants perdent leur droit \u00e0 l\u2019\u00e9ducation et \u00e0 la formation. De toute \u00e9vidence, cette situation engage la responsabilit\u00e9 des parents qui omettent de d\u00e9clarer la naissance de leurs enfants, et celle de l\u2019Etat qui devrait r\u00e9unir toutes les conditions n\u00e9cessaires pour que les droits de ces enfants en situation d\u2019ill\u00e9galit\u00e9 soient r\u00e9tablis.<\/span><\/p>\n<p><b>La d\u00e9claration \u00e0 la naissance : un droit pour les enfants<\/b><\/p>\n<p><span style=\"font-weight: 400;\">La d\u00e9claration \u00e0 la naissance doit \u00eatre le fait \u00ab du p\u00e8re ou de la m\u00e8re, d\u2019un ascendant ou d\u2019un proche parent, du m\u00e9decin, de la sage-femme, de la matrone ou de toute autre personne ayant assist\u00e9 \u00e0 la naissance ou encore, (&#8230;)de la personne chez qui elle a accouch\u00e9 \u00bb (Article 51 du Code de la famille s\u00e9n\u00e9galais). La d\u00e9claration peut \u00e9galement \u00eatre effectu\u00e9e par le d\u00e9l\u00e9gu\u00e9 de quartier, le chef de village ou le procureur de la R\u00e9publique.<\/span><\/p>\n<p><span style=\"font-weight: 400;\">Quel que soit le moment o\u00f9 la personne d\u00e9cide de d\u00e9clarer l\u2019enfant, il y a toujours une proc\u00e9dure am\u00e9nag\u00e9e \u00e0 cet effet par la loi (d\u00e9claration normale, d\u00e9claration tardive ou jugement d\u2019autorisation d\u2019inscription \u00e0 l\u2019\u00e9tat civil). Malgr\u00e9 ces dispositions, le probl\u00e8me des enfants non d\u00e9clar\u00e9s \u00e0 l\u2019\u00e9tat civil persiste. Selon les statistiques de l&rsquo;Agence Nationale des Statistiques et de la D\u00e9mographie (Minist\u00e8re de l\u2019Economie, des Finances et du Plan, 2015), pr\u00e8s d\u2019un quart des enfants (23,8%) \u00e2g\u00e9s entre 1 et 9 ans poss\u00e8de ni bulletin de naissance, ni jugement suppl\u00e9tif. \u00ab A un an, 25,6% des naissances n\u2019ont pas \u00e9t\u00e9 d\u00e9clar\u00e9es \u00e0 l\u2019\u00e9tat civil \u00bb (APS, 2015).<\/span><\/p>\n<p><a href=\"https:\/\/www.humanium.org\/fr\/wp-content\/uploads\/2017\/06\/shutterstock_248853220.jpg\"><img loading=\"lazy\" decoding=\"async\" class=\"alignright size-medium wp-image-38309\" src=\"https:\/\/www.humanium.org\/fr\/wp-content\/uploads\/2017\/06\/shutterstock_248853220-300x200.jpg\" alt=\"\" width=\"300\" height=\"200\" \/><\/a><span style=\"font-weight: 400;\">Cette situation r\u00e9sulte de la n\u00e9gligence des personnes ayant le devoir de d\u00e9clarer l\u2019enfant, des parents en particulier. Mais elle r\u00e9sulte en grande partie de l\u2019ignorance de ces parents dont beaucoup n\u2019ont pas eux-m\u00eames d\u2019actes de naissance surtout dans les zones rurales (APS, 2015) o\u00f9 l\u2019analphab\u00e9tisme et le manque d\u2019information sont fr\u00e9quents (BA, 2015).<\/span><\/p>\n<p><span style=\"font-weight: 400;\">Ainsi, ces enfants sont priv\u00e9s de l\u2019ensemble des avantages li\u00e9s \u00e0 leur identification. Parmi ces droits, on peut citer les avantages financiers de l\u2019institution familiale ou la gratuit\u00e9 des soins \u00e0 l\u2019h\u00f4pital pour les enfants de moins de 5 ans.<\/span><\/p>\n<p><b>La non-d\u00e9claration \u00e0 l\u2019\u00e9tat civil : un frein \u00e0 l\u2019\u00e9ducation des enfants<\/b><\/p>\n<p><span style=\"font-weight: 400;\">Le probl\u00e8me des enfants sans acte de naissance constitue un frein \u00e0\u00a0leur \u00e9ducation. En effet, l\u2019inscription dans une \u00e9cole s\u2019effectue avec la pr\u00e9sentation d\u2019un acte de naissance. Or les enfants non d\u00e9clar\u00e9s n\u2019en disposent pas. Ainsi, ces derniers, m\u00eame s\u2019ils sont accept\u00e9s dans l\u2019\u00e9cole sur la base de leur bonne foi, ne pourront pas passer les examens de fin de cycle. De ce fait, les \u00e9coles se retrouvent avec beaucoup de candidats \u00e0 l\u2019examen exclus en raison de l&rsquo;absence d\u2019une pi\u00e8ce d\u2019identit\u00e9 (Ndiaye, 2016). Selon les propos du Directeur des Examens et Concours, \u00ab 34 670 candidats au Cfee (Certificat de fin d\u2019\u00e9tudes \u00e9l\u00e9mentaires) et au Bfem (Brevet de fin d\u2019\u00e9tudes moyennes) sont sans acte d\u2019\u00e9tat civil en 2016, contre 53 240 en 2015 \u00bb (Dieng, 2016). Ainsi, si ces milliers de candidats ne parviennent pas \u00e0 se procurer un acte de naissance avant la tenue des examens de fin d\u2019ann\u00e9e, ils sont oblig\u00e9s d\u2019attendre l\u2019ann\u00e9e acad\u00e9mique suivante pour passer les examens.<\/span><\/p>\n<p><a href=\"https:\/\/www.humanium.org\/fr\/wp-content\/uploads\/2017\/06\/shutterstock_41379493.jpg\"><img loading=\"lazy\" decoding=\"async\" class=\"alignleft size-medium wp-image-38310\" src=\"https:\/\/www.humanium.org\/fr\/wp-content\/uploads\/2017\/06\/shutterstock_41379493-300x200.jpg\" alt=\"\" width=\"300\" height=\"200\" \/><\/a><span style=\"font-weight: 400;\">Dans certaines \u00e9coles primaires, les directeurs d\u2019\u00e9coles sont oblig\u00e9s d\u2019aider lesdits \u00e9l\u00e8ves dans une proc\u00e9dure de jugement d\u2019autorisation d\u2019inscription devant un tribunal ou \u00e0 l\u2019occasion d\u2019une audience foraine organis\u00e9e p\u00e9riodiquement par l\u2019Etat. Cet engagement des enseignants permet \u00e0 quelques \u00e9l\u00e8ves de b\u00e9n\u00e9ficier d\u2019un jugement d\u00e9claratif de naissance et par cons\u00e9quent de rester \u00e0 l\u2019\u00e9cole. A d\u00e9faut d\u2019un tel engagement et devant la n\u00e9gligence des parents, l\u2019enfant fini souvent par quitter l\u2019\u00e9cole (Dabo, 2015).<\/span><\/p>\n<table style=\"height: 61px;\" width=\"639\">\n<tbody style=\"background: #f9f9f9;\">\n<tr>\n<td>\n<div style=\"float: left; width: 50%;\">\u00e9crit par : Khady Ngom<\/div>\n<div style=\"float: left; width: 50%;\">relecture Interne : Lucy Autin et Niriniaina Ralambomamy<\/div>\n<div style=\"float: left; width: 50%;\">Relecture Externe : Beatrice DOPPLER-WALBOTT<\/div>\n<\/td>\n<\/tr>\n<\/tbody>\n<\/table>\n<p>&nbsp;<\/p>\n<p><a><\/a><\/p>\n<p>&nbsp;<\/p>\n<p>&nbsp;<\/p>\n<p>Fatou, S., (01\/07\/13)\u00a0<em>Etat-civil au S\u00e9n\u00e9gal : Dans le labyrinthe des faussaires<\/em>, consult\u00e9 sur africatime.com :\u00a0http:\/\/fr.africatime.com\/senegal\/articles\/etat-civil-au-senegal-dans-le-labyrinthe-des-faussaires<\/p>\n<p>Dabo, B., (1\/07\/2015)\u00a0<em>S\u00e9n\u00e9gal : La probl\u00e9matique de l&rsquo;\u00e9tat-civil en milieu scolaire<\/em>, consult\u00e9 sur allafrica.com :\u00a0<a href=\"http:\/\/fr.allafrica.com\/stories\/201507011702.html\">http:\/\/fr.allafrica.com\/stories\/201507011702.html<\/a><\/p>\n<p>Ndiaye, I., (13\/10\/2016)\u00a0<em>Enregistrement \u00e0 l\u2019\u00e9tat civil : L\u2019acte de naissance, facteur d\u2019exclusion des \u00e9l\u00e8ves de CM2<\/em>, consult\u00e9 sur lesoleil.sn :\u00a0http:\/\/www.lesoleil.sn\/actualites\/item\/56443-enregistrement-a-l-etat-civil-l-acte-de-naissance-facteur-d-exclusion-des-eleves-de-cm2.html<\/p>\n<p>APS, (2\/06\/2015)\u00a0<em>R\u00e9gularisation des \u00e9l\u00e8ves sans acte de naissance<\/em>, consult\u00e9 sur seneweb.com :\u00a0http:\/\/www.seneweb.com\/news\/Societe\/regularisation-des-eleves-sans-acte-de-n_n_183987.html<\/p>\n<p>ADIE, (n.d.)\u00a0<em>Enregistrer une reconnaissance d\u2019enfant, consult\u00e9 sur servicepublic.gouv.sn :<br \/>\nhttp:\/\/www.servicepublic.gouv.sn\/index.php\/demarche_administrative\/demarche\/1\/327<\/em><\/p>\n<p>Extrait du Code de la famille s\u00e9n\u00e9galais Section 2 (12\/06\/1972).\u00a0<em>Paragraphe premier<\/em>. Des actes de naissances, consult\u00e9 sur :\u00a0http:\/\/www.cape.gouv.sn\/IMG\/pdf\/extraits_code_de_la_famille.pdf<\/p>\n<p>Dieng, M. S., (3\/06\/2016)\u00a0<em>34 670 candidats aux examens sans pi\u00e8ce d\u2019\u00e9tat civil<\/em>, consult\u00e9 sur :\u00a0<a href=\"http:\/\/www.seneweb.com\/news\/Societe\/34-670-candidats-aux-examens-sans-piece-_n_184074.html\">http:\/\/www.seneweb.com\/news\/Societe\/34-670-candidats-aux-examens-sans-piece-_n_184074.html<\/a><\/p>\n<p>Ba, M., (18\/11\/2015)\u00a0<em>Modernisation de l\u2019Etat civil au S\u00e9n\u00e9gal &#8211; Un satisf\u00e9cit mitig\u00e9<\/em>, consult\u00e9 sur rewmi.com :\u00a0http:\/\/www.rewmi.com\/modernisation-de-letat-civil-au-senegal-un-satisfecit-mitige.html<\/p>\n<p>Minist\u00e8re de l\u2019Economie, des Finances et du Plan, (2015)\u00a0<em>L\u2019enregistrement des faits d\u2019\u00e9tat civil au S\u00e9n\u00e9gal : mariages, naissances et d\u00e9c\u00e8s<\/em>, consult\u00e9 sur :\u00a0<a href=\"http:\/\/www.ansd.sn\/ressources\/publications\/RAPPORT%20ETAT%20CIVIL%20DEC%202015-BECPD.pdf\">http:\/\/www.ansd.sn\/ressources\/publications\/RAPPORT%20ETAT%20CIVIL%20DEC%202015-BECPD.pdf<\/a><\/p>\n","protected":false},"excerpt":{"rendered":"<p>L\u2019enregistrement \u00e0 la naissance est un droit pour un enfant ; il incombe aux parents de le respecter. En effet, selon les dispositions de l\u2019article 51 du Code de la famille\u00a0s\u00e9n\u00e9galais, \u00ab Toute naissance doit \u00eatre d\u00e9clar\u00e9e \u00e0 l\u2019officier de l\u2019\u00e9tat civil dans le d\u00e9lai franc d\u2019un mois (\u2026) \u00bb (Extrait du Code de la [&hellip;]<\/p>\n","protected":false},"author":69,"featured_media":40562,"comment_status":"closed","ping_status":"closed","sticky":false,"template":"","format":"standard","meta":{"footnotes":""},"categories":[1],"tags":[],"class_list":["post-40354","post","type-post","status-publish","format-standard","has-post-thumbnail","hentry","category-uncategorized"],"yoast_head":"<!-- This site is optimized with the Yoast SEO plugin v28.3 - https:\/\/yoast.com\/product\/yoast-seo-wordpress\/ -->\n<title>L\u2019enregistrement \u00e0 la naissance au S\u00e9n\u00e9gal : un droit de l\u2019enfant souvent m\u00e9connu - Humanium<\/title>\n<meta name=\"robots\" content=\"index, follow, max-snippet:-1, max-image-preview:large, max-video-preview:-1\" \/>\n<link rel=\"canonical\" href=\"https:\/\/www.humanium.org\/fr\/lenregistrement-a-la-naissance-au-senegal-un-droit-de-lenfant-souvent-meconnu\/\" \/>\n<meta property=\"og:locale\" content=\"fr_FR\" \/>\n<meta property=\"og:type\" content=\"article\" \/>\n<meta property=\"og:title\" content=\"L\u2019enregistrement \u00e0 la naissance au S\u00e9n\u00e9gal : un droit de l\u2019enfant souvent m\u00e9connu - Humanium\" \/>\n<meta property=\"og:description\" content=\"L\u2019enregistrement \u00e0 la naissance est un droit pour un enfant ; il incombe aux parents de le respecter. En effet, selon les dispositions de l\u2019article 51 du Code de la famille\u00a0s\u00e9n\u00e9galais, \u00ab Toute naissance doit \u00eatre d\u00e9clar\u00e9e \u00e0 l\u2019officier de l\u2019\u00e9tat civil dans le d\u00e9lai franc d\u2019un mois (\u2026) \u00bb (Extrait du Code de la [&hellip;]\" \/>\n<meta property=\"og:url\" content=\"https:\/\/www.humanium.org\/fr\/lenregistrement-a-la-naissance-au-senegal-un-droit-de-lenfant-souvent-meconnu\/\" \/>\n<meta property=\"og:site_name\" content=\"Humanium\" \/>\n<meta property=\"article:published_time\" content=\"2017-07-05T19:42:26+00:00\" \/>\n<meta property=\"article:modified_time\" content=\"2026-08-20T18:18:30+00:00\" \/>\n<meta property=\"og:image\" content=\"https:\/\/www.humanium.org\/fr\/wp-content\/uploads\/2017\/07\/shutterstock_649571188.jpg\" \/>\n\t<meta property=\"og:image:width\" content=\"1000\" \/>\n\t<meta property=\"og:image:height\" content=\"666\" \/>\n\t<meta property=\"og:image:type\" content=\"image\/jpeg\" \/>\n<meta name=\"author\" content=\"Humanium\" \/>\n<meta name=\"twitter:card\" content=\"summary_large_image\" \/>\n<meta name=\"twitter:label1\" content=\"\u00c9crit par\" \/>\n\t<meta name=\"twitter:data1\" content=\"Humanium\" \/>\n\t<meta name=\"twitter:label2\" content=\"Dur\u00e9e de lecture estim\u00e9e\" \/>\n\t<meta name=\"twitter:data2\" content=\"6 minutes\" \/>\n<script type=\"application\/ld+json\" class=\"yoast-schema-graph\">{\"@context\":\"https:\\\/\\\/schema.org\",\"@graph\":[{\"@type\":\"Article\",\"@id\":\"https:\\\/\\\/www.humanium.org\\\/fr\\\/lenregistrement-a-la-naissance-au-senegal-un-droit-de-lenfant-souvent-meconnu\\\/#article\",\"isPartOf\":{\"@id\":\"https:\\\/\\\/www.humanium.org\\\/fr\\\/lenregistrement-a-la-naissance-au-senegal-un-droit-de-lenfant-souvent-meconnu\\\/\"},\"author\":{\"name\":\"Humanium\",\"@id\":\"https:\\\/\\\/www.humanium.org\\\/fr\\\/#\\\/schema\\\/person\\\/d798d6c7d59ba2307e0877f61a20ce3e\"},\"headline\":\"L\u2019enregistrement \u00e0 la naissance au S\u00e9n\u00e9gal : un droit de l\u2019enfant souvent m\u00e9connu\",\"datePublished\":\"2017-07-05T19:42:26+00:00\",\"dateModified\":\"2026-08-20T18:18:30+00:00\",\"mainEntityOfPage\":{\"@id\":\"https:\\\/\\\/www.humanium.org\\\/fr\\\/lenregistrement-a-la-naissance-au-senegal-un-droit-de-lenfant-souvent-meconnu\\\/\"},\"wordCount\":1166,\"image\":{\"@id\":\"https:\\\/\\\/www.humanium.org\\\/fr\\\/lenregistrement-a-la-naissance-au-senegal-un-droit-de-lenfant-souvent-meconnu\\\/#primaryimage\"},\"thumbnailUrl\":\"https:\\\/\\\/www.humanium.org\\\/fr\\\/wp-content\\\/uploads\\\/2017\\\/07\\\/shutterstock_649571188.jpg\",\"articleSection\":[\"Uncategorized\"],\"inLanguage\":\"fr-FR\"},{\"@type\":\"WebPage\",\"@id\":\"https:\\\/\\\/www.humanium.org\\\/fr\\\/lenregistrement-a-la-naissance-au-senegal-un-droit-de-lenfant-souvent-meconnu\\\/\",\"url\":\"https:\\\/\\\/www.humanium.org\\\/fr\\\/lenregistrement-a-la-naissance-au-senegal-un-droit-de-lenfant-souvent-meconnu\\\/\",\"name\":\"L\u2019enregistrement \u00e0 la naissance au S\u00e9n\u00e9gal : un droit de l\u2019enfant souvent m\u00e9connu - Humanium\",\"isPartOf\":{\"@id\":\"https:\\\/\\\/www.humanium.org\\\/fr\\\/#website\"},\"primaryImageOfPage\":{\"@id\":\"https:\\\/\\\/www.humanium.org\\\/fr\\\/lenregistrement-a-la-naissance-au-senegal-un-droit-de-lenfant-souvent-meconnu\\\/#primaryimage\"},\"image\":{\"@id\":\"https:\\\/\\\/www.humanium.org\\\/fr\\\/lenregistrement-a-la-naissance-au-senegal-un-droit-de-lenfant-souvent-meconnu\\\/#primaryimage\"},\"thumbnailUrl\":\"https:\\\/\\\/www.humanium.org\\\/fr\\\/wp-content\\\/uploads\\\/2017\\\/07\\\/shutterstock_649571188.jpg\",\"datePublished\":\"2017-07-05T19:42:26+00:00\",\"dateModified\":\"2026-08-20T18:18:30+00:00\",\"author\":{\"@id\":\"https:\\\/\\\/www.humanium.org\\\/fr\\\/#\\\/schema\\\/person\\\/d798d6c7d59ba2307e0877f61a20ce3e\"},\"breadcrumb\":{\"@id\":\"https:\\\/\\\/www.humanium.org\\\/fr\\\/lenregistrement-a-la-naissance-au-senegal-un-droit-de-lenfant-souvent-meconnu\\\/#breadcrumb\"},\"inLanguage\":\"fr-FR\",\"potentialAction\":[{\"@type\":\"ReadAction\",\"target\":[\"https:\\\/\\\/www.humanium.org\\\/fr\\\/lenregistrement-a-la-naissance-au-senegal-un-droit-de-lenfant-souvent-meconnu\\\/\"]}]},{\"@type\":\"ImageObject\",\"inLanguage\":\"fr-FR\",\"@id\":\"https:\\\/\\\/www.humanium.org\\\/fr\\\/lenregistrement-a-la-naissance-au-senegal-un-droit-de-lenfant-souvent-meconnu\\\/#primaryimage\",\"url\":\"https:\\\/\\\/www.humanium.org\\\/fr\\\/wp-content\\\/uploads\\\/2017\\\/07\\\/shutterstock_649571188.jpg\",\"contentUrl\":\"https:\\\/\\\/www.humanium.org\\\/fr\\\/wp-content\\\/uploads\\\/2017\\\/07\\\/shutterstock_649571188.jpg\",\"width\":1000,\"height\":666},{\"@type\":\"BreadcrumbList\",\"@id\":\"https:\\\/\\\/www.humanium.org\\\/fr\\\/lenregistrement-a-la-naissance-au-senegal-un-droit-de-lenfant-souvent-meconnu\\\/#breadcrumb\",\"itemListElement\":[{\"@type\":\"ListItem\",\"position\":1,\"name\":\"Home\",\"item\":\"https:\\\/\\\/www.humanium.org\\\/fr\\\/\"},{\"@type\":\"ListItem\",\"position\":2,\"name\":\"L\u2019enregistrement \u00e0 la naissance au S\u00e9n\u00e9gal : un droit de l\u2019enfant souvent m\u00e9connu\"}]},{\"@type\":\"WebSite\",\"@id\":\"https:\\\/\\\/www.humanium.org\\\/fr\\\/#website\",\"url\":\"https:\\\/\\\/www.humanium.org\\\/fr\\\/\",\"name\":\"Humanium\",\"description\":\"Les enfants d\u2019abord !\",\"potentialAction\":[{\"@type\":\"SearchAction\",\"target\":{\"@type\":\"EntryPoint\",\"urlTemplate\":\"https:\\\/\\\/www.humanium.org\\\/fr\\\/?s={search_term_string}\"},\"query-input\":{\"@type\":\"PropertyValueSpecification\",\"valueRequired\":true,\"valueName\":\"search_term_string\"}}],\"inLanguage\":\"fr-FR\"},{\"@type\":\"Person\",\"@id\":\"https:\\\/\\\/www.humanium.org\\\/fr\\\/#\\\/schema\\\/person\\\/d798d6c7d59ba2307e0877f61a20ce3e\",\"name\":\"Humanium\",\"image\":{\"@type\":\"ImageObject\",\"inLanguage\":\"fr-FR\",\"@id\":\"https:\\\/\\\/secure.gravatar.com\\\/avatar\\\/22715e338d2fcc547e3a431c4738360d33fea2a4af458f865b2c3b22f1eaa51f?s=96&d=mm&r=g\",\"url\":\"https:\\\/\\\/secure.gravatar.com\\\/avatar\\\/22715e338d2fcc547e3a431c4738360d33fea2a4af458f865b2c3b22f1eaa51f?s=96&d=mm&r=g\",\"contentUrl\":\"https:\\\/\\\/secure.gravatar.com\\\/avatar\\\/22715e338d2fcc547e3a431c4738360d33fea2a4af458f865b2c3b22f1eaa51f?s=96&d=mm&r=g\",\"caption\":\"Humanium\"},\"url\":\"https:\\\/\\\/www.humanium.org\\\/fr\\\/author\\\/humanium\\\/\"}]}<\/script>\n<!-- \/ Yoast SEO plugin. -->","yoast_head_json":{"title":"L\u2019enregistrement \u00e0 la naissance au S\u00e9n\u00e9gal : un droit de l\u2019enfant souvent m\u00e9connu - Humanium","robots":{"index":"index","follow":"follow","max-snippet":"max-snippet:-1","max-image-preview":"max-image-preview:large","max-video-preview":"max-video-preview:-1"},"canonical":"https:\/\/www.humanium.org\/fr\/lenregistrement-a-la-naissance-au-senegal-un-droit-de-lenfant-souvent-meconnu\/","og_locale":"fr_FR","og_type":"article","og_title":"L\u2019enregistrement \u00e0 la naissance au S\u00e9n\u00e9gal : un droit de l\u2019enfant souvent m\u00e9connu - Humanium","og_description":"L\u2019enregistrement \u00e0 la naissance est un droit pour un enfant ; il incombe aux parents de le respecter. En effet, selon les dispositions de l\u2019article 51 du Code de la famille\u00a0s\u00e9n\u00e9galais, \u00ab Toute naissance doit \u00eatre d\u00e9clar\u00e9e \u00e0 l\u2019officier de l\u2019\u00e9tat civil dans le d\u00e9lai franc d\u2019un mois (\u2026) \u00bb (Extrait du Code de la [&hellip;]","og_url":"https:\/\/www.humanium.org\/fr\/lenregistrement-a-la-naissance-au-senegal-un-droit-de-lenfant-souvent-meconnu\/","og_site_name":"Humanium","article_published_time":"2017-07-05T19:42:26+00:00","article_modified_time":"2026-08-20T18:18:30+00:00","og_image":[{"width":1000,"height":666,"url":"https:\/\/www.humanium.org\/fr\/wp-content\/uploads\/2017\/07\/shutterstock_649571188.jpg","type":"image\/jpeg"}],"author":"Humanium","twitter_card":"summary_large_image","twitter_misc":{"\u00c9crit par":"Humanium","Dur\u00e9e de lecture estim\u00e9e":"6 minutes"},"schema":{"@context":"https:\/\/schema.org","@graph":[{"@type":"Article","@id":"https:\/\/www.humanium.org\/fr\/lenregistrement-a-la-naissance-au-senegal-un-droit-de-lenfant-souvent-meconnu\/#article","isPartOf":{"@id":"https:\/\/www.humanium.org\/fr\/lenregistrement-a-la-naissance-au-senegal-un-droit-de-lenfant-souvent-meconnu\/"},"author":{"name":"Humanium","@id":"https:\/\/www.humanium.org\/fr\/#\/schema\/person\/d798d6c7d59ba2307e0877f61a20ce3e"},"headline":"L\u2019enregistrement \u00e0 la naissance au S\u00e9n\u00e9gal : un droit de l\u2019enfant souvent m\u00e9connu","datePublished":"2017-07-05T19:42:26+00:00","dateModified":"2026-08-20T18:18:30+00:00","mainEntityOfPage":{"@id":"https:\/\/www.humanium.org\/fr\/lenregistrement-a-la-naissance-au-senegal-un-droit-de-lenfant-souvent-meconnu\/"},"wordCount":1166,"image":{"@id":"https:\/\/www.humanium.org\/fr\/lenregistrement-a-la-naissance-au-senegal-un-droit-de-lenfant-souvent-meconnu\/#primaryimage"},"thumbnailUrl":"https:\/\/www.humanium.org\/fr\/wp-content\/uploads\/2017\/07\/shutterstock_649571188.jpg","articleSection":["Uncategorized"],"inLanguage":"fr-FR"},{"@type":"WebPage","@id":"https:\/\/www.humanium.org\/fr\/lenregistrement-a-la-naissance-au-senegal-un-droit-de-lenfant-souvent-meconnu\/","url":"https:\/\/www.humanium.org\/fr\/lenregistrement-a-la-naissance-au-senegal-un-droit-de-lenfant-souvent-meconnu\/","name":"L\u2019enregistrement \u00e0 la naissance au S\u00e9n\u00e9gal : un droit de l\u2019enfant souvent m\u00e9connu - Humanium","isPartOf":{"@id":"https:\/\/www.humanium.org\/fr\/#website"},"primaryImageOfPage":{"@id":"https:\/\/www.humanium.org\/fr\/lenregistrement-a-la-naissance-au-senegal-un-droit-de-lenfant-souvent-meconnu\/#primaryimage"},"image":{"@id":"https:\/\/www.humanium.org\/fr\/lenregistrement-a-la-naissance-au-senegal-un-droit-de-lenfant-souvent-meconnu\/#primaryimage"},"thumbnailUrl":"https:\/\/www.humanium.org\/fr\/wp-content\/uploads\/2017\/07\/shutterstock_649571188.jpg","datePublished":"2017-07-05T19:42:26+00:00","dateModified":"2026-08-20T18:18:30+00:00","author":{"@id":"https:\/\/www.humanium.org\/fr\/#\/schema\/person\/d798d6c7d59ba2307e0877f61a20ce3e"},"breadcrumb":{"@id":"https:\/\/www.humanium.org\/fr\/lenregistrement-a-la-naissance-au-senegal-un-droit-de-lenfant-souvent-meconnu\/#breadcrumb"},"inLanguage":"fr-FR","potentialAction":[{"@type":"ReadAction","target":["https:\/\/www.humanium.org\/fr\/lenregistrement-a-la-naissance-au-senegal-un-droit-de-lenfant-souvent-meconnu\/"]}]},{"@type":"ImageObject","inLanguage":"fr-FR","@id":"https:\/\/www.humanium.org\/fr\/lenregistrement-a-la-naissance-au-senegal-un-droit-de-lenfant-souvent-meconnu\/#primaryimage","url":"https:\/\/www.humanium.org\/fr\/wp-content\/uploads\/2017\/07\/shutterstock_649571188.jpg","contentUrl":"https:\/\/www.humanium.org\/fr\/wp-content\/uploads\/2017\/07\/shutterstock_649571188.jpg","width":1000,"height":666},{"@type":"BreadcrumbList","@id":"https:\/\/www.humanium.org\/fr\/lenregistrement-a-la-naissance-au-senegal-un-droit-de-lenfant-souvent-meconnu\/#breadcrumb","itemListElement":[{"@type":"ListItem","position":1,"name":"Home","item":"https:\/\/www.humanium.org\/fr\/"},{"@type":"ListItem","position":2,"name":"L\u2019enregistrement \u00e0 la naissance au S\u00e9n\u00e9gal : un droit de l\u2019enfant souvent m\u00e9connu"}]},{"@type":"WebSite","@id":"https:\/\/www.humanium.org\/fr\/#website","url":"https:\/\/www.humanium.org\/fr\/","name":"Humanium","description":"Les enfants d\u2019abord !","potentialAction":[{"@type":"SearchAction","target":{"@type":"EntryPoint","urlTemplate":"https:\/\/www.humanium.org\/fr\/?s={search_term_string}"},"query-input":{"@type":"PropertyValueSpecification","valueRequired":true,"valueName":"search_term_string"}}],"inLanguage":"fr-FR"},{"@type":"Person","@id":"https:\/\/www.humanium.org\/fr\/#\/schema\/person\/d798d6c7d59ba2307e0877f61a20ce3e","name":"Humanium","image":{"@type":"ImageObject","inLanguage":"fr-FR","@id":"https:\/\/secure.gravatar.com\/avatar\/22715e338d2fcc547e3a431c4738360d33fea2a4af458f865b2c3b22f1eaa51f?s=96&d=mm&r=g","url":"https:\/\/secure.gravatar.com\/avatar\/22715e338d2fcc547e3a431c4738360d33fea2a4af458f865b2c3b22f1eaa51f?s=96&d=mm&r=g","contentUrl":"https:\/\/secure.gravatar.com\/avatar\/22715e338d2fcc547e3a431c4738360d33fea2a4af458f865b2c3b22f1eaa51f?s=96&d=mm&r=g","caption":"Humanium"},"url":"https:\/\/www.humanium.org\/fr\/author\/humanium\/"}]}},"_links":{"self":[{"href":"https:\/\/www.humanium.org\/fr\/wp-json\/wp\/v2\/posts\/40354","targetHints":{"allow":["GET"]}}],"collection":[{"href":"https:\/\/www.humanium.org\/fr\/wp-json\/wp\/v2\/posts"}],"about":[{"href":"https:\/\/www.humanium.org\/fr\/wp-json\/wp\/v2\/types\/post"}],"author":[{"embeddable":true,"href":"https:\/\/www.humanium.org\/fr\/wp-json\/wp\/v2\/users\/69"}],"replies":[{"embeddable":true,"href":"https:\/\/www.humanium.org\/fr\/wp-json\/wp\/v2\/comments?post=40354"}],"version-history":[{"count":10,"href":"https:\/\/www.humanium.org\/fr\/wp-json\/wp\/v2\/posts\/40354\/revisions"}],"predecessor-version":[{"id":61459,"href":"https:\/\/www.humanium.org\/fr\/wp-json\/wp\/v2\/posts\/40354\/revisions\/61459"}],"wp:featuredmedia":[{"embeddable":true,"href":"https:\/\/www.humanium.org\/fr\/wp-json\/wp\/v2\/media\/40562"}],"wp:attachment":[{"href":"https:\/\/www.humanium.org\/fr\/wp-json\/wp\/v2\/media?parent=40354"}],"wp:term":[{"taxonomy":"category","embeddable":true,"href":"https:\/\/www.humanium.org\/fr\/wp-json\/wp\/v2\/categories?post=40354"},{"taxonomy":"post_tag","embeddable":true,"href":"https:\/\/www.humanium.org\/fr\/wp-json\/wp\/v2\/tags?post=40354"}],"curies":[{"name":"wp","href":"https:\/\/api.w.org\/{rel}","templated":true}]}}