{"id":40564,"date":"2017-06-26T10:03:41","date_gmt":"2017-06-26T10:03:41","guid":{"rendered":"https:\/\/www.humanium.gives\/fr\/?p=40564"},"modified":"2026-08-20T18:18:30","modified_gmt":"2026-08-20T18:18:30","slug":"maroc-des-enfants-prives-decole","status":"publish","type":"post","link":"https:\/\/www.humanium.org\/fr\/maroc-des-enfants-prives-decole\/","title":{"rendered":"Maroc : des enfants priv\u00e9s d\u2019\u00e9cole"},"content":{"rendered":"<p><span style=\"font-weight: 400;\">Dans un pays o\u00f9 pr\u00e8s de 10 millions de personnes sont analphab\u00e8tes et dont le nombre d&rsquo;enfants, d&rsquo;adolescents et de jeunes non scolaris\u00e9s du primaire au secondaire a atteint 1137546 (Unesco ), l\u2019\u00e9ducation constitue un d\u00e9fi majeur.<\/span><\/p>\n<p><span style=\"font-weight: 400;\">Au <a href=\"https:\/\/www.humanium.org\/fr\/moyen-orient-afrique-du-nord\/maroc-et-sahara-occidental\/\">Maroc<\/a>, on constate ces derni\u00e8res ann\u00e9es quelques avanc\u00e9es gr\u00e2ce aux nouvelles r\u00e9formes qu\u2019a connues le syst\u00e8me \u00e9ducatif mais cela reste tout de m\u00eame insuffisant en raison de plusieurs facteurs comme la pauvret\u00e9, le travail des enfants, une diff\u00e9rence significative entre le milieu rural et urbain, et surtout une in\u00e9galit\u00e9 entre l\u2019\u00e9ducation des filles et des gar\u00e7ons<\/span><\/p>\n<p><b>L\u2019enseignement en milieu rural en danger<\/b><\/p>\n<p><span style=\"font-weight: 400;\">Au Maroc, l\u2019\u00e9cart entre le milieu rural et urbain est l\u2019un des principaux obstacles pour le d\u00e9veloppement du pays. On constate que la pauvret\u00e9 touche en grande partie les citoyens r\u00e9sidant en milieu rural.<\/span><\/p>\n<p><a href=\"https:\/\/www.humanium.org\/fr\/wp-content\/uploads\/2017\/06\/shutterstock_411806119.jpg\"><img loading=\"lazy\" decoding=\"async\" class=\"alignright size-medium wp-image-38295\" src=\"https:\/\/www.humanium.org\/fr\/wp-content\/uploads\/2017\/06\/shutterstock_411806119-300x199.jpg\" alt=\"\" width=\"300\" height=\"199\" \/><\/a><span style=\"font-weight: 400;\">\u00abLe Maroc compte 1,6 million de pauvres, dont pr\u00e8s de 80% sont issus du monde rural. La campagne compte donc 1.2750.000 personnes vivant en dessous du seuil de pauvret\u00e9.\u00bb (El Hourri, 2016) et les enfants sont les premi\u00e8res victimes de cette situation d\u2019in\u00e9galit\u00e9 sociale et \u00e9conomique.<\/span><\/p>\n<p><span style=\"font-weight: 400;\">Certaines r\u00e9gions rurales manquent cruellement d\u2019infrastructures comme l\u2019acc\u00e8s \u00e0 l\u2019eau potable, les centres de sant\u00e9, l\u2019\u00e9lectricit\u00e9, les services de transport public ; les routes sont en piteux \u00e9tat et les \u00e9coles se trouvent \u00e0 des kilom\u00e8tres des lieux d\u2019habitation.<\/span><\/p>\n<p><span style=\"font-weight: 400;\">Cela oblige les \u00e9l\u00e8ves \u00e0 parcourir des dizaines de kilom\u00e8tres \u00e0 pied chaque jour dans des conditions difficiles entre routes dangereuses et intemp\u00e9ries. Tout cela accentue la non-scolarisation des enfants et encourage le d\u00e9crochage scolaire qui hausse en milieu rural.<\/span><\/p>\n<p><span style=\"font-weight: 400;\">Il augmente \u00e9galement en milieu urbain \u00e0 cause d&rsquo;un syst\u00e8me \u00e9ducatif qui ne vient pas en aide aux enfants en \u00e9chec scolaire, qui offre peu de choix en mati\u00e8re de formation et qui ne pr\u00e9voit pas d&rsquo;activit\u00e9 parascolaire qui motive les \u00e9l\u00e8ves et contribue \u00e0 leur \u00e9panouissement.<\/span><\/p>\n<p><span style=\"font-weight: 400;\">\u00ab Le nombre d\u2019\u00e9l\u00e8ves ayant fini leur parcours scolaire a enregistr\u00e9 un recul important. Ce chiffre est pass\u00e9 de 37,5% \u00e0 30% entre 2011-2012 et 2014-2015, tous cycles confondus. \u00bb (Ismaili, 2016).<\/span><\/p>\n<p><b>Une in\u00e9galit\u00e9 entre les deux sexes<\/b><\/p>\n<figure id=\"attachment_38292\" aria-describedby=\"caption-attachment-38292\" style=\"width: 200px\" class=\"wp-caption alignleft\"><a href=\"https:\/\/www.humanium.org\/fr\/wp-content\/uploads\/2017\/06\/fille-maroc.jpg\"><img loading=\"lazy\" decoding=\"async\" class=\"wp-image-38292 size-medium\" src=\"https:\/\/www.humanium.org\/fr\/wp-content\/uploads\/2017\/06\/fille-maroc-200x300.jpg\" alt=\"\" width=\"200\" height=\"300\" \/><\/a><figcaption id=\"caption-attachment-38292\" class=\"wp-caption-text\">By Basma Benyakhlef<\/figcaption><\/figure>\n<p><span style=\"font-weight: 400;\"><a href=\"https:\/\/www.humanium.org\/fr\/droits-des-filles\/\">Les filles<\/a> sont les premi\u00e8res \u00e0 \u00eatre priv\u00e9es d\u2019\u00e9cole. \u00ab En 2004, 58,18% des filles des zones rurales n\u2019allaient pas \u00e0 l\u2019\u00e9cole contre 18,68% en milieu urbain \u00bb (Eba Nguema, 2015). En 2012, on comptait pr\u00e8s de 20 186 filles non scolaris\u00e9es au primaire contre 17 183 pour les gar\u00e7ons (Unesco).<\/span><\/p>\n<p><span style=\"font-weight: 400;\">Ceci s\u2019explique par plusieurs facteurs: les mentalit\u00e9s et les traditions qui favorisent plus l\u2019\u00e9ducation des gar\u00e7ons que celle des filles, le travail des petites filles et le mariage pr\u00e9coce.<br \/>\nTout cela met en danger l\u2019\u00e9ducation, la sant\u00e9 et le d\u00e9veloppement de ces derni\u00e8res. La pauvret\u00e9 et l\u2019ignorance font que des parents envoient leurs filles travailler en tant que domestiques pour qu\u2019elles deviennent \u201cune source de revenus\u201d plut\u00f4t que de leur donner une \u00e9ducation.<\/span><\/p>\n<p><span style=\"font-weight: 400;\"> \u00ab Selon le Collectif pour l&rsquo;Eradication du Travail des Petites Bonnes, entre 60.000 et 80.000 fillettes de 8 \u00e0 15 ans sont employ\u00e9es comme domestiques au Maroc. \u00bb (El Massioui, Mengad, 2016). Elles se retrouvent alors exploit\u00e9es par leurs employeurs, certaines d\u2019entre elles subissent des violences physiques et morales, n\u2019ont quasiment aucun jour de repos et par cons\u00e9quent ne vont pas \u00e0 l\u2019\u00e9cole. <\/span><\/p>\n<p><span style=\"font-weight: 400;\">Le mariage pr\u00e9coce est lui aussi un obstacle consid\u00e9rable \u00e0 l\u2019\u00e9ducation des filles et une grande privation de leurs droits fondamentaux. \u00ab Des jeunes filles sont mari\u00e9es \u00e0 16, 15 voire m\u00eame avant 14 ans. Ainsi, dans certaines r\u00e9gions recul\u00e9es, 83% des mari\u00e9es sont mineures \u00bb (Alaoui, 2016). <\/span><\/p>\n<p><span style=\"font-weight: 400;\">Ces jeunes filles se retrouvent d\u00e9scolaris\u00e9es et endossent une responsabilit\u00e9 non adapt\u00e9e \u00e0 leur \u00e2ge. Cette situation d\u00e9sesp\u00e9rante les emp\u00eache de sortir facilement du cercle de l\u2019ignorance, de l\u2019analphab\u00e9tisme et de la pauvret\u00e9.<\/span><\/p>\n<p><b><a href=\"https:\/\/www.humanium.org\/fr\/travail-des-enfants\/\">Le travail des enfants<\/a>, un obstacle pour l\u2019acc\u00e8s \u00e0 l\u2019\u00e9ducation<\/b><\/p>\n<p><span style=\"font-weight: 400;\">Ceci dit, il n\u2019y a pas que les filles qui se retrouvent oblig\u00e9es de subvenir aux besoins de leurs familles au lieu de b\u00e9n\u00e9ficier d\u2019une \u00e9ducation.Ces familles n\u2019ont pas pleinement conscience de l\u2019importance de l\u2019enseignement dans la vie de leurs enfants. <\/span><\/p>\n<p><span style=\"font-weight: 400;\">Au Maroc, voir des enfants travailler est presque habituel. M\u00eame si au cours de ces derni\u00e8res ann\u00e9es leur nombre a diminu\u00e9, il reste trop \u00e9lev\u00e9. En effet, 69 000 enfants sont touch\u00e9s par ce fl\u00e9au (huffpostmaghreb, 2015). Des enfants se retrouvent \u00e0 faire un travail \u00e9prouvant sans aucune r\u00e9glementation avec des heures de travail qui atteignent les 32h par semaine. Ce qui nuit \u00e0 leur croissance et leur d\u00e9veloppement puisqu\u2019ils se retrouvent priv\u00e9s de leurs droits \u00e0 l\u2019\u00e9ducation et cela leur enl\u00e8ve toute chance de sortir de la pauvret\u00e9. <\/span><\/p>\n By Basma Benyakhlef\n<p><span style=\"font-weight: 400;\">Cependant on trouve plusieurs associations qui luttent contre le travail des enfants. \u00ab Les projets de ces associations portent sur l&rsquo;organisation de campagnes de sensibilisation \u00e0 la gravit\u00e9 du travail des enfants, le retrait des enfants de moins de 15 ans des lieux de travail, l&rsquo;am\u00e9lioration des conditions de travail des enfants \u00e2g\u00e9es de 15 \u00e0 18 ans et l&rsquo;interdiction de les employer dans des travaux dangereux.\u00bb (Infomediaire, 2015)<\/span><\/p>\n<table style=\"height: 61px;\" width=\"639\">\n<tbody style=\"background: #f9f9f9;\">\n<tr>\n<td>\n<div style=\"float: left; width: 50%;\">\u00e9crit par : Lamia Dehaoui<\/div>\n<div style=\"float: left; width: 50%;\">relecture Interne : Lucy Autin et Niriniaina Ralambomamy<\/div>\n<div style=\"float: left; width: 50%;\">Relecture Externe : Marie Odile Coly<\/div>\n<\/td>\n<\/tr>\n<\/tbody>\n<\/table>\n<p><a><\/a><\/p>\n<p>&nbsp;<\/p>\n<p>&nbsp;<\/p>\n<p>Unesco. (s.d.). <em>Taux brut de scolarisation par niveau d&rsquo;enseignement<em>. R\u00e9cup\u00e9r\u00e9 sur Unesco: http:\/\/data.uis.unesco.org\/index.aspx?queryid=142&amp;lang=fr<\/em><\/em><\/p>\n<p>El Hourri, A. (26 Octobre 2016). <em>1,6 million de pauvres au Maroc<em>. R\u00e9cup\u00e9r\u00e9 sur Medias24: https:\/\/www.medias24.com\/MAROC\/Les-plus-de-Medias-24\/168037-12-million-de-pauvres-au-Maroc-HCP.html<\/em><\/em><\/p>\n<p>Ismaili, G. (15 Mai 2016). <em>\u00c9ducation: Le d\u00e9crochage scolaire en hausse au Maroc<em>. R\u00e9cup\u00e9r\u00e9 sur Huffpostmaghreb: http:\/\/www.huffpostmaghreb.com\/2016\/05\/18\/education-abandon-unesco_n_10023298.html<\/em><\/em><\/p>\n<p>Eba Nguema, N. (30 janvier 2015). <em>La scolarisation probl\u00e9matique des filles dans les campagnes marocaines<em>. R\u00e9cup\u00e9r\u00e9 sur Farzyat: http:\/\/149.202.20.16\/la-scolarisation-problematique-des-filles-dans-les-campagnes-marocainesl<\/em><\/em><\/p>\n<p>El Massioui, H, Mengad, S. (15 Juillet 2016). <em>Travail des \u00ab\u00a0petites bonnes\u00a0\u00bb au Maroc: Nouveau visage de l&rsquo;esclavage moderne<em>. R\u00e9cup\u00e9r\u00e9 sur huffpostmaghreb: http:\/\/www.huffpostmaghreb.com\/hicham-el-moussaoui\/travail-des-petites-bonnes-au-maroc-nouveau-visage-de-lesclavagisme-moderne_b_7800484.html<\/em><\/em><\/p>\n<p>Alaoui, K (3 Mai 2016). <em>MARIAGE PR\u00c9COCE, STOP AUX MARIAGES DES MINEURES<em>.<br \/>\nR\u00e9cup\u00e9r\u00e9 sur Illionweb: http:\/\/www.illionweb.com\/societe\/se-defendre\/mariage-precoce-stop-aux-mariages-des-mineures\/<\/em><\/em><\/p>\n<p>Huffpost Maroc (18 Juin 2015). <em>69.000 enfants travaillent encore au Maroc, principalement en milieu rural<em>. R\u00e9cup\u00e9r\u00e9 sur huffpostmaghreb: http:\/\/www.huffpostmaghreb.com\/2015\/06\/18\/69000-enfants-travail-maroc-milieu-rural_n_7614092.html<\/em><\/em><\/p>\n<p>Infomediaire. (30 Juin 2015).<em>Travail des enfants : 8 associations retenues au Maroc<em>. Consult\u00e9 le 15\/04\/2017 sur Infom\u00e9diaire : http:\/\/www.infomediaire.net\/news\/maroc\/travail-des-enfants-8-associations-retenues-au-maroc <\/em><\/em><\/p>\n","protected":false},"excerpt":{"rendered":"<p>Dans un pays o\u00f9 pr\u00e8s de 10 millions de personnes sont analphab\u00e8tes et dont le nombre d&rsquo;enfants, d&rsquo;adolescents et de jeunes non scolaris\u00e9s du primaire au secondaire a atteint 1137546 (Unesco ), l\u2019\u00e9ducation constitue un d\u00e9fi majeur. Au Maroc, on constate ces derni\u00e8res ann\u00e9es quelques avanc\u00e9es gr\u00e2ce aux nouvelles r\u00e9formes qu\u2019a connues le syst\u00e8me \u00e9ducatif [&hellip;]<\/p>\n","protected":false},"author":69,"featured_media":40568,"comment_status":"closed","ping_status":"closed","sticky":false,"template":"","format":"standard","meta":{"footnotes":""},"categories":[1],"tags":[],"class_list":["post-40564","post","type-post","status-publish","format-standard","has-post-thumbnail","hentry","category-uncategorized"],"yoast_head":"<!-- This site is optimized with the Yoast SEO plugin v28.3 - https:\/\/yoast.com\/product\/yoast-seo-wordpress\/ -->\n<title>Maroc : des enfants priv\u00e9s d\u2019\u00e9cole - Humanium<\/title>\n<meta name=\"robots\" content=\"index, follow, max-snippet:-1, max-image-preview:large, max-video-preview:-1\" \/>\n<link rel=\"canonical\" href=\"https:\/\/www.humanium.org\/fr\/maroc-des-enfants-prives-decole\/\" \/>\n<meta property=\"og:locale\" content=\"fr_FR\" \/>\n<meta property=\"og:type\" content=\"article\" \/>\n<meta property=\"og:title\" content=\"Maroc : des enfants priv\u00e9s d\u2019\u00e9cole - Humanium\" \/>\n<meta property=\"og:description\" content=\"Dans un pays o\u00f9 pr\u00e8s de 10 millions de personnes sont analphab\u00e8tes et dont le nombre d&rsquo;enfants, d&rsquo;adolescents et de jeunes non scolaris\u00e9s du primaire au secondaire a atteint 1137546 (Unesco ), l\u2019\u00e9ducation constitue un d\u00e9fi majeur. Au Maroc, on constate ces derni\u00e8res ann\u00e9es quelques avanc\u00e9es gr\u00e2ce aux nouvelles r\u00e9formes qu\u2019a connues le syst\u00e8me \u00e9ducatif [&hellip;]\" \/>\n<meta property=\"og:url\" content=\"https:\/\/www.humanium.org\/fr\/maroc-des-enfants-prives-decole\/\" \/>\n<meta property=\"og:site_name\" content=\"Humanium\" \/>\n<meta property=\"article:published_time\" content=\"2017-06-26T10:03:41+00:00\" \/>\n<meta property=\"article:modified_time\" content=\"2026-08-20T18:18:30+00:00\" \/>\n<meta property=\"og:image\" content=\"https:\/\/www.humanium.org\/fr\/wp-content\/uploads\/2017\/06\/shutterstock_229763128.jpg\" \/>\n\t<meta property=\"og:image:width\" content=\"1000\" \/>\n\t<meta property=\"og:image:height\" content=\"664\" \/>\n\t<meta property=\"og:image:type\" content=\"image\/jpeg\" \/>\n<meta name=\"author\" content=\"Humanium\" \/>\n<meta name=\"twitter:card\" content=\"summary_large_image\" \/>\n<meta name=\"twitter:label1\" content=\"\u00c9crit par\" \/>\n\t<meta name=\"twitter:data1\" content=\"Humanium\" \/>\n\t<meta name=\"twitter:label2\" content=\"Dur\u00e9e de lecture estim\u00e9e\" \/>\n\t<meta name=\"twitter:data2\" content=\"5 minutes\" \/>\n<script type=\"application\/ld+json\" class=\"yoast-schema-graph\">{\"@context\":\"https:\\\/\\\/schema.org\",\"@graph\":[{\"@type\":\"Article\",\"@id\":\"https:\\\/\\\/www.humanium.org\\\/fr\\\/maroc-des-enfants-prives-decole\\\/#article\",\"isPartOf\":{\"@id\":\"https:\\\/\\\/www.humanium.org\\\/fr\\\/maroc-des-enfants-prives-decole\\\/\"},\"author\":{\"name\":\"Humanium\",\"@id\":\"https:\\\/\\\/www.humanium.org\\\/fr\\\/#\\\/schema\\\/person\\\/d798d6c7d59ba2307e0877f61a20ce3e\"},\"headline\":\"Maroc : des enfants priv\u00e9s d\u2019\u00e9cole\",\"datePublished\":\"2017-06-26T10:03:41+00:00\",\"dateModified\":\"2026-08-20T18:18:30+00:00\",\"mainEntityOfPage\":{\"@id\":\"https:\\\/\\\/www.humanium.org\\\/fr\\\/maroc-des-enfants-prives-decole\\\/\"},\"wordCount\":1105,\"image\":{\"@id\":\"https:\\\/\\\/www.humanium.org\\\/fr\\\/maroc-des-enfants-prives-decole\\\/#primaryimage\"},\"thumbnailUrl\":\"https:\\\/\\\/www.humanium.org\\\/fr\\\/wp-content\\\/uploads\\\/2017\\\/06\\\/shutterstock_229763128.jpg\",\"articleSection\":[\"Uncategorized\"],\"inLanguage\":\"fr-FR\"},{\"@type\":\"WebPage\",\"@id\":\"https:\\\/\\\/www.humanium.org\\\/fr\\\/maroc-des-enfants-prives-decole\\\/\",\"url\":\"https:\\\/\\\/www.humanium.org\\\/fr\\\/maroc-des-enfants-prives-decole\\\/\",\"name\":\"Maroc : des enfants priv\u00e9s d\u2019\u00e9cole - Humanium\",\"isPartOf\":{\"@id\":\"https:\\\/\\\/www.humanium.org\\\/fr\\\/#website\"},\"primaryImageOfPage\":{\"@id\":\"https:\\\/\\\/www.humanium.org\\\/fr\\\/maroc-des-enfants-prives-decole\\\/#primaryimage\"},\"image\":{\"@id\":\"https:\\\/\\\/www.humanium.org\\\/fr\\\/maroc-des-enfants-prives-decole\\\/#primaryimage\"},\"thumbnailUrl\":\"https:\\\/\\\/www.humanium.org\\\/fr\\\/wp-content\\\/uploads\\\/2017\\\/06\\\/shutterstock_229763128.jpg\",\"datePublished\":\"2017-06-26T10:03:41+00:00\",\"dateModified\":\"2026-08-20T18:18:30+00:00\",\"author\":{\"@id\":\"https:\\\/\\\/www.humanium.org\\\/fr\\\/#\\\/schema\\\/person\\\/d798d6c7d59ba2307e0877f61a20ce3e\"},\"breadcrumb\":{\"@id\":\"https:\\\/\\\/www.humanium.org\\\/fr\\\/maroc-des-enfants-prives-decole\\\/#breadcrumb\"},\"inLanguage\":\"fr-FR\",\"potentialAction\":[{\"@type\":\"ReadAction\",\"target\":[\"https:\\\/\\\/www.humanium.org\\\/fr\\\/maroc-des-enfants-prives-decole\\\/\"]}]},{\"@type\":\"ImageObject\",\"inLanguage\":\"fr-FR\",\"@id\":\"https:\\\/\\\/www.humanium.org\\\/fr\\\/maroc-des-enfants-prives-decole\\\/#primaryimage\",\"url\":\"https:\\\/\\\/www.humanium.org\\\/fr\\\/wp-content\\\/uploads\\\/2017\\\/06\\\/shutterstock_229763128.jpg\",\"contentUrl\":\"https:\\\/\\\/www.humanium.org\\\/fr\\\/wp-content\\\/uploads\\\/2017\\\/06\\\/shutterstock_229763128.jpg\",\"width\":1000,\"height\":664},{\"@type\":\"BreadcrumbList\",\"@id\":\"https:\\\/\\\/www.humanium.org\\\/fr\\\/maroc-des-enfants-prives-decole\\\/#breadcrumb\",\"itemListElement\":[{\"@type\":\"ListItem\",\"position\":1,\"name\":\"Home\",\"item\":\"https:\\\/\\\/www.humanium.org\\\/fr\\\/\"},{\"@type\":\"ListItem\",\"position\":2,\"name\":\"Maroc : des enfants priv\u00e9s d\u2019\u00e9cole\"}]},{\"@type\":\"WebSite\",\"@id\":\"https:\\\/\\\/www.humanium.org\\\/fr\\\/#website\",\"url\":\"https:\\\/\\\/www.humanium.org\\\/fr\\\/\",\"name\":\"Humanium\",\"description\":\"Les enfants d\u2019abord !\",\"potentialAction\":[{\"@type\":\"SearchAction\",\"target\":{\"@type\":\"EntryPoint\",\"urlTemplate\":\"https:\\\/\\\/www.humanium.org\\\/fr\\\/?s={search_term_string}\"},\"query-input\":{\"@type\":\"PropertyValueSpecification\",\"valueRequired\":true,\"valueName\":\"search_term_string\"}}],\"inLanguage\":\"fr-FR\"},{\"@type\":\"Person\",\"@id\":\"https:\\\/\\\/www.humanium.org\\\/fr\\\/#\\\/schema\\\/person\\\/d798d6c7d59ba2307e0877f61a20ce3e\",\"name\":\"Humanium\",\"image\":{\"@type\":\"ImageObject\",\"inLanguage\":\"fr-FR\",\"@id\":\"https:\\\/\\\/secure.gravatar.com\\\/avatar\\\/22715e338d2fcc547e3a431c4738360d33fea2a4af458f865b2c3b22f1eaa51f?s=96&d=mm&r=g\",\"url\":\"https:\\\/\\\/secure.gravatar.com\\\/avatar\\\/22715e338d2fcc547e3a431c4738360d33fea2a4af458f865b2c3b22f1eaa51f?s=96&d=mm&r=g\",\"contentUrl\":\"https:\\\/\\\/secure.gravatar.com\\\/avatar\\\/22715e338d2fcc547e3a431c4738360d33fea2a4af458f865b2c3b22f1eaa51f?s=96&d=mm&r=g\",\"caption\":\"Humanium\"},\"url\":\"https:\\\/\\\/www.humanium.org\\\/fr\\\/author\\\/humanium\\\/\"}]}<\/script>\n<!-- \/ Yoast SEO plugin. -->","yoast_head_json":{"title":"Maroc : des enfants priv\u00e9s d\u2019\u00e9cole - Humanium","robots":{"index":"index","follow":"follow","max-snippet":"max-snippet:-1","max-image-preview":"max-image-preview:large","max-video-preview":"max-video-preview:-1"},"canonical":"https:\/\/www.humanium.org\/fr\/maroc-des-enfants-prives-decole\/","og_locale":"fr_FR","og_type":"article","og_title":"Maroc : des enfants priv\u00e9s d\u2019\u00e9cole - Humanium","og_description":"Dans un pays o\u00f9 pr\u00e8s de 10 millions de personnes sont analphab\u00e8tes et dont le nombre d&rsquo;enfants, d&rsquo;adolescents et de jeunes non scolaris\u00e9s du primaire au secondaire a atteint 1137546 (Unesco ), l\u2019\u00e9ducation constitue un d\u00e9fi majeur. Au Maroc, on constate ces derni\u00e8res ann\u00e9es quelques avanc\u00e9es gr\u00e2ce aux nouvelles r\u00e9formes qu\u2019a connues le syst\u00e8me \u00e9ducatif [&hellip;]","og_url":"https:\/\/www.humanium.org\/fr\/maroc-des-enfants-prives-decole\/","og_site_name":"Humanium","article_published_time":"2017-06-26T10:03:41+00:00","article_modified_time":"2026-08-20T18:18:30+00:00","og_image":[{"width":1000,"height":664,"url":"https:\/\/www.humanium.org\/fr\/wp-content\/uploads\/2017\/06\/shutterstock_229763128.jpg","type":"image\/jpeg"}],"author":"Humanium","twitter_card":"summary_large_image","twitter_misc":{"\u00c9crit par":"Humanium","Dur\u00e9e de lecture estim\u00e9e":"5 minutes"},"schema":{"@context":"https:\/\/schema.org","@graph":[{"@type":"Article","@id":"https:\/\/www.humanium.org\/fr\/maroc-des-enfants-prives-decole\/#article","isPartOf":{"@id":"https:\/\/www.humanium.org\/fr\/maroc-des-enfants-prives-decole\/"},"author":{"name":"Humanium","@id":"https:\/\/www.humanium.org\/fr\/#\/schema\/person\/d798d6c7d59ba2307e0877f61a20ce3e"},"headline":"Maroc : des enfants priv\u00e9s d\u2019\u00e9cole","datePublished":"2017-06-26T10:03:41+00:00","dateModified":"2026-08-20T18:18:30+00:00","mainEntityOfPage":{"@id":"https:\/\/www.humanium.org\/fr\/maroc-des-enfants-prives-decole\/"},"wordCount":1105,"image":{"@id":"https:\/\/www.humanium.org\/fr\/maroc-des-enfants-prives-decole\/#primaryimage"},"thumbnailUrl":"https:\/\/www.humanium.org\/fr\/wp-content\/uploads\/2017\/06\/shutterstock_229763128.jpg","articleSection":["Uncategorized"],"inLanguage":"fr-FR"},{"@type":"WebPage","@id":"https:\/\/www.humanium.org\/fr\/maroc-des-enfants-prives-decole\/","url":"https:\/\/www.humanium.org\/fr\/maroc-des-enfants-prives-decole\/","name":"Maroc : des enfants priv\u00e9s d\u2019\u00e9cole - Humanium","isPartOf":{"@id":"https:\/\/www.humanium.org\/fr\/#website"},"primaryImageOfPage":{"@id":"https:\/\/www.humanium.org\/fr\/maroc-des-enfants-prives-decole\/#primaryimage"},"image":{"@id":"https:\/\/www.humanium.org\/fr\/maroc-des-enfants-prives-decole\/#primaryimage"},"thumbnailUrl":"https:\/\/www.humanium.org\/fr\/wp-content\/uploads\/2017\/06\/shutterstock_229763128.jpg","datePublished":"2017-06-26T10:03:41+00:00","dateModified":"2026-08-20T18:18:30+00:00","author":{"@id":"https:\/\/www.humanium.org\/fr\/#\/schema\/person\/d798d6c7d59ba2307e0877f61a20ce3e"},"breadcrumb":{"@id":"https:\/\/www.humanium.org\/fr\/maroc-des-enfants-prives-decole\/#breadcrumb"},"inLanguage":"fr-FR","potentialAction":[{"@type":"ReadAction","target":["https:\/\/www.humanium.org\/fr\/maroc-des-enfants-prives-decole\/"]}]},{"@type":"ImageObject","inLanguage":"fr-FR","@id":"https:\/\/www.humanium.org\/fr\/maroc-des-enfants-prives-decole\/#primaryimage","url":"https:\/\/www.humanium.org\/fr\/wp-content\/uploads\/2017\/06\/shutterstock_229763128.jpg","contentUrl":"https:\/\/www.humanium.org\/fr\/wp-content\/uploads\/2017\/06\/shutterstock_229763128.jpg","width":1000,"height":664},{"@type":"BreadcrumbList","@id":"https:\/\/www.humanium.org\/fr\/maroc-des-enfants-prives-decole\/#breadcrumb","itemListElement":[{"@type":"ListItem","position":1,"name":"Home","item":"https:\/\/www.humanium.org\/fr\/"},{"@type":"ListItem","position":2,"name":"Maroc : des enfants priv\u00e9s d\u2019\u00e9cole"}]},{"@type":"WebSite","@id":"https:\/\/www.humanium.org\/fr\/#website","url":"https:\/\/www.humanium.org\/fr\/","name":"Humanium","description":"Les enfants d\u2019abord !","potentialAction":[{"@type":"SearchAction","target":{"@type":"EntryPoint","urlTemplate":"https:\/\/www.humanium.org\/fr\/?s={search_term_string}"},"query-input":{"@type":"PropertyValueSpecification","valueRequired":true,"valueName":"search_term_string"}}],"inLanguage":"fr-FR"},{"@type":"Person","@id":"https:\/\/www.humanium.org\/fr\/#\/schema\/person\/d798d6c7d59ba2307e0877f61a20ce3e","name":"Humanium","image":{"@type":"ImageObject","inLanguage":"fr-FR","@id":"https:\/\/secure.gravatar.com\/avatar\/22715e338d2fcc547e3a431c4738360d33fea2a4af458f865b2c3b22f1eaa51f?s=96&d=mm&r=g","url":"https:\/\/secure.gravatar.com\/avatar\/22715e338d2fcc547e3a431c4738360d33fea2a4af458f865b2c3b22f1eaa51f?s=96&d=mm&r=g","contentUrl":"https:\/\/secure.gravatar.com\/avatar\/22715e338d2fcc547e3a431c4738360d33fea2a4af458f865b2c3b22f1eaa51f?s=96&d=mm&r=g","caption":"Humanium"},"url":"https:\/\/www.humanium.org\/fr\/author\/humanium\/"}]}},"_links":{"self":[{"href":"https:\/\/www.humanium.org\/fr\/wp-json\/wp\/v2\/posts\/40564","targetHints":{"allow":["GET"]}}],"collection":[{"href":"https:\/\/www.humanium.org\/fr\/wp-json\/wp\/v2\/posts"}],"about":[{"href":"https:\/\/www.humanium.org\/fr\/wp-json\/wp\/v2\/types\/post"}],"author":[{"embeddable":true,"href":"https:\/\/www.humanium.org\/fr\/wp-json\/wp\/v2\/users\/69"}],"replies":[{"embeddable":true,"href":"https:\/\/www.humanium.org\/fr\/wp-json\/wp\/v2\/comments?post=40564"}],"version-history":[{"count":14,"href":"https:\/\/www.humanium.org\/fr\/wp-json\/wp\/v2\/posts\/40564\/revisions"}],"predecessor-version":[{"id":62190,"href":"https:\/\/www.humanium.org\/fr\/wp-json\/wp\/v2\/posts\/40564\/revisions\/62190"}],"wp:featuredmedia":[{"embeddable":true,"href":"https:\/\/www.humanium.org\/fr\/wp-json\/wp\/v2\/media\/40568"}],"wp:attachment":[{"href":"https:\/\/www.humanium.org\/fr\/wp-json\/wp\/v2\/media?parent=40564"}],"wp:term":[{"taxonomy":"category","embeddable":true,"href":"https:\/\/www.humanium.org\/fr\/wp-json\/wp\/v2\/categories?post=40564"},{"taxonomy":"post_tag","embeddable":true,"href":"https:\/\/www.humanium.org\/fr\/wp-json\/wp\/v2\/tags?post=40564"}],"curies":[{"name":"wp","href":"https:\/\/api.w.org\/{rel}","templated":true}]}}