{"id":40968,"date":"2017-07-24T08:00:46","date_gmt":"2017-07-24T08:00:46","guid":{"rendered":"https:\/\/www.humanium.gives\/fr\/?p=40968"},"modified":"2026-08-20T18:18:30","modified_gmt":"2026-08-20T18:18:30","slug":"au-cameroun-le-travail-des-enfants-est-une-norme-culturelle","status":"publish","type":"post","link":"https:\/\/www.humanium.org\/fr\/au-cameroun-le-travail-des-enfants-est-une-norme-culturelle\/","title":{"rendered":"Au Cameroun, le travail des enfants est une norme culturelle"},"content":{"rendered":"<p><span style=\"font-weight: 400;\">La communaut\u00e9 mondiale demande qu\u2019il soit mis un terme \u00e0 l&rsquo;intol\u00e9rable. Elle veut voir cesser les pires formes d&rsquo;exploitation des enfants: travail dans des conditions assimilables \u00e0 l&rsquo;esclavage, travail dangereux et harassant et autres formes extr\u00eames d&rsquo;exploitation. Dans le cadre de sa campagne contre le travail des enfants l&rsquo;Organisation internationale du Travail propose, pour en combattre les formes les plus odieuses, l&rsquo;adoption d&rsquo;un nouveau cadre normatif international, compl\u00e9t\u00e9 par des recommandations concernant les mesures concr\u00e8tes \u00e0 prendre et l&rsquo;assistance n\u00e9cessaire.<\/span><\/p>\n<h2>D\u00e9finition du travail des enfants<\/h2>\n<p><span style=\"font-weight: 400;\">Le travail des enfants peut \u00eatre d\u00e9fini comme \u00e9tant toutes les t\u00e2ches ex\u00e9cut\u00e9es par les<a href=\"https:\/\/www.humanium.org\/fr\/wp-content\/uploads\/2017\/07\/shutterstock_180534953.jpg\"><img loading=\"lazy\" decoding=\"async\" class=\"size-medium wp-image-38343 alignright\" src=\"https:\/\/www.humanium.org\/fr\/wp-content\/uploads\/2017\/07\/shutterstock_180534953-200x300.jpg\" alt=\"\" width=\"200\" height=\"300\" \/><\/a>\u00a0enfants ou les adolescents. Les t\u00e2ches qui se limitent \u00e0 aider les parents \u00e0 la maison, dans l\u2019entreprise familiale sous certaines conditions, gagner un peu d\u2019argent de poche en dehors des heures de cours ou pendant les vacances scolaires<\/span><span style=\"font-weight: 400;\">,<\/span><span style=\"font-weight: 400;\">\u00a0ne sont pas consid\u00e9r\u00e9es comme des t\u00e2ches relevant du travail des enfants. Par contre, le concept \u00ab travail des enfants \u00bb regroupe l\u2019ensemble des activit\u00e9s qui privent les enfants de leur enfance, de leur potentiel et de leur dignit\u00e9, et nuisent \u00e0 leur scolarit\u00e9, leur sant\u00e9, leur d\u00e9veloppement physique et mental. Les pires formes de travail des enfants sont d\u00e9finies par l\u2019Organisation internationale du Travail dans l\u2019article 3 de la convention n\u00ba 182 de ladite Organisation.<\/span><\/p>\n<h2>La plupart vendent des d\u00e9chets en fer r\u00e9colt\u00e9s sur des d\u00e9charges<\/h2>\n<p>Le travail des enfants est un fait social et \u00e9conomique observ\u00e9 dans la majorit\u00e9 des pays en Afrique, et au Cameroun en particulier. Dans ce pays les enfants d\u00e9ambulent dans les rues et dans les d\u00e9charges \u00e0 la recherche de d\u00e9chets en \u00a0fer et sont expos\u00e9s \u00e0 de multiples dangers.\u00a0Certains de ces enfants sont d\u00e9pourvus de chaussures et s\u2019infligent des blessures qui ne sont jamais soign\u00e9es (EYAMBE EKALLE, 2009).\u00a0Ils collectent ces d\u00e9chets en fer dans des petits sacs. Puis, en fin de journ\u00e9e, les enfants se rendent chez un monsieur qu\u2019on appelle \u00ab\u00a0Amadou\u00a0\u00bb\u00a0: c\u2019est lui qui p\u00e8se les sacs et en d\u00e9termine le prix.\u00a0<span style=\"font-weight: 400;\">Dans la plupart des cas, ces enfants sont tr\u00e8s mal pay\u00e9s par ce monsieur et ils gagnent moins de 2000 Francs CFA par jour, ce qui repr\u00e9sente environ 3 euros.<\/span><\/p>\n<h2>Un travail dangereux soutenu par les parents<\/h2>\n<p>Les parents sont inform\u00e9s de la dangerosit\u00e9 de l\u2019activit\u00e9 que m\u00e8nent leurs enfants mais, \u00a0compte tenu du contexte de pauvret\u00e9, ils les encouragent \u00e0 le faire. D\u2019apr\u00e8s eux, \u00a0c\u2019est une fa\u00e7on pour les enfants \u00a0de se prendre en charge et parfois de contribuer aux charges de la maison (TCHUIKOUA, ELONG, 2014).<\/p>\n<p>Les jeunes filles, outre la vente de d\u00e9chets en fer, s\u2019occupent aussi de la vente d\u2019arachides. Elles parcourent la ville de Douala \u00e0 la recherche d\u2019\u00e9ventuels clients. Il arrive parfois qu\u2019un client propose \u00e0 une fille de le suivre chez lui, sous pr\u00e9texte de lui acheter plus de marchandise ou de ne pas avoir assez de \u00a0monnaie sur lui. Elles sont alors, soit d\u00e9poss\u00e9d\u00e9es de toute la marchandise ou pire encore, victimes de viol.<\/p>\n<p><span style=\"font-weight: 400;\">Certaines, lorsqu\u2019elles sont victimes d\u2019un tel acte, refusent de rentrer chez elles de peur d\u2019\u00eatre battues par leurs propres parents, \u00e9tant donn\u00e9 qu\u2019\u00e0 chaque fois qu\u2019elles quittent la maison, ils leur r\u00e9p\u00e8tent\u00a0: \u00ab\u00a0soit tu rentres avec mon argent, soit tu restes l\u00e0-bas \u00bb. Ces jeunes filles subissent donc une pression effroyable et doivent se battre pour vendre la marchandise en prenant tous les risques.<\/span><\/p>\n<h2>Difficult\u00e9 d\u2019acc\u00e8s \u00e0 l\u2019\u00e9ducation pour les enfants<\/h2>\n<p>La plupart de ces enfants ne sont pas scolaris\u00e9s. Pour ceux qui ont cette chance, ils ont bien du mal \u00e0 respecter les horaires de cours, \u00e9tant donn\u00e9 qu\u2019ils doivent \u00eatre d\u00e8s l\u2019aube dans les d\u00e9charges \u00e0 attendre l\u2019arriv\u00e9e d\u2019un \u00e9ventuel camion venu d\u00e9charger ses d\u00e9chets.<\/p>\n<p><span style=\"font-weight: 400;\">Les jeunes filles qui ne fr\u00e9quentent pas ces d\u00e9charges sont envoy\u00e9es vendre leurs marchandises (Allamine, 2010). La norme culturelle veut que la jeune fille se marie, quel que soit son \u00e2ge. Elles se marient donc tr\u00e8s t\u00f4t et arr\u00eatent leurs \u00e9tudes.<\/span><\/p>\n<p>L\u2019Etat camerounais essaie d\u2019enrayer et de faire dispara\u00eetre le travail des enfants, mais la norme culturelle au Cameroun est bien difficile \u00e0 changer.<\/p>\n<table style=\"height: 61px;\" width=\"639\">\n<tbody style=\"background: #f9f9f9;\">\n<tr>\n<td>\n<div style=\"float: left; width: 50%;\">Ecrit par :\u00a0<span data-sheets-value=\"{&quot;1&quot;:2,&quot;2&quot;:&quot;Salomon Malang&quot;}\" data-sheets-userformat=\"{&quot;2&quot;:9025,&quot;3&quot;:[null,0],&quot;9&quot;:1,&quot;11&quot;:4,&quot;12&quot;:0,&quot;16&quot;:11}\">Salomon Malang<\/span><\/div>\n<div style=\"float: left; width: 50%;\">Relecture Interne : Lucy Autin<\/div>\n<div style=\"float: left; width: 50%;\">Relecture Externe :\u00a0<span data-sheets-value=\"{&quot;1&quot;:2,&quot;2&quot;:&quot;Anne-Marie Smith&quot;}\" data-sheets-userformat=\"{&quot;2&quot;:41536,&quot;9&quot;:0,&quot;12&quot;:0,&quot;16&quot;:11,&quot;18&quot;:1}\">Anne-Marie Smith<\/span><\/div>\n<\/td>\n<\/tr>\n<\/tbody>\n<\/table>\n<h4>Sources<\/h4>\n<p><span style=\"font-weight: 400;\">Organisation internationale du Travail, CONVENTION 182, 87<\/span><span style=\"font-weight: 400;\">\u00e8me<\/span><span style=\"font-weight: 400;\">\u00a0Session, juin 1999, entr\u00e9e en vigueur 17\/06\/1999, art.3 disponible \u00e0\u00a0:\u00a0<\/span><a href=\"http:\/\/www.ilo.org\/public\/french\/standards\/relm\/ilc\/ilc87\/com-chic.htm\"><span style=\"font-weight: 400;\">http:\/\/www.ilo.org\/public\/french\/standards\/relm\/ilc\/ilc87\/com-chic.htm<\/span><\/a><\/p>\n<p><span style=\"font-weight: 400;\">Allamine M., (2010) Le travail des enfants au Cameroun: le cas de la ville de Yaound\u00e9 (1952-2005). Consult\u00e9 sur M\u00e9moire online\u00a0:<\/span>\u00a0<span style=\"font-weight: 400;\">http:\/\/www.memoireonline.com\/04\/11\/4413\/m_Le-travail-des-enfants-au-Cameroun-le-cas-de-la-ville-de-Yaounde-1952-200512.html<\/span><\/p>\n<p><span style=\"font-weight: 400;\">EYAMBE EKALLE, A., (11\/12\/2009) CAMEROUN &#8211; Activit\u00e9s de r\u00e9cup\u00e9ration de d\u00e9chets dans une d\u00e9charge : dangers et potentialit\u00e9s. Consult\u00e9 sur Podcast Journal\u00a0: \u00a0http:\/\/www.podcastjournal.net\/CAMEROUN-Activites-de-recuperation-de-dechets-dans-une-decharge-dangers-et-potentialites_a3773.html.<\/span><\/p>\n<p><span style=\"font-weight: 400;\">TCHUIKOUA L. B., ELONG J. G. (2014) La gestion des d\u00e9chets solides m\u00e9nagers \u00e0 l\u2019\u00e9preuve des pratiques urbaines \u00e0 Douala (Cameroun). Revue Canadienne de G\u00e9ographie Tropicale Canadian Journal of Tropical Geography. Vol. 2 (1) : 38-46. Accessible \u00e0 : \u00a0\u00a0<\/span><span style=\"font-weight: 400;\">http:\/\/www3.laurentian.ca\/rcgt-cjtg\/wp-content\/uploads\/2015\/05\/Article_Louis_Bernard_Tchuikoua_vol_2_1_2015.pdf<\/span><\/p>\n<p><span style=\"font-weight: 400;\">Douala.overblog.net(12\/11\/2009) Projet sur les d\u00e9charges sauvages de Douala&#8230; Consult\u00e9 sur :\u00a0<\/span><a href=\"http:\/\/douala.over-blog.net\/article-projet-sur-les-decharges-sauvages-de-douala-39295818.html\"><span style=\"font-weight: 400;\">http:\/\/douala.over-blog.net\/article-projet-sur-les-decharges-sauvages-de-douala-39295818.html<\/span><\/a><\/p>\n","protected":false},"excerpt":{"rendered":"<p>La communaut\u00e9 mondiale demande qu\u2019il soit mis un terme \u00e0 l&rsquo;intol\u00e9rable. Elle veut voir cesser les pires formes d&rsquo;exploitation des enfants: travail dans des conditions assimilables \u00e0 l&rsquo;esclavage, travail dangereux et harassant et autres formes extr\u00eames d&rsquo;exploitation. Dans le cadre de sa campagne contre le travail des enfants l&rsquo;Organisation internationale du Travail propose, pour en [&hellip;]<\/p>\n","protected":false},"author":69,"featured_media":40969,"comment_status":"closed","ping_status":"closed","sticky":false,"template":"","format":"standard","meta":{"footnotes":""},"categories":[1],"tags":[],"class_list":["post-40968","post","type-post","status-publish","format-standard","has-post-thumbnail","hentry","category-uncategorized"],"yoast_head":"<!-- This site is optimized with the Yoast SEO plugin v28.3 - https:\/\/yoast.com\/product\/yoast-seo-wordpress\/ -->\n<title>Au Cameroun, le travail des enfants est une norme culturelle - Humanium<\/title>\n<meta name=\"robots\" content=\"index, follow, max-snippet:-1, max-image-preview:large, max-video-preview:-1\" \/>\n<link rel=\"canonical\" href=\"https:\/\/www.humanium.org\/fr\/au-cameroun-le-travail-des-enfants-est-une-norme-culturelle\/\" \/>\n<meta property=\"og:locale\" content=\"fr_FR\" \/>\n<meta property=\"og:type\" content=\"article\" \/>\n<meta property=\"og:title\" content=\"Au Cameroun, le travail des enfants est une norme culturelle - Humanium\" \/>\n<meta property=\"og:description\" content=\"La communaut\u00e9 mondiale demande qu\u2019il soit mis un terme \u00e0 l&rsquo;intol\u00e9rable. Elle veut voir cesser les pires formes d&rsquo;exploitation des enfants: travail dans des conditions assimilables \u00e0 l&rsquo;esclavage, travail dangereux et harassant et autres formes extr\u00eames d&rsquo;exploitation. Dans le cadre de sa campagne contre le travail des enfants l&rsquo;Organisation internationale du Travail propose, pour en [&hellip;]\" \/>\n<meta property=\"og:url\" content=\"https:\/\/www.humanium.org\/fr\/au-cameroun-le-travail-des-enfants-est-une-norme-culturelle\/\" \/>\n<meta property=\"og:site_name\" content=\"Humanium\" \/>\n<meta property=\"article:published_time\" content=\"2017-07-24T08:00:46+00:00\" \/>\n<meta property=\"article:modified_time\" content=\"2026-08-20T18:18:30+00:00\" \/>\n<meta property=\"og:image\" content=\"https:\/\/www.humanium.org\/fr\/wp-content\/uploads\/2017\/07\/shutterstock_180534953-683x1024.jpg\" \/>\n\t<meta property=\"og:image:width\" content=\"683\" \/>\n\t<meta property=\"og:image:height\" content=\"1024\" \/>\n\t<meta property=\"og:image:type\" content=\"image\/jpeg\" \/>\n<meta name=\"author\" content=\"Humanium\" \/>\n<meta name=\"twitter:card\" content=\"summary_large_image\" \/>\n<meta name=\"twitter:label1\" content=\"\u00c9crit par\" \/>\n\t<meta name=\"twitter:data1\" content=\"Humanium\" \/>\n\t<meta name=\"twitter:label2\" content=\"Dur\u00e9e de lecture estim\u00e9e\" \/>\n\t<meta name=\"twitter:data2\" content=\"5 minutes\" \/>\n<script type=\"application\/ld+json\" class=\"yoast-schema-graph\">{\"@context\":\"https:\\\/\\\/schema.org\",\"@graph\":[{\"@type\":\"Article\",\"@id\":\"https:\\\/\\\/www.humanium.org\\\/fr\\\/au-cameroun-le-travail-des-enfants-est-une-norme-culturelle\\\/#article\",\"isPartOf\":{\"@id\":\"https:\\\/\\\/www.humanium.org\\\/fr\\\/au-cameroun-le-travail-des-enfants-est-une-norme-culturelle\\\/\"},\"author\":{\"name\":\"Humanium\",\"@id\":\"https:\\\/\\\/www.humanium.org\\\/fr\\\/#\\\/schema\\\/person\\\/d798d6c7d59ba2307e0877f61a20ce3e\"},\"headline\":\"Au Cameroun, le travail des enfants est une norme culturelle\",\"datePublished\":\"2017-07-24T08:00:46+00:00\",\"dateModified\":\"2026-08-20T18:18:30+00:00\",\"mainEntityOfPage\":{\"@id\":\"https:\\\/\\\/www.humanium.org\\\/fr\\\/au-cameroun-le-travail-des-enfants-est-une-norme-culturelle\\\/\"},\"wordCount\":916,\"image\":{\"@id\":\"https:\\\/\\\/www.humanium.org\\\/fr\\\/au-cameroun-le-travail-des-enfants-est-une-norme-culturelle\\\/#primaryimage\"},\"thumbnailUrl\":\"https:\\\/\\\/www.humanium.org\\\/fr\\\/wp-content\\\/uploads\\\/2017\\\/07\\\/shutterstock_180534953.jpg\",\"articleSection\":[\"Uncategorized\"],\"inLanguage\":\"fr-FR\"},{\"@type\":\"WebPage\",\"@id\":\"https:\\\/\\\/www.humanium.org\\\/fr\\\/au-cameroun-le-travail-des-enfants-est-une-norme-culturelle\\\/\",\"url\":\"https:\\\/\\\/www.humanium.org\\\/fr\\\/au-cameroun-le-travail-des-enfants-est-une-norme-culturelle\\\/\",\"name\":\"Au Cameroun, le travail des enfants est une norme culturelle - Humanium\",\"isPartOf\":{\"@id\":\"https:\\\/\\\/www.humanium.org\\\/fr\\\/#website\"},\"primaryImageOfPage\":{\"@id\":\"https:\\\/\\\/www.humanium.org\\\/fr\\\/au-cameroun-le-travail-des-enfants-est-une-norme-culturelle\\\/#primaryimage\"},\"image\":{\"@id\":\"https:\\\/\\\/www.humanium.org\\\/fr\\\/au-cameroun-le-travail-des-enfants-est-une-norme-culturelle\\\/#primaryimage\"},\"thumbnailUrl\":\"https:\\\/\\\/www.humanium.org\\\/fr\\\/wp-content\\\/uploads\\\/2017\\\/07\\\/shutterstock_180534953.jpg\",\"datePublished\":\"2017-07-24T08:00:46+00:00\",\"dateModified\":\"2026-08-20T18:18:30+00:00\",\"author\":{\"@id\":\"https:\\\/\\\/www.humanium.org\\\/fr\\\/#\\\/schema\\\/person\\\/d798d6c7d59ba2307e0877f61a20ce3e\"},\"breadcrumb\":{\"@id\":\"https:\\\/\\\/www.humanium.org\\\/fr\\\/au-cameroun-le-travail-des-enfants-est-une-norme-culturelle\\\/#breadcrumb\"},\"inLanguage\":\"fr-FR\",\"potentialAction\":[{\"@type\":\"ReadAction\",\"target\":[\"https:\\\/\\\/www.humanium.org\\\/fr\\\/au-cameroun-le-travail-des-enfants-est-une-norme-culturelle\\\/\"]}]},{\"@type\":\"ImageObject\",\"inLanguage\":\"fr-FR\",\"@id\":\"https:\\\/\\\/www.humanium.org\\\/fr\\\/au-cameroun-le-travail-des-enfants-est-une-norme-culturelle\\\/#primaryimage\",\"url\":\"https:\\\/\\\/www.humanium.org\\\/fr\\\/wp-content\\\/uploads\\\/2017\\\/07\\\/shutterstock_180534953.jpg\",\"contentUrl\":\"https:\\\/\\\/www.humanium.org\\\/fr\\\/wp-content\\\/uploads\\\/2017\\\/07\\\/shutterstock_180534953.jpg\",\"width\":3116,\"height\":4674},{\"@type\":\"BreadcrumbList\",\"@id\":\"https:\\\/\\\/www.humanium.org\\\/fr\\\/au-cameroun-le-travail-des-enfants-est-une-norme-culturelle\\\/#breadcrumb\",\"itemListElement\":[{\"@type\":\"ListItem\",\"position\":1,\"name\":\"Home\",\"item\":\"https:\\\/\\\/www.humanium.org\\\/fr\\\/\"},{\"@type\":\"ListItem\",\"position\":2,\"name\":\"Au Cameroun, le travail des enfants est une norme culturelle\"}]},{\"@type\":\"WebSite\",\"@id\":\"https:\\\/\\\/www.humanium.org\\\/fr\\\/#website\",\"url\":\"https:\\\/\\\/www.humanium.org\\\/fr\\\/\",\"name\":\"Humanium\",\"description\":\"Les enfants d\u2019abord !\",\"potentialAction\":[{\"@type\":\"SearchAction\",\"target\":{\"@type\":\"EntryPoint\",\"urlTemplate\":\"https:\\\/\\\/www.humanium.org\\\/fr\\\/?s={search_term_string}\"},\"query-input\":{\"@type\":\"PropertyValueSpecification\",\"valueRequired\":true,\"valueName\":\"search_term_string\"}}],\"inLanguage\":\"fr-FR\"},{\"@type\":\"Person\",\"@id\":\"https:\\\/\\\/www.humanium.org\\\/fr\\\/#\\\/schema\\\/person\\\/d798d6c7d59ba2307e0877f61a20ce3e\",\"name\":\"Humanium\",\"image\":{\"@type\":\"ImageObject\",\"inLanguage\":\"fr-FR\",\"@id\":\"https:\\\/\\\/secure.gravatar.com\\\/avatar\\\/22715e338d2fcc547e3a431c4738360d33fea2a4af458f865b2c3b22f1eaa51f?s=96&d=mm&r=g\",\"url\":\"https:\\\/\\\/secure.gravatar.com\\\/avatar\\\/22715e338d2fcc547e3a431c4738360d33fea2a4af458f865b2c3b22f1eaa51f?s=96&d=mm&r=g\",\"contentUrl\":\"https:\\\/\\\/secure.gravatar.com\\\/avatar\\\/22715e338d2fcc547e3a431c4738360d33fea2a4af458f865b2c3b22f1eaa51f?s=96&d=mm&r=g\",\"caption\":\"Humanium\"},\"url\":\"https:\\\/\\\/www.humanium.org\\\/fr\\\/author\\\/humanium\\\/\"}]}<\/script>\n<!-- \/ Yoast SEO plugin. -->","yoast_head_json":{"title":"Au Cameroun, le travail des enfants est une norme culturelle - Humanium","robots":{"index":"index","follow":"follow","max-snippet":"max-snippet:-1","max-image-preview":"max-image-preview:large","max-video-preview":"max-video-preview:-1"},"canonical":"https:\/\/www.humanium.org\/fr\/au-cameroun-le-travail-des-enfants-est-une-norme-culturelle\/","og_locale":"fr_FR","og_type":"article","og_title":"Au Cameroun, le travail des enfants est une norme culturelle - Humanium","og_description":"La communaut\u00e9 mondiale demande qu\u2019il soit mis un terme \u00e0 l&rsquo;intol\u00e9rable. Elle veut voir cesser les pires formes d&rsquo;exploitation des enfants: travail dans des conditions assimilables \u00e0 l&rsquo;esclavage, travail dangereux et harassant et autres formes extr\u00eames d&rsquo;exploitation. Dans le cadre de sa campagne contre le travail des enfants l&rsquo;Organisation internationale du Travail propose, pour en [&hellip;]","og_url":"https:\/\/www.humanium.org\/fr\/au-cameroun-le-travail-des-enfants-est-une-norme-culturelle\/","og_site_name":"Humanium","article_published_time":"2017-07-24T08:00:46+00:00","article_modified_time":"2026-08-20T18:18:30+00:00","og_image":[{"width":683,"height":1024,"url":"https:\/\/www.humanium.org\/fr\/wp-content\/uploads\/2017\/07\/shutterstock_180534953-683x1024.jpg","type":"image\/jpeg"}],"author":"Humanium","twitter_card":"summary_large_image","twitter_misc":{"\u00c9crit par":"Humanium","Dur\u00e9e de lecture estim\u00e9e":"5 minutes"},"schema":{"@context":"https:\/\/schema.org","@graph":[{"@type":"Article","@id":"https:\/\/www.humanium.org\/fr\/au-cameroun-le-travail-des-enfants-est-une-norme-culturelle\/#article","isPartOf":{"@id":"https:\/\/www.humanium.org\/fr\/au-cameroun-le-travail-des-enfants-est-une-norme-culturelle\/"},"author":{"name":"Humanium","@id":"https:\/\/www.humanium.org\/fr\/#\/schema\/person\/d798d6c7d59ba2307e0877f61a20ce3e"},"headline":"Au Cameroun, le travail des enfants est une norme culturelle","datePublished":"2017-07-24T08:00:46+00:00","dateModified":"2026-08-20T18:18:30+00:00","mainEntityOfPage":{"@id":"https:\/\/www.humanium.org\/fr\/au-cameroun-le-travail-des-enfants-est-une-norme-culturelle\/"},"wordCount":916,"image":{"@id":"https:\/\/www.humanium.org\/fr\/au-cameroun-le-travail-des-enfants-est-une-norme-culturelle\/#primaryimage"},"thumbnailUrl":"https:\/\/www.humanium.org\/fr\/wp-content\/uploads\/2017\/07\/shutterstock_180534953.jpg","articleSection":["Uncategorized"],"inLanguage":"fr-FR"},{"@type":"WebPage","@id":"https:\/\/www.humanium.org\/fr\/au-cameroun-le-travail-des-enfants-est-une-norme-culturelle\/","url":"https:\/\/www.humanium.org\/fr\/au-cameroun-le-travail-des-enfants-est-une-norme-culturelle\/","name":"Au Cameroun, le travail des enfants est une norme culturelle - Humanium","isPartOf":{"@id":"https:\/\/www.humanium.org\/fr\/#website"},"primaryImageOfPage":{"@id":"https:\/\/www.humanium.org\/fr\/au-cameroun-le-travail-des-enfants-est-une-norme-culturelle\/#primaryimage"},"image":{"@id":"https:\/\/www.humanium.org\/fr\/au-cameroun-le-travail-des-enfants-est-une-norme-culturelle\/#primaryimage"},"thumbnailUrl":"https:\/\/www.humanium.org\/fr\/wp-content\/uploads\/2017\/07\/shutterstock_180534953.jpg","datePublished":"2017-07-24T08:00:46+00:00","dateModified":"2026-08-20T18:18:30+00:00","author":{"@id":"https:\/\/www.humanium.org\/fr\/#\/schema\/person\/d798d6c7d59ba2307e0877f61a20ce3e"},"breadcrumb":{"@id":"https:\/\/www.humanium.org\/fr\/au-cameroun-le-travail-des-enfants-est-une-norme-culturelle\/#breadcrumb"},"inLanguage":"fr-FR","potentialAction":[{"@type":"ReadAction","target":["https:\/\/www.humanium.org\/fr\/au-cameroun-le-travail-des-enfants-est-une-norme-culturelle\/"]}]},{"@type":"ImageObject","inLanguage":"fr-FR","@id":"https:\/\/www.humanium.org\/fr\/au-cameroun-le-travail-des-enfants-est-une-norme-culturelle\/#primaryimage","url":"https:\/\/www.humanium.org\/fr\/wp-content\/uploads\/2017\/07\/shutterstock_180534953.jpg","contentUrl":"https:\/\/www.humanium.org\/fr\/wp-content\/uploads\/2017\/07\/shutterstock_180534953.jpg","width":3116,"height":4674},{"@type":"BreadcrumbList","@id":"https:\/\/www.humanium.org\/fr\/au-cameroun-le-travail-des-enfants-est-une-norme-culturelle\/#breadcrumb","itemListElement":[{"@type":"ListItem","position":1,"name":"Home","item":"https:\/\/www.humanium.org\/fr\/"},{"@type":"ListItem","position":2,"name":"Au Cameroun, le travail des enfants est une norme culturelle"}]},{"@type":"WebSite","@id":"https:\/\/www.humanium.org\/fr\/#website","url":"https:\/\/www.humanium.org\/fr\/","name":"Humanium","description":"Les enfants d\u2019abord !","potentialAction":[{"@type":"SearchAction","target":{"@type":"EntryPoint","urlTemplate":"https:\/\/www.humanium.org\/fr\/?s={search_term_string}"},"query-input":{"@type":"PropertyValueSpecification","valueRequired":true,"valueName":"search_term_string"}}],"inLanguage":"fr-FR"},{"@type":"Person","@id":"https:\/\/www.humanium.org\/fr\/#\/schema\/person\/d798d6c7d59ba2307e0877f61a20ce3e","name":"Humanium","image":{"@type":"ImageObject","inLanguage":"fr-FR","@id":"https:\/\/secure.gravatar.com\/avatar\/22715e338d2fcc547e3a431c4738360d33fea2a4af458f865b2c3b22f1eaa51f?s=96&d=mm&r=g","url":"https:\/\/secure.gravatar.com\/avatar\/22715e338d2fcc547e3a431c4738360d33fea2a4af458f865b2c3b22f1eaa51f?s=96&d=mm&r=g","contentUrl":"https:\/\/secure.gravatar.com\/avatar\/22715e338d2fcc547e3a431c4738360d33fea2a4af458f865b2c3b22f1eaa51f?s=96&d=mm&r=g","caption":"Humanium"},"url":"https:\/\/www.humanium.org\/fr\/author\/humanium\/"}]}},"_links":{"self":[{"href":"https:\/\/www.humanium.org\/fr\/wp-json\/wp\/v2\/posts\/40968","targetHints":{"allow":["GET"]}}],"collection":[{"href":"https:\/\/www.humanium.org\/fr\/wp-json\/wp\/v2\/posts"}],"about":[{"href":"https:\/\/www.humanium.org\/fr\/wp-json\/wp\/v2\/types\/post"}],"author":[{"embeddable":true,"href":"https:\/\/www.humanium.org\/fr\/wp-json\/wp\/v2\/users\/69"}],"replies":[{"embeddable":true,"href":"https:\/\/www.humanium.org\/fr\/wp-json\/wp\/v2\/comments?post=40968"}],"version-history":[{"count":6,"href":"https:\/\/www.humanium.org\/fr\/wp-json\/wp\/v2\/posts\/40968\/revisions"}],"predecessor-version":[{"id":61290,"href":"https:\/\/www.humanium.org\/fr\/wp-json\/wp\/v2\/posts\/40968\/revisions\/61290"}],"wp:featuredmedia":[{"embeddable":true,"href":"https:\/\/www.humanium.org\/fr\/wp-json\/wp\/v2\/media\/40969"}],"wp:attachment":[{"href":"https:\/\/www.humanium.org\/fr\/wp-json\/wp\/v2\/media?parent=40968"}],"wp:term":[{"taxonomy":"category","embeddable":true,"href":"https:\/\/www.humanium.org\/fr\/wp-json\/wp\/v2\/categories?post=40968"},{"taxonomy":"post_tag","embeddable":true,"href":"https:\/\/www.humanium.org\/fr\/wp-json\/wp\/v2\/tags?post=40968"}],"curies":[{"name":"wp","href":"https:\/\/api.w.org\/{rel}","templated":true}]}}