{"id":41010,"date":"2017-08-15T06:00:36","date_gmt":"2017-08-15T06:00:36","guid":{"rendered":"https:\/\/www.humanium.gives\/fr\/?p=41010"},"modified":"2026-08-20T18:18:30","modified_gmt":"2026-08-20T18:18:30","slug":"en-tant-quenfant-comment-puis-je-defendre-mes-droits","status":"publish","type":"post","link":"https:\/\/www.humanium.org\/fr\/en-tant-quenfant-comment-puis-je-defendre-mes-droits\/","title":{"rendered":"En tant qu\u2019enfant, comment puis-je d\u00e9fendre mes droits?"},"content":{"rendered":"<p><span style=\"color: #ea7600;\"><strong>Le <a href=\"https:\/\/www.humanium.org\/fr\/genese-comite-droits-enfant\/\">Comit\u00e9 sur les droits de l&rsquo;enfant<\/a> (ici \u00ab\u00a0Comit\u00e9\u00a0\u00bb) contr\u00f4le la mise en place de la <a href=\"https:\/\/www.humanium.org\/fr\/convention\/\">Convention internationale des droits de l&rsquo;enfant<\/a> par les \u00c9tats parties.<\/strong><\/span><\/p>\n<p>Depuis 2014 les enfants peuvent agir contre leur pays directement devant le Comit\u00e9 si certaines conditions sont r\u00e9unies.<\/p>\n<p>Voici les questions que tous les enfants, c\u2019est-\u00e0-dire toute personnes \u00e2g\u00e9es de moins de 18 ans, doivent se questionner avant de commencer une \u00ab\u00a0proc\u00e9dure de communication\u00a0\u00bb devant le Comit\u00e9.<\/p>\n<p>&nbsp;<\/p>\n<h3>1 ) Est-ce que mon pays a adopt\u00e9 le protocole me permettant ainsi de porter plainte?<\/h3>\n<p>Est-ce que mon pays d\u2019origine a ratifi\u00e9, et donc accept\u00e9, la Convention sur les Droits de l\u2019enfant et son 3\u00e8me Protocole facultatif. Si nous ne sommes pas s\u00fbrs, nous pouvons le v\u00e9rifier aupr\u00e8s des organisations locales ou bien nous pouvons demander aux amis de Humanium qui souhaitent nous aider.<\/p>\n<p><a href=\"https:\/\/treaties.un.org\/Pages\/ViewDetails.aspx?src=TREATY&amp;mtdsg_no=IV-11-d&amp;chapter=4&amp;lang=fr:\">&gt;&gt;&gt; Liste des pays permettant aux enfants de porter plainte<\/a><\/p>\n<p>&nbsp;<\/p>\n<h3>2) Existe-t-il une structure pour soutenir ma demande?<\/h3>\n<p>Existe-t-il un tribunal, une ONG ou une autorit\u00e9 dans mon pays qui pourrait entendre et appuyer ma plainte? Dans ce cas je dois porter plainte dans mon pays et attendre la r\u00e9ponse avant d\u2019avoir le droit de porter plainte devant le Comite.<br \/>\nIl faut aussi v\u00e9rifier s\u2019il existe des ONG comme Humanium qui pourrait m\u2019aider.<\/p>\n<p>&nbsp;<\/p>\n<h3>3) Plainte collective?<\/h3>\n<p>Hey, hmm, je pourrais m\u00eame porter plainte avec un groupe d\u2019amis qui vivent les m\u00eames probl\u00e8mes. Oui, je vais les voir, discuter avec eux pour \u00e9couter d\u2019autre avis afin de pouvoir peut \u00eatre porter plainte ensemble.<\/p>\n<p>&nbsp;<\/p>\n<h3>4) Quels sont exactement nos pr\u00e9occupations?<\/h3>\n<p>J\u2019ai beaucoup appris \u00e0 propos des droits des enfants gr\u00e2ce au site de Humanium et maintenant nous devons r\u00e9fl\u00e9chir ensemble et expliquer clairement nos probl\u00e8mes. Je peux peut \u00eatre demander \u00e0 un ami adulte de relire mes soucis. Il vaut mieux demander \u00e0 un ami adulte qui sait bien \u00e9crire et qui semble bien conna\u00eetre ces choses.<\/p>\n<p>&nbsp;<\/p>\n<h3>5) \u00c9crire nos probl\u00e8mes<\/h3>\n<p>Bon maintenant il faut \u00e9crire. Apparemment il ne faut \u00e9crire une plainte mais plut\u00f4t une communication comme cela a \u00e9t\u00e9 pr\u00e9sent\u00e9 plus t\u00f4t. Bon, ils verront bien, je demanderais peut-\u00eatre \u00e0 Humanium ou \u00e0 une ONG de m\u2019aider \u00e0 faire tout \u00e7a et \u00eatre le plus complet possible.<\/p>\n<p>&nbsp;<\/p>\n<p>&gt;&gt;&gt; En tant qu\u2019enfant, tu peux aussi <a href=\"https:\/\/www.humanium.org\/fr\/helpline\/\">demander de l\u2019aide sur notre \u201chelpline\u201d<\/a><\/p>\n<p>&nbsp;<\/p>\n<p><em>Ecrit par : Arndt Soret<\/em><\/p>\n<p><em>Traduit par : Victoria Clavijo<\/em><\/p>\n<p><em>Relu par : D.C.<\/em><\/p>\n","protected":false},"excerpt":{"rendered":"<p>Le Comit\u00e9 sur les droits de l&rsquo;enfant (ici \u00ab\u00a0Comit\u00e9\u00a0\u00bb) contr\u00f4le la mise en place de la Convention internationale des droits de l&rsquo;enfant par les \u00c9tats parties. Depuis 2014 les enfants peuvent agir contre leur pays directement devant le Comit\u00e9 si certaines conditions sont r\u00e9unies. Voici les questions que tous les enfants, c\u2019est-\u00e0-dire toute personnes \u00e2g\u00e9es [&hellip;]<\/p>\n","protected":false},"author":69,"featured_media":41013,"comment_status":"closed","ping_status":"closed","sticky":false,"template":"","format":"standard","meta":{"footnotes":""},"categories":[1],"tags":[],"class_list":["post-41010","post","type-post","status-publish","format-standard","has-post-thumbnail","hentry","category-uncategorized"],"yoast_head":"<!-- This site is optimized with the Yoast SEO plugin v28.3 - https:\/\/yoast.com\/product\/yoast-seo-wordpress\/ -->\n<title>En tant qu\u2019enfant, comment puis-je d\u00e9fendre mes droits? - Humanium<\/title>\n<meta name=\"description\" content=\"Le Comit\u00e9 sur les droits de l&#039;enfant contr\u00f4le la mise en place de la Convention internationale des droits de l&#039;enfant par les \u00c9tats parties.\" \/>\n<meta name=\"robots\" content=\"index, follow, max-snippet:-1, max-image-preview:large, max-video-preview:-1\" \/>\n<link rel=\"canonical\" href=\"https:\/\/www.humanium.org\/fr\/en-tant-quenfant-comment-puis-je-defendre-mes-droits\/\" \/>\n<meta property=\"og:locale\" content=\"fr_FR\" \/>\n<meta property=\"og:type\" content=\"article\" \/>\n<meta property=\"og:title\" content=\"En tant qu\u2019enfant, comment puis-je d\u00e9fendre mes droits? - Humanium\" \/>\n<meta property=\"og:description\" content=\"Le Comit\u00e9 sur les droits de l&#039;enfant contr\u00f4le la mise en place de la Convention internationale des droits de l&#039;enfant par les \u00c9tats parties.\" \/>\n<meta property=\"og:url\" content=\"https:\/\/www.humanium.org\/fr\/en-tant-quenfant-comment-puis-je-defendre-mes-droits\/\" \/>\n<meta property=\"og:site_name\" content=\"Humanium\" \/>\n<meta property=\"article:published_time\" content=\"2017-08-15T06:00:36+00:00\" \/>\n<meta property=\"article:modified_time\" content=\"2026-08-20T18:18:30+00:00\" \/>\n<meta property=\"og:image\" content=\"https:\/\/www.humanium.org\/fr\/wp-content\/uploads\/2017\/08\/shutterstock_429541054-1.jpg\" \/>\n\t<meta property=\"og:image:width\" content=\"1000\" \/>\n\t<meta property=\"og:image:height\" content=\"662\" \/>\n\t<meta property=\"og:image:type\" content=\"image\/jpeg\" \/>\n<meta name=\"author\" content=\"Humanium\" \/>\n<meta name=\"twitter:card\" content=\"summary_large_image\" \/>\n<meta name=\"twitter:label1\" content=\"\u00c9crit par\" \/>\n\t<meta name=\"twitter:data1\" content=\"Humanium\" \/>\n\t<meta name=\"twitter:label2\" content=\"Dur\u00e9e de lecture estim\u00e9e\" \/>\n\t<meta name=\"twitter:data2\" content=\"2 minutes\" \/>\n<script type=\"application\/ld+json\" class=\"yoast-schema-graph\">{\"@context\":\"https:\\\/\\\/schema.org\",\"@graph\":[{\"@type\":\"Article\",\"@id\":\"https:\\\/\\\/www.humanium.org\\\/fr\\\/en-tant-quenfant-comment-puis-je-defendre-mes-droits\\\/#article\",\"isPartOf\":{\"@id\":\"https:\\\/\\\/www.humanium.org\\\/fr\\\/en-tant-quenfant-comment-puis-je-defendre-mes-droits\\\/\"},\"author\":{\"name\":\"Humanium\",\"@id\":\"https:\\\/\\\/www.humanium.org\\\/fr\\\/#\\\/schema\\\/person\\\/d798d6c7d59ba2307e0877f61a20ce3e\"},\"headline\":\"En tant qu\u2019enfant, comment puis-je d\u00e9fendre mes droits?\",\"datePublished\":\"2017-08-15T06:00:36+00:00\",\"dateModified\":\"2026-08-20T18:18:30+00:00\",\"mainEntityOfPage\":{\"@id\":\"https:\\\/\\\/www.humanium.org\\\/fr\\\/en-tant-quenfant-comment-puis-je-defendre-mes-droits\\\/\"},\"wordCount\":433,\"image\":{\"@id\":\"https:\\\/\\\/www.humanium.org\\\/fr\\\/en-tant-quenfant-comment-puis-je-defendre-mes-droits\\\/#primaryimage\"},\"thumbnailUrl\":\"https:\\\/\\\/www.humanium.org\\\/fr\\\/wp-content\\\/uploads\\\/2017\\\/08\\\/shutterstock_429541054-1.jpg\",\"articleSection\":[\"Uncategorized\"],\"inLanguage\":\"fr-FR\"},{\"@type\":\"WebPage\",\"@id\":\"https:\\\/\\\/www.humanium.org\\\/fr\\\/en-tant-quenfant-comment-puis-je-defendre-mes-droits\\\/\",\"url\":\"https:\\\/\\\/www.humanium.org\\\/fr\\\/en-tant-quenfant-comment-puis-je-defendre-mes-droits\\\/\",\"name\":\"En tant qu\u2019enfant, comment puis-je d\u00e9fendre mes droits? - Humanium\",\"isPartOf\":{\"@id\":\"https:\\\/\\\/www.humanium.org\\\/fr\\\/#website\"},\"primaryImageOfPage\":{\"@id\":\"https:\\\/\\\/www.humanium.org\\\/fr\\\/en-tant-quenfant-comment-puis-je-defendre-mes-droits\\\/#primaryimage\"},\"image\":{\"@id\":\"https:\\\/\\\/www.humanium.org\\\/fr\\\/en-tant-quenfant-comment-puis-je-defendre-mes-droits\\\/#primaryimage\"},\"thumbnailUrl\":\"https:\\\/\\\/www.humanium.org\\\/fr\\\/wp-content\\\/uploads\\\/2017\\\/08\\\/shutterstock_429541054-1.jpg\",\"datePublished\":\"2017-08-15T06:00:36+00:00\",\"dateModified\":\"2026-08-20T18:18:30+00:00\",\"author\":{\"@id\":\"https:\\\/\\\/www.humanium.org\\\/fr\\\/#\\\/schema\\\/person\\\/d798d6c7d59ba2307e0877f61a20ce3e\"},\"description\":\"Le Comit\u00e9 sur les droits de l'enfant contr\u00f4le la mise en place de la Convention internationale des droits de l'enfant par les \u00c9tats parties.\",\"breadcrumb\":{\"@id\":\"https:\\\/\\\/www.humanium.org\\\/fr\\\/en-tant-quenfant-comment-puis-je-defendre-mes-droits\\\/#breadcrumb\"},\"inLanguage\":\"fr-FR\",\"potentialAction\":[{\"@type\":\"ReadAction\",\"target\":[\"https:\\\/\\\/www.humanium.org\\\/fr\\\/en-tant-quenfant-comment-puis-je-defendre-mes-droits\\\/\"]}]},{\"@type\":\"ImageObject\",\"inLanguage\":\"fr-FR\",\"@id\":\"https:\\\/\\\/www.humanium.org\\\/fr\\\/en-tant-quenfant-comment-puis-je-defendre-mes-droits\\\/#primaryimage\",\"url\":\"https:\\\/\\\/www.humanium.org\\\/fr\\\/wp-content\\\/uploads\\\/2017\\\/08\\\/shutterstock_429541054-1.jpg\",\"contentUrl\":\"https:\\\/\\\/www.humanium.org\\\/fr\\\/wp-content\\\/uploads\\\/2017\\\/08\\\/shutterstock_429541054-1.jpg\",\"width\":1000,\"height\":662},{\"@type\":\"BreadcrumbList\",\"@id\":\"https:\\\/\\\/www.humanium.org\\\/fr\\\/en-tant-quenfant-comment-puis-je-defendre-mes-droits\\\/#breadcrumb\",\"itemListElement\":[{\"@type\":\"ListItem\",\"position\":1,\"name\":\"Home\",\"item\":\"https:\\\/\\\/www.humanium.org\\\/fr\\\/\"},{\"@type\":\"ListItem\",\"position\":2,\"name\":\"En tant qu\u2019enfant, comment puis-je d\u00e9fendre mes droits?\"}]},{\"@type\":\"WebSite\",\"@id\":\"https:\\\/\\\/www.humanium.org\\\/fr\\\/#website\",\"url\":\"https:\\\/\\\/www.humanium.org\\\/fr\\\/\",\"name\":\"Humanium\",\"description\":\"Les enfants d\u2019abord !\",\"potentialAction\":[{\"@type\":\"SearchAction\",\"target\":{\"@type\":\"EntryPoint\",\"urlTemplate\":\"https:\\\/\\\/www.humanium.org\\\/fr\\\/?s={search_term_string}\"},\"query-input\":{\"@type\":\"PropertyValueSpecification\",\"valueRequired\":true,\"valueName\":\"search_term_string\"}}],\"inLanguage\":\"fr-FR\"},{\"@type\":\"Person\",\"@id\":\"https:\\\/\\\/www.humanium.org\\\/fr\\\/#\\\/schema\\\/person\\\/d798d6c7d59ba2307e0877f61a20ce3e\",\"name\":\"Humanium\",\"image\":{\"@type\":\"ImageObject\",\"inLanguage\":\"fr-FR\",\"@id\":\"https:\\\/\\\/secure.gravatar.com\\\/avatar\\\/22715e338d2fcc547e3a431c4738360d33fea2a4af458f865b2c3b22f1eaa51f?s=96&d=mm&r=g\",\"url\":\"https:\\\/\\\/secure.gravatar.com\\\/avatar\\\/22715e338d2fcc547e3a431c4738360d33fea2a4af458f865b2c3b22f1eaa51f?s=96&d=mm&r=g\",\"contentUrl\":\"https:\\\/\\\/secure.gravatar.com\\\/avatar\\\/22715e338d2fcc547e3a431c4738360d33fea2a4af458f865b2c3b22f1eaa51f?s=96&d=mm&r=g\",\"caption\":\"Humanium\"},\"url\":\"https:\\\/\\\/www.humanium.org\\\/fr\\\/author\\\/humanium\\\/\"}]}<\/script>\n<!-- \/ Yoast SEO plugin. -->","yoast_head_json":{"title":"En tant qu\u2019enfant, comment puis-je d\u00e9fendre mes droits? - Humanium","description":"Le Comit\u00e9 sur les droits de l'enfant contr\u00f4le la mise en place de la Convention internationale des droits de l'enfant par les \u00c9tats parties.","robots":{"index":"index","follow":"follow","max-snippet":"max-snippet:-1","max-image-preview":"max-image-preview:large","max-video-preview":"max-video-preview:-1"},"canonical":"https:\/\/www.humanium.org\/fr\/en-tant-quenfant-comment-puis-je-defendre-mes-droits\/","og_locale":"fr_FR","og_type":"article","og_title":"En tant qu\u2019enfant, comment puis-je d\u00e9fendre mes droits? - Humanium","og_description":"Le Comit\u00e9 sur les droits de l'enfant contr\u00f4le la mise en place de la Convention internationale des droits de l'enfant par les \u00c9tats parties.","og_url":"https:\/\/www.humanium.org\/fr\/en-tant-quenfant-comment-puis-je-defendre-mes-droits\/","og_site_name":"Humanium","article_published_time":"2017-08-15T06:00:36+00:00","article_modified_time":"2026-08-20T18:18:30+00:00","og_image":[{"width":1000,"height":662,"url":"https:\/\/www.humanium.org\/fr\/wp-content\/uploads\/2017\/08\/shutterstock_429541054-1.jpg","type":"image\/jpeg"}],"author":"Humanium","twitter_card":"summary_large_image","twitter_misc":{"\u00c9crit par":"Humanium","Dur\u00e9e de lecture estim\u00e9e":"2 minutes"},"schema":{"@context":"https:\/\/schema.org","@graph":[{"@type":"Article","@id":"https:\/\/www.humanium.org\/fr\/en-tant-quenfant-comment-puis-je-defendre-mes-droits\/#article","isPartOf":{"@id":"https:\/\/www.humanium.org\/fr\/en-tant-quenfant-comment-puis-je-defendre-mes-droits\/"},"author":{"name":"Humanium","@id":"https:\/\/www.humanium.org\/fr\/#\/schema\/person\/d798d6c7d59ba2307e0877f61a20ce3e"},"headline":"En tant qu\u2019enfant, comment puis-je d\u00e9fendre mes droits?","datePublished":"2017-08-15T06:00:36+00:00","dateModified":"2026-08-20T18:18:30+00:00","mainEntityOfPage":{"@id":"https:\/\/www.humanium.org\/fr\/en-tant-quenfant-comment-puis-je-defendre-mes-droits\/"},"wordCount":433,"image":{"@id":"https:\/\/www.humanium.org\/fr\/en-tant-quenfant-comment-puis-je-defendre-mes-droits\/#primaryimage"},"thumbnailUrl":"https:\/\/www.humanium.org\/fr\/wp-content\/uploads\/2017\/08\/shutterstock_429541054-1.jpg","articleSection":["Uncategorized"],"inLanguage":"fr-FR"},{"@type":"WebPage","@id":"https:\/\/www.humanium.org\/fr\/en-tant-quenfant-comment-puis-je-defendre-mes-droits\/","url":"https:\/\/www.humanium.org\/fr\/en-tant-quenfant-comment-puis-je-defendre-mes-droits\/","name":"En tant qu\u2019enfant, comment puis-je d\u00e9fendre mes droits? - Humanium","isPartOf":{"@id":"https:\/\/www.humanium.org\/fr\/#website"},"primaryImageOfPage":{"@id":"https:\/\/www.humanium.org\/fr\/en-tant-quenfant-comment-puis-je-defendre-mes-droits\/#primaryimage"},"image":{"@id":"https:\/\/www.humanium.org\/fr\/en-tant-quenfant-comment-puis-je-defendre-mes-droits\/#primaryimage"},"thumbnailUrl":"https:\/\/www.humanium.org\/fr\/wp-content\/uploads\/2017\/08\/shutterstock_429541054-1.jpg","datePublished":"2017-08-15T06:00:36+00:00","dateModified":"2026-08-20T18:18:30+00:00","author":{"@id":"https:\/\/www.humanium.org\/fr\/#\/schema\/person\/d798d6c7d59ba2307e0877f61a20ce3e"},"description":"Le Comit\u00e9 sur les droits de l'enfant contr\u00f4le la mise en place de la Convention internationale des droits de l'enfant par les \u00c9tats parties.","breadcrumb":{"@id":"https:\/\/www.humanium.org\/fr\/en-tant-quenfant-comment-puis-je-defendre-mes-droits\/#breadcrumb"},"inLanguage":"fr-FR","potentialAction":[{"@type":"ReadAction","target":["https:\/\/www.humanium.org\/fr\/en-tant-quenfant-comment-puis-je-defendre-mes-droits\/"]}]},{"@type":"ImageObject","inLanguage":"fr-FR","@id":"https:\/\/www.humanium.org\/fr\/en-tant-quenfant-comment-puis-je-defendre-mes-droits\/#primaryimage","url":"https:\/\/www.humanium.org\/fr\/wp-content\/uploads\/2017\/08\/shutterstock_429541054-1.jpg","contentUrl":"https:\/\/www.humanium.org\/fr\/wp-content\/uploads\/2017\/08\/shutterstock_429541054-1.jpg","width":1000,"height":662},{"@type":"BreadcrumbList","@id":"https:\/\/www.humanium.org\/fr\/en-tant-quenfant-comment-puis-je-defendre-mes-droits\/#breadcrumb","itemListElement":[{"@type":"ListItem","position":1,"name":"Home","item":"https:\/\/www.humanium.org\/fr\/"},{"@type":"ListItem","position":2,"name":"En tant qu\u2019enfant, comment puis-je d\u00e9fendre mes droits?"}]},{"@type":"WebSite","@id":"https:\/\/www.humanium.org\/fr\/#website","url":"https:\/\/www.humanium.org\/fr\/","name":"Humanium","description":"Les enfants d\u2019abord !","potentialAction":[{"@type":"SearchAction","target":{"@type":"EntryPoint","urlTemplate":"https:\/\/www.humanium.org\/fr\/?s={search_term_string}"},"query-input":{"@type":"PropertyValueSpecification","valueRequired":true,"valueName":"search_term_string"}}],"inLanguage":"fr-FR"},{"@type":"Person","@id":"https:\/\/www.humanium.org\/fr\/#\/schema\/person\/d798d6c7d59ba2307e0877f61a20ce3e","name":"Humanium","image":{"@type":"ImageObject","inLanguage":"fr-FR","@id":"https:\/\/secure.gravatar.com\/avatar\/22715e338d2fcc547e3a431c4738360d33fea2a4af458f865b2c3b22f1eaa51f?s=96&d=mm&r=g","url":"https:\/\/secure.gravatar.com\/avatar\/22715e338d2fcc547e3a431c4738360d33fea2a4af458f865b2c3b22f1eaa51f?s=96&d=mm&r=g","contentUrl":"https:\/\/secure.gravatar.com\/avatar\/22715e338d2fcc547e3a431c4738360d33fea2a4af458f865b2c3b22f1eaa51f?s=96&d=mm&r=g","caption":"Humanium"},"url":"https:\/\/www.humanium.org\/fr\/author\/humanium\/"}]}},"_links":{"self":[{"href":"https:\/\/www.humanium.org\/fr\/wp-json\/wp\/v2\/posts\/41010","targetHints":{"allow":["GET"]}}],"collection":[{"href":"https:\/\/www.humanium.org\/fr\/wp-json\/wp\/v2\/posts"}],"about":[{"href":"https:\/\/www.humanium.org\/fr\/wp-json\/wp\/v2\/types\/post"}],"author":[{"embeddable":true,"href":"https:\/\/www.humanium.org\/fr\/wp-json\/wp\/v2\/users\/69"}],"replies":[{"embeddable":true,"href":"https:\/\/www.humanium.org\/fr\/wp-json\/wp\/v2\/comments?post=41010"}],"version-history":[{"count":10,"href":"https:\/\/www.humanium.org\/fr\/wp-json\/wp\/v2\/posts\/41010\/revisions"}],"predecessor-version":[{"id":42966,"href":"https:\/\/www.humanium.org\/fr\/wp-json\/wp\/v2\/posts\/41010\/revisions\/42966"}],"wp:featuredmedia":[{"embeddable":true,"href":"https:\/\/www.humanium.org\/fr\/wp-json\/wp\/v2\/media\/41013"}],"wp:attachment":[{"href":"https:\/\/www.humanium.org\/fr\/wp-json\/wp\/v2\/media?parent=41010"}],"wp:term":[{"taxonomy":"category","embeddable":true,"href":"https:\/\/www.humanium.org\/fr\/wp-json\/wp\/v2\/categories?post=41010"},{"taxonomy":"post_tag","embeddable":true,"href":"https:\/\/www.humanium.org\/fr\/wp-json\/wp\/v2\/tags?post=41010"}],"curies":[{"name":"wp","href":"https:\/\/api.w.org\/{rel}","templated":true}]}}