{"id":41262,"date":"2017-09-05T00:00:03","date_gmt":"2017-09-05T00:00:03","guid":{"rendered":"https:\/\/www.humanium.org\/fr\/?p=41262"},"modified":"2026-08-20T18:18:30","modified_gmt":"2026-08-20T18:18:30","slug":"disparition-denfant-au-benin","status":"publish","type":"post","link":"https:\/\/www.humanium.org\/fr\/disparition-denfant-au-benin\/","title":{"rendered":"Disparition des enfants au B\u00e9nin"},"content":{"rendered":"<h3><b>Introduction<\/b><\/h3>\n<p><span style=\"font-weight: 400;\">La protection des enfants et la r\u00e9alisation de leurs droits constituent des d\u00e9fis majeurs pour les Etats africains. Aux ph\u00e9nom\u00e8nes r\u00e9currents\u00a0: mariage des enfants, excision&#8230;, s\u2019est ajout\u00e9 la disparition des enfants qui prend de l\u2019ampleur dans un pays comme le B\u00e9nin. Comment le probl\u00e8me se pr\u00e9sente et quelles en sont ses causes\u00a0?<\/span><\/p>\n<p>&nbsp;<\/p>\n<h3><b>Disparition d\u2019enfants au B\u00e9nin\u00a0: Psychose et causes du ph\u00e9nom\u00e8ne<\/b><\/h3>\n<p><span style=\"font-weight: 400;\">Depuis plusieurs mois, les populations assistent impuissantes \u00e0 la mont\u00e9e en fl\u00e8che d\u2019un ph\u00e9nom\u00e8ne nouveau\u00a0: l\u2019enl\u00e8vement et la disparition d\u2019enfants. Combien d\u2019enfants recens\u00e9s disparus \u00e0 ce jour? Il est difficile de le dire quand on sait que tous les cas ne sont pas m\u00e9diatis\u00e9s. Du cas de la jeune fille de 17 ans, apprentie coiffeuse sauvagement assassin\u00e9e dans les faubourgs de Cotonou<\/span><span style=\"font-weight: 400;\">, au tout r\u00e9cent cas d\u2019un jeune gar\u00e7on de 14 ans en classe de seconde, enlev\u00e9, puis assassin\u00e9\u2026 les exemples ne manquent pas. Ce ph\u00e9nom\u00e8ne est plus r\u00e9current dans le Sud du pays et dans les villes et faubourgs frontaliers de la capitale \u00e9conomique Cotonou. N\u00e9anmoins, il est pr\u00e9sent un peu partout sur toute l\u2019\u00e9tendue du territoire national. Cette situation a conduit \u00e0 un lever de bouclier de la part des acteurs de la promotion des droits de l\u2019enfant et \u00e0 l\u2019initiative d\u2019une p\u00e9tition nationale pour sensibiliser sur la question(Ad\u00e9ossi,2016).Aussi, le Comit\u00e9 de Liaison des Organisations Sociales de d\u00e9fense des Droits de l\u2019Enfant (CLOSE) s\u2019active pour faire l\u2019\u00e9tat des lieux de la situation.<\/span><\/p>\n<p>&nbsp;<\/p>\n<h3><b>Les cybercriminels \u00a0index\u00e9s <\/b><\/h3>\n<p><span style=\"font-weight: 400;\">La recrudescence d\u2019enl\u00e8vements et de disparitions d\u2019enfants au B\u00e9nin intervient dans un contexte de mont\u00e9e en puissance de la cybercriminalit\u00e9 dans le pays<\/span><b>. <\/b><span style=\"font-weight: 400;\">Les cybercriminels, arnaqueurs sur internet, \u00e0 l\u2019aff\u00fbt du gain facile, associeraient \u00e0 leurs actions des pratiques occultes faisant usage de sang humain (Djogbenou, 2017).Pour commettre leur forfait sur de paisibles citoyens du monde, les cybercriminels se procureraient la statuette d\u2019une divinit\u00e9 appel\u00e9e \u00ab\u00a0Kenninsi\u00a0\u00bb. Celle-ci aurait la vertu de leur permettre d&rsquo;arnaquer sans aucun soucis sur internet. La seule exigence serait d&rsquo;offrir \u00e0 cette divinit\u00e9 du sang humain. Ainsi, les cybercriminels d\u00e9tenteurs de cette divinit\u00e9 d\u00e9moniaque devraient lui offrir au moins une fois par an du sang humain. D\u00e8s que la p\u00e9riode de l&rsquo;offrande \u00e0 la divinit\u00e9 arrive, on note la disparition d&rsquo;enfants ou d&rsquo;adultes. Le sang de ces victimes serait offert \u00e0 cette divinit\u00e9 qui, en retour, permettrait \u00e0 ces arnaqueurs de r\u00e9ussir leurs forfaits sur internet et donc de s&rsquo;enrichir. L\u2019identification des cibles se fait dans les quartiers de ville et dans les villages. La cible privil\u00e9gi\u00e9e des cybercriminels serait les enfants qui sont des \u00eatres sans d\u00e9fense, faciles \u00e0 enlever, m\u00eame si quelquefois des adultes sont aussi victimes du ph\u00e9nom\u00e8ne. <\/span><\/p>\n<p>&nbsp;<\/p>\n<p>&nbsp;<\/p>\n<h3><b>La sacralit\u00e9 de la vie \u00a0remise en question<\/b><\/h3>\n<p><span style=\"font-weight: 400;\">Les personnes enlev\u00e9es finissent presque toujours leur vie, leurs corps vid\u00e9s de leur sang et avec un ou plusieurs organes mutil\u00e9s. Ces images sont insoutenables. (Djogbenou, 2017). La sacralit\u00e9 de la vie humaine et celle des enfants perd de sa valeur et la soci\u00e9t\u00e9 assiste, impuissante, \u00e0 un ph\u00e9nom\u00e8ne aux contours incertains et insaisissables.<\/span><\/p>\n<p>&nbsp;<\/p>\n<h3><b>L\u2019urgence d\u2019une r\u00e9action<\/b><\/h3>\n<p><span style=\"font-weight: 400;\">Le nombre et la barbarie des images v\u00e9hicul\u00e9es sur les r\u00e9seaux sociaux et les m\u00e9dias renforcent la peur au sein des familles et de la communaut\u00e9. Chacun se demande qui sera le prochain. La menace est collective, la r\u00e9action devrait aussi l\u2019\u00eatre.<\/span><\/p>\n<p><span style=\"font-weight: 400;\">Face \u00e0 cette situation, les autorit\u00e9s appellent \u00e0 la vigilance des familles et \u00e0 la d\u00e9nonciation des individus suspects dans les quartiers. Toute l\u2019approche s\u00e9curitaire du pays est \u00e9galement en cours de remodelage avec le concept de \u00ab\u00a0Police de proximit\u00e9\u00a0\u00bb en cours d\u2019exp\u00e9rimentation et qui vise \u00e0 faire de chaque citoyen une sentinelle pour la veille (Fondation Hanns Seidel B\u00e9nin, 2015). Nul ne sait combien de personnes et d\u2019enfants seront victimes demain, c\u2019est maintenant qu\u2019il faut agir, le temps presse.<\/span><\/p>\n<p>&nbsp;<\/p>\n<p><b>Bibliographie<\/b><\/p>\n<p><span style=\"font-weight: 400;\">P\u00e9tition pour la \u00a0mobilisation contre la disparition d\u2019enfants au-b\u00e9nin<\/span><\/p>\n<p><span style=\"font-weight: 400;\">Cybercriminalit\u00e9 : tandem jeunes et dignitaires de culte vodoun pour des crimes de sang<\/span><\/p>\n<p><a href=\"http:\/\/www2.hss.de\/westafrika\/fr\/benin\/sujets\/le-benin-sengage-pour-une-police-de-proximite.html\">HANNS Seidel Fondation (2015),Le Benin s\u2019engage pour une police de proximit\u00e9. Consult\u00e9 sur Fondation hanns Seidel B\u00e9nin<\/a><\/p>\n<p>\u00c9crit par Patrice Affo<\/p>\n<p>Relu par Pauline Martinez<\/p>\n","protected":false},"excerpt":{"rendered":"<p>Introduction La protection des enfants et la r\u00e9alisation de leurs droits constituent des d\u00e9fis majeurs pour les Etats africains. Aux ph\u00e9nom\u00e8nes r\u00e9currents\u00a0: mariage des enfants, excision&#8230;, s\u2019est ajout\u00e9 la disparition des enfants qui prend de l\u2019ampleur dans un pays comme le B\u00e9nin. Comment le probl\u00e8me se pr\u00e9sente et quelles en sont ses causes\u00a0? &nbsp; Disparition [&hellip;]<\/p>\n","protected":false},"author":69,"featured_media":41263,"comment_status":"closed","ping_status":"closed","sticky":false,"template":"","format":"standard","meta":{"footnotes":""},"categories":[1],"tags":[],"class_list":["post-41262","post","type-post","status-publish","format-standard","has-post-thumbnail","hentry","category-uncategorized"],"yoast_head":"<!-- This site is optimized with the Yoast SEO plugin v28.3 - https:\/\/yoast.com\/product\/yoast-seo-wordpress\/ -->\n<title>Disparition des enfants au B\u00e9nin - Humanium<\/title>\n<meta name=\"robots\" content=\"index, follow, max-snippet:-1, max-image-preview:large, max-video-preview:-1\" \/>\n<link rel=\"canonical\" href=\"https:\/\/www.humanium.org\/fr\/disparition-denfant-au-benin\/\" \/>\n<meta property=\"og:locale\" content=\"fr_FR\" \/>\n<meta property=\"og:type\" content=\"article\" \/>\n<meta property=\"og:title\" content=\"Disparition des enfants au B\u00e9nin - Humanium\" \/>\n<meta property=\"og:description\" content=\"Introduction La protection des enfants et la r\u00e9alisation de leurs droits constituent des d\u00e9fis majeurs pour les Etats africains. Aux ph\u00e9nom\u00e8nes r\u00e9currents\u00a0: mariage des enfants, excision&#8230;, s\u2019est ajout\u00e9 la disparition des enfants qui prend de l\u2019ampleur dans un pays comme le B\u00e9nin. Comment le probl\u00e8me se pr\u00e9sente et quelles en sont ses causes\u00a0? &nbsp; Disparition [&hellip;]\" \/>\n<meta property=\"og:url\" content=\"https:\/\/www.humanium.org\/fr\/disparition-denfant-au-benin\/\" \/>\n<meta property=\"og:site_name\" content=\"Humanium\" \/>\n<meta property=\"article:published_time\" content=\"2017-09-05T00:00:03+00:00\" \/>\n<meta property=\"article:modified_time\" content=\"2026-08-20T18:18:30+00:00\" \/>\n<meta property=\"og:image\" content=\"https:\/\/www.humanium.org\/fr\/wp-content\/uploads\/2017\/09\/shutterstock_592446479-1024x682.jpg\" \/>\n\t<meta property=\"og:image:width\" content=\"1024\" \/>\n\t<meta property=\"og:image:height\" content=\"682\" \/>\n\t<meta property=\"og:image:type\" content=\"image\/jpeg\" \/>\n<meta name=\"author\" content=\"Humanium\" \/>\n<meta name=\"twitter:card\" content=\"summary_large_image\" \/>\n<meta name=\"twitter:label1\" content=\"\u00c9crit par\" \/>\n\t<meta name=\"twitter:data1\" content=\"Humanium\" \/>\n\t<meta name=\"twitter:label2\" content=\"Dur\u00e9e de lecture estim\u00e9e\" \/>\n\t<meta name=\"twitter:data2\" content=\"4 minutes\" \/>\n<script type=\"application\/ld+json\" class=\"yoast-schema-graph\">{\"@context\":\"https:\\\/\\\/schema.org\",\"@graph\":[{\"@type\":\"Article\",\"@id\":\"https:\\\/\\\/www.humanium.org\\\/fr\\\/disparition-denfant-au-benin\\\/#article\",\"isPartOf\":{\"@id\":\"https:\\\/\\\/www.humanium.org\\\/fr\\\/disparition-denfant-au-benin\\\/\"},\"author\":{\"name\":\"Humanium\",\"@id\":\"https:\\\/\\\/www.humanium.org\\\/fr\\\/#\\\/schema\\\/person\\\/d798d6c7d59ba2307e0877f61a20ce3e\"},\"headline\":\"Disparition des enfants au B\u00e9nin\",\"datePublished\":\"2017-09-05T00:00:03+00:00\",\"dateModified\":\"2026-08-20T18:18:30+00:00\",\"mainEntityOfPage\":{\"@id\":\"https:\\\/\\\/www.humanium.org\\\/fr\\\/disparition-denfant-au-benin\\\/\"},\"wordCount\":760,\"image\":{\"@id\":\"https:\\\/\\\/www.humanium.org\\\/fr\\\/disparition-denfant-au-benin\\\/#primaryimage\"},\"thumbnailUrl\":\"https:\\\/\\\/www.humanium.org\\\/fr\\\/wp-content\\\/uploads\\\/2017\\\/09\\\/shutterstock_592446479.jpg\",\"articleSection\":[\"Uncategorized\"],\"inLanguage\":\"fr-FR\"},{\"@type\":\"WebPage\",\"@id\":\"https:\\\/\\\/www.humanium.org\\\/fr\\\/disparition-denfant-au-benin\\\/\",\"url\":\"https:\\\/\\\/www.humanium.org\\\/fr\\\/disparition-denfant-au-benin\\\/\",\"name\":\"Disparition des enfants au B\u00e9nin - Humanium\",\"isPartOf\":{\"@id\":\"https:\\\/\\\/www.humanium.org\\\/fr\\\/#website\"},\"primaryImageOfPage\":{\"@id\":\"https:\\\/\\\/www.humanium.org\\\/fr\\\/disparition-denfant-au-benin\\\/#primaryimage\"},\"image\":{\"@id\":\"https:\\\/\\\/www.humanium.org\\\/fr\\\/disparition-denfant-au-benin\\\/#primaryimage\"},\"thumbnailUrl\":\"https:\\\/\\\/www.humanium.org\\\/fr\\\/wp-content\\\/uploads\\\/2017\\\/09\\\/shutterstock_592446479.jpg\",\"datePublished\":\"2017-09-05T00:00:03+00:00\",\"dateModified\":\"2026-08-20T18:18:30+00:00\",\"author\":{\"@id\":\"https:\\\/\\\/www.humanium.org\\\/fr\\\/#\\\/schema\\\/person\\\/d798d6c7d59ba2307e0877f61a20ce3e\"},\"breadcrumb\":{\"@id\":\"https:\\\/\\\/www.humanium.org\\\/fr\\\/disparition-denfant-au-benin\\\/#breadcrumb\"},\"inLanguage\":\"fr-FR\",\"potentialAction\":[{\"@type\":\"ReadAction\",\"target\":[\"https:\\\/\\\/www.humanium.org\\\/fr\\\/disparition-denfant-au-benin\\\/\"]}]},{\"@type\":\"ImageObject\",\"inLanguage\":\"fr-FR\",\"@id\":\"https:\\\/\\\/www.humanium.org\\\/fr\\\/disparition-denfant-au-benin\\\/#primaryimage\",\"url\":\"https:\\\/\\\/www.humanium.org\\\/fr\\\/wp-content\\\/uploads\\\/2017\\\/09\\\/shutterstock_592446479.jpg\",\"contentUrl\":\"https:\\\/\\\/www.humanium.org\\\/fr\\\/wp-content\\\/uploads\\\/2017\\\/09\\\/shutterstock_592446479.jpg\",\"width\":4928,\"height\":3280},{\"@type\":\"BreadcrumbList\",\"@id\":\"https:\\\/\\\/www.humanium.org\\\/fr\\\/disparition-denfant-au-benin\\\/#breadcrumb\",\"itemListElement\":[{\"@type\":\"ListItem\",\"position\":1,\"name\":\"Home\",\"item\":\"https:\\\/\\\/www.humanium.org\\\/fr\\\/\"},{\"@type\":\"ListItem\",\"position\":2,\"name\":\"Disparition des enfants au B\u00e9nin\"}]},{\"@type\":\"WebSite\",\"@id\":\"https:\\\/\\\/www.humanium.org\\\/fr\\\/#website\",\"url\":\"https:\\\/\\\/www.humanium.org\\\/fr\\\/\",\"name\":\"Humanium\",\"description\":\"Les enfants d\u2019abord !\",\"potentialAction\":[{\"@type\":\"SearchAction\",\"target\":{\"@type\":\"EntryPoint\",\"urlTemplate\":\"https:\\\/\\\/www.humanium.org\\\/fr\\\/?s={search_term_string}\"},\"query-input\":{\"@type\":\"PropertyValueSpecification\",\"valueRequired\":true,\"valueName\":\"search_term_string\"}}],\"inLanguage\":\"fr-FR\"},{\"@type\":\"Person\",\"@id\":\"https:\\\/\\\/www.humanium.org\\\/fr\\\/#\\\/schema\\\/person\\\/d798d6c7d59ba2307e0877f61a20ce3e\",\"name\":\"Humanium\",\"image\":{\"@type\":\"ImageObject\",\"inLanguage\":\"fr-FR\",\"@id\":\"https:\\\/\\\/secure.gravatar.com\\\/avatar\\\/22715e338d2fcc547e3a431c4738360d33fea2a4af458f865b2c3b22f1eaa51f?s=96&d=mm&r=g\",\"url\":\"https:\\\/\\\/secure.gravatar.com\\\/avatar\\\/22715e338d2fcc547e3a431c4738360d33fea2a4af458f865b2c3b22f1eaa51f?s=96&d=mm&r=g\",\"contentUrl\":\"https:\\\/\\\/secure.gravatar.com\\\/avatar\\\/22715e338d2fcc547e3a431c4738360d33fea2a4af458f865b2c3b22f1eaa51f?s=96&d=mm&r=g\",\"caption\":\"Humanium\"},\"url\":\"https:\\\/\\\/www.humanium.org\\\/fr\\\/author\\\/humanium\\\/\"}]}<\/script>\n<!-- \/ Yoast SEO plugin. -->","yoast_head_json":{"title":"Disparition des enfants au B\u00e9nin - Humanium","robots":{"index":"index","follow":"follow","max-snippet":"max-snippet:-1","max-image-preview":"max-image-preview:large","max-video-preview":"max-video-preview:-1"},"canonical":"https:\/\/www.humanium.org\/fr\/disparition-denfant-au-benin\/","og_locale":"fr_FR","og_type":"article","og_title":"Disparition des enfants au B\u00e9nin - Humanium","og_description":"Introduction La protection des enfants et la r\u00e9alisation de leurs droits constituent des d\u00e9fis majeurs pour les Etats africains. Aux ph\u00e9nom\u00e8nes r\u00e9currents\u00a0: mariage des enfants, excision&#8230;, s\u2019est ajout\u00e9 la disparition des enfants qui prend de l\u2019ampleur dans un pays comme le B\u00e9nin. Comment le probl\u00e8me se pr\u00e9sente et quelles en sont ses causes\u00a0? &nbsp; Disparition [&hellip;]","og_url":"https:\/\/www.humanium.org\/fr\/disparition-denfant-au-benin\/","og_site_name":"Humanium","article_published_time":"2017-09-05T00:00:03+00:00","article_modified_time":"2026-08-20T18:18:30+00:00","og_image":[{"width":1024,"height":682,"url":"https:\/\/www.humanium.org\/fr\/wp-content\/uploads\/2017\/09\/shutterstock_592446479-1024x682.jpg","type":"image\/jpeg"}],"author":"Humanium","twitter_card":"summary_large_image","twitter_misc":{"\u00c9crit par":"Humanium","Dur\u00e9e de lecture estim\u00e9e":"4 minutes"},"schema":{"@context":"https:\/\/schema.org","@graph":[{"@type":"Article","@id":"https:\/\/www.humanium.org\/fr\/disparition-denfant-au-benin\/#article","isPartOf":{"@id":"https:\/\/www.humanium.org\/fr\/disparition-denfant-au-benin\/"},"author":{"name":"Humanium","@id":"https:\/\/www.humanium.org\/fr\/#\/schema\/person\/d798d6c7d59ba2307e0877f61a20ce3e"},"headline":"Disparition des enfants au B\u00e9nin","datePublished":"2017-09-05T00:00:03+00:00","dateModified":"2026-08-20T18:18:30+00:00","mainEntityOfPage":{"@id":"https:\/\/www.humanium.org\/fr\/disparition-denfant-au-benin\/"},"wordCount":760,"image":{"@id":"https:\/\/www.humanium.org\/fr\/disparition-denfant-au-benin\/#primaryimage"},"thumbnailUrl":"https:\/\/www.humanium.org\/fr\/wp-content\/uploads\/2017\/09\/shutterstock_592446479.jpg","articleSection":["Uncategorized"],"inLanguage":"fr-FR"},{"@type":"WebPage","@id":"https:\/\/www.humanium.org\/fr\/disparition-denfant-au-benin\/","url":"https:\/\/www.humanium.org\/fr\/disparition-denfant-au-benin\/","name":"Disparition des enfants au B\u00e9nin - Humanium","isPartOf":{"@id":"https:\/\/www.humanium.org\/fr\/#website"},"primaryImageOfPage":{"@id":"https:\/\/www.humanium.org\/fr\/disparition-denfant-au-benin\/#primaryimage"},"image":{"@id":"https:\/\/www.humanium.org\/fr\/disparition-denfant-au-benin\/#primaryimage"},"thumbnailUrl":"https:\/\/www.humanium.org\/fr\/wp-content\/uploads\/2017\/09\/shutterstock_592446479.jpg","datePublished":"2017-09-05T00:00:03+00:00","dateModified":"2026-08-20T18:18:30+00:00","author":{"@id":"https:\/\/www.humanium.org\/fr\/#\/schema\/person\/d798d6c7d59ba2307e0877f61a20ce3e"},"breadcrumb":{"@id":"https:\/\/www.humanium.org\/fr\/disparition-denfant-au-benin\/#breadcrumb"},"inLanguage":"fr-FR","potentialAction":[{"@type":"ReadAction","target":["https:\/\/www.humanium.org\/fr\/disparition-denfant-au-benin\/"]}]},{"@type":"ImageObject","inLanguage":"fr-FR","@id":"https:\/\/www.humanium.org\/fr\/disparition-denfant-au-benin\/#primaryimage","url":"https:\/\/www.humanium.org\/fr\/wp-content\/uploads\/2017\/09\/shutterstock_592446479.jpg","contentUrl":"https:\/\/www.humanium.org\/fr\/wp-content\/uploads\/2017\/09\/shutterstock_592446479.jpg","width":4928,"height":3280},{"@type":"BreadcrumbList","@id":"https:\/\/www.humanium.org\/fr\/disparition-denfant-au-benin\/#breadcrumb","itemListElement":[{"@type":"ListItem","position":1,"name":"Home","item":"https:\/\/www.humanium.org\/fr\/"},{"@type":"ListItem","position":2,"name":"Disparition des enfants au B\u00e9nin"}]},{"@type":"WebSite","@id":"https:\/\/www.humanium.org\/fr\/#website","url":"https:\/\/www.humanium.org\/fr\/","name":"Humanium","description":"Les enfants d\u2019abord !","potentialAction":[{"@type":"SearchAction","target":{"@type":"EntryPoint","urlTemplate":"https:\/\/www.humanium.org\/fr\/?s={search_term_string}"},"query-input":{"@type":"PropertyValueSpecification","valueRequired":true,"valueName":"search_term_string"}}],"inLanguage":"fr-FR"},{"@type":"Person","@id":"https:\/\/www.humanium.org\/fr\/#\/schema\/person\/d798d6c7d59ba2307e0877f61a20ce3e","name":"Humanium","image":{"@type":"ImageObject","inLanguage":"fr-FR","@id":"https:\/\/secure.gravatar.com\/avatar\/22715e338d2fcc547e3a431c4738360d33fea2a4af458f865b2c3b22f1eaa51f?s=96&d=mm&r=g","url":"https:\/\/secure.gravatar.com\/avatar\/22715e338d2fcc547e3a431c4738360d33fea2a4af458f865b2c3b22f1eaa51f?s=96&d=mm&r=g","contentUrl":"https:\/\/secure.gravatar.com\/avatar\/22715e338d2fcc547e3a431c4738360d33fea2a4af458f865b2c3b22f1eaa51f?s=96&d=mm&r=g","caption":"Humanium"},"url":"https:\/\/www.humanium.org\/fr\/author\/humanium\/"}]}},"_links":{"self":[{"href":"https:\/\/www.humanium.org\/fr\/wp-json\/wp\/v2\/posts\/41262","targetHints":{"allow":["GET"]}}],"collection":[{"href":"https:\/\/www.humanium.org\/fr\/wp-json\/wp\/v2\/posts"}],"about":[{"href":"https:\/\/www.humanium.org\/fr\/wp-json\/wp\/v2\/types\/post"}],"author":[{"embeddable":true,"href":"https:\/\/www.humanium.org\/fr\/wp-json\/wp\/v2\/users\/69"}],"replies":[{"embeddable":true,"href":"https:\/\/www.humanium.org\/fr\/wp-json\/wp\/v2\/comments?post=41262"}],"version-history":[{"count":6,"href":"https:\/\/www.humanium.org\/fr\/wp-json\/wp\/v2\/posts\/41262\/revisions"}],"predecessor-version":[{"id":61291,"href":"https:\/\/www.humanium.org\/fr\/wp-json\/wp\/v2\/posts\/41262\/revisions\/61291"}],"wp:featuredmedia":[{"embeddable":true,"href":"https:\/\/www.humanium.org\/fr\/wp-json\/wp\/v2\/media\/41263"}],"wp:attachment":[{"href":"https:\/\/www.humanium.org\/fr\/wp-json\/wp\/v2\/media?parent=41262"}],"wp:term":[{"taxonomy":"category","embeddable":true,"href":"https:\/\/www.humanium.org\/fr\/wp-json\/wp\/v2\/categories?post=41262"},{"taxonomy":"post_tag","embeddable":true,"href":"https:\/\/www.humanium.org\/fr\/wp-json\/wp\/v2\/tags?post=41262"}],"curies":[{"name":"wp","href":"https:\/\/api.w.org\/{rel}","templated":true}]}}