{"id":41295,"date":"2017-09-19T05:00:40","date_gmt":"2017-09-19T05:00:40","guid":{"rendered":"https:\/\/www.humanium.org\/fr\/?p=41295"},"modified":"2026-08-20T18:18:30","modified_gmt":"2026-08-20T18:18:30","slug":"enfants-rues-a-mexico-probleme-structurel","status":"publish","type":"post","link":"https:\/\/www.humanium.org\/fr\/enfants-rues-a-mexico-probleme-structurel\/","title":{"rendered":"Les enfants des rues \u00e0 Mexico: un probl\u00e8me structurel"},"content":{"rendered":"<p><strong><span style=\"color: #ea7600;\">Le 3 mai 2017, le Fonds des Nations Unies pour l\u2019enfance (UNICEF) a pr\u00e9sent\u00e9 son rapport annuel pour 2016, dans lequel il pr\u00e9cise qu\u2019un tiers de la population mexicaine est compos\u00e9e d\u2019enfants et d\u2019adolescents, dont 21 millions vivent dans la pr\u00e9carit\u00e9 (UNICEF, 2017). Suite \u00e0 la publication de ce rapport, il convient de se pencher sur la situation des enfants des rues dans la ville de Mexico.<\/span><\/strong><\/p>\n<p>&nbsp;<\/p>\n<p>Selon une enqu\u00eate r\u00e9alis\u00e9e en 2000 par l\u2019UNICEF et le Syst\u00e8me pour le d\u00e9veloppement int\u00e9gral de la famille du District f\u00e9d\u00e9ral (INEGI, 2004), 14 322 enfants vivent et travaillent dans les rues de Mexico.<\/p>\n<p>&nbsp;<\/p>\n<h3>La vie dans les rues<\/h3>\n<p>C\u2019est principalement aux croisements des rues et sur les avenues, ainsi que dans les march\u00e9s et les stations de m\u00e9tro de Mexico que l\u2019on peut observer ces enfants. On les trouve plus rarement dans les parcs, les centres commerciaux et les zones touristiques, les gares routi\u00e8res, les terrains vagues et les parkings (Danielle Strickland, 2011).<\/p>\n<p>Les raisons qui les contraignent \u00e0 vivre ou \u00e0 travailler dans les rues sont diverses et vont des flux migratoires \u00e0 la pauvret\u00e9 et \u00e0 la d\u00e9sint\u00e9gration du tissu social, en passant par l\u2019abandon, la maltraitance et la les violences familiales. Dans leur parcours, ils doivent souvent faire face \u00e0 la discrimination, \u00e0 la consommation de drogues, au travail forc\u00e9, \u00e0 la prostitution, au harc\u00e8lement policier et \u00e0 la d\u00e9linquance (Herrera Bautista, 2011).<\/p>\n<p>Les activit\u00e9s et les travaux qu\u2019ils r\u00e9alisent pour survivre sont tr\u00e8s vari\u00e9s. Certains de ces enfants et de ces jeunes s\u2019organisent en \u00ab\u00a0bandes\u00a0\u00bb pour travailler ensemble et partager leurs gains, obtenir de l\u2019argent, de la nourriture, de la drogue et b\u00e9n\u00e9ficier d\u2019une protection, d\u00e9fendre leurs biens et leur territoire, \u00e9chapper aux autorit\u00e9s, r\u00e9affirmer leur identit\u00e9 et nouer des liens personnels avec d\u2019autres membres du groupe (Magazine, 2007).<\/p>\n<p>&nbsp;<\/p>\n<h3>Malgr\u00e9 le travail des institutions et des organisations de la soci\u00e9t\u00e9 civile, le ph\u00e9nom\u00e8ne s\u2019accentue<\/h3>\n<p>\u00c0 Mexico, pr\u00e8s de 40 organisations de la soci\u00e9t\u00e9 civile se consacrent aux enfants des rues (Danielle Strickland, 2011). Malheureusement, leur travail manque de coordination et de continuit\u00e9, et se limite essentiellement \u00e0 de l\u2019assistanat. Loin d\u2019avoir atteint l\u2019objectif de r\u00e9int\u00e9grer les enfants dans leur famille ou dans la soci\u00e9t\u00e9, ces organisations n\u2019ont fait que les enraciner davantage dans les rues, car ces derniers trouvent dans les programmes d\u2019aide un moyen de survie (Magazine, 2007).<\/p>\n<p>L\u2019exp\u00e9rience acquise par les institutions et les organisations d\u00e9montre qu\u2019en d\u00e9pit de leurs efforts, le ph\u00e9nom\u00e8ne gagne de l\u2019ampleur et se complexifie. C\u2019est la raison pour laquelle il est n\u00e9cessaire de capitaliser sur cette exp\u00e9rience et d\u2019\u00e9laborer \/ en \u00e9laborant des politiques publiques v\u00e9ritablement coh\u00e9rentes, afin d\u2019obtenir un meilleur impact et de mieux utiliser les ressources, et de se concentrer \u00e9galement sur la pr\u00e9vention et le d\u00e9veloppement humain global, en s\u2019attaquant au probl\u00e8me structurel (REDIM, 2003).<\/p>\n<p>&nbsp;<\/p>\n<h3>Sept crit\u00e8res minimum pour concevoir des politiques publiques ad\u00e9quates<\/h3>\n<p>Conscient du fait qu\u2019il n\u2019existe pas de solution simple \u00e0 ce probl\u00e8me, le R\u00e9seau pour les droits de l\u2019enfant au Mexique (REDIM, 2003) a identifi\u00e9 sept crit\u00e8res minimum pour les politiques publiques ciblant les enfants des rues : <strong>1)<\/strong> la qualit\u00e9, afin qu\u2019elles soient \u00e9labor\u00e9es par des experts et qu\u2019elles se basent sur des normes internationales;<strong> 2)<\/strong> la pertinence, afin qu\u2019elles tiennent compte des besoins des enfants; <strong>3)<\/strong> l\u2019importance, afin que les plus significatives soient retenues; <strong>4)<\/strong> le budget, elles doivent b\u00e9n\u00e9ficier de ressources publiques suffisantes;<strong> 5)<\/strong> le cadre juridique, pour qu\u2019elles aient un fondement juridique ad\u00e9quat; <strong>6)<\/strong> la transparence, afin de pouvoir \u00e9valuer l\u2019exercice budg\u00e9taire, et<strong> 7)<\/strong> la vision tourn\u00e9e vers l\u2019avenir, leur impact doit se poursuivre au-del\u00e0 de l\u2019administration en place.<\/p>\n<p>La loi g\u00e9n\u00e9rale en faveur des droits des filles, des gar\u00e7ons et des adolescents constitue un bon exemple de ce qui a \u00e9t\u00e9 fait dans le pass\u00e9 puisqu\u2019elle r\u00e9git la politique en faveur de l\u2019enfance au Mexique et qu\u2019elle a institu\u00e9 le \u00ab\u00a0Syst\u00e8me national de protection int\u00e9grale des droits des filles, des gar\u00e7ons et des adolescents\u00a0\u00bb, qui agit de mani\u00e8re transversale entre les trois paliers du gouvernement, cr\u00e9ant des syst\u00e8mes de protection dans les \u00c9tats et les municipalit\u00e9s. Nous pensons qu\u2019en suivant ces crit\u00e8res il sera possible de corriger les erreurs et de capitaliser sur l\u2019exp\u00e9rience acquise au cours du si\u00e8cle pr\u00e9c\u00e9dent. Il est temps de renouveler les engagements afin que les droits des filles et des gar\u00e7ons des rues deviennent une r\u00e9alit\u00e9.<\/p>\n<p>\u00c0 Mexico, l\u2019une des villes les plus peupl\u00e9es au monde, plus de 14 000 enfants vivent et travaillent dans les rues. Les organisations de la soci\u00e9t\u00e9 civile et le gouvernement doivent unir leurs efforts s\u2019ils veulent endiguer ce ph\u00e9nom\u00e8ne qui s\u2019accentue et se complexifie de jour en jour.<\/p>\n<p>&nbsp;<\/p>\n<p><strong><em>\u00c9crit par: Rael Espin Zamudio<\/em><\/strong><br \/>\n<strong><em> Traduit par: St\u00e9phanie Bellumat<\/em><\/strong><br \/>\n<strong><em> Relu par: Esperanza Escalona Reyes<\/em><\/strong><\/p>\n<p>&nbsp;<\/p>\n<p><strong>R\u00e9f\u00e9rences :<\/strong><\/p>\n<p>Danielle Strickland, R. (2011). La calle de los j\u00f3venes en la Ciudad de M\u00e9xico: territorios y redes de las poblaciones callejeras. http:\/\/revistarayuela.ednica.org.mx\/sites\/default\/files\/Art.%20Rebecca%20Danielle%20Strickland.pdf page consult\u00e9e le 8 mai 2017.<\/p>\n<p>Herrera Bautista, E. (2011). Infancia y juventud en situaci\u00f3n de calle. http:\/\/revistarayuela.ednica.org.mx\/sites\/default\/files\/Art.%20Elsa%20Herrera%20Bautista.pdf page consult\u00e9e le 8 mai 2017.<\/p>\n<p>INEGI. (2004). El trabajo infantil en M\u00e9xico 1995-2002. https:\/\/www.unicef.org\/mexico\/spanish\/mx_resources_trabajo_infantil.pdf page consult\u00e9e le 8 mai 2017.<\/p>\n<p>Magazine, R. (2007). Los ni\u00f1os de la calle en la Ciudad de M\u00e9xico: un marco alternativo para su estudio. http:\/\/biblioteca.clacso.edu.ar\/clacso\/gt\/20101011014719\/12-RogMagazine.pdf page consult\u00e9e le 8 mai 2017.<\/p>\n<p>REDIM. (2003). Red por los Derechos de la Infancia en M\u00e9xico. \u00bfSon pertinentes las acciones oficiales dirigidas a ni\u00f1os y ni\u00f1as de la calle?: http:\/\/www.derechosinfancia.org.mx\/Documentos\/matlapa.pdf page consult\u00e9e le 9 mai 2017.<\/p>\n<p>UNICEF. (3 mai 2017). Fondo de las Naciones Unidas para la Infancia en M\u00e9xico. https:\/\/www.unicef.org\/mexico\/spanish\/noticias_36073.html page consult\u00e9e le 7 mai 2017, Centre de presse.<\/p>\n","protected":false},"excerpt":{"rendered":"<p>Le 3 mai 2017, le Fonds des Nations Unies pour l\u2019enfance (UNICEF) a pr\u00e9sent\u00e9 son rapport annuel pour 2016, dans lequel il pr\u00e9cise qu\u2019un tiers de la population mexicaine est compos\u00e9e d\u2019enfants et d\u2019adolescents, dont 21 millions vivent dans la pr\u00e9carit\u00e9 (UNICEF, 2017). Suite \u00e0 la publication de ce rapport, il convient de se pencher [&hellip;]<\/p>\n","protected":false},"author":69,"featured_media":41306,"comment_status":"closed","ping_status":"closed","sticky":false,"template":"","format":"standard","meta":{"footnotes":""},"categories":[1],"tags":[],"class_list":["post-41295","post","type-post","status-publish","format-standard","has-post-thumbnail","hentry","category-uncategorized"],"yoast_head":"<!-- This site is optimized with the Yoast SEO plugin v28.3 - https:\/\/yoast.com\/product\/yoast-seo-wordpress\/ -->\n<title>Les enfants des rues \u00e0 Mexico: un probl\u00e8me structurel - Humanium<\/title>\n<meta name=\"robots\" content=\"index, follow, max-snippet:-1, max-image-preview:large, max-video-preview:-1\" \/>\n<link rel=\"canonical\" href=\"https:\/\/www.humanium.org\/fr\/enfants-rues-a-mexico-probleme-structurel\/\" \/>\n<meta property=\"og:locale\" content=\"fr_FR\" \/>\n<meta property=\"og:type\" content=\"article\" \/>\n<meta property=\"og:title\" content=\"Les enfants des rues \u00e0 Mexico: un probl\u00e8me structurel - Humanium\" \/>\n<meta property=\"og:description\" content=\"Le 3 mai 2017, le Fonds des Nations Unies pour l\u2019enfance (UNICEF) a pr\u00e9sent\u00e9 son rapport annuel pour 2016, dans lequel il pr\u00e9cise qu\u2019un tiers de la population mexicaine est compos\u00e9e d\u2019enfants et d\u2019adolescents, dont 21 millions vivent dans la pr\u00e9carit\u00e9 (UNICEF, 2017). Suite \u00e0 la publication de ce rapport, il convient de se pencher [&hellip;]\" \/>\n<meta property=\"og:url\" content=\"https:\/\/www.humanium.org\/fr\/enfants-rues-a-mexico-probleme-structurel\/\" \/>\n<meta property=\"og:site_name\" content=\"Humanium\" \/>\n<meta property=\"article:published_time\" content=\"2017-09-19T05:00:40+00:00\" \/>\n<meta property=\"article:modified_time\" content=\"2026-08-20T18:18:30+00:00\" \/>\n<meta property=\"og:image\" content=\"https:\/\/www.humanium.org\/fr\/wp-content\/uploads\/2017\/09\/shutterstock_28386280.jpg\" \/>\n\t<meta property=\"og:image:width\" content=\"1000\" \/>\n\t<meta property=\"og:image:height\" content=\"669\" \/>\n\t<meta property=\"og:image:type\" content=\"image\/jpeg\" \/>\n<meta name=\"author\" content=\"Humanium\" \/>\n<meta name=\"twitter:card\" content=\"summary_large_image\" \/>\n<meta name=\"twitter:label1\" content=\"\u00c9crit par\" \/>\n\t<meta name=\"twitter:data1\" content=\"Humanium\" \/>\n\t<meta name=\"twitter:label2\" content=\"Dur\u00e9e de lecture estim\u00e9e\" \/>\n\t<meta name=\"twitter:data2\" content=\"5 minutes\" \/>\n<script type=\"application\/ld+json\" class=\"yoast-schema-graph\">{\"@context\":\"https:\\\/\\\/schema.org\",\"@graph\":[{\"@type\":\"Article\",\"@id\":\"https:\\\/\\\/www.humanium.org\\\/fr\\\/enfants-rues-a-mexico-probleme-structurel\\\/#article\",\"isPartOf\":{\"@id\":\"https:\\\/\\\/www.humanium.org\\\/fr\\\/enfants-rues-a-mexico-probleme-structurel\\\/\"},\"author\":{\"name\":\"Humanium\",\"@id\":\"https:\\\/\\\/www.humanium.org\\\/fr\\\/#\\\/schema\\\/person\\\/d798d6c7d59ba2307e0877f61a20ce3e\"},\"headline\":\"Les enfants des rues \u00e0 Mexico: un probl\u00e8me structurel\",\"datePublished\":\"2017-09-19T05:00:40+00:00\",\"dateModified\":\"2026-08-20T18:18:30+00:00\",\"mainEntityOfPage\":{\"@id\":\"https:\\\/\\\/www.humanium.org\\\/fr\\\/enfants-rues-a-mexico-probleme-structurel\\\/\"},\"wordCount\":1083,\"image\":{\"@id\":\"https:\\\/\\\/www.humanium.org\\\/fr\\\/enfants-rues-a-mexico-probleme-structurel\\\/#primaryimage\"},\"thumbnailUrl\":\"https:\\\/\\\/www.humanium.org\\\/fr\\\/wp-content\\\/uploads\\\/2017\\\/09\\\/shutterstock_28386280.jpg\",\"articleSection\":[\"Uncategorized\"],\"inLanguage\":\"fr-FR\"},{\"@type\":\"WebPage\",\"@id\":\"https:\\\/\\\/www.humanium.org\\\/fr\\\/enfants-rues-a-mexico-probleme-structurel\\\/\",\"url\":\"https:\\\/\\\/www.humanium.org\\\/fr\\\/enfants-rues-a-mexico-probleme-structurel\\\/\",\"name\":\"Les enfants des rues \u00e0 Mexico: un probl\u00e8me structurel - Humanium\",\"isPartOf\":{\"@id\":\"https:\\\/\\\/www.humanium.org\\\/fr\\\/#website\"},\"primaryImageOfPage\":{\"@id\":\"https:\\\/\\\/www.humanium.org\\\/fr\\\/enfants-rues-a-mexico-probleme-structurel\\\/#primaryimage\"},\"image\":{\"@id\":\"https:\\\/\\\/www.humanium.org\\\/fr\\\/enfants-rues-a-mexico-probleme-structurel\\\/#primaryimage\"},\"thumbnailUrl\":\"https:\\\/\\\/www.humanium.org\\\/fr\\\/wp-content\\\/uploads\\\/2017\\\/09\\\/shutterstock_28386280.jpg\",\"datePublished\":\"2017-09-19T05:00:40+00:00\",\"dateModified\":\"2026-08-20T18:18:30+00:00\",\"author\":{\"@id\":\"https:\\\/\\\/www.humanium.org\\\/fr\\\/#\\\/schema\\\/person\\\/d798d6c7d59ba2307e0877f61a20ce3e\"},\"breadcrumb\":{\"@id\":\"https:\\\/\\\/www.humanium.org\\\/fr\\\/enfants-rues-a-mexico-probleme-structurel\\\/#breadcrumb\"},\"inLanguage\":\"fr-FR\",\"potentialAction\":[{\"@type\":\"ReadAction\",\"target\":[\"https:\\\/\\\/www.humanium.org\\\/fr\\\/enfants-rues-a-mexico-probleme-structurel\\\/\"]}]},{\"@type\":\"ImageObject\",\"inLanguage\":\"fr-FR\",\"@id\":\"https:\\\/\\\/www.humanium.org\\\/fr\\\/enfants-rues-a-mexico-probleme-structurel\\\/#primaryimage\",\"url\":\"https:\\\/\\\/www.humanium.org\\\/fr\\\/wp-content\\\/uploads\\\/2017\\\/09\\\/shutterstock_28386280.jpg\",\"contentUrl\":\"https:\\\/\\\/www.humanium.org\\\/fr\\\/wp-content\\\/uploads\\\/2017\\\/09\\\/shutterstock_28386280.jpg\",\"width\":1000,\"height\":669},{\"@type\":\"BreadcrumbList\",\"@id\":\"https:\\\/\\\/www.humanium.org\\\/fr\\\/enfants-rues-a-mexico-probleme-structurel\\\/#breadcrumb\",\"itemListElement\":[{\"@type\":\"ListItem\",\"position\":1,\"name\":\"Home\",\"item\":\"https:\\\/\\\/www.humanium.org\\\/fr\\\/\"},{\"@type\":\"ListItem\",\"position\":2,\"name\":\"Les enfants des rues \u00e0 Mexico: un probl\u00e8me structurel\"}]},{\"@type\":\"WebSite\",\"@id\":\"https:\\\/\\\/www.humanium.org\\\/fr\\\/#website\",\"url\":\"https:\\\/\\\/www.humanium.org\\\/fr\\\/\",\"name\":\"Humanium\",\"description\":\"Les enfants d\u2019abord !\",\"potentialAction\":[{\"@type\":\"SearchAction\",\"target\":{\"@type\":\"EntryPoint\",\"urlTemplate\":\"https:\\\/\\\/www.humanium.org\\\/fr\\\/?s={search_term_string}\"},\"query-input\":{\"@type\":\"PropertyValueSpecification\",\"valueRequired\":true,\"valueName\":\"search_term_string\"}}],\"inLanguage\":\"fr-FR\"},{\"@type\":\"Person\",\"@id\":\"https:\\\/\\\/www.humanium.org\\\/fr\\\/#\\\/schema\\\/person\\\/d798d6c7d59ba2307e0877f61a20ce3e\",\"name\":\"Humanium\",\"image\":{\"@type\":\"ImageObject\",\"inLanguage\":\"fr-FR\",\"@id\":\"https:\\\/\\\/secure.gravatar.com\\\/avatar\\\/22715e338d2fcc547e3a431c4738360d33fea2a4af458f865b2c3b22f1eaa51f?s=96&d=mm&r=g\",\"url\":\"https:\\\/\\\/secure.gravatar.com\\\/avatar\\\/22715e338d2fcc547e3a431c4738360d33fea2a4af458f865b2c3b22f1eaa51f?s=96&d=mm&r=g\",\"contentUrl\":\"https:\\\/\\\/secure.gravatar.com\\\/avatar\\\/22715e338d2fcc547e3a431c4738360d33fea2a4af458f865b2c3b22f1eaa51f?s=96&d=mm&r=g\",\"caption\":\"Humanium\"},\"url\":\"https:\\\/\\\/www.humanium.org\\\/fr\\\/author\\\/humanium\\\/\"}]}<\/script>\n<!-- \/ Yoast SEO plugin. -->","yoast_head_json":{"title":"Les enfants des rues \u00e0 Mexico: un probl\u00e8me structurel - Humanium","robots":{"index":"index","follow":"follow","max-snippet":"max-snippet:-1","max-image-preview":"max-image-preview:large","max-video-preview":"max-video-preview:-1"},"canonical":"https:\/\/www.humanium.org\/fr\/enfants-rues-a-mexico-probleme-structurel\/","og_locale":"fr_FR","og_type":"article","og_title":"Les enfants des rues \u00e0 Mexico: un probl\u00e8me structurel - Humanium","og_description":"Le 3 mai 2017, le Fonds des Nations Unies pour l\u2019enfance (UNICEF) a pr\u00e9sent\u00e9 son rapport annuel pour 2016, dans lequel il pr\u00e9cise qu\u2019un tiers de la population mexicaine est compos\u00e9e d\u2019enfants et d\u2019adolescents, dont 21 millions vivent dans la pr\u00e9carit\u00e9 (UNICEF, 2017). Suite \u00e0 la publication de ce rapport, il convient de se pencher [&hellip;]","og_url":"https:\/\/www.humanium.org\/fr\/enfants-rues-a-mexico-probleme-structurel\/","og_site_name":"Humanium","article_published_time":"2017-09-19T05:00:40+00:00","article_modified_time":"2026-08-20T18:18:30+00:00","og_image":[{"width":1000,"height":669,"url":"https:\/\/www.humanium.org\/fr\/wp-content\/uploads\/2017\/09\/shutterstock_28386280.jpg","type":"image\/jpeg"}],"author":"Humanium","twitter_card":"summary_large_image","twitter_misc":{"\u00c9crit par":"Humanium","Dur\u00e9e de lecture estim\u00e9e":"5 minutes"},"schema":{"@context":"https:\/\/schema.org","@graph":[{"@type":"Article","@id":"https:\/\/www.humanium.org\/fr\/enfants-rues-a-mexico-probleme-structurel\/#article","isPartOf":{"@id":"https:\/\/www.humanium.org\/fr\/enfants-rues-a-mexico-probleme-structurel\/"},"author":{"name":"Humanium","@id":"https:\/\/www.humanium.org\/fr\/#\/schema\/person\/d798d6c7d59ba2307e0877f61a20ce3e"},"headline":"Les enfants des rues \u00e0 Mexico: un probl\u00e8me structurel","datePublished":"2017-09-19T05:00:40+00:00","dateModified":"2026-08-20T18:18:30+00:00","mainEntityOfPage":{"@id":"https:\/\/www.humanium.org\/fr\/enfants-rues-a-mexico-probleme-structurel\/"},"wordCount":1083,"image":{"@id":"https:\/\/www.humanium.org\/fr\/enfants-rues-a-mexico-probleme-structurel\/#primaryimage"},"thumbnailUrl":"https:\/\/www.humanium.org\/fr\/wp-content\/uploads\/2017\/09\/shutterstock_28386280.jpg","articleSection":["Uncategorized"],"inLanguage":"fr-FR"},{"@type":"WebPage","@id":"https:\/\/www.humanium.org\/fr\/enfants-rues-a-mexico-probleme-structurel\/","url":"https:\/\/www.humanium.org\/fr\/enfants-rues-a-mexico-probleme-structurel\/","name":"Les enfants des rues \u00e0 Mexico: un probl\u00e8me structurel - Humanium","isPartOf":{"@id":"https:\/\/www.humanium.org\/fr\/#website"},"primaryImageOfPage":{"@id":"https:\/\/www.humanium.org\/fr\/enfants-rues-a-mexico-probleme-structurel\/#primaryimage"},"image":{"@id":"https:\/\/www.humanium.org\/fr\/enfants-rues-a-mexico-probleme-structurel\/#primaryimage"},"thumbnailUrl":"https:\/\/www.humanium.org\/fr\/wp-content\/uploads\/2017\/09\/shutterstock_28386280.jpg","datePublished":"2017-09-19T05:00:40+00:00","dateModified":"2026-08-20T18:18:30+00:00","author":{"@id":"https:\/\/www.humanium.org\/fr\/#\/schema\/person\/d798d6c7d59ba2307e0877f61a20ce3e"},"breadcrumb":{"@id":"https:\/\/www.humanium.org\/fr\/enfants-rues-a-mexico-probleme-structurel\/#breadcrumb"},"inLanguage":"fr-FR","potentialAction":[{"@type":"ReadAction","target":["https:\/\/www.humanium.org\/fr\/enfants-rues-a-mexico-probleme-structurel\/"]}]},{"@type":"ImageObject","inLanguage":"fr-FR","@id":"https:\/\/www.humanium.org\/fr\/enfants-rues-a-mexico-probleme-structurel\/#primaryimage","url":"https:\/\/www.humanium.org\/fr\/wp-content\/uploads\/2017\/09\/shutterstock_28386280.jpg","contentUrl":"https:\/\/www.humanium.org\/fr\/wp-content\/uploads\/2017\/09\/shutterstock_28386280.jpg","width":1000,"height":669},{"@type":"BreadcrumbList","@id":"https:\/\/www.humanium.org\/fr\/enfants-rues-a-mexico-probleme-structurel\/#breadcrumb","itemListElement":[{"@type":"ListItem","position":1,"name":"Home","item":"https:\/\/www.humanium.org\/fr\/"},{"@type":"ListItem","position":2,"name":"Les enfants des rues \u00e0 Mexico: un probl\u00e8me structurel"}]},{"@type":"WebSite","@id":"https:\/\/www.humanium.org\/fr\/#website","url":"https:\/\/www.humanium.org\/fr\/","name":"Humanium","description":"Les enfants d\u2019abord !","potentialAction":[{"@type":"SearchAction","target":{"@type":"EntryPoint","urlTemplate":"https:\/\/www.humanium.org\/fr\/?s={search_term_string}"},"query-input":{"@type":"PropertyValueSpecification","valueRequired":true,"valueName":"search_term_string"}}],"inLanguage":"fr-FR"},{"@type":"Person","@id":"https:\/\/www.humanium.org\/fr\/#\/schema\/person\/d798d6c7d59ba2307e0877f61a20ce3e","name":"Humanium","image":{"@type":"ImageObject","inLanguage":"fr-FR","@id":"https:\/\/secure.gravatar.com\/avatar\/22715e338d2fcc547e3a431c4738360d33fea2a4af458f865b2c3b22f1eaa51f?s=96&d=mm&r=g","url":"https:\/\/secure.gravatar.com\/avatar\/22715e338d2fcc547e3a431c4738360d33fea2a4af458f865b2c3b22f1eaa51f?s=96&d=mm&r=g","contentUrl":"https:\/\/secure.gravatar.com\/avatar\/22715e338d2fcc547e3a431c4738360d33fea2a4af458f865b2c3b22f1eaa51f?s=96&d=mm&r=g","caption":"Humanium"},"url":"https:\/\/www.humanium.org\/fr\/author\/humanium\/"}]}},"_links":{"self":[{"href":"https:\/\/www.humanium.org\/fr\/wp-json\/wp\/v2\/posts\/41295","targetHints":{"allow":["GET"]}}],"collection":[{"href":"https:\/\/www.humanium.org\/fr\/wp-json\/wp\/v2\/posts"}],"about":[{"href":"https:\/\/www.humanium.org\/fr\/wp-json\/wp\/v2\/types\/post"}],"author":[{"embeddable":true,"href":"https:\/\/www.humanium.org\/fr\/wp-json\/wp\/v2\/users\/69"}],"replies":[{"embeddable":true,"href":"https:\/\/www.humanium.org\/fr\/wp-json\/wp\/v2\/comments?post=41295"}],"version-history":[{"count":2,"href":"https:\/\/www.humanium.org\/fr\/wp-json\/wp\/v2\/posts\/41295\/revisions"}],"predecessor-version":[{"id":41324,"href":"https:\/\/www.humanium.org\/fr\/wp-json\/wp\/v2\/posts\/41295\/revisions\/41324"}],"wp:featuredmedia":[{"embeddable":true,"href":"https:\/\/www.humanium.org\/fr\/wp-json\/wp\/v2\/media\/41306"}],"wp:attachment":[{"href":"https:\/\/www.humanium.org\/fr\/wp-json\/wp\/v2\/media?parent=41295"}],"wp:term":[{"taxonomy":"category","embeddable":true,"href":"https:\/\/www.humanium.org\/fr\/wp-json\/wp\/v2\/categories?post=41295"},{"taxonomy":"post_tag","embeddable":true,"href":"https:\/\/www.humanium.org\/fr\/wp-json\/wp\/v2\/tags?post=41295"}],"curies":[{"name":"wp","href":"https:\/\/api.w.org\/{rel}","templated":true}]}}