{"id":41326,"date":"2017-09-26T05:00:37","date_gmt":"2017-09-26T05:00:37","guid":{"rendered":"https:\/\/www.humanium.org\/fr\/?p=41326"},"modified":"2026-08-20T18:18:30","modified_gmt":"2026-08-20T18:18:30","slug":"travail-enfants-a-t-vraiment-disparu-ouzbekistan","status":"publish","type":"post","link":"https:\/\/www.humanium.org\/fr\/travail-enfants-a-t-vraiment-disparu-ouzbekistan\/","title":{"rendered":"Le travail des enfants a-t-il vraiment disparu en Ouzb\u00e9kistan?"},"content":{"rendered":"<p><strong><span style=\"color: #ea7600;\">M\u00eame si la Loi en Ouzb\u00e9kistan interdit le travail forc\u00e9 et le travail des enfants, il semble que le travail forc\u00e9 des enfants dans les champs de coton contr\u00f4l\u00e9s par l\u2019Etat a \u00e9t\u00e9 observ\u00e9 dans au moins cinq lieux depuis 2015.<\/span><\/strong><\/p>\n<p>&nbsp;<\/p>\n<h3>Un syst\u00e8me de travail violent dans l\u2019industrie nationale du coton<\/h3>\n<p>L\u2019Ouzb\u00e9kistan est l\u2019un des plus grands producteurs de coton au monde, mais le rendement annuel de cette industrie s\u2019appuie encore aujourd\u2019hui sur un recrutement forc\u00e9 des travailleurs. Il est organis\u00e9 par les autorit\u00e9s locales et nationales, obligeant environ 3 millions de personnes appartenant au secteur public, b\u00e9n\u00e9ficiant d\u00e9j\u00e0 d\u2019avantages sociaux, ou \u00e9tant \u00e9tudiants (sans condition d\u2019\u00e2ge), \u00e0 travailler.<\/p>\n<p>Jusqu\u2019en 2012, les enfants d\u2019Ouzb\u00e9kistan \u00e9taient les cibles faciles r\u00e9currentes des politiques nationales de recrutement dans l\u2019industrie du coton.<\/p>\n<p>La pression internationale a oblig\u00e9 le gouvernement \u00e0 r\u00e9duire le recrutement des enfants dans les \u00e9coles, et \u00e0 s\u2019adapter en ciblant des cat\u00e9gories de personnes qui sont davantage d\u00e9pendantes des services et des ressources du gouvernement.<\/p>\n<p>&nbsp;<\/p>\n<h3>Le travail des enfants a \u00e9t\u00e9 r\u00e9duit mais pas compl\u00e8tement aboli<\/h3>\n<p>La d\u00e9claration du gouvernement s\u2019engageant \u00e0 supprimer toute forme d\u2019exploitation \u00e9conomique des enfants est en accord avec les normes internationales, mais ces actions sont grandement minimis\u00e9es par les retomb\u00e9es \u00e9conomiques sur le pays. Leur p\u00e9rennit\u00e9 partielle pourrait se solder par le r\u00e9tablissement total de ces pratiques si la pression internationale ne se renforce pas dans les ann\u00e9es \u00e0 venir.<\/p>\n<p>Par exemple, l\u2019Ouzb\u00e9kistan a contractuellement inclus la r\u00e9colte de coton \u00e0 sa liste officielle des m\u00e9tiers dangereux et nocifs pour les moins de 18 ans.<\/p>\n<p>L\u2019Ouzb\u00e9kistan s\u2019engage \u00e9galement \u00e0 fixer l\u2019\u00e2ge minimum l\u00e9gal de travail \u00e0 15 ans, et pr\u00e9cise que la pr\u00e9sence des enfants de plus de 13 ans est autoris\u00e9e pour le travail de jour, sous r\u00e9serve que ce travail ne soit pas d\u00e9l\u00e9t\u00e8re pour leur sant\u00e9 ou n\u2019entrave pas leur \u00e9ducation.<\/p>\n<p>N\u00e9anmoins, l\u2019application de ces clauses ne semble pas totale et certaines autorit\u00e9s ouzb\u00e8ques sont impliqu\u00e9es de fa\u00e7on inacceptable dans des actions n\u00e9fastes et contraires au respect des droits de l\u2019enfant. Dans certaines parties du pays, cela se traduit par le ralentissement d\u00e9lib\u00e9r\u00e9 du processus de leur affranchissement de l\u2019exploitation \u00e9conomique, et l\u2019emp\u00eachement de leur acc\u00e8s \u00e0 une \u00e9ducation ad\u00e9quate.<\/p>\n<p>&nbsp;<\/p>\n<h3>Le droit \u00e0 une \u00e9ducation continue est essentiel pour le d\u00e9veloppement de l\u2019enfant<\/h3>\n<p>A priori, dans au moins cinq r\u00e9gions d\u2019Ouzb\u00e9kistan depuis 2015, l\u2019industrie nationale du coton a \u00e9branl\u00e9 le droit des enfants en les obligeant \u00e0 quitter l\u2019\u00e9cole durant les saisons d\u2019automne et printemps. Il a \u00e9t\u00e9 confirm\u00e9 que dans au moins deux r\u00e9gions, des enfants de 10 ans seulement \u00e9taient envoy\u00e9s dans les champs de coton pour travailler pendant plus d\u2019un mois.<\/p>\n<p>Il existe des arguments selon lesquels la croissance \u00e9conomique d\u00e9pend des richesses produites par cette industrie. Elle fournirait de substantielles ressources pour le d\u00e9veloppement et la qu\u00eate du respect du droit des enfants. Cependant, l\u2019id\u00e9e de l\u2019interdiction formelle du travail des enfants pourrait repr\u00e9senter une piste vers la cr\u00e9ation d\u2019un environnement favorable au d\u00e9veloppement du potentiel de chaque enfant.<\/p>\n<p>Les enfants ouzb\u00e8kes ne doivent pas \u00eatre l\u2019objet de mesures faisant passer les int\u00e9r\u00eats d\u2019un pays contr\u00f4l\u00e9 par son industrie avant ceux des enfants, et ce d\u00e8s leur plus jeune \u00e2ge. Ils devraient avoir acc\u00e8s \u00e0 l\u2019enseignement afin de pouvoir construire leur avenir gr\u00e2ce \u00e0 leur potentiel personnel et devraient pouvoir profiter d\u2019une vie sociale et familiale sans entraves.<\/p>\n<p>&nbsp;<\/p>\n<h3>Dans certaines r\u00e9gions, la r\u00e9colte du coton est davantage valoris\u00e9e que la pr\u00e9sence en classe<\/h3>\n<p>A cause du recrutement forc\u00e9, des \u00e9coles sont victimes de fermetures et de p\u00e9nuries d\u2019enseignants sur environ un tiers de l\u2019ann\u00e9e scolaire. Ceci est encourag\u00e9 par la falsification du taux d\u2019absent\u00e9isme dans les \u00e9coles, afin de minimiser l\u2019impact du travail forc\u00e9 sur le personnel et les \u00e9l\u00e8ves.<\/p>\n<p>Le travail forc\u00e9 des enfants en Ouzb\u00e9kistan n\u2019est assur\u00e9ment pas obligatoire ni inscrit dans les textes de lois. Puisque les responsables dans les \u00e9coles (avec le soutien des autorit\u00e9s locales) jouent souvent un r\u00f4le crucial dans le recrutement des \u00e9l\u00e8ves, ils ne sont manifestement pas en position de refuser des offres de travail et ne sont tout simplement pas conscients qu\u2019une telle pratique est intol\u00e9rable.<\/p>\n<p>Des indices montrent que des fonctionnaires locaux ont un r\u00f4le actif dans la dissimulation de certaines pratiques. Des enfants \u00e2g\u00e9s de 6 \u00e0 14 ans se retrouvent face \u00e0 des personnes les encourageant \u00e0 travailler dans les champs de coton pendant souvent plus d\u2019un mois, ce qui est inqui\u00e9tant.<\/p>\n<p>Alors que les menaces, intimidations et dissimulations sont des caract\u00e9ristiques de ces pratiques locales, le simple fait d\u2019informer les associations des droits de l\u2019Homme de l\u2019existence du travail des enfants repr\u00e9sente actuellement une menace pour les exploitations.<\/p>\n<p>Le droit \u00e0 l\u2019\u00e9ducation et l\u2019enfance libre sont les conditions \u00e0 l\u2019\u00e9panouissement du potentiel de l\u2019enfant, et beaucoup d\u2019enfants en Ouzb\u00e9kistan ne b\u00e9n\u00e9ficient malheureusement d\u2019aucun de ces droits.<\/p>\n<p>M\u00eame les enfants qui n\u2019ont jamais \u00e9t\u00e9 recrut\u00e9s et transf\u00e9r\u00e9s dans un champ de coton pour travailler dans des conditions difficiles sont confront\u00e9s au recrutement forc\u00e9, ce qui affecte leurs enseignants et camarades de classe. Il en d\u00e9coule une dislocation rapide du syst\u00e8me scolaire et chaque ann\u00e9e il devient de plus en plus difficile pour les jeunes Ouzb\u00e8kes d\u2019outrepasser ou de remettre en question un syst\u00e8me qui cautionne le travail forc\u00e9 en le consid\u00e9rant comme un atout pour le d\u00e9veloppement de leur pays.<\/p>\n<p>&nbsp;<\/p>\n<p><em>Ecrit par : Goran Batinica<\/em><br \/>\n<em> Relu par : Faiz Kermani<\/em><br \/>\n<em> Traduit par : Marion Brasseur<\/em><br \/>\n<em> Relu par : Pauline Martinez<\/em><\/p>\n<p>&nbsp;<\/p>\n<p><strong>References :<\/strong><\/p>\n<p>Human Rights Watch (June 2017), \u2018We Can\u2019t Refuse to Pick Cotton\u2019 : Forced and Child Labor Linked to World Bank Group Investments in Uzbekistan. Retrieved from: https:\/\/www.hrw.org\/sites\/default\/files\/report_pdf\/uzbekistan0617_web_3.pdf<\/p>\n<p>Financial Times (June 27, 2017), World Bank accused over child labour in Uzbekistan. Retrieved from : https:\/\/www.ft.com\/content\/215070fc-5b4b-11e7-9bc8-8055f264aa8b<\/p>\n<p>The Uzbek-German Forum for Human Rights (n.d). Child Labour in Uzbekistan. Retrieved from: http:\/\/uzbekgermanforum.org\/child-labour-in-uzbekistan\/<\/p>\n","protected":false},"excerpt":{"rendered":"<p>M\u00eame si la Loi en Ouzb\u00e9kistan interdit le travail forc\u00e9 et le travail des enfants, il semble que le travail forc\u00e9 des enfants dans les champs de coton contr\u00f4l\u00e9s par l\u2019Etat a \u00e9t\u00e9 observ\u00e9 dans au moins cinq lieux depuis 2015. &nbsp; Un syst\u00e8me de travail violent dans l\u2019industrie nationale du coton L\u2019Ouzb\u00e9kistan est l\u2019un [&hellip;]<\/p>\n","protected":false},"author":69,"featured_media":41327,"comment_status":"closed","ping_status":"closed","sticky":false,"template":"","format":"standard","meta":{"footnotes":""},"categories":[1],"tags":[],"class_list":["post-41326","post","type-post","status-publish","format-standard","has-post-thumbnail","hentry","category-uncategorized"],"yoast_head":"<!-- This site is optimized with the Yoast SEO plugin v28.3 - https:\/\/yoast.com\/product\/yoast-seo-wordpress\/ -->\n<title>Le travail des enfants a-t-il vraiment disparu en Ouzb\u00e9kistan? - Humanium<\/title>\n<meta name=\"robots\" content=\"index, follow, max-snippet:-1, max-image-preview:large, max-video-preview:-1\" \/>\n<link rel=\"canonical\" href=\"https:\/\/www.humanium.org\/fr\/travail-enfants-a-t-vraiment-disparu-ouzbekistan\/\" \/>\n<meta property=\"og:locale\" content=\"fr_FR\" \/>\n<meta property=\"og:type\" content=\"article\" \/>\n<meta property=\"og:title\" content=\"Le travail des enfants a-t-il vraiment disparu en Ouzb\u00e9kistan? - Humanium\" \/>\n<meta property=\"og:description\" content=\"M\u00eame si la Loi en Ouzb\u00e9kistan interdit le travail forc\u00e9 et le travail des enfants, il semble que le travail forc\u00e9 des enfants dans les champs de coton contr\u00f4l\u00e9s par l\u2019Etat a \u00e9t\u00e9 observ\u00e9 dans au moins cinq lieux depuis 2015. &nbsp; Un syst\u00e8me de travail violent dans l\u2019industrie nationale du coton L\u2019Ouzb\u00e9kistan est l\u2019un [&hellip;]\" \/>\n<meta property=\"og:url\" content=\"https:\/\/www.humanium.org\/fr\/travail-enfants-a-t-vraiment-disparu-ouzbekistan\/\" \/>\n<meta property=\"og:site_name\" content=\"Humanium\" \/>\n<meta property=\"article:published_time\" content=\"2017-09-26T05:00:37+00:00\" \/>\n<meta property=\"article:modified_time\" content=\"2026-08-20T18:18:30+00:00\" \/>\n<meta property=\"og:image\" content=\"https:\/\/www.humanium.org\/fr\/wp-content\/uploads\/2017\/09\/shutterstock_374802664.jpg\" \/>\n\t<meta property=\"og:image:width\" content=\"1000\" \/>\n\t<meta property=\"og:image:height\" content=\"750\" \/>\n\t<meta property=\"og:image:type\" content=\"image\/jpeg\" \/>\n<meta name=\"author\" content=\"Humanium\" \/>\n<meta name=\"twitter:card\" content=\"summary_large_image\" \/>\n<meta name=\"twitter:label1\" content=\"\u00c9crit par\" \/>\n\t<meta name=\"twitter:data1\" content=\"Humanium\" \/>\n\t<meta name=\"twitter:label2\" content=\"Dur\u00e9e de lecture estim\u00e9e\" \/>\n\t<meta name=\"twitter:data2\" content=\"6 minutes\" \/>\n<script type=\"application\/ld+json\" class=\"yoast-schema-graph\">{\"@context\":\"https:\\\/\\\/schema.org\",\"@graph\":[{\"@type\":\"Article\",\"@id\":\"https:\\\/\\\/www.humanium.org\\\/fr\\\/travail-enfants-a-t-vraiment-disparu-ouzbekistan\\\/#article\",\"isPartOf\":{\"@id\":\"https:\\\/\\\/www.humanium.org\\\/fr\\\/travail-enfants-a-t-vraiment-disparu-ouzbekistan\\\/\"},\"author\":{\"name\":\"Humanium\",\"@id\":\"https:\\\/\\\/www.humanium.org\\\/fr\\\/#\\\/schema\\\/person\\\/d798d6c7d59ba2307e0877f61a20ce3e\"},\"headline\":\"Le travail des enfants a-t-il vraiment disparu en Ouzb\u00e9kistan?\",\"datePublished\":\"2017-09-26T05:00:37+00:00\",\"dateModified\":\"2026-08-20T18:18:30+00:00\",\"mainEntityOfPage\":{\"@id\":\"https:\\\/\\\/www.humanium.org\\\/fr\\\/travail-enfants-a-t-vraiment-disparu-ouzbekistan\\\/\"},\"wordCount\":1124,\"image\":{\"@id\":\"https:\\\/\\\/www.humanium.org\\\/fr\\\/travail-enfants-a-t-vraiment-disparu-ouzbekistan\\\/#primaryimage\"},\"thumbnailUrl\":\"https:\\\/\\\/www.humanium.org\\\/fr\\\/wp-content\\\/uploads\\\/2017\\\/09\\\/shutterstock_374802664.jpg\",\"articleSection\":[\"Uncategorized\"],\"inLanguage\":\"fr-FR\"},{\"@type\":\"WebPage\",\"@id\":\"https:\\\/\\\/www.humanium.org\\\/fr\\\/travail-enfants-a-t-vraiment-disparu-ouzbekistan\\\/\",\"url\":\"https:\\\/\\\/www.humanium.org\\\/fr\\\/travail-enfants-a-t-vraiment-disparu-ouzbekistan\\\/\",\"name\":\"Le travail des enfants a-t-il vraiment disparu en Ouzb\u00e9kistan? - Humanium\",\"isPartOf\":{\"@id\":\"https:\\\/\\\/www.humanium.org\\\/fr\\\/#website\"},\"primaryImageOfPage\":{\"@id\":\"https:\\\/\\\/www.humanium.org\\\/fr\\\/travail-enfants-a-t-vraiment-disparu-ouzbekistan\\\/#primaryimage\"},\"image\":{\"@id\":\"https:\\\/\\\/www.humanium.org\\\/fr\\\/travail-enfants-a-t-vraiment-disparu-ouzbekistan\\\/#primaryimage\"},\"thumbnailUrl\":\"https:\\\/\\\/www.humanium.org\\\/fr\\\/wp-content\\\/uploads\\\/2017\\\/09\\\/shutterstock_374802664.jpg\",\"datePublished\":\"2017-09-26T05:00:37+00:00\",\"dateModified\":\"2026-08-20T18:18:30+00:00\",\"author\":{\"@id\":\"https:\\\/\\\/www.humanium.org\\\/fr\\\/#\\\/schema\\\/person\\\/d798d6c7d59ba2307e0877f61a20ce3e\"},\"breadcrumb\":{\"@id\":\"https:\\\/\\\/www.humanium.org\\\/fr\\\/travail-enfants-a-t-vraiment-disparu-ouzbekistan\\\/#breadcrumb\"},\"inLanguage\":\"fr-FR\",\"potentialAction\":[{\"@type\":\"ReadAction\",\"target\":[\"https:\\\/\\\/www.humanium.org\\\/fr\\\/travail-enfants-a-t-vraiment-disparu-ouzbekistan\\\/\"]}]},{\"@type\":\"ImageObject\",\"inLanguage\":\"fr-FR\",\"@id\":\"https:\\\/\\\/www.humanium.org\\\/fr\\\/travail-enfants-a-t-vraiment-disparu-ouzbekistan\\\/#primaryimage\",\"url\":\"https:\\\/\\\/www.humanium.org\\\/fr\\\/wp-content\\\/uploads\\\/2017\\\/09\\\/shutterstock_374802664.jpg\",\"contentUrl\":\"https:\\\/\\\/www.humanium.org\\\/fr\\\/wp-content\\\/uploads\\\/2017\\\/09\\\/shutterstock_374802664.jpg\",\"width\":1000,\"height\":750},{\"@type\":\"BreadcrumbList\",\"@id\":\"https:\\\/\\\/www.humanium.org\\\/fr\\\/travail-enfants-a-t-vraiment-disparu-ouzbekistan\\\/#breadcrumb\",\"itemListElement\":[{\"@type\":\"ListItem\",\"position\":1,\"name\":\"Home\",\"item\":\"https:\\\/\\\/www.humanium.org\\\/fr\\\/\"},{\"@type\":\"ListItem\",\"position\":2,\"name\":\"Le travail des enfants a-t-il vraiment disparu en Ouzb\u00e9kistan?\"}]},{\"@type\":\"WebSite\",\"@id\":\"https:\\\/\\\/www.humanium.org\\\/fr\\\/#website\",\"url\":\"https:\\\/\\\/www.humanium.org\\\/fr\\\/\",\"name\":\"Humanium\",\"description\":\"Les enfants d\u2019abord !\",\"potentialAction\":[{\"@type\":\"SearchAction\",\"target\":{\"@type\":\"EntryPoint\",\"urlTemplate\":\"https:\\\/\\\/www.humanium.org\\\/fr\\\/?s={search_term_string}\"},\"query-input\":{\"@type\":\"PropertyValueSpecification\",\"valueRequired\":true,\"valueName\":\"search_term_string\"}}],\"inLanguage\":\"fr-FR\"},{\"@type\":\"Person\",\"@id\":\"https:\\\/\\\/www.humanium.org\\\/fr\\\/#\\\/schema\\\/person\\\/d798d6c7d59ba2307e0877f61a20ce3e\",\"name\":\"Humanium\",\"image\":{\"@type\":\"ImageObject\",\"inLanguage\":\"fr-FR\",\"@id\":\"https:\\\/\\\/secure.gravatar.com\\\/avatar\\\/22715e338d2fcc547e3a431c4738360d33fea2a4af458f865b2c3b22f1eaa51f?s=96&d=mm&r=g\",\"url\":\"https:\\\/\\\/secure.gravatar.com\\\/avatar\\\/22715e338d2fcc547e3a431c4738360d33fea2a4af458f865b2c3b22f1eaa51f?s=96&d=mm&r=g\",\"contentUrl\":\"https:\\\/\\\/secure.gravatar.com\\\/avatar\\\/22715e338d2fcc547e3a431c4738360d33fea2a4af458f865b2c3b22f1eaa51f?s=96&d=mm&r=g\",\"caption\":\"Humanium\"},\"url\":\"https:\\\/\\\/www.humanium.org\\\/fr\\\/author\\\/humanium\\\/\"}]}<\/script>\n<!-- \/ Yoast SEO plugin. -->","yoast_head_json":{"title":"Le travail des enfants a-t-il vraiment disparu en Ouzb\u00e9kistan? - Humanium","robots":{"index":"index","follow":"follow","max-snippet":"max-snippet:-1","max-image-preview":"max-image-preview:large","max-video-preview":"max-video-preview:-1"},"canonical":"https:\/\/www.humanium.org\/fr\/travail-enfants-a-t-vraiment-disparu-ouzbekistan\/","og_locale":"fr_FR","og_type":"article","og_title":"Le travail des enfants a-t-il vraiment disparu en Ouzb\u00e9kistan? - Humanium","og_description":"M\u00eame si la Loi en Ouzb\u00e9kistan interdit le travail forc\u00e9 et le travail des enfants, il semble que le travail forc\u00e9 des enfants dans les champs de coton contr\u00f4l\u00e9s par l\u2019Etat a \u00e9t\u00e9 observ\u00e9 dans au moins cinq lieux depuis 2015. &nbsp; Un syst\u00e8me de travail violent dans l\u2019industrie nationale du coton L\u2019Ouzb\u00e9kistan est l\u2019un [&hellip;]","og_url":"https:\/\/www.humanium.org\/fr\/travail-enfants-a-t-vraiment-disparu-ouzbekistan\/","og_site_name":"Humanium","article_published_time":"2017-09-26T05:00:37+00:00","article_modified_time":"2026-08-20T18:18:30+00:00","og_image":[{"width":1000,"height":750,"url":"https:\/\/www.humanium.org\/fr\/wp-content\/uploads\/2017\/09\/shutterstock_374802664.jpg","type":"image\/jpeg"}],"author":"Humanium","twitter_card":"summary_large_image","twitter_misc":{"\u00c9crit par":"Humanium","Dur\u00e9e de lecture estim\u00e9e":"6 minutes"},"schema":{"@context":"https:\/\/schema.org","@graph":[{"@type":"Article","@id":"https:\/\/www.humanium.org\/fr\/travail-enfants-a-t-vraiment-disparu-ouzbekistan\/#article","isPartOf":{"@id":"https:\/\/www.humanium.org\/fr\/travail-enfants-a-t-vraiment-disparu-ouzbekistan\/"},"author":{"name":"Humanium","@id":"https:\/\/www.humanium.org\/fr\/#\/schema\/person\/d798d6c7d59ba2307e0877f61a20ce3e"},"headline":"Le travail des enfants a-t-il vraiment disparu en Ouzb\u00e9kistan?","datePublished":"2017-09-26T05:00:37+00:00","dateModified":"2026-08-20T18:18:30+00:00","mainEntityOfPage":{"@id":"https:\/\/www.humanium.org\/fr\/travail-enfants-a-t-vraiment-disparu-ouzbekistan\/"},"wordCount":1124,"image":{"@id":"https:\/\/www.humanium.org\/fr\/travail-enfants-a-t-vraiment-disparu-ouzbekistan\/#primaryimage"},"thumbnailUrl":"https:\/\/www.humanium.org\/fr\/wp-content\/uploads\/2017\/09\/shutterstock_374802664.jpg","articleSection":["Uncategorized"],"inLanguage":"fr-FR"},{"@type":"WebPage","@id":"https:\/\/www.humanium.org\/fr\/travail-enfants-a-t-vraiment-disparu-ouzbekistan\/","url":"https:\/\/www.humanium.org\/fr\/travail-enfants-a-t-vraiment-disparu-ouzbekistan\/","name":"Le travail des enfants a-t-il vraiment disparu en Ouzb\u00e9kistan? - Humanium","isPartOf":{"@id":"https:\/\/www.humanium.org\/fr\/#website"},"primaryImageOfPage":{"@id":"https:\/\/www.humanium.org\/fr\/travail-enfants-a-t-vraiment-disparu-ouzbekistan\/#primaryimage"},"image":{"@id":"https:\/\/www.humanium.org\/fr\/travail-enfants-a-t-vraiment-disparu-ouzbekistan\/#primaryimage"},"thumbnailUrl":"https:\/\/www.humanium.org\/fr\/wp-content\/uploads\/2017\/09\/shutterstock_374802664.jpg","datePublished":"2017-09-26T05:00:37+00:00","dateModified":"2026-08-20T18:18:30+00:00","author":{"@id":"https:\/\/www.humanium.org\/fr\/#\/schema\/person\/d798d6c7d59ba2307e0877f61a20ce3e"},"breadcrumb":{"@id":"https:\/\/www.humanium.org\/fr\/travail-enfants-a-t-vraiment-disparu-ouzbekistan\/#breadcrumb"},"inLanguage":"fr-FR","potentialAction":[{"@type":"ReadAction","target":["https:\/\/www.humanium.org\/fr\/travail-enfants-a-t-vraiment-disparu-ouzbekistan\/"]}]},{"@type":"ImageObject","inLanguage":"fr-FR","@id":"https:\/\/www.humanium.org\/fr\/travail-enfants-a-t-vraiment-disparu-ouzbekistan\/#primaryimage","url":"https:\/\/www.humanium.org\/fr\/wp-content\/uploads\/2017\/09\/shutterstock_374802664.jpg","contentUrl":"https:\/\/www.humanium.org\/fr\/wp-content\/uploads\/2017\/09\/shutterstock_374802664.jpg","width":1000,"height":750},{"@type":"BreadcrumbList","@id":"https:\/\/www.humanium.org\/fr\/travail-enfants-a-t-vraiment-disparu-ouzbekistan\/#breadcrumb","itemListElement":[{"@type":"ListItem","position":1,"name":"Home","item":"https:\/\/www.humanium.org\/fr\/"},{"@type":"ListItem","position":2,"name":"Le travail des enfants a-t-il vraiment disparu en Ouzb\u00e9kistan?"}]},{"@type":"WebSite","@id":"https:\/\/www.humanium.org\/fr\/#website","url":"https:\/\/www.humanium.org\/fr\/","name":"Humanium","description":"Les enfants d\u2019abord !","potentialAction":[{"@type":"SearchAction","target":{"@type":"EntryPoint","urlTemplate":"https:\/\/www.humanium.org\/fr\/?s={search_term_string}"},"query-input":{"@type":"PropertyValueSpecification","valueRequired":true,"valueName":"search_term_string"}}],"inLanguage":"fr-FR"},{"@type":"Person","@id":"https:\/\/www.humanium.org\/fr\/#\/schema\/person\/d798d6c7d59ba2307e0877f61a20ce3e","name":"Humanium","image":{"@type":"ImageObject","inLanguage":"fr-FR","@id":"https:\/\/secure.gravatar.com\/avatar\/22715e338d2fcc547e3a431c4738360d33fea2a4af458f865b2c3b22f1eaa51f?s=96&d=mm&r=g","url":"https:\/\/secure.gravatar.com\/avatar\/22715e338d2fcc547e3a431c4738360d33fea2a4af458f865b2c3b22f1eaa51f?s=96&d=mm&r=g","contentUrl":"https:\/\/secure.gravatar.com\/avatar\/22715e338d2fcc547e3a431c4738360d33fea2a4af458f865b2c3b22f1eaa51f?s=96&d=mm&r=g","caption":"Humanium"},"url":"https:\/\/www.humanium.org\/fr\/author\/humanium\/"}]}},"_links":{"self":[{"href":"https:\/\/www.humanium.org\/fr\/wp-json\/wp\/v2\/posts\/41326","targetHints":{"allow":["GET"]}}],"collection":[{"href":"https:\/\/www.humanium.org\/fr\/wp-json\/wp\/v2\/posts"}],"about":[{"href":"https:\/\/www.humanium.org\/fr\/wp-json\/wp\/v2\/types\/post"}],"author":[{"embeddable":true,"href":"https:\/\/www.humanium.org\/fr\/wp-json\/wp\/v2\/users\/69"}],"replies":[{"embeddable":true,"href":"https:\/\/www.humanium.org\/fr\/wp-json\/wp\/v2\/comments?post=41326"}],"version-history":[{"count":1,"href":"https:\/\/www.humanium.org\/fr\/wp-json\/wp\/v2\/posts\/41326\/revisions"}],"predecessor-version":[{"id":41328,"href":"https:\/\/www.humanium.org\/fr\/wp-json\/wp\/v2\/posts\/41326\/revisions\/41328"}],"wp:featuredmedia":[{"embeddable":true,"href":"https:\/\/www.humanium.org\/fr\/wp-json\/wp\/v2\/media\/41327"}],"wp:attachment":[{"href":"https:\/\/www.humanium.org\/fr\/wp-json\/wp\/v2\/media?parent=41326"}],"wp:term":[{"taxonomy":"category","embeddable":true,"href":"https:\/\/www.humanium.org\/fr\/wp-json\/wp\/v2\/categories?post=41326"},{"taxonomy":"post_tag","embeddable":true,"href":"https:\/\/www.humanium.org\/fr\/wp-json\/wp\/v2\/tags?post=41326"}],"curies":[{"name":"wp","href":"https:\/\/api.w.org\/{rel}","templated":true}]}}