{"id":43276,"date":"2018-08-01T00:01:07","date_gmt":"2018-08-01T00:01:07","guid":{"rendered":"https:\/\/www.humanium.org\/fr\/?p=43276"},"modified":"2026-08-20T18:18:20","modified_gmt":"2026-08-20T18:18:20","slug":"les-enfants-de-la-ghouta","status":"publish","type":"post","link":"https:\/\/www.humanium.org\/fr\/les-enfants-de-la-ghouta\/","title":{"rendered":"Les enfants de la Ghouta"},"content":{"rendered":"<p><strong>Massacre, bombardement, bataille\u2026 ce sont les mots qui d\u00e9filent lorsque l\u2019on tape Ghouta Orientale sur un moteur de recherche. Entre 2013 et 2018 cette zone rurale syrienne situ\u00e9e \u00e0 l\u2019est de Damas a \u00e9t\u00e9 assi\u00e9g\u00e9e par le r\u00e9gime de Bachar El Assad. Proclam\u00e9e \u00a0\u201czone de d\u00e9sescalade\u201d en mai 2017, 367 000 civils, dont la moiti\u00e9 sont mineurs, vivaient dans l\u2019enclave rebelle assi\u00e9g\u00e9e et isol\u00e9e durant des mois (UOSSM, octobre 2017). Le quotidien britannique The Guardian du 21 F\u00e9vrier 2018, parlait d\u2019un des plus grands massacres du 21e si\u00e8cles, l\u00e0 o\u00f9 chaque jour, aux portes de Damas, des civils mouraient, succombant aux frappes a\u00e9riennes ou \u00e0 la malnutrition. Le 21 mai 2018, la Ghouta Orientale est repass\u00e9e sous le contr\u00f4le \u00a0effectif du r\u00e9gime syrien mettant fin au blocus et \u00e0 6 ans de combat. Humanium revient sur la situation des enfants dans la Ghouta Orientale.<\/strong><\/p>\n<p>&nbsp;<\/p>\n<h2>Une escalade de violence qui n\u2019a pas \u00e9pargn\u00e9 les enfants<\/h2>\n<p><span style=\"font-weight: 400;\">Principal fief de la r\u00e9bellion dans la r\u00e9gion de Damas, la Ghouta a rapidement \u00e9t\u00e9 prise en \u00e9tau entre le r\u00e9gime de Bachar El Assad et les diff\u00e9rentes factions de l\u2019opposition. Tout commence le 21 Ao\u00fbt 2013, une attaque chimique au gaz sarin employ\u00e9 par l\u2019arm\u00e9e fait 1429 morts dont 426 enfants (<\/span><span style=\"font-weight: 400;\">Le Figaro, avril 2017<\/span><span style=\"font-weight: 400;\">). Ensuite assi\u00e9g\u00e9e par les troupes arm\u00e9es, le quotidien des civiles est rythm\u00e9 par les combats que se livrent les diff\u00e9rentes milices religieuses et les violations de la tr\u00eave par le r\u00e9gime. Le 31 octobre 2017 six \u00e9coliers ont trouv\u00e9 la mort dans la ville de Jisrine o\u00f9 un tir d\u2019obus lanc\u00e9 par le r\u00e9gime a touch\u00e9 l\u2019entr\u00e9e d\u2019une \u00e9cole alors que les enfants quittaient les lieux (<\/span><span style=\"font-weight: 400;\">RTBF, octobre 2017<\/span><span style=\"font-weight: 400;\">). Le m\u00eame jour des tirs d\u2019artilleries ont fait une dizaine de morts dont 5 enfants (<\/span><span style=\"font-weight: 400;\">Le Figaro, octobre 2017<\/span><span style=\"font-weight: 400;\">). Assi\u00e9g\u00e9e durant 4 ans par l\u2019arm\u00e9e, la r\u00e9gion, livr\u00e9e \u00e0 elle-m\u00eame, s\u2019est retrouv\u00e9e priv\u00e9e de toutes aides ext\u00e9rieures ce qui rappelle la situation qu\u2019a connu Alep en d\u00e9cembre 2016. Le 22 F\u00e9vrier 2018<\/span><span style=\"font-weight: 400;\">, c<\/span><span style=\"font-weight: 400;\">inq jours de frappes a\u00e9riennes et de tirs d&rsquo;artillerie intenses ont tu\u00e9 403 civils, dont 95 enfants indique l&rsquo;Observatoire syrien de<\/span><span style=\"font-weight: 400;\">s droits de l&rsquo;Homme (OSDH).\u00a0<\/span><span style=\"font-weight: 400;\">C\u2019est sur les r\u00e9seaux sociaux que les syriens trouvent le moyen de sortir de l\u2019isolement pour livrer leurs t\u00e9moignages.\u00a0<\/span><\/p>\n<p><img loading=\"lazy\" decoding=\"async\" class=\"alignright wp-image-43274\" src=\"https:\/\/www.humanium.org\/fr\/wp-content\/uploads\/2018\/07\/Les-enfants-de-la-Ghouta-2.png\" alt=\"\" width=\"456\" height=\"358\" srcset=\"https:\/\/www.humanium.org\/fr\/wp-content\/uploads\/2018\/07\/Les-enfants-de-la-Ghouta-2.png 932w, https:\/\/www.humanium.org\/fr\/wp-content\/uploads\/2018\/07\/Les-enfants-de-la-Ghouta-2-300x236.png 300w, https:\/\/www.humanium.org\/fr\/wp-content\/uploads\/2018\/07\/Les-enfants-de-la-Ghouta-2-768x603.png 768w, https:\/\/www.humanium.org\/fr\/wp-content\/uploads\/2018\/07\/Les-enfants-de-la-Ghouta-2-830x652.png 830w, https:\/\/www.humanium.org\/fr\/wp-content\/uploads\/2018\/07\/Les-enfants-de-la-Ghouta-2-230x181.png 230w, https:\/\/www.humanium.org\/fr\/wp-content\/uploads\/2018\/07\/Les-enfants-de-la-Ghouta-2-350x275.png 350w, https:\/\/www.humanium.org\/fr\/wp-content\/uploads\/2018\/07\/Les-enfants-de-la-Ghouta-2-480x377.png 480w\" sizes=\"auto, (max-width: 456px) 100vw, 456px\" \/><\/p>\n<p><span style=\"font-weight: 400;\">C\u2019est le cas de Muhammad Nayem, un adolescent de 15 ans \u00e0 peine qui \u00e0 travers son compte twitter <\/span><b>@<\/b><span style=\"font-weight: 400;\">muhammadnajem20<\/span> <span style=\"font-weight: 400;\">est devenu le symbole du martyr syrien. Devant un amoncellement de gravats le 15 janvier 2018 il nous questionne dans un anglais phon\u00e9tique: \u00ab\u00a0<\/span>Quel est ce monde qui peut envoyer des machines aux martiens et ne rien faire pour arr\u00eater les massacres ? \u00ab\u00a0.<\/p>\n<p><span style=\"font-weight: 400;\">Sur Facebook c\u2019est le docteur Housam Adnan qui d\u00e9nonce des attaques syst\u00e9matiques du r\u00e9gime sur les h\u00f4pitaux. Des bombardements qui violent les Conventions de Gen\u00e8ve, mondialement ratifi\u00e9es, stipulant l\u2019immunit\u00e9 des h\u00f4pitaux et du personnel m\u00e9dical en zone de conflit. Mais au milieu des morts et des bless\u00e9s d\u2019autres photos interpellent sur le profil Facebook du docteur : celles de jeunes enfants \u00e9maci\u00e9s et d\u00e9charn\u00e9s. \u00a0Des mois durant le r\u00e9gime bloque l\u2019acc\u00e8s aux aides humanitaires de premi\u00e8res n\u00e9cessit\u00e9s laissant la population face \u00e0 un grave danger de malnutrition dont les enfants en bas-\u00e2ges sont les premi\u00e8res victimes.<\/span><\/p>\n<p>&nbsp;<\/p>\n<h2>La famine sous les bombes<\/h2>\n<p><span style=\"font-weight: 400;\">Du blocus de la Ghouta reste l\u2019image de la petite Sahar Dofdaa, un nourrisson squelettique qui succombera quelques jour plus tard de malnutrition. La faim tenaillant la r\u00e9gion, coup\u00e9e du monde, aucune ONG ne pouvait se rendre dans la Ghouta et les denr\u00e9es de premi\u00e8res n\u00e9cessit\u00e9s \u00e9taient envoy\u00e9es au compte gouttes. Les m\u00e8res souffrant d\u2019an\u00e9mie ne pouvaient allaiter ce qui impacte directement les jeunes enfants. <\/span><span style=\"font-weight: 400;\">(RFI, Octobre 2017<\/span><span style=\"font-weight: 400;\">) D\u2019apr\u00e8s Tamara Kummer, porte parole de l\u2019Unicef Moyen-Orient, entre juillet et septembre 2017 plus de 1200 enfants souffraient de malnutrition aigu\u00ebs dont un quart de malnutrition s\u00e9v\u00e8re. Priv\u00e9s de moyens, en manque de m\u00e9dicaments et de personnels, les dispositifs m\u00e9dicaux peinent \u00e0 contrer le ph\u00e9nom\u00e8ne. Depuis 2013 la situation m\u00e9dicale ne cesse de se d\u00e9grader, 40 centres de sant\u00e9 et h\u00f4pitaux ont \u00e9t\u00e9 d\u00e9truits. Pour le Dr. Ana Abou Yassir directeur du bureau m\u00e9dical d\u2019Al-Marj, la situation est catastrophique. La p\u00e9nurie de vaccins menace la sant\u00e9 des plus jeunes et des malades souffrant de maladies chroniques. Des m\u00e9decins syriens ont d\u00e9j\u00e0 tir\u00e9 la sonnette d\u2019alarmes en 2015 \u00e9voquant un d\u00e9sastre m\u00e9dicale o\u00f9 les populations bless\u00e9es ne peuvent \u00eatre soign\u00e9es comme il le faut et o\u00f9 des maladies ont refait surface comme la polio, la tuberculose, la gale ou la typho\u00efde. (<\/span><span style=\"font-weight: 400;\">Tribune de Gen\u00e8ve, janvier 2015<\/span><span style=\"font-weight: 400;\">). <\/span><\/p>\n<p>&nbsp;<\/p>\n<h2>\u201cDieu, la Syrie, la Libert\u00e9 et c\u2019est tout\u201d &#8211; Un regard vers l\u2019avenir<\/h2>\n<p><img loading=\"lazy\" decoding=\"async\" class=\"alignleft wp-image-43273\" src=\"https:\/\/www.humanium.org\/fr\/wp-content\/uploads\/2018\/07\/Les-enfants-de-la-Ghouta-3.png\" alt=\"\" width=\"456\" height=\"374\" srcset=\"https:\/\/www.humanium.org\/fr\/wp-content\/uploads\/2018\/07\/Les-enfants-de-la-Ghouta-3.png 927w, https:\/\/www.humanium.org\/fr\/wp-content\/uploads\/2018\/07\/Les-enfants-de-la-Ghouta-3-300x246.png 300w, https:\/\/www.humanium.org\/fr\/wp-content\/uploads\/2018\/07\/Les-enfants-de-la-Ghouta-3-768x630.png 768w, https:\/\/www.humanium.org\/fr\/wp-content\/uploads\/2018\/07\/Les-enfants-de-la-Ghouta-3-830x681.png 830w, https:\/\/www.humanium.org\/fr\/wp-content\/uploads\/2018\/07\/Les-enfants-de-la-Ghouta-3-230x189.png 230w, https:\/\/www.humanium.org\/fr\/wp-content\/uploads\/2018\/07\/Les-enfants-de-la-Ghouta-3-350x287.png 350w, https:\/\/www.humanium.org\/fr\/wp-content\/uploads\/2018\/07\/Les-enfants-de-la-Ghouta-3-480x394.png 480w\" sizes=\"auto, (max-width: 456px) 100vw, 456px\" \/><\/p>\n<p><span style=\"font-weight: 400;\">Si aujourd\u2019hui concernant la question syrienne on ne parle plus que de groupes terroristes et de tactique de guerre il est bon de se souvenir que le soul\u00e8vement des civiles en 2011 \u00e9tait pacifiste et aspirait aux droits et \u00e0 la libert\u00e9. Quand on tape Ghouta orientale sur un moteur de recherche au milieu des batailles et des d\u00e9clarations politiques il y a une page wikip\u00e9dia o\u00f9 l\u2019on apprend que Ghouta en arabe signifie aussi Oasis. \u201cEt pour quelques triomphantes oasis, quels immenses d\u00e9serts \u00e0 traverser\u201d disait Andr\u00e9 Gide. <\/span><\/p>\n<p>&nbsp;<\/p>\n<p>&nbsp;<\/p>\n<p><span style=\"font-weight: 400;\">L\u2019\u00e9quipe d\u2019Humanium s\u2019engage tous les jours corps et \u00e2me pour mettre fin aux violences et maltraitances physiques et psychiques faites aux enfants dans le monde entier. Nous luttons pour faire respecter les droits de chaque enfant dans le monde, en sensibilisant adultes et enfants \u00e0 notre cause, en changeant les mentalit\u00e9s et en travaillant directement sur le terrain.<\/span><\/p>\n<p><span style=\"font-weight: 400;\">Visitez notre site internet <\/span><a href=\"https:\/\/www.humanium.org\/fr\/\" target=\"_blank\" rel=\"noopener\"><span style=\"font-weight: 400;\">https:\/\/www.humanium.org\/fr\/<\/span><\/a><span style=\"font-weight: 400;\"> pour apprendre plus sur les droits de l\u2019enfant et nos projets, pour contacter l\u2019\u00e9quipe d\u2019Humanium et pour vous engager \u00e0 nos c\u00f4t\u00e9s pour am\u00e9liorer la vie de milliers d\u2019enfants dans le mode ! <\/span><\/p>\n<p>&nbsp;<\/p>\n<p><em><span style=\"font-weight: 400;\">\u00c9crit par: \u00a0Florine Tirole<\/span><\/em><\/p>\n<p><em><span style=\"font-weight: 400;\">Relecture par : Anja Finke<\/span><\/em><\/p>\n<p>&nbsp;<\/p>\n<p><b>Sources :<\/b><\/p>\n<p><span style=\"font-weight: 400;\">RFI, 26\/10\/2017, Syrie: les enfants de la Ghouta-orientale victimes de malnutrition, consult\u00e9 le 01\/11\/2017 disponible \u00e0 <\/span><a href=\"http:\/\/www.rfi.fr\/moyen-orient\/20171026-malnutrition-enfants-syrie-ghouta-orientale-unicef-guerre-damas\"><span style=\"font-weight: 400;\">http:\/\/www.rfi.fr\/moyen-orient\/20171026-malnutrition-enfants-syrie-ghouta-orientale-unicef-guerre-damas<\/span><\/a><\/p>\n<p><span style=\"font-weight: 400;\">RFI, 24\/07\/2017, \u00abZones de d\u00e9sescalade en Syrie\u00bb: une tr\u00eave tactique explique Fabrice Balanche, consult\u00e9 le 01\/11\/2017 disponible \u00e0 <\/span><a href=\"http:\/\/www.rfi.fr\/moyen-orient\/20170724-zones-desescalade-syrie-treve-tactique-hayat-tahrir-cham-balanche\"><span style=\"font-weight: 400;\">http:\/\/www.rfi.fr\/moyen-orient\/20170724-zones-desescalade-syrie-treve-tactique-hayat-tahrir-cham-balanche<\/span><\/a><\/p>\n<p><span style=\"font-weight: 400;\">Paris Match, 23\/10\/2017, En Syrie, dans la Ghouta assi\u00e9g\u00e9e, la mort r\u00f4de autour d&rsquo;enfants malnutris, \u00a0consult\u00e9 le 01\/11\/2017 disponible \u00e0 <\/span><\/p>\n<p><a href=\"http:\/\/www.parismatch.com\/Actu\/International\/En-Syrie-dans-la-Ghouta-assiegee-la-mort-rode-autour-d-enfants-malnutris-1376852\"><span style=\"font-weight: 400;\">http:\/\/www.parismatch.com\/Actu\/International\/En-Syrie-dans-la-Ghouta-assiegee-la-mort-rode-autour-d-enfants-malnutris-1376852<\/span><\/a><\/p>\n<p><span style=\"font-weight: 400;\">Le Monde, 25\/10\/2017, Enfants malnutris dans la Ghouta, pr\u00e8s de Damas : \u00ab Nous r\u00e9clamons un acc\u00e8s humanitaire \u00bb, consult\u00e9 le 01\/11\/2017 disponible \u00e0 <\/span><\/p>\n<p><a href=\"http:\/\/www.lemonde.fr\/syrie\/article\/2017\/10\/25\/enfants-malnutris-dans-la-ghouta-pres-de-damas-nous-reclamons-un-acces-humanitaire_5205815_1618247.html\"><span style=\"font-weight: 400;\">http:\/\/www.lemonde.fr\/syrie\/article\/2017\/10\/25\/enfants-malnutris-dans-la-ghouta-pres-de-damas-nous-reclamons-un-acces-humanitaire_5205815_1618247.html<\/span><\/a><\/p>\n<p><span style=\"font-weight: 400;\">UOSSM, 24\/10\/2017, AU C\u0152UR DE L\u2019ENFER \u00c0 GHOUTA : LES ENFANTS, PREMI\u00c8RES VICTIMES DU SI\u00c8GE QUI ISOLE LA VILLE DEPUIS 2013, consult\u00e9 le 01\/11\/2017 disponible \u00e0 <\/span><a href=\"http:\/\/www.uossm.fr\/au_coeur_de_l_enfer_a_ghouta_les_enfants_premieres_victimes_du_siege_qui_isole_la_ville_depuis_2013\"><span style=\"font-weight: 400;\">http:\/\/www.uossm.fr\/au_coeur_de_l_enfer_a_ghouta_les_enfants_premieres_victimes_du_siege_qui_isole_la_ville_depuis_2013<\/span><\/a><\/p>\n<p><span style=\"font-weight: 400;\">Le Figaro, 27\/10\/2017, Syrie : \u00ab\u00a0Ghouta orientale, la situation humanitaire est une \u00ab\u00a0honte\u00a0\u00bb selon le commissaire de l&rsquo;ONU consult\u00e9 le 01\/11\/2017 disponible \u00e0 <\/span><a href=\"http:\/\/www.lefigaro.fr\/flash-actu\/2017\/10\/27\/97001-20171027FILWWW00149-syrie-ghouta-orientale-la-situation-humanitaire-est-une-honte-selon-le-commissaire-de-l-onu.php\"><span style=\"font-weight: 400;\">http:\/\/www.lefigaro.fr\/flash-actu\/2017\/10\/27\/97001-20171027FILWWW00149-syrie-ghouta-orientale-la-situation-humanitaire-est-une-honte-selon-le-commissaire-de-l-onu.php<\/span><\/a><\/p>\n<p><span style=\"font-weight: 400;\">La tribune de Gen\u00e8ve, 07\/01\/2015,La Syrie est en plein \u00abd\u00e9sastre m\u00e9dical\u00bb, consult\u00e9 le 01\/11\/2017 disponible \u00e0 <\/span><a href=\"https:\/\/www.tdg.ch\/monde\/syrie-plein-desastre-medical\/story\/25584106\"><span style=\"font-weight: 400;\">https:\/\/www.tdg.ch\/monde\/syrie-plein-desastre-medical\/story\/25584106<\/span><\/a><\/p>\n<p><span style=\"font-weight: 400;\">Le Figaro, 05\/04\/2017, Attaques chimiques en Syrie : histoire d&rsquo;un massacre de masse consult\u00e9 le 01\/11\/2017 disponible \u00e0 <\/span><a href=\"http:\/\/www.lefigaro.fr\/international\/2017\/04\/05\/01003-20170405ARTFIG00266-attaques-chimiques-en-syrie-histoire-d-un-massacre-de-masse.php\"><span style=\"font-weight: 400;\">http:\/\/www.lefigaro.fr\/international\/2017\/04\/05\/01003-20170405ARTFIG00266-attaques-chimiques-en-syrie-histoire-d-un-massacre-de-masse.php<\/span><\/a><\/p>\n<p><span style=\"font-weight: 400;\">RTBF, 31\/10\/2017, En Syrie, des \u00e9coliers fauch\u00e9s par un tir d&rsquo;obus du r\u00e9gime, consult\u00e9 le 01\/11\/2017 disponible \u00e0 <\/span><a href=\"https:\/\/www.rtbf.be\/info\/monde\/detail_en-syrie-des-ecoliers-fauches-par-un-tir-d-obus-du-regime?id=9751473\"><span style=\"font-weight: 400;\">https:\/\/www.rtbf.be\/info\/monde\/detail_en-syrie-des-ecoliers-fauches-par-un-tir-d-obus-du-regime?id=9751473<\/span><\/a><\/p>\n<p><span style=\"font-weight: 400;\">AFP, 31\/10\/2017, Syrie: un convoi d&rsquo;aide entre dans la Ghouta orientale assi\u00e9g\u00e9e, consult\u00e9 le 01\/11\/2017 disponible \u00e0 <\/span><a href=\"https:\/\/www.youtube.com\/watch?v=nvTmGuo-EI4\"><span style=\"font-weight: 400;\">https:\/\/www.youtube.com\/watch?v=nvTmGuo-EI4<\/span><\/a><\/p>\n<p><span style=\"font-weight: 400;\">Le Figaro, 32\/10\/2017, Tirs d&rsquo;artillerie dans la Ghouta orientale, pr\u00e8s de Damas, \u00a0consult\u00e9 le 01\/11\/2016 disponible \u00e0 <\/span><a href=\"http:\/\/www.lefigaro.fr\/flash-actu\/2017\/10\/31\/97001-20171031FILWWW00218-tirs-d-artillerie-dans-la-ghouta-orientale-pres-de-damas.php\"><span style=\"font-weight: 400;\">http:\/\/www.lefigaro.fr\/flash-actu\/2017\/10\/31\/97001-20171031FILWWW00218-tirs-d-artillerie-dans-la-ghouta-orientale-pres-de-damas.php<\/span><\/a><\/p>\n<p>&nbsp;<\/p>\n<p>Bibliographie :<\/p>\n<p><span style=\"font-weight: 400;\">Samar Yazbek, La cosmopolite, Stock, Paris, 2016, Les portes du N\u00e9ant <\/span><\/p>\n<p><span style=\"font-weight: 400;\">Collectif, La lenteur, 2017, Sur la r\u00e9volution syrienne<\/span><\/p>\n<p><span style=\"font-weight: 400;\">Fran\u00e7ois Burgat, Bruno Paoli, La d\u00e9couverte, Paris, 2013, Pas de printemps pour la Syrie<\/span><\/p>\n","protected":false},"excerpt":{"rendered":"<p>Massacre, bombardement, bataille\u2026 ce sont les mots qui d\u00e9filent lorsque l\u2019on tape Ghouta Orientale sur un moteur de recherche. Entre 2013 et 2018 cette zone rurale syrienne situ\u00e9e \u00e0 l\u2019est de Damas a \u00e9t\u00e9 assi\u00e9g\u00e9e par le r\u00e9gime de Bachar El Assad. Proclam\u00e9e \u00a0\u201czone de d\u00e9sescalade\u201d en mai 2017, 367 000 civils, dont la moiti\u00e9 [&hellip;]<\/p>\n","protected":false},"author":69,"featured_media":43275,"comment_status":"closed","ping_status":"closed","sticky":false,"template":"","format":"standard","meta":{"footnotes":""},"categories":[220,4,9,214],"tags":[],"class_list":["post-43276","post","type-post","status-publish","format-standard","has-post-thumbnail","hentry","category-droits-des-enfants","category-droits-humains","category-paix","category-violence"],"yoast_head":"<!-- This site is optimized with the Yoast SEO plugin v28.3 - https:\/\/yoast.com\/product\/yoast-seo-wordpress\/ -->\n<title>Les enfants de la Ghouta - Humanium<\/title>\n<meta name=\"description\" content=\"Massacre, bombardement, bataille\u2026 ce sont les mots qui d\u00e9filent lorsque l\u2019on tape Ghouta Orientale sur un moteur de recherche. Entre 2013 et 2018 cette zone rurale syrienne situ\u00e9e \u00e0 l\u2019est de Damas a \u00e9t\u00e9 assi\u00e9g\u00e9e par le r\u00e9gime de Bachar El Assad. Humanium revient sur la situation des enfants dans la Ghouta Orientale.\" \/>\n<meta name=\"robots\" content=\"index, follow, max-snippet:-1, max-image-preview:large, max-video-preview:-1\" \/>\n<link rel=\"canonical\" href=\"https:\/\/www.humanium.org\/fr\/les-enfants-de-la-ghouta\/\" \/>\n<meta property=\"og:locale\" content=\"fr_FR\" \/>\n<meta property=\"og:type\" content=\"article\" \/>\n<meta property=\"og:title\" content=\"Les enfants de la Ghouta - Humanium\" \/>\n<meta property=\"og:description\" content=\"Massacre, bombardement, bataille\u2026 ce sont les mots qui d\u00e9filent lorsque l\u2019on tape Ghouta Orientale sur un moteur de recherche. Entre 2013 et 2018 cette zone rurale syrienne situ\u00e9e \u00e0 l\u2019est de Damas a \u00e9t\u00e9 assi\u00e9g\u00e9e par le r\u00e9gime de Bachar El Assad. Humanium revient sur la situation des enfants dans la Ghouta Orientale.\" \/>\n<meta property=\"og:url\" content=\"https:\/\/www.humanium.org\/fr\/les-enfants-de-la-ghouta\/\" \/>\n<meta property=\"og:site_name\" content=\"Humanium\" \/>\n<meta property=\"article:published_time\" content=\"2018-08-01T00:01:07+00:00\" \/>\n<meta property=\"article:modified_time\" content=\"2026-08-20T18:18:20+00:00\" \/>\n<meta property=\"og:image\" content=\"https:\/\/www.humanium.org\/fr\/wp-content\/uploads\/2018\/07\/Les-enfants-de-la-Ghouta.png\" \/>\n\t<meta property=\"og:image:width\" content=\"1018\" \/>\n\t<meta property=\"og:image:height\" content=\"678\" \/>\n\t<meta property=\"og:image:type\" content=\"image\/png\" \/>\n<meta name=\"author\" content=\"Humanium\" \/>\n<meta name=\"twitter:card\" content=\"summary_large_image\" \/>\n<meta name=\"twitter:label1\" content=\"\u00c9crit par\" \/>\n\t<meta name=\"twitter:data1\" content=\"Humanium\" \/>\n\t<meta name=\"twitter:label2\" content=\"Dur\u00e9e de lecture estim\u00e9e\" \/>\n\t<meta name=\"twitter:data2\" content=\"7 minutes\" \/>\n<script type=\"application\/ld+json\" class=\"yoast-schema-graph\">{\"@context\":\"https:\\\/\\\/schema.org\",\"@graph\":[{\"@type\":\"Article\",\"@id\":\"https:\\\/\\\/www.humanium.org\\\/fr\\\/les-enfants-de-la-ghouta\\\/#article\",\"isPartOf\":{\"@id\":\"https:\\\/\\\/www.humanium.org\\\/fr\\\/les-enfants-de-la-ghouta\\\/\"},\"author\":{\"name\":\"Humanium\",\"@id\":\"https:\\\/\\\/www.humanium.org\\\/fr\\\/#\\\/schema\\\/person\\\/d798d6c7d59ba2307e0877f61a20ce3e\"},\"headline\":\"Les enfants de la Ghouta\",\"datePublished\":\"2018-08-01T00:01:07+00:00\",\"dateModified\":\"2026-08-20T18:18:20+00:00\",\"mainEntityOfPage\":{\"@id\":\"https:\\\/\\\/www.humanium.org\\\/fr\\\/les-enfants-de-la-ghouta\\\/\"},\"wordCount\":1396,\"image\":{\"@id\":\"https:\\\/\\\/www.humanium.org\\\/fr\\\/les-enfants-de-la-ghouta\\\/#primaryimage\"},\"thumbnailUrl\":\"https:\\\/\\\/www.humanium.org\\\/fr\\\/wp-content\\\/uploads\\\/2018\\\/07\\\/Les-enfants-de-la-Ghouta.png\",\"articleSection\":[\"Droits des enfants\",\"Droits humains\",\"Paix\",\"violence\"],\"inLanguage\":\"fr-FR\"},{\"@type\":\"WebPage\",\"@id\":\"https:\\\/\\\/www.humanium.org\\\/fr\\\/les-enfants-de-la-ghouta\\\/\",\"url\":\"https:\\\/\\\/www.humanium.org\\\/fr\\\/les-enfants-de-la-ghouta\\\/\",\"name\":\"Les enfants de la Ghouta - Humanium\",\"isPartOf\":{\"@id\":\"https:\\\/\\\/www.humanium.org\\\/fr\\\/#website\"},\"primaryImageOfPage\":{\"@id\":\"https:\\\/\\\/www.humanium.org\\\/fr\\\/les-enfants-de-la-ghouta\\\/#primaryimage\"},\"image\":{\"@id\":\"https:\\\/\\\/www.humanium.org\\\/fr\\\/les-enfants-de-la-ghouta\\\/#primaryimage\"},\"thumbnailUrl\":\"https:\\\/\\\/www.humanium.org\\\/fr\\\/wp-content\\\/uploads\\\/2018\\\/07\\\/Les-enfants-de-la-Ghouta.png\",\"datePublished\":\"2018-08-01T00:01:07+00:00\",\"dateModified\":\"2026-08-20T18:18:20+00:00\",\"author\":{\"@id\":\"https:\\\/\\\/www.humanium.org\\\/fr\\\/#\\\/schema\\\/person\\\/d798d6c7d59ba2307e0877f61a20ce3e\"},\"description\":\"Massacre, bombardement, bataille\u2026 ce sont les mots qui d\u00e9filent lorsque l\u2019on tape Ghouta Orientale sur un moteur de recherche. Entre 2013 et 2018 cette zone rurale syrienne situ\u00e9e \u00e0 l\u2019est de Damas a \u00e9t\u00e9 assi\u00e9g\u00e9e par le r\u00e9gime de Bachar El Assad. Humanium revient sur la situation des enfants dans la Ghouta Orientale.\",\"breadcrumb\":{\"@id\":\"https:\\\/\\\/www.humanium.org\\\/fr\\\/les-enfants-de-la-ghouta\\\/#breadcrumb\"},\"inLanguage\":\"fr-FR\",\"potentialAction\":[{\"@type\":\"ReadAction\",\"target\":[\"https:\\\/\\\/www.humanium.org\\\/fr\\\/les-enfants-de-la-ghouta\\\/\"]}]},{\"@type\":\"ImageObject\",\"inLanguage\":\"fr-FR\",\"@id\":\"https:\\\/\\\/www.humanium.org\\\/fr\\\/les-enfants-de-la-ghouta\\\/#primaryimage\",\"url\":\"https:\\\/\\\/www.humanium.org\\\/fr\\\/wp-content\\\/uploads\\\/2018\\\/07\\\/Les-enfants-de-la-Ghouta.png\",\"contentUrl\":\"https:\\\/\\\/www.humanium.org\\\/fr\\\/wp-content\\\/uploads\\\/2018\\\/07\\\/Les-enfants-de-la-Ghouta.png\",\"width\":1018,\"height\":678},{\"@type\":\"BreadcrumbList\",\"@id\":\"https:\\\/\\\/www.humanium.org\\\/fr\\\/les-enfants-de-la-ghouta\\\/#breadcrumb\",\"itemListElement\":[{\"@type\":\"ListItem\",\"position\":1,\"name\":\"Home\",\"item\":\"https:\\\/\\\/www.humanium.org\\\/fr\\\/\"},{\"@type\":\"ListItem\",\"position\":2,\"name\":\"Les enfants de la Ghouta\"}]},{\"@type\":\"WebSite\",\"@id\":\"https:\\\/\\\/www.humanium.org\\\/fr\\\/#website\",\"url\":\"https:\\\/\\\/www.humanium.org\\\/fr\\\/\",\"name\":\"Humanium\",\"description\":\"Les enfants d\u2019abord !\",\"potentialAction\":[{\"@type\":\"SearchAction\",\"target\":{\"@type\":\"EntryPoint\",\"urlTemplate\":\"https:\\\/\\\/www.humanium.org\\\/fr\\\/?s={search_term_string}\"},\"query-input\":{\"@type\":\"PropertyValueSpecification\",\"valueRequired\":true,\"valueName\":\"search_term_string\"}}],\"inLanguage\":\"fr-FR\"},{\"@type\":\"Person\",\"@id\":\"https:\\\/\\\/www.humanium.org\\\/fr\\\/#\\\/schema\\\/person\\\/d798d6c7d59ba2307e0877f61a20ce3e\",\"name\":\"Humanium\",\"image\":{\"@type\":\"ImageObject\",\"inLanguage\":\"fr-FR\",\"@id\":\"https:\\\/\\\/secure.gravatar.com\\\/avatar\\\/22715e338d2fcc547e3a431c4738360d33fea2a4af458f865b2c3b22f1eaa51f?s=96&d=mm&r=g\",\"url\":\"https:\\\/\\\/secure.gravatar.com\\\/avatar\\\/22715e338d2fcc547e3a431c4738360d33fea2a4af458f865b2c3b22f1eaa51f?s=96&d=mm&r=g\",\"contentUrl\":\"https:\\\/\\\/secure.gravatar.com\\\/avatar\\\/22715e338d2fcc547e3a431c4738360d33fea2a4af458f865b2c3b22f1eaa51f?s=96&d=mm&r=g\",\"caption\":\"Humanium\"},\"url\":\"https:\\\/\\\/www.humanium.org\\\/fr\\\/author\\\/humanium\\\/\"}]}<\/script>\n<!-- \/ Yoast SEO plugin. -->","yoast_head_json":{"title":"Les enfants de la Ghouta - Humanium","description":"Massacre, bombardement, bataille\u2026 ce sont les mots qui d\u00e9filent lorsque l\u2019on tape Ghouta Orientale sur un moteur de recherche. Entre 2013 et 2018 cette zone rurale syrienne situ\u00e9e \u00e0 l\u2019est de Damas a \u00e9t\u00e9 assi\u00e9g\u00e9e par le r\u00e9gime de Bachar El Assad. Humanium revient sur la situation des enfants dans la Ghouta Orientale.","robots":{"index":"index","follow":"follow","max-snippet":"max-snippet:-1","max-image-preview":"max-image-preview:large","max-video-preview":"max-video-preview:-1"},"canonical":"https:\/\/www.humanium.org\/fr\/les-enfants-de-la-ghouta\/","og_locale":"fr_FR","og_type":"article","og_title":"Les enfants de la Ghouta - Humanium","og_description":"Massacre, bombardement, bataille\u2026 ce sont les mots qui d\u00e9filent lorsque l\u2019on tape Ghouta Orientale sur un moteur de recherche. Entre 2013 et 2018 cette zone rurale syrienne situ\u00e9e \u00e0 l\u2019est de Damas a \u00e9t\u00e9 assi\u00e9g\u00e9e par le r\u00e9gime de Bachar El Assad. Humanium revient sur la situation des enfants dans la Ghouta Orientale.","og_url":"https:\/\/www.humanium.org\/fr\/les-enfants-de-la-ghouta\/","og_site_name":"Humanium","article_published_time":"2018-08-01T00:01:07+00:00","article_modified_time":"2026-08-20T18:18:20+00:00","og_image":[{"width":1018,"height":678,"url":"https:\/\/www.humanium.org\/fr\/wp-content\/uploads\/2018\/07\/Les-enfants-de-la-Ghouta.png","type":"image\/png"}],"author":"Humanium","twitter_card":"summary_large_image","twitter_misc":{"\u00c9crit par":"Humanium","Dur\u00e9e de lecture estim\u00e9e":"7 minutes"},"schema":{"@context":"https:\/\/schema.org","@graph":[{"@type":"Article","@id":"https:\/\/www.humanium.org\/fr\/les-enfants-de-la-ghouta\/#article","isPartOf":{"@id":"https:\/\/www.humanium.org\/fr\/les-enfants-de-la-ghouta\/"},"author":{"name":"Humanium","@id":"https:\/\/www.humanium.org\/fr\/#\/schema\/person\/d798d6c7d59ba2307e0877f61a20ce3e"},"headline":"Les enfants de la Ghouta","datePublished":"2018-08-01T00:01:07+00:00","dateModified":"2026-08-20T18:18:20+00:00","mainEntityOfPage":{"@id":"https:\/\/www.humanium.org\/fr\/les-enfants-de-la-ghouta\/"},"wordCount":1396,"image":{"@id":"https:\/\/www.humanium.org\/fr\/les-enfants-de-la-ghouta\/#primaryimage"},"thumbnailUrl":"https:\/\/www.humanium.org\/fr\/wp-content\/uploads\/2018\/07\/Les-enfants-de-la-Ghouta.png","articleSection":["Droits des enfants","Droits humains","Paix","violence"],"inLanguage":"fr-FR"},{"@type":"WebPage","@id":"https:\/\/www.humanium.org\/fr\/les-enfants-de-la-ghouta\/","url":"https:\/\/www.humanium.org\/fr\/les-enfants-de-la-ghouta\/","name":"Les enfants de la Ghouta - Humanium","isPartOf":{"@id":"https:\/\/www.humanium.org\/fr\/#website"},"primaryImageOfPage":{"@id":"https:\/\/www.humanium.org\/fr\/les-enfants-de-la-ghouta\/#primaryimage"},"image":{"@id":"https:\/\/www.humanium.org\/fr\/les-enfants-de-la-ghouta\/#primaryimage"},"thumbnailUrl":"https:\/\/www.humanium.org\/fr\/wp-content\/uploads\/2018\/07\/Les-enfants-de-la-Ghouta.png","datePublished":"2018-08-01T00:01:07+00:00","dateModified":"2026-08-20T18:18:20+00:00","author":{"@id":"https:\/\/www.humanium.org\/fr\/#\/schema\/person\/d798d6c7d59ba2307e0877f61a20ce3e"},"description":"Massacre, bombardement, bataille\u2026 ce sont les mots qui d\u00e9filent lorsque l\u2019on tape Ghouta Orientale sur un moteur de recherche. Entre 2013 et 2018 cette zone rurale syrienne situ\u00e9e \u00e0 l\u2019est de Damas a \u00e9t\u00e9 assi\u00e9g\u00e9e par le r\u00e9gime de Bachar El Assad. Humanium revient sur la situation des enfants dans la Ghouta Orientale.","breadcrumb":{"@id":"https:\/\/www.humanium.org\/fr\/les-enfants-de-la-ghouta\/#breadcrumb"},"inLanguage":"fr-FR","potentialAction":[{"@type":"ReadAction","target":["https:\/\/www.humanium.org\/fr\/les-enfants-de-la-ghouta\/"]}]},{"@type":"ImageObject","inLanguage":"fr-FR","@id":"https:\/\/www.humanium.org\/fr\/les-enfants-de-la-ghouta\/#primaryimage","url":"https:\/\/www.humanium.org\/fr\/wp-content\/uploads\/2018\/07\/Les-enfants-de-la-Ghouta.png","contentUrl":"https:\/\/www.humanium.org\/fr\/wp-content\/uploads\/2018\/07\/Les-enfants-de-la-Ghouta.png","width":1018,"height":678},{"@type":"BreadcrumbList","@id":"https:\/\/www.humanium.org\/fr\/les-enfants-de-la-ghouta\/#breadcrumb","itemListElement":[{"@type":"ListItem","position":1,"name":"Home","item":"https:\/\/www.humanium.org\/fr\/"},{"@type":"ListItem","position":2,"name":"Les enfants de la Ghouta"}]},{"@type":"WebSite","@id":"https:\/\/www.humanium.org\/fr\/#website","url":"https:\/\/www.humanium.org\/fr\/","name":"Humanium","description":"Les enfants d\u2019abord !","potentialAction":[{"@type":"SearchAction","target":{"@type":"EntryPoint","urlTemplate":"https:\/\/www.humanium.org\/fr\/?s={search_term_string}"},"query-input":{"@type":"PropertyValueSpecification","valueRequired":true,"valueName":"search_term_string"}}],"inLanguage":"fr-FR"},{"@type":"Person","@id":"https:\/\/www.humanium.org\/fr\/#\/schema\/person\/d798d6c7d59ba2307e0877f61a20ce3e","name":"Humanium","image":{"@type":"ImageObject","inLanguage":"fr-FR","@id":"https:\/\/secure.gravatar.com\/avatar\/22715e338d2fcc547e3a431c4738360d33fea2a4af458f865b2c3b22f1eaa51f?s=96&d=mm&r=g","url":"https:\/\/secure.gravatar.com\/avatar\/22715e338d2fcc547e3a431c4738360d33fea2a4af458f865b2c3b22f1eaa51f?s=96&d=mm&r=g","contentUrl":"https:\/\/secure.gravatar.com\/avatar\/22715e338d2fcc547e3a431c4738360d33fea2a4af458f865b2c3b22f1eaa51f?s=96&d=mm&r=g","caption":"Humanium"},"url":"https:\/\/www.humanium.org\/fr\/author\/humanium\/"}]}},"_links":{"self":[{"href":"https:\/\/www.humanium.org\/fr\/wp-json\/wp\/v2\/posts\/43276","targetHints":{"allow":["GET"]}}],"collection":[{"href":"https:\/\/www.humanium.org\/fr\/wp-json\/wp\/v2\/posts"}],"about":[{"href":"https:\/\/www.humanium.org\/fr\/wp-json\/wp\/v2\/types\/post"}],"author":[{"embeddable":true,"href":"https:\/\/www.humanium.org\/fr\/wp-json\/wp\/v2\/users\/69"}],"replies":[{"embeddable":true,"href":"https:\/\/www.humanium.org\/fr\/wp-json\/wp\/v2\/comments?post=43276"}],"version-history":[{"count":3,"href":"https:\/\/www.humanium.org\/fr\/wp-json\/wp\/v2\/posts\/43276\/revisions"}],"predecessor-version":[{"id":43279,"href":"https:\/\/www.humanium.org\/fr\/wp-json\/wp\/v2\/posts\/43276\/revisions\/43279"}],"wp:featuredmedia":[{"embeddable":true,"href":"https:\/\/www.humanium.org\/fr\/wp-json\/wp\/v2\/media\/43275"}],"wp:attachment":[{"href":"https:\/\/www.humanium.org\/fr\/wp-json\/wp\/v2\/media?parent=43276"}],"wp:term":[{"taxonomy":"category","embeddable":true,"href":"https:\/\/www.humanium.org\/fr\/wp-json\/wp\/v2\/categories?post=43276"},{"taxonomy":"post_tag","embeddable":true,"href":"https:\/\/www.humanium.org\/fr\/wp-json\/wp\/v2\/tags?post=43276"}],"curies":[{"name":"wp","href":"https:\/\/api.w.org\/{rel}","templated":true}]}}