{"id":43298,"date":"2018-08-08T00:01:39","date_gmt":"2018-08-08T00:01:39","guid":{"rendered":"https:\/\/www.humanium.org\/fr\/?p=43298"},"modified":"2026-08-20T18:18:19","modified_gmt":"2026-08-20T18:18:19","slug":"nous-croyons-en-la-jeunesse","status":"publish","type":"post","link":"https:\/\/www.humanium.org\/fr\/nous-croyons-en-la-jeunesse\/","title":{"rendered":"Nous croyons en la jeunesse: \u00ab Chaque g\u00e9n\u00e9ration a l&rsquo;opportunit\u00e9 de refaire le monde \u00bb"},"content":{"rendered":"<p><strong>Le 18 juillet, le monde a c\u00e9l\u00e9br\u00e9 le centi\u00e8me anniversaire de naissance du grand inspirateur, Nelson Mandela.<\/strong><\/p>\n<p><strong>Madiba a v\u00e9cu une vie remarquable; une vie consacr\u00e9e \u00e0 la lutte pour les droits des Noirs, et a fait campagne contre les lois qui s\u00e9paraient les Blancs et les Noirs (apartheid), ce qui l\u2019a conduit \u00e0 \u00eatre emprisonn\u00e9 pendant 27 ans.<\/strong><\/p>\n<p><span style=\"font-weight: 400;\">Une campagne mondiale a soutenu ses convictions et a appel\u00e9 \u00e0 sa lib\u00e9ration, ce qui ne s&rsquo;est produit qu\u2019en 1990. En 1993, il a partag\u00e9 le prix Nobel de la paix avec l&rsquo;ancien pr\u00e9sident sud-africain FW de Klerk pour son r\u00f4le dans la fin de l&rsquo;apartheid, et plus tard, en 1994, Nelson Mandela a remport\u00e9 les \u00e9lections pour devenir le premier dirigeant d\u00e9mocratiquement \u00e9lu du pays et le premier pr\u00e9sident noir de l&rsquo;Afrique du Sud.<\/span><\/p>\n<p><span style=\"font-weight: 400;\">L&rsquo;esprit et les croyances de Mandela ont tenu bon pendant sa longue marche vers la libert\u00e9. Sa lutte persistante pour l&rsquo;espoir, la justice et l&rsquo;\u00e9galit\u00e9 n&rsquo;\u00e9tait pas une t\u00e2che individuelle; la croyance de Mandela en la jeunesse \u00e9tait et a \u00e9t\u00e9 la cl\u00e9 pour que le changement se produise, peu importe la couleur de la peau ou l&rsquo;origine, les jeunes seraient ceux qui continueraient \u00e0 travailler pour sa vision: \u00abchaque g\u00e9n\u00e9ration a l&rsquo;opportunit\u00e9 de refaire le monde\u00a0\u00bb.<\/span><\/p>\n<p>&nbsp;<\/p>\n<figure id=\"attachment_43297\" aria-describedby=\"caption-attachment-43297\" style=\"width: 594px\" class=\"wp-caption aligncenter\"><img loading=\"lazy\" decoding=\"async\" class=\"size-full wp-image-43297\" src=\"https:\/\/www.humanium.org\/fr\/wp-content\/uploads\/2018\/08\/Nelson-Mandela-1.jpg\" alt=\"\" width=\"594\" height=\"409\" srcset=\"https:\/\/www.humanium.org\/fr\/wp-content\/uploads\/2018\/08\/Nelson-Mandela-1.jpg 594w, https:\/\/www.humanium.org\/fr\/wp-content\/uploads\/2018\/08\/Nelson-Mandela-1-300x207.jpg 300w, https:\/\/www.humanium.org\/fr\/wp-content\/uploads\/2018\/08\/Nelson-Mandela-1-230x158.jpg 230w, https:\/\/www.humanium.org\/fr\/wp-content\/uploads\/2018\/08\/Nelson-Mandela-1-350x241.jpg 350w, https:\/\/www.humanium.org\/fr\/wp-content\/uploads\/2018\/08\/Nelson-Mandela-1-480x331.jpg 480w\" sizes=\"auto, (max-width: 594px) 100vw, 594px\" \/><figcaption id=\"caption-attachment-43297\" class=\"wp-caption-text\">Huffington Post, 2013<\/figcaption><\/figure>\n<p>&nbsp;<\/p>\n<p><span style=\"font-weight: 400;\">Croyons aux jeunes, aux filles et aux gar\u00e7ons qui peuvent faire la diff\u00e9rence dans le monde. Travaillons au mieux de nos capacit\u00e9s, avec un bon c\u0153ur, et en essayant de d\u00e9passer nos propres attentes. Vivons nos valeurs et donnons du pouvoir \u00e0 nos jeunes afin qu&rsquo;ils puissent nous guider vers l&rsquo;avenir.<\/span><\/p>\n<p>&nbsp;<\/p>\n<blockquote><p><span style=\"font-weight: 400;\">\u00ab\u00a0Parfois il faut qu\u2019une g\u00e9n\u00e9ration soit grande. \u00a0Soyez cette grande g\u00e9n\u00e9ration. Laissez s&rsquo;\u00e9panouir votre grandeur. \u00a0Evidemment, la t\u00e2che ne sera pas facile. Mais ne pas faire cela serait un crime contre l&rsquo;humanit\u00e9, contre lequel je demande \u00e0 toute l&rsquo;humanit\u00e9 maintenant de se lever.\u00a0\u00bb <\/span><\/p>\n<p><span style=\"font-weight: 400;\">Nelson Mandela<\/span><\/p><\/blockquote>\n<p>&nbsp;<\/p>\n<p>&nbsp;<\/p>\n<p><i><span style=\"font-weight: 400;\">\u00c9crit par Jenny Garcia<\/span><\/i><\/p>\n<p><i><span style=\"font-weight: 400;\">Traduit par Denis Gingras<\/span><\/i><\/p>\n<p><em>Relecture par\u00a0Morgane Daget<\/em><\/p>\n<p>&nbsp;<\/p>\n<p><span style=\"font-weight: 400;\">R\u00e9f\u00e9rences:<\/span><\/p>\n<p><span style=\"font-weight: 400;\">Obama Foundation Leaders: Africa &#8211; Obama Foundation. <\/span><i><span style=\"font-weight: 400;\">Obama Foundation Leaders: Africa &#8211; Obama Foundation. \u00a0[<\/span><\/i><span style=\"font-weight: 400;\">Leaders de la Fondation Obama: \u00a0Afrique \u2013 Fondation Obama<\/span><i><span style=\"font-weight: 400;\"> en fran\u00e7ais] \u00a0<\/span><\/i><span style=\"font-weight: 400;\">Retrieved July 20, 2018, from http:\/\/www.obama.org\/?source=20180720_MandelaDay_Recap_B&amp;utm_medium=email&amp;utm_source=ObamaFound&amp;utm_campaign=20180720_MandelaDay_Recap_B&amp;utm_content=4+-+Honor+Madibas+life+and+the+way+he+change#mandela<\/span><\/p>\n<p><span style=\"font-weight: 400;\">BBC &#8211; Home. <\/span><i><span style=\"font-weight: 400;\">Why was Nelson Mandela important? &#8211; CBBC Newsround. [<\/span><\/i><span style=\"font-weight: 400;\">Pourquoi Nelson Mandela a-t-il \u00e9t\u00e9 important? &#8211; CBBC Newsround<\/span><i><span style=\"font-weight: 400;\"> en fran\u00e7ais] <\/span><\/i><span style=\"font-weight: 400;\">Retrieved July 20, 2018, from http:\/\/www.bbc.co.uk\/newsround\/25263229<\/span><\/p>\n<p><span style=\"font-weight: 400;\">BBC &#8211; Home. <\/span><i><span style=\"font-weight: 400;\">BBC World Service &#8211; Focus on Africa, Nelson Mandela&rsquo;s 100th birthday. [BBC World Service \u2013 <\/span><\/i><span style=\"font-weight: 400;\">Regard sur l\u2019Afrique, 100\u00e8me anniversaire de Nelson Mandela<\/span><i><span style=\"font-weight: 400;\"> en fran\u00e7ais] <\/span><\/i><span style=\"font-weight: 400;\">Retrieved July 20, 2018, from http:\/\/www.bbc.co.uk\/programmes\/w172w23lm0n7qwh<\/span><\/p>\n<p><span style=\"font-weight: 400;\">BBC &#8211; Home. <\/span><i><span style=\"font-weight: 400;\">Mandela 100: Key events and quotes from his life &#8211; BBC News. [<\/span><\/i><span style=\"font-weight: 400;\">Mandela 100: Les \u00e9v\u00e9nements cl\u00e9s et les citations de sa vie \u2013 BBC News<\/span><i><span style=\"font-weight: 400;\"> en fran\u00e7ais] <\/span><\/i><span style=\"font-weight: 400;\">Retrieved July 20, 2018, from http:\/\/www.bbc.co.uk\/news\/av\/world-africa-44880048\/mandela-100-key-events-and-quotes-from-his-life<\/span><\/p>\n","protected":false},"excerpt":{"rendered":"<p>Le 18 juillet, le monde a c\u00e9l\u00e9br\u00e9 le centi\u00e8me anniversaire de naissance du grand inspirateur, Nelson Mandela. Madiba a v\u00e9cu une vie remarquable; une vie consacr\u00e9e \u00e0 la lutte pour les droits des Noirs, et a fait campagne contre les lois qui s\u00e9paraient les Blancs et les Noirs (apartheid), ce qui l\u2019a conduit \u00e0 \u00eatre [&hellip;]<\/p>\n","protected":false},"author":69,"featured_media":43296,"comment_status":"closed","ping_status":"closed","sticky":false,"template":"","format":"standard","meta":{"footnotes":""},"categories":[5],"tags":[],"class_list":["post-43298","post","type-post","status-publish","format-standard","has-post-thumbnail","hentry","category-education"],"yoast_head":"<!-- This site is optimized with the Yoast SEO plugin v28.3 - https:\/\/yoast.com\/product\/yoast-seo-wordpress\/ -->\n<title>Nous croyons en la jeunesse: \u00ab Chaque g\u00e9n\u00e9ration a l&#039;opportunit\u00e9 de refaire le monde \u00bb - Humanium<\/title>\n<meta name=\"description\" content=\"La croyance de Mandela en la jeunesse \u00e9tait et a \u00e9t\u00e9 la cl\u00e9 pour que le changement se produise, peu importe la couleur de la peau ou l&#039;origine, les jeunes seraient ceux qui continueraient \u00e0 travailler pour sa vision: \u00abchaque g\u00e9n\u00e9ration a l&#039;opportunit\u00e9 de refaire le monde\u00a0\u00bb.\" \/>\n<meta name=\"robots\" content=\"index, follow, max-snippet:-1, max-image-preview:large, max-video-preview:-1\" \/>\n<link rel=\"canonical\" href=\"https:\/\/www.humanium.org\/fr\/nous-croyons-en-la-jeunesse\/\" \/>\n<meta property=\"og:locale\" content=\"fr_FR\" \/>\n<meta property=\"og:type\" content=\"article\" \/>\n<meta property=\"og:title\" content=\"Nous croyons en la jeunesse: \u00ab Chaque g\u00e9n\u00e9ration a l&#039;opportunit\u00e9 de refaire le monde \u00bb - Humanium\" \/>\n<meta property=\"og:description\" content=\"La croyance de Mandela en la jeunesse \u00e9tait et a \u00e9t\u00e9 la cl\u00e9 pour que le changement se produise, peu importe la couleur de la peau ou l&#039;origine, les jeunes seraient ceux qui continueraient \u00e0 travailler pour sa vision: \u00abchaque g\u00e9n\u00e9ration a l&#039;opportunit\u00e9 de refaire le monde\u00a0\u00bb.\" \/>\n<meta property=\"og:url\" content=\"https:\/\/www.humanium.org\/fr\/nous-croyons-en-la-jeunesse\/\" \/>\n<meta property=\"og:site_name\" content=\"Humanium\" \/>\n<meta property=\"article:published_time\" content=\"2018-08-08T00:01:39+00:00\" \/>\n<meta property=\"article:modified_time\" content=\"2026-08-20T18:18:19+00:00\" \/>\n<meta property=\"og:image\" content=\"https:\/\/www.humanium.org\/fr\/wp-content\/uploads\/2018\/08\/Nelson-Mandela.jpg\" \/>\n\t<meta property=\"og:image:width\" content=\"620\" \/>\n\t<meta property=\"og:image:height\" content=\"350\" \/>\n\t<meta property=\"og:image:type\" content=\"image\/jpeg\" \/>\n<meta name=\"author\" content=\"Humanium\" \/>\n<meta name=\"twitter:card\" content=\"summary_large_image\" \/>\n<meta name=\"twitter:label1\" content=\"\u00c9crit par\" \/>\n\t<meta name=\"twitter:data1\" content=\"Humanium\" \/>\n\t<meta name=\"twitter:label2\" content=\"Dur\u00e9e de lecture estim\u00e9e\" \/>\n\t<meta name=\"twitter:data2\" content=\"3 minutes\" \/>\n<script type=\"application\/ld+json\" class=\"yoast-schema-graph\">{\"@context\":\"https:\\\/\\\/schema.org\",\"@graph\":[{\"@type\":\"Article\",\"@id\":\"https:\\\/\\\/www.humanium.org\\\/fr\\\/nous-croyons-en-la-jeunesse\\\/#article\",\"isPartOf\":{\"@id\":\"https:\\\/\\\/www.humanium.org\\\/fr\\\/nous-croyons-en-la-jeunesse\\\/\"},\"author\":{\"name\":\"Humanium\",\"@id\":\"https:\\\/\\\/www.humanium.org\\\/fr\\\/#\\\/schema\\\/person\\\/d798d6c7d59ba2307e0877f61a20ce3e\"},\"headline\":\"Nous croyons en la jeunesse: \u00ab Chaque g\u00e9n\u00e9ration a l&rsquo;opportunit\u00e9 de refaire le monde \u00bb\",\"datePublished\":\"2018-08-08T00:01:39+00:00\",\"dateModified\":\"2026-08-20T18:18:19+00:00\",\"mainEntityOfPage\":{\"@id\":\"https:\\\/\\\/www.humanium.org\\\/fr\\\/nous-croyons-en-la-jeunesse\\\/\"},\"wordCount\":553,\"image\":{\"@id\":\"https:\\\/\\\/www.humanium.org\\\/fr\\\/nous-croyons-en-la-jeunesse\\\/#primaryimage\"},\"thumbnailUrl\":\"https:\\\/\\\/www.humanium.org\\\/fr\\\/wp-content\\\/uploads\\\/2018\\\/08\\\/Nelson-Mandela.jpg\",\"articleSection\":[\"Education\"],\"inLanguage\":\"fr-FR\"},{\"@type\":\"WebPage\",\"@id\":\"https:\\\/\\\/www.humanium.org\\\/fr\\\/nous-croyons-en-la-jeunesse\\\/\",\"url\":\"https:\\\/\\\/www.humanium.org\\\/fr\\\/nous-croyons-en-la-jeunesse\\\/\",\"name\":\"Nous croyons en la jeunesse: \u00ab Chaque g\u00e9n\u00e9ration a l'opportunit\u00e9 de refaire le monde \u00bb - Humanium\",\"isPartOf\":{\"@id\":\"https:\\\/\\\/www.humanium.org\\\/fr\\\/#website\"},\"primaryImageOfPage\":{\"@id\":\"https:\\\/\\\/www.humanium.org\\\/fr\\\/nous-croyons-en-la-jeunesse\\\/#primaryimage\"},\"image\":{\"@id\":\"https:\\\/\\\/www.humanium.org\\\/fr\\\/nous-croyons-en-la-jeunesse\\\/#primaryimage\"},\"thumbnailUrl\":\"https:\\\/\\\/www.humanium.org\\\/fr\\\/wp-content\\\/uploads\\\/2018\\\/08\\\/Nelson-Mandela.jpg\",\"datePublished\":\"2018-08-08T00:01:39+00:00\",\"dateModified\":\"2026-08-20T18:18:19+00:00\",\"author\":{\"@id\":\"https:\\\/\\\/www.humanium.org\\\/fr\\\/#\\\/schema\\\/person\\\/d798d6c7d59ba2307e0877f61a20ce3e\"},\"description\":\"La croyance de Mandela en la jeunesse \u00e9tait et a \u00e9t\u00e9 la cl\u00e9 pour que le changement se produise, peu importe la couleur de la peau ou l'origine, les jeunes seraient ceux qui continueraient \u00e0 travailler pour sa vision: \u00abchaque g\u00e9n\u00e9ration a l'opportunit\u00e9 de refaire le monde\u00a0\u00bb.\",\"breadcrumb\":{\"@id\":\"https:\\\/\\\/www.humanium.org\\\/fr\\\/nous-croyons-en-la-jeunesse\\\/#breadcrumb\"},\"inLanguage\":\"fr-FR\",\"potentialAction\":[{\"@type\":\"ReadAction\",\"target\":[\"https:\\\/\\\/www.humanium.org\\\/fr\\\/nous-croyons-en-la-jeunesse\\\/\"]}]},{\"@type\":\"ImageObject\",\"inLanguage\":\"fr-FR\",\"@id\":\"https:\\\/\\\/www.humanium.org\\\/fr\\\/nous-croyons-en-la-jeunesse\\\/#primaryimage\",\"url\":\"https:\\\/\\\/www.humanium.org\\\/fr\\\/wp-content\\\/uploads\\\/2018\\\/08\\\/Nelson-Mandela.jpg\",\"contentUrl\":\"https:\\\/\\\/www.humanium.org\\\/fr\\\/wp-content\\\/uploads\\\/2018\\\/08\\\/Nelson-Mandela.jpg\",\"width\":620,\"height\":350},{\"@type\":\"BreadcrumbList\",\"@id\":\"https:\\\/\\\/www.humanium.org\\\/fr\\\/nous-croyons-en-la-jeunesse\\\/#breadcrumb\",\"itemListElement\":[{\"@type\":\"ListItem\",\"position\":1,\"name\":\"Home\",\"item\":\"https:\\\/\\\/www.humanium.org\\\/fr\\\/\"},{\"@type\":\"ListItem\",\"position\":2,\"name\":\"Nous croyons en la jeunesse: \u00ab Chaque g\u00e9n\u00e9ration a l&rsquo;opportunit\u00e9 de refaire le monde \u00bb\"}]},{\"@type\":\"WebSite\",\"@id\":\"https:\\\/\\\/www.humanium.org\\\/fr\\\/#website\",\"url\":\"https:\\\/\\\/www.humanium.org\\\/fr\\\/\",\"name\":\"Humanium\",\"description\":\"Les enfants d\u2019abord !\",\"potentialAction\":[{\"@type\":\"SearchAction\",\"target\":{\"@type\":\"EntryPoint\",\"urlTemplate\":\"https:\\\/\\\/www.humanium.org\\\/fr\\\/?s={search_term_string}\"},\"query-input\":{\"@type\":\"PropertyValueSpecification\",\"valueRequired\":true,\"valueName\":\"search_term_string\"}}],\"inLanguage\":\"fr-FR\"},{\"@type\":\"Person\",\"@id\":\"https:\\\/\\\/www.humanium.org\\\/fr\\\/#\\\/schema\\\/person\\\/d798d6c7d59ba2307e0877f61a20ce3e\",\"name\":\"Humanium\",\"image\":{\"@type\":\"ImageObject\",\"inLanguage\":\"fr-FR\",\"@id\":\"https:\\\/\\\/secure.gravatar.com\\\/avatar\\\/22715e338d2fcc547e3a431c4738360d33fea2a4af458f865b2c3b22f1eaa51f?s=96&d=mm&r=g\",\"url\":\"https:\\\/\\\/secure.gravatar.com\\\/avatar\\\/22715e338d2fcc547e3a431c4738360d33fea2a4af458f865b2c3b22f1eaa51f?s=96&d=mm&r=g\",\"contentUrl\":\"https:\\\/\\\/secure.gravatar.com\\\/avatar\\\/22715e338d2fcc547e3a431c4738360d33fea2a4af458f865b2c3b22f1eaa51f?s=96&d=mm&r=g\",\"caption\":\"Humanium\"},\"url\":\"https:\\\/\\\/www.humanium.org\\\/fr\\\/author\\\/humanium\\\/\"}]}<\/script>\n<!-- \/ Yoast SEO plugin. -->","yoast_head_json":{"title":"Nous croyons en la jeunesse: \u00ab Chaque g\u00e9n\u00e9ration a l'opportunit\u00e9 de refaire le monde \u00bb - Humanium","description":"La croyance de Mandela en la jeunesse \u00e9tait et a \u00e9t\u00e9 la cl\u00e9 pour que le changement se produise, peu importe la couleur de la peau ou l'origine, les jeunes seraient ceux qui continueraient \u00e0 travailler pour sa vision: \u00abchaque g\u00e9n\u00e9ration a l'opportunit\u00e9 de refaire le monde\u00a0\u00bb.","robots":{"index":"index","follow":"follow","max-snippet":"max-snippet:-1","max-image-preview":"max-image-preview:large","max-video-preview":"max-video-preview:-1"},"canonical":"https:\/\/www.humanium.org\/fr\/nous-croyons-en-la-jeunesse\/","og_locale":"fr_FR","og_type":"article","og_title":"Nous croyons en la jeunesse: \u00ab Chaque g\u00e9n\u00e9ration a l'opportunit\u00e9 de refaire le monde \u00bb - Humanium","og_description":"La croyance de Mandela en la jeunesse \u00e9tait et a \u00e9t\u00e9 la cl\u00e9 pour que le changement se produise, peu importe la couleur de la peau ou l'origine, les jeunes seraient ceux qui continueraient \u00e0 travailler pour sa vision: \u00abchaque g\u00e9n\u00e9ration a l'opportunit\u00e9 de refaire le monde\u00a0\u00bb.","og_url":"https:\/\/www.humanium.org\/fr\/nous-croyons-en-la-jeunesse\/","og_site_name":"Humanium","article_published_time":"2018-08-08T00:01:39+00:00","article_modified_time":"2026-08-20T18:18:19+00:00","og_image":[{"width":620,"height":350,"url":"https:\/\/www.humanium.org\/fr\/wp-content\/uploads\/2018\/08\/Nelson-Mandela.jpg","type":"image\/jpeg"}],"author":"Humanium","twitter_card":"summary_large_image","twitter_misc":{"\u00c9crit par":"Humanium","Dur\u00e9e de lecture estim\u00e9e":"3 minutes"},"schema":{"@context":"https:\/\/schema.org","@graph":[{"@type":"Article","@id":"https:\/\/www.humanium.org\/fr\/nous-croyons-en-la-jeunesse\/#article","isPartOf":{"@id":"https:\/\/www.humanium.org\/fr\/nous-croyons-en-la-jeunesse\/"},"author":{"name":"Humanium","@id":"https:\/\/www.humanium.org\/fr\/#\/schema\/person\/d798d6c7d59ba2307e0877f61a20ce3e"},"headline":"Nous croyons en la jeunesse: \u00ab Chaque g\u00e9n\u00e9ration a l&rsquo;opportunit\u00e9 de refaire le monde \u00bb","datePublished":"2018-08-08T00:01:39+00:00","dateModified":"2026-08-20T18:18:19+00:00","mainEntityOfPage":{"@id":"https:\/\/www.humanium.org\/fr\/nous-croyons-en-la-jeunesse\/"},"wordCount":553,"image":{"@id":"https:\/\/www.humanium.org\/fr\/nous-croyons-en-la-jeunesse\/#primaryimage"},"thumbnailUrl":"https:\/\/www.humanium.org\/fr\/wp-content\/uploads\/2018\/08\/Nelson-Mandela.jpg","articleSection":["Education"],"inLanguage":"fr-FR"},{"@type":"WebPage","@id":"https:\/\/www.humanium.org\/fr\/nous-croyons-en-la-jeunesse\/","url":"https:\/\/www.humanium.org\/fr\/nous-croyons-en-la-jeunesse\/","name":"Nous croyons en la jeunesse: \u00ab Chaque g\u00e9n\u00e9ration a l'opportunit\u00e9 de refaire le monde \u00bb - Humanium","isPartOf":{"@id":"https:\/\/www.humanium.org\/fr\/#website"},"primaryImageOfPage":{"@id":"https:\/\/www.humanium.org\/fr\/nous-croyons-en-la-jeunesse\/#primaryimage"},"image":{"@id":"https:\/\/www.humanium.org\/fr\/nous-croyons-en-la-jeunesse\/#primaryimage"},"thumbnailUrl":"https:\/\/www.humanium.org\/fr\/wp-content\/uploads\/2018\/08\/Nelson-Mandela.jpg","datePublished":"2018-08-08T00:01:39+00:00","dateModified":"2026-08-20T18:18:19+00:00","author":{"@id":"https:\/\/www.humanium.org\/fr\/#\/schema\/person\/d798d6c7d59ba2307e0877f61a20ce3e"},"description":"La croyance de Mandela en la jeunesse \u00e9tait et a \u00e9t\u00e9 la cl\u00e9 pour que le changement se produise, peu importe la couleur de la peau ou l'origine, les jeunes seraient ceux qui continueraient \u00e0 travailler pour sa vision: \u00abchaque g\u00e9n\u00e9ration a l'opportunit\u00e9 de refaire le monde\u00a0\u00bb.","breadcrumb":{"@id":"https:\/\/www.humanium.org\/fr\/nous-croyons-en-la-jeunesse\/#breadcrumb"},"inLanguage":"fr-FR","potentialAction":[{"@type":"ReadAction","target":["https:\/\/www.humanium.org\/fr\/nous-croyons-en-la-jeunesse\/"]}]},{"@type":"ImageObject","inLanguage":"fr-FR","@id":"https:\/\/www.humanium.org\/fr\/nous-croyons-en-la-jeunesse\/#primaryimage","url":"https:\/\/www.humanium.org\/fr\/wp-content\/uploads\/2018\/08\/Nelson-Mandela.jpg","contentUrl":"https:\/\/www.humanium.org\/fr\/wp-content\/uploads\/2018\/08\/Nelson-Mandela.jpg","width":620,"height":350},{"@type":"BreadcrumbList","@id":"https:\/\/www.humanium.org\/fr\/nous-croyons-en-la-jeunesse\/#breadcrumb","itemListElement":[{"@type":"ListItem","position":1,"name":"Home","item":"https:\/\/www.humanium.org\/fr\/"},{"@type":"ListItem","position":2,"name":"Nous croyons en la jeunesse: \u00ab Chaque g\u00e9n\u00e9ration a l&rsquo;opportunit\u00e9 de refaire le monde \u00bb"}]},{"@type":"WebSite","@id":"https:\/\/www.humanium.org\/fr\/#website","url":"https:\/\/www.humanium.org\/fr\/","name":"Humanium","description":"Les enfants d\u2019abord !","potentialAction":[{"@type":"SearchAction","target":{"@type":"EntryPoint","urlTemplate":"https:\/\/www.humanium.org\/fr\/?s={search_term_string}"},"query-input":{"@type":"PropertyValueSpecification","valueRequired":true,"valueName":"search_term_string"}}],"inLanguage":"fr-FR"},{"@type":"Person","@id":"https:\/\/www.humanium.org\/fr\/#\/schema\/person\/d798d6c7d59ba2307e0877f61a20ce3e","name":"Humanium","image":{"@type":"ImageObject","inLanguage":"fr-FR","@id":"https:\/\/secure.gravatar.com\/avatar\/22715e338d2fcc547e3a431c4738360d33fea2a4af458f865b2c3b22f1eaa51f?s=96&d=mm&r=g","url":"https:\/\/secure.gravatar.com\/avatar\/22715e338d2fcc547e3a431c4738360d33fea2a4af458f865b2c3b22f1eaa51f?s=96&d=mm&r=g","contentUrl":"https:\/\/secure.gravatar.com\/avatar\/22715e338d2fcc547e3a431c4738360d33fea2a4af458f865b2c3b22f1eaa51f?s=96&d=mm&r=g","caption":"Humanium"},"url":"https:\/\/www.humanium.org\/fr\/author\/humanium\/"}]}},"_links":{"self":[{"href":"https:\/\/www.humanium.org\/fr\/wp-json\/wp\/v2\/posts\/43298","targetHints":{"allow":["GET"]}}],"collection":[{"href":"https:\/\/www.humanium.org\/fr\/wp-json\/wp\/v2\/posts"}],"about":[{"href":"https:\/\/www.humanium.org\/fr\/wp-json\/wp\/v2\/types\/post"}],"author":[{"embeddable":true,"href":"https:\/\/www.humanium.org\/fr\/wp-json\/wp\/v2\/users\/69"}],"replies":[{"embeddable":true,"href":"https:\/\/www.humanium.org\/fr\/wp-json\/wp\/v2\/comments?post=43298"}],"version-history":[{"count":4,"href":"https:\/\/www.humanium.org\/fr\/wp-json\/wp\/v2\/posts\/43298\/revisions"}],"predecessor-version":[{"id":43302,"href":"https:\/\/www.humanium.org\/fr\/wp-json\/wp\/v2\/posts\/43298\/revisions\/43302"}],"wp:featuredmedia":[{"embeddable":true,"href":"https:\/\/www.humanium.org\/fr\/wp-json\/wp\/v2\/media\/43296"}],"wp:attachment":[{"href":"https:\/\/www.humanium.org\/fr\/wp-json\/wp\/v2\/media?parent=43298"}],"wp:term":[{"taxonomy":"category","embeddable":true,"href":"https:\/\/www.humanium.org\/fr\/wp-json\/wp\/v2\/categories?post=43298"},{"taxonomy":"post_tag","embeddable":true,"href":"https:\/\/www.humanium.org\/fr\/wp-json\/wp\/v2\/tags?post=43298"}],"curies":[{"name":"wp","href":"https:\/\/api.w.org\/{rel}","templated":true}]}}