{"id":43339,"date":"2018-09-12T00:01:37","date_gmt":"2018-09-12T00:01:37","guid":{"rendered":"https:\/\/www.humanium.org\/fr\/?p=43339"},"modified":"2026-08-20T18:18:19","modified_gmt":"2026-08-20T18:18:19","slug":"les_mineurs-non-accompagnes","status":"publish","type":"post","link":"https:\/\/www.humanium.org\/fr\/les_mineurs-non-accompagnes\/","title":{"rendered":"Les mineurs non-accompagn\u00e9s, d\u2019aujourd\u2019hui et de demain, au Royaume du Maroc"},"content":{"rendered":"<p><strong>Depuis plusieurs ann\u00e9es maintenant, la situation des mineurs non-accompagn\u00e9s (MNA) a r\u00e9v\u00e9l\u00e9 un nouveau visage de la migration. Leur situation est d\u2019autant plus pr\u00e9occupante puisque leur statut juridique n\u2019est pas clairement encadr\u00e9 par les l\u00e9gislations internes, la notion de mineurs non-accompagn\u00e9s \u00e9tant relativement r\u00e9cente. De ce fait, dans beaucoup de pays, les MNA sont abandonn\u00e9s \u00e0 leur propre sort, dans des conditions de vies pr\u00e9caires, sans b\u00e9n\u00e9ficier, le plus souvent, de leurs droits. D\u2019autre part, en raison de leur \u00e2ge, ces enfants sont plus vuln\u00e9rables aux abus qu&rsquo;ils peuvent rencontrer sur leur chemin migratoire, tels que l\u2019exploitation d\u2019enfants, le trafic sexuel ou les r\u00e9seaux de traite d\u2019humains.<\/strong><\/p>\n<p>Au Maroc, pays de transit, mais \u00e9galement pays de destination et d\u2019accueil, l\u2019identification des MNA est compliqu\u00e9e pour plusieurs raisons. Il est tr\u00e8s difficile de quantifier le nombre de ces mineurs, puisque bien souvent, ils se font passer pour des adultes percevant leur minorit\u00e9 comme une vuln\u00e9rabilit\u00e9 et ignorant leur droit \u00e0 une protection particuli\u00e8re. D\u2019autres vont simplement \u00e9viter et fuir les autorit\u00e9s de peur d\u2019\u00eatre reconduit dans leur pays d\u2019origine. D\u00e8s lors, nous explique une r\u00e9cente \u00e9tude de Caritas Maroc<a href=\"#_ftn1\" name=\"_ftnref1\"><sup>[1]<\/sup><\/a>, seule une approximation peut \u00eatre \u00e9tablie du nombre de ces mineurs dans le pays. Sur la seule population migrante prise en charge par l\u2019association, les MNA repr\u00e9sentaient 11\u00a0%. Ce chiffre a tripl\u00e9 de 2013 \u00e0 2015<a href=\"#_ftn2\" name=\"_ftnref2\"><sup>[2]<\/sup><\/a>.<\/p>\n<p>Parall\u00e8lement \u00e0 ces MNA en situation irr\u00e9guli\u00e8re au Maroc, on constate un flux important de jeunes marocains s\u00e9par\u00e9s de leurs parents ou abandonn\u00e9s, qui migrent vers l\u2019Europe, en passant par l\u2019Espagne.<\/p>\n<p>Autrement dit, il y a deux flux importants concernant les MNA qui ont un lien avec le Maroc. Premi\u00e8rement les mineurs migrants venus d\u2019Afrique subsaharienne, qui traversent ou s\u2019installent au Maroc. Deuxi\u00e8mement les mineurs marocains qui quittent le pays esp\u00e9rant une vie meilleure en Europe, devenant alors des MNA sur le sol europ\u00e9en.<\/p>\n<p>Ces ph\u00e9nom\u00e8nes de migrations interpellent sur la n\u00e9cessaire mobilisation de la soci\u00e9t\u00e9 civile marocaine et sur un renforcement de la protection de l\u2019enfance.<\/p>\n<p>&nbsp;<\/p>\n<h2>La situation des MNA au Maroc, un probl\u00e8me d\u2019identit\u00e9 et de vide l\u00e9gislatif<\/h2>\n<p>Le Royaume du Maroc, face au diff\u00e9rents ph\u00e9nom\u00e8nes de migration, a d\u00e9cid\u00e9 d\u2019entreprendre, en 2013, une politique migratoire en instaurant la Strat\u00e9gie Nationale d\u2019Immigration et d\u2019Asile (SNIA) afin d\u2019instituer un cadre institutionnel et r\u00e9glementaire pour r\u00e9pondre aux besoins de la migration, g\u00e9rer les flux, et se conformer aux conventions internationales. Malgr\u00e9 de nombreux efforts entrepris, il subsiste encore des d\u00e9fis \u00e0 relever, notamment en ce qui concerne les MNA sur le sol marocain.<\/p>\n<p>Bien souvent les MNA arriv\u00e9s au Maroc ne disposent pas de documents d\u2019identit\u00e9 ou de document de circulation leur facilitant l\u2019acc\u00e8s \u00e0 de nombreux services de base, que ce soit l\u2019\u00e9ducation, la sant\u00e9, la justice ou la protection de l\u2019enfance. La Loi n\u00b0 02-03 \u00ab\u00a0relative \u00e0 l&rsquo;entr\u00e9e et du s\u00e9jour des \u00e9trangers au Royaume du Maroc, \u00e0 l&rsquo;\u00e9migration et l&rsquo;immigration irr\u00e9guli\u00e8res\u00a0\u00bb mentionne seulement les adultes \u00e9trangers comme \u00e9tant oblig\u00e9s de poss\u00e9der un titre de s\u00e9jour, ainsi les mineurs devraient eux en \u00eatre dispens\u00e9s en vertu des droits de l\u2019enfant. Cependant dans les faits, ce document repr\u00e9sente un gage de protection notamment \u00e0 cause d\u2019un manque d\u2019information et de sensibilisation du personnel. Ainsi on peut relever, un nombre important de MNA qui ne peuvent \u00eatre scolaris\u00e9s, alors qu\u2019ils en ont le droit en th\u00e9orie. De m\u00eame pour l\u2019acc\u00e8s \u00e0 des formations professionnelles, alors que la scolarit\u00e9 et la formation sont un pilier d\u2019 insertion et de r\u00e9insertion sociale.<br \/>\nEn outre, d\u00e9poss\u00e9d\u00e9s de tout document d\u2019identit\u00e9 ou de s\u00e9jour, ces mineurs sont particuli\u00e8rement vuln\u00e9rables aux d\u00e9placements forc\u00e9s, certains ne pouvant prouver leur minorit\u00e9 aux yeux des forces de l\u2019ordre.<a href=\"#_ftn3\" name=\"_ftnref3\"><sup>[3]<\/sup><\/a><\/p>\n<p>A ce sujet, la soci\u00e9t\u00e9 civile marocaine (associations et ONG) recommande de pr\u00e9voir l\u00e9gislativement la d\u00e9livrance d\u2019un document sp\u00e9cifique les identifiant comme mineurs afin d\u2019avoir acc\u00e8s \u00e0 l\u2019\u00e9ducation, aux soins, ainsi qu\u2019aux \u00e9tablissements de protection de l\u2019enfance. De m\u00eame, il est recommand\u00e9 un m\u00e9canisme de contr\u00f4le afin d\u2019\u00e9viter que ces mineurs ne soient d\u00e9tenus arbitrairement et renvoy\u00e9s en violation du droit international, et plus largement une meilleure sensibilisation aux droits de l\u2019enfant.<\/p>\n<p>&nbsp;<\/p>\n<h2>Les mineurs marocains non-accompagn\u00e9s en Europe, un signal de d\u00e9faillance de protection de l\u2019enfance<\/h2>\n<p>De plus, le Royaume ch\u00e9rifien fait face \u00e0 un autre probl\u00e8me, celui de la fuite de mineurs marocains vers l\u2019Europe, en recherche d\u2019un meilleur avenir, comme c\u2019est cas des mineurs migrants d\u2019Am\u00e9rique centrale voulant rejoindre les Etats-Unis.<\/p>\n<p>Un accord a \u00e9t\u00e9 sign\u00e9 courant juin entre les minist\u00e8res fran\u00e7ais et marocains de l\u2019Int\u00e9rieur afin que des policiers marocains interviennent \u00e0 Paris, pour \u00ab\u00a0identifier des mineurs et les expulser du territoire fran\u00e7ais.\u00a0\u00bb<a href=\"#_ftn4\" name=\"_ftnref4\"><sup>[4]<\/sup><\/a> Cette m\u00e9thode radicale, a \u00e9t\u00e9 d\u00e9nonc\u00e9e par des ONG \u0153uvrant pour la protection de l\u2019enfance. Plus globalement, ce ph\u00e9nom\u00e8ne sonne l\u2019alarme sur la situation de ces mineurs marocains non-accompagn\u00e9s pr\u00e9sents majoritairement dans la capitale fran\u00e7aise et qui ont d\u00e9j\u00e0 fait l\u2019objet de 813 gardes \u00e0 vues selon le journal \u00ab\u00a0Le Monde\u00a0\u00bb.<\/p>\n<p>Cette crise ing\u00e9rable pour la Mairie de Paris, interpelle aussi sur la motivation de ces jeunes \u00e0 fuir leur pays natal. Malgr\u00e9 une certaine volont\u00e9 du Maroc de prot\u00e9ger les enfants conform\u00e9ment au droit national et international de l\u2019enfant, il y a des d\u00e9faillances dans la coordination et la coh\u00e9rence pour pr\u00e9venir ces d\u00e9parts de mineurs vers l\u2019Europe. UNICEF Maroc constate que \u00ab\u00a0les services sociaux destin\u00e9s aux migrants rapatri\u00e9s sont uniquement fournis par des ONG locales ou par l\u2019entraide nationale sous la coordination technique d\u2019ONG espagnoles d\u00e9sign\u00e9es et financ\u00e9es par les R\u00e9gions autonomes espagnoles\u00a0\u00bb (exemple Ceuta, Mellila).<\/p>\n<p>D\u2019autre part, l\u2019organisation des Nations Unies, encourage le Maroc \u00e0 instaurer une politique de pr\u00e9vention, pour retenir ces mineurs qui veulent quitter le pays, ou du moins \u00e0 retarder leur d\u00e9cision. Ainsi \u00ab\u00a0L&rsquo;UNICEF encourage les solutions qui favorisent le retour des enfants migrants dans leurs familles proches, \u00e9largies ou dans leurs communaut\u00e9s dispos\u00e9es \u00e0 prendre soins d\u2019eux\u00a0\u00bb<a href=\"#_ftn5\" name=\"_ftnref5\"><sup>[5]<\/sup><\/a>. Elle encourage le Maroc \u00e0 suivre les recommandations du Comit\u00e9 des Droits de l\u2019Enfant, \u00e0 savoir de pr\u00e9venir l\u2019\u00e9migration des mineurs marocains vers l\u2019Europe, en favorisant leur r\u00e9insertion scolaire, mais aussi en s\u2019assurant que les MNA marocains rapatri\u00e9s au Maroc, soient dirig\u00e9s vers leurs familles ou des services sociaux de protection de l\u2019enfance afin d\u2019\u00eatre r\u00e9ins\u00e9r\u00e9s dans la soci\u00e9t\u00e9.<\/p>\n<p>En attendant toute man\u0153uvre de l\u2019\u00c9tat marocain, ces enfants qui esp\u00e8rent un passage vers l\u2019Europe, pr\u00e8s des ports marocains, sont les migrants de demain, et doivent \u00eatre inclus dans la question migratoire marocaine.<\/p>\n<p>&nbsp;<\/p>\n<p><em>\u00c9crit par: Eddy Malouli<\/em><\/p>\n<p><em>Revu par: Anja Finke<\/em><\/p>\n<p><strong>\u00a0<\/strong><\/p>\n<p><strong>Sources<\/strong><\/p>\n<p>&nbsp;<\/p>\n<ul>\n<li>Etude r\u00e9alis\u00e9e par Caritas Maroc et M\u00e9decins du Monde Belgique. Mineur-e-s non accompagn\u00e9-e-s, en recherche d&rsquo;avenir\u00a0: https:\/\/dujieoqn176qs.cloudfront.net\/sites\/www.doktersvandewereld.be\/files\/publicatie\/attachments\/etude_mineur-e-s_non_accompagne-e-s_en_recherche_davenir.pdf<\/li>\n<li>UNICEF Maroc\u00a0: https:\/\/www.unicef.org\/morocco\/french\/media_3155.html<\/li>\n<li>Etude r\u00e9alis\u00e9e par UNICEF Maroc. Migration en Espagne des enfants non accompagn\u00e9s: cas du Maroc : https:\/\/www.unicef.org\/morocco\/french\/Etude_Migration_des_mineurs_Marocains_vers_l_Espagne.pdf<\/li>\n<li>OIM Maroc\u00a0: https:\/\/morocco.iom.int\/sites\/default\/files\/OIM%20MAROC-fiche%20projet%20ENAS.PDF<\/li>\n<li>Projet d\u2019\u00e9tude Recherche sur la situation des Mineurs Etrangers non accompagn\u00e9s au Maroc\u00a0:http:\/\/www.tanmia.ma\/projet-detude-recherche-sur-la-situation-des-mineurs-etrangers-non-accompagnes-au-maroc\/#_ftnref1<\/li>\n<\/ul>\n<p>&nbsp;<\/p>\n<p><a href=\"#_ftnref1\" name=\"_ftn1\"><sup>[1]<\/sup><\/a> Etude nomm\u00e9e \u00ab\u00a0Mineur-e-s non accompagn\u00e9-e-s, en recherche d&rsquo;avenir\u00a0\u00bb r\u00e9alis\u00e9e par Caritas Maroc en Avril 2016<\/p>\n<p><a href=\"#_ftnref2\" name=\"_ftn2\"><sup>[2]<\/sup><\/a> Statistiques extraites de l\u2019\u00e9tude de Caritas Maroc pr\u00e9cit\u00e9e.<\/p>\n<p><a href=\"#_ftnref3\" name=\"_ftn3\"><sup>[3]<\/sup><\/a>\u00a0\u00a0\u00a0 En outre, les tests de d\u00e9terminations de l\u2019\u00e2ge des mineurs ne disposant pas de pi\u00e8ce d\u2019identit\u00e9 ne se pratiquent pas au Maroc<\/p>\n<p><a href=\"#_ftnref4\" name=\"_ftn4\"><sup>[4]<\/sup><\/a>\u00a0\u00a0\u00a0 https:\/\/www.nouvelobs.com\/justice\/20180718.OBS9879\/enfants-des-rues-a-la-goutte-d-or-la-police-marocaine-appelee-a-la-rescousse-par-la-france.html<\/p>\n<p><a href=\"#_ftnref5\" name=\"_ftn5\"><sup>[5]<\/sup><\/a> \u00ab\u00a0Nouveau visage de la migration, les mineurs non accompagn\u00e9s\u00a0\u00bb \u00e9tude r\u00e9alis\u00e9e par UNICEF Maroc.<\/p>\n<p>&nbsp;<\/p>\n","protected":false},"excerpt":{"rendered":"<p>Depuis plusieurs ann\u00e9es maintenant, la situation des mineurs non-accompagn\u00e9s (MNA) a r\u00e9v\u00e9l\u00e9 un nouveau visage de la migration. Leur situation est d\u2019autant plus pr\u00e9occupante puisque leur statut juridique n\u2019est pas clairement encadr\u00e9 par les l\u00e9gislations internes, la notion de mineurs non-accompagn\u00e9s \u00e9tant relativement r\u00e9cente. De ce fait, dans beaucoup de pays, les MNA sont abandonn\u00e9s [&hellip;]<\/p>\n","protected":false},"author":69,"featured_media":43338,"comment_status":"closed","ping_status":"closed","sticky":false,"template":"","format":"standard","meta":{"footnotes":""},"categories":[2,220,215],"tags":[],"class_list":["post-43339","post","type-post","status-publish","format-standard","has-post-thumbnail","hentry","category-citoyennete","category-droits-des-enfants","category-refugies"],"yoast_head":"<!-- This site is optimized with the Yoast SEO plugin v28.3 - https:\/\/yoast.com\/product\/yoast-seo-wordpress\/ -->\n<title>Les mineurs non-accompagn\u00e9s, d\u2019aujourd\u2019hui et de demain, au Royaume du Maroc - Humanium<\/title>\n<meta name=\"description\" content=\"Depuis plusieurs ann\u00e9es maintenant, la situation des Mineurs Non-Accompagn\u00e9s a r\u00e9v\u00e9l\u00e9 un nouveau visage de la migration. Leur situation \u00e9tant d\u2019autant plus pr\u00e9occupante, puisque leur statut juridique n\u2019est pas clairement encadr\u00e9 par les l\u00e9gislations internes.\" \/>\n<meta name=\"robots\" content=\"index, follow, max-snippet:-1, max-image-preview:large, max-video-preview:-1\" \/>\n<link rel=\"canonical\" href=\"https:\/\/www.humanium.org\/fr\/les_mineurs-non-accompagnes\/\" \/>\n<meta property=\"og:locale\" content=\"fr_FR\" \/>\n<meta property=\"og:type\" content=\"article\" \/>\n<meta property=\"og:title\" content=\"Les mineurs non-accompagn\u00e9s, d\u2019aujourd\u2019hui et de demain, au Royaume du Maroc - Humanium\" \/>\n<meta property=\"og:description\" content=\"Depuis plusieurs ann\u00e9es maintenant, la situation des Mineurs Non-Accompagn\u00e9s a r\u00e9v\u00e9l\u00e9 un nouveau visage de la migration. Leur situation \u00e9tant d\u2019autant plus pr\u00e9occupante, puisque leur statut juridique n\u2019est pas clairement encadr\u00e9 par les l\u00e9gislations internes.\" \/>\n<meta property=\"og:url\" content=\"https:\/\/www.humanium.org\/fr\/les_mineurs-non-accompagnes\/\" \/>\n<meta property=\"og:site_name\" content=\"Humanium\" \/>\n<meta property=\"article:published_time\" content=\"2018-09-12T00:01:37+00:00\" \/>\n<meta property=\"article:modified_time\" content=\"2026-08-20T18:18:19+00:00\" \/>\n<meta property=\"og:image\" content=\"https:\/\/www.humanium.org\/fr\/wp-content\/uploads\/2018\/09\/Children-Morocco.png\" \/>\n\t<meta property=\"og:image:width\" content=\"782\" \/>\n\t<meta property=\"og:image:height\" content=\"401\" \/>\n\t<meta property=\"og:image:type\" content=\"image\/png\" \/>\n<meta name=\"author\" content=\"Humanium\" \/>\n<meta name=\"twitter:card\" content=\"summary_large_image\" \/>\n<meta name=\"twitter:label1\" content=\"\u00c9crit par\" \/>\n\t<meta name=\"twitter:data1\" content=\"Humanium\" \/>\n\t<meta name=\"twitter:label2\" content=\"Dur\u00e9e de lecture estim\u00e9e\" \/>\n\t<meta name=\"twitter:data2\" content=\"7 minutes\" \/>\n<script type=\"application\/ld+json\" class=\"yoast-schema-graph\">{\"@context\":\"https:\\\/\\\/schema.org\",\"@graph\":[{\"@type\":\"Article\",\"@id\":\"https:\\\/\\\/www.humanium.org\\\/fr\\\/les_mineurs-non-accompagnes\\\/#article\",\"isPartOf\":{\"@id\":\"https:\\\/\\\/www.humanium.org\\\/fr\\\/les_mineurs-non-accompagnes\\\/\"},\"author\":{\"name\":\"Humanium\",\"@id\":\"https:\\\/\\\/www.humanium.org\\\/fr\\\/#\\\/schema\\\/person\\\/d798d6c7d59ba2307e0877f61a20ce3e\"},\"headline\":\"Les mineurs non-accompagn\u00e9s, d\u2019aujourd\u2019hui et de demain, au Royaume du Maroc\",\"datePublished\":\"2018-09-12T00:01:37+00:00\",\"dateModified\":\"2026-08-20T18:18:19+00:00\",\"mainEntityOfPage\":{\"@id\":\"https:\\\/\\\/www.humanium.org\\\/fr\\\/les_mineurs-non-accompagnes\\\/\"},\"wordCount\":1452,\"image\":{\"@id\":\"https:\\\/\\\/www.humanium.org\\\/fr\\\/les_mineurs-non-accompagnes\\\/#primaryimage\"},\"thumbnailUrl\":\"https:\\\/\\\/www.humanium.org\\\/fr\\\/wp-content\\\/uploads\\\/2018\\\/09\\\/Children-Morocco.png\",\"articleSection\":[\"Citoyennet\u00e9\",\"Droits des enfants\",\"R\u00e9fugi\u00e9s\"],\"inLanguage\":\"fr-FR\"},{\"@type\":\"WebPage\",\"@id\":\"https:\\\/\\\/www.humanium.org\\\/fr\\\/les_mineurs-non-accompagnes\\\/\",\"url\":\"https:\\\/\\\/www.humanium.org\\\/fr\\\/les_mineurs-non-accompagnes\\\/\",\"name\":\"Les mineurs non-accompagn\u00e9s, d\u2019aujourd\u2019hui et de demain, au Royaume du Maroc - Humanium\",\"isPartOf\":{\"@id\":\"https:\\\/\\\/www.humanium.org\\\/fr\\\/#website\"},\"primaryImageOfPage\":{\"@id\":\"https:\\\/\\\/www.humanium.org\\\/fr\\\/les_mineurs-non-accompagnes\\\/#primaryimage\"},\"image\":{\"@id\":\"https:\\\/\\\/www.humanium.org\\\/fr\\\/les_mineurs-non-accompagnes\\\/#primaryimage\"},\"thumbnailUrl\":\"https:\\\/\\\/www.humanium.org\\\/fr\\\/wp-content\\\/uploads\\\/2018\\\/09\\\/Children-Morocco.png\",\"datePublished\":\"2018-09-12T00:01:37+00:00\",\"dateModified\":\"2026-08-20T18:18:19+00:00\",\"author\":{\"@id\":\"https:\\\/\\\/www.humanium.org\\\/fr\\\/#\\\/schema\\\/person\\\/d798d6c7d59ba2307e0877f61a20ce3e\"},\"description\":\"Depuis plusieurs ann\u00e9es maintenant, la situation des Mineurs Non-Accompagn\u00e9s a r\u00e9v\u00e9l\u00e9 un nouveau visage de la migration. Leur situation \u00e9tant d\u2019autant plus pr\u00e9occupante, puisque leur statut juridique n\u2019est pas clairement encadr\u00e9 par les l\u00e9gislations internes.\",\"breadcrumb\":{\"@id\":\"https:\\\/\\\/www.humanium.org\\\/fr\\\/les_mineurs-non-accompagnes\\\/#breadcrumb\"},\"inLanguage\":\"fr-FR\",\"potentialAction\":[{\"@type\":\"ReadAction\",\"target\":[\"https:\\\/\\\/www.humanium.org\\\/fr\\\/les_mineurs-non-accompagnes\\\/\"]}]},{\"@type\":\"ImageObject\",\"inLanguage\":\"fr-FR\",\"@id\":\"https:\\\/\\\/www.humanium.org\\\/fr\\\/les_mineurs-non-accompagnes\\\/#primaryimage\",\"url\":\"https:\\\/\\\/www.humanium.org\\\/fr\\\/wp-content\\\/uploads\\\/2018\\\/09\\\/Children-Morocco.png\",\"contentUrl\":\"https:\\\/\\\/www.humanium.org\\\/fr\\\/wp-content\\\/uploads\\\/2018\\\/09\\\/Children-Morocco.png\",\"width\":782,\"height\":401},{\"@type\":\"BreadcrumbList\",\"@id\":\"https:\\\/\\\/www.humanium.org\\\/fr\\\/les_mineurs-non-accompagnes\\\/#breadcrumb\",\"itemListElement\":[{\"@type\":\"ListItem\",\"position\":1,\"name\":\"Home\",\"item\":\"https:\\\/\\\/www.humanium.org\\\/fr\\\/\"},{\"@type\":\"ListItem\",\"position\":2,\"name\":\"Les mineurs non-accompagn\u00e9s, d\u2019aujourd\u2019hui et de demain, au Royaume du Maroc\"}]},{\"@type\":\"WebSite\",\"@id\":\"https:\\\/\\\/www.humanium.org\\\/fr\\\/#website\",\"url\":\"https:\\\/\\\/www.humanium.org\\\/fr\\\/\",\"name\":\"Humanium\",\"description\":\"Les enfants d\u2019abord !\",\"potentialAction\":[{\"@type\":\"SearchAction\",\"target\":{\"@type\":\"EntryPoint\",\"urlTemplate\":\"https:\\\/\\\/www.humanium.org\\\/fr\\\/?s={search_term_string}\"},\"query-input\":{\"@type\":\"PropertyValueSpecification\",\"valueRequired\":true,\"valueName\":\"search_term_string\"}}],\"inLanguage\":\"fr-FR\"},{\"@type\":\"Person\",\"@id\":\"https:\\\/\\\/www.humanium.org\\\/fr\\\/#\\\/schema\\\/person\\\/d798d6c7d59ba2307e0877f61a20ce3e\",\"name\":\"Humanium\",\"image\":{\"@type\":\"ImageObject\",\"inLanguage\":\"fr-FR\",\"@id\":\"https:\\\/\\\/secure.gravatar.com\\\/avatar\\\/22715e338d2fcc547e3a431c4738360d33fea2a4af458f865b2c3b22f1eaa51f?s=96&d=mm&r=g\",\"url\":\"https:\\\/\\\/secure.gravatar.com\\\/avatar\\\/22715e338d2fcc547e3a431c4738360d33fea2a4af458f865b2c3b22f1eaa51f?s=96&d=mm&r=g\",\"contentUrl\":\"https:\\\/\\\/secure.gravatar.com\\\/avatar\\\/22715e338d2fcc547e3a431c4738360d33fea2a4af458f865b2c3b22f1eaa51f?s=96&d=mm&r=g\",\"caption\":\"Humanium\"},\"url\":\"https:\\\/\\\/www.humanium.org\\\/fr\\\/author\\\/humanium\\\/\"}]}<\/script>\n<!-- \/ Yoast SEO plugin. -->","yoast_head_json":{"title":"Les mineurs non-accompagn\u00e9s, d\u2019aujourd\u2019hui et de demain, au Royaume du Maroc - Humanium","description":"Depuis plusieurs ann\u00e9es maintenant, la situation des Mineurs Non-Accompagn\u00e9s a r\u00e9v\u00e9l\u00e9 un nouveau visage de la migration. Leur situation \u00e9tant d\u2019autant plus pr\u00e9occupante, puisque leur statut juridique n\u2019est pas clairement encadr\u00e9 par les l\u00e9gislations internes.","robots":{"index":"index","follow":"follow","max-snippet":"max-snippet:-1","max-image-preview":"max-image-preview:large","max-video-preview":"max-video-preview:-1"},"canonical":"https:\/\/www.humanium.org\/fr\/les_mineurs-non-accompagnes\/","og_locale":"fr_FR","og_type":"article","og_title":"Les mineurs non-accompagn\u00e9s, d\u2019aujourd\u2019hui et de demain, au Royaume du Maroc - Humanium","og_description":"Depuis plusieurs ann\u00e9es maintenant, la situation des Mineurs Non-Accompagn\u00e9s a r\u00e9v\u00e9l\u00e9 un nouveau visage de la migration. Leur situation \u00e9tant d\u2019autant plus pr\u00e9occupante, puisque leur statut juridique n\u2019est pas clairement encadr\u00e9 par les l\u00e9gislations internes.","og_url":"https:\/\/www.humanium.org\/fr\/les_mineurs-non-accompagnes\/","og_site_name":"Humanium","article_published_time":"2018-09-12T00:01:37+00:00","article_modified_time":"2026-08-20T18:18:19+00:00","og_image":[{"width":782,"height":401,"url":"https:\/\/www.humanium.org\/fr\/wp-content\/uploads\/2018\/09\/Children-Morocco.png","type":"image\/png"}],"author":"Humanium","twitter_card":"summary_large_image","twitter_misc":{"\u00c9crit par":"Humanium","Dur\u00e9e de lecture estim\u00e9e":"7 minutes"},"schema":{"@context":"https:\/\/schema.org","@graph":[{"@type":"Article","@id":"https:\/\/www.humanium.org\/fr\/les_mineurs-non-accompagnes\/#article","isPartOf":{"@id":"https:\/\/www.humanium.org\/fr\/les_mineurs-non-accompagnes\/"},"author":{"name":"Humanium","@id":"https:\/\/www.humanium.org\/fr\/#\/schema\/person\/d798d6c7d59ba2307e0877f61a20ce3e"},"headline":"Les mineurs non-accompagn\u00e9s, d\u2019aujourd\u2019hui et de demain, au Royaume du Maroc","datePublished":"2018-09-12T00:01:37+00:00","dateModified":"2026-08-20T18:18:19+00:00","mainEntityOfPage":{"@id":"https:\/\/www.humanium.org\/fr\/les_mineurs-non-accompagnes\/"},"wordCount":1452,"image":{"@id":"https:\/\/www.humanium.org\/fr\/les_mineurs-non-accompagnes\/#primaryimage"},"thumbnailUrl":"https:\/\/www.humanium.org\/fr\/wp-content\/uploads\/2018\/09\/Children-Morocco.png","articleSection":["Citoyennet\u00e9","Droits des enfants","R\u00e9fugi\u00e9s"],"inLanguage":"fr-FR"},{"@type":"WebPage","@id":"https:\/\/www.humanium.org\/fr\/les_mineurs-non-accompagnes\/","url":"https:\/\/www.humanium.org\/fr\/les_mineurs-non-accompagnes\/","name":"Les mineurs non-accompagn\u00e9s, d\u2019aujourd\u2019hui et de demain, au Royaume du Maroc - Humanium","isPartOf":{"@id":"https:\/\/www.humanium.org\/fr\/#website"},"primaryImageOfPage":{"@id":"https:\/\/www.humanium.org\/fr\/les_mineurs-non-accompagnes\/#primaryimage"},"image":{"@id":"https:\/\/www.humanium.org\/fr\/les_mineurs-non-accompagnes\/#primaryimage"},"thumbnailUrl":"https:\/\/www.humanium.org\/fr\/wp-content\/uploads\/2018\/09\/Children-Morocco.png","datePublished":"2018-09-12T00:01:37+00:00","dateModified":"2026-08-20T18:18:19+00:00","author":{"@id":"https:\/\/www.humanium.org\/fr\/#\/schema\/person\/d798d6c7d59ba2307e0877f61a20ce3e"},"description":"Depuis plusieurs ann\u00e9es maintenant, la situation des Mineurs Non-Accompagn\u00e9s a r\u00e9v\u00e9l\u00e9 un nouveau visage de la migration. Leur situation \u00e9tant d\u2019autant plus pr\u00e9occupante, puisque leur statut juridique n\u2019est pas clairement encadr\u00e9 par les l\u00e9gislations internes.","breadcrumb":{"@id":"https:\/\/www.humanium.org\/fr\/les_mineurs-non-accompagnes\/#breadcrumb"},"inLanguage":"fr-FR","potentialAction":[{"@type":"ReadAction","target":["https:\/\/www.humanium.org\/fr\/les_mineurs-non-accompagnes\/"]}]},{"@type":"ImageObject","inLanguage":"fr-FR","@id":"https:\/\/www.humanium.org\/fr\/les_mineurs-non-accompagnes\/#primaryimage","url":"https:\/\/www.humanium.org\/fr\/wp-content\/uploads\/2018\/09\/Children-Morocco.png","contentUrl":"https:\/\/www.humanium.org\/fr\/wp-content\/uploads\/2018\/09\/Children-Morocco.png","width":782,"height":401},{"@type":"BreadcrumbList","@id":"https:\/\/www.humanium.org\/fr\/les_mineurs-non-accompagnes\/#breadcrumb","itemListElement":[{"@type":"ListItem","position":1,"name":"Home","item":"https:\/\/www.humanium.org\/fr\/"},{"@type":"ListItem","position":2,"name":"Les mineurs non-accompagn\u00e9s, d\u2019aujourd\u2019hui et de demain, au Royaume du Maroc"}]},{"@type":"WebSite","@id":"https:\/\/www.humanium.org\/fr\/#website","url":"https:\/\/www.humanium.org\/fr\/","name":"Humanium","description":"Les enfants d\u2019abord !","potentialAction":[{"@type":"SearchAction","target":{"@type":"EntryPoint","urlTemplate":"https:\/\/www.humanium.org\/fr\/?s={search_term_string}"},"query-input":{"@type":"PropertyValueSpecification","valueRequired":true,"valueName":"search_term_string"}}],"inLanguage":"fr-FR"},{"@type":"Person","@id":"https:\/\/www.humanium.org\/fr\/#\/schema\/person\/d798d6c7d59ba2307e0877f61a20ce3e","name":"Humanium","image":{"@type":"ImageObject","inLanguage":"fr-FR","@id":"https:\/\/secure.gravatar.com\/avatar\/22715e338d2fcc547e3a431c4738360d33fea2a4af458f865b2c3b22f1eaa51f?s=96&d=mm&r=g","url":"https:\/\/secure.gravatar.com\/avatar\/22715e338d2fcc547e3a431c4738360d33fea2a4af458f865b2c3b22f1eaa51f?s=96&d=mm&r=g","contentUrl":"https:\/\/secure.gravatar.com\/avatar\/22715e338d2fcc547e3a431c4738360d33fea2a4af458f865b2c3b22f1eaa51f?s=96&d=mm&r=g","caption":"Humanium"},"url":"https:\/\/www.humanium.org\/fr\/author\/humanium\/"}]}},"_links":{"self":[{"href":"https:\/\/www.humanium.org\/fr\/wp-json\/wp\/v2\/posts\/43339","targetHints":{"allow":["GET"]}}],"collection":[{"href":"https:\/\/www.humanium.org\/fr\/wp-json\/wp\/v2\/posts"}],"about":[{"href":"https:\/\/www.humanium.org\/fr\/wp-json\/wp\/v2\/types\/post"}],"author":[{"embeddable":true,"href":"https:\/\/www.humanium.org\/fr\/wp-json\/wp\/v2\/users\/69"}],"replies":[{"embeddable":true,"href":"https:\/\/www.humanium.org\/fr\/wp-json\/wp\/v2\/comments?post=43339"}],"version-history":[{"count":3,"href":"https:\/\/www.humanium.org\/fr\/wp-json\/wp\/v2\/posts\/43339\/revisions"}],"predecessor-version":[{"id":43834,"href":"https:\/\/www.humanium.org\/fr\/wp-json\/wp\/v2\/posts\/43339\/revisions\/43834"}],"wp:featuredmedia":[{"embeddable":true,"href":"https:\/\/www.humanium.org\/fr\/wp-json\/wp\/v2\/media\/43338"}],"wp:attachment":[{"href":"https:\/\/www.humanium.org\/fr\/wp-json\/wp\/v2\/media?parent=43339"}],"wp:term":[{"taxonomy":"category","embeddable":true,"href":"https:\/\/www.humanium.org\/fr\/wp-json\/wp\/v2\/categories?post=43339"},{"taxonomy":"post_tag","embeddable":true,"href":"https:\/\/www.humanium.org\/fr\/wp-json\/wp\/v2\/tags?post=43339"}],"curies":[{"name":"wp","href":"https:\/\/api.w.org\/{rel}","templated":true}]}}