{"id":43348,"date":"2018-09-26T00:01:01","date_gmt":"2018-09-26T00:01:01","guid":{"rendered":"https:\/\/www.humanium.org\/fr\/?p=43348"},"modified":"2026-08-20T18:18:19","modified_gmt":"2026-08-20T18:18:19","slug":"lenfance-afghane-en-exil","status":"publish","type":"post","link":"https:\/\/www.humanium.org\/fr\/lenfance-afghane-en-exil\/","title":{"rendered":"L\u2019enfance afghane en exil"},"content":{"rendered":"<p><strong> \u00c0 15 ans on se prend \u00e0 r\u00eaver \u00e0 un futur peint aux couleurs de nos passions et nos envies s\u2019affirment au milieu des premi\u00e8res vraies sorties, des dilemmes scolaires, des premiers \u00e9mois et des amiti\u00e9s inusables. Mais \u00e0 Kaboul, H\u00e9rat ou encore Kandahar, pour des milliers d\u2019adolescents le pr\u00e9sent a bombard\u00e9 les cours de r\u00e9cr\u00e9 et le futur se conjugue avec l\u2019ailleurs. Selon le Haut commissaire des Nations unies pour les R\u00e9fugi\u00e9s (HCR) l\u2019Afghanistan est le second pays d\u2019origine des exil\u00e9s avec plus de 2,6 millions de r\u00e9fugi\u00e9s dispers\u00e9s dans plus de 70 pays (Rapport Amnesty 2017\/2018). Parmis eux, beaucoup de jeunes gar\u00e7ons bravent tous les dangers pour avoir une chance de recommencer ailleurs et aider leur famille une fois en lieu s\u00fbr. Retour sur l\u2019itin\u00e9raire p\u00e9rilleux de ses adolescents qui traversent les fronti\u00e8res l\u2019espoir chevill\u00e9 au corps.<\/strong><\/p>\n<p>&nbsp;<\/p>\n<h2>Que fuit ils ?<\/h2>\n<p><span style=\"font-weight: 400;\"> \u00a0L\u2019Afghanistan vit un conflit interminable depuis les ann\u00e9es 80. Champ de bataille de pr\u00e9dilection des acteurs de la guerre froide, le pays se retrouve sous le joug sovi\u00e9tique en 1978. L\u2019occupation durera 14 ans, jalonn\u00e9e par des combats men\u00e9s contre des groupes de l\u2019opposition entra\u00een\u00e9s par les Etats-unis. Apr\u00e8s le retrait des troupes russes en 1992, le pays entre en guerre civile, s\u2019en suit des instabilit\u00e9s politiques et des interventions militaires internationales. Aujourd\u2019hui selon une \u00e9tude de la BBC le pays serait sous le contr\u00f4le des talibans sur environs 70% de son territoire <\/span><span style=\"font-weight: 400;\">(Cnews, janvier, 2018)<\/span><span style=\"font-weight: 400;\">. Le quotidien est rythm\u00e9 par des attentats perp\u00e9tr\u00e9s par les talibans, dans des tentatives de prise de territoires ou par L\u2019Etat Islamique qui s\u2019implante et cr\u00e9e des tensions sectaires entra\u00eenant une ins\u00e9curit\u00e9 grandissante pour la population chiite qui est souvent la cible de leurs attaques <\/span><span style=\"font-weight: 400;\">(Lib\u00e9ration, f\u00e9vrier, 2018)<\/span><span style=\"font-weight: 400;\">. L&rsquo;ex\u00e9cutif quant \u00e0 lui est contest\u00e9 : les arm\u00e9s gouvernementales ainsi que les forces internationales sont imputables de 23% des 8 397 morts civiles survenues au cours de l\u2019ann\u00e9e 2016 <\/span><span style=\"font-weight: 400;\">(Rapport Amnesty 2016\/2017)<\/span><span style=\"font-weight: 400;\">. Bien que le gouvernement ait fait des efforts pour limiter le nombre de victimes civiles lors des op\u00e9rations terrestres, en 2017, le nombre de civils tu\u00e9s ou bless\u00e9s lors de frappes a\u00e9riennes, dont les deux tiers environs \u00e9taient des femmes et des enfants, a augment\u00e9 de quelques 50 % par rapport \u00e0 2016 <\/span><span style=\"font-weight: 400;\">(Rapport Amnesty 2017\/2018)<\/span><span style=\"font-weight: 400;\">. La population est prise en \u00e9tau entre les attaques men\u00e9es par les groupes arm\u00e9s insurg\u00e9s, les r\u00e9pressions du gouvernement qui tue, blesse et enr\u00f4le des enfants soldats et les interventions militaires internationales. L\u2019ins\u00e9curit\u00e9 constante se d\u00e9veloppe au profit de la sant\u00e9 et de l\u2019\u00e9ducation. Les femmes et les jeunes filles sont ch\u00e2ti\u00e9es sur la place publique par les groupes arm\u00e9s et n\u2019importe qui vit sous la menace des tortures inflig\u00e9es par les groupes rebelles. La MANUA a recens\u00e9 26 cas d\u2019ex\u00e9cution sommaire, de flagellation et de coups entre le 1er janvier et le 30 juin 2016.<\/span><span style=\"font-weight: 400;\">(Rapport Amnesty 2016\/2017)<\/span><span style=\"font-weight: 400;\">. Ces ch\u00e2timents ont \u00e9t\u00e9 impos\u00e9s pour des violations pr\u00e9sum\u00e9es de la charia ainsi que pour espionnage ou liens avec les forces de s\u00e9curit\u00e9. Dans ce contexte plusieurs millions d\u2019afghans fuit le pays et certaines familles confient leurs enfants \u00e0 des passeurs avec l\u2019esp\u00e9rance incertaine mais chevronn\u00e9e qu\u2019ils puissent gagner l\u2019Europe. \u00a0<\/span><\/p>\n<p>&nbsp;<\/p>\n<h2>Un Odyss\u00e9e aux fronti\u00e8res avec la mort<\/h2>\n<p><img loading=\"lazy\" decoding=\"async\" class=\"alignnone size-full wp-image-43343\" src=\"https:\/\/www.humanium.org\/fr\/wp-content\/uploads\/2018\/09\/shutterstock_397441207.jpg\" alt=\"\" width=\"3888\" height=\"2592\" srcset=\"https:\/\/www.humanium.org\/fr\/wp-content\/uploads\/2018\/09\/shutterstock_397441207.jpg 3888w, https:\/\/www.humanium.org\/fr\/wp-content\/uploads\/2018\/09\/shutterstock_397441207-300x200.jpg 300w, https:\/\/www.humanium.org\/fr\/wp-content\/uploads\/2018\/09\/shutterstock_397441207-768x512.jpg 768w, https:\/\/www.humanium.org\/fr\/wp-content\/uploads\/2018\/09\/shutterstock_397441207-1024x683.jpg 1024w, https:\/\/www.humanium.org\/fr\/wp-content\/uploads\/2018\/09\/shutterstock_397441207-830x553.jpg 830w, https:\/\/www.humanium.org\/fr\/wp-content\/uploads\/2018\/09\/shutterstock_397441207-230x153.jpg 230w, https:\/\/www.humanium.org\/fr\/wp-content\/uploads\/2018\/09\/shutterstock_397441207-350x233.jpg 350w, https:\/\/www.humanium.org\/fr\/wp-content\/uploads\/2018\/09\/shutterstock_397441207-480x320.jpg 480w, https:\/\/www.humanium.org\/fr\/wp-content\/uploads\/2018\/09\/shutterstock_397441207-272x182.jpg 272w\" sizes=\"auto, (max-width: 3888px) 100vw, 3888px\" \/><\/p>\n<p>&nbsp;<\/p>\n<p><span style=\"font-weight: 400;\"> \u201cDe l\u2019Iran \u00e0 la Gr\u00e8ce : 2 500 euros ; de la Gr\u00e8ce \u00e0 l\u2019Allemagne : 4 000 euros ; de la Gr\u00e8ce au Royaume-Uni : 6 000 euros ; de la Gr\u00e8ce \u00e0 la Su\u00e8de : 4 000 euros ; de la Gr\u00e8ce \u00e0 d\u2019autres pays europ\u00e9ens : 3 500 euros. Et pour un voyage en avion, comptez environ 12 000 dollars.\u201d \u00a0\u00a0Comme n\u2019importe quelle agence de voyage les passeurs exposent leurs tarifs, \u00e0 la diff\u00e9rence qu\u2019ils comptent sur l\u2019intensit\u00e9 des conflits pour faire recette. Leur r\u00f4le est d\u2019organiser le passage \u201cclandestin\u201d des r\u00e9fugi\u00e9s en n\u00e9gociant chaque tron\u00e7on et passage de fronti\u00e8res. Ils viennent g\u00e9n\u00e9ralement au contact des familles qui souhaitent faire partir un de leur fils dont la mission sera d\u2019entretenir les siens une fois en Europe. Des parents qui bien qu\u2019ayant conscience des dangers du p\u00e9riple, les pr\u00e9f\u00e8res \u00e0 ceux d\u2019un pays en guerre et des risques d&rsquo;enr\u00f4lement par les forces arm\u00e9s. C\u2019est le cas de Mohammed qui a confi\u00e9 deux de ses fils \u00e0 un passeur : \u00ab\u00a0M\u00eame si l&rsquo;Europe ferme ses fronti\u00e8res et mes fils se retrouvent coinc\u00e9s dans un no man&rsquo;s land, ils seront toujours plus en s\u00e9curit\u00e9 qu&rsquo;en Afghanistan. Sur le chemin, ils risquent d&rsquo;\u00eatre tu\u00e9s, mais s&rsquo;ils restent, ils seront tu\u00e9s\u00a0\u00bb<\/span><span style=\"font-weight: 400;\">(levif, mars, 2016)<\/span><span style=\"font-weight: 400;\">.<\/span><\/p>\n<p>&nbsp;<\/p>\n<p><img loading=\"lazy\" decoding=\"async\" class=\"alignnone size-full wp-image-43342\" src=\"https:\/\/www.humanium.org\/fr\/wp-content\/uploads\/2018\/09\/shutterstock_367744043.jpg\" alt=\"\" width=\"3500\" height=\"2333\" srcset=\"https:\/\/www.humanium.org\/fr\/wp-content\/uploads\/2018\/09\/shutterstock_367744043.jpg 3500w, https:\/\/www.humanium.org\/fr\/wp-content\/uploads\/2018\/09\/shutterstock_367744043-300x200.jpg 300w, https:\/\/www.humanium.org\/fr\/wp-content\/uploads\/2018\/09\/shutterstock_367744043-768x512.jpg 768w, https:\/\/www.humanium.org\/fr\/wp-content\/uploads\/2018\/09\/shutterstock_367744043-1024x683.jpg 1024w, https:\/\/www.humanium.org\/fr\/wp-content\/uploads\/2018\/09\/shutterstock_367744043-830x553.jpg 830w, https:\/\/www.humanium.org\/fr\/wp-content\/uploads\/2018\/09\/shutterstock_367744043-230x153.jpg 230w, https:\/\/www.humanium.org\/fr\/wp-content\/uploads\/2018\/09\/shutterstock_367744043-350x233.jpg 350w, https:\/\/www.humanium.org\/fr\/wp-content\/uploads\/2018\/09\/shutterstock_367744043-480x320.jpg 480w, https:\/\/www.humanium.org\/fr\/wp-content\/uploads\/2018\/09\/shutterstock_367744043-272x182.jpg 272w\" sizes=\"auto, (max-width: 3500px) 100vw, 3500px\" \/><\/p>\n<p>&nbsp;<\/p>\n<p><span style=\"font-weight: 400;\">L\u2019addition r\u00e9gl\u00e9e \u00e0 ses marchands de sable d\u2019un nouveau genre, un v\u00e9ritable parcours du combattant s\u2019engage, dont on peut en imaginer les \u00e9preuves en tournant les pages du livre Kotchok. Un r\u00e9cit r\u00e9dig\u00e9 par la journaliste Claire Billet et illustrer par le photographe Olivier Jobard qui ont suivi quatre mois durant, le p\u00e9riple de Rohani, Jawid, Khyber Fawad et Luqman. Ce livre est une retranscription de leurs espoirs, leurs peurs et les dangers qu\u2019ils ont travers\u00e9. On y apprend pa<\/span><span style=\"font-weight: 400;\">r exemple que pour parvenir en Iran, il faut marcher jour et nuit dans les montagnes, un voyage de 48 heures sans sommeil et dans le froid. En Turquie, il faut faire huit heures de route dans une camionnette et \u00eatre abandonn\u00e9 dans un champ o\u00f9 il faudra fuir la police \u00e0 toutes jambes. Enfin il faut avoir le courage de monter \u00e0 28 sur un bateau pneumatique, ces embarcations de fortune qui ont caus\u00e9 la mort de 3 100 migrants en 2017. <\/span><span style=\"font-weight: 400;\">(Telerama, fevrier, 2018)<\/span><span style=\"font-weight: 400;\">. <\/span><\/p>\n<p><span style=\"font-weight: 400;\"> \u00a0\u00c0 l\u2019\u00e9puisement et au danger viennent aussi s\u2019ajouter les s\u00e9parations. C\u2019est le cas de Haris et Usman, 16 et 17 ans, l\u2019un vit chez son oncle en Angleterre tandis que son fr\u00e8re Usman passe ses nuits, en France, dans la jungle de Calais dans l\u2019attente de pouvoir traverser la Manche. Comme eux, des fratries se voient d\u00e9chir\u00e9es, dispers\u00e9es au gr\u00e9 des itin\u00e9raires emprunt\u00e9s, des camps et des protocoles administratifs. <\/span><span style=\"font-weight: 400;\">(France 3, mars, 2017)<\/span><span style=\"font-weight: 400;\">. <\/span><\/p>\n<p><span style=\"font-weight: 400;\"> \u00a0Mais lors du voyage ce que les jeunes gar\u00e7ons craignent le plus c\u2019est leur apparence. En Afghanistan, les hommes et les femmes n\u2019ont pas le droit de se fr\u00e9quenter en dehors de la sph\u00e8re familiale. Lors de f\u00eates ou de r\u00e9union, les hommes maquillent et habillent les jeunes gar\u00e7ons imberbes, surnomm\u00e9s \u201cbatcha boz\u201d, et les utilisent comme distraction ou objet sexuel. Une p\u00e9dophilie taboue dans le pays mais qui ressurgit lors de la travers\u00e9e, o\u00f9, de nombreux enfants subissent viols et abus. <\/span><span style=\"font-weight: 400;\">(Tribune de Gen\u00e8ve, juin, 2016)<\/span><\/p>\n<p>&nbsp;<\/p>\n<h2>Des vall\u00e9es du Panjshir aux bidonvilles<\/h2>\n<p><span style=\"font-weight: 400;\">A la fin d\u2019un voyage dont les souvenirs sont emprunts d\u2019angoisses et de d\u00e9tresse, les jeunes r\u00e9fugi\u00e9s qui pensaient reprendre leur souffle en Europe se retrouvent bien souvent livr\u00e9s \u00e0 eux m\u00eames. En vertu des accords de Dublin un mineur non accompagn\u00e9 arriv\u00e9 sur le territoire europ\u00e9en est inexpulsable car les \u00e9tats membres de l\u2019UE, reconnaissent \u201cl\u2019int\u00e9r\u00eat sup\u00e9rieur de l\u2019enfant\u201d. Toutefois l&rsquo;afflux de migrants ses derni\u00e8res ann\u00e9es ralentit la prise en charge par les services sociaux ainsi que les d\u00e9marches de r\u00e9gularisation <\/span><span style=\"font-weight: 400;\">(infomigrants, octobre, 2017)<\/span><span style=\"font-weight: 400;\">. Des squats se forment dans les gares ou enfants et jeunes adultes se confondent, ses derniers tentant de se faire passer pour des mineurs afin de b\u00e9n\u00e9ficier de la m\u00eame protection.<\/span><\/p>\n<p><span style=\"font-weight: 400;\"> \u00a0Et pour les enfants afghans qui n\u2019ont pas r\u00e9ussi \u00e0 rejoindre l\u2019Europe, ils se r\u00e9fugient ou sont renvoy\u00e9s en Iran ou au Pakistan. \u00c0 la fronti\u00e8re de l\u2019Afghanistan, les deux pays concentrent 95 % des r\u00e9fugi\u00e9s afghans qui y vivent dans la pr\u00e9carit\u00e9 des bidonvilles. D\u00e9j\u00e0 en 2014, le photographe Muhammed Muheisen s\u2019\u00e9tait rendu au Pakistan dans le bidonville d\u2019Islamabad et avait tir\u00e9 quelques portraits. En faisant d\u00e9filer les photos, \u00a0les num\u00e9ros et les pourcentages qui tournent en boucle dans les JT prennent les traits de Noorkhan 6 ans, Safia 4 ans ou encore Khalzin 6 ans qui tient \u00e0 bout de bras son cousin Zaman \u00e2g\u00e9 de 3 mois<\/span><span style=\"font-weight: 400;\">(The Guardian, Janvier, 2014)<\/span><span style=\"font-weight: 400;\">. Au milieu de leurs visages marqu\u00e9s qui t\u00e9moignent des \u00e9preuves endur\u00e9es on est frapp\u00e9s par leur regards. Des yeux perdus dans le lointain mais teint\u00e9e d\u2019innocence, comme un fragment d\u2019enfance que la guerre n\u2019a pas r\u00e9ussi \u00e0 \u00e9teindre.<\/span><\/p>\n<p><span style=\"font-weight: 400;\"> \u00a0Le commandant Massoud, symbole de la r\u00e9sistance du peuple afghan \u00e9crivait en 2013 dans ses confessions que nous sommes tous le produit de nos actes et l\u2019addition de nos r\u00eaves. Alors \u00e0 tous les checkpoints, l\u2019enfance afghane se pare d\u2019actes de bravoures, de r\u00eaves de paix et d\u2019une m\u00eame insolence, celle de croire aux lendemains : voil\u00e0 ce qui repose sur les \u00e9paules fr\u00eales de ces \u201cmineurs-isol\u00e9s\u201d, ces enfants courageux comme Massoud, ces lions du Panjshir. <\/span><\/p>\n<p>&nbsp;<\/p>\n<p><em><span style=\"font-weight: 400;\">\u00c9crit par: Florine Tirole <\/span><\/em><\/p>\n<p>&nbsp;<\/p>\n<p><b>Sources :<\/b><\/p>\n<p><span style=\"font-weight: 400;\">Amnesty International Rapport, 2017\/2018, La situation des droits humains dans le monde, Afghanistan p.74 consult\u00e9 le 20\/04\/2018 disponible \u00e0 <\/span><span style=\"font-weight: 400;\">https:\/\/amnestyfr.cdn.prismic.io\/amnestyfr%2Fc788e69b-ba85-4ba2-8c44-adfd8dd2e9d5_pol1067002018french.pdf<\/span><\/p>\n<p><span style=\"font-weight: 400;\">Amnesty International Rapport, 2016\/2017, La situation des droits humains dans le monde, Afghanistan p.64 consult\u00e9 le 20\/04\/2018 disponible \u00e0 <\/span><span style=\"font-weight: 400;\">https:\/\/www.amnesty.ch\/fr\/sur-amnesty\/publications\/rapport-amnesty\/annee\/2016-2017\/air201617-french_2017-02-14_11-24-01.pdf<\/span><\/p>\n<p><span style=\"font-weight: 400;\">CNews, 31\/01\/2018, Les Talibans menacent 70% du territoire Afghan, consult\u00e9 le 20\/04\/2018 disponible \u00e0 <\/span><span style=\"font-weight: 400;\">http:\/\/www.cnews.fr\/monde\/2018-01-31\/les-talibans-menacent-70-du-territoire-afghan-773908<\/span><\/p>\n<p><span style=\"font-weight: 400;\">Lib\u00e9ration, 04\/02\/2018, Afghanistan : l\u2019interminable naufrage, consult\u00e9 le 20\/04\/2018 disponible \u00e0 <\/span><span style=\"font-weight: 400;\">http:\/\/www.liberation.fr\/debats\/2018\/02\/04\/afghanistan-l-interminable-naufrage_1627374<\/span><\/p>\n<p><span style=\"font-weight: 400;\">Le Vif, 30\/03\/2016, La terrible d\u00e9cision de parents afghans: envoyer leurs enfants, seuls, vers l&rsquo;Europe, consult\u00e9 le 20\/04\/2018 disponible \u00e0 <\/span><span style=\"font-weight: 400;\">http:\/\/www.levif.be\/actualite\/international\/la-terrible-decision-de-parents-afghans-envoyer-leurs-enfants-seuls-vers-l-europe\/article-normal-484071.html<\/span><\/p>\n<p><span style=\"font-weight: 400;\">Telerama, 01\/02\/2018, D&rsquo;Afghanistan en France, ils ont suivi le p\u00e9riple de migrants, consult\u00e9 le 20\/04\/2018 disponible \u00e0 <\/span><span style=\"font-weight: 400;\">http:\/\/www.telerama.fr\/jaidelesrefugies\/d-afghanistan-a-la-grece-ils-ont-suivi-le-periple-de-migrants,131633.php<\/span><\/p>\n<p><span style=\"font-weight: 400;\">Tribune de Gen\u00e8ve, 17\/06\/2016, Le p\u00e9riple fou des enfants afghans jusqu\u2019\u00e0 Calais, consult\u00e9 le 20\/04\/2018 disponible \u00e0 <\/span><span style=\"font-weight: 400;\">https:\/\/www.tdg.ch\/monde\/periple-fou-enfants-afghans-jusqu-calais\/story\/30464407<\/span><\/p>\n<p><span style=\"font-weight: 400;\">Infomigrants, 19\/10\/2017, Que se passe-t-il pour les \u00ab\u00a0mineurs non-accompagn\u00e9s\u00a0\u00bb qui arrivent en Europe ?, consult\u00e9 le 20\/04\/2018 disponible \u00e0 <\/span><span style=\"font-weight: 400;\">http:\/\/www.infomigrants.net\/fr\/post\/5677\/que-se-passe-t-il-pour-les-mineurs-non-accompagnes-qui-arrivent-en-europe<\/span><\/p>\n<p><span style=\"font-weight: 400;\">The Guardian, 28\/01\/2014, Muhammed Muheisen photographs Afghan refugee children in Islamabad &#8211; in pictures, consult\u00e9 le 20\/04\/2018 disponible \u00e0 <\/span><span style=\"font-weight: 400;\">https:\/\/www.theguardian.com\/artanddesign\/gallery\/2014\/jan\/28\/muhammed-muheisen-photographs-afghan-refugee-children-in-islamabad-in-pictures<\/span><\/p>\n<p>&nbsp;<\/p>\n<p><b>Bibliographie :<\/b><\/p>\n<p><span style=\"font-weight: 400;\">Claire BILLET et Olivier Jobard, Robert Laffont, Paris, 2015, Kotchok : Sur la route avec les migrants<\/span><\/p>\n<p><span style=\"font-weight: 400;\">Olivier Weber, Flammarion, Paris, 2013, La confession de Massoud <\/span><\/p>\n<p><span style=\"font-weight: 400;\">Lisa Vitturi et Nouri Khan Zaza\u00ef, Les Edtions du Cygne, Paris, 2012, Je suis un Pachtoune d&rsquo;Afghanistan: r\u00e9cit d&rsquo;un jeune r\u00e9fugi\u00e9<\/span><\/p>\n<p><span style=\"font-weight: 400;\">Mortaza Jami, Vendemiaire, Paris, 2012, Je savais qu&rsquo;en Europe on ne tire pas sur les gens. Itin\u00e9raire d&rsquo;un r\u00e9fugi\u00e9 afghan<\/span><\/p>\n","protected":false},"excerpt":{"rendered":"<p>\u00c0 15 ans on se prend \u00e0 r\u00eaver \u00e0 un futur peint aux couleurs de nos passions et nos envies s\u2019affirment au milieu des premi\u00e8res vraies sorties, des dilemmes scolaires, des premiers \u00e9mois et des amiti\u00e9s inusables. Mais \u00e0 Kaboul, H\u00e9rat ou encore Kandahar, pour des milliers d\u2019adolescents le pr\u00e9sent a bombard\u00e9 les cours de [&hellip;]<\/p>\n","protected":false},"author":69,"featured_media":43344,"comment_status":"closed","ping_status":"closed","sticky":false,"template":"","format":"standard","meta":{"footnotes":""},"categories":[220,9,215,214],"tags":[],"class_list":["post-43348","post","type-post","status-publish","format-standard","has-post-thumbnail","hentry","category-droits-des-enfants","category-paix","category-refugies","category-violence"],"yoast_head":"<!-- This site is optimized with the Yoast SEO plugin v28.3 - https:\/\/yoast.com\/product\/yoast-seo-wordpress\/ -->\n<title>L\u2019enfance afghane en exil - Humanium<\/title>\n<meta name=\"description\" content=\"Selon le UNHCR, l\u2019Afghanistan est le second pays d\u2019origine des exil\u00e9s avec plus de 2,6 millions de r\u00e9fugi\u00e9s dispers\u00e9s dans plus de 70 pays. Parmis eux, beaucoup de jeunes gar\u00e7ons bravent tous les dangers pour avoir une chance de recommencer ailleurs et aider leur famille une fois en lieu s\u00fbr.\" \/>\n<meta name=\"robots\" content=\"index, follow, max-snippet:-1, max-image-preview:large, max-video-preview:-1\" \/>\n<link rel=\"canonical\" href=\"https:\/\/www.humanium.org\/fr\/lenfance-afghane-en-exil\/\" \/>\n<meta property=\"og:locale\" content=\"fr_FR\" \/>\n<meta property=\"og:type\" content=\"article\" \/>\n<meta property=\"og:title\" content=\"L\u2019enfance afghane en exil - Humanium\" \/>\n<meta property=\"og:description\" content=\"Selon le UNHCR, l\u2019Afghanistan est le second pays d\u2019origine des exil\u00e9s avec plus de 2,6 millions de r\u00e9fugi\u00e9s dispers\u00e9s dans plus de 70 pays. Parmis eux, beaucoup de jeunes gar\u00e7ons bravent tous les dangers pour avoir une chance de recommencer ailleurs et aider leur famille une fois en lieu s\u00fbr.\" \/>\n<meta property=\"og:url\" content=\"https:\/\/www.humanium.org\/fr\/lenfance-afghane-en-exil\/\" \/>\n<meta property=\"og:site_name\" content=\"Humanium\" \/>\n<meta property=\"article:published_time\" content=\"2018-09-26T00:01:01+00:00\" \/>\n<meta property=\"article:modified_time\" content=\"2026-08-20T18:18:19+00:00\" \/>\n<meta property=\"og:image\" content=\"https:\/\/www.humanium.org\/fr\/wp-content\/uploads\/2018\/09\/shutterstock_203082754-1024x640.jpg\" \/>\n\t<meta property=\"og:image:width\" content=\"1024\" \/>\n\t<meta property=\"og:image:height\" content=\"640\" \/>\n\t<meta property=\"og:image:type\" content=\"image\/jpeg\" \/>\n<meta name=\"author\" content=\"Humanium\" \/>\n<meta name=\"twitter:card\" content=\"summary_large_image\" \/>\n<meta name=\"twitter:label1\" content=\"\u00c9crit par\" \/>\n\t<meta name=\"twitter:data1\" content=\"Humanium\" \/>\n\t<meta name=\"twitter:label2\" content=\"Dur\u00e9e de lecture estim\u00e9e\" \/>\n\t<meta name=\"twitter:data2\" content=\"9 minutes\" \/>\n<script type=\"application\/ld+json\" class=\"yoast-schema-graph\">{\"@context\":\"https:\\\/\\\/schema.org\",\"@graph\":[{\"@type\":\"Article\",\"@id\":\"https:\\\/\\\/www.humanium.org\\\/fr\\\/lenfance-afghane-en-exil\\\/#article\",\"isPartOf\":{\"@id\":\"https:\\\/\\\/www.humanium.org\\\/fr\\\/lenfance-afghane-en-exil\\\/\"},\"author\":{\"name\":\"Humanium\",\"@id\":\"https:\\\/\\\/www.humanium.org\\\/fr\\\/#\\\/schema\\\/person\\\/d798d6c7d59ba2307e0877f61a20ce3e\"},\"headline\":\"L\u2019enfance afghane en exil\",\"datePublished\":\"2018-09-26T00:01:01+00:00\",\"dateModified\":\"2026-08-20T18:18:19+00:00\",\"mainEntityOfPage\":{\"@id\":\"https:\\\/\\\/www.humanium.org\\\/fr\\\/lenfance-afghane-en-exil\\\/\"},\"wordCount\":1846,\"image\":{\"@id\":\"https:\\\/\\\/www.humanium.org\\\/fr\\\/lenfance-afghane-en-exil\\\/#primaryimage\"},\"thumbnailUrl\":\"https:\\\/\\\/www.humanium.org\\\/fr\\\/wp-content\\\/uploads\\\/2018\\\/09\\\/shutterstock_203082754.jpg\",\"articleSection\":[\"Droits des enfants\",\"Paix\",\"R\u00e9fugi\u00e9s\",\"violence\"],\"inLanguage\":\"fr-FR\"},{\"@type\":\"WebPage\",\"@id\":\"https:\\\/\\\/www.humanium.org\\\/fr\\\/lenfance-afghane-en-exil\\\/\",\"url\":\"https:\\\/\\\/www.humanium.org\\\/fr\\\/lenfance-afghane-en-exil\\\/\",\"name\":\"L\u2019enfance afghane en exil - Humanium\",\"isPartOf\":{\"@id\":\"https:\\\/\\\/www.humanium.org\\\/fr\\\/#website\"},\"primaryImageOfPage\":{\"@id\":\"https:\\\/\\\/www.humanium.org\\\/fr\\\/lenfance-afghane-en-exil\\\/#primaryimage\"},\"image\":{\"@id\":\"https:\\\/\\\/www.humanium.org\\\/fr\\\/lenfance-afghane-en-exil\\\/#primaryimage\"},\"thumbnailUrl\":\"https:\\\/\\\/www.humanium.org\\\/fr\\\/wp-content\\\/uploads\\\/2018\\\/09\\\/shutterstock_203082754.jpg\",\"datePublished\":\"2018-09-26T00:01:01+00:00\",\"dateModified\":\"2026-08-20T18:18:19+00:00\",\"author\":{\"@id\":\"https:\\\/\\\/www.humanium.org\\\/fr\\\/#\\\/schema\\\/person\\\/d798d6c7d59ba2307e0877f61a20ce3e\"},\"description\":\"Selon le UNHCR, l\u2019Afghanistan est le second pays d\u2019origine des exil\u00e9s avec plus de 2,6 millions de r\u00e9fugi\u00e9s dispers\u00e9s dans plus de 70 pays. Parmis eux, beaucoup de jeunes gar\u00e7ons bravent tous les dangers pour avoir une chance de recommencer ailleurs et aider leur famille une fois en lieu s\u00fbr.\",\"breadcrumb\":{\"@id\":\"https:\\\/\\\/www.humanium.org\\\/fr\\\/lenfance-afghane-en-exil\\\/#breadcrumb\"},\"inLanguage\":\"fr-FR\",\"potentialAction\":[{\"@type\":\"ReadAction\",\"target\":[\"https:\\\/\\\/www.humanium.org\\\/fr\\\/lenfance-afghane-en-exil\\\/\"]}]},{\"@type\":\"ImageObject\",\"inLanguage\":\"fr-FR\",\"@id\":\"https:\\\/\\\/www.humanium.org\\\/fr\\\/lenfance-afghane-en-exil\\\/#primaryimage\",\"url\":\"https:\\\/\\\/www.humanium.org\\\/fr\\\/wp-content\\\/uploads\\\/2018\\\/09\\\/shutterstock_203082754.jpg\",\"contentUrl\":\"https:\\\/\\\/www.humanium.org\\\/fr\\\/wp-content\\\/uploads\\\/2018\\\/09\\\/shutterstock_203082754.jpg\",\"width\":3598,\"height\":2250},{\"@type\":\"BreadcrumbList\",\"@id\":\"https:\\\/\\\/www.humanium.org\\\/fr\\\/lenfance-afghane-en-exil\\\/#breadcrumb\",\"itemListElement\":[{\"@type\":\"ListItem\",\"position\":1,\"name\":\"Home\",\"item\":\"https:\\\/\\\/www.humanium.org\\\/fr\\\/\"},{\"@type\":\"ListItem\",\"position\":2,\"name\":\"L\u2019enfance afghane en exil\"}]},{\"@type\":\"WebSite\",\"@id\":\"https:\\\/\\\/www.humanium.org\\\/fr\\\/#website\",\"url\":\"https:\\\/\\\/www.humanium.org\\\/fr\\\/\",\"name\":\"Humanium\",\"description\":\"Les enfants d\u2019abord !\",\"potentialAction\":[{\"@type\":\"SearchAction\",\"target\":{\"@type\":\"EntryPoint\",\"urlTemplate\":\"https:\\\/\\\/www.humanium.org\\\/fr\\\/?s={search_term_string}\"},\"query-input\":{\"@type\":\"PropertyValueSpecification\",\"valueRequired\":true,\"valueName\":\"search_term_string\"}}],\"inLanguage\":\"fr-FR\"},{\"@type\":\"Person\",\"@id\":\"https:\\\/\\\/www.humanium.org\\\/fr\\\/#\\\/schema\\\/person\\\/d798d6c7d59ba2307e0877f61a20ce3e\",\"name\":\"Humanium\",\"image\":{\"@type\":\"ImageObject\",\"inLanguage\":\"fr-FR\",\"@id\":\"https:\\\/\\\/secure.gravatar.com\\\/avatar\\\/22715e338d2fcc547e3a431c4738360d33fea2a4af458f865b2c3b22f1eaa51f?s=96&d=mm&r=g\",\"url\":\"https:\\\/\\\/secure.gravatar.com\\\/avatar\\\/22715e338d2fcc547e3a431c4738360d33fea2a4af458f865b2c3b22f1eaa51f?s=96&d=mm&r=g\",\"contentUrl\":\"https:\\\/\\\/secure.gravatar.com\\\/avatar\\\/22715e338d2fcc547e3a431c4738360d33fea2a4af458f865b2c3b22f1eaa51f?s=96&d=mm&r=g\",\"caption\":\"Humanium\"},\"url\":\"https:\\\/\\\/www.humanium.org\\\/fr\\\/author\\\/humanium\\\/\"}]}<\/script>\n<!-- \/ Yoast SEO plugin. -->","yoast_head_json":{"title":"L\u2019enfance afghane en exil - Humanium","description":"Selon le UNHCR, l\u2019Afghanistan est le second pays d\u2019origine des exil\u00e9s avec plus de 2,6 millions de r\u00e9fugi\u00e9s dispers\u00e9s dans plus de 70 pays. Parmis eux, beaucoup de jeunes gar\u00e7ons bravent tous les dangers pour avoir une chance de recommencer ailleurs et aider leur famille une fois en lieu s\u00fbr.","robots":{"index":"index","follow":"follow","max-snippet":"max-snippet:-1","max-image-preview":"max-image-preview:large","max-video-preview":"max-video-preview:-1"},"canonical":"https:\/\/www.humanium.org\/fr\/lenfance-afghane-en-exil\/","og_locale":"fr_FR","og_type":"article","og_title":"L\u2019enfance afghane en exil - Humanium","og_description":"Selon le UNHCR, l\u2019Afghanistan est le second pays d\u2019origine des exil\u00e9s avec plus de 2,6 millions de r\u00e9fugi\u00e9s dispers\u00e9s dans plus de 70 pays. Parmis eux, beaucoup de jeunes gar\u00e7ons bravent tous les dangers pour avoir une chance de recommencer ailleurs et aider leur famille une fois en lieu s\u00fbr.","og_url":"https:\/\/www.humanium.org\/fr\/lenfance-afghane-en-exil\/","og_site_name":"Humanium","article_published_time":"2018-09-26T00:01:01+00:00","article_modified_time":"2026-08-20T18:18:19+00:00","og_image":[{"width":1024,"height":640,"url":"https:\/\/www.humanium.org\/fr\/wp-content\/uploads\/2018\/09\/shutterstock_203082754-1024x640.jpg","type":"image\/jpeg"}],"author":"Humanium","twitter_card":"summary_large_image","twitter_misc":{"\u00c9crit par":"Humanium","Dur\u00e9e de lecture estim\u00e9e":"9 minutes"},"schema":{"@context":"https:\/\/schema.org","@graph":[{"@type":"Article","@id":"https:\/\/www.humanium.org\/fr\/lenfance-afghane-en-exil\/#article","isPartOf":{"@id":"https:\/\/www.humanium.org\/fr\/lenfance-afghane-en-exil\/"},"author":{"name":"Humanium","@id":"https:\/\/www.humanium.org\/fr\/#\/schema\/person\/d798d6c7d59ba2307e0877f61a20ce3e"},"headline":"L\u2019enfance afghane en exil","datePublished":"2018-09-26T00:01:01+00:00","dateModified":"2026-08-20T18:18:19+00:00","mainEntityOfPage":{"@id":"https:\/\/www.humanium.org\/fr\/lenfance-afghane-en-exil\/"},"wordCount":1846,"image":{"@id":"https:\/\/www.humanium.org\/fr\/lenfance-afghane-en-exil\/#primaryimage"},"thumbnailUrl":"https:\/\/www.humanium.org\/fr\/wp-content\/uploads\/2018\/09\/shutterstock_203082754.jpg","articleSection":["Droits des enfants","Paix","R\u00e9fugi\u00e9s","violence"],"inLanguage":"fr-FR"},{"@type":"WebPage","@id":"https:\/\/www.humanium.org\/fr\/lenfance-afghane-en-exil\/","url":"https:\/\/www.humanium.org\/fr\/lenfance-afghane-en-exil\/","name":"L\u2019enfance afghane en exil - Humanium","isPartOf":{"@id":"https:\/\/www.humanium.org\/fr\/#website"},"primaryImageOfPage":{"@id":"https:\/\/www.humanium.org\/fr\/lenfance-afghane-en-exil\/#primaryimage"},"image":{"@id":"https:\/\/www.humanium.org\/fr\/lenfance-afghane-en-exil\/#primaryimage"},"thumbnailUrl":"https:\/\/www.humanium.org\/fr\/wp-content\/uploads\/2018\/09\/shutterstock_203082754.jpg","datePublished":"2018-09-26T00:01:01+00:00","dateModified":"2026-08-20T18:18:19+00:00","author":{"@id":"https:\/\/www.humanium.org\/fr\/#\/schema\/person\/d798d6c7d59ba2307e0877f61a20ce3e"},"description":"Selon le UNHCR, l\u2019Afghanistan est le second pays d\u2019origine des exil\u00e9s avec plus de 2,6 millions de r\u00e9fugi\u00e9s dispers\u00e9s dans plus de 70 pays. Parmis eux, beaucoup de jeunes gar\u00e7ons bravent tous les dangers pour avoir une chance de recommencer ailleurs et aider leur famille une fois en lieu s\u00fbr.","breadcrumb":{"@id":"https:\/\/www.humanium.org\/fr\/lenfance-afghane-en-exil\/#breadcrumb"},"inLanguage":"fr-FR","potentialAction":[{"@type":"ReadAction","target":["https:\/\/www.humanium.org\/fr\/lenfance-afghane-en-exil\/"]}]},{"@type":"ImageObject","inLanguage":"fr-FR","@id":"https:\/\/www.humanium.org\/fr\/lenfance-afghane-en-exil\/#primaryimage","url":"https:\/\/www.humanium.org\/fr\/wp-content\/uploads\/2018\/09\/shutterstock_203082754.jpg","contentUrl":"https:\/\/www.humanium.org\/fr\/wp-content\/uploads\/2018\/09\/shutterstock_203082754.jpg","width":3598,"height":2250},{"@type":"BreadcrumbList","@id":"https:\/\/www.humanium.org\/fr\/lenfance-afghane-en-exil\/#breadcrumb","itemListElement":[{"@type":"ListItem","position":1,"name":"Home","item":"https:\/\/www.humanium.org\/fr\/"},{"@type":"ListItem","position":2,"name":"L\u2019enfance afghane en exil"}]},{"@type":"WebSite","@id":"https:\/\/www.humanium.org\/fr\/#website","url":"https:\/\/www.humanium.org\/fr\/","name":"Humanium","description":"Les enfants d\u2019abord !","potentialAction":[{"@type":"SearchAction","target":{"@type":"EntryPoint","urlTemplate":"https:\/\/www.humanium.org\/fr\/?s={search_term_string}"},"query-input":{"@type":"PropertyValueSpecification","valueRequired":true,"valueName":"search_term_string"}}],"inLanguage":"fr-FR"},{"@type":"Person","@id":"https:\/\/www.humanium.org\/fr\/#\/schema\/person\/d798d6c7d59ba2307e0877f61a20ce3e","name":"Humanium","image":{"@type":"ImageObject","inLanguage":"fr-FR","@id":"https:\/\/secure.gravatar.com\/avatar\/22715e338d2fcc547e3a431c4738360d33fea2a4af458f865b2c3b22f1eaa51f?s=96&d=mm&r=g","url":"https:\/\/secure.gravatar.com\/avatar\/22715e338d2fcc547e3a431c4738360d33fea2a4af458f865b2c3b22f1eaa51f?s=96&d=mm&r=g","contentUrl":"https:\/\/secure.gravatar.com\/avatar\/22715e338d2fcc547e3a431c4738360d33fea2a4af458f865b2c3b22f1eaa51f?s=96&d=mm&r=g","caption":"Humanium"},"url":"https:\/\/www.humanium.org\/fr\/author\/humanium\/"}]}},"_links":{"self":[{"href":"https:\/\/www.humanium.org\/fr\/wp-json\/wp\/v2\/posts\/43348","targetHints":{"allow":["GET"]}}],"collection":[{"href":"https:\/\/www.humanium.org\/fr\/wp-json\/wp\/v2\/posts"}],"about":[{"href":"https:\/\/www.humanium.org\/fr\/wp-json\/wp\/v2\/types\/post"}],"author":[{"embeddable":true,"href":"https:\/\/www.humanium.org\/fr\/wp-json\/wp\/v2\/users\/69"}],"replies":[{"embeddable":true,"href":"https:\/\/www.humanium.org\/fr\/wp-json\/wp\/v2\/comments?post=43348"}],"version-history":[{"count":3,"href":"https:\/\/www.humanium.org\/fr\/wp-json\/wp\/v2\/posts\/43348\/revisions"}],"predecessor-version":[{"id":44220,"href":"https:\/\/www.humanium.org\/fr\/wp-json\/wp\/v2\/posts\/43348\/revisions\/44220"}],"wp:featuredmedia":[{"embeddable":true,"href":"https:\/\/www.humanium.org\/fr\/wp-json\/wp\/v2\/media\/43344"}],"wp:attachment":[{"href":"https:\/\/www.humanium.org\/fr\/wp-json\/wp\/v2\/media?parent=43348"}],"wp:term":[{"taxonomy":"category","embeddable":true,"href":"https:\/\/www.humanium.org\/fr\/wp-json\/wp\/v2\/categories?post=43348"},{"taxonomy":"post_tag","embeddable":true,"href":"https:\/\/www.humanium.org\/fr\/wp-json\/wp\/v2\/tags?post=43348"}],"curies":[{"name":"wp","href":"https:\/\/api.w.org\/{rel}","templated":true}]}}