{"id":43427,"date":"2018-10-11T00:01:14","date_gmt":"2018-10-11T00:01:14","guid":{"rendered":"https:\/\/www.humanium.org\/fr\/?p=43427"},"modified":"2026-08-20T18:18:19","modified_gmt":"2026-08-20T18:18:19","slug":"le-bien-etre-mental-des-enfants","status":"publish","type":"post","link":"https:\/\/www.humanium.org\/fr\/le-bien-etre-mental-des-enfants\/","title":{"rendered":"Le bien-\u00eatre mental des enfants: un d\u00e9fi mondial pour la sant\u00e9 publique"},"content":{"rendered":"<p><strong>Tel que d\u00e9clar\u00e9 par l\u2019Organisation mondiale de la sant\u00e9, \u201cla sant\u00e9 mentale est plus que l\u2019absence de troubles mentaux\u201d; la sant\u00e9 mentale est fondamentale pour la sant\u00e9 et le bien-\u00eatre g\u00e9n\u00e9ral car \u201csans la sant\u00e9 mentale il n\u2019y a pas de sant\u00e9\u201d (World Health Organization, 2018a). Les probl\u00e8mes de sant\u00e9 mentale \u00e0 un jeune \u00e2ge affectent les enfants et les adolescents du monde entier dans toutes les soci\u00e9t\u00e9s (Patel, Flisher, Hetrick, &amp; McGorry, 2007). Selon l&rsquo;Organisation mondiale de la sant\u00e9, jusqu&rsquo;\u00e0 50% des troubles mentaux \u00e0 l&rsquo;\u00e2ge adulte apparaissent \u00e0 l&rsquo;adolescence et jusqu&rsquo;\u00e0 20% des enfants et des adolescents souffrent de troubles mentaux (World Health Organization, 2018b). Un probl\u00e8me important est qu&rsquo;environ 70% des enfants et adolescents atteints de troubles mentaux ne re\u00e7oivent pas une intervention appropri\u00e9e au bon moment. (Mental Health Foundation, s.d.).<\/strong><\/p>\n<p>&nbsp;<\/p>\n<h2><b>Faits marquants sur la sant\u00e9 mentale des enfants<\/b><\/h2>\n<p><img loading=\"lazy\" decoding=\"async\" class=\"wp-image-43426 size-medium alignright\" src=\"https:\/\/www.humanium.org\/fr\/wp-content\/uploads\/2018\/10\/Mental-Health-3-300x234.png\" alt=\"\" width=\"300\" height=\"234\" srcset=\"https:\/\/www.humanium.org\/fr\/wp-content\/uploads\/2018\/10\/Mental-Health-3-300x234.png 300w, https:\/\/www.humanium.org\/fr\/wp-content\/uploads\/2018\/10\/Mental-Health-3-230x180.png 230w, https:\/\/www.humanium.org\/fr\/wp-content\/uploads\/2018\/10\/Mental-Health-3-350x273.png 350w, https:\/\/www.humanium.org\/fr\/wp-content\/uploads\/2018\/10\/Mental-Health-3.png 474w\" sizes=\"auto, (max-width: 300px) 100vw, 300px\" \/><\/p>\n<p><span style=\"font-weight: 400;\">\u00catre en bonne sant\u00e9 mentale signifie qu&rsquo;un enfant peut faire face au stress dans n&rsquo;importe quelle situation, peut aller \u00e0 l&rsquo;\u00e9cole et peut jouer \u00e0 la maison et dans la communaut\u00e9 sans se sentir en col\u00e8re, anxieux ou d\u00e9prim\u00e9 (Mental Health Foundation, s.d.). Une bonne sant\u00e9 mentale au cours de l\u2019enfance est essentielle au d\u00e9veloppement de l\u2019enfant et \u00e0 son plein potentiel.<\/span><\/p>\n<p><span style=\"font-weight: 400;\">Les troubles mentaux ne se d\u00e9veloppent souvent pas seuls, mais sont d\u00e9clench\u00e9s par des changements ou des \u00e9v\u00e9nements traumatisants dans la vie d&rsquo;un enfant. Les troubles mentaux courants pouvant survenir dans la petite enfance comprennent l&rsquo;anxi\u00e9t\u00e9, la d\u00e9pression, l&rsquo;automutilation, le trouble de d\u00e9ficit de l&rsquo;attention \/ hyperactivit\u00e9, le trouble obsessionnel-compulsif ou le trouble de stress post-traumatique (Centers for Disease Control and Prevention, 2018). \u00a0Les changements cruciaux dans la vie d\u2019un enfant qui peuvent entra\u00eener un probl\u00e8me de sant\u00e9 mentale comprennent le d\u00e9but des \u00e9tudes ou le d\u00e9m\u00e9nagement. La pubert\u00e9 est une phase qui peut entra\u00eener des troubles \u00e9motionnels et physiques chez l\u2019enfant, cr\u00e9ant une certaine vuln\u00e9rabilit\u00e9 aux probl\u00e8mes mentaux. Les \u00e9v\u00e9nements traumatiques vont du divorce des parents, \u00e0 la perte d\u2019un \u00eatre cher aux catastrophes naturelles, \u00e0 la violence et \u00e0 la guerre.<\/span><\/p>\n<figure id=\"attachment_24747\" aria-describedby=\"caption-attachment-24747\" style=\"width: 396px\" class=\"wp-caption alignleft\"><img loading=\"lazy\" decoding=\"async\" class=\"wp-image-24747 \" src=\"https:\/\/www.humanium.org\/en\/wp-content\/uploads\/2018\/10\/Mental-Health.png\" alt=\"\" width=\"396\" height=\"593\" \/><figcaption id=\"caption-attachment-24747\" class=\"wp-caption-text\">Le bien-\u00eatre mental est de la plus haute importance pour le d\u00e9veloppement de l\u2019enfant. Photo par Nathan Dumlao sur Unsplash<\/figcaption><\/figure>\n<p><span style=\"font-weight: 400;\">L&rsquo;exposition \u00e0 la violence est un facteur d\u00e9terminant majeur pour que les enfants souffrent de probl\u00e8mes de sant\u00e9 mentale. Dans le monde entier, les enfants sont de plus en plus expos\u00e9s \u00e0 la violence, ce qui influe gravement sur leur bien-\u00eatre mental (Flannery, 2018). Cette exposition peut \u00eatre directe en subissant des violences physiques, sexuelles ou \u00e9motionnelles dans leur communaut\u00e9, \u00e0 la maison ou \u00e0 l\u2019\u00e9cole ou plus indirectement en voyant la violence et en entendant ou en regardant des \u00e9v\u00e9nements violents sur les m\u00e9dias sociaux, la t\u00e9l\u00e9vision ou la radio.<\/span><\/p>\n<p><span style=\"font-weight: 400;\"> Les probl\u00e8mes de sant\u00e9 mentale chez les enfants et les adolescents sont souvent n\u00e9glig\u00e9s en raison de la m\u00e9connaissance ou de la stigmatisation existante \u00e0 l&rsquo;\u00e9gard des troubles mentaux et ne sont pas trait\u00e9s. En l&rsquo;absence de traitement, les troubles mentaux peuvent avoir un impact n\u00e9gatif consid\u00e9rable sur le d\u00e9veloppement, le niveau de scolarit\u00e9 et la transition vers l&rsquo;\u00e2ge adulte d&rsquo;un jeune (World Health Organization, 2018b). Les troubles mentaux \u00e0 un jeune \u00e2ge peuvent en outre mener \u00e0 la discrimination, \u00e0 la stigmatisation et \u00e0 l&rsquo;exclusion, et peuvent m\u00eame entra\u00eener un acc\u00e8s limit\u00e9 aux services sociaux, \u00e9ducatifs et de sant\u00e9; constituant une violation grave des droits des enfants. Il est donc indispensable de sensibiliser les enfants aux troubles mentaux, de les reconna\u00eetre et de savoir quoi faire s&rsquo;ils sont identifi\u00e9s.<\/span><\/p>\n<p>&nbsp;<\/p>\n<h2><b>Que fait-on pour lutter contre les probl\u00e8mes de sant\u00e9 mentale chez les enfants<\/b>?<\/h2>\n<p><span style=\"font-weight: 400;\">La sant\u00e9 mentale, m\u00eame si elle est fondamentale pour la sant\u00e9 en g\u00e9n\u00e9ral, a \u00e9t\u00e9 largement ignor\u00e9e pendant longtemps et continue de conna\u00eetre la stigmatisation et la discrimination dans le monde entier (Ives, 2018). R\u00e9cemment, les parties prenantes internationales et nationales ont pr\u00eat\u00e9 attention aux effets de la sant\u00e9 mentale sur la charge mondiale de morbidit\u00e9 et ont commenc\u00e9 \u00e0 promettre de transformer les politiques et les programmes pour prendre en compte les maladies mentales, en particulier chez les enfants et les adolescents. Au titre de l\u2019objectif 3 du Programme de d\u00e9veloppement durable, la cible 3.4 appelle \u00e0 la promotion de la sant\u00e9 mentale et du bien-\u00eatre (Nations Unis, s.d.). Il est de la plus haute importance d\u2019aborder l\u2019\u00e9tat de la sant\u00e9 mentale des enfants au niveau mondial pour atteindre la cible 3.4.<\/span><\/p>\n<p><span style=\"font-weight: 400;\">Le Plan d&rsquo;action pour la sant\u00e9 mentale 2013-2020 de l&rsquo;Organisation mondiale de la sant\u00e9 souligne le r\u00f4le fondamental de la sant\u00e9 mentale pour parvenir \u00e0 un bien-\u00eatre g\u00e9n\u00e9ral (Assembl\u00e9e mondiale de la sant\u00e9, 2013). Le plan d\u00e9crit les mesures n\u00e9cessaires pour combler les lacunes dans la satisfaction des besoins des enfants et des adolescents souffrant de probl\u00e8mes de sant\u00e9 mentale: \u00a0leadership et gouvernance plus efficaces pour la sant\u00e9 mentale; la fourniture de services de sant\u00e9 mentale et de services sociaux complets et int\u00e9gr\u00e9s dans les milieux communautaires; la mise en \u0153uvre de strat\u00e9gies de promotion et de pr\u00e9vention; et renforcement des syst\u00e8mes d&rsquo;information, des preuves et de la recherche. Les suggestions pr\u00e9sentent des \u00e9tapes critiques pour parvenir \u00e0 un d\u00e9veloppement \u00e0 long terme des politiques, programmes et recherches en sant\u00e9 mentale.<\/span><\/p>\n<p>&nbsp;<\/p>\n<h2><b>Ce que vous pouvez faire<\/b><\/h2>\n<figure id=\"attachment_24746\" aria-describedby=\"caption-attachment-24746\" style=\"width: 340px\" class=\"wp-caption alignright\"><img loading=\"lazy\" decoding=\"async\" class=\"size-full wp-image-24746\" src=\"https:\/\/www.humanium.org\/en\/wp-content\/uploads\/2018\/10\/Mental-Health-2.png\" alt=\"\" width=\"340\" height=\"509\" \/><figcaption id=\"caption-attachment-24746\" class=\"wp-caption-text\">Parental support can prevent long-term mental health problems<br \/>Photo by Jordan Whitt on Unsplash<\/figcaption><\/figure>\n<p><span style=\"font-weight: 400;\">Bien que les d\u00e9veloppements au niveau mondial soient importants pour aborder le bien-\u00eatre mental des enfants dans le monde entier, il existe des actions que chacun d\u2019entre nous pouvons faire!<\/span><\/p>\n<p><span style=\"font-weight: 400;\">En tant qu&rsquo;enfant: \u00a0Si vous connaissez un autre enfant qui adopte un comportement dangereux ou qui exprime sa volont\u00e9 de se faire du mal, n&rsquo;h\u00e9sitez pas \u00e0 demander de l&rsquo;aide. Ce que vous pouvez faire, c&rsquo;est cr\u00e9er votre petite communaut\u00e9 d&rsquo;amis, \u00e9couter les sentiments des autres, simplement \u00e9couter, ressentir l&rsquo;autre, son c\u0153ur et essayer de ne pas juger. Essayez de vous rencontrer r\u00e9guli\u00e8rement et demandez-vous comment vous vous sentez. N&rsquo;ayez pas peur de demander de l&rsquo;aide ou du soutien \u00e0 un ami ou \u00e0 un adulte si vous vous sentez en col\u00e8re, inquiet ou triste, surtout pendant une longue p\u00e9riode.<\/span><\/p>\n<p><span style=\"font-weight: 400;\">En tant que parent: \u00a0Faites attention au comportement de votre enfant, \u00e9coutez ce qu\u2019il dit et prenez ses sentiments au s\u00e9rieux. Si vous avez des inqui\u00e9tudes, parlez directement \u00e0 votre enfant ou demandez de l&rsquo;aide \u00e0 un autre fournisseur de soins, \u00e0 un enseignant ou \u00e0 un m\u00e9decin. Un diagnostic pr\u00e9coce est crucial pour pr\u00e9venir tout impact n\u00e9gatif sur le d\u00e9veloppement d\u2019un enfant. Les signes avant-coureurs des troubles mentaux chez les enfants sont, sans toutefois s&rsquo;y limiter, les changements d&rsquo;humeur et de comportement, les sentiments extr\u00eames, les difficult\u00e9s de concentration, les sympt\u00f4mes physiques inexpliqu\u00e9s tels que maux de t\u00eate ou maux d&rsquo;estomac, dommages physiques ou toxicomanie. (Centers for Disease Control and Prevention, 2018). <\/span><\/p>\n<p>&nbsp;<\/p>\n<h5 style=\"text-align: center;\"><span style=\"font-weight: 400;\">Chez Humanium, nous croyons que la vraie gu\u00e9rison commence avec nous-m\u00eames. Chacun de nous vit sur sa propre plan\u00e8te, a ses propres exp\u00e9riences de vie, ses souffrances, ses besoins et ses souhaits. Ressentez-les dans un environnement de confiance et pardonnez gentiment lorsque vous ne vous sentez pas entendu. La bont\u00e9 et la gentillesse des uns envers les autres sont si importantes!<\/span><\/h5>\n<p>&nbsp;<\/p>\n<p><em><span style=\"font-weight: 400;\">Ecrit par Lina Brandt<\/span><\/em><\/p>\n<p><em><span style=\"font-weight: 400;\">Traduit par Denis Gingras<\/span><\/em><\/p>\n<p>&nbsp;<\/p>\n<p><b>R\u00e9f\u00e9rences<\/b><\/p>\n<p><span style=\"font-weight: 400;\">Centers for Disease Control and Prevention. (2018). <\/span><i><span style=\"font-weight: 400;\">Children&rsquo;s Mental Health<\/span><\/i><span style=\"font-weight: 400;\">. [Sant\u00e9 mentale des enfants <\/span><i><span style=\"font-weight: 400;\">en fran\u00e7ais<\/span><\/i><span style=\"font-weight: 400;\">] Consult\u00e9 en ao\u00fbt 2018. https:\/\/www.cdc.gov\/ childrensmentalhealth\/symptoms.html<\/span><\/p>\n<p><span style=\"font-weight: 400;\">Flannery, D. J. (2018). Here&rsquo;s How Witnessing Violence Harms Children&rsquo;s Mental Health. [Voici comment \u00eatre t\u00e9moin de violence nuit \u00e0 la sant\u00e9 mentale des enfants \u00a0<\/span><i><span style=\"font-weight: 400;\">en fran\u00e7ais]<\/span><\/i><\/p>\n<p><span style=\"font-weight: 400;\">Ives, J. (2018). <\/span><i><span style=\"font-weight: 400;\">World mental health support and the effect of stigma and discrimination<\/span><\/i><span style=\"font-weight: 400;\">. [Soutien en sant\u00e9 mentale dans le monde et effets de la stigmatisation et de la discrimination \u00a0<\/span><i><span style=\"font-weight: 400;\">en fran\u00e7ais<\/span><\/i><span style=\"font-weight: 400;\">] Consult\u00e9 en ao\u00fbt 2018. https:\/\/www.news-medical.net\/health\/World-mental-health-support-and-the-effect-of-stigma-and-discrimination.aspx<\/span><\/p>\n<p><span style=\"font-weight: 400;\">Mental Health Foundation. (s.d.). <\/span><i><span style=\"font-weight: 400;\">Children and young people<\/span><\/i><span style=\"font-weight: 400;\">. [Enfants et jeunes \u00a0\u00a0<\/span><i><span style=\"font-weight: 400;\">en fran\u00e7ais]<\/span><\/i><span style=\"font-weight: 400;\"> Consult\u00e9 en ao\u00fbt 2018. https:\/\/www.mentalhealth.org.uk\/a-to-z\/c\/children-and-young-people<\/span><\/p>\n<p><span style=\"font-weight: 400;\">Patel, V., Flisher, A., Hetrick, S., &amp; McGorry, P. (2007). Mental health of young people: a global public-health challenge. [La sant\u00e9 mentale des jeunes: un d\u00e9fi de sant\u00e9 publique mondial \u00a0<\/span><i><span style=\"font-weight: 400;\">en fran\u00e7ais] \u00a0369<\/span><\/i><span style=\"font-weight: 400;\">(9569).<\/span><\/p>\n<p><span style=\"font-weight: 400;\">Nations Unies. (s.d.). <\/span><i><span style=\"font-weight: 400;\">Objectif de d\u00e9veloppement durable 3.<\/span><\/i><span style=\"font-weight: 400;\"> Consult\u00e9 en ao\u00fbt 2018. https:\/\/www.un.org\/sustainabledevelopment\/fr\/health\/<\/span><\/p>\n<p><span style=\"font-weight: 400;\">Assembl\u00e9e mondiale de la sant\u00e9. (2013). <\/span><i><span style=\"font-weight: 400;\">Plan d&rsquo;action global en sant\u00e9 mentale 2013-2020.<\/span><\/i><\/p>\n<p><span style=\"font-weight: 400;\">World Health Organization. (2018a). <\/span><i><span style=\"font-weight: 400;\">Mental health: strengthening our response<\/span><\/i><span style=\"font-weight: 400;\">. [Sant\u00e9 mentale: renforcer notre r\u00e9ponse <\/span><i><span style=\"font-weight: 400;\">en fran\u00e7ais] <\/span><\/i><span style=\"font-weight: 400;\">Consult\u00e9 en ao\u00fbt 2018. http:\/\/www.who.int\/news-room\/fact-sheets\/detail\/mental-health-strengthening-our-response<\/span><\/p>\n<p><span style=\"font-weight: 400;\">World Health Organization. (2018b). <\/span><i><span style=\"font-weight: 400;\">Child and adolescent mental health<\/span><\/i><span style=\"font-weight: 400;\">. [Sant\u00e9 mentale des enfants et des adolescents <\/span><i><span style=\"font-weight: 400;\">en fran\u00e7ais<\/span><\/i><span style=\"font-weight: 400;\">] Consult\u00e9 en ao\u00fbt 2018. http:\/\/www.who.int\/mental_health\/maternal-child\/child_adolescent\/en\/<\/span><\/p>\n","protected":false},"excerpt":{"rendered":"<p>Tel que d\u00e9clar\u00e9 par l\u2019Organisation mondiale de la sant\u00e9, \u201cla sant\u00e9 mentale est plus que l\u2019absence de troubles mentaux\u201d; la sant\u00e9 mentale est fondamentale pour la sant\u00e9 et le bien-\u00eatre g\u00e9n\u00e9ral car \u201csans la sant\u00e9 mentale il n\u2019y a pas de sant\u00e9\u201d (World Health Organization, 2018a). Les probl\u00e8mes de sant\u00e9 mentale \u00e0 un jeune \u00e2ge [&hellip;]<\/p>\n","protected":false},"author":69,"featured_media":43432,"comment_status":"closed","ping_status":"closed","sticky":false,"template":"","format":"standard","meta":{"footnotes":""},"categories":[220,10],"tags":[],"class_list":["post-43427","post","type-post","status-publish","format-standard","has-post-thumbnail","hentry","category-droits-des-enfants","category-sante"],"yoast_head":"<!-- This site is optimized with the Yoast SEO plugin v28.3 - https:\/\/yoast.com\/product\/yoast-seo-wordpress\/ -->\n<title>Le bien-\u00eatre mental des enfants: un d\u00e9fi mondial pour la sant\u00e9 publique - Humanium<\/title>\n<meta name=\"description\" content=\"Selon l&#039;Organisation mondiale de la sant\u00e9, jusqu&#039;\u00e0 50% des troubles mentaux \u00e0 l&#039;\u00e2ge adulte apparaissent \u00e0 l&#039;adolescence et jusqu&#039;\u00e0 20% des enfants et des adolescents souffrent de troubles mentaux.\" \/>\n<meta name=\"robots\" content=\"index, follow, max-snippet:-1, max-image-preview:large, max-video-preview:-1\" \/>\n<link rel=\"canonical\" href=\"https:\/\/www.humanium.org\/fr\/le-bien-etre-mental-des-enfants\/\" \/>\n<meta property=\"og:locale\" content=\"fr_FR\" \/>\n<meta property=\"og:type\" content=\"article\" \/>\n<meta property=\"og:title\" content=\"Le bien-\u00eatre mental des enfants: un d\u00e9fi mondial pour la sant\u00e9 publique - Humanium\" \/>\n<meta property=\"og:description\" content=\"Selon l&#039;Organisation mondiale de la sant\u00e9, jusqu&#039;\u00e0 50% des troubles mentaux \u00e0 l&#039;\u00e2ge adulte apparaissent \u00e0 l&#039;adolescence et jusqu&#039;\u00e0 20% des enfants et des adolescents souffrent de troubles mentaux.\" \/>\n<meta property=\"og:url\" content=\"https:\/\/www.humanium.org\/fr\/le-bien-etre-mental-des-enfants\/\" \/>\n<meta property=\"og:site_name\" content=\"Humanium\" \/>\n<meta property=\"article:published_time\" content=\"2018-10-11T00:01:14+00:00\" \/>\n<meta property=\"article:modified_time\" content=\"2026-08-20T18:18:19+00:00\" \/>\n<meta property=\"og:image\" content=\"https:\/\/www.humanium.org\/fr\/wp-content\/uploads\/2018\/10\/shutterstock_304426709-1024x678.jpg\" \/>\n\t<meta property=\"og:image:width\" content=\"1024\" \/>\n\t<meta property=\"og:image:height\" content=\"678\" \/>\n\t<meta property=\"og:image:type\" content=\"image\/jpeg\" \/>\n<meta name=\"author\" content=\"Humanium\" \/>\n<meta name=\"twitter:card\" content=\"summary_large_image\" \/>\n<meta name=\"twitter:label1\" content=\"\u00c9crit par\" \/>\n\t<meta name=\"twitter:data1\" content=\"Humanium\" \/>\n\t<meta name=\"twitter:label2\" content=\"Dur\u00e9e de lecture estim\u00e9e\" \/>\n\t<meta name=\"twitter:data2\" content=\"8 minutes\" \/>\n<script type=\"application\/ld+json\" class=\"yoast-schema-graph\">{\"@context\":\"https:\\\/\\\/schema.org\",\"@graph\":[{\"@type\":\"Article\",\"@id\":\"https:\\\/\\\/www.humanium.org\\\/fr\\\/le-bien-etre-mental-des-enfants\\\/#article\",\"isPartOf\":{\"@id\":\"https:\\\/\\\/www.humanium.org\\\/fr\\\/le-bien-etre-mental-des-enfants\\\/\"},\"author\":{\"name\":\"Humanium\",\"@id\":\"https:\\\/\\\/www.humanium.org\\\/fr\\\/#\\\/schema\\\/person\\\/d798d6c7d59ba2307e0877f61a20ce3e\"},\"headline\":\"Le bien-\u00eatre mental des enfants: un d\u00e9fi mondial pour la sant\u00e9 publique\",\"datePublished\":\"2018-10-11T00:01:14+00:00\",\"dateModified\":\"2026-08-20T18:18:19+00:00\",\"mainEntityOfPage\":{\"@id\":\"https:\\\/\\\/www.humanium.org\\\/fr\\\/le-bien-etre-mental-des-enfants\\\/\"},\"wordCount\":1558,\"image\":{\"@id\":\"https:\\\/\\\/www.humanium.org\\\/fr\\\/le-bien-etre-mental-des-enfants\\\/#primaryimage\"},\"thumbnailUrl\":\"https:\\\/\\\/www.humanium.org\\\/fr\\\/wp-content\\\/uploads\\\/2018\\\/10\\\/shutterstock_304426709.jpg\",\"articleSection\":[\"Droits des enfants\",\"Sant\u00e9\"],\"inLanguage\":\"fr-FR\"},{\"@type\":\"WebPage\",\"@id\":\"https:\\\/\\\/www.humanium.org\\\/fr\\\/le-bien-etre-mental-des-enfants\\\/\",\"url\":\"https:\\\/\\\/www.humanium.org\\\/fr\\\/le-bien-etre-mental-des-enfants\\\/\",\"name\":\"Le bien-\u00eatre mental des enfants: un d\u00e9fi mondial pour la sant\u00e9 publique - Humanium\",\"isPartOf\":{\"@id\":\"https:\\\/\\\/www.humanium.org\\\/fr\\\/#website\"},\"primaryImageOfPage\":{\"@id\":\"https:\\\/\\\/www.humanium.org\\\/fr\\\/le-bien-etre-mental-des-enfants\\\/#primaryimage\"},\"image\":{\"@id\":\"https:\\\/\\\/www.humanium.org\\\/fr\\\/le-bien-etre-mental-des-enfants\\\/#primaryimage\"},\"thumbnailUrl\":\"https:\\\/\\\/www.humanium.org\\\/fr\\\/wp-content\\\/uploads\\\/2018\\\/10\\\/shutterstock_304426709.jpg\",\"datePublished\":\"2018-10-11T00:01:14+00:00\",\"dateModified\":\"2026-08-20T18:18:19+00:00\",\"author\":{\"@id\":\"https:\\\/\\\/www.humanium.org\\\/fr\\\/#\\\/schema\\\/person\\\/d798d6c7d59ba2307e0877f61a20ce3e\"},\"description\":\"Selon l'Organisation mondiale de la sant\u00e9, jusqu'\u00e0 50% des troubles mentaux \u00e0 l'\u00e2ge adulte apparaissent \u00e0 l'adolescence et jusqu'\u00e0 20% des enfants et des adolescents souffrent de troubles mentaux.\",\"breadcrumb\":{\"@id\":\"https:\\\/\\\/www.humanium.org\\\/fr\\\/le-bien-etre-mental-des-enfants\\\/#breadcrumb\"},\"inLanguage\":\"fr-FR\",\"potentialAction\":[{\"@type\":\"ReadAction\",\"target\":[\"https:\\\/\\\/www.humanium.org\\\/fr\\\/le-bien-etre-mental-des-enfants\\\/\"]}]},{\"@type\":\"ImageObject\",\"inLanguage\":\"fr-FR\",\"@id\":\"https:\\\/\\\/www.humanium.org\\\/fr\\\/le-bien-etre-mental-des-enfants\\\/#primaryimage\",\"url\":\"https:\\\/\\\/www.humanium.org\\\/fr\\\/wp-content\\\/uploads\\\/2018\\\/10\\\/shutterstock_304426709.jpg\",\"contentUrl\":\"https:\\\/\\\/www.humanium.org\\\/fr\\\/wp-content\\\/uploads\\\/2018\\\/10\\\/shutterstock_304426709.jpg\",\"width\":4928,\"height\":3264},{\"@type\":\"BreadcrumbList\",\"@id\":\"https:\\\/\\\/www.humanium.org\\\/fr\\\/le-bien-etre-mental-des-enfants\\\/#breadcrumb\",\"itemListElement\":[{\"@type\":\"ListItem\",\"position\":1,\"name\":\"Home\",\"item\":\"https:\\\/\\\/www.humanium.org\\\/fr\\\/\"},{\"@type\":\"ListItem\",\"position\":2,\"name\":\"Le bien-\u00eatre mental des enfants: un d\u00e9fi mondial pour la sant\u00e9 publique\"}]},{\"@type\":\"WebSite\",\"@id\":\"https:\\\/\\\/www.humanium.org\\\/fr\\\/#website\",\"url\":\"https:\\\/\\\/www.humanium.org\\\/fr\\\/\",\"name\":\"Humanium\",\"description\":\"Les enfants d\u2019abord !\",\"potentialAction\":[{\"@type\":\"SearchAction\",\"target\":{\"@type\":\"EntryPoint\",\"urlTemplate\":\"https:\\\/\\\/www.humanium.org\\\/fr\\\/?s={search_term_string}\"},\"query-input\":{\"@type\":\"PropertyValueSpecification\",\"valueRequired\":true,\"valueName\":\"search_term_string\"}}],\"inLanguage\":\"fr-FR\"},{\"@type\":\"Person\",\"@id\":\"https:\\\/\\\/www.humanium.org\\\/fr\\\/#\\\/schema\\\/person\\\/d798d6c7d59ba2307e0877f61a20ce3e\",\"name\":\"Humanium\",\"image\":{\"@type\":\"ImageObject\",\"inLanguage\":\"fr-FR\",\"@id\":\"https:\\\/\\\/secure.gravatar.com\\\/avatar\\\/22715e338d2fcc547e3a431c4738360d33fea2a4af458f865b2c3b22f1eaa51f?s=96&d=mm&r=g\",\"url\":\"https:\\\/\\\/secure.gravatar.com\\\/avatar\\\/22715e338d2fcc547e3a431c4738360d33fea2a4af458f865b2c3b22f1eaa51f?s=96&d=mm&r=g\",\"contentUrl\":\"https:\\\/\\\/secure.gravatar.com\\\/avatar\\\/22715e338d2fcc547e3a431c4738360d33fea2a4af458f865b2c3b22f1eaa51f?s=96&d=mm&r=g\",\"caption\":\"Humanium\"},\"url\":\"https:\\\/\\\/www.humanium.org\\\/fr\\\/author\\\/humanium\\\/\"}]}<\/script>\n<!-- \/ Yoast SEO plugin. -->","yoast_head_json":{"title":"Le bien-\u00eatre mental des enfants: un d\u00e9fi mondial pour la sant\u00e9 publique - Humanium","description":"Selon l'Organisation mondiale de la sant\u00e9, jusqu'\u00e0 50% des troubles mentaux \u00e0 l'\u00e2ge adulte apparaissent \u00e0 l'adolescence et jusqu'\u00e0 20% des enfants et des adolescents souffrent de troubles mentaux.","robots":{"index":"index","follow":"follow","max-snippet":"max-snippet:-1","max-image-preview":"max-image-preview:large","max-video-preview":"max-video-preview:-1"},"canonical":"https:\/\/www.humanium.org\/fr\/le-bien-etre-mental-des-enfants\/","og_locale":"fr_FR","og_type":"article","og_title":"Le bien-\u00eatre mental des enfants: un d\u00e9fi mondial pour la sant\u00e9 publique - Humanium","og_description":"Selon l'Organisation mondiale de la sant\u00e9, jusqu'\u00e0 50% des troubles mentaux \u00e0 l'\u00e2ge adulte apparaissent \u00e0 l'adolescence et jusqu'\u00e0 20% des enfants et des adolescents souffrent de troubles mentaux.","og_url":"https:\/\/www.humanium.org\/fr\/le-bien-etre-mental-des-enfants\/","og_site_name":"Humanium","article_published_time":"2018-10-11T00:01:14+00:00","article_modified_time":"2026-08-20T18:18:19+00:00","og_image":[{"width":1024,"height":678,"url":"https:\/\/www.humanium.org\/fr\/wp-content\/uploads\/2018\/10\/shutterstock_304426709-1024x678.jpg","type":"image\/jpeg"}],"author":"Humanium","twitter_card":"summary_large_image","twitter_misc":{"\u00c9crit par":"Humanium","Dur\u00e9e de lecture estim\u00e9e":"8 minutes"},"schema":{"@context":"https:\/\/schema.org","@graph":[{"@type":"Article","@id":"https:\/\/www.humanium.org\/fr\/le-bien-etre-mental-des-enfants\/#article","isPartOf":{"@id":"https:\/\/www.humanium.org\/fr\/le-bien-etre-mental-des-enfants\/"},"author":{"name":"Humanium","@id":"https:\/\/www.humanium.org\/fr\/#\/schema\/person\/d798d6c7d59ba2307e0877f61a20ce3e"},"headline":"Le bien-\u00eatre mental des enfants: un d\u00e9fi mondial pour la sant\u00e9 publique","datePublished":"2018-10-11T00:01:14+00:00","dateModified":"2026-08-20T18:18:19+00:00","mainEntityOfPage":{"@id":"https:\/\/www.humanium.org\/fr\/le-bien-etre-mental-des-enfants\/"},"wordCount":1558,"image":{"@id":"https:\/\/www.humanium.org\/fr\/le-bien-etre-mental-des-enfants\/#primaryimage"},"thumbnailUrl":"https:\/\/www.humanium.org\/fr\/wp-content\/uploads\/2018\/10\/shutterstock_304426709.jpg","articleSection":["Droits des enfants","Sant\u00e9"],"inLanguage":"fr-FR"},{"@type":"WebPage","@id":"https:\/\/www.humanium.org\/fr\/le-bien-etre-mental-des-enfants\/","url":"https:\/\/www.humanium.org\/fr\/le-bien-etre-mental-des-enfants\/","name":"Le bien-\u00eatre mental des enfants: un d\u00e9fi mondial pour la sant\u00e9 publique - Humanium","isPartOf":{"@id":"https:\/\/www.humanium.org\/fr\/#website"},"primaryImageOfPage":{"@id":"https:\/\/www.humanium.org\/fr\/le-bien-etre-mental-des-enfants\/#primaryimage"},"image":{"@id":"https:\/\/www.humanium.org\/fr\/le-bien-etre-mental-des-enfants\/#primaryimage"},"thumbnailUrl":"https:\/\/www.humanium.org\/fr\/wp-content\/uploads\/2018\/10\/shutterstock_304426709.jpg","datePublished":"2018-10-11T00:01:14+00:00","dateModified":"2026-08-20T18:18:19+00:00","author":{"@id":"https:\/\/www.humanium.org\/fr\/#\/schema\/person\/d798d6c7d59ba2307e0877f61a20ce3e"},"description":"Selon l'Organisation mondiale de la sant\u00e9, jusqu'\u00e0 50% des troubles mentaux \u00e0 l'\u00e2ge adulte apparaissent \u00e0 l'adolescence et jusqu'\u00e0 20% des enfants et des adolescents souffrent de troubles mentaux.","breadcrumb":{"@id":"https:\/\/www.humanium.org\/fr\/le-bien-etre-mental-des-enfants\/#breadcrumb"},"inLanguage":"fr-FR","potentialAction":[{"@type":"ReadAction","target":["https:\/\/www.humanium.org\/fr\/le-bien-etre-mental-des-enfants\/"]}]},{"@type":"ImageObject","inLanguage":"fr-FR","@id":"https:\/\/www.humanium.org\/fr\/le-bien-etre-mental-des-enfants\/#primaryimage","url":"https:\/\/www.humanium.org\/fr\/wp-content\/uploads\/2018\/10\/shutterstock_304426709.jpg","contentUrl":"https:\/\/www.humanium.org\/fr\/wp-content\/uploads\/2018\/10\/shutterstock_304426709.jpg","width":4928,"height":3264},{"@type":"BreadcrumbList","@id":"https:\/\/www.humanium.org\/fr\/le-bien-etre-mental-des-enfants\/#breadcrumb","itemListElement":[{"@type":"ListItem","position":1,"name":"Home","item":"https:\/\/www.humanium.org\/fr\/"},{"@type":"ListItem","position":2,"name":"Le bien-\u00eatre mental des enfants: un d\u00e9fi mondial pour la sant\u00e9 publique"}]},{"@type":"WebSite","@id":"https:\/\/www.humanium.org\/fr\/#website","url":"https:\/\/www.humanium.org\/fr\/","name":"Humanium","description":"Les enfants d\u2019abord !","potentialAction":[{"@type":"SearchAction","target":{"@type":"EntryPoint","urlTemplate":"https:\/\/www.humanium.org\/fr\/?s={search_term_string}"},"query-input":{"@type":"PropertyValueSpecification","valueRequired":true,"valueName":"search_term_string"}}],"inLanguage":"fr-FR"},{"@type":"Person","@id":"https:\/\/www.humanium.org\/fr\/#\/schema\/person\/d798d6c7d59ba2307e0877f61a20ce3e","name":"Humanium","image":{"@type":"ImageObject","inLanguage":"fr-FR","@id":"https:\/\/secure.gravatar.com\/avatar\/22715e338d2fcc547e3a431c4738360d33fea2a4af458f865b2c3b22f1eaa51f?s=96&d=mm&r=g","url":"https:\/\/secure.gravatar.com\/avatar\/22715e338d2fcc547e3a431c4738360d33fea2a4af458f865b2c3b22f1eaa51f?s=96&d=mm&r=g","contentUrl":"https:\/\/secure.gravatar.com\/avatar\/22715e338d2fcc547e3a431c4738360d33fea2a4af458f865b2c3b22f1eaa51f?s=96&d=mm&r=g","caption":"Humanium"},"url":"https:\/\/www.humanium.org\/fr\/author\/humanium\/"}]}},"_links":{"self":[{"href":"https:\/\/www.humanium.org\/fr\/wp-json\/wp\/v2\/posts\/43427","targetHints":{"allow":["GET"]}}],"collection":[{"href":"https:\/\/www.humanium.org\/fr\/wp-json\/wp\/v2\/posts"}],"about":[{"href":"https:\/\/www.humanium.org\/fr\/wp-json\/wp\/v2\/types\/post"}],"author":[{"embeddable":true,"href":"https:\/\/www.humanium.org\/fr\/wp-json\/wp\/v2\/users\/69"}],"replies":[{"embeddable":true,"href":"https:\/\/www.humanium.org\/fr\/wp-json\/wp\/v2\/comments?post=43427"}],"version-history":[{"count":5,"href":"https:\/\/www.humanium.org\/fr\/wp-json\/wp\/v2\/posts\/43427\/revisions"}],"predecessor-version":[{"id":43433,"href":"https:\/\/www.humanium.org\/fr\/wp-json\/wp\/v2\/posts\/43427\/revisions\/43433"}],"wp:featuredmedia":[{"embeddable":true,"href":"https:\/\/www.humanium.org\/fr\/wp-json\/wp\/v2\/media\/43432"}],"wp:attachment":[{"href":"https:\/\/www.humanium.org\/fr\/wp-json\/wp\/v2\/media?parent=43427"}],"wp:term":[{"taxonomy":"category","embeddable":true,"href":"https:\/\/www.humanium.org\/fr\/wp-json\/wp\/v2\/categories?post=43427"},{"taxonomy":"post_tag","embeddable":true,"href":"https:\/\/www.humanium.org\/fr\/wp-json\/wp\/v2\/tags?post=43427"}],"curies":[{"name":"wp","href":"https:\/\/api.w.org\/{rel}","templated":true}]}}