{"id":44633,"date":"2019-05-22T00:01:46","date_gmt":"2019-05-22T00:01:46","guid":{"rendered":"https:\/\/www.humanium.org\/fr\/?p=44633"},"modified":"2026-08-20T18:18:08","modified_gmt":"2026-08-20T18:18:08","slug":"journee-mondiale-diversite-culturelle","status":"publish","type":"post","link":"https:\/\/www.humanium.org\/fr\/journee-mondiale-diversite-culturelle\/","title":{"rendered":"Tuer les diff\u00e9rences ou cr\u00e9er une communaut\u00e9 ?"},"content":{"rendered":"<h2><span style=\"font-weight: 400;\">Journ\u00e9e mondiale pour la diversit\u00e9 culturelle, le dialogue et le d\u00e9veloppement<\/span><\/h2>\n<p><span style=\"font-weight: 400;\">La Journ\u00e9e mondiale pour la diversit\u00e9 culturelle, le dialogue et le d\u00e9veloppement (en anglais World Day for Cultural Diversity, for Dialogue and Development) est une journ\u00e9e d&rsquo;action de l&rsquo;UNESCO qui est c\u00e9l\u00e9br\u00e9e tous les ans le 21 mai.<\/span><\/p>\n<p>&nbsp;<\/p>\n<h3><b>Pourquoi c\u00e9l\u00e9brons-nous la diversit\u00e9 culturelle ? Pourquoi est-ce important ?<\/b><\/h3>\n<p><span style=\"font-weight: 400;\">\u00c0 l\u2019heure actuelle, alors que le monde \u00e9volue si rapidement et que des personnes des quatre coins du monde sont capables de communiquer et de partager instantan\u00e9ment des informations, nos diff\u00e9rents points de vue issus de la diversit\u00e9 culturelle nous aident. En r\u00e9unissant ces diff\u00e9rentes perspectives, nous pouvons trouver de meilleures solutions \u00e0 de nombreux probl\u00e8mes dans le monde. Des solutions utiles \u00e0 chaque individu, mais \u00e9galement \u00e0 l&rsquo;humanit\u00e9 toute enti\u00e8re<\/span><span style=\"font-weight: 400;\">.<\/span><\/p>\n<p>&nbsp;<\/p>\n<h3><b>La plupart des conflits dans ce monde sont caus\u00e9s par des images repr\u00e9sentant l\u2019ennemi<\/b><\/h3>\n<p><span style=\"font-weight: 400;\">L&rsquo;ONU \u00e9crit \u00e0 l&rsquo;occasion de cette Journ\u00e9e : Les trois quarts des plus grands foyers de tension dans le monde ont une dimension culturelle. Il est urgent de combler le foss\u00e9 entre les cultures afin d\u2019instaurer la paix, la stabilit\u00e9 et le d\u00e9veloppement dans le monde.<\/span><\/p>\n<p><span style=\"font-weight: 400;\">La diversit\u00e9 culturelle est une force motrice de d\u00e9veloppement, pas seulement en termes de croissance \u00e9conomique. La diversit\u00e9 culturelle est \u00e9galement un moyen d&rsquo;ouvrir la voie \u00e0 une existence plus \u00e9panouissante, \u00e0 une vie riche de diversit\u00e9 et de d\u00e9veloppement intellectuels, affectifs, morales et spirituels (Nations Unies, 2019).<\/span><\/p>\n<p><span style=\"font-weight: 400;\">Si nous soutenons la diversit\u00e9 culturelle, nous mettons fin \u00e0 la confrontation et obtenons plus de coop\u00e9ration. La couleur de la peau, le sexe, la religion, la nationalit\u00e9, l&rsquo;appartenance \u00e0 une tribu ou \u00e0 une caste &#8211; il existe d&rsquo;innombrables diff\u00e9rences qui am\u00e8nent et ont amen\u00e9 pendant des si\u00e8cles des personnes \u00e0 se m\u00e9priser ou \u00e0 s\u2019entretuer. Pourquoi\u00a0? Parce que l&rsquo;autre est diff\u00e9rent de moi. Parce que je ne le comprends pas. Parce que le \u00ab\u00a0nous\u00a0\u00bb est toujours plus facile \u00e0 comprendre que le \u00ab\u00a0l\u00e0-bas\u00a0\u00bb. L&rsquo;affiliation \u00e0 un groupe renforce l&rsquo;ego &#8211; et l&rsquo;ego dirige le monde, n&rsquo;est-ce pas ?<\/span><\/p>\n<p><span style=\"font-weight: 400;\">Si nous changeons la vision de l&rsquo;humanit\u00e9 et si, en tant qu&rsquo;humains, nous comprenons que, dans ce monde, chacun d&rsquo;entre nous est important et a raison, nous pourrons alors r\u00e9soudre les conflits. Si nous commen\u00e7ons \u00e0 parler les uns avec les autres et non les uns des autres, nous aurons alors avanc\u00e9 d\u2019un grand pas. Qu\u2019en pensez-vous ?<\/span><\/p>\n<p>&nbsp;<\/p>\n<h3><b>Si les enfants connaissent leurs racines culturelles, ils peuvent d\u00e9fendre leur droit \u00e0 la vie<\/b><\/h3>\n<p><span style=\"font-weight: 400;\">Avec la Journ\u00e9e mondiale pour la diversit\u00e9 culturelle, nous soutenons un d\u00e9veloppement qui reconna\u00eet les droits de l&rsquo;homme, r\u00e9duit la pauvret\u00e9 et consid\u00e8re le droit de chaque individu au d\u00e9veloppement personnel comme un \u00e9l\u00e9ment d&rsquo;une croissance sociale et saine. La Journ\u00e9e mondiale de la diversit\u00e9 culturelle repr\u00e9sente les objectifs de l\u2019association Humanium. Notre PDG, Arndt Soret, a ainsi d\u00e9clar\u00e9 :<\/span><\/p>\n<p><span style=\"font-weight: 400;\">\u00ab\u00a0Le d\u00e9veloppement culturel et la diversit\u00e9 sont importants parce que la culture est l&rsquo;int\u00e9gration. Les enfants sont vuln\u00e9rables. S&rsquo;ils connaissent leurs racines culturelles, ils peuvent mieux s&rsquo;int\u00e9grer et percevoir, comprendre et d\u00e9fendre consciemment leur droit \u00e0 la vie et au d\u00e9veloppement. C&rsquo;est pourquoi la Journ\u00e9e mondiale pour la diversit\u00e9 culturelle est si importante pour Humanium en tant que d\u00e9fenseur des <\/span><a href=\"https:\/\/www.humanium.org\/fr\/droits-enfant\/\" target=\"_blank\" rel=\"noopener\"><span style=\"font-weight: 400;\">droits de l&rsquo;enfant<\/span><\/a><span style=\"font-weight: 400;\">.<\/span><\/p>\n<p><span style=\"font-weight: 400;\">Dans nos <\/span><span style=\"font-weight: 400;\">ateliers au Rwanda<\/span><span style=\"font-weight: 400;\">, nous travaillons avec les enfants pour qu\u2019ils puissent r\u00e9aliser leurs r\u00eaves &#8211; ils veulent \u00eatre ing\u00e9nieurs, m\u00e9decins, commer\u00e7ants ou simplement des supers h\u00e9ro\u00efnes. Donnez-leur un stylo et du papier et vous avez d\u00e9j\u00e0 cr\u00e9\u00e9 des \u00e9quipes de m\u00e9decins ou d\u2019 \u00ab\u00a0Avengers\u00a0\u00bb qui dessinent leurs prochaines \u00e9tapes de leur d\u00e9veloppement. Tout devient possible \u2013 C\u2019est merveilleux !<\/span> <span style=\"font-weight: 400;\">Ces images nous aident en tant que coachs et travailleurs sociaux \u00e0 rendre compr\u00e9hensibles les potentiels des familles. Nous sommes l\u00e0 pour que ces dessins ne demeurent pas des utopies. Au Rwanda, nous sommes en train de promouvoir des projets d\u2019int\u00e9gration interculturelle dans le secteur de l\u2019\u00e9ducation, par exemple via notre collaboration avec l\u2019Universit\u00e9 des arts et des sciences sociales (University of Arts and Social Sciences). Ces projets renforcent \u00e9galement le processus de paix. En <\/span><span style=\"font-weight: 400;\">Inde<\/span><span style=\"font-weight: 400;\">, les \u00e9coles que nous parrainons s&#8217;emploient \u00e0 faire en sorte que les \u00e9l\u00e8ves r\u00e9citent l&rsquo;histoire et la culture de leur pays.<\/span> <span style=\"font-weight: 400;\">Ce sont eux les meilleurs yogis, les plus grands danseurs et ils en rient \u00e9norm\u00e9ment\u00a0; ils prennent plaisir \u00e0 faire partie de ces traditions.<\/span> <span style=\"font-weight: 400;\">Cette \u00e9nergie positive se propage, elle gu\u00e9rit les blessures, aussi historiques que culturelles.\u00a0\u00bb<\/span><\/p>\n<p>&nbsp;<\/p>\n<p><strong><em>\u00c9crit par Andrea Goffart<\/em><\/strong><br \/>\n<strong><em>Traduit par Harsoite Mohamed Ahmed<\/em><\/strong><br \/>\n<strong><em>Revu par Maureen Fauconnier<\/em><\/strong><\/p>\n<p>&nbsp;<\/p>\n<p><span style=\"font-weight: 400;\">R\u00e9f\u00e9rence<\/span><\/p>\n<p><span style=\"font-weight: 400;\">Nations Unies. (2019). Nations Unies. R\u00e9cup\u00e9r\u00e9 le 25 avril 2019 de https:\/\/www.un.org\/en\/events\/culturaldiversityday\/<\/span><\/p>\n<p>&nbsp;<\/p>\n","protected":false},"excerpt":{"rendered":"<p>Journ\u00e9e mondiale pour la diversit\u00e9 culturelle, le dialogue et le d\u00e9veloppement La Journ\u00e9e mondiale pour la diversit\u00e9 culturelle, le dialogue et le d\u00e9veloppement (en anglais World Day for Cultural Diversity, for Dialogue and Development) est une journ\u00e9e d&rsquo;action de l&rsquo;UNESCO qui est c\u00e9l\u00e9br\u00e9e tous les ans le 21 mai. &nbsp; Pourquoi c\u00e9l\u00e9brons-nous la diversit\u00e9 culturelle [&hellip;]<\/p>\n","protected":false},"author":69,"featured_media":44632,"comment_status":"closed","ping_status":"closed","sticky":false,"template":"","format":"standard","meta":{"footnotes":""},"categories":[220,4,5,9],"tags":[],"class_list":["post-44633","post","type-post","status-publish","format-standard","has-post-thumbnail","hentry","category-droits-des-enfants","category-droits-humains","category-education","category-paix"],"yoast_head":"<!-- This site is optimized with the Yoast SEO plugin v28.3 - https:\/\/yoast.com\/product\/yoast-seo-wordpress\/ -->\n<title>Tuer les diff\u00e9rences ou cr\u00e9er une communaut\u00e9 ? - Humanium<\/title>\n<meta name=\"description\" content=\"Avec la Journ\u00e9e mondiale pour la diversit\u00e9 culturelle, nous soutenons un d\u00e9veloppement qui reconna\u00eet les droits de l&#039;homme, r\u00e9duit la pauvret\u00e9 et consid\u00e8re le droit de chaque individu au d\u00e9veloppement personnel comme un \u00e9l\u00e9ment d&#039;une croissance sociale et saine. La Journ\u00e9e mondiale de la diversit\u00e9 culturelle repr\u00e9sente les objectifs de l\u2019association Humanium.\" \/>\n<meta name=\"robots\" content=\"index, follow, max-snippet:-1, max-image-preview:large, max-video-preview:-1\" \/>\n<link rel=\"canonical\" href=\"https:\/\/www.humanium.org\/fr\/journee-mondiale-diversite-culturelle\/\" \/>\n<meta property=\"og:locale\" content=\"fr_FR\" \/>\n<meta property=\"og:type\" content=\"article\" \/>\n<meta property=\"og:title\" content=\"Tuer les diff\u00e9rences ou cr\u00e9er une communaut\u00e9 ? - Humanium\" \/>\n<meta property=\"og:description\" content=\"Avec la Journ\u00e9e mondiale pour la diversit\u00e9 culturelle, nous soutenons un d\u00e9veloppement qui reconna\u00eet les droits de l&#039;homme, r\u00e9duit la pauvret\u00e9 et consid\u00e8re le droit de chaque individu au d\u00e9veloppement personnel comme un \u00e9l\u00e9ment d&#039;une croissance sociale et saine. La Journ\u00e9e mondiale de la diversit\u00e9 culturelle repr\u00e9sente les objectifs de l\u2019association Humanium.\" \/>\n<meta property=\"og:url\" content=\"https:\/\/www.humanium.org\/fr\/journee-mondiale-diversite-culturelle\/\" \/>\n<meta property=\"og:site_name\" content=\"Humanium\" \/>\n<meta property=\"article:published_time\" content=\"2019-05-22T00:01:46+00:00\" \/>\n<meta property=\"article:modified_time\" content=\"2026-08-20T18:18:08+00:00\" \/>\n<meta property=\"og:image\" content=\"https:\/\/www.humanium.org\/fr\/wp-content\/uploads\/2019\/05\/shutterstock_276016139-1024x826.jpg\" \/>\n\t<meta property=\"og:image:width\" content=\"1024\" \/>\n\t<meta property=\"og:image:height\" content=\"826\" \/>\n\t<meta property=\"og:image:type\" content=\"image\/jpeg\" \/>\n<meta name=\"author\" content=\"Humanium\" \/>\n<meta name=\"twitter:card\" content=\"summary_large_image\" \/>\n<meta name=\"twitter:label1\" content=\"\u00c9crit par\" \/>\n\t<meta name=\"twitter:data1\" content=\"Humanium\" \/>\n\t<meta name=\"twitter:label2\" content=\"Dur\u00e9e de lecture estim\u00e9e\" \/>\n\t<meta name=\"twitter:data2\" content=\"4 minutes\" \/>\n<script type=\"application\/ld+json\" class=\"yoast-schema-graph\">{\"@context\":\"https:\\\/\\\/schema.org\",\"@graph\":[{\"@type\":\"Article\",\"@id\":\"https:\\\/\\\/www.humanium.org\\\/fr\\\/journee-mondiale-diversite-culturelle\\\/#article\",\"isPartOf\":{\"@id\":\"https:\\\/\\\/www.humanium.org\\\/fr\\\/journee-mondiale-diversite-culturelle\\\/\"},\"author\":{\"name\":\"Humanium\",\"@id\":\"https:\\\/\\\/www.humanium.org\\\/fr\\\/#\\\/schema\\\/person\\\/d798d6c7d59ba2307e0877f61a20ce3e\"},\"headline\":\"Tuer les diff\u00e9rences ou cr\u00e9er une communaut\u00e9 ?\",\"datePublished\":\"2019-05-22T00:01:46+00:00\",\"dateModified\":\"2026-08-20T18:18:08+00:00\",\"mainEntityOfPage\":{\"@id\":\"https:\\\/\\\/www.humanium.org\\\/fr\\\/journee-mondiale-diversite-culturelle\\\/\"},\"wordCount\":825,\"image\":{\"@id\":\"https:\\\/\\\/www.humanium.org\\\/fr\\\/journee-mondiale-diversite-culturelle\\\/#primaryimage\"},\"thumbnailUrl\":\"https:\\\/\\\/www.humanium.org\\\/fr\\\/wp-content\\\/uploads\\\/2019\\\/05\\\/shutterstock_276016139.jpg\",\"articleSection\":[\"Droits des enfants\",\"Droits humains\",\"Education\",\"Paix\"],\"inLanguage\":\"fr-FR\"},{\"@type\":\"WebPage\",\"@id\":\"https:\\\/\\\/www.humanium.org\\\/fr\\\/journee-mondiale-diversite-culturelle\\\/\",\"url\":\"https:\\\/\\\/www.humanium.org\\\/fr\\\/journee-mondiale-diversite-culturelle\\\/\",\"name\":\"Tuer les diff\u00e9rences ou cr\u00e9er une communaut\u00e9 ? - Humanium\",\"isPartOf\":{\"@id\":\"https:\\\/\\\/www.humanium.org\\\/fr\\\/#website\"},\"primaryImageOfPage\":{\"@id\":\"https:\\\/\\\/www.humanium.org\\\/fr\\\/journee-mondiale-diversite-culturelle\\\/#primaryimage\"},\"image\":{\"@id\":\"https:\\\/\\\/www.humanium.org\\\/fr\\\/journee-mondiale-diversite-culturelle\\\/#primaryimage\"},\"thumbnailUrl\":\"https:\\\/\\\/www.humanium.org\\\/fr\\\/wp-content\\\/uploads\\\/2019\\\/05\\\/shutterstock_276016139.jpg\",\"datePublished\":\"2019-05-22T00:01:46+00:00\",\"dateModified\":\"2026-08-20T18:18:08+00:00\",\"author\":{\"@id\":\"https:\\\/\\\/www.humanium.org\\\/fr\\\/#\\\/schema\\\/person\\\/d798d6c7d59ba2307e0877f61a20ce3e\"},\"description\":\"Avec la Journ\u00e9e mondiale pour la diversit\u00e9 culturelle, nous soutenons un d\u00e9veloppement qui reconna\u00eet les droits de l'homme, r\u00e9duit la pauvret\u00e9 et consid\u00e8re le droit de chaque individu au d\u00e9veloppement personnel comme un \u00e9l\u00e9ment d'une croissance sociale et saine. La Journ\u00e9e mondiale de la diversit\u00e9 culturelle repr\u00e9sente les objectifs de l\u2019association Humanium.\",\"breadcrumb\":{\"@id\":\"https:\\\/\\\/www.humanium.org\\\/fr\\\/journee-mondiale-diversite-culturelle\\\/#breadcrumb\"},\"inLanguage\":\"fr-FR\",\"potentialAction\":[{\"@type\":\"ReadAction\",\"target\":[\"https:\\\/\\\/www.humanium.org\\\/fr\\\/journee-mondiale-diversite-culturelle\\\/\"]}]},{\"@type\":\"ImageObject\",\"inLanguage\":\"fr-FR\",\"@id\":\"https:\\\/\\\/www.humanium.org\\\/fr\\\/journee-mondiale-diversite-culturelle\\\/#primaryimage\",\"url\":\"https:\\\/\\\/www.humanium.org\\\/fr\\\/wp-content\\\/uploads\\\/2019\\\/05\\\/shutterstock_276016139.jpg\",\"contentUrl\":\"https:\\\/\\\/www.humanium.org\\\/fr\\\/wp-content\\\/uploads\\\/2019\\\/05\\\/shutterstock_276016139.jpg\",\"width\":4636,\"height\":3739},{\"@type\":\"BreadcrumbList\",\"@id\":\"https:\\\/\\\/www.humanium.org\\\/fr\\\/journee-mondiale-diversite-culturelle\\\/#breadcrumb\",\"itemListElement\":[{\"@type\":\"ListItem\",\"position\":1,\"name\":\"Home\",\"item\":\"https:\\\/\\\/www.humanium.org\\\/fr\\\/\"},{\"@type\":\"ListItem\",\"position\":2,\"name\":\"Tuer les diff\u00e9rences ou cr\u00e9er une communaut\u00e9 ?\"}]},{\"@type\":\"WebSite\",\"@id\":\"https:\\\/\\\/www.humanium.org\\\/fr\\\/#website\",\"url\":\"https:\\\/\\\/www.humanium.org\\\/fr\\\/\",\"name\":\"Humanium\",\"description\":\"Les enfants d\u2019abord !\",\"potentialAction\":[{\"@type\":\"SearchAction\",\"target\":{\"@type\":\"EntryPoint\",\"urlTemplate\":\"https:\\\/\\\/www.humanium.org\\\/fr\\\/?s={search_term_string}\"},\"query-input\":{\"@type\":\"PropertyValueSpecification\",\"valueRequired\":true,\"valueName\":\"search_term_string\"}}],\"inLanguage\":\"fr-FR\"},{\"@type\":\"Person\",\"@id\":\"https:\\\/\\\/www.humanium.org\\\/fr\\\/#\\\/schema\\\/person\\\/d798d6c7d59ba2307e0877f61a20ce3e\",\"name\":\"Humanium\",\"image\":{\"@type\":\"ImageObject\",\"inLanguage\":\"fr-FR\",\"@id\":\"https:\\\/\\\/secure.gravatar.com\\\/avatar\\\/22715e338d2fcc547e3a431c4738360d33fea2a4af458f865b2c3b22f1eaa51f?s=96&d=mm&r=g\",\"url\":\"https:\\\/\\\/secure.gravatar.com\\\/avatar\\\/22715e338d2fcc547e3a431c4738360d33fea2a4af458f865b2c3b22f1eaa51f?s=96&d=mm&r=g\",\"contentUrl\":\"https:\\\/\\\/secure.gravatar.com\\\/avatar\\\/22715e338d2fcc547e3a431c4738360d33fea2a4af458f865b2c3b22f1eaa51f?s=96&d=mm&r=g\",\"caption\":\"Humanium\"},\"url\":\"https:\\\/\\\/www.humanium.org\\\/fr\\\/author\\\/humanium\\\/\"}]}<\/script>\n<!-- \/ Yoast SEO plugin. -->","yoast_head_json":{"title":"Tuer les diff\u00e9rences ou cr\u00e9er une communaut\u00e9 ? - Humanium","description":"Avec la Journ\u00e9e mondiale pour la diversit\u00e9 culturelle, nous soutenons un d\u00e9veloppement qui reconna\u00eet les droits de l'homme, r\u00e9duit la pauvret\u00e9 et consid\u00e8re le droit de chaque individu au d\u00e9veloppement personnel comme un \u00e9l\u00e9ment d'une croissance sociale et saine. La Journ\u00e9e mondiale de la diversit\u00e9 culturelle repr\u00e9sente les objectifs de l\u2019association Humanium.","robots":{"index":"index","follow":"follow","max-snippet":"max-snippet:-1","max-image-preview":"max-image-preview:large","max-video-preview":"max-video-preview:-1"},"canonical":"https:\/\/www.humanium.org\/fr\/journee-mondiale-diversite-culturelle\/","og_locale":"fr_FR","og_type":"article","og_title":"Tuer les diff\u00e9rences ou cr\u00e9er une communaut\u00e9 ? - Humanium","og_description":"Avec la Journ\u00e9e mondiale pour la diversit\u00e9 culturelle, nous soutenons un d\u00e9veloppement qui reconna\u00eet les droits de l'homme, r\u00e9duit la pauvret\u00e9 et consid\u00e8re le droit de chaque individu au d\u00e9veloppement personnel comme un \u00e9l\u00e9ment d'une croissance sociale et saine. La Journ\u00e9e mondiale de la diversit\u00e9 culturelle repr\u00e9sente les objectifs de l\u2019association Humanium.","og_url":"https:\/\/www.humanium.org\/fr\/journee-mondiale-diversite-culturelle\/","og_site_name":"Humanium","article_published_time":"2019-05-22T00:01:46+00:00","article_modified_time":"2026-08-20T18:18:08+00:00","og_image":[{"width":1024,"height":826,"url":"https:\/\/www.humanium.org\/fr\/wp-content\/uploads\/2019\/05\/shutterstock_276016139-1024x826.jpg","type":"image\/jpeg"}],"author":"Humanium","twitter_card":"summary_large_image","twitter_misc":{"\u00c9crit par":"Humanium","Dur\u00e9e de lecture estim\u00e9e":"4 minutes"},"schema":{"@context":"https:\/\/schema.org","@graph":[{"@type":"Article","@id":"https:\/\/www.humanium.org\/fr\/journee-mondiale-diversite-culturelle\/#article","isPartOf":{"@id":"https:\/\/www.humanium.org\/fr\/journee-mondiale-diversite-culturelle\/"},"author":{"name":"Humanium","@id":"https:\/\/www.humanium.org\/fr\/#\/schema\/person\/d798d6c7d59ba2307e0877f61a20ce3e"},"headline":"Tuer les diff\u00e9rences ou cr\u00e9er une communaut\u00e9 ?","datePublished":"2019-05-22T00:01:46+00:00","dateModified":"2026-08-20T18:18:08+00:00","mainEntityOfPage":{"@id":"https:\/\/www.humanium.org\/fr\/journee-mondiale-diversite-culturelle\/"},"wordCount":825,"image":{"@id":"https:\/\/www.humanium.org\/fr\/journee-mondiale-diversite-culturelle\/#primaryimage"},"thumbnailUrl":"https:\/\/www.humanium.org\/fr\/wp-content\/uploads\/2019\/05\/shutterstock_276016139.jpg","articleSection":["Droits des enfants","Droits humains","Education","Paix"],"inLanguage":"fr-FR"},{"@type":"WebPage","@id":"https:\/\/www.humanium.org\/fr\/journee-mondiale-diversite-culturelle\/","url":"https:\/\/www.humanium.org\/fr\/journee-mondiale-diversite-culturelle\/","name":"Tuer les diff\u00e9rences ou cr\u00e9er une communaut\u00e9 ? - Humanium","isPartOf":{"@id":"https:\/\/www.humanium.org\/fr\/#website"},"primaryImageOfPage":{"@id":"https:\/\/www.humanium.org\/fr\/journee-mondiale-diversite-culturelle\/#primaryimage"},"image":{"@id":"https:\/\/www.humanium.org\/fr\/journee-mondiale-diversite-culturelle\/#primaryimage"},"thumbnailUrl":"https:\/\/www.humanium.org\/fr\/wp-content\/uploads\/2019\/05\/shutterstock_276016139.jpg","datePublished":"2019-05-22T00:01:46+00:00","dateModified":"2026-08-20T18:18:08+00:00","author":{"@id":"https:\/\/www.humanium.org\/fr\/#\/schema\/person\/d798d6c7d59ba2307e0877f61a20ce3e"},"description":"Avec la Journ\u00e9e mondiale pour la diversit\u00e9 culturelle, nous soutenons un d\u00e9veloppement qui reconna\u00eet les droits de l'homme, r\u00e9duit la pauvret\u00e9 et consid\u00e8re le droit de chaque individu au d\u00e9veloppement personnel comme un \u00e9l\u00e9ment d'une croissance sociale et saine. La Journ\u00e9e mondiale de la diversit\u00e9 culturelle repr\u00e9sente les objectifs de l\u2019association Humanium.","breadcrumb":{"@id":"https:\/\/www.humanium.org\/fr\/journee-mondiale-diversite-culturelle\/#breadcrumb"},"inLanguage":"fr-FR","potentialAction":[{"@type":"ReadAction","target":["https:\/\/www.humanium.org\/fr\/journee-mondiale-diversite-culturelle\/"]}]},{"@type":"ImageObject","inLanguage":"fr-FR","@id":"https:\/\/www.humanium.org\/fr\/journee-mondiale-diversite-culturelle\/#primaryimage","url":"https:\/\/www.humanium.org\/fr\/wp-content\/uploads\/2019\/05\/shutterstock_276016139.jpg","contentUrl":"https:\/\/www.humanium.org\/fr\/wp-content\/uploads\/2019\/05\/shutterstock_276016139.jpg","width":4636,"height":3739},{"@type":"BreadcrumbList","@id":"https:\/\/www.humanium.org\/fr\/journee-mondiale-diversite-culturelle\/#breadcrumb","itemListElement":[{"@type":"ListItem","position":1,"name":"Home","item":"https:\/\/www.humanium.org\/fr\/"},{"@type":"ListItem","position":2,"name":"Tuer les diff\u00e9rences ou cr\u00e9er une communaut\u00e9 ?"}]},{"@type":"WebSite","@id":"https:\/\/www.humanium.org\/fr\/#website","url":"https:\/\/www.humanium.org\/fr\/","name":"Humanium","description":"Les enfants d\u2019abord !","potentialAction":[{"@type":"SearchAction","target":{"@type":"EntryPoint","urlTemplate":"https:\/\/www.humanium.org\/fr\/?s={search_term_string}"},"query-input":{"@type":"PropertyValueSpecification","valueRequired":true,"valueName":"search_term_string"}}],"inLanguage":"fr-FR"},{"@type":"Person","@id":"https:\/\/www.humanium.org\/fr\/#\/schema\/person\/d798d6c7d59ba2307e0877f61a20ce3e","name":"Humanium","image":{"@type":"ImageObject","inLanguage":"fr-FR","@id":"https:\/\/secure.gravatar.com\/avatar\/22715e338d2fcc547e3a431c4738360d33fea2a4af458f865b2c3b22f1eaa51f?s=96&d=mm&r=g","url":"https:\/\/secure.gravatar.com\/avatar\/22715e338d2fcc547e3a431c4738360d33fea2a4af458f865b2c3b22f1eaa51f?s=96&d=mm&r=g","contentUrl":"https:\/\/secure.gravatar.com\/avatar\/22715e338d2fcc547e3a431c4738360d33fea2a4af458f865b2c3b22f1eaa51f?s=96&d=mm&r=g","caption":"Humanium"},"url":"https:\/\/www.humanium.org\/fr\/author\/humanium\/"}]}},"_links":{"self":[{"href":"https:\/\/www.humanium.org\/fr\/wp-json\/wp\/v2\/posts\/44633","targetHints":{"allow":["GET"]}}],"collection":[{"href":"https:\/\/www.humanium.org\/fr\/wp-json\/wp\/v2\/posts"}],"about":[{"href":"https:\/\/www.humanium.org\/fr\/wp-json\/wp\/v2\/types\/post"}],"author":[{"embeddable":true,"href":"https:\/\/www.humanium.org\/fr\/wp-json\/wp\/v2\/users\/69"}],"replies":[{"embeddable":true,"href":"https:\/\/www.humanium.org\/fr\/wp-json\/wp\/v2\/comments?post=44633"}],"version-history":[{"count":3,"href":"https:\/\/www.humanium.org\/fr\/wp-json\/wp\/v2\/posts\/44633\/revisions"}],"predecessor-version":[{"id":61152,"href":"https:\/\/www.humanium.org\/fr\/wp-json\/wp\/v2\/posts\/44633\/revisions\/61152"}],"wp:featuredmedia":[{"embeddable":true,"href":"https:\/\/www.humanium.org\/fr\/wp-json\/wp\/v2\/media\/44632"}],"wp:attachment":[{"href":"https:\/\/www.humanium.org\/fr\/wp-json\/wp\/v2\/media?parent=44633"}],"wp:term":[{"taxonomy":"category","embeddable":true,"href":"https:\/\/www.humanium.org\/fr\/wp-json\/wp\/v2\/categories?post=44633"},{"taxonomy":"post_tag","embeddable":true,"href":"https:\/\/www.humanium.org\/fr\/wp-json\/wp\/v2\/tags?post=44633"}],"curies":[{"name":"wp","href":"https:\/\/api.w.org\/{rel}","templated":true}]}}