{"id":44642,"date":"2019-05-29T00:01:12","date_gmt":"2019-05-29T00:01:12","guid":{"rendered":"https:\/\/www.humanium.org\/fr\/?p=44642"},"modified":"2026-08-20T18:18:08","modified_gmt":"2026-08-20T18:18:08","slug":"operations-de-maintien-de-la-paix","status":"publish","type":"post","link":"https:\/\/www.humanium.org\/fr\/operations-de-maintien-de-la-paix\/","title":{"rendered":"\u00ab\u00a0Les op\u00e9rations de maintien de la paix symbolisent la volont\u00e9 de paix de la communaut\u00e9 internationale et repr\u00e9sentent l\u2019expression impartiale et concr\u00e8te de cette volont\u00e9\u00a0\u00bb [1] [1]"},"content":{"rendered":"<p>Ce mercredi 29 mai, Humanium c\u00e9l\u00e8bre la journ\u00e9e internationale des casques bleus, instaur\u00e9e depuis 2002 par l\u2019Assembl\u00e9e G\u00e9n\u00e9rale de l\u2019ONU.<a href=\"#_edn2\" name=\"_ednref2\">[2]<\/a><\/p>\n<p>Chaque ann\u00e9e, le 29 Mai est donc l\u2019occasion de rendre hommage davantage aux plus des 100 000 casques bleus, hommes et femmes, actuellement sur le terrain<a href=\"#_edn3\" name=\"_ednref3\">[3]<\/a> dans 14 op\u00e9rations de maintien de la paix \u00e0 travers le monde<a href=\"#_edn4\" name=\"_ednref4\">[4]<\/a>.<\/p>\n<p>Mais c\u2019est \u00e9galement l\u2019occasion de comm\u00e9morer les nombreux casques bleus d\u00e9c\u00e9d\u00e9s au cours des op\u00e9rations, depuis la cr\u00e9ation de cette entit\u00e9 en 1948. En effet, on compte \u00e0 ce jour plus de 3,832<a href=\"#_edn5\" name=\"_ednref5\">[5]<\/a> membres des op\u00e9rations de maintien de la paix originaires de plus de 120 pays, qui ont perdu la vie tandis qu\u2019ils servaient sous le drapeau de l\u2019ONU. Ces membres \u00e9taient des civils, des militaires, des policiers, des fonctionnaires internationaux, des volontaires des Nations Unies et du personnel national.<\/p>\n<p>Si le commencement des op\u00e9rations de ces membres \u00e9tait bien sp\u00e9cifique (le r\u00f4le de la mission en 1948 \u00e9tait de surveiller l\u2019application de l\u2019Accord d\u2019armistice entre Isra\u00ebl et ses voisins arabes, \u00e0 savoir un \u00ab simple \u00bb contr\u00f4le du respect des cessez-le-feu), leurs r\u00f4les et leurs responsabilit\u00e9s n\u2019ont cess\u00e9 d\u2019\u00e9voluer \u00e0 mesure que les op\u00e9rations de la paix sont devenus plus complexes tels que \u00ab la protection des civils, le d\u00e9sarmement des ex-combattants, la d\u00e9fense des droits fondamentaux, la promotion de l\u2019\u00e9tat de droit, le soutien aux \u00e9lections libres et justes, la lutte contre les mines terrestres<a href=\"#_edn6\" name=\"_ednref6\">[6]<\/a>\u2026 \u00bb<\/p>\n<p>&nbsp;<\/p>\n<h2>Un th\u00e8me pour 2019 : Prot\u00e9ger les civils, pr\u00e9server la paix<\/h2>\n<p>Chaque ann\u00e9e un th\u00e8me sp\u00e9cifique est attribu\u00e9 \u00e0 cette journ\u00e9e internationale, et cette ann\u00e9e le th\u00e8me s\u2019intitule \u00ab <strong>Prot\u00e9ger les civils, pr\u00e9server la paix. <\/strong>\u00bb<a href=\"#_edn7\" name=\"_ednref7\">[7]<\/a> pour rendre hommage au 20<sup>\u00e8me<\/sup> anniversaire de la premi\u00e8re op\u00e9ration officielle de maintien de la paix consistant \u00e0 prot\u00e9ger les civils (UNAMSIL en Sierra Leone) sous mandat du Conseil de S\u00e9curit\u00e9.<\/p>\n<p>La protection des civils, dans le cadre des op\u00e9rations de maintien de la paix, a pris de l\u2019importance consid\u00e9rable au point qu\u2019aujourd\u2019hui plus de 90% des Casques Bleus ont comme mandat de prot\u00e9ger les civils, dans 8 op\u00e9rations : dans la r\u00e9gion d&rsquo;Abyei, au Darfour, <span style=\"font-weight: 400;\">en <\/span><a href=\"https:\/\/www.humanium.org\/fr\/republique-centrafricaine\/\" target=\"_blank\" rel=\"noopener\"><span style=\"font-weight: 400;\">R\u00e9publique Centrafricaine<\/span><\/a><span style=\"font-weight: 400;\">, en <\/span><a href=\"https:\/\/www.humanium.org\/fr\/republique-democratique-du-congo\/\" target=\"_blank\" rel=\"noopener\"><span style=\"font-weight: 400;\">RDC<\/span><\/a><span style=\"font-weight: 400;\">, \u00e0 <\/span><a href=\"https:\/\/www.humanium.org\/fr\/haiti\/\" target=\"_blank\" rel=\"noopener\"><span style=\"font-weight: 400;\">Ha\u00efti<\/span><\/a><span style=\"font-weight: 400;\">, au <\/span><a href=\"https:\/\/www.humanium.org\/fr\/liban\/\" target=\"_blank\" rel=\"noopener\"><span style=\"font-weight: 400;\">Liban<\/span><\/a><span style=\"font-weight: 400;\">, au <\/span><a href=\"https:\/\/www.humanium.org\/fr\/mali\/\" target=\"_blank\" rel=\"noopener\"><span style=\"font-weight: 400;\">Mali<\/span><\/a><span style=\"font-weight: 400;\"> et au <\/span><a href=\"https:\/\/www.humanium.org\/fr\/soudan-du-sud\/\" target=\"_blank\" rel=\"noopener\"><span style=\"font-weight: 400;\">Sud Soudan<\/span><\/a><span style=\"font-weight: 400;\">.<\/span><\/p>\n<p>&nbsp;<\/p>\n<h2>Des ambitions pour l\u2019avenir<\/h2>\n<h2><\/h2>\n<figure id=\"attachment_44641\" aria-describedby=\"caption-attachment-44641\" style=\"width: 1024px\" class=\"wp-caption aligncenter\"><img loading=\"lazy\" decoding=\"async\" class=\"wp-image-44641 size-large\" src=\"https:\/\/www.humanium.org\/fr\/wp-content\/uploads\/2019\/05\/shutterstock_703943326-1024x693.jpg\" alt=\"\" width=\"1024\" height=\"693\" srcset=\"https:\/\/www.humanium.org\/fr\/wp-content\/uploads\/2019\/05\/shutterstock_703943326-1024x693.jpg 1024w, https:\/\/www.humanium.org\/fr\/wp-content\/uploads\/2019\/05\/shutterstock_703943326-300x203.jpg 300w, https:\/\/www.humanium.org\/fr\/wp-content\/uploads\/2019\/05\/shutterstock_703943326-768x520.jpg 768w, https:\/\/www.humanium.org\/fr\/wp-content\/uploads\/2019\/05\/shutterstock_703943326-830x562.jpg 830w, https:\/\/www.humanium.org\/fr\/wp-content\/uploads\/2019\/05\/shutterstock_703943326-230x156.jpg 230w, https:\/\/www.humanium.org\/fr\/wp-content\/uploads\/2019\/05\/shutterstock_703943326-350x237.jpg 350w, https:\/\/www.humanium.org\/fr\/wp-content\/uploads\/2019\/05\/shutterstock_703943326-480x325.jpg 480w\" sizes=\"auto, (max-width: 1024px) 100vw, 1024px\" \/><figcaption id=\"caption-attachment-44641\" class=\"wp-caption-text\">Mont Bental, Israel : Une soldat des Nations Unies post\u00e9e au Nord d\u2019Isra\u00ebl pour surveiller la ligne de cessez-le-feu Isra\u00ebl &#8211; Syrie<\/figcaption><\/figure>\n<p>&nbsp;<\/p>\n<p>Le secr\u00e9taire g\u00e9n\u00e9ral de l\u2019ONU, avait, l\u2019ann\u00e9e pr\u00e9c\u00e9dente, lanc\u00e9 une nouvelle initiative intitul\u00e9e \u00ab Action pour le maintien de la paix \u00bb (Action for Peacekeeping), qui appel \u00e0 se focaliser sur les op\u00e9rations de maintien de la paix avec des espoirs plus concrets, et faire de celles-ci des op\u00e9rations plus effectives et plus s\u00e9curis\u00e9es.<\/p>\n<p>De m\u00eame, s\u2019agissant du personnel f\u00e9minin dans les op\u00e9rations de maintien dans la paix, Ant\u00f3nio Guterres s\u2019est engag\u00e9 \u00e0 faire en sorte que les femmes jouent un r\u00f4le beaucoup plus actif dans les op\u00e9rations. Ces femmes d\u00e9j\u00e0 pr\u00e9sentes parmi le personnel sont d\u00e9ploy\u00e9es dans tous les secteurs : police, militaire, civil et elles tiennent \u00e9galement un r\u00f4le de mod\u00e8le pour les populations des pays dans lesquels les op\u00e9rations ont lieues.<\/p>\n<p>Enfin, cette \u201cAction pour le maintien de la paix\u201d permet de renouveler l\u2019engagement politique mutuel en faveur des op\u00e9rations de maintien de la paix.<\/p>\n<p>&nbsp;<\/p>\n<table style=\"height: 38px;\" width=\"298\">\n<tbody style=\"background: none repeat scroll 0% 0% #f2f2f2;\">\n<tr>\n<td>\n<h3><strong>Anecdote&#8230;D\u2019o\u00f9 vient ce casque bleu ?<\/strong><\/h3>\n<p style=\"text-align: left;\">On peut lire dans le livre de Jocelyn Coulon \u00ab Les Casques bleus \u00bb que c\u2019est \u00e0 l\u2019occasion du d\u00e9tachement de la FUNU (Force d\u2019Urgence des Nations Unies) en Egypte en 1956, qu\u2019il \u00e9tait n\u00e9cessaire de trouver un signe distinctif qui permettait aux \u00c9gyptiens de reconna\u00eetre les soldats de l\u2019ONU. L\u2019auteure cite ainsi Brian Urquhart, ancien secr\u00e9taire g\u00e9n\u00e9ral adjoint des Nations Unies, qui \u00e9voque que :<\/p>\n<p style=\"text-align: left;\">\u00ab\u00a0Le b\u00e9ret bleu de l\u2019ONU semblait repr\u00e9senter la solution, mais il \u00e9tait impossible d\u2019obtenir assez de b\u00e9rets \u00e0 temps. Toutefois, on disposait en Europe de suffisamment de doublures de casques am\u00e9ricains en plastique. On d\u00e9cida donc de les peindre \u00e0 la bombe en bleu ONU, et les casques furent pr\u00eats \u00e0 temps pour l\u2019entr\u00e9e du premier d\u00e9tachement de la FUNU en Egypte\u00a0\u00bb, \u00e9crit [\u2026] Urquhart. Les Casques bleus \u00e9taient n\u00e9s. Ils allaient devenir un symbole dans le monde entier. \u00bb<\/p>\n<\/td>\n<\/tr>\n<\/tbody>\n<\/table>\n<p>&nbsp;<\/p>\n<p><strong><em>\u00c9crit par Eddy Malouli<\/em><\/strong><\/p>\n<p>&nbsp;<\/p>\n<p>R\u00e9f\u00e9rences<\/p>\n<p><a href=\"#_ftnref1\" name=\"_ftn1\">[1]<\/a> Discours de remerciement de M. Javier P\u00e9rez de Cu\u00e9llar (ancien Secr\u00e9taire General de l\u2019ONU), \u00e0 l\u2019occasion de la remise du Prix Nobel de la Paix aux op\u00e9rations des forces de maintien de la paix de l\u2019ONU, \u00e0 Oslo, le 10 D\u00e9cembre 1988.<\/p>\n<p><a href=\"#_ednref1\" name=\"_edn1\">[1]<\/a> Peacekeeping operations symbolise the world community\u2019s will to peace and represent the impartial, practical expression of that will.\u201d Last para. https:\/\/www.nobelprize.org\/prizes\/peace\/1988\/un\/acceptance-speech\/<\/p>\n<p><a href=\"#_ednref2\" name=\"_edn2\">[2]<\/a> Instaur\u00e9e par le vote de la r\u00e9solution 57\/129.<\/p>\n<p><a href=\"#_ednref3\" name=\"_edn3\">[3]<\/a> Les 14 op\u00e9rations actuelles de maintien de la paix sont : FINUL (Liban), FISNUA (Abiy\u00e9), FNUOD (Golan), MINUAD (Darfour), MINUK (Kosovo), MINURSO (Sahara Occidental), MINUSMA (Mali), MINUSCA (R\u00e9publique centrafricaine), MINUSS (Soudan du Sud), MINUJUSTH (Ha\u00efti), MONUSCO (R\u00e9publique d\u00e9mocratique du Congo), ONUST (Moyen-Orient), UNFICYP (Chypre), UNMOGIP( Inde et Pakistan).<\/p>\n<p><a href=\"#_ednref4\" name=\"_edn4\">[4]<\/a> Les diff\u00e9rents op\u00e9rations sont accessibles via ce lien: https:\/\/peacekeeping.un.org\/en\/where-we-operate<\/p>\n<p><a href=\"#_ednref5\" name=\"_edn5\">[5]<\/a> Donn\u00e9es extraites de: https:\/\/peacekeeping.un.org\/fr\/fatalities<\/p>\n<p><a href=\"#_ednref6\" name=\"_edn6\">[6]<\/a> https:\/\/peacekeeping.un.org\/fr\/our-peacekeepers<\/p>\n<p><a href=\"#_ednref7\" name=\"_edn7\">[7]<\/a> Traduit de l\u2019anglais \u201c Protecting Civilians, Protecting Peace \u201c , https:\/\/www.un.org\/en\/events\/peacekeepersday\/index.shtml<\/p>\n","protected":false},"excerpt":{"rendered":"<p>Ce mercredi 29 mai, Humanium c\u00e9l\u00e8bre la journ\u00e9e internationale des casques bleus, instaur\u00e9e depuis 2002 par l\u2019Assembl\u00e9e G\u00e9n\u00e9rale de l\u2019ONU.[2] Chaque ann\u00e9e, le 29 Mai est donc l\u2019occasion de rendre hommage davantage aux plus des 100 000 casques bleus, hommes et femmes, actuellement sur le terrain[3] dans 14 op\u00e9rations de maintien de la paix \u00e0 [&hellip;]<\/p>\n","protected":false},"author":69,"featured_media":44640,"comment_status":"closed","ping_status":"closed","sticky":false,"template":"","format":"standard","meta":{"footnotes":""},"categories":[9],"tags":[],"class_list":["post-44642","post","type-post","status-publish","format-standard","has-post-thumbnail","hentry","category-paix"],"yoast_head":"<!-- This site is optimized with the Yoast SEO plugin v28.3 - https:\/\/yoast.com\/product\/yoast-seo-wordpress\/ -->\n<title>&quot;Les op\u00e9rations de maintien de la paix symbolisent la volont\u00e9 de paix de la communaut\u00e9 internationale et repr\u00e9sentent l\u2019expression impartiale et concr\u00e8te de cette volont\u00e9&quot; [1] [1] - Humanium<\/title>\n<meta name=\"description\" content=\"Ce mercredi 29 mai, Humanium c\u00e9l\u00e8bre la journ\u00e9e internationale des casques bleus, instaur\u00e9e depuis 2002 par l\u2019Assembl\u00e9e G\u00e9n\u00e9rale de l\u2019ONU.\" \/>\n<meta name=\"robots\" content=\"index, follow, max-snippet:-1, max-image-preview:large, max-video-preview:-1\" \/>\n<link rel=\"canonical\" href=\"https:\/\/www.humanium.org\/fr\/operations-de-maintien-de-la-paix\/\" \/>\n<meta property=\"og:locale\" content=\"fr_FR\" \/>\n<meta property=\"og:type\" content=\"article\" \/>\n<meta property=\"og:title\" content=\"&quot;Les op\u00e9rations de maintien de la paix symbolisent la volont\u00e9 de paix de la communaut\u00e9 internationale et repr\u00e9sentent l\u2019expression impartiale et concr\u00e8te de cette volont\u00e9&quot; [1] [1] - Humanium\" \/>\n<meta property=\"og:description\" content=\"Ce mercredi 29 mai, Humanium c\u00e9l\u00e8bre la journ\u00e9e internationale des casques bleus, instaur\u00e9e depuis 2002 par l\u2019Assembl\u00e9e G\u00e9n\u00e9rale de l\u2019ONU.\" \/>\n<meta property=\"og:url\" content=\"https:\/\/www.humanium.org\/fr\/operations-de-maintien-de-la-paix\/\" \/>\n<meta property=\"og:site_name\" content=\"Humanium\" \/>\n<meta property=\"article:published_time\" content=\"2019-05-29T00:01:12+00:00\" \/>\n<meta property=\"article:modified_time\" content=\"2026-08-20T18:18:08+00:00\" \/>\n<meta property=\"og:image\" content=\"https:\/\/www.humanium.org\/fr\/wp-content\/uploads\/2019\/05\/shutterstock_649434817-1024x690.jpg\" \/>\n\t<meta property=\"og:image:width\" content=\"1024\" \/>\n\t<meta property=\"og:image:height\" content=\"690\" \/>\n\t<meta property=\"og:image:type\" content=\"image\/jpeg\" \/>\n<meta name=\"author\" content=\"Humanium\" \/>\n<meta name=\"twitter:card\" content=\"summary_large_image\" \/>\n<meta name=\"twitter:label1\" content=\"\u00c9crit par\" \/>\n\t<meta name=\"twitter:data1\" content=\"Humanium\" \/>\n\t<meta name=\"twitter:label2\" content=\"Dur\u00e9e de lecture estim\u00e9e\" \/>\n\t<meta name=\"twitter:data2\" content=\"5 minutes\" \/>\n<script type=\"application\/ld+json\" class=\"yoast-schema-graph\">{\"@context\":\"https:\\\/\\\/schema.org\",\"@graph\":[{\"@type\":\"Article\",\"@id\":\"https:\\\/\\\/www.humanium.org\\\/fr\\\/operations-de-maintien-de-la-paix\\\/#article\",\"isPartOf\":{\"@id\":\"https:\\\/\\\/www.humanium.org\\\/fr\\\/operations-de-maintien-de-la-paix\\\/\"},\"author\":{\"name\":\"Humanium\",\"@id\":\"https:\\\/\\\/www.humanium.org\\\/fr\\\/#\\\/schema\\\/person\\\/d798d6c7d59ba2307e0877f61a20ce3e\"},\"headline\":\"\u00ab\u00a0Les op\u00e9rations de maintien de la paix symbolisent la volont\u00e9 de paix de la communaut\u00e9 internationale et repr\u00e9sentent l\u2019expression impartiale et concr\u00e8te de cette volont\u00e9\u00a0\u00bb [1] [1]\",\"datePublished\":\"2019-05-29T00:01:12+00:00\",\"dateModified\":\"2026-08-20T18:18:08+00:00\",\"mainEntityOfPage\":{\"@id\":\"https:\\\/\\\/www.humanium.org\\\/fr\\\/operations-de-maintien-de-la-paix\\\/\"},\"wordCount\":1004,\"image\":{\"@id\":\"https:\\\/\\\/www.humanium.org\\\/fr\\\/operations-de-maintien-de-la-paix\\\/#primaryimage\"},\"thumbnailUrl\":\"https:\\\/\\\/www.humanium.org\\\/fr\\\/wp-content\\\/uploads\\\/2019\\\/05\\\/shutterstock_649434817.jpg\",\"articleSection\":[\"Paix\"],\"inLanguage\":\"fr-FR\"},{\"@type\":\"WebPage\",\"@id\":\"https:\\\/\\\/www.humanium.org\\\/fr\\\/operations-de-maintien-de-la-paix\\\/\",\"url\":\"https:\\\/\\\/www.humanium.org\\\/fr\\\/operations-de-maintien-de-la-paix\\\/\",\"name\":\"\\\"Les op\u00e9rations de maintien de la paix symbolisent la volont\u00e9 de paix de la communaut\u00e9 internationale et repr\u00e9sentent l\u2019expression impartiale et concr\u00e8te de cette volont\u00e9\\\" [1] [1] - Humanium\",\"isPartOf\":{\"@id\":\"https:\\\/\\\/www.humanium.org\\\/fr\\\/#website\"},\"primaryImageOfPage\":{\"@id\":\"https:\\\/\\\/www.humanium.org\\\/fr\\\/operations-de-maintien-de-la-paix\\\/#primaryimage\"},\"image\":{\"@id\":\"https:\\\/\\\/www.humanium.org\\\/fr\\\/operations-de-maintien-de-la-paix\\\/#primaryimage\"},\"thumbnailUrl\":\"https:\\\/\\\/www.humanium.org\\\/fr\\\/wp-content\\\/uploads\\\/2019\\\/05\\\/shutterstock_649434817.jpg\",\"datePublished\":\"2019-05-29T00:01:12+00:00\",\"dateModified\":\"2026-08-20T18:18:08+00:00\",\"author\":{\"@id\":\"https:\\\/\\\/www.humanium.org\\\/fr\\\/#\\\/schema\\\/person\\\/d798d6c7d59ba2307e0877f61a20ce3e\"},\"description\":\"Ce mercredi 29 mai, Humanium c\u00e9l\u00e8bre la journ\u00e9e internationale des casques bleus, instaur\u00e9e depuis 2002 par l\u2019Assembl\u00e9e G\u00e9n\u00e9rale de l\u2019ONU.\",\"breadcrumb\":{\"@id\":\"https:\\\/\\\/www.humanium.org\\\/fr\\\/operations-de-maintien-de-la-paix\\\/#breadcrumb\"},\"inLanguage\":\"fr-FR\",\"potentialAction\":[{\"@type\":\"ReadAction\",\"target\":[\"https:\\\/\\\/www.humanium.org\\\/fr\\\/operations-de-maintien-de-la-paix\\\/\"]}]},{\"@type\":\"ImageObject\",\"inLanguage\":\"fr-FR\",\"@id\":\"https:\\\/\\\/www.humanium.org\\\/fr\\\/operations-de-maintien-de-la-paix\\\/#primaryimage\",\"url\":\"https:\\\/\\\/www.humanium.org\\\/fr\\\/wp-content\\\/uploads\\\/2019\\\/05\\\/shutterstock_649434817.jpg\",\"contentUrl\":\"https:\\\/\\\/www.humanium.org\\\/fr\\\/wp-content\\\/uploads\\\/2019\\\/05\\\/shutterstock_649434817.jpg\",\"width\":5940,\"height\":4000,\"caption\":\"29 Mai 2017 : Hommage de v\u00e9t\u00e9rans Casque bleus \u00e0 Copenhague \u00e0 l\u2019occasion de la Journ\u00e9e Internationale des Casques bleus de l\u2019ONU\"},{\"@type\":\"BreadcrumbList\",\"@id\":\"https:\\\/\\\/www.humanium.org\\\/fr\\\/operations-de-maintien-de-la-paix\\\/#breadcrumb\",\"itemListElement\":[{\"@type\":\"ListItem\",\"position\":1,\"name\":\"Home\",\"item\":\"https:\\\/\\\/www.humanium.org\\\/fr\\\/\"},{\"@type\":\"ListItem\",\"position\":2,\"name\":\"\u00ab\u00a0Les op\u00e9rations de maintien de la paix symbolisent la volont\u00e9 de paix de la communaut\u00e9 internationale et repr\u00e9sentent l\u2019expression impartiale et concr\u00e8te de cette volont\u00e9\u00a0\u00bb [1] [1]\"}]},{\"@type\":\"WebSite\",\"@id\":\"https:\\\/\\\/www.humanium.org\\\/fr\\\/#website\",\"url\":\"https:\\\/\\\/www.humanium.org\\\/fr\\\/\",\"name\":\"Humanium\",\"description\":\"Les enfants d\u2019abord !\",\"potentialAction\":[{\"@type\":\"SearchAction\",\"target\":{\"@type\":\"EntryPoint\",\"urlTemplate\":\"https:\\\/\\\/www.humanium.org\\\/fr\\\/?s={search_term_string}\"},\"query-input\":{\"@type\":\"PropertyValueSpecification\",\"valueRequired\":true,\"valueName\":\"search_term_string\"}}],\"inLanguage\":\"fr-FR\"},{\"@type\":\"Person\",\"@id\":\"https:\\\/\\\/www.humanium.org\\\/fr\\\/#\\\/schema\\\/person\\\/d798d6c7d59ba2307e0877f61a20ce3e\",\"name\":\"Humanium\",\"image\":{\"@type\":\"ImageObject\",\"inLanguage\":\"fr-FR\",\"@id\":\"https:\\\/\\\/secure.gravatar.com\\\/avatar\\\/22715e338d2fcc547e3a431c4738360d33fea2a4af458f865b2c3b22f1eaa51f?s=96&d=mm&r=g\",\"url\":\"https:\\\/\\\/secure.gravatar.com\\\/avatar\\\/22715e338d2fcc547e3a431c4738360d33fea2a4af458f865b2c3b22f1eaa51f?s=96&d=mm&r=g\",\"contentUrl\":\"https:\\\/\\\/secure.gravatar.com\\\/avatar\\\/22715e338d2fcc547e3a431c4738360d33fea2a4af458f865b2c3b22f1eaa51f?s=96&d=mm&r=g\",\"caption\":\"Humanium\"},\"url\":\"https:\\\/\\\/www.humanium.org\\\/fr\\\/author\\\/humanium\\\/\"}]}<\/script>\n<!-- \/ Yoast SEO plugin. -->","yoast_head_json":{"title":"\"Les op\u00e9rations de maintien de la paix symbolisent la volont\u00e9 de paix de la communaut\u00e9 internationale et repr\u00e9sentent l\u2019expression impartiale et concr\u00e8te de cette volont\u00e9\" [1] [1] - Humanium","description":"Ce mercredi 29 mai, Humanium c\u00e9l\u00e8bre la journ\u00e9e internationale des casques bleus, instaur\u00e9e depuis 2002 par l\u2019Assembl\u00e9e G\u00e9n\u00e9rale de l\u2019ONU.","robots":{"index":"index","follow":"follow","max-snippet":"max-snippet:-1","max-image-preview":"max-image-preview:large","max-video-preview":"max-video-preview:-1"},"canonical":"https:\/\/www.humanium.org\/fr\/operations-de-maintien-de-la-paix\/","og_locale":"fr_FR","og_type":"article","og_title":"\"Les op\u00e9rations de maintien de la paix symbolisent la volont\u00e9 de paix de la communaut\u00e9 internationale et repr\u00e9sentent l\u2019expression impartiale et concr\u00e8te de cette volont\u00e9\" [1] [1] - Humanium","og_description":"Ce mercredi 29 mai, Humanium c\u00e9l\u00e8bre la journ\u00e9e internationale des casques bleus, instaur\u00e9e depuis 2002 par l\u2019Assembl\u00e9e G\u00e9n\u00e9rale de l\u2019ONU.","og_url":"https:\/\/www.humanium.org\/fr\/operations-de-maintien-de-la-paix\/","og_site_name":"Humanium","article_published_time":"2019-05-29T00:01:12+00:00","article_modified_time":"2026-08-20T18:18:08+00:00","og_image":[{"width":1024,"height":690,"url":"https:\/\/www.humanium.org\/fr\/wp-content\/uploads\/2019\/05\/shutterstock_649434817-1024x690.jpg","type":"image\/jpeg"}],"author":"Humanium","twitter_card":"summary_large_image","twitter_misc":{"\u00c9crit par":"Humanium","Dur\u00e9e de lecture estim\u00e9e":"5 minutes"},"schema":{"@context":"https:\/\/schema.org","@graph":[{"@type":"Article","@id":"https:\/\/www.humanium.org\/fr\/operations-de-maintien-de-la-paix\/#article","isPartOf":{"@id":"https:\/\/www.humanium.org\/fr\/operations-de-maintien-de-la-paix\/"},"author":{"name":"Humanium","@id":"https:\/\/www.humanium.org\/fr\/#\/schema\/person\/d798d6c7d59ba2307e0877f61a20ce3e"},"headline":"\u00ab\u00a0Les op\u00e9rations de maintien de la paix symbolisent la volont\u00e9 de paix de la communaut\u00e9 internationale et repr\u00e9sentent l\u2019expression impartiale et concr\u00e8te de cette volont\u00e9\u00a0\u00bb [1] [1]","datePublished":"2019-05-29T00:01:12+00:00","dateModified":"2026-08-20T18:18:08+00:00","mainEntityOfPage":{"@id":"https:\/\/www.humanium.org\/fr\/operations-de-maintien-de-la-paix\/"},"wordCount":1004,"image":{"@id":"https:\/\/www.humanium.org\/fr\/operations-de-maintien-de-la-paix\/#primaryimage"},"thumbnailUrl":"https:\/\/www.humanium.org\/fr\/wp-content\/uploads\/2019\/05\/shutterstock_649434817.jpg","articleSection":["Paix"],"inLanguage":"fr-FR"},{"@type":"WebPage","@id":"https:\/\/www.humanium.org\/fr\/operations-de-maintien-de-la-paix\/","url":"https:\/\/www.humanium.org\/fr\/operations-de-maintien-de-la-paix\/","name":"\"Les op\u00e9rations de maintien de la paix symbolisent la volont\u00e9 de paix de la communaut\u00e9 internationale et repr\u00e9sentent l\u2019expression impartiale et concr\u00e8te de cette volont\u00e9\" [1] [1] - Humanium","isPartOf":{"@id":"https:\/\/www.humanium.org\/fr\/#website"},"primaryImageOfPage":{"@id":"https:\/\/www.humanium.org\/fr\/operations-de-maintien-de-la-paix\/#primaryimage"},"image":{"@id":"https:\/\/www.humanium.org\/fr\/operations-de-maintien-de-la-paix\/#primaryimage"},"thumbnailUrl":"https:\/\/www.humanium.org\/fr\/wp-content\/uploads\/2019\/05\/shutterstock_649434817.jpg","datePublished":"2019-05-29T00:01:12+00:00","dateModified":"2026-08-20T18:18:08+00:00","author":{"@id":"https:\/\/www.humanium.org\/fr\/#\/schema\/person\/d798d6c7d59ba2307e0877f61a20ce3e"},"description":"Ce mercredi 29 mai, Humanium c\u00e9l\u00e8bre la journ\u00e9e internationale des casques bleus, instaur\u00e9e depuis 2002 par l\u2019Assembl\u00e9e G\u00e9n\u00e9rale de l\u2019ONU.","breadcrumb":{"@id":"https:\/\/www.humanium.org\/fr\/operations-de-maintien-de-la-paix\/#breadcrumb"},"inLanguage":"fr-FR","potentialAction":[{"@type":"ReadAction","target":["https:\/\/www.humanium.org\/fr\/operations-de-maintien-de-la-paix\/"]}]},{"@type":"ImageObject","inLanguage":"fr-FR","@id":"https:\/\/www.humanium.org\/fr\/operations-de-maintien-de-la-paix\/#primaryimage","url":"https:\/\/www.humanium.org\/fr\/wp-content\/uploads\/2019\/05\/shutterstock_649434817.jpg","contentUrl":"https:\/\/www.humanium.org\/fr\/wp-content\/uploads\/2019\/05\/shutterstock_649434817.jpg","width":5940,"height":4000,"caption":"29 Mai 2017 : Hommage de v\u00e9t\u00e9rans Casque bleus \u00e0 Copenhague \u00e0 l\u2019occasion de la Journ\u00e9e Internationale des Casques bleus de l\u2019ONU"},{"@type":"BreadcrumbList","@id":"https:\/\/www.humanium.org\/fr\/operations-de-maintien-de-la-paix\/#breadcrumb","itemListElement":[{"@type":"ListItem","position":1,"name":"Home","item":"https:\/\/www.humanium.org\/fr\/"},{"@type":"ListItem","position":2,"name":"\u00ab\u00a0Les op\u00e9rations de maintien de la paix symbolisent la volont\u00e9 de paix de la communaut\u00e9 internationale et repr\u00e9sentent l\u2019expression impartiale et concr\u00e8te de cette volont\u00e9\u00a0\u00bb [1] [1]"}]},{"@type":"WebSite","@id":"https:\/\/www.humanium.org\/fr\/#website","url":"https:\/\/www.humanium.org\/fr\/","name":"Humanium","description":"Les enfants d\u2019abord !","potentialAction":[{"@type":"SearchAction","target":{"@type":"EntryPoint","urlTemplate":"https:\/\/www.humanium.org\/fr\/?s={search_term_string}"},"query-input":{"@type":"PropertyValueSpecification","valueRequired":true,"valueName":"search_term_string"}}],"inLanguage":"fr-FR"},{"@type":"Person","@id":"https:\/\/www.humanium.org\/fr\/#\/schema\/person\/d798d6c7d59ba2307e0877f61a20ce3e","name":"Humanium","image":{"@type":"ImageObject","inLanguage":"fr-FR","@id":"https:\/\/secure.gravatar.com\/avatar\/22715e338d2fcc547e3a431c4738360d33fea2a4af458f865b2c3b22f1eaa51f?s=96&d=mm&r=g","url":"https:\/\/secure.gravatar.com\/avatar\/22715e338d2fcc547e3a431c4738360d33fea2a4af458f865b2c3b22f1eaa51f?s=96&d=mm&r=g","contentUrl":"https:\/\/secure.gravatar.com\/avatar\/22715e338d2fcc547e3a431c4738360d33fea2a4af458f865b2c3b22f1eaa51f?s=96&d=mm&r=g","caption":"Humanium"},"url":"https:\/\/www.humanium.org\/fr\/author\/humanium\/"}]}},"_links":{"self":[{"href":"https:\/\/www.humanium.org\/fr\/wp-json\/wp\/v2\/posts\/44642","targetHints":{"allow":["GET"]}}],"collection":[{"href":"https:\/\/www.humanium.org\/fr\/wp-json\/wp\/v2\/posts"}],"about":[{"href":"https:\/\/www.humanium.org\/fr\/wp-json\/wp\/v2\/types\/post"}],"author":[{"embeddable":true,"href":"https:\/\/www.humanium.org\/fr\/wp-json\/wp\/v2\/users\/69"}],"replies":[{"embeddable":true,"href":"https:\/\/www.humanium.org\/fr\/wp-json\/wp\/v2\/comments?post=44642"}],"version-history":[{"count":9,"href":"https:\/\/www.humanium.org\/fr\/wp-json\/wp\/v2\/posts\/44642\/revisions"}],"predecessor-version":[{"id":44671,"href":"https:\/\/www.humanium.org\/fr\/wp-json\/wp\/v2\/posts\/44642\/revisions\/44671"}],"wp:featuredmedia":[{"embeddable":true,"href":"https:\/\/www.humanium.org\/fr\/wp-json\/wp\/v2\/media\/44640"}],"wp:attachment":[{"href":"https:\/\/www.humanium.org\/fr\/wp-json\/wp\/v2\/media?parent=44642"}],"wp:term":[{"taxonomy":"category","embeddable":true,"href":"https:\/\/www.humanium.org\/fr\/wp-json\/wp\/v2\/categories?post=44642"},{"taxonomy":"post_tag","embeddable":true,"href":"https:\/\/www.humanium.org\/fr\/wp-json\/wp\/v2\/tags?post=44642"}],"curies":[{"name":"wp","href":"https:\/\/api.w.org\/{rel}","templated":true}]}}