{"id":44689,"date":"2019-06-12T00:01:01","date_gmt":"2019-06-12T00:01:01","guid":{"rendered":"https:\/\/www.humanium.org\/fr\/?p=44689"},"modified":"2026-08-20T18:18:08","modified_gmt":"2026-08-20T18:18:08","slug":"travail-infantil","status":"publish","type":"post","link":"https:\/\/www.humanium.org\/fr\/travail-infantil\/","title":{"rendered":"Le travail infantil un fl\u00e9au qu\u2019il faut \u00e9radiquer !"},"content":{"rendered":"<p><span style=\"font-weight: 400;\">Universellement reconnu comme une abomination, le <\/span><a href=\"https:\/\/www.humanium.org\/fr\/travail-des-enfants\/\" target=\"_blank\" rel=\"noopener\"><span style=\"font-weight: 400;\">travail des enfants<\/span><\/a><span style=\"font-weight: 400;\"> n\u2019en demeure pas moins une r\u00e9alit\u00e9 dans nos soci\u00e9t\u00e9s. De nombreux enfants \u00a0\u00e0 travers le monde exercent ainsi une activit\u00e9 \u00e9conomique qui compromet grandement leur d\u00e9veloppement, leur plein \u00e9panouissement et qui peut m\u00eame porter atteinte \u00e0 leur vie. La Convention internationale des droits de l\u2019enfant (CIDE) en son article 1 d\u00e9finit ainsi l\u2019enfant comme &lt;&lt;tout \u00eatre humain \u00e2g\u00e9 de moins de dix-huit ans, sauf si la majorit\u00e9 est atteinte plus t\u00f4t en vertue de la l\u00e9gislation qui lui est applicable&gt;&gt;.<\/span><\/p>\n<p>&nbsp;<\/p>\n<h2><b>Des chiffres Alarmants\u00a0!<\/b><\/h2>\n<p><span style=\"font-weight: 400;\">Selon le Bureau International du Travail (BIT), sur 152 Millions d\u2019enfants astreints au travail au travail, 73 millions d\u2019entre eux \u00a0effectuent des travaux dangereux. <\/span><a href=\"https:\/\/www.humanium.org\/fr\/afrique\/\" target=\"_blank\" rel=\"noopener\"><span style=\"font-weight: 400;\">L\u2019Afrique<\/span><\/a><span style=\"font-weight: 400;\"> est le continent qui affiche le plus grand taux d\u2019enfants travailleurs avec un pourcentage de 19,6%. Vient ensuite <\/span><a href=\"https:\/\/www.humanium.org\/fr\/asie-pacifique\/\" target=\"_blank\" rel=\"noopener\"><span style=\"font-weight: 400;\">l\u2019Asie pacifique<\/span><\/a><span style=\"font-weight: 400;\"> avec 7.4%. (Organisation International du Travail, 2017)<\/span><\/p>\n<p><span style=\"font-weight: 400;\">88 millions de gar\u00e7ons et 64 millions de filles sont ainsi occup\u00e9s \u00e9conomiquement. Le secteur agricole est \u00e0 cet effet le secteur qui emploi le plus d\u2019enfants avec 71% des enfants travailleurs employ\u00e9s dans ce secteur. Les autres secteurs c\u2019est-\u00e0-dire le secteur de l\u2019industrie et le secteur des services emploient respectivement 12% et 17% des enfants travailleurs. Un fait encore plus accablant est le constat selon lequel 48% des enfants qui sont employ\u00e9s sont \u00e2g\u00e9s de 5 \u00e0 11 ans. Ils n\u2019ont donc pas l\u2019\u00e2ge l\u00e9gal pour pouvoir d\u00e9buter une activit\u00e9 \u00e9conomiquement rentable.<\/span><\/p>\n<p>&nbsp;<\/p>\n<h2><b>Les facteurs du travail Infantil<\/b><\/h2>\n<p><span style=\"font-weight: 400;\">Les facteurs favorisant le travail infantil sont multiples. <\/span><\/p>\n<p><span style=\"font-weight: 400;\">Le premier facteur et le plus grand est la <\/span><a href=\"https:\/\/www.humanium.org\/fr\/pauvrete\/\" target=\"_blank\" rel=\"noopener\"><span style=\"font-weight: 400;\">pauvret\u00e9<\/span><\/a><span style=\"font-weight: 400;\">. Cela explique en grande partie un taux aussi \u00e9lev\u00e9 d\u2019enfants travailleurs en Afrique. La population africaine \u00e9tant en majorit\u00e9 pauvre, les enfants sont tr\u00e8s souvent oblig\u00e9s de travailler afin de subvenir aux besoins de la famille. <\/span><\/p>\n<p><span style=\"font-weight: 400;\">Nombreux sont les enfants <\/span><a href=\"https:\/\/www.humanium.org\/fr\/exploitation\/\" target=\"_blank\" rel=\"noopener\"><span style=\"font-weight: 400;\">exploit\u00e9s<\/span><\/a><span style=\"font-weight: 400;\"> qui sont incapables de prouver leur situation d\u2019exploitation en l\u2019absence de certificat de naissance. <\/span><\/p>\n<p><span style=\"font-weight: 400;\">L\u2019<\/span><a href=\"https:\/\/www.humanium.org\/fr\/comprendre-droits-enfant\/droit-a-l-education\/\" target=\"_blank\" rel=\"noopener\"><span style=\"font-weight: 400;\">acc\u00e8s difficile \u00e0 la scolarit\u00e9<\/span><\/a><span style=\"font-weight: 400;\">, le syst\u00e8me \u00e9ducatif d\u00e9faillant et des parents souvent ignorants de l\u2019importance de l\u2019\u00e9cole sont \u00e9galement des facteurs qui encouragent le travail des enfants.<\/span><\/p>\n<p><span style=\"font-weight: 400;\">En plus de ces facteurs, citons l\u2019int\u00e9r\u00eat des employeurs pour la main d\u2019\u0153uvre \u00ab\u00a0bon march\u00e9\u00a0\u00bb, les crises humanitaires et les <\/span><a href=\"https:\/\/www.humanium.org\/fr\/violences\/\" target=\"_blank\" rel=\"noopener\"><span style=\"font-weight: 400;\">conflits<\/span><\/a><span style=\"font-weight: 400;\"> qui donnent naissance aux <\/span><a href=\"https:\/\/www.humanium.org\/fr\/enfant-soldat\/\" target=\"_blank\" rel=\"noopener\"><span style=\"font-weight: 400;\">enfants soldats<\/span><\/a><span style=\"font-weight: 400;\">. (Plan International , 2016)<\/span><\/p>\n<p><span style=\"font-weight: 400;\">Les enfants face \u00e0 ces facteurs qui stimulent le travail infantil subissent de nombreux effets nocifs dans l\u2019exercice de leur activit\u00e9 \u00e9conomique.<\/span><\/p>\n<p>&nbsp;<\/p>\n<h2><b>Les effets nocifs du travail infantil<\/b><\/h2>\n<p><span style=\"font-weight: 400;\"><img loading=\"lazy\" decoding=\"async\" class=\"alignleft wp-image-27170 \" src=\"https:\/\/www.humanium.org\/en\/wp-content\/uploads\/2019\/05\/shutterstock_41466949-683x1024.jpg\" alt=\"\" width=\"495\" height=\"742\" \/><\/span><\/p>\n<p><span style=\"font-weight: 400;\">Les enfants issus de familles pauvres et des zones rurales sont les plus vuln\u00e9rables face aux diff\u00e9rentes formes d\u2019exploitations. Ces enfants priv\u00e9s de leur enfance connaissent des conditions de travail mis\u00e9rables.<\/span><\/p>\n<p><span style=\"font-weight: 400;\">Les travaux dans les champs et plantations agricoles n\u00e9cessitent des enfants le port de lourdes charges, la manipulation d\u2019outils tranchants ou encore de produits chimiques dangereux. Les enfants se retrouvent ainsi expos\u00e9s \u00e0 des risques de blessures graves et d\u2019intoxication.<\/span><\/p>\n<p><span style=\"font-weight: 400;\">1 Million d\u2019enfants sont exploit\u00e9s sexuellement(BIT). <\/span><a href=\"https:\/\/www.humanium.org\/fr\/exploitation-sexuelle-enfants\/\" target=\"_blank\" rel=\"noopener\"><span style=\"font-weight: 400;\">L\u2019exploitation sexuelle<\/span><\/a><span style=\"font-weight: 400;\"> emm\u00e8ne les enfants \u00e0 \u00eatre s\u00e9questr\u00e9s, battus ou mal nourris. L\u2019exposition de ces enfants aux maladies sexuellement transmissibles est grande.<\/span><\/p>\n<p><span style=\"font-weight: 400;\">Les enfants travaillant dans les mines et carri\u00e8res souffrent d\u2019affections pulmonaires, de la silicose, de la tuberculose, car expos\u00e9s dans leur travail aux gaz explosifs et poussi\u00e8res nocives. <\/span><\/p>\n<p><span style=\"font-weight: 400;\">Les enfants soldats risquent au quotidien leur vie et s\u2019exposent \u00e0 des handicaps s\u00e9v\u00e8res. Ils font donc face de nombreux traumatismes physiques et surtout des traumatismes psychologiques graves.<\/span><\/p>\n<p><span style=\"font-weight: 400;\">Nombreux sont les enfants qui sont astreint \u00e0 une activit\u00e9 au d\u00e9triment de leur d\u00e9veloppement physique et moral. Ils subissent de nombreux pr\u00e9judices et sont souvent laiss\u00e9s pour compte sans perspectives r\u00e9elles d\u2019avenir. Ces enfants sont ainsi plong\u00e9s dans un cycle perp\u00e9tuel\u00a0: celui de la pauvret\u00e9. <\/span><\/p>\n<p><span style=\"font-weight: 400;\">Chez Humanium, il est d\u2019une importance Capitale d\u2019\u00e9duquer les parents qui con\u00e7oivent l\u2019\u00e9ducation comme un investissement \u00e0 long terme. A cet effet l\u2019organisation des communaut\u00e9s est l\u2019approche que nous adoptons d\u00e9sormais en Inde et au Rwanda.<br \/>\n<\/span><\/p>\n<p>&nbsp;<\/p>\n<p><strong><em>\u00c9crit par Habib Kouam\u00e9<\/em><\/strong><\/p>\n<p>&nbsp;<\/p>\n<p>Sources<span style=\"font-weight: 400;\">\u00a0<\/span><\/p>\n<p><span style=\"font-weight: 400;\">Convention on the Rights of the Child (CRC)<\/span><\/p>\n<p><span style=\"font-weight: 400;\">Global Estmates of Child Labour: Results and Trends<\/span><span style=\"font-weight: 400;\">, 2012-2016\u00a0<\/span><span style=\"font-weight: 400;\">, <\/span><span style=\"font-weight: 400;\">Geneva, September 2017.<\/span><\/p>\n<p><span style=\"font-weight: 400;\">UNICEF article \u2018Child protection from violence, exploitation and abuse\u2019 (<\/span><span style=\"font-weight: 400;\">https:\/\/www.unicef.org\/protection\/57929_child_labour.html?p=printme<\/span><span style=\"font-weight: 400;\"> )<\/span><\/p>\n<p>&nbsp;<\/p>\n","protected":false},"excerpt":{"rendered":"<p>Universellement reconnu comme une abomination, le travail des enfants n\u2019en demeure pas moins une r\u00e9alit\u00e9 dans nos soci\u00e9t\u00e9s. De nombreux enfants \u00a0\u00e0 travers le monde exercent ainsi une activit\u00e9 \u00e9conomique qui compromet grandement leur d\u00e9veloppement, leur plein \u00e9panouissement et qui peut m\u00eame porter atteinte \u00e0 leur vie. La Convention internationale des droits de l\u2019enfant (CIDE) [&hellip;]<\/p>\n","protected":false},"author":69,"featured_media":44660,"comment_status":"closed","ping_status":"closed","sticky":false,"template":"","format":"standard","meta":{"footnotes":""},"categories":[220],"tags":[],"class_list":["post-44689","post","type-post","status-publish","format-standard","has-post-thumbnail","hentry","category-droits-des-enfants"],"yoast_head":"<!-- This site is optimized with the Yoast SEO plugin v28.3 - https:\/\/yoast.com\/product\/yoast-seo-wordpress\/ -->\n<title>Le travail infantil un fl\u00e9au qu\u2019il faut \u00e9radiquer ! - Humanium<\/title>\n<meta name=\"description\" content=\"Universellement reconnu comme une abomination, le travail des enfants n\u2019en demeure pas moins une r\u00e9alit\u00e9 dans nos soci\u00e9t\u00e9s. De nombreux enfants \u00a0\u00e0 travers le monde exercent ainsi une activit\u00e9 \u00e9conomique qui compromet grandement leur d\u00e9veloppement, leur plein \u00e9panouissement et qui peut m\u00eame porter atteinte \u00e0 leur vie.\" \/>\n<meta name=\"robots\" content=\"index, follow, max-snippet:-1, max-image-preview:large, max-video-preview:-1\" \/>\n<link rel=\"canonical\" href=\"https:\/\/www.humanium.org\/fr\/travail-infantil\/\" \/>\n<meta property=\"og:locale\" content=\"fr_FR\" \/>\n<meta property=\"og:type\" content=\"article\" \/>\n<meta property=\"og:title\" content=\"Le travail infantil un fl\u00e9au qu\u2019il faut \u00e9radiquer ! - Humanium\" \/>\n<meta property=\"og:description\" content=\"Universellement reconnu comme une abomination, le travail des enfants n\u2019en demeure pas moins une r\u00e9alit\u00e9 dans nos soci\u00e9t\u00e9s. De nombreux enfants \u00a0\u00e0 travers le monde exercent ainsi une activit\u00e9 \u00e9conomique qui compromet grandement leur d\u00e9veloppement, leur plein \u00e9panouissement et qui peut m\u00eame porter atteinte \u00e0 leur vie.\" \/>\n<meta property=\"og:url\" content=\"https:\/\/www.humanium.org\/fr\/travail-infantil\/\" \/>\n<meta property=\"og:site_name\" content=\"Humanium\" \/>\n<meta property=\"article:published_time\" content=\"2019-06-12T00:01:01+00:00\" \/>\n<meta property=\"article:modified_time\" content=\"2026-08-20T18:18:08+00:00\" \/>\n<meta property=\"og:image\" content=\"https:\/\/www.humanium.org\/fr\/wp-content\/uploads\/2019\/05\/shutterstock_180534953-683x1024.jpg\" \/>\n\t<meta property=\"og:image:width\" content=\"683\" \/>\n\t<meta property=\"og:image:height\" content=\"1024\" \/>\n\t<meta property=\"og:image:type\" content=\"image\/jpeg\" \/>\n<meta name=\"author\" content=\"Humanium\" \/>\n<meta name=\"twitter:card\" content=\"summary_large_image\" \/>\n<meta name=\"twitter:label1\" content=\"\u00c9crit par\" \/>\n\t<meta name=\"twitter:data1\" content=\"Humanium\" \/>\n\t<meta name=\"twitter:label2\" content=\"Dur\u00e9e de lecture estim\u00e9e\" \/>\n\t<meta name=\"twitter:data2\" content=\"4 minutes\" \/>\n<script type=\"application\/ld+json\" class=\"yoast-schema-graph\">{\"@context\":\"https:\\\/\\\/schema.org\",\"@graph\":[{\"@type\":\"Article\",\"@id\":\"https:\\\/\\\/www.humanium.org\\\/fr\\\/travail-infantil\\\/#article\",\"isPartOf\":{\"@id\":\"https:\\\/\\\/www.humanium.org\\\/fr\\\/travail-infantil\\\/\"},\"author\":{\"name\":\"Humanium\",\"@id\":\"https:\\\/\\\/www.humanium.org\\\/fr\\\/#\\\/schema\\\/person\\\/d798d6c7d59ba2307e0877f61a20ce3e\"},\"headline\":\"Le travail infantil un fl\u00e9au qu\u2019il faut \u00e9radiquer !\",\"datePublished\":\"2019-06-12T00:01:01+00:00\",\"dateModified\":\"2026-08-20T18:18:08+00:00\",\"mainEntityOfPage\":{\"@id\":\"https:\\\/\\\/www.humanium.org\\\/fr\\\/travail-infantil\\\/\"},\"wordCount\":760,\"image\":{\"@id\":\"https:\\\/\\\/www.humanium.org\\\/fr\\\/travail-infantil\\\/#primaryimage\"},\"thumbnailUrl\":\"https:\\\/\\\/www.humanium.org\\\/fr\\\/wp-content\\\/uploads\\\/2019\\\/05\\\/shutterstock_180534953.jpg\",\"articleSection\":[\"Droits des enfants\"],\"inLanguage\":\"fr-FR\"},{\"@type\":\"WebPage\",\"@id\":\"https:\\\/\\\/www.humanium.org\\\/fr\\\/travail-infantil\\\/\",\"url\":\"https:\\\/\\\/www.humanium.org\\\/fr\\\/travail-infantil\\\/\",\"name\":\"Le travail infantil un fl\u00e9au qu\u2019il faut \u00e9radiquer ! - Humanium\",\"isPartOf\":{\"@id\":\"https:\\\/\\\/www.humanium.org\\\/fr\\\/#website\"},\"primaryImageOfPage\":{\"@id\":\"https:\\\/\\\/www.humanium.org\\\/fr\\\/travail-infantil\\\/#primaryimage\"},\"image\":{\"@id\":\"https:\\\/\\\/www.humanium.org\\\/fr\\\/travail-infantil\\\/#primaryimage\"},\"thumbnailUrl\":\"https:\\\/\\\/www.humanium.org\\\/fr\\\/wp-content\\\/uploads\\\/2019\\\/05\\\/shutterstock_180534953.jpg\",\"datePublished\":\"2019-06-12T00:01:01+00:00\",\"dateModified\":\"2026-08-20T18:18:08+00:00\",\"author\":{\"@id\":\"https:\\\/\\\/www.humanium.org\\\/fr\\\/#\\\/schema\\\/person\\\/d798d6c7d59ba2307e0877f61a20ce3e\"},\"description\":\"Universellement reconnu comme une abomination, le travail des enfants n\u2019en demeure pas moins une r\u00e9alit\u00e9 dans nos soci\u00e9t\u00e9s. De nombreux enfants \u00a0\u00e0 travers le monde exercent ainsi une activit\u00e9 \u00e9conomique qui compromet grandement leur d\u00e9veloppement, leur plein \u00e9panouissement et qui peut m\u00eame porter atteinte \u00e0 leur vie.\",\"breadcrumb\":{\"@id\":\"https:\\\/\\\/www.humanium.org\\\/fr\\\/travail-infantil\\\/#breadcrumb\"},\"inLanguage\":\"fr-FR\",\"potentialAction\":[{\"@type\":\"ReadAction\",\"target\":[\"https:\\\/\\\/www.humanium.org\\\/fr\\\/travail-infantil\\\/\"]}]},{\"@type\":\"ImageObject\",\"inLanguage\":\"fr-FR\",\"@id\":\"https:\\\/\\\/www.humanium.org\\\/fr\\\/travail-infantil\\\/#primaryimage\",\"url\":\"https:\\\/\\\/www.humanium.org\\\/fr\\\/wp-content\\\/uploads\\\/2019\\\/05\\\/shutterstock_180534953.jpg\",\"contentUrl\":\"https:\\\/\\\/www.humanium.org\\\/fr\\\/wp-content\\\/uploads\\\/2019\\\/05\\\/shutterstock_180534953.jpg\",\"width\":3116,\"height\":4674},{\"@type\":\"BreadcrumbList\",\"@id\":\"https:\\\/\\\/www.humanium.org\\\/fr\\\/travail-infantil\\\/#breadcrumb\",\"itemListElement\":[{\"@type\":\"ListItem\",\"position\":1,\"name\":\"Home\",\"item\":\"https:\\\/\\\/www.humanium.org\\\/fr\\\/\"},{\"@type\":\"ListItem\",\"position\":2,\"name\":\"Le travail infantil un fl\u00e9au qu\u2019il faut \u00e9radiquer !\"}]},{\"@type\":\"WebSite\",\"@id\":\"https:\\\/\\\/www.humanium.org\\\/fr\\\/#website\",\"url\":\"https:\\\/\\\/www.humanium.org\\\/fr\\\/\",\"name\":\"Humanium\",\"description\":\"Les enfants d\u2019abord !\",\"potentialAction\":[{\"@type\":\"SearchAction\",\"target\":{\"@type\":\"EntryPoint\",\"urlTemplate\":\"https:\\\/\\\/www.humanium.org\\\/fr\\\/?s={search_term_string}\"},\"query-input\":{\"@type\":\"PropertyValueSpecification\",\"valueRequired\":true,\"valueName\":\"search_term_string\"}}],\"inLanguage\":\"fr-FR\"},{\"@type\":\"Person\",\"@id\":\"https:\\\/\\\/www.humanium.org\\\/fr\\\/#\\\/schema\\\/person\\\/d798d6c7d59ba2307e0877f61a20ce3e\",\"name\":\"Humanium\",\"image\":{\"@type\":\"ImageObject\",\"inLanguage\":\"fr-FR\",\"@id\":\"https:\\\/\\\/secure.gravatar.com\\\/avatar\\\/22715e338d2fcc547e3a431c4738360d33fea2a4af458f865b2c3b22f1eaa51f?s=96&d=mm&r=g\",\"url\":\"https:\\\/\\\/secure.gravatar.com\\\/avatar\\\/22715e338d2fcc547e3a431c4738360d33fea2a4af458f865b2c3b22f1eaa51f?s=96&d=mm&r=g\",\"contentUrl\":\"https:\\\/\\\/secure.gravatar.com\\\/avatar\\\/22715e338d2fcc547e3a431c4738360d33fea2a4af458f865b2c3b22f1eaa51f?s=96&d=mm&r=g\",\"caption\":\"Humanium\"},\"url\":\"https:\\\/\\\/www.humanium.org\\\/fr\\\/author\\\/humanium\\\/\"}]}<\/script>\n<!-- \/ Yoast SEO plugin. -->","yoast_head_json":{"title":"Le travail infantil un fl\u00e9au qu\u2019il faut \u00e9radiquer ! - Humanium","description":"Universellement reconnu comme une abomination, le travail des enfants n\u2019en demeure pas moins une r\u00e9alit\u00e9 dans nos soci\u00e9t\u00e9s. De nombreux enfants \u00a0\u00e0 travers le monde exercent ainsi une activit\u00e9 \u00e9conomique qui compromet grandement leur d\u00e9veloppement, leur plein \u00e9panouissement et qui peut m\u00eame porter atteinte \u00e0 leur vie.","robots":{"index":"index","follow":"follow","max-snippet":"max-snippet:-1","max-image-preview":"max-image-preview:large","max-video-preview":"max-video-preview:-1"},"canonical":"https:\/\/www.humanium.org\/fr\/travail-infantil\/","og_locale":"fr_FR","og_type":"article","og_title":"Le travail infantil un fl\u00e9au qu\u2019il faut \u00e9radiquer ! - Humanium","og_description":"Universellement reconnu comme une abomination, le travail des enfants n\u2019en demeure pas moins une r\u00e9alit\u00e9 dans nos soci\u00e9t\u00e9s. De nombreux enfants \u00a0\u00e0 travers le monde exercent ainsi une activit\u00e9 \u00e9conomique qui compromet grandement leur d\u00e9veloppement, leur plein \u00e9panouissement et qui peut m\u00eame porter atteinte \u00e0 leur vie.","og_url":"https:\/\/www.humanium.org\/fr\/travail-infantil\/","og_site_name":"Humanium","article_published_time":"2019-06-12T00:01:01+00:00","article_modified_time":"2026-08-20T18:18:08+00:00","og_image":[{"width":683,"height":1024,"url":"https:\/\/www.humanium.org\/fr\/wp-content\/uploads\/2019\/05\/shutterstock_180534953-683x1024.jpg","type":"image\/jpeg"}],"author":"Humanium","twitter_card":"summary_large_image","twitter_misc":{"\u00c9crit par":"Humanium","Dur\u00e9e de lecture estim\u00e9e":"4 minutes"},"schema":{"@context":"https:\/\/schema.org","@graph":[{"@type":"Article","@id":"https:\/\/www.humanium.org\/fr\/travail-infantil\/#article","isPartOf":{"@id":"https:\/\/www.humanium.org\/fr\/travail-infantil\/"},"author":{"name":"Humanium","@id":"https:\/\/www.humanium.org\/fr\/#\/schema\/person\/d798d6c7d59ba2307e0877f61a20ce3e"},"headline":"Le travail infantil un fl\u00e9au qu\u2019il faut \u00e9radiquer !","datePublished":"2019-06-12T00:01:01+00:00","dateModified":"2026-08-20T18:18:08+00:00","mainEntityOfPage":{"@id":"https:\/\/www.humanium.org\/fr\/travail-infantil\/"},"wordCount":760,"image":{"@id":"https:\/\/www.humanium.org\/fr\/travail-infantil\/#primaryimage"},"thumbnailUrl":"https:\/\/www.humanium.org\/fr\/wp-content\/uploads\/2019\/05\/shutterstock_180534953.jpg","articleSection":["Droits des enfants"],"inLanguage":"fr-FR"},{"@type":"WebPage","@id":"https:\/\/www.humanium.org\/fr\/travail-infantil\/","url":"https:\/\/www.humanium.org\/fr\/travail-infantil\/","name":"Le travail infantil un fl\u00e9au qu\u2019il faut \u00e9radiquer ! - Humanium","isPartOf":{"@id":"https:\/\/www.humanium.org\/fr\/#website"},"primaryImageOfPage":{"@id":"https:\/\/www.humanium.org\/fr\/travail-infantil\/#primaryimage"},"image":{"@id":"https:\/\/www.humanium.org\/fr\/travail-infantil\/#primaryimage"},"thumbnailUrl":"https:\/\/www.humanium.org\/fr\/wp-content\/uploads\/2019\/05\/shutterstock_180534953.jpg","datePublished":"2019-06-12T00:01:01+00:00","dateModified":"2026-08-20T18:18:08+00:00","author":{"@id":"https:\/\/www.humanium.org\/fr\/#\/schema\/person\/d798d6c7d59ba2307e0877f61a20ce3e"},"description":"Universellement reconnu comme une abomination, le travail des enfants n\u2019en demeure pas moins une r\u00e9alit\u00e9 dans nos soci\u00e9t\u00e9s. De nombreux enfants \u00a0\u00e0 travers le monde exercent ainsi une activit\u00e9 \u00e9conomique qui compromet grandement leur d\u00e9veloppement, leur plein \u00e9panouissement et qui peut m\u00eame porter atteinte \u00e0 leur vie.","breadcrumb":{"@id":"https:\/\/www.humanium.org\/fr\/travail-infantil\/#breadcrumb"},"inLanguage":"fr-FR","potentialAction":[{"@type":"ReadAction","target":["https:\/\/www.humanium.org\/fr\/travail-infantil\/"]}]},{"@type":"ImageObject","inLanguage":"fr-FR","@id":"https:\/\/www.humanium.org\/fr\/travail-infantil\/#primaryimage","url":"https:\/\/www.humanium.org\/fr\/wp-content\/uploads\/2019\/05\/shutterstock_180534953.jpg","contentUrl":"https:\/\/www.humanium.org\/fr\/wp-content\/uploads\/2019\/05\/shutterstock_180534953.jpg","width":3116,"height":4674},{"@type":"BreadcrumbList","@id":"https:\/\/www.humanium.org\/fr\/travail-infantil\/#breadcrumb","itemListElement":[{"@type":"ListItem","position":1,"name":"Home","item":"https:\/\/www.humanium.org\/fr\/"},{"@type":"ListItem","position":2,"name":"Le travail infantil un fl\u00e9au qu\u2019il faut \u00e9radiquer !"}]},{"@type":"WebSite","@id":"https:\/\/www.humanium.org\/fr\/#website","url":"https:\/\/www.humanium.org\/fr\/","name":"Humanium","description":"Les enfants d\u2019abord !","potentialAction":[{"@type":"SearchAction","target":{"@type":"EntryPoint","urlTemplate":"https:\/\/www.humanium.org\/fr\/?s={search_term_string}"},"query-input":{"@type":"PropertyValueSpecification","valueRequired":true,"valueName":"search_term_string"}}],"inLanguage":"fr-FR"},{"@type":"Person","@id":"https:\/\/www.humanium.org\/fr\/#\/schema\/person\/d798d6c7d59ba2307e0877f61a20ce3e","name":"Humanium","image":{"@type":"ImageObject","inLanguage":"fr-FR","@id":"https:\/\/secure.gravatar.com\/avatar\/22715e338d2fcc547e3a431c4738360d33fea2a4af458f865b2c3b22f1eaa51f?s=96&d=mm&r=g","url":"https:\/\/secure.gravatar.com\/avatar\/22715e338d2fcc547e3a431c4738360d33fea2a4af458f865b2c3b22f1eaa51f?s=96&d=mm&r=g","contentUrl":"https:\/\/secure.gravatar.com\/avatar\/22715e338d2fcc547e3a431c4738360d33fea2a4af458f865b2c3b22f1eaa51f?s=96&d=mm&r=g","caption":"Humanium"},"url":"https:\/\/www.humanium.org\/fr\/author\/humanium\/"}]}},"_links":{"self":[{"href":"https:\/\/www.humanium.org\/fr\/wp-json\/wp\/v2\/posts\/44689","targetHints":{"allow":["GET"]}}],"collection":[{"href":"https:\/\/www.humanium.org\/fr\/wp-json\/wp\/v2\/posts"}],"about":[{"href":"https:\/\/www.humanium.org\/fr\/wp-json\/wp\/v2\/types\/post"}],"author":[{"embeddable":true,"href":"https:\/\/www.humanium.org\/fr\/wp-json\/wp\/v2\/users\/69"}],"replies":[{"embeddable":true,"href":"https:\/\/www.humanium.org\/fr\/wp-json\/wp\/v2\/comments?post=44689"}],"version-history":[{"count":3,"href":"https:\/\/www.humanium.org\/fr\/wp-json\/wp\/v2\/posts\/44689\/revisions"}],"predecessor-version":[{"id":61180,"href":"https:\/\/www.humanium.org\/fr\/wp-json\/wp\/v2\/posts\/44689\/revisions\/61180"}],"wp:featuredmedia":[{"embeddable":true,"href":"https:\/\/www.humanium.org\/fr\/wp-json\/wp\/v2\/media\/44660"}],"wp:attachment":[{"href":"https:\/\/www.humanium.org\/fr\/wp-json\/wp\/v2\/media?parent=44689"}],"wp:term":[{"taxonomy":"category","embeddable":true,"href":"https:\/\/www.humanium.org\/fr\/wp-json\/wp\/v2\/categories?post=44689"},{"taxonomy":"post_tag","embeddable":true,"href":"https:\/\/www.humanium.org\/fr\/wp-json\/wp\/v2\/tags?post=44689"}],"curies":[{"name":"wp","href":"https:\/\/api.w.org\/{rel}","templated":true}]}}