{"id":45240,"date":"2019-09-27T19:17:28","date_gmt":"2019-09-27T19:17:28","guid":{"rendered":"https:\/\/www.humanium.org\/fr\/?p=45240"},"modified":"2026-08-20T18:17:55","modified_gmt":"2026-08-20T18:17:55","slug":"acces-a-linformation-pour-tous-une-bonne-fois-our-toutes","status":"publish","type":"post","link":"https:\/\/www.humanium.org\/fr\/acces-a-linformation-pour-tous-une-bonne-fois-our-toutes\/","title":{"rendered":"Acc\u00e8s \u00e0 l&rsquo;information pour tous &#8211; une bonne fois our toutes"},"content":{"rendered":"\n<p class=\"wp-block-paragraph\"><strong>Le 28 septembre,\nJourn\u00e9e Internationale de l\u2019Acc\u00e8s Universel \u00e0 l\u2019Information (JIAUI), Humanium\nr\u00e9fl\u00e9chit \u00e0 l\u2019importance de l\u2019information et renouvelle son espoir de r\u00e9aliser\nl\u2019\u00e9quit\u00e9 dans l\u2019acc\u00e8s \u00e0 l\u2019information et l\u2019acc\u00e8s \u00e0 l\u2019\u00e9ducation pour tous les\ncitoyens de la plan\u00e8te.<\/strong><\/p>\n\n\n\n<h2 class=\"wp-block-heading\"><strong>Qu&rsquo;est-ce qui rend l&rsquo;acc\u00e8s \u00e0 l&rsquo;information\nsi important ?<\/strong><\/h2>\n\n\n\n<p class=\"wp-block-paragraph\">L&rsquo;information\nest un aspect crucial de la vie. Elle est entrelac\u00e9e dans toutes les\nconnaissances, toute la compr\u00e9hension, et toutes les d\u00e9cisions que nous prenons\ntout au long de notre vie sur terre. Nos identit\u00e9s, nos opinions, nos\noccupations, nos relations, nos r\u00e9alit\u00e9s et bien plus encore, sont construites\nautour d\u2019un \u00e9change d\u2019informations que nous accumulons tout au long de notre\nvie et par la mani\u00e8re dont elles sont comprises. Cela fait partie d&rsquo;une\nmultitude de facteurs qui influent sur <strong>les in\u00e9galit\u00e9s et les obstacles<\/strong>\ndans nos soci\u00e9t\u00e9s.<\/p>\n\n\n\n<p class=\"wp-block-paragraph\">L\u2019acc\u00e8s \u00e0\nl\u2019information est donc d\u2019importance capitale. L\u2019acc\u00e8s \u00e0 l\u2019information peut\nrev\u00eatir de nombreuses formes, notamment celle de l\u2019\u00e9ducation et de la\nscolarisation, des soins de sant\u00e9, et de l\u2019acc\u00e8s \u00e0 une presse libre et\ndiversifi\u00e9e. Notre capacit\u00e9 \u00e0 nous informer &#8211; sur nous-m\u00eames &#8211; et sur le monde\ndans lequel nous vivons est un \u00e9l\u00e9ment crucial que, chez Humanium, nous\nrespectons en toute sinc\u00e9rit\u00e9.<\/p>\n\n\n\n<p class=\"wp-block-paragraph\">La promotion\nd&rsquo;un <strong>acc\u00e8s \u00e0 l&rsquo;information qui soit \u00e9quitable, \u00e9gal et de qualit\u00e9 <\/strong>pour\nles personnes confront\u00e9es aux plus grands obstacles et facteurs de\nvuln\u00e9rabilit\u00e9, est donc un tremplin essentiel sur la voie d&rsquo;un avenir meilleur.\nIl nous reste beaucoup de travail \u00e0 faire dans ce sens pour chacun d\u2019entre\nnous, et \u00e0 Humanium nous poursuivons notre travail de projet visant \u00e0 am\u00e9liorer l\u2019acc\u00e8s \u00e0 l\u2019\u00e9ducation des enfants d\u00e9favoris\u00e9s\net \u00e0 risque, vivant dans le Madhya Pradesh, en <a href=\"https:\/\/www.humanium.org\/fr\/inde\/\">Inde<\/a>.<\/p>\n\n\n\n<h2 class=\"wp-block-heading\"><strong>Quels sont les principaux d\u00e9fis en mati\u00e8re\nd&rsquo;acc\u00e8s \u00e0 l\u2019information ?<\/strong><\/h2>\n\n\n\n<p class=\"wp-block-paragraph\">Les d\u00e9fis emp\u00eachant d\u2019innombrables personnes d\u2019avoir acc\u00e8s \u00e0 l\u2019information et aux services qui la diffusent, sont notamment l\u2019exercice continu<strong> de <\/strong>la censure de la presse, la disponibilit\u00e9 de documents dans les biblioth\u00e8ques et en ligne, ainsi que la censure des m\u00e9dias sociaux et des sites w<strong>eb. En outre, <\/strong>l&rsquo;acc\u00e8s limit\u00e9 aux services publics ou la fourniture limit\u00e9e de ces services et leur niveau de qualit\u00e9 respectif emp\u00eachent de nombreuses personnes d&rsquo;acqu\u00e9rir des informations concernant leur sant\u00e9, leur s\u00e9curit\u00e9, leur \u00e9ducation, leur emploi, leurs droits, et leurs opportunit\u00e9s. Le manque de <strong>transparence politique<\/strong> et institutionnelle est un autre obstacle, sur lequel nous pouvons ensemble travailler afin de le briser et de le surmonter. Les lois concernant l&rsquo;acc\u00e8s \u00e0 l&rsquo;information et les r\u00e9glementations sur la responsabilit\u00e9, sont des mesures adopt\u00e9es de plus en plus par des pays du monde entier, sous <strong>pression d\u00e9mocratique<\/strong> en vue d&rsquo;am\u00e9liorer l&rsquo;acc\u00e8s \u00e0 l&rsquo;information (Freedom Info, 2019).<\/p>\n\n\n\n<figure class=\"wp-block-image\"><img loading=\"lazy\" decoding=\"async\" width=\"1024\" height=\"665\" src=\"https:\/\/www.humanium.org\/fr\/wp-content\/uploads\/2019\/09\/pic2-1024x665.jpg\" alt=\"\" class=\"wp-image-45243\" srcset=\"https:\/\/www.humanium.org\/fr\/wp-content\/uploads\/2019\/09\/pic2-1024x665.jpg 1024w, https:\/\/www.humanium.org\/fr\/wp-content\/uploads\/2019\/09\/pic2-300x195.jpg 300w, https:\/\/www.humanium.org\/fr\/wp-content\/uploads\/2019\/09\/pic2-768x499.jpg 768w, https:\/\/www.humanium.org\/fr\/wp-content\/uploads\/2019\/09\/pic2-830x539.jpg 830w, https:\/\/www.humanium.org\/fr\/wp-content\/uploads\/2019\/09\/pic2-230x149.jpg 230w, https:\/\/www.humanium.org\/fr\/wp-content\/uploads\/2019\/09\/pic2-350x227.jpg 350w, https:\/\/www.humanium.org\/fr\/wp-content\/uploads\/2019\/09\/pic2-480x312.jpg 480w\" sizes=\"auto, (max-width: 1024px) 100vw, 1024px\" \/><\/figure>\n\n\n\n<h2 class=\"wp-block-heading\"><strong>Pourquoi Humanium c\u00e9l\u00e8bre-t-il la JIAUI ?<\/strong><\/h2>\n\n\n\n<p class=\"wp-block-paragraph\">Humanium existe\npour promouvoir les droits des enfants et a \u00e9t\u00e9 con\u00e7u, en tant que site web, comme\nun canal d\u2019information sur les droits des enfants. L\u2019acc\u00e8s universel \u00e0\nl\u2019information est donc un sujet au coeur des <strong>valeurs d\u2019Humanium<\/strong>. Les\nenfants, comme tous les citoyens du monde, ont obligatoirement des droits \u00e0\nl\u2019information, inscrits dans des lois internationales ratifi\u00e9es bien connues :<\/p>\n\n\n\n<ul class=\"wp-block-list\"><li><a href=\"https:\/\/www.humanium.org\/fr\/convention-droits-enfant-adaptee-aux-enfants-des-10-ans\/\"><em>La Convention\nrelative aux droits de l\u2019enfant <\/em><\/a><em>&#8211; qui f\u00eatera ses 30 ans cette ann\u00e9e\n&#8211; \u00e9tablit \u00e0 l\u2019article 13 le droit des enfants \u00e0 la libert\u00e9 d\u2019expression, y\ncompris le \u00ab droit de recevoir des informations \u00bb ;<\/em><\/li><li><em>L\u2019article 19 de\nla D\u00e9claration universelle des droits de l\u2019homme reconna\u00eet \u00e0 tous le droit de\nrecevoir et de communiquer librement des informations ;<\/em><\/li><\/ul>\n\n\n\n<ul class=\"wp-block-list\"><li><em>L\u2019<\/em><em>article 19 du Pacte international relatif aux droits\ncivils et politiques conf\u00e8re \u00e0 tous le droit de recevoir et de communiquer\nlibrement des informations ;<\/em><\/li><\/ul>\n\n\n\n<p class=\"wp-block-paragraph\">Les activit\u00e9s\nd\u2019Humanium visant \u00e0 prot\u00e9ger ces droits fondamentaux comprennent notamment\nl\u2019ouverture conjointe du Centre r\u00e9sidentiel de r\u00e9habilitation sp\u00e9cialis\u00e9 pour d\u2019\nanciens enfants travailleurs, qui utilise du mat\u00e9riel p\u00e9dagogique sp\u00e9cialement\ncon\u00e7u pour les enfants qui ont perdu des ann\u00e9es d\u2019\u00e9ducation. Nous travaillons\naux c\u00f4t\u00e9s de <a href=\"https:\/\/www.hihindia.org\/\"><em>Hand in Hand India<\/em><\/a> et du\ngouvernement du Madhya Pradesh dans le cadre de son programme \u00ab \u00c9ducation pour tous\n\u00bb. Humanium a \u00e9galement pilot\u00e9 un projet de villages amicaux des enfants au Tamil Nadu\nvisant \u00e0 promouvoir la r\u00e9duction du <a href=\"https:\/\/www.humanium.org\/fr\/travail-des-enfants\/\">travail des enfants<\/a>, la r\u00e9duction\nde la <a href=\"https:\/\/www.humanium.org\/fr\/pauvrete\/\">pauvret\u00e9<\/a>, et la promotion des droits des\nenfants. En outre, le <a href=\"https:\/\/www.humanium.org\/fr\/\">site <\/a><a href=\"https:\/\/www.humanium.org\/fr\/\">w<\/a><a href=\"https:\/\/www.humanium.org\/fr\/\">eb<\/a> d\u2019Humanium\ns\u2019efforce de diffuser \u00e0 grande \u00e9chelle des <strong>informations gratuites, justes,\net impartiales sur les droits des enfants<\/strong>.<\/p>\n\n\n\n<h2 class=\"wp-block-heading\"><strong>Que signifie la JIAUI de l\u2019UNESCO ? <\/strong><\/h2>\n\n\n\n<figure class=\"wp-block-embed-youtube wp-block-embed is-type-video is-provider-youtube wp-embed-aspect-16-9 wp-has-aspect-ratio\"><div class=\"wp-block-embed__wrapper\">\n<iframe loading=\"lazy\" title=\"Access to Information... A universal right\" width=\"1170\" height=\"658\" src=\"https:\/\/www.youtube.com\/embed\/og-UNP1ZvPU?feature=oembed\" frameborder=\"0\" allow=\"accelerometer; autoplay; encrypted-media; gyroscope; picture-in-picture\" allowfullscreen><\/iframe>\n<\/div><\/figure>\n\n\n\n<p class=\"wp-block-paragraph\">La Journ\u00e9e Internationale\nde l\u2019UNESCO pour l\u2019acc\u00e8s universel \u00e0 l\u2019information (JIAUI), c\u00e9l\u00e9br\u00e9e chaque\nann\u00e9e dans le monde entier le 28 septembre depuis 2002, est une initiative des\nNations Unies visant \u00e0 contribuer \u00e0 la r\u00e9alisation des <strong>objectifs de\nd\u00e9veloppement durable <\/strong>(ODD) et \u00e0 encourager les gouvernements et\ncommunaut\u00e9s \u00e0 faire des gestes positifs (Freedom Info, 2019).<\/p>\n\n\n\n<p class=\"wp-block-paragraph\">La c\u00e9l\u00e9bration\nvise \u00e0 promouvoir les initiatives adopt\u00e9es par les ODD 2, 11 et 16 afin\nd&rsquo;encourager les pays \u00e0 investir dans les infrastructures rurales et le\nd\u00e9veloppement technologique, \u00e0 cr\u00e9er des liens \u00e9conomiques, sociaux et\nenvironnementaux positifs entre les zones urbaines et rurales, et \u00e0 adopter des\ninitiatives garantissant l&rsquo;acc\u00e8s public \u00e0 l&rsquo;information (UNESCO, 2019).<\/p>\n\n\n\n<p class=\"wp-block-paragraph\">Tous les pays devraient garantir \u00ab\u00a0l&rsquo;acc\u00e8s public \u00e0\nl&rsquo;information et la protection des libert\u00e9s fondamentales, conform\u00e9ment \u00e0 la\nl\u00e9gislation nationale et aux accords internationaux\u00a0\u00bb. Pour consolider ces\naspirations, une s\u00e9rie de discussions ouvertes et d&rsquo;\u00e9v\u00e9nements r\u00e9gionaux\ndoivent \u00eatre orchestr\u00e9s par l&rsquo;ONU, qui met l&rsquo;accent sur <strong>l&rsquo;inclusion des\npersonnes handicap\u00e9es<\/strong> dans les projets d&rsquo;acc\u00e8s \u00e0 l&rsquo;information (UNESCO,\n2019).&nbsp; <\/p>\n\n\n\n<p class=\"wp-block-paragraph\">En ce jour, chez\nHumanium, nous encourageons tous \u00e0 c\u00e9l\u00e9brer l\u2019acc\u00e8s \u00e0 l\u2019information dont nous\ndisposons et \u00e0 souscrire aux initiatives locales qui touchent nos cercles afin\nd\u2019am\u00e9liorer cet acc\u00e8s dans nos communaut\u00e9s et au-del\u00e0.<\/p>\n\n\n\n<p class=\"wp-block-paragraph\"><strong><em>Ecrit par Josie Thum<\/em><\/strong><\/p>\n\n\n\n<p class=\"wp-block-paragraph\"><strong><em>Traduit par Denis Gingras<\/em><\/strong><\/p>\n\n\n\n<p class=\"wp-block-paragraph\"><em><strong> Relue par Nathalie Nurbel <\/strong><\/em><\/p>\n\n\n\n<h2 class=\"wp-block-heading\"><strong>Citations<\/strong><\/h2>\n\n\n\n<p class=\"wp-block-paragraph\">FreedomInfo, \u2018September 28 : International\nRight to Know Day\u2019 (2019) [<em>Le 28 septembre :\nJourn\u00e9e internationale du droit de savoir<\/em> en fran\u00e7ais], Consult\u00e9 \u00e0 : &lt;<a href=\"http:\/\/www.freedominfo.org\/regions\/global\/rtk-day\/\">http:\/\/www.freedominfo.org\/regions\/global\/rtk-day\/<\/a>&gt;, Acc\u00e9d\u00e9 le 5 septembre 2019.<\/p>\n\n\n\n<p class=\"wp-block-paragraph\">Haut-Commissariat des droits de l\u2019homme, \u2018Pacte\ninternational relatif aux droits civils et politiques\u2019 (2019), Consult\u00e9 \u00e0: &lt;<a href=\"https:\/\/www.ohchr.org\/fr\/professionalinterest\/pages\/ccpr.aspx\">https:\/\/www.ohchr.org\/<\/a><a href=\"https:\/\/www.ohchr.org\/fr\/professionalinterest\/pages\/ccpr.aspx\">fr<\/a><a href=\"https:\/\/www.ohchr.org\/fr\/professionalinterest\/pages\/ccpr.aspx\">\/professionalinterest\/pages\/ccpr.aspx<\/a>&gt;, Acc\u00e9d\u00e9 le 5 septembre 2019.<\/p>\n\n\n\n<p class=\"wp-block-paragraph\">UNESCO, \u2018Journ\u00e9e internationale de l&rsquo;acc\u00e8s universel \u00e0 l&rsquo;information\u2019 (2019), Consult\u00e9 \u00e0: &lt;<a href=\"https:\/\/fr.unesco.org\/commemorations\/accesstoinformationday\">https:\/\/<\/a><a href=\"https:\/\/fr.unesco.org\/commemorations\/accesstoinformationday\">fr<\/a><a href=\"https:\/\/fr.unesco.org\/commemorations\/accesstoinformationday\">.unesco.org\/commemorations\/accesstoinformationday<\/a>&gt;, Acc\u00e9d\u00e9 le 5 septembre 2019.<\/p>\n\n\n\n<p class=\"wp-block-paragraph\">UNESCO, \u2018Access to Information\u2026 A universal\nright\u2019 (2017) [<em>Acc\u00e8s \u00e0\nl&rsquo;information\u2026 Un droit universel<\/em> en fran\u00e7ais], [Vid\u00e9o YouTube], Consult\u00e9 \u00e0 : &lt;https:\/\/www.youtube.com\/watch?v=og-UNP1ZvPU&amp;feature=youtu.be&gt;, Acc\u00e9d\u00e9 le 5 septembre 2019.<\/p>\n\n\n\n<p class=\"wp-block-paragraph\">Nations Unies, \u2018La D\u00e9claration universelle des droits de l&rsquo;homme\u2019 (2015)],\nConsult\u00e9 \u00e0 : &lt;https:\/\/www.un.org\/fr\/universal-declaration-human-rights\/, Acc\u00e9d\u00e9 le 5 septembre 2019. <\/p>\n","protected":false},"excerpt":{"rendered":"<p>Le 28 septembre, Journ\u00e9e Internationale de l\u2019Acc\u00e8s Universel \u00e0 l\u2019Information (JIAUI), Humanium r\u00e9fl\u00e9chit \u00e0 l\u2019importance de l\u2019information et renouvelle son espoir de r\u00e9aliser l\u2019\u00e9quit\u00e9 dans l\u2019acc\u00e8s \u00e0 l\u2019information et l\u2019acc\u00e8s \u00e0 l\u2019\u00e9ducation pour tous les citoyens de la plan\u00e8te. Qu&rsquo;est-ce qui rend l&rsquo;acc\u00e8s \u00e0 l&rsquo;information si important ? L&rsquo;information est un aspect crucial de la [&hellip;]<\/p>\n","protected":false},"author":69,"featured_media":45242,"comment_status":"closed","ping_status":"closed","sticky":false,"template":"","format":"standard","meta":{"footnotes":""},"categories":[220,5],"tags":[],"class_list":["post-45240","post","type-post","status-publish","format-standard","has-post-thumbnail","hentry","category-droits-des-enfants","category-education"],"yoast_head":"<!-- This site is optimized with the Yoast SEO plugin v28.3 - https:\/\/yoast.com\/product\/yoast-seo-wordpress\/ -->\n<title>Acc\u00e8s \u00e0 l&#039;information pour tous - une bonne fois our toutes - Humanium<\/title>\n<meta name=\"description\" content=\"Le 28 septembre, Journ\u00e9e Internationale de l\u2019Acc\u00e8s Universel \u00e0 l\u2019Information (JIAUI), Humanium r\u00e9fl\u00e9chit \u00e0 l\u2019importance de l\u2019information et renouvelle son espoir de r\u00e9aliser l\u2019\u00e9quit\u00e9 dans l\u2019acc\u00e8s \u00e0 l\u2019information et l\u2019acc\u00e8s \u00e0 l\u2019\u00e9ducation pour tous les citoyens de la plan\u00e8te.\" \/>\n<meta name=\"robots\" content=\"index, follow, max-snippet:-1, max-image-preview:large, max-video-preview:-1\" \/>\n<link rel=\"canonical\" href=\"https:\/\/www.humanium.org\/fr\/acces-a-linformation-pour-tous-une-bonne-fois-our-toutes\/\" \/>\n<meta property=\"og:locale\" content=\"fr_FR\" \/>\n<meta property=\"og:type\" content=\"article\" \/>\n<meta property=\"og:title\" content=\"Acc\u00e8s \u00e0 l&#039;information pour tous - une bonne fois our toutes - Humanium\" \/>\n<meta property=\"og:description\" content=\"Le 28 septembre, Journ\u00e9e Internationale de l\u2019Acc\u00e8s Universel \u00e0 l\u2019Information (JIAUI), Humanium r\u00e9fl\u00e9chit \u00e0 l\u2019importance de l\u2019information et renouvelle son espoir de r\u00e9aliser l\u2019\u00e9quit\u00e9 dans l\u2019acc\u00e8s \u00e0 l\u2019information et l\u2019acc\u00e8s \u00e0 l\u2019\u00e9ducation pour tous les citoyens de la plan\u00e8te.\" \/>\n<meta property=\"og:url\" content=\"https:\/\/www.humanium.org\/fr\/acces-a-linformation-pour-tous-une-bonne-fois-our-toutes\/\" \/>\n<meta property=\"og:site_name\" content=\"Humanium\" \/>\n<meta property=\"article:published_time\" content=\"2019-09-27T19:17:28+00:00\" \/>\n<meta property=\"article:modified_time\" content=\"2026-08-20T18:17:55+00:00\" \/>\n<meta property=\"og:image\" content=\"https:\/\/www.humanium.org\/fr\/wp-content\/uploads\/2019\/09\/pic1.jpg\" \/>\n\t<meta property=\"og:image:width\" content=\"1000\" \/>\n\t<meta property=\"og:image:height\" content=\"646\" \/>\n\t<meta property=\"og:image:type\" content=\"image\/jpeg\" \/>\n<meta name=\"author\" content=\"Humanium\" \/>\n<meta name=\"twitter:card\" content=\"summary_large_image\" \/>\n<meta name=\"twitter:label1\" content=\"\u00c9crit par\" \/>\n\t<meta name=\"twitter:data1\" content=\"Humanium\" \/>\n\t<meta name=\"twitter:label2\" content=\"Dur\u00e9e de lecture estim\u00e9e\" \/>\n\t<meta name=\"twitter:data2\" content=\"6 minutes\" \/>\n<script type=\"application\/ld+json\" class=\"yoast-schema-graph\">{\"@context\":\"https:\\\/\\\/schema.org\",\"@graph\":[{\"@type\":\"Article\",\"@id\":\"https:\\\/\\\/www.humanium.org\\\/fr\\\/acces-a-linformation-pour-tous-une-bonne-fois-our-toutes\\\/#article\",\"isPartOf\":{\"@id\":\"https:\\\/\\\/www.humanium.org\\\/fr\\\/acces-a-linformation-pour-tous-une-bonne-fois-our-toutes\\\/\"},\"author\":{\"name\":\"Humanium\",\"@id\":\"https:\\\/\\\/www.humanium.org\\\/fr\\\/#\\\/schema\\\/person\\\/d798d6c7d59ba2307e0877f61a20ce3e\"},\"headline\":\"Acc\u00e8s \u00e0 l&rsquo;information pour tous &#8211; une bonne fois our toutes\",\"datePublished\":\"2019-09-27T19:17:28+00:00\",\"dateModified\":\"2026-08-20T18:17:55+00:00\",\"mainEntityOfPage\":{\"@id\":\"https:\\\/\\\/www.humanium.org\\\/fr\\\/acces-a-linformation-pour-tous-une-bonne-fois-our-toutes\\\/\"},\"wordCount\":1205,\"image\":{\"@id\":\"https:\\\/\\\/www.humanium.org\\\/fr\\\/acces-a-linformation-pour-tous-une-bonne-fois-our-toutes\\\/#primaryimage\"},\"thumbnailUrl\":\"https:\\\/\\\/www.humanium.org\\\/fr\\\/wp-content\\\/uploads\\\/2019\\\/09\\\/pic1.jpg\",\"articleSection\":[\"Droits des enfants\",\"Education\"],\"inLanguage\":\"fr-FR\"},{\"@type\":\"WebPage\",\"@id\":\"https:\\\/\\\/www.humanium.org\\\/fr\\\/acces-a-linformation-pour-tous-une-bonne-fois-our-toutes\\\/\",\"url\":\"https:\\\/\\\/www.humanium.org\\\/fr\\\/acces-a-linformation-pour-tous-une-bonne-fois-our-toutes\\\/\",\"name\":\"Acc\u00e8s \u00e0 l'information pour tous - une bonne fois our toutes - Humanium\",\"isPartOf\":{\"@id\":\"https:\\\/\\\/www.humanium.org\\\/fr\\\/#website\"},\"primaryImageOfPage\":{\"@id\":\"https:\\\/\\\/www.humanium.org\\\/fr\\\/acces-a-linformation-pour-tous-une-bonne-fois-our-toutes\\\/#primaryimage\"},\"image\":{\"@id\":\"https:\\\/\\\/www.humanium.org\\\/fr\\\/acces-a-linformation-pour-tous-une-bonne-fois-our-toutes\\\/#primaryimage\"},\"thumbnailUrl\":\"https:\\\/\\\/www.humanium.org\\\/fr\\\/wp-content\\\/uploads\\\/2019\\\/09\\\/pic1.jpg\",\"datePublished\":\"2019-09-27T19:17:28+00:00\",\"dateModified\":\"2026-08-20T18:17:55+00:00\",\"author\":{\"@id\":\"https:\\\/\\\/www.humanium.org\\\/fr\\\/#\\\/schema\\\/person\\\/d798d6c7d59ba2307e0877f61a20ce3e\"},\"description\":\"Le 28 septembre, Journ\u00e9e Internationale de l\u2019Acc\u00e8s Universel \u00e0 l\u2019Information (JIAUI), Humanium r\u00e9fl\u00e9chit \u00e0 l\u2019importance de l\u2019information et renouvelle son espoir de r\u00e9aliser l\u2019\u00e9quit\u00e9 dans l\u2019acc\u00e8s \u00e0 l\u2019information et l\u2019acc\u00e8s \u00e0 l\u2019\u00e9ducation pour tous les citoyens de la plan\u00e8te.\",\"breadcrumb\":{\"@id\":\"https:\\\/\\\/www.humanium.org\\\/fr\\\/acces-a-linformation-pour-tous-une-bonne-fois-our-toutes\\\/#breadcrumb\"},\"inLanguage\":\"fr-FR\",\"potentialAction\":[{\"@type\":\"ReadAction\",\"target\":[\"https:\\\/\\\/www.humanium.org\\\/fr\\\/acces-a-linformation-pour-tous-une-bonne-fois-our-toutes\\\/\"]}]},{\"@type\":\"ImageObject\",\"inLanguage\":\"fr-FR\",\"@id\":\"https:\\\/\\\/www.humanium.org\\\/fr\\\/acces-a-linformation-pour-tous-une-bonne-fois-our-toutes\\\/#primaryimage\",\"url\":\"https:\\\/\\\/www.humanium.org\\\/fr\\\/wp-content\\\/uploads\\\/2019\\\/09\\\/pic1.jpg\",\"contentUrl\":\"https:\\\/\\\/www.humanium.org\\\/fr\\\/wp-content\\\/uploads\\\/2019\\\/09\\\/pic1.jpg\",\"width\":1000,\"height\":646},{\"@type\":\"BreadcrumbList\",\"@id\":\"https:\\\/\\\/www.humanium.org\\\/fr\\\/acces-a-linformation-pour-tous-une-bonne-fois-our-toutes\\\/#breadcrumb\",\"itemListElement\":[{\"@type\":\"ListItem\",\"position\":1,\"name\":\"Home\",\"item\":\"https:\\\/\\\/www.humanium.org\\\/fr\\\/\"},{\"@type\":\"ListItem\",\"position\":2,\"name\":\"Acc\u00e8s \u00e0 l&rsquo;information pour tous &#8211; une bonne fois our toutes\"}]},{\"@type\":\"WebSite\",\"@id\":\"https:\\\/\\\/www.humanium.org\\\/fr\\\/#website\",\"url\":\"https:\\\/\\\/www.humanium.org\\\/fr\\\/\",\"name\":\"Humanium\",\"description\":\"Les enfants d\u2019abord !\",\"potentialAction\":[{\"@type\":\"SearchAction\",\"target\":{\"@type\":\"EntryPoint\",\"urlTemplate\":\"https:\\\/\\\/www.humanium.org\\\/fr\\\/?s={search_term_string}\"},\"query-input\":{\"@type\":\"PropertyValueSpecification\",\"valueRequired\":true,\"valueName\":\"search_term_string\"}}],\"inLanguage\":\"fr-FR\"},{\"@type\":\"Person\",\"@id\":\"https:\\\/\\\/www.humanium.org\\\/fr\\\/#\\\/schema\\\/person\\\/d798d6c7d59ba2307e0877f61a20ce3e\",\"name\":\"Humanium\",\"image\":{\"@type\":\"ImageObject\",\"inLanguage\":\"fr-FR\",\"@id\":\"https:\\\/\\\/secure.gravatar.com\\\/avatar\\\/22715e338d2fcc547e3a431c4738360d33fea2a4af458f865b2c3b22f1eaa51f?s=96&d=mm&r=g\",\"url\":\"https:\\\/\\\/secure.gravatar.com\\\/avatar\\\/22715e338d2fcc547e3a431c4738360d33fea2a4af458f865b2c3b22f1eaa51f?s=96&d=mm&r=g\",\"contentUrl\":\"https:\\\/\\\/secure.gravatar.com\\\/avatar\\\/22715e338d2fcc547e3a431c4738360d33fea2a4af458f865b2c3b22f1eaa51f?s=96&d=mm&r=g\",\"caption\":\"Humanium\"},\"url\":\"https:\\\/\\\/www.humanium.org\\\/fr\\\/author\\\/humanium\\\/\"}]}<\/script>\n<!-- \/ Yoast SEO plugin. -->","yoast_head_json":{"title":"Acc\u00e8s \u00e0 l'information pour tous - une bonne fois our toutes - Humanium","description":"Le 28 septembre, Journ\u00e9e Internationale de l\u2019Acc\u00e8s Universel \u00e0 l\u2019Information (JIAUI), Humanium r\u00e9fl\u00e9chit \u00e0 l\u2019importance de l\u2019information et renouvelle son espoir de r\u00e9aliser l\u2019\u00e9quit\u00e9 dans l\u2019acc\u00e8s \u00e0 l\u2019information et l\u2019acc\u00e8s \u00e0 l\u2019\u00e9ducation pour tous les citoyens de la plan\u00e8te.","robots":{"index":"index","follow":"follow","max-snippet":"max-snippet:-1","max-image-preview":"max-image-preview:large","max-video-preview":"max-video-preview:-1"},"canonical":"https:\/\/www.humanium.org\/fr\/acces-a-linformation-pour-tous-une-bonne-fois-our-toutes\/","og_locale":"fr_FR","og_type":"article","og_title":"Acc\u00e8s \u00e0 l'information pour tous - une bonne fois our toutes - Humanium","og_description":"Le 28 septembre, Journ\u00e9e Internationale de l\u2019Acc\u00e8s Universel \u00e0 l\u2019Information (JIAUI), Humanium r\u00e9fl\u00e9chit \u00e0 l\u2019importance de l\u2019information et renouvelle son espoir de r\u00e9aliser l\u2019\u00e9quit\u00e9 dans l\u2019acc\u00e8s \u00e0 l\u2019information et l\u2019acc\u00e8s \u00e0 l\u2019\u00e9ducation pour tous les citoyens de la plan\u00e8te.","og_url":"https:\/\/www.humanium.org\/fr\/acces-a-linformation-pour-tous-une-bonne-fois-our-toutes\/","og_site_name":"Humanium","article_published_time":"2019-09-27T19:17:28+00:00","article_modified_time":"2026-08-20T18:17:55+00:00","og_image":[{"width":1000,"height":646,"url":"https:\/\/www.humanium.org\/fr\/wp-content\/uploads\/2019\/09\/pic1.jpg","type":"image\/jpeg"}],"author":"Humanium","twitter_card":"summary_large_image","twitter_misc":{"\u00c9crit par":"Humanium","Dur\u00e9e de lecture estim\u00e9e":"6 minutes"},"schema":{"@context":"https:\/\/schema.org","@graph":[{"@type":"Article","@id":"https:\/\/www.humanium.org\/fr\/acces-a-linformation-pour-tous-une-bonne-fois-our-toutes\/#article","isPartOf":{"@id":"https:\/\/www.humanium.org\/fr\/acces-a-linformation-pour-tous-une-bonne-fois-our-toutes\/"},"author":{"name":"Humanium","@id":"https:\/\/www.humanium.org\/fr\/#\/schema\/person\/d798d6c7d59ba2307e0877f61a20ce3e"},"headline":"Acc\u00e8s \u00e0 l&rsquo;information pour tous &#8211; une bonne fois our toutes","datePublished":"2019-09-27T19:17:28+00:00","dateModified":"2026-08-20T18:17:55+00:00","mainEntityOfPage":{"@id":"https:\/\/www.humanium.org\/fr\/acces-a-linformation-pour-tous-une-bonne-fois-our-toutes\/"},"wordCount":1205,"image":{"@id":"https:\/\/www.humanium.org\/fr\/acces-a-linformation-pour-tous-une-bonne-fois-our-toutes\/#primaryimage"},"thumbnailUrl":"https:\/\/www.humanium.org\/fr\/wp-content\/uploads\/2019\/09\/pic1.jpg","articleSection":["Droits des enfants","Education"],"inLanguage":"fr-FR"},{"@type":"WebPage","@id":"https:\/\/www.humanium.org\/fr\/acces-a-linformation-pour-tous-une-bonne-fois-our-toutes\/","url":"https:\/\/www.humanium.org\/fr\/acces-a-linformation-pour-tous-une-bonne-fois-our-toutes\/","name":"Acc\u00e8s \u00e0 l'information pour tous - une bonne fois our toutes - Humanium","isPartOf":{"@id":"https:\/\/www.humanium.org\/fr\/#website"},"primaryImageOfPage":{"@id":"https:\/\/www.humanium.org\/fr\/acces-a-linformation-pour-tous-une-bonne-fois-our-toutes\/#primaryimage"},"image":{"@id":"https:\/\/www.humanium.org\/fr\/acces-a-linformation-pour-tous-une-bonne-fois-our-toutes\/#primaryimage"},"thumbnailUrl":"https:\/\/www.humanium.org\/fr\/wp-content\/uploads\/2019\/09\/pic1.jpg","datePublished":"2019-09-27T19:17:28+00:00","dateModified":"2026-08-20T18:17:55+00:00","author":{"@id":"https:\/\/www.humanium.org\/fr\/#\/schema\/person\/d798d6c7d59ba2307e0877f61a20ce3e"},"description":"Le 28 septembre, Journ\u00e9e Internationale de l\u2019Acc\u00e8s Universel \u00e0 l\u2019Information (JIAUI), Humanium r\u00e9fl\u00e9chit \u00e0 l\u2019importance de l\u2019information et renouvelle son espoir de r\u00e9aliser l\u2019\u00e9quit\u00e9 dans l\u2019acc\u00e8s \u00e0 l\u2019information et l\u2019acc\u00e8s \u00e0 l\u2019\u00e9ducation pour tous les citoyens de la plan\u00e8te.","breadcrumb":{"@id":"https:\/\/www.humanium.org\/fr\/acces-a-linformation-pour-tous-une-bonne-fois-our-toutes\/#breadcrumb"},"inLanguage":"fr-FR","potentialAction":[{"@type":"ReadAction","target":["https:\/\/www.humanium.org\/fr\/acces-a-linformation-pour-tous-une-bonne-fois-our-toutes\/"]}]},{"@type":"ImageObject","inLanguage":"fr-FR","@id":"https:\/\/www.humanium.org\/fr\/acces-a-linformation-pour-tous-une-bonne-fois-our-toutes\/#primaryimage","url":"https:\/\/www.humanium.org\/fr\/wp-content\/uploads\/2019\/09\/pic1.jpg","contentUrl":"https:\/\/www.humanium.org\/fr\/wp-content\/uploads\/2019\/09\/pic1.jpg","width":1000,"height":646},{"@type":"BreadcrumbList","@id":"https:\/\/www.humanium.org\/fr\/acces-a-linformation-pour-tous-une-bonne-fois-our-toutes\/#breadcrumb","itemListElement":[{"@type":"ListItem","position":1,"name":"Home","item":"https:\/\/www.humanium.org\/fr\/"},{"@type":"ListItem","position":2,"name":"Acc\u00e8s \u00e0 l&rsquo;information pour tous &#8211; une bonne fois our toutes"}]},{"@type":"WebSite","@id":"https:\/\/www.humanium.org\/fr\/#website","url":"https:\/\/www.humanium.org\/fr\/","name":"Humanium","description":"Les enfants d\u2019abord !","potentialAction":[{"@type":"SearchAction","target":{"@type":"EntryPoint","urlTemplate":"https:\/\/www.humanium.org\/fr\/?s={search_term_string}"},"query-input":{"@type":"PropertyValueSpecification","valueRequired":true,"valueName":"search_term_string"}}],"inLanguage":"fr-FR"},{"@type":"Person","@id":"https:\/\/www.humanium.org\/fr\/#\/schema\/person\/d798d6c7d59ba2307e0877f61a20ce3e","name":"Humanium","image":{"@type":"ImageObject","inLanguage":"fr-FR","@id":"https:\/\/secure.gravatar.com\/avatar\/22715e338d2fcc547e3a431c4738360d33fea2a4af458f865b2c3b22f1eaa51f?s=96&d=mm&r=g","url":"https:\/\/secure.gravatar.com\/avatar\/22715e338d2fcc547e3a431c4738360d33fea2a4af458f865b2c3b22f1eaa51f?s=96&d=mm&r=g","contentUrl":"https:\/\/secure.gravatar.com\/avatar\/22715e338d2fcc547e3a431c4738360d33fea2a4af458f865b2c3b22f1eaa51f?s=96&d=mm&r=g","caption":"Humanium"},"url":"https:\/\/www.humanium.org\/fr\/author\/humanium\/"}]}},"_links":{"self":[{"href":"https:\/\/www.humanium.org\/fr\/wp-json\/wp\/v2\/posts\/45240","targetHints":{"allow":["GET"]}}],"collection":[{"href":"https:\/\/www.humanium.org\/fr\/wp-json\/wp\/v2\/posts"}],"about":[{"href":"https:\/\/www.humanium.org\/fr\/wp-json\/wp\/v2\/types\/post"}],"author":[{"embeddable":true,"href":"https:\/\/www.humanium.org\/fr\/wp-json\/wp\/v2\/users\/69"}],"replies":[{"embeddable":true,"href":"https:\/\/www.humanium.org\/fr\/wp-json\/wp\/v2\/comments?post=45240"}],"version-history":[{"count":7,"href":"https:\/\/www.humanium.org\/fr\/wp-json\/wp\/v2\/posts\/45240\/revisions"}],"predecessor-version":[{"id":62208,"href":"https:\/\/www.humanium.org\/fr\/wp-json\/wp\/v2\/posts\/45240\/revisions\/62208"}],"wp:featuredmedia":[{"embeddable":true,"href":"https:\/\/www.humanium.org\/fr\/wp-json\/wp\/v2\/media\/45242"}],"wp:attachment":[{"href":"https:\/\/www.humanium.org\/fr\/wp-json\/wp\/v2\/media?parent=45240"}],"wp:term":[{"taxonomy":"category","embeddable":true,"href":"https:\/\/www.humanium.org\/fr\/wp-json\/wp\/v2\/categories?post=45240"},{"taxonomy":"post_tag","embeddable":true,"href":"https:\/\/www.humanium.org\/fr\/wp-json\/wp\/v2\/tags?post=45240"}],"curies":[{"name":"wp","href":"https:\/\/api.w.org\/{rel}","templated":true}]}}