{"id":45249,"date":"2019-10-06T12:00:57","date_gmt":"2019-10-06T12:00:57","guid":{"rendered":"https:\/\/www.humanium.org\/fr\/?p=45249"},"modified":"2025-12-10T02:45:28","modified_gmt":"2025-12-10T02:45:28","slug":"conflit-au-cachemire-que-se-passe-t-il-pour-les-enfants","status":"publish","type":"post","link":"https:\/\/www.humanium.org\/fr\/conflit-au-cachemire-que-se-passe-t-il-pour-les-enfants\/","title":{"rendered":"Conflit au Cachemire : que se passe-t-il pour les enfants ?"},"content":{"rendered":"\n<p class=\"wp-block-paragraph\"><strong>En cette ann\u00e9e du 30e anniversaire de la<\/strong><a href=\"https:\/\/www.humanium.org\/fr\/convention\/\"><strong> <\/strong><\/a><em><a href=\"https:\/\/www.humanium.org\/fr\/convention\/\"><strong>Convention des Nations Unies relative aux droits de l\u2019enfant<\/strong><\/a><\/em><a href=\"https:\/\/www.humanium.org\/fr\/convention\/\"><strong>,<\/strong><\/a><strong> Humanium continue de mettre l\u2019accent sur l\u2019insuffisance des soutiens aux droits de l\u2019enfant, comme cela est le cas actuellement au Cachemire. <\/strong><\/p>\n\n\n\n<p class=\"wp-block-paragraph\">Les enfants du Cachemire sont confront\u00e9s \u00e0 la violence et aux conflits arm\u00e9s. Dans cette optique, il est important de se rapporter au <em><a href=\"https:\/\/www.humanium.org\/fr\/normes\/protocole-facultatif-cide-enfants-dans-conflits-armes\/\">Protocole facultatif \u00e0 la Convention relative aux droits de l&rsquo;enfant, concernant l&rsquo;implication d&rsquo;enfants dans les conflits arm\u00e9s<\/a><\/em>, de 2000, pour mieux comprendre les difficult\u00e9s rencontr\u00e9es par les enfants qui grandissent dans la violence. Bien qu&rsquo;il se r\u00e9f\u00e8re aux enfants soldats, le Protocole traite \u00e9galement de la violence \u00e9tatique \u00e0 laquelle les enfants sont ind\u00e9niablement confront\u00e9s chaque jour si leur r\u00e9gion est en guerre.<\/p>\n\n\n\n<figure class=\"wp-block-image\"><img loading=\"lazy\" decoding=\"async\" width=\"1000\" height=\"668\" src=\"https:\/\/www.humanium.org\/fr\/wp-content\/uploads\/2019\/09\/shutterstock_1444986971.jpg\" alt=\"\" class=\"wp-image-45251\" srcset=\"https:\/\/www.humanium.org\/fr\/wp-content\/uploads\/2019\/09\/shutterstock_1444986971.jpg 1000w, https:\/\/www.humanium.org\/fr\/wp-content\/uploads\/2019\/09\/shutterstock_1444986971-300x200.jpg 300w, https:\/\/www.humanium.org\/fr\/wp-content\/uploads\/2019\/09\/shutterstock_1444986971-768x513.jpg 768w, https:\/\/www.humanium.org\/fr\/wp-content\/uploads\/2019\/09\/shutterstock_1444986971-830x554.jpg 830w, https:\/\/www.humanium.org\/fr\/wp-content\/uploads\/2019\/09\/shutterstock_1444986971-230x154.jpg 230w, https:\/\/www.humanium.org\/fr\/wp-content\/uploads\/2019\/09\/shutterstock_1444986971-350x234.jpg 350w, https:\/\/www.humanium.org\/fr\/wp-content\/uploads\/2019\/09\/shutterstock_1444986971-480x321.jpg 480w, https:\/\/www.humanium.org\/fr\/wp-content\/uploads\/2019\/09\/shutterstock_1444986971-272x182.jpg 272w\" sizes=\"auto, (max-width: 1000px) 100vw, 1000px\" \/><\/figure>\n\n\n\n<h2 class=\"wp-block-heading\"><strong>Histoire du Cachemire<\/strong><\/h2>\n\n\n\n<p class=\"wp-block-paragraph\">\u00ab Depuis\nsept d\u00e9cennies, les enfants du Cachemire ont grandi dans la violence \u00bb, affirme\nMalala Yousafai, \u00e0 la suite de l\u2019instauration de l&rsquo;\u00e9tat d&rsquo;urgence au Cachemire,\nd\u00e9cr\u00e9t\u00e9 par le premier ministre de l\u2019Inde, Narenda Modi (India Today Web Desk,\n2019). Malala, la laur\u00e9ate du prix Nobel sur qui les Taliban ont tir\u00e9 en 2012\npour son action en faveur du droit des filles \u00e0 l\u2019\u00e9ducation, a lanc\u00e9 un appel\nen faveur de la paix dans la r\u00e9gion de Jammu-et-Cachemire, en conflit depuis\nson enfance. <\/p>\n\n\n\n<p class=\"wp-block-paragraph\">Le Cachemire fait l&rsquo;objet d&rsquo;un conflit de territoires entre l&rsquo;Inde, le Pakistan et la Chine depuis 1947, \u00e0 la suite de la partition de l&rsquo;Inde. \u00c0 l&rsquo;\u00e9poque, l&rsquo;\u00c9tat du Jammu-et-Cachemire \u00e9tait dirig\u00e9 par le maharaja Hari Singh, qui souhaitait l&rsquo;ind\u00e9pendance des Cachemiris, mais ce voeu ne s\u2019est pas r\u00e9alis\u00e9. En septembre 1947, apr\u00e8s l&rsquo;invasion par le  Pashtun de l&rsquo;ouest du Cachemire, Singh a demand\u00e9 l&rsquo;aide de l&rsquo;Inde. L&rsquo;Inde a offert son aide \u00e0 condition que le Cachemire soit rattach\u00e9 au pays. Le Pakistan avait alors le pouvoir sur la partie occidentale du Cachemire, appel\u00e9e aujourd&rsquo;hui Azad Jammu et Cachemire. <\/p>\n\n\n\n<p class=\"wp-block-paragraph\">D&rsquo;apr\u00e8s l&rsquo;accord pass\u00e9 avec l&rsquo;Inde, le Cachemire s&rsquo;est vu attribuer un statut sp\u00e9cial (article 370) lui permettant de jouir d&rsquo;une autonomie relative. Cela signifiait que le Cachemire disposait d&rsquo;une autonomie sur des questions autres que celles concernant les communications, les affaires \u00e9trang\u00e8res et la d\u00e9fense. (Blakemore, 2019)<\/p>\n\n\n\n<figure class=\"wp-block-image\"><img loading=\"lazy\" decoding=\"async\" width=\"1024\" height=\"1024\" src=\"https:\/\/www.humanium.org\/fr\/wp-content\/uploads\/2019\/09\/shutterstock_1335725138-1024x1024.jpg\" alt=\"\" class=\"wp-image-45252\" srcset=\"https:\/\/www.humanium.org\/fr\/wp-content\/uploads\/2019\/09\/shutterstock_1335725138-1024x1024.jpg 1024w, https:\/\/www.humanium.org\/fr\/wp-content\/uploads\/2019\/09\/shutterstock_1335725138-150x150.jpg 150w, https:\/\/www.humanium.org\/fr\/wp-content\/uploads\/2019\/09\/shutterstock_1335725138-300x300.jpg 300w, https:\/\/www.humanium.org\/fr\/wp-content\/uploads\/2019\/09\/shutterstock_1335725138-768x768.jpg 768w, https:\/\/www.humanium.org\/fr\/wp-content\/uploads\/2019\/09\/shutterstock_1335725138-830x830.jpg 830w, https:\/\/www.humanium.org\/fr\/wp-content\/uploads\/2019\/09\/shutterstock_1335725138-230x230.jpg 230w, https:\/\/www.humanium.org\/fr\/wp-content\/uploads\/2019\/09\/shutterstock_1335725138-350x350.jpg 350w, https:\/\/www.humanium.org\/fr\/wp-content\/uploads\/2019\/09\/shutterstock_1335725138-480x480.jpg 480w, https:\/\/www.humanium.org\/fr\/wp-content\/uploads\/2019\/09\/shutterstock_1335725138.jpg 2000w\" sizes=\"auto, (max-width: 1024px) 100vw, 1024px\" \/><\/figure>\n\n\n\n<p class=\"wp-block-paragraph\">Depuis\n1947, les Cachemiris sont confront\u00e9s \u00e0 la violence, \u00e0 une occupation militaire oppressante\net \u00e0 des \u00e9pisodes de guerre. Comme l&rsquo;explique Malala, les enfants et les femmes\nen particulier ont \u00e9t\u00e9 les premi\u00e8res victimes de ce conflit toujours non\nr\u00e9solu. Et aujourd\u2019hui, la situation empire. (India Today Web Desk, 2019)<\/p>\n\n\n\n<h2 class=\"wp-block-heading\"><strong>Privation des droits et conflit en cours<\/strong><\/h2>\n\n\n\n<p class=\"wp-block-paragraph\">Le 5 ao\u00fbt\n2019, le Premier ministre indien Modi a d\u00e9cid\u00e9 de r\u00e9voquer l&rsquo;article 370,\nprivant ainsi le Cachemire et le Jammu de la faible autonomie dont ils\ndisposaient encore, ainsi que de leur capacit\u00e9 \u00e0 emp\u00eacher les \u00e9trangers de s&rsquo;y\ninstaller. (Withnall, 2019) Le gouvernement de Modi a provoqu\u00e9 une coupure du\nr\u00e9seau Internet dans tout le Cachemire occup\u00e9 par l&rsquo;Inde. (Lateef, 2019). Sans\nconnexion, les Cachemiris ne peuvent pas t\u00e9moigner de leur situation au reste\ndu monde, pour faire pression et pousser \u00e0 l\u2019action<\/p>\n\n\n\n<h2 class=\"wp-block-heading\"><strong>Les enfants au Cachemire<\/strong><\/h2>\n\n\n\n<p class=\"wp-block-paragraph\">Les\nprincipaux probl\u00e8mes auxquels les enfants sont confront\u00e9s dans la r\u00e9gion, sont\nactuellement la violence et le manque d&rsquo;\u00e9ducation. <\/p>\n\n\n\n<p class=\"wp-block-paragraph\">Selon un <a href=\"https:\/\/indianculturalforum.in\/2019\/08\/14\/kashmir-caged-a-fact-finding-report\/\">rapport <\/a>r\u00e9dig\u00e9 par des \u00e9conomistes et des militants indiens, des membres des forces de s\u00e9curit\u00e9 ont enlev\u00e9 des gar\u00e7ons lors de raids pendant la nuit et des policiers ont agress\u00e9 des filles et des femmes lors de perquisitions nocturnes. (Dr\u00e8ze J., Krishnan K., Mollah M. et Bhai V., 2019) Bien que complet, le rapport n&rsquo;inclut aucune des interviews vid\u00e9o des personnes interrog\u00e9es par les chercheurs indiens comme preuves. La raison en est que les parents craignent de parler, au cas o\u00f9 les perquisitions seraient utilis\u00e9es dans des affaires relevant de la loi sur la s\u00e9curit\u00e9 publique. La d\u00e9claration de parents sur la disparition de leurs enfants pourrait conduire \u00e0 leur arrestation pour atteinte \u00e0 la s\u00e9curit\u00e9 de l\u2019\u00c9tat. Les raids ont v\u00e9ritablement sem\u00e9 la terreur chez les Cachemiris. <\/p>\n\n\n\n<figure class=\"wp-block-image\"><img loading=\"lazy\" decoding=\"async\" width=\"1000\" height=\"563\" src=\"https:\/\/www.humanium.org\/fr\/wp-content\/uploads\/2019\/09\/shutterstock_1450848818.jpg\" alt=\"\" class=\"wp-image-45253\" srcset=\"https:\/\/www.humanium.org\/fr\/wp-content\/uploads\/2019\/09\/shutterstock_1450848818.jpg 1000w, https:\/\/www.humanium.org\/fr\/wp-content\/uploads\/2019\/09\/shutterstock_1450848818-300x169.jpg 300w, https:\/\/www.humanium.org\/fr\/wp-content\/uploads\/2019\/09\/shutterstock_1450848818-768x432.jpg 768w, https:\/\/www.humanium.org\/fr\/wp-content\/uploads\/2019\/09\/shutterstock_1450848818-830x467.jpg 830w, https:\/\/www.humanium.org\/fr\/wp-content\/uploads\/2019\/09\/shutterstock_1450848818-230x129.jpg 230w, https:\/\/www.humanium.org\/fr\/wp-content\/uploads\/2019\/09\/shutterstock_1450848818-350x197.jpg 350w, https:\/\/www.humanium.org\/fr\/wp-content\/uploads\/2019\/09\/shutterstock_1450848818-480x270.jpg 480w\" sizes=\"auto, (max-width: 1000px) 100vw, 1000px\" \/><\/figure>\n\n\n\n<p class=\"wp-block-paragraph\">En outre,\ndes chercheurs indiens font \u00e9tat de p\u00e9nurie de nourriture, de lait et de\nproduits de premi\u00e8re n\u00e9cessit\u00e9 pour toute la population. Cela a des\ncons\u00e9quences n\u00e9fastes pour les enfants, toujours en croissance et qui ont\nbesoin d\u2019une nourriture appropri\u00e9e. <\/p>\n\n\n\n<p class=\"wp-block-paragraph\">En ce qui\nconcerne la sant\u00e9, des personnes ont \u00e9t\u00e9 emp\u00each\u00e9es de se rendre dans les\nh\u00f4pitaux, trop dangereux dans la situation actuelle. (Ma, 2019) Ce rapport\nconstitue une source d\u2019informations utiles dans un pays qui fait actuellement\nface \u00e0 un black-out des m\u00e9dias, les journalistes ne pouvant pas se d\u00e9placer\ndans la r\u00e9gion.<\/p>\n\n\n\n<p class=\"wp-block-paragraph\">Le deuxi\u00e8me probl\u00e8me majeur auquel les enfants du Cachemire sont confront\u00e9s est le manque d\u2019\u00e9ducation. Vers la mi-ao\u00fbt 2019, les autorit\u00e9s indiennes ont ordonn\u00e9 la r\u00e9ouverture des \u00e9coles primaires, apr\u00e8s les avoir ferm\u00e9es le 5 ao\u00fbt. Les autorit\u00e9s continuent de rouvrir des \u00e9coles l\u00e0 o\u00f9 les restrictions ne sont plus appliqu\u00e9es. <\/p>\n\n\n\n<div class=\"wp-block-image\"><figure class=\"alignleft is-resized\"><img loading=\"lazy\" decoding=\"async\" src=\"https:\/\/www.humanium.org\/fr\/wp-content\/uploads\/2019\/09\/shutterstock_149208284.jpg\" alt=\"\" class=\"wp-image-45254\" width=\"328\" height=\"218\" srcset=\"https:\/\/www.humanium.org\/fr\/wp-content\/uploads\/2019\/09\/shutterstock_149208284.jpg 1000w, https:\/\/www.humanium.org\/fr\/wp-content\/uploads\/2019\/09\/shutterstock_149208284-300x200.jpg 300w, https:\/\/www.humanium.org\/fr\/wp-content\/uploads\/2019\/09\/shutterstock_149208284-768x512.jpg 768w, https:\/\/www.humanium.org\/fr\/wp-content\/uploads\/2019\/09\/shutterstock_149208284-830x554.jpg 830w, https:\/\/www.humanium.org\/fr\/wp-content\/uploads\/2019\/09\/shutterstock_149208284-230x153.jpg 230w, https:\/\/www.humanium.org\/fr\/wp-content\/uploads\/2019\/09\/shutterstock_149208284-350x233.jpg 350w, https:\/\/www.humanium.org\/fr\/wp-content\/uploads\/2019\/09\/shutterstock_149208284-480x320.jpg 480w, https:\/\/www.humanium.org\/fr\/wp-content\/uploads\/2019\/09\/shutterstock_149208284-272x182.jpg 272w\" sizes=\"auto, (max-width: 328px) 100vw, 328px\" \/><\/figure><\/div>\n\n\n\n<p class=\"wp-block-paragraph\">En raison\ndu conflit en cours, qui se traduit en pratique par des combats dans les rues\net des affrontements avec les forces de s\u00e9curit\u00e9, les parents h\u00e9sitent \u00e0 amener\nleurs enfants \u00e0 l&rsquo;\u00e9cole. En fait, le manque de s\u00e9curit\u00e9 a conduit certains\nparents \u00e0 affirmer que l&rsquo;\u00e9ducation est moins importante que la s\u00e9curit\u00e9 de\nleurs enfants. (Lateef, 2019) Les parents ont en effet organis\u00e9 une forme de\nprotestation, en refusant de se rendre dans les \u00e9coles avec leurs enfants. Un\nautre probl\u00e8me pour les parents est l\u2019absence de connexion t\u00e9l\u00e9phonique, ce qui\nles emp\u00eache de contacter les autorit\u00e9s de l\u2019\u00e9cole lorsque leurs enfants sont\nsur les lieux. Les enfants ne sont pas les seuls affect\u00e9s ; peu d&rsquo;enseignants\nse pr\u00e9sentent \u00e0 l\u2019\u00e9cole. Comme l\u2019a d\u00e9clar\u00e9 Mohammad Younis Malik, directeur\nd&rsquo;un \u00e9tablissement scolaire au Cachemire, les 72 \u00e9coles primaires, sur 166, qui\nont rouvert ont eu une \u00abfaible fr\u00e9quentation\u00bb. (Lateef, 2019) La faible\nfr\u00e9quentation a \u00e9galement \u00e9t\u00e9 constat\u00e9e dans les coll\u00e8ges et les lyc\u00e9es. (The\nTimes of India, 2019)<\/p>\n\n\n\n<p class=\"wp-block-paragraph\">\u00c0 l\u2019\u00e9cole\npublique d\u2019Hansraj, dans le district de Panchkula \u00e0 Haryana, en Inde, certains\n\u00e9tudiants ont \u00e9t\u00e9 invit\u00e9s \u00e0 r\u00e9diger une lettre remerciant Modi pour sa d\u00e9cision\nde r\u00e9voquer les articles. Le Comit\u00e9 de gestion du DAV College, responsable de l\u2019\u00e9cole\nd\u2019Hansraj, qui est \u00e9galement en charge de 900 autres \u00e9coles du pays, cible en\neffet les enfants de onze et douze ans avec de la propagande. Ces enfants ne\nsont pas en \u00e2ge de comprendre le conflit, encore moins de se faire une opinion\n\u00e0 ce sujet. La propagande vise \u00e0 utiliser les enfants et \u00e0 les d\u00e9mettre de\nleurs droits individuels. (Withnall, 2019)<\/p>\n\n\n\n<h2 class=\"wp-block-heading\"><strong>L\u2019approche d\u2019Humanium<\/strong><\/h2>\n\n\n\n<p class=\"wp-block-paragraph\">Chez\nHumanium, nous ne le r\u00e9p\u00e9terons jamais assez : \u00ab La s\u00e9curit\u00e9 d&rsquo;abord ! Sans\ns\u00e9curit\u00e9, il n\u2019y a pas d\u2019\u00e9ducation de qualit\u00e9, voire pas d\u2019\u00e9ducation tout\ncourt. \u00bb <\/p>\n\n\n\n<p class=\"wp-block-paragraph\">Dans nos projets au Rwanda, notre objectif est de mettre fin \u00e0 la violence et d&rsquo;accorder la priorit\u00e9 \u00e0 la consolidation de la paix avant la construction d&rsquo;\u00e9coles et le d\u00e9veloppement de l&rsquo;\u00e9ducation. Par exemple, dans cinq r\u00e9gions du Rwanda, nous avons conclu un partenariat avec AVSI (Associazione Volontari for Servizio Internazionale), dans le but de mettre fin aux cycles de violence qui s\u00e9vissaient depuis le g\u00e9nocide de 1994. Nous avons mis au point une approche novatrice, \u00e9labor\u00e9e par des sp\u00e9cialistes en soins traumatiques et utilisant des outils interdisciplinaires, pour fournir un soutien psychologique et social aux familles. Les enfants qui avaient grandi \u00e0 cette \u00e9poque, vivaient de graves situations de violence domestique qui les emp\u00eachaient de se d\u00e9velopper avec l&rsquo;approche psychosociale dont ils avaient besoin. Les enfants avaient besoin d&rsquo;un environnement s\u00fbr, dans lequel ils pourraient se sentir \u00e0 l&rsquo;aise pour aller \u00e0 l&rsquo;\u00e9cole et travailler. <\/p>\n\n\n\n<p class=\"wp-block-paragraph\">Au Cachemire, dans la situation de conflit actuelle, cet environnement s\u00fbr n\u2019existe pas non plus. Cela pourrait nous motiver, en tant qu&rsquo;ONG, \u00e0 entreprendre un projet d&rsquo;ateliers et \u00e0 d\u00e9velopper une approche psychosociale pour permettre aux enfants, non seulement de se sentir \u00e0 l&rsquo;aise d&rsquo;aller \u00e0 l&rsquo;\u00e9cole, mais \u00e9galement d&rsquo;obtenir le soutien psychologique n\u00e9cessaire lorsqu\u2019ils sont confront\u00e9s \u00e0 la violence de la rue. Nous sommes d\u00e9j\u00e0 pr\u00e9sents dans la r\u00e9gion et avons d\u00e9j\u00e0 men\u00e9 dix projets en Inde au cours des onze derni\u00e8res ann\u00e9es, dans des domaines comme le travail des enfants, l\u2019agriculture biologique durable et le d\u00e9veloppement durable. R\u00e9cemment, dans le nord du Madhya Pradesh, nous avons construit une \u00e9cole pour permettre \u00e0 50 petites filles d\u2019\u00e9tudier. Cette \u00e9cole est ouverte depuis deux mois. Fort de notre exp\u00e9rience de la r\u00e9gion et de l&rsquo;approche psychosociale n\u00e9cessaire pour aider les enfants vivant dans la violence, nous serions bien plac\u00e9s pour envisager un projet au Cachemire.<\/p>\n\n\n\n<p class=\"wp-block-paragraph\">Nous sommes \u00e9galement comp\u00e9tents dans la construction d&rsquo;\u00e9coles et avons par exemple construit une \u00e9cole au S\u00e9n\u00e9gal pour y am\u00e9liorer les opportunit\u00e9s d\u2019\u00e9ducation. A travers nos valeurs et nos actions, nous mettons l\u2019accent sur le droit des enfants \u00e0 l\u2019\u00e9ducation. C\u2019est pourquoi nous voulons sensibiliser \u00e0 la situation actuelle de l\u2019\u00e9ducation au Cachemire. <\/p>\n\n\n\n<p class=\"wp-block-paragraph\">Il faut cr\u00e9er un environnement s\u00fbr, dans lequel les \u00e9l\u00e8ves puissent se rendre \u00e0 l&rsquo;\u00e9cole en toute s\u00e9curit\u00e9, ce qui n&rsquo;est pas le cas actuellement. Bien que des \u00e9coles aient rouvert leurs portes et que d&rsquo;autres \u00e9coles envisagent de rouvrir, cela ne garantit pas la s\u00e9curit\u00e9 pour les jeunes. Nous devons continuer \u00e0 en parler; sensibiliser est un moyen de faire pression pour, esp\u00e9rons-le, que cela change. En parler et peut-\u00eatre aussi envisager la cr\u00e9ation d\u2019 ateliers !<\/p>\n\n\n\n<p class=\"wp-block-paragraph\"><strong><em>\u00c9crit par Leah Benque<\/em><\/strong><\/p>\n\n\n\n<p class=\"wp-block-paragraph\"><strong><em>Traduit par Marion Brasseur <\/em><\/strong><\/p>\n\n\n\n<h2 class=\"wp-block-heading\"><strong>References<\/strong><\/h2>\n\n\n\n<p class=\"wp-block-paragraph\">Blakemore,\nErin. (2019), \u201cThe Kashmir conflict: How did it start?,\u201d National Geographic.\nExtrait de National Geographic Culture &amp; History: <a href=\"https:\/\/www.nationalgeographic.com\/culture\/2019\/03\/kashmir-conflict-how-did-it-start\/\">https:\/\/www.nationalgeographic.com\/culture\/2019\/03\/kashmir-conflict-how-did-it-start\/<\/a><\/p>\n\n\n\n<p class=\"wp-block-paragraph\">Dr\u00e8ze J.,\nKrishnan K., Mollah M., and Bhai V. (2019, August 14), \u201cKashmir Caged: A\nFact-Finding Report,\u201d Indian Cultural Forum. Extrait de Indian Cultural Forum: <a href=\"https:\/\/indianculturalforum.in\/2019\/08\/14\/kashmir-caged-a-fact-finding-report\/\">https:\/\/indianculturalforum.in\/2019\/08\/14\/kashmir-caged-a-fact-finding-report\/<\/a><\/p>\n\n\n\n<p class=\"wp-block-paragraph\">India\nToday Web Desk. (2019, August 8), \u201cMalala Yousafzai appeals for peace, says\nworried about safety of Kashmiri children and women,\u201d India Today. Extrait de\nIndia Today News: <a href=\"https:\/\/www.indiatoday.in\/india\/story\/malala-yousafzai-jammu-kashmir-1578499-2019-08-08\">https:\/\/www.indiatoday.in\/india\/story\/malala-yousafzai-jammu-kashmir-1578499-2019-08-08<\/a><\/p>\n\n\n\n<p class=\"wp-block-paragraph\">Laateef,\nSamaan. (2019, August 19), \u201cIndia orders schools to reopen, but Kashmiri\nparents keep kids at home: \u2018Education is less important than our children\u2019s\nlives\u2019,\u201d Independent. Extrait de Independent UK: <a href=\"https:\/\/www.independent.co.uk\/news\/world\/asia\/kashmir-schools-open-india-pakistan-crisis-a9070431.html\">https:\/\/www.independent.co.uk\/news\/world\/asia\/kashmir-schools-open-india-pakistan-crisis-a9070431.html<\/a><\/p>\n\n\n\n<p class=\"wp-block-paragraph\">Ma,\nAlexandra. (2019, August 15), \u201cArmed forces in Kashmir are detaining children\nand molesting women and girls amid a state-wide blackout, report claims,\u201d\nBusiness Insider France. Extrait de Business Insider France: <a href=\"http:\/\/www.businessinsider.fr\/us\/kashmir-forces-detaining-kids-molesting-girls-amid-blackout-report-2019-8\">http:\/\/www.businessinsider.fr\/us\/kashmir-forces-detaining-kids-molesting-girls-amid-blackout-report-2019-8<\/a><\/p>\n\n\n\n<p class=\"wp-block-paragraph\">The Times\nof India. (2019, August 27), \u201cHigh schools in Kashmir to reopen from Wednesday\nin areas without restrictions,\u201d The Times of India. Extrait de The Times of\nIndia: <a href=\"https:\/\/timesofindia.indiatimes.com\/india\/shops-can-open-where-restrictions-lifted-jk-administration\/articleshow\/70861667.cms\">https:\/\/timesofindia.indiatimes.com\/india\/shops-can-open-where-restrictions-lifted-jk-administration\/articleshow\/70861667.cms<\/a><\/p>\n\n\n\n<p class=\"wp-block-paragraph\">Withnall,\nAdam. (2019, August 15), \u201c&rsquo;This is propaganda&rsquo;: Indian school makes children\nwrite letter thanking Modi for stripping Kashmir&rsquo;s autonomy,\u201d Independent.\nExtrait de Independent UK: <a href=\"https:\/\/www.independent.co.uk\/news\/world\/asia\/india-kashmir-latest-school-letter-thanks-modi-article-370-a9061001.html\">https:\/\/www.independent.co.uk\/news\/world\/asia\/india-kashmir-latest-school-letter-thanks-modi-article-370-a9061001.html<\/a><\/p>\n","protected":false},"excerpt":{"rendered":"<p>En cette ann\u00e9e du 30e anniversaire de la Convention des Nations Unies relative aux droits de l\u2019enfant, Humanium continue de mettre l\u2019accent sur l\u2019insuffisance des soutiens aux droits de l\u2019enfant, comme cela est le cas actuellement au Cachemire. Les enfants du Cachemire sont confront\u00e9s \u00e0 la violence et aux conflits arm\u00e9s. Dans cette optique, il [&hellip;]<\/p>\n","protected":false},"author":69,"featured_media":45250,"comment_status":"closed","ping_status":"closed","sticky":false,"template":"","format":"standard","meta":{"footnotes":""},"categories":[220,214],"tags":[],"class_list":["post-45249","post","type-post","status-publish","format-standard","has-post-thumbnail","hentry","category-droits-des-enfants","category-violence"],"yoast_head":"<!-- This site is optimized with the Yoast SEO plugin v28.3 - https:\/\/yoast.com\/product\/yoast-seo-wordpress\/ -->\n<title>Conflit au Cachemire : que se passe-t-il pour les enfants ? - Humanium<\/title>\n<meta name=\"description\" content=\"En cette ann\u00e9e du 30e anniversaire de la Convention des Nations Unies relative aux droits de l\u2019enfant, Humanium continue de mettre l\u2019accent sur l\u2019insuffisance des soutiens aux droits de l\u2019enfant, comme cela est le cas actuellement au Cachemire.\" \/>\n<meta name=\"robots\" content=\"index, follow, max-snippet:-1, max-image-preview:large, max-video-preview:-1\" \/>\n<link rel=\"canonical\" href=\"https:\/\/www.humanium.org\/fr\/conflit-au-cachemire-que-se-passe-t-il-pour-les-enfants\/\" \/>\n<meta property=\"og:locale\" content=\"fr_FR\" \/>\n<meta property=\"og:type\" content=\"article\" \/>\n<meta property=\"og:title\" content=\"Conflit au Cachemire : que se passe-t-il pour les enfants ? - Humanium\" \/>\n<meta property=\"og:description\" content=\"En cette ann\u00e9e du 30e anniversaire de la Convention des Nations Unies relative aux droits de l\u2019enfant, Humanium continue de mettre l\u2019accent sur l\u2019insuffisance des soutiens aux droits de l\u2019enfant, comme cela est le cas actuellement au Cachemire.\" \/>\n<meta property=\"og:url\" content=\"https:\/\/www.humanium.org\/fr\/conflit-au-cachemire-que-se-passe-t-il-pour-les-enfants\/\" \/>\n<meta property=\"og:site_name\" content=\"Humanium\" \/>\n<meta property=\"article:published_time\" content=\"2019-10-06T12:00:57+00:00\" \/>\n<meta property=\"article:modified_time\" content=\"2025-12-10T02:45:28+00:00\" \/>\n<meta property=\"og:image\" content=\"https:\/\/www.humanium.org\/fr\/wp-content\/uploads\/2019\/09\/shutterstock_193037747.jpg\" \/>\n\t<meta property=\"og:image:width\" content=\"1000\" \/>\n\t<meta property=\"og:image:height\" content=\"664\" \/>\n\t<meta property=\"og:image:type\" content=\"image\/jpeg\" \/>\n<meta name=\"author\" content=\"Humanium\" \/>\n<meta name=\"twitter:card\" content=\"summary_large_image\" \/>\n<meta name=\"twitter:label1\" content=\"\u00c9crit par\" \/>\n\t<meta name=\"twitter:data1\" content=\"Humanium\" \/>\n\t<meta name=\"twitter:label2\" content=\"Dur\u00e9e de lecture estim\u00e9e\" \/>\n\t<meta name=\"twitter:data2\" content=\"9 minutes\" \/>\n<script type=\"application\/ld+json\" class=\"yoast-schema-graph\">{\"@context\":\"https:\\\/\\\/schema.org\",\"@graph\":[{\"@type\":\"Article\",\"@id\":\"https:\\\/\\\/www.humanium.org\\\/fr\\\/conflit-au-cachemire-que-se-passe-t-il-pour-les-enfants\\\/#article\",\"isPartOf\":{\"@id\":\"https:\\\/\\\/www.humanium.org\\\/fr\\\/conflit-au-cachemire-que-se-passe-t-il-pour-les-enfants\\\/\"},\"author\":{\"name\":\"Humanium\",\"@id\":\"https:\\\/\\\/www.humanium.org\\\/fr\\\/#\\\/schema\\\/person\\\/d798d6c7d59ba2307e0877f61a20ce3e\"},\"headline\":\"Conflit au Cachemire : que se passe-t-il pour les enfants ?\",\"datePublished\":\"2019-10-06T12:00:57+00:00\",\"dateModified\":\"2025-12-10T02:45:28+00:00\",\"mainEntityOfPage\":{\"@id\":\"https:\\\/\\\/www.humanium.org\\\/fr\\\/conflit-au-cachemire-que-se-passe-t-il-pour-les-enfants\\\/\"},\"wordCount\":1895,\"image\":{\"@id\":\"https:\\\/\\\/www.humanium.org\\\/fr\\\/conflit-au-cachemire-que-se-passe-t-il-pour-les-enfants\\\/#primaryimage\"},\"thumbnailUrl\":\"https:\\\/\\\/www.humanium.org\\\/fr\\\/wp-content\\\/uploads\\\/2019\\\/09\\\/shutterstock_193037747.jpg\",\"articleSection\":[\"Droits des enfants\",\"violence\"],\"inLanguage\":\"fr-FR\"},{\"@type\":\"WebPage\",\"@id\":\"https:\\\/\\\/www.humanium.org\\\/fr\\\/conflit-au-cachemire-que-se-passe-t-il-pour-les-enfants\\\/\",\"url\":\"https:\\\/\\\/www.humanium.org\\\/fr\\\/conflit-au-cachemire-que-se-passe-t-il-pour-les-enfants\\\/\",\"name\":\"Conflit au Cachemire : que se passe-t-il pour les enfants ? - Humanium\",\"isPartOf\":{\"@id\":\"https:\\\/\\\/www.humanium.org\\\/fr\\\/#website\"},\"primaryImageOfPage\":{\"@id\":\"https:\\\/\\\/www.humanium.org\\\/fr\\\/conflit-au-cachemire-que-se-passe-t-il-pour-les-enfants\\\/#primaryimage\"},\"image\":{\"@id\":\"https:\\\/\\\/www.humanium.org\\\/fr\\\/conflit-au-cachemire-que-se-passe-t-il-pour-les-enfants\\\/#primaryimage\"},\"thumbnailUrl\":\"https:\\\/\\\/www.humanium.org\\\/fr\\\/wp-content\\\/uploads\\\/2019\\\/09\\\/shutterstock_193037747.jpg\",\"datePublished\":\"2019-10-06T12:00:57+00:00\",\"dateModified\":\"2025-12-10T02:45:28+00:00\",\"author\":{\"@id\":\"https:\\\/\\\/www.humanium.org\\\/fr\\\/#\\\/schema\\\/person\\\/d798d6c7d59ba2307e0877f61a20ce3e\"},\"description\":\"En cette ann\u00e9e du 30e anniversaire de la Convention des Nations Unies relative aux droits de l\u2019enfant, Humanium continue de mettre l\u2019accent sur l\u2019insuffisance des soutiens aux droits de l\u2019enfant, comme cela est le cas actuellement au Cachemire.\",\"breadcrumb\":{\"@id\":\"https:\\\/\\\/www.humanium.org\\\/fr\\\/conflit-au-cachemire-que-se-passe-t-il-pour-les-enfants\\\/#breadcrumb\"},\"inLanguage\":\"fr-FR\",\"potentialAction\":[{\"@type\":\"ReadAction\",\"target\":[\"https:\\\/\\\/www.humanium.org\\\/fr\\\/conflit-au-cachemire-que-se-passe-t-il-pour-les-enfants\\\/\"]}]},{\"@type\":\"ImageObject\",\"inLanguage\":\"fr-FR\",\"@id\":\"https:\\\/\\\/www.humanium.org\\\/fr\\\/conflit-au-cachemire-que-se-passe-t-il-pour-les-enfants\\\/#primaryimage\",\"url\":\"https:\\\/\\\/www.humanium.org\\\/fr\\\/wp-content\\\/uploads\\\/2019\\\/09\\\/shutterstock_193037747.jpg\",\"contentUrl\":\"https:\\\/\\\/www.humanium.org\\\/fr\\\/wp-content\\\/uploads\\\/2019\\\/09\\\/shutterstock_193037747.jpg\",\"width\":1000,\"height\":664},{\"@type\":\"BreadcrumbList\",\"@id\":\"https:\\\/\\\/www.humanium.org\\\/fr\\\/conflit-au-cachemire-que-se-passe-t-il-pour-les-enfants\\\/#breadcrumb\",\"itemListElement\":[{\"@type\":\"ListItem\",\"position\":1,\"name\":\"Home\",\"item\":\"https:\\\/\\\/www.humanium.org\\\/fr\\\/\"},{\"@type\":\"ListItem\",\"position\":2,\"name\":\"Conflit au Cachemire : que se passe-t-il pour les enfants ?\"}]},{\"@type\":\"WebSite\",\"@id\":\"https:\\\/\\\/www.humanium.org\\\/fr\\\/#website\",\"url\":\"https:\\\/\\\/www.humanium.org\\\/fr\\\/\",\"name\":\"Humanium\",\"description\":\"Les enfants d\u2019abord !\",\"potentialAction\":[{\"@type\":\"SearchAction\",\"target\":{\"@type\":\"EntryPoint\",\"urlTemplate\":\"https:\\\/\\\/www.humanium.org\\\/fr\\\/?s={search_term_string}\"},\"query-input\":{\"@type\":\"PropertyValueSpecification\",\"valueRequired\":true,\"valueName\":\"search_term_string\"}}],\"inLanguage\":\"fr-FR\"},{\"@type\":\"Person\",\"@id\":\"https:\\\/\\\/www.humanium.org\\\/fr\\\/#\\\/schema\\\/person\\\/d798d6c7d59ba2307e0877f61a20ce3e\",\"name\":\"Humanium\",\"image\":{\"@type\":\"ImageObject\",\"inLanguage\":\"fr-FR\",\"@id\":\"https:\\\/\\\/secure.gravatar.com\\\/avatar\\\/22715e338d2fcc547e3a431c4738360d33fea2a4af458f865b2c3b22f1eaa51f?s=96&d=mm&r=g\",\"url\":\"https:\\\/\\\/secure.gravatar.com\\\/avatar\\\/22715e338d2fcc547e3a431c4738360d33fea2a4af458f865b2c3b22f1eaa51f?s=96&d=mm&r=g\",\"contentUrl\":\"https:\\\/\\\/secure.gravatar.com\\\/avatar\\\/22715e338d2fcc547e3a431c4738360d33fea2a4af458f865b2c3b22f1eaa51f?s=96&d=mm&r=g\",\"caption\":\"Humanium\"},\"url\":\"https:\\\/\\\/www.humanium.org\\\/fr\\\/author\\\/humanium\\\/\"}]}<\/script>\n<!-- \/ Yoast SEO plugin. -->","yoast_head_json":{"title":"Conflit au Cachemire : que se passe-t-il pour les enfants ? - Humanium","description":"En cette ann\u00e9e du 30e anniversaire de la Convention des Nations Unies relative aux droits de l\u2019enfant, Humanium continue de mettre l\u2019accent sur l\u2019insuffisance des soutiens aux droits de l\u2019enfant, comme cela est le cas actuellement au Cachemire.","robots":{"index":"index","follow":"follow","max-snippet":"max-snippet:-1","max-image-preview":"max-image-preview:large","max-video-preview":"max-video-preview:-1"},"canonical":"https:\/\/www.humanium.org\/fr\/conflit-au-cachemire-que-se-passe-t-il-pour-les-enfants\/","og_locale":"fr_FR","og_type":"article","og_title":"Conflit au Cachemire : que se passe-t-il pour les enfants ? - Humanium","og_description":"En cette ann\u00e9e du 30e anniversaire de la Convention des Nations Unies relative aux droits de l\u2019enfant, Humanium continue de mettre l\u2019accent sur l\u2019insuffisance des soutiens aux droits de l\u2019enfant, comme cela est le cas actuellement au Cachemire.","og_url":"https:\/\/www.humanium.org\/fr\/conflit-au-cachemire-que-se-passe-t-il-pour-les-enfants\/","og_site_name":"Humanium","article_published_time":"2019-10-06T12:00:57+00:00","article_modified_time":"2025-12-10T02:45:28+00:00","og_image":[{"width":1000,"height":664,"url":"https:\/\/www.humanium.org\/fr\/wp-content\/uploads\/2019\/09\/shutterstock_193037747.jpg","type":"image\/jpeg"}],"author":"Humanium","twitter_card":"summary_large_image","twitter_misc":{"\u00c9crit par":"Humanium","Dur\u00e9e de lecture estim\u00e9e":"9 minutes"},"schema":{"@context":"https:\/\/schema.org","@graph":[{"@type":"Article","@id":"https:\/\/www.humanium.org\/fr\/conflit-au-cachemire-que-se-passe-t-il-pour-les-enfants\/#article","isPartOf":{"@id":"https:\/\/www.humanium.org\/fr\/conflit-au-cachemire-que-se-passe-t-il-pour-les-enfants\/"},"author":{"name":"Humanium","@id":"https:\/\/www.humanium.org\/fr\/#\/schema\/person\/d798d6c7d59ba2307e0877f61a20ce3e"},"headline":"Conflit au Cachemire : que se passe-t-il pour les enfants ?","datePublished":"2019-10-06T12:00:57+00:00","dateModified":"2025-12-10T02:45:28+00:00","mainEntityOfPage":{"@id":"https:\/\/www.humanium.org\/fr\/conflit-au-cachemire-que-se-passe-t-il-pour-les-enfants\/"},"wordCount":1895,"image":{"@id":"https:\/\/www.humanium.org\/fr\/conflit-au-cachemire-que-se-passe-t-il-pour-les-enfants\/#primaryimage"},"thumbnailUrl":"https:\/\/www.humanium.org\/fr\/wp-content\/uploads\/2019\/09\/shutterstock_193037747.jpg","articleSection":["Droits des enfants","violence"],"inLanguage":"fr-FR"},{"@type":"WebPage","@id":"https:\/\/www.humanium.org\/fr\/conflit-au-cachemire-que-se-passe-t-il-pour-les-enfants\/","url":"https:\/\/www.humanium.org\/fr\/conflit-au-cachemire-que-se-passe-t-il-pour-les-enfants\/","name":"Conflit au Cachemire : que se passe-t-il pour les enfants ? - Humanium","isPartOf":{"@id":"https:\/\/www.humanium.org\/fr\/#website"},"primaryImageOfPage":{"@id":"https:\/\/www.humanium.org\/fr\/conflit-au-cachemire-que-se-passe-t-il-pour-les-enfants\/#primaryimage"},"image":{"@id":"https:\/\/www.humanium.org\/fr\/conflit-au-cachemire-que-se-passe-t-il-pour-les-enfants\/#primaryimage"},"thumbnailUrl":"https:\/\/www.humanium.org\/fr\/wp-content\/uploads\/2019\/09\/shutterstock_193037747.jpg","datePublished":"2019-10-06T12:00:57+00:00","dateModified":"2025-12-10T02:45:28+00:00","author":{"@id":"https:\/\/www.humanium.org\/fr\/#\/schema\/person\/d798d6c7d59ba2307e0877f61a20ce3e"},"description":"En cette ann\u00e9e du 30e anniversaire de la Convention des Nations Unies relative aux droits de l\u2019enfant, Humanium continue de mettre l\u2019accent sur l\u2019insuffisance des soutiens aux droits de l\u2019enfant, comme cela est le cas actuellement au Cachemire.","breadcrumb":{"@id":"https:\/\/www.humanium.org\/fr\/conflit-au-cachemire-que-se-passe-t-il-pour-les-enfants\/#breadcrumb"},"inLanguage":"fr-FR","potentialAction":[{"@type":"ReadAction","target":["https:\/\/www.humanium.org\/fr\/conflit-au-cachemire-que-se-passe-t-il-pour-les-enfants\/"]}]},{"@type":"ImageObject","inLanguage":"fr-FR","@id":"https:\/\/www.humanium.org\/fr\/conflit-au-cachemire-que-se-passe-t-il-pour-les-enfants\/#primaryimage","url":"https:\/\/www.humanium.org\/fr\/wp-content\/uploads\/2019\/09\/shutterstock_193037747.jpg","contentUrl":"https:\/\/www.humanium.org\/fr\/wp-content\/uploads\/2019\/09\/shutterstock_193037747.jpg","width":1000,"height":664},{"@type":"BreadcrumbList","@id":"https:\/\/www.humanium.org\/fr\/conflit-au-cachemire-que-se-passe-t-il-pour-les-enfants\/#breadcrumb","itemListElement":[{"@type":"ListItem","position":1,"name":"Home","item":"https:\/\/www.humanium.org\/fr\/"},{"@type":"ListItem","position":2,"name":"Conflit au Cachemire : que se passe-t-il pour les enfants ?"}]},{"@type":"WebSite","@id":"https:\/\/www.humanium.org\/fr\/#website","url":"https:\/\/www.humanium.org\/fr\/","name":"Humanium","description":"Les enfants d\u2019abord !","potentialAction":[{"@type":"SearchAction","target":{"@type":"EntryPoint","urlTemplate":"https:\/\/www.humanium.org\/fr\/?s={search_term_string}"},"query-input":{"@type":"PropertyValueSpecification","valueRequired":true,"valueName":"search_term_string"}}],"inLanguage":"fr-FR"},{"@type":"Person","@id":"https:\/\/www.humanium.org\/fr\/#\/schema\/person\/d798d6c7d59ba2307e0877f61a20ce3e","name":"Humanium","image":{"@type":"ImageObject","inLanguage":"fr-FR","@id":"https:\/\/secure.gravatar.com\/avatar\/22715e338d2fcc547e3a431c4738360d33fea2a4af458f865b2c3b22f1eaa51f?s=96&d=mm&r=g","url":"https:\/\/secure.gravatar.com\/avatar\/22715e338d2fcc547e3a431c4738360d33fea2a4af458f865b2c3b22f1eaa51f?s=96&d=mm&r=g","contentUrl":"https:\/\/secure.gravatar.com\/avatar\/22715e338d2fcc547e3a431c4738360d33fea2a4af458f865b2c3b22f1eaa51f?s=96&d=mm&r=g","caption":"Humanium"},"url":"https:\/\/www.humanium.org\/fr\/author\/humanium\/"}]}},"_links":{"self":[{"href":"https:\/\/www.humanium.org\/fr\/wp-json\/wp\/v2\/posts\/45249","targetHints":{"allow":["GET"]}}],"collection":[{"href":"https:\/\/www.humanium.org\/fr\/wp-json\/wp\/v2\/posts"}],"about":[{"href":"https:\/\/www.humanium.org\/fr\/wp-json\/wp\/v2\/types\/post"}],"author":[{"embeddable":true,"href":"https:\/\/www.humanium.org\/fr\/wp-json\/wp\/v2\/users\/69"}],"replies":[{"embeddable":true,"href":"https:\/\/www.humanium.org\/fr\/wp-json\/wp\/v2\/comments?post=45249"}],"version-history":[{"count":7,"href":"https:\/\/www.humanium.org\/fr\/wp-json\/wp\/v2\/posts\/45249\/revisions"}],"predecessor-version":[{"id":61168,"href":"https:\/\/www.humanium.org\/fr\/wp-json\/wp\/v2\/posts\/45249\/revisions\/61168"}],"wp:featuredmedia":[{"embeddable":true,"href":"https:\/\/www.humanium.org\/fr\/wp-json\/wp\/v2\/media\/45250"}],"wp:attachment":[{"href":"https:\/\/www.humanium.org\/fr\/wp-json\/wp\/v2\/media?parent=45249"}],"wp:term":[{"taxonomy":"category","embeddable":true,"href":"https:\/\/www.humanium.org\/fr\/wp-json\/wp\/v2\/categories?post=45249"},{"taxonomy":"post_tag","embeddable":true,"href":"https:\/\/www.humanium.org\/fr\/wp-json\/wp\/v2\/tags?post=45249"}],"curies":[{"name":"wp","href":"https:\/\/api.w.org\/{rel}","templated":true}]}}