{"id":45256,"date":"2019-10-03T16:43:10","date_gmt":"2019-10-03T16:43:10","guid":{"rendered":"https:\/\/www.humanium.org\/fr\/?p=45256"},"modified":"2025-12-10T02:54:31","modified_gmt":"2025-12-10T02:54:31","slug":"comment-devenir-un-defenseur-des-droits-de-lenfant","status":"publish","type":"post","link":"https:\/\/www.humanium.org\/fr\/comment-devenir-un-defenseur-des-droits-de-lenfant\/","title":{"rendered":"Comment devenir un d\u00e9fenseur des droits de l\u2019enfant ?"},"content":{"rendered":"\n<p class=\"wp-block-paragraph\"><strong>Dans le sillage du 30\u00e8me anniversaire de la <a href=\"https:\/\/www.humanium.org\/fr\/convention\/\">Convention des Nations Unies relative aux droits de l\u2019enfant<\/a> (CIDE), Humanium aimerait attirer l\u2019attention sur les enfants qui se sont battus pour les droits de l\u2019homme, ceux qui ont d\u00e9fendu les droits de l\u2019enfant et ceux qui aspirent \u00e0 le faire. <\/strong><\/p>\n\n\n\n<h2 class=\"wp-block-heading\"><strong>D\u00e9fenseur\ndes droits de l\u2019enfant aux Nations Unies<\/strong><\/h2>\n\n\n\n<p class=\"wp-block-paragraph\">Au cours des derni\u00e8res ann\u00e9es, les d\u00e9fenseurs des droits de l\u2019enfant ont fait l\u2019objet d\u2019une attention particuli\u00e8re. On l\u2019a constat\u00e9 lors de la <strong>Journ\u00e9e de d\u00e9bat g\u00e9n\u00e9ral du Comit\u00e9 des droits de l\u2019enfant des Nations Unies<\/strong> de 2018, consacr\u00e9e au th\u00e8me suivant&nbsp;: \u00ab&nbsp;Protection et autonomisation des enfants en tant que <strong>d\u00e9fenseurs des droits humains<\/strong>&nbsp;\u00bb (HCDH, n.d.). L\u2019assembl\u00e9e a examin\u00e9 comment susciter un mouvement mondial de d\u00e9fenseurs des droits des enfants, en incluant des enfants, des \u00c9tats, les institutions nationales des droits de l\u2019homme, les Nations Unies, la soci\u00e9t\u00e9 civile et le secteur priv\u00e9. <\/p>\n\n\n\n<p class=\"wp-block-paragraph\"><strong><a href=\"https:\/\/www.childrightsconnect.org\/\">Child Rights Connect <\/a><\/strong>(CRC) a organis\u00e9 une \u00e9quipe consultative d\u2019enfants, avec 21 enfants conseillers issus de 19 pays.  Le Comit\u00e9 ayant pour but d\u2019inclure des enfants aux d\u00e9bats, il y avait 34 enfants orateurs et motivateurs. (Child Rights Connect, n.d.). Avec ces intervenants, l\u2019objectif \u00e9tait d\u2019identifier ce qu\u2019il fallait faire pour des \u00ab&nbsp;lois, politiques et des proc\u00e9dures relatives aux droits de l\u2019enfant, prenant d\u00fbment en compte les enfants en tant que d\u00e9fenseurs des droits humains.&nbsp;\u00bb (HCDH, n.d.). Ce d\u00e9bat a eu lieu apr\u00e8s le lancement du premier programme mondial des d\u00e9fenseurs de droits humains des enfants en 2017 de Child Rights Connect. <\/p>\n\n\n\n<figure class=\"wp-block-image\"><img loading=\"lazy\" decoding=\"async\" width=\"1000\" height=\"686\" src=\"https:\/\/www.humanium.org\/fr\/wp-content\/uploads\/2019\/09\/shutterstock_619474253.jpg\" alt=\"\" class=\"wp-image-45258\" srcset=\"https:\/\/www.humanium.org\/fr\/wp-content\/uploads\/2019\/09\/shutterstock_619474253.jpg 1000w, https:\/\/www.humanium.org\/fr\/wp-content\/uploads\/2019\/09\/shutterstock_619474253-300x206.jpg 300w, https:\/\/www.humanium.org\/fr\/wp-content\/uploads\/2019\/09\/shutterstock_619474253-768x527.jpg 768w, https:\/\/www.humanium.org\/fr\/wp-content\/uploads\/2019\/09\/shutterstock_619474253-830x569.jpg 830w, https:\/\/www.humanium.org\/fr\/wp-content\/uploads\/2019\/09\/shutterstock_619474253-230x158.jpg 230w, https:\/\/www.humanium.org\/fr\/wp-content\/uploads\/2019\/09\/shutterstock_619474253-350x240.jpg 350w, https:\/\/www.humanium.org\/fr\/wp-content\/uploads\/2019\/09\/shutterstock_619474253-480x329.jpg 480w\" sizes=\"auto, (max-width: 1000px) 100vw, 1000px\" \/><\/figure>\n\n\n\n<p class=\"wp-block-paragraph\">Humanium est membre de Child Rights Connect, l\u2019organisation genevoise qui a r\u00e9dig\u00e9 la <a href=\"https:\/\/www.humanium.org\/fr\/convention-droits-enfant-adaptee-aux-enfants-des-10-ans\/\"><strong>Convention des Nations Unies relative aux droits de l\u2019enfants<\/strong><\/a> il y a 30 ans; elle communique, en tant qu\u2019ONG, avec le syst\u00e8me des droits humains des Nations Unies pour instaurer un changement durable et a \u00e9tabli la d\u00e9finition suivante : \u00ab&nbsp;les enfants qui prennent des mesures pour promouvoir leurs droits humains, les droits de leurs homologues ou les droits des autres (y compris des adultes) sont des <strong>d\u00e9fenseurs des droits humains<\/strong> \u00ab&nbsp; (Child Rights Connect, n.d.). Le Haut Commissaire des Nations Unies aux droits de l\u2019homme (HCDH) envisage une d\u00e9finition semblable. (HCDH, n.d.) <\/p>\n\n\n\n<h2 class=\"wp-block-heading\"><strong>Difficult\u00e9s\nrencontr\u00e9es par les d\u00e9fenseurs des droits de l\u2019enfant <\/strong><\/h2>\n\n\n\n<p class=\"wp-block-paragraph\">Selon l\u2019article 1 de la <em>D\u00e9claration des Nations Unies sur les d\u00e9fenseurs des droits de l\u2019homme<\/em>, \u00ab&nbsp; Chacun a le droit, individuellement ou en association avec d\u2019autres, de promouvoir et lutter pour la protection et la concr\u00e9tisation des droits de l\u2019homme&nbsp;\u00bb (Child Rights Connect, n.d.). N\u00e9anmoins, les enfants sont malheureusement souvent discrimin\u00e9s car ils ne sont pas consid\u00e9r\u00e9s comme suffisamment responsables pour diriger un mouvement militant. (Fauconnier, 2019) <\/p>\n\n\n\n<div class=\"wp-block-image\"><figure class=\"alignright is-resized\"><img loading=\"lazy\" decoding=\"async\" src=\"https:\/\/www.humanium.org\/fr\/wp-content\/uploads\/2019\/09\/shutterstock_1103100437.jpg\" alt=\"\" class=\"wp-image-45259\" width=\"356\" height=\"237\" srcset=\"https:\/\/www.humanium.org\/fr\/wp-content\/uploads\/2019\/09\/shutterstock_1103100437.jpg 1000w, https:\/\/www.humanium.org\/fr\/wp-content\/uploads\/2019\/09\/shutterstock_1103100437-300x200.jpg 300w, https:\/\/www.humanium.org\/fr\/wp-content\/uploads\/2019\/09\/shutterstock_1103100437-768x512.jpg 768w, https:\/\/www.humanium.org\/fr\/wp-content\/uploads\/2019\/09\/shutterstock_1103100437-830x554.jpg 830w, https:\/\/www.humanium.org\/fr\/wp-content\/uploads\/2019\/09\/shutterstock_1103100437-230x153.jpg 230w, https:\/\/www.humanium.org\/fr\/wp-content\/uploads\/2019\/09\/shutterstock_1103100437-350x233.jpg 350w, https:\/\/www.humanium.org\/fr\/wp-content\/uploads\/2019\/09\/shutterstock_1103100437-480x320.jpg 480w, https:\/\/www.humanium.org\/fr\/wp-content\/uploads\/2019\/09\/shutterstock_1103100437-272x182.jpg 272w\" sizes=\"auto, (max-width: 356px) 100vw, 356px\" \/><\/figure><\/div>\n\n\n\n<p class=\"wp-block-paragraph\">Les principaux probl\u00e8mes rencontr\u00e9s par les d\u00e9fenseurs des droits de l\u2019enfant sont la visibilit\u00e9 et leur propre protection. Comment devenir un d\u00e9fenseur des droits de l\u2019enfant et comment \u00eatre prot\u00e9g\u00e9 ? <\/p>\n\n\n\n<p class=\"wp-block-paragraph\">Comme le reconna\u00eet <strong>Child Rights Connect<\/strong>, les d\u00e9fenseurs des droits de l\u2019enfant peuvent acqu\u00e9rir une visibilit\u00e9 locale, nationale, r\u00e9gionale, ou internationale. Bon nombre de ces enfants ne savent pas qu\u2019il existe des cadres institutionnels visant \u00e0 les prot\u00e9ger et \u00e0 leur donner visibilit\u00e9 et protection dans leur activisme. Child Rights Connect tente de changer la situation pour ces enfants et a fait beaucoup pour soutenir les d\u00e9fenseurs des droits des enfants. L\u2019organisation est bien plac\u00e9e pour cela puisqu\u2019elle travaille en \u00e9troite collaboration avec le <a href=\"https:\/\/www.ohchr.org\/FR\/Pages\/Home.aspx\"><strong>HCDH<\/strong><\/a>, le Rapporteur sp\u00e9cial des Nations Unies sur les d\u00e9fenseurs des droits de l\u2019homme et de nombreux autres experts. Elle peut ainsi vraiment mettre en contact les enfants avec les instances de l\u2019ONU. (Child Rights Connect, n.d.) <\/p>\n\n\n\n<h2 class=\"wp-block-heading\"><strong>Le\nGrand groupe des Nations Unies pour l\u2019enfance et la jeunesse <\/strong><\/h2>\n\n\n\n<p class=\"wp-block-paragraph\">Une autre association qui travaille en \u00e9troite collaboration avec <strong><a href=\"https:\/\/www.unmgcy.org\/\">les Nations Unies et les enfants<\/a><\/strong> est le Grand groupe des Nations Unies pour l\u2019enfance et la jeunesse. C\u2019est l\u2019espace officiel de l\u2019ONU consacr\u00e9 aux enfants et aux jeunes de moins de 30 ans, dans lequel ils participent \u00e0 l\u2019\u00e9laboration de \u00ab&nbsp;politiques de d\u00e9veloppement durable \u00e0 tous les niveaux&nbsp;\u00bb. <\/p>\n\n\n\n<p class=\"wp-block-paragraph\">Les questions abord\u00e9es incluent des processus politiques intergouvernementaux et connexes \u00e0 l\u2019ONU. Ce groupe donne aux enfants un espace dans lequel ils peuvent exprimer leurs opinions sur les politiques de l\u2019ONU. De plus, les th\u00e8mes concernant le d\u00e9veloppement durable et le syst\u00e8me des Nations Unies sont mis en avant afin que les enfants puissent approfondir leurs connaissances. Vous pouvez participer en ligne, via leur site Web, et devenir un membre de la <strong><a href=\"http:\/\/childrenyouth.eu\/\">Children and Youth International (CYI<\/a><\/strong>) , l\u2019entit\u00e9 juridique de <strong>MGCY ONU<\/strong>. (Grand groupe des Nations Unies pour l\u2019enfance et la jeunesse\/Children Youth International, n.d.) <\/p>\n\n\n\n<h2 class=\"wp-block-heading\"><strong>D\u00e9fense\nInternationale des Enfants <\/strong><\/h2>\n\n\n\n<p class=\"wp-block-paragraph\">Une autre association qui vise \u00e0 inclure les enfants dans ses actions est la <a href=\"https:\/\/defenceforchildren.org\/fr\/\"><strong>D\u00e9fense Internationale des Enfants (DCI)<\/strong><\/a>. En consid\u00e9rant les enfants comme des d\u00e9fenseurs de leurs propres droits, la DCI pr\u00e9conise la participation des enfants comme l\u2019un de ses piliers. Au niveau gouvernemental, la DCI incite les \u00c9tats \u00e0 ratifier le <em>3\u00e8me Protocole facultatif \u00e0 la Convention des droits de l&rsquo;enfant<\/em>, qui permet aux enfants de soumettre des plaintes sur la violation de leurs droits. La DCI tente d\u2019assurer la participation des enfants \u00e0 toutes ses activit\u00e9s, \u00ab&nbsp; y compris les propositions soumises par des enfants pour le Comit\u00e9 de la Convention relative aux droits de l&rsquo;enfant \u00bb, une porte d\u2019entr\u00e9e vers l\u2019ONU. <\/p>\n\n\n\n<p class=\"wp-block-paragraph\">Les enfants sont \u00e9galement amen\u00e9s \u00e0 r\u00e9fl\u00e9chir \u00e0 ce que signifie \u00eatre un d\u00e9fenseur des droits des enfants. Par exemple, lors de <strong>la Journ\u00e9e internationale de l\u2019enfant africain<\/strong> en 2018, <strong>le Secr\u00e9tariat international de la DCI<\/strong> a organis\u00e9 avec les pays partenaires une r\u00e9union avec des enfants, au cours de laquelle il a recueilli leurs exp\u00e9riences et opinions sur ce que signifie \u00eatre un d\u00e9fenseur des droits des enfants. (D\u00e9fense Internationale des Enfants, n.d.) <\/p>\n\n\n\n<h2 class=\"wp-block-heading\"><strong>Des enfants\nsur la sc\u00e8ne des Nations Unines <\/strong><\/h2>\n\n\n\n<p class=\"wp-block-paragraph\">L\u2019ONU est ouverte \u00e0 l\u2019id\u00e9e d\u2019accueillir des enfants sur sa sc\u00e8ne. En 2013, <strong>Malala Yousafzai <\/strong>a \u00e9t\u00e9 invit\u00e9e \u00e0 parler du droit des filles et des gar\u00e7ons \u00e0 l\u2019\u00e9ducation et des actions des Talibans, le groupe terroriste qui lui a tir\u00e9 dessus dans la vall\u00e9e de Swat au Pakistan en octobre 2012. (Theirworld, n.d.) <\/p>\n\n\n\n<div class=\"wp-block-image\"><figure class=\"alignleft is-resized\"><img loading=\"lazy\" decoding=\"async\" src=\"https:\/\/www.humanium.org\/fr\/wp-content\/uploads\/2019\/09\/shutterstock_1307696365.jpg\" alt=\"\" class=\"wp-image-45260\" width=\"346\" height=\"230\" srcset=\"https:\/\/www.humanium.org\/fr\/wp-content\/uploads\/2019\/09\/shutterstock_1307696365.jpg 1000w, https:\/\/www.humanium.org\/fr\/wp-content\/uploads\/2019\/09\/shutterstock_1307696365-300x200.jpg 300w, https:\/\/www.humanium.org\/fr\/wp-content\/uploads\/2019\/09\/shutterstock_1307696365-768x512.jpg 768w, https:\/\/www.humanium.org\/fr\/wp-content\/uploads\/2019\/09\/shutterstock_1307696365-830x554.jpg 830w, https:\/\/www.humanium.org\/fr\/wp-content\/uploads\/2019\/09\/shutterstock_1307696365-230x153.jpg 230w, https:\/\/www.humanium.org\/fr\/wp-content\/uploads\/2019\/09\/shutterstock_1307696365-350x233.jpg 350w, https:\/\/www.humanium.org\/fr\/wp-content\/uploads\/2019\/09\/shutterstock_1307696365-480x320.jpg 480w, https:\/\/www.humanium.org\/fr\/wp-content\/uploads\/2019\/09\/shutterstock_1307696365-272x182.jpg 272w\" sizes=\"auto, (max-width: 346px) 100vw, 346px\" \/><\/figure><\/div>\n\n\n\n<p class=\"wp-block-paragraph\">A l\u2019heure actuelle, <strong>Greta Thunberg<\/strong>, une adolescente de 16 ans protestant contre le manque d\u2019attention du monde face au changement climatique, a particip\u00e9 au dernier sommet des Nations Unies. Elle avait d\u00e9j\u00e0 attir\u00e9 l\u2019attention \u00e0 l\u2019\u00e9chelle internationale sur le changement climatique \u00e0 la COP 24 de l\u2019ONU en d\u00e9cembre 2018 (CBS, 2019). Les enfants trouvent ainsi un portail d\u2019entr\u00e9e dans les institutions des Nations Unies. Il y a des organismes et des syst\u00e8mes en place pour leur faciliter l\u2019acc\u00e8s \u00e0 leur droit de parole, m\u00eame s\u2019il est av\u00e9r\u00e9 que les enfants continuent \u00e0 \u00eatre discrimin\u00e9s. <\/p>\n\n\n\n<h2 class=\"wp-block-heading\"><strong>Comment\ndevenir un d\u00e9fenseur des droits de l\u2019enfant ? <\/strong><\/h2>\n\n\n\n<p class=\"wp-block-paragraph\">De nos jours, il y a de nombreux probl\u00e8mes auxquels les enfants sont confront\u00e9s exclusivement et c\u2019est pourquoi la lutte pour les d\u00e9fenseurs des droits de l\u2019enfant est cruciale. En leur facilitant la parole, nous faisons un pas de plus vers l\u2019\u00e9galit\u00e9. Des organisations en relation directe ou indirecte avec l\u2019ONU ont fait participer des enfants \u00e0 leurs activit\u00e9s afin qu\u2019ils aient un meilleur acc\u00e8s au syst\u00e8me de l\u2019ONU. <\/p>\n\n\n\n<figure class=\"wp-block-image\"><img loading=\"lazy\" decoding=\"async\" width=\"1000\" height=\"667\" src=\"https:\/\/www.humanium.org\/fr\/wp-content\/uploads\/2019\/09\/shutterstock_1223081587.jpg\" alt=\"\" class=\"wp-image-45261\" srcset=\"https:\/\/www.humanium.org\/fr\/wp-content\/uploads\/2019\/09\/shutterstock_1223081587.jpg 1000w, https:\/\/www.humanium.org\/fr\/wp-content\/uploads\/2019\/09\/shutterstock_1223081587-300x200.jpg 300w, https:\/\/www.humanium.org\/fr\/wp-content\/uploads\/2019\/09\/shutterstock_1223081587-768x512.jpg 768w, https:\/\/www.humanium.org\/fr\/wp-content\/uploads\/2019\/09\/shutterstock_1223081587-830x554.jpg 830w, https:\/\/www.humanium.org\/fr\/wp-content\/uploads\/2019\/09\/shutterstock_1223081587-230x153.jpg 230w, https:\/\/www.humanium.org\/fr\/wp-content\/uploads\/2019\/09\/shutterstock_1223081587-350x233.jpg 350w, https:\/\/www.humanium.org\/fr\/wp-content\/uploads\/2019\/09\/shutterstock_1223081587-480x320.jpg 480w, https:\/\/www.humanium.org\/fr\/wp-content\/uploads\/2019\/09\/shutterstock_1223081587-272x182.jpg 272w\" sizes=\"auto, (max-width: 1000px) 100vw, 1000px\" \/><\/figure>\n\n\n\n<p class=\"wp-block-paragraph\">Chez Humanium, nous valorisons l\u2019autonomisation des enfants. Chacun de nos projets met l\u2019accent sur l\u2019autonomie et le d\u00e9veloppement durable et consid\u00e8re le propre droit des enfants \u00e0 leur lutte. <\/p>\n\n\n\n<p class=\"wp-block-paragraph\">Vous,\nnotre lecteur, avez \u00e9galement la possibilit\u00e9 de vous impliquer. En contactant\nles sites Web des organisations, vous pouvez participer aux r\u00e9unions et \u00e0 des\nmouvements internationaux au travers desquels vous rencontrerez des enfants\npr\u00eats \u00e0 lutter pour la m\u00eame cause, avec l\u2019espoir de sensibiliser et d\u2019alerter\nl\u2019ONU. Il est important de se rappeler qu\u2019il y a des syst\u00e8mes en place qui vous\naident \u00e0 le faire. C\u2019est la premi\u00e8re \u00e9tape \u00e0 franchir si vous voulez devenir un\nmilitant pour les droits des enfants. En effet, pensez \u00e0 ce pour quoi vous\nvoulez vous battre, \u00e9tudiez les droits que vous consid\u00e9rez comme viol\u00e9s et\ncontactez une organisation qui peut vous aider \u00e0 construire une communaut\u00e9 de\npersonnes aux vues similaires pour finalement gagner en visibilit\u00e9. <\/p>\n\n\n\n<p class=\"wp-block-paragraph\">Ensemble nous pouvons cr\u00e9er un monde meilleur pour les enfants. <\/p>\n\n\n\n<p class=\"wp-block-paragraph\"><strong><em>Ecrit par Leah Benque<\/em><\/strong><\/p>\n\n\n\n<p class=\"wp-block-paragraph\"><strong><em>Traduit par Dominique Jaensch<\/em><\/strong> <\/p>\n\n\n\n<h2 class=\"wp-block-heading\"><strong>R\u00e9f\u00e9rences\n<\/strong><\/h2>\n\n\n\n<p class=\"wp-block-paragraph\">CBS\n(29 mai 2019), \u201cGreta Thunberg, activiste pour le climat, rencontre des leaders\nmondiaux et Schwarzenegger impression\u00e9\u201d CBS News. Extrait de CBS News: https:\/\/www.cbsnews.com\/news\/greta-\nthuberg-sweden-climate-\nchange-activist-meets-world-leaders-arnold-schwarzenegger-united-nations-\nchief\/ <\/p>\n\n\n\n<p class=\"wp-block-paragraph\">Child\nRights Connect (n.d.), \u201cEnfants d\u00e9fenseurs de droits humains,\u201d Child Rights\nConnect. Extrait de Child Rights Connect What We Do: https:\/\/www.childrightsconnect.org\/children-human-rights-\ndefenders-2\/ <\/p>\n\n\n\n<p class=\"wp-block-paragraph\">Child\nRights Connect (n.d.), \u201cJourn\u00e9e de D\u00e9bat G\u00e9n\u00e9ral,\u201d Child Rights Connect.\nExtrait de Child Rights Connect What We Do: https:\/\/www.childrightsconnect.org\/day-of-general-discussion\/\n<\/p>\n\n\n\n<p class=\"wp-block-paragraph\">Child\nRights Connect (n.d.), \u201cPoints d\u2019entr\u00e9e des Nations Unies,\u201d Child Rights\nConnect. Extrait de Child Rights Connect What We Do: https:\/\/www.childrightsconnect.org\/united-nations-entry-points\/\n<\/p>\n\n\n\n<p class=\"wp-block-paragraph\">D\u00e9fense\nInternationale des Enfants (n.d.), \u201cParticipation des Enfants,\u201d D\u00e9fense\nInternationale des Enfants. Extrait de DCI Participation des Enfants: https:\/\/defenceforchildren.org\/child-participation-page\/ <\/p>\n\n\n\n<p class=\"wp-block-paragraph\">Maureen Fauconnier (16 avril 2019), \u201cLes Enfants D\u00e9fenseurs de Droits Humains: un besoin d\u2019autonomisation et de protection de nos enfants,\u201d Humanium. Extrait d&rsquo;Humanium: https:\/\/www.humanium.org\/en\/children-human-rights- defenders\/ <\/p>\n\n\n\n<p class=\"wp-block-paragraph\">Theirworld\n(n.d.), \u201cDiscours de Malala Yousafzai lors de la prise de contr\u00f4le des Nations\nUnies par les jeunes,\u201d Theirworld Un meilleur avenir pour chaque enfant.\nExtrait de Theirworld Explainers: https:\/\/theirworld.org\/explainers\/\nmalala-yousafzais-speech-at-the-youth-takeover-of-the-united-nations <\/p>\n\n\n\n<p class=\"wp-block-paragraph\">Haut-Commissariat\ndes Nations Unies aux droits de l\u2019homme (HCDH) (n.d.), \u201cJourn\u00e9e de D\u00e9bat\nG\u00e9n\u00e9ral: Prot\u00e9ger et habiliter les enfants en tant que d\u00e9fenseurs des droits\nhumains\u201d, \u201cHaut-Commissariat des Nations Unies aux droits de l\u2019homme. Extrait\ndu Comit\u00e9 des droits de l\u2019enfant du HCDH: https:\/\/www.ohchr.org\/EN\/HRBodies\/CRC\/Pages\/\nDiscussion2018.aspx <\/p>\n\n\n\n<p class=\"wp-block-paragraph\">Grand\nGroupe des Nations Unies pour l\u2019Enfance et la Jeunesse\/Children Youth\nInternational. (n.d.), \u201cEngagez vous,\u201d Grand Groupe des Nations Unies pour\nl\u2019Enfance et la Jeunesse. Extrait de MGCY ONU Engagez vous: https:\/\/ www.unmgcy.org\/getinvolved <\/p>\n\n\n\n<p class=\"wp-block-paragraph\">Grand\nGroupe des Nations Unies pour l\u2019Enfance et la Jeunesse\/Children Youth\nInternational. (n.d.), \u201cQui sommes- nous?,\u201d Grand Groupe des Nations Unies pour\nl\u2019Enfance et la Jeunesse. Extrait de A propos de MGCY ONU: https:\/\/ www.unmgcy.org\/about <\/p>\n","protected":false},"excerpt":{"rendered":"<p>Dans le sillage du 30\u00e8me anniversaire de la Convention des Nations Unies relative aux droits de l\u2019enfant (CIDE), Humanium aimerait attirer l\u2019attention sur les enfants qui se sont battus pour les droits de l\u2019homme, ceux qui ont d\u00e9fendu les droits de l\u2019enfant et ceux qui aspirent \u00e0 le faire. D\u00e9fenseur des droits de l\u2019enfant aux [&hellip;]<\/p>\n","protected":false},"author":69,"featured_media":45257,"comment_status":"closed","ping_status":"closed","sticky":false,"template":"","format":"standard","meta":{"footnotes":""},"categories":[220],"tags":[],"class_list":["post-45256","post","type-post","status-publish","format-standard","has-post-thumbnail","hentry","category-droits-des-enfants"],"yoast_head":"<!-- This site is optimized with the Yoast SEO plugin v28.3 - https:\/\/yoast.com\/product\/yoast-seo-wordpress\/ -->\n<title>Comment devenir un d\u00e9fenseur des droits de l\u2019enfant ? - Humanium<\/title>\n<meta name=\"description\" content=\"Dans le sillage du 30\u00e8me anniversaire de la Convention des Nations Unies relative aux droits de l\u2019enfant (CIDE), Humanium aimerait attirer l\u2019attention sur les enfants qui se sont battus pour les droits de l\u2019homme, ceux qui ont d\u00e9fendu les droits de l\u2019enfant et ceux qui aspirent \u00e0 le faire.\" \/>\n<meta name=\"robots\" content=\"index, follow, max-snippet:-1, max-image-preview:large, max-video-preview:-1\" \/>\n<link rel=\"canonical\" href=\"https:\/\/www.humanium.org\/fr\/comment-devenir-un-defenseur-des-droits-de-lenfant\/\" \/>\n<meta property=\"og:locale\" content=\"fr_FR\" \/>\n<meta property=\"og:type\" content=\"article\" \/>\n<meta property=\"og:title\" content=\"Comment devenir un d\u00e9fenseur des droits de l\u2019enfant ? - Humanium\" \/>\n<meta property=\"og:description\" content=\"Dans le sillage du 30\u00e8me anniversaire de la Convention des Nations Unies relative aux droits de l\u2019enfant (CIDE), Humanium aimerait attirer l\u2019attention sur les enfants qui se sont battus pour les droits de l\u2019homme, ceux qui ont d\u00e9fendu les droits de l\u2019enfant et ceux qui aspirent \u00e0 le faire.\" \/>\n<meta property=\"og:url\" content=\"https:\/\/www.humanium.org\/fr\/comment-devenir-un-defenseur-des-droits-de-lenfant\/\" \/>\n<meta property=\"og:site_name\" content=\"Humanium\" \/>\n<meta property=\"article:published_time\" content=\"2019-10-03T16:43:10+00:00\" \/>\n<meta property=\"article:modified_time\" content=\"2025-12-10T02:54:31+00:00\" \/>\n<meta property=\"og:image\" content=\"https:\/\/www.humanium.org\/fr\/wp-content\/uploads\/2019\/09\/shutterstock_230143459.jpg\" \/>\n\t<meta property=\"og:image:width\" content=\"1000\" \/>\n\t<meta property=\"og:image:height\" content=\"667\" \/>\n\t<meta property=\"og:image:type\" content=\"image\/jpeg\" \/>\n<meta name=\"author\" content=\"Humanium\" \/>\n<meta name=\"twitter:card\" content=\"summary_large_image\" \/>\n<meta name=\"twitter:label1\" content=\"\u00c9crit par\" \/>\n\t<meta name=\"twitter:data1\" content=\"Humanium\" \/>\n\t<meta name=\"twitter:label2\" content=\"Dur\u00e9e de lecture estim\u00e9e\" \/>\n\t<meta name=\"twitter:data2\" content=\"8 minutes\" \/>\n<script type=\"application\/ld+json\" class=\"yoast-schema-graph\">{\"@context\":\"https:\\\/\\\/schema.org\",\"@graph\":[{\"@type\":\"Article\",\"@id\":\"https:\\\/\\\/www.humanium.org\\\/fr\\\/comment-devenir-un-defenseur-des-droits-de-lenfant\\\/#article\",\"isPartOf\":{\"@id\":\"https:\\\/\\\/www.humanium.org\\\/fr\\\/comment-devenir-un-defenseur-des-droits-de-lenfant\\\/\"},\"author\":{\"name\":\"Humanium\",\"@id\":\"https:\\\/\\\/www.humanium.org\\\/fr\\\/#\\\/schema\\\/person\\\/d798d6c7d59ba2307e0877f61a20ce3e\"},\"headline\":\"Comment devenir un d\u00e9fenseur des droits de l\u2019enfant ?\",\"datePublished\":\"2019-10-03T16:43:10+00:00\",\"dateModified\":\"2025-12-10T02:54:31+00:00\",\"mainEntityOfPage\":{\"@id\":\"https:\\\/\\\/www.humanium.org\\\/fr\\\/comment-devenir-un-defenseur-des-droits-de-lenfant\\\/\"},\"wordCount\":1870,\"image\":{\"@id\":\"https:\\\/\\\/www.humanium.org\\\/fr\\\/comment-devenir-un-defenseur-des-droits-de-lenfant\\\/#primaryimage\"},\"thumbnailUrl\":\"https:\\\/\\\/www.humanium.org\\\/fr\\\/wp-content\\\/uploads\\\/2019\\\/09\\\/shutterstock_230143459.jpg\",\"articleSection\":[\"Droits des enfants\"],\"inLanguage\":\"fr-FR\"},{\"@type\":\"WebPage\",\"@id\":\"https:\\\/\\\/www.humanium.org\\\/fr\\\/comment-devenir-un-defenseur-des-droits-de-lenfant\\\/\",\"url\":\"https:\\\/\\\/www.humanium.org\\\/fr\\\/comment-devenir-un-defenseur-des-droits-de-lenfant\\\/\",\"name\":\"Comment devenir un d\u00e9fenseur des droits de l\u2019enfant ? - Humanium\",\"isPartOf\":{\"@id\":\"https:\\\/\\\/www.humanium.org\\\/fr\\\/#website\"},\"primaryImageOfPage\":{\"@id\":\"https:\\\/\\\/www.humanium.org\\\/fr\\\/comment-devenir-un-defenseur-des-droits-de-lenfant\\\/#primaryimage\"},\"image\":{\"@id\":\"https:\\\/\\\/www.humanium.org\\\/fr\\\/comment-devenir-un-defenseur-des-droits-de-lenfant\\\/#primaryimage\"},\"thumbnailUrl\":\"https:\\\/\\\/www.humanium.org\\\/fr\\\/wp-content\\\/uploads\\\/2019\\\/09\\\/shutterstock_230143459.jpg\",\"datePublished\":\"2019-10-03T16:43:10+00:00\",\"dateModified\":\"2025-12-10T02:54:31+00:00\",\"author\":{\"@id\":\"https:\\\/\\\/www.humanium.org\\\/fr\\\/#\\\/schema\\\/person\\\/d798d6c7d59ba2307e0877f61a20ce3e\"},\"description\":\"Dans le sillage du 30\u00e8me anniversaire de la Convention des Nations Unies relative aux droits de l\u2019enfant (CIDE), Humanium aimerait attirer l\u2019attention sur les enfants qui se sont battus pour les droits de l\u2019homme, ceux qui ont d\u00e9fendu les droits de l\u2019enfant et ceux qui aspirent \u00e0 le faire.\",\"breadcrumb\":{\"@id\":\"https:\\\/\\\/www.humanium.org\\\/fr\\\/comment-devenir-un-defenseur-des-droits-de-lenfant\\\/#breadcrumb\"},\"inLanguage\":\"fr-FR\",\"potentialAction\":[{\"@type\":\"ReadAction\",\"target\":[\"https:\\\/\\\/www.humanium.org\\\/fr\\\/comment-devenir-un-defenseur-des-droits-de-lenfant\\\/\"]}]},{\"@type\":\"ImageObject\",\"inLanguage\":\"fr-FR\",\"@id\":\"https:\\\/\\\/www.humanium.org\\\/fr\\\/comment-devenir-un-defenseur-des-droits-de-lenfant\\\/#primaryimage\",\"url\":\"https:\\\/\\\/www.humanium.org\\\/fr\\\/wp-content\\\/uploads\\\/2019\\\/09\\\/shutterstock_230143459.jpg\",\"contentUrl\":\"https:\\\/\\\/www.humanium.org\\\/fr\\\/wp-content\\\/uploads\\\/2019\\\/09\\\/shutterstock_230143459.jpg\",\"width\":1000,\"height\":667},{\"@type\":\"BreadcrumbList\",\"@id\":\"https:\\\/\\\/www.humanium.org\\\/fr\\\/comment-devenir-un-defenseur-des-droits-de-lenfant\\\/#breadcrumb\",\"itemListElement\":[{\"@type\":\"ListItem\",\"position\":1,\"name\":\"Home\",\"item\":\"https:\\\/\\\/www.humanium.org\\\/fr\\\/\"},{\"@type\":\"ListItem\",\"position\":2,\"name\":\"Comment devenir un d\u00e9fenseur des droits de l\u2019enfant ?\"}]},{\"@type\":\"WebSite\",\"@id\":\"https:\\\/\\\/www.humanium.org\\\/fr\\\/#website\",\"url\":\"https:\\\/\\\/www.humanium.org\\\/fr\\\/\",\"name\":\"Humanium\",\"description\":\"Les enfants d\u2019abord !\",\"potentialAction\":[{\"@type\":\"SearchAction\",\"target\":{\"@type\":\"EntryPoint\",\"urlTemplate\":\"https:\\\/\\\/www.humanium.org\\\/fr\\\/?s={search_term_string}\"},\"query-input\":{\"@type\":\"PropertyValueSpecification\",\"valueRequired\":true,\"valueName\":\"search_term_string\"}}],\"inLanguage\":\"fr-FR\"},{\"@type\":\"Person\",\"@id\":\"https:\\\/\\\/www.humanium.org\\\/fr\\\/#\\\/schema\\\/person\\\/d798d6c7d59ba2307e0877f61a20ce3e\",\"name\":\"Humanium\",\"image\":{\"@type\":\"ImageObject\",\"inLanguage\":\"fr-FR\",\"@id\":\"https:\\\/\\\/secure.gravatar.com\\\/avatar\\\/22715e338d2fcc547e3a431c4738360d33fea2a4af458f865b2c3b22f1eaa51f?s=96&d=mm&r=g\",\"url\":\"https:\\\/\\\/secure.gravatar.com\\\/avatar\\\/22715e338d2fcc547e3a431c4738360d33fea2a4af458f865b2c3b22f1eaa51f?s=96&d=mm&r=g\",\"contentUrl\":\"https:\\\/\\\/secure.gravatar.com\\\/avatar\\\/22715e338d2fcc547e3a431c4738360d33fea2a4af458f865b2c3b22f1eaa51f?s=96&d=mm&r=g\",\"caption\":\"Humanium\"},\"url\":\"https:\\\/\\\/www.humanium.org\\\/fr\\\/author\\\/humanium\\\/\"}]}<\/script>\n<!-- \/ Yoast SEO plugin. -->","yoast_head_json":{"title":"Comment devenir un d\u00e9fenseur des droits de l\u2019enfant ? - Humanium","description":"Dans le sillage du 30\u00e8me anniversaire de la Convention des Nations Unies relative aux droits de l\u2019enfant (CIDE), Humanium aimerait attirer l\u2019attention sur les enfants qui se sont battus pour les droits de l\u2019homme, ceux qui ont d\u00e9fendu les droits de l\u2019enfant et ceux qui aspirent \u00e0 le faire.","robots":{"index":"index","follow":"follow","max-snippet":"max-snippet:-1","max-image-preview":"max-image-preview:large","max-video-preview":"max-video-preview:-1"},"canonical":"https:\/\/www.humanium.org\/fr\/comment-devenir-un-defenseur-des-droits-de-lenfant\/","og_locale":"fr_FR","og_type":"article","og_title":"Comment devenir un d\u00e9fenseur des droits de l\u2019enfant ? - Humanium","og_description":"Dans le sillage du 30\u00e8me anniversaire de la Convention des Nations Unies relative aux droits de l\u2019enfant (CIDE), Humanium aimerait attirer l\u2019attention sur les enfants qui se sont battus pour les droits de l\u2019homme, ceux qui ont d\u00e9fendu les droits de l\u2019enfant et ceux qui aspirent \u00e0 le faire.","og_url":"https:\/\/www.humanium.org\/fr\/comment-devenir-un-defenseur-des-droits-de-lenfant\/","og_site_name":"Humanium","article_published_time":"2019-10-03T16:43:10+00:00","article_modified_time":"2025-12-10T02:54:31+00:00","og_image":[{"width":1000,"height":667,"url":"https:\/\/www.humanium.org\/fr\/wp-content\/uploads\/2019\/09\/shutterstock_230143459.jpg","type":"image\/jpeg"}],"author":"Humanium","twitter_card":"summary_large_image","twitter_misc":{"\u00c9crit par":"Humanium","Dur\u00e9e de lecture estim\u00e9e":"8 minutes"},"schema":{"@context":"https:\/\/schema.org","@graph":[{"@type":"Article","@id":"https:\/\/www.humanium.org\/fr\/comment-devenir-un-defenseur-des-droits-de-lenfant\/#article","isPartOf":{"@id":"https:\/\/www.humanium.org\/fr\/comment-devenir-un-defenseur-des-droits-de-lenfant\/"},"author":{"name":"Humanium","@id":"https:\/\/www.humanium.org\/fr\/#\/schema\/person\/d798d6c7d59ba2307e0877f61a20ce3e"},"headline":"Comment devenir un d\u00e9fenseur des droits de l\u2019enfant ?","datePublished":"2019-10-03T16:43:10+00:00","dateModified":"2025-12-10T02:54:31+00:00","mainEntityOfPage":{"@id":"https:\/\/www.humanium.org\/fr\/comment-devenir-un-defenseur-des-droits-de-lenfant\/"},"wordCount":1870,"image":{"@id":"https:\/\/www.humanium.org\/fr\/comment-devenir-un-defenseur-des-droits-de-lenfant\/#primaryimage"},"thumbnailUrl":"https:\/\/www.humanium.org\/fr\/wp-content\/uploads\/2019\/09\/shutterstock_230143459.jpg","articleSection":["Droits des enfants"],"inLanguage":"fr-FR"},{"@type":"WebPage","@id":"https:\/\/www.humanium.org\/fr\/comment-devenir-un-defenseur-des-droits-de-lenfant\/","url":"https:\/\/www.humanium.org\/fr\/comment-devenir-un-defenseur-des-droits-de-lenfant\/","name":"Comment devenir un d\u00e9fenseur des droits de l\u2019enfant ? - Humanium","isPartOf":{"@id":"https:\/\/www.humanium.org\/fr\/#website"},"primaryImageOfPage":{"@id":"https:\/\/www.humanium.org\/fr\/comment-devenir-un-defenseur-des-droits-de-lenfant\/#primaryimage"},"image":{"@id":"https:\/\/www.humanium.org\/fr\/comment-devenir-un-defenseur-des-droits-de-lenfant\/#primaryimage"},"thumbnailUrl":"https:\/\/www.humanium.org\/fr\/wp-content\/uploads\/2019\/09\/shutterstock_230143459.jpg","datePublished":"2019-10-03T16:43:10+00:00","dateModified":"2025-12-10T02:54:31+00:00","author":{"@id":"https:\/\/www.humanium.org\/fr\/#\/schema\/person\/d798d6c7d59ba2307e0877f61a20ce3e"},"description":"Dans le sillage du 30\u00e8me anniversaire de la Convention des Nations Unies relative aux droits de l\u2019enfant (CIDE), Humanium aimerait attirer l\u2019attention sur les enfants qui se sont battus pour les droits de l\u2019homme, ceux qui ont d\u00e9fendu les droits de l\u2019enfant et ceux qui aspirent \u00e0 le faire.","breadcrumb":{"@id":"https:\/\/www.humanium.org\/fr\/comment-devenir-un-defenseur-des-droits-de-lenfant\/#breadcrumb"},"inLanguage":"fr-FR","potentialAction":[{"@type":"ReadAction","target":["https:\/\/www.humanium.org\/fr\/comment-devenir-un-defenseur-des-droits-de-lenfant\/"]}]},{"@type":"ImageObject","inLanguage":"fr-FR","@id":"https:\/\/www.humanium.org\/fr\/comment-devenir-un-defenseur-des-droits-de-lenfant\/#primaryimage","url":"https:\/\/www.humanium.org\/fr\/wp-content\/uploads\/2019\/09\/shutterstock_230143459.jpg","contentUrl":"https:\/\/www.humanium.org\/fr\/wp-content\/uploads\/2019\/09\/shutterstock_230143459.jpg","width":1000,"height":667},{"@type":"BreadcrumbList","@id":"https:\/\/www.humanium.org\/fr\/comment-devenir-un-defenseur-des-droits-de-lenfant\/#breadcrumb","itemListElement":[{"@type":"ListItem","position":1,"name":"Home","item":"https:\/\/www.humanium.org\/fr\/"},{"@type":"ListItem","position":2,"name":"Comment devenir un d\u00e9fenseur des droits de l\u2019enfant ?"}]},{"@type":"WebSite","@id":"https:\/\/www.humanium.org\/fr\/#website","url":"https:\/\/www.humanium.org\/fr\/","name":"Humanium","description":"Les enfants d\u2019abord !","potentialAction":[{"@type":"SearchAction","target":{"@type":"EntryPoint","urlTemplate":"https:\/\/www.humanium.org\/fr\/?s={search_term_string}"},"query-input":{"@type":"PropertyValueSpecification","valueRequired":true,"valueName":"search_term_string"}}],"inLanguage":"fr-FR"},{"@type":"Person","@id":"https:\/\/www.humanium.org\/fr\/#\/schema\/person\/d798d6c7d59ba2307e0877f61a20ce3e","name":"Humanium","image":{"@type":"ImageObject","inLanguage":"fr-FR","@id":"https:\/\/secure.gravatar.com\/avatar\/22715e338d2fcc547e3a431c4738360d33fea2a4af458f865b2c3b22f1eaa51f?s=96&d=mm&r=g","url":"https:\/\/secure.gravatar.com\/avatar\/22715e338d2fcc547e3a431c4738360d33fea2a4af458f865b2c3b22f1eaa51f?s=96&d=mm&r=g","contentUrl":"https:\/\/secure.gravatar.com\/avatar\/22715e338d2fcc547e3a431c4738360d33fea2a4af458f865b2c3b22f1eaa51f?s=96&d=mm&r=g","caption":"Humanium"},"url":"https:\/\/www.humanium.org\/fr\/author\/humanium\/"}]}},"_links":{"self":[{"href":"https:\/\/www.humanium.org\/fr\/wp-json\/wp\/v2\/posts\/45256","targetHints":{"allow":["GET"]}}],"collection":[{"href":"https:\/\/www.humanium.org\/fr\/wp-json\/wp\/v2\/posts"}],"about":[{"href":"https:\/\/www.humanium.org\/fr\/wp-json\/wp\/v2\/types\/post"}],"author":[{"embeddable":true,"href":"https:\/\/www.humanium.org\/fr\/wp-json\/wp\/v2\/users\/69"}],"replies":[{"embeddable":true,"href":"https:\/\/www.humanium.org\/fr\/wp-json\/wp\/v2\/comments?post=45256"}],"version-history":[{"count":8,"href":"https:\/\/www.humanium.org\/fr\/wp-json\/wp\/v2\/posts\/45256\/revisions"}],"predecessor-version":[{"id":61326,"href":"https:\/\/www.humanium.org\/fr\/wp-json\/wp\/v2\/posts\/45256\/revisions\/61326"}],"wp:featuredmedia":[{"embeddable":true,"href":"https:\/\/www.humanium.org\/fr\/wp-json\/wp\/v2\/media\/45257"}],"wp:attachment":[{"href":"https:\/\/www.humanium.org\/fr\/wp-json\/wp\/v2\/media?parent=45256"}],"wp:term":[{"taxonomy":"category","embeddable":true,"href":"https:\/\/www.humanium.org\/fr\/wp-json\/wp\/v2\/categories?post=45256"},{"taxonomy":"post_tag","embeddable":true,"href":"https:\/\/www.humanium.org\/fr\/wp-json\/wp\/v2\/tags?post=45256"}],"curies":[{"name":"wp","href":"https:\/\/api.w.org\/{rel}","templated":true}]}}