{"id":45266,"date":"2019-09-30T19:24:35","date_gmt":"2019-09-30T19:24:35","guid":{"rendered":"https:\/\/www.humanium.org\/fr\/?p=45266"},"modified":"2025-12-10T02:54:30","modified_gmt":"2025-12-10T02:54:30","slug":"2-octobre-journee-internationale-le-pouvoir-de-la-non-violence","status":"publish","type":"post","link":"https:\/\/www.humanium.org\/fr\/2-octobre-journee-internationale-le-pouvoir-de-la-non-violence\/","title":{"rendered":"2 octobre, Journ\u00e9e internationale : le pouvoir de la non-violence !"},"content":{"rendered":"\n<blockquote class=\"wp-block-quote is-layout-flow wp-block-quote-is-layout-flow\"><p><em><strong>\u00ab\u00a0La non-violence est la r\u00e9ponse aux questions politiques et morales cruciales de notre temps\u00a0\u00bb.<\/strong><\/em><\/p><cite> &nbsp;(Martin Luther King Jr., 10 D\u00e9cembre 1964) <\/cite><\/blockquote>\n\n\n\n<p class=\"wp-block-paragraph\">Cette citation\nt\u00e9moigne de l\u2019engagement de Martin Luther King en faveur de la non-violence. Sa\nposition est strictement li\u00e9e aux id\u00e9es et aux principes de Gandhi par lesquels\nil a obtenu des changements sociaux pour promouvoir les droits civils et lutter\ncontre l&rsquo;in\u00e9galit\u00e9 raciale. Les principes gandhiens de non-violence continuent\nd&rsquo;influencer les protestations contemporaines contre les conflits, l&rsquo;in\u00e9galit\u00e9,\nl&rsquo;injustice, le changement climatique et plus encore. Humanium oeuvre\nquotidiennement pour une paix durable et pour les droits des enfants, cela\ninclut notamment des s\u00e9minaires sur la non-violence. <\/p>\n\n\n\n<p class=\"wp-block-paragraph\"><strong>Afin de rappeler l&rsquo;importance de la non-violence et de diffuser son message, notamment par l&rsquo;\u00e9ducation et la sensibilisation du public, l&rsquo;Assembl\u00e9e g\u00e9n\u00e9rale des Nations Unies a vot\u00e9 pour faire du 2 octobre, date de l&rsquo;anniversaire de Gandhi, la Journ\u00e9e internationale de la non-violence (Assembl\u00e9e G\u00e9n\u00e9rale de l&rsquo;ONU, 2007). Humanium s&rsquo;engage \u00e0 c\u00e9l\u00e9brer cette journ\u00e9e et \u00e0 rappeler le pouvoir de la non-violence \u00e0 travers les Droits de l\u2019Homme et au-del\u00e0. <\/strong><\/p>\n\n\n\n<figure class=\"wp-block-image\"><img loading=\"lazy\" decoding=\"async\" width=\"1000\" height=\"587\" src=\"https:\/\/www.humanium.org\/fr\/wp-content\/uploads\/2019\/09\/shutterstock_1042107793.jpg\" alt=\"\" class=\"wp-image-45268\" srcset=\"https:\/\/www.humanium.org\/fr\/wp-content\/uploads\/2019\/09\/shutterstock_1042107793.jpg 1000w, https:\/\/www.humanium.org\/fr\/wp-content\/uploads\/2019\/09\/shutterstock_1042107793-300x176.jpg 300w, https:\/\/www.humanium.org\/fr\/wp-content\/uploads\/2019\/09\/shutterstock_1042107793-768x451.jpg 768w, https:\/\/www.humanium.org\/fr\/wp-content\/uploads\/2019\/09\/shutterstock_1042107793-830x487.jpg 830w, https:\/\/www.humanium.org\/fr\/wp-content\/uploads\/2019\/09\/shutterstock_1042107793-230x135.jpg 230w, https:\/\/www.humanium.org\/fr\/wp-content\/uploads\/2019\/09\/shutterstock_1042107793-350x205.jpg 350w, https:\/\/www.humanium.org\/fr\/wp-content\/uploads\/2019\/09\/shutterstock_1042107793-480x282.jpg 480w\" sizes=\"auto, (max-width: 1000px) 100vw, 1000px\" \/><figcaption>New Delhi, India &#8211; 10 Octobre, 2016: statues repr\u00e9sentant le mouvement non-violent \u201c la Marche du sel \u201c en 1930, avec la pr\u00e9sence de Mahatma Gandhi en t\u00eate de file.<\/figcaption><\/figure>\n\n\n\n<h2 class=\"wp-block-heading\" style=\"text-align:left\">La non-violence, une force historique en faveur des droits civils<\/h2>\n\n\n\n<p class=\"wp-block-paragraph\">La non-violence est\nun concept qui prend ses racines dans des religions telles que le ja\u00efnisme, le\nbouddhisme, l&rsquo;hindouisme, le christianisme et qui pourrait \u00eatre d\u00e9fini comme un\nmoyen philosophique et strat\u00e9gique d&rsquo;actions et d&rsquo;id\u00e9es pour r\u00e9aliser un\nchangement social et\/ou politique avec les rejets de violence. <\/p>\n\n\n\n<p class=\"wp-block-paragraph\">L&rsquo;histoire\ncontemporaine a montr\u00e9 combien la non-violence est un outil puissant pour\naccomplir des changements, par exemple les mouvements de r\u00e9sistance\nnon-violente contre la domination imp\u00e9riale britannique en <a href=\"https:\/\/www.humanium.org\/fr\/inde\/\">Inde<\/a>\n(comme la \u00a0\u00bb Marche du sel \u00a0\u00bb du 12 mars 1930), dirig\u00e9e en particulier\npar le leader spirituel et politique Mohandas Karamchand Gandhi (commun\u00e9ment\nappel\u00e9 Mahatma Gandhi) qui ont conduit \u00e0 l&rsquo;ind\u00e9pendance du pays ; mais aussi la\nlutte contre l&rsquo;in\u00e9galit\u00e9 raciale et la d\u00e9fense des droits civils et \u00e9conomiques\ncomme les id\u00e9es et les positions politiques de Martin Luther King (comme la\n\u00ab\u00a0Marche sur Washington pour l&#8217;emploi et la libert\u00e9\u00a0\u00bb le 28 ao\u00fbt 1963).&nbsp; <\/p>\n\n\n\n<p class=\"wp-block-paragraph\">Ces dirigeants de mouvements non-violents, ont influenc\u00e9 plusieurs manifestations et r\u00e9volutions par la suite telles que le slogan \u00ab\u00a0flower plower\u00a0\u00bb utilis\u00e9 \u00e0 la fin des ann\u00e9es 1960 dans les mouvements d&rsquo;opposition \u00e0 la guerre du <a href=\"https:\/\/www.humanium.org\/fr\/vietnam\/\">Vietnam<\/a> ; la \u00ab\u00a0People power revolution\u00a0\u00bb aux <a href=\"https:\/\/www.humanium.org\/fr\/philippines\/\">Philippines <\/a>en f\u00e9vrier 1986 ; la \u00ab\u00a0Velvet Revolution\u00a0\u00bb en ancienne Tch\u00e9coslovaquie, et plus r\u00e9cemment le printemps arabe en 2011. <\/p>\n\n\n\n<p class=\"wp-block-paragraph\">Il est clair que la\nnon-violence a permis de grands changements dans le pass\u00e9 et ces changements\nsont encore pr\u00e9sents \u00e0 l&rsquo;esprit aujourd&rsquo;hui, pour encourager les personnes\nconfront\u00e9es \u00e0 l&rsquo;oppression. <\/p>\n\n\n\n<figure class=\"wp-block-image\"><img loading=\"lazy\" decoding=\"async\" width=\"1000\" height=\"667\" src=\"https:\/\/www.humanium.org\/fr\/wp-content\/uploads\/2019\/09\/shutterstock_226865713.jpg\" alt=\"\" class=\"wp-image-45269\" srcset=\"https:\/\/www.humanium.org\/fr\/wp-content\/uploads\/2019\/09\/shutterstock_226865713.jpg 1000w, https:\/\/www.humanium.org\/fr\/wp-content\/uploads\/2019\/09\/shutterstock_226865713-300x200.jpg 300w, https:\/\/www.humanium.org\/fr\/wp-content\/uploads\/2019\/09\/shutterstock_226865713-768x512.jpg 768w, https:\/\/www.humanium.org\/fr\/wp-content\/uploads\/2019\/09\/shutterstock_226865713-830x554.jpg 830w, https:\/\/www.humanium.org\/fr\/wp-content\/uploads\/2019\/09\/shutterstock_226865713-230x153.jpg 230w, https:\/\/www.humanium.org\/fr\/wp-content\/uploads\/2019\/09\/shutterstock_226865713-350x233.jpg 350w, https:\/\/www.humanium.org\/fr\/wp-content\/uploads\/2019\/09\/shutterstock_226865713-480x320.jpg 480w, https:\/\/www.humanium.org\/fr\/wp-content\/uploads\/2019\/09\/shutterstock_226865713-272x182.jpg 272w\" sizes=\"auto, (max-width: 1000px) 100vw, 1000px\" \/><figcaption>HONG KONG: La \u201cr\u00e9volution des parapluies\u201d \u00e0 Admiralty le 24 Octobre 2014<\/figcaption><\/figure>\n\n\n\n<h2 class=\"wp-block-heading\">La c\u00e9l\u00e9bration de la non-violence, un soutien\nimportant face \u00e0 l\u2019oppression <\/h2>\n\n\n\n<p class=\"wp-block-paragraph\">La journ\u00e9e\ninternationale de la non-violence est essentielle pour rappeler ce que les\npeuples opprim\u00e9s ont accompli dans le pass\u00e9, mais c&rsquo;est aussi un soutien solide\npour les peuples opprim\u00e9s, aujourd&rsquo;hui encore, qui d\u00e9fendent leurs droits et\nlibert\u00e9s. <\/p>\n\n\n\n<p class=\"wp-block-paragraph\">Comme on le voit \u00e0\nHong Kong, le mouvement de protestation massif de 2014, baptis\u00e9 \u00a0\u00bb\nr\u00e9volution des parapluies \u00ab\u00a0, \u00e9tait bas\u00e9 sur des principes de non-violence\npour agir contre la r\u00e9pression polici\u00e8re, notamment pour se d\u00e9fendre avec des\nparapluies contre l&rsquo;utilisation du gaz poivre par la police. Ces parapluies\nsont devenus un symbole sur les manifestations qui ont toujours lieu \u00e0 Hong\nKong, comme l\u2019utilisation de casques de chantiers. L&rsquo;utilisation de ces\nsymboles et les r\u00e9unions de protestation font partie des \u00ab\u00a0198 m\u00e9thodes\nd&rsquo;action non-violente\u00a0\u00bb, \u00e9tudi\u00e9es et catalogu\u00e9es par Gene Sharp (un\npolitologue am\u00e9ricain) dans son ouvrage fondateur \u00ab\u00a0The Politics of\nnonviolent action\u00a0\u00bb. (\u00ab\u00a0The Politics of nonviolent action\u00a0\u00bb, 1973)<\/p>\n\n\n\n<p class=\"wp-block-paragraph\">Aujourd\u2019hui, les principes de non-violence sont au centre de la majeure partie des manifestations contemporaines. Par le biais de la d\u00e9fense des Droits de l&rsquo;Homme et d&rsquo;actions locales, Humanium agit chaque jour afin de garantir le respect des droits de l&rsquo;enfant. En outre, les peuples \u00e0 travers le monde sont en train de devenir la source de changements gr\u00e2ce aux m\u00e9thodes de non-violence, comme la r\u00e9sistance passive, les discours et les r\u00e9unions pacifistes, et la d\u00e9sob\u00e9issance civile. En l\u2019occurrence, la non-violence n\u2019a jamais \u00e9t\u00e9 aussi plus important qu\u2019\u00e0 notre \u00e9poque, pour nous tous, avec les changements que l\u2019on subit et qui sont \u00e0 venir, tel que le r\u00e9chauffement climatique, l\u2019\u00e9puisement des ressources naturelles, et les flux de migrations qui s\u2019en suivent. <\/p>\n\n\n\n<blockquote class=\"wp-block-quote is-layout-flow wp-block-quote-is-layout-flow\"><p><strong>Anecdote : la Marche du sel : un exemple de d\u00e9sob\u00e9issance civile non-violente men\u00e9e par Gandhi  <\/strong><\/p><p>Dans l&rsquo;Inde coloniale, \u00e0 partir du 12 mars 1930, Gandhi commen\u00e7a une longue marche (384 kilom\u00e8tres) jusqu&rsquo;\u00e0 la c\u00f4te de l&rsquo;oc\u00e9an Indien, rejoint par d\u2019autres indiens en chemin, afin de faire du sel par \u00e9vaporation. \u00c0 l&rsquo;\u00e9poque, une loi imp\u00e9riale britannique imposait une taxation du sel pour tous les consommateurs indiens, m\u00eame les plus pauvres, et leur interdisait de produire du sel. Au fur et \u00e0 mesure qu\u2019un grand nombre d\u2019indiens rejoignaient la Marche , et apr\u00e8s l&rsquo;arrestation puis la lib\u00e9ration de Gandhi, les dirigeants britanniques ont \u00e9t\u00e9 forc\u00e9s de s&rsquo;asseoir \u00e0 la table de discussion. Cet \u00e9v\u00e9nement a eu une influence dans le monde entier (y compris pour Martin Luther King Jr.) et a donn\u00e9 force et espoir au mouvement ind\u00e9pendantiste indien.  <\/p><\/blockquote>\n\n\n\n<p class=\"wp-block-paragraph\"><strong><em>Ecrit par Eddy Malouli<\/em><\/strong><\/p>\n\n\n\n<h2 class=\"wp-block-heading\">Bibliographie<\/h2>\n\n\n\n<p class=\"wp-block-paragraph\">Assembl\u00e9e G\u00e9n\u00e9rale de l&rsquo;ONU. (2007, Juin 15). <em>L&rsquo;ONU proclame le 2 octobre, anniversaire de\nGandhi, Journ\u00e9e internationale de la non-violence<\/em>. R\u00e9cup\u00e9r\u00e9 sur UN News, le\n12 septembre 2019:\nhttps:\/\/news.un.org\/en\/story\/2007\/06\/222502-un-declares-2-october-gandhis-birthday-international-day-non-violence<\/p>\n\n\n\n<p class=\"wp-block-paragraph\">Gene Sharp. (1973). <em>\u00ab\u00a0The Politics of nonviolent action\u00a0\u00bb.<\/em> R\u00e9cup\u00e9r\u00e9 sur\naeinstein.org, le 12 septembre 2019 :\nhttps:\/\/www.aeinstein.org\/nonviolentaction\/198-methods-of-nonviolent-action\/<\/p>\n\n\n\n<p class=\"wp-block-paragraph\">Martin Luther King Jr. (10\nD\u00e9cembre 1964). <em>Discours d&rsquo;acceptation, \u00e0\nl&rsquo;occasion de la remise du prix Nobel de la paix \u00e0 Oslo<\/em>. R\u00e9cup\u00e9r\u00e9 sur Nobel\nPrize.org le 12 septembre 2019 :\nhttps:\/\/www.nobelprize.org\/prizes\/peace\/1964\/king\/26142-martin-luther-king-jr-acceptance-speech-1964\/<\/p>\n","protected":false},"excerpt":{"rendered":"<p>\u00ab\u00a0La non-violence est la r\u00e9ponse aux questions politiques et morales cruciales de notre temps\u00a0\u00bb. &nbsp;(Martin Luther King Jr., 10 D\u00e9cembre 1964) Cette citation t\u00e9moigne de l\u2019engagement de Martin Luther King en faveur de la non-violence. Sa position est strictement li\u00e9e aux id\u00e9es et aux principes de Gandhi par lesquels il a obtenu des changements sociaux [&hellip;]<\/p>\n","protected":false},"author":69,"featured_media":45270,"comment_status":"closed","ping_status":"closed","sticky":false,"template":"","format":"standard","meta":{"footnotes":""},"categories":[220,5,9,214],"tags":[],"class_list":["post-45266","post","type-post","status-publish","format-standard","has-post-thumbnail","hentry","category-droits-des-enfants","category-education","category-paix","category-violence"],"yoast_head":"<!-- This site is optimized with the Yoast SEO plugin v28.3 - https:\/\/yoast.com\/product\/yoast-seo-wordpress\/ -->\n<title>2 octobre, Journ\u00e9e internationale : le pouvoir de la non-violence ! - Humanium<\/title>\n<meta name=\"description\" content=\"Afin de rappeler l&#039;importance de la non-violence et de diffuser son message, notamment par l&#039;\u00e9ducation et la sensibilisation du public, l&#039;Assembl\u00e9e g\u00e9n\u00e9rale des Nations Unies a vot\u00e9 pour faire du 2 octobre, date de l&#039;anniversaire de Gandhi, la Journ\u00e9e internationale de la non-violence (Assembl\u00e9e G\u00e9n\u00e9rale de l&#039;ONU, 2007). Humanium s&#039;engage \u00e0 c\u00e9l\u00e9brer cette journ\u00e9e et \u00e0 rappeler le pouvoir de la non-violence \u00e0 travers les Droits de l\u2019Homme et au-del\u00e0.\" \/>\n<meta name=\"robots\" content=\"index, follow, max-snippet:-1, max-image-preview:large, max-video-preview:-1\" \/>\n<link rel=\"canonical\" href=\"https:\/\/www.humanium.org\/fr\/2-octobre-journee-internationale-le-pouvoir-de-la-non-violence\/\" \/>\n<meta property=\"og:locale\" content=\"fr_FR\" \/>\n<meta property=\"og:type\" content=\"article\" \/>\n<meta property=\"og:title\" content=\"2 octobre, Journ\u00e9e internationale : le pouvoir de la non-violence ! - Humanium\" \/>\n<meta property=\"og:description\" content=\"Afin de rappeler l&#039;importance de la non-violence et de diffuser son message, notamment par l&#039;\u00e9ducation et la sensibilisation du public, l&#039;Assembl\u00e9e g\u00e9n\u00e9rale des Nations Unies a vot\u00e9 pour faire du 2 octobre, date de l&#039;anniversaire de Gandhi, la Journ\u00e9e internationale de la non-violence (Assembl\u00e9e G\u00e9n\u00e9rale de l&#039;ONU, 2007). Humanium s&#039;engage \u00e0 c\u00e9l\u00e9brer cette journ\u00e9e et \u00e0 rappeler le pouvoir de la non-violence \u00e0 travers les Droits de l\u2019Homme et au-del\u00e0.\" \/>\n<meta property=\"og:url\" content=\"https:\/\/www.humanium.org\/fr\/2-octobre-journee-internationale-le-pouvoir-de-la-non-violence\/\" \/>\n<meta property=\"og:site_name\" content=\"Humanium\" \/>\n<meta property=\"article:published_time\" content=\"2019-09-30T19:24:35+00:00\" \/>\n<meta property=\"article:modified_time\" content=\"2025-12-10T02:54:30+00:00\" \/>\n<meta property=\"og:image\" content=\"https:\/\/www.humanium.org\/fr\/wp-content\/uploads\/2019\/09\/shutterstock_1020973291.jpg\" \/>\n\t<meta property=\"og:image:width\" content=\"1000\" \/>\n\t<meta property=\"og:image:height\" content=\"667\" \/>\n\t<meta property=\"og:image:type\" content=\"image\/jpeg\" \/>\n<meta name=\"author\" content=\"Humanium\" \/>\n<meta name=\"twitter:card\" content=\"summary_large_image\" \/>\n<meta name=\"twitter:label1\" content=\"\u00c9crit par\" \/>\n\t<meta name=\"twitter:data1\" content=\"Humanium\" \/>\n\t<meta name=\"twitter:label2\" content=\"Dur\u00e9e de lecture estim\u00e9e\" \/>\n\t<meta name=\"twitter:data2\" content=\"5 minutes\" \/>\n<script type=\"application\/ld+json\" class=\"yoast-schema-graph\">{\"@context\":\"https:\\\/\\\/schema.org\",\"@graph\":[{\"@type\":\"Article\",\"@id\":\"https:\\\/\\\/www.humanium.org\\\/fr\\\/2-octobre-journee-internationale-le-pouvoir-de-la-non-violence\\\/#article\",\"isPartOf\":{\"@id\":\"https:\\\/\\\/www.humanium.org\\\/fr\\\/2-octobre-journee-internationale-le-pouvoir-de-la-non-violence\\\/\"},\"author\":{\"name\":\"Humanium\",\"@id\":\"https:\\\/\\\/www.humanium.org\\\/fr\\\/#\\\/schema\\\/person\\\/d798d6c7d59ba2307e0877f61a20ce3e\"},\"headline\":\"2 octobre, Journ\u00e9e internationale : le pouvoir de la non-violence !\",\"datePublished\":\"2019-09-30T19:24:35+00:00\",\"dateModified\":\"2025-12-10T02:54:30+00:00\",\"mainEntityOfPage\":{\"@id\":\"https:\\\/\\\/www.humanium.org\\\/fr\\\/2-octobre-journee-internationale-le-pouvoir-de-la-non-violence\\\/\"},\"wordCount\":1045,\"image\":{\"@id\":\"https:\\\/\\\/www.humanium.org\\\/fr\\\/2-octobre-journee-internationale-le-pouvoir-de-la-non-violence\\\/#primaryimage\"},\"thumbnailUrl\":\"https:\\\/\\\/www.humanium.org\\\/fr\\\/wp-content\\\/uploads\\\/2019\\\/09\\\/shutterstock_1020973291.jpg\",\"articleSection\":[\"Droits des enfants\",\"Education\",\"Paix\",\"violence\"],\"inLanguage\":\"fr-FR\"},{\"@type\":\"WebPage\",\"@id\":\"https:\\\/\\\/www.humanium.org\\\/fr\\\/2-octobre-journee-internationale-le-pouvoir-de-la-non-violence\\\/\",\"url\":\"https:\\\/\\\/www.humanium.org\\\/fr\\\/2-octobre-journee-internationale-le-pouvoir-de-la-non-violence\\\/\",\"name\":\"2 octobre, Journ\u00e9e internationale : le pouvoir de la non-violence ! - Humanium\",\"isPartOf\":{\"@id\":\"https:\\\/\\\/www.humanium.org\\\/fr\\\/#website\"},\"primaryImageOfPage\":{\"@id\":\"https:\\\/\\\/www.humanium.org\\\/fr\\\/2-octobre-journee-internationale-le-pouvoir-de-la-non-violence\\\/#primaryimage\"},\"image\":{\"@id\":\"https:\\\/\\\/www.humanium.org\\\/fr\\\/2-octobre-journee-internationale-le-pouvoir-de-la-non-violence\\\/#primaryimage\"},\"thumbnailUrl\":\"https:\\\/\\\/www.humanium.org\\\/fr\\\/wp-content\\\/uploads\\\/2019\\\/09\\\/shutterstock_1020973291.jpg\",\"datePublished\":\"2019-09-30T19:24:35+00:00\",\"dateModified\":\"2025-12-10T02:54:30+00:00\",\"author\":{\"@id\":\"https:\\\/\\\/www.humanium.org\\\/fr\\\/#\\\/schema\\\/person\\\/d798d6c7d59ba2307e0877f61a20ce3e\"},\"description\":\"Afin de rappeler l'importance de la non-violence et de diffuser son message, notamment par l'\u00e9ducation et la sensibilisation du public, l'Assembl\u00e9e g\u00e9n\u00e9rale des Nations Unies a vot\u00e9 pour faire du 2 octobre, date de l'anniversaire de Gandhi, la Journ\u00e9e internationale de la non-violence (Assembl\u00e9e G\u00e9n\u00e9rale de l'ONU, 2007). Humanium s'engage \u00e0 c\u00e9l\u00e9brer cette journ\u00e9e et \u00e0 rappeler le pouvoir de la non-violence \u00e0 travers les Droits de l\u2019Homme et au-del\u00e0.\",\"breadcrumb\":{\"@id\":\"https:\\\/\\\/www.humanium.org\\\/fr\\\/2-octobre-journee-internationale-le-pouvoir-de-la-non-violence\\\/#breadcrumb\"},\"inLanguage\":\"fr-FR\",\"potentialAction\":[{\"@type\":\"ReadAction\",\"target\":[\"https:\\\/\\\/www.humanium.org\\\/fr\\\/2-octobre-journee-internationale-le-pouvoir-de-la-non-violence\\\/\"]}]},{\"@type\":\"ImageObject\",\"inLanguage\":\"fr-FR\",\"@id\":\"https:\\\/\\\/www.humanium.org\\\/fr\\\/2-octobre-journee-internationale-le-pouvoir-de-la-non-violence\\\/#primaryimage\",\"url\":\"https:\\\/\\\/www.humanium.org\\\/fr\\\/wp-content\\\/uploads\\\/2019\\\/09\\\/shutterstock_1020973291.jpg\",\"contentUrl\":\"https:\\\/\\\/www.humanium.org\\\/fr\\\/wp-content\\\/uploads\\\/2019\\\/09\\\/shutterstock_1020973291.jpg\",\"width\":1000,\"height\":667},{\"@type\":\"BreadcrumbList\",\"@id\":\"https:\\\/\\\/www.humanium.org\\\/fr\\\/2-octobre-journee-internationale-le-pouvoir-de-la-non-violence\\\/#breadcrumb\",\"itemListElement\":[{\"@type\":\"ListItem\",\"position\":1,\"name\":\"Home\",\"item\":\"https:\\\/\\\/www.humanium.org\\\/fr\\\/\"},{\"@type\":\"ListItem\",\"position\":2,\"name\":\"2 octobre, Journ\u00e9e internationale : le pouvoir de la non-violence !\"}]},{\"@type\":\"WebSite\",\"@id\":\"https:\\\/\\\/www.humanium.org\\\/fr\\\/#website\",\"url\":\"https:\\\/\\\/www.humanium.org\\\/fr\\\/\",\"name\":\"Humanium\",\"description\":\"Les enfants d\u2019abord !\",\"potentialAction\":[{\"@type\":\"SearchAction\",\"target\":{\"@type\":\"EntryPoint\",\"urlTemplate\":\"https:\\\/\\\/www.humanium.org\\\/fr\\\/?s={search_term_string}\"},\"query-input\":{\"@type\":\"PropertyValueSpecification\",\"valueRequired\":true,\"valueName\":\"search_term_string\"}}],\"inLanguage\":\"fr-FR\"},{\"@type\":\"Person\",\"@id\":\"https:\\\/\\\/www.humanium.org\\\/fr\\\/#\\\/schema\\\/person\\\/d798d6c7d59ba2307e0877f61a20ce3e\",\"name\":\"Humanium\",\"image\":{\"@type\":\"ImageObject\",\"inLanguage\":\"fr-FR\",\"@id\":\"https:\\\/\\\/secure.gravatar.com\\\/avatar\\\/22715e338d2fcc547e3a431c4738360d33fea2a4af458f865b2c3b22f1eaa51f?s=96&d=mm&r=g\",\"url\":\"https:\\\/\\\/secure.gravatar.com\\\/avatar\\\/22715e338d2fcc547e3a431c4738360d33fea2a4af458f865b2c3b22f1eaa51f?s=96&d=mm&r=g\",\"contentUrl\":\"https:\\\/\\\/secure.gravatar.com\\\/avatar\\\/22715e338d2fcc547e3a431c4738360d33fea2a4af458f865b2c3b22f1eaa51f?s=96&d=mm&r=g\",\"caption\":\"Humanium\"},\"url\":\"https:\\\/\\\/www.humanium.org\\\/fr\\\/author\\\/humanium\\\/\"}]}<\/script>\n<!-- \/ Yoast SEO plugin. -->","yoast_head_json":{"title":"2 octobre, Journ\u00e9e internationale : le pouvoir de la non-violence ! - Humanium","description":"Afin de rappeler l'importance de la non-violence et de diffuser son message, notamment par l'\u00e9ducation et la sensibilisation du public, l'Assembl\u00e9e g\u00e9n\u00e9rale des Nations Unies a vot\u00e9 pour faire du 2 octobre, date de l'anniversaire de Gandhi, la Journ\u00e9e internationale de la non-violence (Assembl\u00e9e G\u00e9n\u00e9rale de l'ONU, 2007). Humanium s'engage \u00e0 c\u00e9l\u00e9brer cette journ\u00e9e et \u00e0 rappeler le pouvoir de la non-violence \u00e0 travers les Droits de l\u2019Homme et au-del\u00e0.","robots":{"index":"index","follow":"follow","max-snippet":"max-snippet:-1","max-image-preview":"max-image-preview:large","max-video-preview":"max-video-preview:-1"},"canonical":"https:\/\/www.humanium.org\/fr\/2-octobre-journee-internationale-le-pouvoir-de-la-non-violence\/","og_locale":"fr_FR","og_type":"article","og_title":"2 octobre, Journ\u00e9e internationale : le pouvoir de la non-violence ! - Humanium","og_description":"Afin de rappeler l'importance de la non-violence et de diffuser son message, notamment par l'\u00e9ducation et la sensibilisation du public, l'Assembl\u00e9e g\u00e9n\u00e9rale des Nations Unies a vot\u00e9 pour faire du 2 octobre, date de l'anniversaire de Gandhi, la Journ\u00e9e internationale de la non-violence (Assembl\u00e9e G\u00e9n\u00e9rale de l'ONU, 2007). Humanium s'engage \u00e0 c\u00e9l\u00e9brer cette journ\u00e9e et \u00e0 rappeler le pouvoir de la non-violence \u00e0 travers les Droits de l\u2019Homme et au-del\u00e0.","og_url":"https:\/\/www.humanium.org\/fr\/2-octobre-journee-internationale-le-pouvoir-de-la-non-violence\/","og_site_name":"Humanium","article_published_time":"2019-09-30T19:24:35+00:00","article_modified_time":"2025-12-10T02:54:30+00:00","og_image":[{"width":1000,"height":667,"url":"https:\/\/www.humanium.org\/fr\/wp-content\/uploads\/2019\/09\/shutterstock_1020973291.jpg","type":"image\/jpeg"}],"author":"Humanium","twitter_card":"summary_large_image","twitter_misc":{"\u00c9crit par":"Humanium","Dur\u00e9e de lecture estim\u00e9e":"5 minutes"},"schema":{"@context":"https:\/\/schema.org","@graph":[{"@type":"Article","@id":"https:\/\/www.humanium.org\/fr\/2-octobre-journee-internationale-le-pouvoir-de-la-non-violence\/#article","isPartOf":{"@id":"https:\/\/www.humanium.org\/fr\/2-octobre-journee-internationale-le-pouvoir-de-la-non-violence\/"},"author":{"name":"Humanium","@id":"https:\/\/www.humanium.org\/fr\/#\/schema\/person\/d798d6c7d59ba2307e0877f61a20ce3e"},"headline":"2 octobre, Journ\u00e9e internationale : le pouvoir de la non-violence !","datePublished":"2019-09-30T19:24:35+00:00","dateModified":"2025-12-10T02:54:30+00:00","mainEntityOfPage":{"@id":"https:\/\/www.humanium.org\/fr\/2-octobre-journee-internationale-le-pouvoir-de-la-non-violence\/"},"wordCount":1045,"image":{"@id":"https:\/\/www.humanium.org\/fr\/2-octobre-journee-internationale-le-pouvoir-de-la-non-violence\/#primaryimage"},"thumbnailUrl":"https:\/\/www.humanium.org\/fr\/wp-content\/uploads\/2019\/09\/shutterstock_1020973291.jpg","articleSection":["Droits des enfants","Education","Paix","violence"],"inLanguage":"fr-FR"},{"@type":"WebPage","@id":"https:\/\/www.humanium.org\/fr\/2-octobre-journee-internationale-le-pouvoir-de-la-non-violence\/","url":"https:\/\/www.humanium.org\/fr\/2-octobre-journee-internationale-le-pouvoir-de-la-non-violence\/","name":"2 octobre, Journ\u00e9e internationale : le pouvoir de la non-violence ! - Humanium","isPartOf":{"@id":"https:\/\/www.humanium.org\/fr\/#website"},"primaryImageOfPage":{"@id":"https:\/\/www.humanium.org\/fr\/2-octobre-journee-internationale-le-pouvoir-de-la-non-violence\/#primaryimage"},"image":{"@id":"https:\/\/www.humanium.org\/fr\/2-octobre-journee-internationale-le-pouvoir-de-la-non-violence\/#primaryimage"},"thumbnailUrl":"https:\/\/www.humanium.org\/fr\/wp-content\/uploads\/2019\/09\/shutterstock_1020973291.jpg","datePublished":"2019-09-30T19:24:35+00:00","dateModified":"2025-12-10T02:54:30+00:00","author":{"@id":"https:\/\/www.humanium.org\/fr\/#\/schema\/person\/d798d6c7d59ba2307e0877f61a20ce3e"},"description":"Afin de rappeler l'importance de la non-violence et de diffuser son message, notamment par l'\u00e9ducation et la sensibilisation du public, l'Assembl\u00e9e g\u00e9n\u00e9rale des Nations Unies a vot\u00e9 pour faire du 2 octobre, date de l'anniversaire de Gandhi, la Journ\u00e9e internationale de la non-violence (Assembl\u00e9e G\u00e9n\u00e9rale de l'ONU, 2007). Humanium s'engage \u00e0 c\u00e9l\u00e9brer cette journ\u00e9e et \u00e0 rappeler le pouvoir de la non-violence \u00e0 travers les Droits de l\u2019Homme et au-del\u00e0.","breadcrumb":{"@id":"https:\/\/www.humanium.org\/fr\/2-octobre-journee-internationale-le-pouvoir-de-la-non-violence\/#breadcrumb"},"inLanguage":"fr-FR","potentialAction":[{"@type":"ReadAction","target":["https:\/\/www.humanium.org\/fr\/2-octobre-journee-internationale-le-pouvoir-de-la-non-violence\/"]}]},{"@type":"ImageObject","inLanguage":"fr-FR","@id":"https:\/\/www.humanium.org\/fr\/2-octobre-journee-internationale-le-pouvoir-de-la-non-violence\/#primaryimage","url":"https:\/\/www.humanium.org\/fr\/wp-content\/uploads\/2019\/09\/shutterstock_1020973291.jpg","contentUrl":"https:\/\/www.humanium.org\/fr\/wp-content\/uploads\/2019\/09\/shutterstock_1020973291.jpg","width":1000,"height":667},{"@type":"BreadcrumbList","@id":"https:\/\/www.humanium.org\/fr\/2-octobre-journee-internationale-le-pouvoir-de-la-non-violence\/#breadcrumb","itemListElement":[{"@type":"ListItem","position":1,"name":"Home","item":"https:\/\/www.humanium.org\/fr\/"},{"@type":"ListItem","position":2,"name":"2 octobre, Journ\u00e9e internationale : le pouvoir de la non-violence !"}]},{"@type":"WebSite","@id":"https:\/\/www.humanium.org\/fr\/#website","url":"https:\/\/www.humanium.org\/fr\/","name":"Humanium","description":"Les enfants d\u2019abord !","potentialAction":[{"@type":"SearchAction","target":{"@type":"EntryPoint","urlTemplate":"https:\/\/www.humanium.org\/fr\/?s={search_term_string}"},"query-input":{"@type":"PropertyValueSpecification","valueRequired":true,"valueName":"search_term_string"}}],"inLanguage":"fr-FR"},{"@type":"Person","@id":"https:\/\/www.humanium.org\/fr\/#\/schema\/person\/d798d6c7d59ba2307e0877f61a20ce3e","name":"Humanium","image":{"@type":"ImageObject","inLanguage":"fr-FR","@id":"https:\/\/secure.gravatar.com\/avatar\/22715e338d2fcc547e3a431c4738360d33fea2a4af458f865b2c3b22f1eaa51f?s=96&d=mm&r=g","url":"https:\/\/secure.gravatar.com\/avatar\/22715e338d2fcc547e3a431c4738360d33fea2a4af458f865b2c3b22f1eaa51f?s=96&d=mm&r=g","contentUrl":"https:\/\/secure.gravatar.com\/avatar\/22715e338d2fcc547e3a431c4738360d33fea2a4af458f865b2c3b22f1eaa51f?s=96&d=mm&r=g","caption":"Humanium"},"url":"https:\/\/www.humanium.org\/fr\/author\/humanium\/"}]}},"_links":{"self":[{"href":"https:\/\/www.humanium.org\/fr\/wp-json\/wp\/v2\/posts\/45266","targetHints":{"allow":["GET"]}}],"collection":[{"href":"https:\/\/www.humanium.org\/fr\/wp-json\/wp\/v2\/posts"}],"about":[{"href":"https:\/\/www.humanium.org\/fr\/wp-json\/wp\/v2\/types\/post"}],"author":[{"embeddable":true,"href":"https:\/\/www.humanium.org\/fr\/wp-json\/wp\/v2\/users\/69"}],"replies":[{"embeddable":true,"href":"https:\/\/www.humanium.org\/fr\/wp-json\/wp\/v2\/comments?post=45266"}],"version-history":[{"count":7,"href":"https:\/\/www.humanium.org\/fr\/wp-json\/wp\/v2\/posts\/45266\/revisions"}],"predecessor-version":[{"id":61320,"href":"https:\/\/www.humanium.org\/fr\/wp-json\/wp\/v2\/posts\/45266\/revisions\/61320"}],"wp:featuredmedia":[{"embeddable":true,"href":"https:\/\/www.humanium.org\/fr\/wp-json\/wp\/v2\/media\/45270"}],"wp:attachment":[{"href":"https:\/\/www.humanium.org\/fr\/wp-json\/wp\/v2\/media?parent=45266"}],"wp:term":[{"taxonomy":"category","embeddable":true,"href":"https:\/\/www.humanium.org\/fr\/wp-json\/wp\/v2\/categories?post=45266"},{"taxonomy":"post_tag","embeddable":true,"href":"https:\/\/www.humanium.org\/fr\/wp-json\/wp\/v2\/tags?post=45266"}],"curies":[{"name":"wp","href":"https:\/\/api.w.org\/{rel}","templated":true}]}}