{"id":45283,"date":"2019-10-01T18:58:55","date_gmt":"2019-10-01T18:58:55","guid":{"rendered":"https:\/\/www.humanium.org\/fr\/?p=45283"},"modified":"2026-08-20T17:24:21","modified_gmt":"2026-08-20T17:24:21","slug":"le-pouvoir-spirituel-de-la-non-violence-gandhi-aurait-eu-150-ans-aujourdhui","status":"publish","type":"post","link":"https:\/\/www.humanium.org\/fr\/le-pouvoir-spirituel-de-la-non-violence-gandhi-aurait-eu-150-ans-aujourdhui\/","title":{"rendered":"Le pouvoir spirituel de la non-violence &#8211; Gandhi aurait eu 150 ans aujourd\u2019hui"},"content":{"rendered":"\n<p class=\"wp-block-paragraph\"><strong>Le 2 octobre de cette ann\u00e9e nous c\u00e9l\u00e9brerons le 150<\/strong><sup><strong>\u00e8me<\/strong><\/sup><strong> anniversaire du Mahatma Gandhi, philosophe et activiste indien, d\u00e9fenseur du courant de la pens\u00e9e non-violente (d\u00e9finition donn\u00e9e par le Minist\u00e8re de la Culture en Inde). Gandhi \u00e9tait consid\u00e9r\u00e9 comme un h\u00e9ros et son impact en Inde a \u00e9t\u00e9 si immense, que sa date anniversaire est d\u00e9sormais un jour de f\u00eate nationale, appel\u00e9 festival de Gandhi Jayanti (Withnall, 2018). En 2007, cette journ\u00e9e est \u00e9galement devenue la Journ\u00e9e Internationale de la Non-Violence (d\u00e9clar\u00e9e comme telle par l\u2019Assembl\u00e9e G\u00e9n\u00e9rale des Nations Unies (Nations Unies). <\/strong><\/p>\n\n\n\n<p class=\"wp-block-paragraph\">N\u00e9 en 1869, Gandhi lutta pour\nl\u2019ind\u00e9pendance de l\u2019Inde vis-\u00e0-vis de la Grande Bretagne, apr\u00e8s un long s\u00e9jour\nen Afrique du Sud o\u00f9 il avait d\u00e9but\u00e9 son action de r\u00e9volte. Il a \u00e9t\u00e9 un\nnationaliste anti-colonialiste qui pr\u00f4nait la r\u00e9sistance non-violente (Hardiman).\nIl pr\u00e9f\u00e9rait le pouvoir spirituel au &nbsp;pouvoir des armes&nbsp;; dans le contexte\nanti-colonial, il choisissait la communication non-violente pour transmettre le\nd\u00e9sir d\u2019ind\u00e9pendance de l\u2019Inde face aux colonialistes. Ses id\u00e9es prirent alors la\nforme d\u2019une r\u00e9action face \u00e0 la menace &nbsp;colonialiste (Minist\u00e8re de la Culture en Inde).\n<\/p>\n\n\n\n<p class=\"wp-block-paragraph\">On assiste toutefois aussi \u00e0\nune prise de conscience grandissante des points de vue parfois racistes ou\nsexistes de Gandhi, respectivement sur les Sud Africains et les femmes&nbsp;:\nm\u00eame s\u2019il a offert au monde le concept essentiel de la non-violence, Gandhi\n\u00e9tait loin d\u2019\u00eatre un homme parfait (Sen, 2015).<\/p>\n\n\n\n<h2 class=\"wp-block-heading\"><strong>Impact et mouvement g\u00e9n\u00e9raux du Gandhi philosophe<\/strong><\/h2>\n\n\n\n<p class=\"wp-block-paragraph\">Malgr\u00e9 cela, ses id\u00e9es et les actions qu\u2019il mena restent tr\u00e8s importantes aujourd\u2019hui, car elles peuvent \u00eatre appliqu\u00e9es \u00e0 plusieurs situations de violence \u00e0 travers le monde. En effet, peu apr\u00e8s l\u2019assassinat de Gandhi en r\u00e9ponse \u00e0 l\u2019une de ses gr\u00e8ves de la faim, Martin Luther King reprit aux \u00c9tats-Unis son activisme non-violent en faveur du Mouvement des Droits Civiques (Minist\u00e8re de la Culture en Inde).<\/p>\n\n\n\n<figure class=\"wp-block-image\"><img loading=\"lazy\" decoding=\"async\" width=\"1000\" height=\"677\" src=\"https:\/\/www.humanium.org\/fr\/wp-content\/uploads\/2019\/10\/shutterstock_382937086.jpg\" alt=\"\" class=\"wp-image-45286\" srcset=\"https:\/\/www.humanium.org\/fr\/wp-content\/uploads\/2019\/10\/shutterstock_382937086.jpg 1000w, https:\/\/www.humanium.org\/fr\/wp-content\/uploads\/2019\/10\/shutterstock_382937086-300x203.jpg 300w, https:\/\/www.humanium.org\/fr\/wp-content\/uploads\/2019\/10\/shutterstock_382937086-768x520.jpg 768w, https:\/\/www.humanium.org\/fr\/wp-content\/uploads\/2019\/10\/shutterstock_382937086-830x562.jpg 830w, https:\/\/www.humanium.org\/fr\/wp-content\/uploads\/2019\/10\/shutterstock_382937086-230x156.jpg 230w, https:\/\/www.humanium.org\/fr\/wp-content\/uploads\/2019\/10\/shutterstock_382937086-350x237.jpg 350w, https:\/\/www.humanium.org\/fr\/wp-content\/uploads\/2019\/10\/shutterstock_382937086-480x325.jpg 480w\" sizes=\"auto, (max-width: 1000px) 100vw, 1000px\" \/><\/figure>\n\n\n\n<p class=\"wp-block-paragraph\">Ces mouvements furent essentiellement men\u00e9s au niveau national, cependant leur impact a \u00e9t\u00e9 tr\u00e8s important partout dans le monde. \u00c0 l\u2019\u00e9chelle du globe, l\u2019action non-violente visait \u00ab&nbsp;une paix mondiale, une \u00e9mancipation individuelle, une transformation soci\u00e9tale&nbsp;\u00bb&nbsp;; c\u2019\u00e9tait une philosophie de r\u00e9sistance puissante contre les injustices et les fonctionnements immoraux, mais sans violence, ce qui a v\u00e9ritablement marqu\u00e9 l\u2019histoire. La violence de l\u2019\u00c9tat et des autorit\u00e9s a \u00e9t\u00e9 particuli\u00e8rement intense par le pass\u00e9, et a souvent nourri la violence des citoyens.<\/p>\n\n\n\n<p class=\"wp-block-paragraph\">Gandhi a propos\u00e9 un nouvel ordre mondial centr\u00e9 sur la non-violence (Minist\u00e8re de la Culture en Inde). Celle-ci se r\u00e9v\u00e8le \u00eatre une forme de r\u00e9sistance pacifique qui permet aux citoyens de refuser leur soumission au pouvoir des autorit\u00e9s et de le faire au nom de la <a href=\"https:\/\/www.forbes.com\/sites\/ewelinaochab\/2018\/10\/28\/commemorating-the-international-day-of-non-violence\/#7ac72ccb5c4a\">d\u00e9mocratie<\/a> (puisque les autorit\u00e9s ont besoin du peuple pour pouvoir gouverner \u2013 cf. Ochab). Les <a href=\"https:\/\/www.un.org\/fr\/events\/nonviolenceday\/background.shtml\">Nations Unies d\u00e9finissent l\u2019action non-violente<\/a> de trois mani\u00e8res principales&nbsp;: la protestation et la persuasion par des marches et des veilles, le refus de coop\u00e9ration, et l\u2019intervention non-violente via par exemple des blocages et des occupations (Nations Unies).<\/p>\n\n\n\n<h2 class=\"wp-block-heading\"><strong>Chez Humanium nous soutenons la philosophie de Gandhi<\/strong><\/h2>\n\n\n\n<p class=\"wp-block-paragraph\">Les id\u00e9es de Gandhi sont particuli\u00e8rement importantes pour nous \u00e0 <a href=\"https:\/\/www.humanium.org\/fr\/qui-sommes-nous\/\">Humanium<\/a>, puisque nous pr\u00f4nons la non-violence dans tous les projets que nous soutenons. Nous exigeons une m\u00e9thodologie qui non seulement condamne la violence, mais \u0153uvre syst\u00e9matiquement pour promouvoir la communication et l\u2019action non-violente. <\/p>\n\n\n\n<p class=\"wp-block-paragraph\">Au <a href=\"https:\/\/www.humanium.org\/fr\/rwanda\/\">Rwanda<\/a>, nos projets se concentrent sur la lib\u00e9ration des enfants et des adultes, des traumatismes multiples dus au g\u00e9nocide extr\u00eamement violent de 1994&nbsp;; notre action est notamment focalis\u00e9e sur le soin apport\u00e9 aux \u00eatre humains et sur la sortie du cycle de violence dans lequel ils sont enferm\u00e9s, depuis cette \u00e9poque terrible. En <a href=\"https:\/\/www.humanium.org\/fr\/inde\/\">Inde<\/a>, nous luttons pour la fin du travail des enfants, pratique violente qui est encore utilis\u00e9e dans plusieurs pays du monde&nbsp;; concr\u00e8tement, nos projets promeuvent la paix mondiale pour les enfants et l\u2019\u00e9radication de la violence. <\/p>\n\n\n\n<p class=\"wp-block-paragraph\">En plus, Humanium travaille avec des coachs de vie, des psychologues, des chefs dipl\u00f4m\u00e9s et des th\u00e9rapeutes en exp\u00e9rience somatique, qui s\u2019engagent dans la communication verbale avec les personnes concern\u00e9es. Nous croyons \u00e0 la parole, car nous pensons que les \u00e9changes sont des moyens non-violents d\u2019aider les enfants et les personnes en g\u00e9n\u00e9ral dans des situations difficiles. Les projets de d\u00e9veloppement durable comme ceux que nous avons men\u00e9s en Inde sont des occasions importantes de soutenir la non-violence et la promotion de la paix. <\/p>\n\n\n\n<div class=\"wp-block-image\"><figure class=\"alignleft is-resized\"><img loading=\"lazy\" decoding=\"async\" src=\"https:\/\/www.humanium.org\/fr\/wp-content\/uploads\/2019\/10\/shutterstock_716338180.jpg\" alt=\"\" class=\"wp-image-45287\" width=\"360\" height=\"272\" srcset=\"https:\/\/www.humanium.org\/fr\/wp-content\/uploads\/2019\/10\/shutterstock_716338180.jpg 1000w, https:\/\/www.humanium.org\/fr\/wp-content\/uploads\/2019\/10\/shutterstock_716338180-300x227.jpg 300w, https:\/\/www.humanium.org\/fr\/wp-content\/uploads\/2019\/10\/shutterstock_716338180-768x581.jpg 768w, https:\/\/www.humanium.org\/fr\/wp-content\/uploads\/2019\/10\/shutterstock_716338180-830x627.jpg 830w, https:\/\/www.humanium.org\/fr\/wp-content\/uploads\/2019\/10\/shutterstock_716338180-230x174.jpg 230w, https:\/\/www.humanium.org\/fr\/wp-content\/uploads\/2019\/10\/shutterstock_716338180-350x265.jpg 350w, https:\/\/www.humanium.org\/fr\/wp-content\/uploads\/2019\/10\/shutterstock_716338180-480x363.jpg 480w\" sizes=\"auto, (max-width: 360px) 100vw, 360px\" \/><\/figure><\/div>\n\n\n\n<p class=\"wp-block-paragraph\">La non-violence peut aussi influer positivement sur l\u2019\u00e9ducation des enfants&nbsp;: comme le disait Gandhi lui-m\u00eame, \u00ab&nbsp;si nous voulons obtenir une v\u00e9ritable paix dans le monde, nous devons commencer par les enfants&nbsp;\u00bb. Il est ind\u00e9niable que les formes d\u2019\u00e9ducation non-violente ont prouv\u00e9 leur efficacit\u00e9. Nous esp\u00e9rons donc, en tant qu\u2019ONG et gr\u00e2ce \u00e0 nos diff\u00e9rents projets, encourager les enfants \u00e0 lutter de mani\u00e8re non-violente pour leurs propres droits, et \u00e0 s\u2019exprimer librement. La philosophie de Gandhi nous a donc immens\u00e9ment influenc\u00e9s, c\u2019est pourquoi nous c\u00e9l\u00e9brons le 150<sup>\u00e8me<\/sup> anniversaire de Gandhi et la Journ\u00e9e Internationale de la Non-Violence, et nous encourageons tout le monde \u00e0 le faire.<\/p>\n\n\n\n<h2 class=\"wp-block-heading\"><strong>Les c\u00e9l\u00e9brations officielles\norganis\u00e9es par le gouvernement <\/strong><strong>indien<\/strong><\/h2>\n\n\n\n<p class=\"wp-block-paragraph\">Le gouvernement indien a officiellement cr\u00e9\u00e9 un Comit\u00e9 charg\u00e9 d\u2019organiser les c\u00e9l\u00e9brations du 150<sup>\u00e8me<\/sup> anniversaire de Gandhi, tant au niveau national qu\u2019international. Ce comit\u00e9 national, dirig\u00e9 par le Premier Ministre, a donc \u00e9t\u00e9 fond\u00e9 dans ce but&nbsp;; il inclut donc les Gandhiens mais aussi les autres activistes pacifiques. Le Minist\u00e8re de la Culture en Inde propose, via le site web Gandhi, plusieurs activit\u00e9s tout au long de l\u2019ann\u00e9e \u00e0 venir afin de c\u00e9l\u00e9brer le Mahatma. <\/p>\n\n\n\n<figure class=\"wp-block-image\"><img loading=\"lazy\" decoding=\"async\" width=\"1024\" height=\"768\" src=\"https:\/\/www.humanium.org\/fr\/wp-content\/uploads\/2019\/10\/shutterstock_1184923066-1024x768.jpg\" alt=\"\" class=\"wp-image-45288\" srcset=\"https:\/\/www.humanium.org\/fr\/wp-content\/uploads\/2019\/10\/shutterstock_1184923066-1024x768.jpg 1024w, https:\/\/www.humanium.org\/fr\/wp-content\/uploads\/2019\/10\/shutterstock_1184923066-300x225.jpg 300w, https:\/\/www.humanium.org\/fr\/wp-content\/uploads\/2019\/10\/shutterstock_1184923066-768x576.jpg 768w, https:\/\/www.humanium.org\/fr\/wp-content\/uploads\/2019\/10\/shutterstock_1184923066-830x622.jpg 830w, https:\/\/www.humanium.org\/fr\/wp-content\/uploads\/2019\/10\/shutterstock_1184923066-230x172.jpg 230w, https:\/\/www.humanium.org\/fr\/wp-content\/uploads\/2019\/10\/shutterstock_1184923066-350x262.jpg 350w, https:\/\/www.humanium.org\/fr\/wp-content\/uploads\/2019\/10\/shutterstock_1184923066-480x360.jpg 480w\" sizes=\"auto, (max-width: 1024px) 100vw, 1024px\" \/><\/figure>\n\n\n\n<p class=\"wp-block-paragraph\">Les projets pr\u00e9vus vont des expositions de peinture aux spectacles de rue et actions centr\u00e9es sur la propret\u00e9, en passant entre autres par des conf\u00e9rences pour les jeunes (Minist\u00e8re de la Culture en Inde). Le programme d\u2019actions a d\u00e9but\u00e9 au lendemain du 149<sup>\u00e8me<\/sup> anniversaire et vont se poursuivre pendant deux ans, avec un d\u00e9marrage c\u00e9l\u00e9br\u00e9 par une exposition au Mus\u00e9e National de Gandhi \u00e0 Delhi en octobre 2018, incluant la tunique que Gandhi portait le jour de son assassinat et un enregistrement audio de son battement cardiaque (Ganapathy, 2018).<\/p>\n\n\n\n<p class=\"wp-block-paragraph\">Par ailleurs, une s\u00e9rie de timbres comm\u00e9moratifs a \u00e9t\u00e9 pr\u00e9sent\u00e9e par le gouvernement sur son site web&nbsp;; le concours \u00ab&nbsp;Imagine Gandhi&nbsp;\u00bb a \u00e9t\u00e9 lanc\u00e9 sur tout le territoire national, avec pour objectif de promouvoir les enseignements de Gandhi \u00e0 travers des cr\u00e9ations en r\u00e9alit\u00e9 virtuelle. En f\u00e9vrier 2019, le gouvernement a organis\u00e9 une course appel\u00e9e Drive for Peace, pendant laquelle les participants ont conduit leurs v\u00e9hicules \u00e0 travers l\u2019Inde, le Bangladesh et le Myanmar afin de promouvoir la notion de s\u00e9curit\u00e9 routi\u00e8re. <\/p>\n\n\n\n<p class=\"wp-block-paragraph\">Le gouvernement a \u00e9galement pr\u00e9vu le Gandhi Global Solar Yatra, afin de sensibiliser la jeunesse aux \u00e9nergies solaires et aux initiatives b\u00e9n\u00e9fiques au changement climatique. On mentionnera enfin le grand projet du Prix de la Paix Gandhi, r\u00e9compensant les particuliers, les associations, les institutions ou les organisations qui \u00ab&nbsp;ont travaill\u00e9 de mani\u00e8re d\u00e9sint\u00e9ress\u00e9e pour la paix, la non-violence, l\u2019am\u00e9lioration des conditions de vie des \u00eatres humains en souffrance&nbsp;\u00bb en f\u00e9vrier 2019 \u00e9galement. <\/p>\n\n\n\n<h2 class=\"wp-block-heading\"><strong>Les c\u00e9l\u00e9brations dans le monde<\/strong><\/h2>\n\n\n\n<p class=\"wp-block-paragraph\">En dehors des activit\u00e9s officielles en Inde, d\u2019autres actions c\u00e9l\u00e9brant Gandhi ont \u00e9t\u00e9 pr\u00e9vues ailleurs&nbsp;: par exemple par Audley Travel, une agence de voyages anglaise, qui propose un circuit en Inde pour visiter les lieux fr\u00e9quent\u00e9s par Gandhi et notamment les mus\u00e9es et les universit\u00e9s fond\u00e9s par lui, afin de mieux comprendre l\u2019homme et le mouvement qu\u2019il mena en Inde (cf. Magyarics, 2019). <\/p>\n\n\n\n<div class=\"wp-block-image\"><figure class=\"alignright is-resized\"><img loading=\"lazy\" decoding=\"async\" src=\"https:\/\/www.humanium.org\/fr\/wp-content\/uploads\/2019\/10\/shutterstock_137523320.jpg\" alt=\"\" class=\"wp-image-45289\" width=\"280\" height=\"283\" srcset=\"https:\/\/www.humanium.org\/fr\/wp-content\/uploads\/2019\/10\/shutterstock_137523320.jpg 989w, https:\/\/www.humanium.org\/fr\/wp-content\/uploads\/2019\/10\/shutterstock_137523320-297x300.jpg 297w, https:\/\/www.humanium.org\/fr\/wp-content\/uploads\/2019\/10\/shutterstock_137523320-768x777.jpg 768w, https:\/\/www.humanium.org\/fr\/wp-content\/uploads\/2019\/10\/shutterstock_137523320-830x839.jpg 830w, https:\/\/www.humanium.org\/fr\/wp-content\/uploads\/2019\/10\/shutterstock_137523320-230x233.jpg 230w, https:\/\/www.humanium.org\/fr\/wp-content\/uploads\/2019\/10\/shutterstock_137523320-350x354.jpg 350w, https:\/\/www.humanium.org\/fr\/wp-content\/uploads\/2019\/10\/shutterstock_137523320-480x485.jpg 480w\" sizes=\"auto, (max-width: 280px) 100vw, 280px\" \/><\/figure><\/div>\n\n\n\n<p class=\"wp-block-paragraph\">La Grande Bretagne a c\u00e9l\u00e9br\u00e9 le d\u00e9but du 150<sup>\u00e8me<\/sup> anniversaire en octobre 2018, avec la participation de la Indian High Commission, avec la projection \u00e0 Picadilly Circus du film <em>Bapu@150<\/em>, un travail en hommage aux id\u00e9es de non-violence du Mahatma (cf. Press Trust of India, 2018). La non-violence et les b\u00e9n\u00e9fices qu\u2019elle nous apportent, repr\u00e9sentent donc quelques opportunit\u00e9s \u00e0 c\u00e9l\u00e9brer partout dans le monde<\/p>\n\n\n\n<p class=\"wp-block-paragraph\">Les Nations Unies ont elles aussi c\u00e9l\u00e9br\u00e9 Gandhi par le pass\u00e9, avec la\nJourn\u00e9e Internationale de la Non-Violence. Notamment en 2009, lorsqu\u2019un timbre\ncomm\u00e9moratif repr\u00e9sentait le portrait de Gandhi&nbsp;; cela a aid\u00e9 les\ngens \u00e0 prendre conscience des ces notions (Nations Unies).<\/p>\n\n\n\n<h2 class=\"wp-block-heading\"><strong>Le 2 octobre, c\u00e9l\u00e9brons la\nnon-violence&nbsp;!<\/strong><\/h2>\n\n\n\n<p class=\"wp-block-paragraph\">Il existe de nombreuses c\u00e9l\u00e9brations partout dans le monde pour cette date\nimportante. Des conf\u00e9rences, des d\u00e9bats, des \u00e9v\u00e9nements divers, dont le but est\nde rendre hommage au travail d\u2019un homme qui a donn\u00e9 vie \u00e0 la philosophie de la non-violence.\nNous vous encourageons \u00e0 chercher votre\npropre mani\u00e8re de la c\u00e9l\u00e9brer au sein de votre communaut\u00e9, en participant \u00e0 des\nactions concr\u00e8tes ou en assistant \u00e0 des d\u00e9bats par exemple.<\/p>\n\n\n\n<h2 class=\"wp-block-heading\"><strong><em>Comment c\u00e9l\u00e9brer&nbsp;: <\/em><\/strong><\/h2>\n\n\n\n<p class=\"wp-block-paragraph\"><strong>Site officiel d\u00e9di\u00e9 \u00e0 Gandhi<\/strong>&nbsp;: https:\/\/gandhi.gov.in\/events-calendar.html<\/p>\n\n\n\n<p class=\"wp-block-paragraph\"><strong>Site des Nations Unies d\u00e9di\u00e9 \u00e0 la non-violence&nbsp;<\/strong>: <a href=\"https:\/\/www.un.org\/en\/events\/nonviolenceday\/index.shtml\">https:\/\/www.un.org\/en\/events\/nonviolenceday\/index.shtml<\/a><\/p>\n\n\n\n<p class=\"wp-block-paragraph\"><strong><em>\u00c9crit par Leah Benque<\/em><\/strong><\/p>\n\n\n\n<p class=\"wp-block-paragraph\"><strong><em>Traduit par Rita Di Lorenzo<\/em><\/strong><\/p>\n\n\n\n<p class=\"wp-block-paragraph\"><strong><em>Revu par Nathalie N<\/em><\/strong><em><strong>urbel<\/strong><\/em><\/p>\n\n\n\n<h2 class=\"wp-block-heading\"><strong>R\u00e9f\u00e9rences&nbsp;:<\/strong><\/h2>\n\n\n\n<p class=\"wp-block-paragraph\">Ganapathy,\nNirmala. (2018, October 3), \u201cGandhi&rsquo;s 150th birthday celebrations kick off,\u201d\nThe Straits Times. Publi\u00e9 par The Straits Times Asia : <a href=\"https:\/\/www.straitstimes.com\/asia\/south-asia\/gandhis-150th-birthday-celebrations-kick-off\">https:\/\/www.straitstimes.com\/asia\/south-asia\/gandhis-150th-birthday-celebrations-kick-off<\/a><\/p>\n\n\n\n<p class=\"wp-block-paragraph\">Hardiman,\nDavid. (n.d.), \u201cGandhi: Reckless teenager to father of India,\u201d BBC News. Publi\u00e9\npar BBC News Timelines : https:\/\/www.bbc.com\/timelines\/zpdqmp3<\/p>\n\n\n\n<p class=\"wp-block-paragraph\">Magyarics,\nKelly. (2019, May 12), \u201cCelebrate the 150th anniversary of Gandhi\u2019s birth with\na customised tour in India,\u201d Lonely Planet. Publi\u00e9 par\nLonely Planet : https:\/\/www.lonelyplanet.com\/articles\/gandhi-tour-india-anniversary<\/p>\n\n\n\n<p class=\"wp-block-paragraph\">Ministry\nof Culture Government of India. (n.d.), \u201cFrom Mohan to Mahatma,\u201d Gandhi\nGovernment. Publi\u00e9 par <em>150 Years of\nCelebrating The Mahatma<\/em> : https:\/\/gandhi.gov.in\/index.html<\/p>\n\n\n\n<p class=\"wp-block-paragraph\">Ochab,\nEwelina U. (n.d.), \u201cCommemorating The International Day Of Non-Violence,\u201d\nForbes. Publi\u00e9 par Forbes Sites: <a href=\"https:\/\/www.forbes.com\/sites\/ewelinaochab\/2018\/10\/28\/commemorating-the-international-day-of-non-violence\/#53fd97e85c4a\">https:\/\/www.forbes.com\/sites\/ewelinaochab\/2018\/10\/28\/commemorating-the-international-day-of-non-violence\/#53fd97e85c4a<\/a><\/p>\n\n\n\n<p class=\"wp-block-paragraph\">Press\nTrust of India. (2018, October 2), \u201cUK marks Gandhi Jayanti with iconic\nscreening of &lsquo;Bapu@150&rsquo; film at Piccadilly Circus,\u201d Business Standard. Publi\u00e9\npar Business Standard : <a href=\"https:\/\/www.business-standard.com\/article\/pti-stories\/uk-marks-gandhi-jayanti-with-iconic-screening-of-bapu-150-film-at-piccadilly-circus-118100200662_1.html\">https:\/\/www.business-standard.com\/article\/pti-stories\/uk-marks-gandhi-jayanti-with-iconic-screening-of-bapu-150-film-at-piccadilly-circus-118100200662_1.html<\/a><\/p>\n\n\n\n<p class=\"wp-block-paragraph\">Sen,\nMayukh. (2015, December 3), \u201cGandhi Was a Racist Who Forced Young Girls to\nSleep in Bed with Him,\u201d Vice. Publi\u00e9 par <a href=\"https:\/\/www.vice.com\/en_us\/article\/ezj3km\/gandhi-was-a-racist-who-forced-young-girls-to-sleep-in-bed-with-him\">https:\/\/www.vice.com\/en_us\/article\/ezj3km\/gandhi-was-a-racist-who-forced-young-girls-to-sleep-in-bed-with-him<\/a><\/p>\n\n\n\n<p class=\"wp-block-paragraph\">Sharma,\nAman. (2018, November 22), \u201cGovt plans series of events across the globe to\ncelebrate 150th birth anniversary of Mahatma Gandhi,\u201d Economic Times. Publi\u00e9\npar Economic Times India Times : <a href=\"https:\/\/economictimes.indiatimes.com\/news\/politics-and-nation\/govt-plans-series-of-events-across-the-globe-to-celebrate-150th-birth-anniversary-of-mahatma-gandhi\/articleshow\/66753207.cms?from=mdr\">https:\/\/economictimes.indiatimes.com\/news\/politics-and-nation\/govt-plans-series-of-events-across-the-globe-to-celebrate-150th-birth-anniversary-of-mahatma-gandhi\/articleshow\/66753207.cms?from=mdr<\/a><\/p>\n\n\n\n<p class=\"wp-block-paragraph\">The\nPioneer. (2018, October 3), \u201c\u2018Karyanjali\u2019 launched to mark Mahatma\u2019s 150th\nbirth anniversary,\u201d The Pioneer. Publi\u00e9 par The Pioneer State Editions&nbsp;: https:\/\/www.dailypioneer.com\/2018\/state-editions\/&#8212;karyanjali&#8212;-launched-to-mark-mahatma&#8212;s-150th-birth-anniversary.html<\/p>\n\n\n\n<p class=\"wp-block-paragraph\">United\nNations. (n.d.), \u201cInternational Day of Non-Violence,\u201d United Nations. Publi\u00e9\npar UN Events&nbsp;: <a href=\"https:\/\/www.un.org\/en\/events\/nonviolenceday\/index.shtml\">https:\/\/www.un.org\/en\/events\/nonviolenceday\/index.shtml<\/a><\/p>\n\n\n\n<p class=\"wp-block-paragraph\">Withnall,\nAdam. (2018, October 1), \u201cGandhi Jayanti: Mahatma Gandhi\u2019s heart beats again as\nIndia begins celebrating his 150th birthday,\u201d Independent. Publi\u00e9\npar Independent UK&nbsp;: <a href=\"https:\/\/www.independent.co.uk\/news\/world\/asia\/gandhi-jayanti-mahatma-gandhi-birthday-heart-celebrations-happy-holiday-a8564036.html\">https:\/\/www.independent.co.uk\/news\/world\/asia\/gandhi-jayanti-mahatma-gandhi-birthday-heart-celebrations-happy-holiday-a8564036.html<\/a><\/p>\n","protected":false},"excerpt":{"rendered":"<p>Le 2 octobre de cette ann\u00e9e nous c\u00e9l\u00e9brerons le 150\u00e8me anniversaire du Mahatma Gandhi, philosophe et activiste indien, d\u00e9fenseur du courant de la pens\u00e9e non-violente (d\u00e9finition donn\u00e9e par le Minist\u00e8re de la Culture en Inde). Gandhi \u00e9tait consid\u00e9r\u00e9 comme un h\u00e9ros et son impact en Inde a \u00e9t\u00e9 si immense, que sa date anniversaire est [&hellip;]<\/p>\n","protected":false},"author":69,"featured_media":45285,"comment_status":"closed","ping_status":"closed","sticky":false,"template":"","format":"standard","meta":{"footnotes":""},"categories":[220,5,9],"tags":[],"class_list":["post-45283","post","type-post","status-publish","format-standard","has-post-thumbnail","hentry","category-droits-des-enfants","category-education","category-paix"],"yoast_head":"<!-- This site is optimized with the Yoast SEO plugin v28.3 - https:\/\/yoast.com\/product\/yoast-seo-wordpress\/ -->\n<title>Le pouvoir spirituel de la non-violence - Gandhi aurait eu 150 ans aujourd\u2019hui - Humanium<\/title>\n<meta name=\"description\" content=\"Le 2 octobre de cette ann\u00e9e nous c\u00e9l\u00e9brerons le 150\u00e8me anniversaire du Mahatma Gandhi, philosophe et activiste indien, d\u00e9fenseur du courant de la pens\u00e9e non-violente. Gandhi \u00e9tait consid\u00e9r\u00e9 comme un h\u00e9ros et son impact en Inde a \u00e9t\u00e9 si immense, que sa date anniversaire est d\u00e9sormais un jour de f\u00eate nationale, appel\u00e9 festival de Gandhi Jayanti.\" \/>\n<meta name=\"robots\" content=\"index, follow, max-snippet:-1, max-image-preview:large, max-video-preview:-1\" \/>\n<link rel=\"canonical\" href=\"https:\/\/www.humanium.org\/fr\/le-pouvoir-spirituel-de-la-non-violence-gandhi-aurait-eu-150-ans-aujourdhui\/\" \/>\n<meta property=\"og:locale\" content=\"fr_FR\" \/>\n<meta property=\"og:type\" content=\"article\" \/>\n<meta property=\"og:title\" content=\"Le pouvoir spirituel de la non-violence - Gandhi aurait eu 150 ans aujourd\u2019hui - Humanium\" \/>\n<meta property=\"og:description\" content=\"Le 2 octobre de cette ann\u00e9e nous c\u00e9l\u00e9brerons le 150\u00e8me anniversaire du Mahatma Gandhi, philosophe et activiste indien, d\u00e9fenseur du courant de la pens\u00e9e non-violente. Gandhi \u00e9tait consid\u00e9r\u00e9 comme un h\u00e9ros et son impact en Inde a \u00e9t\u00e9 si immense, que sa date anniversaire est d\u00e9sormais un jour de f\u00eate nationale, appel\u00e9 festival de Gandhi Jayanti.\" \/>\n<meta property=\"og:url\" content=\"https:\/\/www.humanium.org\/fr\/le-pouvoir-spirituel-de-la-non-violence-gandhi-aurait-eu-150-ans-aujourdhui\/\" \/>\n<meta property=\"og:site_name\" content=\"Humanium\" \/>\n<meta property=\"article:published_time\" content=\"2019-10-01T18:58:55+00:00\" \/>\n<meta property=\"article:modified_time\" content=\"2026-08-20T17:24:21+00:00\" \/>\n<meta property=\"og:image\" content=\"https:\/\/www.humanium.org\/fr\/wp-content\/uploads\/2019\/10\/shutterstock_1190950648.jpg\" \/>\n\t<meta property=\"og:image:width\" content=\"2500\" \/>\n\t<meta property=\"og:image:height\" content=\"2500\" \/>\n\t<meta property=\"og:image:type\" content=\"image\/jpeg\" \/>\n<meta name=\"author\" content=\"Humanium\" \/>\n<meta name=\"twitter:card\" content=\"summary_large_image\" \/>\n<meta name=\"twitter:label1\" content=\"\u00c9crit par\" \/>\n\t<meta name=\"twitter:data1\" content=\"Humanium\" \/>\n\t<meta name=\"twitter:label2\" content=\"Dur\u00e9e de lecture estim\u00e9e\" \/>\n\t<meta name=\"twitter:data2\" content=\"10 minutes\" \/>\n<script type=\"application\/ld+json\" class=\"yoast-schema-graph\">{\"@context\":\"https:\\\/\\\/schema.org\",\"@graph\":[{\"@type\":\"Article\",\"@id\":\"https:\\\/\\\/www.humanium.org\\\/fr\\\/le-pouvoir-spirituel-de-la-non-violence-gandhi-aurait-eu-150-ans-aujourdhui\\\/#article\",\"isPartOf\":{\"@id\":\"https:\\\/\\\/www.humanium.org\\\/fr\\\/le-pouvoir-spirituel-de-la-non-violence-gandhi-aurait-eu-150-ans-aujourdhui\\\/\"},\"author\":{\"name\":\"Humanium\",\"@id\":\"https:\\\/\\\/www.humanium.org\\\/fr\\\/#\\\/schema\\\/person\\\/d798d6c7d59ba2307e0877f61a20ce3e\"},\"headline\":\"Le pouvoir spirituel de la non-violence &#8211; Gandhi aurait eu 150 ans aujourd\u2019hui\",\"datePublished\":\"2019-10-01T18:58:55+00:00\",\"dateModified\":\"2026-08-20T17:24:21+00:00\",\"mainEntityOfPage\":{\"@id\":\"https:\\\/\\\/www.humanium.org\\\/fr\\\/le-pouvoir-spirituel-de-la-non-violence-gandhi-aurait-eu-150-ans-aujourdhui\\\/\"},\"wordCount\":1971,\"image\":{\"@id\":\"https:\\\/\\\/www.humanium.org\\\/fr\\\/le-pouvoir-spirituel-de-la-non-violence-gandhi-aurait-eu-150-ans-aujourdhui\\\/#primaryimage\"},\"thumbnailUrl\":\"https:\\\/\\\/www.humanium.org\\\/fr\\\/wp-content\\\/uploads\\\/2019\\\/10\\\/shutterstock_1190950648.jpg\",\"articleSection\":[\"Droits des enfants\",\"Education\",\"Paix\"],\"inLanguage\":\"fr-FR\"},{\"@type\":\"WebPage\",\"@id\":\"https:\\\/\\\/www.humanium.org\\\/fr\\\/le-pouvoir-spirituel-de-la-non-violence-gandhi-aurait-eu-150-ans-aujourdhui\\\/\",\"url\":\"https:\\\/\\\/www.humanium.org\\\/fr\\\/le-pouvoir-spirituel-de-la-non-violence-gandhi-aurait-eu-150-ans-aujourdhui\\\/\",\"name\":\"Le pouvoir spirituel de la non-violence - Gandhi aurait eu 150 ans aujourd\u2019hui - Humanium\",\"isPartOf\":{\"@id\":\"https:\\\/\\\/www.humanium.org\\\/fr\\\/#website\"},\"primaryImageOfPage\":{\"@id\":\"https:\\\/\\\/www.humanium.org\\\/fr\\\/le-pouvoir-spirituel-de-la-non-violence-gandhi-aurait-eu-150-ans-aujourdhui\\\/#primaryimage\"},\"image\":{\"@id\":\"https:\\\/\\\/www.humanium.org\\\/fr\\\/le-pouvoir-spirituel-de-la-non-violence-gandhi-aurait-eu-150-ans-aujourdhui\\\/#primaryimage\"},\"thumbnailUrl\":\"https:\\\/\\\/www.humanium.org\\\/fr\\\/wp-content\\\/uploads\\\/2019\\\/10\\\/shutterstock_1190950648.jpg\",\"datePublished\":\"2019-10-01T18:58:55+00:00\",\"dateModified\":\"2026-08-20T17:24:21+00:00\",\"author\":{\"@id\":\"https:\\\/\\\/www.humanium.org\\\/fr\\\/#\\\/schema\\\/person\\\/d798d6c7d59ba2307e0877f61a20ce3e\"},\"description\":\"Le 2 octobre de cette ann\u00e9e nous c\u00e9l\u00e9brerons le 150\u00e8me anniversaire du Mahatma Gandhi, philosophe et activiste indien, d\u00e9fenseur du courant de la pens\u00e9e non-violente. Gandhi \u00e9tait consid\u00e9r\u00e9 comme un h\u00e9ros et son impact en Inde a \u00e9t\u00e9 si immense, que sa date anniversaire est d\u00e9sormais un jour de f\u00eate nationale, appel\u00e9 festival de Gandhi Jayanti.\",\"breadcrumb\":{\"@id\":\"https:\\\/\\\/www.humanium.org\\\/fr\\\/le-pouvoir-spirituel-de-la-non-violence-gandhi-aurait-eu-150-ans-aujourdhui\\\/#breadcrumb\"},\"inLanguage\":\"fr-FR\",\"potentialAction\":[{\"@type\":\"ReadAction\",\"target\":[\"https:\\\/\\\/www.humanium.org\\\/fr\\\/le-pouvoir-spirituel-de-la-non-violence-gandhi-aurait-eu-150-ans-aujourdhui\\\/\"]}]},{\"@type\":\"ImageObject\",\"inLanguage\":\"fr-FR\",\"@id\":\"https:\\\/\\\/www.humanium.org\\\/fr\\\/le-pouvoir-spirituel-de-la-non-violence-gandhi-aurait-eu-150-ans-aujourdhui\\\/#primaryimage\",\"url\":\"https:\\\/\\\/www.humanium.org\\\/fr\\\/wp-content\\\/uploads\\\/2019\\\/10\\\/shutterstock_1190950648.jpg\",\"contentUrl\":\"https:\\\/\\\/www.humanium.org\\\/fr\\\/wp-content\\\/uploads\\\/2019\\\/10\\\/shutterstock_1190950648.jpg\",\"width\":2500,\"height\":2500},{\"@type\":\"BreadcrumbList\",\"@id\":\"https:\\\/\\\/www.humanium.org\\\/fr\\\/le-pouvoir-spirituel-de-la-non-violence-gandhi-aurait-eu-150-ans-aujourdhui\\\/#breadcrumb\",\"itemListElement\":[{\"@type\":\"ListItem\",\"position\":1,\"name\":\"Home\",\"item\":\"https:\\\/\\\/www.humanium.org\\\/fr\\\/\"},{\"@type\":\"ListItem\",\"position\":2,\"name\":\"Le pouvoir spirituel de la non-violence &#8211; Gandhi aurait eu 150 ans aujourd\u2019hui\"}]},{\"@type\":\"WebSite\",\"@id\":\"https:\\\/\\\/www.humanium.org\\\/fr\\\/#website\",\"url\":\"https:\\\/\\\/www.humanium.org\\\/fr\\\/\",\"name\":\"Humanium\",\"description\":\"Les enfants d\u2019abord !\",\"potentialAction\":[{\"@type\":\"SearchAction\",\"target\":{\"@type\":\"EntryPoint\",\"urlTemplate\":\"https:\\\/\\\/www.humanium.org\\\/fr\\\/?s={search_term_string}\"},\"query-input\":{\"@type\":\"PropertyValueSpecification\",\"valueRequired\":true,\"valueName\":\"search_term_string\"}}],\"inLanguage\":\"fr-FR\"},{\"@type\":\"Person\",\"@id\":\"https:\\\/\\\/www.humanium.org\\\/fr\\\/#\\\/schema\\\/person\\\/d798d6c7d59ba2307e0877f61a20ce3e\",\"name\":\"Humanium\",\"image\":{\"@type\":\"ImageObject\",\"inLanguage\":\"fr-FR\",\"@id\":\"https:\\\/\\\/secure.gravatar.com\\\/avatar\\\/22715e338d2fcc547e3a431c4738360d33fea2a4af458f865b2c3b22f1eaa51f?s=96&d=mm&r=g\",\"url\":\"https:\\\/\\\/secure.gravatar.com\\\/avatar\\\/22715e338d2fcc547e3a431c4738360d33fea2a4af458f865b2c3b22f1eaa51f?s=96&d=mm&r=g\",\"contentUrl\":\"https:\\\/\\\/secure.gravatar.com\\\/avatar\\\/22715e338d2fcc547e3a431c4738360d33fea2a4af458f865b2c3b22f1eaa51f?s=96&d=mm&r=g\",\"caption\":\"Humanium\"},\"url\":\"https:\\\/\\\/www.humanium.org\\\/fr\\\/author\\\/humanium\\\/\"}]}<\/script>\n<!-- \/ Yoast SEO plugin. -->","yoast_head_json":{"title":"Le pouvoir spirituel de la non-violence - Gandhi aurait eu 150 ans aujourd\u2019hui - Humanium","description":"Le 2 octobre de cette ann\u00e9e nous c\u00e9l\u00e9brerons le 150\u00e8me anniversaire du Mahatma Gandhi, philosophe et activiste indien, d\u00e9fenseur du courant de la pens\u00e9e non-violente. Gandhi \u00e9tait consid\u00e9r\u00e9 comme un h\u00e9ros et son impact en Inde a \u00e9t\u00e9 si immense, que sa date anniversaire est d\u00e9sormais un jour de f\u00eate nationale, appel\u00e9 festival de Gandhi Jayanti.","robots":{"index":"index","follow":"follow","max-snippet":"max-snippet:-1","max-image-preview":"max-image-preview:large","max-video-preview":"max-video-preview:-1"},"canonical":"https:\/\/www.humanium.org\/fr\/le-pouvoir-spirituel-de-la-non-violence-gandhi-aurait-eu-150-ans-aujourdhui\/","og_locale":"fr_FR","og_type":"article","og_title":"Le pouvoir spirituel de la non-violence - Gandhi aurait eu 150 ans aujourd\u2019hui - Humanium","og_description":"Le 2 octobre de cette ann\u00e9e nous c\u00e9l\u00e9brerons le 150\u00e8me anniversaire du Mahatma Gandhi, philosophe et activiste indien, d\u00e9fenseur du courant de la pens\u00e9e non-violente. Gandhi \u00e9tait consid\u00e9r\u00e9 comme un h\u00e9ros et son impact en Inde a \u00e9t\u00e9 si immense, que sa date anniversaire est d\u00e9sormais un jour de f\u00eate nationale, appel\u00e9 festival de Gandhi Jayanti.","og_url":"https:\/\/www.humanium.org\/fr\/le-pouvoir-spirituel-de-la-non-violence-gandhi-aurait-eu-150-ans-aujourdhui\/","og_site_name":"Humanium","article_published_time":"2019-10-01T18:58:55+00:00","article_modified_time":"2026-08-20T17:24:21+00:00","og_image":[{"width":2500,"height":2500,"url":"https:\/\/www.humanium.org\/fr\/wp-content\/uploads\/2019\/10\/shutterstock_1190950648.jpg","type":"image\/jpeg"}],"author":"Humanium","twitter_card":"summary_large_image","twitter_misc":{"\u00c9crit par":"Humanium","Dur\u00e9e de lecture estim\u00e9e":"10 minutes"},"schema":{"@context":"https:\/\/schema.org","@graph":[{"@type":"Article","@id":"https:\/\/www.humanium.org\/fr\/le-pouvoir-spirituel-de-la-non-violence-gandhi-aurait-eu-150-ans-aujourdhui\/#article","isPartOf":{"@id":"https:\/\/www.humanium.org\/fr\/le-pouvoir-spirituel-de-la-non-violence-gandhi-aurait-eu-150-ans-aujourdhui\/"},"author":{"name":"Humanium","@id":"https:\/\/www.humanium.org\/fr\/#\/schema\/person\/d798d6c7d59ba2307e0877f61a20ce3e"},"headline":"Le pouvoir spirituel de la non-violence &#8211; Gandhi aurait eu 150 ans aujourd\u2019hui","datePublished":"2019-10-01T18:58:55+00:00","dateModified":"2026-08-20T17:24:21+00:00","mainEntityOfPage":{"@id":"https:\/\/www.humanium.org\/fr\/le-pouvoir-spirituel-de-la-non-violence-gandhi-aurait-eu-150-ans-aujourdhui\/"},"wordCount":1971,"image":{"@id":"https:\/\/www.humanium.org\/fr\/le-pouvoir-spirituel-de-la-non-violence-gandhi-aurait-eu-150-ans-aujourdhui\/#primaryimage"},"thumbnailUrl":"https:\/\/www.humanium.org\/fr\/wp-content\/uploads\/2019\/10\/shutterstock_1190950648.jpg","articleSection":["Droits des enfants","Education","Paix"],"inLanguage":"fr-FR"},{"@type":"WebPage","@id":"https:\/\/www.humanium.org\/fr\/le-pouvoir-spirituel-de-la-non-violence-gandhi-aurait-eu-150-ans-aujourdhui\/","url":"https:\/\/www.humanium.org\/fr\/le-pouvoir-spirituel-de-la-non-violence-gandhi-aurait-eu-150-ans-aujourdhui\/","name":"Le pouvoir spirituel de la non-violence - Gandhi aurait eu 150 ans aujourd\u2019hui - Humanium","isPartOf":{"@id":"https:\/\/www.humanium.org\/fr\/#website"},"primaryImageOfPage":{"@id":"https:\/\/www.humanium.org\/fr\/le-pouvoir-spirituel-de-la-non-violence-gandhi-aurait-eu-150-ans-aujourdhui\/#primaryimage"},"image":{"@id":"https:\/\/www.humanium.org\/fr\/le-pouvoir-spirituel-de-la-non-violence-gandhi-aurait-eu-150-ans-aujourdhui\/#primaryimage"},"thumbnailUrl":"https:\/\/www.humanium.org\/fr\/wp-content\/uploads\/2019\/10\/shutterstock_1190950648.jpg","datePublished":"2019-10-01T18:58:55+00:00","dateModified":"2026-08-20T17:24:21+00:00","author":{"@id":"https:\/\/www.humanium.org\/fr\/#\/schema\/person\/d798d6c7d59ba2307e0877f61a20ce3e"},"description":"Le 2 octobre de cette ann\u00e9e nous c\u00e9l\u00e9brerons le 150\u00e8me anniversaire du Mahatma Gandhi, philosophe et activiste indien, d\u00e9fenseur du courant de la pens\u00e9e non-violente. Gandhi \u00e9tait consid\u00e9r\u00e9 comme un h\u00e9ros et son impact en Inde a \u00e9t\u00e9 si immense, que sa date anniversaire est d\u00e9sormais un jour de f\u00eate nationale, appel\u00e9 festival de Gandhi Jayanti.","breadcrumb":{"@id":"https:\/\/www.humanium.org\/fr\/le-pouvoir-spirituel-de-la-non-violence-gandhi-aurait-eu-150-ans-aujourdhui\/#breadcrumb"},"inLanguage":"fr-FR","potentialAction":[{"@type":"ReadAction","target":["https:\/\/www.humanium.org\/fr\/le-pouvoir-spirituel-de-la-non-violence-gandhi-aurait-eu-150-ans-aujourdhui\/"]}]},{"@type":"ImageObject","inLanguage":"fr-FR","@id":"https:\/\/www.humanium.org\/fr\/le-pouvoir-spirituel-de-la-non-violence-gandhi-aurait-eu-150-ans-aujourdhui\/#primaryimage","url":"https:\/\/www.humanium.org\/fr\/wp-content\/uploads\/2019\/10\/shutterstock_1190950648.jpg","contentUrl":"https:\/\/www.humanium.org\/fr\/wp-content\/uploads\/2019\/10\/shutterstock_1190950648.jpg","width":2500,"height":2500},{"@type":"BreadcrumbList","@id":"https:\/\/www.humanium.org\/fr\/le-pouvoir-spirituel-de-la-non-violence-gandhi-aurait-eu-150-ans-aujourdhui\/#breadcrumb","itemListElement":[{"@type":"ListItem","position":1,"name":"Home","item":"https:\/\/www.humanium.org\/fr\/"},{"@type":"ListItem","position":2,"name":"Le pouvoir spirituel de la non-violence &#8211; Gandhi aurait eu 150 ans aujourd\u2019hui"}]},{"@type":"WebSite","@id":"https:\/\/www.humanium.org\/fr\/#website","url":"https:\/\/www.humanium.org\/fr\/","name":"Humanium","description":"Les enfants d\u2019abord !","potentialAction":[{"@type":"SearchAction","target":{"@type":"EntryPoint","urlTemplate":"https:\/\/www.humanium.org\/fr\/?s={search_term_string}"},"query-input":{"@type":"PropertyValueSpecification","valueRequired":true,"valueName":"search_term_string"}}],"inLanguage":"fr-FR"},{"@type":"Person","@id":"https:\/\/www.humanium.org\/fr\/#\/schema\/person\/d798d6c7d59ba2307e0877f61a20ce3e","name":"Humanium","image":{"@type":"ImageObject","inLanguage":"fr-FR","@id":"https:\/\/secure.gravatar.com\/avatar\/22715e338d2fcc547e3a431c4738360d33fea2a4af458f865b2c3b22f1eaa51f?s=96&d=mm&r=g","url":"https:\/\/secure.gravatar.com\/avatar\/22715e338d2fcc547e3a431c4738360d33fea2a4af458f865b2c3b22f1eaa51f?s=96&d=mm&r=g","contentUrl":"https:\/\/secure.gravatar.com\/avatar\/22715e338d2fcc547e3a431c4738360d33fea2a4af458f865b2c3b22f1eaa51f?s=96&d=mm&r=g","caption":"Humanium"},"url":"https:\/\/www.humanium.org\/fr\/author\/humanium\/"}]}},"_links":{"self":[{"href":"https:\/\/www.humanium.org\/fr\/wp-json\/wp\/v2\/posts\/45283","targetHints":{"allow":["GET"]}}],"collection":[{"href":"https:\/\/www.humanium.org\/fr\/wp-json\/wp\/v2\/posts"}],"about":[{"href":"https:\/\/www.humanium.org\/fr\/wp-json\/wp\/v2\/types\/post"}],"author":[{"embeddable":true,"href":"https:\/\/www.humanium.org\/fr\/wp-json\/wp\/v2\/users\/69"}],"replies":[{"embeddable":true,"href":"https:\/\/www.humanium.org\/fr\/wp-json\/wp\/v2\/comments?post=45283"}],"version-history":[{"count":15,"href":"https:\/\/www.humanium.org\/fr\/wp-json\/wp\/v2\/posts\/45283\/revisions"}],"predecessor-version":[{"id":62209,"href":"https:\/\/www.humanium.org\/fr\/wp-json\/wp\/v2\/posts\/45283\/revisions\/62209"}],"wp:featuredmedia":[{"embeddable":true,"href":"https:\/\/www.humanium.org\/fr\/wp-json\/wp\/v2\/media\/45285"}],"wp:attachment":[{"href":"https:\/\/www.humanium.org\/fr\/wp-json\/wp\/v2\/media?parent=45283"}],"wp:term":[{"taxonomy":"category","embeddable":true,"href":"https:\/\/www.humanium.org\/fr\/wp-json\/wp\/v2\/categories?post=45283"},{"taxonomy":"post_tag","embeddable":true,"href":"https:\/\/www.humanium.org\/fr\/wp-json\/wp\/v2\/tags?post=45283"}],"curies":[{"name":"wp","href":"https:\/\/api.w.org\/{rel}","templated":true}]}}