{"id":45321,"date":"2019-10-08T19:32:40","date_gmt":"2019-10-08T19:32:40","guid":{"rendered":"https:\/\/www.humanium.org\/fr\/?p=45321"},"modified":"2025-12-10T02:54:45","modified_gmt":"2025-12-10T02:54:45","slug":"en-cette-journee-mondiale-de-la-sante-mentale-engagez-vous","status":"publish","type":"post","link":"https:\/\/www.humanium.org\/fr\/en-cette-journee-mondiale-de-la-sante-mentale-engagez-vous\/","title":{"rendered":"En cette Journ\u00e9e mondiale de la sant\u00e9 mentale, engagez-vous !"},"content":{"rendered":"\n<p class=\"wp-block-paragraph\"><strong>Chez Humanium, nous valorisons une approche d\u00e9velopp\u00e9e par les d\u00e9fenseurs des droits humains, avec des coachs de vie, des psychologues dipl\u00f4m\u00e9s en leadership et des th\u00e9rapeutes de l\u2019exp\u00e9rience somatique, des professionnels qui se concentrent sur la protection des enfants par la sensibilisation.<\/strong><\/p>\n\n\n\n<p class=\"wp-block-paragraph\"><strong>Nous souhaitons que les enfants puissent devenir acteurs de leurs propres projets, souhaits et objectifs. Avec le soutien de services de pr\u00e9vention de la sant\u00e9 mentale, ils auront une meilleure chance de s\u2019\u00e9panouir dans leur propre environnement, apr\u00e8s avoir \u00e9t\u00e9 inform\u00e9s des probl\u00e8mes et des moyens par lesquels ils peuvent s\u2019aider eux-m\u00eames et aider leur communaut\u00e9.<\/strong><\/p>\n\n\n\n<h2 class=\"wp-block-heading\"><strong>Cr\u00e9ation de la Journ\u00e9e mondiale de la sant\u00e9 mentale<\/strong><\/h2>\n\n\n\n<p class=\"wp-block-paragraph\">Au cours des derni\u00e8res ann\u00e9es, nous sommes devenus de plus en plus conscients des probl\u00e8mes de sant\u00e9 mentale. C\u2019est dans ce contexte que nous c\u00e9l\u00e9brons cette ann\u00e9e la <strong>Journ\u00e9e de la sant\u00e9 mentale<\/strong>, instaur\u00e9e en 1992 par <strong><a href=\"https:\/\/www.who.int\/fr\/home\">l\u2019Organisation mondiale de la sant\u00e9 <\/a><\/strong>(OMS) afin de promouvoir la sensibilisation et d\u2019obtenir un soutien contre les stigmates sociaux (Organisation mondiale de la sant\u00e9, n.d.). <\/p>\n\n\n\n<p class=\"wp-block-paragraph\">Comme pour beaucoup d\u2019autres maladies, si les gens manquent de connaissances, ils risquent de v\u00e9hiculer des st\u00e9r\u00e9otypes qui peuvent avoir des effets n\u00e9fastes sur leur vie. Il est donc important d\u2019informer et de rester inform\u00e9. Comprendre permet de d\u2019agir de mani\u00e8re plus ad\u00e9quate. <\/p>\n\n\n\n<figure class=\"wp-block-image\"><img loading=\"lazy\" decoding=\"async\" width=\"1000\" height=\"667\" src=\"https:\/\/www.humanium.org\/fr\/wp-content\/uploads\/2019\/10\/shutterstock_567207496.jpg\" alt=\"\" class=\"wp-image-45322\" srcset=\"https:\/\/www.humanium.org\/fr\/wp-content\/uploads\/2019\/10\/shutterstock_567207496.jpg 1000w, https:\/\/www.humanium.org\/fr\/wp-content\/uploads\/2019\/10\/shutterstock_567207496-300x200.jpg 300w, https:\/\/www.humanium.org\/fr\/wp-content\/uploads\/2019\/10\/shutterstock_567207496-768x512.jpg 768w, https:\/\/www.humanium.org\/fr\/wp-content\/uploads\/2019\/10\/shutterstock_567207496-830x554.jpg 830w, https:\/\/www.humanium.org\/fr\/wp-content\/uploads\/2019\/10\/shutterstock_567207496-230x153.jpg 230w, https:\/\/www.humanium.org\/fr\/wp-content\/uploads\/2019\/10\/shutterstock_567207496-350x233.jpg 350w, https:\/\/www.humanium.org\/fr\/wp-content\/uploads\/2019\/10\/shutterstock_567207496-480x320.jpg 480w, https:\/\/www.humanium.org\/fr\/wp-content\/uploads\/2019\/10\/shutterstock_567207496-272x182.jpg 272w\" sizes=\"auto, (max-width: 1000px) 100vw, 1000px\" \/><\/figure>\n\n\n\n<p class=\"wp-block-paragraph\">Comme le d\u00e9clare <strong>l\u2019OMS<\/strong>, \u201cla pr\u00e9vention commence par la sensibilisation et la compr\u00e9hension des signes avant-coureurs et des sympt\u00f4mes de la maladie mentale.\u201d (Organisation mondiale de la sant\u00e9, n.d.). La sant\u00e9 affecte chaque individu \u00e0 travers le monde, d\u2019o\u00f9 l\u2019importance de comprendre comment nous pouvons nous soutenir nous m\u00eames et soutenir ceux qui nous entourent. C\u2019est vraiment une question \u00e0 l\u2019\u00e9chelle internationale. <\/p>\n\n\n\n<p class=\"wp-block-paragraph\">L\u2019Organisation mondiale\nde la sant\u00e9 s\u2019est \u00e9galement engag\u00e9e dans le plan d\u2019action global en mati\u00e8re de\nsant\u00e9 mentale, en cours de 2013 \u00e0 2020, et vise \u00e0 attirer \u00ab l\u2019attention\ninternationale sur un probl\u00e8me n\u00e9glig\u00e9 depuis trop longtemps et qui est\nfermement ancr\u00e9 dans les principes des droits de l\u2019homme.\u201d (Organisation mondiale\nde la sant\u00e9, n.d.). Il y a ainsi une prise de conscience croissante, avec des actions\nsubs\u00e9quentes. La pr\u00e9vention et la recherche s\u2019am\u00e9liorent donc.<\/p>\n\n\n\n<h2 class=\"wp-block-heading\"><strong>Th\u00e8me de la pr\u00e9vention du suicide<\/strong><\/h2>\n\n\n\n<p class=\"wp-block-paragraph\">Chaque ann\u00e9e, un\nnouveau th\u00e8me est choisi. Ce 10 octobre, l\u2019accent sera mis sur la pr\u00e9vention du\nsuicide. Conform\u00e9ment \u00e0 la statistique selon laquelle \u00ab toutes les 40 secondes\n\u00bb une personne se suicide, l\u2019OMS pr\u00e9conise \u00ab 40 secondes d\u2019action&nbsp;\u00bb pour\nsensibiliser la population au nombre consid\u00e9rable de suicides et de tentatives\nde suicide dans le monde et soulever des questions et d\u00e9velopper des id\u00e9es sur\nla fa\u00e7on d\u2019\u00e9laborer des mesures pr\u00e9ventives efficaces (Organisation mondiale de\nla sant\u00e9, n.d.). Comme le suicide r\u00e9sulte de tellement de raisons diff\u00e9rentes,\nil n\u2019est pas \u00e9vident de trouver une seule solution efficace. N\u00e9anmoins,\nencourager la communication entre les personnes en difficult\u00e9 et les professionnels\ns\u2019av\u00e8re efficace. <\/p>\n\n\n\n<h2 class=\"wp-block-heading\"><strong>Suicide, sant\u00e9 mentale et enfants<\/strong><\/h2>\n\n\n\n<p class=\"wp-block-paragraph\">Le suicide, chez\nles jeunes (15-29 ans) est la deuxi\u00e8me cause de d\u00e9c\u00e8s dans le monde. Elle est\nsouvent le r\u00e9sultat d\u2019une mauvaise sant\u00e9 mentale, ainsi que le relevait le\nth\u00e8me de la Journ\u00e9e de la sant\u00e9 mentale de l\u2019an dernier: \u00ab&nbsp;Les jeunes et\nla sant\u00e9 mentale dans un monde en \u00e9volution&nbsp;\u00bb. <\/p>\n\n\n\n<p class=\"wp-block-paragraph\">Comme l\u2019a soulign\u00e9\nl\u2019OMS, les jeunes passent par des phases au cours desquelles ils doivent\naffronter beaucoup de d\u00e9fis : changer d\u2019\u00e9cole, quitter la maison, aller \u00e0\nl\u2019universit\u00e9, commencer un nouvel emploi. Expos\u00e9s \u00e0 de nouvelles r\u00e9alit\u00e9s comme\nla technologie, l\u2019alcool ou les drogues, ils peuvent se sentir vuln\u00e9rables. La\nsituation est particuli\u00e8rement critique pour les enfants et les adolescents\nvivant dans des lieux touch\u00e9s par des urgences humanitaires, telles que les\nconflits, les catastrophes naturelles et les \u00e9pid\u00e9mies, des conditions pr\u00e9dominantes\nau sein de certains pays en d\u00e9veloppement. <\/p>\n\n\n\n<p class=\"wp-block-paragraph\">Dans l\u2019ensemble, les conditions de vie des enfants peuvent accro\u00eetre le stress et augmenter les risques de d\u00e9pression, qui est la troisi\u00e8me cause de maladie chez les jeunes. De plus, la moiti\u00e9 de toutes les maladies mentales commencent d\u00e8s l\u2019\u00e2ge de 14 ans. Le probl\u00e8me est que la plupart des cas passent inaper\u00e7us et ne sont pas trait\u00e9s. Il est donc tr\u00e8s important de sensibiliser et c\u2019est pourquoi le <strong>10 octobre<\/strong> est absolument crucial. <\/p>\n\n\n\n<figure class=\"wp-block-image\"><img loading=\"lazy\" decoding=\"async\" width=\"1000\" height=\"668\" src=\"https:\/\/www.humanium.org\/fr\/wp-content\/uploads\/2019\/10\/shutterstock_1065324059.jpg\" alt=\"\" class=\"wp-image-45323\" srcset=\"https:\/\/www.humanium.org\/fr\/wp-content\/uploads\/2019\/10\/shutterstock_1065324059.jpg 1000w, https:\/\/www.humanium.org\/fr\/wp-content\/uploads\/2019\/10\/shutterstock_1065324059-300x200.jpg 300w, https:\/\/www.humanium.org\/fr\/wp-content\/uploads\/2019\/10\/shutterstock_1065324059-768x513.jpg 768w, https:\/\/www.humanium.org\/fr\/wp-content\/uploads\/2019\/10\/shutterstock_1065324059-830x554.jpg 830w, https:\/\/www.humanium.org\/fr\/wp-content\/uploads\/2019\/10\/shutterstock_1065324059-230x154.jpg 230w, https:\/\/www.humanium.org\/fr\/wp-content\/uploads\/2019\/10\/shutterstock_1065324059-350x234.jpg 350w, https:\/\/www.humanium.org\/fr\/wp-content\/uploads\/2019\/10\/shutterstock_1065324059-480x321.jpg 480w, https:\/\/www.humanium.org\/fr\/wp-content\/uploads\/2019\/10\/shutterstock_1065324059-272x182.jpg 272w\" sizes=\"auto, (max-width: 1000px) 100vw, 1000px\" \/><\/figure>\n\n\n\n<p class=\"wp-block-paragraph\">En ce qui concerne la pr\u00e9vention, l\u2019OMS plaide pour que les parents et les enseignants aident les adolescents \u00e0 d\u00e9velopper des comp\u00e9tences de vie qui puissent les aider \u00e0 relever les d\u00e9fis quotidiens. Un soutien psychosocial peut \u00eatre fourni et la communaut\u00e9 devrait former des agents de sant\u00e9 afin de d\u00e9tecter les probl\u00e8mes de sant\u00e9 mentale. Il est important pour la collectivit\u00e9 et le gouvernement d\u2019\u00eatre conscient et actif dans la cr\u00e9ation de programmes pour la sant\u00e9 mentale des jeunes (Organisation mondiale de la sant\u00e9, n.d.). <\/p>\n\n\n\n<p class=\"wp-block-paragraph\">Bien qu\u2019il s\u2019agisse du th\u00e8me de la Journ\u00e9e de la sant\u00e9 mentale de l\u2019an dernier, il reste pertinent aujourd\u2019hui, car le suicide, aui est li\u00e9 aux probl\u00e8mes de sant\u00e9 mentale est la deuxi\u00e8me cause de d\u00e9c\u00e8s chez les jeunes.<\/p>\n\n\n\n<h2 class=\"wp-block-heading\"><strong>Organismes participant \u00e0 la Journ\u00e9e de la sant\u00e9 mentale\nde cette ann\u00e9e<\/strong><\/h2>\n\n\n\n<p class=\"wp-block-paragraph\">Cette ann\u00e9e, l\u2019OMS s\u2019associe \u00e0 la <a href=\"https:\/\/wfmh.global\"><strong>F\u00e9d\u00e9ration mondiale de la sant\u00e9 mentale<\/strong><\/a>, une organisation internationale fond\u00e9e en 1948 ayant pour objectif de faire progresser la pr\u00e9vention des probl\u00e8mes de sant\u00e9 mentale. Pour la Journ\u00e9e de la sant\u00e9 mentale, ces organisations sugg\u00e8rent de mener une strat\u00e9gie m\u00e9diatique, afin de diffuser un message et d\u2019informer les m\u00e9dias. Elles font \u00e9galement pression pour que les gens \u00e9crivent des lettres aux Minist\u00e8res de la sant\u00e9 et aux m\u00e9dias (F\u00e9d\u00e9ration mondiale de la sant\u00e9 mentale, n.d.). <\/p>\n\n\n\n<p class=\"wp-block-paragraph\">L\u2019OMS s\u2019associe \u00e9galement \u00e0 <a href=\"https:\/\/wfmh.global\"><strong>l\u2019Association internationale pour la sant\u00e9 mentale<\/strong><\/a>, une organisation d\u00e9di\u00e9e \u00ab&nbsp;\u00e0 la pr\u00e9vention des comportements suicidaires, \u00e0 l\u2019att\u00e9nuation de leurs effets, et \u00e0 fournir une tribune pour les universitaires, les professionnels de la sant\u00e9 mentale, les travailleurs d\u2019intervention d\u2019urgences, les b\u00e9n\u00e9voles et les survivants du suicide.&nbsp;\u00bb C\u2019est l\u2019organisation qui est responsable de la Journ\u00e9e mondiale de pr\u00e9vention du suicide 2019 (IASP, n.d;). Finalement, l\u2019OMS s\u2019associe \u00e0 <a href=\"https:\/\/www.unitedgmh.org\/\"><strong>United for Global Mental Health<\/strong><\/a>, une organisation travaillant avec des organismes internationaux pour promouvoir la sant\u00e9 mentale (UNITEDGMH, n.d.).<\/p>\n\n\n\n<figure class=\"wp-block-image\"><img loading=\"lazy\" decoding=\"async\" width=\"1000\" height=\"667\" src=\"https:\/\/www.humanium.org\/fr\/wp-content\/uploads\/2019\/10\/shutterstock_531535420.jpg\" alt=\"\" class=\"wp-image-45324\" srcset=\"https:\/\/www.humanium.org\/fr\/wp-content\/uploads\/2019\/10\/shutterstock_531535420.jpg 1000w, https:\/\/www.humanium.org\/fr\/wp-content\/uploads\/2019\/10\/shutterstock_531535420-300x200.jpg 300w, https:\/\/www.humanium.org\/fr\/wp-content\/uploads\/2019\/10\/shutterstock_531535420-768x512.jpg 768w, https:\/\/www.humanium.org\/fr\/wp-content\/uploads\/2019\/10\/shutterstock_531535420-830x554.jpg 830w, https:\/\/www.humanium.org\/fr\/wp-content\/uploads\/2019\/10\/shutterstock_531535420-230x153.jpg 230w, https:\/\/www.humanium.org\/fr\/wp-content\/uploads\/2019\/10\/shutterstock_531535420-350x233.jpg 350w, https:\/\/www.humanium.org\/fr\/wp-content\/uploads\/2019\/10\/shutterstock_531535420-480x320.jpg 480w, https:\/\/www.humanium.org\/fr\/wp-content\/uploads\/2019\/10\/shutterstock_531535420-272x182.jpg 272w\" sizes=\"auto, (max-width: 1000px) 100vw, 1000px\" \/><\/figure>\n\n\n\n<p class=\"wp-block-paragraph\">En dehors de ces partenariats, la <a href=\"https:\/\/www.mentalhealth.org.uk\/\"><strong>Fondation de la sant\u00e9 mentale<\/strong><\/a> au Royaume Uni, un organisme de bienfaisance pour la sant\u00e9 mentale de tous, pr\u00e9conise la pr\u00e9vention. Pour participer, la Fondation sugg\u00e8re que les gens portent une \u00e9pingle \u00e0 ruban vert, le symbole international de la sensibilisation \u00e0 la sant\u00e9 mentale (Organisation de la sant\u00e9 mentale, n.d.). <a href=\"https:\/\/www.mind.org.uk\"><strong>Mind for Better Health<\/strong><\/a>, une organisation britannique destin\u00e9e \u00e0 fournir plus d\u2019informations sur la sant\u00e9 mentale, offre \u00e9galement des moyens de s\u2019impliquer sur leur site web. Elle sugg\u00e8re notamment de s\u2019occuper de sa propre sant\u00e9 mentale et de lire des conseils sur le bien-\u00eatre dans la vie quotidienne et sur le lieu du travail. (Mind, n.d.)<\/p>\n\n\n\n<h2 class=\"wp-block-heading\"><strong>Que faire?<\/strong><\/h2>\n\n\n\n<p class=\"wp-block-paragraph\">Encore une fois, il est important d\u2019\u00eatre conscient, car la sensibilisation permet d\u2019agir pour pr\u00e9venir. Il y a certainement beaucoup de fa\u00e7ons de s\u2019impliquer et de montrer votre soutien. Si vous \u00eates int\u00e9ress\u00e9s, faites des recherches sur les sites Web pour obtenir plus d\u2019informations et trouvez votre propre fa\u00e7on de c\u00e9l\u00e9brer la Journ\u00e9e de la sant\u00e9 mentale de cette ann\u00e9e. Impliquez-vous !<\/p>\n\n\n\n<p class=\"wp-block-paragraph\"><strong><em>\u00c9crit par Leah Benque<\/em><\/strong><\/p>\n\n\n\n<p class=\"wp-block-paragraph\"><strong><em>Traduit par Dominique Jaensch<\/em><\/strong><\/p>\n\n\n\n<h2 class=\"wp-block-heading\"><strong>R\u00e9f\u00e9rences<\/strong><\/h2>\n\n\n\n<p class=\"wp-block-paragraph\">Association internationale\npour la pr\u00e9vention du suicide. (n.d.), \u201cBienvenue \u00e0 l\u2019Association\ninternationale pour la pr\u00e9vention du suicide,\u201d Association internationale pour\nla pr\u00e9vention du suicide. Extrait de IASP Info: https:\/\/www.iasp.info\/about.php<\/p>\n\n\n\n<p class=\"wp-block-paragraph\">Organisation de\nla sant\u00e9 mentale (n.d.), \u201cJourn\u00e9e de la sant\u00e9 mentale,\u201d Organisation de la sant\u00e9\nmentale. Extrait de Organisation de la sant\u00e9 mentale du Royaume Uni: https:\/\/www.mentalhealth.org.uk\/campaigns\/world-mental-health-day<\/p>\n\n\n\n<p class=\"wp-block-paragraph\">Mind (n.d.), le\n10 octobre est la Journ\u00e9e mondiale de la sant\u00e9 mentale,\u201d Mind Royaume Uni.\nExtrait de Mind Organization UK: https:\/\/www.mind.org.uk\/get-involved\/world-mental-health-day\/<\/p>\n\n\n\n<p class=\"wp-block-paragraph\">United for Global\nMental Health (n.d.), \u201cA propos de nous,\u201d United for Global Mental Health.\nExtrait de UNITEDGMH Organization: https:\/\/www.unitedgmh.org\/about-us<\/p>\n\n\n\n<p class=\"wp-block-paragraph\">F\u00e9d\u00e9ration mondiale\npour la sant\u00e9 mentale (n.d.), \u201cWMHD 2019 &#8211; Prise d\u2019Action, \u201c F\u00e9d\u00e9ration mondiale\npour la sant\u00e9 mentale. Extrait de WFMH Global:\nhttps:\/\/wfmh.global\/wmhd2019-taking-action\/<\/p>\n\n\n\n<p class=\"wp-block-paragraph\">Organisation mondiale\nde la sant\u00e9 (n.d.), \u201cPlan d\u2019action global en sant\u00e9 mentale 2013-2020,\u201d\nOrganisation mondiale de la sant\u00e9. Extrait de OMS International:\nhttps:\/\/www.who.int\/mental_health\/action_plan_2013\/en\/<\/p>\n\n\n\n<p class=\"wp-block-paragraph\">Organisation mondiale\nde la sant\u00e9 (n.d.), \u201cJourn\u00e9e mondiale de la sant\u00e9 mentale 2019: accent sur la\npr\u00e9vention du suicide,\u201d Organisation mondiale de la sant\u00e9. Extrait de OMS\n\u00c9v\u00e9nements: https:\/\/www.who.int\/news-room\/events\/detail\/2019\/10\/10\/default-calendar\/world-mental-health-day-2019-focus-on-suicide-prevention<\/p>\n\n\n\n<p class=\"wp-block-paragraph\">Organisation mondiale\nde la sant\u00e9 (n.d.), \u201cJourn\u00e9e mondiale de la sant\u00e9 mentale 2018 &#8211; 10 octobre &#8211; LES\nJEUNES ET LA SANT\u00c9 MENTALE DANS UN MONDE EN MUTATION\u201d Organisation mondiale de\nla sant\u00e9. Extrait de OMS International:\nhttps:\/\/www.who.int\/mental_health\/world-mental-health-day\/2018\/en\/<\/p>\n","protected":false},"excerpt":{"rendered":"<p>Chez Humanium, nous valorisons une approche d\u00e9velopp\u00e9e par les d\u00e9fenseurs des droits humains, avec des coachs de vie, des psychologues dipl\u00f4m\u00e9s en leadership et des th\u00e9rapeutes de l\u2019exp\u00e9rience somatique, des professionnels qui se concentrent sur la protection des enfants par la sensibilisation. Nous souhaitons que les enfants puissent devenir acteurs de leurs propres projets, souhaits [&hellip;]<\/p>\n","protected":false},"author":69,"featured_media":45325,"comment_status":"closed","ping_status":"closed","sticky":false,"template":"","format":"standard","meta":{"footnotes":""},"categories":[220,10],"tags":[],"class_list":["post-45321","post","type-post","status-publish","format-standard","has-post-thumbnail","hentry","category-droits-des-enfants","category-sante"],"yoast_head":"<!-- This site is optimized with the Yoast SEO plugin v28.3 - https:\/\/yoast.com\/product\/yoast-seo-wordpress\/ -->\n<title>En cette Journ\u00e9e mondiale de la sant\u00e9 mentale, engagez-vous ! - Humanium<\/title>\n<meta name=\"description\" content=\"Chez Humanium, nous valorisons une approche d\u00e9velopp\u00e9e par les d\u00e9fenseurs des droits humains, avec des coachs de vie, des psychologues dipl\u00f4m\u00e9s en leadership et des th\u00e9rapeutes de l\u2019exp\u00e9rience somatique, des professionnels qui se concentrent sur la protection des enfants par la sensibilisation.\" \/>\n<meta name=\"robots\" content=\"index, follow, max-snippet:-1, max-image-preview:large, max-video-preview:-1\" \/>\n<link rel=\"canonical\" href=\"https:\/\/www.humanium.org\/fr\/en-cette-journee-mondiale-de-la-sante-mentale-engagez-vous\/\" \/>\n<meta property=\"og:locale\" content=\"fr_FR\" \/>\n<meta property=\"og:type\" content=\"article\" \/>\n<meta property=\"og:title\" content=\"En cette Journ\u00e9e mondiale de la sant\u00e9 mentale, engagez-vous ! - Humanium\" \/>\n<meta property=\"og:description\" content=\"Chez Humanium, nous valorisons une approche d\u00e9velopp\u00e9e par les d\u00e9fenseurs des droits humains, avec des coachs de vie, des psychologues dipl\u00f4m\u00e9s en leadership et des th\u00e9rapeutes de l\u2019exp\u00e9rience somatique, des professionnels qui se concentrent sur la protection des enfants par la sensibilisation.\" \/>\n<meta property=\"og:url\" content=\"https:\/\/www.humanium.org\/fr\/en-cette-journee-mondiale-de-la-sante-mentale-engagez-vous\/\" \/>\n<meta property=\"og:site_name\" content=\"Humanium\" \/>\n<meta property=\"article:published_time\" content=\"2019-10-08T19:32:40+00:00\" \/>\n<meta property=\"article:modified_time\" content=\"2025-12-10T02:54:45+00:00\" \/>\n<meta property=\"og:image\" content=\"https:\/\/www.humanium.org\/fr\/wp-content\/uploads\/2019\/10\/shutterstock_1119680594.jpg\" \/>\n\t<meta property=\"og:image:width\" content=\"1000\" \/>\n\t<meta property=\"og:image:height\" content=\"667\" \/>\n\t<meta property=\"og:image:type\" content=\"image\/jpeg\" \/>\n<meta name=\"author\" content=\"Humanium\" \/>\n<meta name=\"twitter:card\" content=\"summary_large_image\" \/>\n<meta name=\"twitter:label1\" content=\"\u00c9crit par\" \/>\n\t<meta name=\"twitter:data1\" content=\"Humanium\" \/>\n\t<meta name=\"twitter:label2\" content=\"Dur\u00e9e de lecture estim\u00e9e\" \/>\n\t<meta name=\"twitter:data2\" content=\"8 minutes\" \/>\n<script type=\"application\/ld+json\" class=\"yoast-schema-graph\">{\"@context\":\"https:\\\/\\\/schema.org\",\"@graph\":[{\"@type\":\"Article\",\"@id\":\"https:\\\/\\\/www.humanium.org\\\/fr\\\/en-cette-journee-mondiale-de-la-sante-mentale-engagez-vous\\\/#article\",\"isPartOf\":{\"@id\":\"https:\\\/\\\/www.humanium.org\\\/fr\\\/en-cette-journee-mondiale-de-la-sante-mentale-engagez-vous\\\/\"},\"author\":{\"name\":\"Humanium\",\"@id\":\"https:\\\/\\\/www.humanium.org\\\/fr\\\/#\\\/schema\\\/person\\\/d798d6c7d59ba2307e0877f61a20ce3e\"},\"headline\":\"En cette Journ\u00e9e mondiale de la sant\u00e9 mentale, engagez-vous !\",\"datePublished\":\"2019-10-08T19:32:40+00:00\",\"dateModified\":\"2025-12-10T02:54:45+00:00\",\"mainEntityOfPage\":{\"@id\":\"https:\\\/\\\/www.humanium.org\\\/fr\\\/en-cette-journee-mondiale-de-la-sante-mentale-engagez-vous\\\/\"},\"wordCount\":1645,\"image\":{\"@id\":\"https:\\\/\\\/www.humanium.org\\\/fr\\\/en-cette-journee-mondiale-de-la-sante-mentale-engagez-vous\\\/#primaryimage\"},\"thumbnailUrl\":\"https:\\\/\\\/www.humanium.org\\\/fr\\\/wp-content\\\/uploads\\\/2019\\\/10\\\/shutterstock_1119680594.jpg\",\"articleSection\":[\"Droits des enfants\",\"Sant\u00e9\"],\"inLanguage\":\"fr-FR\"},{\"@type\":\"WebPage\",\"@id\":\"https:\\\/\\\/www.humanium.org\\\/fr\\\/en-cette-journee-mondiale-de-la-sante-mentale-engagez-vous\\\/\",\"url\":\"https:\\\/\\\/www.humanium.org\\\/fr\\\/en-cette-journee-mondiale-de-la-sante-mentale-engagez-vous\\\/\",\"name\":\"En cette Journ\u00e9e mondiale de la sant\u00e9 mentale, engagez-vous ! - Humanium\",\"isPartOf\":{\"@id\":\"https:\\\/\\\/www.humanium.org\\\/fr\\\/#website\"},\"primaryImageOfPage\":{\"@id\":\"https:\\\/\\\/www.humanium.org\\\/fr\\\/en-cette-journee-mondiale-de-la-sante-mentale-engagez-vous\\\/#primaryimage\"},\"image\":{\"@id\":\"https:\\\/\\\/www.humanium.org\\\/fr\\\/en-cette-journee-mondiale-de-la-sante-mentale-engagez-vous\\\/#primaryimage\"},\"thumbnailUrl\":\"https:\\\/\\\/www.humanium.org\\\/fr\\\/wp-content\\\/uploads\\\/2019\\\/10\\\/shutterstock_1119680594.jpg\",\"datePublished\":\"2019-10-08T19:32:40+00:00\",\"dateModified\":\"2025-12-10T02:54:45+00:00\",\"author\":{\"@id\":\"https:\\\/\\\/www.humanium.org\\\/fr\\\/#\\\/schema\\\/person\\\/d798d6c7d59ba2307e0877f61a20ce3e\"},\"description\":\"Chez Humanium, nous valorisons une approche d\u00e9velopp\u00e9e par les d\u00e9fenseurs des droits humains, avec des coachs de vie, des psychologues dipl\u00f4m\u00e9s en leadership et des th\u00e9rapeutes de l\u2019exp\u00e9rience somatique, des professionnels qui se concentrent sur la protection des enfants par la sensibilisation.\",\"breadcrumb\":{\"@id\":\"https:\\\/\\\/www.humanium.org\\\/fr\\\/en-cette-journee-mondiale-de-la-sante-mentale-engagez-vous\\\/#breadcrumb\"},\"inLanguage\":\"fr-FR\",\"potentialAction\":[{\"@type\":\"ReadAction\",\"target\":[\"https:\\\/\\\/www.humanium.org\\\/fr\\\/en-cette-journee-mondiale-de-la-sante-mentale-engagez-vous\\\/\"]}]},{\"@type\":\"ImageObject\",\"inLanguage\":\"fr-FR\",\"@id\":\"https:\\\/\\\/www.humanium.org\\\/fr\\\/en-cette-journee-mondiale-de-la-sante-mentale-engagez-vous\\\/#primaryimage\",\"url\":\"https:\\\/\\\/www.humanium.org\\\/fr\\\/wp-content\\\/uploads\\\/2019\\\/10\\\/shutterstock_1119680594.jpg\",\"contentUrl\":\"https:\\\/\\\/www.humanium.org\\\/fr\\\/wp-content\\\/uploads\\\/2019\\\/10\\\/shutterstock_1119680594.jpg\",\"width\":1000,\"height\":667},{\"@type\":\"BreadcrumbList\",\"@id\":\"https:\\\/\\\/www.humanium.org\\\/fr\\\/en-cette-journee-mondiale-de-la-sante-mentale-engagez-vous\\\/#breadcrumb\",\"itemListElement\":[{\"@type\":\"ListItem\",\"position\":1,\"name\":\"Home\",\"item\":\"https:\\\/\\\/www.humanium.org\\\/fr\\\/\"},{\"@type\":\"ListItem\",\"position\":2,\"name\":\"En cette Journ\u00e9e mondiale de la sant\u00e9 mentale, engagez-vous !\"}]},{\"@type\":\"WebSite\",\"@id\":\"https:\\\/\\\/www.humanium.org\\\/fr\\\/#website\",\"url\":\"https:\\\/\\\/www.humanium.org\\\/fr\\\/\",\"name\":\"Humanium\",\"description\":\"Les enfants d\u2019abord !\",\"potentialAction\":[{\"@type\":\"SearchAction\",\"target\":{\"@type\":\"EntryPoint\",\"urlTemplate\":\"https:\\\/\\\/www.humanium.org\\\/fr\\\/?s={search_term_string}\"},\"query-input\":{\"@type\":\"PropertyValueSpecification\",\"valueRequired\":true,\"valueName\":\"search_term_string\"}}],\"inLanguage\":\"fr-FR\"},{\"@type\":\"Person\",\"@id\":\"https:\\\/\\\/www.humanium.org\\\/fr\\\/#\\\/schema\\\/person\\\/d798d6c7d59ba2307e0877f61a20ce3e\",\"name\":\"Humanium\",\"image\":{\"@type\":\"ImageObject\",\"inLanguage\":\"fr-FR\",\"@id\":\"https:\\\/\\\/secure.gravatar.com\\\/avatar\\\/22715e338d2fcc547e3a431c4738360d33fea2a4af458f865b2c3b22f1eaa51f?s=96&d=mm&r=g\",\"url\":\"https:\\\/\\\/secure.gravatar.com\\\/avatar\\\/22715e338d2fcc547e3a431c4738360d33fea2a4af458f865b2c3b22f1eaa51f?s=96&d=mm&r=g\",\"contentUrl\":\"https:\\\/\\\/secure.gravatar.com\\\/avatar\\\/22715e338d2fcc547e3a431c4738360d33fea2a4af458f865b2c3b22f1eaa51f?s=96&d=mm&r=g\",\"caption\":\"Humanium\"},\"url\":\"https:\\\/\\\/www.humanium.org\\\/fr\\\/author\\\/humanium\\\/\"}]}<\/script>\n<!-- \/ Yoast SEO plugin. -->","yoast_head_json":{"title":"En cette Journ\u00e9e mondiale de la sant\u00e9 mentale, engagez-vous ! - Humanium","description":"Chez Humanium, nous valorisons une approche d\u00e9velopp\u00e9e par les d\u00e9fenseurs des droits humains, avec des coachs de vie, des psychologues dipl\u00f4m\u00e9s en leadership et des th\u00e9rapeutes de l\u2019exp\u00e9rience somatique, des professionnels qui se concentrent sur la protection des enfants par la sensibilisation.","robots":{"index":"index","follow":"follow","max-snippet":"max-snippet:-1","max-image-preview":"max-image-preview:large","max-video-preview":"max-video-preview:-1"},"canonical":"https:\/\/www.humanium.org\/fr\/en-cette-journee-mondiale-de-la-sante-mentale-engagez-vous\/","og_locale":"fr_FR","og_type":"article","og_title":"En cette Journ\u00e9e mondiale de la sant\u00e9 mentale, engagez-vous ! - Humanium","og_description":"Chez Humanium, nous valorisons une approche d\u00e9velopp\u00e9e par les d\u00e9fenseurs des droits humains, avec des coachs de vie, des psychologues dipl\u00f4m\u00e9s en leadership et des th\u00e9rapeutes de l\u2019exp\u00e9rience somatique, des professionnels qui se concentrent sur la protection des enfants par la sensibilisation.","og_url":"https:\/\/www.humanium.org\/fr\/en-cette-journee-mondiale-de-la-sante-mentale-engagez-vous\/","og_site_name":"Humanium","article_published_time":"2019-10-08T19:32:40+00:00","article_modified_time":"2025-12-10T02:54:45+00:00","og_image":[{"width":1000,"height":667,"url":"https:\/\/www.humanium.org\/fr\/wp-content\/uploads\/2019\/10\/shutterstock_1119680594.jpg","type":"image\/jpeg"}],"author":"Humanium","twitter_card":"summary_large_image","twitter_misc":{"\u00c9crit par":"Humanium","Dur\u00e9e de lecture estim\u00e9e":"8 minutes"},"schema":{"@context":"https:\/\/schema.org","@graph":[{"@type":"Article","@id":"https:\/\/www.humanium.org\/fr\/en-cette-journee-mondiale-de-la-sante-mentale-engagez-vous\/#article","isPartOf":{"@id":"https:\/\/www.humanium.org\/fr\/en-cette-journee-mondiale-de-la-sante-mentale-engagez-vous\/"},"author":{"name":"Humanium","@id":"https:\/\/www.humanium.org\/fr\/#\/schema\/person\/d798d6c7d59ba2307e0877f61a20ce3e"},"headline":"En cette Journ\u00e9e mondiale de la sant\u00e9 mentale, engagez-vous !","datePublished":"2019-10-08T19:32:40+00:00","dateModified":"2025-12-10T02:54:45+00:00","mainEntityOfPage":{"@id":"https:\/\/www.humanium.org\/fr\/en-cette-journee-mondiale-de-la-sante-mentale-engagez-vous\/"},"wordCount":1645,"image":{"@id":"https:\/\/www.humanium.org\/fr\/en-cette-journee-mondiale-de-la-sante-mentale-engagez-vous\/#primaryimage"},"thumbnailUrl":"https:\/\/www.humanium.org\/fr\/wp-content\/uploads\/2019\/10\/shutterstock_1119680594.jpg","articleSection":["Droits des enfants","Sant\u00e9"],"inLanguage":"fr-FR"},{"@type":"WebPage","@id":"https:\/\/www.humanium.org\/fr\/en-cette-journee-mondiale-de-la-sante-mentale-engagez-vous\/","url":"https:\/\/www.humanium.org\/fr\/en-cette-journee-mondiale-de-la-sante-mentale-engagez-vous\/","name":"En cette Journ\u00e9e mondiale de la sant\u00e9 mentale, engagez-vous ! - Humanium","isPartOf":{"@id":"https:\/\/www.humanium.org\/fr\/#website"},"primaryImageOfPage":{"@id":"https:\/\/www.humanium.org\/fr\/en-cette-journee-mondiale-de-la-sante-mentale-engagez-vous\/#primaryimage"},"image":{"@id":"https:\/\/www.humanium.org\/fr\/en-cette-journee-mondiale-de-la-sante-mentale-engagez-vous\/#primaryimage"},"thumbnailUrl":"https:\/\/www.humanium.org\/fr\/wp-content\/uploads\/2019\/10\/shutterstock_1119680594.jpg","datePublished":"2019-10-08T19:32:40+00:00","dateModified":"2025-12-10T02:54:45+00:00","author":{"@id":"https:\/\/www.humanium.org\/fr\/#\/schema\/person\/d798d6c7d59ba2307e0877f61a20ce3e"},"description":"Chez Humanium, nous valorisons une approche d\u00e9velopp\u00e9e par les d\u00e9fenseurs des droits humains, avec des coachs de vie, des psychologues dipl\u00f4m\u00e9s en leadership et des th\u00e9rapeutes de l\u2019exp\u00e9rience somatique, des professionnels qui se concentrent sur la protection des enfants par la sensibilisation.","breadcrumb":{"@id":"https:\/\/www.humanium.org\/fr\/en-cette-journee-mondiale-de-la-sante-mentale-engagez-vous\/#breadcrumb"},"inLanguage":"fr-FR","potentialAction":[{"@type":"ReadAction","target":["https:\/\/www.humanium.org\/fr\/en-cette-journee-mondiale-de-la-sante-mentale-engagez-vous\/"]}]},{"@type":"ImageObject","inLanguage":"fr-FR","@id":"https:\/\/www.humanium.org\/fr\/en-cette-journee-mondiale-de-la-sante-mentale-engagez-vous\/#primaryimage","url":"https:\/\/www.humanium.org\/fr\/wp-content\/uploads\/2019\/10\/shutterstock_1119680594.jpg","contentUrl":"https:\/\/www.humanium.org\/fr\/wp-content\/uploads\/2019\/10\/shutterstock_1119680594.jpg","width":1000,"height":667},{"@type":"BreadcrumbList","@id":"https:\/\/www.humanium.org\/fr\/en-cette-journee-mondiale-de-la-sante-mentale-engagez-vous\/#breadcrumb","itemListElement":[{"@type":"ListItem","position":1,"name":"Home","item":"https:\/\/www.humanium.org\/fr\/"},{"@type":"ListItem","position":2,"name":"En cette Journ\u00e9e mondiale de la sant\u00e9 mentale, engagez-vous !"}]},{"@type":"WebSite","@id":"https:\/\/www.humanium.org\/fr\/#website","url":"https:\/\/www.humanium.org\/fr\/","name":"Humanium","description":"Les enfants d\u2019abord !","potentialAction":[{"@type":"SearchAction","target":{"@type":"EntryPoint","urlTemplate":"https:\/\/www.humanium.org\/fr\/?s={search_term_string}"},"query-input":{"@type":"PropertyValueSpecification","valueRequired":true,"valueName":"search_term_string"}}],"inLanguage":"fr-FR"},{"@type":"Person","@id":"https:\/\/www.humanium.org\/fr\/#\/schema\/person\/d798d6c7d59ba2307e0877f61a20ce3e","name":"Humanium","image":{"@type":"ImageObject","inLanguage":"fr-FR","@id":"https:\/\/secure.gravatar.com\/avatar\/22715e338d2fcc547e3a431c4738360d33fea2a4af458f865b2c3b22f1eaa51f?s=96&d=mm&r=g","url":"https:\/\/secure.gravatar.com\/avatar\/22715e338d2fcc547e3a431c4738360d33fea2a4af458f865b2c3b22f1eaa51f?s=96&d=mm&r=g","contentUrl":"https:\/\/secure.gravatar.com\/avatar\/22715e338d2fcc547e3a431c4738360d33fea2a4af458f865b2c3b22f1eaa51f?s=96&d=mm&r=g","caption":"Humanium"},"url":"https:\/\/www.humanium.org\/fr\/author\/humanium\/"}]}},"_links":{"self":[{"href":"https:\/\/www.humanium.org\/fr\/wp-json\/wp\/v2\/posts\/45321","targetHints":{"allow":["GET"]}}],"collection":[{"href":"https:\/\/www.humanium.org\/fr\/wp-json\/wp\/v2\/posts"}],"about":[{"href":"https:\/\/www.humanium.org\/fr\/wp-json\/wp\/v2\/types\/post"}],"author":[{"embeddable":true,"href":"https:\/\/www.humanium.org\/fr\/wp-json\/wp\/v2\/users\/69"}],"replies":[{"embeddable":true,"href":"https:\/\/www.humanium.org\/fr\/wp-json\/wp\/v2\/comments?post=45321"}],"version-history":[{"count":4,"href":"https:\/\/www.humanium.org\/fr\/wp-json\/wp\/v2\/posts\/45321\/revisions"}],"predecessor-version":[{"id":61390,"href":"https:\/\/www.humanium.org\/fr\/wp-json\/wp\/v2\/posts\/45321\/revisions\/61390"}],"wp:featuredmedia":[{"embeddable":true,"href":"https:\/\/www.humanium.org\/fr\/wp-json\/wp\/v2\/media\/45325"}],"wp:attachment":[{"href":"https:\/\/www.humanium.org\/fr\/wp-json\/wp\/v2\/media?parent=45321"}],"wp:term":[{"taxonomy":"category","embeddable":true,"href":"https:\/\/www.humanium.org\/fr\/wp-json\/wp\/v2\/categories?post=45321"},{"taxonomy":"post_tag","embeddable":true,"href":"https:\/\/www.humanium.org\/fr\/wp-json\/wp\/v2\/tags?post=45321"}],"curies":[{"name":"wp","href":"https:\/\/api.w.org\/{rel}","templated":true}]}}