{"id":45346,"date":"2019-10-10T18:31:39","date_gmt":"2019-10-10T18:31:39","guid":{"rendered":"https:\/\/www.humanium.org\/fr\/?p=45346"},"modified":"2026-08-20T17:24:21","modified_gmt":"2026-08-20T17:24:21","slug":"journee-internationale-des-filles","status":"publish","type":"post","link":"https:\/\/www.humanium.org\/fr\/journee-internationale-des-filles\/","title":{"rendered":"Journ\u00e9e internationale des filles"},"content":{"rendered":"\n<h2 class=\"wp-block-heading\"><strong>Les filles\n: une force libre et inarr\u00eatable<\/strong><\/h2>\n\n\n\n<blockquote class=\"wp-block-quote is-layout-flow wp-block-quote-is-layout-flow\"><p><em>\u00ab&nbsp;L\u2019autonomisation des filles et l\u2019investissement dans les filles sont cruciaux pour briser l\u2019engrenage de la discrimination et de la violence et pour promouvoir et prot\u00e9ger l\u2019exercice plein et effectif de leurs droits fondamentaux.&nbsp;\u00bb<\/em><\/p><cite> &#8211; Extrait de la r\u00e9solution des Nations Unies 66\/170 <\/cite><\/blockquote>\n\n\n\n<p class=\"wp-block-paragraph\">Il y a environ 25 ans, de nombreux hommes\net femmes de divers pays assistaient \u00e0 la Quatri\u00e8me conf\u00e9rence mondiale sur les\nfemmes \u00e0 P\u00e9kin, o\u00f9 a \u00e9t\u00e9 prise la d\u00e9cision de reconna\u00eetre les droits des femmes\net des filles comme droits fondamentaux, en adoptant la D\u00e9claration\net le programme d&rsquo;action de P\u00e9kin .<\/p>\n\n\n\n<p class=\"wp-block-paragraph\">Puis, le 19 d\u00e9cembre 2011, \u00e0 la suite d&rsquo;activit\u00e9s de sensibilisation men\u00e9es par des jeunes du monde entier, l&rsquo;Assembl\u00e9e g\u00e9n\u00e9rale des Nations Unies a adopt\u00e9 la r\u00e9solution 66\/170, dans laquelle le 11 octobre a \u00e9t\u00e9 proclam\u00e9 Journ\u00e9e internationale des filles.<\/p>\n\n\n\n<figure class=\"wp-block-image\"><img loading=\"lazy\" decoding=\"async\" width=\"1000\" height=\"576\" src=\"https:\/\/www.humanium.org\/fr\/wp-content\/uploads\/2019\/10\/shutterstock_210171145-1.jpg\" alt=\"\" class=\"wp-image-45353\" srcset=\"https:\/\/www.humanium.org\/fr\/wp-content\/uploads\/2019\/10\/shutterstock_210171145-1.jpg 1000w, https:\/\/www.humanium.org\/fr\/wp-content\/uploads\/2019\/10\/shutterstock_210171145-1-300x173.jpg 300w, https:\/\/www.humanium.org\/fr\/wp-content\/uploads\/2019\/10\/shutterstock_210171145-1-768x442.jpg 768w, https:\/\/www.humanium.org\/fr\/wp-content\/uploads\/2019\/10\/shutterstock_210171145-1-830x478.jpg 830w, https:\/\/www.humanium.org\/fr\/wp-content\/uploads\/2019\/10\/shutterstock_210171145-1-230x132.jpg 230w, https:\/\/www.humanium.org\/fr\/wp-content\/uploads\/2019\/10\/shutterstock_210171145-1-350x202.jpg 350w, https:\/\/www.humanium.org\/fr\/wp-content\/uploads\/2019\/10\/shutterstock_210171145-1-480x276.jpg 480w\" sizes=\"auto, (max-width: 1000px) 100vw, 1000px\" \/><\/figure>\n\n\n\n<p class=\"wp-block-paragraph\">Cette journ\u00e9e est explicitement consacr\u00e9e\nau d\u00e9veloppement de la parole des filles, \u00e0 leur \u00e9mancipation et \u00e0 la reconnaissance\nde leurs droits. Elle vise \u00e0 attirer l&rsquo;attention sur le besoin urgent de faire\nface aux d\u00e9fis, aux dangers, aux pr\u00e9jug\u00e9s et aux injustices auxquels les filles\nsont confront\u00e9es, tels que le mariage des enfants, les in\u00e9galit\u00e9s en mati\u00e8re\nd&rsquo;\u00e9ducation et la violence sexiste.<\/p>\n\n\n\n<p class=\"wp-block-paragraph\">Cette ann\u00e9e, sous le th\u00e8me <strong>\u00ab&nbsp;Les filles : une force libre et\ninarr\u00eatable&nbsp;\u00bb <\/strong>des actions r\u00e9alis\u00e9es par, avec et pour\nles filles depuis l&rsquo;adoption de la D\u00e9claration et du Programme d&rsquo;action de P\u00e9kin,\nseront c\u00e9l\u00e9br\u00e9es.<\/p>\n\n\n\n<h2 class=\"wp-block-heading\"><strong>\u00catre\nune fille aujourd\u2019hui<\/strong><\/h2>\n\n\n\n<p class=\"wp-block-paragraph\">Bien que d&rsquo;importantes am\u00e9liorations ne doivent pas \u00eatre ignor\u00e9es, telles que de nouveaux fonds, associations et mouvements soutenant les filles, de nombreuses filles dans le monde sont toujours soumises au mariage des enfants, \u00e0 la traite, au travail forc\u00e9 et \u00e0 la violence. <\/p>\n\n\n\n<div class=\"wp-block-image\"><figure class=\"alignright is-resized\"><img loading=\"lazy\" decoding=\"async\" src=\"https:\/\/www.humanium.org\/fr\/wp-content\/uploads\/2019\/10\/shutterstock_358649762.jpg\" alt=\"\" class=\"wp-image-45348\" width=\"326\" height=\"217\" srcset=\"https:\/\/www.humanium.org\/fr\/wp-content\/uploads\/2019\/10\/shutterstock_358649762.jpg 1000w, https:\/\/www.humanium.org\/fr\/wp-content\/uploads\/2019\/10\/shutterstock_358649762-300x200.jpg 300w, https:\/\/www.humanium.org\/fr\/wp-content\/uploads\/2019\/10\/shutterstock_358649762-768x512.jpg 768w, https:\/\/www.humanium.org\/fr\/wp-content\/uploads\/2019\/10\/shutterstock_358649762-830x554.jpg 830w, https:\/\/www.humanium.org\/fr\/wp-content\/uploads\/2019\/10\/shutterstock_358649762-230x153.jpg 230w, https:\/\/www.humanium.org\/fr\/wp-content\/uploads\/2019\/10\/shutterstock_358649762-350x233.jpg 350w, https:\/\/www.humanium.org\/fr\/wp-content\/uploads\/2019\/10\/shutterstock_358649762-480x320.jpg 480w, https:\/\/www.humanium.org\/fr\/wp-content\/uploads\/2019\/10\/shutterstock_358649762-272x182.jpg 272w\" sizes=\"auto, (max-width: 326px) 100vw, 326px\" \/><\/figure><\/div>\n\n\n\n<p class=\"wp-block-paragraph\">Beaucoup se voient refuser l&rsquo;acc\u00e8s \u00e0 l&rsquo;\u00e9ducation et ont moins acc\u00e8s \u00e0 l&rsquo;information, aux technologies de communication et aux ressources que les gar\u00e7ons. En outre, le nombre de d\u00e9c\u00e8s li\u00e9s au genre a consid\u00e9rablement augment\u00e9, ce qui constitue un grave probl\u00e8me dans le monde d&rsquo;aujourd&rsquo;hui.<\/p>\n\n\n\n<p class=\"wp-block-paragraph\">Sur une note plus positive, certaines filles brisent les limites impos\u00e9es par les st\u00e9r\u00e9otypes et la s\u00e9gr\u00e9gation. Elles acqui\u00e8rent des comp\u00e9tences pour exceller dans certains domaines professionnels et obtiennent de nombreux postes \u00e0 responsabilit\u00e9 en tant que chefs d\u2019entreprise, dans l\u2019innovation et dans la prise de d\u00e9cisions. <\/p>\n\n\n\n<p class=\"wp-block-paragraph\">Une action f\u00e9ministe r\u00e9ussie, par exemple, est le mouvement \u00ab#Ni Una Menos\u00bb (\u00abPas une de moins\u00bb). Ce mouvement s&rsquo;est \u00e9tendu \u00e0 toute l&rsquo;Am\u00e9rique latine, attirant l&rsquo;attention sur les taux excessifs de f\u00e9minicides dans la r\u00e9gion. En outre, des organisations telles que NOW (Organisation pour les femmes aux Etats-Unis), l&rsquo;UNESCO et la TRCC (<em>Truth, Reconciliation and Reparations Commission<\/em>) ont \u00e9galement eu un impact significatif sur les droits des filles et des femmes. Gr\u00e2ce \u00e0 ce type d\u2019initiatives, qui expliquent les probl\u00e8mes en les \u00e9tayant par des preuves, de nombreuses organisations de d\u00e9fense des droits des femmes ont consid\u00e9rablement modifi\u00e9 les politiques, les l\u00e9gislations, les services et m\u00eame l&rsquo;opinion publique.<\/p>\n\n\n\n<h2 class=\"wp-block-heading\"><strong>Aller\nde l\u2019avant<\/strong><\/h2>\n\n\n\n<p class=\"wp-block-paragraph\">Depuis la D\u00e9claration\net le programme d&rsquo;action de P\u00e9kin, les progr\u00e8s op\u00e9r\u00e9s au cours des 25\nderni\u00e8res ann\u00e9es sont remarquables. \u00c0 l&rsquo;avenir, ces progr\u00e8s doivent \u00eatre\nmaintenus : davantage de voix de filles doivent \u00eatre entendues et les\nopportunit\u00e9s qui leur sont offertes doivent \u00eatre multipli\u00e9es. La Journ\u00e9e\ninternationale des filles mettra en lumi\u00e8re la n\u00e9cessit\u00e9 d&rsquo;investir dans les\nbesoins et les opportunit\u00e9s des filles, ce qui permettra d&rsquo;envisager un avenir\nmeilleur, plus prosp\u00e8re et \u00e9gal pour tous. L\u2019un des objectifs de d\u00e9veloppement\ndurable de l\u2019agenda 2030, sign\u00e9 par 193 pays, est l\u2019\u00e9galit\u00e9 des sexes, qui\nam\u00e9liorera notablement le statut des filles dans les d\u00e9lais impartis.<\/p>\n\n\n\n<p class=\"wp-block-paragraph\">Les filles ont le droit d\u2019\u00eatre en s\u00e9curit\u00e9, de recevoir une \u00e9ducation et d\u2019\u00eatre en bonne sant\u00e9. Si ces besoins sont suffisamment satisfaits, elles ont le potentiel d&rsquo;influencer et de remodeler le monde \u00e0 grande \u00e9chelle. Elles peuvent \u00eatre les chefs d\u2019entreprise, les salari\u00e9es, les m\u00e9decins, les dirigeants politiques et les m\u00e8res de demain. En tant qu&rsquo;initiatrices d&rsquo;actions mondiales, les filles fa\u00e7onnent un monde pertinent pour elles et pour les g\u00e9n\u00e9rations futures. Elles prouvent qu&rsquo;elles sont imbattables et spontan\u00e9es.<\/p>\n\n\n\n<figure class=\"wp-block-image\"><img loading=\"lazy\" decoding=\"async\" width=\"1000\" height=\"531\" src=\"https:\/\/www.humanium.org\/fr\/wp-content\/uploads\/2019\/10\/shutterstock_759279811.jpg\" alt=\"\" class=\"wp-image-45349\" srcset=\"https:\/\/www.humanium.org\/fr\/wp-content\/uploads\/2019\/10\/shutterstock_759279811.jpg 1000w, https:\/\/www.humanium.org\/fr\/wp-content\/uploads\/2019\/10\/shutterstock_759279811-300x159.jpg 300w, https:\/\/www.humanium.org\/fr\/wp-content\/uploads\/2019\/10\/shutterstock_759279811-768x408.jpg 768w, https:\/\/www.humanium.org\/fr\/wp-content\/uploads\/2019\/10\/shutterstock_759279811-830x441.jpg 830w, https:\/\/www.humanium.org\/fr\/wp-content\/uploads\/2019\/10\/shutterstock_759279811-230x122.jpg 230w, https:\/\/www.humanium.org\/fr\/wp-content\/uploads\/2019\/10\/shutterstock_759279811-350x186.jpg 350w, https:\/\/www.humanium.org\/fr\/wp-content\/uploads\/2019\/10\/shutterstock_759279811-480x255.jpg 480w\" sizes=\"auto, (max-width: 1000px) 100vw, 1000px\" \/><\/figure>\n\n\n\n<h2 class=\"wp-block-heading\"><strong>Centre\nde formation sp\u00e9cial pour les anciens enfants travailleurs<\/strong><\/h2>\n\n\n\n<p class=\"wp-block-paragraph\">Chez Humanium, nous travaillons avec des femmes leaders sur le terrain, car l&rsquo;\u00e9mancipation des femmes et des filles est extr\u00eamement importante pour nous et nous sommes convaincus qu&rsquo;un avenir entre des mains plus justes et plus pacifiques fonctionne avec des femmes qui dirigent. C\u2019est pourquoi le fait que les filles soient scolaris\u00e9es est d\u2019une importance capitale pour nous et devrait l&rsquo;\u00eatre pour tout le monde. <\/p>\n\n\n\n<p class=\"wp-block-paragraph\">De plus, nous travaillons en \u00e9troite collaboration avec les filles victimes de violations des droits de l\u2019enfant. Le centre de formation et d\u2019h\u00e9bergement pour des enfants qui travaillaient (Residential Special Training Centre for former child laborers) est un projet qui traite ce probl\u00e8me. Le centre a pour objectif de mettre fin au travail des enfants par l&rsquo;\u00e9ducation. Il offre aux jeunes un soutien p\u00e9dagogique, physique, mental et \u00e9motionnel personnalis\u00e9 et, \u00e0 terme, r\u00e9int\u00e8gre les enfants dans les \u00e9coles publiques. <\/p>\n\n\n\n<p class=\"wp-block-paragraph\">Ce projet, bas\u00e9 \u00e0 Madhya Pradesh, en <a href=\"https:\/\/www.humanium.org\/fr\/inde\/\">Inde<\/a>, est r\u00e9alis\u00e9 en collaboration avec un partenaire local, <a href=\"https:\/\/www.hihindia.org\/\">Hand in Hand India<\/a>. Le centre de formation et d\u2019h\u00e9bergement a \u00e9t\u00e9 mis en place pour 50 filles travailleuses ou expos\u00e9es au risque de travail des enfants. Le jeu et l&rsquo;\u00e9ducation vont de pair dans notre centre au Madhya Pradesh, visant \u00e0 cr\u00e9er un environnement s\u00e9curisant, \u00e9ducatif et propice \u00e0 l&rsquo;apprentissage pour tous. Le centre de formation s&rsquo;est av\u00e9r\u00e9 le lieu le plus appropri\u00e9 car son objectif principal est de r\u00e9tablir les liens sociaux et de r\u00e9duire les retards de d\u00e9veloppement intellectuel et physiologique des enfants.<\/p>\n\n\n\n<p class=\"wp-block-paragraph\"><em><strong>R\u00e9dig\u00e9 par Yagmur Ozturk<\/strong><\/em><\/p>\n\n\n\n<p class=\"wp-block-paragraph\"><em><strong>Traduit par Marion Brasseur-Ordaz<\/strong><\/em><\/p>\n\n\n\n<h2 class=\"wp-block-heading\"><strong>References:<\/strong><\/h2>\n\n\n\n<p class=\"wp-block-paragraph\">Humanium,\n\u2018Residential Special Training Centre for former child labourers, Madhya\nPradesh, India\u2019. (2018, November). Extrait de https:\/\/www.humanium.org\/en\/new-rstc\/<\/p>\n\n\n\n<p class=\"wp-block-paragraph\">UNESCO,\n\u2018International Day of the Girl Child.\u2019 (2018, November 16). Extrait de <a href=\"https:\/\/en.unesco.org\/commemorations\/internationaldaygirlchild\">https:\/\/en.unesco.org\/commemorations\/internationaldaygirlchild<\/a>\n<\/p>\n\n\n\n<p class=\"wp-block-paragraph\">UNICEF, \u2018IDG 2019\nConcept Note\u2019 Extrait de <a href=\"https:\/\/www.un.org\/en\/events\/girlchild\/assets\/pdf\/IDG%202019%20Concept%20Note.pdf\">https:\/\/www.un.org\/en\/events\/girlchild\/assets\/pdf\/IDG%202019%20Concept%20Note.pdf<\/a><\/p>\n\n\n\n<p class=\"wp-block-paragraph\">UNICEF,\n\u2018International Day of the Girl 2019.\u2019 Extrait de https:\/\/www.unicef.org\/gender-equality\/international-day-girl-2019<\/p>\n\n\n\n<p class=\"wp-block-paragraph\">United Nations,\n\u2018Gender equality and women&rsquo;s empowerment.\u2019 Extrait de <a href=\"https:\/\/www.un.org\/sustainabledevelopment\/gender-equality\/\">https:\/\/www.un.org\/sustainabledevelopment\/gender-equality\/<\/a><\/p>\n\n\n\n<p class=\"wp-block-paragraph\">United Nations,\n\u2018TURNING PROMISES INTO ACTION: GENDER EQUALITY IN THE 2030 AGENDA FOR SUSTAINABLE\nDEVELOPMENT\u2019 Extrait de https:\/\/www.unwomen.org\/-\/media\/headquarters\/attachments\/sections\/library\/publications\/2018\/sdg-report-gender-equality-in-the-2030-agenda-for-sustainable-development-2018-en.pdf?la=en&amp;vs=4332\n<\/p>\n\n\n\n<p class=\"wp-block-paragraph\">UN Women,\n\u2018International Day of the Girl Child.\u2019 Extrait de <a href=\"https:\/\/www.unwomen.org\/en\/news\/in-focus\/girl-child\">https:\/\/www.unwomen.org\/en\/news\/in-focus\/girl-child<\/a><\/p>\n","protected":false},"excerpt":{"rendered":"<p>Les filles : une force libre et inarr\u00eatable \u00ab&nbsp;L\u2019autonomisation des filles et l\u2019investissement dans les filles sont cruciaux pour briser l\u2019engrenage de la discrimination et de la violence et pour promouvoir et prot\u00e9ger l\u2019exercice plein et effectif de leurs droits fondamentaux.&nbsp;\u00bb &#8211; Extrait de la r\u00e9solution des Nations Unies 66\/170 Il y a environ 25 [&hellip;]<\/p>\n","protected":false},"author":69,"featured_media":45352,"comment_status":"closed","ping_status":"closed","sticky":false,"template":"","format":"standard","meta":{"footnotes":""},"categories":[220,5],"tags":[],"class_list":["post-45346","post","type-post","status-publish","format-standard","has-post-thumbnail","hentry","category-droits-des-enfants","category-education"],"yoast_head":"<!-- This site is optimized with the Yoast SEO plugin v28.3 - https:\/\/yoast.com\/product\/yoast-seo-wordpress\/ -->\n<title>Journ\u00e9e internationale des filles - Humanium<\/title>\n<meta name=\"description\" content=\"Cette journ\u00e9e est explicitement consacr\u00e9e au d\u00e9veloppement de la parole des filles, \u00e0 leur \u00e9mancipation et \u00e0 la reconnaissance de leurs droits. Elle vise \u00e0 attirer l&#039;attention sur le besoin urgent de faire face aux d\u00e9fis, aux dangers, aux pr\u00e9jug\u00e9s et aux injustices auxquels les filles sont confront\u00e9es, tels que le mariage des enfants, les in\u00e9galit\u00e9s en mati\u00e8re d&#039;\u00e9ducation et la violence sexiste.\" \/>\n<meta name=\"robots\" content=\"index, follow, max-snippet:-1, max-image-preview:large, max-video-preview:-1\" \/>\n<link rel=\"canonical\" href=\"https:\/\/www.humanium.org\/fr\/journee-internationale-des-filles\/\" \/>\n<meta property=\"og:locale\" content=\"fr_FR\" \/>\n<meta property=\"og:type\" content=\"article\" \/>\n<meta property=\"og:title\" content=\"Journ\u00e9e internationale des filles - Humanium\" \/>\n<meta property=\"og:description\" content=\"Cette journ\u00e9e est explicitement consacr\u00e9e au d\u00e9veloppement de la parole des filles, \u00e0 leur \u00e9mancipation et \u00e0 la reconnaissance de leurs droits. Elle vise \u00e0 attirer l&#039;attention sur le besoin urgent de faire face aux d\u00e9fis, aux dangers, aux pr\u00e9jug\u00e9s et aux injustices auxquels les filles sont confront\u00e9es, tels que le mariage des enfants, les in\u00e9galit\u00e9s en mati\u00e8re d&#039;\u00e9ducation et la violence sexiste.\" \/>\n<meta property=\"og:url\" content=\"https:\/\/www.humanium.org\/fr\/journee-internationale-des-filles\/\" \/>\n<meta property=\"og:site_name\" content=\"Humanium\" \/>\n<meta property=\"article:published_time\" content=\"2019-10-10T18:31:39+00:00\" \/>\n<meta property=\"article:modified_time\" content=\"2026-08-20T17:24:21+00:00\" \/>\n<meta property=\"og:image\" content=\"https:\/\/www.humanium.org\/fr\/wp-content\/uploads\/2019\/10\/shutterstock_451183069-1.jpg\" \/>\n\t<meta property=\"og:image:width\" content=\"1000\" \/>\n\t<meta property=\"og:image:height\" content=\"800\" \/>\n\t<meta property=\"og:image:type\" content=\"image\/jpeg\" \/>\n<meta name=\"author\" content=\"Humanium\" \/>\n<meta name=\"twitter:card\" content=\"summary_large_image\" \/>\n<meta name=\"twitter:label1\" content=\"\u00c9crit par\" \/>\n\t<meta name=\"twitter:data1\" content=\"Humanium\" \/>\n\t<meta name=\"twitter:label2\" content=\"Dur\u00e9e de lecture estim\u00e9e\" \/>\n\t<meta name=\"twitter:data2\" content=\"6 minutes\" \/>\n<script type=\"application\/ld+json\" class=\"yoast-schema-graph\">{\"@context\":\"https:\\\/\\\/schema.org\",\"@graph\":[{\"@type\":\"Article\",\"@id\":\"https:\\\/\\\/www.humanium.org\\\/fr\\\/journee-internationale-des-filles\\\/#article\",\"isPartOf\":{\"@id\":\"https:\\\/\\\/www.humanium.org\\\/fr\\\/journee-internationale-des-filles\\\/\"},\"author\":{\"name\":\"Humanium\",\"@id\":\"https:\\\/\\\/www.humanium.org\\\/fr\\\/#\\\/schema\\\/person\\\/d798d6c7d59ba2307e0877f61a20ce3e\"},\"headline\":\"Journ\u00e9e internationale des filles\",\"datePublished\":\"2019-10-10T18:31:39+00:00\",\"dateModified\":\"2026-08-20T17:24:21+00:00\",\"mainEntityOfPage\":{\"@id\":\"https:\\\/\\\/www.humanium.org\\\/fr\\\/journee-internationale-des-filles\\\/\"},\"wordCount\":1192,\"image\":{\"@id\":\"https:\\\/\\\/www.humanium.org\\\/fr\\\/journee-internationale-des-filles\\\/#primaryimage\"},\"thumbnailUrl\":\"https:\\\/\\\/www.humanium.org\\\/fr\\\/wp-content\\\/uploads\\\/2019\\\/10\\\/shutterstock_451183069-1.jpg\",\"articleSection\":[\"Droits des enfants\",\"Education\"],\"inLanguage\":\"fr-FR\"},{\"@type\":\"WebPage\",\"@id\":\"https:\\\/\\\/www.humanium.org\\\/fr\\\/journee-internationale-des-filles\\\/\",\"url\":\"https:\\\/\\\/www.humanium.org\\\/fr\\\/journee-internationale-des-filles\\\/\",\"name\":\"Journ\u00e9e internationale des filles - Humanium\",\"isPartOf\":{\"@id\":\"https:\\\/\\\/www.humanium.org\\\/fr\\\/#website\"},\"primaryImageOfPage\":{\"@id\":\"https:\\\/\\\/www.humanium.org\\\/fr\\\/journee-internationale-des-filles\\\/#primaryimage\"},\"image\":{\"@id\":\"https:\\\/\\\/www.humanium.org\\\/fr\\\/journee-internationale-des-filles\\\/#primaryimage\"},\"thumbnailUrl\":\"https:\\\/\\\/www.humanium.org\\\/fr\\\/wp-content\\\/uploads\\\/2019\\\/10\\\/shutterstock_451183069-1.jpg\",\"datePublished\":\"2019-10-10T18:31:39+00:00\",\"dateModified\":\"2026-08-20T17:24:21+00:00\",\"author\":{\"@id\":\"https:\\\/\\\/www.humanium.org\\\/fr\\\/#\\\/schema\\\/person\\\/d798d6c7d59ba2307e0877f61a20ce3e\"},\"description\":\"Cette journ\u00e9e est explicitement consacr\u00e9e au d\u00e9veloppement de la parole des filles, \u00e0 leur \u00e9mancipation et \u00e0 la reconnaissance de leurs droits. Elle vise \u00e0 attirer l'attention sur le besoin urgent de faire face aux d\u00e9fis, aux dangers, aux pr\u00e9jug\u00e9s et aux injustices auxquels les filles sont confront\u00e9es, tels que le mariage des enfants, les in\u00e9galit\u00e9s en mati\u00e8re d'\u00e9ducation et la violence sexiste.\",\"breadcrumb\":{\"@id\":\"https:\\\/\\\/www.humanium.org\\\/fr\\\/journee-internationale-des-filles\\\/#breadcrumb\"},\"inLanguage\":\"fr-FR\",\"potentialAction\":[{\"@type\":\"ReadAction\",\"target\":[\"https:\\\/\\\/www.humanium.org\\\/fr\\\/journee-internationale-des-filles\\\/\"]}]},{\"@type\":\"ImageObject\",\"inLanguage\":\"fr-FR\",\"@id\":\"https:\\\/\\\/www.humanium.org\\\/fr\\\/journee-internationale-des-filles\\\/#primaryimage\",\"url\":\"https:\\\/\\\/www.humanium.org\\\/fr\\\/wp-content\\\/uploads\\\/2019\\\/10\\\/shutterstock_451183069-1.jpg\",\"contentUrl\":\"https:\\\/\\\/www.humanium.org\\\/fr\\\/wp-content\\\/uploads\\\/2019\\\/10\\\/shutterstock_451183069-1.jpg\",\"width\":1000,\"height\":800},{\"@type\":\"BreadcrumbList\",\"@id\":\"https:\\\/\\\/www.humanium.org\\\/fr\\\/journee-internationale-des-filles\\\/#breadcrumb\",\"itemListElement\":[{\"@type\":\"ListItem\",\"position\":1,\"name\":\"Home\",\"item\":\"https:\\\/\\\/www.humanium.org\\\/fr\\\/\"},{\"@type\":\"ListItem\",\"position\":2,\"name\":\"Journ\u00e9e internationale des filles\"}]},{\"@type\":\"WebSite\",\"@id\":\"https:\\\/\\\/www.humanium.org\\\/fr\\\/#website\",\"url\":\"https:\\\/\\\/www.humanium.org\\\/fr\\\/\",\"name\":\"Humanium\",\"description\":\"Les enfants d\u2019abord !\",\"potentialAction\":[{\"@type\":\"SearchAction\",\"target\":{\"@type\":\"EntryPoint\",\"urlTemplate\":\"https:\\\/\\\/www.humanium.org\\\/fr\\\/?s={search_term_string}\"},\"query-input\":{\"@type\":\"PropertyValueSpecification\",\"valueRequired\":true,\"valueName\":\"search_term_string\"}}],\"inLanguage\":\"fr-FR\"},{\"@type\":\"Person\",\"@id\":\"https:\\\/\\\/www.humanium.org\\\/fr\\\/#\\\/schema\\\/person\\\/d798d6c7d59ba2307e0877f61a20ce3e\",\"name\":\"Humanium\",\"image\":{\"@type\":\"ImageObject\",\"inLanguage\":\"fr-FR\",\"@id\":\"https:\\\/\\\/secure.gravatar.com\\\/avatar\\\/22715e338d2fcc547e3a431c4738360d33fea2a4af458f865b2c3b22f1eaa51f?s=96&d=mm&r=g\",\"url\":\"https:\\\/\\\/secure.gravatar.com\\\/avatar\\\/22715e338d2fcc547e3a431c4738360d33fea2a4af458f865b2c3b22f1eaa51f?s=96&d=mm&r=g\",\"contentUrl\":\"https:\\\/\\\/secure.gravatar.com\\\/avatar\\\/22715e338d2fcc547e3a431c4738360d33fea2a4af458f865b2c3b22f1eaa51f?s=96&d=mm&r=g\",\"caption\":\"Humanium\"},\"url\":\"https:\\\/\\\/www.humanium.org\\\/fr\\\/author\\\/humanium\\\/\"}]}<\/script>\n<!-- \/ Yoast SEO plugin. -->","yoast_head_json":{"title":"Journ\u00e9e internationale des filles - Humanium","description":"Cette journ\u00e9e est explicitement consacr\u00e9e au d\u00e9veloppement de la parole des filles, \u00e0 leur \u00e9mancipation et \u00e0 la reconnaissance de leurs droits. Elle vise \u00e0 attirer l'attention sur le besoin urgent de faire face aux d\u00e9fis, aux dangers, aux pr\u00e9jug\u00e9s et aux injustices auxquels les filles sont confront\u00e9es, tels que le mariage des enfants, les in\u00e9galit\u00e9s en mati\u00e8re d'\u00e9ducation et la violence sexiste.","robots":{"index":"index","follow":"follow","max-snippet":"max-snippet:-1","max-image-preview":"max-image-preview:large","max-video-preview":"max-video-preview:-1"},"canonical":"https:\/\/www.humanium.org\/fr\/journee-internationale-des-filles\/","og_locale":"fr_FR","og_type":"article","og_title":"Journ\u00e9e internationale des filles - Humanium","og_description":"Cette journ\u00e9e est explicitement consacr\u00e9e au d\u00e9veloppement de la parole des filles, \u00e0 leur \u00e9mancipation et \u00e0 la reconnaissance de leurs droits. Elle vise \u00e0 attirer l'attention sur le besoin urgent de faire face aux d\u00e9fis, aux dangers, aux pr\u00e9jug\u00e9s et aux injustices auxquels les filles sont confront\u00e9es, tels que le mariage des enfants, les in\u00e9galit\u00e9s en mati\u00e8re d'\u00e9ducation et la violence sexiste.","og_url":"https:\/\/www.humanium.org\/fr\/journee-internationale-des-filles\/","og_site_name":"Humanium","article_published_time":"2019-10-10T18:31:39+00:00","article_modified_time":"2026-08-20T17:24:21+00:00","og_image":[{"width":1000,"height":800,"url":"https:\/\/www.humanium.org\/fr\/wp-content\/uploads\/2019\/10\/shutterstock_451183069-1.jpg","type":"image\/jpeg"}],"author":"Humanium","twitter_card":"summary_large_image","twitter_misc":{"\u00c9crit par":"Humanium","Dur\u00e9e de lecture estim\u00e9e":"6 minutes"},"schema":{"@context":"https:\/\/schema.org","@graph":[{"@type":"Article","@id":"https:\/\/www.humanium.org\/fr\/journee-internationale-des-filles\/#article","isPartOf":{"@id":"https:\/\/www.humanium.org\/fr\/journee-internationale-des-filles\/"},"author":{"name":"Humanium","@id":"https:\/\/www.humanium.org\/fr\/#\/schema\/person\/d798d6c7d59ba2307e0877f61a20ce3e"},"headline":"Journ\u00e9e internationale des filles","datePublished":"2019-10-10T18:31:39+00:00","dateModified":"2026-08-20T17:24:21+00:00","mainEntityOfPage":{"@id":"https:\/\/www.humanium.org\/fr\/journee-internationale-des-filles\/"},"wordCount":1192,"image":{"@id":"https:\/\/www.humanium.org\/fr\/journee-internationale-des-filles\/#primaryimage"},"thumbnailUrl":"https:\/\/www.humanium.org\/fr\/wp-content\/uploads\/2019\/10\/shutterstock_451183069-1.jpg","articleSection":["Droits des enfants","Education"],"inLanguage":"fr-FR"},{"@type":"WebPage","@id":"https:\/\/www.humanium.org\/fr\/journee-internationale-des-filles\/","url":"https:\/\/www.humanium.org\/fr\/journee-internationale-des-filles\/","name":"Journ\u00e9e internationale des filles - Humanium","isPartOf":{"@id":"https:\/\/www.humanium.org\/fr\/#website"},"primaryImageOfPage":{"@id":"https:\/\/www.humanium.org\/fr\/journee-internationale-des-filles\/#primaryimage"},"image":{"@id":"https:\/\/www.humanium.org\/fr\/journee-internationale-des-filles\/#primaryimage"},"thumbnailUrl":"https:\/\/www.humanium.org\/fr\/wp-content\/uploads\/2019\/10\/shutterstock_451183069-1.jpg","datePublished":"2019-10-10T18:31:39+00:00","dateModified":"2026-08-20T17:24:21+00:00","author":{"@id":"https:\/\/www.humanium.org\/fr\/#\/schema\/person\/d798d6c7d59ba2307e0877f61a20ce3e"},"description":"Cette journ\u00e9e est explicitement consacr\u00e9e au d\u00e9veloppement de la parole des filles, \u00e0 leur \u00e9mancipation et \u00e0 la reconnaissance de leurs droits. Elle vise \u00e0 attirer l'attention sur le besoin urgent de faire face aux d\u00e9fis, aux dangers, aux pr\u00e9jug\u00e9s et aux injustices auxquels les filles sont confront\u00e9es, tels que le mariage des enfants, les in\u00e9galit\u00e9s en mati\u00e8re d'\u00e9ducation et la violence sexiste.","breadcrumb":{"@id":"https:\/\/www.humanium.org\/fr\/journee-internationale-des-filles\/#breadcrumb"},"inLanguage":"fr-FR","potentialAction":[{"@type":"ReadAction","target":["https:\/\/www.humanium.org\/fr\/journee-internationale-des-filles\/"]}]},{"@type":"ImageObject","inLanguage":"fr-FR","@id":"https:\/\/www.humanium.org\/fr\/journee-internationale-des-filles\/#primaryimage","url":"https:\/\/www.humanium.org\/fr\/wp-content\/uploads\/2019\/10\/shutterstock_451183069-1.jpg","contentUrl":"https:\/\/www.humanium.org\/fr\/wp-content\/uploads\/2019\/10\/shutterstock_451183069-1.jpg","width":1000,"height":800},{"@type":"BreadcrumbList","@id":"https:\/\/www.humanium.org\/fr\/journee-internationale-des-filles\/#breadcrumb","itemListElement":[{"@type":"ListItem","position":1,"name":"Home","item":"https:\/\/www.humanium.org\/fr\/"},{"@type":"ListItem","position":2,"name":"Journ\u00e9e internationale des filles"}]},{"@type":"WebSite","@id":"https:\/\/www.humanium.org\/fr\/#website","url":"https:\/\/www.humanium.org\/fr\/","name":"Humanium","description":"Les enfants d\u2019abord !","potentialAction":[{"@type":"SearchAction","target":{"@type":"EntryPoint","urlTemplate":"https:\/\/www.humanium.org\/fr\/?s={search_term_string}"},"query-input":{"@type":"PropertyValueSpecification","valueRequired":true,"valueName":"search_term_string"}}],"inLanguage":"fr-FR"},{"@type":"Person","@id":"https:\/\/www.humanium.org\/fr\/#\/schema\/person\/d798d6c7d59ba2307e0877f61a20ce3e","name":"Humanium","image":{"@type":"ImageObject","inLanguage":"fr-FR","@id":"https:\/\/secure.gravatar.com\/avatar\/22715e338d2fcc547e3a431c4738360d33fea2a4af458f865b2c3b22f1eaa51f?s=96&d=mm&r=g","url":"https:\/\/secure.gravatar.com\/avatar\/22715e338d2fcc547e3a431c4738360d33fea2a4af458f865b2c3b22f1eaa51f?s=96&d=mm&r=g","contentUrl":"https:\/\/secure.gravatar.com\/avatar\/22715e338d2fcc547e3a431c4738360d33fea2a4af458f865b2c3b22f1eaa51f?s=96&d=mm&r=g","caption":"Humanium"},"url":"https:\/\/www.humanium.org\/fr\/author\/humanium\/"}]}},"_links":{"self":[{"href":"https:\/\/www.humanium.org\/fr\/wp-json\/wp\/v2\/posts\/45346","targetHints":{"allow":["GET"]}}],"collection":[{"href":"https:\/\/www.humanium.org\/fr\/wp-json\/wp\/v2\/posts"}],"about":[{"href":"https:\/\/www.humanium.org\/fr\/wp-json\/wp\/v2\/types\/post"}],"author":[{"embeddable":true,"href":"https:\/\/www.humanium.org\/fr\/wp-json\/wp\/v2\/users\/69"}],"replies":[{"embeddable":true,"href":"https:\/\/www.humanium.org\/fr\/wp-json\/wp\/v2\/comments?post=45346"}],"version-history":[{"count":6,"href":"https:\/\/www.humanium.org\/fr\/wp-json\/wp\/v2\/posts\/45346\/revisions"}],"predecessor-version":[{"id":62210,"href":"https:\/\/www.humanium.org\/fr\/wp-json\/wp\/v2\/posts\/45346\/revisions\/62210"}],"wp:featuredmedia":[{"embeddable":true,"href":"https:\/\/www.humanium.org\/fr\/wp-json\/wp\/v2\/media\/45352"}],"wp:attachment":[{"href":"https:\/\/www.humanium.org\/fr\/wp-json\/wp\/v2\/media?parent=45346"}],"wp:term":[{"taxonomy":"category","embeddable":true,"href":"https:\/\/www.humanium.org\/fr\/wp-json\/wp\/v2\/categories?post=45346"},{"taxonomy":"post_tag","embeddable":true,"href":"https:\/\/www.humanium.org\/fr\/wp-json\/wp\/v2\/tags?post=45346"}],"curies":[{"name":"wp","href":"https:\/\/api.w.org\/{rel}","templated":true}]}}