{"id":45583,"date":"2019-11-26T17:00:00","date_gmt":"2019-11-26T17:00:00","guid":{"rendered":"https:\/\/www.humanium.org\/fr\/?p=45583"},"modified":"2025-12-10T02:58:58","modified_gmt":"2025-12-10T02:58:58","slug":"une-ecole-qui-change-le-monde","status":"publish","type":"post","link":"https:\/\/www.humanium.org\/fr\/une-ecole-qui-change-le-monde\/","title":{"rendered":"Une \u00e9cole qui change le monde"},"content":{"rendered":"\n<p class=\"wp-block-paragraph\"><strong>\u2018Changer le monde\u2019 \u2013 des mots forts, des mots qui r\u00e9sonnent, des mots qui pourraient sembler inappropri\u00e9s. Apr\u00e8s tout, nous ne parlons <\/strong><em><strong>que<\/strong><\/em><strong> d\u2019une \u00e9cole. <\/strong><\/p>\n\n\n\n<p class=\"wp-block-paragraph\">En septembre 2019, je suis arriv\u00e9 \u00e0 Kasese, en Ouganda. J\u2019avais ce voyage en t\u00eate depuis 2016, lorsque je suis entr\u00e9 en contact pour la premi\u00e8re fois avec Robert, le directeur de l\u2019\u00e9cole. Jusqu\u2019alors mon voyage avait \u00e9t\u00e9 retard\u00e9 \u00e0 cause de manque de disponibilit\u00e9 d\u00fb \u00e0 mon travail et aussi pour des raisons financi\u00e8res. \u00c0 pr\u00e9sent, je me trouvais \u00e0 Kasese, non pas pour les montagnes de Rwenzori qui sont \u00e0 couper le souffle, ni pour les magnifiques safaris de la r\u00e9gion, ni m\u00eame initialement pour faire du tourisme. <\/p>\n\n\n\n<p class=\"wp-block-paragraph\">J\u2019\u00e9tais l\u00e0 pour faire du b\u00e9n\u00e9volat en tant que professeur dans une \u00e9cole <a href=\"https:\/\/fr.wikipedia.org\/wiki\/Humanisme\">humaniste<\/a>, \u00e0 la Kasese Humanist School. Selon le directeur de l\u2019\u00e9cole,  <a href=\"https:\/\/youtu.be\/YFZ6pEisbRU\">Robert<\/a>, l\u2019humanisme ne consiste pas \u00e0 d\u00e9noncer les religions mais plut\u00f4t \u00e0 les mettre en perspective, les consid\u00e9rer pour ce qu\u2019elles sont \u2013 un syst\u00e8me de croyances \u2013 et \u00e0 prendre en compte la science et la raison avant les superstitions et croyances. Dans l\u2019humanisme, nous sommes tous \u00e9gaux, nous avons les m\u00eames droits humains, comme le droit \u00e0 l\u2019\u00e9ducation, le droit au libre arbitre, le droit d\u2019aimer ou le droit de suivre une religion. <\/p>\n\n\n\n<p class=\"wp-block-paragraph\">\u201cL\u2019homophobie est une mauvaise pratique\u201d\n\u2013 dit une inscription, parmi beaucoup d\u2019autres, sur un des murs ext\u00e9rieurs de\nl\u2019\u00e9cole. En Ouganda, les rapports homosexuels peuvent \u00eatre sanctionn\u00e9s par la\nprison, et m\u00eame la prison \u00e0 vie. La soci\u00e9t\u00e9 ougandaise est incit\u00e9e \u00e0\ndiscriminer les personnes faisant partie des cat\u00e9gories LGBTQ, et pourtant,\ndans cette ville ougandaise poussi\u00e9reuse \u00e0 la fronti\u00e8re congolaise, il existe\nune \u00e9cole o\u00f9 les \u00e9l\u00e8ves sont encourag\u00e9s \u00e0 accepter chacun en tant qu\u2019\u00e9gal. <\/p>\n\n\n\n<p class=\"wp-block-paragraph\">Phiona, une\nprofesseur principale de l\u2019\u00e9cole m\u2019a dit qu\u2019elle avait men\u00e9 une dure bataille\ndepuis l\u2019ouverture de l\u2019\u00e9cole en 2012. Elle raconte l\u2019histoire de locaux qui\npensaient que l\u2019\u00e9cole sacrifiait des enfants \u00e0 des serpents g\u00e9ants enferm\u00e9s\nsecr\u00e8tement dans une pi\u00e8ce de l\u2019\u00e9cole. Une fois, certains septiques lui avait\ndemand\u00e9 d\u2019ouvrir la pi\u00e8ce pour voir les serpents. Chose qu\u2019elle avait faite. Bien\ns\u00fbr, il n\u2019y avait pas de serpents. Elle mentionne aussi, qu\u2019\u00e0 plusieurs\nreprises des commer\u00e7ants ont refus\u00e9 de la servir, ne voulant pas accepter son\nargent \u00ab&nbsp;maudit&nbsp;\u00bb \u2013 &nbsp;son\nsalaire d\u2019enseignante \u00e0 l\u2019\u00e9cole. Heureusement, souligne-t-elle, ces jours\nappartiennent au pass\u00e9 et d\u00e9sormais les gens la respectent pour son travail\nacharn\u00e9, sa d\u00e9termination et l\u2019attention qu\u2019elle porte \u00e0 ses \u00e9tudiants. <\/p>\n\n\n\n<p class=\"wp-block-paragraph\">Solomon \u00e9tait volontaire, professeur non salari\u00e9 \u00e0 l\u2019\u00e9cole, durant les cinq derni\u00e8res ann\u00e9es. C\u2019est un fervent croyant. Il croit au pouvoir de l\u2019\u00e9ducation, que nous pouvons transformer la soci\u00e9t\u00e9 simplement gr\u00e2ce \u00e0 l\u2019\u00e9ducation. Il a vu le fruit de son travail, a \u00e9t\u00e9 t\u00e9moin de l\u2019impact du partage du savoir avec les \u00e9l\u00e8ves et ses coll\u00e8gues, un savoir qui \u2013 peut-\u00eatre sans qu\u2019il en soit conscient \u2013 irradie de sa personne, malgr\u00e9 ses 30 ans \u00e0 peine r\u00e9volus. C\u2019est un philosophe. Si je croyais en la r\u00e9incarnation, je dirais qu\u2019il est la r\u00e9incarnation de Socrate&nbsp;! Il se joint aux discussions et \u00e9claire ceux qui l\u2019entourent. Il pose des questions, l\u00e0 o\u00f9 d\u2019autres n\u2019auraient eu aucun doute et nourrit l\u2019esprit et le coeur de chacun. <\/p>\n\n\n\n<p class=\"wp-block-paragraph\">Junior est un \u00e9l\u00e8ve de 6\u00e8me ann\u00e9e au caract\u00e8re exceptionnel. Il est g\u00e9n\u00e9reux, gentil, travailleur et aimant, comme beaucoup d\u2019autres d\u2019ailleurs. Comme Brian, qui est en premi\u00e8re ann\u00e9e et qui m\u2019a dit croire qu\u2019apprendre \u00e0 \u00eatre bon avec son prochain \u00e9tait la plus importante des le\u00e7ons de vie. Raimon, \u00e9l\u00e8ve de 5eme ann\u00e9e, parle du monde avec une telle lucidit\u00e9 qu\u2019on se demande comment un enfant de douze ans, qui a pass\u00e9 sa vie dans un lieu recul\u00e9, sans acc\u00e8s \u00e0 Internet, a pu accumuler autant de connaissances. J\u2019en ai rencontr\u00e9 tellement d\u2019autres que je souhaiterais mentionner, si je ne devais pas conserver une taille raisonnable \u00e0 cet article. <\/p>\n\n\n\n<div class=\"wp-block-image\"><figure class=\"aligncenter\"><img loading=\"lazy\" decoding=\"async\" width=\"960\" height=\"720\" src=\"https:\/\/www.humanium.org\/fr\/wp-content\/uploads\/2019\/11\/School_2-1.png\" alt=\"\" class=\"wp-image-45587\" srcset=\"https:\/\/www.humanium.org\/fr\/wp-content\/uploads\/2019\/11\/School_2-1.png 960w, https:\/\/www.humanium.org\/fr\/wp-content\/uploads\/2019\/11\/School_2-1-300x225.png 300w, https:\/\/www.humanium.org\/fr\/wp-content\/uploads\/2019\/11\/School_2-1-768x576.png 768w, https:\/\/www.humanium.org\/fr\/wp-content\/uploads\/2019\/11\/School_2-1-830x623.png 830w, https:\/\/www.humanium.org\/fr\/wp-content\/uploads\/2019\/11\/School_2-1-230x173.png 230w, https:\/\/www.humanium.org\/fr\/wp-content\/uploads\/2019\/11\/School_2-1-350x263.png 350w, https:\/\/www.humanium.org\/fr\/wp-content\/uploads\/2019\/11\/School_2-1-480x360.png 480w\" sizes=\"auto, (max-width: 960px) 100vw, 960px\" \/><\/figure><\/div>\n\n\n\n<p class=\"wp-block-paragraph\">S\u2019il vous est d\u00e9j\u00e0 arriv\u00e9 de philosopher quelque peu sur la d\u00e9finition du \u00ab&nbsp;monde&nbsp;\u00bb, ce qu\u2019il est pour vous et pour les autres, vous avez d\u00fb envisager l\u2019id\u00e9e selon laquelle chacun voit le monde d\u2019une mani\u00e8re diff\u00e9rente, avec ses propres yeux, et qu\u2019ainsi nous avons chacun <em>notre propre monde<\/em>. Le monde semble bien diff\u00e9rent \u00e0 un musulman, un chr\u00e9tien ou un ath\u00e9e, \u00e0 un d\u00e9mocrate ou un r\u00e9publicain, \u00e0 un conservateur ou un lib\u00e9ral, \u00e0 un homme ou une femme, \u00e0 un enfant ou un adulte, \u00e0 une personne handicap\u00e9e ou une personne en pleine capacit\u00e9. <\/p>\n\n\n\n<p class=\"wp-block-paragraph\">\u00c0 la lumi\u00e8re de ce qui pr\u00e9c\u00e8de, je voudrais d\u00e9velopper ma phrase d\u2019introduction : en septembre 2019 j\u2019ai fait du b\u00e9n\u00e9volat dans une \u00e9cole qui est en train de changer le monde, \u00e0 court terme pour ceux qui \u00e9tudient et travaillent l\u00e0-bas, et \u00e0 long terme pour la soci\u00e9t\u00e9 dans son ensemble, \u00e0 Kasese et au-del\u00e0. Cette \u00e9cole m\u00e9rite la reconnaissance du monde, pour son courage, pour l\u2019engouement et l\u2019enthousiasme de ceux qui y travaillent et y \u00e9tudient <\/p>\n\n\n\n<p class=\"wp-block-paragraph\">Il va sans dire\nque leur mission est pleine d\u2019obstacles. Ils ont affaire \u00e0 la puissance des\n\u00e9glises de la r\u00e9gion dont les dirigeants se sont d\u00e9men\u00e9s pour ne pas accueillir leurs cong\u00e9n\u00e8res et an\u00e9antir le\ndessein de l\u2019\u00e9cole. Cette guerre humaniste, Kasese est en train de la gagner\ndans le coeur et l\u2019esprit de ceux qui ont cru en elle pour transmettre \u00e0 leurs\nenfants une \u00e9ducation libre de tout pr\u00e9jug\u00e9s et punitions corporelles. Une \u00e9ducation\nqui embrasse les droits humains et le savoir, oppos\u00e9e \u00e0 la peur et la\nsuperstition.<\/p>\n\n\n\n<p class=\"wp-block-paragraph\">Kasese Humanist School a cruellement besoin d\u2019aide financi\u00e8re. L\u2019\u00e9cole se maintient gr\u00e2ce aux dons, qui, en tant que tels, sont une source de revenus instables. Cela a pour cons\u00e9quence que les membres de l\u2019\u00e9quipe tardent \u00e0 \u00eatre pay\u00e9s, que l\u2019\u00e9cole n\u2019est pas en mesure de r\u00e9parer ou d\u2019am\u00e9liorer les infrastructures essentielles comme l\u2019apport en eau ou en \u00e9lectricit\u00e9 et que l\u2019\u00e9cole elle-m\u00eame est en danger. <\/p>\n\n\n\n<p class=\"wp-block-paragraph\">Peu d\u2019entre nous pouvons \u00eatre volontaires pendant cinq ans, comme Solomon l\u2019a \u00e9t\u00e9. De mon c\u00f4t\u00e9, j\u2019apporte mon support \u00e0 l\u2019\u00e9cole, en sponsorisant deux \u00e9tudiants talentueux parmi tant d\u2019autres que j\u2019ai eu la chance de rencontrer et en \u00e9crivant cet article. Nous vous invitons \u00e0 <a href=\"mailto:kasesehumanistschool@hotmail.com\">contacter Robert<\/a>, le directeur de l\u2019\u00e9cole, par email, afin d\u2019en savoir davantage sur la mani\u00e8re dont vous pourriez les aider.<\/p>\n\n\n\n<p class=\"wp-block-paragraph\"><strong><em>\u00c9crit par Matyas Baan<\/em><\/strong><\/p>\n\n\n\n<p class=\"wp-block-paragraph\"><em><strong>Traduit par Julien Bonnemayre<\/strong><\/em><\/p>\n","protected":false},"excerpt":{"rendered":"<p>\u2018Changer le monde\u2019 \u2013 des mots forts, des mots qui r\u00e9sonnent, des mots qui pourraient sembler inappropri\u00e9s. Apr\u00e8s tout, nous ne parlons que d\u2019une \u00e9cole. En septembre 2019, je suis arriv\u00e9 \u00e0 Kasese, en Ouganda. J\u2019avais ce voyage en t\u00eate depuis 2016, lorsque je suis entr\u00e9 en contact pour la premi\u00e8re fois avec Robert, le [&hellip;]<\/p>\n","protected":false},"author":69,"featured_media":45584,"comment_status":"closed","ping_status":"closed","sticky":false,"template":"","format":"standard","meta":{"footnotes":""},"categories":[220,5],"tags":[],"class_list":["post-45583","post","type-post","status-publish","format-standard","has-post-thumbnail","hentry","category-droits-des-enfants","category-education"],"yoast_head":"<!-- This site is optimized with the Yoast SEO plugin v28.3 - https:\/\/yoast.com\/product\/yoast-seo-wordpress\/ -->\n<title>Une \u00e9cole qui change le monde - Humanium<\/title>\n<meta name=\"description\" content=\"\u2018Changer le monde\u2019 \u2013 des mots forts, des mots qui r\u00e9sonnent, des mots qui pourraient sembler inappropri\u00e9s. Apr\u00e8s tout, nous ne parlons que d\u2019une \u00e9cole.\" \/>\n<meta name=\"robots\" content=\"index, follow, max-snippet:-1, max-image-preview:large, max-video-preview:-1\" \/>\n<link rel=\"canonical\" href=\"https:\/\/www.humanium.org\/fr\/une-ecole-qui-change-le-monde\/\" \/>\n<meta property=\"og:locale\" content=\"fr_FR\" \/>\n<meta property=\"og:type\" content=\"article\" \/>\n<meta property=\"og:title\" content=\"Une \u00e9cole qui change le monde - Humanium\" \/>\n<meta property=\"og:description\" content=\"\u2018Changer le monde\u2019 \u2013 des mots forts, des mots qui r\u00e9sonnent, des mots qui pourraient sembler inappropri\u00e9s. Apr\u00e8s tout, nous ne parlons que d\u2019une \u00e9cole.\" \/>\n<meta property=\"og:url\" content=\"https:\/\/www.humanium.org\/fr\/une-ecole-qui-change-le-monde\/\" \/>\n<meta property=\"og:site_name\" content=\"Humanium\" \/>\n<meta property=\"article:published_time\" content=\"2019-11-26T17:00:00+00:00\" \/>\n<meta property=\"article:modified_time\" content=\"2025-12-10T02:58:58+00:00\" \/>\n<meta property=\"og:image\" content=\"https:\/\/www.humanium.org\/fr\/wp-content\/uploads\/2019\/11\/School_1.png\" \/>\n\t<meta property=\"og:image:width\" content=\"906\" \/>\n\t<meta property=\"og:image:height\" content=\"960\" \/>\n\t<meta property=\"og:image:type\" content=\"image\/png\" \/>\n<meta name=\"author\" content=\"Humanium\" \/>\n<meta name=\"twitter:card\" content=\"summary_large_image\" \/>\n<meta name=\"twitter:label1\" content=\"\u00c9crit par\" \/>\n\t<meta name=\"twitter:data1\" content=\"Humanium\" \/>\n\t<meta name=\"twitter:label2\" content=\"Dur\u00e9e de lecture estim\u00e9e\" \/>\n\t<meta name=\"twitter:data2\" content=\"6 minutes\" \/>\n<script type=\"application\/ld+json\" class=\"yoast-schema-graph\">{\"@context\":\"https:\\\/\\\/schema.org\",\"@graph\":[{\"@type\":\"Article\",\"@id\":\"https:\\\/\\\/www.humanium.org\\\/fr\\\/une-ecole-qui-change-le-monde\\\/#article\",\"isPartOf\":{\"@id\":\"https:\\\/\\\/www.humanium.org\\\/fr\\\/une-ecole-qui-change-le-monde\\\/\"},\"author\":{\"name\":\"Humanium\",\"@id\":\"https:\\\/\\\/www.humanium.org\\\/fr\\\/#\\\/schema\\\/person\\\/d798d6c7d59ba2307e0877f61a20ce3e\"},\"headline\":\"Une \u00e9cole qui change le monde\",\"datePublished\":\"2019-11-26T17:00:00+00:00\",\"dateModified\":\"2025-12-10T02:58:58+00:00\",\"mainEntityOfPage\":{\"@id\":\"https:\\\/\\\/www.humanium.org\\\/fr\\\/une-ecole-qui-change-le-monde\\\/\"},\"wordCount\":1180,\"image\":{\"@id\":\"https:\\\/\\\/www.humanium.org\\\/fr\\\/une-ecole-qui-change-le-monde\\\/#primaryimage\"},\"thumbnailUrl\":\"https:\\\/\\\/www.humanium.org\\\/fr\\\/wp-content\\\/uploads\\\/2019\\\/11\\\/School_1.png\",\"articleSection\":[\"Droits des enfants\",\"Education\"],\"inLanguage\":\"fr-FR\"},{\"@type\":\"WebPage\",\"@id\":\"https:\\\/\\\/www.humanium.org\\\/fr\\\/une-ecole-qui-change-le-monde\\\/\",\"url\":\"https:\\\/\\\/www.humanium.org\\\/fr\\\/une-ecole-qui-change-le-monde\\\/\",\"name\":\"Une \u00e9cole qui change le monde - Humanium\",\"isPartOf\":{\"@id\":\"https:\\\/\\\/www.humanium.org\\\/fr\\\/#website\"},\"primaryImageOfPage\":{\"@id\":\"https:\\\/\\\/www.humanium.org\\\/fr\\\/une-ecole-qui-change-le-monde\\\/#primaryimage\"},\"image\":{\"@id\":\"https:\\\/\\\/www.humanium.org\\\/fr\\\/une-ecole-qui-change-le-monde\\\/#primaryimage\"},\"thumbnailUrl\":\"https:\\\/\\\/www.humanium.org\\\/fr\\\/wp-content\\\/uploads\\\/2019\\\/11\\\/School_1.png\",\"datePublished\":\"2019-11-26T17:00:00+00:00\",\"dateModified\":\"2025-12-10T02:58:58+00:00\",\"author\":{\"@id\":\"https:\\\/\\\/www.humanium.org\\\/fr\\\/#\\\/schema\\\/person\\\/d798d6c7d59ba2307e0877f61a20ce3e\"},\"description\":\"\u2018Changer le monde\u2019 \u2013 des mots forts, des mots qui r\u00e9sonnent, des mots qui pourraient sembler inappropri\u00e9s. Apr\u00e8s tout, nous ne parlons que d\u2019une \u00e9cole.\",\"breadcrumb\":{\"@id\":\"https:\\\/\\\/www.humanium.org\\\/fr\\\/une-ecole-qui-change-le-monde\\\/#breadcrumb\"},\"inLanguage\":\"fr-FR\",\"potentialAction\":[{\"@type\":\"ReadAction\",\"target\":[\"https:\\\/\\\/www.humanium.org\\\/fr\\\/une-ecole-qui-change-le-monde\\\/\"]}]},{\"@type\":\"ImageObject\",\"inLanguage\":\"fr-FR\",\"@id\":\"https:\\\/\\\/www.humanium.org\\\/fr\\\/une-ecole-qui-change-le-monde\\\/#primaryimage\",\"url\":\"https:\\\/\\\/www.humanium.org\\\/fr\\\/wp-content\\\/uploads\\\/2019\\\/11\\\/School_1.png\",\"contentUrl\":\"https:\\\/\\\/www.humanium.org\\\/fr\\\/wp-content\\\/uploads\\\/2019\\\/11\\\/School_1.png\",\"width\":906,\"height\":960},{\"@type\":\"BreadcrumbList\",\"@id\":\"https:\\\/\\\/www.humanium.org\\\/fr\\\/une-ecole-qui-change-le-monde\\\/#breadcrumb\",\"itemListElement\":[{\"@type\":\"ListItem\",\"position\":1,\"name\":\"Home\",\"item\":\"https:\\\/\\\/www.humanium.org\\\/fr\\\/\"},{\"@type\":\"ListItem\",\"position\":2,\"name\":\"Une \u00e9cole qui change le monde\"}]},{\"@type\":\"WebSite\",\"@id\":\"https:\\\/\\\/www.humanium.org\\\/fr\\\/#website\",\"url\":\"https:\\\/\\\/www.humanium.org\\\/fr\\\/\",\"name\":\"Humanium\",\"description\":\"Les enfants d\u2019abord !\",\"potentialAction\":[{\"@type\":\"SearchAction\",\"target\":{\"@type\":\"EntryPoint\",\"urlTemplate\":\"https:\\\/\\\/www.humanium.org\\\/fr\\\/?s={search_term_string}\"},\"query-input\":{\"@type\":\"PropertyValueSpecification\",\"valueRequired\":true,\"valueName\":\"search_term_string\"}}],\"inLanguage\":\"fr-FR\"},{\"@type\":\"Person\",\"@id\":\"https:\\\/\\\/www.humanium.org\\\/fr\\\/#\\\/schema\\\/person\\\/d798d6c7d59ba2307e0877f61a20ce3e\",\"name\":\"Humanium\",\"image\":{\"@type\":\"ImageObject\",\"inLanguage\":\"fr-FR\",\"@id\":\"https:\\\/\\\/secure.gravatar.com\\\/avatar\\\/22715e338d2fcc547e3a431c4738360d33fea2a4af458f865b2c3b22f1eaa51f?s=96&d=mm&r=g\",\"url\":\"https:\\\/\\\/secure.gravatar.com\\\/avatar\\\/22715e338d2fcc547e3a431c4738360d33fea2a4af458f865b2c3b22f1eaa51f?s=96&d=mm&r=g\",\"contentUrl\":\"https:\\\/\\\/secure.gravatar.com\\\/avatar\\\/22715e338d2fcc547e3a431c4738360d33fea2a4af458f865b2c3b22f1eaa51f?s=96&d=mm&r=g\",\"caption\":\"Humanium\"},\"url\":\"https:\\\/\\\/www.humanium.org\\\/fr\\\/author\\\/humanium\\\/\"}]}<\/script>\n<!-- \/ Yoast SEO plugin. -->","yoast_head_json":{"title":"Une \u00e9cole qui change le monde - Humanium","description":"\u2018Changer le monde\u2019 \u2013 des mots forts, des mots qui r\u00e9sonnent, des mots qui pourraient sembler inappropri\u00e9s. Apr\u00e8s tout, nous ne parlons que d\u2019une \u00e9cole.","robots":{"index":"index","follow":"follow","max-snippet":"max-snippet:-1","max-image-preview":"max-image-preview:large","max-video-preview":"max-video-preview:-1"},"canonical":"https:\/\/www.humanium.org\/fr\/une-ecole-qui-change-le-monde\/","og_locale":"fr_FR","og_type":"article","og_title":"Une \u00e9cole qui change le monde - Humanium","og_description":"\u2018Changer le monde\u2019 \u2013 des mots forts, des mots qui r\u00e9sonnent, des mots qui pourraient sembler inappropri\u00e9s. Apr\u00e8s tout, nous ne parlons que d\u2019une \u00e9cole.","og_url":"https:\/\/www.humanium.org\/fr\/une-ecole-qui-change-le-monde\/","og_site_name":"Humanium","article_published_time":"2019-11-26T17:00:00+00:00","article_modified_time":"2025-12-10T02:58:58+00:00","og_image":[{"width":906,"height":960,"url":"https:\/\/www.humanium.org\/fr\/wp-content\/uploads\/2019\/11\/School_1.png","type":"image\/png"}],"author":"Humanium","twitter_card":"summary_large_image","twitter_misc":{"\u00c9crit par":"Humanium","Dur\u00e9e de lecture estim\u00e9e":"6 minutes"},"schema":{"@context":"https:\/\/schema.org","@graph":[{"@type":"Article","@id":"https:\/\/www.humanium.org\/fr\/une-ecole-qui-change-le-monde\/#article","isPartOf":{"@id":"https:\/\/www.humanium.org\/fr\/une-ecole-qui-change-le-monde\/"},"author":{"name":"Humanium","@id":"https:\/\/www.humanium.org\/fr\/#\/schema\/person\/d798d6c7d59ba2307e0877f61a20ce3e"},"headline":"Une \u00e9cole qui change le monde","datePublished":"2019-11-26T17:00:00+00:00","dateModified":"2025-12-10T02:58:58+00:00","mainEntityOfPage":{"@id":"https:\/\/www.humanium.org\/fr\/une-ecole-qui-change-le-monde\/"},"wordCount":1180,"image":{"@id":"https:\/\/www.humanium.org\/fr\/une-ecole-qui-change-le-monde\/#primaryimage"},"thumbnailUrl":"https:\/\/www.humanium.org\/fr\/wp-content\/uploads\/2019\/11\/School_1.png","articleSection":["Droits des enfants","Education"],"inLanguage":"fr-FR"},{"@type":"WebPage","@id":"https:\/\/www.humanium.org\/fr\/une-ecole-qui-change-le-monde\/","url":"https:\/\/www.humanium.org\/fr\/une-ecole-qui-change-le-monde\/","name":"Une \u00e9cole qui change le monde - Humanium","isPartOf":{"@id":"https:\/\/www.humanium.org\/fr\/#website"},"primaryImageOfPage":{"@id":"https:\/\/www.humanium.org\/fr\/une-ecole-qui-change-le-monde\/#primaryimage"},"image":{"@id":"https:\/\/www.humanium.org\/fr\/une-ecole-qui-change-le-monde\/#primaryimage"},"thumbnailUrl":"https:\/\/www.humanium.org\/fr\/wp-content\/uploads\/2019\/11\/School_1.png","datePublished":"2019-11-26T17:00:00+00:00","dateModified":"2025-12-10T02:58:58+00:00","author":{"@id":"https:\/\/www.humanium.org\/fr\/#\/schema\/person\/d798d6c7d59ba2307e0877f61a20ce3e"},"description":"\u2018Changer le monde\u2019 \u2013 des mots forts, des mots qui r\u00e9sonnent, des mots qui pourraient sembler inappropri\u00e9s. Apr\u00e8s tout, nous ne parlons que d\u2019une \u00e9cole.","breadcrumb":{"@id":"https:\/\/www.humanium.org\/fr\/une-ecole-qui-change-le-monde\/#breadcrumb"},"inLanguage":"fr-FR","potentialAction":[{"@type":"ReadAction","target":["https:\/\/www.humanium.org\/fr\/une-ecole-qui-change-le-monde\/"]}]},{"@type":"ImageObject","inLanguage":"fr-FR","@id":"https:\/\/www.humanium.org\/fr\/une-ecole-qui-change-le-monde\/#primaryimage","url":"https:\/\/www.humanium.org\/fr\/wp-content\/uploads\/2019\/11\/School_1.png","contentUrl":"https:\/\/www.humanium.org\/fr\/wp-content\/uploads\/2019\/11\/School_1.png","width":906,"height":960},{"@type":"BreadcrumbList","@id":"https:\/\/www.humanium.org\/fr\/une-ecole-qui-change-le-monde\/#breadcrumb","itemListElement":[{"@type":"ListItem","position":1,"name":"Home","item":"https:\/\/www.humanium.org\/fr\/"},{"@type":"ListItem","position":2,"name":"Une \u00e9cole qui change le monde"}]},{"@type":"WebSite","@id":"https:\/\/www.humanium.org\/fr\/#website","url":"https:\/\/www.humanium.org\/fr\/","name":"Humanium","description":"Les enfants d\u2019abord !","potentialAction":[{"@type":"SearchAction","target":{"@type":"EntryPoint","urlTemplate":"https:\/\/www.humanium.org\/fr\/?s={search_term_string}"},"query-input":{"@type":"PropertyValueSpecification","valueRequired":true,"valueName":"search_term_string"}}],"inLanguage":"fr-FR"},{"@type":"Person","@id":"https:\/\/www.humanium.org\/fr\/#\/schema\/person\/d798d6c7d59ba2307e0877f61a20ce3e","name":"Humanium","image":{"@type":"ImageObject","inLanguage":"fr-FR","@id":"https:\/\/secure.gravatar.com\/avatar\/22715e338d2fcc547e3a431c4738360d33fea2a4af458f865b2c3b22f1eaa51f?s=96&d=mm&r=g","url":"https:\/\/secure.gravatar.com\/avatar\/22715e338d2fcc547e3a431c4738360d33fea2a4af458f865b2c3b22f1eaa51f?s=96&d=mm&r=g","contentUrl":"https:\/\/secure.gravatar.com\/avatar\/22715e338d2fcc547e3a431c4738360d33fea2a4af458f865b2c3b22f1eaa51f?s=96&d=mm&r=g","caption":"Humanium"},"url":"https:\/\/www.humanium.org\/fr\/author\/humanium\/"}]}},"_links":{"self":[{"href":"https:\/\/www.humanium.org\/fr\/wp-json\/wp\/v2\/posts\/45583","targetHints":{"allow":["GET"]}}],"collection":[{"href":"https:\/\/www.humanium.org\/fr\/wp-json\/wp\/v2\/posts"}],"about":[{"href":"https:\/\/www.humanium.org\/fr\/wp-json\/wp\/v2\/types\/post"}],"author":[{"embeddable":true,"href":"https:\/\/www.humanium.org\/fr\/wp-json\/wp\/v2\/users\/69"}],"replies":[{"embeddable":true,"href":"https:\/\/www.humanium.org\/fr\/wp-json\/wp\/v2\/comments?post=45583"}],"version-history":[{"count":4,"href":"https:\/\/www.humanium.org\/fr\/wp-json\/wp\/v2\/posts\/45583\/revisions"}],"predecessor-version":[{"id":61406,"href":"https:\/\/www.humanium.org\/fr\/wp-json\/wp\/v2\/posts\/45583\/revisions\/61406"}],"wp:featuredmedia":[{"embeddable":true,"href":"https:\/\/www.humanium.org\/fr\/wp-json\/wp\/v2\/media\/45584"}],"wp:attachment":[{"href":"https:\/\/www.humanium.org\/fr\/wp-json\/wp\/v2\/media?parent=45583"}],"wp:term":[{"taxonomy":"category","embeddable":true,"href":"https:\/\/www.humanium.org\/fr\/wp-json\/wp\/v2\/categories?post=45583"},{"taxonomy":"post_tag","embeddable":true,"href":"https:\/\/www.humanium.org\/fr\/wp-json\/wp\/v2\/tags?post=45583"}],"curies":[{"name":"wp","href":"https:\/\/api.w.org\/{rel}","templated":true}]}}