{"id":45596,"date":"2019-11-18T20:39:04","date_gmt":"2019-11-18T20:39:04","guid":{"rendered":"https:\/\/www.humanium.org\/fr\/?p=45596"},"modified":"2026-08-20T17:24:22","modified_gmt":"2026-08-20T17:24:22","slug":"la-convention-des-droits-de-lenfant-a-30-ans-ameliorations-et-problemes-concernant-les-droits-des-enfants-dans-le-monde","status":"publish","type":"post","link":"https:\/\/www.humanium.org\/fr\/la-convention-des-droits-de-lenfant-a-30-ans-ameliorations-et-problemes-concernant-les-droits-des-enfants-dans-le-monde\/","title":{"rendered":"La Convention des droits de l\u2019enfant a 30 ans \u2013 Am\u00e9liorations et probl\u00e8mes concernant les droits des enfants dans le monde"},"content":{"rendered":"\n<p class=\"wp-block-paragraph\"><strong>Il y a 30 ans, le 20 novembre 1989, la <a href=\"https:\/\/www.humanium.org\/fr\/convention\/\">Convention des droits de l\u2019enfant<\/a> a \u00e9t\u00e9 adopt\u00e9e et ouverte \u00e0 la signature, ratification et adh\u00e9sion par d\u00e9cision de l\u2019Assembl\u00e9e g\u00e9n\u00e9rale des Nations Unies si\u00e8geant \u00e0 New York. <\/strong><\/p>\n\n\n\n<p class=\"wp-block-paragraph\">La r\u00e9solution, sous la forme de 54 articles et forte de 140 signataires, est devenue le trait\u00e9 au sujet des droits de l\u2019homme le plus largement ratifi\u00e9 de l\u2019histoire et a contribu\u00e9 \u00e0 r\u00e9ellement transformer la vie des enfants dans le monde. Cette Convention a eu un impact important et pourtant les droits des enfants ont encore beaucoup de d\u00e9fis \u00e0 affronter aux quatre coins de la plan\u00e8te.<\/p>\n\n\n\n<h2 class=\"wp-block-heading\"><strong>Comment la Convention d\u00e9finit-elle un \u00ab&nbsp;enfant&nbsp;\u00bb et comme le\nprot\u00e8ge-t-elle&nbsp;?<\/strong><\/h2>\n\n\n\n<p class=\"wp-block-paragraph\">Aux termes de la Convention un \u00ab&nbsp;enfant&nbsp;\u00bb est une personne \u00e2g\u00e9e de moins de 18 ans, sauf dans les cas o\u00f9 les lois en vigueur d\u00e9finissent un \u00e2ge inf\u00e9rieur. Dans certains parties du monde, les \u00c9tats sont dans l\u2019obligation de d\u00e9finir un \u00e2ge de majorit\u00e9 inf\u00e9rieur, par exemple pour int\u00e9grer le monde du travail ou achever son \u00e9cole obligatoire&nbsp;; dans d\u2019autres, c\u2019est toutefois la Convention qui interdit les peines de prison \u00e0 vie sans possibilit\u00e9 de sortie ou la peine de mort pour les personnes ayant moins de 18 ans. <\/p>\n\n\n\n<div class=\"wp-block-image\"><figure class=\"aligncenter\"><img loading=\"lazy\" decoding=\"async\" width=\"1000\" height=\"691\" src=\"https:\/\/www.humanium.org\/fr\/wp-content\/uploads\/2019\/11\/shutterstock_557866771-1.jpg\" alt=\"\" class=\"wp-image-45609\" srcset=\"https:\/\/www.humanium.org\/fr\/wp-content\/uploads\/2019\/11\/shutterstock_557866771-1.jpg 1000w, https:\/\/www.humanium.org\/fr\/wp-content\/uploads\/2019\/11\/shutterstock_557866771-1-300x207.jpg 300w, https:\/\/www.humanium.org\/fr\/wp-content\/uploads\/2019\/11\/shutterstock_557866771-1-768x531.jpg 768w, https:\/\/www.humanium.org\/fr\/wp-content\/uploads\/2019\/11\/shutterstock_557866771-1-830x574.jpg 830w, https:\/\/www.humanium.org\/fr\/wp-content\/uploads\/2019\/11\/shutterstock_557866771-1-230x159.jpg 230w, https:\/\/www.humanium.org\/fr\/wp-content\/uploads\/2019\/11\/shutterstock_557866771-1-350x242.jpg 350w, https:\/\/www.humanium.org\/fr\/wp-content\/uploads\/2019\/11\/shutterstock_557866771-1-480x332.jpg 480w\" sizes=\"auto, (max-width: 1000px) 100vw, 1000px\" \/><\/figure><\/div>\n\n\n\n<p class=\"wp-block-paragraph\">Afin de prot\u00e9ger les enfants, elle \u00e9dicte quatre \u00ab&nbsp;principes\ng\u00e9n\u00e9raux&nbsp;\u00bb&nbsp;:<\/p>\n\n\n\n<ol class=\"wp-block-list\"><li><strong>La non-discrimination (article 2)<\/strong><\/li><li><strong>L\u2019int\u00e9r\u00eat sup\u00e9rieur de l\u2019enfant (article 3)<\/strong><\/li><li><strong>Le droit \u00e0 la survie et au d\u00e9veloppement de\nsoi (article 6)<\/strong><\/li><li><strong>Le droit d\u2019\u00eatre entendu (article 12)<\/strong><\/li><\/ol>\n\n\n\n<p class=\"wp-block-paragraph\">Ces principes sont les rep\u00e8res autour desquels s\u2019articulent les droits de l\u2019enfant dans le monde moderne et ils servent de base, avec les Protocoles facultatifs \u00e0 la Convention, aux r\u00e8gles garantissant la protection, les chances d\u2019\u00e9panouissement et l\u2019\u00e9galit\u00e9 pour toutes les personnes mineures.<\/p>\n\n\n\n<h2 class=\"wp-block-heading\"><strong>Quels sont les succ\u00e8s obtenus gr\u00e2ce aux accords&nbsp;?<\/strong><\/h2>\n\n\n\n<p class=\"wp-block-paragraph\">Depuis les accords, une l\u00e9gislation sur la protection des enfants a \u00e9t\u00e9 adopt\u00e9e dans la plupart des pays en d\u00e9veloppement et des initiatives r\u00e9gionales et nationales sont n\u00e9es en r\u00e9ponse aux probl\u00e8mes du trafic d\u2019enfants, du travail des enfants p\u00e9nible et dangereux, des enfants sans domicile et des mineurs isol\u00e9s. Apr\u00e8s avoir sign\u00e9 les accords, des pays comme la Tunisie, l\u2019Angola ou le Bangladesh ont ajout\u00e9 \u00e0 leurs constitutions des clauses en faveur des droits des enfants. <\/p>\n\n\n\n<p class=\"wp-block-paragraph\">La reconnaissance du droit des enfants \u00e0 la protection a conduit \u00e0 une meilleure prise de conscience de leur vuln\u00e9rabilit\u00e9 et \u00e0 des initiatives significatives pour r\u00e9pondre aux abandons et aux abus, y compris ceux perp\u00e9tr\u00e9s par des institutions corrompues voire ill\u00e9gales ou m\u00eame par de dangereux r\u00e9seaux criminels .<\/p>\n\n\n\n<h3 class=\"wp-block-heading\"><strong>Les chiffres&nbsp;:<\/strong><\/h3>\n\n\n\n<ol class=\"wp-block-list\"><li><strong>La pauvret\u00e9 des enfants a \u00e9t\u00e9 r\u00e9duite de\nmoiti\u00e9 depuis la signature de la Convention des droits de l\u2019enfant.<\/strong><\/li><li><strong>Gr\u00e2ce au soutien apport\u00e9 aux soins\nmaternels, le risque qu\u2019un enfant meure avant son cinqui\u00e8me anniversaire a \u00e9galement\n\u00e9t\u00e9 r\u00e9duit de moiti\u00e9 depuis 1989.<\/strong><\/li><li><strong>Selon la Banque mondiale, en 2019 seuls 8,2%\ndes enfants en \u00e2ge scolaire ne sont pas scolaris\u00e9s, contre 17,6% en 1989.<\/strong><\/li><li><strong>56 pays ont\ninterdit toute forme de punition corporelle contre les enfants depuis la\nsignature de la Convention et au total 61 pays ont des lois l\u2019interdisant.<\/strong><\/li><\/ol>\n\n\n\n<div class=\"wp-block-image\"><figure class=\"alignright is-resized\"><img loading=\"lazy\" decoding=\"async\" src=\"https:\/\/www.humanium.org\/fr\/wp-content\/uploads\/2019\/11\/shutterstock_303194174-1.jpg\" alt=\"\" class=\"wp-image-45610\" width=\"302\" height=\"201\" srcset=\"https:\/\/www.humanium.org\/fr\/wp-content\/uploads\/2019\/11\/shutterstock_303194174-1.jpg 1000w, https:\/\/www.humanium.org\/fr\/wp-content\/uploads\/2019\/11\/shutterstock_303194174-1-300x200.jpg 300w, https:\/\/www.humanium.org\/fr\/wp-content\/uploads\/2019\/11\/shutterstock_303194174-1-768x512.jpg 768w, https:\/\/www.humanium.org\/fr\/wp-content\/uploads\/2019\/11\/shutterstock_303194174-1-830x554.jpg 830w, https:\/\/www.humanium.org\/fr\/wp-content\/uploads\/2019\/11\/shutterstock_303194174-1-230x153.jpg 230w, https:\/\/www.humanium.org\/fr\/wp-content\/uploads\/2019\/11\/shutterstock_303194174-1-350x233.jpg 350w, https:\/\/www.humanium.org\/fr\/wp-content\/uploads\/2019\/11\/shutterstock_303194174-1-480x320.jpg 480w, https:\/\/www.humanium.org\/fr\/wp-content\/uploads\/2019\/11\/shutterstock_303194174-1-272x182.jpg 272w\" sizes=\"auto, (max-width: 302px) 100vw, 302px\" \/><\/figure><\/div>\n\n\n\n<p class=\"wp-block-paragraph\">Directement et indirectement, la Convention a am\u00e9lior\u00e9 la vie des enfants partout dans le monde, en suscitant un changement dans la l\u00e9gislation en g\u00e9n\u00e9ral et en cr\u00e9ant une v\u00e9ritable prise de conscience de la vuln\u00e9rabilit\u00e9 des enfants. On peut ainsi dire, sans peur de se tromper, qu\u2019aucune convention n\u2019a jamais eu un impact aussi puissant sur la qualit\u00e9 de vie des enfants dans le monde entier.<\/p>\n\n\n\n<h2 class=\"wp-block-heading\"><strong>O\u00f9 est-ce que les droits des enfants sont encore\nviol\u00e9s&nbsp;?<\/strong><\/h2>\n\n\n\n<p class=\"wp-block-paragraph\">H\u00e9las, malgr\u00e9 cet impact si fortement\npositif de la Convention sur la vie des enfants, les abus et les violations de\nleurs droits restent end\u00e9miques dans beaucoup de r\u00e9gions du monde.<\/p>\n\n\n\n<p class=\"wp-block-paragraph\">Dans les pays les plus touch\u00e9s par la pauvret\u00e9, de nombreux enfants doivent travailler sans avoir pu compl\u00e9ter leur \u00e9ducation scolaire, voire parfois sans en avoir eu aucune. Cela arrive notamment dans les pays sub-sahariens et d\u2019Afrique occidentale&nbsp;; au Chad, au Burkina Faso, en Guin\u00e9e Bissau, au Cameroun et en Sierra Leone plus de 50% des enfants entre 7 et 14 ans sont engag\u00e9s dans quelque formes de travail \u00e0 plein temps.&nbsp;&nbsp;&nbsp;&nbsp; <\/p>\n\n\n\n<p class=\"wp-block-paragraph\">Les m\u00e9tiers exerc\u00e9s par ces enfants sont souvent dangereux et non-r\u00e9glement\u00e9s. En Afrique centrale et orientale, des groupes clandestins ont souvent plus de pouvoir sur certaines r\u00e9gions que les gouvernements l\u00e9gitimes et ,en cas de guerre civile ou de troubles nationaux, cela implique que la population locale est souvent contrainte de travailler pour l\u2019opposition de plusieurs mani\u00e8res \u2013 enfants y compris. Par exemple, les derni\u00e8res \u00e9tudes men\u00e9es par l\u2019UNICEF estiment \u00e0 40&nbsp;000 les enfants enr\u00f4l\u00e9s, pour moins d\u2019un dollar par jour, dans les mines de cobalt en R\u00e9publique d\u00e9mocratique du Congo, extrayant le minerai qui finira dans nos batteries de t\u00e9l\u00e9phones portables.<\/p>\n\n\n\n<div class=\"wp-block-image\"><figure class=\"alignleft is-resized\"><img loading=\"lazy\" decoding=\"async\" src=\"https:\/\/www.humanium.org\/fr\/wp-content\/uploads\/2019\/11\/shutterstock_1186227025-1.jpg\" alt=\"\" class=\"wp-image-45611\" width=\"355\" height=\"199\" srcset=\"https:\/\/www.humanium.org\/fr\/wp-content\/uploads\/2019\/11\/shutterstock_1186227025-1.jpg 1000w, https:\/\/www.humanium.org\/fr\/wp-content\/uploads\/2019\/11\/shutterstock_1186227025-1-300x169.jpg 300w, https:\/\/www.humanium.org\/fr\/wp-content\/uploads\/2019\/11\/shutterstock_1186227025-1-768x432.jpg 768w, https:\/\/www.humanium.org\/fr\/wp-content\/uploads\/2019\/11\/shutterstock_1186227025-1-830x467.jpg 830w, https:\/\/www.humanium.org\/fr\/wp-content\/uploads\/2019\/11\/shutterstock_1186227025-1-230x129.jpg 230w, https:\/\/www.humanium.org\/fr\/wp-content\/uploads\/2019\/11\/shutterstock_1186227025-1-350x197.jpg 350w, https:\/\/www.humanium.org\/fr\/wp-content\/uploads\/2019\/11\/shutterstock_1186227025-1-480x270.jpg 480w\" sizes=\"auto, (max-width: 355px) 100vw, 355px\" \/><\/figure><\/div>\n\n\n\n<p class=\"wp-block-paragraph\">La seconde grave menace contre les droits des enfants sur le continent africain est l\u2019enr\u00f4lement d\u2019enfants soldats. Les groupes arm\u00e9s, tout comme les milices gouvernementales, sont responsables de ce crime, dont les victimes sont estim\u00e9es \u00e0 120&nbsp;000 enfants. Les enfants soldats sont massivement recrut\u00e9s dans les zones de conflit, \u00e0 cause du peu de perspectives qui leur sont offertes localement, de leur manipulation plus ais\u00e9e qu\u2019avec des adultes et parfois de leur compr\u00e9hension encore incertaine de ce qu\u2019est la mort.<\/p>\n\n\n\n<p class=\"wp-block-paragraph\">Il serait toutefois trop simple d\u2019accuser uniquement les pays en d\u00e9veloppement et les r\u00e9gions en guerre. La d\u00e9tention d\u2019enfants est bien trop fr\u00e9quente dans des pays du monde d\u00e9velopp\u00e9, comme aux \u00c9tats-Unis (le seul pays qui n\u2019a pas ratifi\u00e9 la Convention), avec sur son seul territoire 20&nbsp;000 mineurs isol\u00e9s arr\u00eat\u00e9s au printemps dernier par les forces de l\u2019ICE et leurs soutiens. Des pays comme l\u2019Australie, la Hongrie et la Gr\u00e8ce font aussi l\u2019objet de graves accusations au sujet de leurs conditions de d\u00e9tention des mineurs.<\/p>\n\n\n\n<p class=\"wp-block-paragraph\">Avant\n2012 la Convention aurait pu \u00eatre interpr\u00e9t\u00e9e comme autorisant la d\u00e9tention des\nenfants&nbsp;migrants&nbsp;:<\/p>\n\n\n\n<blockquote class=\"wp-block-quote is-layout-flow wp-block-quote-is-layout-flow\"><p><strong>\u00ab&nbsp;Nul enfant ne sera priv\u00e9 de libert\u00e9 de fa\u00e7on ill\u00e9gale ou arbitraire. L&rsquo;arrestation, la d\u00e9tention ou l&#8217;emprisonnement d&rsquo;un enfant doit \u00eatre en conformit\u00e9 avec la loi, n&rsquo;\u00eatre qu&rsquo;une mesure de dernier ressort, et \u00eatre d&rsquo;une dur\u00e9e aussi br\u00e8ve que possible;\u00bb <\/strong><em><strong>&nbsp;&nbsp;<\/strong><\/em><\/p><\/blockquote>\n\n\n\n<p class=\"wp-block-paragraph\">Cet article n\u00e9anmoins ne fait pas sp\u00e9cifiquement r\u00e9f\u00e9rence \u00e0 la d\u00e9tention des enfants migrants. Il concerne la d\u00e9tention des enfants en toute situation et notamment lorsque ces derniers sont reconnus coupables de crimes, ou souffrent de graves probl\u00e8mes de sant\u00e9, ou encore ont besoin d\u2019une protection imm\u00e9diate. <\/p>\n\n\n\n<p class=\"wp-block-paragraph\">La question des migrants a \u00e9t\u00e9 clarifi\u00e9e en 2012 et le Comit\u00e9 des droits de l\u2019enfant a adopt\u00e9 des normes plus strictes&nbsp;; aujourd\u2019hui, la r\u00e8gle est que la d\u00e9tention d\u2019enfants migrants dans des centres de r\u00e9tention pour migrants reste une violation des droits de l\u2019enfant. Le Comit\u00e9 des droits de l\u2019enfant des Nations Unies a clarifi\u00e9 ces droits lors d\u2019une journ\u00e9e de discussion \u00e0 caract\u00e8re non contraignant&nbsp;; le Comit\u00e9 des droits de l\u2019enfant les a clairement formul\u00e9s ainsi&nbsp;:<\/p>\n\n\n\n<blockquote class=\"wp-block-quote is-layout-flow wp-block-quote-is-layout-flow\"><p><strong>\u00ab&nbsp;La d\u00e9tention d\u2019un enfant en fonction de son statut migratoire ou de celui de ses parents constitue une violation des droits des enfants et contrevient toujours au principe de l\u2019int\u00e9r\u00eat sup\u00e9rieur de l\u2019enfant. Dans cette optique, les \u00c9tats doivent rapidement et compl\u00e8tement cesser la d\u00e9tention des enfants sur la base de leur statut migratoire.&nbsp;\u00bb<\/strong><\/p><\/blockquote>\n\n\n\n<p class=\"wp-block-paragraph\">Le probl\u00e8me de cet amendement est qu\u2019il est de\nnature non contraignante, \u00e0 peine plus qu\u2019une suggestion faite aux pays, selon\nleur bon vouloir. <\/p>\n\n\n\n<h2 class=\"wp-block-heading\"><strong>La Convention des droits de l\u2019enfant et Humanium<\/strong><\/h2>\n\n\n\n<p class=\"wp-block-paragraph\"><a href=\"https:\/\/www.humanium.org\/fr\/qui-sommes-nous\/\">Humanium <\/a>a \u00e9t\u00e9 fond\u00e9 le jour anniversaire de sa signature, il y a 11 ans, dans un seul but&nbsp;: le bien-\u00eatre des enfants partout dans le monde. <\/p>\n\n\n\n<p class=\"wp-block-paragraph\">Notre\nassociation lutte pour une am\u00e9lioration concr\u00e8te de leurs conditions de vie et\nde leurs droits fondamentaux.<\/p>\n\n\n\n<p class=\"wp-block-paragraph\">Les objectifs\nd\u2019Humanium recouvrent trois approches compl\u00e9mentaires&nbsp;:<\/p>\n\n\n\n<ul class=\"wp-block-list\"><li>sensibilisation aux droits des enfants de 5 millions de personnes chaque ann\u00e9e, dans le monde entier<\/li><li>assistance juridique aux victimes des violations des droits des enfants<\/li><li><a href=\"https:\/\/www.youtube.com\/watch?v=YaDJUfNOoas&amp;feature=emb_logo\">support de partenaires locaux dans des projets d\u2019aide \u00e0 l\u2019enfance<\/a><\/li><\/ul>\n\n\n\n<p class=\"wp-block-paragraph\">Notre organisation m\u00e8ne actuellement au Rwanda et en Inde cinq projets, qui ont pour but d\u2019am\u00e9liorer les conditions de vie des enfants, \u00e0 travers l\u2019autonomisation des communaut\u00e9s locales et le support aux individus dans leur recherche de meilleures opportunit\u00e9s de vie. Humanium est fier de travailler main dans la main avec les diff\u00e9rentes communaut\u00e9s et non de les diriger, car nos projets ont pour but le d\u00e9veloppement \u00e0 long terme des communaut\u00e9s et l\u2019ind\u00e9pendance des individus \u00e0 l\u2019\u00e9gard de l\u2019organisation.<\/p>\n\n\n\n<div class=\"wp-block-image\"><figure class=\"aligncenter\"><img loading=\"lazy\" decoding=\"async\" width=\"1000\" height=\"667\" src=\"https:\/\/www.humanium.org\/fr\/wp-content\/uploads\/2019\/11\/shutterstock_673873681-1.jpg\" alt=\"\" class=\"wp-image-45612\" srcset=\"https:\/\/www.humanium.org\/fr\/wp-content\/uploads\/2019\/11\/shutterstock_673873681-1.jpg 1000w, https:\/\/www.humanium.org\/fr\/wp-content\/uploads\/2019\/11\/shutterstock_673873681-1-300x200.jpg 300w, https:\/\/www.humanium.org\/fr\/wp-content\/uploads\/2019\/11\/shutterstock_673873681-1-768x512.jpg 768w, https:\/\/www.humanium.org\/fr\/wp-content\/uploads\/2019\/11\/shutterstock_673873681-1-830x554.jpg 830w, https:\/\/www.humanium.org\/fr\/wp-content\/uploads\/2019\/11\/shutterstock_673873681-1-230x153.jpg 230w, https:\/\/www.humanium.org\/fr\/wp-content\/uploads\/2019\/11\/shutterstock_673873681-1-350x233.jpg 350w, https:\/\/www.humanium.org\/fr\/wp-content\/uploads\/2019\/11\/shutterstock_673873681-1-480x320.jpg 480w, https:\/\/www.humanium.org\/fr\/wp-content\/uploads\/2019\/11\/shutterstock_673873681-1-272x182.jpg 272w\" sizes=\"auto, (max-width: 1000px) 100vw, 1000px\" \/><\/figure><\/div>\n\n\n\n<p class=\"wp-block-paragraph\">Humanium se bat pour faire respecter les enfants et soutenir les quatre piliers tout comme les 8 droits des enfants issus de la Convention des droits de l\u2019enfant, et ce de mani\u00e8re globale.<\/p>\n\n\n\n<p class=\"wp-block-paragraph\">M\u00eame s\u2019il reste \u00e9videmment encore beaucoup d\u2019obstacles\nau bien-\u00eatre des enfants aujourd\u2019hui, les trente ann\u00e9es depuis l\u2019adoption de la\nConvention ont \u00e9t\u00e9 profond\u00e9ment marqu\u00e9es par des changements positifs dans les\nl\u00e9gislations, les attitudes globales et avant tout la qualit\u00e9 de vie g\u00e9n\u00e9rale\ndes enfants partout dans le monde. Am\u00e9liorer leurs conditions de vie pour les\ntrente prochaines ann\u00e9es commence par <strong>nous<\/strong>\nen tant qu\u2019individus et par les d\u00e9cisions que nous choisissons de prendre. <\/p>\n\n\n\n<blockquote class=\"wp-block-quote is-layout-flow wp-block-quote-is-layout-flow\"><p><strong>\u00ab&nbsp;Il ne peut y avoir plus vive r\u00e9v\u00e9lation de l&rsquo;\u00e2me d\u2019une soci\u00e9t\u00e9 que la mani\u00e8re dont elle traite ses enfants.&nbsp;\u00bb<\/strong> <\/p><cite> Nelson Mandela, ancien Pr\u00e9sident d\u2019Afrique du Sud <\/cite><\/blockquote>\n\n\n\n<p class=\"wp-block-paragraph\"><strong><em>R\u00e9dig\u00e9 par Julian M.G. Sharp<\/em><\/strong><\/p>\n\n\n\n<p class=\"wp-block-paragraph\"><em><strong>Traduit par Rita Di Lorenzo  <\/strong><\/em><\/p>\n\n\n\n<h3 class=\"wp-block-heading\"><strong>R\u00e9f\u00e9rences<\/strong><\/h3>\n\n\n\n<p class=\"wp-block-paragraph\">ONHCR, Convention on the Rights of the Child Adopted and opened for signature, ratification and accession by General Assembly resolution 44\/25 of 20 November 1989 entry into force 2 September 1990, in accordance with article 49, sur : <a rel=\"noreferrer noopener\" href=\"https:\/\/www.ohchr.org\/en\/professionalinterest\/pages\/crc.aspx\" target=\"_blank\">https:\/\/www.ohchr.org\/en\/professionalinterest\/pages\/crc.aspx<\/a><\/p>\n\n\n\n<p class=\"wp-block-paragraph\">Esteban Ortiz-Ospina and Max Roser (Our World in Data) Violence against children and children\u2019s rights, sur : <a rel=\"noreferrer noopener\" href=\"https:\/\/ourworldindata.org\/violence-against-rights-for-children\" target=\"_blank\">https:\/\/ourworldindata.org\/violence-against-rights-for-children<\/a><\/p>\n\n\n\n<p class=\"wp-block-paragraph\">Human Rights Watch, More Than 120,000 Child Soldiers Fighting in Africa,  sur :\u00a0<a rel=\"noreferrer noopener\" href=\"https:\/\/www.hrw.org\/news\/1999\/04\/18\/more-120000-child-soldiers-fighting-africa\" target=\"_blank\">https:\/\/www.hrw.org\/news\/1999\/04\/18\/more-120000-child-soldiers-fighting-africa<\/a><\/p>\n\n\n\n<p class=\"wp-block-paragraph\">CBS News, CBS News finds children mining cobalt for batteries in the Congo, sur : <a rel=\"noreferrer noopener\" href=\"https:\/\/www.cbsnews.com\/news\/cobalt-children-mining-democratic-republic-congo-cbs-news-investigation\/\" target=\"_blank\">https:\/\/www.cbsnews.com\/news\/cobalt-children-mining-democratic-republic-congo-cbs-news-investigation\/<\/a><\/p>\n\n\n\n<p class=\"wp-block-paragraph\">Sharon Bessell and\u00a0Nigel Spence (Devpolicy),Has 25 years of children\u2019s rights made any difference?,  sur :\u00a0<a rel=\"noreferrer noopener\" href=\"https:\/\/devpolicy.org\/has-25-years-of-childrens-rights-made-any-difference-20141120\/\" target=\"_blank\">https:\/\/devpolicy.org\/has-25-years-of-childrens-rights-made-any-difference-20141120\/<\/a><\/p>\n\n\n\n<p class=\"wp-block-paragraph\">UNESCO Institute for Statistics\u00a0,Children out of school (% of primary school age),  sur :\u00a0<a rel=\"noreferrer noopener\" href=\"https:\/\/data.worldbank.org\/indicator\/SE.PRM.UNER.ZS?view=chart\" target=\"_blank\">https:\/\/data.worldbank.org\/indicator\/SE.PRM.UNER.ZS?view=chart<\/a><\/p>\n\n\n\n<p class=\"wp-block-paragraph\">Lindsay Harris (the borgen project), Why are child soldiers used in war,  sur : https:\/\/borgenproject.org\/why-are-child-soldiers-used-in-war\/<\/p>\n\n\n\n<p class=\"wp-block-paragraph\">UNHCR, Detention,  sur : <a rel=\"noreferrer noopener\" href=\"https:\/\/www.unhcr.org\/detention.html\" target=\"_blank\">https:\/\/www.unhcr.org\/detention.html<\/a><\/p>\n\n\n\n<p class=\"wp-block-paragraph\">Josie Thum (Humanium), Child Immigration Detention: Part 1,  sur : <a rel=\"noreferrer noopener\" href=\"https:\/\/www.humanium.org\/en\/child-immigration-detention-part-1\/\" target=\"_blank\">https:\/\/www.humanium.org\/en\/child-immigration-detention-part-1\/<\/a><\/p>\n","protected":false},"excerpt":{"rendered":"<p>Il y a 30 ans, le 20 novembre 1989, la Convention des droits de l\u2019enfant a \u00e9t\u00e9 adopt\u00e9e et ouverte \u00e0 la signature, ratification et adh\u00e9sion par d\u00e9cision de l\u2019Assembl\u00e9e g\u00e9n\u00e9rale des Nations Unies si\u00e8geant \u00e0 New York. La r\u00e9solution, sous la forme de 54 articles et forte de 140 signataires, est devenue le trait\u00e9 [&hellip;]<\/p>\n","protected":false},"author":69,"featured_media":45608,"comment_status":"closed","ping_status":"closed","sticky":false,"template":"","format":"standard","meta":{"footnotes":""},"categories":[220],"tags":[],"class_list":["post-45596","post","type-post","status-publish","format-standard","has-post-thumbnail","hentry","category-droits-des-enfants"],"yoast_head":"<!-- This site is optimized with the Yoast SEO plugin v28.3 - https:\/\/yoast.com\/product\/yoast-seo-wordpress\/ -->\n<title>La Convention des droits de l\u2019enfant a 30 ans \u2013 Am\u00e9liorations et probl\u00e8mes concernant les droits des enfants dans le monde - Humanium<\/title>\n<meta name=\"description\" content=\"Il y a 30 ans, le 20 novembre 1989, la Convention des droits de l\u2019enfant a \u00e9t\u00e9 adopt\u00e9e et ouverte \u00e0 la signature, ratification et adh\u00e9sion par d\u00e9cision de l\u2019Assembl\u00e9e g\u00e9n\u00e9rale des Nations Unies si\u00e8geant \u00e0 New York.\" \/>\n<meta name=\"robots\" content=\"index, follow, max-snippet:-1, max-image-preview:large, max-video-preview:-1\" \/>\n<link rel=\"canonical\" href=\"https:\/\/www.humanium.org\/fr\/la-convention-des-droits-de-lenfant-a-30-ans-ameliorations-et-problemes-concernant-les-droits-des-enfants-dans-le-monde\/\" \/>\n<meta property=\"og:locale\" content=\"fr_FR\" \/>\n<meta property=\"og:type\" content=\"article\" \/>\n<meta property=\"og:title\" content=\"La Convention des droits de l\u2019enfant a 30 ans \u2013 Am\u00e9liorations et probl\u00e8mes concernant les droits des enfants dans le monde - Humanium\" \/>\n<meta property=\"og:description\" content=\"Il y a 30 ans, le 20 novembre 1989, la Convention des droits de l\u2019enfant a \u00e9t\u00e9 adopt\u00e9e et ouverte \u00e0 la signature, ratification et adh\u00e9sion par d\u00e9cision de l\u2019Assembl\u00e9e g\u00e9n\u00e9rale des Nations Unies si\u00e8geant \u00e0 New York.\" \/>\n<meta property=\"og:url\" content=\"https:\/\/www.humanium.org\/fr\/la-convention-des-droits-de-lenfant-a-30-ans-ameliorations-et-problemes-concernant-les-droits-des-enfants-dans-le-monde\/\" \/>\n<meta property=\"og:site_name\" content=\"Humanium\" \/>\n<meta property=\"article:published_time\" content=\"2019-11-18T20:39:04+00:00\" \/>\n<meta property=\"article:modified_time\" content=\"2026-08-20T17:24:22+00:00\" \/>\n<meta property=\"og:image\" content=\"https:\/\/www.humanium.org\/fr\/wp-content\/uploads\/2019\/11\/shutterstock_607946075-1.jpg\" \/>\n\t<meta property=\"og:image:width\" content=\"1000\" \/>\n\t<meta property=\"og:image:height\" content=\"589\" \/>\n\t<meta property=\"og:image:type\" content=\"image\/jpeg\" \/>\n<meta name=\"author\" content=\"Humanium\" \/>\n<meta name=\"twitter:card\" content=\"summary_large_image\" \/>\n<meta name=\"twitter:label1\" content=\"\u00c9crit par\" \/>\n\t<meta name=\"twitter:data1\" content=\"Humanium\" \/>\n\t<meta name=\"twitter:label2\" content=\"Dur\u00e9e de lecture estim\u00e9e\" \/>\n\t<meta name=\"twitter:data2\" content=\"10 minutes\" \/>\n<script type=\"application\/ld+json\" class=\"yoast-schema-graph\">{\"@context\":\"https:\\\/\\\/schema.org\",\"@graph\":[{\"@type\":\"Article\",\"@id\":\"https:\\\/\\\/www.humanium.org\\\/fr\\\/la-convention-des-droits-de-lenfant-a-30-ans-ameliorations-et-problemes-concernant-les-droits-des-enfants-dans-le-monde\\\/#article\",\"isPartOf\":{\"@id\":\"https:\\\/\\\/www.humanium.org\\\/fr\\\/la-convention-des-droits-de-lenfant-a-30-ans-ameliorations-et-problemes-concernant-les-droits-des-enfants-dans-le-monde\\\/\"},\"author\":{\"name\":\"Humanium\",\"@id\":\"https:\\\/\\\/www.humanium.org\\\/fr\\\/#\\\/schema\\\/person\\\/d798d6c7d59ba2307e0877f61a20ce3e\"},\"headline\":\"La Convention des droits de l\u2019enfant a 30 ans \u2013 Am\u00e9liorations et probl\u00e8mes concernant les droits des enfants dans le monde\",\"datePublished\":\"2019-11-18T20:39:04+00:00\",\"dateModified\":\"2026-08-20T17:24:22+00:00\",\"mainEntityOfPage\":{\"@id\":\"https:\\\/\\\/www.humanium.org\\\/fr\\\/la-convention-des-droits-de-lenfant-a-30-ans-ameliorations-et-problemes-concernant-les-droits-des-enfants-dans-le-monde\\\/\"},\"wordCount\":1955,\"image\":{\"@id\":\"https:\\\/\\\/www.humanium.org\\\/fr\\\/la-convention-des-droits-de-lenfant-a-30-ans-ameliorations-et-problemes-concernant-les-droits-des-enfants-dans-le-monde\\\/#primaryimage\"},\"thumbnailUrl\":\"https:\\\/\\\/www.humanium.org\\\/fr\\\/wp-content\\\/uploads\\\/2019\\\/11\\\/shutterstock_607946075-1.jpg\",\"articleSection\":[\"Droits des enfants\"],\"inLanguage\":\"fr-FR\"},{\"@type\":\"WebPage\",\"@id\":\"https:\\\/\\\/www.humanium.org\\\/fr\\\/la-convention-des-droits-de-lenfant-a-30-ans-ameliorations-et-problemes-concernant-les-droits-des-enfants-dans-le-monde\\\/\",\"url\":\"https:\\\/\\\/www.humanium.org\\\/fr\\\/la-convention-des-droits-de-lenfant-a-30-ans-ameliorations-et-problemes-concernant-les-droits-des-enfants-dans-le-monde\\\/\",\"name\":\"La Convention des droits de l\u2019enfant a 30 ans \u2013 Am\u00e9liorations et probl\u00e8mes concernant les droits des enfants dans le monde - Humanium\",\"isPartOf\":{\"@id\":\"https:\\\/\\\/www.humanium.org\\\/fr\\\/#website\"},\"primaryImageOfPage\":{\"@id\":\"https:\\\/\\\/www.humanium.org\\\/fr\\\/la-convention-des-droits-de-lenfant-a-30-ans-ameliorations-et-problemes-concernant-les-droits-des-enfants-dans-le-monde\\\/#primaryimage\"},\"image\":{\"@id\":\"https:\\\/\\\/www.humanium.org\\\/fr\\\/la-convention-des-droits-de-lenfant-a-30-ans-ameliorations-et-problemes-concernant-les-droits-des-enfants-dans-le-monde\\\/#primaryimage\"},\"thumbnailUrl\":\"https:\\\/\\\/www.humanium.org\\\/fr\\\/wp-content\\\/uploads\\\/2019\\\/11\\\/shutterstock_607946075-1.jpg\",\"datePublished\":\"2019-11-18T20:39:04+00:00\",\"dateModified\":\"2026-08-20T17:24:22+00:00\",\"author\":{\"@id\":\"https:\\\/\\\/www.humanium.org\\\/fr\\\/#\\\/schema\\\/person\\\/d798d6c7d59ba2307e0877f61a20ce3e\"},\"description\":\"Il y a 30 ans, le 20 novembre 1989, la Convention des droits de l\u2019enfant a \u00e9t\u00e9 adopt\u00e9e et ouverte \u00e0 la signature, ratification et adh\u00e9sion par d\u00e9cision de l\u2019Assembl\u00e9e g\u00e9n\u00e9rale des Nations Unies si\u00e8geant \u00e0 New York.\",\"breadcrumb\":{\"@id\":\"https:\\\/\\\/www.humanium.org\\\/fr\\\/la-convention-des-droits-de-lenfant-a-30-ans-ameliorations-et-problemes-concernant-les-droits-des-enfants-dans-le-monde\\\/#breadcrumb\"},\"inLanguage\":\"fr-FR\",\"potentialAction\":[{\"@type\":\"ReadAction\",\"target\":[\"https:\\\/\\\/www.humanium.org\\\/fr\\\/la-convention-des-droits-de-lenfant-a-30-ans-ameliorations-et-problemes-concernant-les-droits-des-enfants-dans-le-monde\\\/\"]}]},{\"@type\":\"ImageObject\",\"inLanguage\":\"fr-FR\",\"@id\":\"https:\\\/\\\/www.humanium.org\\\/fr\\\/la-convention-des-droits-de-lenfant-a-30-ans-ameliorations-et-problemes-concernant-les-droits-des-enfants-dans-le-monde\\\/#primaryimage\",\"url\":\"https:\\\/\\\/www.humanium.org\\\/fr\\\/wp-content\\\/uploads\\\/2019\\\/11\\\/shutterstock_607946075-1.jpg\",\"contentUrl\":\"https:\\\/\\\/www.humanium.org\\\/fr\\\/wp-content\\\/uploads\\\/2019\\\/11\\\/shutterstock_607946075-1.jpg\",\"width\":1000,\"height\":589},{\"@type\":\"BreadcrumbList\",\"@id\":\"https:\\\/\\\/www.humanium.org\\\/fr\\\/la-convention-des-droits-de-lenfant-a-30-ans-ameliorations-et-problemes-concernant-les-droits-des-enfants-dans-le-monde\\\/#breadcrumb\",\"itemListElement\":[{\"@type\":\"ListItem\",\"position\":1,\"name\":\"Home\",\"item\":\"https:\\\/\\\/www.humanium.org\\\/fr\\\/\"},{\"@type\":\"ListItem\",\"position\":2,\"name\":\"La Convention des droits de l\u2019enfant a 30 ans \u2013 Am\u00e9liorations et probl\u00e8mes concernant les droits des enfants dans le monde\"}]},{\"@type\":\"WebSite\",\"@id\":\"https:\\\/\\\/www.humanium.org\\\/fr\\\/#website\",\"url\":\"https:\\\/\\\/www.humanium.org\\\/fr\\\/\",\"name\":\"Humanium\",\"description\":\"Les enfants d\u2019abord !\",\"potentialAction\":[{\"@type\":\"SearchAction\",\"target\":{\"@type\":\"EntryPoint\",\"urlTemplate\":\"https:\\\/\\\/www.humanium.org\\\/fr\\\/?s={search_term_string}\"},\"query-input\":{\"@type\":\"PropertyValueSpecification\",\"valueRequired\":true,\"valueName\":\"search_term_string\"}}],\"inLanguage\":\"fr-FR\"},{\"@type\":\"Person\",\"@id\":\"https:\\\/\\\/www.humanium.org\\\/fr\\\/#\\\/schema\\\/person\\\/d798d6c7d59ba2307e0877f61a20ce3e\",\"name\":\"Humanium\",\"image\":{\"@type\":\"ImageObject\",\"inLanguage\":\"fr-FR\",\"@id\":\"https:\\\/\\\/secure.gravatar.com\\\/avatar\\\/22715e338d2fcc547e3a431c4738360d33fea2a4af458f865b2c3b22f1eaa51f?s=96&d=mm&r=g\",\"url\":\"https:\\\/\\\/secure.gravatar.com\\\/avatar\\\/22715e338d2fcc547e3a431c4738360d33fea2a4af458f865b2c3b22f1eaa51f?s=96&d=mm&r=g\",\"contentUrl\":\"https:\\\/\\\/secure.gravatar.com\\\/avatar\\\/22715e338d2fcc547e3a431c4738360d33fea2a4af458f865b2c3b22f1eaa51f?s=96&d=mm&r=g\",\"caption\":\"Humanium\"},\"url\":\"https:\\\/\\\/www.humanium.org\\\/fr\\\/author\\\/humanium\\\/\"}]}<\/script>\n<!-- \/ Yoast SEO plugin. -->","yoast_head_json":{"title":"La Convention des droits de l\u2019enfant a 30 ans \u2013 Am\u00e9liorations et probl\u00e8mes concernant les droits des enfants dans le monde - Humanium","description":"Il y a 30 ans, le 20 novembre 1989, la Convention des droits de l\u2019enfant a \u00e9t\u00e9 adopt\u00e9e et ouverte \u00e0 la signature, ratification et adh\u00e9sion par d\u00e9cision de l\u2019Assembl\u00e9e g\u00e9n\u00e9rale des Nations Unies si\u00e8geant \u00e0 New York.","robots":{"index":"index","follow":"follow","max-snippet":"max-snippet:-1","max-image-preview":"max-image-preview:large","max-video-preview":"max-video-preview:-1"},"canonical":"https:\/\/www.humanium.org\/fr\/la-convention-des-droits-de-lenfant-a-30-ans-ameliorations-et-problemes-concernant-les-droits-des-enfants-dans-le-monde\/","og_locale":"fr_FR","og_type":"article","og_title":"La Convention des droits de l\u2019enfant a 30 ans \u2013 Am\u00e9liorations et probl\u00e8mes concernant les droits des enfants dans le monde - Humanium","og_description":"Il y a 30 ans, le 20 novembre 1989, la Convention des droits de l\u2019enfant a \u00e9t\u00e9 adopt\u00e9e et ouverte \u00e0 la signature, ratification et adh\u00e9sion par d\u00e9cision de l\u2019Assembl\u00e9e g\u00e9n\u00e9rale des Nations Unies si\u00e8geant \u00e0 New York.","og_url":"https:\/\/www.humanium.org\/fr\/la-convention-des-droits-de-lenfant-a-30-ans-ameliorations-et-problemes-concernant-les-droits-des-enfants-dans-le-monde\/","og_site_name":"Humanium","article_published_time":"2019-11-18T20:39:04+00:00","article_modified_time":"2026-08-20T17:24:22+00:00","og_image":[{"width":1000,"height":589,"url":"https:\/\/www.humanium.org\/fr\/wp-content\/uploads\/2019\/11\/shutterstock_607946075-1.jpg","type":"image\/jpeg"}],"author":"Humanium","twitter_card":"summary_large_image","twitter_misc":{"\u00c9crit par":"Humanium","Dur\u00e9e de lecture estim\u00e9e":"10 minutes"},"schema":{"@context":"https:\/\/schema.org","@graph":[{"@type":"Article","@id":"https:\/\/www.humanium.org\/fr\/la-convention-des-droits-de-lenfant-a-30-ans-ameliorations-et-problemes-concernant-les-droits-des-enfants-dans-le-monde\/#article","isPartOf":{"@id":"https:\/\/www.humanium.org\/fr\/la-convention-des-droits-de-lenfant-a-30-ans-ameliorations-et-problemes-concernant-les-droits-des-enfants-dans-le-monde\/"},"author":{"name":"Humanium","@id":"https:\/\/www.humanium.org\/fr\/#\/schema\/person\/d798d6c7d59ba2307e0877f61a20ce3e"},"headline":"La Convention des droits de l\u2019enfant a 30 ans \u2013 Am\u00e9liorations et probl\u00e8mes concernant les droits des enfants dans le monde","datePublished":"2019-11-18T20:39:04+00:00","dateModified":"2026-08-20T17:24:22+00:00","mainEntityOfPage":{"@id":"https:\/\/www.humanium.org\/fr\/la-convention-des-droits-de-lenfant-a-30-ans-ameliorations-et-problemes-concernant-les-droits-des-enfants-dans-le-monde\/"},"wordCount":1955,"image":{"@id":"https:\/\/www.humanium.org\/fr\/la-convention-des-droits-de-lenfant-a-30-ans-ameliorations-et-problemes-concernant-les-droits-des-enfants-dans-le-monde\/#primaryimage"},"thumbnailUrl":"https:\/\/www.humanium.org\/fr\/wp-content\/uploads\/2019\/11\/shutterstock_607946075-1.jpg","articleSection":["Droits des enfants"],"inLanguage":"fr-FR"},{"@type":"WebPage","@id":"https:\/\/www.humanium.org\/fr\/la-convention-des-droits-de-lenfant-a-30-ans-ameliorations-et-problemes-concernant-les-droits-des-enfants-dans-le-monde\/","url":"https:\/\/www.humanium.org\/fr\/la-convention-des-droits-de-lenfant-a-30-ans-ameliorations-et-problemes-concernant-les-droits-des-enfants-dans-le-monde\/","name":"La Convention des droits de l\u2019enfant a 30 ans \u2013 Am\u00e9liorations et probl\u00e8mes concernant les droits des enfants dans le monde - Humanium","isPartOf":{"@id":"https:\/\/www.humanium.org\/fr\/#website"},"primaryImageOfPage":{"@id":"https:\/\/www.humanium.org\/fr\/la-convention-des-droits-de-lenfant-a-30-ans-ameliorations-et-problemes-concernant-les-droits-des-enfants-dans-le-monde\/#primaryimage"},"image":{"@id":"https:\/\/www.humanium.org\/fr\/la-convention-des-droits-de-lenfant-a-30-ans-ameliorations-et-problemes-concernant-les-droits-des-enfants-dans-le-monde\/#primaryimage"},"thumbnailUrl":"https:\/\/www.humanium.org\/fr\/wp-content\/uploads\/2019\/11\/shutterstock_607946075-1.jpg","datePublished":"2019-11-18T20:39:04+00:00","dateModified":"2026-08-20T17:24:22+00:00","author":{"@id":"https:\/\/www.humanium.org\/fr\/#\/schema\/person\/d798d6c7d59ba2307e0877f61a20ce3e"},"description":"Il y a 30 ans, le 20 novembre 1989, la Convention des droits de l\u2019enfant a \u00e9t\u00e9 adopt\u00e9e et ouverte \u00e0 la signature, ratification et adh\u00e9sion par d\u00e9cision de l\u2019Assembl\u00e9e g\u00e9n\u00e9rale des Nations Unies si\u00e8geant \u00e0 New York.","breadcrumb":{"@id":"https:\/\/www.humanium.org\/fr\/la-convention-des-droits-de-lenfant-a-30-ans-ameliorations-et-problemes-concernant-les-droits-des-enfants-dans-le-monde\/#breadcrumb"},"inLanguage":"fr-FR","potentialAction":[{"@type":"ReadAction","target":["https:\/\/www.humanium.org\/fr\/la-convention-des-droits-de-lenfant-a-30-ans-ameliorations-et-problemes-concernant-les-droits-des-enfants-dans-le-monde\/"]}]},{"@type":"ImageObject","inLanguage":"fr-FR","@id":"https:\/\/www.humanium.org\/fr\/la-convention-des-droits-de-lenfant-a-30-ans-ameliorations-et-problemes-concernant-les-droits-des-enfants-dans-le-monde\/#primaryimage","url":"https:\/\/www.humanium.org\/fr\/wp-content\/uploads\/2019\/11\/shutterstock_607946075-1.jpg","contentUrl":"https:\/\/www.humanium.org\/fr\/wp-content\/uploads\/2019\/11\/shutterstock_607946075-1.jpg","width":1000,"height":589},{"@type":"BreadcrumbList","@id":"https:\/\/www.humanium.org\/fr\/la-convention-des-droits-de-lenfant-a-30-ans-ameliorations-et-problemes-concernant-les-droits-des-enfants-dans-le-monde\/#breadcrumb","itemListElement":[{"@type":"ListItem","position":1,"name":"Home","item":"https:\/\/www.humanium.org\/fr\/"},{"@type":"ListItem","position":2,"name":"La Convention des droits de l\u2019enfant a 30 ans \u2013 Am\u00e9liorations et probl\u00e8mes concernant les droits des enfants dans le monde"}]},{"@type":"WebSite","@id":"https:\/\/www.humanium.org\/fr\/#website","url":"https:\/\/www.humanium.org\/fr\/","name":"Humanium","description":"Les enfants d\u2019abord !","potentialAction":[{"@type":"SearchAction","target":{"@type":"EntryPoint","urlTemplate":"https:\/\/www.humanium.org\/fr\/?s={search_term_string}"},"query-input":{"@type":"PropertyValueSpecification","valueRequired":true,"valueName":"search_term_string"}}],"inLanguage":"fr-FR"},{"@type":"Person","@id":"https:\/\/www.humanium.org\/fr\/#\/schema\/person\/d798d6c7d59ba2307e0877f61a20ce3e","name":"Humanium","image":{"@type":"ImageObject","inLanguage":"fr-FR","@id":"https:\/\/secure.gravatar.com\/avatar\/22715e338d2fcc547e3a431c4738360d33fea2a4af458f865b2c3b22f1eaa51f?s=96&d=mm&r=g","url":"https:\/\/secure.gravatar.com\/avatar\/22715e338d2fcc547e3a431c4738360d33fea2a4af458f865b2c3b22f1eaa51f?s=96&d=mm&r=g","contentUrl":"https:\/\/secure.gravatar.com\/avatar\/22715e338d2fcc547e3a431c4738360d33fea2a4af458f865b2c3b22f1eaa51f?s=96&d=mm&r=g","caption":"Humanium"},"url":"https:\/\/www.humanium.org\/fr\/author\/humanium\/"}]}},"_links":{"self":[{"href":"https:\/\/www.humanium.org\/fr\/wp-json\/wp\/v2\/posts\/45596","targetHints":{"allow":["GET"]}}],"collection":[{"href":"https:\/\/www.humanium.org\/fr\/wp-json\/wp\/v2\/posts"}],"about":[{"href":"https:\/\/www.humanium.org\/fr\/wp-json\/wp\/v2\/types\/post"}],"author":[{"embeddable":true,"href":"https:\/\/www.humanium.org\/fr\/wp-json\/wp\/v2\/users\/69"}],"replies":[{"embeddable":true,"href":"https:\/\/www.humanium.org\/fr\/wp-json\/wp\/v2\/comments?post=45596"}],"version-history":[{"count":12,"href":"https:\/\/www.humanium.org\/fr\/wp-json\/wp\/v2\/posts\/45596\/revisions"}],"predecessor-version":[{"id":62216,"href":"https:\/\/www.humanium.org\/fr\/wp-json\/wp\/v2\/posts\/45596\/revisions\/62216"}],"wp:featuredmedia":[{"embeddable":true,"href":"https:\/\/www.humanium.org\/fr\/wp-json\/wp\/v2\/media\/45608"}],"wp:attachment":[{"href":"https:\/\/www.humanium.org\/fr\/wp-json\/wp\/v2\/media?parent=45596"}],"wp:term":[{"taxonomy":"category","embeddable":true,"href":"https:\/\/www.humanium.org\/fr\/wp-json\/wp\/v2\/categories?post=45596"},{"taxonomy":"post_tag","embeddable":true,"href":"https:\/\/www.humanium.org\/fr\/wp-json\/wp\/v2\/tags?post=45596"}],"curies":[{"name":"wp","href":"https:\/\/api.w.org\/{rel}","templated":true}]}}