{"id":45664,"date":"2019-11-25T06:50:48","date_gmt":"2019-11-25T06:50:48","guid":{"rendered":"https:\/\/www.humanium.org\/fr\/?p=45664"},"modified":"2026-08-21T03:19:47","modified_gmt":"2026-08-21T03:19:47","slug":"en-finir-avec-la-violence-a-legard-des-femmes-et-des-filles","status":"publish","type":"post","link":"https:\/\/www.humanium.org\/fr\/en-finir-avec-la-violence-a-legard-des-femmes-et-des-filles\/","title":{"rendered":"En finir avec la violence \u00e0 l\u2019\u00e9gard des femmes et des filles"},"content":{"rendered":"\n<p class=\"wp-block-paragraph\"><strong>La violence \u00e0 l&rsquo;\u00e9gard des femmes et des filles est une v\u00e9ritable calamit\u00e9 pour notre monde. La Journ\u00e9e internationale pour l&rsquo;\u00e9limination de la violence \u00e0 l&rsquo;\u00e9gard des femmes, c\u00e9l\u00e9br\u00e9e le 25 novembre, rappelle les cons\u00e9quences de cette violence et nous donne l&rsquo;occasion d\u2019\u0153uvrer \u00e0 l&rsquo;\u00e9radication de la violence sexiste dans le monde d&rsquo;aujourd&rsquo;hui.<\/strong><\/p>\n\n\n\n<h2 class=\"wp-block-heading\"><strong>Comprendre la violence \u00e0 l\u2019\u00e9gard des femmes et des filles<\/strong><\/h2>\n\n\n\n<blockquote class=\"wp-block-quote is-layout-flow wp-block-quote-is-layout-flow\"><p>\u201cAujourd\u2019hui, la violence \u00e0 l\u2019\u00e9gard des femmes et des filles constitue l\u2019une des violations des droits humains les plus r\u00e9pandues, les plus persistantes et les plus d\u00e9vastatrices dans le monde.\u201d <\/p><cite> <em> (Nations Unies, 2019)<\/em> <\/cite><\/blockquote>\n\n\n\n<p class=\"wp-block-paragraph\">La violence \u00e0 l\u2019\u00e9gard des femmes et des filles continue d&rsquo;\u00eatre l&rsquo;un des crimes les moins d\u00e9nonc\u00e9 dans le monde en raison de <strong>l&rsquo;impunit\u00e9, de la stigmatisation et du silence accablant<\/strong> qui l\u2019entourent. Lorsque des actes de violence \u00e0 l\u2019\u00e9gard des femmes et des filles sont signal\u00e9s, cela peut entra\u00eener des repr\u00e9sailles contre les survivantes, un sentiment de honte chez les victimes ou la r\u00e9probation voire m\u00eame le rejet de celles-ci par leurs familles ou communaut\u00e9s.&nbsp;<\/p>\n\n\n\n<p class=\"wp-block-paragraph\">Les formes de violence suivantes constituent des domaines cl\u00e9s \u00e0 aborder dans la lutte contre la violence \u00e0 l\u2019\u00e9gard des femmes et des filles : violence d\u2019un partenaire intime, violence sexuelle et harc\u00e8lement, trafic d\u2019\u00eatres humains, <a href=\"https:\/\/www.humanium.org\/fr\/mutilations-genitales\/\">mutilation g\u00e9nitale f\u00e9minine<\/a> (MGF) et <a href=\"https:\/\/www.humanium.org\/fr\/mariage-enfants\/\">mariage pr\u00e9coce<\/a> (Nations Unies, 2019).<\/p>\n\n\n\n<p class=\"wp-block-paragraph\">Cependant, la violence \u00e0 l\u2019\u00e9gard des femmes et des filles rev\u00eat bien d&rsquo;autres formes que celles mentionn\u00e9es ci-dessus car elle continue \u00e0 \u00e9voluer et r\u00e9siste \u00e0 toute d\u00e9finition d\u00e9finitive. C&rsquo;est une <a href=\"https:\/\/www.humanium.org\/fr\/violences\/\">violence<\/a> \u00e0 la fois personnelle, structurelle et institutionnelle, qui peut \u00eatre exerc\u00e9e aussi bien sur Internet que physiquement ou psychologiquement. Cette oppression patriarcale, qui se manifeste de diverses mani\u00e8res, accentue la vuln\u00e9rabilit\u00e9 des femmes et des filles partout dans le monde, de sorte que les effets d&rsquo;autres urgences humanitaires telles que la pauvret\u00e9, les conflits et les d\u00e9placements forc\u00e9s sont aggrav\u00e9s par la violence perp\u00e9tr\u00e9e contre les femmes et l&rsquo;oppression sexuelle. Combattre cela au quotidien par nos <strong>actions, nos paroles et nos id\u00e9ologies f\u00e9ministes<\/strong> est un aspect cl\u00e9 de la r\u00e9sistance.&nbsp;<\/p>\n\n\n\n<h4 class=\"wp-block-heading\"><strong><em>Statistiques de lq violence \u00e0\nl\u2019\u00e9gard des femmes <\/em><\/strong>(Nations Unies, 2019).<\/h4>\n\n\n\n<ul class=\"wp-block-list\"><li>1 femme ou fille sur 3 a subi des violences physiques ou sexuelles \u00e0 un moment de sa vie ;<\/li><li>Seulement 52% des femmes mari\u00e9es ou en couple prennent librement leurs propres d\u00e9cisions concernant les relations sexuelles, l&rsquo;utilisation de contraceptifs et les soins de sant\u00e9 ;<\/li><li>Pr\u00e8s de 750 millions de femmes et de filles dans le monde aujourd\u2019hui, ont \u00e9t\u00e9 mari\u00e9es avant leur 18e anniversaire ;<\/li><li>200 millions de femmes et de filles ont subi une mutilation g\u00e9nitale f\u00e9minine (MGF)<\/li><li>1 femme assassin\u00e9e sur 2 dans le monde en 2012 l\u2019a \u00e9t\u00e9 par son partenaire ou sa famille, alors que seulement 1 homme sur 20 a \u00e9t\u00e9 tu\u00e9 dans des circonstances similaires ;<\/li><li>71% des victimes de la traite d\u2019\u00eatres humains dans le monde sont des femmes et des filles et trois quarts d&rsquo;entre elles sont exploit\u00e9es sexuellement;<\/li><\/ul>\n\n\n\n<h2 class=\"wp-block-heading\"><strong>Les m\u00e9canismes juridiques de protection<\/strong><\/h2>\n\n\n\n<blockquote class=\"wp-block-quote is-layout-flow wp-block-quote-is-layout-flow\"><p>\u201cLa violence \u00e0 l&rsquo;\u00e9gard des femmes est une cause de d\u00e9c\u00e8s et d&rsquo;incapacit\u00e9 chez les femmes en \u00e2ge de procr\u00e9er aussi courante que le cancer et une cause plus fr\u00e9quente de mauvaise sant\u00e9 que les accidents de la route et le paludisme r\u00e9unis.\u00a0\u00bb<\/p><cite> <em>(Nations Unies, 2019)<\/em> <\/cite><\/blockquote>\n\n\n\n<div class=\"wp-block-image\"><figure class=\"alignright is-resized\"><img loading=\"lazy\" decoding=\"async\" src=\"https:\/\/www.humanium.org\/fr\/wp-content\/uploads\/2019\/11\/two-1024x1024.png\" alt=\"\" class=\"wp-image-45666\" width=\"266\" height=\"266\" srcset=\"https:\/\/www.humanium.org\/fr\/wp-content\/uploads\/2019\/11\/two-1024x1024.png 1024w, https:\/\/www.humanium.org\/fr\/wp-content\/uploads\/2019\/11\/two-150x150.png 150w, https:\/\/www.humanium.org\/fr\/wp-content\/uploads\/2019\/11\/two-300x300.png 300w, https:\/\/www.humanium.org\/fr\/wp-content\/uploads\/2019\/11\/two-768x768.png 768w, https:\/\/www.humanium.org\/fr\/wp-content\/uploads\/2019\/11\/two-830x830.png 830w, https:\/\/www.humanium.org\/fr\/wp-content\/uploads\/2019\/11\/two-230x230.png 230w, https:\/\/www.humanium.org\/fr\/wp-content\/uploads\/2019\/11\/two-350x350.png 350w, https:\/\/www.humanium.org\/fr\/wp-content\/uploads\/2019\/11\/two-480x480.png 480w\" sizes=\"auto, (max-width: 266px) 100vw, 266px\" \/><\/figure><\/div>\n\n\n\n<p class=\"wp-block-paragraph\">Il existe diff\u00e9rents cadres juridiques pour prot\u00e9ger les femmes et les filles de la violence et de la discrimination. La Convention sur l&rsquo;\u00e9limination de toutes les formes de discrimination \u00e0 l\u2019\u00e9gard des femmes et son Protocole facultatif, la D\u00e9claration universelle des droits de l&rsquo;homme, le Pacte international relatif aux droits civils et politiques et le Pacte international relatif aux droits sociaux, \u00e9conomiques et culturels constituent les \u00e9l\u00e9ments fondamentaux de ce cadre international.&nbsp;<\/p>\n\n\n\n<p class=\"wp-block-paragraph\">Les droits de l\u2019enfant sont d\u00e9fendus en particulier par <a href=\"https:\/\/www.humanium.org\/fr\/convention-droits-enfant-adaptee-aux-enfants-des-10-ans\/\">la Convention relative aux droits de l&rsquo;enfant <\/a>&#8211; <a href=\"https:\/\/www.humanium.org\/fr\/la-convention-des-droits-de-lenfant-a-30-ans-ameliorations-et-problemes-concernant-les-droits-des-enfants-dans-le-monde\/\">qui a f\u00eat\u00e9 cette ann\u00e9e ses 30 ans <\/a>&#8211; et qui assure la protection des jeunes filles et gar\u00e7ons contre toutes formes de discrimination (art. 2), contre toute forme de violence (art. 19) ou d&rsquo;abus sexuels (art. 34), ainsi que leurs droits \u00e0 la vie et au bien-\u00eatre (art. 3 et 6). Nous croyons fermement que le respect de tous ces droits est une \u00e9tape cruciale <strong>vers la disparition totale de la violence \u00e0 l&rsquo;\u00e9gard des femmes et des filles<\/strong>. Cette protection est donc pr\u00e9cis\u00e9ment ce \u00e0 quoi nous \u0153uvrons.&nbsp;<\/p>\n\n\n\n<h2 class=\"wp-block-heading\"><strong>Ensemble contre la violence sexiste<\/strong><\/h2>\n\n\n\n<p class=\"wp-block-paragraph\">Humanium se bat pour prot\u00e9ger et garantir les droits de l\u2019enfant. Nous consid\u00e9rons la violence \u00e0 l&rsquo;\u00e9gard des femmes et des filles comme un abus dangereux et d\u2019une extr\u00eame gravit\u00e9. Nous avons donc choisi de mettre l\u2019accent sur la Journ\u00e9e internationale pour l&rsquo;\u00e9limination de la violence \u00e0 l&rsquo;\u00e9gard des femmes et des filles, non seulement en raison de l&rsquo;importance cruciale de la lutte contre cette violence pour notre monde actuel et futur, mais aussi en raison du d\u00e9ni affligeant des crimes que cette violence provoque et du silence omnipr\u00e9sent et excessivement dommageable qui l\u2019accompagne. <\/p>\n\n\n\n<p class=\"wp-block-paragraph\"><strong>Briser le silence<\/strong> et s\u2019opposer, non seulement par la parole, mais aussi par l\u2019action, \u00e0 la violence \u00e0 l&rsquo;\u00e9gard des femmes et des filles, est une responsabilit\u00e9 sociale essentielle pour tous les acteurs mondiaux, y compris <a href=\"https:\/\/www.humanium.org\/fr\/\">Humanium<\/a>. C&rsquo;est l&rsquo;une des raisons pour lesquelles nous avons mis en place des projets pour lutter activement contre cette violence et ces abus, ainsi que contre la <strong>pr\u00e9carit\u00e9 \u00e9conomique et sociale<\/strong> qui rend les jeunes filles d&rsquo;autant plus vuln\u00e9rables.<\/p>\n\n\n\n<figure class=\"wp-block-image\"><img loading=\"lazy\" decoding=\"async\" width=\"1024\" height=\"683\" src=\"https:\/\/www.humanium.org\/fr\/wp-content\/uploads\/2019\/11\/three-1024x683.jpg\" alt=\"\" class=\"wp-image-45667\" srcset=\"https:\/\/www.humanium.org\/fr\/wp-content\/uploads\/2019\/11\/three-1024x683.jpg 1024w, https:\/\/www.humanium.org\/fr\/wp-content\/uploads\/2019\/11\/three-300x200.jpg 300w, https:\/\/www.humanium.org\/fr\/wp-content\/uploads\/2019\/11\/three-768x512.jpg 768w, https:\/\/www.humanium.org\/fr\/wp-content\/uploads\/2019\/11\/three-830x553.jpg 830w, https:\/\/www.humanium.org\/fr\/wp-content\/uploads\/2019\/11\/three-230x153.jpg 230w, https:\/\/www.humanium.org\/fr\/wp-content\/uploads\/2019\/11\/three-350x233.jpg 350w, https:\/\/www.humanium.org\/fr\/wp-content\/uploads\/2019\/11\/three-480x320.jpg 480w, https:\/\/www.humanium.org\/fr\/wp-content\/uploads\/2019\/11\/three-272x182.jpg 272w\" sizes=\"auto, (max-width: 1024px) 100vw, 1024px\" \/><\/figure>\n\n\n\n<h2 class=\"wp-block-heading\"><strong>Humanium \u0153uvre au changement<\/strong><\/h2>\n\n\n\n<p class=\"wp-block-paragraph\">Nos projets au <a href=\"https:\/\/www.humanium.org\/fr\/rwanda\/\">Rwanda<\/a> avec notre partenaire local <a href=\"https:\/\/www.avsi.org\/en\/\">AVSI<\/a> et au Madhya Pradesh (<a href=\"https:\/\/www.humanium.org\/fr\/inde\/\">Inde<\/a>) en partenariat avec <a href=\"https:\/\/www.hihindia.org\/\">Hand in Hand India<\/a>, ont pour objectif de prot\u00e9ger les jeunes filles et gar\u00e7ons. Notre projet au Madhya Pradesh, par exemple, a permis la construction d&rsquo;un <em>centre d\u2019accueil \u00e9ducatif<\/em> pour les filles victimes du travail forc\u00e9. Ce centre d\u2019accueil \u00e9ducatif accueille 60 petites filles, qui y sont log\u00e9es et \u00e9duqu\u00e9es en toute s\u00e9curit\u00e9. Elles sont ainsi prot\u00e9g\u00e9es du travail forc\u00e9 et leur enfance est pr\u00e9serv\u00e9e d&rsquo;un environnement qui leur fait du tort et les exploite.<\/p>\n\n\n\n<p class=\"wp-block-paragraph\"><strong>Vous pouvez contribuer au respect des <\/strong><a href=\"https:\/\/www.humanium.org\/fr\/comprendre-droits-enfant\/\">droits de l&rsquo;enfant<\/a> dans le monde en nous soutenant dans nos efforts pour prot\u00e9ger ces droits. Pensez \u00e0 faire un don ou \u00e0 devenir membre d&rsquo;Humanium et rejoignez notre communaut\u00e9 pour travailler avec nous \u00e0 <strong>cr\u00e9er un monde meilleur.<\/strong><\/p>\n\n\n\n<p class=\"wp-block-paragraph\"><em><strong>APPEL \u00c0 L&rsquo;ACTION<\/strong> : Humanium dispose d&rsquo;une <a href=\"https:\/\/www.humanium.org\/fr\/helpline\/\">helpline<\/a> en ligne o\u00f9 nous mettons tout en \u0153uvre pour donner des conseils et des avis personnalis\u00e9s sur les droits de l&rsquo;enfant dans le monde. Nous invitons nos lecteurs dispos\u00e9s \u00e0 nous aider \u00e0 consacrer un peu de leur temps et de leur enthousiasme pour se joindre \u00e0 notre \u00e9quipe de b\u00e9n\u00e9voles de la helpline (des stages sont disponibles). Aidez-nous \u00e0 faire perdurer Humanium afin que nous puissions continuer ce travail qui nous tient tant \u00e0 c\u0153ur.<\/em><\/p>\n\n\n\n<p class=\"wp-block-paragraph\"><strong><em>R\u00e9dig\u00e9 par Josie Thum<\/em><\/strong><\/p>\n\n\n\n<p class=\"wp-block-paragraph\"><em><strong>Traduit par&nbsp;Victoire Ramos <\/strong><\/em><\/p>\n\n\n\n<h3 class=\"wp-block-heading\"><strong>Citations <\/strong><\/h3>\n\n\n\n<p class=\"wp-block-paragraph\">Stop Violence Against Women\n(SVAW), \u2018UN Human Rights Treaties\u2019 (2019), sur : &lt;<a href=\"http:\/\/www.stopvaw.org\/un_treaties_on_violence_against_women\">http:\/\/www.stopvaw.org\/un_treaties_on_violence_against_women<\/a>&gt;, consult\u00e9 le 01.11.2019.<\/p>\n\n\n\n<p class=\"wp-block-paragraph\">United\nNations, <em>International Day for the Elimination of Violence against Women 25\nNovember <\/em>(2019), sur : &lt;<a href=\"https:\/\/www.un.org\/en\/events\/endviolenceday\/\">https:\/\/www.un.org\/en\/events\/endviolenceday\/<\/a>&gt;, consult\u00e9\nle 01.11.2019.<\/p>\n\n\n\n<p class=\"wp-block-paragraph\">United\nNations, \u2018Background\u2019, <em>International Day for the Elimination of Violence\nagainst Women 25 November <\/em>(2019), sur : &lt;<a href=\"https:\/\/www.un.org\/en\/events\/endviolenceday\/background.shtml\">https:\/\/www.un.org\/en\/events\/endviolenceday\/background.shtml<\/a>&gt;, consult\u00e9\nle 01.11.2019.<\/p>\n","protected":false},"excerpt":{"rendered":"<p>La violence \u00e0 l&rsquo;\u00e9gard des femmes et des filles est une v\u00e9ritable calamit\u00e9 pour notre monde. La Journ\u00e9e internationale pour l&rsquo;\u00e9limination de la violence \u00e0 l&rsquo;\u00e9gard des femmes, c\u00e9l\u00e9br\u00e9e le 25 novembre, rappelle les cons\u00e9quences de cette violence et nous donne l&rsquo;occasion d\u2019\u0153uvrer \u00e0 l&rsquo;\u00e9radication de la violence sexiste dans le monde d&rsquo;aujourd&rsquo;hui. Comprendre la [&hellip;]<\/p>\n","protected":false},"author":69,"featured_media":45665,"comment_status":"closed","ping_status":"closed","sticky":false,"template":"","format":"standard","meta":{"footnotes":""},"categories":[220,4,214],"tags":[],"class_list":["post-45664","post","type-post","status-publish","format-standard","has-post-thumbnail","hentry","category-droits-des-enfants","category-droits-humains","category-violence"],"yoast_head":"<!-- This site is optimized with the Yoast SEO plugin v28.3 - https:\/\/yoast.com\/product\/yoast-seo-wordpress\/ -->\n<title>En finir avec la violence \u00e0 l\u2019\u00e9gard des femmes et des filles - Humanium<\/title>\n<meta name=\"description\" content=\"La violence \u00e0 l&#039;\u00e9gard des femmes et des filles est une v\u00e9ritable calamit\u00e9 pour notre monde. La Journ\u00e9e internationale pour l&#039;\u00e9limination de la violence \u00e0 l&#039;\u00e9gard des femmes, c\u00e9l\u00e9br\u00e9e le 25 novembre, rappelle les cons\u00e9quences de cette violence et nous donne l&#039;occasion d\u2019\u0153uvrer \u00e0 l&#039;\u00e9radication de la violence sexiste dans le monde d&#039;aujourd&#039;hui.\" \/>\n<meta name=\"robots\" content=\"index, follow, max-snippet:-1, max-image-preview:large, max-video-preview:-1\" \/>\n<link rel=\"canonical\" href=\"https:\/\/www.humanium.org\/fr\/en-finir-avec-la-violence-a-legard-des-femmes-et-des-filles\/\" \/>\n<meta property=\"og:locale\" content=\"fr_FR\" \/>\n<meta property=\"og:type\" content=\"article\" \/>\n<meta property=\"og:title\" content=\"En finir avec la violence \u00e0 l\u2019\u00e9gard des femmes et des filles - Humanium\" \/>\n<meta property=\"og:description\" content=\"La violence \u00e0 l&#039;\u00e9gard des femmes et des filles est une v\u00e9ritable calamit\u00e9 pour notre monde. La Journ\u00e9e internationale pour l&#039;\u00e9limination de la violence \u00e0 l&#039;\u00e9gard des femmes, c\u00e9l\u00e9br\u00e9e le 25 novembre, rappelle les cons\u00e9quences de cette violence et nous donne l&#039;occasion d\u2019\u0153uvrer \u00e0 l&#039;\u00e9radication de la violence sexiste dans le monde d&#039;aujourd&#039;hui.\" \/>\n<meta property=\"og:url\" content=\"https:\/\/www.humanium.org\/fr\/en-finir-avec-la-violence-a-legard-des-femmes-et-des-filles\/\" \/>\n<meta property=\"og:site_name\" content=\"Humanium\" \/>\n<meta property=\"article:published_time\" content=\"2019-11-25T06:50:48+00:00\" \/>\n<meta property=\"article:modified_time\" content=\"2026-08-21T03:19:47+00:00\" \/>\n<meta property=\"og:image\" content=\"https:\/\/www.humanium.org\/fr\/wp-content\/uploads\/2019\/11\/one-1024x683.jpg\" \/>\n\t<meta property=\"og:image:width\" content=\"1024\" \/>\n\t<meta property=\"og:image:height\" content=\"683\" \/>\n\t<meta property=\"og:image:type\" content=\"image\/jpeg\" \/>\n<meta name=\"author\" content=\"Humanium\" \/>\n<meta name=\"twitter:card\" content=\"summary_large_image\" \/>\n<meta name=\"twitter:label1\" content=\"\u00c9crit par\" \/>\n\t<meta name=\"twitter:data1\" content=\"Humanium\" \/>\n\t<meta name=\"twitter:label2\" content=\"Dur\u00e9e de lecture estim\u00e9e\" \/>\n\t<meta name=\"twitter:data2\" content=\"6 minutes\" \/>\n<script type=\"application\/ld+json\" class=\"yoast-schema-graph\">{\"@context\":\"https:\\\/\\\/schema.org\",\"@graph\":[{\"@type\":\"Article\",\"@id\":\"https:\\\/\\\/www.humanium.org\\\/fr\\\/en-finir-avec-la-violence-a-legard-des-femmes-et-des-filles\\\/#article\",\"isPartOf\":{\"@id\":\"https:\\\/\\\/www.humanium.org\\\/fr\\\/en-finir-avec-la-violence-a-legard-des-femmes-et-des-filles\\\/\"},\"author\":{\"name\":\"Humanium\",\"@id\":\"https:\\\/\\\/www.humanium.org\\\/fr\\\/#\\\/schema\\\/person\\\/d798d6c7d59ba2307e0877f61a20ce3e\"},\"headline\":\"En finir avec la violence \u00e0 l\u2019\u00e9gard des femmes et des filles\",\"datePublished\":\"2019-11-25T06:50:48+00:00\",\"dateModified\":\"2026-08-21T03:19:47+00:00\",\"mainEntityOfPage\":{\"@id\":\"https:\\\/\\\/www.humanium.org\\\/fr\\\/en-finir-avec-la-violence-a-legard-des-femmes-et-des-filles\\\/\"},\"wordCount\":1282,\"image\":{\"@id\":\"https:\\\/\\\/www.humanium.org\\\/fr\\\/en-finir-avec-la-violence-a-legard-des-femmes-et-des-filles\\\/#primaryimage\"},\"thumbnailUrl\":\"https:\\\/\\\/www.humanium.org\\\/fr\\\/wp-content\\\/uploads\\\/2019\\\/11\\\/one.jpg\",\"articleSection\":[\"Droits des enfants\",\"Droits humains\",\"violence\"],\"inLanguage\":\"fr-FR\"},{\"@type\":\"WebPage\",\"@id\":\"https:\\\/\\\/www.humanium.org\\\/fr\\\/en-finir-avec-la-violence-a-legard-des-femmes-et-des-filles\\\/\",\"url\":\"https:\\\/\\\/www.humanium.org\\\/fr\\\/en-finir-avec-la-violence-a-legard-des-femmes-et-des-filles\\\/\",\"name\":\"En finir avec la violence \u00e0 l\u2019\u00e9gard des femmes et des filles - Humanium\",\"isPartOf\":{\"@id\":\"https:\\\/\\\/www.humanium.org\\\/fr\\\/#website\"},\"primaryImageOfPage\":{\"@id\":\"https:\\\/\\\/www.humanium.org\\\/fr\\\/en-finir-avec-la-violence-a-legard-des-femmes-et-des-filles\\\/#primaryimage\"},\"image\":{\"@id\":\"https:\\\/\\\/www.humanium.org\\\/fr\\\/en-finir-avec-la-violence-a-legard-des-femmes-et-des-filles\\\/#primaryimage\"},\"thumbnailUrl\":\"https:\\\/\\\/www.humanium.org\\\/fr\\\/wp-content\\\/uploads\\\/2019\\\/11\\\/one.jpg\",\"datePublished\":\"2019-11-25T06:50:48+00:00\",\"dateModified\":\"2026-08-21T03:19:47+00:00\",\"author\":{\"@id\":\"https:\\\/\\\/www.humanium.org\\\/fr\\\/#\\\/schema\\\/person\\\/d798d6c7d59ba2307e0877f61a20ce3e\"},\"description\":\"La violence \u00e0 l'\u00e9gard des femmes et des filles est une v\u00e9ritable calamit\u00e9 pour notre monde. La Journ\u00e9e internationale pour l'\u00e9limination de la violence \u00e0 l'\u00e9gard des femmes, c\u00e9l\u00e9br\u00e9e le 25 novembre, rappelle les cons\u00e9quences de cette violence et nous donne l'occasion d\u2019\u0153uvrer \u00e0 l'\u00e9radication de la violence sexiste dans le monde d'aujourd'hui.\",\"breadcrumb\":{\"@id\":\"https:\\\/\\\/www.humanium.org\\\/fr\\\/en-finir-avec-la-violence-a-legard-des-femmes-et-des-filles\\\/#breadcrumb\"},\"inLanguage\":\"fr-FR\",\"potentialAction\":[{\"@type\":\"ReadAction\",\"target\":[\"https:\\\/\\\/www.humanium.org\\\/fr\\\/en-finir-avec-la-violence-a-legard-des-femmes-et-des-filles\\\/\"]}]},{\"@type\":\"ImageObject\",\"inLanguage\":\"fr-FR\",\"@id\":\"https:\\\/\\\/www.humanium.org\\\/fr\\\/en-finir-avec-la-violence-a-legard-des-femmes-et-des-filles\\\/#primaryimage\",\"url\":\"https:\\\/\\\/www.humanium.org\\\/fr\\\/wp-content\\\/uploads\\\/2019\\\/11\\\/one.jpg\",\"contentUrl\":\"https:\\\/\\\/www.humanium.org\\\/fr\\\/wp-content\\\/uploads\\\/2019\\\/11\\\/one.jpg\",\"width\":5472,\"height\":3648},{\"@type\":\"BreadcrumbList\",\"@id\":\"https:\\\/\\\/www.humanium.org\\\/fr\\\/en-finir-avec-la-violence-a-legard-des-femmes-et-des-filles\\\/#breadcrumb\",\"itemListElement\":[{\"@type\":\"ListItem\",\"position\":1,\"name\":\"Home\",\"item\":\"https:\\\/\\\/www.humanium.org\\\/fr\\\/\"},{\"@type\":\"ListItem\",\"position\":2,\"name\":\"En finir avec la violence \u00e0 l\u2019\u00e9gard des femmes et des filles\"}]},{\"@type\":\"WebSite\",\"@id\":\"https:\\\/\\\/www.humanium.org\\\/fr\\\/#website\",\"url\":\"https:\\\/\\\/www.humanium.org\\\/fr\\\/\",\"name\":\"Humanium\",\"description\":\"Les enfants d\u2019abord !\",\"potentialAction\":[{\"@type\":\"SearchAction\",\"target\":{\"@type\":\"EntryPoint\",\"urlTemplate\":\"https:\\\/\\\/www.humanium.org\\\/fr\\\/?s={search_term_string}\"},\"query-input\":{\"@type\":\"PropertyValueSpecification\",\"valueRequired\":true,\"valueName\":\"search_term_string\"}}],\"inLanguage\":\"fr-FR\"},{\"@type\":\"Person\",\"@id\":\"https:\\\/\\\/www.humanium.org\\\/fr\\\/#\\\/schema\\\/person\\\/d798d6c7d59ba2307e0877f61a20ce3e\",\"name\":\"Humanium\",\"image\":{\"@type\":\"ImageObject\",\"inLanguage\":\"fr-FR\",\"@id\":\"https:\\\/\\\/secure.gravatar.com\\\/avatar\\\/22715e338d2fcc547e3a431c4738360d33fea2a4af458f865b2c3b22f1eaa51f?s=96&d=mm&r=g\",\"url\":\"https:\\\/\\\/secure.gravatar.com\\\/avatar\\\/22715e338d2fcc547e3a431c4738360d33fea2a4af458f865b2c3b22f1eaa51f?s=96&d=mm&r=g\",\"contentUrl\":\"https:\\\/\\\/secure.gravatar.com\\\/avatar\\\/22715e338d2fcc547e3a431c4738360d33fea2a4af458f865b2c3b22f1eaa51f?s=96&d=mm&r=g\",\"caption\":\"Humanium\"},\"url\":\"https:\\\/\\\/www.humanium.org\\\/fr\\\/author\\\/humanium\\\/\"}]}<\/script>\n<!-- \/ Yoast SEO plugin. -->","yoast_head_json":{"title":"En finir avec la violence \u00e0 l\u2019\u00e9gard des femmes et des filles - Humanium","description":"La violence \u00e0 l'\u00e9gard des femmes et des filles est une v\u00e9ritable calamit\u00e9 pour notre monde. La Journ\u00e9e internationale pour l'\u00e9limination de la violence \u00e0 l'\u00e9gard des femmes, c\u00e9l\u00e9br\u00e9e le 25 novembre, rappelle les cons\u00e9quences de cette violence et nous donne l'occasion d\u2019\u0153uvrer \u00e0 l'\u00e9radication de la violence sexiste dans le monde d'aujourd'hui.","robots":{"index":"index","follow":"follow","max-snippet":"max-snippet:-1","max-image-preview":"max-image-preview:large","max-video-preview":"max-video-preview:-1"},"canonical":"https:\/\/www.humanium.org\/fr\/en-finir-avec-la-violence-a-legard-des-femmes-et-des-filles\/","og_locale":"fr_FR","og_type":"article","og_title":"En finir avec la violence \u00e0 l\u2019\u00e9gard des femmes et des filles - Humanium","og_description":"La violence \u00e0 l'\u00e9gard des femmes et des filles est une v\u00e9ritable calamit\u00e9 pour notre monde. La Journ\u00e9e internationale pour l'\u00e9limination de la violence \u00e0 l'\u00e9gard des femmes, c\u00e9l\u00e9br\u00e9e le 25 novembre, rappelle les cons\u00e9quences de cette violence et nous donne l'occasion d\u2019\u0153uvrer \u00e0 l'\u00e9radication de la violence sexiste dans le monde d'aujourd'hui.","og_url":"https:\/\/www.humanium.org\/fr\/en-finir-avec-la-violence-a-legard-des-femmes-et-des-filles\/","og_site_name":"Humanium","article_published_time":"2019-11-25T06:50:48+00:00","article_modified_time":"2026-08-21T03:19:47+00:00","og_image":[{"width":1024,"height":683,"url":"https:\/\/www.humanium.org\/fr\/wp-content\/uploads\/2019\/11\/one-1024x683.jpg","type":"image\/jpeg"}],"author":"Humanium","twitter_card":"summary_large_image","twitter_misc":{"\u00c9crit par":"Humanium","Dur\u00e9e de lecture estim\u00e9e":"6 minutes"},"schema":{"@context":"https:\/\/schema.org","@graph":[{"@type":"Article","@id":"https:\/\/www.humanium.org\/fr\/en-finir-avec-la-violence-a-legard-des-femmes-et-des-filles\/#article","isPartOf":{"@id":"https:\/\/www.humanium.org\/fr\/en-finir-avec-la-violence-a-legard-des-femmes-et-des-filles\/"},"author":{"name":"Humanium","@id":"https:\/\/www.humanium.org\/fr\/#\/schema\/person\/d798d6c7d59ba2307e0877f61a20ce3e"},"headline":"En finir avec la violence \u00e0 l\u2019\u00e9gard des femmes et des filles","datePublished":"2019-11-25T06:50:48+00:00","dateModified":"2026-08-21T03:19:47+00:00","mainEntityOfPage":{"@id":"https:\/\/www.humanium.org\/fr\/en-finir-avec-la-violence-a-legard-des-femmes-et-des-filles\/"},"wordCount":1282,"image":{"@id":"https:\/\/www.humanium.org\/fr\/en-finir-avec-la-violence-a-legard-des-femmes-et-des-filles\/#primaryimage"},"thumbnailUrl":"https:\/\/www.humanium.org\/fr\/wp-content\/uploads\/2019\/11\/one.jpg","articleSection":["Droits des enfants","Droits humains","violence"],"inLanguage":"fr-FR"},{"@type":"WebPage","@id":"https:\/\/www.humanium.org\/fr\/en-finir-avec-la-violence-a-legard-des-femmes-et-des-filles\/","url":"https:\/\/www.humanium.org\/fr\/en-finir-avec-la-violence-a-legard-des-femmes-et-des-filles\/","name":"En finir avec la violence \u00e0 l\u2019\u00e9gard des femmes et des filles - Humanium","isPartOf":{"@id":"https:\/\/www.humanium.org\/fr\/#website"},"primaryImageOfPage":{"@id":"https:\/\/www.humanium.org\/fr\/en-finir-avec-la-violence-a-legard-des-femmes-et-des-filles\/#primaryimage"},"image":{"@id":"https:\/\/www.humanium.org\/fr\/en-finir-avec-la-violence-a-legard-des-femmes-et-des-filles\/#primaryimage"},"thumbnailUrl":"https:\/\/www.humanium.org\/fr\/wp-content\/uploads\/2019\/11\/one.jpg","datePublished":"2019-11-25T06:50:48+00:00","dateModified":"2026-08-21T03:19:47+00:00","author":{"@id":"https:\/\/www.humanium.org\/fr\/#\/schema\/person\/d798d6c7d59ba2307e0877f61a20ce3e"},"description":"La violence \u00e0 l'\u00e9gard des femmes et des filles est une v\u00e9ritable calamit\u00e9 pour notre monde. La Journ\u00e9e internationale pour l'\u00e9limination de la violence \u00e0 l'\u00e9gard des femmes, c\u00e9l\u00e9br\u00e9e le 25 novembre, rappelle les cons\u00e9quences de cette violence et nous donne l'occasion d\u2019\u0153uvrer \u00e0 l'\u00e9radication de la violence sexiste dans le monde d'aujourd'hui.","breadcrumb":{"@id":"https:\/\/www.humanium.org\/fr\/en-finir-avec-la-violence-a-legard-des-femmes-et-des-filles\/#breadcrumb"},"inLanguage":"fr-FR","potentialAction":[{"@type":"ReadAction","target":["https:\/\/www.humanium.org\/fr\/en-finir-avec-la-violence-a-legard-des-femmes-et-des-filles\/"]}]},{"@type":"ImageObject","inLanguage":"fr-FR","@id":"https:\/\/www.humanium.org\/fr\/en-finir-avec-la-violence-a-legard-des-femmes-et-des-filles\/#primaryimage","url":"https:\/\/www.humanium.org\/fr\/wp-content\/uploads\/2019\/11\/one.jpg","contentUrl":"https:\/\/www.humanium.org\/fr\/wp-content\/uploads\/2019\/11\/one.jpg","width":5472,"height":3648},{"@type":"BreadcrumbList","@id":"https:\/\/www.humanium.org\/fr\/en-finir-avec-la-violence-a-legard-des-femmes-et-des-filles\/#breadcrumb","itemListElement":[{"@type":"ListItem","position":1,"name":"Home","item":"https:\/\/www.humanium.org\/fr\/"},{"@type":"ListItem","position":2,"name":"En finir avec la violence \u00e0 l\u2019\u00e9gard des femmes et des filles"}]},{"@type":"WebSite","@id":"https:\/\/www.humanium.org\/fr\/#website","url":"https:\/\/www.humanium.org\/fr\/","name":"Humanium","description":"Les enfants d\u2019abord !","potentialAction":[{"@type":"SearchAction","target":{"@type":"EntryPoint","urlTemplate":"https:\/\/www.humanium.org\/fr\/?s={search_term_string}"},"query-input":{"@type":"PropertyValueSpecification","valueRequired":true,"valueName":"search_term_string"}}],"inLanguage":"fr-FR"},{"@type":"Person","@id":"https:\/\/www.humanium.org\/fr\/#\/schema\/person\/d798d6c7d59ba2307e0877f61a20ce3e","name":"Humanium","image":{"@type":"ImageObject","inLanguage":"fr-FR","@id":"https:\/\/secure.gravatar.com\/avatar\/22715e338d2fcc547e3a431c4738360d33fea2a4af458f865b2c3b22f1eaa51f?s=96&d=mm&r=g","url":"https:\/\/secure.gravatar.com\/avatar\/22715e338d2fcc547e3a431c4738360d33fea2a4af458f865b2c3b22f1eaa51f?s=96&d=mm&r=g","contentUrl":"https:\/\/secure.gravatar.com\/avatar\/22715e338d2fcc547e3a431c4738360d33fea2a4af458f865b2c3b22f1eaa51f?s=96&d=mm&r=g","caption":"Humanium"},"url":"https:\/\/www.humanium.org\/fr\/author\/humanium\/"}]}},"_links":{"self":[{"href":"https:\/\/www.humanium.org\/fr\/wp-json\/wp\/v2\/posts\/45664","targetHints":{"allow":["GET"]}}],"collection":[{"href":"https:\/\/www.humanium.org\/fr\/wp-json\/wp\/v2\/posts"}],"about":[{"href":"https:\/\/www.humanium.org\/fr\/wp-json\/wp\/v2\/types\/post"}],"author":[{"embeddable":true,"href":"https:\/\/www.humanium.org\/fr\/wp-json\/wp\/v2\/users\/69"}],"replies":[{"embeddable":true,"href":"https:\/\/www.humanium.org\/fr\/wp-json\/wp\/v2\/comments?post=45664"}],"version-history":[{"count":10,"href":"https:\/\/www.humanium.org\/fr\/wp-json\/wp\/v2\/posts\/45664\/revisions"}],"predecessor-version":[{"id":62701,"href":"https:\/\/www.humanium.org\/fr\/wp-json\/wp\/v2\/posts\/45664\/revisions\/62701"}],"wp:featuredmedia":[{"embeddable":true,"href":"https:\/\/www.humanium.org\/fr\/wp-json\/wp\/v2\/media\/45665"}],"wp:attachment":[{"href":"https:\/\/www.humanium.org\/fr\/wp-json\/wp\/v2\/media?parent=45664"}],"wp:term":[{"taxonomy":"category","embeddable":true,"href":"https:\/\/www.humanium.org\/fr\/wp-json\/wp\/v2\/categories?post=45664"},{"taxonomy":"post_tag","embeddable":true,"href":"https:\/\/www.humanium.org\/fr\/wp-json\/wp\/v2\/tags?post=45664"}],"curies":[{"name":"wp","href":"https:\/\/api.w.org\/{rel}","templated":true}]}}