{"id":46545,"date":"2020-02-18T16:49:25","date_gmt":"2020-02-18T16:49:25","guid":{"rendered":"https:\/\/www.humanium.org\/fr\/?p=46545"},"modified":"2025-12-10T02:54:31","modified_gmt":"2025-12-10T02:54:31","slug":"feminicide-dans-une-perspective-globale","status":"publish","type":"post","link":"https:\/\/www.humanium.org\/fr\/feminicide-dans-une-perspective-globale\/","title":{"rendered":"F\u00e9minicide dans une perspective globale"},"content":{"rendered":"\n<h2 class=\"wp-block-heading\"><strong>Qu\u2019est-ce que le f\u00e9minicide et quel impact sur les filles&nbsp;? <\/strong><\/h2>\n\n\n\n<p class=\"wp-block-paragraph\">Le f\u00e9minicide est une violation g\u00e9n\u00e9ralis\u00e9e des droits humains des femmes et des filles (Cullen et al, 2019). En tant que violence du genre, il peut \u00eatre d\u00e9fini comme tout acte de meurtre commis contre des femmes et des filles, de mani\u00e8re intentionnelle ou non, qu\u2019il soit r\u00e9alis\u00e9 \u00e0 l\u2019int\u00e9rieur du domicile familial ou non (WHO, 2012&nbsp;; Godoy-Paiz, 2012&nbsp;; Shalhboub-Kervorkian &amp; Daher-Nasif, 2013).&nbsp; <\/p>\n\n\n\n<p class=\"wp-block-paragraph\">Bien que tous les actes de violence n\u2019aboutissent pas \u00e0 un meurtre, ils augmentent n\u00e9anmoins la probabilit\u00e9 de celui-ci (Oliveria &amp; Furio, 2016). Selon l\u2019Organisation mondiale de la sant\u00e9 (WHO, 2012), il existerait quatre types de f\u00e9minicide, \u00e0 savoir, celui li\u00e9 \u00e0 la dot, les crimes d\u2019honneur, le f\u00e9minicide intime et non-intime.&nbsp;<\/p>\n\n\n\n<figure class=\"wp-block-image size-large\"><img loading=\"lazy\" decoding=\"async\" width=\"1024\" height=\"680\" src=\"https:\/\/www.humanium.org\/fr\/wp-content\/uploads\/2020\/02\/shutterstock_1062896558-1024x680.jpg\" alt=\"\" class=\"wp-image-46547\" srcset=\"https:\/\/www.humanium.org\/fr\/wp-content\/uploads\/2020\/02\/shutterstock_1062896558-1024x680.jpg 1024w, https:\/\/www.humanium.org\/fr\/wp-content\/uploads\/2020\/02\/shutterstock_1062896558-300x199.jpg 300w, https:\/\/www.humanium.org\/fr\/wp-content\/uploads\/2020\/02\/shutterstock_1062896558-768x510.jpg 768w, https:\/\/www.humanium.org\/fr\/wp-content\/uploads\/2020\/02\/shutterstock_1062896558-1536x1020.jpg 1536w, https:\/\/www.humanium.org\/fr\/wp-content\/uploads\/2020\/02\/shutterstock_1062896558-2048x1361.jpg 2048w, https:\/\/www.humanium.org\/fr\/wp-content\/uploads\/2020\/02\/shutterstock_1062896558-830x551.jpg 830w, https:\/\/www.humanium.org\/fr\/wp-content\/uploads\/2020\/02\/shutterstock_1062896558-230x153.jpg 230w, https:\/\/www.humanium.org\/fr\/wp-content\/uploads\/2020\/02\/shutterstock_1062896558-350x233.jpg 350w, https:\/\/www.humanium.org\/fr\/wp-content\/uploads\/2020\/02\/shutterstock_1062896558-480x319.jpg 480w, https:\/\/www.humanium.org\/fr\/wp-content\/uploads\/2020\/02\/shutterstock_1062896558-272x182.jpg 272w\" sizes=\"auto, (max-width: 1024px) 100vw, 1024px\" \/><\/figure>\n\n\n\n<h2 class=\"wp-block-heading\"><strong>F\u00e9minicide, une forme de violence sexiste <\/strong><\/h2>\n\n\n\n<p class=\"wp-block-paragraph\">Dans toute situation, <a href=\"https:\/\/www.humanium.org\/fr\/violences\/\">la violence<\/a> est dite genr\u00e9e parce qu\u2019elle est dirig\u00e9e contre une femme ou une fille en raison de son sexe (Bunch, 1990, Shalhboub-Kervorkian &amp; Daher-Nasif, 2013). La violence du genre, perp\u00e9tr\u00e9e contre les femmes quel que soit leur \u00e2ge, se traduit de diverses mani\u00e8res et ne se limite pas aux actes de violence \u00e9motionnelle, spirituelle, domestique, politique ou sexuelle (Roure, 2011&nbsp;; Bunch, 1990). A l\u2019\u00e9chelle mondiale, les femmes et les filles sont syst\u00e9matiquement cibl\u00e9es par ces violences et leurs <a href=\"https:\/\/www.humanium.org\/fr\/les-droits-de-l-enfant\/\">droits humains<\/a> sont viol\u00e9s en raison d\u2019un manque de protection juridique au sein du cadre l\u00e9gal des \u00e9tats (Jefferson, 2004). <\/p>\n\n\n\n<h2 class=\"wp-block-heading\"><strong>De quelle mani\u00e8re le f\u00e9minicide est-il pr\u00e9sent au sein des diff\u00e9rentes\nr\u00e9gions&nbsp;? <\/strong><\/h2>\n\n\n\n<p class=\"wp-block-paragraph\">Ind\u00e9pendamment des tendances r\u00e9gionales, il est reconnu que le f\u00e9minicide constitue une crise mondiale de sant\u00e9 publique n\u00e9cessitant une r\u00e9ponse pr\u00e9ventive (OMS, 2013&nbsp;; Toprak &amp; Ersoy, 2017). Deux cas de figure peuvent \u00eatre mis en \u00e9vidence lorsque celui-ci touche sp\u00e9cifiquement les filles. D\u2019une part, nous pouvons le retrouver sous forme <a href=\"https:\/\/www.humanium.org\/fr\/infanticide\/\">d\u2019infanticide <\/a>f\u00e9minin, notamment en <a href=\"https:\/\/www.humanium.org\/fr\/inde\/\">Inde<\/a> et en <a href=\"https:\/\/www.humanium.org\/fr\/chine\/\">Chine<\/a>, se traduisant par le meurtre de b\u00e9b\u00e9s de sexe f\u00e9minin. D\u2019autre part, nous pouvons le mettre en lumi\u00e8re dans les cas d\u2019abus sexuels, o\u00f9 le viol d\u2019enfants devient une strat\u00e9gie de guerre utilis\u00e9e par les combattants et les agents du gouvernement en situation de conflits arm\u00e9s notamment au Rwanda, Kosovo, Sierra Leone et Guatemala (Henry, 2014&nbsp;; Godoy-Paiz, 2012). <\/p>\n\n\n\n<p class=\"wp-block-paragraph\">Il est important de souligner que les grossesses et les mariages forc\u00e9s sont d\u2019autres exemples de strat\u00e9gies militaires utilis\u00e9es par les groupes arm\u00e9s lors des conflits au <a href=\"https:\/\/www.humanium.org\/fr\/rwanda\/\">Rwanda<\/a> et Darfour dans le but de modifier la composition ethnique de la population (Henry, 2014). Le f\u00e9minicide d\u00e9signe \u00e9galement les actes d\u2019enl\u00e8vement, de disparition forc\u00e9e, les actes de mutilations, de torture, et d\u2019empoisonnement commis contre les femmes et les filles (Oliveria &amp; Furio, 2006&nbsp;; Livingston, 2004&nbsp;; Schmidt, 2005). <\/p>\n\n\n\n<div class=\"wp-block-image\"><figure class=\"alignright size-large is-resized\"><img loading=\"lazy\" decoding=\"async\" src=\"https:\/\/www.humanium.org\/fr\/wp-content\/uploads\/2020\/02\/shutterstock_1548163346-1024x683.jpg\" alt=\"\" class=\"wp-image-46548\" width=\"414\" height=\"275\" srcset=\"https:\/\/www.humanium.org\/fr\/wp-content\/uploads\/2020\/02\/shutterstock_1548163346-1024x683.jpg 1024w, https:\/\/www.humanium.org\/fr\/wp-content\/uploads\/2020\/02\/shutterstock_1548163346-300x200.jpg 300w, https:\/\/www.humanium.org\/fr\/wp-content\/uploads\/2020\/02\/shutterstock_1548163346-768x512.jpg 768w, https:\/\/www.humanium.org\/fr\/wp-content\/uploads\/2020\/02\/shutterstock_1548163346-1536x1024.jpg 1536w, https:\/\/www.humanium.org\/fr\/wp-content\/uploads\/2020\/02\/shutterstock_1548163346-2048x1365.jpg 2048w, https:\/\/www.humanium.org\/fr\/wp-content\/uploads\/2020\/02\/shutterstock_1548163346-830x553.jpg 830w, https:\/\/www.humanium.org\/fr\/wp-content\/uploads\/2020\/02\/shutterstock_1548163346-230x153.jpg 230w, https:\/\/www.humanium.org\/fr\/wp-content\/uploads\/2020\/02\/shutterstock_1548163346-350x233.jpg 350w, https:\/\/www.humanium.org\/fr\/wp-content\/uploads\/2020\/02\/shutterstock_1548163346-480x320.jpg 480w, https:\/\/www.humanium.org\/fr\/wp-content\/uploads\/2020\/02\/shutterstock_1548163346-272x182.jpg 272w\" sizes=\"auto, (max-width: 414px) 100vw, 414px\" \/><\/figure><\/div>\n\n\n\n<p class=\"wp-block-paragraph\">Le taux de f\u00e9minicide est mal document\u00e9. Il est difficile d\u2019identifier les chiffres exacts en raison d\u2019une difficult\u00e9 de collecte de donn\u00e9es et de la sous-d\u00e9claration des d\u00e9c\u00e8s de femmes par homicide aupr\u00e8s des autorit\u00e9s polici\u00e8res et des services d\u2019urgence (WHO, 2012). De plus, les recherches scientifiques existantes portent principalement sur la violence conjugale (Toprak &amp; Ersoy, 2017). Dans certains cas, nous pouvons avoir acc\u00e8s aux donn\u00e9es chiffr\u00e9es des d\u00e9c\u00e8s par homicide, c\u2019est le cas notamment en Turquie, cependant, les sources d\u2019information restent g\u00e9n\u00e9ralement limit\u00e9es (Toprak &amp; Ersoy, 2017). <\/p>\n\n\n\n<p class=\"wp-block-paragraph\">A l\u2019\u00e9chelle mondiale, les patterns du f\u00e9minicide varient consid\u00e9rablement selon les r\u00e9gions, les pays, les facteurs socio-culturels (c\u2019est-\u00e0-dire les femmes vivant dans <a href=\"https:\/\/www.humanium.org\/fr\/enfants-dans-la-guerre\/\">des zones de conflits arm\u00e9s <\/a>avec des enfants, les femmes migrantes et les jeunes femmes) (Shalhboub-Kervorkian &amp; Daher-Nasif, 2013). Par exemple, dans certaines r\u00e9gions indiennes, les querelles entre les membres d\u2019une famille et la dot sont les principaux facteurs conduisant aux meurtres planifi\u00e9s des jeunes mari\u00e9s lorsque la dot n\u2019est pas honor\u00e9e (Toprak &amp; Ersoy 2017).<\/p>\n\n\n\n<h2 class=\"wp-block-heading\"><strong>Am\u00e9rique centrale<\/strong><\/h2>\n\n\n\n<p class=\"wp-block-paragraph\">Dans son travail sur la violence f\u00e9minine au <a href=\"https:\/\/www.humanium.org\/fr\/guatemala\/\">Guatemala<\/a>, Godoy-Paiz (2012) souligne que les violences et les crimes sexistes sont \u00e0 un niveau record dans la r\u00e9gion d\u2019Am\u00e9rique centrale. M\u00eame si plusieurs facteurs peuvent expliquer ce taux \u00e9lev\u00e9, la principale raison \u00e9lucidant celui-ci reste les multiples r\u00e9formes d\u00e9mocratiques et juridiques mises en place au cours de ces derni\u00e8res d\u00e9cennies en Am\u00e9rique Latine. Ces r\u00e9formes ont entrain\u00e9 une augmentation de la violence politique, des taux d\u2019homicides, des activit\u00e9s violentes des gangs, des crimes organis\u00e9s et des meurtres commis contre les femmes et les enfants (Godoy-Paiz, 2012&nbsp;; Otero, 2008). <\/p>\n\n\n\n<div class=\"wp-block-image\"><figure class=\"alignleft size-large is-resized\"><img loading=\"lazy\" decoding=\"async\" src=\"https:\/\/www.humanium.org\/fr\/wp-content\/uploads\/2020\/02\/shutterstock_522815896-1.jpg\" alt=\"\" class=\"wp-image-46549\" width=\"406\" height=\"270\" srcset=\"https:\/\/www.humanium.org\/fr\/wp-content\/uploads\/2020\/02\/shutterstock_522815896-1.jpg 1000w, https:\/\/www.humanium.org\/fr\/wp-content\/uploads\/2020\/02\/shutterstock_522815896-1-300x200.jpg 300w, https:\/\/www.humanium.org\/fr\/wp-content\/uploads\/2020\/02\/shutterstock_522815896-1-768x512.jpg 768w, https:\/\/www.humanium.org\/fr\/wp-content\/uploads\/2020\/02\/shutterstock_522815896-1-830x554.jpg 830w, https:\/\/www.humanium.org\/fr\/wp-content\/uploads\/2020\/02\/shutterstock_522815896-1-230x153.jpg 230w, https:\/\/www.humanium.org\/fr\/wp-content\/uploads\/2020\/02\/shutterstock_522815896-1-350x233.jpg 350w, https:\/\/www.humanium.org\/fr\/wp-content\/uploads\/2020\/02\/shutterstock_522815896-1-480x320.jpg 480w, https:\/\/www.humanium.org\/fr\/wp-content\/uploads\/2020\/02\/shutterstock_522815896-1-272x182.jpg 272w\" sizes=\"auto, (max-width: 406px) 100vw, 406px\" \/><\/figure><\/div>\n\n\n\n<p class=\"wp-block-paragraph\">En&nbsp;Am\u00e9rique centrale, les recherches montrent un niveau de violence f\u00e9minine tr\u00e8s \u00e9lev\u00e9 au <a href=\"https:\/\/www.humanium.org\/fr\/perou\/\">P\u00e9rou<\/a>, au <a href=\"https:\/\/www.humanium.org\/fr\/mexique\/\">Mexique<\/a> et au <a href=\"https:\/\/www.humanium.org\/fr\/guatemala\/\">Guatemala<\/a> (Hernandez, 2018&nbsp;; Godoy-Paiz, 2012). De plus, les chercheurs et les militants constatent des actes uniques \u00e0 Ciudad Juarez, une ville du Mexique qui connait des changements socio-\u00e9conomiques et culturels depuis l\u2019accord de libre-\u00e9change nord-am\u00e9ricain conclu en 1994 (Weissman, 2005). Conjugu\u00e9es aux changements \u00e9conomiques de cette p\u00e9riode, les relations socioculturelles in\u00e9gales ont conduit \u00e0 des conditions de vie particuli\u00e8res avec une expression de la violence \u00e0 l\u2019\u00e9gard des femmes (Pantaleo, 2010). <\/p>\n\n\n\n<p class=\"wp-block-paragraph\">Quant au Guatemala, soci\u00e9t\u00e9 post-guerre avec conflits arm\u00e9s internes qui ont perdur\u00e9 durant trente-six ans, le taux de violence cibl\u00e9e et syst\u00e9matique contre les femmes et les filles a tripl\u00e9 au cours de ces dix derni\u00e8res ann\u00e9es (Godoy-Paiz, 2012). Une reconnaissance internationale des violences faites aux femmes au Guatemala a permis de qualifier cette situation de crise des droits de l\u2019homme n\u00e9cessitant une intervention juridique en raison du taux le plus \u00e9lev\u00e9 de meurtre par habitant au niveau mondial (Godoy-Paiz, 2012). Cependant, en l\u2019absence de <a href=\"https:\/\/www.humanium.org\/fr\/justice\/\">r\u00e9formes juridiques <\/a>li\u00e9 \u00e0 la question des violences sexistes, les chercheurs tel que Godoy-Paiz (2012) souligne l\u2019importance de la mise en place d\u2019un dispositif de r\u00e9ponses politiques pour \u00e9liminer la violence bas\u00e9e sur le genre au Guatemala. <\/p>\n\n\n\n<h2 class=\"wp-block-heading\"><strong>F\u00e9minicide, crime d\u2019honneur en Palestine<\/strong><\/h2>\n\n\n\n<p class=\"wp-block-paragraph\">Le f\u00e9minicide, d\u00e9finit comme une violation fondamentale du <a href=\"https:\/\/www.humanium.org\/fr\/comprendre-droits-enfant\/droit-a-la-vie\/\">droit \u00e0 la vie<\/a>, <a href=\"https:\/\/www.humanium.org\/fr\/comprendre-droits-enfant\/droit-a-la-protection\/\">\u00e0 la s\u00e9curit\u00e9 et \u00e0 la suret\u00e9<\/a>, d\u00e9signe \u00e9galement l\u2019atteinte aux droits humains qui affecte la vie des jeunes filles et des femmes vivant en <a href=\"https:\/\/www.humanium.org\/fr\/palestine\/\">Palestine<\/a>. Selon Shalhboub-Kervorkian et Daher-Nasif (2013), le terme f\u00e9minicide fait r\u00e9f\u00e9rence aux actes de violence commis contre les femmes et les filles au nom de \u00ab&nbsp;l\u2019honneur&nbsp;familiale&nbsp;\u00bb. <\/p>\n\n\n\n<div class=\"wp-block-image\"><figure class=\"alignright size-large is-resized\"><img loading=\"lazy\" decoding=\"async\" src=\"https:\/\/www.humanium.org\/fr\/wp-content\/uploads\/2020\/02\/shutterstock_719734165-1024x683.jpg\" alt=\"\" class=\"wp-image-46550\" width=\"400\" height=\"267\" srcset=\"https:\/\/www.humanium.org\/fr\/wp-content\/uploads\/2020\/02\/shutterstock_719734165-1024x683.jpg 1024w, https:\/\/www.humanium.org\/fr\/wp-content\/uploads\/2020\/02\/shutterstock_719734165-300x200.jpg 300w, https:\/\/www.humanium.org\/fr\/wp-content\/uploads\/2020\/02\/shutterstock_719734165-768x512.jpg 768w, https:\/\/www.humanium.org\/fr\/wp-content\/uploads\/2020\/02\/shutterstock_719734165-1536x1024.jpg 1536w, https:\/\/www.humanium.org\/fr\/wp-content\/uploads\/2020\/02\/shutterstock_719734165-2048x1365.jpg 2048w, https:\/\/www.humanium.org\/fr\/wp-content\/uploads\/2020\/02\/shutterstock_719734165-830x553.jpg 830w, https:\/\/www.humanium.org\/fr\/wp-content\/uploads\/2020\/02\/shutterstock_719734165-230x153.jpg 230w, https:\/\/www.humanium.org\/fr\/wp-content\/uploads\/2020\/02\/shutterstock_719734165-350x233.jpg 350w, https:\/\/www.humanium.org\/fr\/wp-content\/uploads\/2020\/02\/shutterstock_719734165-480x320.jpg 480w, https:\/\/www.humanium.org\/fr\/wp-content\/uploads\/2020\/02\/shutterstock_719734165-272x182.jpg 272w\" sizes=\"auto, (max-width: 400px) 100vw, 400px\" \/><\/figure><\/div>\n\n\n\n<p class=\"wp-block-paragraph\">Cette forme de f\u00e9minicide correspond \u00e0 une planification d\u00e9lib\u00e9r\u00e9e par les membres <a href=\"https:\/\/www.humanium.org\/fr\/comprendre-droits-enfant\/droit-a-la-protection\/\">d\u2019une famille<\/a>, restreinte ou \u00e9largie, d\u2019un acte violant \u00e0 l\u2019\u00e9gard d\u2019une femme, d\u2019une \u00e9pouse ou d\u2019une fille lorsque celle-ci est tenue responsable d\u2019une atteinte \u00e0 l\u2019honneur de la famille en franchissant une fronti\u00e8re sexuelle inappropri\u00e9e (Korteweg, 2012, p. 136). Bien que ces actes soient pr\u00e9sents dans toutes les r\u00e9gions de l\u2019Afrique du Nord, de l\u2019Asie du Sud, de l\u2019Am\u00e9rique latine, et du Moyen-Orient, il convient de noter qu\u2019ils se diff\u00e9rencient dans leur mise en \u0153uvre selon les r\u00e9gions (Korteweg, 2012). <\/p>\n\n\n\n<p class=\"wp-block-paragraph\">Ces syst\u00e8mes bas\u00e9s sur l\u2019honneur sont enracin\u00e9s dans des\nrelations de pouvoir o\u00f9 l\u2019homme met en place des r\u00e8gles \u00e9tablies par un ordre\nsocial patriarcal avec des valeurs, visant ainsi \u00e0 maintenir la r\u00e9putation et\nle statut de la famille dans la communaut\u00e9 (Aujla &amp; Gill, 2014). De cette\nmani\u00e8re, les crimes d\u2019honneur sont une forme complexe de violences faite aux\nfemmes parce qu\u2019ils sont perp\u00e9tr\u00e9s dans un contexte sp\u00e9cifique o\u00f9 les normes\ncomportementales sont remises en question. Ces crimes sont consid\u00e9r\u00e9s comme des\navertissements aux femmes et aux filles de ce qu\u2019elles risqueraient d\u2019endurer si\nelles n\u2019adh\u00e8rent pas aux r\u00e8gles de conduite socialement acceptables. <\/p>\n\n\n\n<h2 class=\"wp-block-heading\"><strong>La voie pour mettre un terme \u00e0 la violence sexiste<\/strong><\/h2>\n\n\n\n<p class=\"wp-block-paragraph\">Plusieurs approches et recommandations ont \u00e9t\u00e9 avanc\u00e9s par l\u2019Organisation mondiale de la sant\u00e9 (WHO, 2012) pour mettre un terme \u00e0 ces actes de violences commis \u00e0 l\u2019encontre des femmes, telles que la restriction de la d\u00e9tention des armes \u00e0 feu, la mise en place de mesures pr\u00e9ventives et de formations adress\u00e9es au corps m\u00e9dicale et aux agents de police. Dans l\u2019accomplissement de sa mission, <a href=\"https:\/\/www.humanium.org\/fr\/qui-sommes-nous\/\">Humanium<\/a> plaide pour une approche globale qui r\u00e9pond directement aux besoins des diff\u00e9rentes populations et s\u2019attaque aux origines des violations des droits de l\u2019homme. <\/p>\n\n\n\n<p class=\"wp-block-paragraph\">Notre approche est une approche participative dans la mesure o\u00f9 nous promouvons l\u2019auto-assistance et l\u2019auto-suffisance avec une participation active des b\u00e9n\u00e9ficiaires au projet et une aide dans la reconnaissance de leurs propres priorit\u00e9s et de leurs besoins. Humanium est actif au sein de 5 r\u00e9gions du Rwanda parmi les 20 avec son projet \u00ab&nbsp;Am\u00e9liorer les droits des enfants au Rwanda&nbsp;\u00bb, un projet qui se donne pour mission de mettre en place un environnement positif et serein pour les enfants en mobilisant la communaut\u00e9 locale. <\/p>\n\n\n\n<p class=\"wp-block-paragraph\">Ce projet vise \u00e0 renforcer et \u00e0 maintenir une r\u00e9silience communautaire et \u00e0 mettre fin \u00e0 un environnement de violence auquel les enfants sont expos\u00e9s. Lors de la mise en place du projet, une attention particuli\u00e8re a \u00e9t\u00e9 port\u00e9 sur l\u2019enracinement de ces probl\u00e9matiques dans un contexte historique de g\u00e9nocide (1994) durant lequel les enfants ont \u00e9t\u00e9 non seulement t\u00e9moins mais \u00e9galement victimes. Celle-ci permet une meilleure compr\u00e9hension du degr\u00e9 de violence \u00e9lev\u00e9, incluant les actes f\u00e9minicides. Il semble important de noter que les parents ayant v\u00e9cu le g\u00e9nocide, ont pu d\u00e9velopper des traumatismes inexprim\u00e9s dont les impacts peuvent persister au sein de leur foyer de fa\u00e7on quotidienne provoquant par la suite des violences domestiques dont les enfants sont les premi\u00e8res victimes. <\/p>\n\n\n\n<figure class=\"wp-block-image size-large\"><img loading=\"lazy\" decoding=\"async\" width=\"1024\" height=\"683\" src=\"https:\/\/www.humanium.org\/fr\/wp-content\/uploads\/2020\/02\/shutterstock_192555539-1024x683.jpg\" alt=\"\" class=\"wp-image-46551\" srcset=\"https:\/\/www.humanium.org\/fr\/wp-content\/uploads\/2020\/02\/shutterstock_192555539-1024x683.jpg 1024w, https:\/\/www.humanium.org\/fr\/wp-content\/uploads\/2020\/02\/shutterstock_192555539-300x200.jpg 300w, https:\/\/www.humanium.org\/fr\/wp-content\/uploads\/2020\/02\/shutterstock_192555539-768x512.jpg 768w, https:\/\/www.humanium.org\/fr\/wp-content\/uploads\/2020\/02\/shutterstock_192555539-1536x1024.jpg 1536w, https:\/\/www.humanium.org\/fr\/wp-content\/uploads\/2020\/02\/shutterstock_192555539-2048x1365.jpg 2048w, https:\/\/www.humanium.org\/fr\/wp-content\/uploads\/2020\/02\/shutterstock_192555539-830x553.jpg 830w, https:\/\/www.humanium.org\/fr\/wp-content\/uploads\/2020\/02\/shutterstock_192555539-230x153.jpg 230w, https:\/\/www.humanium.org\/fr\/wp-content\/uploads\/2020\/02\/shutterstock_192555539-350x233.jpg 350w, https:\/\/www.humanium.org\/fr\/wp-content\/uploads\/2020\/02\/shutterstock_192555539-480x320.jpg 480w, https:\/\/www.humanium.org\/fr\/wp-content\/uploads\/2020\/02\/shutterstock_192555539-272x182.jpg 272w\" sizes=\"auto, (max-width: 1024px) 100vw, 1024px\" \/><\/figure>\n\n\n\n<p class=\"wp-block-paragraph\">Le projet a \u00e9t\u00e9 con\u00e7u dans le but de d\u00e9velopper une r\u00e9flexion autour de la question de la protection infantile et la r\u00e9duction des violences domestiques et des mesures pr\u00e9ventives pr\u00e9conis\u00e9es par l\u2019Organisation mondiale de la sant\u00e9 (WHO, 2012). En outre, ce projet a pour objectif d\u2019am\u00e9liorer non seulement la sant\u00e9 mentale des enfants mais \u00e9galement leur situation g\u00e9n\u00e9rale au sein des communaut\u00e9s locales du Rwanda. En se focalisant sur les d\u00e9fis et les questions locales, et en int\u00e9grant des techniques telles que la mise en place d\u2019ateliers de prise en charge des traumatismes et des exercices de comp\u00e9tences en leadership, c\u2019est avec grand espoir que les projets peuvent am\u00e9liorer les conditions des enfants du futur. <\/p>\n\n\n\n<p class=\"wp-block-paragraph\"><strong><em>Ecrit par Jennifer Prashad <\/em><\/strong><\/p>\n\n\n\n<p class=\"wp-block-paragraph\"><strong><em>Traduit par Gulbahar Ibis<\/em><\/strong><\/p>\n\n\n\n<p class=\"wp-block-paragraph\"><strong><em>Relu par Denis Gingras<\/em><\/strong><\/p>\n\n\n\n<h3 class=\"wp-block-heading\">R\u00e9f\u00e9rences <\/h3>\n\n\n\n<p class=\"has-small-font-size wp-block-paragraph\">Aujla, W. &amp; Gill, A. K. (2014). Conceptualizing \u2018Honour\u2019 Killings in Canada: An Extreme Form of Domestic Violence?\u201d, <em>International Journal of Criminal Justice Sciences<\/em>, <em>9<\/em>(1). <\/p>\n\n\n\n<p class=\"has-small-font-size wp-block-paragraph\">Bunch, Charlotte. (1990). \u201cWomen\u2019s Rights as Human Rights: Toward a Revision of Human Rights\u201d <em>Human Rights Quarterly 12<\/em>(4). <\/p>\n\n\n\n<p class=\"has-small-font-size wp-block-paragraph\">Cullen et al. (2019) \u201cCounting Dead Women in Australia: An In-Depth Case Review of  Femicide\u201d Journal of Family Violence <em>34<\/em>(1). <\/p>\n\n\n\n<p class=\"has-small-font-size wp-block-paragraph\">Godoy-Paiz, P. (2012). \u201c\u2019Not Just \u2018Another Woman:\u2019 Femicide and Representation in Guatemala\u201d Journal of Latin American and Caribbean Anthropology <em>17<\/em>(1). <\/p>\n\n\n\n<p class=\"has-small-font-size wp-block-paragraph\">Henry, Nicola. (2016) \u201cTheorizing Wartime Rape: Deconstructing Gender, Sexuality and Violence\u201d Gender &amp; Society <em>30<\/em>(1). <\/p>\n\n\n\n<p class=\"has-small-font-size wp-block-paragraph\">Hernandez, Wilson. (2018) \u201cViolence with Femicide Risk: Its Effects on Women and Their Children\u201d Journal of Interpersonal Violence <em>00<\/em>(0). <\/p>\n\n\n\n<p class=\"has-small-font-size wp-block-paragraph\">Korteweg, A. (2012). Understanding Honour Killing And Honour-Related Violence in the Immigration Context: Implications for the Legal Profession And Beyond, <em>Canadian Criminal Law Review, 16<\/em>(2).<\/p>\n\n\n\n<p class=\"has-small-font-size wp-block-paragraph\"><a href=\"https:\/\/www.hrw.org\/legacy\/wr2k4\/download\/wr2k4.pdf\" target=\"_blank\" rel=\"noreferrer noopener\" aria-label=\" (opens in a new tab)\">LaShawn R. Jefferson, \u201cIn War as in Peace: Sexual Violence and Women\u2019s Status,\u201d in HRW, <em>World Report 2004: Human Rights Armed Conflict<\/em><\/a>. <\/p>\n\n\n\n<p class=\"has-small-font-size wp-block-paragraph\">Livingston, J (2004). \u201cMurder in Juarez: Gender, Sexual Violence and the Global Assembly Line\u201d <em>Frontiers: A Journal of Women Studies 25<\/em>(1). <\/p>\n\n\n\n<p class=\"has-small-font-size wp-block-paragraph\">Olivera, M. &amp; Furio, V. (2006). \u201cViolencia Femicida: Violence against Women and Mexico\u2019s Structural Crisis\u201d <em>Latin American Perspectives 33<\/em>(2). <\/p>\n\n\n\n<p class=\"has-small-font-size wp-block-paragraph\">Otero, M. (2008). \u201cViolence Against the Women\nof Juarez\u201d <em>Canadian Women Studies 27<\/em>(1).\n<\/p>\n\n\n\n<p class=\"has-small-font-size wp-block-paragraph\">Pantaleo, K. \u201cGendered Violence: An Analysis of the Maquiladora Murders\u201d International <em>Criminal Justice Review 20<\/em>(4). <\/p>\n\n\n\n<p class=\"has-small-font-size wp-block-paragraph\">Roure, J. G. (2011) \u201cGender Justice in Puerto Rico: Domestic Violence, Legal Reform, and the Use of International Human Rights Principles\u201d <em>Human Rights Quarterly 33<\/em>(3).<\/p>\n\n\n\n<p class=\"has-small-font-size wp-block-paragraph\">Schmidt, A. (2005).&nbsp; \u201cCiudadana X: Gender Violence and the Denationalization of Women\u2019s Rights in Ciudad, Mexico\u2019 <em>The New Centennial Review 5<\/em>(1).<\/p>\n\n\n\n<p class=\"has-small-font-size wp-block-paragraph\">Toprak, Sadik &amp; Ersoy, Gokhan (2017). \u201cFemicide in Turkey between 2000 and 2010\u201d PLOS ONE 12(8). <\/p>\n\n\n\n<p class=\"has-small-font-size wp-block-paragraph\">Weissman, D. (2005). \u201cThe Political Economy of Violence: Toward an Understanding of the Gender-Based Murders of Ciudad Jarez\u201d North Carolina Journal of International Law and Commercial Regulation<em> 30<\/em>(795). <\/p>\n\n\n\n<p class=\"has-small-font-size wp-block-paragraph\"><a href=\"https:\/\/apps.who.int\/iris\/handle\/10665\/77433\" target=\"_blank\" rel=\"noreferrer noopener\" aria-label=\" (opens in a new tab)\">World Health Organization&nbsp;&amp;&nbsp;Pan American Health Organization.&nbsp;(\u200e2012)\u200e.&nbsp;Understanding and addressing violence against women: Overview.&nbsp;World Health Organization.<\/a><\/p>\n","protected":false},"excerpt":{"rendered":"<p>Qu\u2019est-ce que le f\u00e9minicide et quel impact sur les filles&nbsp;? Le f\u00e9minicide est une violation g\u00e9n\u00e9ralis\u00e9e des droits humains des femmes et des filles (Cullen et al, 2019). En tant que violence du genre, il peut \u00eatre d\u00e9fini comme tout acte de meurtre commis contre des femmes et des filles, de mani\u00e8re intentionnelle ou non, [&hellip;]<\/p>\n","protected":false},"author":69,"featured_media":46546,"comment_status":"closed","ping_status":"closed","sticky":false,"template":"","format":"standard","meta":{"footnotes":""},"categories":[220,4,229,10,214],"tags":[],"class_list":["post-46545","post","type-post","status-publish","format-standard","has-post-thumbnail","hentry","category-droits-des-enfants","category-droits-humains","category-liberte","category-sante","category-violence"],"yoast_head":"<!-- This site is optimized with the Yoast SEO plugin v28.3 - https:\/\/yoast.com\/product\/yoast-seo-wordpress\/ -->\n<title>F\u00e9minicide dans une perspective globale - Humanium<\/title>\n<meta name=\"description\" content=\"En tant que violence du genre, le f\u00e9minicide peut \u00eatre d\u00e9fini comme tout acte de meurtre commis contre des femmes et des filles, de mani\u00e8re intentionnelle ou non, qu\u2019il soit r\u00e9alis\u00e9 \u00e0 l\u2019int\u00e9rieur du domicile familial ou non.\" \/>\n<meta name=\"robots\" content=\"index, follow, max-snippet:-1, max-image-preview:large, max-video-preview:-1\" \/>\n<link rel=\"canonical\" href=\"https:\/\/www.humanium.org\/fr\/feminicide-dans-une-perspective-globale\/\" \/>\n<meta property=\"og:locale\" content=\"fr_FR\" \/>\n<meta property=\"og:type\" content=\"article\" \/>\n<meta property=\"og:title\" content=\"F\u00e9minicide dans une perspective globale - Humanium\" \/>\n<meta property=\"og:description\" content=\"En tant que violence du genre, le f\u00e9minicide peut \u00eatre d\u00e9fini comme tout acte de meurtre commis contre des femmes et des filles, de mani\u00e8re intentionnelle ou non, qu\u2019il soit r\u00e9alis\u00e9 \u00e0 l\u2019int\u00e9rieur du domicile familial ou non.\" \/>\n<meta property=\"og:url\" content=\"https:\/\/www.humanium.org\/fr\/feminicide-dans-une-perspective-globale\/\" \/>\n<meta property=\"og:site_name\" content=\"Humanium\" \/>\n<meta property=\"article:published_time\" content=\"2020-02-18T16:49:25+00:00\" \/>\n<meta property=\"article:modified_time\" content=\"2025-12-10T02:54:31+00:00\" \/>\n<meta property=\"og:image\" content=\"https:\/\/www.humanium.org\/fr\/wp-content\/uploads\/2020\/02\/shutterstock_1351680092-scaled.jpg\" \/>\n\t<meta property=\"og:image:width\" content=\"2560\" \/>\n\t<meta property=\"og:image:height\" content=\"1709\" \/>\n\t<meta property=\"og:image:type\" content=\"image\/jpeg\" \/>\n<meta name=\"author\" content=\"Humanium\" \/>\n<meta name=\"twitter:card\" content=\"summary_large_image\" \/>\n<meta name=\"twitter:label1\" content=\"\u00c9crit par\" \/>\n\t<meta name=\"twitter:data1\" content=\"Humanium\" \/>\n\t<meta name=\"twitter:label2\" content=\"Dur\u00e9e de lecture estim\u00e9e\" \/>\n\t<meta name=\"twitter:data2\" content=\"11 minutes\" \/>\n<script type=\"application\/ld+json\" class=\"yoast-schema-graph\">{\"@context\":\"https:\\\/\\\/schema.org\",\"@graph\":[{\"@type\":\"Article\",\"@id\":\"https:\\\/\\\/www.humanium.org\\\/fr\\\/feminicide-dans-une-perspective-globale\\\/#article\",\"isPartOf\":{\"@id\":\"https:\\\/\\\/www.humanium.org\\\/fr\\\/feminicide-dans-une-perspective-globale\\\/\"},\"author\":{\"name\":\"Humanium\",\"@id\":\"https:\\\/\\\/www.humanium.org\\\/fr\\\/#\\\/schema\\\/person\\\/d798d6c7d59ba2307e0877f61a20ce3e\"},\"headline\":\"F\u00e9minicide dans une perspective globale\",\"datePublished\":\"2020-02-18T16:49:25+00:00\",\"dateModified\":\"2025-12-10T02:54:31+00:00\",\"mainEntityOfPage\":{\"@id\":\"https:\\\/\\\/www.humanium.org\\\/fr\\\/feminicide-dans-une-perspective-globale\\\/\"},\"wordCount\":2140,\"image\":{\"@id\":\"https:\\\/\\\/www.humanium.org\\\/fr\\\/feminicide-dans-une-perspective-globale\\\/#primaryimage\"},\"thumbnailUrl\":\"https:\\\/\\\/www.humanium.org\\\/fr\\\/wp-content\\\/uploads\\\/2020\\\/02\\\/shutterstock_1351680092-scaled.jpg\",\"articleSection\":[\"Droits des enfants\",\"Droits humains\",\"Libert\u00e9\",\"Sant\u00e9\",\"violence\"],\"inLanguage\":\"fr-FR\"},{\"@type\":\"WebPage\",\"@id\":\"https:\\\/\\\/www.humanium.org\\\/fr\\\/feminicide-dans-une-perspective-globale\\\/\",\"url\":\"https:\\\/\\\/www.humanium.org\\\/fr\\\/feminicide-dans-une-perspective-globale\\\/\",\"name\":\"F\u00e9minicide dans une perspective globale - Humanium\",\"isPartOf\":{\"@id\":\"https:\\\/\\\/www.humanium.org\\\/fr\\\/#website\"},\"primaryImageOfPage\":{\"@id\":\"https:\\\/\\\/www.humanium.org\\\/fr\\\/feminicide-dans-une-perspective-globale\\\/#primaryimage\"},\"image\":{\"@id\":\"https:\\\/\\\/www.humanium.org\\\/fr\\\/feminicide-dans-une-perspective-globale\\\/#primaryimage\"},\"thumbnailUrl\":\"https:\\\/\\\/www.humanium.org\\\/fr\\\/wp-content\\\/uploads\\\/2020\\\/02\\\/shutterstock_1351680092-scaled.jpg\",\"datePublished\":\"2020-02-18T16:49:25+00:00\",\"dateModified\":\"2025-12-10T02:54:31+00:00\",\"author\":{\"@id\":\"https:\\\/\\\/www.humanium.org\\\/fr\\\/#\\\/schema\\\/person\\\/d798d6c7d59ba2307e0877f61a20ce3e\"},\"description\":\"En tant que violence du genre, le f\u00e9minicide peut \u00eatre d\u00e9fini comme tout acte de meurtre commis contre des femmes et des filles, de mani\u00e8re intentionnelle ou non, qu\u2019il soit r\u00e9alis\u00e9 \u00e0 l\u2019int\u00e9rieur du domicile familial ou non.\",\"breadcrumb\":{\"@id\":\"https:\\\/\\\/www.humanium.org\\\/fr\\\/feminicide-dans-une-perspective-globale\\\/#breadcrumb\"},\"inLanguage\":\"fr-FR\",\"potentialAction\":[{\"@type\":\"ReadAction\",\"target\":[\"https:\\\/\\\/www.humanium.org\\\/fr\\\/feminicide-dans-une-perspective-globale\\\/\"]}]},{\"@type\":\"ImageObject\",\"inLanguage\":\"fr-FR\",\"@id\":\"https:\\\/\\\/www.humanium.org\\\/fr\\\/feminicide-dans-une-perspective-globale\\\/#primaryimage\",\"url\":\"https:\\\/\\\/www.humanium.org\\\/fr\\\/wp-content\\\/uploads\\\/2020\\\/02\\\/shutterstock_1351680092-scaled.jpg\",\"contentUrl\":\"https:\\\/\\\/www.humanium.org\\\/fr\\\/wp-content\\\/uploads\\\/2020\\\/02\\\/shutterstock_1351680092-scaled.jpg\",\"width\":2560,\"height\":1709},{\"@type\":\"BreadcrumbList\",\"@id\":\"https:\\\/\\\/www.humanium.org\\\/fr\\\/feminicide-dans-une-perspective-globale\\\/#breadcrumb\",\"itemListElement\":[{\"@type\":\"ListItem\",\"position\":1,\"name\":\"Home\",\"item\":\"https:\\\/\\\/www.humanium.org\\\/fr\\\/\"},{\"@type\":\"ListItem\",\"position\":2,\"name\":\"F\u00e9minicide dans une perspective globale\"}]},{\"@type\":\"WebSite\",\"@id\":\"https:\\\/\\\/www.humanium.org\\\/fr\\\/#website\",\"url\":\"https:\\\/\\\/www.humanium.org\\\/fr\\\/\",\"name\":\"Humanium\",\"description\":\"Les enfants d\u2019abord !\",\"potentialAction\":[{\"@type\":\"SearchAction\",\"target\":{\"@type\":\"EntryPoint\",\"urlTemplate\":\"https:\\\/\\\/www.humanium.org\\\/fr\\\/?s={search_term_string}\"},\"query-input\":{\"@type\":\"PropertyValueSpecification\",\"valueRequired\":true,\"valueName\":\"search_term_string\"}}],\"inLanguage\":\"fr-FR\"},{\"@type\":\"Person\",\"@id\":\"https:\\\/\\\/www.humanium.org\\\/fr\\\/#\\\/schema\\\/person\\\/d798d6c7d59ba2307e0877f61a20ce3e\",\"name\":\"Humanium\",\"image\":{\"@type\":\"ImageObject\",\"inLanguage\":\"fr-FR\",\"@id\":\"https:\\\/\\\/secure.gravatar.com\\\/avatar\\\/22715e338d2fcc547e3a431c4738360d33fea2a4af458f865b2c3b22f1eaa51f?s=96&d=mm&r=g\",\"url\":\"https:\\\/\\\/secure.gravatar.com\\\/avatar\\\/22715e338d2fcc547e3a431c4738360d33fea2a4af458f865b2c3b22f1eaa51f?s=96&d=mm&r=g\",\"contentUrl\":\"https:\\\/\\\/secure.gravatar.com\\\/avatar\\\/22715e338d2fcc547e3a431c4738360d33fea2a4af458f865b2c3b22f1eaa51f?s=96&d=mm&r=g\",\"caption\":\"Humanium\"},\"url\":\"https:\\\/\\\/www.humanium.org\\\/fr\\\/author\\\/humanium\\\/\"}]}<\/script>\n<!-- \/ Yoast SEO plugin. -->","yoast_head_json":{"title":"F\u00e9minicide dans une perspective globale - Humanium","description":"En tant que violence du genre, le f\u00e9minicide peut \u00eatre d\u00e9fini comme tout acte de meurtre commis contre des femmes et des filles, de mani\u00e8re intentionnelle ou non, qu\u2019il soit r\u00e9alis\u00e9 \u00e0 l\u2019int\u00e9rieur du domicile familial ou non.","robots":{"index":"index","follow":"follow","max-snippet":"max-snippet:-1","max-image-preview":"max-image-preview:large","max-video-preview":"max-video-preview:-1"},"canonical":"https:\/\/www.humanium.org\/fr\/feminicide-dans-une-perspective-globale\/","og_locale":"fr_FR","og_type":"article","og_title":"F\u00e9minicide dans une perspective globale - Humanium","og_description":"En tant que violence du genre, le f\u00e9minicide peut \u00eatre d\u00e9fini comme tout acte de meurtre commis contre des femmes et des filles, de mani\u00e8re intentionnelle ou non, qu\u2019il soit r\u00e9alis\u00e9 \u00e0 l\u2019int\u00e9rieur du domicile familial ou non.","og_url":"https:\/\/www.humanium.org\/fr\/feminicide-dans-une-perspective-globale\/","og_site_name":"Humanium","article_published_time":"2020-02-18T16:49:25+00:00","article_modified_time":"2025-12-10T02:54:31+00:00","og_image":[{"width":2560,"height":1709,"url":"https:\/\/www.humanium.org\/fr\/wp-content\/uploads\/2020\/02\/shutterstock_1351680092-scaled.jpg","type":"image\/jpeg"}],"author":"Humanium","twitter_card":"summary_large_image","twitter_misc":{"\u00c9crit par":"Humanium","Dur\u00e9e de lecture estim\u00e9e":"11 minutes"},"schema":{"@context":"https:\/\/schema.org","@graph":[{"@type":"Article","@id":"https:\/\/www.humanium.org\/fr\/feminicide-dans-une-perspective-globale\/#article","isPartOf":{"@id":"https:\/\/www.humanium.org\/fr\/feminicide-dans-une-perspective-globale\/"},"author":{"name":"Humanium","@id":"https:\/\/www.humanium.org\/fr\/#\/schema\/person\/d798d6c7d59ba2307e0877f61a20ce3e"},"headline":"F\u00e9minicide dans une perspective globale","datePublished":"2020-02-18T16:49:25+00:00","dateModified":"2025-12-10T02:54:31+00:00","mainEntityOfPage":{"@id":"https:\/\/www.humanium.org\/fr\/feminicide-dans-une-perspective-globale\/"},"wordCount":2140,"image":{"@id":"https:\/\/www.humanium.org\/fr\/feminicide-dans-une-perspective-globale\/#primaryimage"},"thumbnailUrl":"https:\/\/www.humanium.org\/fr\/wp-content\/uploads\/2020\/02\/shutterstock_1351680092-scaled.jpg","articleSection":["Droits des enfants","Droits humains","Libert\u00e9","Sant\u00e9","violence"],"inLanguage":"fr-FR"},{"@type":"WebPage","@id":"https:\/\/www.humanium.org\/fr\/feminicide-dans-une-perspective-globale\/","url":"https:\/\/www.humanium.org\/fr\/feminicide-dans-une-perspective-globale\/","name":"F\u00e9minicide dans une perspective globale - Humanium","isPartOf":{"@id":"https:\/\/www.humanium.org\/fr\/#website"},"primaryImageOfPage":{"@id":"https:\/\/www.humanium.org\/fr\/feminicide-dans-une-perspective-globale\/#primaryimage"},"image":{"@id":"https:\/\/www.humanium.org\/fr\/feminicide-dans-une-perspective-globale\/#primaryimage"},"thumbnailUrl":"https:\/\/www.humanium.org\/fr\/wp-content\/uploads\/2020\/02\/shutterstock_1351680092-scaled.jpg","datePublished":"2020-02-18T16:49:25+00:00","dateModified":"2025-12-10T02:54:31+00:00","author":{"@id":"https:\/\/www.humanium.org\/fr\/#\/schema\/person\/d798d6c7d59ba2307e0877f61a20ce3e"},"description":"En tant que violence du genre, le f\u00e9minicide peut \u00eatre d\u00e9fini comme tout acte de meurtre commis contre des femmes et des filles, de mani\u00e8re intentionnelle ou non, qu\u2019il soit r\u00e9alis\u00e9 \u00e0 l\u2019int\u00e9rieur du domicile familial ou non.","breadcrumb":{"@id":"https:\/\/www.humanium.org\/fr\/feminicide-dans-une-perspective-globale\/#breadcrumb"},"inLanguage":"fr-FR","potentialAction":[{"@type":"ReadAction","target":["https:\/\/www.humanium.org\/fr\/feminicide-dans-une-perspective-globale\/"]}]},{"@type":"ImageObject","inLanguage":"fr-FR","@id":"https:\/\/www.humanium.org\/fr\/feminicide-dans-une-perspective-globale\/#primaryimage","url":"https:\/\/www.humanium.org\/fr\/wp-content\/uploads\/2020\/02\/shutterstock_1351680092-scaled.jpg","contentUrl":"https:\/\/www.humanium.org\/fr\/wp-content\/uploads\/2020\/02\/shutterstock_1351680092-scaled.jpg","width":2560,"height":1709},{"@type":"BreadcrumbList","@id":"https:\/\/www.humanium.org\/fr\/feminicide-dans-une-perspective-globale\/#breadcrumb","itemListElement":[{"@type":"ListItem","position":1,"name":"Home","item":"https:\/\/www.humanium.org\/fr\/"},{"@type":"ListItem","position":2,"name":"F\u00e9minicide dans une perspective globale"}]},{"@type":"WebSite","@id":"https:\/\/www.humanium.org\/fr\/#website","url":"https:\/\/www.humanium.org\/fr\/","name":"Humanium","description":"Les enfants d\u2019abord !","potentialAction":[{"@type":"SearchAction","target":{"@type":"EntryPoint","urlTemplate":"https:\/\/www.humanium.org\/fr\/?s={search_term_string}"},"query-input":{"@type":"PropertyValueSpecification","valueRequired":true,"valueName":"search_term_string"}}],"inLanguage":"fr-FR"},{"@type":"Person","@id":"https:\/\/www.humanium.org\/fr\/#\/schema\/person\/d798d6c7d59ba2307e0877f61a20ce3e","name":"Humanium","image":{"@type":"ImageObject","inLanguage":"fr-FR","@id":"https:\/\/secure.gravatar.com\/avatar\/22715e338d2fcc547e3a431c4738360d33fea2a4af458f865b2c3b22f1eaa51f?s=96&d=mm&r=g","url":"https:\/\/secure.gravatar.com\/avatar\/22715e338d2fcc547e3a431c4738360d33fea2a4af458f865b2c3b22f1eaa51f?s=96&d=mm&r=g","contentUrl":"https:\/\/secure.gravatar.com\/avatar\/22715e338d2fcc547e3a431c4738360d33fea2a4af458f865b2c3b22f1eaa51f?s=96&d=mm&r=g","caption":"Humanium"},"url":"https:\/\/www.humanium.org\/fr\/author\/humanium\/"}]}},"_links":{"self":[{"href":"https:\/\/www.humanium.org\/fr\/wp-json\/wp\/v2\/posts\/46545","targetHints":{"allow":["GET"]}}],"collection":[{"href":"https:\/\/www.humanium.org\/fr\/wp-json\/wp\/v2\/posts"}],"about":[{"href":"https:\/\/www.humanium.org\/fr\/wp-json\/wp\/v2\/types\/post"}],"author":[{"embeddable":true,"href":"https:\/\/www.humanium.org\/fr\/wp-json\/wp\/v2\/users\/69"}],"replies":[{"embeddable":true,"href":"https:\/\/www.humanium.org\/fr\/wp-json\/wp\/v2\/comments?post=46545"}],"version-history":[{"count":10,"href":"https:\/\/www.humanium.org\/fr\/wp-json\/wp\/v2\/posts\/46545\/revisions"}],"predecessor-version":[{"id":61327,"href":"https:\/\/www.humanium.org\/fr\/wp-json\/wp\/v2\/posts\/46545\/revisions\/61327"}],"wp:featuredmedia":[{"embeddable":true,"href":"https:\/\/www.humanium.org\/fr\/wp-json\/wp\/v2\/media\/46546"}],"wp:attachment":[{"href":"https:\/\/www.humanium.org\/fr\/wp-json\/wp\/v2\/media?parent=46545"}],"wp:term":[{"taxonomy":"category","embeddable":true,"href":"https:\/\/www.humanium.org\/fr\/wp-json\/wp\/v2\/categories?post=46545"},{"taxonomy":"post_tag","embeddable":true,"href":"https:\/\/www.humanium.org\/fr\/wp-json\/wp\/v2\/tags?post=46545"}],"curies":[{"name":"wp","href":"https:\/\/api.w.org\/{rel}","templated":true}]}}